{"id":8527,"date":"2025-08-20T17:49:30","date_gmt":"2025-08-20T15:49:30","guid":{"rendered":"https:\/\/nordnesrepublikken.no\/index.php\/2025\/08\/20\/arpa-campania-bekrefter-fravaeret-av-dioksiner-i-luften\/"},"modified":"2025-08-20T17:49:31","modified_gmt":"2025-08-20T15:49:31","slug":"arpa-campania-bekrefter-fravaeret-av-dioksiner-i-luften","status":"publish","type":"post","link":"https:\/\/nordnesrepublikken.no\/index.php\/2025\/08\/20\/arpa-campania-bekrefter-fravaeret-av-dioksiner-i-luften\/","title":{"rendered":"Arpa Campania bekrefter frav\u00e6ret av dioksiner i luften"},"content":{"rendered":"<div>\n<div class=\"cp_wrapper cp_wrapper--fw mb-30 mb-20@tablet\">\n<figure class=\"mm\"><picture class=\"img\" style=\"padding-top:56.25%\"><source  media=\"(min-width: 1024px)\"><source  media=\"(min-width: 768px)\"><\/source><\/source><\/picture><\/figure>\n<\/p><\/div>\n<p>DE&#8217;<strong>Arpa Campania<\/strong> bekreftet frav\u00e6ret av <strong>dioksiner<\/strong> og andre <strong>forurensninger<\/strong> i luften etter det voldelige <strong>ild<\/strong> brutt ut 16. august i anlegget av <strong>Plast og gummiaktig avfall<\/strong> En Teano (EC) administrert av Campania Energia Company. Den andre syklusen av <strong>Overv\u00e5king<\/strong>Faktisk, i atmosf\u00e6ren, en konsentrasjon av dioksiner, furani og polyklorobfeniler mindre enn referansegrensene har registrert i atmosf\u00e6ren.<\/p>\n<p>Imidlertid hadde en dioksinverdi av ARPA 19. august blitt rapportert lik <strong>0,27 pg\/nm<sup>3<\/sup> I-TEQ<\/strong>h\u00f8yere enn grensen for <strong>0,15 pg\/nm<sup>3<\/sup> I-TEQ<\/strong>: Det er derfor mulig at konsentrasjonen av luftforurensninger ogs\u00e5 har g\u00e5tt ned takket v\u00e6re nedb\u00f8ren i de siste timene.<\/p>\n<p>\u00c5rsakene til brannen er imidlertid enn\u00e5 ikke avklart: flammene har p\u00e5virket et omr\u00e5de av<strong> 40 000 kvadratmeter<\/strong>. I f\u00f8lge den siste oppdateringen som ble publisert i g\u00e5r, 19. august, er to team av brannmenn fremdeles til stede p\u00e5 nettstedet, som driver med driften av <strong>gjenvinning<\/strong>i hele det brente materialet og i <strong>riving<\/strong> Strukturen kollapset p\u00e5 grunn av flammene.<\/p>\n<div class=\"cp_wrapper cp_wrapper--fw mb-50\">\n<figure class=\"mm\"><picture class=\"img\" style=\"padding-top:56.25%\"><source  media=\"(min-width: 1024px)\"><source  media=\"(min-width: 768px)\"><img decoding=\"async\" loading=\"lazy\" src=\"https:\/\/nordnesrepublikken.no\/wp-content\/uploads\/2025\/08\/1755704970_438_Arpa-Campania-bekrefter-fravaeret-av-dioksiner-i-luften.jpg\" alt=\"Fire-Taano-Vigili-Del-Fecoco\" width=\"1280\" height=\"720\"><\/source><\/source><\/picture><\/figure>\n<\/p><\/div>\n<p>For i ettermiddag, et m\u00f8te med <strong>ordf\u00f8rere<\/strong> av alle kommunene som n\u00e6rmer seg brannomr\u00e5det, fra <strong>Caianello i Teano, <\/strong>\u00e5 delta i arbeidet med milj\u00f8kommisjonen. S\u00e5 la oss se detaljert innholdet i ARPA Campania Bulletin og hvorfor denne brannen har vekket s\u00e5 mye <strong>bekymre<\/strong> i lokalbefolkningen.<\/p>\n<h2>Hva Arpa Campania Bulletin p\u00e5 b\u00e5let i avfallsanlegget i Teano sier<\/h2>\n<p>Som allerede nevnt, i Bulletin utgitt av Arpa Campania 19. august, summen av <strong>dioksiner<\/strong>Furani og polyclorobifenili dioksin-similer spredt i atmosf\u00e6ren var lik <strong>0,27 pg\/nm3 i-teq, <\/strong>Derfor h\u00f8yere enn referanseverdien (dvs. 0,15 pg\/nm3 I-TEQ). Denne f\u00f8rste pr\u00f8vetakingen ble utf\u00f8rt i <strong>timer<\/strong> <strong>umiddelbart etter<\/strong> Ved brannen, mellom natten til 16 og den 17. august.<\/p>\n<p>Den andre pr\u00f8vetakingen, laget mellom kvelden 17 og den 18. august, bekreftet i stedet<strong>frav\u00e6r av dioksiner utover grenseverdiene.<\/strong> Samtidig ogs\u00e5 tilstedev\u00e6relsen av <strong>forurensninger<\/strong> (Nitrogenoksider, karbonmonoksid, ozon, benzen, toluen, meta- og para-xilen, fint st\u00f8v inkludert PM10 og PM2.5) ble funnet<strong> lavere enn parametrene <\/strong>Maksimum fastsatt ved lov.<\/p>\n<p>For \u00e5 senke disse konsentrasjonene kunne derfor ha v\u00e6rt <strong>Nedb\u00f8r<\/strong> Av de siste timene: I s\u00e5 fall vil det v\u00e6re ARPAs oppgave \u00e5 fastsl\u00e5 om regnet kan ha flyttet slike milj\u00f8gifter fra luften til bakken.<\/p>\n<p>For \u00e5 utf\u00f8re m\u00e5lingene har ARPA Campania installert en<strong> Mobillaboratorium<\/strong> I det urbane sentrum av Riardo (CE), omtrent 4 km fra brannstedet, mens den faste stasjonen n\u00e6rmest brannstedet var sparanise.<\/p>\n<h2>Befolkningens bekymringer om sikkerheten til avfallsavsetningen<\/h2>\n<p>Brannen i Teano avfallsanlegg, administrert av selskapet <strong>Campania Energia<\/strong>vakte straks sterke bekymringer i lokalbefolkningen, ogs\u00e5 p\u00e5 grunn av komplekset <strong>rettslig aff\u00e6re<\/strong> ang\u00e5ende depositum, som begynte i 2018 med beslagleggelsen av fabrikken av Carabinieri og fortsatte i \u00e5rene etter etter TAR, har statsr\u00e5d og regionalt r\u00e5d i Campania <strong>nektet<\/strong> til selskapet The Company<strong>autorisasjon<\/strong> unik for styringen av innskuddet.<\/p>\n<p>Men derfor, gitt historienes kompleksitet, er det guder <strong>Helserisiko<\/strong> av befolkningen? <strong>Ingen<\/strong>for \u00f8yeblikket ser det ikke ut til \u00e5 v\u00e6re slik: de eneste <strong>Offisielle data<\/strong> (og derfor er de mest p\u00e5litelige) de som er utstedt av ARPA Campania, for det andre som situasjonen burde v\u00e6rt fullt ut av<strong>frav\u00e6r av milj\u00f8gifter<\/strong> i luften.<\/p>\n<p>Som en forholdsregel har ordf\u00f8reren i Teano gitt ut en ordinans der den forbyr bruk av klimaanlegg med inngang av ekstern luft, samt innsamling og forbruk av gr\u00f8nnsaker og frukt dyrket i omr\u00e5dene som omgir brannen.<\/p>\n<\/p><\/div>\n","protected":false},"excerpt":{"rendered":"<p>DE&#8217;Arpa Campania bekreftet frav\u00e6ret av dioksiner og andre forurensninger i luften etter det voldelige ild<\/p>\n","protected":false},"author":1,"featured_media":8528,"comment_status":"closed","ping_status":"open","sticky":false,"template":"","format":"standard","meta":{"footnotes":""},"categories":[26],"tags":[3401,1415,879,4315,5591,3946],"class_list":["post-8527","post","type-post","status-publish","format-standard","has-post-thumbnail","hentry","category-miljo","tag-arpa","tag-bekrefter","tag-campania","tag-dioksiner","tag-fravaeret","tag-luften","generate-columns","tablet-grid-50","mobile-grid-100","grid-parent","grid-33","resize-featured-image"],"yoast_head":"<!-- This site is optimized with the Yoast SEO plugin v24.4 - https:\/\/yoast.com\/wordpress\/plugins\/seo\/ -->\n<title>Arpa Campania bekrefter frav\u00e6ret av dioksiner i luften - Nordnesrepublikken<\/title>\n<meta name=\"robots\" content=\"index, follow, max-snippet:-1, max-image-preview:large, max-video-preview:-1\" \/>\n<link rel=\"canonical\" href=\"https:\/\/nordnesrepublikken.no\/index.php\/2025\/08\/20\/arpa-campania-bekrefter-fravaeret-av-dioksiner-i-luften\/\" \/>\n<meta property=\"og:locale\" content=\"nb_NO\" \/>\n<meta property=\"og:type\" content=\"article\" \/>\n<meta property=\"og:title\" content=\"Arpa Campania bekrefter frav\u00e6ret av dioksiner i luften - Nordnesrepublikken\" \/>\n<meta property=\"og:description\" content=\"DE&#8217;Arpa Campania bekreftet frav\u00e6ret av dioksiner og andre forurensninger i luften etter det voldelige ild\" \/>\n<meta property=\"og:url\" content=\"https:\/\/nordnesrepublikken.no\/index.php\/2025\/08\/20\/arpa-campania-bekrefter-fravaeret-av-dioksiner-i-luften\/\" \/>\n<meta property=\"og:site_name\" content=\"Nordnesrepublikken\" \/>\n<meta property=\"article:published_time\" content=\"2025-08-20T15:49:30+00:00\" \/>\n<meta property=\"article:modified_time\" content=\"2025-08-20T15:49:31+00:00\" \/>\n<meta property=\"og:image\" content=\"https:\/\/nordnesrepublikken.no\/wp-content\/uploads\/2025\/08\/1755704971_Arpa-Campania-bekrefter-fravaeret-av-dioksiner-i-luften.jpg\" \/>\n\t<meta property=\"og:image:width\" content=\"540\" \/>\n\t<meta property=\"og:image:height\" content=\"361\" \/>\n\t<meta property=\"og:image:type\" content=\"image\/jpeg\" \/>\n<meta name=\"author\" content=\"Ole Andersen\" \/>\n<meta name=\"twitter:card\" content=\"summary_large_image\" \/>\n<meta name=\"twitter:label1\" content=\"Skrevet av\" \/>\n\t<meta name=\"twitter:data1\" content=\"Ole Andersen\" \/>\n\t<meta name=\"twitter:label2\" content=\"Ansl. lesetid\" \/>\n\t<meta name=\"twitter:data2\" content=\"3 minutter\" \/>\n<script type=\"application\/ld+json\" class=\"yoast-schema-graph\">{\"@context\":\"https:\/\/schema.org\",\"@graph\":[{\"@type\":\"Article\",\"@id\":\"https:\/\/nordnesrepublikken.no\/index.php\/2025\/08\/20\/arpa-campania-bekrefter-fravaeret-av-dioksiner-i-luften\/#article\",\"isPartOf\":{\"@id\":\"https:\/\/nordnesrepublikken.no\/index.php\/2025\/08\/20\/arpa-campania-bekrefter-fravaeret-av-dioksiner-i-luften\/\"},\"author\":{\"name\":\"Ole Andersen\",\"@id\":\"https:\/\/nordnesrepublikken.no\/#\/schema\/person\/2e7e81935bab77882fffb79296240ff1\"},\"headline\":\"Arpa Campania bekrefter frav\u00e6ret av dioksiner i luften\",\"datePublished\":\"2025-08-20T15:49:30+00:00\",\"dateModified\":\"2025-08-20T15:49:31+00:00\",\"mainEntityOfPage\":{\"@id\":\"https:\/\/nordnesrepublikken.no\/index.php\/2025\/08\/20\/arpa-campania-bekrefter-fravaeret-av-dioksiner-i-luften\/\"},\"wordCount\":561,\"publisher\":{\"@id\":\"https:\/\/nordnesrepublikken.no\/#organization\"},\"image\":{\"@id\":\"https:\/\/nordnesrepublikken.no\/index.php\/2025\/08\/20\/arpa-campania-bekrefter-fravaeret-av-dioksiner-i-luften\/#primaryimage\"},\"thumbnailUrl\":\"https:\/\/nordnesrepublikken.no\/wp-content\/uploads\/2025\/08\/1755704971_Arpa-Campania-bekrefter-fravaeret-av-dioksiner-i-luften.jpg\",\"keywords\":[\"ARPA\",\"bekrefter\",\"Campania\",\"Dioksiner\",\"frav\u00e6ret\",\"luften\"],\"articleSection\":[\"Milj\u00f8\"],\"inLanguage\":\"nb-NO\"},{\"@type\":\"WebPage\",\"@id\":\"https:\/\/nordnesrepublikken.no\/index.php\/2025\/08\/20\/arpa-campania-bekrefter-fravaeret-av-dioksiner-i-luften\/\",\"url\":\"https:\/\/nordnesrepublikken.no\/index.php\/2025\/08\/20\/arpa-campania-bekrefter-fravaeret-av-dioksiner-i-luften\/\",\"name\":\"Arpa Campania bekrefter frav\u00e6ret av dioksiner i luften - Nordnesrepublikken\",\"isPartOf\":{\"@id\":\"https:\/\/nordnesrepublikken.no\/#website\"},\"primaryImageOfPage\":{\"@id\":\"https:\/\/nordnesrepublikken.no\/index.php\/2025\/08\/20\/arpa-campania-bekrefter-fravaeret-av-dioksiner-i-luften\/#primaryimage\"},\"image\":{\"@id\":\"https:\/\/nordnesrepublikken.no\/index.php\/2025\/08\/20\/arpa-campania-bekrefter-fravaeret-av-dioksiner-i-luften\/#primaryimage\"},\"thumbnailUrl\":\"https:\/\/nordnesrepublikken.no\/wp-content\/uploads\/2025\/08\/1755704971_Arpa-Campania-bekrefter-fravaeret-av-dioksiner-i-luften.jpg\",\"datePublished\":\"2025-08-20T15:49:30+00:00\",\"dateModified\":\"2025-08-20T15:49:31+00:00\",\"breadcrumb\":{\"@id\":\"https:\/\/nordnesrepublikken.no\/index.php\/2025\/08\/20\/arpa-campania-bekrefter-fravaeret-av-dioksiner-i-luften\/#breadcrumb\"},\"inLanguage\":\"nb-NO\",\"potentialAction\":[{\"@type\":\"ReadAction\",\"target\":[\"https:\/\/nordnesrepublikken.no\/index.php\/2025\/08\/20\/arpa-campania-bekrefter-fravaeret-av-dioksiner-i-luften\/\"]}]},{\"@type\":\"ImageObject\",\"inLanguage\":\"nb-NO\",\"@id\":\"https:\/\/nordnesrepublikken.no\/index.php\/2025\/08\/20\/arpa-campania-bekrefter-fravaeret-av-dioksiner-i-luften\/#primaryimage\",\"url\":\"https:\/\/nordnesrepublikken.no\/wp-content\/uploads\/2025\/08\/1755704971_Arpa-Campania-bekrefter-fravaeret-av-dioksiner-i-luften.jpg\",\"contentUrl\":\"https:\/\/nordnesrepublikken.no\/wp-content\/uploads\/2025\/08\/1755704971_Arpa-Campania-bekrefter-fravaeret-av-dioksiner-i-luften.jpg\",\"width\":540,\"height\":361,\"caption\":\"incendio teano\"},{\"@type\":\"BreadcrumbList\",\"@id\":\"https:\/\/nordnesrepublikken.no\/index.php\/2025\/08\/20\/arpa-campania-bekrefter-fravaeret-av-dioksiner-i-luften\/#breadcrumb\",\"itemListElement\":[{\"@type\":\"ListItem\",\"position\":1,\"name\":\"Home\",\"item\":\"https:\/\/nordnesrepublikken.no\/\"},{\"@type\":\"ListItem\",\"position\":2,\"name\":\"Arpa Campania bekrefter frav\u00e6ret av dioksiner i luften\"}]},{\"@type\":\"WebSite\",\"@id\":\"https:\/\/nordnesrepublikken.no\/#website\",\"url\":\"https:\/\/nordnesrepublikken.no\/\",\"name\":\"Nordnesrepublikken\",\"description\":\"Stemmer og Visjoner fra Republikkens Hjerte\",\"publisher\":{\"@id\":\"https:\/\/nordnesrepublikken.no\/#organization\"},\"potentialAction\":[{\"@type\":\"SearchAction\",\"target\":{\"@type\":\"EntryPoint\",\"urlTemplate\":\"https:\/\/nordnesrepublikken.no\/?s={search_term_string}\"},\"query-input\":{\"@type\":\"PropertyValueSpecification\",\"valueRequired\":true,\"valueName\":\"search_term_string\"}}],\"inLanguage\":\"nb-NO\"},{\"@type\":\"Organization\",\"@id\":\"https:\/\/nordnesrepublikken.no\/#organization\",\"name\":\"Nordnesrepublikken\",\"url\":\"https:\/\/nordnesrepublikken.no\/\",\"logo\":{\"@type\":\"ImageObject\",\"inLanguage\":\"nb-NO\",\"@id\":\"https:\/\/nordnesrepublikken.no\/#\/schema\/logo\/image\/\",\"url\":\"https:\/\/nordnesrepublikken.no\/wp-content\/uploads\/2025\/02\/cropped-nordnesrepublikken-2.png\",\"contentUrl\":\"https:\/\/nordnesrepublikken.no\/wp-content\/uploads\/2025\/02\/cropped-nordnesrepublikken-2.png\",\"width\":1248,\"height\":362,\"caption\":\"Nordnesrepublikken\"},\"image\":{\"@id\":\"https:\/\/nordnesrepublikken.no\/#\/schema\/logo\/image\/\"}},{\"@type\":\"Person\",\"@id\":\"https:\/\/nordnesrepublikken.no\/#\/schema\/person\/2e7e81935bab77882fffb79296240ff1\",\"name\":\"Ole Andersen\",\"image\":{\"@type\":\"ImageObject\",\"inLanguage\":\"nb-NO\",\"@id\":\"https:\/\/nordnesrepublikken.no\/#\/schema\/person\/image\/\",\"url\":\"https:\/\/nordnesrepublikken.no\/wp-content\/uploads\/2025\/02\/nordnesrepublikken-2-2-150x150.jpg\",\"contentUrl\":\"https:\/\/nordnesrepublikken.no\/wp-content\/uploads\/2025\/02\/nordnesrepublikken-2-2-150x150.jpg\",\"caption\":\"Ole Andersen\"},\"description\":\"Ettersom jeg vokste opp i Oslo, har jeg alltid v\u00e6rt fascinert av ordenes kraft og deres evne til \u00e5 skape endringer. Etter \u00e5 ha fullf\u00f8rt min utdannelse i kommunikasjon ved Universitetet i Bergen, fikk jeg muligheten til \u00e5 jobbe innen ulike medier, der jeg har s\u00f8kt \u00e5 belyse viktige samfunnssp\u00f8rsm\u00e5l. I dag, som redakt\u00f8r for Nordnesrepublikken, pr\u00f8ver jeg \u00e5 forene min kj\u00e6rlighet for journalistikk med min lidenskap for innovasjon og eventyr.\",\"sameAs\":[\"https:\/\/nordnesrepublikken.no\/\"]}]}<\/script>\n<!-- \/ Yoast SEO plugin. -->","yoast_head_json":{"title":"Arpa Campania bekrefter frav\u00e6ret av dioksiner i luften - Nordnesrepublikken","robots":{"index":"index","follow":"follow","max-snippet":"max-snippet:-1","max-image-preview":"max-image-preview:large","max-video-preview":"max-video-preview:-1"},"canonical":"https:\/\/nordnesrepublikken.no\/index.php\/2025\/08\/20\/arpa-campania-bekrefter-fravaeret-av-dioksiner-i-luften\/","og_locale":"nb_NO","og_type":"article","og_title":"Arpa Campania bekrefter frav\u00e6ret av dioksiner i luften - Nordnesrepublikken","og_description":"DE&#8217;Arpa Campania bekreftet frav\u00e6ret av dioksiner og andre forurensninger i luften etter det voldelige ild","og_url":"https:\/\/nordnesrepublikken.no\/index.php\/2025\/08\/20\/arpa-campania-bekrefter-fravaeret-av-dioksiner-i-luften\/","og_site_name":"Nordnesrepublikken","article_published_time":"2025-08-20T15:49:30+00:00","article_modified_time":"2025-08-20T15:49:31+00:00","og_image":[{"width":540,"height":361,"url":"https:\/\/nordnesrepublikken.no\/wp-content\/uploads\/2025\/08\/1755704971_Arpa-Campania-bekrefter-fravaeret-av-dioksiner-i-luften.jpg","type":"image\/jpeg"}],"author":"Ole Andersen","twitter_card":"summary_large_image","twitter_misc":{"Skrevet av":"Ole Andersen","Ansl. lesetid":"3 minutter"},"schema":{"@context":"https:\/\/schema.org","@graph":[{"@type":"Article","@id":"https:\/\/nordnesrepublikken.no\/index.php\/2025\/08\/20\/arpa-campania-bekrefter-fravaeret-av-dioksiner-i-luften\/#article","isPartOf":{"@id":"https:\/\/nordnesrepublikken.no\/index.php\/2025\/08\/20\/arpa-campania-bekrefter-fravaeret-av-dioksiner-i-luften\/"},"author":{"name":"Ole Andersen","@id":"https:\/\/nordnesrepublikken.no\/#\/schema\/person\/2e7e81935bab77882fffb79296240ff1"},"headline":"Arpa Campania bekrefter frav\u00e6ret av dioksiner i luften","datePublished":"2025-08-20T15:49:30+00:00","dateModified":"2025-08-20T15:49:31+00:00","mainEntityOfPage":{"@id":"https:\/\/nordnesrepublikken.no\/index.php\/2025\/08\/20\/arpa-campania-bekrefter-fravaeret-av-dioksiner-i-luften\/"},"wordCount":561,"publisher":{"@id":"https:\/\/nordnesrepublikken.no\/#organization"},"image":{"@id":"https:\/\/nordnesrepublikken.no\/index.php\/2025\/08\/20\/arpa-campania-bekrefter-fravaeret-av-dioksiner-i-luften\/#primaryimage"},"thumbnailUrl":"https:\/\/nordnesrepublikken.no\/wp-content\/uploads\/2025\/08\/1755704971_Arpa-Campania-bekrefter-fravaeret-av-dioksiner-i-luften.jpg","keywords":["ARPA","bekrefter","Campania","Dioksiner","frav\u00e6ret","luften"],"articleSection":["Milj\u00f8"],"inLanguage":"nb-NO"},{"@type":"WebPage","@id":"https:\/\/nordnesrepublikken.no\/index.php\/2025\/08\/20\/arpa-campania-bekrefter-fravaeret-av-dioksiner-i-luften\/","url":"https:\/\/nordnesrepublikken.no\/index.php\/2025\/08\/20\/arpa-campania-bekrefter-fravaeret-av-dioksiner-i-luften\/","name":"Arpa Campania bekrefter frav\u00e6ret av dioksiner i luften - Nordnesrepublikken","isPartOf":{"@id":"https:\/\/nordnesrepublikken.no\/#website"},"primaryImageOfPage":{"@id":"https:\/\/nordnesrepublikken.no\/index.php\/2025\/08\/20\/arpa-campania-bekrefter-fravaeret-av-dioksiner-i-luften\/#primaryimage"},"image":{"@id":"https:\/\/nordnesrepublikken.no\/index.php\/2025\/08\/20\/arpa-campania-bekrefter-fravaeret-av-dioksiner-i-luften\/#primaryimage"},"thumbnailUrl":"https:\/\/nordnesrepublikken.no\/wp-content\/uploads\/2025\/08\/1755704971_Arpa-Campania-bekrefter-fravaeret-av-dioksiner-i-luften.jpg","datePublished":"2025-08-20T15:49:30+00:00","dateModified":"2025-08-20T15:49:31+00:00","breadcrumb":{"@id":"https:\/\/nordnesrepublikken.no\/index.php\/2025\/08\/20\/arpa-campania-bekrefter-fravaeret-av-dioksiner-i-luften\/#breadcrumb"},"inLanguage":"nb-NO","potentialAction":[{"@type":"ReadAction","target":["https:\/\/nordnesrepublikken.no\/index.php\/2025\/08\/20\/arpa-campania-bekrefter-fravaeret-av-dioksiner-i-luften\/"]}]},{"@type":"ImageObject","inLanguage":"nb-NO","@id":"https:\/\/nordnesrepublikken.no\/index.php\/2025\/08\/20\/arpa-campania-bekrefter-fravaeret-av-dioksiner-i-luften\/#primaryimage","url":"https:\/\/nordnesrepublikken.no\/wp-content\/uploads\/2025\/08\/1755704971_Arpa-Campania-bekrefter-fravaeret-av-dioksiner-i-luften.jpg","contentUrl":"https:\/\/nordnesrepublikken.no\/wp-content\/uploads\/2025\/08\/1755704971_Arpa-Campania-bekrefter-fravaeret-av-dioksiner-i-luften.jpg","width":540,"height":361,"caption":"incendio teano"},{"@type":"BreadcrumbList","@id":"https:\/\/nordnesrepublikken.no\/index.php\/2025\/08\/20\/arpa-campania-bekrefter-fravaeret-av-dioksiner-i-luften\/#breadcrumb","itemListElement":[{"@type":"ListItem","position":1,"name":"Home","item":"https:\/\/nordnesrepublikken.no\/"},{"@type":"ListItem","position":2,"name":"Arpa Campania bekrefter frav\u00e6ret av dioksiner i luften"}]},{"@type":"WebSite","@id":"https:\/\/nordnesrepublikken.no\/#website","url":"https:\/\/nordnesrepublikken.no\/","name":"Nordnesrepublikken","description":"Stemmer og Visjoner fra Republikkens Hjerte","publisher":{"@id":"https:\/\/nordnesrepublikken.no\/#organization"},"potentialAction":[{"@type":"SearchAction","target":{"@type":"EntryPoint","urlTemplate":"https:\/\/nordnesrepublikken.no\/?s={search_term_string}"},"query-input":{"@type":"PropertyValueSpecification","valueRequired":true,"valueName":"search_term_string"}}],"inLanguage":"nb-NO"},{"@type":"Organization","@id":"https:\/\/nordnesrepublikken.no\/#organization","name":"Nordnesrepublikken","url":"https:\/\/nordnesrepublikken.no\/","logo":{"@type":"ImageObject","inLanguage":"nb-NO","@id":"https:\/\/nordnesrepublikken.no\/#\/schema\/logo\/image\/","url":"https:\/\/nordnesrepublikken.no\/wp-content\/uploads\/2025\/02\/cropped-nordnesrepublikken-2.png","contentUrl":"https:\/\/nordnesrepublikken.no\/wp-content\/uploads\/2025\/02\/cropped-nordnesrepublikken-2.png","width":1248,"height":362,"caption":"Nordnesrepublikken"},"image":{"@id":"https:\/\/nordnesrepublikken.no\/#\/schema\/logo\/image\/"}},{"@type":"Person","@id":"https:\/\/nordnesrepublikken.no\/#\/schema\/person\/2e7e81935bab77882fffb79296240ff1","name":"Ole Andersen","image":{"@type":"ImageObject","inLanguage":"nb-NO","@id":"https:\/\/nordnesrepublikken.no\/#\/schema\/person\/image\/","url":"https:\/\/nordnesrepublikken.no\/wp-content\/uploads\/2025\/02\/nordnesrepublikken-2-2-150x150.jpg","contentUrl":"https:\/\/nordnesrepublikken.no\/wp-content\/uploads\/2025\/02\/nordnesrepublikken-2-2-150x150.jpg","caption":"Ole Andersen"},"description":"Ettersom jeg vokste opp i Oslo, har jeg alltid v\u00e6rt fascinert av ordenes kraft og deres evne til \u00e5 skape endringer. Etter \u00e5 ha fullf\u00f8rt min utdannelse i kommunikasjon ved Universitetet i Bergen, fikk jeg muligheten til \u00e5 jobbe innen ulike medier, der jeg har s\u00f8kt \u00e5 belyse viktige samfunnssp\u00f8rsm\u00e5l. I dag, som redakt\u00f8r for Nordnesrepublikken, pr\u00f8ver jeg \u00e5 forene min kj\u00e6rlighet for journalistikk med min lidenskap for innovasjon og eventyr.","sameAs":["https:\/\/nordnesrepublikken.no\/"]}]}},"_links":{"self":[{"href":"https:\/\/nordnesrepublikken.no\/index.php\/wp-json\/wp\/v2\/posts\/8527","targetHints":{"allow":["GET"]}}],"collection":[{"href":"https:\/\/nordnesrepublikken.no\/index.php\/wp-json\/wp\/v2\/posts"}],"about":[{"href":"https:\/\/nordnesrepublikken.no\/index.php\/wp-json\/wp\/v2\/types\/post"}],"author":[{"embeddable":true,"href":"https:\/\/nordnesrepublikken.no\/index.php\/wp-json\/wp\/v2\/users\/1"}],"replies":[{"embeddable":true,"href":"https:\/\/nordnesrepublikken.no\/index.php\/wp-json\/wp\/v2\/comments?post=8527"}],"version-history":[{"count":1,"href":"https:\/\/nordnesrepublikken.no\/index.php\/wp-json\/wp\/v2\/posts\/8527\/revisions"}],"predecessor-version":[{"id":8529,"href":"https:\/\/nordnesrepublikken.no\/index.php\/wp-json\/wp\/v2\/posts\/8527\/revisions\/8529"}],"wp:featuredmedia":[{"embeddable":true,"href":"https:\/\/nordnesrepublikken.no\/index.php\/wp-json\/wp\/v2\/media\/8528"}],"wp:attachment":[{"href":"https:\/\/nordnesrepublikken.no\/index.php\/wp-json\/wp\/v2\/media?parent=8527"}],"wp:term":[{"taxonomy":"category","embeddable":true,"href":"https:\/\/nordnesrepublikken.no\/index.php\/wp-json\/wp\/v2\/categories?post=8527"},{"taxonomy":"post_tag","embeddable":true,"href":"https:\/\/nordnesrepublikken.no\/index.php\/wp-json\/wp\/v2\/tags?post=8527"}],"curies":[{"name":"wp","href":"https:\/\/api.w.org\/{rel}","templated":true}]}}