{"id":8524,"date":"2025-08-20T16:49:33","date_gmt":"2025-08-20T14:49:33","guid":{"rendered":"https:\/\/nordnesrepublikken.no\/index.php\/2025\/08\/20\/sjiraffene-og-lange-nakken-lamarcks-evolusjonsteori-og-darwins-naturlige-utvalg\/"},"modified":"2025-08-20T16:49:43","modified_gmt":"2025-08-20T14:49:43","slug":"sjiraffene-og-lange-nakken-lamarcks-evolusjonsteori-og-darwins-naturlige-utvalg","status":"publish","type":"post","link":"https:\/\/nordnesrepublikken.no\/index.php\/2025\/08\/20\/sjiraffene-og-lange-nakken-lamarcks-evolusjonsteori-og-darwins-naturlige-utvalg\/","title":{"rendered":"Sjiraffene og lange nakken, Lamarcks evolusjonsteori og Darwins naturlige utvalg"},"content":{"rendered":"<div>\n<div class=\"cp_wrapper cp_wrapper--fw mb-30 mb-20@tablet\">\n<figure class=\"mm\"><picture class=\"img\" style=\"padding-top:56.25%\"><source  media=\"(min-width: 1024px)\"><source  media=\"(min-width: 768px)\"><\/source><\/source><\/picture><\/figure>\n<\/p><\/div>\n<p>F\u00f8r <strong>Charles Darwin<\/strong>teorien om den mest popul\u00e6re evolusjonen hadde blitt foresl\u00e5tt p\u00e5 begynnelsen av det nittende \u00e5rhundre av den franske naturforskeren <b>Jean-Baptiste de Lamarck <\/b>og var basert p\u00e5 den s\u00e5kalte <b>arv etter karakterene som er anskaffet<\/b>: For eksempel har sjiraffene en lang nakke fordi forfedrene deres, i den slitne \u00e5 forlenge nakken for \u00e5 n\u00e5 de h\u00f8yeste bladene, har &laquo;f\u00f8rt&raquo; til avkommet en lengre nakke. I dag vet vi at den lamarckiske evolusjonen er feil: teorien om dagens evolusjon, utviklet av Darwin noen ti\u00e5r senere, er basert p\u00e5 <strong>Naturlig utvalg<\/strong>: Oppsummert lider karakterene tilfeldige endringer, og de som er mest egnet for overlevelsen av arten er valgt og overf\u00f8rt til de p\u00e5f\u00f8lgende generasjonene.<b> <\/b>Dette er to vesentlig forskjellige teorier, men av forskjellige grunner har vi en tendens til \u00e5 forvirre dem.<\/p>\n<h2>&laquo;Giraffes of Lamarck&raquo; og feilen i hans evolusjonsteori<\/h2>\n<p>I begynnelsen hadde sjiraffene en kort nakke. Over tid f\u00f8lte det imidlertid at noen f\u00f8lte at det, som forlenget nakken, var mulig \u00e5 spise de ferskeste spirene, de som ble plassert p\u00e5 toppen, p\u00e5 toppen av tr\u00e6rne, som f\u00e5 andre dyr hadde tilgang til. Ved \u00e5 gj\u00f8re det, ved \u00e5 strebe hver dag mer, vokste noen sjiraffer en veldig lang nakke som senere, <b>Han ble arvet av barna sine<\/b> og av barna til disse. I f\u00f8lge Lamarck vil grunnen til at sjiraffer har en lang nakke nettopp tilskrevet dette <b>arv etter karakterene som er anskaffet<\/b>.<\/p>\n<p>La oss avklare umiddelbart: Hvis du ser ut til \u00e5 ha lest en liten solid historie fra et vitenskapelig synspunkt, har du rett. Teorien foresl\u00e5tt av Jean-Baptiste de Lamarck i hans <em>Philosophie Zoologique<\/em>i 1809, <b>Og<\/b> <b>feil<\/b>. Vi kan bli de beste dykkene eller de beste rugbyspillerne i verden, men v\u00e5re barn og d\u00f8tre vil ikke arve de fysiske evnene eller musklene som vi har trent, med konstans og offer gjennom \u00e5rene.<\/p>\n<p>Til dags dato, <b>arven etter de anskaffede karakterene<\/b> Han har ikke funnet nok bevis i hans fav\u00f8r. Det m\u00e5 imidlertid huskes at Lamarcks publikasjoner fortsatt markeres <b>en<\/b> Viktig \u00f8yeblikk og endring for vitenskapens historie. Til slutt, etter \u00e5rhundrer av <b>Fixisme <\/b>og teorier basert p\u00e5 uforanderlighet av levende organismer, ideen om at <b>biologisk mangfold<\/b> Det kan v\u00e6re et resultat av en lang historie, laget av endringer og endringer skjedde ogs\u00e5 i forhold til milj\u00f8et. Kort sagt, Lamarck var den f\u00f8rste som foreslo en reell teori som ville pr\u00f8ve \u00e5 forklare evolusjonsfenomenet.<\/p>\n<h2>Naturlig utvalg<\/h2>\n<p>Der <b>Naturlig utvalg<\/b> Det er hovedmekanismen som <b>Evolusjonsteori<\/b> Foresl\u00e5tt av Charles Darwin i 1859 og ansett som gyldig, om enn magasinet og oppdatert. P\u00e5 bakgrunn av naturlig seleksjon, og hele teorien om Darwins evolusjon, er det et enkelt konsept som imidlertid i \u00e5rhundrer ble fullstendig fors\u00f8mt. Vi snakker om <b>stort utvalg av levende<\/b> og mer spesifikt, av <b>Intraspesifikk variabilitet<\/b>Det vil si av det faktum at hvert individ, selv om de tilh\u00f8rer en bestemt art, er unik, forskjellig fra alle de andre. Det er klart det er det <b>Tilfeldige variasjoner<\/b>ikke produsert av omgivelsene, som feilaktig foresl\u00e5tt av Lamarck. Disse forskjellene, eller variantene, eller ikke favoriserer overlevelse og reproduksjon av et individ, sammenlignet med andre, i et gitt milj\u00f8. Akkurat i begynnelsen av kapittel IV, i artenes opprinnelse, skrev Darwin: &laquo;<em>Kunne vi noen gang tvile p\u00e5 (husk at mange flere individer blir f\u00f8dt enn de kan overleve) at de som har noen fordel i forhold til andre, om enn de minste, har de beste sjansene for \u00e5 overleve og forplante deres nedstigning?<\/em>&laquo;I denne forstand kan vi forestille oss naturlig utvalg som en styrke som er i stand til \u00e5 handle p\u00e5 befolkninger og fremme de individer som blant mange har mer&raquo; passende &laquo;varianter til milj\u00f8et.<\/p>\n<div class=\"cp_wrapper  mb-50\">\n<div class=\"cbx\">\n<div class=\"cbx__collection\">\n<p>Bibliografi<\/p>\n<div class=\"cbx__sources\">\n<p>Manzi Giorgio. Den store historien om menneskelig evolusjon. Bologna, 2013, Il Mulino.<\/p>\n<p>Darwin, Charles. 2016. Artenes opprinnelse. Newton Compton Publisher. Roma<\/p>\n<\/p><\/div>\n<\/p><\/div>\n<\/p><\/div>\n<\/p><\/div>\n<\/p><\/div>\n","protected":false},"excerpt":{"rendered":"<p>F\u00f8r Charles Darwinteorien om den mest popul\u00e6re evolusjonen hadde blitt foresl\u00e5tt p\u00e5 begynnelsen av det<\/p>\n","protected":false},"author":1,"featured_media":8525,"comment_status":"closed","ping_status":"open","sticky":false,"template":"","format":"standard","meta":{"footnotes":""},"categories":[24],"tags":[2886,2887,5589,266,5588,3275,5587,5590],"class_list":["post-8524","post","type-post","status-publish","format-standard","has-post-thumbnail","hentry","category-vitenskap","tag-darwins","tag-evolusjonsteori","tag-lamarcks","tag-lange","tag-nakken","tag-naturlige","tag-sjiraffene","tag-utvalg","generate-columns","tablet-grid-50","mobile-grid-100","grid-parent","grid-33","resize-featured-image"],"yoast_head":"<!-- This site is optimized with the Yoast SEO plugin v24.4 - https:\/\/yoast.com\/wordpress\/plugins\/seo\/ -->\n<title>Sjiraffene og lange nakken, Lamarcks evolusjonsteori og Darwins naturlige utvalg - Nordnesrepublikken<\/title>\n<meta name=\"robots\" content=\"index, follow, max-snippet:-1, max-image-preview:large, max-video-preview:-1\" \/>\n<link rel=\"canonical\" href=\"https:\/\/nordnesrepublikken.no\/index.php\/2025\/08\/20\/sjiraffene-og-lange-nakken-lamarcks-evolusjonsteori-og-darwins-naturlige-utvalg\/\" \/>\n<meta property=\"og:locale\" content=\"nb_NO\" \/>\n<meta property=\"og:type\" content=\"article\" \/>\n<meta property=\"og:title\" content=\"Sjiraffene og lange nakken, Lamarcks evolusjonsteori og Darwins naturlige utvalg - Nordnesrepublikken\" \/>\n<meta property=\"og:description\" content=\"F\u00f8r Charles Darwinteorien om den mest popul\u00e6re evolusjonen hadde blitt foresl\u00e5tt p\u00e5 begynnelsen av det\" \/>\n<meta property=\"og:url\" content=\"https:\/\/nordnesrepublikken.no\/index.php\/2025\/08\/20\/sjiraffene-og-lange-nakken-lamarcks-evolusjonsteori-og-darwins-naturlige-utvalg\/\" \/>\n<meta property=\"og:site_name\" content=\"Nordnesrepublikken\" \/>\n<meta property=\"article:published_time\" content=\"2025-08-20T14:49:33+00:00\" \/>\n<meta property=\"article:modified_time\" content=\"2025-08-20T14:49:43+00:00\" \/>\n<meta property=\"og:image\" content=\"https:\/\/nordnesrepublikken.no\/wp-content\/uploads\/2025\/08\/1755701374_Sjiraffene-og-lange-nakken-Lamarcks-evolusjonsteori-og-Darwins-naturlige-utvalg-scaled.jpg\" \/>\n\t<meta property=\"og:image:width\" content=\"2560\" \/>\n\t<meta property=\"og:image:height\" content=\"1920\" \/>\n\t<meta property=\"og:image:type\" content=\"image\/jpeg\" \/>\n<meta name=\"author\" content=\"Ole Andersen\" \/>\n<meta name=\"twitter:card\" content=\"summary_large_image\" \/>\n<meta name=\"twitter:label1\" content=\"Skrevet av\" \/>\n\t<meta name=\"twitter:data1\" content=\"Ole Andersen\" \/>\n\t<meta name=\"twitter:label2\" content=\"Ansl. lesetid\" \/>\n\t<meta name=\"twitter:data2\" content=\"3 minutter\" \/>\n<script type=\"application\/ld+json\" class=\"yoast-schema-graph\">{\"@context\":\"https:\/\/schema.org\",\"@graph\":[{\"@type\":\"Article\",\"@id\":\"https:\/\/nordnesrepublikken.no\/index.php\/2025\/08\/20\/sjiraffene-og-lange-nakken-lamarcks-evolusjonsteori-og-darwins-naturlige-utvalg\/#article\",\"isPartOf\":{\"@id\":\"https:\/\/nordnesrepublikken.no\/index.php\/2025\/08\/20\/sjiraffene-og-lange-nakken-lamarcks-evolusjonsteori-og-darwins-naturlige-utvalg\/\"},\"author\":{\"name\":\"Ole Andersen\",\"@id\":\"https:\/\/nordnesrepublikken.no\/#\/schema\/person\/2e7e81935bab77882fffb79296240ff1\"},\"headline\":\"Sjiraffene og lange nakken, Lamarcks evolusjonsteori og Darwins naturlige utvalg\",\"datePublished\":\"2025-08-20T14:49:33+00:00\",\"dateModified\":\"2025-08-20T14:49:43+00:00\",\"mainEntityOfPage\":{\"@id\":\"https:\/\/nordnesrepublikken.no\/index.php\/2025\/08\/20\/sjiraffene-og-lange-nakken-lamarcks-evolusjonsteori-og-darwins-naturlige-utvalg\/\"},\"wordCount\":648,\"publisher\":{\"@id\":\"https:\/\/nordnesrepublikken.no\/#organization\"},\"image\":{\"@id\":\"https:\/\/nordnesrepublikken.no\/index.php\/2025\/08\/20\/sjiraffene-og-lange-nakken-lamarcks-evolusjonsteori-og-darwins-naturlige-utvalg\/#primaryimage\"},\"thumbnailUrl\":\"https:\/\/nordnesrepublikken.no\/wp-content\/uploads\/2025\/08\/1755701374_Sjiraffene-og-lange-nakken-Lamarcks-evolusjonsteori-og-Darwins-naturlige-utvalg-scaled.jpg\",\"keywords\":[\"Darwins\",\"evolusjonsteori\",\"Lamarcks\",\"lange\",\"nakken\",\"naturlige\",\"Sjiraffene\",\"utvalg\"],\"articleSection\":[\"Vitenskap\"],\"inLanguage\":\"nb-NO\"},{\"@type\":\"WebPage\",\"@id\":\"https:\/\/nordnesrepublikken.no\/index.php\/2025\/08\/20\/sjiraffene-og-lange-nakken-lamarcks-evolusjonsteori-og-darwins-naturlige-utvalg\/\",\"url\":\"https:\/\/nordnesrepublikken.no\/index.php\/2025\/08\/20\/sjiraffene-og-lange-nakken-lamarcks-evolusjonsteori-og-darwins-naturlige-utvalg\/\",\"name\":\"Sjiraffene og lange nakken, Lamarcks evolusjonsteori og Darwins naturlige utvalg - Nordnesrepublikken\",\"isPartOf\":{\"@id\":\"https:\/\/nordnesrepublikken.no\/#website\"},\"primaryImageOfPage\":{\"@id\":\"https:\/\/nordnesrepublikken.no\/index.php\/2025\/08\/20\/sjiraffene-og-lange-nakken-lamarcks-evolusjonsteori-og-darwins-naturlige-utvalg\/#primaryimage\"},\"image\":{\"@id\":\"https:\/\/nordnesrepublikken.no\/index.php\/2025\/08\/20\/sjiraffene-og-lange-nakken-lamarcks-evolusjonsteori-og-darwins-naturlige-utvalg\/#primaryimage\"},\"thumbnailUrl\":\"https:\/\/nordnesrepublikken.no\/wp-content\/uploads\/2025\/08\/1755701374_Sjiraffene-og-lange-nakken-Lamarcks-evolusjonsteori-og-Darwins-naturlige-utvalg-scaled.jpg\",\"datePublished\":\"2025-08-20T14:49:33+00:00\",\"dateModified\":\"2025-08-20T14:49:43+00:00\",\"breadcrumb\":{\"@id\":\"https:\/\/nordnesrepublikken.no\/index.php\/2025\/08\/20\/sjiraffene-og-lange-nakken-lamarcks-evolusjonsteori-og-darwins-naturlige-utvalg\/#breadcrumb\"},\"inLanguage\":\"nb-NO\",\"potentialAction\":[{\"@type\":\"ReadAction\",\"target\":[\"https:\/\/nordnesrepublikken.no\/index.php\/2025\/08\/20\/sjiraffene-og-lange-nakken-lamarcks-evolusjonsteori-og-darwins-naturlige-utvalg\/\"]}]},{\"@type\":\"ImageObject\",\"inLanguage\":\"nb-NO\",\"@id\":\"https:\/\/nordnesrepublikken.no\/index.php\/2025\/08\/20\/sjiraffene-og-lange-nakken-lamarcks-evolusjonsteori-og-darwins-naturlige-utvalg\/#primaryimage\",\"url\":\"https:\/\/nordnesrepublikken.no\/wp-content\/uploads\/2025\/08\/1755701374_Sjiraffene-og-lange-nakken-Lamarcks-evolusjonsteori-og-Darwins-naturlige-utvalg-scaled.jpg\",\"contentUrl\":\"https:\/\/nordnesrepublikken.no\/wp-content\/uploads\/2025\/08\/1755701374_Sjiraffene-og-lange-nakken-Lamarcks-evolusjonsteori-og-Darwins-naturlige-utvalg-scaled.jpg\",\"width\":2560,\"height\":1920,\"caption\":\"giraffe lamarck\"},{\"@type\":\"BreadcrumbList\",\"@id\":\"https:\/\/nordnesrepublikken.no\/index.php\/2025\/08\/20\/sjiraffene-og-lange-nakken-lamarcks-evolusjonsteori-og-darwins-naturlige-utvalg\/#breadcrumb\",\"itemListElement\":[{\"@type\":\"ListItem\",\"position\":1,\"name\":\"Home\",\"item\":\"https:\/\/nordnesrepublikken.no\/\"},{\"@type\":\"ListItem\",\"position\":2,\"name\":\"Sjiraffene og lange nakken, Lamarcks evolusjonsteori og Darwins naturlige utvalg\"}]},{\"@type\":\"WebSite\",\"@id\":\"https:\/\/nordnesrepublikken.no\/#website\",\"url\":\"https:\/\/nordnesrepublikken.no\/\",\"name\":\"Nordnesrepublikken\",\"description\":\"Stemmer og Visjoner fra Republikkens Hjerte\",\"publisher\":{\"@id\":\"https:\/\/nordnesrepublikken.no\/#organization\"},\"potentialAction\":[{\"@type\":\"SearchAction\",\"target\":{\"@type\":\"EntryPoint\",\"urlTemplate\":\"https:\/\/nordnesrepublikken.no\/?s={search_term_string}\"},\"query-input\":{\"@type\":\"PropertyValueSpecification\",\"valueRequired\":true,\"valueName\":\"search_term_string\"}}],\"inLanguage\":\"nb-NO\"},{\"@type\":\"Organization\",\"@id\":\"https:\/\/nordnesrepublikken.no\/#organization\",\"name\":\"Nordnesrepublikken\",\"url\":\"https:\/\/nordnesrepublikken.no\/\",\"logo\":{\"@type\":\"ImageObject\",\"inLanguage\":\"nb-NO\",\"@id\":\"https:\/\/nordnesrepublikken.no\/#\/schema\/logo\/image\/\",\"url\":\"https:\/\/nordnesrepublikken.no\/wp-content\/uploads\/2025\/02\/cropped-nordnesrepublikken-2.png\",\"contentUrl\":\"https:\/\/nordnesrepublikken.no\/wp-content\/uploads\/2025\/02\/cropped-nordnesrepublikken-2.png\",\"width\":1248,\"height\":362,\"caption\":\"Nordnesrepublikken\"},\"image\":{\"@id\":\"https:\/\/nordnesrepublikken.no\/#\/schema\/logo\/image\/\"}},{\"@type\":\"Person\",\"@id\":\"https:\/\/nordnesrepublikken.no\/#\/schema\/person\/2e7e81935bab77882fffb79296240ff1\",\"name\":\"Ole Andersen\",\"image\":{\"@type\":\"ImageObject\",\"inLanguage\":\"nb-NO\",\"@id\":\"https:\/\/nordnesrepublikken.no\/#\/schema\/person\/image\/\",\"url\":\"https:\/\/nordnesrepublikken.no\/wp-content\/uploads\/2025\/02\/nordnesrepublikken-2-2-150x150.jpg\",\"contentUrl\":\"https:\/\/nordnesrepublikken.no\/wp-content\/uploads\/2025\/02\/nordnesrepublikken-2-2-150x150.jpg\",\"caption\":\"Ole Andersen\"},\"description\":\"Ettersom jeg vokste opp i Oslo, har jeg alltid v\u00e6rt fascinert av ordenes kraft og deres evne til \u00e5 skape endringer. Etter \u00e5 ha fullf\u00f8rt min utdannelse i kommunikasjon ved Universitetet i Bergen, fikk jeg muligheten til \u00e5 jobbe innen ulike medier, der jeg har s\u00f8kt \u00e5 belyse viktige samfunnssp\u00f8rsm\u00e5l. I dag, som redakt\u00f8r for Nordnesrepublikken, pr\u00f8ver jeg \u00e5 forene min kj\u00e6rlighet for journalistikk med min lidenskap for innovasjon og eventyr.\",\"sameAs\":[\"https:\/\/nordnesrepublikken.no\/\"]}]}<\/script>\n<!-- \/ Yoast SEO plugin. -->","yoast_head_json":{"title":"Sjiraffene og lange nakken, Lamarcks evolusjonsteori og Darwins naturlige utvalg - Nordnesrepublikken","robots":{"index":"index","follow":"follow","max-snippet":"max-snippet:-1","max-image-preview":"max-image-preview:large","max-video-preview":"max-video-preview:-1"},"canonical":"https:\/\/nordnesrepublikken.no\/index.php\/2025\/08\/20\/sjiraffene-og-lange-nakken-lamarcks-evolusjonsteori-og-darwins-naturlige-utvalg\/","og_locale":"nb_NO","og_type":"article","og_title":"Sjiraffene og lange nakken, Lamarcks evolusjonsteori og Darwins naturlige utvalg - Nordnesrepublikken","og_description":"F\u00f8r Charles Darwinteorien om den mest popul\u00e6re evolusjonen hadde blitt foresl\u00e5tt p\u00e5 begynnelsen av det","og_url":"https:\/\/nordnesrepublikken.no\/index.php\/2025\/08\/20\/sjiraffene-og-lange-nakken-lamarcks-evolusjonsteori-og-darwins-naturlige-utvalg\/","og_site_name":"Nordnesrepublikken","article_published_time":"2025-08-20T14:49:33+00:00","article_modified_time":"2025-08-20T14:49:43+00:00","og_image":[{"width":2560,"height":1920,"url":"https:\/\/nordnesrepublikken.no\/wp-content\/uploads\/2025\/08\/1755701374_Sjiraffene-og-lange-nakken-Lamarcks-evolusjonsteori-og-Darwins-naturlige-utvalg-scaled.jpg","type":"image\/jpeg"}],"author":"Ole Andersen","twitter_card":"summary_large_image","twitter_misc":{"Skrevet av":"Ole Andersen","Ansl. lesetid":"3 minutter"},"schema":{"@context":"https:\/\/schema.org","@graph":[{"@type":"Article","@id":"https:\/\/nordnesrepublikken.no\/index.php\/2025\/08\/20\/sjiraffene-og-lange-nakken-lamarcks-evolusjonsteori-og-darwins-naturlige-utvalg\/#article","isPartOf":{"@id":"https:\/\/nordnesrepublikken.no\/index.php\/2025\/08\/20\/sjiraffene-og-lange-nakken-lamarcks-evolusjonsteori-og-darwins-naturlige-utvalg\/"},"author":{"name":"Ole Andersen","@id":"https:\/\/nordnesrepublikken.no\/#\/schema\/person\/2e7e81935bab77882fffb79296240ff1"},"headline":"Sjiraffene og lange nakken, Lamarcks evolusjonsteori og Darwins naturlige utvalg","datePublished":"2025-08-20T14:49:33+00:00","dateModified":"2025-08-20T14:49:43+00:00","mainEntityOfPage":{"@id":"https:\/\/nordnesrepublikken.no\/index.php\/2025\/08\/20\/sjiraffene-og-lange-nakken-lamarcks-evolusjonsteori-og-darwins-naturlige-utvalg\/"},"wordCount":648,"publisher":{"@id":"https:\/\/nordnesrepublikken.no\/#organization"},"image":{"@id":"https:\/\/nordnesrepublikken.no\/index.php\/2025\/08\/20\/sjiraffene-og-lange-nakken-lamarcks-evolusjonsteori-og-darwins-naturlige-utvalg\/#primaryimage"},"thumbnailUrl":"https:\/\/nordnesrepublikken.no\/wp-content\/uploads\/2025\/08\/1755701374_Sjiraffene-og-lange-nakken-Lamarcks-evolusjonsteori-og-Darwins-naturlige-utvalg-scaled.jpg","keywords":["Darwins","evolusjonsteori","Lamarcks","lange","nakken","naturlige","Sjiraffene","utvalg"],"articleSection":["Vitenskap"],"inLanguage":"nb-NO"},{"@type":"WebPage","@id":"https:\/\/nordnesrepublikken.no\/index.php\/2025\/08\/20\/sjiraffene-og-lange-nakken-lamarcks-evolusjonsteori-og-darwins-naturlige-utvalg\/","url":"https:\/\/nordnesrepublikken.no\/index.php\/2025\/08\/20\/sjiraffene-og-lange-nakken-lamarcks-evolusjonsteori-og-darwins-naturlige-utvalg\/","name":"Sjiraffene og lange nakken, Lamarcks evolusjonsteori og Darwins naturlige utvalg - Nordnesrepublikken","isPartOf":{"@id":"https:\/\/nordnesrepublikken.no\/#website"},"primaryImageOfPage":{"@id":"https:\/\/nordnesrepublikken.no\/index.php\/2025\/08\/20\/sjiraffene-og-lange-nakken-lamarcks-evolusjonsteori-og-darwins-naturlige-utvalg\/#primaryimage"},"image":{"@id":"https:\/\/nordnesrepublikken.no\/index.php\/2025\/08\/20\/sjiraffene-og-lange-nakken-lamarcks-evolusjonsteori-og-darwins-naturlige-utvalg\/#primaryimage"},"thumbnailUrl":"https:\/\/nordnesrepublikken.no\/wp-content\/uploads\/2025\/08\/1755701374_Sjiraffene-og-lange-nakken-Lamarcks-evolusjonsteori-og-Darwins-naturlige-utvalg-scaled.jpg","datePublished":"2025-08-20T14:49:33+00:00","dateModified":"2025-08-20T14:49:43+00:00","breadcrumb":{"@id":"https:\/\/nordnesrepublikken.no\/index.php\/2025\/08\/20\/sjiraffene-og-lange-nakken-lamarcks-evolusjonsteori-og-darwins-naturlige-utvalg\/#breadcrumb"},"inLanguage":"nb-NO","potentialAction":[{"@type":"ReadAction","target":["https:\/\/nordnesrepublikken.no\/index.php\/2025\/08\/20\/sjiraffene-og-lange-nakken-lamarcks-evolusjonsteori-og-darwins-naturlige-utvalg\/"]}]},{"@type":"ImageObject","inLanguage":"nb-NO","@id":"https:\/\/nordnesrepublikken.no\/index.php\/2025\/08\/20\/sjiraffene-og-lange-nakken-lamarcks-evolusjonsteori-og-darwins-naturlige-utvalg\/#primaryimage","url":"https:\/\/nordnesrepublikken.no\/wp-content\/uploads\/2025\/08\/1755701374_Sjiraffene-og-lange-nakken-Lamarcks-evolusjonsteori-og-Darwins-naturlige-utvalg-scaled.jpg","contentUrl":"https:\/\/nordnesrepublikken.no\/wp-content\/uploads\/2025\/08\/1755701374_Sjiraffene-og-lange-nakken-Lamarcks-evolusjonsteori-og-Darwins-naturlige-utvalg-scaled.jpg","width":2560,"height":1920,"caption":"giraffe lamarck"},{"@type":"BreadcrumbList","@id":"https:\/\/nordnesrepublikken.no\/index.php\/2025\/08\/20\/sjiraffene-og-lange-nakken-lamarcks-evolusjonsteori-og-darwins-naturlige-utvalg\/#breadcrumb","itemListElement":[{"@type":"ListItem","position":1,"name":"Home","item":"https:\/\/nordnesrepublikken.no\/"},{"@type":"ListItem","position":2,"name":"Sjiraffene og lange nakken, Lamarcks evolusjonsteori og Darwins naturlige utvalg"}]},{"@type":"WebSite","@id":"https:\/\/nordnesrepublikken.no\/#website","url":"https:\/\/nordnesrepublikken.no\/","name":"Nordnesrepublikken","description":"Stemmer og Visjoner fra Republikkens Hjerte","publisher":{"@id":"https:\/\/nordnesrepublikken.no\/#organization"},"potentialAction":[{"@type":"SearchAction","target":{"@type":"EntryPoint","urlTemplate":"https:\/\/nordnesrepublikken.no\/?s={search_term_string}"},"query-input":{"@type":"PropertyValueSpecification","valueRequired":true,"valueName":"search_term_string"}}],"inLanguage":"nb-NO"},{"@type":"Organization","@id":"https:\/\/nordnesrepublikken.no\/#organization","name":"Nordnesrepublikken","url":"https:\/\/nordnesrepublikken.no\/","logo":{"@type":"ImageObject","inLanguage":"nb-NO","@id":"https:\/\/nordnesrepublikken.no\/#\/schema\/logo\/image\/","url":"https:\/\/nordnesrepublikken.no\/wp-content\/uploads\/2025\/02\/cropped-nordnesrepublikken-2.png","contentUrl":"https:\/\/nordnesrepublikken.no\/wp-content\/uploads\/2025\/02\/cropped-nordnesrepublikken-2.png","width":1248,"height":362,"caption":"Nordnesrepublikken"},"image":{"@id":"https:\/\/nordnesrepublikken.no\/#\/schema\/logo\/image\/"}},{"@type":"Person","@id":"https:\/\/nordnesrepublikken.no\/#\/schema\/person\/2e7e81935bab77882fffb79296240ff1","name":"Ole Andersen","image":{"@type":"ImageObject","inLanguage":"nb-NO","@id":"https:\/\/nordnesrepublikken.no\/#\/schema\/person\/image\/","url":"https:\/\/nordnesrepublikken.no\/wp-content\/uploads\/2025\/02\/nordnesrepublikken-2-2-150x150.jpg","contentUrl":"https:\/\/nordnesrepublikken.no\/wp-content\/uploads\/2025\/02\/nordnesrepublikken-2-2-150x150.jpg","caption":"Ole Andersen"},"description":"Ettersom jeg vokste opp i Oslo, har jeg alltid v\u00e6rt fascinert av ordenes kraft og deres evne til \u00e5 skape endringer. Etter \u00e5 ha fullf\u00f8rt min utdannelse i kommunikasjon ved Universitetet i Bergen, fikk jeg muligheten til \u00e5 jobbe innen ulike medier, der jeg har s\u00f8kt \u00e5 belyse viktige samfunnssp\u00f8rsm\u00e5l. I dag, som redakt\u00f8r for Nordnesrepublikken, pr\u00f8ver jeg \u00e5 forene min kj\u00e6rlighet for journalistikk med min lidenskap for innovasjon og eventyr.","sameAs":["https:\/\/nordnesrepublikken.no\/"]}]}},"_links":{"self":[{"href":"https:\/\/nordnesrepublikken.no\/index.php\/wp-json\/wp\/v2\/posts\/8524","targetHints":{"allow":["GET"]}}],"collection":[{"href":"https:\/\/nordnesrepublikken.no\/index.php\/wp-json\/wp\/v2\/posts"}],"about":[{"href":"https:\/\/nordnesrepublikken.no\/index.php\/wp-json\/wp\/v2\/types\/post"}],"author":[{"embeddable":true,"href":"https:\/\/nordnesrepublikken.no\/index.php\/wp-json\/wp\/v2\/users\/1"}],"replies":[{"embeddable":true,"href":"https:\/\/nordnesrepublikken.no\/index.php\/wp-json\/wp\/v2\/comments?post=8524"}],"version-history":[{"count":1,"href":"https:\/\/nordnesrepublikken.no\/index.php\/wp-json\/wp\/v2\/posts\/8524\/revisions"}],"predecessor-version":[{"id":8526,"href":"https:\/\/nordnesrepublikken.no\/index.php\/wp-json\/wp\/v2\/posts\/8524\/revisions\/8526"}],"wp:featuredmedia":[{"embeddable":true,"href":"https:\/\/nordnesrepublikken.no\/index.php\/wp-json\/wp\/v2\/media\/8525"}],"wp:attachment":[{"href":"https:\/\/nordnesrepublikken.no\/index.php\/wp-json\/wp\/v2\/media?parent=8524"}],"wp:term":[{"taxonomy":"category","embeddable":true,"href":"https:\/\/nordnesrepublikken.no\/index.php\/wp-json\/wp\/v2\/categories?post=8524"},{"taxonomy":"post_tag","embeddable":true,"href":"https:\/\/nordnesrepublikken.no\/index.php\/wp-json\/wp\/v2\/tags?post=8524"}],"curies":[{"name":"wp","href":"https:\/\/api.w.org\/{rel}","templated":true}]}}