{"id":8521,"date":"2025-08-20T13:49:30","date_gmt":"2025-08-20T11:49:30","guid":{"rendered":"https:\/\/nordnesrepublikken.no\/index.php\/2025\/08\/20\/jernbaneulykke-pa-brenner-trento-sammenstot-mellom-et-godstog-og-en-regional-det-vi-vet\/"},"modified":"2025-08-20T13:49:31","modified_gmt":"2025-08-20T11:49:31","slug":"jernbaneulykke-pa-brenner-trento-sammenstot-mellom-et-godstog-og-en-regional-det-vi-vet","status":"publish","type":"post","link":"https:\/\/nordnesrepublikken.no\/index.php\/2025\/08\/20\/jernbaneulykke-pa-brenner-trento-sammenstot-mellom-et-godstog-og-en-regional-det-vi-vet\/","title":{"rendered":"Jernbaneulykke p\u00e5 Brenner-Trento, sammenst\u00f8t mellom et godstog og en regional: Det vi vet"},"content":{"rendered":"<div>\n<div class=\"cp_wrapper cp_wrapper--fw mb-30 mb-20@tablet\">\n<figure class=\"mm\"><picture class=\"img\" style=\"padding-top:56.25%\"><source  media=\"(min-width: 1024px)\"><source  media=\"(min-width: 768px)\"><\/source><\/source><\/picture><\/figure>\n<\/p><\/div>\n<p>EN<strong> godstog<\/strong> Han kolliderte med en <strong>regional<\/strong> p\u00e5 jernbanelinjen til <strong>Brenner<\/strong>: Ulykken skulle finne sted like etter 08:30 i dag, onsdag 20. august, i ruten mellom <strong>Mezzocorona<\/strong> Og <strong>Trento Nord<\/strong>p\u00e5 h\u00f8yden av Cavalcavia falt av Nassiriya. Der <strong>sirkulasjon<\/strong> p\u00e5 Verona &#8211; Brennero -linjen var <strong>suspendert<\/strong> I begge retninger mellom Mezzocorona og Trento.<\/p>\n<p>Om bord p\u00e5 den regionale togreisen <strong>45 passasjerer<\/strong>: tre av dem rapporterte noen <strong>milde s\u00e5r<\/strong>men ingen er i fare for livet. En kvinne ble fraktet til sykehuset i ambulanse, mens de to andre involverte instruert av en lege uavhengig. Alle de andre fortsetter turen til <strong>buss<\/strong>.<\/p>\n<div class=\"cp_wrapper cp_wrapper--fw mb-50\">\n<figure class=\"mm\"><picture class=\"img\" style=\"padding-top:56.239316239316%\"><source  media=\"(min-width: 1024px)\"><source  media=\"(min-width: 768px)\"><img decoding=\"async\" loading=\"lazy\" src=\"https:\/\/nordnesrepublikken.no\/wp-content\/uploads\/2025\/08\/1755690570_64_Jernbaneulykke-pa-Brenner-Trento-sammenstot-mellom-et-godstog-og-en-regional.jpg\" alt=\"Ulykke-Ferroviario-Trento_ImageFullwide-2\" width=\"1170\" height=\"658\"><\/source><\/source><\/picture><\/figure>\n<\/p><\/div>\n<p>Der <strong>Dynamikk<\/strong> av jernbaneulykken er enn\u00e5 ikke bekreftet: if\u00f8lge en f\u00f8rste gjenoppbygging levert av <strong>RFI<\/strong>under noen man\u00f8vreringsoperasjoner, jeg<strong> FREIGE VAGONER<\/strong> som var i Trento (i Roncafort) ville de v\u00e6re <strong>l\u00f8srevet<\/strong> fra resten av <strong>konvoi<\/strong>og ender opp med \u00e5 provosere kollisjonen med det regionale toget og r\u00f8mme fra sporene til en enkelt vogn. Virkningen har faktisk for\u00e5rsaket den <strong>Depine av motoren<\/strong> regional<b> 16666, <\/b>som ble stoppet ved trafikklyset.<\/p>\n<p>Den permanente kroppen til<strong> Brannmenn<\/strong> av Trento, mens teknikerne i det italienske jernbanenettet jobber for <strong>restaurere<\/strong> Den fulle funksjonaliteten til <strong>linje<\/strong>: Situasjonen forblir oppdatert.<\/p>\n<\/p><\/div>\n","protected":false},"excerpt":{"rendered":"<p>EN godstog Han kolliderte med en regional p\u00e5 jernbanelinjen til Brenner: Ulykken skulle finne sted<\/p>\n","protected":false},"author":1,"featured_media":8522,"comment_status":"closed","ping_status":"open","sticky":false,"template":"","format":"standard","meta":{"footnotes":""},"categories":[104],"tags":[5583,66,5585,5582,212,81,5586,5584,73],"class_list":["post-8521","post","type-post","status-publish","format-standard","has-post-thumbnail","hentry","category-samfunn","tag-brennertrento","tag-det","tag-godstog","tag-jernbaneulykke","tag-mellom","tag-pa","tag-regional","tag-sammenstot","tag-vet","generate-columns","tablet-grid-50","mobile-grid-100","grid-parent","grid-33","resize-featured-image"],"yoast_head":"<!-- This site is optimized with the Yoast SEO plugin v24.4 - https:\/\/yoast.com\/wordpress\/plugins\/seo\/ -->\n<title>Jernbaneulykke p\u00e5 Brenner-Trento, sammenst\u00f8t mellom et godstog og en regional: Det vi vet - Nordnesrepublikken<\/title>\n<meta name=\"robots\" content=\"index, follow, max-snippet:-1, max-image-preview:large, max-video-preview:-1\" \/>\n<link rel=\"canonical\" href=\"https:\/\/nordnesrepublikken.no\/index.php\/2025\/08\/20\/jernbaneulykke-pa-brenner-trento-sammenstot-mellom-et-godstog-og-en-regional-det-vi-vet\/\" \/>\n<meta property=\"og:locale\" content=\"nb_NO\" \/>\n<meta property=\"og:type\" content=\"article\" \/>\n<meta property=\"og:title\" content=\"Jernbaneulykke p\u00e5 Brenner-Trento, sammenst\u00f8t mellom et godstog og en regional: Det vi vet - Nordnesrepublikken\" \/>\n<meta property=\"og:description\" content=\"EN godstog Han kolliderte med en regional p\u00e5 jernbanelinjen til Brenner: Ulykken skulle finne sted\" \/>\n<meta property=\"og:url\" content=\"https:\/\/nordnesrepublikken.no\/index.php\/2025\/08\/20\/jernbaneulykke-pa-brenner-trento-sammenstot-mellom-et-godstog-og-en-regional-det-vi-vet\/\" \/>\n<meta property=\"og:site_name\" content=\"Nordnesrepublikken\" \/>\n<meta property=\"article:published_time\" content=\"2025-08-20T11:49:30+00:00\" \/>\n<meta property=\"article:modified_time\" content=\"2025-08-20T11:49:31+00:00\" \/>\n<meta property=\"og:image\" content=\"https:\/\/nordnesrepublikken.no\/wp-content\/uploads\/2025\/08\/1755690570_Jernbaneulykke-pa-Brenner-Trento-sammenstot-mellom-et-godstog-og-en-regional.jpg\" \/>\n\t<meta property=\"og:image:width\" content=\"1170\" \/>\n\t<meta property=\"og:image:height\" content=\"878\" \/>\n\t<meta property=\"og:image:type\" content=\"image\/jpeg\" \/>\n<meta name=\"author\" content=\"Ole Andersen\" \/>\n<meta name=\"twitter:card\" content=\"summary_large_image\" \/>\n<meta name=\"twitter:label1\" content=\"Skrevet av\" \/>\n\t<meta name=\"twitter:data1\" content=\"Ole Andersen\" \/>\n\t<meta name=\"twitter:label2\" content=\"Ansl. lesetid\" \/>\n\t<meta name=\"twitter:data2\" content=\"1 minutt\" \/>\n<script type=\"application\/ld+json\" class=\"yoast-schema-graph\">{\"@context\":\"https:\/\/schema.org\",\"@graph\":[{\"@type\":\"Article\",\"@id\":\"https:\/\/nordnesrepublikken.no\/index.php\/2025\/08\/20\/jernbaneulykke-pa-brenner-trento-sammenstot-mellom-et-godstog-og-en-regional-det-vi-vet\/#article\",\"isPartOf\":{\"@id\":\"https:\/\/nordnesrepublikken.no\/index.php\/2025\/08\/20\/jernbaneulykke-pa-brenner-trento-sammenstot-mellom-et-godstog-og-en-regional-det-vi-vet\/\"},\"author\":{\"name\":\"Ole Andersen\",\"@id\":\"https:\/\/nordnesrepublikken.no\/#\/schema\/person\/2e7e81935bab77882fffb79296240ff1\"},\"headline\":\"Jernbaneulykke p\u00e5 Brenner-Trento, sammenst\u00f8t mellom et godstog og en regional: Det vi vet\",\"datePublished\":\"2025-08-20T11:49:30+00:00\",\"dateModified\":\"2025-08-20T11:49:31+00:00\",\"mainEntityOfPage\":{\"@id\":\"https:\/\/nordnesrepublikken.no\/index.php\/2025\/08\/20\/jernbaneulykke-pa-brenner-trento-sammenstot-mellom-et-godstog-og-en-regional-det-vi-vet\/\"},\"wordCount\":207,\"publisher\":{\"@id\":\"https:\/\/nordnesrepublikken.no\/#organization\"},\"image\":{\"@id\":\"https:\/\/nordnesrepublikken.no\/index.php\/2025\/08\/20\/jernbaneulykke-pa-brenner-trento-sammenstot-mellom-et-godstog-og-en-regional-det-vi-vet\/#primaryimage\"},\"thumbnailUrl\":\"https:\/\/nordnesrepublikken.no\/wp-content\/uploads\/2025\/08\/1755690570_Jernbaneulykke-pa-Brenner-Trento-sammenstot-mellom-et-godstog-og-en-regional.jpg\",\"keywords\":[\"BrennerTrento\",\"Det\",\"godstog\",\"Jernbaneulykke\",\"mellom\",\"p\u00e5\",\"regional\",\"sammenst\u00f8t\",\"vet\"],\"articleSection\":[\"Samfunn\"],\"inLanguage\":\"nb-NO\"},{\"@type\":\"WebPage\",\"@id\":\"https:\/\/nordnesrepublikken.no\/index.php\/2025\/08\/20\/jernbaneulykke-pa-brenner-trento-sammenstot-mellom-et-godstog-og-en-regional-det-vi-vet\/\",\"url\":\"https:\/\/nordnesrepublikken.no\/index.php\/2025\/08\/20\/jernbaneulykke-pa-brenner-trento-sammenstot-mellom-et-godstog-og-en-regional-det-vi-vet\/\",\"name\":\"Jernbaneulykke p\u00e5 Brenner-Trento, sammenst\u00f8t mellom et godstog og en regional: Det vi vet - Nordnesrepublikken\",\"isPartOf\":{\"@id\":\"https:\/\/nordnesrepublikken.no\/#website\"},\"primaryImageOfPage\":{\"@id\":\"https:\/\/nordnesrepublikken.no\/index.php\/2025\/08\/20\/jernbaneulykke-pa-brenner-trento-sammenstot-mellom-et-godstog-og-en-regional-det-vi-vet\/#primaryimage\"},\"image\":{\"@id\":\"https:\/\/nordnesrepublikken.no\/index.php\/2025\/08\/20\/jernbaneulykke-pa-brenner-trento-sammenstot-mellom-et-godstog-og-en-regional-det-vi-vet\/#primaryimage\"},\"thumbnailUrl\":\"https:\/\/nordnesrepublikken.no\/wp-content\/uploads\/2025\/08\/1755690570_Jernbaneulykke-pa-Brenner-Trento-sammenstot-mellom-et-godstog-og-en-regional.jpg\",\"datePublished\":\"2025-08-20T11:49:30+00:00\",\"dateModified\":\"2025-08-20T11:49:31+00:00\",\"breadcrumb\":{\"@id\":\"https:\/\/nordnesrepublikken.no\/index.php\/2025\/08\/20\/jernbaneulykke-pa-brenner-trento-sammenstot-mellom-et-godstog-og-en-regional-det-vi-vet\/#breadcrumb\"},\"inLanguage\":\"nb-NO\",\"potentialAction\":[{\"@type\":\"ReadAction\",\"target\":[\"https:\/\/nordnesrepublikken.no\/index.php\/2025\/08\/20\/jernbaneulykke-pa-brenner-trento-sammenstot-mellom-et-godstog-og-en-regional-det-vi-vet\/\"]}]},{\"@type\":\"ImageObject\",\"inLanguage\":\"nb-NO\",\"@id\":\"https:\/\/nordnesrepublikken.no\/index.php\/2025\/08\/20\/jernbaneulykke-pa-brenner-trento-sammenstot-mellom-et-godstog-og-en-regional-det-vi-vet\/#primaryimage\",\"url\":\"https:\/\/nordnesrepublikken.no\/wp-content\/uploads\/2025\/08\/1755690570_Jernbaneulykke-pa-Brenner-Trento-sammenstot-mellom-et-godstog-og-en-regional.jpg\",\"contentUrl\":\"https:\/\/nordnesrepublikken.no\/wp-content\/uploads\/2025\/08\/1755690570_Jernbaneulykke-pa-Brenner-Trento-sammenstot-mellom-et-godstog-og-en-regional.jpg\",\"width\":1170,\"height\":878,\"caption\":\"Incidente-ferroviario-Trento_imagefullwide\"},{\"@type\":\"BreadcrumbList\",\"@id\":\"https:\/\/nordnesrepublikken.no\/index.php\/2025\/08\/20\/jernbaneulykke-pa-brenner-trento-sammenstot-mellom-et-godstog-og-en-regional-det-vi-vet\/#breadcrumb\",\"itemListElement\":[{\"@type\":\"ListItem\",\"position\":1,\"name\":\"Home\",\"item\":\"https:\/\/nordnesrepublikken.no\/\"},{\"@type\":\"ListItem\",\"position\":2,\"name\":\"Jernbaneulykke p\u00e5 Brenner-Trento, sammenst\u00f8t mellom et godstog og en regional: Det vi vet\"}]},{\"@type\":\"WebSite\",\"@id\":\"https:\/\/nordnesrepublikken.no\/#website\",\"url\":\"https:\/\/nordnesrepublikken.no\/\",\"name\":\"Nordnesrepublikken\",\"description\":\"Stemmer og Visjoner fra Republikkens Hjerte\",\"publisher\":{\"@id\":\"https:\/\/nordnesrepublikken.no\/#organization\"},\"potentialAction\":[{\"@type\":\"SearchAction\",\"target\":{\"@type\":\"EntryPoint\",\"urlTemplate\":\"https:\/\/nordnesrepublikken.no\/?s={search_term_string}\"},\"query-input\":{\"@type\":\"PropertyValueSpecification\",\"valueRequired\":true,\"valueName\":\"search_term_string\"}}],\"inLanguage\":\"nb-NO\"},{\"@type\":\"Organization\",\"@id\":\"https:\/\/nordnesrepublikken.no\/#organization\",\"name\":\"Nordnesrepublikken\",\"url\":\"https:\/\/nordnesrepublikken.no\/\",\"logo\":{\"@type\":\"ImageObject\",\"inLanguage\":\"nb-NO\",\"@id\":\"https:\/\/nordnesrepublikken.no\/#\/schema\/logo\/image\/\",\"url\":\"https:\/\/nordnesrepublikken.no\/wp-content\/uploads\/2025\/02\/cropped-nordnesrepublikken-2.png\",\"contentUrl\":\"https:\/\/nordnesrepublikken.no\/wp-content\/uploads\/2025\/02\/cropped-nordnesrepublikken-2.png\",\"width\":1248,\"height\":362,\"caption\":\"Nordnesrepublikken\"},\"image\":{\"@id\":\"https:\/\/nordnesrepublikken.no\/#\/schema\/logo\/image\/\"}},{\"@type\":\"Person\",\"@id\":\"https:\/\/nordnesrepublikken.no\/#\/schema\/person\/2e7e81935bab77882fffb79296240ff1\",\"name\":\"Ole Andersen\",\"image\":{\"@type\":\"ImageObject\",\"inLanguage\":\"nb-NO\",\"@id\":\"https:\/\/nordnesrepublikken.no\/#\/schema\/person\/image\/\",\"url\":\"https:\/\/nordnesrepublikken.no\/wp-content\/uploads\/2025\/02\/nordnesrepublikken-2-2-150x150.jpg\",\"contentUrl\":\"https:\/\/nordnesrepublikken.no\/wp-content\/uploads\/2025\/02\/nordnesrepublikken-2-2-150x150.jpg\",\"caption\":\"Ole Andersen\"},\"description\":\"Ettersom jeg vokste opp i Oslo, har jeg alltid v\u00e6rt fascinert av ordenes kraft og deres evne til \u00e5 skape endringer. Etter \u00e5 ha fullf\u00f8rt min utdannelse i kommunikasjon ved Universitetet i Bergen, fikk jeg muligheten til \u00e5 jobbe innen ulike medier, der jeg har s\u00f8kt \u00e5 belyse viktige samfunnssp\u00f8rsm\u00e5l. I dag, som redakt\u00f8r for Nordnesrepublikken, pr\u00f8ver jeg \u00e5 forene min kj\u00e6rlighet for journalistikk med min lidenskap for innovasjon og eventyr.\",\"sameAs\":[\"https:\/\/nordnesrepublikken.no\/\"]}]}<\/script>\n<!-- \/ Yoast SEO plugin. -->","yoast_head_json":{"title":"Jernbaneulykke p\u00e5 Brenner-Trento, sammenst\u00f8t mellom et godstog og en regional: Det vi vet - Nordnesrepublikken","robots":{"index":"index","follow":"follow","max-snippet":"max-snippet:-1","max-image-preview":"max-image-preview:large","max-video-preview":"max-video-preview:-1"},"canonical":"https:\/\/nordnesrepublikken.no\/index.php\/2025\/08\/20\/jernbaneulykke-pa-brenner-trento-sammenstot-mellom-et-godstog-og-en-regional-det-vi-vet\/","og_locale":"nb_NO","og_type":"article","og_title":"Jernbaneulykke p\u00e5 Brenner-Trento, sammenst\u00f8t mellom et godstog og en regional: Det vi vet - Nordnesrepublikken","og_description":"EN godstog Han kolliderte med en regional p\u00e5 jernbanelinjen til Brenner: Ulykken skulle finne sted","og_url":"https:\/\/nordnesrepublikken.no\/index.php\/2025\/08\/20\/jernbaneulykke-pa-brenner-trento-sammenstot-mellom-et-godstog-og-en-regional-det-vi-vet\/","og_site_name":"Nordnesrepublikken","article_published_time":"2025-08-20T11:49:30+00:00","article_modified_time":"2025-08-20T11:49:31+00:00","og_image":[{"width":1170,"height":878,"url":"https:\/\/nordnesrepublikken.no\/wp-content\/uploads\/2025\/08\/1755690570_Jernbaneulykke-pa-Brenner-Trento-sammenstot-mellom-et-godstog-og-en-regional.jpg","type":"image\/jpeg"}],"author":"Ole Andersen","twitter_card":"summary_large_image","twitter_misc":{"Skrevet av":"Ole Andersen","Ansl. lesetid":"1 minutt"},"schema":{"@context":"https:\/\/schema.org","@graph":[{"@type":"Article","@id":"https:\/\/nordnesrepublikken.no\/index.php\/2025\/08\/20\/jernbaneulykke-pa-brenner-trento-sammenstot-mellom-et-godstog-og-en-regional-det-vi-vet\/#article","isPartOf":{"@id":"https:\/\/nordnesrepublikken.no\/index.php\/2025\/08\/20\/jernbaneulykke-pa-brenner-trento-sammenstot-mellom-et-godstog-og-en-regional-det-vi-vet\/"},"author":{"name":"Ole Andersen","@id":"https:\/\/nordnesrepublikken.no\/#\/schema\/person\/2e7e81935bab77882fffb79296240ff1"},"headline":"Jernbaneulykke p\u00e5 Brenner-Trento, sammenst\u00f8t mellom et godstog og en regional: Det vi vet","datePublished":"2025-08-20T11:49:30+00:00","dateModified":"2025-08-20T11:49:31+00:00","mainEntityOfPage":{"@id":"https:\/\/nordnesrepublikken.no\/index.php\/2025\/08\/20\/jernbaneulykke-pa-brenner-trento-sammenstot-mellom-et-godstog-og-en-regional-det-vi-vet\/"},"wordCount":207,"publisher":{"@id":"https:\/\/nordnesrepublikken.no\/#organization"},"image":{"@id":"https:\/\/nordnesrepublikken.no\/index.php\/2025\/08\/20\/jernbaneulykke-pa-brenner-trento-sammenstot-mellom-et-godstog-og-en-regional-det-vi-vet\/#primaryimage"},"thumbnailUrl":"https:\/\/nordnesrepublikken.no\/wp-content\/uploads\/2025\/08\/1755690570_Jernbaneulykke-pa-Brenner-Trento-sammenstot-mellom-et-godstog-og-en-regional.jpg","keywords":["BrennerTrento","Det","godstog","Jernbaneulykke","mellom","p\u00e5","regional","sammenst\u00f8t","vet"],"articleSection":["Samfunn"],"inLanguage":"nb-NO"},{"@type":"WebPage","@id":"https:\/\/nordnesrepublikken.no\/index.php\/2025\/08\/20\/jernbaneulykke-pa-brenner-trento-sammenstot-mellom-et-godstog-og-en-regional-det-vi-vet\/","url":"https:\/\/nordnesrepublikken.no\/index.php\/2025\/08\/20\/jernbaneulykke-pa-brenner-trento-sammenstot-mellom-et-godstog-og-en-regional-det-vi-vet\/","name":"Jernbaneulykke p\u00e5 Brenner-Trento, sammenst\u00f8t mellom et godstog og en regional: Det vi vet - Nordnesrepublikken","isPartOf":{"@id":"https:\/\/nordnesrepublikken.no\/#website"},"primaryImageOfPage":{"@id":"https:\/\/nordnesrepublikken.no\/index.php\/2025\/08\/20\/jernbaneulykke-pa-brenner-trento-sammenstot-mellom-et-godstog-og-en-regional-det-vi-vet\/#primaryimage"},"image":{"@id":"https:\/\/nordnesrepublikken.no\/index.php\/2025\/08\/20\/jernbaneulykke-pa-brenner-trento-sammenstot-mellom-et-godstog-og-en-regional-det-vi-vet\/#primaryimage"},"thumbnailUrl":"https:\/\/nordnesrepublikken.no\/wp-content\/uploads\/2025\/08\/1755690570_Jernbaneulykke-pa-Brenner-Trento-sammenstot-mellom-et-godstog-og-en-regional.jpg","datePublished":"2025-08-20T11:49:30+00:00","dateModified":"2025-08-20T11:49:31+00:00","breadcrumb":{"@id":"https:\/\/nordnesrepublikken.no\/index.php\/2025\/08\/20\/jernbaneulykke-pa-brenner-trento-sammenstot-mellom-et-godstog-og-en-regional-det-vi-vet\/#breadcrumb"},"inLanguage":"nb-NO","potentialAction":[{"@type":"ReadAction","target":["https:\/\/nordnesrepublikken.no\/index.php\/2025\/08\/20\/jernbaneulykke-pa-brenner-trento-sammenstot-mellom-et-godstog-og-en-regional-det-vi-vet\/"]}]},{"@type":"ImageObject","inLanguage":"nb-NO","@id":"https:\/\/nordnesrepublikken.no\/index.php\/2025\/08\/20\/jernbaneulykke-pa-brenner-trento-sammenstot-mellom-et-godstog-og-en-regional-det-vi-vet\/#primaryimage","url":"https:\/\/nordnesrepublikken.no\/wp-content\/uploads\/2025\/08\/1755690570_Jernbaneulykke-pa-Brenner-Trento-sammenstot-mellom-et-godstog-og-en-regional.jpg","contentUrl":"https:\/\/nordnesrepublikken.no\/wp-content\/uploads\/2025\/08\/1755690570_Jernbaneulykke-pa-Brenner-Trento-sammenstot-mellom-et-godstog-og-en-regional.jpg","width":1170,"height":878,"caption":"Incidente-ferroviario-Trento_imagefullwide"},{"@type":"BreadcrumbList","@id":"https:\/\/nordnesrepublikken.no\/index.php\/2025\/08\/20\/jernbaneulykke-pa-brenner-trento-sammenstot-mellom-et-godstog-og-en-regional-det-vi-vet\/#breadcrumb","itemListElement":[{"@type":"ListItem","position":1,"name":"Home","item":"https:\/\/nordnesrepublikken.no\/"},{"@type":"ListItem","position":2,"name":"Jernbaneulykke p\u00e5 Brenner-Trento, sammenst\u00f8t mellom et godstog og en regional: Det vi vet"}]},{"@type":"WebSite","@id":"https:\/\/nordnesrepublikken.no\/#website","url":"https:\/\/nordnesrepublikken.no\/","name":"Nordnesrepublikken","description":"Stemmer og Visjoner fra Republikkens Hjerte","publisher":{"@id":"https:\/\/nordnesrepublikken.no\/#organization"},"potentialAction":[{"@type":"SearchAction","target":{"@type":"EntryPoint","urlTemplate":"https:\/\/nordnesrepublikken.no\/?s={search_term_string}"},"query-input":{"@type":"PropertyValueSpecification","valueRequired":true,"valueName":"search_term_string"}}],"inLanguage":"nb-NO"},{"@type":"Organization","@id":"https:\/\/nordnesrepublikken.no\/#organization","name":"Nordnesrepublikken","url":"https:\/\/nordnesrepublikken.no\/","logo":{"@type":"ImageObject","inLanguage":"nb-NO","@id":"https:\/\/nordnesrepublikken.no\/#\/schema\/logo\/image\/","url":"https:\/\/nordnesrepublikken.no\/wp-content\/uploads\/2025\/02\/cropped-nordnesrepublikken-2.png","contentUrl":"https:\/\/nordnesrepublikken.no\/wp-content\/uploads\/2025\/02\/cropped-nordnesrepublikken-2.png","width":1248,"height":362,"caption":"Nordnesrepublikken"},"image":{"@id":"https:\/\/nordnesrepublikken.no\/#\/schema\/logo\/image\/"}},{"@type":"Person","@id":"https:\/\/nordnesrepublikken.no\/#\/schema\/person\/2e7e81935bab77882fffb79296240ff1","name":"Ole Andersen","image":{"@type":"ImageObject","inLanguage":"nb-NO","@id":"https:\/\/nordnesrepublikken.no\/#\/schema\/person\/image\/","url":"https:\/\/nordnesrepublikken.no\/wp-content\/uploads\/2025\/02\/nordnesrepublikken-2-2-150x150.jpg","contentUrl":"https:\/\/nordnesrepublikken.no\/wp-content\/uploads\/2025\/02\/nordnesrepublikken-2-2-150x150.jpg","caption":"Ole Andersen"},"description":"Ettersom jeg vokste opp i Oslo, har jeg alltid v\u00e6rt fascinert av ordenes kraft og deres evne til \u00e5 skape endringer. Etter \u00e5 ha fullf\u00f8rt min utdannelse i kommunikasjon ved Universitetet i Bergen, fikk jeg muligheten til \u00e5 jobbe innen ulike medier, der jeg har s\u00f8kt \u00e5 belyse viktige samfunnssp\u00f8rsm\u00e5l. I dag, som redakt\u00f8r for Nordnesrepublikken, pr\u00f8ver jeg \u00e5 forene min kj\u00e6rlighet for journalistikk med min lidenskap for innovasjon og eventyr.","sameAs":["https:\/\/nordnesrepublikken.no\/"]}]}},"_links":{"self":[{"href":"https:\/\/nordnesrepublikken.no\/index.php\/wp-json\/wp\/v2\/posts\/8521","targetHints":{"allow":["GET"]}}],"collection":[{"href":"https:\/\/nordnesrepublikken.no\/index.php\/wp-json\/wp\/v2\/posts"}],"about":[{"href":"https:\/\/nordnesrepublikken.no\/index.php\/wp-json\/wp\/v2\/types\/post"}],"author":[{"embeddable":true,"href":"https:\/\/nordnesrepublikken.no\/index.php\/wp-json\/wp\/v2\/users\/1"}],"replies":[{"embeddable":true,"href":"https:\/\/nordnesrepublikken.no\/index.php\/wp-json\/wp\/v2\/comments?post=8521"}],"version-history":[{"count":1,"href":"https:\/\/nordnesrepublikken.no\/index.php\/wp-json\/wp\/v2\/posts\/8521\/revisions"}],"predecessor-version":[{"id":8523,"href":"https:\/\/nordnesrepublikken.no\/index.php\/wp-json\/wp\/v2\/posts\/8521\/revisions\/8523"}],"wp:featuredmedia":[{"embeddable":true,"href":"https:\/\/nordnesrepublikken.no\/index.php\/wp-json\/wp\/v2\/media\/8522"}],"wp:attachment":[{"href":"https:\/\/nordnesrepublikken.no\/index.php\/wp-json\/wp\/v2\/media?parent=8521"}],"wp:term":[{"taxonomy":"category","embeddable":true,"href":"https:\/\/nordnesrepublikken.no\/index.php\/wp-json\/wp\/v2\/categories?post=8521"},{"taxonomy":"post_tag","embeddable":true,"href":"https:\/\/nordnesrepublikken.no\/index.php\/wp-json\/wp\/v2\/tags?post=8521"}],"curies":[{"name":"wp","href":"https:\/\/api.w.org\/{rel}","templated":true}]}}