{"id":8461,"date":"2025-08-19T13:49:38","date_gmt":"2025-08-19T11:49:38","guid":{"rendered":"https:\/\/nordnesrepublikken.no\/index.php\/2025\/08\/19\/organisert-en-massevandring-for-klimaendringer\/"},"modified":"2025-08-19T13:49:42","modified_gmt":"2025-08-19T11:49:42","slug":"organisert-en-massevandring-for-klimaendringer","status":"publish","type":"post","link":"https:\/\/nordnesrepublikken.no\/index.php\/2025\/08\/19\/organisert-en-massevandring-for-klimaendringer\/","title":{"rendered":"organisert en massevandring for klimaendringer"},"content":{"rendered":"<div>\n<div class=\"cp_wrapper cp_wrapper--fw mb-30 mb-20@tablet\">\n<figure class=\"mm\"><picture class=\"img\" style=\"padding-top:56.25%\"><source  media=\"(min-width: 1024px)\"><source  media=\"(min-width: 768px)\"><\/source><\/source><\/picture><\/figure>\n<\/p><\/div>\n<p><strong>Tuvalu<\/strong> det er veldig lite <strong>\u00d8y<\/strong> av <strong>Stillehavet<\/strong>en skj\u00e6rg\u00e5rd best\u00e5ende av korall\u00f8yer og atols halvveis mellom Australia og Hawaii i totalt 26 kvadratkilometer overflate og mindre enn 10.000 innbyggere. Bokstavelig talt omgitt av et hav av vann, har Tuvalu v\u00e6rt i media s\u00f8kelyset i noen tid for et nysgjerrig og dristig prosjekt: den <strong>Massemigrasjon <\/strong>av befolkningen. Grunnen? Heve havniv\u00e5et for\u00e5rsaket av <strong>Klimaendringer<\/strong>.<\/p>\n<h2>Hva skjer i Tuvalu: trusselen om klimaendringer<\/h2>\n<p>Gitt landets gjennomsnittlige h\u00f8yde (mindre enn 2 meter, som er sammensatt av sm\u00e5 \u00f8yer), kan vi veldig godt forst\u00e5 deres s\u00e5rbarhet i m\u00f8te med problemet med<strong>Havniv\u00e5heving<\/strong>: Den lille staten synker faktisk sakte.<\/p>\n<p>I f\u00f8lge rapporten <em>Vurdering av havniv\u00e5stigning og tilh\u00f8rende virkninger for Tuvalu<\/em>utgitt av NASA, i l\u00f8pet av de siste 30 \u00e5rene har havniv\u00e5et i Tuvalu \u00f8kt unormalt med omtrent <strong>15 cm<\/strong>med en gjennomsnittlig rate p\u00e5 <strong>5 mm\/\u00e5r<\/strong> Og <strong>For \u00f8yeblikket \u00f8ker<\/strong>.<\/p>\n<p>Det kan virke som en ubetydelig skikkelse, men hvis trenden blir bekreftet, eller til og med forverres, kan havniv\u00e5et i Tuvalu \u00f8ke p\u00e5 slutten av \u00e5rhundret <strong>1 meter<\/strong>eller til og med 2: P\u00e5 dette tidspunktet ville mye av landets territorium v\u00e6re <strong>under havniv\u00e5et<\/strong>men milj\u00f8krisen ville begynne mye tidligere.<\/p>\n<p>De ville ikke bare v\u00e6re <strong>flom<\/strong>Faktisk for \u00e5 representere et problem (i alle fall ikke ubetydelig for menneskers liv og bevaring av bygninger og infrastrukturer), men alt vil bli ytterligere komplisert av den progressive LA <strong>Saltinisering av bakkene<\/strong>som ville kompromittere vannforsyningen og ville gj\u00f8re eksistensen jordbruk bare upraktisk.<\/p>\n<h2>Massemigrasjon<\/h2>\n<p>Denne tilstanden, ikke b\u00e6rekraftig p\u00e5 lang sikt, om ikke gjennom \u00e5 imponere og veldig dyre ingeni\u00f8rverk, har presset administrasjonen av Tuvale til \u00e5 vurdere <strong>migrasjon<\/strong> av befolkningen som den eneste umiddelbart akseptable l\u00f8sningen.<\/p>\n<p>Prosjektet ser det direkte samarbeidet med naboen <strong>Australia<\/strong>: I juni 2025 den f\u00f8rste kunngj\u00f8ringen av <em>Falpili mobilitetsvei<\/em>et program som vil tillate opp til <strong>280 borgere<\/strong> av Tuvalu per \u00e5r for \u00e5 flytte, jobbe og studere i Australia.<\/p>\n<p>Initiativet er en del av det allerede eksisterende <em>Falepili Union -traktat<\/em>startet i 2023 som svar p\u00e5 Tuvalus foresp\u00f8rsel om konkret st\u00f8tte i m\u00f8te med den \u00f8kende trusselen om havet i havet. Hvis i de neste ti\u00e5rene, ville alle innbyggerne i Tuvalu flytte, ville vi bli m\u00f8tt med <strong>F\u00f8rst planlagt migrasjon av et helt land p\u00e5 grunn av klimaendringer<\/strong>.<\/p>\n<\/p><\/div>\n","protected":false},"excerpt":{"rendered":"<p>Tuvalu det er veldig lite \u00d8y av Stillehaveten skj\u00e6rg\u00e5rd best\u00e5ende av korall\u00f8yer og atols halvveis<\/p>\n","protected":false},"author":1,"featured_media":8462,"comment_status":"closed","ping_status":"open","sticky":false,"template":"","format":"standard","meta":{"footnotes":""},"categories":[26],"tags":[3183,5553,2441],"class_list":["post-8461","post","type-post","status-publish","format-standard","has-post-thumbnail","hentry","category-miljo","tag-klimaendringer","tag-massevandring","tag-organisert","generate-columns","tablet-grid-50","mobile-grid-100","grid-parent","grid-33","resize-featured-image"],"yoast_head":"<!-- This site is optimized with the Yoast SEO plugin v24.4 - https:\/\/yoast.com\/wordpress\/plugins\/seo\/ -->\n<title>organisert en massevandring for klimaendringer - Nordnesrepublikken<\/title>\n<meta name=\"robots\" content=\"index, follow, max-snippet:-1, max-image-preview:large, max-video-preview:-1\" \/>\n<link rel=\"canonical\" href=\"https:\/\/nordnesrepublikken.no\/index.php\/2025\/08\/19\/organisert-en-massevandring-for-klimaendringer\/\" \/>\n<meta property=\"og:locale\" content=\"nb_NO\" \/>\n<meta property=\"og:type\" content=\"article\" \/>\n<meta property=\"og:title\" content=\"organisert en massevandring for klimaendringer - Nordnesrepublikken\" \/>\n<meta property=\"og:description\" content=\"Tuvalu det er veldig lite \u00d8y av Stillehaveten skj\u00e6rg\u00e5rd best\u00e5ende av korall\u00f8yer og atols halvveis\" \/>\n<meta property=\"og:url\" content=\"https:\/\/nordnesrepublikken.no\/index.php\/2025\/08\/19\/organisert-en-massevandring-for-klimaendringer\/\" \/>\n<meta property=\"og:site_name\" content=\"Nordnesrepublikken\" \/>\n<meta property=\"article:published_time\" content=\"2025-08-19T11:49:38+00:00\" \/>\n<meta property=\"article:modified_time\" content=\"2025-08-19T11:49:42+00:00\" \/>\n<meta property=\"og:image\" content=\"https:\/\/nordnesrepublikken.no\/wp-content\/uploads\/2025\/08\/1755604179_organisert-en-massevandring-for-klimaendringer.jpg\" \/>\n\t<meta property=\"og:image:width\" content=\"2156\" \/>\n\t<meta property=\"og:image:height\" content=\"1390\" \/>\n\t<meta property=\"og:image:type\" content=\"image\/jpeg\" \/>\n<meta name=\"author\" content=\"Ole Andersen\" \/>\n<meta name=\"twitter:card\" content=\"summary_large_image\" \/>\n<meta name=\"twitter:label1\" content=\"Skrevet av\" \/>\n\t<meta name=\"twitter:data1\" content=\"Ole Andersen\" \/>\n\t<meta name=\"twitter:label2\" content=\"Ansl. lesetid\" \/>\n\t<meta name=\"twitter:data2\" content=\"2 minutter\" \/>\n<script type=\"application\/ld+json\" class=\"yoast-schema-graph\">{\"@context\":\"https:\/\/schema.org\",\"@graph\":[{\"@type\":\"Article\",\"@id\":\"https:\/\/nordnesrepublikken.no\/index.php\/2025\/08\/19\/organisert-en-massevandring-for-klimaendringer\/#article\",\"isPartOf\":{\"@id\":\"https:\/\/nordnesrepublikken.no\/index.php\/2025\/08\/19\/organisert-en-massevandring-for-klimaendringer\/\"},\"author\":{\"name\":\"Ole Andersen\",\"@id\":\"https:\/\/nordnesrepublikken.no\/#\/schema\/person\/2e7e81935bab77882fffb79296240ff1\"},\"headline\":\"organisert en massevandring for klimaendringer\",\"datePublished\":\"2025-08-19T11:49:38+00:00\",\"dateModified\":\"2025-08-19T11:49:42+00:00\",\"mainEntityOfPage\":{\"@id\":\"https:\/\/nordnesrepublikken.no\/index.php\/2025\/08\/19\/organisert-en-massevandring-for-klimaendringer\/\"},\"wordCount\":391,\"publisher\":{\"@id\":\"https:\/\/nordnesrepublikken.no\/#organization\"},\"image\":{\"@id\":\"https:\/\/nordnesrepublikken.no\/index.php\/2025\/08\/19\/organisert-en-massevandring-for-klimaendringer\/#primaryimage\"},\"thumbnailUrl\":\"https:\/\/nordnesrepublikken.no\/wp-content\/uploads\/2025\/08\/1755604179_organisert-en-massevandring-for-klimaendringer.jpg\",\"keywords\":[\"Klimaendringer\",\"massevandring\",\"organisert\"],\"articleSection\":[\"Milj\u00f8\"],\"inLanguage\":\"nb-NO\"},{\"@type\":\"WebPage\",\"@id\":\"https:\/\/nordnesrepublikken.no\/index.php\/2025\/08\/19\/organisert-en-massevandring-for-klimaendringer\/\",\"url\":\"https:\/\/nordnesrepublikken.no\/index.php\/2025\/08\/19\/organisert-en-massevandring-for-klimaendringer\/\",\"name\":\"organisert en massevandring for klimaendringer - Nordnesrepublikken\",\"isPartOf\":{\"@id\":\"https:\/\/nordnesrepublikken.no\/#website\"},\"primaryImageOfPage\":{\"@id\":\"https:\/\/nordnesrepublikken.no\/index.php\/2025\/08\/19\/organisert-en-massevandring-for-klimaendringer\/#primaryimage\"},\"image\":{\"@id\":\"https:\/\/nordnesrepublikken.no\/index.php\/2025\/08\/19\/organisert-en-massevandring-for-klimaendringer\/#primaryimage\"},\"thumbnailUrl\":\"https:\/\/nordnesrepublikken.no\/wp-content\/uploads\/2025\/08\/1755604179_organisert-en-massevandring-for-klimaendringer.jpg\",\"datePublished\":\"2025-08-19T11:49:38+00:00\",\"dateModified\":\"2025-08-19T11:49:42+00:00\",\"breadcrumb\":{\"@id\":\"https:\/\/nordnesrepublikken.no\/index.php\/2025\/08\/19\/organisert-en-massevandring-for-klimaendringer\/#breadcrumb\"},\"inLanguage\":\"nb-NO\",\"potentialAction\":[{\"@type\":\"ReadAction\",\"target\":[\"https:\/\/nordnesrepublikken.no\/index.php\/2025\/08\/19\/organisert-en-massevandring-for-klimaendringer\/\"]}]},{\"@type\":\"ImageObject\",\"inLanguage\":\"nb-NO\",\"@id\":\"https:\/\/nordnesrepublikken.no\/index.php\/2025\/08\/19\/organisert-en-massevandring-for-klimaendringer\/#primaryimage\",\"url\":\"https:\/\/nordnesrepublikken.no\/wp-content\/uploads\/2025\/08\/1755604179_organisert-en-massevandring-for-klimaendringer.jpg\",\"contentUrl\":\"https:\/\/nordnesrepublikken.no\/wp-content\/uploads\/2025\/08\/1755604179_organisert-en-massevandring-for-klimaendringer.jpg\",\"width\":2156,\"height\":1390,\"caption\":\"tuvalu\"},{\"@type\":\"BreadcrumbList\",\"@id\":\"https:\/\/nordnesrepublikken.no\/index.php\/2025\/08\/19\/organisert-en-massevandring-for-klimaendringer\/#breadcrumb\",\"itemListElement\":[{\"@type\":\"ListItem\",\"position\":1,\"name\":\"Home\",\"item\":\"https:\/\/nordnesrepublikken.no\/\"},{\"@type\":\"ListItem\",\"position\":2,\"name\":\"organisert en massevandring for klimaendringer\"}]},{\"@type\":\"WebSite\",\"@id\":\"https:\/\/nordnesrepublikken.no\/#website\",\"url\":\"https:\/\/nordnesrepublikken.no\/\",\"name\":\"Nordnesrepublikken\",\"description\":\"Stemmer og Visjoner fra Republikkens Hjerte\",\"publisher\":{\"@id\":\"https:\/\/nordnesrepublikken.no\/#organization\"},\"potentialAction\":[{\"@type\":\"SearchAction\",\"target\":{\"@type\":\"EntryPoint\",\"urlTemplate\":\"https:\/\/nordnesrepublikken.no\/?s={search_term_string}\"},\"query-input\":{\"@type\":\"PropertyValueSpecification\",\"valueRequired\":true,\"valueName\":\"search_term_string\"}}],\"inLanguage\":\"nb-NO\"},{\"@type\":\"Organization\",\"@id\":\"https:\/\/nordnesrepublikken.no\/#organization\",\"name\":\"Nordnesrepublikken\",\"url\":\"https:\/\/nordnesrepublikken.no\/\",\"logo\":{\"@type\":\"ImageObject\",\"inLanguage\":\"nb-NO\",\"@id\":\"https:\/\/nordnesrepublikken.no\/#\/schema\/logo\/image\/\",\"url\":\"https:\/\/nordnesrepublikken.no\/wp-content\/uploads\/2025\/02\/cropped-nordnesrepublikken-2.png\",\"contentUrl\":\"https:\/\/nordnesrepublikken.no\/wp-content\/uploads\/2025\/02\/cropped-nordnesrepublikken-2.png\",\"width\":1248,\"height\":362,\"caption\":\"Nordnesrepublikken\"},\"image\":{\"@id\":\"https:\/\/nordnesrepublikken.no\/#\/schema\/logo\/image\/\"}},{\"@type\":\"Person\",\"@id\":\"https:\/\/nordnesrepublikken.no\/#\/schema\/person\/2e7e81935bab77882fffb79296240ff1\",\"name\":\"Ole Andersen\",\"image\":{\"@type\":\"ImageObject\",\"inLanguage\":\"nb-NO\",\"@id\":\"https:\/\/nordnesrepublikken.no\/#\/schema\/person\/image\/\",\"url\":\"https:\/\/nordnesrepublikken.no\/wp-content\/uploads\/2025\/02\/nordnesrepublikken-2-2-150x150.jpg\",\"contentUrl\":\"https:\/\/nordnesrepublikken.no\/wp-content\/uploads\/2025\/02\/nordnesrepublikken-2-2-150x150.jpg\",\"caption\":\"Ole Andersen\"},\"description\":\"Ettersom jeg vokste opp i Oslo, har jeg alltid v\u00e6rt fascinert av ordenes kraft og deres evne til \u00e5 skape endringer. Etter \u00e5 ha fullf\u00f8rt min utdannelse i kommunikasjon ved Universitetet i Bergen, fikk jeg muligheten til \u00e5 jobbe innen ulike medier, der jeg har s\u00f8kt \u00e5 belyse viktige samfunnssp\u00f8rsm\u00e5l. I dag, som redakt\u00f8r for Nordnesrepublikken, pr\u00f8ver jeg \u00e5 forene min kj\u00e6rlighet for journalistikk med min lidenskap for innovasjon og eventyr.\",\"sameAs\":[\"https:\/\/nordnesrepublikken.no\/\"]}]}<\/script>\n<!-- \/ Yoast SEO plugin. -->","yoast_head_json":{"title":"organisert en massevandring for klimaendringer - Nordnesrepublikken","robots":{"index":"index","follow":"follow","max-snippet":"max-snippet:-1","max-image-preview":"max-image-preview:large","max-video-preview":"max-video-preview:-1"},"canonical":"https:\/\/nordnesrepublikken.no\/index.php\/2025\/08\/19\/organisert-en-massevandring-for-klimaendringer\/","og_locale":"nb_NO","og_type":"article","og_title":"organisert en massevandring for klimaendringer - Nordnesrepublikken","og_description":"Tuvalu det er veldig lite \u00d8y av Stillehaveten skj\u00e6rg\u00e5rd best\u00e5ende av korall\u00f8yer og atols halvveis","og_url":"https:\/\/nordnesrepublikken.no\/index.php\/2025\/08\/19\/organisert-en-massevandring-for-klimaendringer\/","og_site_name":"Nordnesrepublikken","article_published_time":"2025-08-19T11:49:38+00:00","article_modified_time":"2025-08-19T11:49:42+00:00","og_image":[{"width":2156,"height":1390,"url":"https:\/\/nordnesrepublikken.no\/wp-content\/uploads\/2025\/08\/1755604179_organisert-en-massevandring-for-klimaendringer.jpg","type":"image\/jpeg"}],"author":"Ole Andersen","twitter_card":"summary_large_image","twitter_misc":{"Skrevet av":"Ole Andersen","Ansl. lesetid":"2 minutter"},"schema":{"@context":"https:\/\/schema.org","@graph":[{"@type":"Article","@id":"https:\/\/nordnesrepublikken.no\/index.php\/2025\/08\/19\/organisert-en-massevandring-for-klimaendringer\/#article","isPartOf":{"@id":"https:\/\/nordnesrepublikken.no\/index.php\/2025\/08\/19\/organisert-en-massevandring-for-klimaendringer\/"},"author":{"name":"Ole Andersen","@id":"https:\/\/nordnesrepublikken.no\/#\/schema\/person\/2e7e81935bab77882fffb79296240ff1"},"headline":"organisert en massevandring for klimaendringer","datePublished":"2025-08-19T11:49:38+00:00","dateModified":"2025-08-19T11:49:42+00:00","mainEntityOfPage":{"@id":"https:\/\/nordnesrepublikken.no\/index.php\/2025\/08\/19\/organisert-en-massevandring-for-klimaendringer\/"},"wordCount":391,"publisher":{"@id":"https:\/\/nordnesrepublikken.no\/#organization"},"image":{"@id":"https:\/\/nordnesrepublikken.no\/index.php\/2025\/08\/19\/organisert-en-massevandring-for-klimaendringer\/#primaryimage"},"thumbnailUrl":"https:\/\/nordnesrepublikken.no\/wp-content\/uploads\/2025\/08\/1755604179_organisert-en-massevandring-for-klimaendringer.jpg","keywords":["Klimaendringer","massevandring","organisert"],"articleSection":["Milj\u00f8"],"inLanguage":"nb-NO"},{"@type":"WebPage","@id":"https:\/\/nordnesrepublikken.no\/index.php\/2025\/08\/19\/organisert-en-massevandring-for-klimaendringer\/","url":"https:\/\/nordnesrepublikken.no\/index.php\/2025\/08\/19\/organisert-en-massevandring-for-klimaendringer\/","name":"organisert en massevandring for klimaendringer - Nordnesrepublikken","isPartOf":{"@id":"https:\/\/nordnesrepublikken.no\/#website"},"primaryImageOfPage":{"@id":"https:\/\/nordnesrepublikken.no\/index.php\/2025\/08\/19\/organisert-en-massevandring-for-klimaendringer\/#primaryimage"},"image":{"@id":"https:\/\/nordnesrepublikken.no\/index.php\/2025\/08\/19\/organisert-en-massevandring-for-klimaendringer\/#primaryimage"},"thumbnailUrl":"https:\/\/nordnesrepublikken.no\/wp-content\/uploads\/2025\/08\/1755604179_organisert-en-massevandring-for-klimaendringer.jpg","datePublished":"2025-08-19T11:49:38+00:00","dateModified":"2025-08-19T11:49:42+00:00","breadcrumb":{"@id":"https:\/\/nordnesrepublikken.no\/index.php\/2025\/08\/19\/organisert-en-massevandring-for-klimaendringer\/#breadcrumb"},"inLanguage":"nb-NO","potentialAction":[{"@type":"ReadAction","target":["https:\/\/nordnesrepublikken.no\/index.php\/2025\/08\/19\/organisert-en-massevandring-for-klimaendringer\/"]}]},{"@type":"ImageObject","inLanguage":"nb-NO","@id":"https:\/\/nordnesrepublikken.no\/index.php\/2025\/08\/19\/organisert-en-massevandring-for-klimaendringer\/#primaryimage","url":"https:\/\/nordnesrepublikken.no\/wp-content\/uploads\/2025\/08\/1755604179_organisert-en-massevandring-for-klimaendringer.jpg","contentUrl":"https:\/\/nordnesrepublikken.no\/wp-content\/uploads\/2025\/08\/1755604179_organisert-en-massevandring-for-klimaendringer.jpg","width":2156,"height":1390,"caption":"tuvalu"},{"@type":"BreadcrumbList","@id":"https:\/\/nordnesrepublikken.no\/index.php\/2025\/08\/19\/organisert-en-massevandring-for-klimaendringer\/#breadcrumb","itemListElement":[{"@type":"ListItem","position":1,"name":"Home","item":"https:\/\/nordnesrepublikken.no\/"},{"@type":"ListItem","position":2,"name":"organisert en massevandring for klimaendringer"}]},{"@type":"WebSite","@id":"https:\/\/nordnesrepublikken.no\/#website","url":"https:\/\/nordnesrepublikken.no\/","name":"Nordnesrepublikken","description":"Stemmer og Visjoner fra Republikkens Hjerte","publisher":{"@id":"https:\/\/nordnesrepublikken.no\/#organization"},"potentialAction":[{"@type":"SearchAction","target":{"@type":"EntryPoint","urlTemplate":"https:\/\/nordnesrepublikken.no\/?s={search_term_string}"},"query-input":{"@type":"PropertyValueSpecification","valueRequired":true,"valueName":"search_term_string"}}],"inLanguage":"nb-NO"},{"@type":"Organization","@id":"https:\/\/nordnesrepublikken.no\/#organization","name":"Nordnesrepublikken","url":"https:\/\/nordnesrepublikken.no\/","logo":{"@type":"ImageObject","inLanguage":"nb-NO","@id":"https:\/\/nordnesrepublikken.no\/#\/schema\/logo\/image\/","url":"https:\/\/nordnesrepublikken.no\/wp-content\/uploads\/2025\/02\/cropped-nordnesrepublikken-2.png","contentUrl":"https:\/\/nordnesrepublikken.no\/wp-content\/uploads\/2025\/02\/cropped-nordnesrepublikken-2.png","width":1248,"height":362,"caption":"Nordnesrepublikken"},"image":{"@id":"https:\/\/nordnesrepublikken.no\/#\/schema\/logo\/image\/"}},{"@type":"Person","@id":"https:\/\/nordnesrepublikken.no\/#\/schema\/person\/2e7e81935bab77882fffb79296240ff1","name":"Ole Andersen","image":{"@type":"ImageObject","inLanguage":"nb-NO","@id":"https:\/\/nordnesrepublikken.no\/#\/schema\/person\/image\/","url":"https:\/\/nordnesrepublikken.no\/wp-content\/uploads\/2025\/02\/nordnesrepublikken-2-2-150x150.jpg","contentUrl":"https:\/\/nordnesrepublikken.no\/wp-content\/uploads\/2025\/02\/nordnesrepublikken-2-2-150x150.jpg","caption":"Ole Andersen"},"description":"Ettersom jeg vokste opp i Oslo, har jeg alltid v\u00e6rt fascinert av ordenes kraft og deres evne til \u00e5 skape endringer. Etter \u00e5 ha fullf\u00f8rt min utdannelse i kommunikasjon ved Universitetet i Bergen, fikk jeg muligheten til \u00e5 jobbe innen ulike medier, der jeg har s\u00f8kt \u00e5 belyse viktige samfunnssp\u00f8rsm\u00e5l. I dag, som redakt\u00f8r for Nordnesrepublikken, pr\u00f8ver jeg \u00e5 forene min kj\u00e6rlighet for journalistikk med min lidenskap for innovasjon og eventyr.","sameAs":["https:\/\/nordnesrepublikken.no\/"]}]}},"_links":{"self":[{"href":"https:\/\/nordnesrepublikken.no\/index.php\/wp-json\/wp\/v2\/posts\/8461","targetHints":{"allow":["GET"]}}],"collection":[{"href":"https:\/\/nordnesrepublikken.no\/index.php\/wp-json\/wp\/v2\/posts"}],"about":[{"href":"https:\/\/nordnesrepublikken.no\/index.php\/wp-json\/wp\/v2\/types\/post"}],"author":[{"embeddable":true,"href":"https:\/\/nordnesrepublikken.no\/index.php\/wp-json\/wp\/v2\/users\/1"}],"replies":[{"embeddable":true,"href":"https:\/\/nordnesrepublikken.no\/index.php\/wp-json\/wp\/v2\/comments?post=8461"}],"version-history":[{"count":1,"href":"https:\/\/nordnesrepublikken.no\/index.php\/wp-json\/wp\/v2\/posts\/8461\/revisions"}],"predecessor-version":[{"id":8463,"href":"https:\/\/nordnesrepublikken.no\/index.php\/wp-json\/wp\/v2\/posts\/8461\/revisions\/8463"}],"wp:featuredmedia":[{"embeddable":true,"href":"https:\/\/nordnesrepublikken.no\/index.php\/wp-json\/wp\/v2\/media\/8462"}],"wp:attachment":[{"href":"https:\/\/nordnesrepublikken.no\/index.php\/wp-json\/wp\/v2\/media?parent=8461"}],"wp:term":[{"taxonomy":"category","embeddable":true,"href":"https:\/\/nordnesrepublikken.no\/index.php\/wp-json\/wp\/v2\/categories?post=8461"},{"taxonomy":"post_tag","embeddable":true,"href":"https:\/\/nordnesrepublikken.no\/index.php\/wp-json\/wp\/v2\/tags?post=8461"}],"curies":[{"name":"wp","href":"https:\/\/api.w.org\/{rel}","templated":true}]}}