{"id":8458,"date":"2025-08-19T12:49:32","date_gmt":"2025-08-19T10:49:32","guid":{"rendered":"https:\/\/nordnesrepublikken.no\/index.php\/2025\/08\/19\/fordi-du-ma-bruke-solkrem-ogsa-pa-tatoveringer-og-hva-som-skjer-hvis-du-ikke-gjor-det\/"},"modified":"2025-08-19T12:49:34","modified_gmt":"2025-08-19T10:49:34","slug":"fordi-du-ma-bruke-solkrem-ogsa-pa-tatoveringer-og-hva-som-skjer-hvis-du-ikke-gjor-det","status":"publish","type":"post","link":"https:\/\/nordnesrepublikken.no\/index.php\/2025\/08\/19\/fordi-du-ma-bruke-solkrem-ogsa-pa-tatoveringer-og-hva-som-skjer-hvis-du-ikke-gjor-det\/","title":{"rendered":"Fordi du m\u00e5 bruke solkrem ogs\u00e5 p\u00e5 tatoveringer og hva som skjer hvis du ikke gj\u00f8r det"},"content":{"rendered":"<div>\n<div class=\"cp_wrapper cp_wrapper--fw mb-30 mb-20@tablet\">\n<figure class=\"mm\"><picture class=\"img\" style=\"padding-top:56.25%\"><source  media=\"(min-width: 1024px)\"><source  media=\"(min-width: 768px)\"><\/source><\/source><\/picture><\/figure>\n<\/p><\/div>\n<p>N\u00e5r vi lager en tatovering, er det viktig \u00e5 beskytte deg mot solen og mot UV -str\u00e5ling, og det er ikke bare en estetisk motivasjon. Eksponering for UV -str\u00e5ler bremser ned hudhelingsprosessen, og over tid kan den bokstavelig talt &laquo;<b>del &laquo;blekkmolekylene<\/b>bringer ikke bare til <b>falme <\/b>av pigmentet, men ogs\u00e5 til dannelsen av de beryktede frie radikaler (ROS &#8211; reaktive oksygenarter) som kan indusere oksidativt stress e <b>Cellul\u00e6r skade p\u00e5 huden<\/b>. De vanligste symptomene p\u00e5 skaden stammer fra eksponeringen av UV -tatoveringer er <b>r\u00f8dhet<\/b>kl\u00f8e, smerte, <b>opphovning <\/b>Og ogs\u00e5 <b>\u00d8kning i infeksjoner<\/b>. P\u00e5 den annen side ser det ikke ut til at en n\u00e6r \u00e5rsak-virkningskorrelasjon mellom tatoveringer og melanomer er etablert, ogs\u00e5 fordi det ser ut til at de som er tatoverte er mer forsiktige med \u00e5 beskytte seg mot solen, med h\u00f8ye SPF-solkremer og <b>Mekanisk beskyttelse. <\/b><\/p>\n<h2><b>For \u00e5 bruke solkrem p\u00e5 tatoveringer: huden trenger tid til \u00e5 leges<\/b><\/h2>\n<p>Tatoveringene har fulgt oss i \u00e5rhundrer: tror de har blitt funnet godt <b>61 <\/b>Ogs\u00e5 p\u00e5 \u00d6tzi -mammaen bevart i Bolzano i det arkeologiske museet i South Tyrol. Det er ikke godt kjent hva de var for \u00d6tzi, men i dag ble tatoveringen <b>En ekte kunst.<\/b><\/p>\n<p>Den lille agetten som stikker gjennom huden for \u00e5 avsette blekket, for\u00e5rsaker imidlertid en<b> skade,<\/b> som trenger <b>P\u00e5 tide \u00e5 helbrede<\/b>. Reparasjonsprosessen g\u00e5r fra betennelse, til vevspredning, der nye celler produseres for \u00e5 reparere skaden, opp til <b>Ombygging av stoffet,<\/b> der det nye stoffet forsterker og stabiliserer seg.<\/p>\n<p>Eksponering for UV -str\u00e5ler kan <b>Sakte ned helbredelse<\/b> Tatovering, forlenger betennelsesprosessen i en tid der huden er spesielt f\u00f8lsom og s\u00e5rbar, og utsetter oss for <b>ytterligere irritasjon<\/b> og potensielle bakterieinfeksjoner.<\/p>\n<div class=\"cp_wrapper cp_wrapper--fw mb-50\">\n<figure class=\"mm\"><picture class=\"img\" style=\"padding-top:66.666666666667%\"><source  media=\"(min-width: 1024px)\"><source  media=\"(min-width: 768px)\"><img decoding=\"async\" loading=\"lazy\" src=\"https:\/\/nordnesrepublikken.no\/wp-content\/uploads\/2025\/08\/1755600572_785_Fordi-du-ma-bruke-solkrem-ogsa-pa-tatoveringer-og-hva.jpg\" alt=\"Tatoveringer n\u00e5ler skinnlesjon\" width=\"1254\" height=\"836\"><\/source><\/source><\/picture><\/figure>\n<\/p><\/div>\n<h2><b>Pigmentene av blekket absorberer UV -str\u00e5ling<\/b><\/h2>\n<p>Risikoen stopper ikke de f\u00f8rste ukene etter en tatovering. Selv en gang helbredet, kan vi ha skader relatert til soleksponering. Faktisk er pigmentene som brukes i blekkene for tatoveringen fra et kjemisk og strukturelt synspunkt molekyler som er i stand til <b>absorbere en del av solstr\u00e5ling<\/b>b\u00e5de infrar\u00f8d og UV, spesielt druer, som n\u00e5r de dypeste lagene i huden.<\/p>\n<p>I virkeligheten er mekanismene som UV og pigmenter ikke er helt klare, men det har blitt observert at n\u00e5r de en gang er &laquo;p\u00e5virket&raquo; av UV -str\u00e5ling, oppfyller disse molekylene en prosess av <b>Photelis<\/b>det vil si splittet, brudd for\u00e5rsaket av lys. Dette for\u00e5rsaker ikke bare et misfarging av pigment og derfor en <b>Fading av tatoveringen<\/b>men reell skade p\u00e5 cellul\u00e6re strukturer.<\/p>\n<p>I praksis er UV -str\u00e5ling som en <b>stein som bryter et glass<\/b>: Fragmentene av pigmentmolekylene er reaktive oksygenarter (ROS), ofte kjent som frie radikaler. Jeg er <b>ustabile molekyler,<\/b> Med et elektron som er alene (i teknisk sjargong, spasset) som desperat s\u00f8ker en partner: som vanvittige splinter sultne etter elektroner treffer og reagerer med alt de m\u00f8ter, fra lipider og proteiner, til DNA.<\/p>\n<h2><b>Til hvert pigment hans risiko<\/b><\/h2>\n<p>UV kan reagere b\u00e5de med selve pigmentet, og med en av hans <b>metabolitt<\/b>. R\u00f8de, gule og fioler inneholder nitrogenpigmenter, som metaboliseres i <b>Prim\u00e6re aromatiske aminer<\/b>ansett som ansvarlig for allergiske reaksjoner p\u00e5 tatoveringer og <b>Fotoallergia<\/b>en type fotosensibilisering som foreg\u00e5r etter soleksponering og involverer immunforsvaret.<\/p>\n<div class=\"cp_wrapper cp_wrapper--fw mb-50\">\n<figure class=\"mm\"><picture class=\"img\" style=\"padding-top:66.348448687351%\"><source  media=\"(min-width: 1024px)\"><source  media=\"(min-width: 768px)\"><img decoding=\"async\" loading=\"lazy\" src=\"https:\/\/nordnesrepublikken.no\/wp-content\/uploads\/2025\/08\/1755600572_819_Fordi-du-ma-bruke-solkrem-ogsa-pa-tatoveringer-og-hva.jpg\" alt=\"Tatoveringspigmenter\" width=\"1257\" height=\"834\" class=\"js-seedtag-img\"><\/source><\/source><\/picture><\/figure>\n<\/p><\/div>\n<p>De m\u00f8rke pigmentene inneholder i stedet<b> Polysykliske aromatiske hydrokarboner<\/b>potensielle kilder til ROS, eller karbon svart, pigmentet ogs\u00e5 kjent som <em>Svart<\/em> eller kull svart brukt n\u00f8yaktig i det svarte blekket. I dette tilfellet <b>ROS -formasjon<\/b> Etter aggregeringen av karbon -svarte nanopartikler. Men det st\u00f8rste problemet med svarte tatoveringer er at de kunne maskere sn\u00f8, melanom, <b>forhindrer tidlig anerkjennelse.  <\/b><\/p>\n<h2><b>Tatoveringer og melanom: De som er tatoverte beskytter seg mer mot UV -str\u00e5ler<\/b><\/h2>\n<p>Hvis sol-tatoos-interaksjonen faktisk kan gi klassiske inflammatoriske symptomer som kl\u00f8e, hevelse, r\u00f8dhet og smerte,<b> Korrelasjonen med utviklingen av melanomer er ikke like trygg.<\/b> Prosenten av hudkarsinomer hos tatoverte mennesker ser ut til \u00e5 v\u00e6re i tr\u00e5d med befolkningen generelt.<\/p>\n<p>Grunnen? I f\u00f8lge en 2024 -unders\u00f8kelse som intervjuet 9031 voksne tatoverte og ikke, tatoverte tatoverte mennesker \u00e5 eksponere seg mer for solen, men de er ogs\u00e5 <b>mer bevisst p\u00e5 risikoen hans<\/b> Sammenlignet med de som ikke har noen tatoveringer. De bruker mer SPF solkrem, <b>Mekanisk beskyttelse<\/b> som paraplyer eller anti-UV-kl\u00e6r og generelt har de st\u00f8rre oppmerksomhet p\u00e5 skaden som stammer fra eksponering for UV-str\u00e5ler. Imidlertid er det et sp\u00f8rreskjema, med vurderinger godkjent av intervjuobjektene, men i alle fall representerer det et interessant og nysgjerrig faktum, ogs\u00e5 gitt mengden mennesker som deltok.<\/p>\n<div class=\"cp_wrapper cp_wrapper--fw mb-50\">\n<figure class=\"mm\"><picture class=\"img\" style=\"padding-top:66.666666666667%\"><source  media=\"(min-width: 1024px)\"><source  media=\"(min-width: 768px)\"><img decoding=\"async\" loading=\"lazy\" src=\"https:\/\/nordnesrepublikken.no\/wp-content\/uploads\/2025\/08\/1755600572_880_Fordi-du-ma-bruke-solkrem-ogsa-pa-tatoveringer-og-hva.jpg\" alt=\"Solatatoveringer risikerer\" width=\"1254\" height=\"836\"><\/source><\/source><\/picture><\/figure>\n<\/p><\/div>\n<h2><b>Reguleringsrammen i Europa og Italia<\/b><\/h2>\n<p>Pigmentene og prosedyrene for tatovering i sikkerhet er strengt regulert. I Italia <b>Det er ingen entydig lovgivning<\/b>men det henvises generelt til &laquo;retningslinjene for utf\u00f8relse av tatoverings- og piercingprosedyrer i sikkerhetsforhold&raquo;, og noen regioner har utstedt <b>Spesifikke lover<\/b> for regulering av sektoren. Det h\u00f8yere helseinstituttet husk \u00e5 <b>Kontakt kvalifiserte og dannet tatoveringsartister<\/b>.<\/p>\n<p>I Europa er referansestandarden resolusjonens oppl\u00f8sning om krav og kritiker for sikkerheten til tatoveringer og permanent sminke) i 2008, som skisserer ikke bare<b> Hygienisk-sanit\u00e6re regler som skal respekteres<\/b>men viser ogs\u00e5 listen over pigmenter og urenheter som m\u00e5 v\u00e6re <b>frav\u00e6rende fra tatoveringsblekk<\/b>Jeg, som kreftfremkallende, sensibiliserende og mutagenas.<\/p>\n<div class=\"cp_wrapper  mb-50\">\n<div class=\"cbx\">\n<div class=\"cbx__collection\">\n<p>Kilder<\/p>\n<div class=\"cbx__sources\">                                                                                                                          Hutton Carlsen, K., &#038; Serup, J. (2014). Fotossensitivitet og fotodynamiske hendelser i svarte, r\u00f8de og bl\u00e5 tatoveringer er vanlige: en &#8216;strandstudie&#8217;. Journal of the European Academy of Dermatology and Venereology: Jeadv Fraser, TR, Ross, KE, Alexander, U. et al. (2022) N\u00e5v\u00e6rende kunnskap om nedbrytningsproduktene fra tatoveringspigmenter av sollys, laser irrasjon og metabolisme: en systematisk gjennomgang. J Expo Ski Environ Epidemiol. Giulbudagian M, Battisini B, B\u00e4umler W, et al. (2024) Leksjoner l\u00e6rt i et ti\u00e5r: Medisinsk-taksikologisk syn p\u00e5 tatovering. J Eur Acad Dermatol Venereol H\u00f8gsberg T, Hutton Carlsen K, Serup J. (2012) J Eur Acad Dermatol Venereol. Kluger N, Shourick J, Seit\u00e9 S, Taieb C. (2024) Solbeskyttelse og soleksponeringsvaner blant tatoverte individer. JEADV Clin Pract. ISS &#8211; smittsomme risikoer og ISS -tatoveringer komplikasjoner &#8211; melanom og ISS -tatoveringer &#8211; italienske regulatoriske rammer tatoveringer                                                 <\/div>\n<\/p><\/div>\n<\/p><\/div>\n<\/p><\/div>\n<\/p><\/div>\n","protected":false},"excerpt":{"rendered":"<p>N\u00e5r vi lager en tatovering, er det viktig \u00e5 beskytte deg mot solen og mot<\/p>\n","protected":false},"author":1,"featured_media":8459,"comment_status":"closed","ping_status":"open","sticky":false,"template":"","format":"standard","meta":{"footnotes":""},"categories":[24],"tags":[402,66,83,1238,144,405,187,517,753,81,360,4386,31,5552],"class_list":["post-8458","post","type-post","status-publish","format-standard","has-post-thumbnail","hentry","category-vitenskap","tag-bruke","tag-det","tag-fordi","tag-gjor","tag-hva","tag-hvis","tag-ikke","tag-ma","tag-ogsa","tag-pa","tag-skjer","tag-solkrem","tag-som","tag-tatoveringer","generate-columns","tablet-grid-50","mobile-grid-100","grid-parent","grid-33","resize-featured-image"],"yoast_head":"<!-- This site is optimized with the Yoast SEO plugin v24.4 - https:\/\/yoast.com\/wordpress\/plugins\/seo\/ -->\n<title>Fordi du m\u00e5 bruke solkrem ogs\u00e5 p\u00e5 tatoveringer og hva som skjer hvis du ikke gj\u00f8r det - Nordnesrepublikken<\/title>\n<meta name=\"robots\" content=\"index, follow, max-snippet:-1, max-image-preview:large, max-video-preview:-1\" \/>\n<link rel=\"canonical\" href=\"https:\/\/nordnesrepublikken.no\/index.php\/2025\/08\/19\/fordi-du-ma-bruke-solkrem-ogsa-pa-tatoveringer-og-hva-som-skjer-hvis-du-ikke-gjor-det\/\" \/>\n<meta property=\"og:locale\" content=\"nb_NO\" \/>\n<meta property=\"og:type\" content=\"article\" \/>\n<meta property=\"og:title\" content=\"Fordi du m\u00e5 bruke solkrem ogs\u00e5 p\u00e5 tatoveringer og hva som skjer hvis du ikke gj\u00f8r det - Nordnesrepublikken\" \/>\n<meta property=\"og:description\" content=\"N\u00e5r vi lager en tatovering, er det viktig \u00e5 beskytte deg mot solen og mot\" \/>\n<meta property=\"og:url\" content=\"https:\/\/nordnesrepublikken.no\/index.php\/2025\/08\/19\/fordi-du-ma-bruke-solkrem-ogsa-pa-tatoveringer-og-hva-som-skjer-hvis-du-ikke-gjor-det\/\" \/>\n<meta property=\"og:site_name\" content=\"Nordnesrepublikken\" \/>\n<meta property=\"article:published_time\" content=\"2025-08-19T10:49:32+00:00\" \/>\n<meta property=\"article:modified_time\" content=\"2025-08-19T10:49:34+00:00\" \/>\n<meta property=\"og:image\" content=\"https:\/\/nordnesrepublikken.no\/wp-content\/uploads\/2025\/08\/1755600573_Fordi-du-ma-bruke-solkrem-ogsa-pa-tatoveringer-og-hva.jpg\" \/>\n\t<meta property=\"og:image:width\" content=\"1338\" \/>\n\t<meta property=\"og:image:height\" content=\"784\" \/>\n\t<meta property=\"og:image:type\" content=\"image\/jpeg\" \/>\n<meta name=\"author\" content=\"Ole Andersen\" \/>\n<meta name=\"twitter:card\" content=\"summary_large_image\" \/>\n<meta name=\"twitter:label1\" content=\"Skrevet av\" \/>\n\t<meta name=\"twitter:data1\" content=\"Ole Andersen\" \/>\n\t<meta name=\"twitter:label2\" content=\"Ansl. lesetid\" \/>\n\t<meta name=\"twitter:data2\" content=\"5 minutter\" \/>\n<script type=\"application\/ld+json\" class=\"yoast-schema-graph\">{\"@context\":\"https:\/\/schema.org\",\"@graph\":[{\"@type\":\"Article\",\"@id\":\"https:\/\/nordnesrepublikken.no\/index.php\/2025\/08\/19\/fordi-du-ma-bruke-solkrem-ogsa-pa-tatoveringer-og-hva-som-skjer-hvis-du-ikke-gjor-det\/#article\",\"isPartOf\":{\"@id\":\"https:\/\/nordnesrepublikken.no\/index.php\/2025\/08\/19\/fordi-du-ma-bruke-solkrem-ogsa-pa-tatoveringer-og-hva-som-skjer-hvis-du-ikke-gjor-det\/\"},\"author\":{\"name\":\"Ole Andersen\",\"@id\":\"https:\/\/nordnesrepublikken.no\/#\/schema\/person\/2e7e81935bab77882fffb79296240ff1\"},\"headline\":\"Fordi du m\u00e5 bruke solkrem ogs\u00e5 p\u00e5 tatoveringer og hva som skjer hvis du ikke gj\u00f8r det\",\"datePublished\":\"2025-08-19T10:49:32+00:00\",\"dateModified\":\"2025-08-19T10:49:34+00:00\",\"mainEntityOfPage\":{\"@id\":\"https:\/\/nordnesrepublikken.no\/index.php\/2025\/08\/19\/fordi-du-ma-bruke-solkrem-ogsa-pa-tatoveringer-og-hva-som-skjer-hvis-du-ikke-gjor-det\/\"},\"wordCount\":996,\"publisher\":{\"@id\":\"https:\/\/nordnesrepublikken.no\/#organization\"},\"image\":{\"@id\":\"https:\/\/nordnesrepublikken.no\/index.php\/2025\/08\/19\/fordi-du-ma-bruke-solkrem-ogsa-pa-tatoveringer-og-hva-som-skjer-hvis-du-ikke-gjor-det\/#primaryimage\"},\"thumbnailUrl\":\"https:\/\/nordnesrepublikken.no\/wp-content\/uploads\/2025\/08\/1755600573_Fordi-du-ma-bruke-solkrem-ogsa-pa-tatoveringer-og-hva.jpg\",\"keywords\":[\"bruke\",\"Det\",\"Fordi\",\"gj\u00f8r\",\"Hva\",\"hvis\",\"ikke\",\"m\u00e5\",\"ogs\u00e5\",\"p\u00e5\",\"skjer\",\"solkrem\",\"som\",\"tatoveringer\"],\"articleSection\":[\"Vitenskap\"],\"inLanguage\":\"nb-NO\"},{\"@type\":\"WebPage\",\"@id\":\"https:\/\/nordnesrepublikken.no\/index.php\/2025\/08\/19\/fordi-du-ma-bruke-solkrem-ogsa-pa-tatoveringer-og-hva-som-skjer-hvis-du-ikke-gjor-det\/\",\"url\":\"https:\/\/nordnesrepublikken.no\/index.php\/2025\/08\/19\/fordi-du-ma-bruke-solkrem-ogsa-pa-tatoveringer-og-hva-som-skjer-hvis-du-ikke-gjor-det\/\",\"name\":\"Fordi du m\u00e5 bruke solkrem ogs\u00e5 p\u00e5 tatoveringer og hva som skjer hvis du ikke gj\u00f8r det - Nordnesrepublikken\",\"isPartOf\":{\"@id\":\"https:\/\/nordnesrepublikken.no\/#website\"},\"primaryImageOfPage\":{\"@id\":\"https:\/\/nordnesrepublikken.no\/index.php\/2025\/08\/19\/fordi-du-ma-bruke-solkrem-ogsa-pa-tatoveringer-og-hva-som-skjer-hvis-du-ikke-gjor-det\/#primaryimage\"},\"image\":{\"@id\":\"https:\/\/nordnesrepublikken.no\/index.php\/2025\/08\/19\/fordi-du-ma-bruke-solkrem-ogsa-pa-tatoveringer-og-hva-som-skjer-hvis-du-ikke-gjor-det\/#primaryimage\"},\"thumbnailUrl\":\"https:\/\/nordnesrepublikken.no\/wp-content\/uploads\/2025\/08\/1755600573_Fordi-du-ma-bruke-solkrem-ogsa-pa-tatoveringer-og-hva.jpg\",\"datePublished\":\"2025-08-19T10:49:32+00:00\",\"dateModified\":\"2025-08-19T10:49:34+00:00\",\"breadcrumb\":{\"@id\":\"https:\/\/nordnesrepublikken.no\/index.php\/2025\/08\/19\/fordi-du-ma-bruke-solkrem-ogsa-pa-tatoveringer-og-hva-som-skjer-hvis-du-ikke-gjor-det\/#breadcrumb\"},\"inLanguage\":\"nb-NO\",\"potentialAction\":[{\"@type\":\"ReadAction\",\"target\":[\"https:\/\/nordnesrepublikken.no\/index.php\/2025\/08\/19\/fordi-du-ma-bruke-solkrem-ogsa-pa-tatoveringer-og-hva-som-skjer-hvis-du-ikke-gjor-det\/\"]}]},{\"@type\":\"ImageObject\",\"inLanguage\":\"nb-NO\",\"@id\":\"https:\/\/nordnesrepublikken.no\/index.php\/2025\/08\/19\/fordi-du-ma-bruke-solkrem-ogsa-pa-tatoveringer-og-hva-som-skjer-hvis-du-ikke-gjor-det\/#primaryimage\",\"url\":\"https:\/\/nordnesrepublikken.no\/wp-content\/uploads\/2025\/08\/1755600573_Fordi-du-ma-bruke-solkrem-ogsa-pa-tatoveringer-og-hva.jpg\",\"contentUrl\":\"https:\/\/nordnesrepublikken.no\/wp-content\/uploads\/2025\/08\/1755600573_Fordi-du-ma-bruke-solkrem-ogsa-pa-tatoveringer-og-hva.jpg\",\"width\":1338,\"height\":784,\"caption\":\"protezione solare tatuaggi\"},{\"@type\":\"BreadcrumbList\",\"@id\":\"https:\/\/nordnesrepublikken.no\/index.php\/2025\/08\/19\/fordi-du-ma-bruke-solkrem-ogsa-pa-tatoveringer-og-hva-som-skjer-hvis-du-ikke-gjor-det\/#breadcrumb\",\"itemListElement\":[{\"@type\":\"ListItem\",\"position\":1,\"name\":\"Home\",\"item\":\"https:\/\/nordnesrepublikken.no\/\"},{\"@type\":\"ListItem\",\"position\":2,\"name\":\"Fordi du m\u00e5 bruke solkrem ogs\u00e5 p\u00e5 tatoveringer og hva som skjer hvis du ikke gj\u00f8r det\"}]},{\"@type\":\"WebSite\",\"@id\":\"https:\/\/nordnesrepublikken.no\/#website\",\"url\":\"https:\/\/nordnesrepublikken.no\/\",\"name\":\"Nordnesrepublikken\",\"description\":\"Stemmer og Visjoner fra Republikkens Hjerte\",\"publisher\":{\"@id\":\"https:\/\/nordnesrepublikken.no\/#organization\"},\"potentialAction\":[{\"@type\":\"SearchAction\",\"target\":{\"@type\":\"EntryPoint\",\"urlTemplate\":\"https:\/\/nordnesrepublikken.no\/?s={search_term_string}\"},\"query-input\":{\"@type\":\"PropertyValueSpecification\",\"valueRequired\":true,\"valueName\":\"search_term_string\"}}],\"inLanguage\":\"nb-NO\"},{\"@type\":\"Organization\",\"@id\":\"https:\/\/nordnesrepublikken.no\/#organization\",\"name\":\"Nordnesrepublikken\",\"url\":\"https:\/\/nordnesrepublikken.no\/\",\"logo\":{\"@type\":\"ImageObject\",\"inLanguage\":\"nb-NO\",\"@id\":\"https:\/\/nordnesrepublikken.no\/#\/schema\/logo\/image\/\",\"url\":\"https:\/\/nordnesrepublikken.no\/wp-content\/uploads\/2025\/02\/cropped-nordnesrepublikken-2.png\",\"contentUrl\":\"https:\/\/nordnesrepublikken.no\/wp-content\/uploads\/2025\/02\/cropped-nordnesrepublikken-2.png\",\"width\":1248,\"height\":362,\"caption\":\"Nordnesrepublikken\"},\"image\":{\"@id\":\"https:\/\/nordnesrepublikken.no\/#\/schema\/logo\/image\/\"}},{\"@type\":\"Person\",\"@id\":\"https:\/\/nordnesrepublikken.no\/#\/schema\/person\/2e7e81935bab77882fffb79296240ff1\",\"name\":\"Ole Andersen\",\"image\":{\"@type\":\"ImageObject\",\"inLanguage\":\"nb-NO\",\"@id\":\"https:\/\/nordnesrepublikken.no\/#\/schema\/person\/image\/\",\"url\":\"https:\/\/nordnesrepublikken.no\/wp-content\/uploads\/2025\/02\/nordnesrepublikken-2-2-150x150.jpg\",\"contentUrl\":\"https:\/\/nordnesrepublikken.no\/wp-content\/uploads\/2025\/02\/nordnesrepublikken-2-2-150x150.jpg\",\"caption\":\"Ole Andersen\"},\"description\":\"Ettersom jeg vokste opp i Oslo, har jeg alltid v\u00e6rt fascinert av ordenes kraft og deres evne til \u00e5 skape endringer. Etter \u00e5 ha fullf\u00f8rt min utdannelse i kommunikasjon ved Universitetet i Bergen, fikk jeg muligheten til \u00e5 jobbe innen ulike medier, der jeg har s\u00f8kt \u00e5 belyse viktige samfunnssp\u00f8rsm\u00e5l. I dag, som redakt\u00f8r for Nordnesrepublikken, pr\u00f8ver jeg \u00e5 forene min kj\u00e6rlighet for journalistikk med min lidenskap for innovasjon og eventyr.\",\"sameAs\":[\"https:\/\/nordnesrepublikken.no\/\"]}]}<\/script>\n<!-- \/ Yoast SEO plugin. -->","yoast_head_json":{"title":"Fordi du m\u00e5 bruke solkrem ogs\u00e5 p\u00e5 tatoveringer og hva som skjer hvis du ikke gj\u00f8r det - Nordnesrepublikken","robots":{"index":"index","follow":"follow","max-snippet":"max-snippet:-1","max-image-preview":"max-image-preview:large","max-video-preview":"max-video-preview:-1"},"canonical":"https:\/\/nordnesrepublikken.no\/index.php\/2025\/08\/19\/fordi-du-ma-bruke-solkrem-ogsa-pa-tatoveringer-og-hva-som-skjer-hvis-du-ikke-gjor-det\/","og_locale":"nb_NO","og_type":"article","og_title":"Fordi du m\u00e5 bruke solkrem ogs\u00e5 p\u00e5 tatoveringer og hva som skjer hvis du ikke gj\u00f8r det - Nordnesrepublikken","og_description":"N\u00e5r vi lager en tatovering, er det viktig \u00e5 beskytte deg mot solen og mot","og_url":"https:\/\/nordnesrepublikken.no\/index.php\/2025\/08\/19\/fordi-du-ma-bruke-solkrem-ogsa-pa-tatoveringer-og-hva-som-skjer-hvis-du-ikke-gjor-det\/","og_site_name":"Nordnesrepublikken","article_published_time":"2025-08-19T10:49:32+00:00","article_modified_time":"2025-08-19T10:49:34+00:00","og_image":[{"width":1338,"height":784,"url":"https:\/\/nordnesrepublikken.no\/wp-content\/uploads\/2025\/08\/1755600573_Fordi-du-ma-bruke-solkrem-ogsa-pa-tatoveringer-og-hva.jpg","type":"image\/jpeg"}],"author":"Ole Andersen","twitter_card":"summary_large_image","twitter_misc":{"Skrevet av":"Ole Andersen","Ansl. lesetid":"5 minutter"},"schema":{"@context":"https:\/\/schema.org","@graph":[{"@type":"Article","@id":"https:\/\/nordnesrepublikken.no\/index.php\/2025\/08\/19\/fordi-du-ma-bruke-solkrem-ogsa-pa-tatoveringer-og-hva-som-skjer-hvis-du-ikke-gjor-det\/#article","isPartOf":{"@id":"https:\/\/nordnesrepublikken.no\/index.php\/2025\/08\/19\/fordi-du-ma-bruke-solkrem-ogsa-pa-tatoveringer-og-hva-som-skjer-hvis-du-ikke-gjor-det\/"},"author":{"name":"Ole Andersen","@id":"https:\/\/nordnesrepublikken.no\/#\/schema\/person\/2e7e81935bab77882fffb79296240ff1"},"headline":"Fordi du m\u00e5 bruke solkrem ogs\u00e5 p\u00e5 tatoveringer og hva som skjer hvis du ikke gj\u00f8r det","datePublished":"2025-08-19T10:49:32+00:00","dateModified":"2025-08-19T10:49:34+00:00","mainEntityOfPage":{"@id":"https:\/\/nordnesrepublikken.no\/index.php\/2025\/08\/19\/fordi-du-ma-bruke-solkrem-ogsa-pa-tatoveringer-og-hva-som-skjer-hvis-du-ikke-gjor-det\/"},"wordCount":996,"publisher":{"@id":"https:\/\/nordnesrepublikken.no\/#organization"},"image":{"@id":"https:\/\/nordnesrepublikken.no\/index.php\/2025\/08\/19\/fordi-du-ma-bruke-solkrem-ogsa-pa-tatoveringer-og-hva-som-skjer-hvis-du-ikke-gjor-det\/#primaryimage"},"thumbnailUrl":"https:\/\/nordnesrepublikken.no\/wp-content\/uploads\/2025\/08\/1755600573_Fordi-du-ma-bruke-solkrem-ogsa-pa-tatoveringer-og-hva.jpg","keywords":["bruke","Det","Fordi","gj\u00f8r","Hva","hvis","ikke","m\u00e5","ogs\u00e5","p\u00e5","skjer","solkrem","som","tatoveringer"],"articleSection":["Vitenskap"],"inLanguage":"nb-NO"},{"@type":"WebPage","@id":"https:\/\/nordnesrepublikken.no\/index.php\/2025\/08\/19\/fordi-du-ma-bruke-solkrem-ogsa-pa-tatoveringer-og-hva-som-skjer-hvis-du-ikke-gjor-det\/","url":"https:\/\/nordnesrepublikken.no\/index.php\/2025\/08\/19\/fordi-du-ma-bruke-solkrem-ogsa-pa-tatoveringer-og-hva-som-skjer-hvis-du-ikke-gjor-det\/","name":"Fordi du m\u00e5 bruke solkrem ogs\u00e5 p\u00e5 tatoveringer og hva som skjer hvis du ikke gj\u00f8r det - Nordnesrepublikken","isPartOf":{"@id":"https:\/\/nordnesrepublikken.no\/#website"},"primaryImageOfPage":{"@id":"https:\/\/nordnesrepublikken.no\/index.php\/2025\/08\/19\/fordi-du-ma-bruke-solkrem-ogsa-pa-tatoveringer-og-hva-som-skjer-hvis-du-ikke-gjor-det\/#primaryimage"},"image":{"@id":"https:\/\/nordnesrepublikken.no\/index.php\/2025\/08\/19\/fordi-du-ma-bruke-solkrem-ogsa-pa-tatoveringer-og-hva-som-skjer-hvis-du-ikke-gjor-det\/#primaryimage"},"thumbnailUrl":"https:\/\/nordnesrepublikken.no\/wp-content\/uploads\/2025\/08\/1755600573_Fordi-du-ma-bruke-solkrem-ogsa-pa-tatoveringer-og-hva.jpg","datePublished":"2025-08-19T10:49:32+00:00","dateModified":"2025-08-19T10:49:34+00:00","breadcrumb":{"@id":"https:\/\/nordnesrepublikken.no\/index.php\/2025\/08\/19\/fordi-du-ma-bruke-solkrem-ogsa-pa-tatoveringer-og-hva-som-skjer-hvis-du-ikke-gjor-det\/#breadcrumb"},"inLanguage":"nb-NO","potentialAction":[{"@type":"ReadAction","target":["https:\/\/nordnesrepublikken.no\/index.php\/2025\/08\/19\/fordi-du-ma-bruke-solkrem-ogsa-pa-tatoveringer-og-hva-som-skjer-hvis-du-ikke-gjor-det\/"]}]},{"@type":"ImageObject","inLanguage":"nb-NO","@id":"https:\/\/nordnesrepublikken.no\/index.php\/2025\/08\/19\/fordi-du-ma-bruke-solkrem-ogsa-pa-tatoveringer-og-hva-som-skjer-hvis-du-ikke-gjor-det\/#primaryimage","url":"https:\/\/nordnesrepublikken.no\/wp-content\/uploads\/2025\/08\/1755600573_Fordi-du-ma-bruke-solkrem-ogsa-pa-tatoveringer-og-hva.jpg","contentUrl":"https:\/\/nordnesrepublikken.no\/wp-content\/uploads\/2025\/08\/1755600573_Fordi-du-ma-bruke-solkrem-ogsa-pa-tatoveringer-og-hva.jpg","width":1338,"height":784,"caption":"protezione solare tatuaggi"},{"@type":"BreadcrumbList","@id":"https:\/\/nordnesrepublikken.no\/index.php\/2025\/08\/19\/fordi-du-ma-bruke-solkrem-ogsa-pa-tatoveringer-og-hva-som-skjer-hvis-du-ikke-gjor-det\/#breadcrumb","itemListElement":[{"@type":"ListItem","position":1,"name":"Home","item":"https:\/\/nordnesrepublikken.no\/"},{"@type":"ListItem","position":2,"name":"Fordi du m\u00e5 bruke solkrem ogs\u00e5 p\u00e5 tatoveringer og hva som skjer hvis du ikke gj\u00f8r det"}]},{"@type":"WebSite","@id":"https:\/\/nordnesrepublikken.no\/#website","url":"https:\/\/nordnesrepublikken.no\/","name":"Nordnesrepublikken","description":"Stemmer og Visjoner fra Republikkens Hjerte","publisher":{"@id":"https:\/\/nordnesrepublikken.no\/#organization"},"potentialAction":[{"@type":"SearchAction","target":{"@type":"EntryPoint","urlTemplate":"https:\/\/nordnesrepublikken.no\/?s={search_term_string}"},"query-input":{"@type":"PropertyValueSpecification","valueRequired":true,"valueName":"search_term_string"}}],"inLanguage":"nb-NO"},{"@type":"Organization","@id":"https:\/\/nordnesrepublikken.no\/#organization","name":"Nordnesrepublikken","url":"https:\/\/nordnesrepublikken.no\/","logo":{"@type":"ImageObject","inLanguage":"nb-NO","@id":"https:\/\/nordnesrepublikken.no\/#\/schema\/logo\/image\/","url":"https:\/\/nordnesrepublikken.no\/wp-content\/uploads\/2025\/02\/cropped-nordnesrepublikken-2.png","contentUrl":"https:\/\/nordnesrepublikken.no\/wp-content\/uploads\/2025\/02\/cropped-nordnesrepublikken-2.png","width":1248,"height":362,"caption":"Nordnesrepublikken"},"image":{"@id":"https:\/\/nordnesrepublikken.no\/#\/schema\/logo\/image\/"}},{"@type":"Person","@id":"https:\/\/nordnesrepublikken.no\/#\/schema\/person\/2e7e81935bab77882fffb79296240ff1","name":"Ole Andersen","image":{"@type":"ImageObject","inLanguage":"nb-NO","@id":"https:\/\/nordnesrepublikken.no\/#\/schema\/person\/image\/","url":"https:\/\/nordnesrepublikken.no\/wp-content\/uploads\/2025\/02\/nordnesrepublikken-2-2-150x150.jpg","contentUrl":"https:\/\/nordnesrepublikken.no\/wp-content\/uploads\/2025\/02\/nordnesrepublikken-2-2-150x150.jpg","caption":"Ole Andersen"},"description":"Ettersom jeg vokste opp i Oslo, har jeg alltid v\u00e6rt fascinert av ordenes kraft og deres evne til \u00e5 skape endringer. Etter \u00e5 ha fullf\u00f8rt min utdannelse i kommunikasjon ved Universitetet i Bergen, fikk jeg muligheten til \u00e5 jobbe innen ulike medier, der jeg har s\u00f8kt \u00e5 belyse viktige samfunnssp\u00f8rsm\u00e5l. I dag, som redakt\u00f8r for Nordnesrepublikken, pr\u00f8ver jeg \u00e5 forene min kj\u00e6rlighet for journalistikk med min lidenskap for innovasjon og eventyr.","sameAs":["https:\/\/nordnesrepublikken.no\/"]}]}},"_links":{"self":[{"href":"https:\/\/nordnesrepublikken.no\/index.php\/wp-json\/wp\/v2\/posts\/8458","targetHints":{"allow":["GET"]}}],"collection":[{"href":"https:\/\/nordnesrepublikken.no\/index.php\/wp-json\/wp\/v2\/posts"}],"about":[{"href":"https:\/\/nordnesrepublikken.no\/index.php\/wp-json\/wp\/v2\/types\/post"}],"author":[{"embeddable":true,"href":"https:\/\/nordnesrepublikken.no\/index.php\/wp-json\/wp\/v2\/users\/1"}],"replies":[{"embeddable":true,"href":"https:\/\/nordnesrepublikken.no\/index.php\/wp-json\/wp\/v2\/comments?post=8458"}],"version-history":[{"count":1,"href":"https:\/\/nordnesrepublikken.no\/index.php\/wp-json\/wp\/v2\/posts\/8458\/revisions"}],"predecessor-version":[{"id":8460,"href":"https:\/\/nordnesrepublikken.no\/index.php\/wp-json\/wp\/v2\/posts\/8458\/revisions\/8460"}],"wp:featuredmedia":[{"embeddable":true,"href":"https:\/\/nordnesrepublikken.no\/index.php\/wp-json\/wp\/v2\/media\/8459"}],"wp:attachment":[{"href":"https:\/\/nordnesrepublikken.no\/index.php\/wp-json\/wp\/v2\/media?parent=8458"}],"wp:term":[{"taxonomy":"category","embeddable":true,"href":"https:\/\/nordnesrepublikken.no\/index.php\/wp-json\/wp\/v2\/categories?post=8458"},{"taxonomy":"post_tag","embeddable":true,"href":"https:\/\/nordnesrepublikken.no\/index.php\/wp-json\/wp\/v2\/tags?post=8458"}],"curies":[{"name":"wp","href":"https:\/\/api.w.org\/{rel}","templated":true}]}}