{"id":8378,"date":"2025-08-17T13:49:30","date_gmt":"2025-08-17T11:49:30","guid":{"rendered":"https:\/\/nordnesrepublikken.no\/index.php\/2025\/08\/17\/hurtigkjorende-tesla-sjafor-argumenterer-for-at-det-var-bilens-feil\/"},"modified":"2025-08-17T13:49:32","modified_gmt":"2025-08-17T11:49:32","slug":"hurtigkjorende-tesla-sjafor-argumenterer-for-at-det-var-bilens-feil","status":"publish","type":"post","link":"https:\/\/nordnesrepublikken.no\/index.php\/2025\/08\/17\/hurtigkjorende-tesla-sjafor-argumenterer-for-at-det-var-bilens-feil\/","title":{"rendered":"Hurtigkj\u00f8rende Tesla -sj\u00e5f\u00f8r argumenterer for at det var bilens feil"},"content":{"rendered":"<p><\/p>\n<div class=\"wordpress-content\">\n                    <!-- Article Start --><\/p>\n<p><strong>En Tesla -sj\u00e5f\u00f8r i Norge er blitt b\u00f8telagt og f\u00e5tt lisensen hans suspendert etter \u00e5 ha st\u00e5tt p\u00e5 bilens autopilotsystem, som han hevdet ikke klarte \u00e5 oppdage en midlertidig hastighetsgrenseendring. <\/strong><\/p>\n<p>Hendelsen skjedde i mars i N\u00d8STED -tunnelen, der sj\u00e5f\u00f8ren ble fanget og kj\u00f8rte p\u00e5 90 km\/t i en 50 km\/t sone, og oversteg grensen med 40 km\/t.<\/p>\n<p>Indignert om boten, bestridte sj\u00e5f\u00f8ren boten i retten ved \u00e5 argumentere for at Teslas autopilot, som skulle f\u00f8lge fartsgrensene automatisk, ikke justerte for den midlertidige reduksjonen fra de vanlige 90 km\/t til 70 km\/t og deretter 50 km\/t p\u00e5 grunn av en lanavslutning. Han hevdet heller ingen tegn indikerte endringen. Retten avviste imidlertid forsvaret hans, og uttalte at skiltingen var tydelig, som bekreftet av bompengesenteret, politiet og andre trafikanter.<\/p>\n<div class=\"sra_unit\"><link rel=\"stylesheet\" id=\"block-sra\" href=\"https:\/\/euroweeklynews.com\/wp-content\/plugins\/snack-related-articles\/dist\/css\/snack-related.min.css?250312-193541\" type=\"text\/css\" media=\"all\">\n<\/div>\n<p>Uoverensstemmes av mannens p\u00e5stand, understreket retten at sj\u00e5f\u00f8rene til enhver tid m\u00e5 forbli klar over fartsgrensene, og avgjorde at det \u00e5 stole utelukkende p\u00e5 autopilot var uaktsom. &laquo;Det er tiltaltes forpliktelse til \u00e5 v\u00e6re klar over fartsgrensen, og det ville v\u00e6re uaktsom \u00e5 stole blindt p\u00e5 bilens tekniske systemer,&raquo; heter det i kjennelsen. Retten fant sj\u00e5f\u00f8ren skyldig i grov uaktsomhet.<\/p>\n<p>Den ikke navngitte sj\u00e5f\u00f8ren ble b\u00f8telagt med 16 500 kroner (\u20ac 1382,60), p\u00e5lagt \u00e5 betale 2000 kroner (\u20ac 168) i advokatgebyr, og fikk lisensen hans suspendert i ni m\u00e5neder, if\u00f8lge en norsk TV -stasjon (TV2). Saken belyser begrensningene i Teslas f\u00f8rerassistansesystem, som ikke er helt autonome, og fungerer som en p\u00e5minnelse for sj\u00e5f\u00f8rene \u00e5 holde seg \u00e5rv\u00e5ken. Sj\u00e5f\u00f8ren har n\u00e5 tid til \u00e5 reflektere over risikoen for \u00e5 stole p\u00e5 kj\u00f8ret\u00f8yteknologi.<\/p>\n<p>                    <!-- This article has been originally published at https:\/\/euroweeklynews.com\/2025\/08\/17\/speeding-tesla-driver-argues-it-was-cars-fault\/ on 17 Aug 2025 at 11:59 by Adam Woodward --><br \/>\n                    <!-- Article End -->\n                <\/div>\n","protected":false},"excerpt":{"rendered":"<p>En Tesla -sj\u00e5f\u00f8r i Norge er blitt b\u00f8telagt og f\u00e5tt lisensen hans suspendert etter \u00e5<\/p>\n","protected":false},"author":1,"featured_media":8379,"comment_status":"closed","ping_status":"open","sticky":false,"template":"","format":"standard","meta":{"footnotes":""},"categories":[22],"tags":[5493,5494,66,2113,5492,1875,711,100],"class_list":["post-8378","post","type-post","status-publish","format-standard","has-post-thumbnail","hentry","category-nasjonal","tag-argumenterer","tag-bilens","tag-det","tag-feil","tag-hurtigkjorende","tag-sjafor","tag-tesla","tag-var","generate-columns","tablet-grid-50","mobile-grid-100","grid-parent","grid-33","resize-featured-image"],"yoast_head":"<!-- This site is optimized with the Yoast SEO plugin v24.4 - https:\/\/yoast.com\/wordpress\/plugins\/seo\/ -->\n<title>Hurtigkj\u00f8rende Tesla -sj\u00e5f\u00f8r argumenterer for at det var bilens feil - Nordnesrepublikken<\/title>\n<meta name=\"robots\" content=\"index, follow, max-snippet:-1, max-image-preview:large, max-video-preview:-1\" \/>\n<link rel=\"canonical\" href=\"https:\/\/nordnesrepublikken.no\/index.php\/2025\/08\/17\/hurtigkjorende-tesla-sjafor-argumenterer-for-at-det-var-bilens-feil\/\" \/>\n<meta property=\"og:locale\" content=\"nb_NO\" \/>\n<meta property=\"og:type\" content=\"article\" \/>\n<meta property=\"og:title\" content=\"Hurtigkj\u00f8rende Tesla -sj\u00e5f\u00f8r argumenterer for at det var bilens feil - Nordnesrepublikken\" \/>\n<meta property=\"og:description\" content=\"En Tesla -sj\u00e5f\u00f8r i Norge er blitt b\u00f8telagt og f\u00e5tt lisensen hans suspendert etter \u00e5\" \/>\n<meta property=\"og:url\" content=\"https:\/\/nordnesrepublikken.no\/index.php\/2025\/08\/17\/hurtigkjorende-tesla-sjafor-argumenterer-for-at-det-var-bilens-feil\/\" \/>\n<meta property=\"og:site_name\" content=\"Nordnesrepublikken\" \/>\n<meta property=\"article:published_time\" content=\"2025-08-17T11:49:30+00:00\" \/>\n<meta property=\"article:modified_time\" content=\"2025-08-17T11:49:32+00:00\" \/>\n<meta property=\"og:image\" content=\"https:\/\/nordnesrepublikken.no\/wp-content\/uploads\/2025\/08\/1755431371_Hurtigkjorende-Tesla-sjafor-argumenterer-for-at-det-var-bilens-feil.jpg\" \/>\n\t<meta property=\"og:image:width\" content=\"1200\" \/>\n\t<meta property=\"og:image:height\" content=\"800\" \/>\n\t<meta property=\"og:image:type\" content=\"image\/jpeg\" \/>\n<meta name=\"author\" content=\"Ole Andersen\" \/>\n<meta name=\"twitter:card\" content=\"summary_large_image\" \/>\n<meta name=\"twitter:label1\" content=\"Skrevet av\" \/>\n\t<meta name=\"twitter:data1\" content=\"Ole Andersen\" \/>\n\t<meta name=\"twitter:label2\" content=\"Ansl. lesetid\" \/>\n\t<meta name=\"twitter:data2\" content=\"1 minutt\" \/>\n<script type=\"application\/ld+json\" class=\"yoast-schema-graph\">{\"@context\":\"https:\/\/schema.org\",\"@graph\":[{\"@type\":\"Article\",\"@id\":\"https:\/\/nordnesrepublikken.no\/index.php\/2025\/08\/17\/hurtigkjorende-tesla-sjafor-argumenterer-for-at-det-var-bilens-feil\/#article\",\"isPartOf\":{\"@id\":\"https:\/\/nordnesrepublikken.no\/index.php\/2025\/08\/17\/hurtigkjorende-tesla-sjafor-argumenterer-for-at-det-var-bilens-feil\/\"},\"author\":{\"name\":\"Ole Andersen\",\"@id\":\"https:\/\/nordnesrepublikken.no\/#\/schema\/person\/2e7e81935bab77882fffb79296240ff1\"},\"headline\":\"Hurtigkj\u00f8rende Tesla -sj\u00e5f\u00f8r argumenterer for at det var bilens feil\",\"datePublished\":\"2025-08-17T11:49:30+00:00\",\"dateModified\":\"2025-08-17T11:49:32+00:00\",\"mainEntityOfPage\":{\"@id\":\"https:\/\/nordnesrepublikken.no\/index.php\/2025\/08\/17\/hurtigkjorende-tesla-sjafor-argumenterer-for-at-det-var-bilens-feil\/\"},\"wordCount\":287,\"publisher\":{\"@id\":\"https:\/\/nordnesrepublikken.no\/#organization\"},\"image\":{\"@id\":\"https:\/\/nordnesrepublikken.no\/index.php\/2025\/08\/17\/hurtigkjorende-tesla-sjafor-argumenterer-for-at-det-var-bilens-feil\/#primaryimage\"},\"thumbnailUrl\":\"https:\/\/nordnesrepublikken.no\/wp-content\/uploads\/2025\/08\/1755431371_Hurtigkjorende-Tesla-sjafor-argumenterer-for-at-det-var-bilens-feil.jpg\",\"keywords\":[\"argumenterer\",\"bilens\",\"Det\",\"feil\",\"Hurtigkj\u00f8rende\",\"sj\u00e5f\u00f8r\",\"Tesla\",\"var\"],\"articleSection\":[\"Nasjonal\"],\"inLanguage\":\"nb-NO\"},{\"@type\":\"WebPage\",\"@id\":\"https:\/\/nordnesrepublikken.no\/index.php\/2025\/08\/17\/hurtigkjorende-tesla-sjafor-argumenterer-for-at-det-var-bilens-feil\/\",\"url\":\"https:\/\/nordnesrepublikken.no\/index.php\/2025\/08\/17\/hurtigkjorende-tesla-sjafor-argumenterer-for-at-det-var-bilens-feil\/\",\"name\":\"Hurtigkj\u00f8rende Tesla -sj\u00e5f\u00f8r argumenterer for at det var bilens feil - Nordnesrepublikken\",\"isPartOf\":{\"@id\":\"https:\/\/nordnesrepublikken.no\/#website\"},\"primaryImageOfPage\":{\"@id\":\"https:\/\/nordnesrepublikken.no\/index.php\/2025\/08\/17\/hurtigkjorende-tesla-sjafor-argumenterer-for-at-det-var-bilens-feil\/#primaryimage\"},\"image\":{\"@id\":\"https:\/\/nordnesrepublikken.no\/index.php\/2025\/08\/17\/hurtigkjorende-tesla-sjafor-argumenterer-for-at-det-var-bilens-feil\/#primaryimage\"},\"thumbnailUrl\":\"https:\/\/nordnesrepublikken.no\/wp-content\/uploads\/2025\/08\/1755431371_Hurtigkjorende-Tesla-sjafor-argumenterer-for-at-det-var-bilens-feil.jpg\",\"datePublished\":\"2025-08-17T11:49:30+00:00\",\"dateModified\":\"2025-08-17T11:49:32+00:00\",\"breadcrumb\":{\"@id\":\"https:\/\/nordnesrepublikken.no\/index.php\/2025\/08\/17\/hurtigkjorende-tesla-sjafor-argumenterer-for-at-det-var-bilens-feil\/#breadcrumb\"},\"inLanguage\":\"nb-NO\",\"potentialAction\":[{\"@type\":\"ReadAction\",\"target\":[\"https:\/\/nordnesrepublikken.no\/index.php\/2025\/08\/17\/hurtigkjorende-tesla-sjafor-argumenterer-for-at-det-var-bilens-feil\/\"]}]},{\"@type\":\"ImageObject\",\"inLanguage\":\"nb-NO\",\"@id\":\"https:\/\/nordnesrepublikken.no\/index.php\/2025\/08\/17\/hurtigkjorende-tesla-sjafor-argumenterer-for-at-det-var-bilens-feil\/#primaryimage\",\"url\":\"https:\/\/nordnesrepublikken.no\/wp-content\/uploads\/2025\/08\/1755431371_Hurtigkjorende-Tesla-sjafor-argumenterer-for-at-det-var-bilens-feil.jpg\",\"contentUrl\":\"https:\/\/nordnesrepublikken.no\/wp-content\/uploads\/2025\/08\/1755431371_Hurtigkjorende-Tesla-sjafor-argumenterer-for-at-det-var-bilens-feil.jpg\",\"width\":1200,\"height\":800,\"caption\":\"Hurtigkj\u00f8rende Tesla -sj\u00e5f\u00f8r argumenterer for at det var bilens feil\"},{\"@type\":\"BreadcrumbList\",\"@id\":\"https:\/\/nordnesrepublikken.no\/index.php\/2025\/08\/17\/hurtigkjorende-tesla-sjafor-argumenterer-for-at-det-var-bilens-feil\/#breadcrumb\",\"itemListElement\":[{\"@type\":\"ListItem\",\"position\":1,\"name\":\"Home\",\"item\":\"https:\/\/nordnesrepublikken.no\/\"},{\"@type\":\"ListItem\",\"position\":2,\"name\":\"Hurtigkj\u00f8rende Tesla -sj\u00e5f\u00f8r argumenterer for at det var bilens feil\"}]},{\"@type\":\"WebSite\",\"@id\":\"https:\/\/nordnesrepublikken.no\/#website\",\"url\":\"https:\/\/nordnesrepublikken.no\/\",\"name\":\"Nordnesrepublikken\",\"description\":\"Stemmer og Visjoner fra Republikkens Hjerte\",\"publisher\":{\"@id\":\"https:\/\/nordnesrepublikken.no\/#organization\"},\"potentialAction\":[{\"@type\":\"SearchAction\",\"target\":{\"@type\":\"EntryPoint\",\"urlTemplate\":\"https:\/\/nordnesrepublikken.no\/?s={search_term_string}\"},\"query-input\":{\"@type\":\"PropertyValueSpecification\",\"valueRequired\":true,\"valueName\":\"search_term_string\"}}],\"inLanguage\":\"nb-NO\"},{\"@type\":\"Organization\",\"@id\":\"https:\/\/nordnesrepublikken.no\/#organization\",\"name\":\"Nordnesrepublikken\",\"url\":\"https:\/\/nordnesrepublikken.no\/\",\"logo\":{\"@type\":\"ImageObject\",\"inLanguage\":\"nb-NO\",\"@id\":\"https:\/\/nordnesrepublikken.no\/#\/schema\/logo\/image\/\",\"url\":\"https:\/\/nordnesrepublikken.no\/wp-content\/uploads\/2025\/02\/cropped-nordnesrepublikken-2.png\",\"contentUrl\":\"https:\/\/nordnesrepublikken.no\/wp-content\/uploads\/2025\/02\/cropped-nordnesrepublikken-2.png\",\"width\":1248,\"height\":362,\"caption\":\"Nordnesrepublikken\"},\"image\":{\"@id\":\"https:\/\/nordnesrepublikken.no\/#\/schema\/logo\/image\/\"}},{\"@type\":\"Person\",\"@id\":\"https:\/\/nordnesrepublikken.no\/#\/schema\/person\/2e7e81935bab77882fffb79296240ff1\",\"name\":\"Ole Andersen\",\"image\":{\"@type\":\"ImageObject\",\"inLanguage\":\"nb-NO\",\"@id\":\"https:\/\/nordnesrepublikken.no\/#\/schema\/person\/image\/\",\"url\":\"https:\/\/nordnesrepublikken.no\/wp-content\/uploads\/2025\/02\/nordnesrepublikken-2-2-150x150.jpg\",\"contentUrl\":\"https:\/\/nordnesrepublikken.no\/wp-content\/uploads\/2025\/02\/nordnesrepublikken-2-2-150x150.jpg\",\"caption\":\"Ole Andersen\"},\"description\":\"Ettersom jeg vokste opp i Oslo, har jeg alltid v\u00e6rt fascinert av ordenes kraft og deres evne til \u00e5 skape endringer. Etter \u00e5 ha fullf\u00f8rt min utdannelse i kommunikasjon ved Universitetet i Bergen, fikk jeg muligheten til \u00e5 jobbe innen ulike medier, der jeg har s\u00f8kt \u00e5 belyse viktige samfunnssp\u00f8rsm\u00e5l. I dag, som redakt\u00f8r for Nordnesrepublikken, pr\u00f8ver jeg \u00e5 forene min kj\u00e6rlighet for journalistikk med min lidenskap for innovasjon og eventyr.\",\"sameAs\":[\"https:\/\/nordnesrepublikken.no\/\"]}]}<\/script>\n<!-- \/ Yoast SEO plugin. -->","yoast_head_json":{"title":"Hurtigkj\u00f8rende Tesla -sj\u00e5f\u00f8r argumenterer for at det var bilens feil - Nordnesrepublikken","robots":{"index":"index","follow":"follow","max-snippet":"max-snippet:-1","max-image-preview":"max-image-preview:large","max-video-preview":"max-video-preview:-1"},"canonical":"https:\/\/nordnesrepublikken.no\/index.php\/2025\/08\/17\/hurtigkjorende-tesla-sjafor-argumenterer-for-at-det-var-bilens-feil\/","og_locale":"nb_NO","og_type":"article","og_title":"Hurtigkj\u00f8rende Tesla -sj\u00e5f\u00f8r argumenterer for at det var bilens feil - Nordnesrepublikken","og_description":"En Tesla -sj\u00e5f\u00f8r i Norge er blitt b\u00f8telagt og f\u00e5tt lisensen hans suspendert etter \u00e5","og_url":"https:\/\/nordnesrepublikken.no\/index.php\/2025\/08\/17\/hurtigkjorende-tesla-sjafor-argumenterer-for-at-det-var-bilens-feil\/","og_site_name":"Nordnesrepublikken","article_published_time":"2025-08-17T11:49:30+00:00","article_modified_time":"2025-08-17T11:49:32+00:00","og_image":[{"width":1200,"height":800,"url":"https:\/\/nordnesrepublikken.no\/wp-content\/uploads\/2025\/08\/1755431371_Hurtigkjorende-Tesla-sjafor-argumenterer-for-at-det-var-bilens-feil.jpg","type":"image\/jpeg"}],"author":"Ole Andersen","twitter_card":"summary_large_image","twitter_misc":{"Skrevet av":"Ole Andersen","Ansl. lesetid":"1 minutt"},"schema":{"@context":"https:\/\/schema.org","@graph":[{"@type":"Article","@id":"https:\/\/nordnesrepublikken.no\/index.php\/2025\/08\/17\/hurtigkjorende-tesla-sjafor-argumenterer-for-at-det-var-bilens-feil\/#article","isPartOf":{"@id":"https:\/\/nordnesrepublikken.no\/index.php\/2025\/08\/17\/hurtigkjorende-tesla-sjafor-argumenterer-for-at-det-var-bilens-feil\/"},"author":{"name":"Ole Andersen","@id":"https:\/\/nordnesrepublikken.no\/#\/schema\/person\/2e7e81935bab77882fffb79296240ff1"},"headline":"Hurtigkj\u00f8rende Tesla -sj\u00e5f\u00f8r argumenterer for at det var bilens feil","datePublished":"2025-08-17T11:49:30+00:00","dateModified":"2025-08-17T11:49:32+00:00","mainEntityOfPage":{"@id":"https:\/\/nordnesrepublikken.no\/index.php\/2025\/08\/17\/hurtigkjorende-tesla-sjafor-argumenterer-for-at-det-var-bilens-feil\/"},"wordCount":287,"publisher":{"@id":"https:\/\/nordnesrepublikken.no\/#organization"},"image":{"@id":"https:\/\/nordnesrepublikken.no\/index.php\/2025\/08\/17\/hurtigkjorende-tesla-sjafor-argumenterer-for-at-det-var-bilens-feil\/#primaryimage"},"thumbnailUrl":"https:\/\/nordnesrepublikken.no\/wp-content\/uploads\/2025\/08\/1755431371_Hurtigkjorende-Tesla-sjafor-argumenterer-for-at-det-var-bilens-feil.jpg","keywords":["argumenterer","bilens","Det","feil","Hurtigkj\u00f8rende","sj\u00e5f\u00f8r","Tesla","var"],"articleSection":["Nasjonal"],"inLanguage":"nb-NO"},{"@type":"WebPage","@id":"https:\/\/nordnesrepublikken.no\/index.php\/2025\/08\/17\/hurtigkjorende-tesla-sjafor-argumenterer-for-at-det-var-bilens-feil\/","url":"https:\/\/nordnesrepublikken.no\/index.php\/2025\/08\/17\/hurtigkjorende-tesla-sjafor-argumenterer-for-at-det-var-bilens-feil\/","name":"Hurtigkj\u00f8rende Tesla -sj\u00e5f\u00f8r argumenterer for at det var bilens feil - Nordnesrepublikken","isPartOf":{"@id":"https:\/\/nordnesrepublikken.no\/#website"},"primaryImageOfPage":{"@id":"https:\/\/nordnesrepublikken.no\/index.php\/2025\/08\/17\/hurtigkjorende-tesla-sjafor-argumenterer-for-at-det-var-bilens-feil\/#primaryimage"},"image":{"@id":"https:\/\/nordnesrepublikken.no\/index.php\/2025\/08\/17\/hurtigkjorende-tesla-sjafor-argumenterer-for-at-det-var-bilens-feil\/#primaryimage"},"thumbnailUrl":"https:\/\/nordnesrepublikken.no\/wp-content\/uploads\/2025\/08\/1755431371_Hurtigkjorende-Tesla-sjafor-argumenterer-for-at-det-var-bilens-feil.jpg","datePublished":"2025-08-17T11:49:30+00:00","dateModified":"2025-08-17T11:49:32+00:00","breadcrumb":{"@id":"https:\/\/nordnesrepublikken.no\/index.php\/2025\/08\/17\/hurtigkjorende-tesla-sjafor-argumenterer-for-at-det-var-bilens-feil\/#breadcrumb"},"inLanguage":"nb-NO","potentialAction":[{"@type":"ReadAction","target":["https:\/\/nordnesrepublikken.no\/index.php\/2025\/08\/17\/hurtigkjorende-tesla-sjafor-argumenterer-for-at-det-var-bilens-feil\/"]}]},{"@type":"ImageObject","inLanguage":"nb-NO","@id":"https:\/\/nordnesrepublikken.no\/index.php\/2025\/08\/17\/hurtigkjorende-tesla-sjafor-argumenterer-for-at-det-var-bilens-feil\/#primaryimage","url":"https:\/\/nordnesrepublikken.no\/wp-content\/uploads\/2025\/08\/1755431371_Hurtigkjorende-Tesla-sjafor-argumenterer-for-at-det-var-bilens-feil.jpg","contentUrl":"https:\/\/nordnesrepublikken.no\/wp-content\/uploads\/2025\/08\/1755431371_Hurtigkjorende-Tesla-sjafor-argumenterer-for-at-det-var-bilens-feil.jpg","width":1200,"height":800,"caption":"Hurtigkj\u00f8rende Tesla -sj\u00e5f\u00f8r argumenterer for at det var bilens feil"},{"@type":"BreadcrumbList","@id":"https:\/\/nordnesrepublikken.no\/index.php\/2025\/08\/17\/hurtigkjorende-tesla-sjafor-argumenterer-for-at-det-var-bilens-feil\/#breadcrumb","itemListElement":[{"@type":"ListItem","position":1,"name":"Home","item":"https:\/\/nordnesrepublikken.no\/"},{"@type":"ListItem","position":2,"name":"Hurtigkj\u00f8rende Tesla -sj\u00e5f\u00f8r argumenterer for at det var bilens feil"}]},{"@type":"WebSite","@id":"https:\/\/nordnesrepublikken.no\/#website","url":"https:\/\/nordnesrepublikken.no\/","name":"Nordnesrepublikken","description":"Stemmer og Visjoner fra Republikkens Hjerte","publisher":{"@id":"https:\/\/nordnesrepublikken.no\/#organization"},"potentialAction":[{"@type":"SearchAction","target":{"@type":"EntryPoint","urlTemplate":"https:\/\/nordnesrepublikken.no\/?s={search_term_string}"},"query-input":{"@type":"PropertyValueSpecification","valueRequired":true,"valueName":"search_term_string"}}],"inLanguage":"nb-NO"},{"@type":"Organization","@id":"https:\/\/nordnesrepublikken.no\/#organization","name":"Nordnesrepublikken","url":"https:\/\/nordnesrepublikken.no\/","logo":{"@type":"ImageObject","inLanguage":"nb-NO","@id":"https:\/\/nordnesrepublikken.no\/#\/schema\/logo\/image\/","url":"https:\/\/nordnesrepublikken.no\/wp-content\/uploads\/2025\/02\/cropped-nordnesrepublikken-2.png","contentUrl":"https:\/\/nordnesrepublikken.no\/wp-content\/uploads\/2025\/02\/cropped-nordnesrepublikken-2.png","width":1248,"height":362,"caption":"Nordnesrepublikken"},"image":{"@id":"https:\/\/nordnesrepublikken.no\/#\/schema\/logo\/image\/"}},{"@type":"Person","@id":"https:\/\/nordnesrepublikken.no\/#\/schema\/person\/2e7e81935bab77882fffb79296240ff1","name":"Ole Andersen","image":{"@type":"ImageObject","inLanguage":"nb-NO","@id":"https:\/\/nordnesrepublikken.no\/#\/schema\/person\/image\/","url":"https:\/\/nordnesrepublikken.no\/wp-content\/uploads\/2025\/02\/nordnesrepublikken-2-2-150x150.jpg","contentUrl":"https:\/\/nordnesrepublikken.no\/wp-content\/uploads\/2025\/02\/nordnesrepublikken-2-2-150x150.jpg","caption":"Ole Andersen"},"description":"Ettersom jeg vokste opp i Oslo, har jeg alltid v\u00e6rt fascinert av ordenes kraft og deres evne til \u00e5 skape endringer. Etter \u00e5 ha fullf\u00f8rt min utdannelse i kommunikasjon ved Universitetet i Bergen, fikk jeg muligheten til \u00e5 jobbe innen ulike medier, der jeg har s\u00f8kt \u00e5 belyse viktige samfunnssp\u00f8rsm\u00e5l. I dag, som redakt\u00f8r for Nordnesrepublikken, pr\u00f8ver jeg \u00e5 forene min kj\u00e6rlighet for journalistikk med min lidenskap for innovasjon og eventyr.","sameAs":["https:\/\/nordnesrepublikken.no\/"]}]}},"_links":{"self":[{"href":"https:\/\/nordnesrepublikken.no\/index.php\/wp-json\/wp\/v2\/posts\/8378","targetHints":{"allow":["GET"]}}],"collection":[{"href":"https:\/\/nordnesrepublikken.no\/index.php\/wp-json\/wp\/v2\/posts"}],"about":[{"href":"https:\/\/nordnesrepublikken.no\/index.php\/wp-json\/wp\/v2\/types\/post"}],"author":[{"embeddable":true,"href":"https:\/\/nordnesrepublikken.no\/index.php\/wp-json\/wp\/v2\/users\/1"}],"replies":[{"embeddable":true,"href":"https:\/\/nordnesrepublikken.no\/index.php\/wp-json\/wp\/v2\/comments?post=8378"}],"version-history":[{"count":1,"href":"https:\/\/nordnesrepublikken.no\/index.php\/wp-json\/wp\/v2\/posts\/8378\/revisions"}],"predecessor-version":[{"id":8380,"href":"https:\/\/nordnesrepublikken.no\/index.php\/wp-json\/wp\/v2\/posts\/8378\/revisions\/8380"}],"wp:featuredmedia":[{"embeddable":true,"href":"https:\/\/nordnesrepublikken.no\/index.php\/wp-json\/wp\/v2\/media\/8379"}],"wp:attachment":[{"href":"https:\/\/nordnesrepublikken.no\/index.php\/wp-json\/wp\/v2\/media?parent=8378"}],"wp:term":[{"taxonomy":"category","embeddable":true,"href":"https:\/\/nordnesrepublikken.no\/index.php\/wp-json\/wp\/v2\/categories?post=8378"},{"taxonomy":"post_tag","embeddable":true,"href":"https:\/\/nordnesrepublikken.no\/index.php\/wp-json\/wp\/v2\/tags?post=8378"}],"curies":[{"name":"wp","href":"https:\/\/api.w.org\/{rel}","templated":true}]}}