{"id":8345,"date":"2025-08-16T04:50:16","date_gmt":"2025-08-16T02:50:16","guid":{"rendered":"https:\/\/nordnesrepublikken.no\/index.php\/2025\/08\/16\/ferragosto-feires-ogsa-i-resten-av-verden-landene-der-det-regnes-som-nasjonal-festival\/"},"modified":"2025-08-16T04:50:18","modified_gmt":"2025-08-16T02:50:18","slug":"ferragosto-feires-ogsa-i-resten-av-verden-landene-der-det-regnes-som-nasjonal-festival","status":"publish","type":"post","link":"https:\/\/nordnesrepublikken.no\/index.php\/2025\/08\/16\/ferragosto-feires-ogsa-i-resten-av-verden-landene-der-det-regnes-som-nasjonal-festival\/","title":{"rendered":"Ferragosto feires ogs\u00e5 i resten av verden? Landene der det regnes som nasjonal festival"},"content":{"rendered":"<div>\n<div class=\"cp_wrapper cp_wrapper--fw mb-30 mb-20@tablet\">\n<figure class=\"mm\"><picture class=\"img\" style=\"padding-top:56.25%\"><source  media=\"(min-width: 1024px)\"><source  media=\"(min-width: 768px)\"><\/source><\/source><\/picture><\/figure>\n<\/p><\/div>\n<p>De <strong>Midt -August<\/strong>I Italia representerer det en av de mest forankrede h\u00f8ytidene i v\u00e5r kultur: dens opprinnelse kan g\u00e5 tilbake til Romerrikets tid, n\u00e5r <strong>Ottaviano Augusto<\/strong> Han ville ha etablert festen for <strong><em>Feriae Augusti<\/em><\/strong>  (som betyr &laquo;ferie av Augustus&raquo;) for \u00e5 bestille mellom de eksisterende sommerens popul\u00e6re feiringer, vanligvis assosiert med landbruksarbeid. Med fremkomsten av kristendommen, da 15. august ble den koblet til<strong>Antagelse av Mary<\/strong>.<\/p>\n<p>Men derfor er bare i Italia midten av august? I virkeligheten, nei, det er faktisk en ganske utbredt ferie i forskjellige europeiske land inkludert <strong>Spania<\/strong>, <strong>Frankrike<\/strong> Og <strong>Hellas<\/strong>selv om utenfor landet v\u00e5rt tar p\u00e5 seg en mye mer konnotasjon <strong>religi\u00f8s<\/strong>: Ingen grillet, fotturer i fjellet for \u00e5 unnslippe sommeren eller b\u00e5let p\u00e5 stranden, men for det meste prosesjoner og satt for \u00e5 feire inntaket av Jomfru Maria.<\/p>\n<h2>Ferragosto i Spania: prosesjonene for \u00e5 ta Mary<\/h2>\n<p>Etter Italia er Spania absolutt det europeiske landet der feiringen for midten av August er mer forankret i nasjonal kultur: 15. august, faktisk, &laquo;<strong>Asunci\u00f3n de la Virgen Mar\u00eda<\/strong>&laquo;I anledning hvilke prosesjoner finner sted i hovedveiene i byene og h\u00f8ytidelige masser dedikert til Jomfru Maria.<\/p>\n<p>Spesielt arrangeres &laquo;Verbena de la Virgen de la Paloma&raquo; i hovedstaden Madrid, en popul\u00e6r festival som finner sted i Latina -distriktet og som inkluderer prosesjoner, tradisjonelle danser, konserter og show.<\/p>\n<h2>Feiringen i Hellas 15. august: &laquo;<strong>Dekapentavgoustos &laquo;<\/strong><\/h2>\n<p>I Hellas 15. august, kjent som &laquo;<strong>Dekapentavgoustos<\/strong>&laquo;, Representerer en av de mest f\u00f8lte religi\u00f8se h\u00f8ytidene gjennom \u00e5ret, til det punktet \u00e5 ha blitt omd\u00f8pt&raquo;<strong>P\u00e5ske p\u00e5 sommeren<\/strong>&laquo;. Feiringen inkluderer masser, prosesjoner og feiringer alltid dedikert til Jomfru Maria.<\/p>\n<p>Generelt er det en ferie som ogs\u00e5 er knyttet til returen til familien og opprinnelsen: det er grunnen til at de som bor i store bysentre ofte vender tilbake til julebyene, der det er typisk \u00e5 lage religi\u00f8se pilegrimsreiser. Det mest kjente er den p\u00e5 \u00f8ya <strong>Tinos<\/strong>i skj\u00e6rg\u00e5rden til <strong>Cicladi<\/strong>der tusenvis av trofaste drar til helligdommen til Panagia Evangelistria hvert \u00e5r, langs de siste strekene med vandring eller p\u00e5 kn\u00e6rne som en gest av offer.<\/p>\n<h2>&laquo;Assomption&raquo;<strong> i Frankrike for 15. august<\/strong><\/h2>\n<p>I Frankrike er midten av August dagen for &laquo;<strong>Assomption<\/strong>&laquo;: Denne festivalen synker sin opprinnelse i kongeriket <strong>Louis XIII<\/strong>som i 1638 dedikerte dagen 15. august til Jomfru Maria for \u00e5 feire <strong>f\u00f8dsel<\/strong> av hans arving, som deretter ble Louis XIV, <strong>Sun King<\/strong>.<\/p>\n<p>Ogs\u00e5 i dette tilfellet har ferien hovedsakelig en <strong>Religi\u00f8s mugg<\/strong> Og til tross for at de er et nasjonalt parti, holdes feiringen for det meste p\u00e5 landsbygda og i landsbyene i innlandet, der prosesjoner og masser er organisert.<\/p>\n<h2>15. august i resten av Europa og Latin -Amerika<\/h2>\n<p>Generelt, i resten av Europa, representerer midten av August en festlig ikke feiret av befolkningen. Likevel fortsetter de i noen omr\u00e5der \u00e5 dele ut tradisjonene relatert til <strong>15. august<\/strong>:<\/p>\n<ul>\n<li>I forskjellige regioner av <strong>Tyskland<\/strong>, <strong>Sveitsisk<\/strong> Og <strong>\u00d8sterrike<\/strong> Det er tradisjonelt \u00e5 feire den religi\u00f8se h\u00f8ytiden &laquo;Marias Himelfahrt&raquo;, og bokstavelig talt tar Mary mot himmelen.<\/li>\n<li>I <strong>Belgia<\/strong> Og <strong>Luxembourg<\/strong> Feiringene for 15. august f\u00f8lger de franske tradisjonene for forekomst.<\/li>\n<li>I <strong>Polen<\/strong> Midt -August er dedikert til <strong>Guddommelig mor til urtene<\/strong> (Matka boska zielna), jordens beskytter og dens frukt i henhold til nasjonal folklore. Tradisjonen, veldig f\u00f8lte p\u00e5 landsbygda, planlegger \u00e5 tilby blomster, kranser av urter og grener av frukttr\u00e6r under de liturgiske feiringene.<\/li>\n<li>Ogs\u00e5 i <strong>Latin -Amerika<\/strong> Prosesjoner og masser dedikert til \u00e5 ta Jomfru Maria er ganske utbredt, spesielt i land som Chile, Colombia eller Costa Rica, men ogs\u00e5 i Brasil, der elveprosesjoner er organisert til \u00e6re for &laquo;Nossa Senhora da Assun\u00e7\u00e3o&raquo;.<\/li>\n<\/ul><\/div>\n","protected":false},"excerpt":{"rendered":"<p>De Midt -AugustI Italia representerer det en av de mest forankrede h\u00f8ytidene i v\u00e5r kultur:<\/p>\n","protected":false},"author":1,"featured_media":8346,"comment_status":"closed","ping_status":"open","sticky":false,"template":"","format":"standard","meta":{"footnotes":""},"categories":[104],"tags":[490,66,102,5469,5437,146,5471,753,5470,2565,31,598],"class_list":["post-8345","post","type-post","status-publish","format-standard","has-post-thumbnail","hentry","category-samfunn","tag-der","tag-det","tag-feires","tag-ferragosto","tag-festival","tag-landene","tag-nasjonal","tag-ogsa","tag-regnes","tag-resten","tag-som","tag-verden","generate-columns","tablet-grid-50","mobile-grid-100","grid-parent","grid-33","resize-featured-image"],"yoast_head":"<!-- This site is optimized with the Yoast SEO plugin v24.4 - https:\/\/yoast.com\/wordpress\/plugins\/seo\/ -->\n<title>Ferragosto feires ogs\u00e5 i resten av verden? Landene der det regnes som nasjonal festival - Nordnesrepublikken<\/title>\n<meta name=\"robots\" content=\"index, follow, max-snippet:-1, max-image-preview:large, max-video-preview:-1\" \/>\n<link rel=\"canonical\" href=\"https:\/\/nordnesrepublikken.no\/index.php\/2025\/08\/16\/ferragosto-feires-ogsa-i-resten-av-verden-landene-der-det-regnes-som-nasjonal-festival\/\" \/>\n<meta property=\"og:locale\" content=\"nb_NO\" \/>\n<meta property=\"og:type\" content=\"article\" \/>\n<meta property=\"og:title\" content=\"Ferragosto feires ogs\u00e5 i resten av verden? Landene der det regnes som nasjonal festival - Nordnesrepublikken\" \/>\n<meta property=\"og:description\" content=\"De Midt -AugustI Italia representerer det en av de mest forankrede h\u00f8ytidene i v\u00e5r kultur:\" \/>\n<meta property=\"og:url\" content=\"https:\/\/nordnesrepublikken.no\/index.php\/2025\/08\/16\/ferragosto-feires-ogsa-i-resten-av-verden-landene-der-det-regnes-som-nasjonal-festival\/\" \/>\n<meta property=\"og:site_name\" content=\"Nordnesrepublikken\" \/>\n<meta property=\"article:published_time\" content=\"2025-08-16T02:50:16+00:00\" \/>\n<meta property=\"article:modified_time\" content=\"2025-08-16T02:50:18+00:00\" \/>\n<meta property=\"og:image\" content=\"https:\/\/nordnesrepublikken.no\/wp-content\/uploads\/2025\/08\/1755312618_Ferragosto-feires-ogsa-i-resten-av-verden-Landene-der-det.jpg\" \/>\n\t<meta property=\"og:image:width\" content=\"1254\" \/>\n\t<meta property=\"og:image:height\" content=\"836\" \/>\n\t<meta property=\"og:image:type\" content=\"image\/jpeg\" \/>\n<meta name=\"author\" content=\"Ole Andersen\" \/>\n<meta name=\"twitter:card\" content=\"summary_large_image\" \/>\n<meta name=\"twitter:label1\" content=\"Skrevet av\" \/>\n\t<meta name=\"twitter:data1\" content=\"Ole Andersen\" \/>\n\t<meta name=\"twitter:label2\" content=\"Ansl. lesetid\" \/>\n\t<meta name=\"twitter:data2\" content=\"3 minutter\" \/>\n<script type=\"application\/ld+json\" class=\"yoast-schema-graph\">{\"@context\":\"https:\/\/schema.org\",\"@graph\":[{\"@type\":\"Article\",\"@id\":\"https:\/\/nordnesrepublikken.no\/index.php\/2025\/08\/16\/ferragosto-feires-ogsa-i-resten-av-verden-landene-der-det-regnes-som-nasjonal-festival\/#article\",\"isPartOf\":{\"@id\":\"https:\/\/nordnesrepublikken.no\/index.php\/2025\/08\/16\/ferragosto-feires-ogsa-i-resten-av-verden-landene-der-det-regnes-som-nasjonal-festival\/\"},\"author\":{\"name\":\"Ole Andersen\",\"@id\":\"https:\/\/nordnesrepublikken.no\/#\/schema\/person\/2e7e81935bab77882fffb79296240ff1\"},\"headline\":\"Ferragosto feires ogs\u00e5 i resten av verden? Landene der det regnes som nasjonal festival\",\"datePublished\":\"2025-08-16T02:50:16+00:00\",\"dateModified\":\"2025-08-16T02:50:18+00:00\",\"mainEntityOfPage\":{\"@id\":\"https:\/\/nordnesrepublikken.no\/index.php\/2025\/08\/16\/ferragosto-feires-ogsa-i-resten-av-verden-landene-der-det-regnes-som-nasjonal-festival\/\"},\"wordCount\":602,\"publisher\":{\"@id\":\"https:\/\/nordnesrepublikken.no\/#organization\"},\"image\":{\"@id\":\"https:\/\/nordnesrepublikken.no\/index.php\/2025\/08\/16\/ferragosto-feires-ogsa-i-resten-av-verden-landene-der-det-regnes-som-nasjonal-festival\/#primaryimage\"},\"thumbnailUrl\":\"https:\/\/nordnesrepublikken.no\/wp-content\/uploads\/2025\/08\/1755312618_Ferragosto-feires-ogsa-i-resten-av-verden-Landene-der-det.jpg\",\"keywords\":[\"der\",\"Det\",\"feires\",\"Ferragosto\",\"Festival\",\"landene\",\"nasjonal\",\"ogs\u00e5\",\"regnes\",\"resten\",\"som\",\"verden\"],\"articleSection\":[\"Samfunn\"],\"inLanguage\":\"nb-NO\"},{\"@type\":\"WebPage\",\"@id\":\"https:\/\/nordnesrepublikken.no\/index.php\/2025\/08\/16\/ferragosto-feires-ogsa-i-resten-av-verden-landene-der-det-regnes-som-nasjonal-festival\/\",\"url\":\"https:\/\/nordnesrepublikken.no\/index.php\/2025\/08\/16\/ferragosto-feires-ogsa-i-resten-av-verden-landene-der-det-regnes-som-nasjonal-festival\/\",\"name\":\"Ferragosto feires ogs\u00e5 i resten av verden? Landene der det regnes som nasjonal festival - Nordnesrepublikken\",\"isPartOf\":{\"@id\":\"https:\/\/nordnesrepublikken.no\/#website\"},\"primaryImageOfPage\":{\"@id\":\"https:\/\/nordnesrepublikken.no\/index.php\/2025\/08\/16\/ferragosto-feires-ogsa-i-resten-av-verden-landene-der-det-regnes-som-nasjonal-festival\/#primaryimage\"},\"image\":{\"@id\":\"https:\/\/nordnesrepublikken.no\/index.php\/2025\/08\/16\/ferragosto-feires-ogsa-i-resten-av-verden-landene-der-det-regnes-som-nasjonal-festival\/#primaryimage\"},\"thumbnailUrl\":\"https:\/\/nordnesrepublikken.no\/wp-content\/uploads\/2025\/08\/1755312618_Ferragosto-feires-ogsa-i-resten-av-verden-Landene-der-det.jpg\",\"datePublished\":\"2025-08-16T02:50:16+00:00\",\"dateModified\":\"2025-08-16T02:50:18+00:00\",\"breadcrumb\":{\"@id\":\"https:\/\/nordnesrepublikken.no\/index.php\/2025\/08\/16\/ferragosto-feires-ogsa-i-resten-av-verden-landene-der-det-regnes-som-nasjonal-festival\/#breadcrumb\"},\"inLanguage\":\"nb-NO\",\"potentialAction\":[{\"@type\":\"ReadAction\",\"target\":[\"https:\/\/nordnesrepublikken.no\/index.php\/2025\/08\/16\/ferragosto-feires-ogsa-i-resten-av-verden-landene-der-det-regnes-som-nasjonal-festival\/\"]}]},{\"@type\":\"ImageObject\",\"inLanguage\":\"nb-NO\",\"@id\":\"https:\/\/nordnesrepublikken.no\/index.php\/2025\/08\/16\/ferragosto-feires-ogsa-i-resten-av-verden-landene-der-det-regnes-som-nasjonal-festival\/#primaryimage\",\"url\":\"https:\/\/nordnesrepublikken.no\/wp-content\/uploads\/2025\/08\/1755312618_Ferragosto-feires-ogsa-i-resten-av-verden-Landene-der-det.jpg\",\"contentUrl\":\"https:\/\/nordnesrepublikken.no\/wp-content\/uploads\/2025\/08\/1755312618_Ferragosto-feires-ogsa-i-resten-av-verden-Landene-der-det.jpg\",\"width\":1254,\"height\":836,\"caption\":\"ferragosto\"},{\"@type\":\"BreadcrumbList\",\"@id\":\"https:\/\/nordnesrepublikken.no\/index.php\/2025\/08\/16\/ferragosto-feires-ogsa-i-resten-av-verden-landene-der-det-regnes-som-nasjonal-festival\/#breadcrumb\",\"itemListElement\":[{\"@type\":\"ListItem\",\"position\":1,\"name\":\"Home\",\"item\":\"https:\/\/nordnesrepublikken.no\/\"},{\"@type\":\"ListItem\",\"position\":2,\"name\":\"Ferragosto feires ogs\u00e5 i resten av verden? Landene der det regnes som nasjonal festival\"}]},{\"@type\":\"WebSite\",\"@id\":\"https:\/\/nordnesrepublikken.no\/#website\",\"url\":\"https:\/\/nordnesrepublikken.no\/\",\"name\":\"Nordnesrepublikken\",\"description\":\"Stemmer og Visjoner fra Republikkens Hjerte\",\"publisher\":{\"@id\":\"https:\/\/nordnesrepublikken.no\/#organization\"},\"potentialAction\":[{\"@type\":\"SearchAction\",\"target\":{\"@type\":\"EntryPoint\",\"urlTemplate\":\"https:\/\/nordnesrepublikken.no\/?s={search_term_string}\"},\"query-input\":{\"@type\":\"PropertyValueSpecification\",\"valueRequired\":true,\"valueName\":\"search_term_string\"}}],\"inLanguage\":\"nb-NO\"},{\"@type\":\"Organization\",\"@id\":\"https:\/\/nordnesrepublikken.no\/#organization\",\"name\":\"Nordnesrepublikken\",\"url\":\"https:\/\/nordnesrepublikken.no\/\",\"logo\":{\"@type\":\"ImageObject\",\"inLanguage\":\"nb-NO\",\"@id\":\"https:\/\/nordnesrepublikken.no\/#\/schema\/logo\/image\/\",\"url\":\"https:\/\/nordnesrepublikken.no\/wp-content\/uploads\/2025\/02\/cropped-nordnesrepublikken-2.png\",\"contentUrl\":\"https:\/\/nordnesrepublikken.no\/wp-content\/uploads\/2025\/02\/cropped-nordnesrepublikken-2.png\",\"width\":1248,\"height\":362,\"caption\":\"Nordnesrepublikken\"},\"image\":{\"@id\":\"https:\/\/nordnesrepublikken.no\/#\/schema\/logo\/image\/\"}},{\"@type\":\"Person\",\"@id\":\"https:\/\/nordnesrepublikken.no\/#\/schema\/person\/2e7e81935bab77882fffb79296240ff1\",\"name\":\"Ole Andersen\",\"image\":{\"@type\":\"ImageObject\",\"inLanguage\":\"nb-NO\",\"@id\":\"https:\/\/nordnesrepublikken.no\/#\/schema\/person\/image\/\",\"url\":\"https:\/\/nordnesrepublikken.no\/wp-content\/uploads\/2025\/02\/nordnesrepublikken-2-2-150x150.jpg\",\"contentUrl\":\"https:\/\/nordnesrepublikken.no\/wp-content\/uploads\/2025\/02\/nordnesrepublikken-2-2-150x150.jpg\",\"caption\":\"Ole Andersen\"},\"description\":\"Ettersom jeg vokste opp i Oslo, har jeg alltid v\u00e6rt fascinert av ordenes kraft og deres evne til \u00e5 skape endringer. Etter \u00e5 ha fullf\u00f8rt min utdannelse i kommunikasjon ved Universitetet i Bergen, fikk jeg muligheten til \u00e5 jobbe innen ulike medier, der jeg har s\u00f8kt \u00e5 belyse viktige samfunnssp\u00f8rsm\u00e5l. I dag, som redakt\u00f8r for Nordnesrepublikken, pr\u00f8ver jeg \u00e5 forene min kj\u00e6rlighet for journalistikk med min lidenskap for innovasjon og eventyr.\",\"sameAs\":[\"https:\/\/nordnesrepublikken.no\/\"]}]}<\/script>\n<!-- \/ Yoast SEO plugin. -->","yoast_head_json":{"title":"Ferragosto feires ogs\u00e5 i resten av verden? Landene der det regnes som nasjonal festival - Nordnesrepublikken","robots":{"index":"index","follow":"follow","max-snippet":"max-snippet:-1","max-image-preview":"max-image-preview:large","max-video-preview":"max-video-preview:-1"},"canonical":"https:\/\/nordnesrepublikken.no\/index.php\/2025\/08\/16\/ferragosto-feires-ogsa-i-resten-av-verden-landene-der-det-regnes-som-nasjonal-festival\/","og_locale":"nb_NO","og_type":"article","og_title":"Ferragosto feires ogs\u00e5 i resten av verden? Landene der det regnes som nasjonal festival - Nordnesrepublikken","og_description":"De Midt -AugustI Italia representerer det en av de mest forankrede h\u00f8ytidene i v\u00e5r kultur:","og_url":"https:\/\/nordnesrepublikken.no\/index.php\/2025\/08\/16\/ferragosto-feires-ogsa-i-resten-av-verden-landene-der-det-regnes-som-nasjonal-festival\/","og_site_name":"Nordnesrepublikken","article_published_time":"2025-08-16T02:50:16+00:00","article_modified_time":"2025-08-16T02:50:18+00:00","og_image":[{"width":1254,"height":836,"url":"https:\/\/nordnesrepublikken.no\/wp-content\/uploads\/2025\/08\/1755312618_Ferragosto-feires-ogsa-i-resten-av-verden-Landene-der-det.jpg","type":"image\/jpeg"}],"author":"Ole Andersen","twitter_card":"summary_large_image","twitter_misc":{"Skrevet av":"Ole Andersen","Ansl. lesetid":"3 minutter"},"schema":{"@context":"https:\/\/schema.org","@graph":[{"@type":"Article","@id":"https:\/\/nordnesrepublikken.no\/index.php\/2025\/08\/16\/ferragosto-feires-ogsa-i-resten-av-verden-landene-der-det-regnes-som-nasjonal-festival\/#article","isPartOf":{"@id":"https:\/\/nordnesrepublikken.no\/index.php\/2025\/08\/16\/ferragosto-feires-ogsa-i-resten-av-verden-landene-der-det-regnes-som-nasjonal-festival\/"},"author":{"name":"Ole Andersen","@id":"https:\/\/nordnesrepublikken.no\/#\/schema\/person\/2e7e81935bab77882fffb79296240ff1"},"headline":"Ferragosto feires ogs\u00e5 i resten av verden? Landene der det regnes som nasjonal festival","datePublished":"2025-08-16T02:50:16+00:00","dateModified":"2025-08-16T02:50:18+00:00","mainEntityOfPage":{"@id":"https:\/\/nordnesrepublikken.no\/index.php\/2025\/08\/16\/ferragosto-feires-ogsa-i-resten-av-verden-landene-der-det-regnes-som-nasjonal-festival\/"},"wordCount":602,"publisher":{"@id":"https:\/\/nordnesrepublikken.no\/#organization"},"image":{"@id":"https:\/\/nordnesrepublikken.no\/index.php\/2025\/08\/16\/ferragosto-feires-ogsa-i-resten-av-verden-landene-der-det-regnes-som-nasjonal-festival\/#primaryimage"},"thumbnailUrl":"https:\/\/nordnesrepublikken.no\/wp-content\/uploads\/2025\/08\/1755312618_Ferragosto-feires-ogsa-i-resten-av-verden-Landene-der-det.jpg","keywords":["der","Det","feires","Ferragosto","Festival","landene","nasjonal","ogs\u00e5","regnes","resten","som","verden"],"articleSection":["Samfunn"],"inLanguage":"nb-NO"},{"@type":"WebPage","@id":"https:\/\/nordnesrepublikken.no\/index.php\/2025\/08\/16\/ferragosto-feires-ogsa-i-resten-av-verden-landene-der-det-regnes-som-nasjonal-festival\/","url":"https:\/\/nordnesrepublikken.no\/index.php\/2025\/08\/16\/ferragosto-feires-ogsa-i-resten-av-verden-landene-der-det-regnes-som-nasjonal-festival\/","name":"Ferragosto feires ogs\u00e5 i resten av verden? Landene der det regnes som nasjonal festival - Nordnesrepublikken","isPartOf":{"@id":"https:\/\/nordnesrepublikken.no\/#website"},"primaryImageOfPage":{"@id":"https:\/\/nordnesrepublikken.no\/index.php\/2025\/08\/16\/ferragosto-feires-ogsa-i-resten-av-verden-landene-der-det-regnes-som-nasjonal-festival\/#primaryimage"},"image":{"@id":"https:\/\/nordnesrepublikken.no\/index.php\/2025\/08\/16\/ferragosto-feires-ogsa-i-resten-av-verden-landene-der-det-regnes-som-nasjonal-festival\/#primaryimage"},"thumbnailUrl":"https:\/\/nordnesrepublikken.no\/wp-content\/uploads\/2025\/08\/1755312618_Ferragosto-feires-ogsa-i-resten-av-verden-Landene-der-det.jpg","datePublished":"2025-08-16T02:50:16+00:00","dateModified":"2025-08-16T02:50:18+00:00","breadcrumb":{"@id":"https:\/\/nordnesrepublikken.no\/index.php\/2025\/08\/16\/ferragosto-feires-ogsa-i-resten-av-verden-landene-der-det-regnes-som-nasjonal-festival\/#breadcrumb"},"inLanguage":"nb-NO","potentialAction":[{"@type":"ReadAction","target":["https:\/\/nordnesrepublikken.no\/index.php\/2025\/08\/16\/ferragosto-feires-ogsa-i-resten-av-verden-landene-der-det-regnes-som-nasjonal-festival\/"]}]},{"@type":"ImageObject","inLanguage":"nb-NO","@id":"https:\/\/nordnesrepublikken.no\/index.php\/2025\/08\/16\/ferragosto-feires-ogsa-i-resten-av-verden-landene-der-det-regnes-som-nasjonal-festival\/#primaryimage","url":"https:\/\/nordnesrepublikken.no\/wp-content\/uploads\/2025\/08\/1755312618_Ferragosto-feires-ogsa-i-resten-av-verden-Landene-der-det.jpg","contentUrl":"https:\/\/nordnesrepublikken.no\/wp-content\/uploads\/2025\/08\/1755312618_Ferragosto-feires-ogsa-i-resten-av-verden-Landene-der-det.jpg","width":1254,"height":836,"caption":"ferragosto"},{"@type":"BreadcrumbList","@id":"https:\/\/nordnesrepublikken.no\/index.php\/2025\/08\/16\/ferragosto-feires-ogsa-i-resten-av-verden-landene-der-det-regnes-som-nasjonal-festival\/#breadcrumb","itemListElement":[{"@type":"ListItem","position":1,"name":"Home","item":"https:\/\/nordnesrepublikken.no\/"},{"@type":"ListItem","position":2,"name":"Ferragosto feires ogs\u00e5 i resten av verden? Landene der det regnes som nasjonal festival"}]},{"@type":"WebSite","@id":"https:\/\/nordnesrepublikken.no\/#website","url":"https:\/\/nordnesrepublikken.no\/","name":"Nordnesrepublikken","description":"Stemmer og Visjoner fra Republikkens Hjerte","publisher":{"@id":"https:\/\/nordnesrepublikken.no\/#organization"},"potentialAction":[{"@type":"SearchAction","target":{"@type":"EntryPoint","urlTemplate":"https:\/\/nordnesrepublikken.no\/?s={search_term_string}"},"query-input":{"@type":"PropertyValueSpecification","valueRequired":true,"valueName":"search_term_string"}}],"inLanguage":"nb-NO"},{"@type":"Organization","@id":"https:\/\/nordnesrepublikken.no\/#organization","name":"Nordnesrepublikken","url":"https:\/\/nordnesrepublikken.no\/","logo":{"@type":"ImageObject","inLanguage":"nb-NO","@id":"https:\/\/nordnesrepublikken.no\/#\/schema\/logo\/image\/","url":"https:\/\/nordnesrepublikken.no\/wp-content\/uploads\/2025\/02\/cropped-nordnesrepublikken-2.png","contentUrl":"https:\/\/nordnesrepublikken.no\/wp-content\/uploads\/2025\/02\/cropped-nordnesrepublikken-2.png","width":1248,"height":362,"caption":"Nordnesrepublikken"},"image":{"@id":"https:\/\/nordnesrepublikken.no\/#\/schema\/logo\/image\/"}},{"@type":"Person","@id":"https:\/\/nordnesrepublikken.no\/#\/schema\/person\/2e7e81935bab77882fffb79296240ff1","name":"Ole Andersen","image":{"@type":"ImageObject","inLanguage":"nb-NO","@id":"https:\/\/nordnesrepublikken.no\/#\/schema\/person\/image\/","url":"https:\/\/nordnesrepublikken.no\/wp-content\/uploads\/2025\/02\/nordnesrepublikken-2-2-150x150.jpg","contentUrl":"https:\/\/nordnesrepublikken.no\/wp-content\/uploads\/2025\/02\/nordnesrepublikken-2-2-150x150.jpg","caption":"Ole Andersen"},"description":"Ettersom jeg vokste opp i Oslo, har jeg alltid v\u00e6rt fascinert av ordenes kraft og deres evne til \u00e5 skape endringer. Etter \u00e5 ha fullf\u00f8rt min utdannelse i kommunikasjon ved Universitetet i Bergen, fikk jeg muligheten til \u00e5 jobbe innen ulike medier, der jeg har s\u00f8kt \u00e5 belyse viktige samfunnssp\u00f8rsm\u00e5l. I dag, som redakt\u00f8r for Nordnesrepublikken, pr\u00f8ver jeg \u00e5 forene min kj\u00e6rlighet for journalistikk med min lidenskap for innovasjon og eventyr.","sameAs":["https:\/\/nordnesrepublikken.no\/"]}]}},"_links":{"self":[{"href":"https:\/\/nordnesrepublikken.no\/index.php\/wp-json\/wp\/v2\/posts\/8345","targetHints":{"allow":["GET"]}}],"collection":[{"href":"https:\/\/nordnesrepublikken.no\/index.php\/wp-json\/wp\/v2\/posts"}],"about":[{"href":"https:\/\/nordnesrepublikken.no\/index.php\/wp-json\/wp\/v2\/types\/post"}],"author":[{"embeddable":true,"href":"https:\/\/nordnesrepublikken.no\/index.php\/wp-json\/wp\/v2\/users\/1"}],"replies":[{"embeddable":true,"href":"https:\/\/nordnesrepublikken.no\/index.php\/wp-json\/wp\/v2\/comments?post=8345"}],"version-history":[{"count":1,"href":"https:\/\/nordnesrepublikken.no\/index.php\/wp-json\/wp\/v2\/posts\/8345\/revisions"}],"predecessor-version":[{"id":8347,"href":"https:\/\/nordnesrepublikken.no\/index.php\/wp-json\/wp\/v2\/posts\/8345\/revisions\/8347"}],"wp:featuredmedia":[{"embeddable":true,"href":"https:\/\/nordnesrepublikken.no\/index.php\/wp-json\/wp\/v2\/media\/8346"}],"wp:attachment":[{"href":"https:\/\/nordnesrepublikken.no\/index.php\/wp-json\/wp\/v2\/media?parent=8345"}],"wp:term":[{"taxonomy":"category","embeddable":true,"href":"https:\/\/nordnesrepublikken.no\/index.php\/wp-json\/wp\/v2\/categories?post=8345"},{"taxonomy":"post_tag","embeddable":true,"href":"https:\/\/nordnesrepublikken.no\/index.php\/wp-json\/wp\/v2\/tags?post=8345"}],"curies":[{"name":"wp","href":"https:\/\/api.w.org\/{rel}","templated":true}]}}