{"id":8339,"date":"2025-08-16T02:49:30","date_gmt":"2025-08-16T00:49:30","guid":{"rendered":"https:\/\/nordnesrepublikken.no\/index.php\/2025\/08\/16\/norge-tilbake-i-kjaerlighet-igjen-med-tesla\/"},"modified":"2025-08-16T02:49:32","modified_gmt":"2025-08-16T00:49:32","slug":"norge-tilbake-i-kjaerlighet-igjen-med-tesla","status":"publish","type":"post","link":"https:\/\/nordnesrepublikken.no\/index.php\/2025\/08\/16\/norge-tilbake-i-kjaerlighet-igjen-med-tesla\/","title":{"rendered":"Norge tilbake i kj\u00e6rlighet igjen med Tesla"},"content":{"rendered":"<p><\/p>\n<div class=\"wordpress-content\">\n                    <!-- Article Start --><\/p>\n<p class=\"p1\"><strong>Bakreaksjonen mot Elon Musk er over i Norge ettersom salget av Tesla -kj\u00f8ret\u00f8yer hopper i landet med elbiler.<\/strong><\/p>\n<p class=\"p1\">Nesten 100 prosent av nye kj\u00f8ret\u00f8yer i Norge i dag er elektriske, og til tross for en enorm tilstr\u00f8mning av kinesiske kj\u00f8ret\u00f8yer fra nye produsenter, inkludert BYD, som bevisst undergraver europeiske og amerikanske produsenter, ser det ut til at nordmenn ikke biter.<\/p>\n<p class=\"p1\">Tesla -salget i Norge vokste 24 prosent i 1. kvartal 2025 til tross for politisk tilbakeslag mot Elon Musk og hans politiske uttalelser mens han opptr\u00e5dte som r\u00e5dgiver for Donald Trump, med det st\u00f8rste hoppet i salg drevet av Model Y.<\/p>\n<div class=\"sra_unit\"><link rel=\"stylesheet\" id=\"block-sra\" href=\"https:\/\/euroweeklynews.com\/wp-content\/plugins\/snack-related-articles\/dist\/css\/snack-related.min.css?250312-193541\" type=\"text\/css\" media=\"all\">\n<\/div>\n<p class=\"p1\">I de fleste andre nord-europeiske land falt Tesla-salget i begynnelsen av 2025, mens Sales i Norge nyter en boom, noe som gj\u00f8r det til selskapets nest st\u00f8rste marked i Europa. Den nye og oppdaterte modellen Y, som ble introdusert i mars, en billig versjon, viser seg ekstremt popul\u00e6r. Et salgsfremmende press med finansiering av null rente og gratis superlading har ansporet et hopp p\u00e5 213 prosent i m\u00e5nedlige registreringer.<\/p>\n<p class=\"p1\">Teslas historie i Norge drar tilbake til 2013 da den f\u00f8rst rullet ut Model S og bygde sitt f\u00f8rste Supercharger -nettverk utenfor Nord -Amerika. Markedsanalytikere spekulerer i at det var den infrastrukturen og tidlig markedsinngang som grunnla Norges eksepsjonelle merkevarelojalitet.<\/p>\n<p class=\"p1\">Til tross for at han \u00f8kte kritikken av Elon Musks politiske holdninger, samt utbredt boikotting av arketypiske amerikanske produkter, inkludert Coca-Cola, er mange norske sj\u00e5f\u00f8rer tilbake til \u00e5 favorisere bekvemmelighet og p\u00e5litelig teknologi over omd\u00f8mme bekymringer og ta risikoer med nyere og billigere merkevarer.<\/p>\n<p>                    <!-- This article has been originally published at https:\/\/euroweeklynews.com\/2025\/08\/15\/norway-back-in-love-again-with-tesla\/ on 15 Aug 2025 at 21:36 by Adam Woodward --><br \/>\n                    <!-- Article End -->\n                <\/div>\n","protected":false},"excerpt":{"rendered":"<p>Bakreaksjonen mot Elon Musk er over i Norge ettersom salget av Tesla -kj\u00f8ret\u00f8yer hopper i<\/p>\n","protected":false},"author":1,"featured_media":8340,"comment_status":"closed","ping_status":"open","sticky":false,"template":"","format":"standard","meta":{"footnotes":""},"categories":[22],"tags":[1215,5464,79,153,711,825],"class_list":["post-8339","post","type-post","status-publish","format-standard","has-post-thumbnail","hentry","category-nasjonal","tag-igjen","tag-kjaerlighet","tag-med","tag-norge","tag-tesla","tag-tilbake","generate-columns","tablet-grid-50","mobile-grid-100","grid-parent","grid-33","resize-featured-image"],"yoast_head":"<!-- This site is optimized with the Yoast SEO plugin v24.4 - https:\/\/yoast.com\/wordpress\/plugins\/seo\/ -->\n<title>Norge tilbake i kj\u00e6rlighet igjen med Tesla - Nordnesrepublikken<\/title>\n<meta name=\"robots\" content=\"index, follow, max-snippet:-1, max-image-preview:large, max-video-preview:-1\" \/>\n<link rel=\"canonical\" href=\"https:\/\/nordnesrepublikken.no\/index.php\/2025\/08\/16\/norge-tilbake-i-kjaerlighet-igjen-med-tesla\/\" \/>\n<meta property=\"og:locale\" content=\"nb_NO\" \/>\n<meta property=\"og:type\" content=\"article\" \/>\n<meta property=\"og:title\" content=\"Norge tilbake i kj\u00e6rlighet igjen med Tesla - Nordnesrepublikken\" \/>\n<meta property=\"og:description\" content=\"Bakreaksjonen mot Elon Musk er over i Norge ettersom salget av Tesla -kj\u00f8ret\u00f8yer hopper i\" \/>\n<meta property=\"og:url\" content=\"https:\/\/nordnesrepublikken.no\/index.php\/2025\/08\/16\/norge-tilbake-i-kjaerlighet-igjen-med-tesla\/\" \/>\n<meta property=\"og:site_name\" content=\"Nordnesrepublikken\" \/>\n<meta property=\"article:published_time\" content=\"2025-08-16T00:49:30+00:00\" \/>\n<meta property=\"article:modified_time\" content=\"2025-08-16T00:49:32+00:00\" \/>\n<meta property=\"og:image\" content=\"https:\/\/nordnesrepublikken.no\/wp-content\/uploads\/2025\/08\/1755305371_Norge-tilbake-i-kjaerlighet-igjen-med-Tesla.jpg\" \/>\n\t<meta property=\"og:image:width\" content=\"1200\" \/>\n\t<meta property=\"og:image:height\" content=\"800\" \/>\n\t<meta property=\"og:image:type\" content=\"image\/jpeg\" \/>\n<meta name=\"author\" content=\"Ole Andersen\" \/>\n<meta name=\"twitter:card\" content=\"summary_large_image\" \/>\n<meta name=\"twitter:label1\" content=\"Skrevet av\" \/>\n\t<meta name=\"twitter:data1\" content=\"Ole Andersen\" \/>\n\t<meta name=\"twitter:label2\" content=\"Ansl. lesetid\" \/>\n\t<meta name=\"twitter:data2\" content=\"1 minutt\" \/>\n<script type=\"application\/ld+json\" class=\"yoast-schema-graph\">{\"@context\":\"https:\/\/schema.org\",\"@graph\":[{\"@type\":\"Article\",\"@id\":\"https:\/\/nordnesrepublikken.no\/index.php\/2025\/08\/16\/norge-tilbake-i-kjaerlighet-igjen-med-tesla\/#article\",\"isPartOf\":{\"@id\":\"https:\/\/nordnesrepublikken.no\/index.php\/2025\/08\/16\/norge-tilbake-i-kjaerlighet-igjen-med-tesla\/\"},\"author\":{\"name\":\"Ole Andersen\",\"@id\":\"https:\/\/nordnesrepublikken.no\/#\/schema\/person\/2e7e81935bab77882fffb79296240ff1\"},\"headline\":\"Norge tilbake i kj\u00e6rlighet igjen med Tesla\",\"datePublished\":\"2025-08-16T00:49:30+00:00\",\"dateModified\":\"2025-08-16T00:49:32+00:00\",\"mainEntityOfPage\":{\"@id\":\"https:\/\/nordnesrepublikken.no\/index.php\/2025\/08\/16\/norge-tilbake-i-kjaerlighet-igjen-med-tesla\/\"},\"wordCount\":274,\"publisher\":{\"@id\":\"https:\/\/nordnesrepublikken.no\/#organization\"},\"image\":{\"@id\":\"https:\/\/nordnesrepublikken.no\/index.php\/2025\/08\/16\/norge-tilbake-i-kjaerlighet-igjen-med-tesla\/#primaryimage\"},\"thumbnailUrl\":\"https:\/\/nordnesrepublikken.no\/wp-content\/uploads\/2025\/08\/1755305371_Norge-tilbake-i-kjaerlighet-igjen-med-Tesla.jpg\",\"keywords\":[\"igjen\",\"kj\u00e6rlighet\",\"med\",\"Norge\",\"Tesla\",\"tilbake\"],\"articleSection\":[\"Nasjonal\"],\"inLanguage\":\"nb-NO\"},{\"@type\":\"WebPage\",\"@id\":\"https:\/\/nordnesrepublikken.no\/index.php\/2025\/08\/16\/norge-tilbake-i-kjaerlighet-igjen-med-tesla\/\",\"url\":\"https:\/\/nordnesrepublikken.no\/index.php\/2025\/08\/16\/norge-tilbake-i-kjaerlighet-igjen-med-tesla\/\",\"name\":\"Norge tilbake i kj\u00e6rlighet igjen med Tesla - Nordnesrepublikken\",\"isPartOf\":{\"@id\":\"https:\/\/nordnesrepublikken.no\/#website\"},\"primaryImageOfPage\":{\"@id\":\"https:\/\/nordnesrepublikken.no\/index.php\/2025\/08\/16\/norge-tilbake-i-kjaerlighet-igjen-med-tesla\/#primaryimage\"},\"image\":{\"@id\":\"https:\/\/nordnesrepublikken.no\/index.php\/2025\/08\/16\/norge-tilbake-i-kjaerlighet-igjen-med-tesla\/#primaryimage\"},\"thumbnailUrl\":\"https:\/\/nordnesrepublikken.no\/wp-content\/uploads\/2025\/08\/1755305371_Norge-tilbake-i-kjaerlighet-igjen-med-Tesla.jpg\",\"datePublished\":\"2025-08-16T00:49:30+00:00\",\"dateModified\":\"2025-08-16T00:49:32+00:00\",\"breadcrumb\":{\"@id\":\"https:\/\/nordnesrepublikken.no\/index.php\/2025\/08\/16\/norge-tilbake-i-kjaerlighet-igjen-med-tesla\/#breadcrumb\"},\"inLanguage\":\"nb-NO\",\"potentialAction\":[{\"@type\":\"ReadAction\",\"target\":[\"https:\/\/nordnesrepublikken.no\/index.php\/2025\/08\/16\/norge-tilbake-i-kjaerlighet-igjen-med-tesla\/\"]}]},{\"@type\":\"ImageObject\",\"inLanguage\":\"nb-NO\",\"@id\":\"https:\/\/nordnesrepublikken.no\/index.php\/2025\/08\/16\/norge-tilbake-i-kjaerlighet-igjen-med-tesla\/#primaryimage\",\"url\":\"https:\/\/nordnesrepublikken.no\/wp-content\/uploads\/2025\/08\/1755305371_Norge-tilbake-i-kjaerlighet-igjen-med-Tesla.jpg\",\"contentUrl\":\"https:\/\/nordnesrepublikken.no\/wp-content\/uploads\/2025\/08\/1755305371_Norge-tilbake-i-kjaerlighet-igjen-med-Tesla.jpg\",\"width\":1200,\"height\":800,\"caption\":\"Norge tilbake i kj\u00e6rlighet igjen med Tesla\"},{\"@type\":\"BreadcrumbList\",\"@id\":\"https:\/\/nordnesrepublikken.no\/index.php\/2025\/08\/16\/norge-tilbake-i-kjaerlighet-igjen-med-tesla\/#breadcrumb\",\"itemListElement\":[{\"@type\":\"ListItem\",\"position\":1,\"name\":\"Home\",\"item\":\"https:\/\/nordnesrepublikken.no\/\"},{\"@type\":\"ListItem\",\"position\":2,\"name\":\"Norge tilbake i kj\u00e6rlighet igjen med Tesla\"}]},{\"@type\":\"WebSite\",\"@id\":\"https:\/\/nordnesrepublikken.no\/#website\",\"url\":\"https:\/\/nordnesrepublikken.no\/\",\"name\":\"Nordnesrepublikken\",\"description\":\"Stemmer og Visjoner fra Republikkens Hjerte\",\"publisher\":{\"@id\":\"https:\/\/nordnesrepublikken.no\/#organization\"},\"potentialAction\":[{\"@type\":\"SearchAction\",\"target\":{\"@type\":\"EntryPoint\",\"urlTemplate\":\"https:\/\/nordnesrepublikken.no\/?s={search_term_string}\"},\"query-input\":{\"@type\":\"PropertyValueSpecification\",\"valueRequired\":true,\"valueName\":\"search_term_string\"}}],\"inLanguage\":\"nb-NO\"},{\"@type\":\"Organization\",\"@id\":\"https:\/\/nordnesrepublikken.no\/#organization\",\"name\":\"Nordnesrepublikken\",\"url\":\"https:\/\/nordnesrepublikken.no\/\",\"logo\":{\"@type\":\"ImageObject\",\"inLanguage\":\"nb-NO\",\"@id\":\"https:\/\/nordnesrepublikken.no\/#\/schema\/logo\/image\/\",\"url\":\"https:\/\/nordnesrepublikken.no\/wp-content\/uploads\/2025\/02\/cropped-nordnesrepublikken-2.png\",\"contentUrl\":\"https:\/\/nordnesrepublikken.no\/wp-content\/uploads\/2025\/02\/cropped-nordnesrepublikken-2.png\",\"width\":1248,\"height\":362,\"caption\":\"Nordnesrepublikken\"},\"image\":{\"@id\":\"https:\/\/nordnesrepublikken.no\/#\/schema\/logo\/image\/\"}},{\"@type\":\"Person\",\"@id\":\"https:\/\/nordnesrepublikken.no\/#\/schema\/person\/2e7e81935bab77882fffb79296240ff1\",\"name\":\"Ole Andersen\",\"image\":{\"@type\":\"ImageObject\",\"inLanguage\":\"nb-NO\",\"@id\":\"https:\/\/nordnesrepublikken.no\/#\/schema\/person\/image\/\",\"url\":\"https:\/\/nordnesrepublikken.no\/wp-content\/uploads\/2025\/02\/nordnesrepublikken-2-2-150x150.jpg\",\"contentUrl\":\"https:\/\/nordnesrepublikken.no\/wp-content\/uploads\/2025\/02\/nordnesrepublikken-2-2-150x150.jpg\",\"caption\":\"Ole Andersen\"},\"description\":\"Ettersom jeg vokste opp i Oslo, har jeg alltid v\u00e6rt fascinert av ordenes kraft og deres evne til \u00e5 skape endringer. Etter \u00e5 ha fullf\u00f8rt min utdannelse i kommunikasjon ved Universitetet i Bergen, fikk jeg muligheten til \u00e5 jobbe innen ulike medier, der jeg har s\u00f8kt \u00e5 belyse viktige samfunnssp\u00f8rsm\u00e5l. I dag, som redakt\u00f8r for Nordnesrepublikken, pr\u00f8ver jeg \u00e5 forene min kj\u00e6rlighet for journalistikk med min lidenskap for innovasjon og eventyr.\",\"sameAs\":[\"https:\/\/nordnesrepublikken.no\/\"]}]}<\/script>\n<!-- \/ Yoast SEO plugin. -->","yoast_head_json":{"title":"Norge tilbake i kj\u00e6rlighet igjen med Tesla - Nordnesrepublikken","robots":{"index":"index","follow":"follow","max-snippet":"max-snippet:-1","max-image-preview":"max-image-preview:large","max-video-preview":"max-video-preview:-1"},"canonical":"https:\/\/nordnesrepublikken.no\/index.php\/2025\/08\/16\/norge-tilbake-i-kjaerlighet-igjen-med-tesla\/","og_locale":"nb_NO","og_type":"article","og_title":"Norge tilbake i kj\u00e6rlighet igjen med Tesla - Nordnesrepublikken","og_description":"Bakreaksjonen mot Elon Musk er over i Norge ettersom salget av Tesla -kj\u00f8ret\u00f8yer hopper i","og_url":"https:\/\/nordnesrepublikken.no\/index.php\/2025\/08\/16\/norge-tilbake-i-kjaerlighet-igjen-med-tesla\/","og_site_name":"Nordnesrepublikken","article_published_time":"2025-08-16T00:49:30+00:00","article_modified_time":"2025-08-16T00:49:32+00:00","og_image":[{"width":1200,"height":800,"url":"https:\/\/nordnesrepublikken.no\/wp-content\/uploads\/2025\/08\/1755305371_Norge-tilbake-i-kjaerlighet-igjen-med-Tesla.jpg","type":"image\/jpeg"}],"author":"Ole Andersen","twitter_card":"summary_large_image","twitter_misc":{"Skrevet av":"Ole Andersen","Ansl. lesetid":"1 minutt"},"schema":{"@context":"https:\/\/schema.org","@graph":[{"@type":"Article","@id":"https:\/\/nordnesrepublikken.no\/index.php\/2025\/08\/16\/norge-tilbake-i-kjaerlighet-igjen-med-tesla\/#article","isPartOf":{"@id":"https:\/\/nordnesrepublikken.no\/index.php\/2025\/08\/16\/norge-tilbake-i-kjaerlighet-igjen-med-tesla\/"},"author":{"name":"Ole Andersen","@id":"https:\/\/nordnesrepublikken.no\/#\/schema\/person\/2e7e81935bab77882fffb79296240ff1"},"headline":"Norge tilbake i kj\u00e6rlighet igjen med Tesla","datePublished":"2025-08-16T00:49:30+00:00","dateModified":"2025-08-16T00:49:32+00:00","mainEntityOfPage":{"@id":"https:\/\/nordnesrepublikken.no\/index.php\/2025\/08\/16\/norge-tilbake-i-kjaerlighet-igjen-med-tesla\/"},"wordCount":274,"publisher":{"@id":"https:\/\/nordnesrepublikken.no\/#organization"},"image":{"@id":"https:\/\/nordnesrepublikken.no\/index.php\/2025\/08\/16\/norge-tilbake-i-kjaerlighet-igjen-med-tesla\/#primaryimage"},"thumbnailUrl":"https:\/\/nordnesrepublikken.no\/wp-content\/uploads\/2025\/08\/1755305371_Norge-tilbake-i-kjaerlighet-igjen-med-Tesla.jpg","keywords":["igjen","kj\u00e6rlighet","med","Norge","Tesla","tilbake"],"articleSection":["Nasjonal"],"inLanguage":"nb-NO"},{"@type":"WebPage","@id":"https:\/\/nordnesrepublikken.no\/index.php\/2025\/08\/16\/norge-tilbake-i-kjaerlighet-igjen-med-tesla\/","url":"https:\/\/nordnesrepublikken.no\/index.php\/2025\/08\/16\/norge-tilbake-i-kjaerlighet-igjen-med-tesla\/","name":"Norge tilbake i kj\u00e6rlighet igjen med Tesla - Nordnesrepublikken","isPartOf":{"@id":"https:\/\/nordnesrepublikken.no\/#website"},"primaryImageOfPage":{"@id":"https:\/\/nordnesrepublikken.no\/index.php\/2025\/08\/16\/norge-tilbake-i-kjaerlighet-igjen-med-tesla\/#primaryimage"},"image":{"@id":"https:\/\/nordnesrepublikken.no\/index.php\/2025\/08\/16\/norge-tilbake-i-kjaerlighet-igjen-med-tesla\/#primaryimage"},"thumbnailUrl":"https:\/\/nordnesrepublikken.no\/wp-content\/uploads\/2025\/08\/1755305371_Norge-tilbake-i-kjaerlighet-igjen-med-Tesla.jpg","datePublished":"2025-08-16T00:49:30+00:00","dateModified":"2025-08-16T00:49:32+00:00","breadcrumb":{"@id":"https:\/\/nordnesrepublikken.no\/index.php\/2025\/08\/16\/norge-tilbake-i-kjaerlighet-igjen-med-tesla\/#breadcrumb"},"inLanguage":"nb-NO","potentialAction":[{"@type":"ReadAction","target":["https:\/\/nordnesrepublikken.no\/index.php\/2025\/08\/16\/norge-tilbake-i-kjaerlighet-igjen-med-tesla\/"]}]},{"@type":"ImageObject","inLanguage":"nb-NO","@id":"https:\/\/nordnesrepublikken.no\/index.php\/2025\/08\/16\/norge-tilbake-i-kjaerlighet-igjen-med-tesla\/#primaryimage","url":"https:\/\/nordnesrepublikken.no\/wp-content\/uploads\/2025\/08\/1755305371_Norge-tilbake-i-kjaerlighet-igjen-med-Tesla.jpg","contentUrl":"https:\/\/nordnesrepublikken.no\/wp-content\/uploads\/2025\/08\/1755305371_Norge-tilbake-i-kjaerlighet-igjen-med-Tesla.jpg","width":1200,"height":800,"caption":"Norge tilbake i kj\u00e6rlighet igjen med Tesla"},{"@type":"BreadcrumbList","@id":"https:\/\/nordnesrepublikken.no\/index.php\/2025\/08\/16\/norge-tilbake-i-kjaerlighet-igjen-med-tesla\/#breadcrumb","itemListElement":[{"@type":"ListItem","position":1,"name":"Home","item":"https:\/\/nordnesrepublikken.no\/"},{"@type":"ListItem","position":2,"name":"Norge tilbake i kj\u00e6rlighet igjen med Tesla"}]},{"@type":"WebSite","@id":"https:\/\/nordnesrepublikken.no\/#website","url":"https:\/\/nordnesrepublikken.no\/","name":"Nordnesrepublikken","description":"Stemmer og Visjoner fra Republikkens Hjerte","publisher":{"@id":"https:\/\/nordnesrepublikken.no\/#organization"},"potentialAction":[{"@type":"SearchAction","target":{"@type":"EntryPoint","urlTemplate":"https:\/\/nordnesrepublikken.no\/?s={search_term_string}"},"query-input":{"@type":"PropertyValueSpecification","valueRequired":true,"valueName":"search_term_string"}}],"inLanguage":"nb-NO"},{"@type":"Organization","@id":"https:\/\/nordnesrepublikken.no\/#organization","name":"Nordnesrepublikken","url":"https:\/\/nordnesrepublikken.no\/","logo":{"@type":"ImageObject","inLanguage":"nb-NO","@id":"https:\/\/nordnesrepublikken.no\/#\/schema\/logo\/image\/","url":"https:\/\/nordnesrepublikken.no\/wp-content\/uploads\/2025\/02\/cropped-nordnesrepublikken-2.png","contentUrl":"https:\/\/nordnesrepublikken.no\/wp-content\/uploads\/2025\/02\/cropped-nordnesrepublikken-2.png","width":1248,"height":362,"caption":"Nordnesrepublikken"},"image":{"@id":"https:\/\/nordnesrepublikken.no\/#\/schema\/logo\/image\/"}},{"@type":"Person","@id":"https:\/\/nordnesrepublikken.no\/#\/schema\/person\/2e7e81935bab77882fffb79296240ff1","name":"Ole Andersen","image":{"@type":"ImageObject","inLanguage":"nb-NO","@id":"https:\/\/nordnesrepublikken.no\/#\/schema\/person\/image\/","url":"https:\/\/nordnesrepublikken.no\/wp-content\/uploads\/2025\/02\/nordnesrepublikken-2-2-150x150.jpg","contentUrl":"https:\/\/nordnesrepublikken.no\/wp-content\/uploads\/2025\/02\/nordnesrepublikken-2-2-150x150.jpg","caption":"Ole Andersen"},"description":"Ettersom jeg vokste opp i Oslo, har jeg alltid v\u00e6rt fascinert av ordenes kraft og deres evne til \u00e5 skape endringer. Etter \u00e5 ha fullf\u00f8rt min utdannelse i kommunikasjon ved Universitetet i Bergen, fikk jeg muligheten til \u00e5 jobbe innen ulike medier, der jeg har s\u00f8kt \u00e5 belyse viktige samfunnssp\u00f8rsm\u00e5l. I dag, som redakt\u00f8r for Nordnesrepublikken, pr\u00f8ver jeg \u00e5 forene min kj\u00e6rlighet for journalistikk med min lidenskap for innovasjon og eventyr.","sameAs":["https:\/\/nordnesrepublikken.no\/"]}]}},"_links":{"self":[{"href":"https:\/\/nordnesrepublikken.no\/index.php\/wp-json\/wp\/v2\/posts\/8339","targetHints":{"allow":["GET"]}}],"collection":[{"href":"https:\/\/nordnesrepublikken.no\/index.php\/wp-json\/wp\/v2\/posts"}],"about":[{"href":"https:\/\/nordnesrepublikken.no\/index.php\/wp-json\/wp\/v2\/types\/post"}],"author":[{"embeddable":true,"href":"https:\/\/nordnesrepublikken.no\/index.php\/wp-json\/wp\/v2\/users\/1"}],"replies":[{"embeddable":true,"href":"https:\/\/nordnesrepublikken.no\/index.php\/wp-json\/wp\/v2\/comments?post=8339"}],"version-history":[{"count":1,"href":"https:\/\/nordnesrepublikken.no\/index.php\/wp-json\/wp\/v2\/posts\/8339\/revisions"}],"predecessor-version":[{"id":8341,"href":"https:\/\/nordnesrepublikken.no\/index.php\/wp-json\/wp\/v2\/posts\/8339\/revisions\/8341"}],"wp:featuredmedia":[{"embeddable":true,"href":"https:\/\/nordnesrepublikken.no\/index.php\/wp-json\/wp\/v2\/media\/8340"}],"wp:attachment":[{"href":"https:\/\/nordnesrepublikken.no\/index.php\/wp-json\/wp\/v2\/media?parent=8339"}],"wp:term":[{"taxonomy":"category","embeddable":true,"href":"https:\/\/nordnesrepublikken.no\/index.php\/wp-json\/wp\/v2\/categories?post=8339"},{"taxonomy":"post_tag","embeddable":true,"href":"https:\/\/nordnesrepublikken.no\/index.php\/wp-json\/wp\/v2\/tags?post=8339"}],"curies":[{"name":"wp","href":"https:\/\/api.w.org\/{rel}","templated":true}]}}