{"id":8324,"date":"2025-08-15T17:49:32","date_gmt":"2025-08-15T15:49:32","guid":{"rendered":"https:\/\/nordnesrepublikken.no\/index.php\/2025\/08\/15\/hva-de-forteller-oss-om-ulven-reven-eller-roe-hjort\/"},"modified":"2025-08-15T17:49:39","modified_gmt":"2025-08-15T15:49:39","slug":"hva-de-forteller-oss-om-ulven-reven-eller-roe-hjort","status":"publish","type":"post","link":"https:\/\/nordnesrepublikken.no\/index.php\/2025\/08\/15\/hva-de-forteller-oss-om-ulven-reven-eller-roe-hjort\/","title":{"rendered":"Hva de forteller oss om ulven, reven eller roe hjort"},"content":{"rendered":"<div>\n<div class=\"cp_wrapper cp_wrapper--fw mb-30 mb-20@tablet\">\n<figure class=\"mm\"><picture class=\"img\" style=\"padding-top:56.25%\"><source  media=\"(min-width: 1024px)\"><source  media=\"(min-width: 768px)\"><\/source><\/source><\/picture><\/figure>\n<\/p><\/div>\n<p>De <strong>avf\u00f8ring<\/strong> Dyr kan virke som et ganske motbydelig tema, men likevel kalt teknisk kalt &laquo;<strong>lage<\/strong>&laquo;, De kan avsl\u00f8re mye interessant informasjon om arten som produserte dem. Det er aktuelt \u00e5 si&raquo;<em>Fortell meg hvordan du gj\u00f8r det, s\u00e5 skal jeg fortelle deg hvem du er!<\/em>\u201d. Fra ulver til harer, opp til laget av \u00f8gler og gekker som du ogs\u00e5 kan finne hjemme, er arter produsert med ekskrementer med <strong>form<\/strong> og s\u00e6regne egenskaper noen ganger ogs\u00e5 brukes til <strong>Merk territoriet<\/strong> eller for andre behov avhengig av stedet og posisjonen de er igjen. De kan til og med bli unders\u00f8kelser for naturforskere, gitt at det fra analysen ikke bare kan spores <strong>type kosthold<\/strong>men ogs\u00e5 til genetikken til dyret og til og med beregningen av<strong> Tetthet av individer <\/strong>p\u00e5 et territorium.<\/p>\n<h2>Den &laquo;laget&raquo; av dyr endres basert p\u00e5 kosthold og alder<\/h2>\n<p>Avf\u00f8ringen, som du kan forestille deg, representerer den delen av <strong>mellomrom<\/strong> og ikke ford\u00f8yd maten og kan ha forskjellige egenskaper basert p\u00e5 dyret som har gjort dem. Planteetere som spiser ganske fibr\u00f8se gr\u00f8nnsaker e <strong>ikke veldig n\u00e6ringsrik,<\/strong> De bruker store mengder materiale og produserer derfor <strong>Dejeksjon i overflod<\/strong>. Rovdyr, b\u00e5de rovdyr og <strong>nekrofager<\/strong> (Carrion Eaters), de lever av sterkt protein, n\u00e6ringsrikt og ford\u00f8yelig stoff, derfor trenger de mindre rikelig mengde og <strong>De produserer mindre laget.<\/strong><\/p>\n<p>Blant pattedyrene, hver art og, til og med,<strong> hvert individ<\/strong> produserer ekskrementer med en godt bestemt en <strong>lukt<\/strong>i mange tilfeller viktig signal for \u00e5 markere territoriet eller \u00e5 uttrykke tilgjengeligheten for parring. Selv fargen kan <strong>Varier i henhold til alder<\/strong> eller til kostholdet: De sm\u00e5 som enn\u00e5 ikke er avvenne, har ofte klar eller gr\u00e5aktig avf\u00f8ring, de voksne har avf\u00f8ring som kan endre fargelegging i forhold til <strong>mat<\/strong> til stede i et omr\u00e5de eller \u00e5rets periode. For eksempel, n\u00e5r det er fargede b\u00e6r og frukt, blir dyr ogs\u00e5 pyntet <strong>Frugivores<\/strong> (Fruit Eaters).<\/p>\n<p>Uten \u00e5 g\u00e5 for langt i \u00e5 beskrive det rare laget av <strong>spratt<\/strong> (<em>Vombatus ursinus<\/em>), Australsk pungdyr som produserer kube -formet avf\u00f8ring, eller de av <strong>Zibetto<\/strong> (<em>Paradoxurus hermafroditus<\/em>) som en dyrebar kaffe oppn\u00e5s fra, analyser bare de som er produsert av avgjort mer vanlige dyr, for \u00e5 gj\u00f8re en tur i skogen interessant.<\/p>\n<div class=\"cp_wrapper cp_wrapper--fw mb-50\">\n<figure class=\"mm\"><picture class=\"img\" style=\"padding-top:75.377590446084%\"><source  media=\"(min-width: 1024px)\"><source  media=\"(min-width: 768px)\"><img decoding=\"async\" loading=\"lazy\" src=\"https:\/\/nordnesrepublikken.no\/wp-content\/uploads\/2025\/08\/1755272972_272_Hva-de-forteller-oss-om-ulven-reven-eller-roe-hjort.jpg\" alt=\"Wombat Cubic Feces\" width=\"2847\" height=\"2146\"><\/source><\/source><\/picture><\/figure>\n<\/p><\/div>\n<h3>Ulven og reven<\/h3>\n<p>Som rovdyr e <strong>rovdyr<\/strong>Disse dyrene har langstrakte, sylindriske formede trekk med den veldig spisse terminale delen. Spesielt i ulven er det lett \u00e5 finne rikelig mengde av <strong>H\u00e5r, bust eller beinfragmenter,<\/strong> Slik at du kan g\u00e5 opp til den mest tallrike typen byttedyr i et omr\u00e5de (ville villsvin, rognhjort eller ern\u00e6ring). N\u00e5r de fremdeles er friske, har de en veldig skarp lukt, ogs\u00e5 for at de var &laquo;<em>parfymerte<\/em>&laquo;Fra perianalkjertlene, veldig nyttig for \u00e5 markere territoriet. Litt som hundene v\u00e5re gj\u00f8r n\u00e5r de gnir ryggen p\u00e5 bakken eller p\u00e5 gresset for \u00e5 sette sitt preg.<\/p>\n<div class=\"cp_wrapper cp_wrapper--fw mb-50\">\n<figure class=\"mm\"><picture class=\"img\" style=\"padding-top:66.431261770245%\"><source  media=\"(min-width: 1024px)\"><source  media=\"(min-width: 768px)\"><img decoding=\"async\" loading=\"lazy\" src=\"https:\/\/nordnesrepublikken.no\/wp-content\/uploads\/2025\/08\/1755272972_959_Hva-de-forteller-oss-om-ulven-reven-eller-roe-hjort.jpg\" alt=\"Jeg gjorde ulv\" width=\"2124\" height=\"1411\" class=\"js-seedtag-img\"><\/source><\/source><\/picture><\/figure>\n<\/p><\/div>\n<p>De kommer <strong>avsatt i strategiske punkter<\/strong>litt i lettelse sammenlignet med bakken og generelt alltid p\u00e5 de samme stedene. Noen studier har vist at fordelingen av ulvens gebyrer ogs\u00e5 varierer i henhold til \u00e5rstidene: etter f\u00f8dselen av valper og under amming, konsentrerer avf\u00f8ringen n\u00e6r hiet, mens om vinteren er distribusjonen mer ensartet.<\/p>\n<p>Reven (<em>Vulpes Vulpes) <\/em>Det produserer dem i gjennomsnitt 8-10 cm, da <strong>mindre enn ulven<\/strong> (<em>Canis Lupus<\/em>), omtrent 10-15 cm lang. De er ogs\u00e5 rikere p\u00e5 fr\u00f8 e <strong>veldig m\u00f8rkt, <\/strong>Et tegn p\u00e5 at reven har spist frukt eller b\u00e6r. Noen ganger er det lett \u00e5 gjenkjenne dem om sommeren fordi full av kirseb\u00e6rfr\u00f8. De <strong>laget av Faina<\/strong>et altetende pattedyr av Mustelid-familien, er preget av \u00e5 bli smeltet, med en variabel lengde mellom 3-12 cm og en skarp lukt. N\u00e5r det gjelder reven, kan de inneholde fr\u00f8 og frukt.<\/p>\n<h3><strong>Hare<\/strong><\/h3>\n<p>Haren (<em>Lepus Europeus<\/em>) er en <strong>Herbivore<\/strong> og som andre lagomorfer, for eksempel den ville kaninen (<em>Oryculagus cuniculus<\/em>) eller silvilago (<em>Sylvilagus sp.<\/em>) produserer laget i form av <strong>Sm\u00e5 kompakte baller<\/strong>p\u00e5 omtrent 15-20 mm i diameter, som blir gulaktig brun farge etter langvarig eksponering for solen. De er helt sammensatt av <strong>Fragmenter av gr\u00f8nnsaksfibre <\/strong>Ogs\u00e5 synlig til og med det blotte \u00f8ye.<\/p>\n<div class=\"cp_wrapper cp_wrapper--fw mb-50\">\n<figure class=\"mm\"><picture class=\"img\" style=\"padding-top:75%\"><source  media=\"(min-width: 1024px)\"><source  media=\"(min-width: 768px)\"><img decoding=\"async\" loading=\"lazy\" src=\"https:\/\/nordnesrepublikken.no\/wp-content\/uploads\/2025\/08\/1755272972_571_Hva-de-forteller-oss-om-ulven-reven-eller-roe-hjort.jpg\" alt=\"Lepre laget\" width=\"2000\" height=\"1500\"><\/source><\/source><\/picture><\/figure>\n<\/p><\/div>\n<p>Den spesifikke og at disse dyrene produserer <strong>To typer ekskrementer.<\/strong> I tarmen, faktisk, under ford\u00f8yelsen, foreg\u00e5r separasjonen mellom to typer delvis ford\u00f8yd materiale og to typer avf\u00f8ring produseres: de virkelige funksjonene som blir utvist en etter en p\u00e5 bakken og <strong>blind<\/strong>mindre baller, veldig m\u00f8rke og rike p\u00e5 slim og n\u00e6ringsstoffer som blir utvist sammen og umiddelbart kommer <strong>gjenforbedret av dyret. <\/strong>De svelges helt, for \u00e5 gjennomg\u00e5 en andre ford\u00f8yelsesprosess med<strong> Fullstendig absorpsjon av n\u00e6ringsstoffer<\/strong> og vitamin B.<\/p>\n<h3>Roe hjort og hjorten<\/h3>\n<p>Made of Livmorhals som edel hjort (<em>Cervus Elaphus<\/em>) eller <strong>Roe hjort<\/strong> (<em>Capreolus Capreolus<\/em>) Det er jeg <strong>glatte og kompakte sylindere<\/strong> som i den mannlige enden i spiss og nesten ligner en ganske kort &laquo;kule&raquo;, mens de i hunnen er ovale -formes i form av en slags <strong>oliven<\/strong>men v\u00e6r forsiktig s\u00e5 du ikke blir forvirret! De varierer mellom de to artene i st\u00f8rrelse og finnes i hauger fordelt p\u00e5 gresset p\u00e5 matstedene.<\/p>\n<div class=\"cp_wrapper cp_wrapper--fw mb-50\">\n<figure class=\"mm\"><picture class=\"img\" style=\"padding-top:75%\"><source  media=\"(min-width: 1024px)\"><source  media=\"(min-width: 768px)\"><img decoding=\"async\" loading=\"lazy\" src=\"https:\/\/nordnesrepublikken.no\/wp-content\/uploads\/2025\/08\/1755272972_43_Hva-de-forteller-oss-om-ulven-reven-eller-roe-hjort.jpg\" alt=\"hjort\" width=\"2000\" height=\"1500\" class=\"js-seedtag-img\"><\/source><\/source><\/picture><\/figure>\n<\/p><\/div>\n<h3>\u00d8gle og gekko<\/h3>\n<p>Lizard og Gecko er <strong>Reptiler<\/strong> Og som fugler har de et utskillelsesapparat som renner inn i <strong>Cloaca<\/strong> (siste del av tarmen), for \u00e5 kunne <strong>Slipp avf\u00f8ring og urin samtidig<\/strong>. Det er grunnen til at de fremst\u00e5r som sylindere som ender med en <strong>liten hvitaktig del<\/strong> sammensatt av urinsyrekrystaller.<\/p>\n<div class=\"cp_wrapper cp_wrapper--fw mb-50\">\n<figure class=\"mm\"><picture class=\"img\" style=\"padding-top:80.186239006725%\"><source  media=\"(min-width: 1024px)\"><source  media=\"(min-width: 768px)\"><img decoding=\"async\" loading=\"lazy\" src=\"https:\/\/nordnesrepublikken.no\/wp-content\/uploads\/2025\/08\/1755272972_794_Hva-de-forteller-oss-om-ulven-reven-eller-roe-hjort.jpg\" alt=\"Lizard excrements\" width=\"1933\" height=\"1550\"><\/source><\/source><\/picture><\/figure>\n<\/p><\/div>\n<p>Siden de ofte bor og hyppige hjem og hager, kan du finne disse ekskrementer ikke bare p\u00e5 vegger eller steiner, men ogs\u00e5 p\u00e5 terrasser og balkonger, og generelt p\u00e5 stedene der krypdyrene blir utsatt for solen for <strong>termoregulering<\/strong>.<\/p>\n<\/p><\/div>\n","protected":false},"excerpt":{"rendered":"<p>De avf\u00f8ring Dyr kan virke som et ganske motbydelig tema, men likevel kalt teknisk kalt<\/p>\n","protected":false},"author":1,"featured_media":8325,"comment_status":"closed","ping_status":"open","sticky":false,"template":"","format":"standard","meta":{"footnotes":""},"categories":[24],"tags":[1156,1417,5454,144,657,5452,5453,5451],"class_list":["post-8324","post","type-post","status-publish","format-standard","has-post-thumbnail","hentry","category-vitenskap","tag-eller","tag-forteller","tag-hjort","tag-hva","tag-oss","tag-reven","tag-roe","tag-ulven","generate-columns","tablet-grid-50","mobile-grid-100","grid-parent","grid-33","resize-featured-image"],"yoast_head":"<!-- This site is optimized with the Yoast SEO plugin v24.4 - https:\/\/yoast.com\/wordpress\/plugins\/seo\/ -->\n<title>Hva de forteller oss om ulven, reven eller roe hjort - Nordnesrepublikken<\/title>\n<meta name=\"robots\" content=\"index, follow, max-snippet:-1, max-image-preview:large, max-video-preview:-1\" \/>\n<link rel=\"canonical\" href=\"https:\/\/nordnesrepublikken.no\/index.php\/2025\/08\/15\/hva-de-forteller-oss-om-ulven-reven-eller-roe-hjort\/\" \/>\n<meta property=\"og:locale\" content=\"nb_NO\" \/>\n<meta property=\"og:type\" content=\"article\" \/>\n<meta property=\"og:title\" content=\"Hva de forteller oss om ulven, reven eller roe hjort - Nordnesrepublikken\" \/>\n<meta property=\"og:description\" content=\"De avf\u00f8ring Dyr kan virke som et ganske motbydelig tema, men likevel kalt teknisk kalt\" \/>\n<meta property=\"og:url\" content=\"https:\/\/nordnesrepublikken.no\/index.php\/2025\/08\/15\/hva-de-forteller-oss-om-ulven-reven-eller-roe-hjort\/\" \/>\n<meta property=\"og:site_name\" content=\"Nordnesrepublikken\" \/>\n<meta property=\"article:published_time\" content=\"2025-08-15T15:49:32+00:00\" \/>\n<meta property=\"article:modified_time\" content=\"2025-08-15T15:49:39+00:00\" \/>\n<meta property=\"og:image\" content=\"https:\/\/nordnesrepublikken.no\/wp-content\/uploads\/2025\/08\/1755272972_Hva-de-forteller-oss-om-ulven-reven-eller-roe-hjort.jpg\" \/>\n\t<meta property=\"og:image:width\" content=\"2121\" \/>\n\t<meta property=\"og:image:height\" content=\"1414\" \/>\n\t<meta property=\"og:image:type\" content=\"image\/jpeg\" \/>\n<meta name=\"author\" content=\"Ole Andersen\" \/>\n<meta name=\"twitter:card\" content=\"summary_large_image\" \/>\n<meta name=\"twitter:label1\" content=\"Skrevet av\" \/>\n\t<meta name=\"twitter:data1\" content=\"Ole Andersen\" \/>\n\t<meta name=\"twitter:label2\" content=\"Ansl. lesetid\" \/>\n\t<meta name=\"twitter:data2\" content=\"5 minutter\" \/>\n<script type=\"application\/ld+json\" class=\"yoast-schema-graph\">{\"@context\":\"https:\/\/schema.org\",\"@graph\":[{\"@type\":\"Article\",\"@id\":\"https:\/\/nordnesrepublikken.no\/index.php\/2025\/08\/15\/hva-de-forteller-oss-om-ulven-reven-eller-roe-hjort\/#article\",\"isPartOf\":{\"@id\":\"https:\/\/nordnesrepublikken.no\/index.php\/2025\/08\/15\/hva-de-forteller-oss-om-ulven-reven-eller-roe-hjort\/\"},\"author\":{\"name\":\"Ole Andersen\",\"@id\":\"https:\/\/nordnesrepublikken.no\/#\/schema\/person\/2e7e81935bab77882fffb79296240ff1\"},\"headline\":\"Hva de forteller oss om ulven, reven eller roe hjort\",\"datePublished\":\"2025-08-15T15:49:32+00:00\",\"dateModified\":\"2025-08-15T15:49:39+00:00\",\"mainEntityOfPage\":{\"@id\":\"https:\/\/nordnesrepublikken.no\/index.php\/2025\/08\/15\/hva-de-forteller-oss-om-ulven-reven-eller-roe-hjort\/\"},\"wordCount\":944,\"publisher\":{\"@id\":\"https:\/\/nordnesrepublikken.no\/#organization\"},\"image\":{\"@id\":\"https:\/\/nordnesrepublikken.no\/index.php\/2025\/08\/15\/hva-de-forteller-oss-om-ulven-reven-eller-roe-hjort\/#primaryimage\"},\"thumbnailUrl\":\"https:\/\/nordnesrepublikken.no\/wp-content\/uploads\/2025\/08\/1755272972_Hva-de-forteller-oss-om-ulven-reven-eller-roe-hjort.jpg\",\"keywords\":[\"eller\",\"forteller\",\"hjort\",\"Hva\",\"oss\",\"reven\",\"roe\",\"ulven\"],\"articleSection\":[\"Vitenskap\"],\"inLanguage\":\"nb-NO\"},{\"@type\":\"WebPage\",\"@id\":\"https:\/\/nordnesrepublikken.no\/index.php\/2025\/08\/15\/hva-de-forteller-oss-om-ulven-reven-eller-roe-hjort\/\",\"url\":\"https:\/\/nordnesrepublikken.no\/index.php\/2025\/08\/15\/hva-de-forteller-oss-om-ulven-reven-eller-roe-hjort\/\",\"name\":\"Hva de forteller oss om ulven, reven eller roe hjort - Nordnesrepublikken\",\"isPartOf\":{\"@id\":\"https:\/\/nordnesrepublikken.no\/#website\"},\"primaryImageOfPage\":{\"@id\":\"https:\/\/nordnesrepublikken.no\/index.php\/2025\/08\/15\/hva-de-forteller-oss-om-ulven-reven-eller-roe-hjort\/#primaryimage\"},\"image\":{\"@id\":\"https:\/\/nordnesrepublikken.no\/index.php\/2025\/08\/15\/hva-de-forteller-oss-om-ulven-reven-eller-roe-hjort\/#primaryimage\"},\"thumbnailUrl\":\"https:\/\/nordnesrepublikken.no\/wp-content\/uploads\/2025\/08\/1755272972_Hva-de-forteller-oss-om-ulven-reven-eller-roe-hjort.jpg\",\"datePublished\":\"2025-08-15T15:49:32+00:00\",\"dateModified\":\"2025-08-15T15:49:39+00:00\",\"breadcrumb\":{\"@id\":\"https:\/\/nordnesrepublikken.no\/index.php\/2025\/08\/15\/hva-de-forteller-oss-om-ulven-reven-eller-roe-hjort\/#breadcrumb\"},\"inLanguage\":\"nb-NO\",\"potentialAction\":[{\"@type\":\"ReadAction\",\"target\":[\"https:\/\/nordnesrepublikken.no\/index.php\/2025\/08\/15\/hva-de-forteller-oss-om-ulven-reven-eller-roe-hjort\/\"]}]},{\"@type\":\"ImageObject\",\"inLanguage\":\"nb-NO\",\"@id\":\"https:\/\/nordnesrepublikken.no\/index.php\/2025\/08\/15\/hva-de-forteller-oss-om-ulven-reven-eller-roe-hjort\/#primaryimage\",\"url\":\"https:\/\/nordnesrepublikken.no\/wp-content\/uploads\/2025\/08\/1755272972_Hva-de-forteller-oss-om-ulven-reven-eller-roe-hjort.jpg\",\"contentUrl\":\"https:\/\/nordnesrepublikken.no\/wp-content\/uploads\/2025\/08\/1755272972_Hva-de-forteller-oss-om-ulven-reven-eller-roe-hjort.jpg\",\"width\":2121,\"height\":1414,\"caption\":\"feci animali bosco\"},{\"@type\":\"BreadcrumbList\",\"@id\":\"https:\/\/nordnesrepublikken.no\/index.php\/2025\/08\/15\/hva-de-forteller-oss-om-ulven-reven-eller-roe-hjort\/#breadcrumb\",\"itemListElement\":[{\"@type\":\"ListItem\",\"position\":1,\"name\":\"Home\",\"item\":\"https:\/\/nordnesrepublikken.no\/\"},{\"@type\":\"ListItem\",\"position\":2,\"name\":\"Hva de forteller oss om ulven, reven eller roe hjort\"}]},{\"@type\":\"WebSite\",\"@id\":\"https:\/\/nordnesrepublikken.no\/#website\",\"url\":\"https:\/\/nordnesrepublikken.no\/\",\"name\":\"Nordnesrepublikken\",\"description\":\"Stemmer og Visjoner fra Republikkens Hjerte\",\"publisher\":{\"@id\":\"https:\/\/nordnesrepublikken.no\/#organization\"},\"potentialAction\":[{\"@type\":\"SearchAction\",\"target\":{\"@type\":\"EntryPoint\",\"urlTemplate\":\"https:\/\/nordnesrepublikken.no\/?s={search_term_string}\"},\"query-input\":{\"@type\":\"PropertyValueSpecification\",\"valueRequired\":true,\"valueName\":\"search_term_string\"}}],\"inLanguage\":\"nb-NO\"},{\"@type\":\"Organization\",\"@id\":\"https:\/\/nordnesrepublikken.no\/#organization\",\"name\":\"Nordnesrepublikken\",\"url\":\"https:\/\/nordnesrepublikken.no\/\",\"logo\":{\"@type\":\"ImageObject\",\"inLanguage\":\"nb-NO\",\"@id\":\"https:\/\/nordnesrepublikken.no\/#\/schema\/logo\/image\/\",\"url\":\"https:\/\/nordnesrepublikken.no\/wp-content\/uploads\/2025\/02\/cropped-nordnesrepublikken-2.png\",\"contentUrl\":\"https:\/\/nordnesrepublikken.no\/wp-content\/uploads\/2025\/02\/cropped-nordnesrepublikken-2.png\",\"width\":1248,\"height\":362,\"caption\":\"Nordnesrepublikken\"},\"image\":{\"@id\":\"https:\/\/nordnesrepublikken.no\/#\/schema\/logo\/image\/\"}},{\"@type\":\"Person\",\"@id\":\"https:\/\/nordnesrepublikken.no\/#\/schema\/person\/2e7e81935bab77882fffb79296240ff1\",\"name\":\"Ole Andersen\",\"image\":{\"@type\":\"ImageObject\",\"inLanguage\":\"nb-NO\",\"@id\":\"https:\/\/nordnesrepublikken.no\/#\/schema\/person\/image\/\",\"url\":\"https:\/\/nordnesrepublikken.no\/wp-content\/uploads\/2025\/02\/nordnesrepublikken-2-2-150x150.jpg\",\"contentUrl\":\"https:\/\/nordnesrepublikken.no\/wp-content\/uploads\/2025\/02\/nordnesrepublikken-2-2-150x150.jpg\",\"caption\":\"Ole Andersen\"},\"description\":\"Ettersom jeg vokste opp i Oslo, har jeg alltid v\u00e6rt fascinert av ordenes kraft og deres evne til \u00e5 skape endringer. Etter \u00e5 ha fullf\u00f8rt min utdannelse i kommunikasjon ved Universitetet i Bergen, fikk jeg muligheten til \u00e5 jobbe innen ulike medier, der jeg har s\u00f8kt \u00e5 belyse viktige samfunnssp\u00f8rsm\u00e5l. I dag, som redakt\u00f8r for Nordnesrepublikken, pr\u00f8ver jeg \u00e5 forene min kj\u00e6rlighet for journalistikk med min lidenskap for innovasjon og eventyr.\",\"sameAs\":[\"https:\/\/nordnesrepublikken.no\/\"]}]}<\/script>\n<!-- \/ Yoast SEO plugin. -->","yoast_head_json":{"title":"Hva de forteller oss om ulven, reven eller roe hjort - Nordnesrepublikken","robots":{"index":"index","follow":"follow","max-snippet":"max-snippet:-1","max-image-preview":"max-image-preview:large","max-video-preview":"max-video-preview:-1"},"canonical":"https:\/\/nordnesrepublikken.no\/index.php\/2025\/08\/15\/hva-de-forteller-oss-om-ulven-reven-eller-roe-hjort\/","og_locale":"nb_NO","og_type":"article","og_title":"Hva de forteller oss om ulven, reven eller roe hjort - Nordnesrepublikken","og_description":"De avf\u00f8ring Dyr kan virke som et ganske motbydelig tema, men likevel kalt teknisk kalt","og_url":"https:\/\/nordnesrepublikken.no\/index.php\/2025\/08\/15\/hva-de-forteller-oss-om-ulven-reven-eller-roe-hjort\/","og_site_name":"Nordnesrepublikken","article_published_time":"2025-08-15T15:49:32+00:00","article_modified_time":"2025-08-15T15:49:39+00:00","og_image":[{"width":2121,"height":1414,"url":"https:\/\/nordnesrepublikken.no\/wp-content\/uploads\/2025\/08\/1755272972_Hva-de-forteller-oss-om-ulven-reven-eller-roe-hjort.jpg","type":"image\/jpeg"}],"author":"Ole Andersen","twitter_card":"summary_large_image","twitter_misc":{"Skrevet av":"Ole Andersen","Ansl. lesetid":"5 minutter"},"schema":{"@context":"https:\/\/schema.org","@graph":[{"@type":"Article","@id":"https:\/\/nordnesrepublikken.no\/index.php\/2025\/08\/15\/hva-de-forteller-oss-om-ulven-reven-eller-roe-hjort\/#article","isPartOf":{"@id":"https:\/\/nordnesrepublikken.no\/index.php\/2025\/08\/15\/hva-de-forteller-oss-om-ulven-reven-eller-roe-hjort\/"},"author":{"name":"Ole Andersen","@id":"https:\/\/nordnesrepublikken.no\/#\/schema\/person\/2e7e81935bab77882fffb79296240ff1"},"headline":"Hva de forteller oss om ulven, reven eller roe hjort","datePublished":"2025-08-15T15:49:32+00:00","dateModified":"2025-08-15T15:49:39+00:00","mainEntityOfPage":{"@id":"https:\/\/nordnesrepublikken.no\/index.php\/2025\/08\/15\/hva-de-forteller-oss-om-ulven-reven-eller-roe-hjort\/"},"wordCount":944,"publisher":{"@id":"https:\/\/nordnesrepublikken.no\/#organization"},"image":{"@id":"https:\/\/nordnesrepublikken.no\/index.php\/2025\/08\/15\/hva-de-forteller-oss-om-ulven-reven-eller-roe-hjort\/#primaryimage"},"thumbnailUrl":"https:\/\/nordnesrepublikken.no\/wp-content\/uploads\/2025\/08\/1755272972_Hva-de-forteller-oss-om-ulven-reven-eller-roe-hjort.jpg","keywords":["eller","forteller","hjort","Hva","oss","reven","roe","ulven"],"articleSection":["Vitenskap"],"inLanguage":"nb-NO"},{"@type":"WebPage","@id":"https:\/\/nordnesrepublikken.no\/index.php\/2025\/08\/15\/hva-de-forteller-oss-om-ulven-reven-eller-roe-hjort\/","url":"https:\/\/nordnesrepublikken.no\/index.php\/2025\/08\/15\/hva-de-forteller-oss-om-ulven-reven-eller-roe-hjort\/","name":"Hva de forteller oss om ulven, reven eller roe hjort - Nordnesrepublikken","isPartOf":{"@id":"https:\/\/nordnesrepublikken.no\/#website"},"primaryImageOfPage":{"@id":"https:\/\/nordnesrepublikken.no\/index.php\/2025\/08\/15\/hva-de-forteller-oss-om-ulven-reven-eller-roe-hjort\/#primaryimage"},"image":{"@id":"https:\/\/nordnesrepublikken.no\/index.php\/2025\/08\/15\/hva-de-forteller-oss-om-ulven-reven-eller-roe-hjort\/#primaryimage"},"thumbnailUrl":"https:\/\/nordnesrepublikken.no\/wp-content\/uploads\/2025\/08\/1755272972_Hva-de-forteller-oss-om-ulven-reven-eller-roe-hjort.jpg","datePublished":"2025-08-15T15:49:32+00:00","dateModified":"2025-08-15T15:49:39+00:00","breadcrumb":{"@id":"https:\/\/nordnesrepublikken.no\/index.php\/2025\/08\/15\/hva-de-forteller-oss-om-ulven-reven-eller-roe-hjort\/#breadcrumb"},"inLanguage":"nb-NO","potentialAction":[{"@type":"ReadAction","target":["https:\/\/nordnesrepublikken.no\/index.php\/2025\/08\/15\/hva-de-forteller-oss-om-ulven-reven-eller-roe-hjort\/"]}]},{"@type":"ImageObject","inLanguage":"nb-NO","@id":"https:\/\/nordnesrepublikken.no\/index.php\/2025\/08\/15\/hva-de-forteller-oss-om-ulven-reven-eller-roe-hjort\/#primaryimage","url":"https:\/\/nordnesrepublikken.no\/wp-content\/uploads\/2025\/08\/1755272972_Hva-de-forteller-oss-om-ulven-reven-eller-roe-hjort.jpg","contentUrl":"https:\/\/nordnesrepublikken.no\/wp-content\/uploads\/2025\/08\/1755272972_Hva-de-forteller-oss-om-ulven-reven-eller-roe-hjort.jpg","width":2121,"height":1414,"caption":"feci animali bosco"},{"@type":"BreadcrumbList","@id":"https:\/\/nordnesrepublikken.no\/index.php\/2025\/08\/15\/hva-de-forteller-oss-om-ulven-reven-eller-roe-hjort\/#breadcrumb","itemListElement":[{"@type":"ListItem","position":1,"name":"Home","item":"https:\/\/nordnesrepublikken.no\/"},{"@type":"ListItem","position":2,"name":"Hva de forteller oss om ulven, reven eller roe hjort"}]},{"@type":"WebSite","@id":"https:\/\/nordnesrepublikken.no\/#website","url":"https:\/\/nordnesrepublikken.no\/","name":"Nordnesrepublikken","description":"Stemmer og Visjoner fra Republikkens Hjerte","publisher":{"@id":"https:\/\/nordnesrepublikken.no\/#organization"},"potentialAction":[{"@type":"SearchAction","target":{"@type":"EntryPoint","urlTemplate":"https:\/\/nordnesrepublikken.no\/?s={search_term_string}"},"query-input":{"@type":"PropertyValueSpecification","valueRequired":true,"valueName":"search_term_string"}}],"inLanguage":"nb-NO"},{"@type":"Organization","@id":"https:\/\/nordnesrepublikken.no\/#organization","name":"Nordnesrepublikken","url":"https:\/\/nordnesrepublikken.no\/","logo":{"@type":"ImageObject","inLanguage":"nb-NO","@id":"https:\/\/nordnesrepublikken.no\/#\/schema\/logo\/image\/","url":"https:\/\/nordnesrepublikken.no\/wp-content\/uploads\/2025\/02\/cropped-nordnesrepublikken-2.png","contentUrl":"https:\/\/nordnesrepublikken.no\/wp-content\/uploads\/2025\/02\/cropped-nordnesrepublikken-2.png","width":1248,"height":362,"caption":"Nordnesrepublikken"},"image":{"@id":"https:\/\/nordnesrepublikken.no\/#\/schema\/logo\/image\/"}},{"@type":"Person","@id":"https:\/\/nordnesrepublikken.no\/#\/schema\/person\/2e7e81935bab77882fffb79296240ff1","name":"Ole Andersen","image":{"@type":"ImageObject","inLanguage":"nb-NO","@id":"https:\/\/nordnesrepublikken.no\/#\/schema\/person\/image\/","url":"https:\/\/nordnesrepublikken.no\/wp-content\/uploads\/2025\/02\/nordnesrepublikken-2-2-150x150.jpg","contentUrl":"https:\/\/nordnesrepublikken.no\/wp-content\/uploads\/2025\/02\/nordnesrepublikken-2-2-150x150.jpg","caption":"Ole Andersen"},"description":"Ettersom jeg vokste opp i Oslo, har jeg alltid v\u00e6rt fascinert av ordenes kraft og deres evne til \u00e5 skape endringer. Etter \u00e5 ha fullf\u00f8rt min utdannelse i kommunikasjon ved Universitetet i Bergen, fikk jeg muligheten til \u00e5 jobbe innen ulike medier, der jeg har s\u00f8kt \u00e5 belyse viktige samfunnssp\u00f8rsm\u00e5l. I dag, som redakt\u00f8r for Nordnesrepublikken, pr\u00f8ver jeg \u00e5 forene min kj\u00e6rlighet for journalistikk med min lidenskap for innovasjon og eventyr.","sameAs":["https:\/\/nordnesrepublikken.no\/"]}]}},"_links":{"self":[{"href":"https:\/\/nordnesrepublikken.no\/index.php\/wp-json\/wp\/v2\/posts\/8324","targetHints":{"allow":["GET"]}}],"collection":[{"href":"https:\/\/nordnesrepublikken.no\/index.php\/wp-json\/wp\/v2\/posts"}],"about":[{"href":"https:\/\/nordnesrepublikken.no\/index.php\/wp-json\/wp\/v2\/types\/post"}],"author":[{"embeddable":true,"href":"https:\/\/nordnesrepublikken.no\/index.php\/wp-json\/wp\/v2\/users\/1"}],"replies":[{"embeddable":true,"href":"https:\/\/nordnesrepublikken.no\/index.php\/wp-json\/wp\/v2\/comments?post=8324"}],"version-history":[{"count":1,"href":"https:\/\/nordnesrepublikken.no\/index.php\/wp-json\/wp\/v2\/posts\/8324\/revisions"}],"predecessor-version":[{"id":8326,"href":"https:\/\/nordnesrepublikken.no\/index.php\/wp-json\/wp\/v2\/posts\/8324\/revisions\/8326"}],"wp:featuredmedia":[{"embeddable":true,"href":"https:\/\/nordnesrepublikken.no\/index.php\/wp-json\/wp\/v2\/media\/8325"}],"wp:attachment":[{"href":"https:\/\/nordnesrepublikken.no\/index.php\/wp-json\/wp\/v2\/media?parent=8324"}],"wp:term":[{"taxonomy":"category","embeddable":true,"href":"https:\/\/nordnesrepublikken.no\/index.php\/wp-json\/wp\/v2\/categories?post=8324"},{"taxonomy":"post_tag","embeddable":true,"href":"https:\/\/nordnesrepublikken.no\/index.php\/wp-json\/wp\/v2\/tags?post=8324"}],"curies":[{"name":"wp","href":"https:\/\/api.w.org\/{rel}","templated":true}]}}