{"id":8194,"date":"2025-08-12T11:49:38","date_gmt":"2025-08-12T09:49:38","guid":{"rendered":"https:\/\/nordnesrepublikken.no\/index.php\/2025\/08\/12\/for-nylig-har-det-vaert-sa-mange-statlige-skudd-i-sahel-vest-afrika\/"},"modified":"2025-08-12T11:49:45","modified_gmt":"2025-08-12T09:49:45","slug":"for-nylig-har-det-vaert-sa-mange-statlige-skudd-i-sahel-vest-afrika","status":"publish","type":"post","link":"https:\/\/nordnesrepublikken.no\/index.php\/2025\/08\/12\/for-nylig-har-det-vaert-sa-mange-statlige-skudd-i-sahel-vest-afrika\/","title":{"rendered":"For nylig har det v\u00e6rt s\u00e5 mange statlige skudd i Sahel, Vest -Afrika"},"content":{"rendered":"<div>\n<div class=\"cp_wrapper cp_wrapper--fw mb-30 mb-20@tablet\">\n<figure class=\"mm\"><picture class=\"img\" style=\"padding-top:56.25%\"><source  media=\"(min-width: 1024px)\"><source  media=\"(min-width: 768px)\"><\/source><\/source><\/picture><\/figure>\n<\/p><\/div>\n<p>Regionen <strong>Sahel<\/strong> Det inkluderer et stort band med territorium som krysser den nordlige delen av det afrikanske kontinentet fra \u00f8st til vest, i konjunksjonsomr\u00e5det mellom Sahara -\u00f8rkenen og de store regnskogene i ekvatorialt Afrika, preget av et t\u00f8rt klima og et landskap av savanner og acacia -skoger. Landene i dette omr\u00e5det (Senegal, Mauritania, Mali, Burkina Faso, Niger, Tsjad og Sudan) har alltid v\u00e6rt karakterisert siden uavhengighet av ekstrem ustabilitet dratt gjennom den kalde krigsperioden. De siste \u00e5rene har omr\u00e5det kommet tilbake til rampelyset av Chronicles etter en serie av <strong>Statens slag<\/strong> som farlig har knekt den hegemoniske posisjonen tradisjonelt opprettholdt av <strong>Frankrike<\/strong> i omr\u00e5det. \u00c5rsakene til disse statlige strekene er \u00e5 finne i den institusjonelle skj\u00f8rheten til stater, i \u00f8konomiske vanskeligheter og fremfor alt den \u00f8kende innflytelsen fra terrorgrupper relatert til islamsk integralisme.<\/p>\n<h2>Sahel og statlige slag: Historien om en mislykket stabilisering<\/h2>\n<div class=\"cp_wrapper cp_wrapper--fw mb-50\">\n<figure class=\"mm\"><picture class=\"img\" style=\"padding-top:153.74449339207%\"><source  media=\"(min-width: 1024px)\"><source  media=\"(min-width: 768px)\"><img decoding=\"async\" loading=\"lazy\" src=\"https:\/\/nordnesrepublikken.no\/wp-content\/uploads\/2025\/08\/1754992174_131_For-nylig-har-det-vaert-sa-mange-statlige-skudd-i.jpg\" alt=\"Bilde\" width=\"454\" height=\"698\"><\/source><\/source><\/picture><\/figure>\n<\/p><\/div>\n<p>Med det eneste unntaket av <strong>Sudan<\/strong>som i kolonial tid ble erobret av det britiske imperiet, var alle de andre Sahel -landene <strong>Franske kolonier<\/strong> Og deres egne internasjonalt anerkjente grenser gj\u00f8r ingenting annet enn \u00e5 f\u00f8lge de administrative grensene som er skapt kunstig av <strong>Frankrike<\/strong> for sine kolonier. De uavhengige uttalene som oppsto i <strong>1960<\/strong> Med oppl\u00f8sningen av det franske koloniale imperiet var de umiddelbart ekstremt svake, og selv om de i de f\u00f8lgende ti\u00e5rene ikke manglet dynamiske og sterke villige politiske og milit\u00e6re ledere, betydde deres enorme bakgrunnssvakheter at de aldri kunne kvitte seg med den &laquo;neokoloniale&raquo; beskyttelsen ved <strong>Paris<\/strong>.<\/p>\n<p>Frankrike har for de f\u00f8lgende seksti \u00e5rene holdt under sin strenge kontroll disse landene takket v\u00e6re en trippelstrategi: f\u00f8rst \u00e5 fremme og beskytte rollen som <strong>Fransk spr\u00e5k<\/strong> mellom elitene og lokale befolkninger, for det andre, gjennom p\u00e5legg av en mynt <strong>(Franco CFA)<\/strong> forankret til den franske Franco f\u00f8r og euro etter, tredje, <strong>Inngriper milit\u00e6rt<\/strong>uten for mange forsinkelser eller synd, n\u00e5r hans interesser i omr\u00e5det var i fare. Den siste milit\u00e6re operasjonen fullf\u00f8rt av den franske staten i Sahelina -omr\u00e5det var <strong>Barkhane -operasjonen<\/strong>varighet fra <strong>1. august 2014 til 9. november 2022<\/strong>og som har som form\u00e5l inneslutning av den jihadistiske trusselen, spesielt som er knyttet til<strong>ISIS<\/strong> og til grenen av <strong>Al-Qaida i Maghreb<\/strong>.<\/p>\n<p>For \u00e5 bedre st\u00f8tte sine handlinger, promoterte franskmennene under Nouakchott -konferansen 16. februar 2014 opprettelsen av So -Called <strong>&laquo;G5 du Sahel&raquo;<\/strong>en koordinasjonsgruppe sammensatt av: <strong>Mauretania, Mali, Burkina Faso, Niger og Tsjad<\/strong>. Som en del av dette formatet p\u00e5tok de 5 eks-koloniene seg til \u00e5 koordinere sine anti-terroristiske aktiviteter med Paris, men som endte opp med \u00e5 presse dem enda mer i armene til Frankrike. Un\u00f8dvendig \u00e5 si, selv de siste franske initiativene har fullstendig mislyktes i et fors\u00f8k p\u00e5 \u00e5 stabilisere de skj\u00f8re lokale saldoen med resultatet av \u00e5 f\u00f8re til en utvidelse av den jihadistiske oppstanden.<\/p>\n<h2><b>Dagens slag<\/b><\/h2>\n<p>Ting begynte \u00e5 ta en annen vending fra \u00e5r 2021 da en serie med raskt suksessstatstat f\u00f8rte til en radikal endring i geopolitiske saldoer i omr\u00e5det. Begynnelsen p\u00e5 denne nye trenden var <strong>Ondskap<\/strong> Hvor, <strong>24. mai 2021<\/strong> De maliske v\u00e6pnede styrkene arresterte presidenten <strong>Bah Ndaw<\/strong>statsministeren <strong>Moctar Ouane<\/strong> og forsvarsministeren <strong>Soulyman Doucour\u00e9<\/strong> som ble erstattet av en milit\u00e6r junta ledet av dav\u00e6rende visepresident, generalen <strong>Assimi Go\u00efta<\/strong> som siden har blitt den ubestridte &laquo;sterke mannen&raquo; i nasjonen.<\/p>\n<p>Et dr\u00f8yt \u00e5r senere, 30. september 2022, den midlertidige presidenten for <strong>Burkina Faso<\/strong>, <strong>Paul-Henri Sandoogo Damiba<\/strong>ble forsvart av et annet kupp d&#8217;\u00e9tat som brakte kapteinen til makten <strong>Ibrahim Traor\u00e9<\/strong>mann som siden har n\u00e5dd stor popularitet b\u00e5de hjemme og i utlandet. Til slutt, 26. juli 2023, en siste milit\u00e6r uttalelse, denne gangen i <strong>Niger<\/strong>f\u00f8rte til deponering av presidenten <strong>Mohamed Bazoum<\/strong> og til makten til et milit\u00e6rt r\u00e5d som general <strong>Abdourahamane Tchiani<\/strong>.<\/p>\n<div class=\"cp_wrapper cp_wrapper--fw mb-50\">\n<figure class=\"mm\"><picture class=\"img\" style=\"padding-top:122.10144927536%\"><source  media=\"(min-width: 1024px)\"><source  media=\"(min-width: 768px)\"><img decoding=\"async\" loading=\"lazy\" src=\"https:\/\/nordnesrepublikken.no\/wp-content\/uploads\/2025\/08\/1754992176_204_For-nylig-har-det-vaert-sa-mange-statlige-skudd-i.jpg\" alt=\"Bilde\" width=\"552\" height=\"674\" class=\"js-seedtag-img\"><\/source><\/source><\/picture><\/figure>\n<\/p><\/div>\n<p>Til tross for hendelsene i Mali, blir Burkina Faso og Niger n\u00f8dvendigvis unders\u00f8kt under linsen til den spesifikke dynamikken i lokal makt, men det er et minimum av fellesnevner, nemlig rollen som Russland har spilt, spesielt gjennom avd\u00f8de tid <strong>PMSC Wagner<\/strong>i \u00e5 st\u00f8tte og i konsolidere kraften som ble tatt av Golder -styrkene s\u00e5 vel som i koordinering av deres innsats for opprettelsen av den s\u00e5kalte kalt <strong>&laquo;Confederation of the Sahel States&raquo;<\/strong>Geopolitisk prosjekt erkl\u00e6rt anti -firocncese, men som ogs\u00e5 motsetter seg de hegemoniske ambisjonene i Nigeria i n\u00e6rheten.<\/p>\n<h2><b>Nedgangen til Fran\u00e7afrique<\/b><\/h2>\n<p>Un\u00f8dvendig \u00e5 si at staten stryker som p\u00e5virket landene i Sahelina -omr\u00e5det, s\u00e5 vel som de parallelle hendelsene som samtidig spenner over andre viktige geopolitiske akt\u00f8rer i omr\u00e5det som Senegal, en del av Afrika.<\/p>\n<p>Hver dag som g\u00e5r, den som en gang var kjent som navnet <strong>&laquo;Fran\u00e7afrique&raquo;<\/strong> Han tar en stadig mer autonom vei som hovedsakelig leder den mot <strong>Russland<\/strong> Han er <strong>BRICS<\/strong>. Evnen som Russland har klart \u00e5 navigere i de kompliserte interne politiske hendelsene i Fran\u00e7afrique -landene s\u00e5 langt, s\u00e5 vel som den ledende rollen som Moskva spiller i sammenheng med borgerkriger som fortsetter \u00e5 p\u00e5virke Libya og Sudan har hatt sin motbat i manglende evne til \u00e5 telle p\u00e5 Vance til \u00e5 &laquo;motvirke&raquo; og gjenvinne sine posisjoner tapte, selv om de fremdeles er i stand til \u00e5 telle p\u00e5 Vance til \u00e5 telle p\u00e5 &laquo;motvirkning&raquo; og gjenvinner sine posisjoner. p\u00e5 stedet.<\/p>\n<div class=\"cp_wrapper cp_wrapper--fw mb-50\">\n<figure class=\"mm\"><picture class=\"img\" style=\"padding-top:136.625%\"><source  media=\"(min-width: 1024px)\"><source  media=\"(min-width: 768px)\"><img decoding=\"async\" loading=\"lazy\" src=\"https:\/\/nordnesrepublikken.no\/wp-content\/uploads\/2025\/08\/1754992178_554_For-nylig-har-det-vaert-sa-mange-statlige-skudd-i.jpg\" alt=\"Bilde\" width=\"800\" height=\"1093\"><\/source><\/source><\/picture><\/figure>\n<\/p><\/div>\n<p>Helt absorbert av europeiske saker og av <strong>Russisk-Ukraina-krig<\/strong> Og det selv ble utsatt for en prosess med \u00e5 krype anglikisering, ser den parisiske eliten ut til \u00e5 ha definitivt mistet sitt strategiske kompass som ofret p\u00e5 alteret til atlantismen og vestligismen kontrollen over det som tradisjonelt er dens sf\u00e6re av privilegert innflytelse, noe som ble riktig identifisert i sin tid av sin tid av sin tid av sin tid av sin tid av sin tid av sin tid av sin tid av sin tid av sin tid av sin tid av sin tid av sin tid av sin tid av sin tid av sin tid av sin tid av sin tid av sin tid av sin tid av sin tid av sin tid av sin tid av sin tid av sin tid av sin tid av sin tid av sin tid av sin tid av sin tid av sin tid av sin tid av sin tid av sin tid av sin tid av sin tid av sin tid av sin tid av sin tid av sin tid av sin tid av sin tid av sin tid av sin tid av sin tid av sin tid av sin tid etter <strong>Fran\u00e7ois Maurice Adrien Marie Mitterrand<\/strong>langsiktig fransk politiker og eks-president for republikken som: &laquo;Omr\u00e5det vil besittelsen av dem avkre det fremtidige oppholdet eller ikke fra Frankrike i den begrensede sirkelen av stormaktene&raquo;.<\/p>\n<\/p><\/div>\n","protected":false},"excerpt":{"rendered":"<p>Regionen Sahel Det inkluderer et stort band med territorium som krysser den nordlige delen av<\/p>\n","protected":false},"author":1,"featured_media":8195,"comment_status":"closed","ping_status":"open","sticky":false,"template":"","format":"standard","meta":{"footnotes":""},"categories":[23],"tags":[1914,66,179,450,5355,1472,5357,5356,3657,1886,4868],"class_list":["post-8194","post","type-post","status-publish","format-standard","has-post-thumbnail","hentry","category-politikk","tag-afrika","tag-det","tag-har","tag-mange","tag-nylig","tag-sa","tag-sahel","tag-skudd","tag-statlige","tag-vaert","tag-vest","generate-columns","tablet-grid-50","mobile-grid-100","grid-parent","grid-33","resize-featured-image"],"yoast_head":"<!-- This site is optimized with the Yoast SEO plugin v24.4 - https:\/\/yoast.com\/wordpress\/plugins\/seo\/ -->\n<title>For nylig har det v\u00e6rt s\u00e5 mange statlige skudd i Sahel, Vest -Afrika - Nordnesrepublikken<\/title>\n<meta name=\"robots\" content=\"index, follow, max-snippet:-1, max-image-preview:large, max-video-preview:-1\" \/>\n<link rel=\"canonical\" href=\"https:\/\/nordnesrepublikken.no\/index.php\/2025\/08\/12\/for-nylig-har-det-vaert-sa-mange-statlige-skudd-i-sahel-vest-afrika\/\" \/>\n<meta property=\"og:locale\" content=\"nb_NO\" \/>\n<meta property=\"og:type\" content=\"article\" \/>\n<meta property=\"og:title\" content=\"For nylig har det v\u00e6rt s\u00e5 mange statlige skudd i Sahel, Vest -Afrika - Nordnesrepublikken\" \/>\n<meta property=\"og:description\" content=\"Regionen Sahel Det inkluderer et stort band med territorium som krysser den nordlige delen av\" \/>\n<meta property=\"og:url\" content=\"https:\/\/nordnesrepublikken.no\/index.php\/2025\/08\/12\/for-nylig-har-det-vaert-sa-mange-statlige-skudd-i-sahel-vest-afrika\/\" \/>\n<meta property=\"og:site_name\" content=\"Nordnesrepublikken\" \/>\n<meta property=\"article:published_time\" content=\"2025-08-12T09:49:38+00:00\" \/>\n<meta property=\"article:modified_time\" content=\"2025-08-12T09:49:45+00:00\" \/>\n<meta property=\"og:image\" content=\"https:\/\/nordnesrepublikken.no\/wp-content\/uploads\/2025\/08\/1754992180_For-nylig-har-det-vaert-sa-mange-statlige-skudd-i.jpg\" \/>\n\t<meta property=\"og:image:width\" content=\"2501\" \/>\n\t<meta property=\"og:image:height\" content=\"1199\" \/>\n\t<meta property=\"og:image:type\" content=\"image\/jpeg\" \/>\n<meta name=\"author\" content=\"Ole Andersen\" \/>\n<meta name=\"twitter:card\" content=\"summary_large_image\" \/>\n<meta name=\"twitter:label1\" content=\"Skrevet av\" \/>\n\t<meta name=\"twitter:data1\" content=\"Ole Andersen\" \/>\n\t<meta name=\"twitter:label2\" content=\"Ansl. lesetid\" \/>\n\t<meta name=\"twitter:data2\" content=\"5 minutter\" \/>\n<script type=\"application\/ld+json\" class=\"yoast-schema-graph\">{\"@context\":\"https:\/\/schema.org\",\"@graph\":[{\"@type\":\"Article\",\"@id\":\"https:\/\/nordnesrepublikken.no\/index.php\/2025\/08\/12\/for-nylig-har-det-vaert-sa-mange-statlige-skudd-i-sahel-vest-afrika\/#article\",\"isPartOf\":{\"@id\":\"https:\/\/nordnesrepublikken.no\/index.php\/2025\/08\/12\/for-nylig-har-det-vaert-sa-mange-statlige-skudd-i-sahel-vest-afrika\/\"},\"author\":{\"name\":\"Ole Andersen\",\"@id\":\"https:\/\/nordnesrepublikken.no\/#\/schema\/person\/2e7e81935bab77882fffb79296240ff1\"},\"headline\":\"For nylig har det v\u00e6rt s\u00e5 mange statlige skudd i Sahel, Vest -Afrika\",\"datePublished\":\"2025-08-12T09:49:38+00:00\",\"dateModified\":\"2025-08-12T09:49:45+00:00\",\"mainEntityOfPage\":{\"@id\":\"https:\/\/nordnesrepublikken.no\/index.php\/2025\/08\/12\/for-nylig-har-det-vaert-sa-mange-statlige-skudd-i-sahel-vest-afrika\/\"},\"wordCount\":1112,\"publisher\":{\"@id\":\"https:\/\/nordnesrepublikken.no\/#organization\"},\"image\":{\"@id\":\"https:\/\/nordnesrepublikken.no\/index.php\/2025\/08\/12\/for-nylig-har-det-vaert-sa-mange-statlige-skudd-i-sahel-vest-afrika\/#primaryimage\"},\"thumbnailUrl\":\"https:\/\/nordnesrepublikken.no\/wp-content\/uploads\/2025\/08\/1754992180_For-nylig-har-det-vaert-sa-mange-statlige-skudd-i.jpg\",\"keywords\":[\"Afrika\",\"Det\",\"har\",\"mange\",\"nylig\",\"s\u00e5\",\"Sahel\",\"skudd\",\"statlige\",\"v\u00e6rt\",\"vest\"],\"articleSection\":[\"Politikk\"],\"inLanguage\":\"nb-NO\"},{\"@type\":\"WebPage\",\"@id\":\"https:\/\/nordnesrepublikken.no\/index.php\/2025\/08\/12\/for-nylig-har-det-vaert-sa-mange-statlige-skudd-i-sahel-vest-afrika\/\",\"url\":\"https:\/\/nordnesrepublikken.no\/index.php\/2025\/08\/12\/for-nylig-har-det-vaert-sa-mange-statlige-skudd-i-sahel-vest-afrika\/\",\"name\":\"For nylig har det v\u00e6rt s\u00e5 mange statlige skudd i Sahel, Vest -Afrika - Nordnesrepublikken\",\"isPartOf\":{\"@id\":\"https:\/\/nordnesrepublikken.no\/#website\"},\"primaryImageOfPage\":{\"@id\":\"https:\/\/nordnesrepublikken.no\/index.php\/2025\/08\/12\/for-nylig-har-det-vaert-sa-mange-statlige-skudd-i-sahel-vest-afrika\/#primaryimage\"},\"image\":{\"@id\":\"https:\/\/nordnesrepublikken.no\/index.php\/2025\/08\/12\/for-nylig-har-det-vaert-sa-mange-statlige-skudd-i-sahel-vest-afrika\/#primaryimage\"},\"thumbnailUrl\":\"https:\/\/nordnesrepublikken.no\/wp-content\/uploads\/2025\/08\/1754992180_For-nylig-har-det-vaert-sa-mange-statlige-skudd-i.jpg\",\"datePublished\":\"2025-08-12T09:49:38+00:00\",\"dateModified\":\"2025-08-12T09:49:45+00:00\",\"breadcrumb\":{\"@id\":\"https:\/\/nordnesrepublikken.no\/index.php\/2025\/08\/12\/for-nylig-har-det-vaert-sa-mange-statlige-skudd-i-sahel-vest-afrika\/#breadcrumb\"},\"inLanguage\":\"nb-NO\",\"potentialAction\":[{\"@type\":\"ReadAction\",\"target\":[\"https:\/\/nordnesrepublikken.no\/index.php\/2025\/08\/12\/for-nylig-har-det-vaert-sa-mange-statlige-skudd-i-sahel-vest-afrika\/\"]}]},{\"@type\":\"ImageObject\",\"inLanguage\":\"nb-NO\",\"@id\":\"https:\/\/nordnesrepublikken.no\/index.php\/2025\/08\/12\/for-nylig-har-det-vaert-sa-mange-statlige-skudd-i-sahel-vest-afrika\/#primaryimage\",\"url\":\"https:\/\/nordnesrepublikken.no\/wp-content\/uploads\/2025\/08\/1754992180_For-nylig-har-det-vaert-sa-mange-statlige-skudd-i.jpg\",\"contentUrl\":\"https:\/\/nordnesrepublikken.no\/wp-content\/uploads\/2025\/08\/1754992180_For-nylig-har-det-vaert-sa-mange-statlige-skudd-i.jpg\",\"width\":2501,\"height\":1199,\"caption\":\"Sahel\"},{\"@type\":\"BreadcrumbList\",\"@id\":\"https:\/\/nordnesrepublikken.no\/index.php\/2025\/08\/12\/for-nylig-har-det-vaert-sa-mange-statlige-skudd-i-sahel-vest-afrika\/#breadcrumb\",\"itemListElement\":[{\"@type\":\"ListItem\",\"position\":1,\"name\":\"Home\",\"item\":\"https:\/\/nordnesrepublikken.no\/\"},{\"@type\":\"ListItem\",\"position\":2,\"name\":\"For nylig har det v\u00e6rt s\u00e5 mange statlige skudd i Sahel, Vest -Afrika\"}]},{\"@type\":\"WebSite\",\"@id\":\"https:\/\/nordnesrepublikken.no\/#website\",\"url\":\"https:\/\/nordnesrepublikken.no\/\",\"name\":\"Nordnesrepublikken\",\"description\":\"Stemmer og Visjoner fra Republikkens Hjerte\",\"publisher\":{\"@id\":\"https:\/\/nordnesrepublikken.no\/#organization\"},\"potentialAction\":[{\"@type\":\"SearchAction\",\"target\":{\"@type\":\"EntryPoint\",\"urlTemplate\":\"https:\/\/nordnesrepublikken.no\/?s={search_term_string}\"},\"query-input\":{\"@type\":\"PropertyValueSpecification\",\"valueRequired\":true,\"valueName\":\"search_term_string\"}}],\"inLanguage\":\"nb-NO\"},{\"@type\":\"Organization\",\"@id\":\"https:\/\/nordnesrepublikken.no\/#organization\",\"name\":\"Nordnesrepublikken\",\"url\":\"https:\/\/nordnesrepublikken.no\/\",\"logo\":{\"@type\":\"ImageObject\",\"inLanguage\":\"nb-NO\",\"@id\":\"https:\/\/nordnesrepublikken.no\/#\/schema\/logo\/image\/\",\"url\":\"https:\/\/nordnesrepublikken.no\/wp-content\/uploads\/2025\/02\/cropped-nordnesrepublikken-2.png\",\"contentUrl\":\"https:\/\/nordnesrepublikken.no\/wp-content\/uploads\/2025\/02\/cropped-nordnesrepublikken-2.png\",\"width\":1248,\"height\":362,\"caption\":\"Nordnesrepublikken\"},\"image\":{\"@id\":\"https:\/\/nordnesrepublikken.no\/#\/schema\/logo\/image\/\"}},{\"@type\":\"Person\",\"@id\":\"https:\/\/nordnesrepublikken.no\/#\/schema\/person\/2e7e81935bab77882fffb79296240ff1\",\"name\":\"Ole Andersen\",\"image\":{\"@type\":\"ImageObject\",\"inLanguage\":\"nb-NO\",\"@id\":\"https:\/\/nordnesrepublikken.no\/#\/schema\/person\/image\/\",\"url\":\"https:\/\/nordnesrepublikken.no\/wp-content\/uploads\/2025\/02\/nordnesrepublikken-2-2-150x150.jpg\",\"contentUrl\":\"https:\/\/nordnesrepublikken.no\/wp-content\/uploads\/2025\/02\/nordnesrepublikken-2-2-150x150.jpg\",\"caption\":\"Ole Andersen\"},\"description\":\"Ettersom jeg vokste opp i Oslo, har jeg alltid v\u00e6rt fascinert av ordenes kraft og deres evne til \u00e5 skape endringer. Etter \u00e5 ha fullf\u00f8rt min utdannelse i kommunikasjon ved Universitetet i Bergen, fikk jeg muligheten til \u00e5 jobbe innen ulike medier, der jeg har s\u00f8kt \u00e5 belyse viktige samfunnssp\u00f8rsm\u00e5l. I dag, som redakt\u00f8r for Nordnesrepublikken, pr\u00f8ver jeg \u00e5 forene min kj\u00e6rlighet for journalistikk med min lidenskap for innovasjon og eventyr.\",\"sameAs\":[\"https:\/\/nordnesrepublikken.no\/\"]}]}<\/script>\n<!-- \/ Yoast SEO plugin. -->","yoast_head_json":{"title":"For nylig har det v\u00e6rt s\u00e5 mange statlige skudd i Sahel, Vest -Afrika - Nordnesrepublikken","robots":{"index":"index","follow":"follow","max-snippet":"max-snippet:-1","max-image-preview":"max-image-preview:large","max-video-preview":"max-video-preview:-1"},"canonical":"https:\/\/nordnesrepublikken.no\/index.php\/2025\/08\/12\/for-nylig-har-det-vaert-sa-mange-statlige-skudd-i-sahel-vest-afrika\/","og_locale":"nb_NO","og_type":"article","og_title":"For nylig har det v\u00e6rt s\u00e5 mange statlige skudd i Sahel, Vest -Afrika - Nordnesrepublikken","og_description":"Regionen Sahel Det inkluderer et stort band med territorium som krysser den nordlige delen av","og_url":"https:\/\/nordnesrepublikken.no\/index.php\/2025\/08\/12\/for-nylig-har-det-vaert-sa-mange-statlige-skudd-i-sahel-vest-afrika\/","og_site_name":"Nordnesrepublikken","article_published_time":"2025-08-12T09:49:38+00:00","article_modified_time":"2025-08-12T09:49:45+00:00","og_image":[{"width":2501,"height":1199,"url":"https:\/\/nordnesrepublikken.no\/wp-content\/uploads\/2025\/08\/1754992180_For-nylig-har-det-vaert-sa-mange-statlige-skudd-i.jpg","type":"image\/jpeg"}],"author":"Ole Andersen","twitter_card":"summary_large_image","twitter_misc":{"Skrevet av":"Ole Andersen","Ansl. lesetid":"5 minutter"},"schema":{"@context":"https:\/\/schema.org","@graph":[{"@type":"Article","@id":"https:\/\/nordnesrepublikken.no\/index.php\/2025\/08\/12\/for-nylig-har-det-vaert-sa-mange-statlige-skudd-i-sahel-vest-afrika\/#article","isPartOf":{"@id":"https:\/\/nordnesrepublikken.no\/index.php\/2025\/08\/12\/for-nylig-har-det-vaert-sa-mange-statlige-skudd-i-sahel-vest-afrika\/"},"author":{"name":"Ole Andersen","@id":"https:\/\/nordnesrepublikken.no\/#\/schema\/person\/2e7e81935bab77882fffb79296240ff1"},"headline":"For nylig har det v\u00e6rt s\u00e5 mange statlige skudd i Sahel, Vest -Afrika","datePublished":"2025-08-12T09:49:38+00:00","dateModified":"2025-08-12T09:49:45+00:00","mainEntityOfPage":{"@id":"https:\/\/nordnesrepublikken.no\/index.php\/2025\/08\/12\/for-nylig-har-det-vaert-sa-mange-statlige-skudd-i-sahel-vest-afrika\/"},"wordCount":1112,"publisher":{"@id":"https:\/\/nordnesrepublikken.no\/#organization"},"image":{"@id":"https:\/\/nordnesrepublikken.no\/index.php\/2025\/08\/12\/for-nylig-har-det-vaert-sa-mange-statlige-skudd-i-sahel-vest-afrika\/#primaryimage"},"thumbnailUrl":"https:\/\/nordnesrepublikken.no\/wp-content\/uploads\/2025\/08\/1754992180_For-nylig-har-det-vaert-sa-mange-statlige-skudd-i.jpg","keywords":["Afrika","Det","har","mange","nylig","s\u00e5","Sahel","skudd","statlige","v\u00e6rt","vest"],"articleSection":["Politikk"],"inLanguage":"nb-NO"},{"@type":"WebPage","@id":"https:\/\/nordnesrepublikken.no\/index.php\/2025\/08\/12\/for-nylig-har-det-vaert-sa-mange-statlige-skudd-i-sahel-vest-afrika\/","url":"https:\/\/nordnesrepublikken.no\/index.php\/2025\/08\/12\/for-nylig-har-det-vaert-sa-mange-statlige-skudd-i-sahel-vest-afrika\/","name":"For nylig har det v\u00e6rt s\u00e5 mange statlige skudd i Sahel, Vest -Afrika - Nordnesrepublikken","isPartOf":{"@id":"https:\/\/nordnesrepublikken.no\/#website"},"primaryImageOfPage":{"@id":"https:\/\/nordnesrepublikken.no\/index.php\/2025\/08\/12\/for-nylig-har-det-vaert-sa-mange-statlige-skudd-i-sahel-vest-afrika\/#primaryimage"},"image":{"@id":"https:\/\/nordnesrepublikken.no\/index.php\/2025\/08\/12\/for-nylig-har-det-vaert-sa-mange-statlige-skudd-i-sahel-vest-afrika\/#primaryimage"},"thumbnailUrl":"https:\/\/nordnesrepublikken.no\/wp-content\/uploads\/2025\/08\/1754992180_For-nylig-har-det-vaert-sa-mange-statlige-skudd-i.jpg","datePublished":"2025-08-12T09:49:38+00:00","dateModified":"2025-08-12T09:49:45+00:00","breadcrumb":{"@id":"https:\/\/nordnesrepublikken.no\/index.php\/2025\/08\/12\/for-nylig-har-det-vaert-sa-mange-statlige-skudd-i-sahel-vest-afrika\/#breadcrumb"},"inLanguage":"nb-NO","potentialAction":[{"@type":"ReadAction","target":["https:\/\/nordnesrepublikken.no\/index.php\/2025\/08\/12\/for-nylig-har-det-vaert-sa-mange-statlige-skudd-i-sahel-vest-afrika\/"]}]},{"@type":"ImageObject","inLanguage":"nb-NO","@id":"https:\/\/nordnesrepublikken.no\/index.php\/2025\/08\/12\/for-nylig-har-det-vaert-sa-mange-statlige-skudd-i-sahel-vest-afrika\/#primaryimage","url":"https:\/\/nordnesrepublikken.no\/wp-content\/uploads\/2025\/08\/1754992180_For-nylig-har-det-vaert-sa-mange-statlige-skudd-i.jpg","contentUrl":"https:\/\/nordnesrepublikken.no\/wp-content\/uploads\/2025\/08\/1754992180_For-nylig-har-det-vaert-sa-mange-statlige-skudd-i.jpg","width":2501,"height":1199,"caption":"Sahel"},{"@type":"BreadcrumbList","@id":"https:\/\/nordnesrepublikken.no\/index.php\/2025\/08\/12\/for-nylig-har-det-vaert-sa-mange-statlige-skudd-i-sahel-vest-afrika\/#breadcrumb","itemListElement":[{"@type":"ListItem","position":1,"name":"Home","item":"https:\/\/nordnesrepublikken.no\/"},{"@type":"ListItem","position":2,"name":"For nylig har det v\u00e6rt s\u00e5 mange statlige skudd i Sahel, Vest -Afrika"}]},{"@type":"WebSite","@id":"https:\/\/nordnesrepublikken.no\/#website","url":"https:\/\/nordnesrepublikken.no\/","name":"Nordnesrepublikken","description":"Stemmer og Visjoner fra Republikkens Hjerte","publisher":{"@id":"https:\/\/nordnesrepublikken.no\/#organization"},"potentialAction":[{"@type":"SearchAction","target":{"@type":"EntryPoint","urlTemplate":"https:\/\/nordnesrepublikken.no\/?s={search_term_string}"},"query-input":{"@type":"PropertyValueSpecification","valueRequired":true,"valueName":"search_term_string"}}],"inLanguage":"nb-NO"},{"@type":"Organization","@id":"https:\/\/nordnesrepublikken.no\/#organization","name":"Nordnesrepublikken","url":"https:\/\/nordnesrepublikken.no\/","logo":{"@type":"ImageObject","inLanguage":"nb-NO","@id":"https:\/\/nordnesrepublikken.no\/#\/schema\/logo\/image\/","url":"https:\/\/nordnesrepublikken.no\/wp-content\/uploads\/2025\/02\/cropped-nordnesrepublikken-2.png","contentUrl":"https:\/\/nordnesrepublikken.no\/wp-content\/uploads\/2025\/02\/cropped-nordnesrepublikken-2.png","width":1248,"height":362,"caption":"Nordnesrepublikken"},"image":{"@id":"https:\/\/nordnesrepublikken.no\/#\/schema\/logo\/image\/"}},{"@type":"Person","@id":"https:\/\/nordnesrepublikken.no\/#\/schema\/person\/2e7e81935bab77882fffb79296240ff1","name":"Ole Andersen","image":{"@type":"ImageObject","inLanguage":"nb-NO","@id":"https:\/\/nordnesrepublikken.no\/#\/schema\/person\/image\/","url":"https:\/\/nordnesrepublikken.no\/wp-content\/uploads\/2025\/02\/nordnesrepublikken-2-2-150x150.jpg","contentUrl":"https:\/\/nordnesrepublikken.no\/wp-content\/uploads\/2025\/02\/nordnesrepublikken-2-2-150x150.jpg","caption":"Ole Andersen"},"description":"Ettersom jeg vokste opp i Oslo, har jeg alltid v\u00e6rt fascinert av ordenes kraft og deres evne til \u00e5 skape endringer. Etter \u00e5 ha fullf\u00f8rt min utdannelse i kommunikasjon ved Universitetet i Bergen, fikk jeg muligheten til \u00e5 jobbe innen ulike medier, der jeg har s\u00f8kt \u00e5 belyse viktige samfunnssp\u00f8rsm\u00e5l. I dag, som redakt\u00f8r for Nordnesrepublikken, pr\u00f8ver jeg \u00e5 forene min kj\u00e6rlighet for journalistikk med min lidenskap for innovasjon og eventyr.","sameAs":["https:\/\/nordnesrepublikken.no\/"]}]}},"_links":{"self":[{"href":"https:\/\/nordnesrepublikken.no\/index.php\/wp-json\/wp\/v2\/posts\/8194","targetHints":{"allow":["GET"]}}],"collection":[{"href":"https:\/\/nordnesrepublikken.no\/index.php\/wp-json\/wp\/v2\/posts"}],"about":[{"href":"https:\/\/nordnesrepublikken.no\/index.php\/wp-json\/wp\/v2\/types\/post"}],"author":[{"embeddable":true,"href":"https:\/\/nordnesrepublikken.no\/index.php\/wp-json\/wp\/v2\/users\/1"}],"replies":[{"embeddable":true,"href":"https:\/\/nordnesrepublikken.no\/index.php\/wp-json\/wp\/v2\/comments?post=8194"}],"version-history":[{"count":1,"href":"https:\/\/nordnesrepublikken.no\/index.php\/wp-json\/wp\/v2\/posts\/8194\/revisions"}],"predecessor-version":[{"id":8196,"href":"https:\/\/nordnesrepublikken.no\/index.php\/wp-json\/wp\/v2\/posts\/8194\/revisions\/8196"}],"wp:featuredmedia":[{"embeddable":true,"href":"https:\/\/nordnesrepublikken.no\/index.php\/wp-json\/wp\/v2\/media\/8195"}],"wp:attachment":[{"href":"https:\/\/nordnesrepublikken.no\/index.php\/wp-json\/wp\/v2\/media?parent=8194"}],"wp:term":[{"taxonomy":"category","embeddable":true,"href":"https:\/\/nordnesrepublikken.no\/index.php\/wp-json\/wp\/v2\/categories?post=8194"},{"taxonomy":"post_tag","embeddable":true,"href":"https:\/\/nordnesrepublikken.no\/index.php\/wp-json\/wp\/v2\/tags?post=8194"}],"curies":[{"name":"wp","href":"https:\/\/api.w.org\/{rel}","templated":true}]}}