{"id":8159,"date":"2025-08-12T00:49:38","date_gmt":"2025-08-11T22:49:38","guid":{"rendered":"https:\/\/nordnesrepublikken.no\/index.php\/2025\/08\/12\/fra-venus-williams-til-irina-shayk-se-forste-gang-pa-pirelli-kalenderen-i-2026\/"},"modified":"2025-08-12T00:49:39","modified_gmt":"2025-08-11T22:49:39","slug":"fra-venus-williams-til-irina-shayk-se-forste-gang-pa-pirelli-kalenderen-i-2026","status":"publish","type":"post","link":"https:\/\/nordnesrepublikken.no\/index.php\/2025\/08\/12\/fra-venus-williams-til-irina-shayk-se-forste-gang-pa-pirelli-kalenderen-i-2026\/","title":{"rendered":"Fra Venus Williams til Irina Shayk &#8211; se f\u00f8rste gang p\u00e5 Pirelli -kalenderen i 2026"},"content":{"rendered":"<div class=\"wordpress-content\">\n                    <!-- Article Start --><\/p>\n<p><strong>Den norske fotografen Solve Sundsbo har brakt elementene inn i studioet for Pirelli -kalenderen i 2026, og fanget noen av verdens mest ikoniske kvinner i atmosf\u00e6riske, sv\u00e6rt iscenesatte scener. De f\u00f8rste bildene bak kulissene er n\u00e5 utgitt i forkant av lanseringen av november i Praha.<\/strong><\/p>\n<p><a href=\"https:\/\/www.youtube.com\/watch?v=a1zoshblf0i\">https:\/\/www.youtube.com\/watch?v=a1zoshblf0i<\/a><\/p>\n<p>Oppstillingen for Cal 2026 inkluderer Luisa Ranieri, Isabella Rossellini, Eva Herzigova, Tilda Swinton, Venus Williams og Irina Shayk, sammen med Adria Arjona, Susie Cave, Gwendoline Christie, Du Juan og Fka Twigs.<\/p>\n<div class=\"sra_unit\"><link rel=\"stylesheet\" id=\"block-sra\" href=\"https:\/\/euroweeklynews.com\/wp-content\/plugins\/snack-related-articles\/dist\/css\/snack-related.min.css?250312-193541\" type=\"text\/css\" media=\"all\">\n<\/div>\n<p>Sundsbo, et av de mest anerkjente navnene innen visuell kunst og motefotografering, skj\u00f8t kalenderen i tre \u00f8kter: April i Norfolk og Essex, juni i London og juli p\u00e5 Spring Studios i New York. Hans konsept, med tittelen Elements, utforsker kjerne menneskelige f\u00f8lelser og instinkter &#8211; \u00f8nsket om frihet, nysgjerrighet, t\u00f8rsten etter kunnskap, mysterium, fantasi, lidenskap, frigj\u00f8ring og v\u00e5r forbindelse til naturen og tidens gang.<\/p>\n<p><strong>Kino og mote<\/strong><\/p>\n<p>&laquo;Jeg \u00f8nsket \u00e5 fange noe som f\u00f8les grunnleggende for menneskelivet,&raquo; forklarte Sundsbo. &laquo;Det handler om \u00e5 koble oss til hvor vi kommer fra. De er store sp\u00f8rsm\u00e5l, men vi b\u00f8r pr\u00f8ve \u00e5 v\u00e6re ambisi\u00f8se.&raquo;<\/p>\n<p>Fra kino og mote til musikk og sport ble hver kvinne invitert til \u00e5 legemliggj\u00f8re et element, fra vann til vind, med Sundsbo ved bruk av en blanding av naturlige motiver og teknologiske effekter for \u00e5 oversette hans visjon til kraftige, poetiske bilder.<\/p>\n<p><strong>Kreativ frihet<\/strong><\/p>\n<p>Pirelli -kalenderen har utviklet seg betydelig de siste \u00e5rene. Siden 2016 har fotografer f\u00e5tt mer kreativ frihet, noe som f\u00f8rte til sv\u00e6rt konseptuelle utgaver som Tim Walker&#8217;s Alice in Wonderland-inspirerte kalenderen 2018 og Emma Summertons 2023 feiring av ikoniske kvinnelige muses. Fjor\u00e5rets 2025 -utgave, Refresh og Reveal, av den amerikanske fotografen Ethan James Green, markerte en retur til sensuelle bilder etter flere \u00e5r med mer dempet, politisk bevisste temaer som svar p\u00e5 #MeToo -bevegelsen.<\/p>\n<p><strong>Lansering i Praha<\/strong><\/p>\n<p>Rollebesetningen i 2025 inkluderte skuespiller, modell og aktivist Hunter Schafer, TV -programleder og forfatter Padma Lakshmi, den franske skuespilleren Vincent Cassel, italienske sanger og skuespiller Elodie, den britiske skuespilleren Simone Ashley, den s\u00f8rkoreanske skuespilleren Hoyeon og den amerikanske modellen Jenny Shimizu.<\/p>\n<p>Kalenderens 2026-kalender i november-lanseringen i Praha vil bli deltatt av mange av de h\u00f8yprofilerte stjernene-en passende finale for et prosjekt som nok en gang har sl\u00e5tt sammen kunst, glamour og sosial kommentar til en av motefotograferingens mest ettertraktede kommisjoner.<\/p>\n<div class=\"wordpress-content\">\n<div class=\"wordpress-content\">\n<div class=\"wordpress-content\">\n<div class=\"wordpress-content\">\n<div class=\"wordpress-content\">\n<div class=\"wordpress-content\">\n<div class=\"wordpress-content\">\n<div class=\"wordpress-content\">\n<div class=\"wordpress-content\">\n<div class=\"wordpress-content\">\n<div class=\"wordpress-content\">\n<div class=\"wordpress-content\">\n<div class=\"wordpress-content\">\n<div class=\"wordpress-content\">\n<div class=\"wordpress-content\">\n<div class=\"wordpress-content\">\n<div class=\"wordpress-content\">\n<div class=\"wordpress-content\">\n<div class=\"wordpress-content\">\n<div class=\"wordpress-content\">\n<div class=\"wordpress-content\">\n<div class=\"wordpress-content\">\n<div class=\"wordpress-content\">\n<div class=\"wordpress-content\">\n<div class=\"wordpress-content\">\n<div class=\"wordpress-content\">\n<div class=\"wordpress-content\">\n<div class=\"wordpress-content\">\n<div class=\"wordpress-content\">\n<div class=\"wordpress-content\">\n<div class=\"wordpress-content\">\n<div class=\"wordpress-content\">\n<div class=\"wordpress-content\">\n<div class=\"wordpress-content\">\n<div class=\"wordpress-content\">\n<div class=\"wordpress-content\">\n<div class=\"wordpress-content\">\n<div class=\"wordpress-content\">\n<div class=\"wordpress-content\">\n<div class=\"wordpress-content\">\n<div class=\"wordpress-content\">\n<div class=\"wordpress-content\">\n<div class=\"wordpress-content\">\n<div class=\"wordpress-content\">\n<div class=\"wordpress-content\">\n<div class=\"wordpress-content\">\n<p>F\u00f8lg med for de siste nyhetene om Europa og Norge.<\/p>\n<\/div>\n<\/div>\n<\/div>\n<\/div>\n<\/div>\n<\/div>\n<\/div>\n<\/div>\n<\/div>\n<\/div>\n<\/div>\n<\/div>\n<\/div>\n<\/div>\n<\/div>\n<\/div>\n<\/div>\n<\/div>\n<\/div>\n<\/div>\n<\/div>\n<\/div>\n<\/div>\n<\/div>\n<\/div>\n<\/div>\n<\/div>\n<\/div>\n<\/div>\n<\/div>\n<\/div>\n<\/div>\n<\/div>\n<\/div>\n<\/div>\n<\/div>\n<\/div>\n<\/div>\n<\/div>\n<\/div>\n<\/div>\n<\/div>\n<\/div>\n<\/div>\n<\/div>\n<\/div>\n<p>                    <!-- This article has been originally published at https:\/\/euroweeklynews.com\/2025\/08\/11\/from-venus-williams-to-irina-shayk-first-look-at-the-2026-pirelli-calendar\/ on 11 Aug 2025 at 20:54 by Santiago Carneri --><br \/>\n                    <!-- Article End -->\n                <\/div>\n<div class=\"wordpress-content\">\n<div class=\"wordpress-content\">\n<div class=\"wordpress-content\">\n<div class=\"wordpress-content\">\n<div class=\"wordpress-content\">\n<div class=\"wordpress-content\">\n<div class=\"wordpress-content\">\n<div class=\"wordpress-content\">\n<div class=\"wordpress-content\">\n<div class=\"wordpress-content\">\n<div class=\"wordpress-content\">\n<div class=\"wordpress-content\">\n<div class=\"wordpress-content\">\n<div class=\"wordpress-content\">\n<div class=\"wordpress-content\">\n<div class=\"wordpress-content\">\n<div class=\"wordpress-content\">\n<div class=\"wordpress-content\">\n<div class=\"wordpress-content\">\n<div class=\"wordpress-content\">\n<div class=\"wordpress-content\">\n<div class=\"wordpress-content\">\n<div class=\"wordpress-content\">\n<div class=\"wordpress-content\">\n<div class=\"wordpress-content\">\n<div class=\"wordpress-content\">\n<div class=\"wordpress-content\">\n<div class=\"wordpress-content\">\n<div class=\"wordpress-content\">\n<div class=\"wordpress-content\">\n<div class=\"wordpress-content\">\n<div class=\"wordpress-content\">\n<div class=\"wordpress-content\">\n<div class=\"wordpress-content\">\n<div class=\"wordpress-content\">\n<div class=\"wordpress-content\">\n<div class=\"wordpress-content\">\n<div class=\"wordpress-content\">\n<div class=\"wordpress-content\">\n<div class=\"wordpress-content\">\n<div class=\"wordpress-content\">\n<div class=\"wordpress-content\">\n<div class=\"wordpress-content\">\n<div class=\"wordpress-content\">\n<div class=\"wordpress-content\">\n<div class=\"wordpress-content\">\n<p>F\u00f8lg med for de siste nyhetene om Europa og Norge.<\/p>\n<\/div>\n<\/div>\n<\/div>\n<\/div>\n<\/div>\n<\/div>\n<\/div>\n<\/div>\n<\/div>\n<\/div>\n<\/div>\n<\/div>\n<\/div>\n<\/div>\n<\/div>\n<\/div>\n<\/div>\n<\/div>\n<\/div>\n<\/div>\n<\/div>\n<\/div>\n<\/div>\n<\/div>\n<\/div>\n<\/div>\n<\/div>\n<\/div>\n<\/div>\n<\/div>\n<\/div>\n<\/div>\n<\/div>\n<\/div>\n<\/div>\n<\/div>\n<\/div>\n<\/div>\n<\/div>\n<\/div>\n<\/div>\n<\/div>\n<\/div>\n<\/div>\n<\/div>\n<\/div>\n<div class=\"wordpress-content\">\n<div class=\"wordpress-content\">\n<div class=\"wordpress-content\">\n<div class=\"wordpress-content\">\n<div class=\"wordpress-content\">\n<div class=\"wordpress-content\">\n<div class=\"wordpress-content\">\n<div class=\"wordpress-content\">\n<div class=\"wordpress-content\">\n<div class=\"wordpress-content\">\n<div class=\"wordpress-content\">\n<div class=\"wordpress-content\">\n<div class=\"wordpress-content\">\n<div class=\"wordpress-content\">\n<div class=\"wordpress-content\">\n<div class=\"wordpress-content\">\n<div class=\"wordpress-content\">\n<div class=\"wordpress-content\">\n<div class=\"wordpress-content\">\n<div class=\"wordpress-content\">\n<div class=\"wordpress-content\">\n<div class=\"wordpress-content\">\n<div class=\"wordpress-content\">\n<div class=\"wordpress-content\">\n<div class=\"wordpress-content\">\n<div class=\"wordpress-content\">\n<div class=\"wordpress-content\">\n<div class=\"wordpress-content\">\n<div class=\"wordpress-content\">\n<div class=\"wordpress-content\">\n<div class=\"wordpress-content\">\n<div class=\"wordpress-content\">\n<div class=\"wordpress-content\">\n<div class=\"wordpress-content\">\n<div class=\"wordpress-content\">\n<div class=\"wordpress-content\">\n<div class=\"wordpress-content\">\n<div class=\"wordpress-content\">\n<div class=\"wordpress-content\">\n<div class=\"wordpress-content\">\n<div class=\"wordpress-content\">\n<div class=\"wordpress-content\">\n<div class=\"wordpress-content\">\n<div class=\"wordpress-content\">\n<div class=\"wordpress-content\">\n<p>F\u00f8lg med for de siste nyhetene om Europa og Norge.<\/p>\n<\/div>\n<\/div>\n<\/div>\n<\/div>\n<\/div>\n<\/div>\n<\/div>\n<\/div>\n<\/div>\n<\/div>\n<\/div>\n<\/div>\n<\/div>\n<\/div>\n<\/div>\n<\/div>\n<\/div>\n<\/div>\n<\/div>\n<\/div>\n<\/div>\n<\/div>\n<\/div>\n<\/div>\n<\/div>\n<\/div>\n<\/div>\n<\/div>\n<\/div>\n<\/div>\n<\/div>\n<\/div>\n<\/div>\n<\/div>\n<\/div>\n<\/div>\n<\/div>\n<\/div>\n<\/div>\n<\/div>\n<\/div>\n<\/div>\n<\/div>\n<\/div>\n<\/div>\n<div class=\"wordpress-content\">\n<div class=\"wordpress-content\">\n<div class=\"wordpress-content\">\n<div class=\"wordpress-content\">\n<div class=\"wordpress-content\">\n<div class=\"wordpress-content\">\n<div class=\"wordpress-content\">\n<div class=\"wordpress-content\">\n<div class=\"wordpress-content\">\n<div class=\"wordpress-content\">\n<div class=\"wordpress-content\">\n<div class=\"wordpress-content\">\n<div class=\"wordpress-content\">\n<div class=\"wordpress-content\">\n<div class=\"wordpress-content\">\n<div class=\"wordpress-content\">\n<div class=\"wordpress-content\">\n<div class=\"wordpress-content\">\n<div class=\"wordpress-content\">\n<div class=\"wordpress-content\">\n<div class=\"wordpress-content\">\n<div class=\"wordpress-content\">\n<div class=\"wordpress-content\">\n<div class=\"wordpress-content\">\n<div class=\"wordpress-content\">\n<div class=\"wordpress-content\">\n<div class=\"wordpress-content\">\n<div class=\"wordpress-content\">\n<div class=\"wordpress-content\">\n<div class=\"wordpress-content\">\n<div class=\"wordpress-content\">\n<div class=\"wordpress-content\">\n<div class=\"wordpress-content\">\n<div class=\"wordpress-content\">\n<div class=\"wordpress-content\">\n<div class=\"wordpress-content\">\n<div class=\"wordpress-content\">\n<div class=\"wordpress-content\">\n<div class=\"wordpress-content\">\n<div class=\"wordpress-content\">\n<div class=\"wordpress-content\">\n<div class=\"wordpress-content\">\n<div class=\"wordpress-content\">\n<div class=\"wordpress-content\">\n<p>F\u00f8lg med for de siste nyhetene om Europa og Norge.<\/p>\n<\/div>\n<\/div>\n<\/div>\n<\/div>\n<\/div>\n<\/div>\n<\/div>\n<\/div>\n<\/div>\n<\/div>\n<\/div>\n<\/div>\n<\/div>\n<\/div>\n<\/div>\n<\/div>\n<\/div>\n<\/div>\n<\/div>\n<\/div>\n<\/div>\n<\/div>\n<\/div>\n<\/div>\n<\/div>\n<\/div>\n<\/div>\n<\/div>\n<\/div>\n<\/div>\n<\/div>\n<\/div>\n<\/div>\n<\/div>\n<\/div>\n<\/div>\n<\/div>\n<\/div>\n<\/div>\n<\/div>\n<\/div>\n<\/div>\n<\/div>\n<\/div>\n<div class=\"wordpress-content\">\n<div class=\"wordpress-content\">\n<div class=\"wordpress-content\">\n<div class=\"wordpress-content\">\n<div class=\"wordpress-content\">\n<div class=\"wordpress-content\">\n<div class=\"wordpress-content\">\n<div class=\"wordpress-content\">\n<div class=\"wordpress-content\">\n<div class=\"wordpress-content\">\n<div class=\"wordpress-content\">\n<div class=\"wordpress-content\">\n<div class=\"wordpress-content\">\n<div class=\"wordpress-content\">\n<div class=\"wordpress-content\">\n<div class=\"wordpress-content\">\n<div class=\"wordpress-content\">\n<div class=\"wordpress-content\">\n<div class=\"wordpress-content\">\n<div class=\"wordpress-content\">\n<div class=\"wordpress-content\">\n<div class=\"wordpress-content\">\n<div class=\"wordpress-content\">\n<div class=\"wordpress-content\">\n<div class=\"wordpress-content\">\n<div class=\"wordpress-content\">\n<div class=\"wordpress-content\">\n<div class=\"wordpress-content\">\n<div class=\"wordpress-content\">\n<div class=\"wordpress-content\">\n<div class=\"wordpress-content\">\n<div class=\"wordpress-content\">\n<div class=\"wordpress-content\">\n<div class=\"wordpress-content\">\n<div class=\"wordpress-content\">\n<div class=\"wordpress-content\">\n<div class=\"wordpress-content\">\n<div class=\"wordpress-content\">\n<div class=\"wordpress-content\">\n<div class=\"wordpress-content\">\n<div class=\"wordpress-content\">\n<div class=\"wordpress-content\">\n<div class=\"wordpress-content\">\n<p>F\u00f8lg med for de siste nyhetene om Europa og Norge.<\/p>\n<\/div>\n<\/div>\n<\/div>\n<\/div>\n<\/div>\n<\/div>\n<\/div>\n<\/div>\n<\/div>\n<\/div>\n<\/div>\n<\/div>\n<\/div>\n<\/div>\n<\/div>\n<\/div>\n<\/div>\n<\/div>\n<\/div>\n<\/div>\n<\/div>\n<\/div>\n<\/div>\n<\/div>\n<\/div>\n<\/div>\n<\/div>\n<\/div>\n<\/div>\n<\/div>\n<\/div>\n<\/div>\n<\/div>\n<\/div>\n<\/div>\n<\/div>\n<\/div>\n<\/div>\n<\/div>\n<\/div>\n<\/div>\n<\/div>\n<\/div>\n<div class=\"wordpress-content\">\n<div class=\"wordpress-content\">\n<div class=\"wordpress-content\">\n<div class=\"wordpress-content\">\n<div class=\"wordpress-content\">\n<div class=\"wordpress-content\">\n<div class=\"wordpress-content\">\n<div class=\"wordpress-content\">\n<div class=\"wordpress-content\">\n<div class=\"wordpress-content\">\n<div class=\"wordpress-content\">\n<div class=\"wordpress-content\">\n<div class=\"wordpress-content\">\n<div class=\"wordpress-content\">\n<div class=\"wordpress-content\">\n<div class=\"wordpress-content\">\n<div class=\"wordpress-content\">\n<div class=\"wordpress-content\">\n<div class=\"wordpress-content\">\n<div class=\"wordpress-content\">\n<div class=\"wordpress-content\">\n<div class=\"wordpress-content\">\n<div class=\"wordpress-content\">\n<div class=\"wordpress-content\">\n<div class=\"wordpress-content\">\n<div class=\"wordpress-content\">\n<div class=\"wordpress-content\">\n<div class=\"wordpress-content\">\n<div class=\"wordpress-content\">\n<div class=\"wordpress-content\">\n<div class=\"wordpress-content\">\n<div class=\"wordpress-content\">\n<div class=\"wordpress-content\">\n<div class=\"wordpress-content\">\n<div class=\"wordpress-content\">\n<div class=\"wordpress-content\">\n<div class=\"wordpress-content\">\n<div class=\"wordpress-content\">\n<div class=\"wordpress-content\">\n<div class=\"wordpress-content\">\n<div class=\"wordpress-content\">\n<div class=\"wordpress-content\">\n<p>F\u00f8lg med for de siste nyhetene om Europa og Norge.<\/p>\n<\/div>\n<\/div>\n<\/div>\n<\/div>\n<\/div>\n<\/div>\n<\/div>\n<\/div>\n<\/div>\n<\/div>\n<\/div>\n<\/div>\n<\/div>\n<\/div>\n<\/div>\n<\/div>\n<\/div>\n<\/div>\n<\/div>\n<\/div>\n<\/div>\n<\/div>\n<\/div>\n<\/div>\n<\/div>\n<\/div>\n<\/div>\n<\/div>\n<\/div>\n<\/div>\n<\/div>\n<\/div>\n<\/div>\n<\/div>\n<\/div>\n<\/div>\n<\/div>\n<\/div>\n<\/div>\n<\/div>\n<\/div>\n<\/div>\n<div class=\"wordpress-content\">\n<div class=\"wordpress-content\">\n<div class=\"wordpress-content\">\n<div class=\"wordpress-content\">\n<div class=\"wordpress-content\">\n<div class=\"wordpress-content\">\n<div class=\"wordpress-content\">\n<div class=\"wordpress-content\">\n<div class=\"wordpress-content\">\n<div class=\"wordpress-content\">\n<div class=\"wordpress-content\">\n<div class=\"wordpress-content\">\n<div class=\"wordpress-content\">\n<div class=\"wordpress-content\">\n<div class=\"wordpress-content\">\n<div class=\"wordpress-content\">\n<div class=\"wordpress-content\">\n<div class=\"wordpress-content\">\n<div class=\"wordpress-content\">\n<div class=\"wordpress-content\">\n<div class=\"wordpress-content\">\n<div class=\"wordpress-content\">\n<div class=\"wordpress-content\">\n<div class=\"wordpress-content\">\n<div class=\"wordpress-content\">\n<div class=\"wordpress-content\">\n<div class=\"wordpress-content\">\n<div class=\"wordpress-content\">\n<div class=\"wordpress-content\">\n<div class=\"wordpress-content\">\n<div class=\"wordpress-content\">\n<div class=\"wordpress-content\">\n<div class=\"wordpress-content\">\n<div class=\"wordpress-content\">\n<div class=\"wordpress-content\">\n<div class=\"wordpress-content\">\n<div class=\"wordpress-content\">\n<div class=\"wordpress-content\">\n<div class=\"wordpress-content\">\n<div class=\"wordpress-content\">\n<div class=\"wordpress-content\">\n<p>F\u00f8lg med for de siste nyhetene om Europa og Norge.<\/p>\n<\/div>\n<\/div>\n<\/div>\n<\/div>\n<\/div>\n<\/div>\n<\/div>\n<\/div>\n<\/div>\n<\/div>\n<\/div>\n<\/div>\n<\/div>\n<\/div>\n<\/div>\n<\/div>\n<\/div>\n<\/div>\n<\/div>\n<\/div>\n<\/div>\n<\/div>\n<\/div>\n<\/div>\n<\/div>\n<\/div>\n<\/div>\n<\/div>\n<\/div>\n<\/div>\n<\/div>\n<\/div>\n<\/div>\n<\/div>\n<\/div>\n<\/div>\n<\/div>\n<\/div>\n<\/div>\n<\/div>\n<\/div>\n<div class=\"wordpress-content\">\n<div class=\"wordpress-content\">\n<div class=\"wordpress-content\">\n<div class=\"wordpress-content\">\n<div class=\"wordpress-content\">\n<div class=\"wordpress-content\">\n<div class=\"wordpress-content\">\n<div class=\"wordpress-content\">\n<div class=\"wordpress-content\">\n<div class=\"wordpress-content\">\n<div class=\"wordpress-content\">\n<div class=\"wordpress-content\">\n<div class=\"wordpress-content\">\n<div class=\"wordpress-content\">\n<div class=\"wordpress-content\">\n<div class=\"wordpress-content\">\n<div class=\"wordpress-content\">\n<div class=\"wordpress-content\">\n<div class=\"wordpress-content\">\n<div class=\"wordpress-content\">\n<div class=\"wordpress-content\">\n<div class=\"wordpress-content\">\n<div class=\"wordpress-content\">\n<div class=\"wordpress-content\">\n<div class=\"wordpress-content\">\n<div class=\"wordpress-content\">\n<div class=\"wordpress-content\">\n<div class=\"wordpress-content\">\n<div class=\"wordpress-content\">\n<div class=\"wordpress-content\">\n<div class=\"wordpress-content\">\n<div class=\"wordpress-content\">\n<div class=\"wordpress-content\">\n<div class=\"wordpress-content\">\n<div class=\"wordpress-content\">\n<div class=\"wordpress-content\">\n<div class=\"wordpress-content\">\n<div class=\"wordpress-content\">\n<div class=\"wordpress-content\">\n<div class=\"wordpress-content\">\n<p>F\u00f8lg med for de siste nyhetene om Europa og Norge.<\/p>\n<\/div>\n<\/div>\n<\/div>\n<\/div>\n<\/div>\n<\/div>\n<\/div>\n<\/div>\n<\/div>\n<\/div>\n<\/div>\n<\/div>\n<\/div>\n<\/div>\n<\/div>\n<\/div>\n<\/div>\n<\/div>\n<\/div>\n<\/div>\n<\/div>\n<\/div>\n<\/div>\n<\/div>\n<\/div>\n<\/div>\n<\/div>\n<\/div>\n<\/div>\n<\/div>\n<\/div>\n<\/div>\n<\/div>\n<\/div>\n<\/div>\n<\/div>\n<\/div>\n<\/div>\n<\/div>\n<\/div>\n<div class=\"wordpress-content\">\n<div class=\"wordpress-content\">\n<div class=\"wordpress-content\">\n<div class=\"wordpress-content\">\n<div class=\"wordpress-content\">\n<div class=\"wordpress-content\">\n<div class=\"wordpress-content\">\n<div class=\"wordpress-content\">\n<div class=\"wordpress-content\">\n<div class=\"wordpress-content\">\n<div class=\"wordpress-content\">\n<div class=\"wordpress-content\">\n<div class=\"wordpress-content\">\n<div class=\"wordpress-content\">\n<div class=\"wordpress-content\">\n<div class=\"wordpress-content\">\n<div class=\"wordpress-content\">\n<div class=\"wordpress-content\">\n<div class=\"wordpress-content\">\n<div class=\"wordpress-content\">\n<div class=\"wordpress-content\">\n<div class=\"wordpress-content\">\n<div class=\"wordpress-content\">\n<div class=\"wordpress-content\">\n<div class=\"wordpress-content\">\n<div class=\"wordpress-content\">\n<div class=\"wordpress-content\">\n<div class=\"wordpress-content\">\n<div class=\"wordpress-content\">\n<div class=\"wordpress-content\">\n<div class=\"wordpress-content\">\n<div class=\"wordpress-content\">\n<div class=\"wordpress-content\">\n<div class=\"wordpress-content\">\n<div class=\"wordpress-content\">\n<div class=\"wordpress-content\">\n<div class=\"wordpress-content\">\n<div class=\"wordpress-content\">\n<div class=\"wordpress-content\">\n<p>F\u00f8lg med for de siste nyhetene om Europa og Norge.<\/p>\n<\/div>\n<\/div>\n<\/div>\n<\/div>\n<\/div>\n<\/div>\n<\/div>\n<\/div>\n<\/div>\n<\/div>\n<\/div>\n<\/div>\n<\/div>\n<\/div>\n<\/div>\n<\/div>\n<\/div>\n<\/div>\n<\/div>\n<\/div>\n<\/div>\n<\/div>\n<\/div>\n<\/div>\n<\/div>\n<\/div>\n<\/div>\n<\/div>\n<\/div>\n<\/div>\n<\/div>\n<\/div>\n<\/div>\n<\/div>\n<\/div>\n<\/div>\n<\/div>\n<\/div>\n<\/div>\n<div class=\"wordpress-content\">\n<div class=\"wordpress-content\">\n<div class=\"wordpress-content\">\n<div class=\"wordpress-content\">\n<div class=\"wordpress-content\">\n<div class=\"wordpress-content\">\n<div class=\"wordpress-content\">\n<div class=\"wordpress-content\">\n<div class=\"wordpress-content\">\n<div class=\"wordpress-content\">\n<div class=\"wordpress-content\">\n<div class=\"wordpress-content\">\n<div class=\"wordpress-content\">\n<div class=\"wordpress-content\">\n<div class=\"wordpress-content\">\n<div class=\"wordpress-content\">\n<div class=\"wordpress-content\">\n<div class=\"wordpress-content\">\n<div class=\"wordpress-content\">\n<div class=\"wordpress-content\">\n<div class=\"wordpress-content\">\n<div class=\"wordpress-content\">\n<div class=\"wordpress-content\">\n<div class=\"wordpress-content\">\n<div class=\"wordpress-content\">\n<div class=\"wordpress-content\">\n<div class=\"wordpress-content\">\n<div class=\"wordpress-content\">\n<div class=\"wordpress-content\">\n<div class=\"wordpress-content\">\n<div class=\"wordpress-content\">\n<div class=\"wordpress-content\">\n<div class=\"wordpress-content\">\n<div class=\"wordpress-content\">\n<div class=\"wordpress-content\">\n<div class=\"wordpress-content\">\n<div class=\"wordpress-content\">\n<div class=\"wordpress-content\">\n<p>F\u00f8lg med for de siste nyhetene om Europa og Norge.<\/p>\n<\/div>\n<\/div>\n<\/div>\n<\/div>\n<\/div>\n<\/div>\n<\/div>\n<\/div>\n<\/div>\n<\/div>\n<\/div>\n<\/div>\n<\/div>\n<\/div>\n<\/div>\n<\/div>\n<\/div>\n<\/div>\n<\/div>\n<\/div>\n<\/div>\n<\/div>\n<\/div>\n<\/div>\n<\/div>\n<\/div>\n<\/div>\n<\/div>\n<\/div>\n<\/div>\n<\/div>\n<\/div>\n<\/div>\n<\/div>\n<\/div>\n<\/div>\n<\/div>\n<\/div>\n<div class=\"wordpress-content\">\n<div class=\"wordpress-content\">\n<div class=\"wordpress-content\">\n<div class=\"wordpress-content\">\n<div class=\"wordpress-content\">\n<div class=\"wordpress-content\">\n<div class=\"wordpress-content\">\n<div class=\"wordpress-content\">\n<div class=\"wordpress-content\">\n<div class=\"wordpress-content\">\n<div class=\"wordpress-content\">\n<div class=\"wordpress-content\">\n<div class=\"wordpress-content\">\n<div class=\"wordpress-content\">\n<div class=\"wordpress-content\">\n<div class=\"wordpress-content\">\n<div class=\"wordpress-content\">\n<div class=\"wordpress-content\">\n<div class=\"wordpress-content\">\n<div class=\"wordpress-content\">\n<div class=\"wordpress-content\">\n<div class=\"wordpress-content\">\n<div class=\"wordpress-content\">\n<div class=\"wordpress-content\">\n<div class=\"wordpress-content\">\n<div class=\"wordpress-content\">\n<div class=\"wordpress-content\">\n<div class=\"wordpress-content\">\n<div class=\"wordpress-content\">\n<div class=\"wordpress-content\">\n<div class=\"wordpress-content\">\n<div class=\"wordpress-content\">\n<div class=\"wordpress-content\">\n<div class=\"wordpress-content\">\n<div class=\"wordpress-content\">\n<div class=\"wordpress-content\">\n<div class=\"wordpress-content\">\n<p>F\u00f8lg med for de siste nyhetene om Europa og Norge.<\/p>\n<\/div>\n<\/div>\n<\/div>\n<\/div>\n<\/div>\n<\/div>\n<\/div>\n<\/div>\n<\/div>\n<\/div>\n<\/div>\n<\/div>\n<\/div>\n<\/div>\n<\/div>\n<\/div>\n<\/div>\n<\/div>\n<\/div>\n<\/div>\n<\/div>\n<\/div>\n<\/div>\n<\/div>\n<\/div>\n<\/div>\n<\/div>\n<\/div>\n<\/div>\n<\/div>\n<\/div>\n<\/div>\n<\/div>\n<\/div>\n<\/div>\n<\/div>\n<\/div>\n<div class=\"wordpress-content\">\n<div class=\"wordpress-content\">\n<div class=\"wordpress-content\">\n<div class=\"wordpress-content\">\n<div class=\"wordpress-content\">\n<div class=\"wordpress-content\">\n<div class=\"wordpress-content\">\n<div class=\"wordpress-content\">\n<div class=\"wordpress-content\">\n<div class=\"wordpress-content\">\n<div class=\"wordpress-content\">\n<div class=\"wordpress-content\">\n<div class=\"wordpress-content\">\n<div class=\"wordpress-content\">\n<div class=\"wordpress-content\">\n<div class=\"wordpress-content\">\n<div class=\"wordpress-content\">\n<div class=\"wordpress-content\">\n<div class=\"wordpress-content\">\n<div class=\"wordpress-content\">\n<div class=\"wordpress-content\">\n<div class=\"wordpress-content\">\n<div class=\"wordpress-content\">\n<div class=\"wordpress-content\">\n<div class=\"wordpress-content\">\n<div class=\"wordpress-content\">\n<div class=\"wordpress-content\">\n<div class=\"wordpress-content\">\n<div class=\"wordpress-content\">\n<div class=\"wordpress-content\">\n<div class=\"wordpress-content\">\n<div class=\"wordpress-content\">\n<div class=\"wordpress-content\">\n<div class=\"wordpress-content\">\n<div class=\"wordpress-content\">\n<div class=\"wordpress-content\">\n<p>F\u00f8lg med for de siste nyhetene om Europa og Norge.<\/p>\n<\/div>\n<\/div>\n<\/div>\n<\/div>\n<\/div>\n<\/div>\n<\/div>\n<\/div>\n<\/div>\n<\/div>\n<\/div>\n<\/div>\n<\/div>\n<\/div>\n<\/div>\n<\/div>\n<\/div>\n<\/div>\n<\/div>\n<\/div>\n<\/div>\n<\/div>\n<\/div>\n<\/div>\n<\/div>\n<\/div>\n<\/div>\n<\/div>\n<\/div>\n<\/div>\n<\/div>\n<\/div>\n<\/div>\n<\/div>\n<\/div>\n<\/div>\n<div class=\"wordpress-content\">\n<div class=\"wordpress-content\">\n<div class=\"wordpress-content\">\n<div class=\"wordpress-content\">\n<div class=\"wordpress-content\">\n<div class=\"wordpress-content\">\n<div class=\"wordpress-content\">\n<div class=\"wordpress-content\">\n<div class=\"wordpress-content\">\n<div class=\"wordpress-content\">\n<div class=\"wordpress-content\">\n<div class=\"wordpress-content\">\n<div class=\"wordpress-content\">\n<div class=\"wordpress-content\">\n<div class=\"wordpress-content\">\n<div class=\"wordpress-content\">\n<div class=\"wordpress-content\">\n<div class=\"wordpress-content\">\n<div class=\"wordpress-content\">\n<div class=\"wordpress-content\">\n<div class=\"wordpress-content\">\n<div class=\"wordpress-content\">\n<div class=\"wordpress-content\">\n<div class=\"wordpress-content\">\n<div class=\"wordpress-content\">\n<div class=\"wordpress-content\">\n<div class=\"wordpress-content\">\n<div class=\"wordpress-content\">\n<div class=\"wordpress-content\">\n<div class=\"wordpress-content\">\n<div class=\"wordpress-content\">\n<div class=\"wordpress-content\">\n<div class=\"wordpress-content\">\n<div class=\"wordpress-content\">\n<div class=\"wordpress-content\">\n<p>F\u00f8lg med for de siste nyhetene om Europa og Norge.<\/p>\n<\/div>\n<\/div>\n<\/div>\n<\/div>\n<\/div>\n<\/div>\n<\/div>\n<\/div>\n<\/div>\n<\/div>\n<\/div>\n<\/div>\n<\/div>\n<\/div>\n<\/div>\n<\/div>\n<\/div>\n<\/div>\n<\/div>\n<\/div>\n<\/div>\n<\/div>\n<\/div>\n<\/div>\n<\/div>\n<\/div>\n<\/div>\n<\/div>\n<\/div>\n<\/div>\n<\/div>\n<\/div>\n<\/div>\n<\/div>\n<\/div>\n<div class=\"wordpress-content\">\n<div class=\"wordpress-content\">\n<div class=\"wordpress-content\">\n<div class=\"wordpress-content\">\n<div class=\"wordpress-content\">\n<div class=\"wordpress-content\">\n<div class=\"wordpress-content\">\n<div class=\"wordpress-content\">\n<div class=\"wordpress-content\">\n<div class=\"wordpress-content\">\n<div class=\"wordpress-content\">\n<div class=\"wordpress-content\">\n<div class=\"wordpress-content\">\n<div class=\"wordpress-content\">\n<div class=\"wordpress-content\">\n<div class=\"wordpress-content\">\n<div class=\"wordpress-content\">\n<div class=\"wordpress-content\">\n<div class=\"wordpress-content\">\n<div class=\"wordpress-content\">\n<div class=\"wordpress-content\">\n<div class=\"wordpress-content\">\n<div class=\"wordpress-content\">\n<div class=\"wordpress-content\">\n<div class=\"wordpress-content\">\n<div class=\"wordpress-content\">\n<div class=\"wordpress-content\">\n<div class=\"wordpress-content\">\n<div class=\"wordpress-content\">\n<div class=\"wordpress-content\">\n<div class=\"wordpress-content\">\n<div class=\"wordpress-content\">\n<div class=\"wordpress-content\">\n<div class=\"wordpress-content\">\n<p>F\u00f8lg med for de siste nyhetene om Europa og Norge.<\/p>\n<\/div>\n<\/div>\n<\/div>\n<\/div>\n<\/div>\n<\/div>\n<\/div>\n<\/div>\n<\/div>\n<\/div>\n<\/div>\n<\/div>\n<\/div>\n<\/div>\n<\/div>\n<\/div>\n<\/div>\n<\/div>\n<\/div>\n<\/div>\n<\/div>\n<\/div>\n<\/div>\n<\/div>\n<\/div>\n<\/div>\n<\/div>\n<\/div>\n<\/div>\n<\/div>\n<\/div>\n<\/div>\n<\/div>\n<\/div>\n<div class=\"wordpress-content\">\n<div class=\"wordpress-content\">\n<div class=\"wordpress-content\">\n<div class=\"wordpress-content\">\n<div class=\"wordpress-content\">\n<div class=\"wordpress-content\">\n<div class=\"wordpress-content\">\n<div class=\"wordpress-content\">\n<div class=\"wordpress-content\">\n<div class=\"wordpress-content\">\n<div class=\"wordpress-content\">\n<div class=\"wordpress-content\">\n<div class=\"wordpress-content\">\n<div class=\"wordpress-content\">\n<div class=\"wordpress-content\">\n<div class=\"wordpress-content\">\n<div class=\"wordpress-content\">\n<div class=\"wordpress-content\">\n<div class=\"wordpress-content\">\n<div class=\"wordpress-content\">\n<div class=\"wordpress-content\">\n<div class=\"wordpress-content\">\n<div class=\"wordpress-content\">\n<div class=\"wordpress-content\">\n<div class=\"wordpress-content\">\n<div class=\"wordpress-content\">\n<div class=\"wordpress-content\">\n<div class=\"wordpress-content\">\n<div class=\"wordpress-content\">\n<div class=\"wordpress-content\">\n<div class=\"wordpress-content\">\n<div class=\"wordpress-content\">\n<div class=\"wordpress-content\">\n<p>F\u00f8lg med for de siste nyhetene om Europa og Norge.<\/p>\n<\/div>\n<\/div>\n<\/div>\n<\/div>\n<\/div>\n<\/div>\n<\/div>\n<\/div>\n<\/div>\n<\/div>\n<\/div>\n<\/div>\n<\/div>\n<\/div>\n<\/div>\n<\/div>\n<\/div>\n<\/div>\n<\/div>\n<\/div>\n<\/div>\n<\/div>\n<\/div>\n<\/div>\n<\/div>\n<\/div>\n<\/div>\n<\/div>\n<\/div>\n<\/div>\n<\/div>\n<\/div>\n<\/div>\n<div class=\"wordpress-content\">\n<div class=\"wordpress-content\">\n<div class=\"wordpress-content\">\n<div class=\"wordpress-content\">\n<div class=\"wordpress-content\">\n<div class=\"wordpress-content\">\n<div class=\"wordpress-content\">\n<div class=\"wordpress-content\">\n<div class=\"wordpress-content\">\n<div class=\"wordpress-content\">\n<div class=\"wordpress-content\">\n<div class=\"wordpress-content\">\n<div class=\"wordpress-content\">\n<div class=\"wordpress-content\">\n<div class=\"wordpress-content\">\n<div class=\"wordpress-content\">\n<div class=\"wordpress-content\">\n<div class=\"wordpress-content\">\n<div class=\"wordpress-content\">\n<div class=\"wordpress-content\">\n<div class=\"wordpress-content\">\n<div class=\"wordpress-content\">\n<div class=\"wordpress-content\">\n<div class=\"wordpress-content\">\n<div class=\"wordpress-content\">\n<div class=\"wordpress-content\">\n<div class=\"wordpress-content\">\n<div class=\"wordpress-content\">\n<div class=\"wordpress-content\">\n<div class=\"wordpress-content\">\n<div class=\"wordpress-content\">\n<div class=\"wordpress-content\">\n<p>F\u00f8lg med for de siste nyhetene om Europa og Norge.<\/p>\n<\/div>\n<\/div>\n<\/div>\n<\/div>\n<\/div>\n<\/div>\n<\/div>\n<\/div>\n<\/div>\n<\/div>\n<\/div>\n<\/div>\n<\/div>\n<\/div>\n<\/div>\n<\/div>\n<\/div>\n<\/div>\n<\/div>\n<\/div>\n<\/div>\n<\/div>\n<\/div>\n<\/div>\n<\/div>\n<\/div>\n<\/div>\n<\/div>\n<\/div>\n<\/div>\n<\/div>\n<\/div>\n<div class=\"wordpress-content\">\n<div class=\"wordpress-content\">\n<div class=\"wordpress-content\">\n<div class=\"wordpress-content\">\n<div class=\"wordpress-content\">\n<div class=\"wordpress-content\">\n<div class=\"wordpress-content\">\n<div class=\"wordpress-content\">\n<div class=\"wordpress-content\">\n<div class=\"wordpress-content\">\n<div class=\"wordpress-content\">\n<div class=\"wordpress-content\">\n<div class=\"wordpress-content\">\n<div class=\"wordpress-content\">\n<div class=\"wordpress-content\">\n<div class=\"wordpress-content\">\n<div class=\"wordpress-content\">\n<div class=\"wordpress-content\">\n<div class=\"wordpress-content\">\n<div class=\"wordpress-content\">\n<div class=\"wordpress-content\">\n<div class=\"wordpress-content\">\n<div class=\"wordpress-content\">\n<div class=\"wordpress-content\">\n<div class=\"wordpress-content\">\n<div class=\"wordpress-content\">\n<div class=\"wordpress-content\">\n<div class=\"wordpress-content\">\n<div class=\"wordpress-content\">\n<div class=\"wordpress-content\">\n<div class=\"wordpress-content\">\n<p>F\u00f8lg med for de siste nyhetene om Europa og Norge.<\/p>\n<\/div>\n<\/div>\n<\/div>\n<\/div>\n<\/div>\n<\/div>\n<\/div>\n<\/div>\n<\/div>\n<\/div>\n<\/div>\n<\/div>\n<\/div>\n<\/div>\n<\/div>\n<\/div>\n<\/div>\n<\/div>\n<\/div>\n<\/div>\n<\/div>\n<\/div>\n<\/div>\n<\/div>\n<\/div>\n<\/div>\n<\/div>\n<\/div>\n<\/div>\n<\/div>\n<\/div>\n<div class=\"wordpress-content\">\n<div class=\"wordpress-content\">\n<div class=\"wordpress-content\">\n<div class=\"wordpress-content\">\n<div class=\"wordpress-content\">\n<div class=\"wordpress-content\">\n<div class=\"wordpress-content\">\n<div class=\"wordpress-content\">\n<div class=\"wordpress-content\">\n<div class=\"wordpress-content\">\n<div class=\"wordpress-content\">\n<div class=\"wordpress-content\">\n<div class=\"wordpress-content\">\n<div class=\"wordpress-content\">\n<div class=\"wordpress-content\">\n<div class=\"wordpress-content\">\n<div class=\"wordpress-content\">\n<div class=\"wordpress-content\">\n<div class=\"wordpress-content\">\n<div class=\"wordpress-content\">\n<div class=\"wordpress-content\">\n<div class=\"wordpress-content\">\n<div class=\"wordpress-content\">\n<div class=\"wordpress-content\">\n<div class=\"wordpress-content\">\n<div class=\"wordpress-content\">\n<div class=\"wordpress-content\">\n<div class=\"wordpress-content\">\n<div class=\"wordpress-content\">\n<div class=\"wordpress-content\">\n<p>F\u00f8lg med for de siste nyhetene om Europa og Norge.<\/p>\n<\/div>\n<\/div>\n<\/div>\n<\/div>\n<\/div>\n<\/div>\n<\/div>\n<\/div>\n<\/div>\n<\/div>\n<\/div>\n<\/div>\n<\/div>\n<\/div>\n<\/div>\n<\/div>\n<\/div>\n<\/div>\n<\/div>\n<\/div>\n<\/div>\n<\/div>\n<\/div>\n<\/div>\n<\/div>\n<\/div>\n<\/div>\n<\/div>\n<\/div>\n<\/div>\n<div class=\"wordpress-content\">\n<div class=\"wordpress-content\">\n<div class=\"wordpress-content\">\n<div class=\"wordpress-content\">\n<div class=\"wordpress-content\">\n<div class=\"wordpress-content\">\n<div class=\"wordpress-content\">\n<div class=\"wordpress-content\">\n<div class=\"wordpress-content\">\n<div class=\"wordpress-content\">\n<div class=\"wordpress-content\">\n<div class=\"wordpress-content\">\n<div class=\"wordpress-content\">\n<div class=\"wordpress-content\">\n<div class=\"wordpress-content\">\n<div class=\"wordpress-content\">\n<div class=\"wordpress-content\">\n<div class=\"wordpress-content\">\n<div class=\"wordpress-content\">\n<div class=\"wordpress-content\">\n<div class=\"wordpress-content\">\n<div class=\"wordpress-content\">\n<div class=\"wordpress-content\">\n<div class=\"wordpress-content\">\n<div class=\"wordpress-content\">\n<div class=\"wordpress-content\">\n<div class=\"wordpress-content\">\n<div class=\"wordpress-content\">\n<div class=\"wordpress-content\">\n<p>F\u00f8lg med for de siste nyhetene om Europa og Norge.<\/p>\n<\/div>\n<\/div>\n<\/div>\n<\/div>\n<\/div>\n<\/div>\n<\/div>\n<\/div>\n<\/div>\n<\/div>\n<\/div>\n<\/div>\n<\/div>\n<\/div>\n<\/div>\n<\/div>\n<\/div>\n<\/div>\n<\/div>\n<\/div>\n<\/div>\n<\/div>\n<\/div>\n<\/div>\n<\/div>\n<\/div>\n<\/div>\n<\/div>\n<\/div>\n<div class=\"wordpress-content\">\n<div class=\"wordpress-content\">\n<div class=\"wordpress-content\">\n<div class=\"wordpress-content\">\n<div class=\"wordpress-content\">\n<div class=\"wordpress-content\">\n<div class=\"wordpress-content\">\n<div class=\"wordpress-content\">\n<div class=\"wordpress-content\">\n<div class=\"wordpress-content\">\n<div class=\"wordpress-content\">\n<div class=\"wordpress-content\">\n<div class=\"wordpress-content\">\n<div class=\"wordpress-content\">\n<div class=\"wordpress-content\">\n<div class=\"wordpress-content\">\n<div class=\"wordpress-content\">\n<div class=\"wordpress-content\">\n<div class=\"wordpress-content\">\n<div class=\"wordpress-content\">\n<div class=\"wordpress-content\">\n<div class=\"wordpress-content\">\n<div class=\"wordpress-content\">\n<div class=\"wordpress-content\">\n<div class=\"wordpress-content\">\n<div class=\"wordpress-content\">\n<div class=\"wordpress-content\">\n<div class=\"wordpress-content\">\n<p>F\u00f8lg med for de siste nyhetene om Europa og Norge.<\/p>\n<\/div>\n<\/div>\n<\/div>\n<\/div>\n<\/div>\n<\/div>\n<\/div>\n<\/div>\n<\/div>\n<\/div>\n<\/div>\n<\/div>\n<\/div>\n<\/div>\n<\/div>\n<\/div>\n<\/div>\n<\/div>\n<\/div>\n<\/div>\n<\/div>\n<\/div>\n<\/div>\n<\/div>\n<\/div>\n<\/div>\n<\/div>\n<\/div>\n<div class=\"wordpress-content\">\n<div class=\"wordpress-content\">\n<div class=\"wordpress-content\">\n<div class=\"wordpress-content\">\n<div class=\"wordpress-content\">\n<div class=\"wordpress-content\">\n<div class=\"wordpress-content\">\n<div class=\"wordpress-content\">\n<div class=\"wordpress-content\">\n<div class=\"wordpress-content\">\n<div class=\"wordpress-content\">\n<div class=\"wordpress-content\">\n<div class=\"wordpress-content\">\n<div class=\"wordpress-content\">\n<div class=\"wordpress-content\">\n<div class=\"wordpress-content\">\n<div class=\"wordpress-content\">\n<div class=\"wordpress-content\">\n<div class=\"wordpress-content\">\n<div class=\"wordpress-content\">\n<div class=\"wordpress-content\">\n<div class=\"wordpress-content\">\n<div class=\"wordpress-content\">\n<div class=\"wordpress-content\">\n<div class=\"wordpress-content\">\n<div class=\"wordpress-content\">\n<div class=\"wordpress-content\">\n<p>F\u00f8lg med for de siste nyhetene om Europa og Norge.<\/p>\n<\/div>\n<\/div>\n<\/div>\n<\/div>\n<\/div>\n<\/div>\n<\/div>\n<\/div>\n<\/div>\n<\/div>\n<\/div>\n<\/div>\n<\/div>\n<\/div>\n<\/div>\n<\/div>\n<\/div>\n<\/div>\n<\/div>\n<\/div>\n<\/div>\n<\/div>\n<\/div>\n<\/div>\n<\/div>\n<\/div>\n<\/div>\n<div class=\"wordpress-content\">\n<div class=\"wordpress-content\">\n<div class=\"wordpress-content\">\n<div class=\"wordpress-content\">\n<div class=\"wordpress-content\">\n<div class=\"wordpress-content\">\n<div class=\"wordpress-content\">\n<div class=\"wordpress-content\">\n<div class=\"wordpress-content\">\n<div class=\"wordpress-content\">\n<div class=\"wordpress-content\">\n<div class=\"wordpress-content\">\n<div class=\"wordpress-content\">\n<div class=\"wordpress-content\">\n<div class=\"wordpress-content\">\n<div class=\"wordpress-content\">\n<div class=\"wordpress-content\">\n<div class=\"wordpress-content\">\n<div class=\"wordpress-content\">\n<div class=\"wordpress-content\">\n<div class=\"wordpress-content\">\n<div class=\"wordpress-content\">\n<div class=\"wordpress-content\">\n<div class=\"wordpress-content\">\n<div class=\"wordpress-content\">\n<div class=\"wordpress-content\">\n<p>F\u00f8lg med for de siste nyhetene om Europa og Norge.<\/p>\n<\/div>\n<\/div>\n<\/div>\n<\/div>\n<\/div>\n<\/div>\n<\/div>\n<\/div>\n<\/div>\n<\/div>\n<\/div>\n<\/div>\n<\/div>\n<\/div>\n<\/div>\n<\/div>\n<\/div>\n<\/div>\n<\/div>\n<\/div>\n<\/div>\n<\/div>\n<\/div>\n<\/div>\n<\/div>\n<\/div>\n<div class=\"wordpress-content\">\n<div class=\"wordpress-content\">\n<div class=\"wordpress-content\">\n<div class=\"wordpress-content\">\n<div class=\"wordpress-content\">\n<div class=\"wordpress-content\">\n<div class=\"wordpress-content\">\n<div class=\"wordpress-content\">\n<div class=\"wordpress-content\">\n<div class=\"wordpress-content\">\n<div class=\"wordpress-content\">\n<div class=\"wordpress-content\">\n<div class=\"wordpress-content\">\n<div class=\"wordpress-content\">\n<div class=\"wordpress-content\">\n<div class=\"wordpress-content\">\n<div class=\"wordpress-content\">\n<div class=\"wordpress-content\">\n<div class=\"wordpress-content\">\n<div class=\"wordpress-content\">\n<div class=\"wordpress-content\">\n<div class=\"wordpress-content\">\n<div class=\"wordpress-content\">\n<div class=\"wordpress-content\">\n<div class=\"wordpress-content\">\n<p>F\u00f8lg med for de siste nyhetene om Europa og Norge.<\/p>\n<\/div>\n<\/div>\n<\/div>\n<\/div>\n<\/div>\n<\/div>\n<\/div>\n<\/div>\n<\/div>\n<\/div>\n<\/div>\n<\/div>\n<\/div>\n<\/div>\n<\/div>\n<\/div>\n<\/div>\n<\/div>\n<\/div>\n<\/div>\n<\/div>\n<\/div>\n<\/div>\n<\/div>\n<\/div>\n<div class=\"wordpress-content\">\n<div class=\"wordpress-content\">\n<div class=\"wordpress-content\">\n<div class=\"wordpress-content\">\n<div class=\"wordpress-content\">\n<div class=\"wordpress-content\">\n<div class=\"wordpress-content\">\n<div class=\"wordpress-content\">\n<div class=\"wordpress-content\">\n<div class=\"wordpress-content\">\n<div class=\"wordpress-content\">\n<div class=\"wordpress-content\">\n<div class=\"wordpress-content\">\n<div class=\"wordpress-content\">\n<div class=\"wordpress-content\">\n<div class=\"wordpress-content\">\n<div class=\"wordpress-content\">\n<div class=\"wordpress-content\">\n<div class=\"wordpress-content\">\n<div class=\"wordpress-content\">\n<div class=\"wordpress-content\">\n<div class=\"wordpress-content\">\n<div class=\"wordpress-content\">\n<div class=\"wordpress-content\">\n<p>F\u00f8lg med for de siste nyhetene om Europa og Norge.<\/p>\n<\/div>\n<\/div>\n<\/div>\n<\/div>\n<\/div>\n<\/div>\n<\/div>\n<\/div>\n<\/div>\n<\/div>\n<\/div>\n<\/div>\n<\/div>\n<\/div>\n<\/div>\n<\/div>\n<\/div>\n<\/div>\n<\/div>\n<\/div>\n<\/div>\n<\/div>\n<\/div>\n<\/div>\n<div class=\"wordpress-content\">\n<div class=\"wordpress-content\">\n<div class=\"wordpress-content\">\n<div class=\"wordpress-content\">\n<div class=\"wordpress-content\">\n<div class=\"wordpress-content\">\n<div class=\"wordpress-content\">\n<div class=\"wordpress-content\">\n<div class=\"wordpress-content\">\n<div class=\"wordpress-content\">\n<div class=\"wordpress-content\">\n<div class=\"wordpress-content\">\n<div class=\"wordpress-content\">\n<div class=\"wordpress-content\">\n<div class=\"wordpress-content\">\n<div class=\"wordpress-content\">\n<div class=\"wordpress-content\">\n<div class=\"wordpress-content\">\n<div class=\"wordpress-content\">\n<div class=\"wordpress-content\">\n<div class=\"wordpress-content\">\n<div class=\"wordpress-content\">\n<div class=\"wordpress-content\">\n<p>F\u00f8lg med for de siste nyhetene om Europa og Norge.<\/p>\n<\/div>\n<\/div>\n<\/div>\n<\/div>\n<\/div>\n<\/div>\n<\/div>\n<\/div>\n<\/div>\n<\/div>\n<\/div>\n<\/div>\n<\/div>\n<\/div>\n<\/div>\n<\/div>\n<\/div>\n<\/div>\n<\/div>\n<\/div>\n<\/div>\n<\/div>\n<\/div>\n<div class=\"wordpress-content\">\n<div class=\"wordpress-content\">\n<div class=\"wordpress-content\">\n<div class=\"wordpress-content\">\n<div class=\"wordpress-content\">\n<div class=\"wordpress-content\">\n<div class=\"wordpress-content\">\n<div class=\"wordpress-content\">\n<div class=\"wordpress-content\">\n<div class=\"wordpress-content\">\n<div class=\"wordpress-content\">\n<div class=\"wordpress-content\">\n<div class=\"wordpress-content\">\n<div class=\"wordpress-content\">\n<div class=\"wordpress-content\">\n<div class=\"wordpress-content\">\n<div class=\"wordpress-content\">\n<div class=\"wordpress-content\">\n<div class=\"wordpress-content\">\n<div class=\"wordpress-content\">\n<div class=\"wordpress-content\">\n<div class=\"wordpress-content\">\n<p>F\u00f8lg med for de siste nyhetene om Europa og Norge.<\/p>\n<\/div>\n<\/div>\n<\/div>\n<\/div>\n<\/div>\n<\/div>\n<\/div>\n<\/div>\n<\/div>\n<\/div>\n<\/div>\n<\/div>\n<\/div>\n<\/div>\n<\/div>\n<\/div>\n<\/div>\n<\/div>\n<\/div>\n<\/div>\n<\/div>\n<\/div>\n<div class=\"wordpress-content\">\n<div class=\"wordpress-content\">\n<div class=\"wordpress-content\">\n<div class=\"wordpress-content\">\n<div class=\"wordpress-content\">\n<div class=\"wordpress-content\">\n<div class=\"wordpress-content\">\n<div class=\"wordpress-content\">\n<div class=\"wordpress-content\">\n<div class=\"wordpress-content\">\n<div class=\"wordpress-content\">\n<div class=\"wordpress-content\">\n<div class=\"wordpress-content\">\n<div class=\"wordpress-content\">\n<div class=\"wordpress-content\">\n<div class=\"wordpress-content\">\n<div class=\"wordpress-content\">\n<div class=\"wordpress-content\">\n<div class=\"wordpress-content\">\n<div class=\"wordpress-content\">\n<div class=\"wordpress-content\">\n<p>F\u00f8lg med for de siste nyhetene om Europa og Norge.<\/p>\n<\/div>\n<\/div>\n<\/div>\n<\/div>\n<\/div>\n<\/div>\n<\/div>\n<\/div>\n<\/div>\n<\/div>\n<\/div>\n<\/div>\n<\/div>\n<\/div>\n<\/div>\n<\/div>\n<\/div>\n<\/div>\n<\/div>\n<\/div>\n<\/div>\n<div class=\"wordpress-content\">\n<div class=\"wordpress-content\">\n<div class=\"wordpress-content\">\n<div class=\"wordpress-content\">\n<div class=\"wordpress-content\">\n<div class=\"wordpress-content\">\n<div class=\"wordpress-content\">\n<div class=\"wordpress-content\">\n<div class=\"wordpress-content\">\n<div class=\"wordpress-content\">\n<div class=\"wordpress-content\">\n<div class=\"wordpress-content\">\n<div class=\"wordpress-content\">\n<div class=\"wordpress-content\">\n<div class=\"wordpress-content\">\n<div class=\"wordpress-content\">\n<div class=\"wordpress-content\">\n<div class=\"wordpress-content\">\n<div class=\"wordpress-content\">\n<div class=\"wordpress-content\">\n<p>F\u00f8lg med for de siste nyhetene om Europa og Norge.<\/p>\n<\/div>\n<\/div>\n<\/div>\n<\/div>\n<\/div>\n<\/div>\n<\/div>\n<\/div>\n<\/div>\n<\/div>\n<\/div>\n<\/div>\n<\/div>\n<\/div>\n<\/div>\n<\/div>\n<\/div>\n<\/div>\n<\/div>\n<\/div>\n<div class=\"wordpress-content\">\n<div class=\"wordpress-content\">\n<div class=\"wordpress-content\">\n<div class=\"wordpress-content\">\n<div class=\"wordpress-content\">\n<div class=\"wordpress-content\">\n<div class=\"wordpress-content\">\n<div class=\"wordpress-content\">\n<div class=\"wordpress-content\">\n<div class=\"wordpress-content\">\n<div class=\"wordpress-content\">\n<div class=\"wordpress-content\">\n<div class=\"wordpress-content\">\n<div class=\"wordpress-content\">\n<div class=\"wordpress-content\">\n<div class=\"wordpress-content\">\n<div class=\"wordpress-content\">\n<div class=\"wordpress-content\">\n<div class=\"wordpress-content\">\n<p>F\u00f8lg med for de siste nyhetene om Europa og Norge.<\/p>\n<\/div>\n<\/div>\n<\/div>\n<\/div>\n<\/div>\n<\/div>\n<\/div>\n<\/div>\n<\/div>\n<\/div>\n<\/div>\n<\/div>\n<\/div>\n<\/div>\n<\/div>\n<\/div>\n<\/div>\n<\/div>\n<\/div>\n<div class=\"wordpress-content\">\n<div class=\"wordpress-content\">\n<div class=\"wordpress-content\">\n<div class=\"wordpress-content\">\n<div class=\"wordpress-content\">\n<div class=\"wordpress-content\">\n<div class=\"wordpress-content\">\n<div class=\"wordpress-content\">\n<div class=\"wordpress-content\">\n<div class=\"wordpress-content\">\n<div class=\"wordpress-content\">\n<div class=\"wordpress-content\">\n<div class=\"wordpress-content\">\n<div class=\"wordpress-content\">\n<div class=\"wordpress-content\">\n<div class=\"wordpress-content\">\n<div class=\"wordpress-content\">\n<div class=\"wordpress-content\">\n<p>F\u00f8lg med for de siste nyhetene om Europa og Norge.<\/p>\n<\/div>\n<\/div>\n<\/div>\n<\/div>\n<\/div>\n<\/div>\n<\/div>\n<\/div>\n<\/div>\n<\/div>\n<\/div>\n<\/div>\n<\/div>\n<\/div>\n<\/div>\n<\/div>\n<\/div>\n<\/div>\n<div class=\"wordpress-content\">\n<div class=\"wordpress-content\">\n<div class=\"wordpress-content\">\n<div class=\"wordpress-content\">\n<div class=\"wordpress-content\">\n<div class=\"wordpress-content\">\n<div class=\"wordpress-content\">\n<div class=\"wordpress-content\">\n<div class=\"wordpress-content\">\n<div class=\"wordpress-content\">\n<div class=\"wordpress-content\">\n<div class=\"wordpress-content\">\n<div class=\"wordpress-content\">\n<div class=\"wordpress-content\">\n<div class=\"wordpress-content\">\n<div class=\"wordpress-content\">\n<div class=\"wordpress-content\">\n<p>F\u00f8lg med for de siste nyhetene om Europa og Norge.<\/p>\n<\/div>\n<\/div>\n<\/div>\n<\/div>\n<\/div>\n<\/div>\n<\/div>\n<\/div>\n<\/div>\n<\/div>\n<\/div>\n<\/div>\n<\/div>\n<\/div>\n<\/div>\n<\/div>\n<\/div>\n<div class=\"wordpress-content\">\n<div class=\"wordpress-content\">\n<div class=\"wordpress-content\">\n<div class=\"wordpress-content\">\n<div class=\"wordpress-content\">\n<div class=\"wordpress-content\">\n<div class=\"wordpress-content\">\n<div class=\"wordpress-content\">\n<div class=\"wordpress-content\">\n<div class=\"wordpress-content\">\n<div class=\"wordpress-content\">\n<div class=\"wordpress-content\">\n<div class=\"wordpress-content\">\n<div class=\"wordpress-content\">\n<div class=\"wordpress-content\">\n<div class=\"wordpress-content\">\n<p>F\u00f8lg med for de siste nyhetene om Europa og Norge.<\/p>\n<\/div>\n<\/div>\n<\/div>\n<\/div>\n<\/div>\n<\/div>\n<\/div>\n<\/div>\n<\/div>\n<\/div>\n<\/div>\n<\/div>\n<\/div>\n<\/div>\n<\/div>\n<\/div>\n<div class=\"wordpress-content\">\n<div class=\"wordpress-content\">\n<div class=\"wordpress-content\">\n<div class=\"wordpress-content\">\n<div class=\"wordpress-content\">\n<div class=\"wordpress-content\">\n<div class=\"wordpress-content\">\n<div class=\"wordpress-content\">\n<div class=\"wordpress-content\">\n<div class=\"wordpress-content\">\n<div class=\"wordpress-content\">\n<div class=\"wordpress-content\">\n<div class=\"wordpress-content\">\n<div class=\"wordpress-content\">\n<div class=\"wordpress-content\">\n<p>F\u00f8lg med for de siste nyhetene om Europa og Norge.<\/p>\n<\/div>\n<\/div>\n<\/div>\n<\/div>\n<\/div>\n<\/div>\n<\/div>\n<\/div>\n<\/div>\n<\/div>\n<\/div>\n<\/div>\n<\/div>\n<\/div>\n<\/div>\n<div class=\"wordpress-content\">\n<div class=\"wordpress-content\">\n<div class=\"wordpress-content\">\n<div class=\"wordpress-content\">\n<div class=\"wordpress-content\">\n<div class=\"wordpress-content\">\n<div class=\"wordpress-content\">\n<div class=\"wordpress-content\">\n<div class=\"wordpress-content\">\n<div class=\"wordpress-content\">\n<div class=\"wordpress-content\">\n<div class=\"wordpress-content\">\n<div class=\"wordpress-content\">\n<div class=\"wordpress-content\">\n<p>F\u00f8lg med for de siste nyhetene om Europa og Norge.<\/p>\n<\/div>\n<\/div>\n<\/div>\n<\/div>\n<\/div>\n<\/div>\n<\/div>\n<\/div>\n<\/div>\n<\/div>\n<\/div>\n<\/div>\n<\/div>\n<\/div>\n<div class=\"wordpress-content\">\n<div class=\"wordpress-content\">\n<div class=\"wordpress-content\">\n<div class=\"wordpress-content\">\n<div class=\"wordpress-content\">\n<div class=\"wordpress-content\">\n<div class=\"wordpress-content\">\n<div class=\"wordpress-content\">\n<div class=\"wordpress-content\">\n<div class=\"wordpress-content\">\n<div class=\"wordpress-content\">\n<div class=\"wordpress-content\">\n<div class=\"wordpress-content\">\n<p>F\u00f8lg med for de siste nyhetene om Europa og Norge.<\/p>\n<\/div>\n<\/div>\n<\/div>\n<\/div>\n<\/div>\n<\/div>\n<\/div>\n<\/div>\n<\/div>\n<\/div>\n<\/div>\n<\/div>\n<\/div>\n<div class=\"wordpress-content\">\n<div class=\"wordpress-content\">\n<div class=\"wordpress-content\">\n<div class=\"wordpress-content\">\n<div class=\"wordpress-content\">\n<div class=\"wordpress-content\">\n<div class=\"wordpress-content\">\n<div class=\"wordpress-content\">\n<div class=\"wordpress-content\">\n<div class=\"wordpress-content\">\n<div class=\"wordpress-content\">\n<div class=\"wordpress-content\">\n<p>F\u00f8lg med for de siste nyhetene om Europa og Norge.<\/p>\n<\/div>\n<\/div>\n<\/div>\n<\/div>\n<\/div>\n<\/div>\n<\/div>\n<\/div>\n<\/div>\n<\/div>\n<\/div>\n<\/div>\n<div class=\"wordpress-content\">\n<div class=\"wordpress-content\">\n<div class=\"wordpress-content\">\n<div class=\"wordpress-content\">\n<div class=\"wordpress-content\">\n<div class=\"wordpress-content\">\n<div class=\"wordpress-content\">\n<div class=\"wordpress-content\">\n<div class=\"wordpress-content\">\n<div class=\"wordpress-content\">\n<div class=\"wordpress-content\">\n<p>F\u00f8lg med for de siste nyhetene om Europa og Norge.<\/p>\n<\/div>\n<\/div>\n<\/div>\n<\/div>\n<\/div>\n<\/div>\n<\/div>\n<\/div>\n<\/div>\n<\/div>\n<\/div>\n<div class=\"wordpress-content\">\n<div class=\"wordpress-content\">\n<div class=\"wordpress-content\">\n<div class=\"wordpress-content\">\n<div class=\"wordpress-content\">\n<div class=\"wordpress-content\">\n<div class=\"wordpress-content\">\n<div class=\"wordpress-content\">\n<div class=\"wordpress-content\">\n<div class=\"wordpress-content\">\n<p>F\u00f8lg med for de siste nyhetene om Europa og Norge.<\/p>\n<\/div>\n<\/div>\n<\/div>\n<\/div>\n<\/div>\n<\/div>\n<\/div>\n<\/div>\n<\/div>\n<\/div>\n<div class=\"wordpress-content\">\n<div class=\"wordpress-content\">\n<div class=\"wordpress-content\">\n<div class=\"wordpress-content\">\n<div class=\"wordpress-content\">\n<div class=\"wordpress-content\">\n<div class=\"wordpress-content\">\n<div class=\"wordpress-content\">\n<div class=\"wordpress-content\">\n<p>F\u00f8lg med for de siste nyhetene om Europa og Norge.<\/p>\n<\/div>\n<\/div>\n<\/div>\n<\/div>\n<\/div>\n<\/div>\n<\/div>\n<\/div>\n<\/div>\n<div class=\"wordpress-content\">\n<div class=\"wordpress-content\">\n<div class=\"wordpress-content\">\n<div class=\"wordpress-content\">\n<div class=\"wordpress-content\">\n<div class=\"wordpress-content\">\n<div class=\"wordpress-content\">\n<div class=\"wordpress-content\">\n<p>F\u00f8lg med for de siste nyhetene om Europa og Norge.<\/p>\n<\/div>\n<\/div>\n<\/div>\n<\/div>\n<\/div>\n<\/div>\n<\/div>\n<\/div>\n<div class=\"wordpress-content\">\n<div class=\"wordpress-content\">\n<div class=\"wordpress-content\">\n<div class=\"wordpress-content\">\n<div class=\"wordpress-content\">\n<div class=\"wordpress-content\">\n<div class=\"wordpress-content\">\n<p>F\u00f8lg med for de siste nyhetene om Europa og Norge.<\/p>\n<\/div>\n<\/div>\n<\/div>\n<\/div>\n<\/div>\n<\/div>\n<\/div>\n<div class=\"wordpress-content\">\n<div class=\"wordpress-content\">\n<div class=\"wordpress-content\">\n<div class=\"wordpress-content\">\n<div class=\"wordpress-content\">\n<div class=\"wordpress-content\">\n<p>F\u00f8lg med for de siste nyhetene om Europa og Norge.<\/p>\n<\/div>\n<\/div>\n<\/div>\n<\/div>\n<\/div>\n<\/div>\n<div class=\"wordpress-content\">\n<div class=\"wordpress-content\">\n<div class=\"wordpress-content\">\n<div class=\"wordpress-content\">\n<div class=\"wordpress-content\">\n<p>F\u00f8lg med for de siste nyhetene om Europa og Norge.<\/p>\n<\/div>\n<\/div>\n<\/div>\n<\/div>\n<\/div>\n<div class=\"wordpress-content\">\n<div class=\"wordpress-content\">\n<div class=\"wordpress-content\">\n<div class=\"wordpress-content\">\n<p>F\u00f8lg med for de siste nyhetene om Europa og Norge.<\/p>\n<\/div>\n<\/div>\n<\/div>\n<\/div>\n<div class=\"wordpress-content\">\n<div class=\"wordpress-content\">\n<div class=\"wordpress-content\">\n<p>F\u00f8lg med for de siste nyhetene om Europa og Norge.<\/p>\n<\/div>\n<\/div>\n<\/div>\n<div class=\"wordpress-content\">\n<div class=\"wordpress-content\">\n<p>F\u00f8lg med for de siste nyhetene om Europa og Norge.<\/p>\n<\/div>\n<\/div>\n<div class=\"wordpress-content\">\n<p>F\u00f8lg med for de siste nyhetene om Europa og Norge.<\/p>\n<\/div>\n","protected":false},"excerpt":{"rendered":"<p>Den norske fotografen Solve Sundsbo har brakt elementene inn i studioet for Pirelli -kalenderen i<\/p>\n","protected":false},"author":1,"featured_media":8160,"comment_status":"closed","ping_status":"open","sticky":false,"template":"","format":"standard","meta":{"footnotes":""},"categories":[22],"tags":[67,125,677,5345,4551,81,4718,5346,117,3731,5344],"class_list":["post-8159","post","type-post","status-publish","format-standard","has-post-thumbnail","hentry","category-nasjonal","tag-forste","tag-fra","tag-gang","tag-irina","tag-kalenderen","tag-pa","tag-pirelli","tag-shayk","tag-til","tag-venus","tag-williams","generate-columns","tablet-grid-50","mobile-grid-100","grid-parent","grid-33"],"yoast_head":"<!-- This site is optimized with the Yoast SEO plugin v24.4 - https:\/\/yoast.com\/wordpress\/plugins\/seo\/ -->\n<title>Fra Venus Williams til Irina Shayk - se f\u00f8rste gang p\u00e5 Pirelli -kalenderen i 2026 - Nordnesrepublikken<\/title>\n<meta name=\"robots\" content=\"index, follow, max-snippet:-1, max-image-preview:large, max-video-preview:-1\" \/>\n<link rel=\"canonical\" href=\"https:\/\/nordnesrepublikken.no\/index.php\/2025\/08\/12\/fra-venus-williams-til-irina-shayk-se-forste-gang-pa-pirelli-kalenderen-i-2026\/\" \/>\n<meta property=\"og:locale\" content=\"nb_NO\" \/>\n<meta property=\"og:type\" content=\"article\" \/>\n<meta property=\"og:title\" content=\"Fra Venus Williams til Irina Shayk - se f\u00f8rste gang p\u00e5 Pirelli -kalenderen i 2026 - Nordnesrepublikken\" \/>\n<meta property=\"og:description\" content=\"Den norske fotografen Solve Sundsbo har brakt elementene inn i studioet for Pirelli -kalenderen i\" \/>\n<meta property=\"og:url\" content=\"https:\/\/nordnesrepublikken.no\/index.php\/2025\/08\/12\/fra-venus-williams-til-irina-shayk-se-forste-gang-pa-pirelli-kalenderen-i-2026\/\" \/>\n<meta property=\"og:site_name\" content=\"Nordnesrepublikken\" \/>\n<meta property=\"article:published_time\" content=\"2025-08-11T22:49:38+00:00\" \/>\n<meta property=\"article:modified_time\" content=\"2025-08-11T22:49:39+00:00\" \/>\n<meta property=\"og:image\" content=\"https:\/\/nordnesrepublikken.no\/wp-content\/uploads\/2025\/08\/1754952578_Fra-Venus-Williams-til-Irina-Shayk-se-forste-gang.jpg\" \/>\n\t<meta property=\"og:image:width\" content=\"1200\" \/>\n\t<meta property=\"og:image:height\" content=\"750\" \/>\n\t<meta property=\"og:image:type\" content=\"image\/jpeg\" \/>\n<meta name=\"author\" content=\"Ole Andersen\" \/>\n<meta name=\"twitter:card\" content=\"summary_large_image\" \/>\n<meta name=\"twitter:label1\" content=\"Skrevet av\" \/>\n\t<meta name=\"twitter:data1\" content=\"Ole Andersen\" \/>\n\t<meta name=\"twitter:label2\" content=\"Ansl. lesetid\" \/>\n\t<meta name=\"twitter:data2\" content=\"5 minutter\" \/>\n<script type=\"application\/ld+json\" class=\"yoast-schema-graph\">{\"@context\":\"https:\/\/schema.org\",\"@graph\":[{\"@type\":\"Article\",\"@id\":\"https:\/\/nordnesrepublikken.no\/index.php\/2025\/08\/12\/fra-venus-williams-til-irina-shayk-se-forste-gang-pa-pirelli-kalenderen-i-2026\/#article\",\"isPartOf\":{\"@id\":\"https:\/\/nordnesrepublikken.no\/index.php\/2025\/08\/12\/fra-venus-williams-til-irina-shayk-se-forste-gang-pa-pirelli-kalenderen-i-2026\/\"},\"author\":{\"name\":\"Ole Andersen\",\"@id\":\"https:\/\/nordnesrepublikken.no\/#\/schema\/person\/2e7e81935bab77882fffb79296240ff1\"},\"headline\":\"Fra Venus Williams til Irina Shayk &#8211; se f\u00f8rste gang p\u00e5 Pirelli -kalenderen i 2026\",\"datePublished\":\"2025-08-11T22:49:38+00:00\",\"dateModified\":\"2025-08-11T22:49:39+00:00\",\"mainEntityOfPage\":{\"@id\":\"https:\/\/nordnesrepublikken.no\/index.php\/2025\/08\/12\/fra-venus-williams-til-irina-shayk-se-forste-gang-pa-pirelli-kalenderen-i-2026\/\"},\"wordCount\":934,\"publisher\":{\"@id\":\"https:\/\/nordnesrepublikken.no\/#organization\"},\"image\":{\"@id\":\"https:\/\/nordnesrepublikken.no\/index.php\/2025\/08\/12\/fra-venus-williams-til-irina-shayk-se-forste-gang-pa-pirelli-kalenderen-i-2026\/#primaryimage\"},\"thumbnailUrl\":\"https:\/\/nordnesrepublikken.no\/wp-content\/uploads\/2025\/08\/1754952578_Fra-Venus-Williams-til-Irina-Shayk-se-forste-gang.jpg\",\"keywords\":[\"f\u00f8rste\",\"fra\",\"gang\",\"Irina\",\"kalenderen\",\"p\u00e5\",\"Pirelli\",\"Shayk\",\"til\",\"Venus\",\"Williams\"],\"articleSection\":[\"Nasjonal\"],\"inLanguage\":\"nb-NO\"},{\"@type\":\"WebPage\",\"@id\":\"https:\/\/nordnesrepublikken.no\/index.php\/2025\/08\/12\/fra-venus-williams-til-irina-shayk-se-forste-gang-pa-pirelli-kalenderen-i-2026\/\",\"url\":\"https:\/\/nordnesrepublikken.no\/index.php\/2025\/08\/12\/fra-venus-williams-til-irina-shayk-se-forste-gang-pa-pirelli-kalenderen-i-2026\/\",\"name\":\"Fra Venus Williams til Irina Shayk - se f\u00f8rste gang p\u00e5 Pirelli -kalenderen i 2026 - Nordnesrepublikken\",\"isPartOf\":{\"@id\":\"https:\/\/nordnesrepublikken.no\/#website\"},\"primaryImageOfPage\":{\"@id\":\"https:\/\/nordnesrepublikken.no\/index.php\/2025\/08\/12\/fra-venus-williams-til-irina-shayk-se-forste-gang-pa-pirelli-kalenderen-i-2026\/#primaryimage\"},\"image\":{\"@id\":\"https:\/\/nordnesrepublikken.no\/index.php\/2025\/08\/12\/fra-venus-williams-til-irina-shayk-se-forste-gang-pa-pirelli-kalenderen-i-2026\/#primaryimage\"},\"thumbnailUrl\":\"https:\/\/nordnesrepublikken.no\/wp-content\/uploads\/2025\/08\/1754952578_Fra-Venus-Williams-til-Irina-Shayk-se-forste-gang.jpg\",\"datePublished\":\"2025-08-11T22:49:38+00:00\",\"dateModified\":\"2025-08-11T22:49:39+00:00\",\"breadcrumb\":{\"@id\":\"https:\/\/nordnesrepublikken.no\/index.php\/2025\/08\/12\/fra-venus-williams-til-irina-shayk-se-forste-gang-pa-pirelli-kalenderen-i-2026\/#breadcrumb\"},\"inLanguage\":\"nb-NO\",\"potentialAction\":[{\"@type\":\"ReadAction\",\"target\":[\"https:\/\/nordnesrepublikken.no\/index.php\/2025\/08\/12\/fra-venus-williams-til-irina-shayk-se-forste-gang-pa-pirelli-kalenderen-i-2026\/\"]}]},{\"@type\":\"ImageObject\",\"inLanguage\":\"nb-NO\",\"@id\":\"https:\/\/nordnesrepublikken.no\/index.php\/2025\/08\/12\/fra-venus-williams-til-irina-shayk-se-forste-gang-pa-pirelli-kalenderen-i-2026\/#primaryimage\",\"url\":\"https:\/\/nordnesrepublikken.no\/wp-content\/uploads\/2025\/08\/1754952578_Fra-Venus-Williams-til-Irina-Shayk-se-forste-gang.jpg\",\"contentUrl\":\"https:\/\/nordnesrepublikken.no\/wp-content\/uploads\/2025\/08\/1754952578_Fra-Venus-Williams-til-Irina-Shayk-se-forste-gang.jpg\",\"width\":1200,\"height\":750,\"caption\":\"Fra Venus Williams til Irina Shayk - se f\u00f8rste gang p\u00e5 Pirelli -kalenderen i 2026\"},{\"@type\":\"BreadcrumbList\",\"@id\":\"https:\/\/nordnesrepublikken.no\/index.php\/2025\/08\/12\/fra-venus-williams-til-irina-shayk-se-forste-gang-pa-pirelli-kalenderen-i-2026\/#breadcrumb\",\"itemListElement\":[{\"@type\":\"ListItem\",\"position\":1,\"name\":\"Home\",\"item\":\"https:\/\/nordnesrepublikken.no\/\"},{\"@type\":\"ListItem\",\"position\":2,\"name\":\"Fra Venus Williams til Irina Shayk &#8211; se f\u00f8rste gang p\u00e5 Pirelli -kalenderen i 2026\"}]},{\"@type\":\"WebSite\",\"@id\":\"https:\/\/nordnesrepublikken.no\/#website\",\"url\":\"https:\/\/nordnesrepublikken.no\/\",\"name\":\"Nordnesrepublikken\",\"description\":\"Stemmer og Visjoner fra Republikkens Hjerte\",\"publisher\":{\"@id\":\"https:\/\/nordnesrepublikken.no\/#organization\"},\"potentialAction\":[{\"@type\":\"SearchAction\",\"target\":{\"@type\":\"EntryPoint\",\"urlTemplate\":\"https:\/\/nordnesrepublikken.no\/?s={search_term_string}\"},\"query-input\":{\"@type\":\"PropertyValueSpecification\",\"valueRequired\":true,\"valueName\":\"search_term_string\"}}],\"inLanguage\":\"nb-NO\"},{\"@type\":\"Organization\",\"@id\":\"https:\/\/nordnesrepublikken.no\/#organization\",\"name\":\"Nordnesrepublikken\",\"url\":\"https:\/\/nordnesrepublikken.no\/\",\"logo\":{\"@type\":\"ImageObject\",\"inLanguage\":\"nb-NO\",\"@id\":\"https:\/\/nordnesrepublikken.no\/#\/schema\/logo\/image\/\",\"url\":\"https:\/\/nordnesrepublikken.no\/wp-content\/uploads\/2025\/02\/cropped-nordnesrepublikken-2.png\",\"contentUrl\":\"https:\/\/nordnesrepublikken.no\/wp-content\/uploads\/2025\/02\/cropped-nordnesrepublikken-2.png\",\"width\":1248,\"height\":362,\"caption\":\"Nordnesrepublikken\"},\"image\":{\"@id\":\"https:\/\/nordnesrepublikken.no\/#\/schema\/logo\/image\/\"}},{\"@type\":\"Person\",\"@id\":\"https:\/\/nordnesrepublikken.no\/#\/schema\/person\/2e7e81935bab77882fffb79296240ff1\",\"name\":\"Ole Andersen\",\"image\":{\"@type\":\"ImageObject\",\"inLanguage\":\"nb-NO\",\"@id\":\"https:\/\/nordnesrepublikken.no\/#\/schema\/person\/image\/\",\"url\":\"https:\/\/nordnesrepublikken.no\/wp-content\/uploads\/2025\/02\/nordnesrepublikken-2-2-150x150.jpg\",\"contentUrl\":\"https:\/\/nordnesrepublikken.no\/wp-content\/uploads\/2025\/02\/nordnesrepublikken-2-2-150x150.jpg\",\"caption\":\"Ole Andersen\"},\"description\":\"Ettersom jeg vokste opp i Oslo, har jeg alltid v\u00e6rt fascinert av ordenes kraft og deres evne til \u00e5 skape endringer. Etter \u00e5 ha fullf\u00f8rt min utdannelse i kommunikasjon ved Universitetet i Bergen, fikk jeg muligheten til \u00e5 jobbe innen ulike medier, der jeg har s\u00f8kt \u00e5 belyse viktige samfunnssp\u00f8rsm\u00e5l. I dag, som redakt\u00f8r for Nordnesrepublikken, pr\u00f8ver jeg \u00e5 forene min kj\u00e6rlighet for journalistikk med min lidenskap for innovasjon og eventyr.\",\"sameAs\":[\"https:\/\/nordnesrepublikken.no\/\"]}]}<\/script>\n<!-- \/ Yoast SEO plugin. -->","yoast_head_json":{"title":"Fra Venus Williams til Irina Shayk - se f\u00f8rste gang p\u00e5 Pirelli -kalenderen i 2026 - Nordnesrepublikken","robots":{"index":"index","follow":"follow","max-snippet":"max-snippet:-1","max-image-preview":"max-image-preview:large","max-video-preview":"max-video-preview:-1"},"canonical":"https:\/\/nordnesrepublikken.no\/index.php\/2025\/08\/12\/fra-venus-williams-til-irina-shayk-se-forste-gang-pa-pirelli-kalenderen-i-2026\/","og_locale":"nb_NO","og_type":"article","og_title":"Fra Venus Williams til Irina Shayk - se f\u00f8rste gang p\u00e5 Pirelli -kalenderen i 2026 - Nordnesrepublikken","og_description":"Den norske fotografen Solve Sundsbo har brakt elementene inn i studioet for Pirelli -kalenderen i","og_url":"https:\/\/nordnesrepublikken.no\/index.php\/2025\/08\/12\/fra-venus-williams-til-irina-shayk-se-forste-gang-pa-pirelli-kalenderen-i-2026\/","og_site_name":"Nordnesrepublikken","article_published_time":"2025-08-11T22:49:38+00:00","article_modified_time":"2025-08-11T22:49:39+00:00","og_image":[{"width":1200,"height":750,"url":"https:\/\/nordnesrepublikken.no\/wp-content\/uploads\/2025\/08\/1754952578_Fra-Venus-Williams-til-Irina-Shayk-se-forste-gang.jpg","type":"image\/jpeg"}],"author":"Ole Andersen","twitter_card":"summary_large_image","twitter_misc":{"Skrevet av":"Ole Andersen","Ansl. lesetid":"5 minutter"},"schema":{"@context":"https:\/\/schema.org","@graph":[{"@type":"Article","@id":"https:\/\/nordnesrepublikken.no\/index.php\/2025\/08\/12\/fra-venus-williams-til-irina-shayk-se-forste-gang-pa-pirelli-kalenderen-i-2026\/#article","isPartOf":{"@id":"https:\/\/nordnesrepublikken.no\/index.php\/2025\/08\/12\/fra-venus-williams-til-irina-shayk-se-forste-gang-pa-pirelli-kalenderen-i-2026\/"},"author":{"name":"Ole Andersen","@id":"https:\/\/nordnesrepublikken.no\/#\/schema\/person\/2e7e81935bab77882fffb79296240ff1"},"headline":"Fra Venus Williams til Irina Shayk &#8211; se f\u00f8rste gang p\u00e5 Pirelli -kalenderen i 2026","datePublished":"2025-08-11T22:49:38+00:00","dateModified":"2025-08-11T22:49:39+00:00","mainEntityOfPage":{"@id":"https:\/\/nordnesrepublikken.no\/index.php\/2025\/08\/12\/fra-venus-williams-til-irina-shayk-se-forste-gang-pa-pirelli-kalenderen-i-2026\/"},"wordCount":934,"publisher":{"@id":"https:\/\/nordnesrepublikken.no\/#organization"},"image":{"@id":"https:\/\/nordnesrepublikken.no\/index.php\/2025\/08\/12\/fra-venus-williams-til-irina-shayk-se-forste-gang-pa-pirelli-kalenderen-i-2026\/#primaryimage"},"thumbnailUrl":"https:\/\/nordnesrepublikken.no\/wp-content\/uploads\/2025\/08\/1754952578_Fra-Venus-Williams-til-Irina-Shayk-se-forste-gang.jpg","keywords":["f\u00f8rste","fra","gang","Irina","kalenderen","p\u00e5","Pirelli","Shayk","til","Venus","Williams"],"articleSection":["Nasjonal"],"inLanguage":"nb-NO"},{"@type":"WebPage","@id":"https:\/\/nordnesrepublikken.no\/index.php\/2025\/08\/12\/fra-venus-williams-til-irina-shayk-se-forste-gang-pa-pirelli-kalenderen-i-2026\/","url":"https:\/\/nordnesrepublikken.no\/index.php\/2025\/08\/12\/fra-venus-williams-til-irina-shayk-se-forste-gang-pa-pirelli-kalenderen-i-2026\/","name":"Fra Venus Williams til Irina Shayk - se f\u00f8rste gang p\u00e5 Pirelli -kalenderen i 2026 - Nordnesrepublikken","isPartOf":{"@id":"https:\/\/nordnesrepublikken.no\/#website"},"primaryImageOfPage":{"@id":"https:\/\/nordnesrepublikken.no\/index.php\/2025\/08\/12\/fra-venus-williams-til-irina-shayk-se-forste-gang-pa-pirelli-kalenderen-i-2026\/#primaryimage"},"image":{"@id":"https:\/\/nordnesrepublikken.no\/index.php\/2025\/08\/12\/fra-venus-williams-til-irina-shayk-se-forste-gang-pa-pirelli-kalenderen-i-2026\/#primaryimage"},"thumbnailUrl":"https:\/\/nordnesrepublikken.no\/wp-content\/uploads\/2025\/08\/1754952578_Fra-Venus-Williams-til-Irina-Shayk-se-forste-gang.jpg","datePublished":"2025-08-11T22:49:38+00:00","dateModified":"2025-08-11T22:49:39+00:00","breadcrumb":{"@id":"https:\/\/nordnesrepublikken.no\/index.php\/2025\/08\/12\/fra-venus-williams-til-irina-shayk-se-forste-gang-pa-pirelli-kalenderen-i-2026\/#breadcrumb"},"inLanguage":"nb-NO","potentialAction":[{"@type":"ReadAction","target":["https:\/\/nordnesrepublikken.no\/index.php\/2025\/08\/12\/fra-venus-williams-til-irina-shayk-se-forste-gang-pa-pirelli-kalenderen-i-2026\/"]}]},{"@type":"ImageObject","inLanguage":"nb-NO","@id":"https:\/\/nordnesrepublikken.no\/index.php\/2025\/08\/12\/fra-venus-williams-til-irina-shayk-se-forste-gang-pa-pirelli-kalenderen-i-2026\/#primaryimage","url":"https:\/\/nordnesrepublikken.no\/wp-content\/uploads\/2025\/08\/1754952578_Fra-Venus-Williams-til-Irina-Shayk-se-forste-gang.jpg","contentUrl":"https:\/\/nordnesrepublikken.no\/wp-content\/uploads\/2025\/08\/1754952578_Fra-Venus-Williams-til-Irina-Shayk-se-forste-gang.jpg","width":1200,"height":750,"caption":"Fra Venus Williams til Irina Shayk - se f\u00f8rste gang p\u00e5 Pirelli -kalenderen i 2026"},{"@type":"BreadcrumbList","@id":"https:\/\/nordnesrepublikken.no\/index.php\/2025\/08\/12\/fra-venus-williams-til-irina-shayk-se-forste-gang-pa-pirelli-kalenderen-i-2026\/#breadcrumb","itemListElement":[{"@type":"ListItem","position":1,"name":"Home","item":"https:\/\/nordnesrepublikken.no\/"},{"@type":"ListItem","position":2,"name":"Fra Venus Williams til Irina Shayk &#8211; se f\u00f8rste gang p\u00e5 Pirelli -kalenderen i 2026"}]},{"@type":"WebSite","@id":"https:\/\/nordnesrepublikken.no\/#website","url":"https:\/\/nordnesrepublikken.no\/","name":"Nordnesrepublikken","description":"Stemmer og Visjoner fra Republikkens Hjerte","publisher":{"@id":"https:\/\/nordnesrepublikken.no\/#organization"},"potentialAction":[{"@type":"SearchAction","target":{"@type":"EntryPoint","urlTemplate":"https:\/\/nordnesrepublikken.no\/?s={search_term_string}"},"query-input":{"@type":"PropertyValueSpecification","valueRequired":true,"valueName":"search_term_string"}}],"inLanguage":"nb-NO"},{"@type":"Organization","@id":"https:\/\/nordnesrepublikken.no\/#organization","name":"Nordnesrepublikken","url":"https:\/\/nordnesrepublikken.no\/","logo":{"@type":"ImageObject","inLanguage":"nb-NO","@id":"https:\/\/nordnesrepublikken.no\/#\/schema\/logo\/image\/","url":"https:\/\/nordnesrepublikken.no\/wp-content\/uploads\/2025\/02\/cropped-nordnesrepublikken-2.png","contentUrl":"https:\/\/nordnesrepublikken.no\/wp-content\/uploads\/2025\/02\/cropped-nordnesrepublikken-2.png","width":1248,"height":362,"caption":"Nordnesrepublikken"},"image":{"@id":"https:\/\/nordnesrepublikken.no\/#\/schema\/logo\/image\/"}},{"@type":"Person","@id":"https:\/\/nordnesrepublikken.no\/#\/schema\/person\/2e7e81935bab77882fffb79296240ff1","name":"Ole Andersen","image":{"@type":"ImageObject","inLanguage":"nb-NO","@id":"https:\/\/nordnesrepublikken.no\/#\/schema\/person\/image\/","url":"https:\/\/nordnesrepublikken.no\/wp-content\/uploads\/2025\/02\/nordnesrepublikken-2-2-150x150.jpg","contentUrl":"https:\/\/nordnesrepublikken.no\/wp-content\/uploads\/2025\/02\/nordnesrepublikken-2-2-150x150.jpg","caption":"Ole Andersen"},"description":"Ettersom jeg vokste opp i Oslo, har jeg alltid v\u00e6rt fascinert av ordenes kraft og deres evne til \u00e5 skape endringer. Etter \u00e5 ha fullf\u00f8rt min utdannelse i kommunikasjon ved Universitetet i Bergen, fikk jeg muligheten til \u00e5 jobbe innen ulike medier, der jeg har s\u00f8kt \u00e5 belyse viktige samfunnssp\u00f8rsm\u00e5l. I dag, som redakt\u00f8r for Nordnesrepublikken, pr\u00f8ver jeg \u00e5 forene min kj\u00e6rlighet for journalistikk med min lidenskap for innovasjon og eventyr.","sameAs":["https:\/\/nordnesrepublikken.no\/"]}]}},"_links":{"self":[{"href":"https:\/\/nordnesrepublikken.no\/index.php\/wp-json\/wp\/v2\/posts\/8159","targetHints":{"allow":["GET"]}}],"collection":[{"href":"https:\/\/nordnesrepublikken.no\/index.php\/wp-json\/wp\/v2\/posts"}],"about":[{"href":"https:\/\/nordnesrepublikken.no\/index.php\/wp-json\/wp\/v2\/types\/post"}],"author":[{"embeddable":true,"href":"https:\/\/nordnesrepublikken.no\/index.php\/wp-json\/wp\/v2\/users\/1"}],"replies":[{"embeddable":true,"href":"https:\/\/nordnesrepublikken.no\/index.php\/wp-json\/wp\/v2\/comments?post=8159"}],"version-history":[{"count":1,"href":"https:\/\/nordnesrepublikken.no\/index.php\/wp-json\/wp\/v2\/posts\/8159\/revisions"}],"predecessor-version":[{"id":8161,"href":"https:\/\/nordnesrepublikken.no\/index.php\/wp-json\/wp\/v2\/posts\/8159\/revisions\/8161"}],"wp:featuredmedia":[{"embeddable":true,"href":"https:\/\/nordnesrepublikken.no\/index.php\/wp-json\/wp\/v2\/media\/8160"}],"wp:attachment":[{"href":"https:\/\/nordnesrepublikken.no\/index.php\/wp-json\/wp\/v2\/media?parent=8159"}],"wp:term":[{"taxonomy":"category","embeddable":true,"href":"https:\/\/nordnesrepublikken.no\/index.php\/wp-json\/wp\/v2\/categories?post=8159"},{"taxonomy":"post_tag","embeddable":true,"href":"https:\/\/nordnesrepublikken.no\/index.php\/wp-json\/wp\/v2\/tags?post=8159"}],"curies":[{"name":"wp","href":"https:\/\/api.w.org\/{rel}","templated":true}]}}