{"id":8086,"date":"2025-08-10T01:49:44","date_gmt":"2025-08-09T23:49:44","guid":{"rendered":"https:\/\/nordnesrepublikken.no\/index.php\/2025\/08\/10\/hva-er-og-hvem-som-fremdeles-bruker-det\/"},"modified":"2025-08-10T01:50:00","modified_gmt":"2025-08-09T23:50:00","slug":"hva-er-og-hvem-som-fremdeles-bruker-det","status":"publish","type":"post","link":"https:\/\/nordnesrepublikken.no\/index.php\/2025\/08\/10\/hva-er-og-hvem-som-fremdeles-bruker-det\/","title":{"rendered":"Hva er og hvem som fremdeles bruker det"},"content":{"rendered":"<div>\n<div class=\"cp_wrapper cp_wrapper--fw mb-30 mb-20@tablet\">\n<figure class=\"mm\"><picture class=\"img\" style=\"padding-top:56.25%\"><source  media=\"(min-width: 1024px)\"><source  media=\"(min-width: 768px)\"><\/source><\/source><\/picture><\/figure>\n<\/p><\/div>\n<p>Ofte, n\u00e5r vi m\u00f8ter et kunstverk <strong>Japansk<\/strong>kan vi lett gjenkjenne dens opprinnelse. Men hvorfor? Temaer og ikonografier kan selvf\u00f8lgelig v\u00e6re tilbakevendende, men det er en teknikk som ofte er underliggende mange moderne verk: den <strong>Nihonga<\/strong>. Dette begrepet ble myntet i Meiji -perioden (1868\u20131912) for \u00e5 indikere <strong>Tradisjonelt japansk maleri<\/strong>I motsetning til den vestlige oljestilen som japanerne kalte &laquo;y\u014dga&raquo;, men denne &laquo;m\u00e5ten \u00e5 lage kunst&raquo; har sine r\u00f8tter i mye eldre perioder, som dateres tilbake til mer enn tusen \u00e5r siden.<\/p>\n<p>I motsetning til lerretene som vestlendingene, har st\u00f8ttene som ble brukt i Nihonga allerede malt i mange \u00e5rhundrer <strong>papir<\/strong> <strong>Washi<\/strong> (Resistent og tynt, laget med morb\u00e6rfibre eller andre lokale planter), silke, tre eller gips, som sumler blekk (svart blekk oppn\u00e5dd fra sot og gr\u00f8nnsakslim, brukt i \u00e5rhundrer i kalligrafi og japansk maleri), mineralpigmenter, hvit gofun (pigment laget av skallpulver), dyr eller vegetabilababilsk dyree og nik nik (pigment laget av skallpulver). som et klistremerke.<\/p>\n<p><a href=\"https:\/\/www.youtube.com\/watch?v=ck04eb6hnta\">https:\/\/www.youtube.com\/watch?v=ck04eb6hnta<\/a><\/p>\n<p>Nihonga er en <strong>Ekstremt raffinert teknikk<\/strong>sakte og materiale, men det er ogs\u00e5 en <strong>Bro mellom fortid og n\u00e5tid<\/strong> Japansk kunst. Fagene hans spenner fra landskap til blomster og fugler, japansk historie (b\u00e5de sanne, og myter og legender) og menneskelige skikkelser, spesielt feminin, i en feiring av alt som er attraktivt for det menneskelige \u00f8yet. Imidlertid er det ogs\u00e5 <strong>Symbolske, poetiske eller \u00e5ndelige temaer<\/strong>med en stemningsfull bruk av tomhet, vertikalt perspektiv og farge.<\/p>\n<p>Eksempler p\u00e5 samtidskunstnere som har brukt denne teknikken er <strong>Takashi Murakami, Hiroshi Senju og Fuyuko Matsui.<\/strong><\/p>\n<h2>En av dem er veldig kjent: den japanske maleren Takashi Murakami<\/h2>\n<div class=\"cp_wrapper cp_wrapper--fw mb-50\">\n<figure class=\"mm\"><picture class=\"img\" style=\"padding-top:66.625%\"><source  media=\"(min-width: 1024px)\"><source  media=\"(min-width: 768px)\"><img decoding=\"async\" loading=\"lazy\" src=\"https:\/\/nordnesrepublikken.no\/wp-content\/uploads\/2025\/08\/1754783384_756_Hva-er-og-hvem-som-fremdeles-bruker-det.jpg\" alt=\"Bilde\" width=\"1600\" height=\"1066\"><\/source><\/source><\/picture><\/figure>\n<\/p><\/div>\n<p>Ved \u00e5 kombinere tradisjonelle japanske malingsideer med science fiction og sjeler, kunstneren <strong>Takashi Murakami<\/strong> (F\u00f8dt i 1962) har blitt veldig kjent de siste tretti \u00e5rene for maleriene sine, skulpturene og filmene befolket av fargerike motiver og karakterer.<\/p>\n<p>Etter \u00e5 ha oppn\u00e5dd en tre \u00e5r, en mastergrad og en doktorgrad fra Tokyo University of the Arts, hvor han studerte Nihonga -teknikkene, grunnla Murakami <strong>Hiropon Factory<\/strong>en studie\/laboratorium som har blitt et kunstnerisk produksjonsselskap og kunstnerisk ledelse (n\u00e5 kjent som Kaikai Kiki).<\/p>\n<p>Siden begynnelsen av 90 -tallet har Murakami oppfunnet karakterer som <strong>De kombinerer aspekter ved popul\u00e6re tegneserier fra Japan, Europa og USA<\/strong>: Fra hans f\u00f8rste karakter &#8211; Mr. Dob, som noen ganger representerer kunstneren selv &#8211; til forskjellige karakterer av sjeler og blomster, bj\u00f8rner og smilende l\u00f8ver, fungerer hans figurer som ikoner og symboler, og representerer komplekse temaer som vold, teknologi og krysset med menneskelig fantasi.<\/p>\n<h2>Maleren Nihonga Hiroshi Senju<\/h2>\n<div class=\"cp_wrapper cp_wrapper--fw mb-50\">\n<figure class=\"mm\"><picture class=\"img\" style=\"padding-top:68.078175895765%\"><source  media=\"(min-width: 1024px)\"><source  media=\"(min-width: 768px)\"><img decoding=\"async\" loading=\"lazy\" src=\"https:\/\/nordnesrepublikken.no\/wp-content\/uploads\/2025\/08\/Hva-er-og-hvem-som-fremdeles-bruker-det.jpeg\" alt=\"Et verk av Hiroshi Senju A Shofuso via Wikimedia\" width=\"1228\" height=\"836\" class=\"js-seedtag-img\"><\/source><\/source><\/picture><\/figure>\n<\/p><\/div>\n<p>F\u00f8dt i Tokyo i 1958, er maleren Hiroshi Senju ber\u00f8mt i verden for sin <strong>Monumentale malerier av fosser og klipper<\/strong>der det kombinerer et minimalistisk visuelt spr\u00e5k forankret i abstrakt ekspresjonisme med elementer av tradisjonelt japansk maleri, n\u00f8yaktig Nihonga. Senju sin kreative prosess og forpliktelse til Nihonga er strenge, ogs\u00e5 takket v\u00e6re h\u00f8yt spesialiserte og h\u00e5ndlagde verkt\u00f8y med naturlige materialer, og til det faktum at kunstneren personlig siler h\u00e5ndpapiret, p\u00e5 jakt etter up\u00e5klagelige ark.<\/p>\n<p>F\u00f8rste asiatiske kunstner for \u00e5 motta en hederlig omtale av <strong>Biennale Arte di Venezia<\/strong> (I 1995) Senju s\u00e5 mange av maleriene hans utsatt i selskaper og offentlige bygninger, ogs\u00e5 fordi hans arbeid n\u00e5 er anerkjent av allmennheten, og i 2021 opprettet han en monumental installasjon av en lysstoffr\u00f8r for Art Institute of Chicago.<\/p>\n<h2>Fuyuko Matsui, den japanske maleren<\/h2>\n<div class=\"cp_wrapper cp_wrapper--fw mb-50\">\n<figure class=\"mm\"><picture class=\"img\" style=\"padding-top:63.685152057245%\"><source  media=\"(min-width: 1024px)\"><source  media=\"(min-width: 768px)\"><img decoding=\"async\" loading=\"lazy\" src=\"https:\/\/nordnesrepublikken.no\/wp-content\/uploads\/2025\/08\/1754783384_969_Hva-er-og-hvem-som-fremdeles-bruker-det.jpg\" alt=\"Bilde\" width=\"1118\" height=\"712\"><\/source><\/source><\/picture><\/figure>\n<\/p><\/div>\n<p><strong>Fuyuko Matsui<\/strong>som l\u00e5ner den moderne bruken av Nihonga av store kunstnere som <strong>Hayami<\/strong> <strong>Gyoshu <\/strong>(Artist f\u00f8dt p\u00e5 slutten av det nittende \u00e5rhundre kjent for sin realistiske stil), er en av de mest originale stemmene fra moderne japansk maleri: i hans malerier, laget med den gamle tradisjonelle teknikken til <strong>Nihonga<\/strong>utforsker temaer for vold, tap og angst fra et dypt feminint perspektiv. Hans arbeid skiller seg ut innenfor en bredere str\u00f8m av japansk kunst som under en raffinert estetisk overflate, <strong>unders\u00f8ker traumer og rastl\u00f8shet<\/strong>. Selv om det er mindre kjent for allmennheten enn figurer som Takashi Murakami eller den enda mer ber\u00f8mte Yayoi Kusama &#8211; kjent for bruk av lyse farger og referanser til verden anime &#8211; er Matsui en del av den<strong> Spenning mellom estetikk og urovekkende<\/strong>. I motsetning til dem, gj\u00f8r det imidlertid det gjennom en intim og \u00e5ndelig omfortolkning av den japanske billedtradisjonen, spesielt med den raffinerte bruken av Nihonga -teknikken.<\/p>\n<p>F\u00f8dt i 1974 i en liten fjelllandsby, Mori-Machi, i prefekturen til Shizuoka, i Japan (hvor han bor og jobber igjen), tilbringer Matsui barndommen i det gamle familiens hjem, hvor de bodde 14 generasjoner, og hvis tepper skildrer &laquo;<strong>Sansuiga<\/strong>&laquo;Det vil si fjell og elver malte blekk som allerede vred fantasien hans.<\/p>\n<div class=\"cp_wrapper cp_wrapper--fw mb-50\">\n<figure class=\"mm\"><picture class=\"img\" style=\"padding-top:155.078125%\"><source  media=\"(min-width: 1024px)\"><source  media=\"(min-width: 768px)\"><img decoding=\"async\" loading=\"lazy\" src=\"https:\/\/nordnesrepublikken.no\/wp-content\/uploads\/2025\/08\/1754783384_338_Hva-er-og-hvem-som-fremdeles-bruker-det.jpg\" alt=\"Bilde\" width=\"1024\" height=\"1588\" class=\"js-seedtag-img\"><\/source><\/source><\/picture><\/figure>\n<\/p><\/div>\n<p>Som han sa, da han var barn, ble han innel\u00e5st av foreldrene i et skap der de ble hengt <strong>Antikke sverd og sp\u00f8kelsesmalerier<\/strong> (I japansk folklore ville bildene av sp\u00f8kelser skremme tyver). Og kanskje er det nettopp av denne absurde opplevelsen at Matsui f\u00f8dte kvinnene i maleriene hans, med et inkonsekvent, unnvikende og definitivt lik et spekter (det er et eksempel <em>Nyctalopia<\/em>der en av dem er avbildet mens de kveler en hane).<\/p>\n<p>Matui studerte ved Joshibi Junior College of Art and Design i hovedstaden og ved Tokyo University of the Arts. Hans arbeid er p\u00e5virket av japansk maleri &#8211; for eksempel av det attende \u00e5rhundre <strong>Soga Shohaku<\/strong>av Edo -perioden, kjent for de karakteristiske penselstr\u00f8kene &#8211; og fra <strong>Japansk folkloristisk tradisjon<\/strong>med hum\u00f8r og monstre. Kunstneren kombinerer disse ideene med <strong>Leksjoner i historien til vestlig kunst<\/strong>som Leonardo da Vinci og Albrecht D\u00fcrer eller anatomiske kunstnere.<\/p>\n<p>For maleriet hennes er en grundig prosess av <strong>bil<\/strong>&#8211;<strong>etterforskning<\/strong>som verkene hans blir universelle: Temaene er ofte de som er felles for alle mennesker &#8211; som liv og d\u00f8d, sex og lyst &#8211; men de har ogs\u00e5 intense og traumatiske variasjoner, som selvkomponering og b\u00e5nd med den \u00e5ndelige verden.<\/p>\n<p>Matsui, despite being little known beyond the Japanese borders, is a decidedly prominent artist: think that he was awarded by the Committee for the emblem of the Tokyo 2020 Olympics, and his works are kept in the collections of the Museum of Contemporary Art in Tokyo, the Yokohama Museum of Art, the Hirano Museum, the Galerie Da-End, the Sato Museum of Art, of the Mori Art Museum, of Contemporary Art Museum i Kumamoto og det asiatiske kunstmuseet i San Francisco. Som om dette ikke var nok, er det ogs\u00e5 <strong>F\u00f8rste kvinne som har oppn\u00e5dd en doktorgrad i japansk maleri<\/strong>.<\/p>\n<\/p><\/div>\n","protected":false},"excerpt":{"rendered":"<p>Ofte, n\u00e5r vi m\u00f8ter et kunstverk Japanskkan vi lett gjenkjenne dens opprinnelse. Men hvorfor? Temaer<\/p>\n","protected":false},"author":1,"featured_media":8087,"comment_status":"closed","ping_status":"open","sticky":false,"template":"","format":"standard","meta":{"footnotes":""},"categories":[104],"tags":[981,66,1739,144,99,31],"class_list":["post-8086","post","type-post","status-publish","format-standard","has-post-thumbnail","hentry","category-samfunn","tag-bruker","tag-det","tag-fremdeles","tag-hva","tag-hvem","tag-som","generate-columns","tablet-grid-50","mobile-grid-100","grid-parent","grid-33","resize-featured-image"],"yoast_head":"<!-- This site is optimized with the Yoast SEO plugin v24.4 - https:\/\/yoast.com\/wordpress\/plugins\/seo\/ -->\n<title>Hva er og hvem som fremdeles bruker det - Nordnesrepublikken<\/title>\n<meta name=\"robots\" content=\"index, follow, max-snippet:-1, max-image-preview:large, max-video-preview:-1\" \/>\n<link rel=\"canonical\" href=\"https:\/\/nordnesrepublikken.no\/index.php\/2025\/08\/10\/hva-er-og-hvem-som-fremdeles-bruker-det\/\" \/>\n<meta property=\"og:locale\" content=\"nb_NO\" \/>\n<meta property=\"og:type\" content=\"article\" \/>\n<meta property=\"og:title\" content=\"Hva er og hvem som fremdeles bruker det - Nordnesrepublikken\" \/>\n<meta property=\"og:description\" content=\"Ofte, n\u00e5r vi m\u00f8ter et kunstverk Japanskkan vi lett gjenkjenne dens opprinnelse. Men hvorfor? Temaer\" \/>\n<meta property=\"og:url\" content=\"https:\/\/nordnesrepublikken.no\/index.php\/2025\/08\/10\/hva-er-og-hvem-som-fremdeles-bruker-det\/\" \/>\n<meta property=\"og:site_name\" content=\"Nordnesrepublikken\" \/>\n<meta property=\"article:published_time\" content=\"2025-08-09T23:49:44+00:00\" \/>\n<meta property=\"article:modified_time\" content=\"2025-08-09T23:50:00+00:00\" \/>\n<meta property=\"og:image\" content=\"https:\/\/nordnesrepublikken.no\/wp-content\/uploads\/2025\/08\/Hva-er-og-hvem-som-fremdeles-bruker-det-scaled.jpg\" \/>\n\t<meta property=\"og:image:width\" content=\"2560\" \/>\n\t<meta property=\"og:image:height\" content=\"1440\" \/>\n\t<meta property=\"og:image:type\" content=\"image\/jpeg\" \/>\n<meta name=\"author\" content=\"Ole Andersen\" \/>\n<meta name=\"twitter:card\" content=\"summary_large_image\" \/>\n<meta name=\"twitter:label1\" content=\"Skrevet av\" \/>\n\t<meta name=\"twitter:data1\" content=\"Ole Andersen\" \/>\n\t<meta name=\"twitter:label2\" content=\"Ansl. lesetid\" \/>\n\t<meta name=\"twitter:data2\" content=\"5 minutter\" \/>\n<script type=\"application\/ld+json\" class=\"yoast-schema-graph\">{\"@context\":\"https:\/\/schema.org\",\"@graph\":[{\"@type\":\"Article\",\"@id\":\"https:\/\/nordnesrepublikken.no\/index.php\/2025\/08\/10\/hva-er-og-hvem-som-fremdeles-bruker-det\/#article\",\"isPartOf\":{\"@id\":\"https:\/\/nordnesrepublikken.no\/index.php\/2025\/08\/10\/hva-er-og-hvem-som-fremdeles-bruker-det\/\"},\"author\":{\"name\":\"Ole Andersen\",\"@id\":\"https:\/\/nordnesrepublikken.no\/#\/schema\/person\/2e7e81935bab77882fffb79296240ff1\"},\"headline\":\"Hva er og hvem som fremdeles bruker det\",\"datePublished\":\"2025-08-09T23:49:44+00:00\",\"dateModified\":\"2025-08-09T23:50:00+00:00\",\"mainEntityOfPage\":{\"@id\":\"https:\/\/nordnesrepublikken.no\/index.php\/2025\/08\/10\/hva-er-og-hvem-som-fremdeles-bruker-det\/\"},\"wordCount\":1081,\"publisher\":{\"@id\":\"https:\/\/nordnesrepublikken.no\/#organization\"},\"image\":{\"@id\":\"https:\/\/nordnesrepublikken.no\/index.php\/2025\/08\/10\/hva-er-og-hvem-som-fremdeles-bruker-det\/#primaryimage\"},\"thumbnailUrl\":\"https:\/\/nordnesrepublikken.no\/wp-content\/uploads\/2025\/08\/Hva-er-og-hvem-som-fremdeles-bruker-det-scaled.jpg\",\"keywords\":[\"bruker\",\"Det\",\"fremdeles\",\"Hva\",\"Hvem\",\"som\"],\"articleSection\":[\"Samfunn\"],\"inLanguage\":\"nb-NO\"},{\"@type\":\"WebPage\",\"@id\":\"https:\/\/nordnesrepublikken.no\/index.php\/2025\/08\/10\/hva-er-og-hvem-som-fremdeles-bruker-det\/\",\"url\":\"https:\/\/nordnesrepublikken.no\/index.php\/2025\/08\/10\/hva-er-og-hvem-som-fremdeles-bruker-det\/\",\"name\":\"Hva er og hvem som fremdeles bruker det - Nordnesrepublikken\",\"isPartOf\":{\"@id\":\"https:\/\/nordnesrepublikken.no\/#website\"},\"primaryImageOfPage\":{\"@id\":\"https:\/\/nordnesrepublikken.no\/index.php\/2025\/08\/10\/hva-er-og-hvem-som-fremdeles-bruker-det\/#primaryimage\"},\"image\":{\"@id\":\"https:\/\/nordnesrepublikken.no\/index.php\/2025\/08\/10\/hva-er-og-hvem-som-fremdeles-bruker-det\/#primaryimage\"},\"thumbnailUrl\":\"https:\/\/nordnesrepublikken.no\/wp-content\/uploads\/2025\/08\/Hva-er-og-hvem-som-fremdeles-bruker-det-scaled.jpg\",\"datePublished\":\"2025-08-09T23:49:44+00:00\",\"dateModified\":\"2025-08-09T23:50:00+00:00\",\"breadcrumb\":{\"@id\":\"https:\/\/nordnesrepublikken.no\/index.php\/2025\/08\/10\/hva-er-og-hvem-som-fremdeles-bruker-det\/#breadcrumb\"},\"inLanguage\":\"nb-NO\",\"potentialAction\":[{\"@type\":\"ReadAction\",\"target\":[\"https:\/\/nordnesrepublikken.no\/index.php\/2025\/08\/10\/hva-er-og-hvem-som-fremdeles-bruker-det\/\"]}]},{\"@type\":\"ImageObject\",\"inLanguage\":\"nb-NO\",\"@id\":\"https:\/\/nordnesrepublikken.no\/index.php\/2025\/08\/10\/hva-er-og-hvem-som-fremdeles-bruker-det\/#primaryimage\",\"url\":\"https:\/\/nordnesrepublikken.no\/wp-content\/uploads\/2025\/08\/Hva-er-og-hvem-som-fremdeles-bruker-det-scaled.jpg\",\"contentUrl\":\"https:\/\/nordnesrepublikken.no\/wp-content\/uploads\/2025\/08\/Hva-er-og-hvem-som-fremdeles-bruker-det-scaled.jpg\",\"width\":2560,\"height\":1440,\"caption\":\"Immagine\"},{\"@type\":\"BreadcrumbList\",\"@id\":\"https:\/\/nordnesrepublikken.no\/index.php\/2025\/08\/10\/hva-er-og-hvem-som-fremdeles-bruker-det\/#breadcrumb\",\"itemListElement\":[{\"@type\":\"ListItem\",\"position\":1,\"name\":\"Home\",\"item\":\"https:\/\/nordnesrepublikken.no\/\"},{\"@type\":\"ListItem\",\"position\":2,\"name\":\"Hva er og hvem som fremdeles bruker det\"}]},{\"@type\":\"WebSite\",\"@id\":\"https:\/\/nordnesrepublikken.no\/#website\",\"url\":\"https:\/\/nordnesrepublikken.no\/\",\"name\":\"Nordnesrepublikken\",\"description\":\"Stemmer og Visjoner fra Republikkens Hjerte\",\"publisher\":{\"@id\":\"https:\/\/nordnesrepublikken.no\/#organization\"},\"potentialAction\":[{\"@type\":\"SearchAction\",\"target\":{\"@type\":\"EntryPoint\",\"urlTemplate\":\"https:\/\/nordnesrepublikken.no\/?s={search_term_string}\"},\"query-input\":{\"@type\":\"PropertyValueSpecification\",\"valueRequired\":true,\"valueName\":\"search_term_string\"}}],\"inLanguage\":\"nb-NO\"},{\"@type\":\"Organization\",\"@id\":\"https:\/\/nordnesrepublikken.no\/#organization\",\"name\":\"Nordnesrepublikken\",\"url\":\"https:\/\/nordnesrepublikken.no\/\",\"logo\":{\"@type\":\"ImageObject\",\"inLanguage\":\"nb-NO\",\"@id\":\"https:\/\/nordnesrepublikken.no\/#\/schema\/logo\/image\/\",\"url\":\"https:\/\/nordnesrepublikken.no\/wp-content\/uploads\/2025\/02\/cropped-nordnesrepublikken-2.png\",\"contentUrl\":\"https:\/\/nordnesrepublikken.no\/wp-content\/uploads\/2025\/02\/cropped-nordnesrepublikken-2.png\",\"width\":1248,\"height\":362,\"caption\":\"Nordnesrepublikken\"},\"image\":{\"@id\":\"https:\/\/nordnesrepublikken.no\/#\/schema\/logo\/image\/\"}},{\"@type\":\"Person\",\"@id\":\"https:\/\/nordnesrepublikken.no\/#\/schema\/person\/2e7e81935bab77882fffb79296240ff1\",\"name\":\"Ole Andersen\",\"image\":{\"@type\":\"ImageObject\",\"inLanguage\":\"nb-NO\",\"@id\":\"https:\/\/nordnesrepublikken.no\/#\/schema\/person\/image\/\",\"url\":\"https:\/\/nordnesrepublikken.no\/wp-content\/uploads\/2025\/02\/nordnesrepublikken-2-2-150x150.jpg\",\"contentUrl\":\"https:\/\/nordnesrepublikken.no\/wp-content\/uploads\/2025\/02\/nordnesrepublikken-2-2-150x150.jpg\",\"caption\":\"Ole Andersen\"},\"description\":\"Ettersom jeg vokste opp i Oslo, har jeg alltid v\u00e6rt fascinert av ordenes kraft og deres evne til \u00e5 skape endringer. Etter \u00e5 ha fullf\u00f8rt min utdannelse i kommunikasjon ved Universitetet i Bergen, fikk jeg muligheten til \u00e5 jobbe innen ulike medier, der jeg har s\u00f8kt \u00e5 belyse viktige samfunnssp\u00f8rsm\u00e5l. I dag, som redakt\u00f8r for Nordnesrepublikken, pr\u00f8ver jeg \u00e5 forene min kj\u00e6rlighet for journalistikk med min lidenskap for innovasjon og eventyr.\",\"sameAs\":[\"https:\/\/nordnesrepublikken.no\/\"]}]}<\/script>\n<!-- \/ Yoast SEO plugin. -->","yoast_head_json":{"title":"Hva er og hvem som fremdeles bruker det - Nordnesrepublikken","robots":{"index":"index","follow":"follow","max-snippet":"max-snippet:-1","max-image-preview":"max-image-preview:large","max-video-preview":"max-video-preview:-1"},"canonical":"https:\/\/nordnesrepublikken.no\/index.php\/2025\/08\/10\/hva-er-og-hvem-som-fremdeles-bruker-det\/","og_locale":"nb_NO","og_type":"article","og_title":"Hva er og hvem som fremdeles bruker det - Nordnesrepublikken","og_description":"Ofte, n\u00e5r vi m\u00f8ter et kunstverk Japanskkan vi lett gjenkjenne dens opprinnelse. Men hvorfor? Temaer","og_url":"https:\/\/nordnesrepublikken.no\/index.php\/2025\/08\/10\/hva-er-og-hvem-som-fremdeles-bruker-det\/","og_site_name":"Nordnesrepublikken","article_published_time":"2025-08-09T23:49:44+00:00","article_modified_time":"2025-08-09T23:50:00+00:00","og_image":[{"width":2560,"height":1440,"url":"https:\/\/nordnesrepublikken.no\/wp-content\/uploads\/2025\/08\/Hva-er-og-hvem-som-fremdeles-bruker-det-scaled.jpg","type":"image\/jpeg"}],"author":"Ole Andersen","twitter_card":"summary_large_image","twitter_misc":{"Skrevet av":"Ole Andersen","Ansl. lesetid":"5 minutter"},"schema":{"@context":"https:\/\/schema.org","@graph":[{"@type":"Article","@id":"https:\/\/nordnesrepublikken.no\/index.php\/2025\/08\/10\/hva-er-og-hvem-som-fremdeles-bruker-det\/#article","isPartOf":{"@id":"https:\/\/nordnesrepublikken.no\/index.php\/2025\/08\/10\/hva-er-og-hvem-som-fremdeles-bruker-det\/"},"author":{"name":"Ole Andersen","@id":"https:\/\/nordnesrepublikken.no\/#\/schema\/person\/2e7e81935bab77882fffb79296240ff1"},"headline":"Hva er og hvem som fremdeles bruker det","datePublished":"2025-08-09T23:49:44+00:00","dateModified":"2025-08-09T23:50:00+00:00","mainEntityOfPage":{"@id":"https:\/\/nordnesrepublikken.no\/index.php\/2025\/08\/10\/hva-er-og-hvem-som-fremdeles-bruker-det\/"},"wordCount":1081,"publisher":{"@id":"https:\/\/nordnesrepublikken.no\/#organization"},"image":{"@id":"https:\/\/nordnesrepublikken.no\/index.php\/2025\/08\/10\/hva-er-og-hvem-som-fremdeles-bruker-det\/#primaryimage"},"thumbnailUrl":"https:\/\/nordnesrepublikken.no\/wp-content\/uploads\/2025\/08\/Hva-er-og-hvem-som-fremdeles-bruker-det-scaled.jpg","keywords":["bruker","Det","fremdeles","Hva","Hvem","som"],"articleSection":["Samfunn"],"inLanguage":"nb-NO"},{"@type":"WebPage","@id":"https:\/\/nordnesrepublikken.no\/index.php\/2025\/08\/10\/hva-er-og-hvem-som-fremdeles-bruker-det\/","url":"https:\/\/nordnesrepublikken.no\/index.php\/2025\/08\/10\/hva-er-og-hvem-som-fremdeles-bruker-det\/","name":"Hva er og hvem som fremdeles bruker det - Nordnesrepublikken","isPartOf":{"@id":"https:\/\/nordnesrepublikken.no\/#website"},"primaryImageOfPage":{"@id":"https:\/\/nordnesrepublikken.no\/index.php\/2025\/08\/10\/hva-er-og-hvem-som-fremdeles-bruker-det\/#primaryimage"},"image":{"@id":"https:\/\/nordnesrepublikken.no\/index.php\/2025\/08\/10\/hva-er-og-hvem-som-fremdeles-bruker-det\/#primaryimage"},"thumbnailUrl":"https:\/\/nordnesrepublikken.no\/wp-content\/uploads\/2025\/08\/Hva-er-og-hvem-som-fremdeles-bruker-det-scaled.jpg","datePublished":"2025-08-09T23:49:44+00:00","dateModified":"2025-08-09T23:50:00+00:00","breadcrumb":{"@id":"https:\/\/nordnesrepublikken.no\/index.php\/2025\/08\/10\/hva-er-og-hvem-som-fremdeles-bruker-det\/#breadcrumb"},"inLanguage":"nb-NO","potentialAction":[{"@type":"ReadAction","target":["https:\/\/nordnesrepublikken.no\/index.php\/2025\/08\/10\/hva-er-og-hvem-som-fremdeles-bruker-det\/"]}]},{"@type":"ImageObject","inLanguage":"nb-NO","@id":"https:\/\/nordnesrepublikken.no\/index.php\/2025\/08\/10\/hva-er-og-hvem-som-fremdeles-bruker-det\/#primaryimage","url":"https:\/\/nordnesrepublikken.no\/wp-content\/uploads\/2025\/08\/Hva-er-og-hvem-som-fremdeles-bruker-det-scaled.jpg","contentUrl":"https:\/\/nordnesrepublikken.no\/wp-content\/uploads\/2025\/08\/Hva-er-og-hvem-som-fremdeles-bruker-det-scaled.jpg","width":2560,"height":1440,"caption":"Immagine"},{"@type":"BreadcrumbList","@id":"https:\/\/nordnesrepublikken.no\/index.php\/2025\/08\/10\/hva-er-og-hvem-som-fremdeles-bruker-det\/#breadcrumb","itemListElement":[{"@type":"ListItem","position":1,"name":"Home","item":"https:\/\/nordnesrepublikken.no\/"},{"@type":"ListItem","position":2,"name":"Hva er og hvem som fremdeles bruker det"}]},{"@type":"WebSite","@id":"https:\/\/nordnesrepublikken.no\/#website","url":"https:\/\/nordnesrepublikken.no\/","name":"Nordnesrepublikken","description":"Stemmer og Visjoner fra Republikkens Hjerte","publisher":{"@id":"https:\/\/nordnesrepublikken.no\/#organization"},"potentialAction":[{"@type":"SearchAction","target":{"@type":"EntryPoint","urlTemplate":"https:\/\/nordnesrepublikken.no\/?s={search_term_string}"},"query-input":{"@type":"PropertyValueSpecification","valueRequired":true,"valueName":"search_term_string"}}],"inLanguage":"nb-NO"},{"@type":"Organization","@id":"https:\/\/nordnesrepublikken.no\/#organization","name":"Nordnesrepublikken","url":"https:\/\/nordnesrepublikken.no\/","logo":{"@type":"ImageObject","inLanguage":"nb-NO","@id":"https:\/\/nordnesrepublikken.no\/#\/schema\/logo\/image\/","url":"https:\/\/nordnesrepublikken.no\/wp-content\/uploads\/2025\/02\/cropped-nordnesrepublikken-2.png","contentUrl":"https:\/\/nordnesrepublikken.no\/wp-content\/uploads\/2025\/02\/cropped-nordnesrepublikken-2.png","width":1248,"height":362,"caption":"Nordnesrepublikken"},"image":{"@id":"https:\/\/nordnesrepublikken.no\/#\/schema\/logo\/image\/"}},{"@type":"Person","@id":"https:\/\/nordnesrepublikken.no\/#\/schema\/person\/2e7e81935bab77882fffb79296240ff1","name":"Ole Andersen","image":{"@type":"ImageObject","inLanguage":"nb-NO","@id":"https:\/\/nordnesrepublikken.no\/#\/schema\/person\/image\/","url":"https:\/\/nordnesrepublikken.no\/wp-content\/uploads\/2025\/02\/nordnesrepublikken-2-2-150x150.jpg","contentUrl":"https:\/\/nordnesrepublikken.no\/wp-content\/uploads\/2025\/02\/nordnesrepublikken-2-2-150x150.jpg","caption":"Ole Andersen"},"description":"Ettersom jeg vokste opp i Oslo, har jeg alltid v\u00e6rt fascinert av ordenes kraft og deres evne til \u00e5 skape endringer. Etter \u00e5 ha fullf\u00f8rt min utdannelse i kommunikasjon ved Universitetet i Bergen, fikk jeg muligheten til \u00e5 jobbe innen ulike medier, der jeg har s\u00f8kt \u00e5 belyse viktige samfunnssp\u00f8rsm\u00e5l. I dag, som redakt\u00f8r for Nordnesrepublikken, pr\u00f8ver jeg \u00e5 forene min kj\u00e6rlighet for journalistikk med min lidenskap for innovasjon og eventyr.","sameAs":["https:\/\/nordnesrepublikken.no\/"]}]}},"_links":{"self":[{"href":"https:\/\/nordnesrepublikken.no\/index.php\/wp-json\/wp\/v2\/posts\/8086","targetHints":{"allow":["GET"]}}],"collection":[{"href":"https:\/\/nordnesrepublikken.no\/index.php\/wp-json\/wp\/v2\/posts"}],"about":[{"href":"https:\/\/nordnesrepublikken.no\/index.php\/wp-json\/wp\/v2\/types\/post"}],"author":[{"embeddable":true,"href":"https:\/\/nordnesrepublikken.no\/index.php\/wp-json\/wp\/v2\/users\/1"}],"replies":[{"embeddable":true,"href":"https:\/\/nordnesrepublikken.no\/index.php\/wp-json\/wp\/v2\/comments?post=8086"}],"version-history":[{"count":1,"href":"https:\/\/nordnesrepublikken.no\/index.php\/wp-json\/wp\/v2\/posts\/8086\/revisions"}],"predecessor-version":[{"id":8088,"href":"https:\/\/nordnesrepublikken.no\/index.php\/wp-json\/wp\/v2\/posts\/8086\/revisions\/8088"}],"wp:featuredmedia":[{"embeddable":true,"href":"https:\/\/nordnesrepublikken.no\/index.php\/wp-json\/wp\/v2\/media\/8087"}],"wp:attachment":[{"href":"https:\/\/nordnesrepublikken.no\/index.php\/wp-json\/wp\/v2\/media?parent=8086"}],"wp:term":[{"taxonomy":"category","embeddable":true,"href":"https:\/\/nordnesrepublikken.no\/index.php\/wp-json\/wp\/v2\/categories?post=8086"},{"taxonomy":"post_tag","embeddable":true,"href":"https:\/\/nordnesrepublikken.no\/index.php\/wp-json\/wp\/v2\/tags?post=8086"}],"curies":[{"name":"wp","href":"https:\/\/api.w.org\/{rel}","templated":true}]}}