{"id":8083,"date":"2025-08-10T00:49:38","date_gmt":"2025-08-09T22:49:38","guid":{"rendered":"https:\/\/nordnesrepublikken.no\/index.php\/2025\/08\/10\/hva-du-skal-gjore-hvis-du-star-overfor-et-ildbal-mens-du-kjorer\/"},"modified":"2025-08-10T00:49:41","modified_gmt":"2025-08-09T22:49:41","slug":"hva-du-skal-gjore-hvis-du-star-overfor-et-ildbal-mens-du-kjorer","status":"publish","type":"post","link":"https:\/\/nordnesrepublikken.no\/index.php\/2025\/08\/10\/hva-du-skal-gjore-hvis-du-star-overfor-et-ildbal-mens-du-kjorer\/","title":{"rendered":"Hva du skal gj\u00f8re hvis du st\u00e5r overfor et ildb\u00e5l mens du kj\u00f8rer"},"content":{"rendered":"<p><\/p>\n<div class=\"wordpress-content\">\n                    <!-- Article Start --><\/p>\n<p><strong>Sommeren i Spania ser en kraftig \u00f8kning i branner, de fleste av dem for\u00e5rsaket av menneskelig uaktsomhet. N\u00e5r branner bryter ut i n\u00e6rheten av veier, stiger fareniv\u00e5et skarpt &#8211; noe som gj\u00f8r det viktig \u00e5 vite hvordan du reagerer hvis du kommer over en mens du kj\u00f8rer.<\/strong><\/p>\n<p>De siste \u00e5rene har kystregionene som Costa Blanca og deler av Andaluc\u00eda blitt rammet av raskt bevegelige villbranner i h\u00f8ysesongen, og tvangs stenginger og evakueringer i turistomr\u00e5der. T\u00f8rr vegetasjon, sterk vind og h\u00f8ye temperaturer skaper de perfekte forholdene for at flammer kan spre seg raskt, og ofte fanger sj\u00e5f\u00f8rene overraskende.<\/p>\n<p>Skogbranner kan ofte oppdages p\u00e5 avstand takket v\u00e6re synlige flammer eller r\u00f8yk. Hvis ruten din tar deg mot brannen, er det tryggeste alternativet \u00e5 snu og finne en alternativ m\u00e5te.<\/p>\n<div class=\"sra_unit\"><link rel=\"stylesheet\" id=\"block-sra\" href=\"https:\/\/euroweeklynews.com\/wp-content\/plugins\/snack-related-articles\/dist\/css\/snack-related.min.css?250312-193541\" type=\"text\/css\" media=\"all\">\n<\/div>\n<p><strong>Hvis du er i n\u00e6rheten av en brann, husk:<\/strong><\/p>\n<p>Unng\u00e5 h\u00f8ye fjellomr\u00e5der der brannen sprer seg raskt.<\/p>\n<p>Ikke kj\u00f8r i retning av vinden, da flammer sannsynligvis vil spre seg slik.<\/p>\n<p>Sl\u00e5 p\u00e5 frontlyktene og farelysene &#8211; bruk t\u00e5kelys om n\u00f8dvendig &#8211; slik at andre trafikanter kan se deg.<\/p>\n<p>Ring 112 for \u00e5 varsle n\u00f8detatene.<\/p>\n<p><strong>Hvordan du skal handle i tilfelle en ildb\u00e5l<\/strong><\/p>\n<p>Hvis du m\u00f8ter en brann mens du kj\u00f8rer i sommer:<\/p>\n<p>Hold deg rolig og vurder situasjonen &#8211; ikke handle p\u00e5 impuls.<\/p>\n<p>Aldri kj\u00f8r gjennom flammer eller tett r\u00f8yk.<\/p>\n<p>Ikke la kj\u00f8ret\u00f8yet flykte til fots hvis det fortsatt er mulig \u00e5 kj\u00f8re, med mindre det blir instruert av n\u00f8detatene.<\/p>\n<p>Hold vinduer lukket og ventilasjonen sl\u00e5tt av for \u00e5 stoppe r\u00f8yken fra \u00e5 komme inn.<\/p>\n<p>Hvis du m\u00e5 forlate kj\u00f8ret\u00f8yet, dekker du munnen og nesen med en klut og hode i motsatt retning av vinden.<\/p>\n<p><strong>\u00c5rsaker til branner<\/strong><\/p>\n<p>Over 80% av brannene i Spania startes av mennesker, med rundt 30% p\u00e5 grunn av uforsiktighet &#8211; noe av det bak rattet. De st\u00f8rste farene kommer fra \u00e5 kaste tente sigarettstumper fra biler eller etterlate glassflasker som kan for\u00e5rsake en &laquo;forst\u00f8rrelsesglass&raquo; -effekt.<\/p>\n<p><strong>Nylige branner i Spania<\/strong><\/p>\n<p>P\u00e5 Costa Blanca br\u00f8t det ut et ildsted i n\u00e6rheten av Las Ramblas (Orihuela Costa), noe som f\u00f8rte til evakuering av 50 innbyggere fra hjem i n\u00e6rheten og nedleggelsen av lokale veier da mannskapene jobbet raskt for \u00e5 inneholde flammene.<\/p>\n<p>I tillegg br\u00f8t flammer 19. juli n\u00e6r Torrevieja -lagunen, og krypte farlig n\u00e6r Torreta III boligomr\u00e5de f\u00f8r han ble kontrollert innen kvelden.<\/p>\n<p>I Andaluc\u00eda startet en stor brann i n\u00e6rheten av Tarifa (Cadiz -provinsen) 5. august i Campingplassen Torre de La Pe\u00f1a. Det tvang raskt evakueringen av over 1500 mennesker, nedleggelse av N-340 motorveien, og brakte mer enn 5000 kj\u00f8ret\u00f8yer til stillhet da brannmenn og luftenheter kjempet mot brannen.<\/p>\n<p>P\u00e5 Costa del Sol brant et brann i n\u00e6rheten av Casares 21. juli p\u00e5 begge sider av A-377-veien, noe som f\u00f8rte til at dens nedleggelse mens Plan Infoca-team og helikoptre taklet flammene.<\/p>\n<div class=\"wordpress-content\">\n<div class=\"wordpress-content\">\n<div class=\"wordpress-content\">\n<div class=\"wordpress-content\">\n<div class=\"wordpress-content\">\n<div class=\"wordpress-content\">\n<div class=\"wordpress-content\">\n<div class=\"wordpress-content\">\n<div class=\"wordpress-content\">\n<div class=\"wordpress-content\">\n<div class=\"wordpress-content\">\n<div class=\"wordpress-content\">\n<div class=\"wordpress-content\">\n<div class=\"wordpress-content\">\n<div class=\"wordpress-content\">\n<div class=\"wordpress-content\">\n<div class=\"wordpress-content\">\n<div class=\"wordpress-content\">\n<div class=\"wordpress-content\">\n<div class=\"wordpress-content\">\n<div class=\"wordpress-content\">\n<div class=\"wordpress-content\">\n<div class=\"wordpress-content\">\n<div class=\"wordpress-content\">\n<div class=\"wordpress-content\">\n<div class=\"wordpress-content\">\n<div class=\"wordpress-content\">\n<div class=\"wordpress-content\">\n<div class=\"wordpress-content\">\n<div class=\"wordpress-content\">\n<div class=\"wordpress-content\">\n<div class=\"wordpress-content\">\n<div class=\"wordpress-content\">\n<div class=\"wordpress-content\">\n<div class=\"wordpress-content\">\n<div class=\"wordpress-content\">\n<div class=\"wordpress-content\">\n<div class=\"wordpress-content\">\n<p>F\u00f8lg med for de siste nyhetene om Europa og Spania.<\/p>\n<\/div>\n<\/div>\n<\/div>\n<\/div>\n<\/div>\n<\/div>\n<\/div>\n<\/div>\n<\/div>\n<\/div>\n<\/div>\n<\/div>\n<\/div>\n<\/div>\n<\/div>\n<\/div>\n<\/div>\n<\/div>\n<\/div>\n<\/div>\n<\/div>\n<\/div>\n<\/div>\n<\/div>\n<\/div>\n<\/div>\n<\/div>\n<\/div>\n<\/div>\n<\/div>\n<\/div>\n<\/div>\n<\/div>\n<\/div>\n<\/div>\n<\/div>\n<\/div>\n<\/div>\n<p>                    <!-- This article has been originally published at https:\/\/euroweeklynews.com\/2025\/08\/09\/what-to-do-if-you-face-a-wildfire-while-driving\/ on 09 Aug 2025 at 21:10 by Santiago Carneri --><br \/>\n                    <!-- Article End -->\n                <\/div>\n<div class=\"wordpress-content\">\n<div class=\"wordpress-content\">\n<div class=\"wordpress-content\">\n<div class=\"wordpress-content\">\n<div class=\"wordpress-content\">\n<div class=\"wordpress-content\">\n<div class=\"wordpress-content\">\n<div class=\"wordpress-content\">\n<div class=\"wordpress-content\">\n<div class=\"wordpress-content\">\n<div class=\"wordpress-content\">\n<div class=\"wordpress-content\">\n<div class=\"wordpress-content\">\n<div class=\"wordpress-content\">\n<div class=\"wordpress-content\">\n<div class=\"wordpress-content\">\n<div class=\"wordpress-content\">\n<div class=\"wordpress-content\">\n<div class=\"wordpress-content\">\n<div class=\"wordpress-content\">\n<div class=\"wordpress-content\">\n<div class=\"wordpress-content\">\n<div class=\"wordpress-content\">\n<div class=\"wordpress-content\">\n<div class=\"wordpress-content\">\n<div class=\"wordpress-content\">\n<div class=\"wordpress-content\">\n<div class=\"wordpress-content\">\n<div class=\"wordpress-content\">\n<div class=\"wordpress-content\">\n<div class=\"wordpress-content\">\n<div class=\"wordpress-content\">\n<div class=\"wordpress-content\">\n<div class=\"wordpress-content\">\n<div class=\"wordpress-content\">\n<div class=\"wordpress-content\">\n<div class=\"wordpress-content\">\n<div class=\"wordpress-content\">\n<p>F\u00f8lg med for de siste nyhetene om Europa og Spania.<\/p>\n<\/div>\n<\/div>\n<\/div>\n<\/div>\n<\/div>\n<\/div>\n<\/div>\n<\/div>\n<\/div>\n<\/div>\n<\/div>\n<\/div>\n<\/div>\n<\/div>\n<\/div>\n<\/div>\n<\/div>\n<\/div>\n<\/div>\n<\/div>\n<\/div>\n<\/div>\n<\/div>\n<\/div>\n<\/div>\n<\/div>\n<\/div>\n<\/div>\n<\/div>\n<\/div>\n<\/div>\n<\/div>\n<\/div>\n<\/div>\n<\/div>\n<\/div>\n<\/div>\n<\/div>\n<div class=\"wordpress-content\">\n<div class=\"wordpress-content\">\n<div class=\"wordpress-content\">\n<div class=\"wordpress-content\">\n<div class=\"wordpress-content\">\n<div class=\"wordpress-content\">\n<div class=\"wordpress-content\">\n<div class=\"wordpress-content\">\n<div class=\"wordpress-content\">\n<div class=\"wordpress-content\">\n<div class=\"wordpress-content\">\n<div class=\"wordpress-content\">\n<div class=\"wordpress-content\">\n<div class=\"wordpress-content\">\n<div class=\"wordpress-content\">\n<div class=\"wordpress-content\">\n<div class=\"wordpress-content\">\n<div class=\"wordpress-content\">\n<div class=\"wordpress-content\">\n<div class=\"wordpress-content\">\n<div class=\"wordpress-content\">\n<div class=\"wordpress-content\">\n<div class=\"wordpress-content\">\n<div class=\"wordpress-content\">\n<div class=\"wordpress-content\">\n<div class=\"wordpress-content\">\n<div class=\"wordpress-content\">\n<div class=\"wordpress-content\">\n<div class=\"wordpress-content\">\n<div class=\"wordpress-content\">\n<div class=\"wordpress-content\">\n<div class=\"wordpress-content\">\n<div class=\"wordpress-content\">\n<div class=\"wordpress-content\">\n<div class=\"wordpress-content\">\n<div class=\"wordpress-content\">\n<div class=\"wordpress-content\">\n<p>F\u00f8lg med for de siste nyhetene om Europa og Spania.<\/p>\n<\/div>\n<\/div>\n<\/div>\n<\/div>\n<\/div>\n<\/div>\n<\/div>\n<\/div>\n<\/div>\n<\/div>\n<\/div>\n<\/div>\n<\/div>\n<\/div>\n<\/div>\n<\/div>\n<\/div>\n<\/div>\n<\/div>\n<\/div>\n<\/div>\n<\/div>\n<\/div>\n<\/div>\n<\/div>\n<\/div>\n<\/div>\n<\/div>\n<\/div>\n<\/div>\n<\/div>\n<\/div>\n<\/div>\n<\/div>\n<\/div>\n<\/div>\n<\/div>\n<div class=\"wordpress-content\">\n<div class=\"wordpress-content\">\n<div class=\"wordpress-content\">\n<div class=\"wordpress-content\">\n<div class=\"wordpress-content\">\n<div class=\"wordpress-content\">\n<div class=\"wordpress-content\">\n<div class=\"wordpress-content\">\n<div class=\"wordpress-content\">\n<div class=\"wordpress-content\">\n<div class=\"wordpress-content\">\n<div class=\"wordpress-content\">\n<div class=\"wordpress-content\">\n<div class=\"wordpress-content\">\n<div class=\"wordpress-content\">\n<div class=\"wordpress-content\">\n<div class=\"wordpress-content\">\n<div class=\"wordpress-content\">\n<div class=\"wordpress-content\">\n<div class=\"wordpress-content\">\n<div class=\"wordpress-content\">\n<div class=\"wordpress-content\">\n<div class=\"wordpress-content\">\n<div class=\"wordpress-content\">\n<div class=\"wordpress-content\">\n<div class=\"wordpress-content\">\n<div class=\"wordpress-content\">\n<div class=\"wordpress-content\">\n<div class=\"wordpress-content\">\n<div class=\"wordpress-content\">\n<div class=\"wordpress-content\">\n<div class=\"wordpress-content\">\n<div class=\"wordpress-content\">\n<div class=\"wordpress-content\">\n<div class=\"wordpress-content\">\n<div class=\"wordpress-content\">\n<p>F\u00f8lg med for de siste nyhetene om Europa og Spania.<\/p>\n<\/div>\n<\/div>\n<\/div>\n<\/div>\n<\/div>\n<\/div>\n<\/div>\n<\/div>\n<\/div>\n<\/div>\n<\/div>\n<\/div>\n<\/div>\n<\/div>\n<\/div>\n<\/div>\n<\/div>\n<\/div>\n<\/div>\n<\/div>\n<\/div>\n<\/div>\n<\/div>\n<\/div>\n<\/div>\n<\/div>\n<\/div>\n<\/div>\n<\/div>\n<\/div>\n<\/div>\n<\/div>\n<\/div>\n<\/div>\n<\/div>\n<\/div>\n<div class=\"wordpress-content\">\n<div class=\"wordpress-content\">\n<div class=\"wordpress-content\">\n<div class=\"wordpress-content\">\n<div class=\"wordpress-content\">\n<div class=\"wordpress-content\">\n<div class=\"wordpress-content\">\n<div class=\"wordpress-content\">\n<div class=\"wordpress-content\">\n<div class=\"wordpress-content\">\n<div class=\"wordpress-content\">\n<div class=\"wordpress-content\">\n<div class=\"wordpress-content\">\n<div class=\"wordpress-content\">\n<div class=\"wordpress-content\">\n<div class=\"wordpress-content\">\n<div class=\"wordpress-content\">\n<div class=\"wordpress-content\">\n<div class=\"wordpress-content\">\n<div class=\"wordpress-content\">\n<div class=\"wordpress-content\">\n<div class=\"wordpress-content\">\n<div class=\"wordpress-content\">\n<div class=\"wordpress-content\">\n<div class=\"wordpress-content\">\n<div class=\"wordpress-content\">\n<div class=\"wordpress-content\">\n<div class=\"wordpress-content\">\n<div class=\"wordpress-content\">\n<div class=\"wordpress-content\">\n<div class=\"wordpress-content\">\n<div class=\"wordpress-content\">\n<div class=\"wordpress-content\">\n<div class=\"wordpress-content\">\n<div class=\"wordpress-content\">\n<p>F\u00f8lg med for de siste nyhetene om Europa og Spania.<\/p>\n<\/div>\n<\/div>\n<\/div>\n<\/div>\n<\/div>\n<\/div>\n<\/div>\n<\/div>\n<\/div>\n<\/div>\n<\/div>\n<\/div>\n<\/div>\n<\/div>\n<\/div>\n<\/div>\n<\/div>\n<\/div>\n<\/div>\n<\/div>\n<\/div>\n<\/div>\n<\/div>\n<\/div>\n<\/div>\n<\/div>\n<\/div>\n<\/div>\n<\/div>\n<\/div>\n<\/div>\n<\/div>\n<\/div>\n<\/div>\n<\/div>\n<div class=\"wordpress-content\">\n<div class=\"wordpress-content\">\n<div class=\"wordpress-content\">\n<div class=\"wordpress-content\">\n<div class=\"wordpress-content\">\n<div class=\"wordpress-content\">\n<div class=\"wordpress-content\">\n<div class=\"wordpress-content\">\n<div class=\"wordpress-content\">\n<div class=\"wordpress-content\">\n<div class=\"wordpress-content\">\n<div class=\"wordpress-content\">\n<div class=\"wordpress-content\">\n<div class=\"wordpress-content\">\n<div class=\"wordpress-content\">\n<div class=\"wordpress-content\">\n<div class=\"wordpress-content\">\n<div class=\"wordpress-content\">\n<div class=\"wordpress-content\">\n<div class=\"wordpress-content\">\n<div class=\"wordpress-content\">\n<div class=\"wordpress-content\">\n<div class=\"wordpress-content\">\n<div class=\"wordpress-content\">\n<div class=\"wordpress-content\">\n<div class=\"wordpress-content\">\n<div class=\"wordpress-content\">\n<div class=\"wordpress-content\">\n<div class=\"wordpress-content\">\n<div class=\"wordpress-content\">\n<div class=\"wordpress-content\">\n<div class=\"wordpress-content\">\n<div class=\"wordpress-content\">\n<div class=\"wordpress-content\">\n<p>F\u00f8lg med for de siste nyhetene om Europa og Spania.<\/p>\n<\/div>\n<\/div>\n<\/div>\n<\/div>\n<\/div>\n<\/div>\n<\/div>\n<\/div>\n<\/div>\n<\/div>\n<\/div>\n<\/div>\n<\/div>\n<\/div>\n<\/div>\n<\/div>\n<\/div>\n<\/div>\n<\/div>\n<\/div>\n<\/div>\n<\/div>\n<\/div>\n<\/div>\n<\/div>\n<\/div>\n<\/div>\n<\/div>\n<\/div>\n<\/div>\n<\/div>\n<\/div>\n<\/div>\n<\/div>\n<div class=\"wordpress-content\">\n<div class=\"wordpress-content\">\n<div class=\"wordpress-content\">\n<div class=\"wordpress-content\">\n<div class=\"wordpress-content\">\n<div class=\"wordpress-content\">\n<div class=\"wordpress-content\">\n<div class=\"wordpress-content\">\n<div class=\"wordpress-content\">\n<div class=\"wordpress-content\">\n<div class=\"wordpress-content\">\n<div class=\"wordpress-content\">\n<div class=\"wordpress-content\">\n<div class=\"wordpress-content\">\n<div class=\"wordpress-content\">\n<div class=\"wordpress-content\">\n<div class=\"wordpress-content\">\n<div class=\"wordpress-content\">\n<div class=\"wordpress-content\">\n<div class=\"wordpress-content\">\n<div class=\"wordpress-content\">\n<div class=\"wordpress-content\">\n<div class=\"wordpress-content\">\n<div class=\"wordpress-content\">\n<div class=\"wordpress-content\">\n<div class=\"wordpress-content\">\n<div class=\"wordpress-content\">\n<div class=\"wordpress-content\">\n<div class=\"wordpress-content\">\n<div class=\"wordpress-content\">\n<div class=\"wordpress-content\">\n<div class=\"wordpress-content\">\n<div class=\"wordpress-content\">\n<p>F\u00f8lg med for de siste nyhetene om Europa og Spania.<\/p>\n<\/div>\n<\/div>\n<\/div>\n<\/div>\n<\/div>\n<\/div>\n<\/div>\n<\/div>\n<\/div>\n<\/div>\n<\/div>\n<\/div>\n<\/div>\n<\/div>\n<\/div>\n<\/div>\n<\/div>\n<\/div>\n<\/div>\n<\/div>\n<\/div>\n<\/div>\n<\/div>\n<\/div>\n<\/div>\n<\/div>\n<\/div>\n<\/div>\n<\/div>\n<\/div>\n<\/div>\n<\/div>\n<\/div>\n<div class=\"wordpress-content\">\n<div class=\"wordpress-content\">\n<div class=\"wordpress-content\">\n<div class=\"wordpress-content\">\n<div class=\"wordpress-content\">\n<div class=\"wordpress-content\">\n<div class=\"wordpress-content\">\n<div class=\"wordpress-content\">\n<div class=\"wordpress-content\">\n<div class=\"wordpress-content\">\n<div class=\"wordpress-content\">\n<div class=\"wordpress-content\">\n<div class=\"wordpress-content\">\n<div class=\"wordpress-content\">\n<div class=\"wordpress-content\">\n<div class=\"wordpress-content\">\n<div class=\"wordpress-content\">\n<div class=\"wordpress-content\">\n<div class=\"wordpress-content\">\n<div class=\"wordpress-content\">\n<div class=\"wordpress-content\">\n<div class=\"wordpress-content\">\n<div class=\"wordpress-content\">\n<div class=\"wordpress-content\">\n<div class=\"wordpress-content\">\n<div class=\"wordpress-content\">\n<div class=\"wordpress-content\">\n<div class=\"wordpress-content\">\n<div class=\"wordpress-content\">\n<div class=\"wordpress-content\">\n<div class=\"wordpress-content\">\n<div class=\"wordpress-content\">\n<p>F\u00f8lg med for de siste nyhetene om Europa og Spania.<\/p>\n<\/div>\n<\/div>\n<\/div>\n<\/div>\n<\/div>\n<\/div>\n<\/div>\n<\/div>\n<\/div>\n<\/div>\n<\/div>\n<\/div>\n<\/div>\n<\/div>\n<\/div>\n<\/div>\n<\/div>\n<\/div>\n<\/div>\n<\/div>\n<\/div>\n<\/div>\n<\/div>\n<\/div>\n<\/div>\n<\/div>\n<\/div>\n<\/div>\n<\/div>\n<\/div>\n<\/div>\n<\/div>\n<div class=\"wordpress-content\">\n<div class=\"wordpress-content\">\n<div class=\"wordpress-content\">\n<div class=\"wordpress-content\">\n<div class=\"wordpress-content\">\n<div class=\"wordpress-content\">\n<div class=\"wordpress-content\">\n<div class=\"wordpress-content\">\n<div class=\"wordpress-content\">\n<div class=\"wordpress-content\">\n<div class=\"wordpress-content\">\n<div class=\"wordpress-content\">\n<div class=\"wordpress-content\">\n<div class=\"wordpress-content\">\n<div class=\"wordpress-content\">\n<div class=\"wordpress-content\">\n<div class=\"wordpress-content\">\n<div class=\"wordpress-content\">\n<div class=\"wordpress-content\">\n<div class=\"wordpress-content\">\n<div class=\"wordpress-content\">\n<div class=\"wordpress-content\">\n<div class=\"wordpress-content\">\n<div class=\"wordpress-content\">\n<div class=\"wordpress-content\">\n<div class=\"wordpress-content\">\n<div class=\"wordpress-content\">\n<div class=\"wordpress-content\">\n<div class=\"wordpress-content\">\n<div class=\"wordpress-content\">\n<div class=\"wordpress-content\">\n<p>F\u00f8lg med for de siste nyhetene om Europa og Spania.<\/p>\n<\/div>\n<\/div>\n<\/div>\n<\/div>\n<\/div>\n<\/div>\n<\/div>\n<\/div>\n<\/div>\n<\/div>\n<\/div>\n<\/div>\n<\/div>\n<\/div>\n<\/div>\n<\/div>\n<\/div>\n<\/div>\n<\/div>\n<\/div>\n<\/div>\n<\/div>\n<\/div>\n<\/div>\n<\/div>\n<\/div>\n<\/div>\n<\/div>\n<\/div>\n<\/div>\n<\/div>\n<div class=\"wordpress-content\">\n<div class=\"wordpress-content\">\n<div class=\"wordpress-content\">\n<div class=\"wordpress-content\">\n<div class=\"wordpress-content\">\n<div class=\"wordpress-content\">\n<div class=\"wordpress-content\">\n<div class=\"wordpress-content\">\n<div class=\"wordpress-content\">\n<div class=\"wordpress-content\">\n<div class=\"wordpress-content\">\n<div class=\"wordpress-content\">\n<div class=\"wordpress-content\">\n<div class=\"wordpress-content\">\n<div class=\"wordpress-content\">\n<div class=\"wordpress-content\">\n<div class=\"wordpress-content\">\n<div class=\"wordpress-content\">\n<div class=\"wordpress-content\">\n<div class=\"wordpress-content\">\n<div class=\"wordpress-content\">\n<div class=\"wordpress-content\">\n<div class=\"wordpress-content\">\n<div class=\"wordpress-content\">\n<div class=\"wordpress-content\">\n<div class=\"wordpress-content\">\n<div class=\"wordpress-content\">\n<div class=\"wordpress-content\">\n<div class=\"wordpress-content\">\n<div class=\"wordpress-content\">\n<p>F\u00f8lg med for de siste nyhetene om Europa og Spania.<\/p>\n<\/div>\n<\/div>\n<\/div>\n<\/div>\n<\/div>\n<\/div>\n<\/div>\n<\/div>\n<\/div>\n<\/div>\n<\/div>\n<\/div>\n<\/div>\n<\/div>\n<\/div>\n<\/div>\n<\/div>\n<\/div>\n<\/div>\n<\/div>\n<\/div>\n<\/div>\n<\/div>\n<\/div>\n<\/div>\n<\/div>\n<\/div>\n<\/div>\n<\/div>\n<\/div>\n<div class=\"wordpress-content\">\n<div class=\"wordpress-content\">\n<div class=\"wordpress-content\">\n<div class=\"wordpress-content\">\n<div class=\"wordpress-content\">\n<div class=\"wordpress-content\">\n<div class=\"wordpress-content\">\n<div class=\"wordpress-content\">\n<div class=\"wordpress-content\">\n<div class=\"wordpress-content\">\n<div class=\"wordpress-content\">\n<div class=\"wordpress-content\">\n<div class=\"wordpress-content\">\n<div class=\"wordpress-content\">\n<div class=\"wordpress-content\">\n<div class=\"wordpress-content\">\n<div class=\"wordpress-content\">\n<div class=\"wordpress-content\">\n<div class=\"wordpress-content\">\n<div class=\"wordpress-content\">\n<div class=\"wordpress-content\">\n<div class=\"wordpress-content\">\n<div class=\"wordpress-content\">\n<div class=\"wordpress-content\">\n<div class=\"wordpress-content\">\n<div class=\"wordpress-content\">\n<div class=\"wordpress-content\">\n<div class=\"wordpress-content\">\n<div class=\"wordpress-content\">\n<p>F\u00f8lg med for de siste nyhetene om Europa og Spania.<\/p>\n<\/div>\n<\/div>\n<\/div>\n<\/div>\n<\/div>\n<\/div>\n<\/div>\n<\/div>\n<\/div>\n<\/div>\n<\/div>\n<\/div>\n<\/div>\n<\/div>\n<\/div>\n<\/div>\n<\/div>\n<\/div>\n<\/div>\n<\/div>\n<\/div>\n<\/div>\n<\/div>\n<\/div>\n<\/div>\n<\/div>\n<\/div>\n<\/div>\n<\/div>\n<div class=\"wordpress-content\">\n<div class=\"wordpress-content\">\n<div class=\"wordpress-content\">\n<div class=\"wordpress-content\">\n<div class=\"wordpress-content\">\n<div class=\"wordpress-content\">\n<div class=\"wordpress-content\">\n<div class=\"wordpress-content\">\n<div class=\"wordpress-content\">\n<div class=\"wordpress-content\">\n<div class=\"wordpress-content\">\n<div class=\"wordpress-content\">\n<div class=\"wordpress-content\">\n<div class=\"wordpress-content\">\n<div class=\"wordpress-content\">\n<div class=\"wordpress-content\">\n<div class=\"wordpress-content\">\n<div class=\"wordpress-content\">\n<div class=\"wordpress-content\">\n<div class=\"wordpress-content\">\n<div class=\"wordpress-content\">\n<div class=\"wordpress-content\">\n<div class=\"wordpress-content\">\n<div class=\"wordpress-content\">\n<div class=\"wordpress-content\">\n<div class=\"wordpress-content\">\n<div class=\"wordpress-content\">\n<div class=\"wordpress-content\">\n<p>F\u00f8lg med for de siste nyhetene om Europa og Spania.<\/p>\n<\/div>\n<\/div>\n<\/div>\n<\/div>\n<\/div>\n<\/div>\n<\/div>\n<\/div>\n<\/div>\n<\/div>\n<\/div>\n<\/div>\n<\/div>\n<\/div>\n<\/div>\n<\/div>\n<\/div>\n<\/div>\n<\/div>\n<\/div>\n<\/div>\n<\/div>\n<\/div>\n<\/div>\n<\/div>\n<\/div>\n<\/div>\n<\/div>\n<div class=\"wordpress-content\">\n<div class=\"wordpress-content\">\n<div class=\"wordpress-content\">\n<div class=\"wordpress-content\">\n<div class=\"wordpress-content\">\n<div class=\"wordpress-content\">\n<div class=\"wordpress-content\">\n<div class=\"wordpress-content\">\n<div class=\"wordpress-content\">\n<div class=\"wordpress-content\">\n<div class=\"wordpress-content\">\n<div class=\"wordpress-content\">\n<div class=\"wordpress-content\">\n<div class=\"wordpress-content\">\n<div class=\"wordpress-content\">\n<div class=\"wordpress-content\">\n<div class=\"wordpress-content\">\n<div class=\"wordpress-content\">\n<div class=\"wordpress-content\">\n<div class=\"wordpress-content\">\n<div class=\"wordpress-content\">\n<div class=\"wordpress-content\">\n<div class=\"wordpress-content\">\n<div class=\"wordpress-content\">\n<div class=\"wordpress-content\">\n<div class=\"wordpress-content\">\n<div class=\"wordpress-content\">\n<p>F\u00f8lg med for de siste nyhetene om Europa og Spania.<\/p>\n<\/div>\n<\/div>\n<\/div>\n<\/div>\n<\/div>\n<\/div>\n<\/div>\n<\/div>\n<\/div>\n<\/div>\n<\/div>\n<\/div>\n<\/div>\n<\/div>\n<\/div>\n<\/div>\n<\/div>\n<\/div>\n<\/div>\n<\/div>\n<\/div>\n<\/div>\n<\/div>\n<\/div>\n<\/div>\n<\/div>\n<\/div>\n<div class=\"wordpress-content\">\n<div class=\"wordpress-content\">\n<div class=\"wordpress-content\">\n<div class=\"wordpress-content\">\n<div class=\"wordpress-content\">\n<div class=\"wordpress-content\">\n<div class=\"wordpress-content\">\n<div class=\"wordpress-content\">\n<div class=\"wordpress-content\">\n<div class=\"wordpress-content\">\n<div class=\"wordpress-content\">\n<div class=\"wordpress-content\">\n<div class=\"wordpress-content\">\n<div class=\"wordpress-content\">\n<div class=\"wordpress-content\">\n<div class=\"wordpress-content\">\n<div class=\"wordpress-content\">\n<div class=\"wordpress-content\">\n<div class=\"wordpress-content\">\n<div class=\"wordpress-content\">\n<div class=\"wordpress-content\">\n<div class=\"wordpress-content\">\n<div class=\"wordpress-content\">\n<div class=\"wordpress-content\">\n<div class=\"wordpress-content\">\n<div class=\"wordpress-content\">\n<p>F\u00f8lg med for de siste nyhetene om Europa og Spania.<\/p>\n<\/div>\n<\/div>\n<\/div>\n<\/div>\n<\/div>\n<\/div>\n<\/div>\n<\/div>\n<\/div>\n<\/div>\n<\/div>\n<\/div>\n<\/div>\n<\/div>\n<\/div>\n<\/div>\n<\/div>\n<\/div>\n<\/div>\n<\/div>\n<\/div>\n<\/div>\n<\/div>\n<\/div>\n<\/div>\n<\/div>\n<div class=\"wordpress-content\">\n<div class=\"wordpress-content\">\n<div class=\"wordpress-content\">\n<div class=\"wordpress-content\">\n<div class=\"wordpress-content\">\n<div class=\"wordpress-content\">\n<div class=\"wordpress-content\">\n<div class=\"wordpress-content\">\n<div class=\"wordpress-content\">\n<div class=\"wordpress-content\">\n<div class=\"wordpress-content\">\n<div class=\"wordpress-content\">\n<div class=\"wordpress-content\">\n<div class=\"wordpress-content\">\n<div class=\"wordpress-content\">\n<div class=\"wordpress-content\">\n<div class=\"wordpress-content\">\n<div class=\"wordpress-content\">\n<div class=\"wordpress-content\">\n<div class=\"wordpress-content\">\n<div class=\"wordpress-content\">\n<div class=\"wordpress-content\">\n<div class=\"wordpress-content\">\n<div class=\"wordpress-content\">\n<div class=\"wordpress-content\">\n<p>F\u00f8lg med for de siste nyhetene om Europa og Spania.<\/p>\n<\/div>\n<\/div>\n<\/div>\n<\/div>\n<\/div>\n<\/div>\n<\/div>\n<\/div>\n<\/div>\n<\/div>\n<\/div>\n<\/div>\n<\/div>\n<\/div>\n<\/div>\n<\/div>\n<\/div>\n<\/div>\n<\/div>\n<\/div>\n<\/div>\n<\/div>\n<\/div>\n<\/div>\n<\/div>\n<div class=\"wordpress-content\">\n<div class=\"wordpress-content\">\n<div class=\"wordpress-content\">\n<div class=\"wordpress-content\">\n<div class=\"wordpress-content\">\n<div class=\"wordpress-content\">\n<div class=\"wordpress-content\">\n<div class=\"wordpress-content\">\n<div class=\"wordpress-content\">\n<div class=\"wordpress-content\">\n<div class=\"wordpress-content\">\n<div class=\"wordpress-content\">\n<div class=\"wordpress-content\">\n<div class=\"wordpress-content\">\n<div class=\"wordpress-content\">\n<div class=\"wordpress-content\">\n<div class=\"wordpress-content\">\n<div class=\"wordpress-content\">\n<div class=\"wordpress-content\">\n<div class=\"wordpress-content\">\n<div class=\"wordpress-content\">\n<div class=\"wordpress-content\">\n<div class=\"wordpress-content\">\n<div class=\"wordpress-content\">\n<p>F\u00f8lg med for de siste nyhetene om Europa og Spania.<\/p>\n<\/div>\n<\/div>\n<\/div>\n<\/div>\n<\/div>\n<\/div>\n<\/div>\n<\/div>\n<\/div>\n<\/div>\n<\/div>\n<\/div>\n<\/div>\n<\/div>\n<\/div>\n<\/div>\n<\/div>\n<\/div>\n<\/div>\n<\/div>\n<\/div>\n<\/div>\n<\/div>\n<\/div>\n<div class=\"wordpress-content\">\n<div class=\"wordpress-content\">\n<div class=\"wordpress-content\">\n<div class=\"wordpress-content\">\n<div class=\"wordpress-content\">\n<div class=\"wordpress-content\">\n<div class=\"wordpress-content\">\n<div class=\"wordpress-content\">\n<div class=\"wordpress-content\">\n<div class=\"wordpress-content\">\n<div class=\"wordpress-content\">\n<div class=\"wordpress-content\">\n<div class=\"wordpress-content\">\n<div class=\"wordpress-content\">\n<div class=\"wordpress-content\">\n<div class=\"wordpress-content\">\n<div class=\"wordpress-content\">\n<div class=\"wordpress-content\">\n<div class=\"wordpress-content\">\n<div class=\"wordpress-content\">\n<div class=\"wordpress-content\">\n<div class=\"wordpress-content\">\n<div class=\"wordpress-content\">\n<p>F\u00f8lg med for de siste nyhetene om Europa og Spania.<\/p>\n<\/div>\n<\/div>\n<\/div>\n<\/div>\n<\/div>\n<\/div>\n<\/div>\n<\/div>\n<\/div>\n<\/div>\n<\/div>\n<\/div>\n<\/div>\n<\/div>\n<\/div>\n<\/div>\n<\/div>\n<\/div>\n<\/div>\n<\/div>\n<\/div>\n<\/div>\n<\/div>\n<div class=\"wordpress-content\">\n<div class=\"wordpress-content\">\n<div class=\"wordpress-content\">\n<div class=\"wordpress-content\">\n<div class=\"wordpress-content\">\n<div class=\"wordpress-content\">\n<div class=\"wordpress-content\">\n<div class=\"wordpress-content\">\n<div class=\"wordpress-content\">\n<div class=\"wordpress-content\">\n<div class=\"wordpress-content\">\n<div class=\"wordpress-content\">\n<div class=\"wordpress-content\">\n<div class=\"wordpress-content\">\n<div class=\"wordpress-content\">\n<div class=\"wordpress-content\">\n<div class=\"wordpress-content\">\n<div class=\"wordpress-content\">\n<div class=\"wordpress-content\">\n<div class=\"wordpress-content\">\n<div class=\"wordpress-content\">\n<div class=\"wordpress-content\">\n<p>F\u00f8lg med for de siste nyhetene om Europa og Spania.<\/p>\n<\/div>\n<\/div>\n<\/div>\n<\/div>\n<\/div>\n<\/div>\n<\/div>\n<\/div>\n<\/div>\n<\/div>\n<\/div>\n<\/div>\n<\/div>\n<\/div>\n<\/div>\n<\/div>\n<\/div>\n<\/div>\n<\/div>\n<\/div>\n<\/div>\n<\/div>\n<div class=\"wordpress-content\">\n<div class=\"wordpress-content\">\n<div class=\"wordpress-content\">\n<div class=\"wordpress-content\">\n<div class=\"wordpress-content\">\n<div class=\"wordpress-content\">\n<div class=\"wordpress-content\">\n<div class=\"wordpress-content\">\n<div class=\"wordpress-content\">\n<div class=\"wordpress-content\">\n<div class=\"wordpress-content\">\n<div class=\"wordpress-content\">\n<div class=\"wordpress-content\">\n<div class=\"wordpress-content\">\n<div class=\"wordpress-content\">\n<div class=\"wordpress-content\">\n<div class=\"wordpress-content\">\n<div class=\"wordpress-content\">\n<div class=\"wordpress-content\">\n<div class=\"wordpress-content\">\n<div class=\"wordpress-content\">\n<p>F\u00f8lg med for de siste nyhetene om Europa og Spania.<\/p>\n<\/div>\n<\/div>\n<\/div>\n<\/div>\n<\/div>\n<\/div>\n<\/div>\n<\/div>\n<\/div>\n<\/div>\n<\/div>\n<\/div>\n<\/div>\n<\/div>\n<\/div>\n<\/div>\n<\/div>\n<\/div>\n<\/div>\n<\/div>\n<\/div>\n<div class=\"wordpress-content\">\n<div class=\"wordpress-content\">\n<div class=\"wordpress-content\">\n<div class=\"wordpress-content\">\n<div class=\"wordpress-content\">\n<div class=\"wordpress-content\">\n<div class=\"wordpress-content\">\n<div class=\"wordpress-content\">\n<div class=\"wordpress-content\">\n<div class=\"wordpress-content\">\n<div class=\"wordpress-content\">\n<div class=\"wordpress-content\">\n<div class=\"wordpress-content\">\n<div class=\"wordpress-content\">\n<div class=\"wordpress-content\">\n<div class=\"wordpress-content\">\n<div class=\"wordpress-content\">\n<div class=\"wordpress-content\">\n<div class=\"wordpress-content\">\n<div class=\"wordpress-content\">\n<p>F\u00f8lg med for de siste nyhetene om Europa og Spania.<\/p>\n<\/div>\n<\/div>\n<\/div>\n<\/div>\n<\/div>\n<\/div>\n<\/div>\n<\/div>\n<\/div>\n<\/div>\n<\/div>\n<\/div>\n<\/div>\n<\/div>\n<\/div>\n<\/div>\n<\/div>\n<\/div>\n<\/div>\n<\/div>\n<div class=\"wordpress-content\">\n<div class=\"wordpress-content\">\n<div class=\"wordpress-content\">\n<div class=\"wordpress-content\">\n<div class=\"wordpress-content\">\n<div class=\"wordpress-content\">\n<div class=\"wordpress-content\">\n<div class=\"wordpress-content\">\n<div class=\"wordpress-content\">\n<div class=\"wordpress-content\">\n<div class=\"wordpress-content\">\n<div class=\"wordpress-content\">\n<div class=\"wordpress-content\">\n<div class=\"wordpress-content\">\n<div class=\"wordpress-content\">\n<div class=\"wordpress-content\">\n<div class=\"wordpress-content\">\n<div class=\"wordpress-content\">\n<div class=\"wordpress-content\">\n<p>F\u00f8lg med for de siste nyhetene om Europa og Spania.<\/p>\n<\/div>\n<\/div>\n<\/div>\n<\/div>\n<\/div>\n<\/div>\n<\/div>\n<\/div>\n<\/div>\n<\/div>\n<\/div>\n<\/div>\n<\/div>\n<\/div>\n<\/div>\n<\/div>\n<\/div>\n<\/div>\n<\/div>\n<div class=\"wordpress-content\">\n<div class=\"wordpress-content\">\n<div class=\"wordpress-content\">\n<div class=\"wordpress-content\">\n<div class=\"wordpress-content\">\n<div class=\"wordpress-content\">\n<div class=\"wordpress-content\">\n<div class=\"wordpress-content\">\n<div class=\"wordpress-content\">\n<div class=\"wordpress-content\">\n<div class=\"wordpress-content\">\n<div class=\"wordpress-content\">\n<div class=\"wordpress-content\">\n<div class=\"wordpress-content\">\n<div class=\"wordpress-content\">\n<div class=\"wordpress-content\">\n<div class=\"wordpress-content\">\n<div class=\"wordpress-content\">\n<p>F\u00f8lg med for de siste nyhetene om Europa og Spania.<\/p>\n<\/div>\n<\/div>\n<\/div>\n<\/div>\n<\/div>\n<\/div>\n<\/div>\n<\/div>\n<\/div>\n<\/div>\n<\/div>\n<\/div>\n<\/div>\n<\/div>\n<\/div>\n<\/div>\n<\/div>\n<\/div>\n<div class=\"wordpress-content\">\n<div class=\"wordpress-content\">\n<div class=\"wordpress-content\">\n<div class=\"wordpress-content\">\n<div class=\"wordpress-content\">\n<div class=\"wordpress-content\">\n<div class=\"wordpress-content\">\n<div class=\"wordpress-content\">\n<div class=\"wordpress-content\">\n<div class=\"wordpress-content\">\n<div class=\"wordpress-content\">\n<div class=\"wordpress-content\">\n<div class=\"wordpress-content\">\n<div class=\"wordpress-content\">\n<div class=\"wordpress-content\">\n<div class=\"wordpress-content\">\n<div class=\"wordpress-content\">\n<p>F\u00f8lg med for de siste nyhetene om Europa og Spania.<\/p>\n<\/div>\n<\/div>\n<\/div>\n<\/div>\n<\/div>\n<\/div>\n<\/div>\n<\/div>\n<\/div>\n<\/div>\n<\/div>\n<\/div>\n<\/div>\n<\/div>\n<\/div>\n<\/div>\n<\/div>\n<div class=\"wordpress-content\">\n<div class=\"wordpress-content\">\n<div class=\"wordpress-content\">\n<div class=\"wordpress-content\">\n<div class=\"wordpress-content\">\n<div class=\"wordpress-content\">\n<div class=\"wordpress-content\">\n<div class=\"wordpress-content\">\n<div class=\"wordpress-content\">\n<div class=\"wordpress-content\">\n<div class=\"wordpress-content\">\n<div class=\"wordpress-content\">\n<div class=\"wordpress-content\">\n<div class=\"wordpress-content\">\n<div class=\"wordpress-content\">\n<div class=\"wordpress-content\">\n<p>F\u00f8lg med for de siste nyhetene om Europa og Spania.<\/p>\n<\/div>\n<\/div>\n<\/div>\n<\/div>\n<\/div>\n<\/div>\n<\/div>\n<\/div>\n<\/div>\n<\/div>\n<\/div>\n<\/div>\n<\/div>\n<\/div>\n<\/div>\n<\/div>\n<div class=\"wordpress-content\">\n<div class=\"wordpress-content\">\n<div class=\"wordpress-content\">\n<div class=\"wordpress-content\">\n<div class=\"wordpress-content\">\n<div class=\"wordpress-content\">\n<div class=\"wordpress-content\">\n<div class=\"wordpress-content\">\n<div class=\"wordpress-content\">\n<div class=\"wordpress-content\">\n<div class=\"wordpress-content\">\n<div class=\"wordpress-content\">\n<div class=\"wordpress-content\">\n<div class=\"wordpress-content\">\n<div class=\"wordpress-content\">\n<p>F\u00f8lg med for de siste nyhetene om Europa og Spania.<\/p>\n<\/div>\n<\/div>\n<\/div>\n<\/div>\n<\/div>\n<\/div>\n<\/div>\n<\/div>\n<\/div>\n<\/div>\n<\/div>\n<\/div>\n<\/div>\n<\/div>\n<\/div>\n<div class=\"wordpress-content\">\n<div class=\"wordpress-content\">\n<div class=\"wordpress-content\">\n<div class=\"wordpress-content\">\n<div class=\"wordpress-content\">\n<div class=\"wordpress-content\">\n<div class=\"wordpress-content\">\n<div class=\"wordpress-content\">\n<div class=\"wordpress-content\">\n<div class=\"wordpress-content\">\n<div class=\"wordpress-content\">\n<div class=\"wordpress-content\">\n<div class=\"wordpress-content\">\n<div class=\"wordpress-content\">\n<p>F\u00f8lg med for de siste nyhetene om Europa og Spania.<\/p>\n<\/div>\n<\/div>\n<\/div>\n<\/div>\n<\/div>\n<\/div>\n<\/div>\n<\/div>\n<\/div>\n<\/div>\n<\/div>\n<\/div>\n<\/div>\n<\/div>\n<div class=\"wordpress-content\">\n<div class=\"wordpress-content\">\n<div class=\"wordpress-content\">\n<div class=\"wordpress-content\">\n<div class=\"wordpress-content\">\n<div class=\"wordpress-content\">\n<div class=\"wordpress-content\">\n<div class=\"wordpress-content\">\n<div class=\"wordpress-content\">\n<div class=\"wordpress-content\">\n<div class=\"wordpress-content\">\n<div class=\"wordpress-content\">\n<div class=\"wordpress-content\">\n<p>F\u00f8lg med for de siste nyhetene om Europa og Spania.<\/p>\n<\/div>\n<\/div>\n<\/div>\n<\/div>\n<\/div>\n<\/div>\n<\/div>\n<\/div>\n<\/div>\n<\/div>\n<\/div>\n<\/div>\n<\/div>\n<div class=\"wordpress-content\">\n<div class=\"wordpress-content\">\n<div class=\"wordpress-content\">\n<div class=\"wordpress-content\">\n<div class=\"wordpress-content\">\n<div class=\"wordpress-content\">\n<div class=\"wordpress-content\">\n<div class=\"wordpress-content\">\n<div class=\"wordpress-content\">\n<div class=\"wordpress-content\">\n<div class=\"wordpress-content\">\n<div class=\"wordpress-content\">\n<p>F\u00f8lg med for de siste nyhetene om Europa og Spania.<\/p>\n<\/div>\n<\/div>\n<\/div>\n<\/div>\n<\/div>\n<\/div>\n<\/div>\n<\/div>\n<\/div>\n<\/div>\n<\/div>\n<\/div>\n<div class=\"wordpress-content\">\n<div class=\"wordpress-content\">\n<div class=\"wordpress-content\">\n<div class=\"wordpress-content\">\n<div class=\"wordpress-content\">\n<div class=\"wordpress-content\">\n<div class=\"wordpress-content\">\n<div class=\"wordpress-content\">\n<div class=\"wordpress-content\">\n<div class=\"wordpress-content\">\n<div class=\"wordpress-content\">\n<p>F\u00f8lg med for de siste nyhetene om Europa og Spania.<\/p>\n<\/div>\n<\/div>\n<\/div>\n<\/div>\n<\/div>\n<\/div>\n<\/div>\n<\/div>\n<\/div>\n<\/div>\n<\/div>\n<div class=\"wordpress-content\">\n<div class=\"wordpress-content\">\n<div class=\"wordpress-content\">\n<div class=\"wordpress-content\">\n<div class=\"wordpress-content\">\n<div class=\"wordpress-content\">\n<div class=\"wordpress-content\">\n<div class=\"wordpress-content\">\n<div class=\"wordpress-content\">\n<div class=\"wordpress-content\">\n<p>F\u00f8lg med for de siste nyhetene om Europa og Spania.<\/p>\n<\/div>\n<\/div>\n<\/div>\n<\/div>\n<\/div>\n<\/div>\n<\/div>\n<\/div>\n<\/div>\n<\/div>\n<div class=\"wordpress-content\">\n<div class=\"wordpress-content\">\n<div class=\"wordpress-content\">\n<div class=\"wordpress-content\">\n<div class=\"wordpress-content\">\n<div class=\"wordpress-content\">\n<div class=\"wordpress-content\">\n<div class=\"wordpress-content\">\n<div class=\"wordpress-content\">\n<p>F\u00f8lg med for de siste nyhetene om Europa og Spania.<\/p>\n<\/div>\n<\/div>\n<\/div>\n<\/div>\n<\/div>\n<\/div>\n<\/div>\n<\/div>\n<\/div>\n<div class=\"wordpress-content\">\n<div class=\"wordpress-content\">\n<div class=\"wordpress-content\">\n<div class=\"wordpress-content\">\n<div class=\"wordpress-content\">\n<div class=\"wordpress-content\">\n<div class=\"wordpress-content\">\n<div class=\"wordpress-content\">\n<p>F\u00f8lg med for de siste nyhetene om Europa og Spania.<\/p>\n<\/div>\n<\/div>\n<\/div>\n<\/div>\n<\/div>\n<\/div>\n<\/div>\n<\/div>\n<div class=\"wordpress-content\">\n<div class=\"wordpress-content\">\n<div class=\"wordpress-content\">\n<div class=\"wordpress-content\">\n<div class=\"wordpress-content\">\n<div class=\"wordpress-content\">\n<div class=\"wordpress-content\">\n<p>F\u00f8lg med for de siste nyhetene om Europa og Spania.<\/p>\n<\/div>\n<\/div>\n<\/div>\n<\/div>\n<\/div>\n<\/div>\n<\/div>\n<div class=\"wordpress-content\">\n<div class=\"wordpress-content\">\n<div class=\"wordpress-content\">\n<div class=\"wordpress-content\">\n<div class=\"wordpress-content\">\n<div class=\"wordpress-content\">\n<p>F\u00f8lg med for de siste nyhetene om Europa og Spania.<\/p>\n<\/div>\n<\/div>\n<\/div>\n<\/div>\n<\/div>\n<\/div>\n<div class=\"wordpress-content\">\n<div class=\"wordpress-content\">\n<div class=\"wordpress-content\">\n<div class=\"wordpress-content\">\n<div class=\"wordpress-content\">\n<p>F\u00f8lg med for de siste nyhetene om Europa og Spania.<\/p>\n<\/div>\n<\/div>\n<\/div>\n<\/div>\n<\/div>\n<div class=\"wordpress-content\">\n<div class=\"wordpress-content\">\n<div class=\"wordpress-content\">\n<div class=\"wordpress-content\">\n<p>F\u00f8lg med for de siste nyhetene om Europa og Spania.<\/p>\n<\/div>\n<\/div>\n<\/div>\n<\/div>\n<div class=\"wordpress-content\">\n<div class=\"wordpress-content\">\n<div class=\"wordpress-content\">\n<p>F\u00f8lg med for de siste nyhetene om Europa og Spania.<\/p>\n<\/div>\n<\/div>\n<\/div>\n<div class=\"wordpress-content\">\n<div class=\"wordpress-content\">\n<p>F\u00f8lg med for de siste nyhetene om Europa og Spania.<\/p>\n<\/div>\n<\/div>\n<div class=\"wordpress-content\">\n<p>F\u00f8lg med for de siste nyhetene om Europa og Spania.<\/p>\n<\/div>\n","protected":false},"excerpt":{"rendered":"<p>Sommeren i Spania ser en kraftig \u00f8kning i branner, de fleste av dem for\u00e5rsaket av<\/p>\n","protected":false},"author":1,"featured_media":8084,"comment_status":"closed","ping_status":"open","sticky":false,"template":"","format":"standard","meta":{"footnotes":""},"categories":[105],"tags":[713,144,405,5295,764,2088,387,741,386],"class_list":["post-8083","post","type-post","status-publish","format-standard","has-post-thumbnail","hentry","category-livsstil","tag-gjore","tag-hva","tag-hvis","tag-ildbal","tag-kjorer","tag-mens","tag-overfor","tag-skal","tag-star","generate-columns","tablet-grid-50","mobile-grid-100","grid-parent","grid-33"],"yoast_head":"<!-- This site is optimized with the Yoast SEO plugin v24.4 - https:\/\/yoast.com\/wordpress\/plugins\/seo\/ -->\n<title>Hva du skal gj\u00f8re hvis du st\u00e5r overfor et ildb\u00e5l mens du kj\u00f8rer - Nordnesrepublikken<\/title>\n<meta name=\"robots\" content=\"index, follow, max-snippet:-1, max-image-preview:large, max-video-preview:-1\" \/>\n<link rel=\"canonical\" href=\"https:\/\/nordnesrepublikken.no\/index.php\/2025\/08\/10\/hva-du-skal-gjore-hvis-du-star-overfor-et-ildbal-mens-du-kjorer\/\" \/>\n<meta property=\"og:locale\" content=\"nb_NO\" \/>\n<meta property=\"og:type\" content=\"article\" \/>\n<meta property=\"og:title\" content=\"Hva du skal gj\u00f8re hvis du st\u00e5r overfor et ildb\u00e5l mens du kj\u00f8rer - Nordnesrepublikken\" \/>\n<meta property=\"og:description\" content=\"Sommeren i Spania ser en kraftig \u00f8kning i branner, de fleste av dem for\u00e5rsaket av\" \/>\n<meta property=\"og:url\" content=\"https:\/\/nordnesrepublikken.no\/index.php\/2025\/08\/10\/hva-du-skal-gjore-hvis-du-star-overfor-et-ildbal-mens-du-kjorer\/\" \/>\n<meta property=\"og:site_name\" content=\"Nordnesrepublikken\" \/>\n<meta property=\"article:published_time\" content=\"2025-08-09T22:49:38+00:00\" \/>\n<meta property=\"article:modified_time\" content=\"2025-08-09T22:49:41+00:00\" \/>\n<meta property=\"og:image\" content=\"https:\/\/nordnesrepublikken.no\/wp-content\/uploads\/2025\/08\/1754779779_Hva-du-skal-gjore-hvis-du-star-overfor-et-ildbal.jpg\" \/>\n\t<meta property=\"og:image:width\" content=\"1200\" \/>\n\t<meta property=\"og:image:height\" content=\"750\" \/>\n\t<meta property=\"og:image:type\" content=\"image\/jpeg\" \/>\n<meta name=\"author\" content=\"Ole Andersen\" \/>\n<meta name=\"twitter:card\" content=\"summary_large_image\" \/>\n<meta name=\"twitter:label1\" content=\"Skrevet av\" \/>\n\t<meta name=\"twitter:data1\" content=\"Ole Andersen\" \/>\n\t<meta name=\"twitter:label2\" content=\"Ansl. lesetid\" \/>\n\t<meta name=\"twitter:data2\" content=\"5 minutter\" \/>\n<script type=\"application\/ld+json\" class=\"yoast-schema-graph\">{\"@context\":\"https:\/\/schema.org\",\"@graph\":[{\"@type\":\"Article\",\"@id\":\"https:\/\/nordnesrepublikken.no\/index.php\/2025\/08\/10\/hva-du-skal-gjore-hvis-du-star-overfor-et-ildbal-mens-du-kjorer\/#article\",\"isPartOf\":{\"@id\":\"https:\/\/nordnesrepublikken.no\/index.php\/2025\/08\/10\/hva-du-skal-gjore-hvis-du-star-overfor-et-ildbal-mens-du-kjorer\/\"},\"author\":{\"name\":\"Ole Andersen\",\"@id\":\"https:\/\/nordnesrepublikken.no\/#\/schema\/person\/2e7e81935bab77882fffb79296240ff1\"},\"headline\":\"Hva du skal gj\u00f8re hvis du st\u00e5r overfor et ildb\u00e5l mens du kj\u00f8rer\",\"datePublished\":\"2025-08-09T22:49:38+00:00\",\"dateModified\":\"2025-08-09T22:49:41+00:00\",\"mainEntityOfPage\":{\"@id\":\"https:\/\/nordnesrepublikken.no\/index.php\/2025\/08\/10\/hva-du-skal-gjore-hvis-du-star-overfor-et-ildbal-mens-du-kjorer\/\"},\"wordCount\":947,\"publisher\":{\"@id\":\"https:\/\/nordnesrepublikken.no\/#organization\"},\"image\":{\"@id\":\"https:\/\/nordnesrepublikken.no\/index.php\/2025\/08\/10\/hva-du-skal-gjore-hvis-du-star-overfor-et-ildbal-mens-du-kjorer\/#primaryimage\"},\"thumbnailUrl\":\"https:\/\/nordnesrepublikken.no\/wp-content\/uploads\/2025\/08\/1754779779_Hva-du-skal-gjore-hvis-du-star-overfor-et-ildbal.jpg\",\"keywords\":[\"gj\u00f8re\",\"Hva\",\"hvis\",\"ildb\u00e5l\",\"kj\u00f8rer\",\"mens\",\"overfor\",\"skal\",\"st\u00e5r\"],\"articleSection\":[\"Livsstil\"],\"inLanguage\":\"nb-NO\"},{\"@type\":\"WebPage\",\"@id\":\"https:\/\/nordnesrepublikken.no\/index.php\/2025\/08\/10\/hva-du-skal-gjore-hvis-du-star-overfor-et-ildbal-mens-du-kjorer\/\",\"url\":\"https:\/\/nordnesrepublikken.no\/index.php\/2025\/08\/10\/hva-du-skal-gjore-hvis-du-star-overfor-et-ildbal-mens-du-kjorer\/\",\"name\":\"Hva du skal gj\u00f8re hvis du st\u00e5r overfor et ildb\u00e5l mens du kj\u00f8rer - Nordnesrepublikken\",\"isPartOf\":{\"@id\":\"https:\/\/nordnesrepublikken.no\/#website\"},\"primaryImageOfPage\":{\"@id\":\"https:\/\/nordnesrepublikken.no\/index.php\/2025\/08\/10\/hva-du-skal-gjore-hvis-du-star-overfor-et-ildbal-mens-du-kjorer\/#primaryimage\"},\"image\":{\"@id\":\"https:\/\/nordnesrepublikken.no\/index.php\/2025\/08\/10\/hva-du-skal-gjore-hvis-du-star-overfor-et-ildbal-mens-du-kjorer\/#primaryimage\"},\"thumbnailUrl\":\"https:\/\/nordnesrepublikken.no\/wp-content\/uploads\/2025\/08\/1754779779_Hva-du-skal-gjore-hvis-du-star-overfor-et-ildbal.jpg\",\"datePublished\":\"2025-08-09T22:49:38+00:00\",\"dateModified\":\"2025-08-09T22:49:41+00:00\",\"breadcrumb\":{\"@id\":\"https:\/\/nordnesrepublikken.no\/index.php\/2025\/08\/10\/hva-du-skal-gjore-hvis-du-star-overfor-et-ildbal-mens-du-kjorer\/#breadcrumb\"},\"inLanguage\":\"nb-NO\",\"potentialAction\":[{\"@type\":\"ReadAction\",\"target\":[\"https:\/\/nordnesrepublikken.no\/index.php\/2025\/08\/10\/hva-du-skal-gjore-hvis-du-star-overfor-et-ildbal-mens-du-kjorer\/\"]}]},{\"@type\":\"ImageObject\",\"inLanguage\":\"nb-NO\",\"@id\":\"https:\/\/nordnesrepublikken.no\/index.php\/2025\/08\/10\/hva-du-skal-gjore-hvis-du-star-overfor-et-ildbal-mens-du-kjorer\/#primaryimage\",\"url\":\"https:\/\/nordnesrepublikken.no\/wp-content\/uploads\/2025\/08\/1754779779_Hva-du-skal-gjore-hvis-du-star-overfor-et-ildbal.jpg\",\"contentUrl\":\"https:\/\/nordnesrepublikken.no\/wp-content\/uploads\/2025\/08\/1754779779_Hva-du-skal-gjore-hvis-du-star-overfor-et-ildbal.jpg\",\"width\":1200,\"height\":750,\"caption\":\"Hva du skal gj\u00f8re hvis du st\u00e5r overfor et ildb\u00e5l mens du kj\u00f8rer\"},{\"@type\":\"BreadcrumbList\",\"@id\":\"https:\/\/nordnesrepublikken.no\/index.php\/2025\/08\/10\/hva-du-skal-gjore-hvis-du-star-overfor-et-ildbal-mens-du-kjorer\/#breadcrumb\",\"itemListElement\":[{\"@type\":\"ListItem\",\"position\":1,\"name\":\"Home\",\"item\":\"https:\/\/nordnesrepublikken.no\/\"},{\"@type\":\"ListItem\",\"position\":2,\"name\":\"Hva du skal gj\u00f8re hvis du st\u00e5r overfor et ildb\u00e5l mens du kj\u00f8rer\"}]},{\"@type\":\"WebSite\",\"@id\":\"https:\/\/nordnesrepublikken.no\/#website\",\"url\":\"https:\/\/nordnesrepublikken.no\/\",\"name\":\"Nordnesrepublikken\",\"description\":\"Stemmer og Visjoner fra Republikkens Hjerte\",\"publisher\":{\"@id\":\"https:\/\/nordnesrepublikken.no\/#organization\"},\"potentialAction\":[{\"@type\":\"SearchAction\",\"target\":{\"@type\":\"EntryPoint\",\"urlTemplate\":\"https:\/\/nordnesrepublikken.no\/?s={search_term_string}\"},\"query-input\":{\"@type\":\"PropertyValueSpecification\",\"valueRequired\":true,\"valueName\":\"search_term_string\"}}],\"inLanguage\":\"nb-NO\"},{\"@type\":\"Organization\",\"@id\":\"https:\/\/nordnesrepublikken.no\/#organization\",\"name\":\"Nordnesrepublikken\",\"url\":\"https:\/\/nordnesrepublikken.no\/\",\"logo\":{\"@type\":\"ImageObject\",\"inLanguage\":\"nb-NO\",\"@id\":\"https:\/\/nordnesrepublikken.no\/#\/schema\/logo\/image\/\",\"url\":\"https:\/\/nordnesrepublikken.no\/wp-content\/uploads\/2025\/02\/cropped-nordnesrepublikken-2.png\",\"contentUrl\":\"https:\/\/nordnesrepublikken.no\/wp-content\/uploads\/2025\/02\/cropped-nordnesrepublikken-2.png\",\"width\":1248,\"height\":362,\"caption\":\"Nordnesrepublikken\"},\"image\":{\"@id\":\"https:\/\/nordnesrepublikken.no\/#\/schema\/logo\/image\/\"}},{\"@type\":\"Person\",\"@id\":\"https:\/\/nordnesrepublikken.no\/#\/schema\/person\/2e7e81935bab77882fffb79296240ff1\",\"name\":\"Ole Andersen\",\"image\":{\"@type\":\"ImageObject\",\"inLanguage\":\"nb-NO\",\"@id\":\"https:\/\/nordnesrepublikken.no\/#\/schema\/person\/image\/\",\"url\":\"https:\/\/nordnesrepublikken.no\/wp-content\/uploads\/2025\/02\/nordnesrepublikken-2-2-150x150.jpg\",\"contentUrl\":\"https:\/\/nordnesrepublikken.no\/wp-content\/uploads\/2025\/02\/nordnesrepublikken-2-2-150x150.jpg\",\"caption\":\"Ole Andersen\"},\"description\":\"Ettersom jeg vokste opp i Oslo, har jeg alltid v\u00e6rt fascinert av ordenes kraft og deres evne til \u00e5 skape endringer. Etter \u00e5 ha fullf\u00f8rt min utdannelse i kommunikasjon ved Universitetet i Bergen, fikk jeg muligheten til \u00e5 jobbe innen ulike medier, der jeg har s\u00f8kt \u00e5 belyse viktige samfunnssp\u00f8rsm\u00e5l. I dag, som redakt\u00f8r for Nordnesrepublikken, pr\u00f8ver jeg \u00e5 forene min kj\u00e6rlighet for journalistikk med min lidenskap for innovasjon og eventyr.\",\"sameAs\":[\"https:\/\/nordnesrepublikken.no\/\"]}]}<\/script>\n<!-- \/ Yoast SEO plugin. -->","yoast_head_json":{"title":"Hva du skal gj\u00f8re hvis du st\u00e5r overfor et ildb\u00e5l mens du kj\u00f8rer - Nordnesrepublikken","robots":{"index":"index","follow":"follow","max-snippet":"max-snippet:-1","max-image-preview":"max-image-preview:large","max-video-preview":"max-video-preview:-1"},"canonical":"https:\/\/nordnesrepublikken.no\/index.php\/2025\/08\/10\/hva-du-skal-gjore-hvis-du-star-overfor-et-ildbal-mens-du-kjorer\/","og_locale":"nb_NO","og_type":"article","og_title":"Hva du skal gj\u00f8re hvis du st\u00e5r overfor et ildb\u00e5l mens du kj\u00f8rer - Nordnesrepublikken","og_description":"Sommeren i Spania ser en kraftig \u00f8kning i branner, de fleste av dem for\u00e5rsaket av","og_url":"https:\/\/nordnesrepublikken.no\/index.php\/2025\/08\/10\/hva-du-skal-gjore-hvis-du-star-overfor-et-ildbal-mens-du-kjorer\/","og_site_name":"Nordnesrepublikken","article_published_time":"2025-08-09T22:49:38+00:00","article_modified_time":"2025-08-09T22:49:41+00:00","og_image":[{"width":1200,"height":750,"url":"https:\/\/nordnesrepublikken.no\/wp-content\/uploads\/2025\/08\/1754779779_Hva-du-skal-gjore-hvis-du-star-overfor-et-ildbal.jpg","type":"image\/jpeg"}],"author":"Ole Andersen","twitter_card":"summary_large_image","twitter_misc":{"Skrevet av":"Ole Andersen","Ansl. lesetid":"5 minutter"},"schema":{"@context":"https:\/\/schema.org","@graph":[{"@type":"Article","@id":"https:\/\/nordnesrepublikken.no\/index.php\/2025\/08\/10\/hva-du-skal-gjore-hvis-du-star-overfor-et-ildbal-mens-du-kjorer\/#article","isPartOf":{"@id":"https:\/\/nordnesrepublikken.no\/index.php\/2025\/08\/10\/hva-du-skal-gjore-hvis-du-star-overfor-et-ildbal-mens-du-kjorer\/"},"author":{"name":"Ole Andersen","@id":"https:\/\/nordnesrepublikken.no\/#\/schema\/person\/2e7e81935bab77882fffb79296240ff1"},"headline":"Hva du skal gj\u00f8re hvis du st\u00e5r overfor et ildb\u00e5l mens du kj\u00f8rer","datePublished":"2025-08-09T22:49:38+00:00","dateModified":"2025-08-09T22:49:41+00:00","mainEntityOfPage":{"@id":"https:\/\/nordnesrepublikken.no\/index.php\/2025\/08\/10\/hva-du-skal-gjore-hvis-du-star-overfor-et-ildbal-mens-du-kjorer\/"},"wordCount":947,"publisher":{"@id":"https:\/\/nordnesrepublikken.no\/#organization"},"image":{"@id":"https:\/\/nordnesrepublikken.no\/index.php\/2025\/08\/10\/hva-du-skal-gjore-hvis-du-star-overfor-et-ildbal-mens-du-kjorer\/#primaryimage"},"thumbnailUrl":"https:\/\/nordnesrepublikken.no\/wp-content\/uploads\/2025\/08\/1754779779_Hva-du-skal-gjore-hvis-du-star-overfor-et-ildbal.jpg","keywords":["gj\u00f8re","Hva","hvis","ildb\u00e5l","kj\u00f8rer","mens","overfor","skal","st\u00e5r"],"articleSection":["Livsstil"],"inLanguage":"nb-NO"},{"@type":"WebPage","@id":"https:\/\/nordnesrepublikken.no\/index.php\/2025\/08\/10\/hva-du-skal-gjore-hvis-du-star-overfor-et-ildbal-mens-du-kjorer\/","url":"https:\/\/nordnesrepublikken.no\/index.php\/2025\/08\/10\/hva-du-skal-gjore-hvis-du-star-overfor-et-ildbal-mens-du-kjorer\/","name":"Hva du skal gj\u00f8re hvis du st\u00e5r overfor et ildb\u00e5l mens du kj\u00f8rer - Nordnesrepublikken","isPartOf":{"@id":"https:\/\/nordnesrepublikken.no\/#website"},"primaryImageOfPage":{"@id":"https:\/\/nordnesrepublikken.no\/index.php\/2025\/08\/10\/hva-du-skal-gjore-hvis-du-star-overfor-et-ildbal-mens-du-kjorer\/#primaryimage"},"image":{"@id":"https:\/\/nordnesrepublikken.no\/index.php\/2025\/08\/10\/hva-du-skal-gjore-hvis-du-star-overfor-et-ildbal-mens-du-kjorer\/#primaryimage"},"thumbnailUrl":"https:\/\/nordnesrepublikken.no\/wp-content\/uploads\/2025\/08\/1754779779_Hva-du-skal-gjore-hvis-du-star-overfor-et-ildbal.jpg","datePublished":"2025-08-09T22:49:38+00:00","dateModified":"2025-08-09T22:49:41+00:00","breadcrumb":{"@id":"https:\/\/nordnesrepublikken.no\/index.php\/2025\/08\/10\/hva-du-skal-gjore-hvis-du-star-overfor-et-ildbal-mens-du-kjorer\/#breadcrumb"},"inLanguage":"nb-NO","potentialAction":[{"@type":"ReadAction","target":["https:\/\/nordnesrepublikken.no\/index.php\/2025\/08\/10\/hva-du-skal-gjore-hvis-du-star-overfor-et-ildbal-mens-du-kjorer\/"]}]},{"@type":"ImageObject","inLanguage":"nb-NO","@id":"https:\/\/nordnesrepublikken.no\/index.php\/2025\/08\/10\/hva-du-skal-gjore-hvis-du-star-overfor-et-ildbal-mens-du-kjorer\/#primaryimage","url":"https:\/\/nordnesrepublikken.no\/wp-content\/uploads\/2025\/08\/1754779779_Hva-du-skal-gjore-hvis-du-star-overfor-et-ildbal.jpg","contentUrl":"https:\/\/nordnesrepublikken.no\/wp-content\/uploads\/2025\/08\/1754779779_Hva-du-skal-gjore-hvis-du-star-overfor-et-ildbal.jpg","width":1200,"height":750,"caption":"Hva du skal gj\u00f8re hvis du st\u00e5r overfor et ildb\u00e5l mens du kj\u00f8rer"},{"@type":"BreadcrumbList","@id":"https:\/\/nordnesrepublikken.no\/index.php\/2025\/08\/10\/hva-du-skal-gjore-hvis-du-star-overfor-et-ildbal-mens-du-kjorer\/#breadcrumb","itemListElement":[{"@type":"ListItem","position":1,"name":"Home","item":"https:\/\/nordnesrepublikken.no\/"},{"@type":"ListItem","position":2,"name":"Hva du skal gj\u00f8re hvis du st\u00e5r overfor et ildb\u00e5l mens du kj\u00f8rer"}]},{"@type":"WebSite","@id":"https:\/\/nordnesrepublikken.no\/#website","url":"https:\/\/nordnesrepublikken.no\/","name":"Nordnesrepublikken","description":"Stemmer og Visjoner fra Republikkens Hjerte","publisher":{"@id":"https:\/\/nordnesrepublikken.no\/#organization"},"potentialAction":[{"@type":"SearchAction","target":{"@type":"EntryPoint","urlTemplate":"https:\/\/nordnesrepublikken.no\/?s={search_term_string}"},"query-input":{"@type":"PropertyValueSpecification","valueRequired":true,"valueName":"search_term_string"}}],"inLanguage":"nb-NO"},{"@type":"Organization","@id":"https:\/\/nordnesrepublikken.no\/#organization","name":"Nordnesrepublikken","url":"https:\/\/nordnesrepublikken.no\/","logo":{"@type":"ImageObject","inLanguage":"nb-NO","@id":"https:\/\/nordnesrepublikken.no\/#\/schema\/logo\/image\/","url":"https:\/\/nordnesrepublikken.no\/wp-content\/uploads\/2025\/02\/cropped-nordnesrepublikken-2.png","contentUrl":"https:\/\/nordnesrepublikken.no\/wp-content\/uploads\/2025\/02\/cropped-nordnesrepublikken-2.png","width":1248,"height":362,"caption":"Nordnesrepublikken"},"image":{"@id":"https:\/\/nordnesrepublikken.no\/#\/schema\/logo\/image\/"}},{"@type":"Person","@id":"https:\/\/nordnesrepublikken.no\/#\/schema\/person\/2e7e81935bab77882fffb79296240ff1","name":"Ole Andersen","image":{"@type":"ImageObject","inLanguage":"nb-NO","@id":"https:\/\/nordnesrepublikken.no\/#\/schema\/person\/image\/","url":"https:\/\/nordnesrepublikken.no\/wp-content\/uploads\/2025\/02\/nordnesrepublikken-2-2-150x150.jpg","contentUrl":"https:\/\/nordnesrepublikken.no\/wp-content\/uploads\/2025\/02\/nordnesrepublikken-2-2-150x150.jpg","caption":"Ole Andersen"},"description":"Ettersom jeg vokste opp i Oslo, har jeg alltid v\u00e6rt fascinert av ordenes kraft og deres evne til \u00e5 skape endringer. Etter \u00e5 ha fullf\u00f8rt min utdannelse i kommunikasjon ved Universitetet i Bergen, fikk jeg muligheten til \u00e5 jobbe innen ulike medier, der jeg har s\u00f8kt \u00e5 belyse viktige samfunnssp\u00f8rsm\u00e5l. I dag, som redakt\u00f8r for Nordnesrepublikken, pr\u00f8ver jeg \u00e5 forene min kj\u00e6rlighet for journalistikk med min lidenskap for innovasjon og eventyr.","sameAs":["https:\/\/nordnesrepublikken.no\/"]}]}},"_links":{"self":[{"href":"https:\/\/nordnesrepublikken.no\/index.php\/wp-json\/wp\/v2\/posts\/8083","targetHints":{"allow":["GET"]}}],"collection":[{"href":"https:\/\/nordnesrepublikken.no\/index.php\/wp-json\/wp\/v2\/posts"}],"about":[{"href":"https:\/\/nordnesrepublikken.no\/index.php\/wp-json\/wp\/v2\/types\/post"}],"author":[{"embeddable":true,"href":"https:\/\/nordnesrepublikken.no\/index.php\/wp-json\/wp\/v2\/users\/1"}],"replies":[{"embeddable":true,"href":"https:\/\/nordnesrepublikken.no\/index.php\/wp-json\/wp\/v2\/comments?post=8083"}],"version-history":[{"count":1,"href":"https:\/\/nordnesrepublikken.no\/index.php\/wp-json\/wp\/v2\/posts\/8083\/revisions"}],"predecessor-version":[{"id":8085,"href":"https:\/\/nordnesrepublikken.no\/index.php\/wp-json\/wp\/v2\/posts\/8083\/revisions\/8085"}],"wp:featuredmedia":[{"embeddable":true,"href":"https:\/\/nordnesrepublikken.no\/index.php\/wp-json\/wp\/v2\/media\/8084"}],"wp:attachment":[{"href":"https:\/\/nordnesrepublikken.no\/index.php\/wp-json\/wp\/v2\/media?parent=8083"}],"wp:term":[{"taxonomy":"category","embeddable":true,"href":"https:\/\/nordnesrepublikken.no\/index.php\/wp-json\/wp\/v2\/categories?post=8083"},{"taxonomy":"post_tag","embeddable":true,"href":"https:\/\/nordnesrepublikken.no\/index.php\/wp-json\/wp\/v2\/tags?post=8083"}],"curies":[{"name":"wp","href":"https:\/\/api.w.org\/{rel}","templated":true}]}}