{"id":8080,"date":"2025-08-09T23:49:29","date_gmt":"2025-08-09T21:49:29","guid":{"rendered":"https:\/\/nordnesrepublikken.no\/index.php\/2025\/08\/09\/moomin-day-markerer-80-ar-med-lange-koer-for-spesiell-jubileumskrus\/"},"modified":"2025-08-09T23:49:30","modified_gmt":"2025-08-09T21:49:30","slug":"moomin-day-markerer-80-ar-med-lange-koer-for-spesiell-jubileumskrus","status":"publish","type":"post","link":"https:\/\/nordnesrepublikken.no\/index.php\/2025\/08\/09\/moomin-day-markerer-80-ar-med-lange-koer-for-spesiell-jubileumskrus\/","title":{"rendered":"Moomin Day markerer 80 \u00e5r med lange k\u00f8er for spesiell jubileumskrus"},"content":{"rendered":"<p><\/p>\n<div class=\"wordpress-content\">\n                    <!-- Article Start --><\/p>\n<p><strong>L\u00f8rdag 9. august markerer den 80. feiringen av Moomin Day. Fra tidlig morgen dannet lange k\u00f8er seg over hele landet da fans ruslet for \u00e5 f\u00e5 tak i det eksklusive jubileumskruen i Oslo.<\/strong><\/p>\n<p>Folkemengder samlet seg utenfor butikker som solgte kruset med begrenset utgave over hele landet. I Oslo strakk linjen foran GlassMagasinet ved Youngstorget flere hundre meter. Hundrevis av Moomin -fans hadde ventet siden Dawn p\u00e5 l\u00f8rdag.  &laquo;Jeg tenkte stadig: Skal vi ikke forlate s\u00e5 tidlig? Men det er skummelt \u00e5 ikke f\u00e5 en,&raquo; sa Inger Malene Logje.<\/p>\n<p>Inger, en ivrig samler, ankom i god tid f\u00f8r \u00e5pningstiden p\u00e5 Jekta kj\u00f8pesenter i Troms\u00f8 for \u00e5 sikre \u00e5rets krus. I \u00e5r markerer 80 \u00e5r siden Tove Jansson opprettet Moomin -karakterene, noe som gjorde lanseringen av Moomin -jubileumskruen til en spesielt betydelig begivenhet. Arabias Moomin-krus har blitt sv\u00e6rt etterspurte samleobjekter. Hvert \u00e5r p\u00e5 Moomin Day slippes en ny begrenset utgave, med tidligere utgaver som henter gode priser p\u00e5 det andreh\u00e5ndsmarkedet.<\/p>\n<div class=\"sra_unit\"><link rel=\"stylesheet\" id=\"block-sra\" href=\"https:\/\/euroweeklynews.com\/wp-content\/plugins\/snack-related-articles\/dist\/css\/snack-related.min.css?250312-193541\" type=\"text\/css\" media=\"all\">\n<\/div>\n<p><strong>Tidlig start for \u00e5 sikre et verdsatt krus<\/strong><\/p>\n<p>Inger Malene Logje har samlet inn Moomin -krus i flere \u00e5r. Det som startet som noen f\u00e5 krus vokste til en samling p\u00e5 rundt 90. &laquo;Jeg husker da de f\u00f8rst kom ut, jeg kj\u00f8pte et krus jeg syntes var pent; det var ikke mange den gang. Da begynte jeg \u00e5 samle dem som julegaver og slikt.&raquo; I fjor stilte hun opp utenfor butikken klokka 07.00 for \u00e5 f\u00e5 Moomin Day -kruset sitt og gjorde det samme i \u00e5r.<\/p>\n<p>Hun var bekymret for at kruset ville selge ut hvis hun ikke kom tidlig nok og ikke ville ta den risikoen. Hun sikret kruset like etter at butikken \u00e5pnet seg.<\/p>\n<p><strong>Janssons Moomins verden<\/strong><\/p>\n<p>Moomin Day feires hvert \u00e5r 9. august, bursdagen til Moomin -skaperen. I \u00e5r markerer ogs\u00e5 80 \u00e5r siden det f\u00f8rste Moomin -trollet dukket opp. Moomin -universet er fortsatt popul\u00e6re, inspirerende b\u00f8ker, filmer, TV -serier og spill.<\/p>\n<p><strong>H\u00f8y ettersp\u00f8rsel legger press p\u00e5 butikker<\/strong><\/p>\n<p>Bare en h\u00e5ndfull butikker over hele landet mottar det spesielle Moomin -kruset. En slik butikk er Kitch&#8217;n p\u00e5 Jekta kj\u00f8pesenter i Troms\u00f8, der folk sto i k\u00f8 fra kl. Butikken \u00e5pnet en time for tidlig og brukte den foreg\u00e5ende natten med \u00e5 forberede seg p\u00e5 den enorme ettersp\u00f8rselen.<\/p>\n<p>&laquo;Det er en samlerartikkel, s\u00e5 det er som \u00e5 campe ute n\u00e5r en sjelden vinflaske slippes. Det er veldig viktig for de interesserte og ogs\u00e5 morsomme \u00e5 v\u00e6re en del av,&raquo; sa Anne Karin Samdal Remmer, administrerende direkt\u00f8r for Kitch&#8217;n p\u00e5 Jekta.<\/p>\n<p><strong>Kontrovers over karakter p\u00e5 Brooklyn -utstillingen<\/strong><\/p>\n<p>I sommer \u00e5pnet den f\u00f8rste store amerikanske utstillingen av Moomin -universet p\u00e5 Brooklyn Public Library i New York. Biblioteket fjernet imidlertid nylig karakteren stinkende fra utstillingen etter at en bes\u00f8kende oppfattet figuren som rasistisk.<\/p>\n<p>&laquo;Biblioteket informerte oss om at en av deres bes\u00f8kende s\u00e5 stinkende som et potensielt rasistisk symbol. Basert p\u00e5 denne tilbakemeldingen bestemte de seg for \u00e5 oppdatere det visuelle innholdet,&raquo; sa Roleff Kr\u00e5tstr\u00f6m, administrerende direkt\u00f8r i Moomin -karakterer, til Hufvudstadsbladet. I f\u00f8lge Kr\u00e5tstr\u00f6m er dette f\u00f8rste gang karakteren har blitt sett p\u00e5 som rasistisk.<\/p>\n<div class=\"wordpress-content\">\n<div class=\"wordpress-content\">\n<div class=\"wordpress-content\">\n<div class=\"wordpress-content\">\n<div class=\"wordpress-content\">\n<div class=\"wordpress-content\">\n<div class=\"wordpress-content\">\n<div class=\"wordpress-content\">\n<div class=\"wordpress-content\">\n<div class=\"wordpress-content\">\n<div class=\"wordpress-content\">\n<div class=\"wordpress-content\">\n<div class=\"wordpress-content\">\n<div class=\"wordpress-content\">\n<div class=\"wordpress-content\">\n<div class=\"wordpress-content\">\n<div class=\"wordpress-content\">\n<div class=\"wordpress-content\">\n<div class=\"wordpress-content\">\n<div class=\"wordpress-content\">\n<div class=\"wordpress-content\">\n<div class=\"wordpress-content\">\n<div class=\"wordpress-content\">\n<div class=\"wordpress-content\">\n<div class=\"wordpress-content\">\n<div class=\"wordpress-content\">\n<div class=\"wordpress-content\">\n<div class=\"wordpress-content\">\n<div class=\"wordpress-content\">\n<div class=\"wordpress-content\">\n<div class=\"wordpress-content\">\n<div class=\"wordpress-content\">\n<div class=\"wordpress-content\">\n<div class=\"wordpress-content\">\n<div class=\"wordpress-content\">\n<div class=\"wordpress-content\">\n<div class=\"wordpress-content\">\n<div class=\"wordpress-content\">\n<div class=\"wordpress-content\">\n<div class=\"wordpress-content\">\n<div class=\"wordpress-content\">\n<div class=\"wordpress-content\">\n<div class=\"wordpress-content\">\n<div class=\"wordpress-content\">\n<p>F\u00f8lg med for de siste nyhetene om Europa og Norge.<\/p>\n<\/div>\n<\/div>\n<\/div>\n<\/div>\n<\/div>\n<\/div>\n<\/div>\n<\/div>\n<\/div>\n<\/div>\n<\/div>\n<\/div>\n<\/div>\n<\/div>\n<\/div>\n<\/div>\n<\/div>\n<\/div>\n<\/div>\n<\/div>\n<\/div>\n<\/div>\n<\/div>\n<\/div>\n<\/div>\n<\/div>\n<\/div>\n<\/div>\n<\/div>\n<\/div>\n<\/div>\n<\/div>\n<\/div>\n<\/div>\n<\/div>\n<\/div>\n<\/div>\n<\/div>\n<\/div>\n<\/div>\n<\/div>\n<\/div>\n<\/div>\n<\/div>\n<p>                    <!-- This article has been originally published at https:\/\/euroweeklynews.com\/2025\/08\/09\/moomin-day-marks-80-years-with-long-queues-for-special-anniversary-mug\/ on 09 Aug 2025 at 18:50 by Santiago Carneri --><br \/>\n                    <!-- Article End -->\n                <\/div>\n<div class=\"wordpress-content\">\n<div class=\"wordpress-content\">\n<div class=\"wordpress-content\">\n<div class=\"wordpress-content\">\n<div class=\"wordpress-content\">\n<div class=\"wordpress-content\">\n<div class=\"wordpress-content\">\n<div class=\"wordpress-content\">\n<div class=\"wordpress-content\">\n<div class=\"wordpress-content\">\n<div class=\"wordpress-content\">\n<div class=\"wordpress-content\">\n<div class=\"wordpress-content\">\n<div class=\"wordpress-content\">\n<div class=\"wordpress-content\">\n<div class=\"wordpress-content\">\n<div class=\"wordpress-content\">\n<div class=\"wordpress-content\">\n<div class=\"wordpress-content\">\n<div class=\"wordpress-content\">\n<div class=\"wordpress-content\">\n<div class=\"wordpress-content\">\n<div class=\"wordpress-content\">\n<div class=\"wordpress-content\">\n<div class=\"wordpress-content\">\n<div class=\"wordpress-content\">\n<div class=\"wordpress-content\">\n<div class=\"wordpress-content\">\n<div class=\"wordpress-content\">\n<div class=\"wordpress-content\">\n<div class=\"wordpress-content\">\n<div class=\"wordpress-content\">\n<div class=\"wordpress-content\">\n<div class=\"wordpress-content\">\n<div class=\"wordpress-content\">\n<div class=\"wordpress-content\">\n<div class=\"wordpress-content\">\n<div class=\"wordpress-content\">\n<div class=\"wordpress-content\">\n<div class=\"wordpress-content\">\n<div class=\"wordpress-content\">\n<div class=\"wordpress-content\">\n<div class=\"wordpress-content\">\n<div class=\"wordpress-content\">\n<p>F\u00f8lg med for de siste nyhetene om Europa og Norge.<\/p>\n<\/div>\n<\/div>\n<\/div>\n<\/div>\n<\/div>\n<\/div>\n<\/div>\n<\/div>\n<\/div>\n<\/div>\n<\/div>\n<\/div>\n<\/div>\n<\/div>\n<\/div>\n<\/div>\n<\/div>\n<\/div>\n<\/div>\n<\/div>\n<\/div>\n<\/div>\n<\/div>\n<\/div>\n<\/div>\n<\/div>\n<\/div>\n<\/div>\n<\/div>\n<\/div>\n<\/div>\n<\/div>\n<\/div>\n<\/div>\n<\/div>\n<\/div>\n<\/div>\n<\/div>\n<\/div>\n<\/div>\n<\/div>\n<\/div>\n<\/div>\n<\/div>\n<div class=\"wordpress-content\">\n<div class=\"wordpress-content\">\n<div class=\"wordpress-content\">\n<div class=\"wordpress-content\">\n<div class=\"wordpress-content\">\n<div class=\"wordpress-content\">\n<div class=\"wordpress-content\">\n<div class=\"wordpress-content\">\n<div class=\"wordpress-content\">\n<div class=\"wordpress-content\">\n<div class=\"wordpress-content\">\n<div class=\"wordpress-content\">\n<div class=\"wordpress-content\">\n<div class=\"wordpress-content\">\n<div class=\"wordpress-content\">\n<div class=\"wordpress-content\">\n<div class=\"wordpress-content\">\n<div class=\"wordpress-content\">\n<div class=\"wordpress-content\">\n<div class=\"wordpress-content\">\n<div class=\"wordpress-content\">\n<div class=\"wordpress-content\">\n<div class=\"wordpress-content\">\n<div class=\"wordpress-content\">\n<div class=\"wordpress-content\">\n<div class=\"wordpress-content\">\n<div class=\"wordpress-content\">\n<div class=\"wordpress-content\">\n<div class=\"wordpress-content\">\n<div class=\"wordpress-content\">\n<div class=\"wordpress-content\">\n<div class=\"wordpress-content\">\n<div class=\"wordpress-content\">\n<div class=\"wordpress-content\">\n<div class=\"wordpress-content\">\n<div class=\"wordpress-content\">\n<div class=\"wordpress-content\">\n<div class=\"wordpress-content\">\n<div class=\"wordpress-content\">\n<div class=\"wordpress-content\">\n<div class=\"wordpress-content\">\n<div class=\"wordpress-content\">\n<div class=\"wordpress-content\">\n<p>F\u00f8lg med for de siste nyhetene om Europa og Norge.<\/p>\n<\/div>\n<\/div>\n<\/div>\n<\/div>\n<\/div>\n<\/div>\n<\/div>\n<\/div>\n<\/div>\n<\/div>\n<\/div>\n<\/div>\n<\/div>\n<\/div>\n<\/div>\n<\/div>\n<\/div>\n<\/div>\n<\/div>\n<\/div>\n<\/div>\n<\/div>\n<\/div>\n<\/div>\n<\/div>\n<\/div>\n<\/div>\n<\/div>\n<\/div>\n<\/div>\n<\/div>\n<\/div>\n<\/div>\n<\/div>\n<\/div>\n<\/div>\n<\/div>\n<\/div>\n<\/div>\n<\/div>\n<\/div>\n<\/div>\n<\/div>\n<div class=\"wordpress-content\">\n<div class=\"wordpress-content\">\n<div class=\"wordpress-content\">\n<div class=\"wordpress-content\">\n<div class=\"wordpress-content\">\n<div class=\"wordpress-content\">\n<div class=\"wordpress-content\">\n<div class=\"wordpress-content\">\n<div class=\"wordpress-content\">\n<div class=\"wordpress-content\">\n<div class=\"wordpress-content\">\n<div class=\"wordpress-content\">\n<div class=\"wordpress-content\">\n<div class=\"wordpress-content\">\n<div class=\"wordpress-content\">\n<div class=\"wordpress-content\">\n<div class=\"wordpress-content\">\n<div class=\"wordpress-content\">\n<div class=\"wordpress-content\">\n<div class=\"wordpress-content\">\n<div class=\"wordpress-content\">\n<div class=\"wordpress-content\">\n<div class=\"wordpress-content\">\n<div class=\"wordpress-content\">\n<div class=\"wordpress-content\">\n<div class=\"wordpress-content\">\n<div class=\"wordpress-content\">\n<div class=\"wordpress-content\">\n<div class=\"wordpress-content\">\n<div class=\"wordpress-content\">\n<div class=\"wordpress-content\">\n<div class=\"wordpress-content\">\n<div class=\"wordpress-content\">\n<div class=\"wordpress-content\">\n<div class=\"wordpress-content\">\n<div class=\"wordpress-content\">\n<div class=\"wordpress-content\">\n<div class=\"wordpress-content\">\n<div class=\"wordpress-content\">\n<div class=\"wordpress-content\">\n<div class=\"wordpress-content\">\n<div class=\"wordpress-content\">\n<p>F\u00f8lg med for de siste nyhetene om Europa og Norge.<\/p>\n<\/div>\n<\/div>\n<\/div>\n<\/div>\n<\/div>\n<\/div>\n<\/div>\n<\/div>\n<\/div>\n<\/div>\n<\/div>\n<\/div>\n<\/div>\n<\/div>\n<\/div>\n<\/div>\n<\/div>\n<\/div>\n<\/div>\n<\/div>\n<\/div>\n<\/div>\n<\/div>\n<\/div>\n<\/div>\n<\/div>\n<\/div>\n<\/div>\n<\/div>\n<\/div>\n<\/div>\n<\/div>\n<\/div>\n<\/div>\n<\/div>\n<\/div>\n<\/div>\n<\/div>\n<\/div>\n<\/div>\n<\/div>\n<\/div>\n<div class=\"wordpress-content\">\n<div class=\"wordpress-content\">\n<div class=\"wordpress-content\">\n<div class=\"wordpress-content\">\n<div class=\"wordpress-content\">\n<div class=\"wordpress-content\">\n<div class=\"wordpress-content\">\n<div class=\"wordpress-content\">\n<div class=\"wordpress-content\">\n<div class=\"wordpress-content\">\n<div class=\"wordpress-content\">\n<div class=\"wordpress-content\">\n<div class=\"wordpress-content\">\n<div class=\"wordpress-content\">\n<div class=\"wordpress-content\">\n<div class=\"wordpress-content\">\n<div class=\"wordpress-content\">\n<div class=\"wordpress-content\">\n<div class=\"wordpress-content\">\n<div class=\"wordpress-content\">\n<div class=\"wordpress-content\">\n<div class=\"wordpress-content\">\n<div class=\"wordpress-content\">\n<div class=\"wordpress-content\">\n<div class=\"wordpress-content\">\n<div class=\"wordpress-content\">\n<div class=\"wordpress-content\">\n<div class=\"wordpress-content\">\n<div class=\"wordpress-content\">\n<div class=\"wordpress-content\">\n<div class=\"wordpress-content\">\n<div class=\"wordpress-content\">\n<div class=\"wordpress-content\">\n<div class=\"wordpress-content\">\n<div class=\"wordpress-content\">\n<div class=\"wordpress-content\">\n<div class=\"wordpress-content\">\n<div class=\"wordpress-content\">\n<div class=\"wordpress-content\">\n<div class=\"wordpress-content\">\n<div class=\"wordpress-content\">\n<p>F\u00f8lg med for de siste nyhetene om Europa og Norge.<\/p>\n<\/div>\n<\/div>\n<\/div>\n<\/div>\n<\/div>\n<\/div>\n<\/div>\n<\/div>\n<\/div>\n<\/div>\n<\/div>\n<\/div>\n<\/div>\n<\/div>\n<\/div>\n<\/div>\n<\/div>\n<\/div>\n<\/div>\n<\/div>\n<\/div>\n<\/div>\n<\/div>\n<\/div>\n<\/div>\n<\/div>\n<\/div>\n<\/div>\n<\/div>\n<\/div>\n<\/div>\n<\/div>\n<\/div>\n<\/div>\n<\/div>\n<\/div>\n<\/div>\n<\/div>\n<\/div>\n<\/div>\n<\/div>\n<div class=\"wordpress-content\">\n<div class=\"wordpress-content\">\n<div class=\"wordpress-content\">\n<div class=\"wordpress-content\">\n<div class=\"wordpress-content\">\n<div class=\"wordpress-content\">\n<div class=\"wordpress-content\">\n<div class=\"wordpress-content\">\n<div class=\"wordpress-content\">\n<div class=\"wordpress-content\">\n<div class=\"wordpress-content\">\n<div class=\"wordpress-content\">\n<div class=\"wordpress-content\">\n<div class=\"wordpress-content\">\n<div class=\"wordpress-content\">\n<div class=\"wordpress-content\">\n<div class=\"wordpress-content\">\n<div class=\"wordpress-content\">\n<div class=\"wordpress-content\">\n<div class=\"wordpress-content\">\n<div class=\"wordpress-content\">\n<div class=\"wordpress-content\">\n<div class=\"wordpress-content\">\n<div class=\"wordpress-content\">\n<div class=\"wordpress-content\">\n<div class=\"wordpress-content\">\n<div class=\"wordpress-content\">\n<div class=\"wordpress-content\">\n<div class=\"wordpress-content\">\n<div class=\"wordpress-content\">\n<div class=\"wordpress-content\">\n<div class=\"wordpress-content\">\n<div class=\"wordpress-content\">\n<div class=\"wordpress-content\">\n<div class=\"wordpress-content\">\n<div class=\"wordpress-content\">\n<div class=\"wordpress-content\">\n<div class=\"wordpress-content\">\n<div class=\"wordpress-content\">\n<div class=\"wordpress-content\">\n<p>F\u00f8lg med for de siste nyhetene om Europa og Norge.<\/p>\n<\/div>\n<\/div>\n<\/div>\n<\/div>\n<\/div>\n<\/div>\n<\/div>\n<\/div>\n<\/div>\n<\/div>\n<\/div>\n<\/div>\n<\/div>\n<\/div>\n<\/div>\n<\/div>\n<\/div>\n<\/div>\n<\/div>\n<\/div>\n<\/div>\n<\/div>\n<\/div>\n<\/div>\n<\/div>\n<\/div>\n<\/div>\n<\/div>\n<\/div>\n<\/div>\n<\/div>\n<\/div>\n<\/div>\n<\/div>\n<\/div>\n<\/div>\n<\/div>\n<\/div>\n<\/div>\n<\/div>\n<div class=\"wordpress-content\">\n<div class=\"wordpress-content\">\n<div class=\"wordpress-content\">\n<div class=\"wordpress-content\">\n<div class=\"wordpress-content\">\n<div class=\"wordpress-content\">\n<div class=\"wordpress-content\">\n<div class=\"wordpress-content\">\n<div class=\"wordpress-content\">\n<div class=\"wordpress-content\">\n<div class=\"wordpress-content\">\n<div class=\"wordpress-content\">\n<div class=\"wordpress-content\">\n<div class=\"wordpress-content\">\n<div class=\"wordpress-content\">\n<div class=\"wordpress-content\">\n<div class=\"wordpress-content\">\n<div class=\"wordpress-content\">\n<div class=\"wordpress-content\">\n<div class=\"wordpress-content\">\n<div class=\"wordpress-content\">\n<div class=\"wordpress-content\">\n<div class=\"wordpress-content\">\n<div class=\"wordpress-content\">\n<div class=\"wordpress-content\">\n<div class=\"wordpress-content\">\n<div class=\"wordpress-content\">\n<div class=\"wordpress-content\">\n<div class=\"wordpress-content\">\n<div class=\"wordpress-content\">\n<div class=\"wordpress-content\">\n<div class=\"wordpress-content\">\n<div class=\"wordpress-content\">\n<div class=\"wordpress-content\">\n<div class=\"wordpress-content\">\n<div class=\"wordpress-content\">\n<div class=\"wordpress-content\">\n<div class=\"wordpress-content\">\n<div class=\"wordpress-content\">\n<p>F\u00f8lg med for de siste nyhetene om Europa og Norge.<\/p>\n<\/div>\n<\/div>\n<\/div>\n<\/div>\n<\/div>\n<\/div>\n<\/div>\n<\/div>\n<\/div>\n<\/div>\n<\/div>\n<\/div>\n<\/div>\n<\/div>\n<\/div>\n<\/div>\n<\/div>\n<\/div>\n<\/div>\n<\/div>\n<\/div>\n<\/div>\n<\/div>\n<\/div>\n<\/div>\n<\/div>\n<\/div>\n<\/div>\n<\/div>\n<\/div>\n<\/div>\n<\/div>\n<\/div>\n<\/div>\n<\/div>\n<\/div>\n<\/div>\n<\/div>\n<\/div>\n<div class=\"wordpress-content\">\n<div class=\"wordpress-content\">\n<div class=\"wordpress-content\">\n<div class=\"wordpress-content\">\n<div class=\"wordpress-content\">\n<div class=\"wordpress-content\">\n<div class=\"wordpress-content\">\n<div class=\"wordpress-content\">\n<div class=\"wordpress-content\">\n<div class=\"wordpress-content\">\n<div class=\"wordpress-content\">\n<div class=\"wordpress-content\">\n<div class=\"wordpress-content\">\n<div class=\"wordpress-content\">\n<div class=\"wordpress-content\">\n<div class=\"wordpress-content\">\n<div class=\"wordpress-content\">\n<div class=\"wordpress-content\">\n<div class=\"wordpress-content\">\n<div class=\"wordpress-content\">\n<div class=\"wordpress-content\">\n<div class=\"wordpress-content\">\n<div class=\"wordpress-content\">\n<div class=\"wordpress-content\">\n<div class=\"wordpress-content\">\n<div class=\"wordpress-content\">\n<div class=\"wordpress-content\">\n<div class=\"wordpress-content\">\n<div class=\"wordpress-content\">\n<div class=\"wordpress-content\">\n<div class=\"wordpress-content\">\n<div class=\"wordpress-content\">\n<div class=\"wordpress-content\">\n<div class=\"wordpress-content\">\n<div class=\"wordpress-content\">\n<div class=\"wordpress-content\">\n<div class=\"wordpress-content\">\n<div class=\"wordpress-content\">\n<p>F\u00f8lg med for de siste nyhetene om Europa og Norge.<\/p>\n<\/div>\n<\/div>\n<\/div>\n<\/div>\n<\/div>\n<\/div>\n<\/div>\n<\/div>\n<\/div>\n<\/div>\n<\/div>\n<\/div>\n<\/div>\n<\/div>\n<\/div>\n<\/div>\n<\/div>\n<\/div>\n<\/div>\n<\/div>\n<\/div>\n<\/div>\n<\/div>\n<\/div>\n<\/div>\n<\/div>\n<\/div>\n<\/div>\n<\/div>\n<\/div>\n<\/div>\n<\/div>\n<\/div>\n<\/div>\n<\/div>\n<\/div>\n<\/div>\n<\/div>\n<div class=\"wordpress-content\">\n<div class=\"wordpress-content\">\n<div class=\"wordpress-content\">\n<div class=\"wordpress-content\">\n<div class=\"wordpress-content\">\n<div class=\"wordpress-content\">\n<div class=\"wordpress-content\">\n<div class=\"wordpress-content\">\n<div class=\"wordpress-content\">\n<div class=\"wordpress-content\">\n<div class=\"wordpress-content\">\n<div class=\"wordpress-content\">\n<div class=\"wordpress-content\">\n<div class=\"wordpress-content\">\n<div class=\"wordpress-content\">\n<div class=\"wordpress-content\">\n<div class=\"wordpress-content\">\n<div class=\"wordpress-content\">\n<div class=\"wordpress-content\">\n<div class=\"wordpress-content\">\n<div class=\"wordpress-content\">\n<div class=\"wordpress-content\">\n<div class=\"wordpress-content\">\n<div class=\"wordpress-content\">\n<div class=\"wordpress-content\">\n<div class=\"wordpress-content\">\n<div class=\"wordpress-content\">\n<div class=\"wordpress-content\">\n<div class=\"wordpress-content\">\n<div class=\"wordpress-content\">\n<div class=\"wordpress-content\">\n<div class=\"wordpress-content\">\n<div class=\"wordpress-content\">\n<div class=\"wordpress-content\">\n<div class=\"wordpress-content\">\n<div class=\"wordpress-content\">\n<div class=\"wordpress-content\">\n<p>F\u00f8lg med for de siste nyhetene om Europa og Norge.<\/p>\n<\/div>\n<\/div>\n<\/div>\n<\/div>\n<\/div>\n<\/div>\n<\/div>\n<\/div>\n<\/div>\n<\/div>\n<\/div>\n<\/div>\n<\/div>\n<\/div>\n<\/div>\n<\/div>\n<\/div>\n<\/div>\n<\/div>\n<\/div>\n<\/div>\n<\/div>\n<\/div>\n<\/div>\n<\/div>\n<\/div>\n<\/div>\n<\/div>\n<\/div>\n<\/div>\n<\/div>\n<\/div>\n<\/div>\n<\/div>\n<\/div>\n<\/div>\n<\/div>\n<div class=\"wordpress-content\">\n<div class=\"wordpress-content\">\n<div class=\"wordpress-content\">\n<div class=\"wordpress-content\">\n<div class=\"wordpress-content\">\n<div class=\"wordpress-content\">\n<div class=\"wordpress-content\">\n<div class=\"wordpress-content\">\n<div class=\"wordpress-content\">\n<div class=\"wordpress-content\">\n<div class=\"wordpress-content\">\n<div class=\"wordpress-content\">\n<div class=\"wordpress-content\">\n<div class=\"wordpress-content\">\n<div class=\"wordpress-content\">\n<div class=\"wordpress-content\">\n<div class=\"wordpress-content\">\n<div class=\"wordpress-content\">\n<div class=\"wordpress-content\">\n<div class=\"wordpress-content\">\n<div class=\"wordpress-content\">\n<div class=\"wordpress-content\">\n<div class=\"wordpress-content\">\n<div class=\"wordpress-content\">\n<div class=\"wordpress-content\">\n<div class=\"wordpress-content\">\n<div class=\"wordpress-content\">\n<div class=\"wordpress-content\">\n<div class=\"wordpress-content\">\n<div class=\"wordpress-content\">\n<div class=\"wordpress-content\">\n<div class=\"wordpress-content\">\n<div class=\"wordpress-content\">\n<div class=\"wordpress-content\">\n<div class=\"wordpress-content\">\n<div class=\"wordpress-content\">\n<p>F\u00f8lg med for de siste nyhetene om Europa og Norge.<\/p>\n<\/div>\n<\/div>\n<\/div>\n<\/div>\n<\/div>\n<\/div>\n<\/div>\n<\/div>\n<\/div>\n<\/div>\n<\/div>\n<\/div>\n<\/div>\n<\/div>\n<\/div>\n<\/div>\n<\/div>\n<\/div>\n<\/div>\n<\/div>\n<\/div>\n<\/div>\n<\/div>\n<\/div>\n<\/div>\n<\/div>\n<\/div>\n<\/div>\n<\/div>\n<\/div>\n<\/div>\n<\/div>\n<\/div>\n<\/div>\n<\/div>\n<\/div>\n<div class=\"wordpress-content\">\n<div class=\"wordpress-content\">\n<div class=\"wordpress-content\">\n<div class=\"wordpress-content\">\n<div class=\"wordpress-content\">\n<div class=\"wordpress-content\">\n<div class=\"wordpress-content\">\n<div class=\"wordpress-content\">\n<div class=\"wordpress-content\">\n<div class=\"wordpress-content\">\n<div class=\"wordpress-content\">\n<div class=\"wordpress-content\">\n<div class=\"wordpress-content\">\n<div class=\"wordpress-content\">\n<div class=\"wordpress-content\">\n<div class=\"wordpress-content\">\n<div class=\"wordpress-content\">\n<div class=\"wordpress-content\">\n<div class=\"wordpress-content\">\n<div class=\"wordpress-content\">\n<div class=\"wordpress-content\">\n<div class=\"wordpress-content\">\n<div class=\"wordpress-content\">\n<div class=\"wordpress-content\">\n<div class=\"wordpress-content\">\n<div class=\"wordpress-content\">\n<div class=\"wordpress-content\">\n<div class=\"wordpress-content\">\n<div class=\"wordpress-content\">\n<div class=\"wordpress-content\">\n<div class=\"wordpress-content\">\n<div class=\"wordpress-content\">\n<div class=\"wordpress-content\">\n<div class=\"wordpress-content\">\n<div class=\"wordpress-content\">\n<p>F\u00f8lg med for de siste nyhetene om Europa og Norge.<\/p>\n<\/div>\n<\/div>\n<\/div>\n<\/div>\n<\/div>\n<\/div>\n<\/div>\n<\/div>\n<\/div>\n<\/div>\n<\/div>\n<\/div>\n<\/div>\n<\/div>\n<\/div>\n<\/div>\n<\/div>\n<\/div>\n<\/div>\n<\/div>\n<\/div>\n<\/div>\n<\/div>\n<\/div>\n<\/div>\n<\/div>\n<\/div>\n<\/div>\n<\/div>\n<\/div>\n<\/div>\n<\/div>\n<\/div>\n<\/div>\n<\/div>\n<div class=\"wordpress-content\">\n<div class=\"wordpress-content\">\n<div class=\"wordpress-content\">\n<div class=\"wordpress-content\">\n<div class=\"wordpress-content\">\n<div class=\"wordpress-content\">\n<div class=\"wordpress-content\">\n<div class=\"wordpress-content\">\n<div class=\"wordpress-content\">\n<div class=\"wordpress-content\">\n<div class=\"wordpress-content\">\n<div class=\"wordpress-content\">\n<div class=\"wordpress-content\">\n<div class=\"wordpress-content\">\n<div class=\"wordpress-content\">\n<div class=\"wordpress-content\">\n<div class=\"wordpress-content\">\n<div class=\"wordpress-content\">\n<div class=\"wordpress-content\">\n<div class=\"wordpress-content\">\n<div class=\"wordpress-content\">\n<div class=\"wordpress-content\">\n<div class=\"wordpress-content\">\n<div class=\"wordpress-content\">\n<div class=\"wordpress-content\">\n<div class=\"wordpress-content\">\n<div class=\"wordpress-content\">\n<div class=\"wordpress-content\">\n<div class=\"wordpress-content\">\n<div class=\"wordpress-content\">\n<div class=\"wordpress-content\">\n<div class=\"wordpress-content\">\n<div class=\"wordpress-content\">\n<div class=\"wordpress-content\">\n<p>F\u00f8lg med for de siste nyhetene om Europa og Norge.<\/p>\n<\/div>\n<\/div>\n<\/div>\n<\/div>\n<\/div>\n<\/div>\n<\/div>\n<\/div>\n<\/div>\n<\/div>\n<\/div>\n<\/div>\n<\/div>\n<\/div>\n<\/div>\n<\/div>\n<\/div>\n<\/div>\n<\/div>\n<\/div>\n<\/div>\n<\/div>\n<\/div>\n<\/div>\n<\/div>\n<\/div>\n<\/div>\n<\/div>\n<\/div>\n<\/div>\n<\/div>\n<\/div>\n<\/div>\n<\/div>\n<div class=\"wordpress-content\">\n<div class=\"wordpress-content\">\n<div class=\"wordpress-content\">\n<div class=\"wordpress-content\">\n<div class=\"wordpress-content\">\n<div class=\"wordpress-content\">\n<div class=\"wordpress-content\">\n<div class=\"wordpress-content\">\n<div class=\"wordpress-content\">\n<div class=\"wordpress-content\">\n<div class=\"wordpress-content\">\n<div class=\"wordpress-content\">\n<div class=\"wordpress-content\">\n<div class=\"wordpress-content\">\n<div class=\"wordpress-content\">\n<div class=\"wordpress-content\">\n<div class=\"wordpress-content\">\n<div class=\"wordpress-content\">\n<div class=\"wordpress-content\">\n<div class=\"wordpress-content\">\n<div class=\"wordpress-content\">\n<div class=\"wordpress-content\">\n<div class=\"wordpress-content\">\n<div class=\"wordpress-content\">\n<div class=\"wordpress-content\">\n<div class=\"wordpress-content\">\n<div class=\"wordpress-content\">\n<div class=\"wordpress-content\">\n<div class=\"wordpress-content\">\n<div class=\"wordpress-content\">\n<div class=\"wordpress-content\">\n<div class=\"wordpress-content\">\n<div class=\"wordpress-content\">\n<p>F\u00f8lg med for de siste nyhetene om Europa og Norge.<\/p>\n<\/div>\n<\/div>\n<\/div>\n<\/div>\n<\/div>\n<\/div>\n<\/div>\n<\/div>\n<\/div>\n<\/div>\n<\/div>\n<\/div>\n<\/div>\n<\/div>\n<\/div>\n<\/div>\n<\/div>\n<\/div>\n<\/div>\n<\/div>\n<\/div>\n<\/div>\n<\/div>\n<\/div>\n<\/div>\n<\/div>\n<\/div>\n<\/div>\n<\/div>\n<\/div>\n<\/div>\n<\/div>\n<\/div>\n<div class=\"wordpress-content\">\n<div class=\"wordpress-content\">\n<div class=\"wordpress-content\">\n<div class=\"wordpress-content\">\n<div class=\"wordpress-content\">\n<div class=\"wordpress-content\">\n<div class=\"wordpress-content\">\n<div class=\"wordpress-content\">\n<div class=\"wordpress-content\">\n<div class=\"wordpress-content\">\n<div class=\"wordpress-content\">\n<div class=\"wordpress-content\">\n<div class=\"wordpress-content\">\n<div class=\"wordpress-content\">\n<div class=\"wordpress-content\">\n<div class=\"wordpress-content\">\n<div class=\"wordpress-content\">\n<div class=\"wordpress-content\">\n<div class=\"wordpress-content\">\n<div class=\"wordpress-content\">\n<div class=\"wordpress-content\">\n<div class=\"wordpress-content\">\n<div class=\"wordpress-content\">\n<div class=\"wordpress-content\">\n<div class=\"wordpress-content\">\n<div class=\"wordpress-content\">\n<div class=\"wordpress-content\">\n<div class=\"wordpress-content\">\n<div class=\"wordpress-content\">\n<div class=\"wordpress-content\">\n<div class=\"wordpress-content\">\n<div class=\"wordpress-content\">\n<p>F\u00f8lg med for de siste nyhetene om Europa og Norge.<\/p>\n<\/div>\n<\/div>\n<\/div>\n<\/div>\n<\/div>\n<\/div>\n<\/div>\n<\/div>\n<\/div>\n<\/div>\n<\/div>\n<\/div>\n<\/div>\n<\/div>\n<\/div>\n<\/div>\n<\/div>\n<\/div>\n<\/div>\n<\/div>\n<\/div>\n<\/div>\n<\/div>\n<\/div>\n<\/div>\n<\/div>\n<\/div>\n<\/div>\n<\/div>\n<\/div>\n<\/div>\n<\/div>\n<div class=\"wordpress-content\">\n<div class=\"wordpress-content\">\n<div class=\"wordpress-content\">\n<div class=\"wordpress-content\">\n<div class=\"wordpress-content\">\n<div class=\"wordpress-content\">\n<div class=\"wordpress-content\">\n<div class=\"wordpress-content\">\n<div class=\"wordpress-content\">\n<div class=\"wordpress-content\">\n<div class=\"wordpress-content\">\n<div class=\"wordpress-content\">\n<div class=\"wordpress-content\">\n<div class=\"wordpress-content\">\n<div class=\"wordpress-content\">\n<div class=\"wordpress-content\">\n<div class=\"wordpress-content\">\n<div class=\"wordpress-content\">\n<div class=\"wordpress-content\">\n<div class=\"wordpress-content\">\n<div class=\"wordpress-content\">\n<div class=\"wordpress-content\">\n<div class=\"wordpress-content\">\n<div class=\"wordpress-content\">\n<div class=\"wordpress-content\">\n<div class=\"wordpress-content\">\n<div class=\"wordpress-content\">\n<div class=\"wordpress-content\">\n<div class=\"wordpress-content\">\n<div class=\"wordpress-content\">\n<div class=\"wordpress-content\">\n<p>F\u00f8lg med for de siste nyhetene om Europa og Norge.<\/p>\n<\/div>\n<\/div>\n<\/div>\n<\/div>\n<\/div>\n<\/div>\n<\/div>\n<\/div>\n<\/div>\n<\/div>\n<\/div>\n<\/div>\n<\/div>\n<\/div>\n<\/div>\n<\/div>\n<\/div>\n<\/div>\n<\/div>\n<\/div>\n<\/div>\n<\/div>\n<\/div>\n<\/div>\n<\/div>\n<\/div>\n<\/div>\n<\/div>\n<\/div>\n<\/div>\n<\/div>\n<div class=\"wordpress-content\">\n<div class=\"wordpress-content\">\n<div class=\"wordpress-content\">\n<div class=\"wordpress-content\">\n<div class=\"wordpress-content\">\n<div class=\"wordpress-content\">\n<div class=\"wordpress-content\">\n<div class=\"wordpress-content\">\n<div class=\"wordpress-content\">\n<div class=\"wordpress-content\">\n<div class=\"wordpress-content\">\n<div class=\"wordpress-content\">\n<div class=\"wordpress-content\">\n<div class=\"wordpress-content\">\n<div class=\"wordpress-content\">\n<div class=\"wordpress-content\">\n<div class=\"wordpress-content\">\n<div class=\"wordpress-content\">\n<div class=\"wordpress-content\">\n<div class=\"wordpress-content\">\n<div class=\"wordpress-content\">\n<div class=\"wordpress-content\">\n<div class=\"wordpress-content\">\n<div class=\"wordpress-content\">\n<div class=\"wordpress-content\">\n<div class=\"wordpress-content\">\n<div class=\"wordpress-content\">\n<div class=\"wordpress-content\">\n<div class=\"wordpress-content\">\n<div class=\"wordpress-content\">\n<p>F\u00f8lg med for de siste nyhetene om Europa og Norge.<\/p>\n<\/div>\n<\/div>\n<\/div>\n<\/div>\n<\/div>\n<\/div>\n<\/div>\n<\/div>\n<\/div>\n<\/div>\n<\/div>\n<\/div>\n<\/div>\n<\/div>\n<\/div>\n<\/div>\n<\/div>\n<\/div>\n<\/div>\n<\/div>\n<\/div>\n<\/div>\n<\/div>\n<\/div>\n<\/div>\n<\/div>\n<\/div>\n<\/div>\n<\/div>\n<\/div>\n<div class=\"wordpress-content\">\n<div class=\"wordpress-content\">\n<div class=\"wordpress-content\">\n<div class=\"wordpress-content\">\n<div class=\"wordpress-content\">\n<div class=\"wordpress-content\">\n<div class=\"wordpress-content\">\n<div class=\"wordpress-content\">\n<div class=\"wordpress-content\">\n<div class=\"wordpress-content\">\n<div class=\"wordpress-content\">\n<div class=\"wordpress-content\">\n<div class=\"wordpress-content\">\n<div class=\"wordpress-content\">\n<div class=\"wordpress-content\">\n<div class=\"wordpress-content\">\n<div class=\"wordpress-content\">\n<div class=\"wordpress-content\">\n<div class=\"wordpress-content\">\n<div class=\"wordpress-content\">\n<div class=\"wordpress-content\">\n<div class=\"wordpress-content\">\n<div class=\"wordpress-content\">\n<div class=\"wordpress-content\">\n<div class=\"wordpress-content\">\n<div class=\"wordpress-content\">\n<div class=\"wordpress-content\">\n<div class=\"wordpress-content\">\n<div class=\"wordpress-content\">\n<p>F\u00f8lg med for de siste nyhetene om Europa og Norge.<\/p>\n<\/div>\n<\/div>\n<\/div>\n<\/div>\n<\/div>\n<\/div>\n<\/div>\n<\/div>\n<\/div>\n<\/div>\n<\/div>\n<\/div>\n<\/div>\n<\/div>\n<\/div>\n<\/div>\n<\/div>\n<\/div>\n<\/div>\n<\/div>\n<\/div>\n<\/div>\n<\/div>\n<\/div>\n<\/div>\n<\/div>\n<\/div>\n<\/div>\n<\/div>\n<div class=\"wordpress-content\">\n<div class=\"wordpress-content\">\n<div class=\"wordpress-content\">\n<div class=\"wordpress-content\">\n<div class=\"wordpress-content\">\n<div class=\"wordpress-content\">\n<div class=\"wordpress-content\">\n<div class=\"wordpress-content\">\n<div class=\"wordpress-content\">\n<div class=\"wordpress-content\">\n<div class=\"wordpress-content\">\n<div class=\"wordpress-content\">\n<div class=\"wordpress-content\">\n<div class=\"wordpress-content\">\n<div class=\"wordpress-content\">\n<div class=\"wordpress-content\">\n<div class=\"wordpress-content\">\n<div class=\"wordpress-content\">\n<div class=\"wordpress-content\">\n<div class=\"wordpress-content\">\n<div class=\"wordpress-content\">\n<div class=\"wordpress-content\">\n<div class=\"wordpress-content\">\n<div class=\"wordpress-content\">\n<div class=\"wordpress-content\">\n<div class=\"wordpress-content\">\n<div class=\"wordpress-content\">\n<div class=\"wordpress-content\">\n<p>F\u00f8lg med for de siste nyhetene om Europa og Norge.<\/p>\n<\/div>\n<\/div>\n<\/div>\n<\/div>\n<\/div>\n<\/div>\n<\/div>\n<\/div>\n<\/div>\n<\/div>\n<\/div>\n<\/div>\n<\/div>\n<\/div>\n<\/div>\n<\/div>\n<\/div>\n<\/div>\n<\/div>\n<\/div>\n<\/div>\n<\/div>\n<\/div>\n<\/div>\n<\/div>\n<\/div>\n<\/div>\n<\/div>\n<div class=\"wordpress-content\">\n<div class=\"wordpress-content\">\n<div class=\"wordpress-content\">\n<div class=\"wordpress-content\">\n<div class=\"wordpress-content\">\n<div class=\"wordpress-content\">\n<div class=\"wordpress-content\">\n<div class=\"wordpress-content\">\n<div class=\"wordpress-content\">\n<div class=\"wordpress-content\">\n<div class=\"wordpress-content\">\n<div class=\"wordpress-content\">\n<div class=\"wordpress-content\">\n<div class=\"wordpress-content\">\n<div class=\"wordpress-content\">\n<div class=\"wordpress-content\">\n<div class=\"wordpress-content\">\n<div class=\"wordpress-content\">\n<div class=\"wordpress-content\">\n<div class=\"wordpress-content\">\n<div class=\"wordpress-content\">\n<div class=\"wordpress-content\">\n<div class=\"wordpress-content\">\n<div class=\"wordpress-content\">\n<div class=\"wordpress-content\">\n<div class=\"wordpress-content\">\n<div class=\"wordpress-content\">\n<p>F\u00f8lg med for de siste nyhetene om Europa og Norge.<\/p>\n<\/div>\n<\/div>\n<\/div>\n<\/div>\n<\/div>\n<\/div>\n<\/div>\n<\/div>\n<\/div>\n<\/div>\n<\/div>\n<\/div>\n<\/div>\n<\/div>\n<\/div>\n<\/div>\n<\/div>\n<\/div>\n<\/div>\n<\/div>\n<\/div>\n<\/div>\n<\/div>\n<\/div>\n<\/div>\n<\/div>\n<\/div>\n<div class=\"wordpress-content\">\n<div class=\"wordpress-content\">\n<div class=\"wordpress-content\">\n<div class=\"wordpress-content\">\n<div class=\"wordpress-content\">\n<div class=\"wordpress-content\">\n<div class=\"wordpress-content\">\n<div class=\"wordpress-content\">\n<div class=\"wordpress-content\">\n<div class=\"wordpress-content\">\n<div class=\"wordpress-content\">\n<div class=\"wordpress-content\">\n<div class=\"wordpress-content\">\n<div class=\"wordpress-content\">\n<div class=\"wordpress-content\">\n<div class=\"wordpress-content\">\n<div class=\"wordpress-content\">\n<div class=\"wordpress-content\">\n<div class=\"wordpress-content\">\n<div class=\"wordpress-content\">\n<div class=\"wordpress-content\">\n<div class=\"wordpress-content\">\n<div class=\"wordpress-content\">\n<div class=\"wordpress-content\">\n<div class=\"wordpress-content\">\n<div class=\"wordpress-content\">\n<p>F\u00f8lg med for de siste nyhetene om Europa og Norge.<\/p>\n<\/div>\n<\/div>\n<\/div>\n<\/div>\n<\/div>\n<\/div>\n<\/div>\n<\/div>\n<\/div>\n<\/div>\n<\/div>\n<\/div>\n<\/div>\n<\/div>\n<\/div>\n<\/div>\n<\/div>\n<\/div>\n<\/div>\n<\/div>\n<\/div>\n<\/div>\n<\/div>\n<\/div>\n<\/div>\n<\/div>\n<div class=\"wordpress-content\">\n<div class=\"wordpress-content\">\n<div class=\"wordpress-content\">\n<div class=\"wordpress-content\">\n<div class=\"wordpress-content\">\n<div class=\"wordpress-content\">\n<div class=\"wordpress-content\">\n<div class=\"wordpress-content\">\n<div class=\"wordpress-content\">\n<div class=\"wordpress-content\">\n<div class=\"wordpress-content\">\n<div class=\"wordpress-content\">\n<div class=\"wordpress-content\">\n<div class=\"wordpress-content\">\n<div class=\"wordpress-content\">\n<div class=\"wordpress-content\">\n<div class=\"wordpress-content\">\n<div class=\"wordpress-content\">\n<div class=\"wordpress-content\">\n<div class=\"wordpress-content\">\n<div class=\"wordpress-content\">\n<div class=\"wordpress-content\">\n<div class=\"wordpress-content\">\n<div class=\"wordpress-content\">\n<div class=\"wordpress-content\">\n<p>F\u00f8lg med for de siste nyhetene om Europa og Norge.<\/p>\n<\/div>\n<\/div>\n<\/div>\n<\/div>\n<\/div>\n<\/div>\n<\/div>\n<\/div>\n<\/div>\n<\/div>\n<\/div>\n<\/div>\n<\/div>\n<\/div>\n<\/div>\n<\/div>\n<\/div>\n<\/div>\n<\/div>\n<\/div>\n<\/div>\n<\/div>\n<\/div>\n<\/div>\n<\/div>\n<div class=\"wordpress-content\">\n<div class=\"wordpress-content\">\n<div class=\"wordpress-content\">\n<div class=\"wordpress-content\">\n<div class=\"wordpress-content\">\n<div class=\"wordpress-content\">\n<div class=\"wordpress-content\">\n<div class=\"wordpress-content\">\n<div class=\"wordpress-content\">\n<div class=\"wordpress-content\">\n<div class=\"wordpress-content\">\n<div class=\"wordpress-content\">\n<div class=\"wordpress-content\">\n<div class=\"wordpress-content\">\n<div class=\"wordpress-content\">\n<div class=\"wordpress-content\">\n<div class=\"wordpress-content\">\n<div class=\"wordpress-content\">\n<div class=\"wordpress-content\">\n<div class=\"wordpress-content\">\n<div class=\"wordpress-content\">\n<div class=\"wordpress-content\">\n<div class=\"wordpress-content\">\n<div class=\"wordpress-content\">\n<p>F\u00f8lg med for de siste nyhetene om Europa og Norge.<\/p>\n<\/div>\n<\/div>\n<\/div>\n<\/div>\n<\/div>\n<\/div>\n<\/div>\n<\/div>\n<\/div>\n<\/div>\n<\/div>\n<\/div>\n<\/div>\n<\/div>\n<\/div>\n<\/div>\n<\/div>\n<\/div>\n<\/div>\n<\/div>\n<\/div>\n<\/div>\n<\/div>\n<\/div>\n<div class=\"wordpress-content\">\n<div class=\"wordpress-content\">\n<div class=\"wordpress-content\">\n<div class=\"wordpress-content\">\n<div class=\"wordpress-content\">\n<div class=\"wordpress-content\">\n<div class=\"wordpress-content\">\n<div class=\"wordpress-content\">\n<div class=\"wordpress-content\">\n<div class=\"wordpress-content\">\n<div class=\"wordpress-content\">\n<div class=\"wordpress-content\">\n<div class=\"wordpress-content\">\n<div class=\"wordpress-content\">\n<div class=\"wordpress-content\">\n<div class=\"wordpress-content\">\n<div class=\"wordpress-content\">\n<div class=\"wordpress-content\">\n<div class=\"wordpress-content\">\n<div class=\"wordpress-content\">\n<div class=\"wordpress-content\">\n<div class=\"wordpress-content\">\n<div class=\"wordpress-content\">\n<p>F\u00f8lg med for de siste nyhetene om Europa og Norge.<\/p>\n<\/div>\n<\/div>\n<\/div>\n<\/div>\n<\/div>\n<\/div>\n<\/div>\n<\/div>\n<\/div>\n<\/div>\n<\/div>\n<\/div>\n<\/div>\n<\/div>\n<\/div>\n<\/div>\n<\/div>\n<\/div>\n<\/div>\n<\/div>\n<\/div>\n<\/div>\n<\/div>\n<div class=\"wordpress-content\">\n<div class=\"wordpress-content\">\n<div class=\"wordpress-content\">\n<div class=\"wordpress-content\">\n<div class=\"wordpress-content\">\n<div class=\"wordpress-content\">\n<div class=\"wordpress-content\">\n<div class=\"wordpress-content\">\n<div class=\"wordpress-content\">\n<div class=\"wordpress-content\">\n<div class=\"wordpress-content\">\n<div class=\"wordpress-content\">\n<div class=\"wordpress-content\">\n<div class=\"wordpress-content\">\n<div class=\"wordpress-content\">\n<div class=\"wordpress-content\">\n<div class=\"wordpress-content\">\n<div class=\"wordpress-content\">\n<div class=\"wordpress-content\">\n<div class=\"wordpress-content\">\n<div class=\"wordpress-content\">\n<div class=\"wordpress-content\">\n<p>F\u00f8lg med for de siste nyhetene om Europa og Norge.<\/p>\n<\/div>\n<\/div>\n<\/div>\n<\/div>\n<\/div>\n<\/div>\n<\/div>\n<\/div>\n<\/div>\n<\/div>\n<\/div>\n<\/div>\n<\/div>\n<\/div>\n<\/div>\n<\/div>\n<\/div>\n<\/div>\n<\/div>\n<\/div>\n<\/div>\n<\/div>\n<div class=\"wordpress-content\">\n<div class=\"wordpress-content\">\n<div class=\"wordpress-content\">\n<div class=\"wordpress-content\">\n<div class=\"wordpress-content\">\n<div class=\"wordpress-content\">\n<div class=\"wordpress-content\">\n<div class=\"wordpress-content\">\n<div class=\"wordpress-content\">\n<div class=\"wordpress-content\">\n<div class=\"wordpress-content\">\n<div class=\"wordpress-content\">\n<div class=\"wordpress-content\">\n<div class=\"wordpress-content\">\n<div class=\"wordpress-content\">\n<div class=\"wordpress-content\">\n<div class=\"wordpress-content\">\n<div class=\"wordpress-content\">\n<div class=\"wordpress-content\">\n<div class=\"wordpress-content\">\n<div class=\"wordpress-content\">\n<p>F\u00f8lg med for de siste nyhetene om Europa og Norge.<\/p>\n<\/div>\n<\/div>\n<\/div>\n<\/div>\n<\/div>\n<\/div>\n<\/div>\n<\/div>\n<\/div>\n<\/div>\n<\/div>\n<\/div>\n<\/div>\n<\/div>\n<\/div>\n<\/div>\n<\/div>\n<\/div>\n<\/div>\n<\/div>\n<\/div>\n<div class=\"wordpress-content\">\n<div class=\"wordpress-content\">\n<div class=\"wordpress-content\">\n<div class=\"wordpress-content\">\n<div class=\"wordpress-content\">\n<div class=\"wordpress-content\">\n<div class=\"wordpress-content\">\n<div class=\"wordpress-content\">\n<div class=\"wordpress-content\">\n<div class=\"wordpress-content\">\n<div class=\"wordpress-content\">\n<div class=\"wordpress-content\">\n<div class=\"wordpress-content\">\n<div class=\"wordpress-content\">\n<div class=\"wordpress-content\">\n<div class=\"wordpress-content\">\n<div class=\"wordpress-content\">\n<div class=\"wordpress-content\">\n<div class=\"wordpress-content\">\n<div class=\"wordpress-content\">\n<p>F\u00f8lg med for de siste nyhetene om Europa og Norge.<\/p>\n<\/div>\n<\/div>\n<\/div>\n<\/div>\n<\/div>\n<\/div>\n<\/div>\n<\/div>\n<\/div>\n<\/div>\n<\/div>\n<\/div>\n<\/div>\n<\/div>\n<\/div>\n<\/div>\n<\/div>\n<\/div>\n<\/div>\n<\/div>\n<div class=\"wordpress-content\">\n<div class=\"wordpress-content\">\n<div class=\"wordpress-content\">\n<div class=\"wordpress-content\">\n<div class=\"wordpress-content\">\n<div class=\"wordpress-content\">\n<div class=\"wordpress-content\">\n<div class=\"wordpress-content\">\n<div class=\"wordpress-content\">\n<div class=\"wordpress-content\">\n<div class=\"wordpress-content\">\n<div class=\"wordpress-content\">\n<div class=\"wordpress-content\">\n<div class=\"wordpress-content\">\n<div class=\"wordpress-content\">\n<div class=\"wordpress-content\">\n<div class=\"wordpress-content\">\n<div class=\"wordpress-content\">\n<div class=\"wordpress-content\">\n<p>F\u00f8lg med for de siste nyhetene om Europa og Norge.<\/p>\n<\/div>\n<\/div>\n<\/div>\n<\/div>\n<\/div>\n<\/div>\n<\/div>\n<\/div>\n<\/div>\n<\/div>\n<\/div>\n<\/div>\n<\/div>\n<\/div>\n<\/div>\n<\/div>\n<\/div>\n<\/div>\n<\/div>\n<div class=\"wordpress-content\">\n<div class=\"wordpress-content\">\n<div class=\"wordpress-content\">\n<div class=\"wordpress-content\">\n<div class=\"wordpress-content\">\n<div class=\"wordpress-content\">\n<div class=\"wordpress-content\">\n<div class=\"wordpress-content\">\n<div class=\"wordpress-content\">\n<div class=\"wordpress-content\">\n<div class=\"wordpress-content\">\n<div class=\"wordpress-content\">\n<div class=\"wordpress-content\">\n<div class=\"wordpress-content\">\n<div class=\"wordpress-content\">\n<div class=\"wordpress-content\">\n<div class=\"wordpress-content\">\n<div class=\"wordpress-content\">\n<p>F\u00f8lg med for de siste nyhetene om Europa og Norge.<\/p>\n<\/div>\n<\/div>\n<\/div>\n<\/div>\n<\/div>\n<\/div>\n<\/div>\n<\/div>\n<\/div>\n<\/div>\n<\/div>\n<\/div>\n<\/div>\n<\/div>\n<\/div>\n<\/div>\n<\/div>\n<\/div>\n<div class=\"wordpress-content\">\n<div class=\"wordpress-content\">\n<div class=\"wordpress-content\">\n<div class=\"wordpress-content\">\n<div class=\"wordpress-content\">\n<div class=\"wordpress-content\">\n<div class=\"wordpress-content\">\n<div class=\"wordpress-content\">\n<div class=\"wordpress-content\">\n<div class=\"wordpress-content\">\n<div class=\"wordpress-content\">\n<div class=\"wordpress-content\">\n<div class=\"wordpress-content\">\n<div class=\"wordpress-content\">\n<div class=\"wordpress-content\">\n<div class=\"wordpress-content\">\n<div class=\"wordpress-content\">\n<p>F\u00f8lg med for de siste nyhetene om Europa og Norge.<\/p>\n<\/div>\n<\/div>\n<\/div>\n<\/div>\n<\/div>\n<\/div>\n<\/div>\n<\/div>\n<\/div>\n<\/div>\n<\/div>\n<\/div>\n<\/div>\n<\/div>\n<\/div>\n<\/div>\n<\/div>\n<div class=\"wordpress-content\">\n<div class=\"wordpress-content\">\n<div class=\"wordpress-content\">\n<div class=\"wordpress-content\">\n<div class=\"wordpress-content\">\n<div class=\"wordpress-content\">\n<div class=\"wordpress-content\">\n<div class=\"wordpress-content\">\n<div class=\"wordpress-content\">\n<div class=\"wordpress-content\">\n<div class=\"wordpress-content\">\n<div class=\"wordpress-content\">\n<div class=\"wordpress-content\">\n<div class=\"wordpress-content\">\n<div class=\"wordpress-content\">\n<div class=\"wordpress-content\">\n<p>F\u00f8lg med for de siste nyhetene om Europa og Norge.<\/p>\n<\/div>\n<\/div>\n<\/div>\n<\/div>\n<\/div>\n<\/div>\n<\/div>\n<\/div>\n<\/div>\n<\/div>\n<\/div>\n<\/div>\n<\/div>\n<\/div>\n<\/div>\n<\/div>\n<div class=\"wordpress-content\">\n<div class=\"wordpress-content\">\n<div class=\"wordpress-content\">\n<div class=\"wordpress-content\">\n<div class=\"wordpress-content\">\n<div class=\"wordpress-content\">\n<div class=\"wordpress-content\">\n<div class=\"wordpress-content\">\n<div class=\"wordpress-content\">\n<div class=\"wordpress-content\">\n<div class=\"wordpress-content\">\n<div class=\"wordpress-content\">\n<div class=\"wordpress-content\">\n<div class=\"wordpress-content\">\n<div class=\"wordpress-content\">\n<p>F\u00f8lg med for de siste nyhetene om Europa og Norge.<\/p>\n<\/div>\n<\/div>\n<\/div>\n<\/div>\n<\/div>\n<\/div>\n<\/div>\n<\/div>\n<\/div>\n<\/div>\n<\/div>\n<\/div>\n<\/div>\n<\/div>\n<\/div>\n<div class=\"wordpress-content\">\n<div class=\"wordpress-content\">\n<div class=\"wordpress-content\">\n<div class=\"wordpress-content\">\n<div class=\"wordpress-content\">\n<div class=\"wordpress-content\">\n<div class=\"wordpress-content\">\n<div class=\"wordpress-content\">\n<div class=\"wordpress-content\">\n<div class=\"wordpress-content\">\n<div class=\"wordpress-content\">\n<div class=\"wordpress-content\">\n<div class=\"wordpress-content\">\n<div class=\"wordpress-content\">\n<p>F\u00f8lg med for de siste nyhetene om Europa og Norge.<\/p>\n<\/div>\n<\/div>\n<\/div>\n<\/div>\n<\/div>\n<\/div>\n<\/div>\n<\/div>\n<\/div>\n<\/div>\n<\/div>\n<\/div>\n<\/div>\n<\/div>\n<div class=\"wordpress-content\">\n<div class=\"wordpress-content\">\n<div class=\"wordpress-content\">\n<div class=\"wordpress-content\">\n<div class=\"wordpress-content\">\n<div class=\"wordpress-content\">\n<div class=\"wordpress-content\">\n<div class=\"wordpress-content\">\n<div class=\"wordpress-content\">\n<div class=\"wordpress-content\">\n<div class=\"wordpress-content\">\n<div class=\"wordpress-content\">\n<div class=\"wordpress-content\">\n<p>F\u00f8lg med for de siste nyhetene om Europa og Norge.<\/p>\n<\/div>\n<\/div>\n<\/div>\n<\/div>\n<\/div>\n<\/div>\n<\/div>\n<\/div>\n<\/div>\n<\/div>\n<\/div>\n<\/div>\n<\/div>\n<div class=\"wordpress-content\">\n<div class=\"wordpress-content\">\n<div class=\"wordpress-content\">\n<div class=\"wordpress-content\">\n<div class=\"wordpress-content\">\n<div class=\"wordpress-content\">\n<div class=\"wordpress-content\">\n<div class=\"wordpress-content\">\n<div class=\"wordpress-content\">\n<div class=\"wordpress-content\">\n<div class=\"wordpress-content\">\n<div class=\"wordpress-content\">\n<p>F\u00f8lg med for de siste nyhetene om Europa og Norge.<\/p>\n<\/div>\n<\/div>\n<\/div>\n<\/div>\n<\/div>\n<\/div>\n<\/div>\n<\/div>\n<\/div>\n<\/div>\n<\/div>\n<\/div>\n<div class=\"wordpress-content\">\n<div class=\"wordpress-content\">\n<div class=\"wordpress-content\">\n<div class=\"wordpress-content\">\n<div class=\"wordpress-content\">\n<div class=\"wordpress-content\">\n<div class=\"wordpress-content\">\n<div class=\"wordpress-content\">\n<div class=\"wordpress-content\">\n<div class=\"wordpress-content\">\n<div class=\"wordpress-content\">\n<p>F\u00f8lg med for de siste nyhetene om Europa og Norge.<\/p>\n<\/div>\n<\/div>\n<\/div>\n<\/div>\n<\/div>\n<\/div>\n<\/div>\n<\/div>\n<\/div>\n<\/div>\n<\/div>\n<div class=\"wordpress-content\">\n<div class=\"wordpress-content\">\n<div class=\"wordpress-content\">\n<div class=\"wordpress-content\">\n<div class=\"wordpress-content\">\n<div class=\"wordpress-content\">\n<div class=\"wordpress-content\">\n<div class=\"wordpress-content\">\n<div class=\"wordpress-content\">\n<div class=\"wordpress-content\">\n<p>F\u00f8lg med for de siste nyhetene om Europa og Norge.<\/p>\n<\/div>\n<\/div>\n<\/div>\n<\/div>\n<\/div>\n<\/div>\n<\/div>\n<\/div>\n<\/div>\n<\/div>\n<div class=\"wordpress-content\">\n<div class=\"wordpress-content\">\n<div class=\"wordpress-content\">\n<div class=\"wordpress-content\">\n<div class=\"wordpress-content\">\n<div class=\"wordpress-content\">\n<div class=\"wordpress-content\">\n<div class=\"wordpress-content\">\n<div class=\"wordpress-content\">\n<p>F\u00f8lg med for de siste nyhetene om Europa og Norge.<\/p>\n<\/div>\n<\/div>\n<\/div>\n<\/div>\n<\/div>\n<\/div>\n<\/div>\n<\/div>\n<\/div>\n<div class=\"wordpress-content\">\n<div class=\"wordpress-content\">\n<div class=\"wordpress-content\">\n<div class=\"wordpress-content\">\n<div class=\"wordpress-content\">\n<div class=\"wordpress-content\">\n<div class=\"wordpress-content\">\n<div class=\"wordpress-content\">\n<p>F\u00f8lg med for de siste nyhetene om Europa og Norge.<\/p>\n<\/div>\n<\/div>\n<\/div>\n<\/div>\n<\/div>\n<\/div>\n<\/div>\n<\/div>\n<div class=\"wordpress-content\">\n<div class=\"wordpress-content\">\n<div class=\"wordpress-content\">\n<div class=\"wordpress-content\">\n<div class=\"wordpress-content\">\n<div class=\"wordpress-content\">\n<div class=\"wordpress-content\">\n<p>F\u00f8lg med for de siste nyhetene om Europa og Norge.<\/p>\n<\/div>\n<\/div>\n<\/div>\n<\/div>\n<\/div>\n<\/div>\n<\/div>\n<div class=\"wordpress-content\">\n<div class=\"wordpress-content\">\n<div class=\"wordpress-content\">\n<div class=\"wordpress-content\">\n<div class=\"wordpress-content\">\n<div class=\"wordpress-content\">\n<p>F\u00f8lg med for de siste nyhetene om Europa og Norge.<\/p>\n<\/div>\n<\/div>\n<\/div>\n<\/div>\n<\/div>\n<\/div>\n<div class=\"wordpress-content\">\n<div class=\"wordpress-content\">\n<div class=\"wordpress-content\">\n<div class=\"wordpress-content\">\n<div class=\"wordpress-content\">\n<p>F\u00f8lg med for de siste nyhetene om Europa og Norge.<\/p>\n<\/div>\n<\/div>\n<\/div>\n<\/div>\n<\/div>\n<div class=\"wordpress-content\">\n<div class=\"wordpress-content\">\n<div class=\"wordpress-content\">\n<div class=\"wordpress-content\">\n<p>F\u00f8lg med for de siste nyhetene om Europa og Norge.<\/p>\n<\/div>\n<\/div>\n<\/div>\n<\/div>\n<div class=\"wordpress-content\">\n<div class=\"wordpress-content\">\n<div class=\"wordpress-content\">\n<p>F\u00f8lg med for de siste nyhetene om Europa og Norge.<\/p>\n<\/div>\n<\/div>\n<\/div>\n<div class=\"wordpress-content\">\n<div class=\"wordpress-content\">\n<p>F\u00f8lg med for de siste nyhetene om Europa og Norge.<\/p>\n<\/div>\n<\/div>\n<div class=\"wordpress-content\">\n<p>F\u00f8lg med for de siste nyhetene om Europa og Norge.<\/p>\n<\/div>\n","protected":false},"excerpt":{"rendered":"<p>L\u00f8rdag 9. august markerer den 80. feiringen av Moomin Day. Fra tidlig morgen dannet lange<\/p>\n","protected":false},"author":1,"featured_media":8081,"comment_status":"closed","ping_status":"open","sticky":false,"template":"","format":"standard","meta":{"footnotes":""},"categories":[22],"tags":[595,3674,5294,5293,266,3236,79,5292,142],"class_list":["post-8080","post","type-post","status-publish","format-standard","has-post-thumbnail","hentry","category-nasjonal","tag-ar","tag-day","tag-jubileumskrus","tag-koer","tag-lange","tag-markerer","tag-med","tag-moomin","tag-spesiell","generate-columns","tablet-grid-50","mobile-grid-100","grid-parent","grid-33"],"yoast_head":"<!-- This site is optimized with the Yoast SEO plugin v24.4 - https:\/\/yoast.com\/wordpress\/plugins\/seo\/ -->\n<title>Moomin Day markerer 80 \u00e5r med lange k\u00f8er for spesiell jubileumskrus - Nordnesrepublikken<\/title>\n<meta name=\"robots\" content=\"index, follow, max-snippet:-1, max-image-preview:large, max-video-preview:-1\" \/>\n<link rel=\"canonical\" href=\"https:\/\/nordnesrepublikken.no\/index.php\/2025\/08\/09\/moomin-day-markerer-80-ar-med-lange-koer-for-spesiell-jubileumskrus\/\" \/>\n<meta property=\"og:locale\" content=\"nb_NO\" \/>\n<meta property=\"og:type\" content=\"article\" \/>\n<meta property=\"og:title\" content=\"Moomin Day markerer 80 \u00e5r med lange k\u00f8er for spesiell jubileumskrus - Nordnesrepublikken\" \/>\n<meta property=\"og:description\" content=\"L\u00f8rdag 9. august markerer den 80. feiringen av Moomin Day. Fra tidlig morgen dannet lange\" \/>\n<meta property=\"og:url\" content=\"https:\/\/nordnesrepublikken.no\/index.php\/2025\/08\/09\/moomin-day-markerer-80-ar-med-lange-koer-for-spesiell-jubileumskrus\/\" \/>\n<meta property=\"og:site_name\" content=\"Nordnesrepublikken\" \/>\n<meta property=\"article:published_time\" content=\"2025-08-09T21:49:29+00:00\" \/>\n<meta property=\"article:modified_time\" content=\"2025-08-09T21:49:30+00:00\" \/>\n<meta property=\"og:image\" content=\"https:\/\/nordnesrepublikken.no\/wp-content\/uploads\/2025\/08\/1754776169_Moomin-Day-markerer-80-ar-med-lange-koer-for-spesiell.jpg\" \/>\n\t<meta property=\"og:image:width\" content=\"1200\" \/>\n\t<meta property=\"og:image:height\" content=\"750\" \/>\n\t<meta property=\"og:image:type\" content=\"image\/jpeg\" \/>\n<meta name=\"author\" content=\"Ole Andersen\" \/>\n<meta name=\"twitter:card\" content=\"summary_large_image\" \/>\n<meta name=\"twitter:label1\" content=\"Skrevet av\" \/>\n\t<meta name=\"twitter:data1\" content=\"Ole Andersen\" \/>\n\t<meta name=\"twitter:label2\" content=\"Ansl. lesetid\" \/>\n\t<meta name=\"twitter:data2\" content=\"5 minutter\" \/>\n<script type=\"application\/ld+json\" class=\"yoast-schema-graph\">{\"@context\":\"https:\/\/schema.org\",\"@graph\":[{\"@type\":\"Article\",\"@id\":\"https:\/\/nordnesrepublikken.no\/index.php\/2025\/08\/09\/moomin-day-markerer-80-ar-med-lange-koer-for-spesiell-jubileumskrus\/#article\",\"isPartOf\":{\"@id\":\"https:\/\/nordnesrepublikken.no\/index.php\/2025\/08\/09\/moomin-day-markerer-80-ar-med-lange-koer-for-spesiell-jubileumskrus\/\"},\"author\":{\"name\":\"Ole Andersen\",\"@id\":\"https:\/\/nordnesrepublikken.no\/#\/schema\/person\/2e7e81935bab77882fffb79296240ff1\"},\"headline\":\"Moomin Day markerer 80 \u00e5r med lange k\u00f8er for spesiell jubileumskrus\",\"datePublished\":\"2025-08-09T21:49:29+00:00\",\"dateModified\":\"2025-08-09T21:49:30+00:00\",\"mainEntityOfPage\":{\"@id\":\"https:\/\/nordnesrepublikken.no\/index.php\/2025\/08\/09\/moomin-day-markerer-80-ar-med-lange-koer-for-spesiell-jubileumskrus\/\"},\"wordCount\":1025,\"publisher\":{\"@id\":\"https:\/\/nordnesrepublikken.no\/#organization\"},\"image\":{\"@id\":\"https:\/\/nordnesrepublikken.no\/index.php\/2025\/08\/09\/moomin-day-markerer-80-ar-med-lange-koer-for-spesiell-jubileumskrus\/#primaryimage\"},\"thumbnailUrl\":\"https:\/\/nordnesrepublikken.no\/wp-content\/uploads\/2025\/08\/1754776169_Moomin-Day-markerer-80-ar-med-lange-koer-for-spesiell.jpg\",\"keywords\":[\"\u00e5r\",\"Day\",\"jubileumskrus\",\"k\u00f8er\",\"lange\",\"markerer\",\"med\",\"Moomin\",\"spesiell\"],\"articleSection\":[\"Nasjonal\"],\"inLanguage\":\"nb-NO\"},{\"@type\":\"WebPage\",\"@id\":\"https:\/\/nordnesrepublikken.no\/index.php\/2025\/08\/09\/moomin-day-markerer-80-ar-med-lange-koer-for-spesiell-jubileumskrus\/\",\"url\":\"https:\/\/nordnesrepublikken.no\/index.php\/2025\/08\/09\/moomin-day-markerer-80-ar-med-lange-koer-for-spesiell-jubileumskrus\/\",\"name\":\"Moomin Day markerer 80 \u00e5r med lange k\u00f8er for spesiell jubileumskrus - Nordnesrepublikken\",\"isPartOf\":{\"@id\":\"https:\/\/nordnesrepublikken.no\/#website\"},\"primaryImageOfPage\":{\"@id\":\"https:\/\/nordnesrepublikken.no\/index.php\/2025\/08\/09\/moomin-day-markerer-80-ar-med-lange-koer-for-spesiell-jubileumskrus\/#primaryimage\"},\"image\":{\"@id\":\"https:\/\/nordnesrepublikken.no\/index.php\/2025\/08\/09\/moomin-day-markerer-80-ar-med-lange-koer-for-spesiell-jubileumskrus\/#primaryimage\"},\"thumbnailUrl\":\"https:\/\/nordnesrepublikken.no\/wp-content\/uploads\/2025\/08\/1754776169_Moomin-Day-markerer-80-ar-med-lange-koer-for-spesiell.jpg\",\"datePublished\":\"2025-08-09T21:49:29+00:00\",\"dateModified\":\"2025-08-09T21:49:30+00:00\",\"breadcrumb\":{\"@id\":\"https:\/\/nordnesrepublikken.no\/index.php\/2025\/08\/09\/moomin-day-markerer-80-ar-med-lange-koer-for-spesiell-jubileumskrus\/#breadcrumb\"},\"inLanguage\":\"nb-NO\",\"potentialAction\":[{\"@type\":\"ReadAction\",\"target\":[\"https:\/\/nordnesrepublikken.no\/index.php\/2025\/08\/09\/moomin-day-markerer-80-ar-med-lange-koer-for-spesiell-jubileumskrus\/\"]}]},{\"@type\":\"ImageObject\",\"inLanguage\":\"nb-NO\",\"@id\":\"https:\/\/nordnesrepublikken.no\/index.php\/2025\/08\/09\/moomin-day-markerer-80-ar-med-lange-koer-for-spesiell-jubileumskrus\/#primaryimage\",\"url\":\"https:\/\/nordnesrepublikken.no\/wp-content\/uploads\/2025\/08\/1754776169_Moomin-Day-markerer-80-ar-med-lange-koer-for-spesiell.jpg\",\"contentUrl\":\"https:\/\/nordnesrepublikken.no\/wp-content\/uploads\/2025\/08\/1754776169_Moomin-Day-markerer-80-ar-med-lange-koer-for-spesiell.jpg\",\"width\":1200,\"height\":750,\"caption\":\"Moomin Day markerer 80 \u00e5r med lange k\u00f8er for spesiell jubileumskrus\"},{\"@type\":\"BreadcrumbList\",\"@id\":\"https:\/\/nordnesrepublikken.no\/index.php\/2025\/08\/09\/moomin-day-markerer-80-ar-med-lange-koer-for-spesiell-jubileumskrus\/#breadcrumb\",\"itemListElement\":[{\"@type\":\"ListItem\",\"position\":1,\"name\":\"Home\",\"item\":\"https:\/\/nordnesrepublikken.no\/\"},{\"@type\":\"ListItem\",\"position\":2,\"name\":\"Moomin Day markerer 80 \u00e5r med lange k\u00f8er for spesiell jubileumskrus\"}]},{\"@type\":\"WebSite\",\"@id\":\"https:\/\/nordnesrepublikken.no\/#website\",\"url\":\"https:\/\/nordnesrepublikken.no\/\",\"name\":\"Nordnesrepublikken\",\"description\":\"Stemmer og Visjoner fra Republikkens Hjerte\",\"publisher\":{\"@id\":\"https:\/\/nordnesrepublikken.no\/#organization\"},\"potentialAction\":[{\"@type\":\"SearchAction\",\"target\":{\"@type\":\"EntryPoint\",\"urlTemplate\":\"https:\/\/nordnesrepublikken.no\/?s={search_term_string}\"},\"query-input\":{\"@type\":\"PropertyValueSpecification\",\"valueRequired\":true,\"valueName\":\"search_term_string\"}}],\"inLanguage\":\"nb-NO\"},{\"@type\":\"Organization\",\"@id\":\"https:\/\/nordnesrepublikken.no\/#organization\",\"name\":\"Nordnesrepublikken\",\"url\":\"https:\/\/nordnesrepublikken.no\/\",\"logo\":{\"@type\":\"ImageObject\",\"inLanguage\":\"nb-NO\",\"@id\":\"https:\/\/nordnesrepublikken.no\/#\/schema\/logo\/image\/\",\"url\":\"https:\/\/nordnesrepublikken.no\/wp-content\/uploads\/2025\/02\/cropped-nordnesrepublikken-2.png\",\"contentUrl\":\"https:\/\/nordnesrepublikken.no\/wp-content\/uploads\/2025\/02\/cropped-nordnesrepublikken-2.png\",\"width\":1248,\"height\":362,\"caption\":\"Nordnesrepublikken\"},\"image\":{\"@id\":\"https:\/\/nordnesrepublikken.no\/#\/schema\/logo\/image\/\"}},{\"@type\":\"Person\",\"@id\":\"https:\/\/nordnesrepublikken.no\/#\/schema\/person\/2e7e81935bab77882fffb79296240ff1\",\"name\":\"Ole Andersen\",\"image\":{\"@type\":\"ImageObject\",\"inLanguage\":\"nb-NO\",\"@id\":\"https:\/\/nordnesrepublikken.no\/#\/schema\/person\/image\/\",\"url\":\"https:\/\/nordnesrepublikken.no\/wp-content\/uploads\/2025\/02\/nordnesrepublikken-2-2-150x150.jpg\",\"contentUrl\":\"https:\/\/nordnesrepublikken.no\/wp-content\/uploads\/2025\/02\/nordnesrepublikken-2-2-150x150.jpg\",\"caption\":\"Ole Andersen\"},\"description\":\"Ettersom jeg vokste opp i Oslo, har jeg alltid v\u00e6rt fascinert av ordenes kraft og deres evne til \u00e5 skape endringer. Etter \u00e5 ha fullf\u00f8rt min utdannelse i kommunikasjon ved Universitetet i Bergen, fikk jeg muligheten til \u00e5 jobbe innen ulike medier, der jeg har s\u00f8kt \u00e5 belyse viktige samfunnssp\u00f8rsm\u00e5l. I dag, som redakt\u00f8r for Nordnesrepublikken, pr\u00f8ver jeg \u00e5 forene min kj\u00e6rlighet for journalistikk med min lidenskap for innovasjon og eventyr.\",\"sameAs\":[\"https:\/\/nordnesrepublikken.no\/\"]}]}<\/script>\n<!-- \/ Yoast SEO plugin. -->","yoast_head_json":{"title":"Moomin Day markerer 80 \u00e5r med lange k\u00f8er for spesiell jubileumskrus - Nordnesrepublikken","robots":{"index":"index","follow":"follow","max-snippet":"max-snippet:-1","max-image-preview":"max-image-preview:large","max-video-preview":"max-video-preview:-1"},"canonical":"https:\/\/nordnesrepublikken.no\/index.php\/2025\/08\/09\/moomin-day-markerer-80-ar-med-lange-koer-for-spesiell-jubileumskrus\/","og_locale":"nb_NO","og_type":"article","og_title":"Moomin Day markerer 80 \u00e5r med lange k\u00f8er for spesiell jubileumskrus - Nordnesrepublikken","og_description":"L\u00f8rdag 9. august markerer den 80. feiringen av Moomin Day. Fra tidlig morgen dannet lange","og_url":"https:\/\/nordnesrepublikken.no\/index.php\/2025\/08\/09\/moomin-day-markerer-80-ar-med-lange-koer-for-spesiell-jubileumskrus\/","og_site_name":"Nordnesrepublikken","article_published_time":"2025-08-09T21:49:29+00:00","article_modified_time":"2025-08-09T21:49:30+00:00","og_image":[{"width":1200,"height":750,"url":"https:\/\/nordnesrepublikken.no\/wp-content\/uploads\/2025\/08\/1754776169_Moomin-Day-markerer-80-ar-med-lange-koer-for-spesiell.jpg","type":"image\/jpeg"}],"author":"Ole Andersen","twitter_card":"summary_large_image","twitter_misc":{"Skrevet av":"Ole Andersen","Ansl. lesetid":"5 minutter"},"schema":{"@context":"https:\/\/schema.org","@graph":[{"@type":"Article","@id":"https:\/\/nordnesrepublikken.no\/index.php\/2025\/08\/09\/moomin-day-markerer-80-ar-med-lange-koer-for-spesiell-jubileumskrus\/#article","isPartOf":{"@id":"https:\/\/nordnesrepublikken.no\/index.php\/2025\/08\/09\/moomin-day-markerer-80-ar-med-lange-koer-for-spesiell-jubileumskrus\/"},"author":{"name":"Ole Andersen","@id":"https:\/\/nordnesrepublikken.no\/#\/schema\/person\/2e7e81935bab77882fffb79296240ff1"},"headline":"Moomin Day markerer 80 \u00e5r med lange k\u00f8er for spesiell jubileumskrus","datePublished":"2025-08-09T21:49:29+00:00","dateModified":"2025-08-09T21:49:30+00:00","mainEntityOfPage":{"@id":"https:\/\/nordnesrepublikken.no\/index.php\/2025\/08\/09\/moomin-day-markerer-80-ar-med-lange-koer-for-spesiell-jubileumskrus\/"},"wordCount":1025,"publisher":{"@id":"https:\/\/nordnesrepublikken.no\/#organization"},"image":{"@id":"https:\/\/nordnesrepublikken.no\/index.php\/2025\/08\/09\/moomin-day-markerer-80-ar-med-lange-koer-for-spesiell-jubileumskrus\/#primaryimage"},"thumbnailUrl":"https:\/\/nordnesrepublikken.no\/wp-content\/uploads\/2025\/08\/1754776169_Moomin-Day-markerer-80-ar-med-lange-koer-for-spesiell.jpg","keywords":["\u00e5r","Day","jubileumskrus","k\u00f8er","lange","markerer","med","Moomin","spesiell"],"articleSection":["Nasjonal"],"inLanguage":"nb-NO"},{"@type":"WebPage","@id":"https:\/\/nordnesrepublikken.no\/index.php\/2025\/08\/09\/moomin-day-markerer-80-ar-med-lange-koer-for-spesiell-jubileumskrus\/","url":"https:\/\/nordnesrepublikken.no\/index.php\/2025\/08\/09\/moomin-day-markerer-80-ar-med-lange-koer-for-spesiell-jubileumskrus\/","name":"Moomin Day markerer 80 \u00e5r med lange k\u00f8er for spesiell jubileumskrus - Nordnesrepublikken","isPartOf":{"@id":"https:\/\/nordnesrepublikken.no\/#website"},"primaryImageOfPage":{"@id":"https:\/\/nordnesrepublikken.no\/index.php\/2025\/08\/09\/moomin-day-markerer-80-ar-med-lange-koer-for-spesiell-jubileumskrus\/#primaryimage"},"image":{"@id":"https:\/\/nordnesrepublikken.no\/index.php\/2025\/08\/09\/moomin-day-markerer-80-ar-med-lange-koer-for-spesiell-jubileumskrus\/#primaryimage"},"thumbnailUrl":"https:\/\/nordnesrepublikken.no\/wp-content\/uploads\/2025\/08\/1754776169_Moomin-Day-markerer-80-ar-med-lange-koer-for-spesiell.jpg","datePublished":"2025-08-09T21:49:29+00:00","dateModified":"2025-08-09T21:49:30+00:00","breadcrumb":{"@id":"https:\/\/nordnesrepublikken.no\/index.php\/2025\/08\/09\/moomin-day-markerer-80-ar-med-lange-koer-for-spesiell-jubileumskrus\/#breadcrumb"},"inLanguage":"nb-NO","potentialAction":[{"@type":"ReadAction","target":["https:\/\/nordnesrepublikken.no\/index.php\/2025\/08\/09\/moomin-day-markerer-80-ar-med-lange-koer-for-spesiell-jubileumskrus\/"]}]},{"@type":"ImageObject","inLanguage":"nb-NO","@id":"https:\/\/nordnesrepublikken.no\/index.php\/2025\/08\/09\/moomin-day-markerer-80-ar-med-lange-koer-for-spesiell-jubileumskrus\/#primaryimage","url":"https:\/\/nordnesrepublikken.no\/wp-content\/uploads\/2025\/08\/1754776169_Moomin-Day-markerer-80-ar-med-lange-koer-for-spesiell.jpg","contentUrl":"https:\/\/nordnesrepublikken.no\/wp-content\/uploads\/2025\/08\/1754776169_Moomin-Day-markerer-80-ar-med-lange-koer-for-spesiell.jpg","width":1200,"height":750,"caption":"Moomin Day markerer 80 \u00e5r med lange k\u00f8er for spesiell jubileumskrus"},{"@type":"BreadcrumbList","@id":"https:\/\/nordnesrepublikken.no\/index.php\/2025\/08\/09\/moomin-day-markerer-80-ar-med-lange-koer-for-spesiell-jubileumskrus\/#breadcrumb","itemListElement":[{"@type":"ListItem","position":1,"name":"Home","item":"https:\/\/nordnesrepublikken.no\/"},{"@type":"ListItem","position":2,"name":"Moomin Day markerer 80 \u00e5r med lange k\u00f8er for spesiell jubileumskrus"}]},{"@type":"WebSite","@id":"https:\/\/nordnesrepublikken.no\/#website","url":"https:\/\/nordnesrepublikken.no\/","name":"Nordnesrepublikken","description":"Stemmer og Visjoner fra Republikkens Hjerte","publisher":{"@id":"https:\/\/nordnesrepublikken.no\/#organization"},"potentialAction":[{"@type":"SearchAction","target":{"@type":"EntryPoint","urlTemplate":"https:\/\/nordnesrepublikken.no\/?s={search_term_string}"},"query-input":{"@type":"PropertyValueSpecification","valueRequired":true,"valueName":"search_term_string"}}],"inLanguage":"nb-NO"},{"@type":"Organization","@id":"https:\/\/nordnesrepublikken.no\/#organization","name":"Nordnesrepublikken","url":"https:\/\/nordnesrepublikken.no\/","logo":{"@type":"ImageObject","inLanguage":"nb-NO","@id":"https:\/\/nordnesrepublikken.no\/#\/schema\/logo\/image\/","url":"https:\/\/nordnesrepublikken.no\/wp-content\/uploads\/2025\/02\/cropped-nordnesrepublikken-2.png","contentUrl":"https:\/\/nordnesrepublikken.no\/wp-content\/uploads\/2025\/02\/cropped-nordnesrepublikken-2.png","width":1248,"height":362,"caption":"Nordnesrepublikken"},"image":{"@id":"https:\/\/nordnesrepublikken.no\/#\/schema\/logo\/image\/"}},{"@type":"Person","@id":"https:\/\/nordnesrepublikken.no\/#\/schema\/person\/2e7e81935bab77882fffb79296240ff1","name":"Ole Andersen","image":{"@type":"ImageObject","inLanguage":"nb-NO","@id":"https:\/\/nordnesrepublikken.no\/#\/schema\/person\/image\/","url":"https:\/\/nordnesrepublikken.no\/wp-content\/uploads\/2025\/02\/nordnesrepublikken-2-2-150x150.jpg","contentUrl":"https:\/\/nordnesrepublikken.no\/wp-content\/uploads\/2025\/02\/nordnesrepublikken-2-2-150x150.jpg","caption":"Ole Andersen"},"description":"Ettersom jeg vokste opp i Oslo, har jeg alltid v\u00e6rt fascinert av ordenes kraft og deres evne til \u00e5 skape endringer. Etter \u00e5 ha fullf\u00f8rt min utdannelse i kommunikasjon ved Universitetet i Bergen, fikk jeg muligheten til \u00e5 jobbe innen ulike medier, der jeg har s\u00f8kt \u00e5 belyse viktige samfunnssp\u00f8rsm\u00e5l. I dag, som redakt\u00f8r for Nordnesrepublikken, pr\u00f8ver jeg \u00e5 forene min kj\u00e6rlighet for journalistikk med min lidenskap for innovasjon og eventyr.","sameAs":["https:\/\/nordnesrepublikken.no\/"]}]}},"_links":{"self":[{"href":"https:\/\/nordnesrepublikken.no\/index.php\/wp-json\/wp\/v2\/posts\/8080","targetHints":{"allow":["GET"]}}],"collection":[{"href":"https:\/\/nordnesrepublikken.no\/index.php\/wp-json\/wp\/v2\/posts"}],"about":[{"href":"https:\/\/nordnesrepublikken.no\/index.php\/wp-json\/wp\/v2\/types\/post"}],"author":[{"embeddable":true,"href":"https:\/\/nordnesrepublikken.no\/index.php\/wp-json\/wp\/v2\/users\/1"}],"replies":[{"embeddable":true,"href":"https:\/\/nordnesrepublikken.no\/index.php\/wp-json\/wp\/v2\/comments?post=8080"}],"version-history":[{"count":1,"href":"https:\/\/nordnesrepublikken.no\/index.php\/wp-json\/wp\/v2\/posts\/8080\/revisions"}],"predecessor-version":[{"id":8082,"href":"https:\/\/nordnesrepublikken.no\/index.php\/wp-json\/wp\/v2\/posts\/8080\/revisions\/8082"}],"wp:featuredmedia":[{"embeddable":true,"href":"https:\/\/nordnesrepublikken.no\/index.php\/wp-json\/wp\/v2\/media\/8081"}],"wp:attachment":[{"href":"https:\/\/nordnesrepublikken.no\/index.php\/wp-json\/wp\/v2\/media?parent=8080"}],"wp:term":[{"taxonomy":"category","embeddable":true,"href":"https:\/\/nordnesrepublikken.no\/index.php\/wp-json\/wp\/v2\/categories?post=8080"},{"taxonomy":"post_tag","embeddable":true,"href":"https:\/\/nordnesrepublikken.no\/index.php\/wp-json\/wp\/v2\/tags?post=8080"}],"curies":[{"name":"wp","href":"https:\/\/api.w.org\/{rel}","templated":true}]}}