{"id":7989,"date":"2025-08-10T09:00:00","date_gmt":"2025-08-10T07:00:00","guid":{"rendered":"https:\/\/nordnesrepublikken.no\/?p=7989"},"modified":"2025-08-07T13:05:15","modified_gmt":"2025-08-07T11:05:15","slug":"disse-plantene-ma-beskjaeres-i-august","status":"publish","type":"post","link":"https:\/\/nordnesrepublikken.no\/index.php\/2025\/08\/10\/disse-plantene-ma-beskjaeres-i-august\/","title":{"rendered":"Disse plantene m\u00e5 beskj\u00e6res i august"},"content":{"rendered":"\n<p><strong><em>N\u00e5 som sommerblomstringen ebber ut, er august en gyllen mulighet til \u00e5 gi hagen din en lett stuss f\u00f8r h\u00f8sten. Med noen enkle grep kan du sikre gode vekstforhold, mer lysinnslipp og en frisk start for neste sesong.<\/em><\/strong><\/p>\n\n\n\n<!--more-->\n\n\n\n<h2 class=\"wp-block-heading\">Hvorfor beskj\u00e6ring i august er viktig<\/h2>\n\n\n\n<p>Pruning p\u00e5 <a href=\"https:\/\/nordnesrepublikken.no\/index.php\/2025\/08\/06\/bakterien-som-er-ansvarlig-for-doden-av-milliarder-av-sjostjerner-oppdaget-den-nye-studien\/\"><strong>sensommeren<\/strong><\/a> hjelper planter med \u00e5 f\u00e5 nok lys og luft n\u00e5r dagene blir kortere. For frukttr\u00e6r betyr det jevnere modning, mens klatreplanter og busker holdes innenfor sine rammer. En lett beskj\u00e6ring stimulerer ogs\u00e5 dannelse av nye skudd og blomster til neste \u00e5r.<\/p>\n\n\n\n<h2 class=\"wp-block-heading\">Frukttr\u00e6r: la solen komme til<\/h2>\n\n\n\n<p>\u2013 <strong>Eple-, p\u00e6re- og plommetr\u00e6r<\/strong> anbefales lett beskj\u00e6ring i august for \u00e5 \u00e5pne kronen. Fjern svake eller kryssende grener slik at fruktene modnes jevnt .<\/p>\n\n\n\n<h2 class=\"wp-block-heading\">Hekk og skjermvegetasjon: form og luft<\/h2>\n\n\n\n<p>\u2013 Buksbom, tuja og andre <strong><a href=\"https:\/\/nordnesrepublikken.no\/index.php\/2025\/03\/31\/territoriet-til-kamcatka-den-russiske-halvoya-der-brannen-moter-isen\/\">bartr\u00e6r<\/a><\/strong> i hekken kan klippes etter hekkrydding er ferdig, og etter fuglenes hekking (rundt 15. august). En jevn form hindrer vinterskader og gir en tett, frisk hekk .<\/p>\n\n\n\n<h2 class=\"wp-block-heading\">Roser og stauder: fjern visne blomster<\/h2>\n\n\n\n<p>\u2013 Beskj\u00e6r <strong>roselianer<\/strong> og <strong>gode hagegeranium<\/strong> ved \u00e5 klippe bort visne blomster og svake skudd. Det gir plass til nye knoppsettinger og reduserer soppangrep.<\/p>\n\n\n\n<h2 class=\"wp-block-heading\">Klatreplanter: hold dem nede<\/h2>\n\n\n\n<p>\u2013 Klipp tilbake u\u00f8nskede skudd p\u00e5 <strong>vildvin<\/strong>, <strong>klematis<\/strong> og **efs **for \u00e5 s\u00f8rge for at de holder seg innenfor st\u00f8ttestrukturen og ikke tar over. Fjern d\u00f8de eller syke grener og halmset sett akkurat over et friskt bladpar.<\/p>\n\n\n\n<h2 class=\"wp-block-heading\">Busker med sensommerblomstring<\/h2>\n\n\n\n<p>\u2013 <strong>Lavendel<\/strong>, <strong>hortensia<\/strong> og <strong><a href=\"https:\/\/nordnesrepublikken.no\/index.php\/2025\/06\/25\/denne-planten-holder-naturlig-bort-asiatiske-veps-fra-hagen-din\/\">rosmarin<\/a><\/strong> har godt av en lett stuss i august. Klipp av avblomstrede blomsterstander for \u00e5 bevare plantenes form og stimulere ny vekst.<\/p>\n\n\n\n<h2 class=\"wp-block-heading\">Slik gj\u00f8r du det riktig<\/h2>\n\n\n\n<ol class=\"wp-block-list\">\n<li>Desinfiser redskapene (beskj\u00e6ringssaks, hekksaks) med sprit.<\/li>\n\n\n\n<li>Klipp alltid over et friskt knutepunkt eller et nytt skudd \u2013 aldri midt p\u00e5 en greinskaft.<\/li>\n\n\n\n<li>Unng\u00e5 kraftig beskj\u00e6ring; august-beskj\u00e6ring b\u00f8r v\u00e6re lett og formgivende.<\/li>\n<\/ol>\n\n\n\n<p>Med disse <strong>pruning-tipsene<\/strong> f\u00e5r hagen din et ryddig l\u00f8ft, bedre luft- og lysforhold, og du legger grunnlaget for en frodig v\u00e5r i 2025. Lykke til!<\/p>\n","protected":false},"excerpt":{"rendered":"<p>N\u00e5 som sommerblomstringen ebber ut, er august en gyllen mulighet til \u00e5 gi hagen din<\/p>\n","protected":false},"author":4,"featured_media":7990,"comment_status":"closed","ping_status":"open","sticky":false,"template":"","format":"standard","meta":{"footnotes":""},"categories":[1287],"tags":[],"class_list":["post-7989","post","type-post","status-publish","format-standard","has-post-thumbnail","hentry","category-nyheter","generate-columns","tablet-grid-50","mobile-grid-100","grid-parent","grid-33","resize-featured-image"],"yoast_head":"<!-- This site is optimized with the Yoast SEO plugin v24.4 - https:\/\/yoast.com\/wordpress\/plugins\/seo\/ -->\n<title>Disse plantene m\u00e5 beskj\u00e6res i august - Nordnesrepublikken<\/title>\n<meta name=\"robots\" content=\"index, follow, max-snippet:-1, max-image-preview:large, max-video-preview:-1\" \/>\n<link rel=\"canonical\" href=\"https:\/\/nordnesrepublikken.no\/index.php\/2025\/08\/10\/disse-plantene-ma-beskjaeres-i-august\/\" \/>\n<meta property=\"og:locale\" content=\"nb_NO\" \/>\n<meta property=\"og:type\" content=\"article\" \/>\n<meta property=\"og:title\" content=\"Disse plantene m\u00e5 beskj\u00e6res i august - Nordnesrepublikken\" \/>\n<meta property=\"og:description\" content=\"N\u00e5 som sommerblomstringen ebber ut, er august en gyllen mulighet til \u00e5 gi hagen din\" \/>\n<meta property=\"og:url\" content=\"https:\/\/nordnesrepublikken.no\/index.php\/2025\/08\/10\/disse-plantene-ma-beskjaeres-i-august\/\" \/>\n<meta property=\"og:site_name\" content=\"Nordnesrepublikken\" \/>\n<meta property=\"article:published_time\" content=\"2025-08-10T07:00:00+00:00\" \/>\n<meta property=\"og:image\" content=\"https:\/\/nordnesrepublikken.no\/wp-content\/uploads\/2025\/08\/beskjaeres.jpg\" \/>\n\t<meta property=\"og:image:width\" content=\"1200\" \/>\n\t<meta property=\"og:image:height\" content=\"800\" \/>\n\t<meta property=\"og:image:type\" content=\"image\/jpeg\" \/>\n<meta name=\"author\" content=\"Erik Dahlgren\" \/>\n<meta name=\"twitter:card\" content=\"summary_large_image\" \/>\n<meta name=\"twitter:label1\" content=\"Skrevet av\" \/>\n\t<meta name=\"twitter:data1\" content=\"Erik Dahlgren\" \/>\n\t<meta name=\"twitter:label2\" content=\"Ansl. lesetid\" \/>\n\t<meta name=\"twitter:data2\" content=\"2 minutter\" \/>\n<script type=\"application\/ld+json\" class=\"yoast-schema-graph\">{\"@context\":\"https:\/\/schema.org\",\"@graph\":[{\"@type\":\"Article\",\"@id\":\"https:\/\/nordnesrepublikken.no\/index.php\/2025\/08\/10\/disse-plantene-ma-beskjaeres-i-august\/#article\",\"isPartOf\":{\"@id\":\"https:\/\/nordnesrepublikken.no\/index.php\/2025\/08\/10\/disse-plantene-ma-beskjaeres-i-august\/\"},\"author\":{\"name\":\"Erik Dahlgren\",\"@id\":\"https:\/\/nordnesrepublikken.no\/#\/schema\/person\/84c306b32f7a22b4f294a8756f3fde65\"},\"headline\":\"Disse plantene m\u00e5 beskj\u00e6res i august\",\"datePublished\":\"2025-08-10T07:00:00+00:00\",\"mainEntityOfPage\":{\"@id\":\"https:\/\/nordnesrepublikken.no\/index.php\/2025\/08\/10\/disse-plantene-ma-beskjaeres-i-august\/\"},\"wordCount\":334,\"publisher\":{\"@id\":\"https:\/\/nordnesrepublikken.no\/#organization\"},\"image\":{\"@id\":\"https:\/\/nordnesrepublikken.no\/index.php\/2025\/08\/10\/disse-plantene-ma-beskjaeres-i-august\/#primaryimage\"},\"thumbnailUrl\":\"https:\/\/nordnesrepublikken.no\/wp-content\/uploads\/2025\/08\/beskjaeres.jpg\",\"articleSection\":[\"Nyheter\"],\"inLanguage\":\"nb-NO\"},{\"@type\":\"WebPage\",\"@id\":\"https:\/\/nordnesrepublikken.no\/index.php\/2025\/08\/10\/disse-plantene-ma-beskjaeres-i-august\/\",\"url\":\"https:\/\/nordnesrepublikken.no\/index.php\/2025\/08\/10\/disse-plantene-ma-beskjaeres-i-august\/\",\"name\":\"Disse plantene m\u00e5 beskj\u00e6res i august - Nordnesrepublikken\",\"isPartOf\":{\"@id\":\"https:\/\/nordnesrepublikken.no\/#website\"},\"primaryImageOfPage\":{\"@id\":\"https:\/\/nordnesrepublikken.no\/index.php\/2025\/08\/10\/disse-plantene-ma-beskjaeres-i-august\/#primaryimage\"},\"image\":{\"@id\":\"https:\/\/nordnesrepublikken.no\/index.php\/2025\/08\/10\/disse-plantene-ma-beskjaeres-i-august\/#primaryimage\"},\"thumbnailUrl\":\"https:\/\/nordnesrepublikken.no\/wp-content\/uploads\/2025\/08\/beskjaeres.jpg\",\"datePublished\":\"2025-08-10T07:00:00+00:00\",\"breadcrumb\":{\"@id\":\"https:\/\/nordnesrepublikken.no\/index.php\/2025\/08\/10\/disse-plantene-ma-beskjaeres-i-august\/#breadcrumb\"},\"inLanguage\":\"nb-NO\",\"potentialAction\":[{\"@type\":\"ReadAction\",\"target\":[\"https:\/\/nordnesrepublikken.no\/index.php\/2025\/08\/10\/disse-plantene-ma-beskjaeres-i-august\/\"]}]},{\"@type\":\"ImageObject\",\"inLanguage\":\"nb-NO\",\"@id\":\"https:\/\/nordnesrepublikken.no\/index.php\/2025\/08\/10\/disse-plantene-ma-beskjaeres-i-august\/#primaryimage\",\"url\":\"https:\/\/nordnesrepublikken.no\/wp-content\/uploads\/2025\/08\/beskjaeres.jpg\",\"contentUrl\":\"https:\/\/nordnesrepublikken.no\/wp-content\/uploads\/2025\/08\/beskjaeres.jpg\",\"width\":1200,\"height\":800,\"caption\":\"Disse plantene m\u00e5 beskj\u00e6res i august\"},{\"@type\":\"BreadcrumbList\",\"@id\":\"https:\/\/nordnesrepublikken.no\/index.php\/2025\/08\/10\/disse-plantene-ma-beskjaeres-i-august\/#breadcrumb\",\"itemListElement\":[{\"@type\":\"ListItem\",\"position\":1,\"name\":\"Home\",\"item\":\"https:\/\/nordnesrepublikken.no\/\"},{\"@type\":\"ListItem\",\"position\":2,\"name\":\"Disse plantene m\u00e5 beskj\u00e6res i august\"}]},{\"@type\":\"WebSite\",\"@id\":\"https:\/\/nordnesrepublikken.no\/#website\",\"url\":\"https:\/\/nordnesrepublikken.no\/\",\"name\":\"Nordnesrepublikken\",\"description\":\"Stemmer og Visjoner fra Republikkens Hjerte\",\"publisher\":{\"@id\":\"https:\/\/nordnesrepublikken.no\/#organization\"},\"potentialAction\":[{\"@type\":\"SearchAction\",\"target\":{\"@type\":\"EntryPoint\",\"urlTemplate\":\"https:\/\/nordnesrepublikken.no\/?s={search_term_string}\"},\"query-input\":{\"@type\":\"PropertyValueSpecification\",\"valueRequired\":true,\"valueName\":\"search_term_string\"}}],\"inLanguage\":\"nb-NO\"},{\"@type\":\"Organization\",\"@id\":\"https:\/\/nordnesrepublikken.no\/#organization\",\"name\":\"Nordnesrepublikken\",\"url\":\"https:\/\/nordnesrepublikken.no\/\",\"logo\":{\"@type\":\"ImageObject\",\"inLanguage\":\"nb-NO\",\"@id\":\"https:\/\/nordnesrepublikken.no\/#\/schema\/logo\/image\/\",\"url\":\"https:\/\/nordnesrepublikken.no\/wp-content\/uploads\/2025\/02\/cropped-nordnesrepublikken-2.png\",\"contentUrl\":\"https:\/\/nordnesrepublikken.no\/wp-content\/uploads\/2025\/02\/cropped-nordnesrepublikken-2.png\",\"width\":1248,\"height\":362,\"caption\":\"Nordnesrepublikken\"},\"image\":{\"@id\":\"https:\/\/nordnesrepublikken.no\/#\/schema\/logo\/image\/\"}},{\"@type\":\"Person\",\"@id\":\"https:\/\/nordnesrepublikken.no\/#\/schema\/person\/84c306b32f7a22b4f294a8756f3fde65\",\"name\":\"Erik Dahlgren\",\"image\":{\"@type\":\"ImageObject\",\"inLanguage\":\"nb-NO\",\"@id\":\"https:\/\/nordnesrepublikken.no\/#\/schema\/person\/image\/\",\"url\":\"https:\/\/nordnesrepublikken.no\/wp-content\/uploads\/2025\/07\/Capture-decran-2025-07-31-a-15.22.01-150x150.png\",\"contentUrl\":\"https:\/\/nordnesrepublikken.no\/wp-content\/uploads\/2025\/07\/Capture-decran-2025-07-31-a-15.22.01-150x150.png\",\"caption\":\"Erik Dahlgren\"},\"description\":\"Erik Dahlgren er en allsidig journalist med base i Oslo, spesialisert p\u00e5 hus, hage og b\u00e6rekraftige boformer. Han kombinerer praktiske guider for byhager og interi\u00f8r med dypere milj\u00f8journalistikk og reportasjer. Med et tilgjengelig, engasjerende spr\u00e5k bidrar han til \u00e5 inspirere b\u00e5de huseiere og milj\u00f8bevisste lesere.\"}]}<\/script>\n<!-- \/ Yoast SEO plugin. -->","yoast_head_json":{"title":"Disse plantene m\u00e5 beskj\u00e6res i august - Nordnesrepublikken","robots":{"index":"index","follow":"follow","max-snippet":"max-snippet:-1","max-image-preview":"max-image-preview:large","max-video-preview":"max-video-preview:-1"},"canonical":"https:\/\/nordnesrepublikken.no\/index.php\/2025\/08\/10\/disse-plantene-ma-beskjaeres-i-august\/","og_locale":"nb_NO","og_type":"article","og_title":"Disse plantene m\u00e5 beskj\u00e6res i august - Nordnesrepublikken","og_description":"N\u00e5 som sommerblomstringen ebber ut, er august en gyllen mulighet til \u00e5 gi hagen din","og_url":"https:\/\/nordnesrepublikken.no\/index.php\/2025\/08\/10\/disse-plantene-ma-beskjaeres-i-august\/","og_site_name":"Nordnesrepublikken","article_published_time":"2025-08-10T07:00:00+00:00","og_image":[{"width":1200,"height":800,"url":"https:\/\/nordnesrepublikken.no\/wp-content\/uploads\/2025\/08\/beskjaeres.jpg","type":"image\/jpeg"}],"author":"Erik Dahlgren","twitter_card":"summary_large_image","twitter_misc":{"Skrevet av":"Erik Dahlgren","Ansl. lesetid":"2 minutter"},"schema":{"@context":"https:\/\/schema.org","@graph":[{"@type":"Article","@id":"https:\/\/nordnesrepublikken.no\/index.php\/2025\/08\/10\/disse-plantene-ma-beskjaeres-i-august\/#article","isPartOf":{"@id":"https:\/\/nordnesrepublikken.no\/index.php\/2025\/08\/10\/disse-plantene-ma-beskjaeres-i-august\/"},"author":{"name":"Erik Dahlgren","@id":"https:\/\/nordnesrepublikken.no\/#\/schema\/person\/84c306b32f7a22b4f294a8756f3fde65"},"headline":"Disse plantene m\u00e5 beskj\u00e6res i august","datePublished":"2025-08-10T07:00:00+00:00","mainEntityOfPage":{"@id":"https:\/\/nordnesrepublikken.no\/index.php\/2025\/08\/10\/disse-plantene-ma-beskjaeres-i-august\/"},"wordCount":334,"publisher":{"@id":"https:\/\/nordnesrepublikken.no\/#organization"},"image":{"@id":"https:\/\/nordnesrepublikken.no\/index.php\/2025\/08\/10\/disse-plantene-ma-beskjaeres-i-august\/#primaryimage"},"thumbnailUrl":"https:\/\/nordnesrepublikken.no\/wp-content\/uploads\/2025\/08\/beskjaeres.jpg","articleSection":["Nyheter"],"inLanguage":"nb-NO"},{"@type":"WebPage","@id":"https:\/\/nordnesrepublikken.no\/index.php\/2025\/08\/10\/disse-plantene-ma-beskjaeres-i-august\/","url":"https:\/\/nordnesrepublikken.no\/index.php\/2025\/08\/10\/disse-plantene-ma-beskjaeres-i-august\/","name":"Disse plantene m\u00e5 beskj\u00e6res i august - Nordnesrepublikken","isPartOf":{"@id":"https:\/\/nordnesrepublikken.no\/#website"},"primaryImageOfPage":{"@id":"https:\/\/nordnesrepublikken.no\/index.php\/2025\/08\/10\/disse-plantene-ma-beskjaeres-i-august\/#primaryimage"},"image":{"@id":"https:\/\/nordnesrepublikken.no\/index.php\/2025\/08\/10\/disse-plantene-ma-beskjaeres-i-august\/#primaryimage"},"thumbnailUrl":"https:\/\/nordnesrepublikken.no\/wp-content\/uploads\/2025\/08\/beskjaeres.jpg","datePublished":"2025-08-10T07:00:00+00:00","breadcrumb":{"@id":"https:\/\/nordnesrepublikken.no\/index.php\/2025\/08\/10\/disse-plantene-ma-beskjaeres-i-august\/#breadcrumb"},"inLanguage":"nb-NO","potentialAction":[{"@type":"ReadAction","target":["https:\/\/nordnesrepublikken.no\/index.php\/2025\/08\/10\/disse-plantene-ma-beskjaeres-i-august\/"]}]},{"@type":"ImageObject","inLanguage":"nb-NO","@id":"https:\/\/nordnesrepublikken.no\/index.php\/2025\/08\/10\/disse-plantene-ma-beskjaeres-i-august\/#primaryimage","url":"https:\/\/nordnesrepublikken.no\/wp-content\/uploads\/2025\/08\/beskjaeres.jpg","contentUrl":"https:\/\/nordnesrepublikken.no\/wp-content\/uploads\/2025\/08\/beskjaeres.jpg","width":1200,"height":800,"caption":"Disse plantene m\u00e5 beskj\u00e6res i august"},{"@type":"BreadcrumbList","@id":"https:\/\/nordnesrepublikken.no\/index.php\/2025\/08\/10\/disse-plantene-ma-beskjaeres-i-august\/#breadcrumb","itemListElement":[{"@type":"ListItem","position":1,"name":"Home","item":"https:\/\/nordnesrepublikken.no\/"},{"@type":"ListItem","position":2,"name":"Disse plantene m\u00e5 beskj\u00e6res i august"}]},{"@type":"WebSite","@id":"https:\/\/nordnesrepublikken.no\/#website","url":"https:\/\/nordnesrepublikken.no\/","name":"Nordnesrepublikken","description":"Stemmer og Visjoner fra Republikkens Hjerte","publisher":{"@id":"https:\/\/nordnesrepublikken.no\/#organization"},"potentialAction":[{"@type":"SearchAction","target":{"@type":"EntryPoint","urlTemplate":"https:\/\/nordnesrepublikken.no\/?s={search_term_string}"},"query-input":{"@type":"PropertyValueSpecification","valueRequired":true,"valueName":"search_term_string"}}],"inLanguage":"nb-NO"},{"@type":"Organization","@id":"https:\/\/nordnesrepublikken.no\/#organization","name":"Nordnesrepublikken","url":"https:\/\/nordnesrepublikken.no\/","logo":{"@type":"ImageObject","inLanguage":"nb-NO","@id":"https:\/\/nordnesrepublikken.no\/#\/schema\/logo\/image\/","url":"https:\/\/nordnesrepublikken.no\/wp-content\/uploads\/2025\/02\/cropped-nordnesrepublikken-2.png","contentUrl":"https:\/\/nordnesrepublikken.no\/wp-content\/uploads\/2025\/02\/cropped-nordnesrepublikken-2.png","width":1248,"height":362,"caption":"Nordnesrepublikken"},"image":{"@id":"https:\/\/nordnesrepublikken.no\/#\/schema\/logo\/image\/"}},{"@type":"Person","@id":"https:\/\/nordnesrepublikken.no\/#\/schema\/person\/84c306b32f7a22b4f294a8756f3fde65","name":"Erik Dahlgren","image":{"@type":"ImageObject","inLanguage":"nb-NO","@id":"https:\/\/nordnesrepublikken.no\/#\/schema\/person\/image\/","url":"https:\/\/nordnesrepublikken.no\/wp-content\/uploads\/2025\/07\/Capture-decran-2025-07-31-a-15.22.01-150x150.png","contentUrl":"https:\/\/nordnesrepublikken.no\/wp-content\/uploads\/2025\/07\/Capture-decran-2025-07-31-a-15.22.01-150x150.png","caption":"Erik Dahlgren"},"description":"Erik Dahlgren er en allsidig journalist med base i Oslo, spesialisert p\u00e5 hus, hage og b\u00e6rekraftige boformer. Han kombinerer praktiske guider for byhager og interi\u00f8r med dypere milj\u00f8journalistikk og reportasjer. Med et tilgjengelig, engasjerende spr\u00e5k bidrar han til \u00e5 inspirere b\u00e5de huseiere og milj\u00f8bevisste lesere."}]}},"_links":{"self":[{"href":"https:\/\/nordnesrepublikken.no\/index.php\/wp-json\/wp\/v2\/posts\/7989","targetHints":{"allow":["GET"]}}],"collection":[{"href":"https:\/\/nordnesrepublikken.no\/index.php\/wp-json\/wp\/v2\/posts"}],"about":[{"href":"https:\/\/nordnesrepublikken.no\/index.php\/wp-json\/wp\/v2\/types\/post"}],"author":[{"embeddable":true,"href":"https:\/\/nordnesrepublikken.no\/index.php\/wp-json\/wp\/v2\/users\/4"}],"replies":[{"embeddable":true,"href":"https:\/\/nordnesrepublikken.no\/index.php\/wp-json\/wp\/v2\/comments?post=7989"}],"version-history":[{"count":1,"href":"https:\/\/nordnesrepublikken.no\/index.php\/wp-json\/wp\/v2\/posts\/7989\/revisions"}],"predecessor-version":[{"id":7991,"href":"https:\/\/nordnesrepublikken.no\/index.php\/wp-json\/wp\/v2\/posts\/7989\/revisions\/7991"}],"wp:featuredmedia":[{"embeddable":true,"href":"https:\/\/nordnesrepublikken.no\/index.php\/wp-json\/wp\/v2\/media\/7990"}],"wp:attachment":[{"href":"https:\/\/nordnesrepublikken.no\/index.php\/wp-json\/wp\/v2\/media?parent=7989"}],"wp:term":[{"taxonomy":"category","embeddable":true,"href":"https:\/\/nordnesrepublikken.no\/index.php\/wp-json\/wp\/v2\/categories?post=7989"},{"taxonomy":"post_tag","embeddable":true,"href":"https:\/\/nordnesrepublikken.no\/index.php\/wp-json\/wp\/v2\/tags?post=7989"}],"curies":[{"name":"wp","href":"https:\/\/api.w.org\/{rel}","templated":true}]}}