{"id":7922,"date":"2025-08-06T05:49:29","date_gmt":"2025-08-06T03:49:29","guid":{"rendered":"https:\/\/nordnesrepublikken.no\/index.php\/2025\/08\/06\/rafael-nadal-debuterer-som-marquis-of-llevant\/"},"modified":"2025-08-06T05:49:30","modified_gmt":"2025-08-06T03:49:30","slug":"rafael-nadal-debuterer-som-marquis-of-llevant","status":"publish","type":"post","link":"https:\/\/nordnesrepublikken.no\/index.php\/2025\/08\/06\/rafael-nadal-debuterer-som-marquis-of-llevant\/","title":{"rendered":"Rafael Nadal debuterer som Marquis of Llevant"},"content":{"rendered":"<p><\/p>\n<div class=\"wordpress-content\">\n                    <!-- Article Start --><\/p>\n<p><strong>Rafael Nadal debuterte mandag 4. august i Marivent -mottakelsen, og markerte sitt f\u00f8rste oppm\u00f8te p\u00e5 sommerarrangementet med kongen og dronningen, og han gjorde det som marquis til Llevant de Mallorca.<\/strong><\/p>\n<p><span style=\"font-weight: 400\">I juni i \u00e5r innvilget kong Felipe VI The Manacor -innf\u00f8dte tittelen Marquis of Llevant, i anerkjennelse av sin sportslige karriere og hans verdier som en nasjonal skikkelse. <\/span><\/p>\n<p><span style=\"font-weight: 400\">Monarken hadde ikke tidligere gitt noen edle titler i l\u00f8pet av hans ti \u00e5r med regjeringstid, og avgj\u00f8relsen kom p\u00e5 11 -\u00e5rsjubileet for hans tiltredelse til tronen.<\/span><\/p>\n<div class=\"sra_unit\"><link rel=\"stylesheet\" id=\"block-sra\" href=\"https:\/\/euroweeklynews.com\/wp-content\/plugins\/snack-related-articles\/dist\/css\/snack-related.min.css?250312-193541\" type=\"text\/css\" media=\"all\">\n<\/div>\n<p><span style=\"font-weight: 400\">Marquisate ble gitt av kongelig dekret publisert i den offisielle State Gazette (BOE) for \u00e5 minnes jubileet for monarkens proklamasjon. <\/span><\/p>\n<p><span style=\"font-weight: 400\">Tittelen Marquis of Llevant refererer til regionen Manacor, kommunen der den legendariske mallorcanske tennisspilleren ble f\u00f8dt. Tittelen er arvelig og kan derfor videref\u00f8res til arvingene hans.<\/span><\/p>\n<p><span style=\"font-weight: 400\">Den tradisjonelle mottakelsen holdes av kongefamilien hver sommer p\u00e5 Marivent Palace. I \u00e5r var det preget av flere nye funksjoner som gjenspeiler b\u00e5de generasjonsendring og anerkjennelse av fremragende tall. <\/span><\/p>\n<p><span style=\"font-weight: 400\">Arrangementet samlet mer enn 300 gjester fra forskjellige sf\u00e6rer i Balears samfunn &#8211; kultur, sport, vitenskap, utdanning og n\u00e6ringsliv &#8211; i den emblematiske omgivelsen til Marivent Gardens. Et rom p\u00e5 mer enn 9000 kvadratmeter, som kombinerer innf\u00f8dte arter med originale skulpturer av Joan Mir\u00f3, tjente som rammen for en hendelse full av symbolikk og n\u00e6rhet.<\/span><\/p>\n<p>                    <!-- This article has been originally published at https:\/\/euroweeklynews.com\/2025\/08\/05\/rafael-nadal-debuts-as-the-marquis-of-llevant\/ on 05 Aug 2025 at 14:35 by Olivier Acu\u00f1a Barba --><br \/>\n                    <!-- Article End -->\n                <\/div>\n","protected":false},"excerpt":{"rendered":"<p>Rafael Nadal debuterte mandag 4. august i Marivent -mottakelsen, og markerte sitt f\u00f8rste oppm\u00f8te p\u00e5<\/p>\n","protected":false},"author":1,"featured_media":7923,"comment_status":"closed","ping_status":"open","sticky":false,"template":"","format":"standard","meta":{"footnotes":""},"categories":[105],"tags":[1950,5198,5197,5196,5195,31],"class_list":["post-7922","post","type-post","status-publish","format-standard","has-post-thumbnail","hentry","category-livsstil","tag-debuterer","tag-llevant","tag-marquis","tag-nadal","tag-rafael","tag-som","generate-columns","tablet-grid-50","mobile-grid-100","grid-parent","grid-33","resize-featured-image"],"yoast_head":"<!-- This site is optimized with the Yoast SEO plugin v24.4 - https:\/\/yoast.com\/wordpress\/plugins\/seo\/ -->\n<title>Rafael Nadal debuterer som Marquis of Llevant - Nordnesrepublikken<\/title>\n<meta name=\"robots\" content=\"index, follow, max-snippet:-1, max-image-preview:large, max-video-preview:-1\" \/>\n<link rel=\"canonical\" href=\"https:\/\/nordnesrepublikken.no\/index.php\/2025\/08\/06\/rafael-nadal-debuterer-som-marquis-of-llevant\/\" \/>\n<meta property=\"og:locale\" content=\"nb_NO\" \/>\n<meta property=\"og:type\" content=\"article\" \/>\n<meta property=\"og:title\" content=\"Rafael Nadal debuterer som Marquis of Llevant - Nordnesrepublikken\" \/>\n<meta property=\"og:description\" content=\"Rafael Nadal debuterte mandag 4. august i Marivent -mottakelsen, og markerte sitt f\u00f8rste oppm\u00f8te p\u00e5\" \/>\n<meta property=\"og:url\" content=\"https:\/\/nordnesrepublikken.no\/index.php\/2025\/08\/06\/rafael-nadal-debuterer-som-marquis-of-llevant\/\" \/>\n<meta property=\"og:site_name\" content=\"Nordnesrepublikken\" \/>\n<meta property=\"article:published_time\" content=\"2025-08-06T03:49:29+00:00\" \/>\n<meta property=\"article:modified_time\" content=\"2025-08-06T03:49:30+00:00\" \/>\n<meta property=\"og:image\" content=\"https:\/\/nordnesrepublikken.no\/wp-content\/uploads\/2025\/08\/1754452170_Rafael-Nadal-debuterer-som-Marquis-of-Llevant.jpeg\" \/>\n\t<meta property=\"og:image:width\" content=\"630\" \/>\n\t<meta property=\"og:image:height\" content=\"390\" \/>\n\t<meta property=\"og:image:type\" content=\"image\/jpeg\" \/>\n<meta name=\"author\" content=\"Ole Andersen\" \/>\n<meta name=\"twitter:card\" content=\"summary_large_image\" \/>\n<meta name=\"twitter:label1\" content=\"Skrevet av\" \/>\n\t<meta name=\"twitter:data1\" content=\"Ole Andersen\" \/>\n\t<meta name=\"twitter:label2\" content=\"Ansl. lesetid\" \/>\n\t<meta name=\"twitter:data2\" content=\"1 minutt\" \/>\n<script type=\"application\/ld+json\" class=\"yoast-schema-graph\">{\"@context\":\"https:\/\/schema.org\",\"@graph\":[{\"@type\":\"Article\",\"@id\":\"https:\/\/nordnesrepublikken.no\/index.php\/2025\/08\/06\/rafael-nadal-debuterer-som-marquis-of-llevant\/#article\",\"isPartOf\":{\"@id\":\"https:\/\/nordnesrepublikken.no\/index.php\/2025\/08\/06\/rafael-nadal-debuterer-som-marquis-of-llevant\/\"},\"author\":{\"name\":\"Ole Andersen\",\"@id\":\"https:\/\/nordnesrepublikken.no\/#\/schema\/person\/2e7e81935bab77882fffb79296240ff1\"},\"headline\":\"Rafael Nadal debuterer som Marquis of Llevant\",\"datePublished\":\"2025-08-06T03:49:29+00:00\",\"dateModified\":\"2025-08-06T03:49:30+00:00\",\"mainEntityOfPage\":{\"@id\":\"https:\/\/nordnesrepublikken.no\/index.php\/2025\/08\/06\/rafael-nadal-debuterer-som-marquis-of-llevant\/\"},\"wordCount\":230,\"publisher\":{\"@id\":\"https:\/\/nordnesrepublikken.no\/#organization\"},\"image\":{\"@id\":\"https:\/\/nordnesrepublikken.no\/index.php\/2025\/08\/06\/rafael-nadal-debuterer-som-marquis-of-llevant\/#primaryimage\"},\"thumbnailUrl\":\"https:\/\/nordnesrepublikken.no\/wp-content\/uploads\/2025\/08\/1754452170_Rafael-Nadal-debuterer-som-Marquis-of-Llevant.jpeg\",\"keywords\":[\"debuterer\",\"Llevant\",\"Marquis\",\"Nadal\",\"Rafael\",\"som\"],\"articleSection\":[\"Livsstil\"],\"inLanguage\":\"nb-NO\"},{\"@type\":\"WebPage\",\"@id\":\"https:\/\/nordnesrepublikken.no\/index.php\/2025\/08\/06\/rafael-nadal-debuterer-som-marquis-of-llevant\/\",\"url\":\"https:\/\/nordnesrepublikken.no\/index.php\/2025\/08\/06\/rafael-nadal-debuterer-som-marquis-of-llevant\/\",\"name\":\"Rafael Nadal debuterer som Marquis of Llevant - Nordnesrepublikken\",\"isPartOf\":{\"@id\":\"https:\/\/nordnesrepublikken.no\/#website\"},\"primaryImageOfPage\":{\"@id\":\"https:\/\/nordnesrepublikken.no\/index.php\/2025\/08\/06\/rafael-nadal-debuterer-som-marquis-of-llevant\/#primaryimage\"},\"image\":{\"@id\":\"https:\/\/nordnesrepublikken.no\/index.php\/2025\/08\/06\/rafael-nadal-debuterer-som-marquis-of-llevant\/#primaryimage\"},\"thumbnailUrl\":\"https:\/\/nordnesrepublikken.no\/wp-content\/uploads\/2025\/08\/1754452170_Rafael-Nadal-debuterer-som-Marquis-of-Llevant.jpeg\",\"datePublished\":\"2025-08-06T03:49:29+00:00\",\"dateModified\":\"2025-08-06T03:49:30+00:00\",\"breadcrumb\":{\"@id\":\"https:\/\/nordnesrepublikken.no\/index.php\/2025\/08\/06\/rafael-nadal-debuterer-som-marquis-of-llevant\/#breadcrumb\"},\"inLanguage\":\"nb-NO\",\"potentialAction\":[{\"@type\":\"ReadAction\",\"target\":[\"https:\/\/nordnesrepublikken.no\/index.php\/2025\/08\/06\/rafael-nadal-debuterer-som-marquis-of-llevant\/\"]}]},{\"@type\":\"ImageObject\",\"inLanguage\":\"nb-NO\",\"@id\":\"https:\/\/nordnesrepublikken.no\/index.php\/2025\/08\/06\/rafael-nadal-debuterer-som-marquis-of-llevant\/#primaryimage\",\"url\":\"https:\/\/nordnesrepublikken.no\/wp-content\/uploads\/2025\/08\/1754452170_Rafael-Nadal-debuterer-som-Marquis-of-Llevant.jpeg\",\"contentUrl\":\"https:\/\/nordnesrepublikken.no\/wp-content\/uploads\/2025\/08\/1754452170_Rafael-Nadal-debuterer-som-Marquis-of-Llevant.jpeg\",\"width\":630,\"height\":390,\"caption\":\"Rafael Nadal debuterer som Marquis of Llevant\"},{\"@type\":\"BreadcrumbList\",\"@id\":\"https:\/\/nordnesrepublikken.no\/index.php\/2025\/08\/06\/rafael-nadal-debuterer-som-marquis-of-llevant\/#breadcrumb\",\"itemListElement\":[{\"@type\":\"ListItem\",\"position\":1,\"name\":\"Home\",\"item\":\"https:\/\/nordnesrepublikken.no\/\"},{\"@type\":\"ListItem\",\"position\":2,\"name\":\"Rafael Nadal debuterer som Marquis of Llevant\"}]},{\"@type\":\"WebSite\",\"@id\":\"https:\/\/nordnesrepublikken.no\/#website\",\"url\":\"https:\/\/nordnesrepublikken.no\/\",\"name\":\"Nordnesrepublikken\",\"description\":\"Stemmer og Visjoner fra Republikkens Hjerte\",\"publisher\":{\"@id\":\"https:\/\/nordnesrepublikken.no\/#organization\"},\"potentialAction\":[{\"@type\":\"SearchAction\",\"target\":{\"@type\":\"EntryPoint\",\"urlTemplate\":\"https:\/\/nordnesrepublikken.no\/?s={search_term_string}\"},\"query-input\":{\"@type\":\"PropertyValueSpecification\",\"valueRequired\":true,\"valueName\":\"search_term_string\"}}],\"inLanguage\":\"nb-NO\"},{\"@type\":\"Organization\",\"@id\":\"https:\/\/nordnesrepublikken.no\/#organization\",\"name\":\"Nordnesrepublikken\",\"url\":\"https:\/\/nordnesrepublikken.no\/\",\"logo\":{\"@type\":\"ImageObject\",\"inLanguage\":\"nb-NO\",\"@id\":\"https:\/\/nordnesrepublikken.no\/#\/schema\/logo\/image\/\",\"url\":\"https:\/\/nordnesrepublikken.no\/wp-content\/uploads\/2025\/02\/cropped-nordnesrepublikken-2.png\",\"contentUrl\":\"https:\/\/nordnesrepublikken.no\/wp-content\/uploads\/2025\/02\/cropped-nordnesrepublikken-2.png\",\"width\":1248,\"height\":362,\"caption\":\"Nordnesrepublikken\"},\"image\":{\"@id\":\"https:\/\/nordnesrepublikken.no\/#\/schema\/logo\/image\/\"}},{\"@type\":\"Person\",\"@id\":\"https:\/\/nordnesrepublikken.no\/#\/schema\/person\/2e7e81935bab77882fffb79296240ff1\",\"name\":\"Ole Andersen\",\"image\":{\"@type\":\"ImageObject\",\"inLanguage\":\"nb-NO\",\"@id\":\"https:\/\/nordnesrepublikken.no\/#\/schema\/person\/image\/\",\"url\":\"https:\/\/nordnesrepublikken.no\/wp-content\/uploads\/2025\/02\/nordnesrepublikken-2-2-150x150.jpg\",\"contentUrl\":\"https:\/\/nordnesrepublikken.no\/wp-content\/uploads\/2025\/02\/nordnesrepublikken-2-2-150x150.jpg\",\"caption\":\"Ole Andersen\"},\"description\":\"Ettersom jeg vokste opp i Oslo, har jeg alltid v\u00e6rt fascinert av ordenes kraft og deres evne til \u00e5 skape endringer. Etter \u00e5 ha fullf\u00f8rt min utdannelse i kommunikasjon ved Universitetet i Bergen, fikk jeg muligheten til \u00e5 jobbe innen ulike medier, der jeg har s\u00f8kt \u00e5 belyse viktige samfunnssp\u00f8rsm\u00e5l. I dag, som redakt\u00f8r for Nordnesrepublikken, pr\u00f8ver jeg \u00e5 forene min kj\u00e6rlighet for journalistikk med min lidenskap for innovasjon og eventyr.\",\"sameAs\":[\"https:\/\/nordnesrepublikken.no\/\"]}]}<\/script>\n<!-- \/ Yoast SEO plugin. -->","yoast_head_json":{"title":"Rafael Nadal debuterer som Marquis of Llevant - Nordnesrepublikken","robots":{"index":"index","follow":"follow","max-snippet":"max-snippet:-1","max-image-preview":"max-image-preview:large","max-video-preview":"max-video-preview:-1"},"canonical":"https:\/\/nordnesrepublikken.no\/index.php\/2025\/08\/06\/rafael-nadal-debuterer-som-marquis-of-llevant\/","og_locale":"nb_NO","og_type":"article","og_title":"Rafael Nadal debuterer som Marquis of Llevant - Nordnesrepublikken","og_description":"Rafael Nadal debuterte mandag 4. august i Marivent -mottakelsen, og markerte sitt f\u00f8rste oppm\u00f8te p\u00e5","og_url":"https:\/\/nordnesrepublikken.no\/index.php\/2025\/08\/06\/rafael-nadal-debuterer-som-marquis-of-llevant\/","og_site_name":"Nordnesrepublikken","article_published_time":"2025-08-06T03:49:29+00:00","article_modified_time":"2025-08-06T03:49:30+00:00","og_image":[{"width":630,"height":390,"url":"https:\/\/nordnesrepublikken.no\/wp-content\/uploads\/2025\/08\/1754452170_Rafael-Nadal-debuterer-som-Marquis-of-Llevant.jpeg","type":"image\/jpeg"}],"author":"Ole Andersen","twitter_card":"summary_large_image","twitter_misc":{"Skrevet av":"Ole Andersen","Ansl. lesetid":"1 minutt"},"schema":{"@context":"https:\/\/schema.org","@graph":[{"@type":"Article","@id":"https:\/\/nordnesrepublikken.no\/index.php\/2025\/08\/06\/rafael-nadal-debuterer-som-marquis-of-llevant\/#article","isPartOf":{"@id":"https:\/\/nordnesrepublikken.no\/index.php\/2025\/08\/06\/rafael-nadal-debuterer-som-marquis-of-llevant\/"},"author":{"name":"Ole Andersen","@id":"https:\/\/nordnesrepublikken.no\/#\/schema\/person\/2e7e81935bab77882fffb79296240ff1"},"headline":"Rafael Nadal debuterer som Marquis of Llevant","datePublished":"2025-08-06T03:49:29+00:00","dateModified":"2025-08-06T03:49:30+00:00","mainEntityOfPage":{"@id":"https:\/\/nordnesrepublikken.no\/index.php\/2025\/08\/06\/rafael-nadal-debuterer-som-marquis-of-llevant\/"},"wordCount":230,"publisher":{"@id":"https:\/\/nordnesrepublikken.no\/#organization"},"image":{"@id":"https:\/\/nordnesrepublikken.no\/index.php\/2025\/08\/06\/rafael-nadal-debuterer-som-marquis-of-llevant\/#primaryimage"},"thumbnailUrl":"https:\/\/nordnesrepublikken.no\/wp-content\/uploads\/2025\/08\/1754452170_Rafael-Nadal-debuterer-som-Marquis-of-Llevant.jpeg","keywords":["debuterer","Llevant","Marquis","Nadal","Rafael","som"],"articleSection":["Livsstil"],"inLanguage":"nb-NO"},{"@type":"WebPage","@id":"https:\/\/nordnesrepublikken.no\/index.php\/2025\/08\/06\/rafael-nadal-debuterer-som-marquis-of-llevant\/","url":"https:\/\/nordnesrepublikken.no\/index.php\/2025\/08\/06\/rafael-nadal-debuterer-som-marquis-of-llevant\/","name":"Rafael Nadal debuterer som Marquis of Llevant - Nordnesrepublikken","isPartOf":{"@id":"https:\/\/nordnesrepublikken.no\/#website"},"primaryImageOfPage":{"@id":"https:\/\/nordnesrepublikken.no\/index.php\/2025\/08\/06\/rafael-nadal-debuterer-som-marquis-of-llevant\/#primaryimage"},"image":{"@id":"https:\/\/nordnesrepublikken.no\/index.php\/2025\/08\/06\/rafael-nadal-debuterer-som-marquis-of-llevant\/#primaryimage"},"thumbnailUrl":"https:\/\/nordnesrepublikken.no\/wp-content\/uploads\/2025\/08\/1754452170_Rafael-Nadal-debuterer-som-Marquis-of-Llevant.jpeg","datePublished":"2025-08-06T03:49:29+00:00","dateModified":"2025-08-06T03:49:30+00:00","breadcrumb":{"@id":"https:\/\/nordnesrepublikken.no\/index.php\/2025\/08\/06\/rafael-nadal-debuterer-som-marquis-of-llevant\/#breadcrumb"},"inLanguage":"nb-NO","potentialAction":[{"@type":"ReadAction","target":["https:\/\/nordnesrepublikken.no\/index.php\/2025\/08\/06\/rafael-nadal-debuterer-som-marquis-of-llevant\/"]}]},{"@type":"ImageObject","inLanguage":"nb-NO","@id":"https:\/\/nordnesrepublikken.no\/index.php\/2025\/08\/06\/rafael-nadal-debuterer-som-marquis-of-llevant\/#primaryimage","url":"https:\/\/nordnesrepublikken.no\/wp-content\/uploads\/2025\/08\/1754452170_Rafael-Nadal-debuterer-som-Marquis-of-Llevant.jpeg","contentUrl":"https:\/\/nordnesrepublikken.no\/wp-content\/uploads\/2025\/08\/1754452170_Rafael-Nadal-debuterer-som-Marquis-of-Llevant.jpeg","width":630,"height":390,"caption":"Rafael Nadal debuterer som Marquis of Llevant"},{"@type":"BreadcrumbList","@id":"https:\/\/nordnesrepublikken.no\/index.php\/2025\/08\/06\/rafael-nadal-debuterer-som-marquis-of-llevant\/#breadcrumb","itemListElement":[{"@type":"ListItem","position":1,"name":"Home","item":"https:\/\/nordnesrepublikken.no\/"},{"@type":"ListItem","position":2,"name":"Rafael Nadal debuterer som Marquis of Llevant"}]},{"@type":"WebSite","@id":"https:\/\/nordnesrepublikken.no\/#website","url":"https:\/\/nordnesrepublikken.no\/","name":"Nordnesrepublikken","description":"Stemmer og Visjoner fra Republikkens Hjerte","publisher":{"@id":"https:\/\/nordnesrepublikken.no\/#organization"},"potentialAction":[{"@type":"SearchAction","target":{"@type":"EntryPoint","urlTemplate":"https:\/\/nordnesrepublikken.no\/?s={search_term_string}"},"query-input":{"@type":"PropertyValueSpecification","valueRequired":true,"valueName":"search_term_string"}}],"inLanguage":"nb-NO"},{"@type":"Organization","@id":"https:\/\/nordnesrepublikken.no\/#organization","name":"Nordnesrepublikken","url":"https:\/\/nordnesrepublikken.no\/","logo":{"@type":"ImageObject","inLanguage":"nb-NO","@id":"https:\/\/nordnesrepublikken.no\/#\/schema\/logo\/image\/","url":"https:\/\/nordnesrepublikken.no\/wp-content\/uploads\/2025\/02\/cropped-nordnesrepublikken-2.png","contentUrl":"https:\/\/nordnesrepublikken.no\/wp-content\/uploads\/2025\/02\/cropped-nordnesrepublikken-2.png","width":1248,"height":362,"caption":"Nordnesrepublikken"},"image":{"@id":"https:\/\/nordnesrepublikken.no\/#\/schema\/logo\/image\/"}},{"@type":"Person","@id":"https:\/\/nordnesrepublikken.no\/#\/schema\/person\/2e7e81935bab77882fffb79296240ff1","name":"Ole Andersen","image":{"@type":"ImageObject","inLanguage":"nb-NO","@id":"https:\/\/nordnesrepublikken.no\/#\/schema\/person\/image\/","url":"https:\/\/nordnesrepublikken.no\/wp-content\/uploads\/2025\/02\/nordnesrepublikken-2-2-150x150.jpg","contentUrl":"https:\/\/nordnesrepublikken.no\/wp-content\/uploads\/2025\/02\/nordnesrepublikken-2-2-150x150.jpg","caption":"Ole Andersen"},"description":"Ettersom jeg vokste opp i Oslo, har jeg alltid v\u00e6rt fascinert av ordenes kraft og deres evne til \u00e5 skape endringer. Etter \u00e5 ha fullf\u00f8rt min utdannelse i kommunikasjon ved Universitetet i Bergen, fikk jeg muligheten til \u00e5 jobbe innen ulike medier, der jeg har s\u00f8kt \u00e5 belyse viktige samfunnssp\u00f8rsm\u00e5l. I dag, som redakt\u00f8r for Nordnesrepublikken, pr\u00f8ver jeg \u00e5 forene min kj\u00e6rlighet for journalistikk med min lidenskap for innovasjon og eventyr.","sameAs":["https:\/\/nordnesrepublikken.no\/"]}]}},"_links":{"self":[{"href":"https:\/\/nordnesrepublikken.no\/index.php\/wp-json\/wp\/v2\/posts\/7922","targetHints":{"allow":["GET"]}}],"collection":[{"href":"https:\/\/nordnesrepublikken.no\/index.php\/wp-json\/wp\/v2\/posts"}],"about":[{"href":"https:\/\/nordnesrepublikken.no\/index.php\/wp-json\/wp\/v2\/types\/post"}],"author":[{"embeddable":true,"href":"https:\/\/nordnesrepublikken.no\/index.php\/wp-json\/wp\/v2\/users\/1"}],"replies":[{"embeddable":true,"href":"https:\/\/nordnesrepublikken.no\/index.php\/wp-json\/wp\/v2\/comments?post=7922"}],"version-history":[{"count":1,"href":"https:\/\/nordnesrepublikken.no\/index.php\/wp-json\/wp\/v2\/posts\/7922\/revisions"}],"predecessor-version":[{"id":7924,"href":"https:\/\/nordnesrepublikken.no\/index.php\/wp-json\/wp\/v2\/posts\/7922\/revisions\/7924"}],"wp:featuredmedia":[{"embeddable":true,"href":"https:\/\/nordnesrepublikken.no\/index.php\/wp-json\/wp\/v2\/media\/7923"}],"wp:attachment":[{"href":"https:\/\/nordnesrepublikken.no\/index.php\/wp-json\/wp\/v2\/media?parent=7922"}],"wp:term":[{"taxonomy":"category","embeddable":true,"href":"https:\/\/nordnesrepublikken.no\/index.php\/wp-json\/wp\/v2\/categories?post=7922"},{"taxonomy":"post_tag","embeddable":true,"href":"https:\/\/nordnesrepublikken.no\/index.php\/wp-json\/wp\/v2\/tags?post=7922"}],"curies":[{"name":"wp","href":"https:\/\/api.w.org\/{rel}","templated":true}]}}