{"id":7919,"date":"2025-08-06T02:50:14","date_gmt":"2025-08-06T00:50:14","guid":{"rendered":"https:\/\/nordnesrepublikken.no\/index.php\/2025\/08\/06\/tre-seismiske-svermer-ved-fugrei-feltene-den-siste-uken-sterkere-2-4-sjokk-den-nye-ingv-bulletin\/"},"modified":"2025-08-06T02:50:15","modified_gmt":"2025-08-06T00:50:15","slug":"tre-seismiske-svermer-ved-fugrei-feltene-den-siste-uken-sterkere-2-4-sjokk-den-nye-ingv-bulletin","status":"publish","type":"post","link":"https:\/\/nordnesrepublikken.no\/index.php\/2025\/08\/06\/tre-seismiske-svermer-ved-fugrei-feltene-den-siste-uken-sterkere-2-4-sjokk-den-nye-ingv-bulletin\/","title":{"rendered":"Tre seismiske svermer ved Fugrei -feltene den siste uken, sterkere 2.4 Sjokk: den nye INGV Bulletin"},"content":{"rendered":"<div>\n<div class=\"cp_wrapper cp_wrapper--fw mb-30 mb-20@tablet\">\n<figure class=\"mm\"><picture class=\"img\" style=\"padding-top:56.25%\"><source  media=\"(min-width: 1024px)\"><source  media=\"(min-width: 768px)\"><\/source><\/source><\/picture><\/figure>\n<\/p><\/div>\n<p>I fugrei -feltene er det en <strong>gjenopptakelse av seismisk aktivitet<\/strong>mens fenomenene i<strong> Jordl\u00f8fting<\/strong> Han er <strong>Geokimiske parametere<\/strong> De forblir stabile. I f\u00f8lge den vesuviske INGV-observasjonsbulletin utstedte <strong>5. august 2025<\/strong>I uken mellom 28. juli og 3. august ble de spilt inn <strong>84 Jordskjelv<\/strong>med en hendelse av maksimal st\u00f8rrelse lik<strong> 2.4<\/strong>. Omtrent halvparten av sjokkene (43) skjedde inne i 3 forskjellige seismiske svermer. Dette markerer en auemnto av aktiviteten sammenlignet med forrige uke, da jordskjelvene var 43<strong> 15 mm per m\u00e5ned<\/strong>en trend som opprettholdes fra begynnelsen av april 2025. Selv de geokjemiske parametrene viser ikke vesentlige endringer, med temperaturen p\u00e5 fumarolaen til Pisciarelli som st\u00e5r rundt <strong>94 \u00b0 C.<\/strong>. P\u00e5 grunnlag av gjeldende data blir elementer som antyder betydelige kortvarige utviklinger ikke fremhevet.<\/p>\n<h2>Jordskjelv \u00f8ker: tre seismiske svermer p\u00e5 syv dager<\/h2>\n<p>Ukens seismiske aktiviteter, med <strong>84 Registrerte hendelser<\/strong>ble karakterisert av <strong>3 Hovedsjamaner<\/strong> som produserte omtrent halvparten av de totale jordskjelvene. Den mest intense svermen skjedde <strong>2. august<\/strong>med <strong>25 jordskjelv<\/strong> i omr\u00e5det mellom Cigliano og Solfatara, inkludert hendelsen av <strong>Maksimal st\u00f8rrelsesorden 2,4<\/strong>.<\/p>\n<div class=\"cp_wrapper cp_wrapper--fw mb-50\">\n<figure class=\"mm\"><picture class=\"img\" style=\"padding-top:72.761904761905%\"><source  media=\"(min-width: 1024px)\"><source  media=\"(min-width: 768px)\"><img decoding=\"async\" loading=\"lazy\" src=\"https:\/\/nordnesrepublikken.no\/wp-content\/uploads\/2025\/08\/1754441413_224_Tre-seismiske-svermer-ved-Fugrei-feltene-den-siste-uken-sterkere.jpg\" alt=\"Earthquakes Map Boleltino 5. august\" width=\"1050\" height=\"764\"><\/source><\/source><\/picture><\/figure>\n<\/p><\/div>\n<p>P\u00e5 den geokjemiske fronten bekrefter dataene <strong>Multi -\u00e5rs trender<\/strong> Oppvarming av det hydrotermiske systemet og \u00f8kningen i str\u00f8mmen av v\u00e6sker som sendes ut. I motsetning til forrige uke, str\u00f8mmer karbondioksid (<strong>Co<sub>2<\/sub><\/strong>) Fra bakken i Pisciarelli -omr\u00e5det viste ikke signifikante variasjoner sammenlignet med tidligere perioder.<\/p>\n<h2>Bradisisme akselererer ikke: l\u00f8ftehastigheten er bekreftet med 15 mm\/m\u00e5ned<\/h2>\n<p>De <strong>fenomen av bradisisme<\/strong> Opprettholder en l\u00f8ftehastighet <strong>konstant<\/strong>. Fra april 2025 fortsetter jorden \u00e5 stige til et gjennomsnitt p\u00e5 omtrent <strong>15 \u00b1 3 mm per m\u00e5ned<\/strong>. Denne hastigheten er halvparten av den som er registrert mellom februar og slutten av mars 2025, da den hadde n\u00e5dd 30 \u00b1 5 mm per m\u00e5ned. Den totale l\u00f8ftingen m\u00e5lt av GNSS -stasjonen til Rite (Rione Terra) har n\u00e5dd omtrent <strong>31 cm fra januar 2024<\/strong>.<\/p>\n<div class=\"cp_wrapper cp_wrapper--fw mb-50\">\n<figure class=\"mm\"><picture class=\"img\" style=\"padding-top:46.356589147287%\"><source  media=\"(min-width: 1024px)\"><source  media=\"(min-width: 768px)\"><img decoding=\"async\" loading=\"lazy\" src=\"https:\/\/nordnesrepublikken.no\/wp-content\/uploads\/2025\/08\/1754441414_418_Tre-seismiske-svermer-ved-Fugrei-feltene-den-siste-uken-sterkere.jpg\" alt=\"Bradisimo Bulletin 5. august\" width=\"1290\" height=\"598\" class=\"js-seedtag-img\"><\/source><\/source><\/picture><\/figure>\n<\/p><\/div>\n<h2>Sammendraget av den ukentlige oppslaget 5. august<\/h2>\n<p>Den siste ukentlige Bulletin fra Vesuvian Observatory av INGV fremhevet at:<\/p>\n<ul>\n<li><b>Seismisitet<\/b>: Seismisk aktivitet \u00f8ker sammenlignet med forrige uke, med totalt <strong>84 Sjokk<\/strong> og en maksimal st\u00f8rrelse p\u00e5 <strong>2.4<\/strong>. Aktiviteten ble preget av 3 seismiske svermer.<\/li>\n<li><b>Jord deformasjon<\/b>: Gjennomsnittlig bakkel\u00f8fthastighet forble konstant p\u00e5 15 \u00b1 3 mm per m\u00e5ned. Den totale l\u00f8ftingen som er registrert p\u00e5 GNSS -stasjonen i Rite (Rione Terra) er omtrent <strong>31 cm<\/strong> Fra januar 2024.<\/li>\n<li><b>Geokjemi<\/b>: Det er ingen signifikante variasjoner sammenlignet med de allerede kjente trender for oppvarming og \u00f8kte str\u00f8mmer. Gjennomsnittstemperaturen registrert i en fumarola i Pisciarelli er omtrent 94 \u00b0 C.<\/li>\n<\/ul><\/div>\n","protected":false},"excerpt":{"rendered":"<p>I fugrei -feltene er det en gjenopptakelse av seismisk aktivitetmens fenomenene i Jordl\u00f8fting Han er<\/p>\n","protected":false},"author":1,"featured_media":7920,"comment_status":"closed","ping_status":"open","sticky":false,"template":"","format":"standard","meta":{"footnotes":""},"categories":[24],"tags":[1221,74,258,431,261,260,552,779,557,5194,5193,1852,3899,231],"class_list":["post-7919","post","type-post","status-publish","format-standard","has-post-thumbnail","hentry","category-vitenskap","tag-bulletin","tag-den","tag-feltene","tag-fugrei","tag-ingv","tag-nye","tag-seismiske","tag-siste","tag-sjokk","tag-sterkere","tag-svermer","tag-tre","tag-uken","tag-ved","generate-columns","tablet-grid-50","mobile-grid-100","grid-parent","grid-33","resize-featured-image"],"yoast_head":"<!-- This site is optimized with the Yoast SEO plugin v24.4 - https:\/\/yoast.com\/wordpress\/plugins\/seo\/ -->\n<title>Tre seismiske svermer ved Fugrei -feltene den siste uken, sterkere 2.4 Sjokk: den nye INGV Bulletin - Nordnesrepublikken<\/title>\n<meta name=\"robots\" content=\"index, follow, max-snippet:-1, max-image-preview:large, max-video-preview:-1\" \/>\n<link rel=\"canonical\" href=\"https:\/\/nordnesrepublikken.no\/index.php\/2025\/08\/06\/tre-seismiske-svermer-ved-fugrei-feltene-den-siste-uken-sterkere-2-4-sjokk-den-nye-ingv-bulletin\/\" \/>\n<meta property=\"og:locale\" content=\"nb_NO\" \/>\n<meta property=\"og:type\" content=\"article\" \/>\n<meta property=\"og:title\" content=\"Tre seismiske svermer ved Fugrei -feltene den siste uken, sterkere 2.4 Sjokk: den nye INGV Bulletin - Nordnesrepublikken\" \/>\n<meta property=\"og:description\" content=\"I fugrei -feltene er det en gjenopptakelse av seismisk aktivitetmens fenomenene i Jordl\u00f8fting Han er\" \/>\n<meta property=\"og:url\" content=\"https:\/\/nordnesrepublikken.no\/index.php\/2025\/08\/06\/tre-seismiske-svermer-ved-fugrei-feltene-den-siste-uken-sterkere-2-4-sjokk-den-nye-ingv-bulletin\/\" \/>\n<meta property=\"og:site_name\" content=\"Nordnesrepublikken\" \/>\n<meta property=\"article:published_time\" content=\"2025-08-06T00:50:14+00:00\" \/>\n<meta property=\"article:modified_time\" content=\"2025-08-06T00:50:15+00:00\" \/>\n<meta property=\"og:image\" content=\"https:\/\/nordnesrepublikken.no\/wp-content\/uploads\/2025\/08\/Tre-seismiske-svermer-ved-Fugrei-feltene-den-siste-uken-sterkere.jpg\" \/>\n\t<meta property=\"og:image:width\" content=\"1280\" \/>\n\t<meta property=\"og:image:height\" content=\"720\" \/>\n\t<meta property=\"og:image:type\" content=\"image\/jpeg\" \/>\n<meta name=\"author\" content=\"Ole Andersen\" \/>\n<meta name=\"twitter:card\" content=\"summary_large_image\" \/>\n<meta name=\"twitter:label1\" content=\"Skrevet av\" \/>\n\t<meta name=\"twitter:data1\" content=\"Ole Andersen\" \/>\n\t<meta name=\"twitter:label2\" content=\"Ansl. lesetid\" \/>\n\t<meta name=\"twitter:data2\" content=\"2 minutter\" \/>\n<script type=\"application\/ld+json\" class=\"yoast-schema-graph\">{\"@context\":\"https:\/\/schema.org\",\"@graph\":[{\"@type\":\"Article\",\"@id\":\"https:\/\/nordnesrepublikken.no\/index.php\/2025\/08\/06\/tre-seismiske-svermer-ved-fugrei-feltene-den-siste-uken-sterkere-2-4-sjokk-den-nye-ingv-bulletin\/#article\",\"isPartOf\":{\"@id\":\"https:\/\/nordnesrepublikken.no\/index.php\/2025\/08\/06\/tre-seismiske-svermer-ved-fugrei-feltene-den-siste-uken-sterkere-2-4-sjokk-den-nye-ingv-bulletin\/\"},\"author\":{\"name\":\"Ole Andersen\",\"@id\":\"https:\/\/nordnesrepublikken.no\/#\/schema\/person\/2e7e81935bab77882fffb79296240ff1\"},\"headline\":\"Tre seismiske svermer ved Fugrei -feltene den siste uken, sterkere 2.4 Sjokk: den nye INGV Bulletin\",\"datePublished\":\"2025-08-06T00:50:14+00:00\",\"dateModified\":\"2025-08-06T00:50:15+00:00\",\"mainEntityOfPage\":{\"@id\":\"https:\/\/nordnesrepublikken.no\/index.php\/2025\/08\/06\/tre-seismiske-svermer-ved-fugrei-feltene-den-siste-uken-sterkere-2-4-sjokk-den-nye-ingv-bulletin\/\"},\"wordCount\":400,\"publisher\":{\"@id\":\"https:\/\/nordnesrepublikken.no\/#organization\"},\"image\":{\"@id\":\"https:\/\/nordnesrepublikken.no\/index.php\/2025\/08\/06\/tre-seismiske-svermer-ved-fugrei-feltene-den-siste-uken-sterkere-2-4-sjokk-den-nye-ingv-bulletin\/#primaryimage\"},\"thumbnailUrl\":\"https:\/\/nordnesrepublikken.no\/wp-content\/uploads\/2025\/08\/Tre-seismiske-svermer-ved-Fugrei-feltene-den-siste-uken-sterkere.jpg\",\"keywords\":[\"bulletin\",\"den\",\"feltene\",\"Fugrei\",\"INGV\",\"nye\",\"seismiske\",\"siste\",\"sjokk\",\"sterkere\",\"svermer\",\"tre\",\"uken\",\"ved\"],\"articleSection\":[\"Vitenskap\"],\"inLanguage\":\"nb-NO\"},{\"@type\":\"WebPage\",\"@id\":\"https:\/\/nordnesrepublikken.no\/index.php\/2025\/08\/06\/tre-seismiske-svermer-ved-fugrei-feltene-den-siste-uken-sterkere-2-4-sjokk-den-nye-ingv-bulletin\/\",\"url\":\"https:\/\/nordnesrepublikken.no\/index.php\/2025\/08\/06\/tre-seismiske-svermer-ved-fugrei-feltene-den-siste-uken-sterkere-2-4-sjokk-den-nye-ingv-bulletin\/\",\"name\":\"Tre seismiske svermer ved Fugrei -feltene den siste uken, sterkere 2.4 Sjokk: den nye INGV Bulletin - Nordnesrepublikken\",\"isPartOf\":{\"@id\":\"https:\/\/nordnesrepublikken.no\/#website\"},\"primaryImageOfPage\":{\"@id\":\"https:\/\/nordnesrepublikken.no\/index.php\/2025\/08\/06\/tre-seismiske-svermer-ved-fugrei-feltene-den-siste-uken-sterkere-2-4-sjokk-den-nye-ingv-bulletin\/#primaryimage\"},\"image\":{\"@id\":\"https:\/\/nordnesrepublikken.no\/index.php\/2025\/08\/06\/tre-seismiske-svermer-ved-fugrei-feltene-den-siste-uken-sterkere-2-4-sjokk-den-nye-ingv-bulletin\/#primaryimage\"},\"thumbnailUrl\":\"https:\/\/nordnesrepublikken.no\/wp-content\/uploads\/2025\/08\/Tre-seismiske-svermer-ved-Fugrei-feltene-den-siste-uken-sterkere.jpg\",\"datePublished\":\"2025-08-06T00:50:14+00:00\",\"dateModified\":\"2025-08-06T00:50:15+00:00\",\"breadcrumb\":{\"@id\":\"https:\/\/nordnesrepublikken.no\/index.php\/2025\/08\/06\/tre-seismiske-svermer-ved-fugrei-feltene-den-siste-uken-sterkere-2-4-sjokk-den-nye-ingv-bulletin\/#breadcrumb\"},\"inLanguage\":\"nb-NO\",\"potentialAction\":[{\"@type\":\"ReadAction\",\"target\":[\"https:\/\/nordnesrepublikken.no\/index.php\/2025\/08\/06\/tre-seismiske-svermer-ved-fugrei-feltene-den-siste-uken-sterkere-2-4-sjokk-den-nye-ingv-bulletin\/\"]}]},{\"@type\":\"ImageObject\",\"inLanguage\":\"nb-NO\",\"@id\":\"https:\/\/nordnesrepublikken.no\/index.php\/2025\/08\/06\/tre-seismiske-svermer-ved-fugrei-feltene-den-siste-uken-sterkere-2-4-sjokk-den-nye-ingv-bulletin\/#primaryimage\",\"url\":\"https:\/\/nordnesrepublikken.no\/wp-content\/uploads\/2025\/08\/Tre-seismiske-svermer-ved-Fugrei-feltene-den-siste-uken-sterkere.jpg\",\"contentUrl\":\"https:\/\/nordnesrepublikken.no\/wp-content\/uploads\/2025\/08\/Tre-seismiske-svermer-ved-Fugrei-feltene-den-siste-uken-sterkere.jpg\",\"width\":1280,\"height\":720,\"caption\":\"Bollettino thumb 5 agosto\"},{\"@type\":\"BreadcrumbList\",\"@id\":\"https:\/\/nordnesrepublikken.no\/index.php\/2025\/08\/06\/tre-seismiske-svermer-ved-fugrei-feltene-den-siste-uken-sterkere-2-4-sjokk-den-nye-ingv-bulletin\/#breadcrumb\",\"itemListElement\":[{\"@type\":\"ListItem\",\"position\":1,\"name\":\"Home\",\"item\":\"https:\/\/nordnesrepublikken.no\/\"},{\"@type\":\"ListItem\",\"position\":2,\"name\":\"Tre seismiske svermer ved Fugrei -feltene den siste uken, sterkere 2.4 Sjokk: den nye INGV Bulletin\"}]},{\"@type\":\"WebSite\",\"@id\":\"https:\/\/nordnesrepublikken.no\/#website\",\"url\":\"https:\/\/nordnesrepublikken.no\/\",\"name\":\"Nordnesrepublikken\",\"description\":\"Stemmer og Visjoner fra Republikkens Hjerte\",\"publisher\":{\"@id\":\"https:\/\/nordnesrepublikken.no\/#organization\"},\"potentialAction\":[{\"@type\":\"SearchAction\",\"target\":{\"@type\":\"EntryPoint\",\"urlTemplate\":\"https:\/\/nordnesrepublikken.no\/?s={search_term_string}\"},\"query-input\":{\"@type\":\"PropertyValueSpecification\",\"valueRequired\":true,\"valueName\":\"search_term_string\"}}],\"inLanguage\":\"nb-NO\"},{\"@type\":\"Organization\",\"@id\":\"https:\/\/nordnesrepublikken.no\/#organization\",\"name\":\"Nordnesrepublikken\",\"url\":\"https:\/\/nordnesrepublikken.no\/\",\"logo\":{\"@type\":\"ImageObject\",\"inLanguage\":\"nb-NO\",\"@id\":\"https:\/\/nordnesrepublikken.no\/#\/schema\/logo\/image\/\",\"url\":\"https:\/\/nordnesrepublikken.no\/wp-content\/uploads\/2025\/02\/cropped-nordnesrepublikken-2.png\",\"contentUrl\":\"https:\/\/nordnesrepublikken.no\/wp-content\/uploads\/2025\/02\/cropped-nordnesrepublikken-2.png\",\"width\":1248,\"height\":362,\"caption\":\"Nordnesrepublikken\"},\"image\":{\"@id\":\"https:\/\/nordnesrepublikken.no\/#\/schema\/logo\/image\/\"}},{\"@type\":\"Person\",\"@id\":\"https:\/\/nordnesrepublikken.no\/#\/schema\/person\/2e7e81935bab77882fffb79296240ff1\",\"name\":\"Ole Andersen\",\"image\":{\"@type\":\"ImageObject\",\"inLanguage\":\"nb-NO\",\"@id\":\"https:\/\/nordnesrepublikken.no\/#\/schema\/person\/image\/\",\"url\":\"https:\/\/nordnesrepublikken.no\/wp-content\/uploads\/2025\/02\/nordnesrepublikken-2-2-150x150.jpg\",\"contentUrl\":\"https:\/\/nordnesrepublikken.no\/wp-content\/uploads\/2025\/02\/nordnesrepublikken-2-2-150x150.jpg\",\"caption\":\"Ole Andersen\"},\"description\":\"Ettersom jeg vokste opp i Oslo, har jeg alltid v\u00e6rt fascinert av ordenes kraft og deres evne til \u00e5 skape endringer. Etter \u00e5 ha fullf\u00f8rt min utdannelse i kommunikasjon ved Universitetet i Bergen, fikk jeg muligheten til \u00e5 jobbe innen ulike medier, der jeg har s\u00f8kt \u00e5 belyse viktige samfunnssp\u00f8rsm\u00e5l. I dag, som redakt\u00f8r for Nordnesrepublikken, pr\u00f8ver jeg \u00e5 forene min kj\u00e6rlighet for journalistikk med min lidenskap for innovasjon og eventyr.\",\"sameAs\":[\"https:\/\/nordnesrepublikken.no\/\"]}]}<\/script>\n<!-- \/ Yoast SEO plugin. -->","yoast_head_json":{"title":"Tre seismiske svermer ved Fugrei -feltene den siste uken, sterkere 2.4 Sjokk: den nye INGV Bulletin - Nordnesrepublikken","robots":{"index":"index","follow":"follow","max-snippet":"max-snippet:-1","max-image-preview":"max-image-preview:large","max-video-preview":"max-video-preview:-1"},"canonical":"https:\/\/nordnesrepublikken.no\/index.php\/2025\/08\/06\/tre-seismiske-svermer-ved-fugrei-feltene-den-siste-uken-sterkere-2-4-sjokk-den-nye-ingv-bulletin\/","og_locale":"nb_NO","og_type":"article","og_title":"Tre seismiske svermer ved Fugrei -feltene den siste uken, sterkere 2.4 Sjokk: den nye INGV Bulletin - Nordnesrepublikken","og_description":"I fugrei -feltene er det en gjenopptakelse av seismisk aktivitetmens fenomenene i Jordl\u00f8fting Han er","og_url":"https:\/\/nordnesrepublikken.no\/index.php\/2025\/08\/06\/tre-seismiske-svermer-ved-fugrei-feltene-den-siste-uken-sterkere-2-4-sjokk-den-nye-ingv-bulletin\/","og_site_name":"Nordnesrepublikken","article_published_time":"2025-08-06T00:50:14+00:00","article_modified_time":"2025-08-06T00:50:15+00:00","og_image":[{"width":1280,"height":720,"url":"https:\/\/nordnesrepublikken.no\/wp-content\/uploads\/2025\/08\/Tre-seismiske-svermer-ved-Fugrei-feltene-den-siste-uken-sterkere.jpg","type":"image\/jpeg"}],"author":"Ole Andersen","twitter_card":"summary_large_image","twitter_misc":{"Skrevet av":"Ole Andersen","Ansl. lesetid":"2 minutter"},"schema":{"@context":"https:\/\/schema.org","@graph":[{"@type":"Article","@id":"https:\/\/nordnesrepublikken.no\/index.php\/2025\/08\/06\/tre-seismiske-svermer-ved-fugrei-feltene-den-siste-uken-sterkere-2-4-sjokk-den-nye-ingv-bulletin\/#article","isPartOf":{"@id":"https:\/\/nordnesrepublikken.no\/index.php\/2025\/08\/06\/tre-seismiske-svermer-ved-fugrei-feltene-den-siste-uken-sterkere-2-4-sjokk-den-nye-ingv-bulletin\/"},"author":{"name":"Ole Andersen","@id":"https:\/\/nordnesrepublikken.no\/#\/schema\/person\/2e7e81935bab77882fffb79296240ff1"},"headline":"Tre seismiske svermer ved Fugrei -feltene den siste uken, sterkere 2.4 Sjokk: den nye INGV Bulletin","datePublished":"2025-08-06T00:50:14+00:00","dateModified":"2025-08-06T00:50:15+00:00","mainEntityOfPage":{"@id":"https:\/\/nordnesrepublikken.no\/index.php\/2025\/08\/06\/tre-seismiske-svermer-ved-fugrei-feltene-den-siste-uken-sterkere-2-4-sjokk-den-nye-ingv-bulletin\/"},"wordCount":400,"publisher":{"@id":"https:\/\/nordnesrepublikken.no\/#organization"},"image":{"@id":"https:\/\/nordnesrepublikken.no\/index.php\/2025\/08\/06\/tre-seismiske-svermer-ved-fugrei-feltene-den-siste-uken-sterkere-2-4-sjokk-den-nye-ingv-bulletin\/#primaryimage"},"thumbnailUrl":"https:\/\/nordnesrepublikken.no\/wp-content\/uploads\/2025\/08\/Tre-seismiske-svermer-ved-Fugrei-feltene-den-siste-uken-sterkere.jpg","keywords":["bulletin","den","feltene","Fugrei","INGV","nye","seismiske","siste","sjokk","sterkere","svermer","tre","uken","ved"],"articleSection":["Vitenskap"],"inLanguage":"nb-NO"},{"@type":"WebPage","@id":"https:\/\/nordnesrepublikken.no\/index.php\/2025\/08\/06\/tre-seismiske-svermer-ved-fugrei-feltene-den-siste-uken-sterkere-2-4-sjokk-den-nye-ingv-bulletin\/","url":"https:\/\/nordnesrepublikken.no\/index.php\/2025\/08\/06\/tre-seismiske-svermer-ved-fugrei-feltene-den-siste-uken-sterkere-2-4-sjokk-den-nye-ingv-bulletin\/","name":"Tre seismiske svermer ved Fugrei -feltene den siste uken, sterkere 2.4 Sjokk: den nye INGV Bulletin - Nordnesrepublikken","isPartOf":{"@id":"https:\/\/nordnesrepublikken.no\/#website"},"primaryImageOfPage":{"@id":"https:\/\/nordnesrepublikken.no\/index.php\/2025\/08\/06\/tre-seismiske-svermer-ved-fugrei-feltene-den-siste-uken-sterkere-2-4-sjokk-den-nye-ingv-bulletin\/#primaryimage"},"image":{"@id":"https:\/\/nordnesrepublikken.no\/index.php\/2025\/08\/06\/tre-seismiske-svermer-ved-fugrei-feltene-den-siste-uken-sterkere-2-4-sjokk-den-nye-ingv-bulletin\/#primaryimage"},"thumbnailUrl":"https:\/\/nordnesrepublikken.no\/wp-content\/uploads\/2025\/08\/Tre-seismiske-svermer-ved-Fugrei-feltene-den-siste-uken-sterkere.jpg","datePublished":"2025-08-06T00:50:14+00:00","dateModified":"2025-08-06T00:50:15+00:00","breadcrumb":{"@id":"https:\/\/nordnesrepublikken.no\/index.php\/2025\/08\/06\/tre-seismiske-svermer-ved-fugrei-feltene-den-siste-uken-sterkere-2-4-sjokk-den-nye-ingv-bulletin\/#breadcrumb"},"inLanguage":"nb-NO","potentialAction":[{"@type":"ReadAction","target":["https:\/\/nordnesrepublikken.no\/index.php\/2025\/08\/06\/tre-seismiske-svermer-ved-fugrei-feltene-den-siste-uken-sterkere-2-4-sjokk-den-nye-ingv-bulletin\/"]}]},{"@type":"ImageObject","inLanguage":"nb-NO","@id":"https:\/\/nordnesrepublikken.no\/index.php\/2025\/08\/06\/tre-seismiske-svermer-ved-fugrei-feltene-den-siste-uken-sterkere-2-4-sjokk-den-nye-ingv-bulletin\/#primaryimage","url":"https:\/\/nordnesrepublikken.no\/wp-content\/uploads\/2025\/08\/Tre-seismiske-svermer-ved-Fugrei-feltene-den-siste-uken-sterkere.jpg","contentUrl":"https:\/\/nordnesrepublikken.no\/wp-content\/uploads\/2025\/08\/Tre-seismiske-svermer-ved-Fugrei-feltene-den-siste-uken-sterkere.jpg","width":1280,"height":720,"caption":"Bollettino thumb 5 agosto"},{"@type":"BreadcrumbList","@id":"https:\/\/nordnesrepublikken.no\/index.php\/2025\/08\/06\/tre-seismiske-svermer-ved-fugrei-feltene-den-siste-uken-sterkere-2-4-sjokk-den-nye-ingv-bulletin\/#breadcrumb","itemListElement":[{"@type":"ListItem","position":1,"name":"Home","item":"https:\/\/nordnesrepublikken.no\/"},{"@type":"ListItem","position":2,"name":"Tre seismiske svermer ved Fugrei -feltene den siste uken, sterkere 2.4 Sjokk: den nye INGV Bulletin"}]},{"@type":"WebSite","@id":"https:\/\/nordnesrepublikken.no\/#website","url":"https:\/\/nordnesrepublikken.no\/","name":"Nordnesrepublikken","description":"Stemmer og Visjoner fra Republikkens Hjerte","publisher":{"@id":"https:\/\/nordnesrepublikken.no\/#organization"},"potentialAction":[{"@type":"SearchAction","target":{"@type":"EntryPoint","urlTemplate":"https:\/\/nordnesrepublikken.no\/?s={search_term_string}"},"query-input":{"@type":"PropertyValueSpecification","valueRequired":true,"valueName":"search_term_string"}}],"inLanguage":"nb-NO"},{"@type":"Organization","@id":"https:\/\/nordnesrepublikken.no\/#organization","name":"Nordnesrepublikken","url":"https:\/\/nordnesrepublikken.no\/","logo":{"@type":"ImageObject","inLanguage":"nb-NO","@id":"https:\/\/nordnesrepublikken.no\/#\/schema\/logo\/image\/","url":"https:\/\/nordnesrepublikken.no\/wp-content\/uploads\/2025\/02\/cropped-nordnesrepublikken-2.png","contentUrl":"https:\/\/nordnesrepublikken.no\/wp-content\/uploads\/2025\/02\/cropped-nordnesrepublikken-2.png","width":1248,"height":362,"caption":"Nordnesrepublikken"},"image":{"@id":"https:\/\/nordnesrepublikken.no\/#\/schema\/logo\/image\/"}},{"@type":"Person","@id":"https:\/\/nordnesrepublikken.no\/#\/schema\/person\/2e7e81935bab77882fffb79296240ff1","name":"Ole Andersen","image":{"@type":"ImageObject","inLanguage":"nb-NO","@id":"https:\/\/nordnesrepublikken.no\/#\/schema\/person\/image\/","url":"https:\/\/nordnesrepublikken.no\/wp-content\/uploads\/2025\/02\/nordnesrepublikken-2-2-150x150.jpg","contentUrl":"https:\/\/nordnesrepublikken.no\/wp-content\/uploads\/2025\/02\/nordnesrepublikken-2-2-150x150.jpg","caption":"Ole Andersen"},"description":"Ettersom jeg vokste opp i Oslo, har jeg alltid v\u00e6rt fascinert av ordenes kraft og deres evne til \u00e5 skape endringer. Etter \u00e5 ha fullf\u00f8rt min utdannelse i kommunikasjon ved Universitetet i Bergen, fikk jeg muligheten til \u00e5 jobbe innen ulike medier, der jeg har s\u00f8kt \u00e5 belyse viktige samfunnssp\u00f8rsm\u00e5l. I dag, som redakt\u00f8r for Nordnesrepublikken, pr\u00f8ver jeg \u00e5 forene min kj\u00e6rlighet for journalistikk med min lidenskap for innovasjon og eventyr.","sameAs":["https:\/\/nordnesrepublikken.no\/"]}]}},"_links":{"self":[{"href":"https:\/\/nordnesrepublikken.no\/index.php\/wp-json\/wp\/v2\/posts\/7919","targetHints":{"allow":["GET"]}}],"collection":[{"href":"https:\/\/nordnesrepublikken.no\/index.php\/wp-json\/wp\/v2\/posts"}],"about":[{"href":"https:\/\/nordnesrepublikken.no\/index.php\/wp-json\/wp\/v2\/types\/post"}],"author":[{"embeddable":true,"href":"https:\/\/nordnesrepublikken.no\/index.php\/wp-json\/wp\/v2\/users\/1"}],"replies":[{"embeddable":true,"href":"https:\/\/nordnesrepublikken.no\/index.php\/wp-json\/wp\/v2\/comments?post=7919"}],"version-history":[{"count":1,"href":"https:\/\/nordnesrepublikken.no\/index.php\/wp-json\/wp\/v2\/posts\/7919\/revisions"}],"predecessor-version":[{"id":7921,"href":"https:\/\/nordnesrepublikken.no\/index.php\/wp-json\/wp\/v2\/posts\/7919\/revisions\/7921"}],"wp:featuredmedia":[{"embeddable":true,"href":"https:\/\/nordnesrepublikken.no\/index.php\/wp-json\/wp\/v2\/media\/7920"}],"wp:attachment":[{"href":"https:\/\/nordnesrepublikken.no\/index.php\/wp-json\/wp\/v2\/media?parent=7919"}],"wp:term":[{"taxonomy":"category","embeddable":true,"href":"https:\/\/nordnesrepublikken.no\/index.php\/wp-json\/wp\/v2\/categories?post=7919"},{"taxonomy":"post_tag","embeddable":true,"href":"https:\/\/nordnesrepublikken.no\/index.php\/wp-json\/wp\/v2\/tags?post=7919"}],"curies":[{"name":"wp","href":"https:\/\/api.w.org\/{rel}","templated":true}]}}