{"id":7913,"date":"2025-08-05T22:49:30","date_gmt":"2025-08-05T20:49:30","guid":{"rendered":"https:\/\/nordnesrepublikken.no\/index.php\/2025\/08\/05\/spotify-kunngjor-andre-prisstigning-pa-to-ar-med-alle-premiumplaner-berort\/"},"modified":"2025-08-05T22:49:31","modified_gmt":"2025-08-05T20:49:31","slug":"spotify-kunngjor-andre-prisstigning-pa-to-ar-med-alle-premiumplaner-berort","status":"publish","type":"post","link":"https:\/\/nordnesrepublikken.no\/index.php\/2025\/08\/05\/spotify-kunngjor-andre-prisstigning-pa-to-ar-med-alle-premiumplaner-berort\/","title":{"rendered":"Spotify kunngj\u00f8r andre prisstigning p\u00e5 to \u00e5r, med alle premiumplaner ber\u00f8rt"},"content":{"rendered":"<p><\/p>\n<div class=\"wordpress-content\">\n                    <!-- Article Start --><\/p>\n<p><strong>Spotify har \u00f8kt abonnementsprisene i Europa for andre gang i sin historie, noe som gj\u00f8r annonsefri lytting merkbart dyrere for alle brukere. Den svenske streaminggiganten bekreftet at de nye prisene er i kraft umiddelbart for b\u00e5de nye og eksisterende abonnenter, med den viktigste endringen som er sett i familieplanen.<\/strong><\/p>\n<p>Den oppdaterte prisingen er som f\u00f8lger:<\/p>\n<p>Individuell: \u20ac 11,99\/m\u00e5ned (tidligere \u20ac 10,99)<\/p>\n<div class=\"sra_unit\"><link rel=\"stylesheet\" id=\"block-sra\" href=\"https:\/\/euroweeklynews.com\/wp-content\/plugins\/snack-related-articles\/dist\/css\/snack-related.min.css?250312-193541\" type=\"text\/css\" media=\"all\">\n<\/div>\n<p>Student: \u20ac 6,49\/m\u00e5ned (tidligere \u20ac 5,99)<\/p>\n<p>Duo: \u20ac 16,99\/m\u00e5ned (tidligere \u20ac 14,99)<\/p>\n<p>Familie: \u20ac 20,99\/m\u00e5ned (tidligere \u20ac 17,99)<\/p>\n<p>Dette markerer en total \u00f8kning p\u00e5 \u20ac 2 i den individuelle planen de siste to \u00e5rene, etter et ti\u00e5r med stabil priser til \u20ac 9,99\/m\u00e5ned til den f\u00f8rste turen i 2023. Abonnementsprisen vil stige til 11,99 euro ($ 13,86) per m\u00e5ned fra 10,99 euro i markedet inkludert S\u00f8r-Region.<\/p>\n<div class=\"text-module__text__0GDob text-module__dark-grey__UFC18 text-module__regular__qJJtA text-module__small__sph8i body-module__full_width__kCIGb body-module__small_body__gOmDf article-body__paragraph__2-BtD\" data-testid=\"paragraph-2\"><strong>Best mulig opplevelse<\/strong><\/div>\n<p>Familieplanen krysser n\u00e5 den psykologiske terskelen p\u00e5 \u20ac 20. Offisielt er denne planen ment bare \u00e5 deles av mennesker som lever under samme tak, selv om det er kjent at mange brukere utvider den til ikke-husholdningsmedlemmer.<\/p>\n<p>Spotify sier at \u00f8kningen er rettet mot \u00e5 &laquo;fortsette \u00e5 innovere i produkttilbudene v\u00e5re og levere en best mulig opplevelse,&raquo; selv om ingen nye funksjoner f\u00f8lger med prisstigningen. Tidspunktet sammenfaller med at Spotify oppn\u00e5r l\u00f8nnsomhet for f\u00f8rste gang i 2024.<\/p>\n<p><strong>268 millioner abonnenter<\/strong><\/p>\n<p>Med 678 millioner globale brukere &#8211; 268 millioner av dem betaler for et abonnement &#8211; er det fortsatt markedsleder innen musikkstr\u00f8mming, spesielt i Europa der det hevder over 100 millioner betalte abonnenter. Det er mer enn tredoblet figurene rapportert av rivaler Apple Music og Amazon Music.<\/p>\n<p>I motsetning til Apple eller Amazon, som kan stole p\u00e5 flere inntektsstr\u00f8mmer, avhenger imidlertid Spotifys forretningsmodell helt av \u00e5 konvertere og beholde betalende brukere. Selskapet st\u00e5r ogs\u00e5 overfor vedvarende kritikk fra artister som hevder at streamingutbetalinger forblir for lave.<\/p>\n<p><strong>Utvidelse av lydb\u00f8ker<\/strong><\/p>\n<p>I jakten p\u00e5 langsiktig b\u00e6rekraft og m\u00e5let om \u00e5 n\u00e5 en milliard betalte brukere, forventes Spotify \u00e5 investere ytterligere i h\u00f8ye definisjon av lyd, kunstig intelligensfunksjoner og utvidelsen av lydb\u00f8ker i Spania og Latin-Amerika-selv om ingen av disse utviklingen offisielt har blitt lansert enn\u00e5.<\/p>\n<p>Spotifys aksje har reflektert \u00f8kende investor -tillit de siste m\u00e5nedene. Etter mange \u00e5rs svingende ytelse og monteringstap, \u00f8kte selskapets aksjer i begynnelsen av 2024 etter kunngj\u00f8ringen om det f\u00f8rste l\u00f8nnsomme \u00e5ret.<\/p>\n<p>Siden den gang har den oppadg\u00e5ende trenden fortsatt, b\u00f8yd av strategisk kostnadskutt, personalreduksjoner og et fornyet fokus p\u00e5 \u00e5 tjene penger p\u00e5 brukerbasen. Imidlertid forblir analytikere forsiktige, og bemerker at fremtidig vekst vil avhenge av plattformens evne til \u00e5 beholde abonnenter til tross for prisstigninger og intensivere konkurransen.<\/p>\n<p>                    <!-- This article has been originally published at https:\/\/euroweeklynews.com\/2025\/08\/05\/spotify-announces-second-price-hike-in-two-years-with-all-premium-plans-affected\/ on 05 Aug 2025 at 15:57 by Santiago Carneri --><br \/>\n                    <!-- Article End -->\n                <\/div>\n","protected":false},"excerpt":{"rendered":"<p>Spotify har \u00f8kt abonnementsprisene i Europa for andre gang i sin historie, noe som gj\u00f8r<\/p>\n","protected":false},"author":1,"featured_media":7914,"comment_status":"closed","ping_status":"open","sticky":false,"template":"","format":"standard","meta":{"footnotes":""},"categories":[105],"tags":[1515,222,595,641,1840,79,81,5191,5190,323],"class_list":["post-7913","post","type-post","status-publish","format-standard","has-post-thumbnail","hentry","category-livsstil","tag-alle","tag-andre","tag-ar","tag-berort","tag-kunngjor","tag-med","tag-pa","tag-premiumplaner","tag-prisstigning","tag-spotify","generate-columns","tablet-grid-50","mobile-grid-100","grid-parent","grid-33","resize-featured-image"],"yoast_head":"<!-- This site is optimized with the Yoast SEO plugin v24.4 - https:\/\/yoast.com\/wordpress\/plugins\/seo\/ -->\n<title>Spotify kunngj\u00f8r andre prisstigning p\u00e5 to \u00e5r, med alle premiumplaner ber\u00f8rt - Nordnesrepublikken<\/title>\n<meta name=\"robots\" content=\"index, follow, max-snippet:-1, max-image-preview:large, max-video-preview:-1\" \/>\n<link rel=\"canonical\" href=\"https:\/\/nordnesrepublikken.no\/index.php\/2025\/08\/05\/spotify-kunngjor-andre-prisstigning-pa-to-ar-med-alle-premiumplaner-berort\/\" \/>\n<meta property=\"og:locale\" content=\"nb_NO\" \/>\n<meta property=\"og:type\" content=\"article\" \/>\n<meta property=\"og:title\" content=\"Spotify kunngj\u00f8r andre prisstigning p\u00e5 to \u00e5r, med alle premiumplaner ber\u00f8rt - Nordnesrepublikken\" \/>\n<meta property=\"og:description\" content=\"Spotify har \u00f8kt abonnementsprisene i Europa for andre gang i sin historie, noe som gj\u00f8r\" \/>\n<meta property=\"og:url\" content=\"https:\/\/nordnesrepublikken.no\/index.php\/2025\/08\/05\/spotify-kunngjor-andre-prisstigning-pa-to-ar-med-alle-premiumplaner-berort\/\" \/>\n<meta property=\"og:site_name\" content=\"Nordnesrepublikken\" \/>\n<meta property=\"article:published_time\" content=\"2025-08-05T20:49:30+00:00\" \/>\n<meta property=\"article:modified_time\" content=\"2025-08-05T20:49:31+00:00\" \/>\n<meta property=\"og:image\" content=\"https:\/\/nordnesrepublikken.no\/wp-content\/uploads\/2025\/08\/1754426970_Spotify-kunngjor-andre-prisstigning-pa-to-ar-med-alle-premiumplaner.jpg\" \/>\n\t<meta property=\"og:image:width\" content=\"1200\" \/>\n\t<meta property=\"og:image:height\" content=\"675\" \/>\n\t<meta property=\"og:image:type\" content=\"image\/jpeg\" \/>\n<meta name=\"author\" content=\"Ole Andersen\" \/>\n<meta name=\"twitter:card\" content=\"summary_large_image\" \/>\n<meta name=\"twitter:label1\" content=\"Skrevet av\" \/>\n\t<meta name=\"twitter:data1\" content=\"Ole Andersen\" \/>\n\t<meta name=\"twitter:label2\" content=\"Ansl. lesetid\" \/>\n\t<meta name=\"twitter:data2\" content=\"2 minutter\" \/>\n<script type=\"application\/ld+json\" class=\"yoast-schema-graph\">{\"@context\":\"https:\/\/schema.org\",\"@graph\":[{\"@type\":\"Article\",\"@id\":\"https:\/\/nordnesrepublikken.no\/index.php\/2025\/08\/05\/spotify-kunngjor-andre-prisstigning-pa-to-ar-med-alle-premiumplaner-berort\/#article\",\"isPartOf\":{\"@id\":\"https:\/\/nordnesrepublikken.no\/index.php\/2025\/08\/05\/spotify-kunngjor-andre-prisstigning-pa-to-ar-med-alle-premiumplaner-berort\/\"},\"author\":{\"name\":\"Ole Andersen\",\"@id\":\"https:\/\/nordnesrepublikken.no\/#\/schema\/person\/2e7e81935bab77882fffb79296240ff1\"},\"headline\":\"Spotify kunngj\u00f8r andre prisstigning p\u00e5 to \u00e5r, med alle premiumplaner ber\u00f8rt\",\"datePublished\":\"2025-08-05T20:49:30+00:00\",\"dateModified\":\"2025-08-05T20:49:31+00:00\",\"mainEntityOfPage\":{\"@id\":\"https:\/\/nordnesrepublikken.no\/index.php\/2025\/08\/05\/spotify-kunngjor-andre-prisstigning-pa-to-ar-med-alle-premiumplaner-berort\/\"},\"wordCount\":428,\"publisher\":{\"@id\":\"https:\/\/nordnesrepublikken.no\/#organization\"},\"image\":{\"@id\":\"https:\/\/nordnesrepublikken.no\/index.php\/2025\/08\/05\/spotify-kunngjor-andre-prisstigning-pa-to-ar-med-alle-premiumplaner-berort\/#primaryimage\"},\"thumbnailUrl\":\"https:\/\/nordnesrepublikken.no\/wp-content\/uploads\/2025\/08\/1754426970_Spotify-kunngjor-andre-prisstigning-pa-to-ar-med-alle-premiumplaner.jpg\",\"keywords\":[\"alle\",\"andre\",\"\u00e5r\",\"ber\u00f8rt\",\"kunngj\u00f8r\",\"med\",\"p\u00e5\",\"premiumplaner\",\"prisstigning\",\"Spotify\"],\"articleSection\":[\"Livsstil\"],\"inLanguage\":\"nb-NO\"},{\"@type\":\"WebPage\",\"@id\":\"https:\/\/nordnesrepublikken.no\/index.php\/2025\/08\/05\/spotify-kunngjor-andre-prisstigning-pa-to-ar-med-alle-premiumplaner-berort\/\",\"url\":\"https:\/\/nordnesrepublikken.no\/index.php\/2025\/08\/05\/spotify-kunngjor-andre-prisstigning-pa-to-ar-med-alle-premiumplaner-berort\/\",\"name\":\"Spotify kunngj\u00f8r andre prisstigning p\u00e5 to \u00e5r, med alle premiumplaner ber\u00f8rt - Nordnesrepublikken\",\"isPartOf\":{\"@id\":\"https:\/\/nordnesrepublikken.no\/#website\"},\"primaryImageOfPage\":{\"@id\":\"https:\/\/nordnesrepublikken.no\/index.php\/2025\/08\/05\/spotify-kunngjor-andre-prisstigning-pa-to-ar-med-alle-premiumplaner-berort\/#primaryimage\"},\"image\":{\"@id\":\"https:\/\/nordnesrepublikken.no\/index.php\/2025\/08\/05\/spotify-kunngjor-andre-prisstigning-pa-to-ar-med-alle-premiumplaner-berort\/#primaryimage\"},\"thumbnailUrl\":\"https:\/\/nordnesrepublikken.no\/wp-content\/uploads\/2025\/08\/1754426970_Spotify-kunngjor-andre-prisstigning-pa-to-ar-med-alle-premiumplaner.jpg\",\"datePublished\":\"2025-08-05T20:49:30+00:00\",\"dateModified\":\"2025-08-05T20:49:31+00:00\",\"breadcrumb\":{\"@id\":\"https:\/\/nordnesrepublikken.no\/index.php\/2025\/08\/05\/spotify-kunngjor-andre-prisstigning-pa-to-ar-med-alle-premiumplaner-berort\/#breadcrumb\"},\"inLanguage\":\"nb-NO\",\"potentialAction\":[{\"@type\":\"ReadAction\",\"target\":[\"https:\/\/nordnesrepublikken.no\/index.php\/2025\/08\/05\/spotify-kunngjor-andre-prisstigning-pa-to-ar-med-alle-premiumplaner-berort\/\"]}]},{\"@type\":\"ImageObject\",\"inLanguage\":\"nb-NO\",\"@id\":\"https:\/\/nordnesrepublikken.no\/index.php\/2025\/08\/05\/spotify-kunngjor-andre-prisstigning-pa-to-ar-med-alle-premiumplaner-berort\/#primaryimage\",\"url\":\"https:\/\/nordnesrepublikken.no\/wp-content\/uploads\/2025\/08\/1754426970_Spotify-kunngjor-andre-prisstigning-pa-to-ar-med-alle-premiumplaner.jpg\",\"contentUrl\":\"https:\/\/nordnesrepublikken.no\/wp-content\/uploads\/2025\/08\/1754426970_Spotify-kunngjor-andre-prisstigning-pa-to-ar-med-alle-premiumplaner.jpg\",\"width\":1200,\"height\":675,\"caption\":\"Spotify kunngj\u00f8r andre prisstigning p\u00e5 to \u00e5r, med alle premiumplaner ber\u00f8rt\"},{\"@type\":\"BreadcrumbList\",\"@id\":\"https:\/\/nordnesrepublikken.no\/index.php\/2025\/08\/05\/spotify-kunngjor-andre-prisstigning-pa-to-ar-med-alle-premiumplaner-berort\/#breadcrumb\",\"itemListElement\":[{\"@type\":\"ListItem\",\"position\":1,\"name\":\"Home\",\"item\":\"https:\/\/nordnesrepublikken.no\/\"},{\"@type\":\"ListItem\",\"position\":2,\"name\":\"Spotify kunngj\u00f8r andre prisstigning p\u00e5 to \u00e5r, med alle premiumplaner ber\u00f8rt\"}]},{\"@type\":\"WebSite\",\"@id\":\"https:\/\/nordnesrepublikken.no\/#website\",\"url\":\"https:\/\/nordnesrepublikken.no\/\",\"name\":\"Nordnesrepublikken\",\"description\":\"Stemmer og Visjoner fra Republikkens Hjerte\",\"publisher\":{\"@id\":\"https:\/\/nordnesrepublikken.no\/#organization\"},\"potentialAction\":[{\"@type\":\"SearchAction\",\"target\":{\"@type\":\"EntryPoint\",\"urlTemplate\":\"https:\/\/nordnesrepublikken.no\/?s={search_term_string}\"},\"query-input\":{\"@type\":\"PropertyValueSpecification\",\"valueRequired\":true,\"valueName\":\"search_term_string\"}}],\"inLanguage\":\"nb-NO\"},{\"@type\":\"Organization\",\"@id\":\"https:\/\/nordnesrepublikken.no\/#organization\",\"name\":\"Nordnesrepublikken\",\"url\":\"https:\/\/nordnesrepublikken.no\/\",\"logo\":{\"@type\":\"ImageObject\",\"inLanguage\":\"nb-NO\",\"@id\":\"https:\/\/nordnesrepublikken.no\/#\/schema\/logo\/image\/\",\"url\":\"https:\/\/nordnesrepublikken.no\/wp-content\/uploads\/2025\/02\/cropped-nordnesrepublikken-2.png\",\"contentUrl\":\"https:\/\/nordnesrepublikken.no\/wp-content\/uploads\/2025\/02\/cropped-nordnesrepublikken-2.png\",\"width\":1248,\"height\":362,\"caption\":\"Nordnesrepublikken\"},\"image\":{\"@id\":\"https:\/\/nordnesrepublikken.no\/#\/schema\/logo\/image\/\"}},{\"@type\":\"Person\",\"@id\":\"https:\/\/nordnesrepublikken.no\/#\/schema\/person\/2e7e81935bab77882fffb79296240ff1\",\"name\":\"Ole Andersen\",\"image\":{\"@type\":\"ImageObject\",\"inLanguage\":\"nb-NO\",\"@id\":\"https:\/\/nordnesrepublikken.no\/#\/schema\/person\/image\/\",\"url\":\"https:\/\/nordnesrepublikken.no\/wp-content\/uploads\/2025\/02\/nordnesrepublikken-2-2-150x150.jpg\",\"contentUrl\":\"https:\/\/nordnesrepublikken.no\/wp-content\/uploads\/2025\/02\/nordnesrepublikken-2-2-150x150.jpg\",\"caption\":\"Ole Andersen\"},\"description\":\"Ettersom jeg vokste opp i Oslo, har jeg alltid v\u00e6rt fascinert av ordenes kraft og deres evne til \u00e5 skape endringer. Etter \u00e5 ha fullf\u00f8rt min utdannelse i kommunikasjon ved Universitetet i Bergen, fikk jeg muligheten til \u00e5 jobbe innen ulike medier, der jeg har s\u00f8kt \u00e5 belyse viktige samfunnssp\u00f8rsm\u00e5l. I dag, som redakt\u00f8r for Nordnesrepublikken, pr\u00f8ver jeg \u00e5 forene min kj\u00e6rlighet for journalistikk med min lidenskap for innovasjon og eventyr.\",\"sameAs\":[\"https:\/\/nordnesrepublikken.no\/\"]}]}<\/script>\n<!-- \/ Yoast SEO plugin. -->","yoast_head_json":{"title":"Spotify kunngj\u00f8r andre prisstigning p\u00e5 to \u00e5r, med alle premiumplaner ber\u00f8rt - Nordnesrepublikken","robots":{"index":"index","follow":"follow","max-snippet":"max-snippet:-1","max-image-preview":"max-image-preview:large","max-video-preview":"max-video-preview:-1"},"canonical":"https:\/\/nordnesrepublikken.no\/index.php\/2025\/08\/05\/spotify-kunngjor-andre-prisstigning-pa-to-ar-med-alle-premiumplaner-berort\/","og_locale":"nb_NO","og_type":"article","og_title":"Spotify kunngj\u00f8r andre prisstigning p\u00e5 to \u00e5r, med alle premiumplaner ber\u00f8rt - Nordnesrepublikken","og_description":"Spotify har \u00f8kt abonnementsprisene i Europa for andre gang i sin historie, noe som gj\u00f8r","og_url":"https:\/\/nordnesrepublikken.no\/index.php\/2025\/08\/05\/spotify-kunngjor-andre-prisstigning-pa-to-ar-med-alle-premiumplaner-berort\/","og_site_name":"Nordnesrepublikken","article_published_time":"2025-08-05T20:49:30+00:00","article_modified_time":"2025-08-05T20:49:31+00:00","og_image":[{"width":1200,"height":675,"url":"https:\/\/nordnesrepublikken.no\/wp-content\/uploads\/2025\/08\/1754426970_Spotify-kunngjor-andre-prisstigning-pa-to-ar-med-alle-premiumplaner.jpg","type":"image\/jpeg"}],"author":"Ole Andersen","twitter_card":"summary_large_image","twitter_misc":{"Skrevet av":"Ole Andersen","Ansl. lesetid":"2 minutter"},"schema":{"@context":"https:\/\/schema.org","@graph":[{"@type":"Article","@id":"https:\/\/nordnesrepublikken.no\/index.php\/2025\/08\/05\/spotify-kunngjor-andre-prisstigning-pa-to-ar-med-alle-premiumplaner-berort\/#article","isPartOf":{"@id":"https:\/\/nordnesrepublikken.no\/index.php\/2025\/08\/05\/spotify-kunngjor-andre-prisstigning-pa-to-ar-med-alle-premiumplaner-berort\/"},"author":{"name":"Ole Andersen","@id":"https:\/\/nordnesrepublikken.no\/#\/schema\/person\/2e7e81935bab77882fffb79296240ff1"},"headline":"Spotify kunngj\u00f8r andre prisstigning p\u00e5 to \u00e5r, med alle premiumplaner ber\u00f8rt","datePublished":"2025-08-05T20:49:30+00:00","dateModified":"2025-08-05T20:49:31+00:00","mainEntityOfPage":{"@id":"https:\/\/nordnesrepublikken.no\/index.php\/2025\/08\/05\/spotify-kunngjor-andre-prisstigning-pa-to-ar-med-alle-premiumplaner-berort\/"},"wordCount":428,"publisher":{"@id":"https:\/\/nordnesrepublikken.no\/#organization"},"image":{"@id":"https:\/\/nordnesrepublikken.no\/index.php\/2025\/08\/05\/spotify-kunngjor-andre-prisstigning-pa-to-ar-med-alle-premiumplaner-berort\/#primaryimage"},"thumbnailUrl":"https:\/\/nordnesrepublikken.no\/wp-content\/uploads\/2025\/08\/1754426970_Spotify-kunngjor-andre-prisstigning-pa-to-ar-med-alle-premiumplaner.jpg","keywords":["alle","andre","\u00e5r","ber\u00f8rt","kunngj\u00f8r","med","p\u00e5","premiumplaner","prisstigning","Spotify"],"articleSection":["Livsstil"],"inLanguage":"nb-NO"},{"@type":"WebPage","@id":"https:\/\/nordnesrepublikken.no\/index.php\/2025\/08\/05\/spotify-kunngjor-andre-prisstigning-pa-to-ar-med-alle-premiumplaner-berort\/","url":"https:\/\/nordnesrepublikken.no\/index.php\/2025\/08\/05\/spotify-kunngjor-andre-prisstigning-pa-to-ar-med-alle-premiumplaner-berort\/","name":"Spotify kunngj\u00f8r andre prisstigning p\u00e5 to \u00e5r, med alle premiumplaner ber\u00f8rt - Nordnesrepublikken","isPartOf":{"@id":"https:\/\/nordnesrepublikken.no\/#website"},"primaryImageOfPage":{"@id":"https:\/\/nordnesrepublikken.no\/index.php\/2025\/08\/05\/spotify-kunngjor-andre-prisstigning-pa-to-ar-med-alle-premiumplaner-berort\/#primaryimage"},"image":{"@id":"https:\/\/nordnesrepublikken.no\/index.php\/2025\/08\/05\/spotify-kunngjor-andre-prisstigning-pa-to-ar-med-alle-premiumplaner-berort\/#primaryimage"},"thumbnailUrl":"https:\/\/nordnesrepublikken.no\/wp-content\/uploads\/2025\/08\/1754426970_Spotify-kunngjor-andre-prisstigning-pa-to-ar-med-alle-premiumplaner.jpg","datePublished":"2025-08-05T20:49:30+00:00","dateModified":"2025-08-05T20:49:31+00:00","breadcrumb":{"@id":"https:\/\/nordnesrepublikken.no\/index.php\/2025\/08\/05\/spotify-kunngjor-andre-prisstigning-pa-to-ar-med-alle-premiumplaner-berort\/#breadcrumb"},"inLanguage":"nb-NO","potentialAction":[{"@type":"ReadAction","target":["https:\/\/nordnesrepublikken.no\/index.php\/2025\/08\/05\/spotify-kunngjor-andre-prisstigning-pa-to-ar-med-alle-premiumplaner-berort\/"]}]},{"@type":"ImageObject","inLanguage":"nb-NO","@id":"https:\/\/nordnesrepublikken.no\/index.php\/2025\/08\/05\/spotify-kunngjor-andre-prisstigning-pa-to-ar-med-alle-premiumplaner-berort\/#primaryimage","url":"https:\/\/nordnesrepublikken.no\/wp-content\/uploads\/2025\/08\/1754426970_Spotify-kunngjor-andre-prisstigning-pa-to-ar-med-alle-premiumplaner.jpg","contentUrl":"https:\/\/nordnesrepublikken.no\/wp-content\/uploads\/2025\/08\/1754426970_Spotify-kunngjor-andre-prisstigning-pa-to-ar-med-alle-premiumplaner.jpg","width":1200,"height":675,"caption":"Spotify kunngj\u00f8r andre prisstigning p\u00e5 to \u00e5r, med alle premiumplaner ber\u00f8rt"},{"@type":"BreadcrumbList","@id":"https:\/\/nordnesrepublikken.no\/index.php\/2025\/08\/05\/spotify-kunngjor-andre-prisstigning-pa-to-ar-med-alle-premiumplaner-berort\/#breadcrumb","itemListElement":[{"@type":"ListItem","position":1,"name":"Home","item":"https:\/\/nordnesrepublikken.no\/"},{"@type":"ListItem","position":2,"name":"Spotify kunngj\u00f8r andre prisstigning p\u00e5 to \u00e5r, med alle premiumplaner ber\u00f8rt"}]},{"@type":"WebSite","@id":"https:\/\/nordnesrepublikken.no\/#website","url":"https:\/\/nordnesrepublikken.no\/","name":"Nordnesrepublikken","description":"Stemmer og Visjoner fra Republikkens Hjerte","publisher":{"@id":"https:\/\/nordnesrepublikken.no\/#organization"},"potentialAction":[{"@type":"SearchAction","target":{"@type":"EntryPoint","urlTemplate":"https:\/\/nordnesrepublikken.no\/?s={search_term_string}"},"query-input":{"@type":"PropertyValueSpecification","valueRequired":true,"valueName":"search_term_string"}}],"inLanguage":"nb-NO"},{"@type":"Organization","@id":"https:\/\/nordnesrepublikken.no\/#organization","name":"Nordnesrepublikken","url":"https:\/\/nordnesrepublikken.no\/","logo":{"@type":"ImageObject","inLanguage":"nb-NO","@id":"https:\/\/nordnesrepublikken.no\/#\/schema\/logo\/image\/","url":"https:\/\/nordnesrepublikken.no\/wp-content\/uploads\/2025\/02\/cropped-nordnesrepublikken-2.png","contentUrl":"https:\/\/nordnesrepublikken.no\/wp-content\/uploads\/2025\/02\/cropped-nordnesrepublikken-2.png","width":1248,"height":362,"caption":"Nordnesrepublikken"},"image":{"@id":"https:\/\/nordnesrepublikken.no\/#\/schema\/logo\/image\/"}},{"@type":"Person","@id":"https:\/\/nordnesrepublikken.no\/#\/schema\/person\/2e7e81935bab77882fffb79296240ff1","name":"Ole Andersen","image":{"@type":"ImageObject","inLanguage":"nb-NO","@id":"https:\/\/nordnesrepublikken.no\/#\/schema\/person\/image\/","url":"https:\/\/nordnesrepublikken.no\/wp-content\/uploads\/2025\/02\/nordnesrepublikken-2-2-150x150.jpg","contentUrl":"https:\/\/nordnesrepublikken.no\/wp-content\/uploads\/2025\/02\/nordnesrepublikken-2-2-150x150.jpg","caption":"Ole Andersen"},"description":"Ettersom jeg vokste opp i Oslo, har jeg alltid v\u00e6rt fascinert av ordenes kraft og deres evne til \u00e5 skape endringer. Etter \u00e5 ha fullf\u00f8rt min utdannelse i kommunikasjon ved Universitetet i Bergen, fikk jeg muligheten til \u00e5 jobbe innen ulike medier, der jeg har s\u00f8kt \u00e5 belyse viktige samfunnssp\u00f8rsm\u00e5l. I dag, som redakt\u00f8r for Nordnesrepublikken, pr\u00f8ver jeg \u00e5 forene min kj\u00e6rlighet for journalistikk med min lidenskap for innovasjon og eventyr.","sameAs":["https:\/\/nordnesrepublikken.no\/"]}]}},"_links":{"self":[{"href":"https:\/\/nordnesrepublikken.no\/index.php\/wp-json\/wp\/v2\/posts\/7913","targetHints":{"allow":["GET"]}}],"collection":[{"href":"https:\/\/nordnesrepublikken.no\/index.php\/wp-json\/wp\/v2\/posts"}],"about":[{"href":"https:\/\/nordnesrepublikken.no\/index.php\/wp-json\/wp\/v2\/types\/post"}],"author":[{"embeddable":true,"href":"https:\/\/nordnesrepublikken.no\/index.php\/wp-json\/wp\/v2\/users\/1"}],"replies":[{"embeddable":true,"href":"https:\/\/nordnesrepublikken.no\/index.php\/wp-json\/wp\/v2\/comments?post=7913"}],"version-history":[{"count":1,"href":"https:\/\/nordnesrepublikken.no\/index.php\/wp-json\/wp\/v2\/posts\/7913\/revisions"}],"predecessor-version":[{"id":7915,"href":"https:\/\/nordnesrepublikken.no\/index.php\/wp-json\/wp\/v2\/posts\/7913\/revisions\/7915"}],"wp:featuredmedia":[{"embeddable":true,"href":"https:\/\/nordnesrepublikken.no\/index.php\/wp-json\/wp\/v2\/media\/7914"}],"wp:attachment":[{"href":"https:\/\/nordnesrepublikken.no\/index.php\/wp-json\/wp\/v2\/media?parent=7913"}],"wp:term":[{"taxonomy":"category","embeddable":true,"href":"https:\/\/nordnesrepublikken.no\/index.php\/wp-json\/wp\/v2\/categories?post=7913"},{"taxonomy":"post_tag","embeddable":true,"href":"https:\/\/nordnesrepublikken.no\/index.php\/wp-json\/wp\/v2\/tags?post=7913"}],"curies":[{"name":"wp","href":"https:\/\/api.w.org\/{rel}","templated":true}]}}