{"id":7904,"date":"2025-08-05T19:49:36","date_gmt":"2025-08-05T17:49:36","guid":{"rendered":"https:\/\/nordnesrepublikken.no\/index.php\/2025\/08\/05\/fordi-en-del-av-steinen-har-kollapset-pa-cima-falkner-de-mulige-arsakene\/"},"modified":"2025-08-05T19:49:36","modified_gmt":"2025-08-05T17:49:36","slug":"fordi-en-del-av-steinen-har-kollapset-pa-cima-falkner-de-mulige-arsakene","status":"publish","type":"post","link":"https:\/\/nordnesrepublikken.no\/index.php\/2025\/08\/05\/fordi-en-del-av-steinen-har-kollapset-pa-cima-falkner-de-mulige-arsakene\/","title":{"rendered":"Fordi en del av steinen har kollapset p\u00e5 Cima Falkner: de mulige \u00e5rsakene"},"content":{"rendered":"<div>\n<div class=\"cp_wrapper cp_wrapper--fw mb-30 mb-20@tablet\">\n<figure class=\"mm\"><picture class=\"img\" style=\"padding-top:56.25%\"><source  media=\"(min-width: 1024px)\"><source  media=\"(min-width: 768px)\"><\/source><\/source><\/picture><\/figure>\n<\/p><\/div>\n<p>P\u00e5 gruppen av <strong>Brenta Dolomites<\/strong> Det var en viktig ny <strong>ROCK -l\u00f8srivelse<\/strong>: i fjor 1. august, klokka 20:46, en del av vestsiden av<strong> Cima Falkner<\/strong>nesten 3000 meter over havet. Kollapsen, ogs\u00e5 oppdaget av seismografiene og sett av personalet i et tilfluktssted, for\u00e5rsaket en enorm st\u00f8vsky. I f\u00f8lge estimatene ville de under kollapsen ha l\u00f8snet seg blant <strong>300 000 og 400 000 kubikkmeter<\/strong> av rock.<\/p>\n<p>Roccia l\u00f8srivelse fant sted mindre enn en uke etter den siste episoden, spilte inn <strong>27. juli<\/strong>: I dette tilfellet var imidlertid energien som ble frigjort fra kollapsen <strong>32 ganger h\u00f8yere<\/strong> Og han for\u00e5rsaket til og med en endring i fjellprofilen. For \u00f8yeblikket overv\u00e5kes situasjonen n\u00f8ye gjennom <strong>droner<\/strong>, <strong>laser<\/strong> Og <strong>3D relieffer<\/strong>.<\/p>\n<p>Vi ser derfor \u00e5rsakene til denne l\u00f8srivelsen, og fordi det if\u00f8lge geologer i l\u00f8pet av de kommende m\u00e5nedene er sannsynlig at andre ogs\u00e5 oppst\u00e5r <strong>innsynkning<\/strong>.<\/p>\n<h2>\u00c5rsakene til kollapsene og viktigheten av permafrost<\/h2>\n<p>For det f\u00f8rste m\u00e5 det spesifiseres at selv om det har stor innvirkning, representerer disse kollapsene en <strong>Naturfenomen<\/strong>: Alle fjellene og relieffene er faktisk bestemt til \u00e5 redusere h\u00f8yden over tid. Tross alt er det en <strong>Geologisk lov<\/strong>: Raise er midlertidig, mens erosjon er fler\u00e5rig.<\/p>\n<p>Bak den langsomme erosjonen av fjellene er det helt klart flere atmosf\u00e6riske midler, men ogs\u00e5 fysiske og kjemiske fenomener: brudd, termisk utvidelse, vanninfiltrasjoner eller frost. Blant annet, jo h\u00f8yere fjell og, desto st\u00f8rre er eksponeringen for disse fenomenene.<\/p>\n<p>Men hva er <strong>\u00c5rsaker<\/strong> som for\u00e5rsaket sammenbruddet av<strong> vestsiden<\/strong> av Cima Falkner? I dette spesifikke tilfellet var det <strong>permafrost<\/strong> \u00e5 spille en viktig rolle. I h\u00f8ye h\u00f8yder holdes faktisk berget ofte sammen av permafrosten (dvs. en frossen jord i minst to \u00e5r), med isen som fungerer som en ekte<strong> Naturlig lim<\/strong>.<\/p>\n<p>P\u00e5 grunn av temperaturene begynner permafrosten \u00e5 <strong>fusjonere<\/strong> I dybden, transformerer seg selv til en deig med vann, sand og jord og for\u00e5rsaker skred, sn\u00f8skred og overflatestrukturell sagging. Med andre ord, n\u00e5r limet svikter, <strong>Veggen destabiliserer<\/strong> Og det er mer sannsynlig at kollapser som den 1. august finner sted.<\/p>\n<h2>Mekanismene som svekker berget: kryoklastisk og termoklastisme<\/h2>\n<p>Det er klart det ikke bare er permafrosten bak en viktig kollaps som den som skjedde i gruppen av Brenta Dolomittene: \u00e5rsakene er avhengige av et sett med <strong>forskjellige mekanismer<\/strong>som ogs\u00e5 opptrer i hundretusener av \u00e5r.<\/p>\n<p>Spesielt fungerer to mekanismer p\u00e5 svekkelsen av berget:<\/p>\n<ul>\n<li>De <strong>kryoklastikk<\/strong>det er den klassiske prosessen med <strong>frost<\/strong>: I dette tilfellet kommer vannet inn i bruddets brudd, fryser og f\u00f8lgelig ja <strong>utvide<\/strong>. N\u00e5r vannisen \u00f8ker i volum og fungerer som en utnyttelse i berget. Hver gang denne prosessen gjentas, svekkes fjellet, til de verifiserer ekte <strong>brudd<\/strong>.<\/li>\n<li>De <strong>Termoklastisme<\/strong> som tvert imot er knyttet til termiske endringer. N\u00e5r en stein blir oppvarmet av solen og deretter avkj\u00f8les raskt, blir de opprettet<strong> indre spenninger<\/strong>. De forskjellige materialene utvider seg og trekker seg sammen p\u00e5 en annen m\u00e5te, og p\u00e5 lang sikt for\u00e5rsaker dette brudd, l\u00f8sgj\u00f8ringer og kollapser.<\/li>\n<\/ul>\n<p>Disse to fenomenene opptrer hver dag, spesielt i h\u00f8ye fjell, der<strong>Termisk utflukt<\/strong> Mellom dag og natt kan det ogs\u00e5 overstige 30 grader. Siden steinene som allerede er svekket i \u00e5rtusener, er det fortsatt sannsynlig \u00e5 generere <strong>jordskred<\/strong> eller sagging.<\/p>\n<p>For \u00f8yeblikket forblir Cima Falkner imidlertid under observasjon. Den geologiske tjenesten til den autonome provinsen Trento overv\u00e5ker omr\u00e5det med <strong>droner<\/strong>, <strong>laser<\/strong> Og <strong>3D relieffer<\/strong>: Bruddene blir deretter kartlagt og kontrollert. I mellomtiden har myndighetene bekreftet nedleggelsen av stien nummer 305 og 331 p\u00e5 grunn av bergens ustabilitet.<\/p>\n<\/p><\/div>\n","protected":false},"excerpt":{"rendered":"<p>P\u00e5 gruppen av Brenta Dolomites Det var en viktig ny ROCK -l\u00f8srivelse: i fjor 1.<\/p>\n","protected":false},"author":1,"featured_media":7905,"comment_status":"closed","ping_status":"open","sticky":false,"template":"","format":"standard","meta":{"footnotes":""},"categories":[24],"tags":[1003,5180,87,5181,83,179,836,253,81,5179],"class_list":["post-7904","post","type-post","status-publish","format-standard","has-post-thumbnail","hentry","category-vitenskap","tag-arsakene","tag-cima","tag-del","tag-falkner","tag-fordi","tag-har","tag-kollapset","tag-mulige","tag-pa","tag-steinen","generate-columns","tablet-grid-50","mobile-grid-100","grid-parent","grid-33","resize-featured-image"],"yoast_head":"<!-- This site is optimized with the Yoast SEO plugin v24.4 - https:\/\/yoast.com\/wordpress\/plugins\/seo\/ -->\n<title>Fordi en del av steinen har kollapset p\u00e5 Cima Falkner: de mulige \u00e5rsakene - Nordnesrepublikken<\/title>\n<meta name=\"robots\" content=\"index, follow, max-snippet:-1, max-image-preview:large, max-video-preview:-1\" \/>\n<link rel=\"canonical\" href=\"https:\/\/nordnesrepublikken.no\/index.php\/2025\/08\/05\/fordi-en-del-av-steinen-har-kollapset-pa-cima-falkner-de-mulige-arsakene\/\" \/>\n<meta property=\"og:locale\" content=\"nb_NO\" \/>\n<meta property=\"og:type\" content=\"article\" \/>\n<meta property=\"og:title\" content=\"Fordi en del av steinen har kollapset p\u00e5 Cima Falkner: de mulige \u00e5rsakene - Nordnesrepublikken\" \/>\n<meta property=\"og:description\" content=\"P\u00e5 gruppen av Brenta Dolomites Det var en viktig ny ROCK -l\u00f8srivelse: i fjor 1.\" \/>\n<meta property=\"og:url\" content=\"https:\/\/nordnesrepublikken.no\/index.php\/2025\/08\/05\/fordi-en-del-av-steinen-har-kollapset-pa-cima-falkner-de-mulige-arsakene\/\" \/>\n<meta property=\"og:site_name\" content=\"Nordnesrepublikken\" \/>\n<meta property=\"article:published_time\" content=\"2025-08-05T17:49:36+00:00\" \/>\n<meta property=\"og:image\" content=\"https:\/\/nordnesrepublikken.no\/wp-content\/uploads\/2025\/08\/1754416176_Fordi-en-del-av-steinen-har-kollapset-pa-Cima-Falkner.jpg\" \/>\n\t<meta property=\"og:image:width\" content=\"585\" \/>\n\t<meta property=\"og:image:height\" content=\"332\" \/>\n\t<meta property=\"og:image:type\" content=\"image\/jpeg\" \/>\n<meta name=\"author\" content=\"Ole Andersen\" \/>\n<meta name=\"twitter:card\" content=\"summary_large_image\" \/>\n<meta name=\"twitter:label1\" content=\"Skrevet av\" \/>\n\t<meta name=\"twitter:data1\" content=\"Ole Andersen\" \/>\n\t<meta name=\"twitter:label2\" content=\"Ansl. lesetid\" \/>\n\t<meta name=\"twitter:data2\" content=\"3 minutter\" \/>\n<script type=\"application\/ld+json\" class=\"yoast-schema-graph\">{\"@context\":\"https:\/\/schema.org\",\"@graph\":[{\"@type\":\"Article\",\"@id\":\"https:\/\/nordnesrepublikken.no\/index.php\/2025\/08\/05\/fordi-en-del-av-steinen-har-kollapset-pa-cima-falkner-de-mulige-arsakene\/#article\",\"isPartOf\":{\"@id\":\"https:\/\/nordnesrepublikken.no\/index.php\/2025\/08\/05\/fordi-en-del-av-steinen-har-kollapset-pa-cima-falkner-de-mulige-arsakene\/\"},\"author\":{\"name\":\"Ole Andersen\",\"@id\":\"https:\/\/nordnesrepublikken.no\/#\/schema\/person\/2e7e81935bab77882fffb79296240ff1\"},\"headline\":\"Fordi en del av steinen har kollapset p\u00e5 Cima Falkner: de mulige \u00e5rsakene\",\"datePublished\":\"2025-08-05T17:49:36+00:00\",\"mainEntityOfPage\":{\"@id\":\"https:\/\/nordnesrepublikken.no\/index.php\/2025\/08\/05\/fordi-en-del-av-steinen-har-kollapset-pa-cima-falkner-de-mulige-arsakene\/\"},\"wordCount\":596,\"publisher\":{\"@id\":\"https:\/\/nordnesrepublikken.no\/#organization\"},\"image\":{\"@id\":\"https:\/\/nordnesrepublikken.no\/index.php\/2025\/08\/05\/fordi-en-del-av-steinen-har-kollapset-pa-cima-falkner-de-mulige-arsakene\/#primaryimage\"},\"thumbnailUrl\":\"https:\/\/nordnesrepublikken.no\/wp-content\/uploads\/2025\/08\/1754416176_Fordi-en-del-av-steinen-har-kollapset-pa-Cima-Falkner.jpg\",\"keywords\":[\"\u00e5rsakene\",\"Cima\",\"del\",\"Falkner\",\"Fordi\",\"har\",\"kollapset\",\"mulige\",\"p\u00e5\",\"steinen\"],\"articleSection\":[\"Vitenskap\"],\"inLanguage\":\"nb-NO\"},{\"@type\":\"WebPage\",\"@id\":\"https:\/\/nordnesrepublikken.no\/index.php\/2025\/08\/05\/fordi-en-del-av-steinen-har-kollapset-pa-cima-falkner-de-mulige-arsakene\/\",\"url\":\"https:\/\/nordnesrepublikken.no\/index.php\/2025\/08\/05\/fordi-en-del-av-steinen-har-kollapset-pa-cima-falkner-de-mulige-arsakene\/\",\"name\":\"Fordi en del av steinen har kollapset p\u00e5 Cima Falkner: de mulige \u00e5rsakene - Nordnesrepublikken\",\"isPartOf\":{\"@id\":\"https:\/\/nordnesrepublikken.no\/#website\"},\"primaryImageOfPage\":{\"@id\":\"https:\/\/nordnesrepublikken.no\/index.php\/2025\/08\/05\/fordi-en-del-av-steinen-har-kollapset-pa-cima-falkner-de-mulige-arsakene\/#primaryimage\"},\"image\":{\"@id\":\"https:\/\/nordnesrepublikken.no\/index.php\/2025\/08\/05\/fordi-en-del-av-steinen-har-kollapset-pa-cima-falkner-de-mulige-arsakene\/#primaryimage\"},\"thumbnailUrl\":\"https:\/\/nordnesrepublikken.no\/wp-content\/uploads\/2025\/08\/1754416176_Fordi-en-del-av-steinen-har-kollapset-pa-Cima-Falkner.jpg\",\"datePublished\":\"2025-08-05T17:49:36+00:00\",\"breadcrumb\":{\"@id\":\"https:\/\/nordnesrepublikken.no\/index.php\/2025\/08\/05\/fordi-en-del-av-steinen-har-kollapset-pa-cima-falkner-de-mulige-arsakene\/#breadcrumb\"},\"inLanguage\":\"nb-NO\",\"potentialAction\":[{\"@type\":\"ReadAction\",\"target\":[\"https:\/\/nordnesrepublikken.no\/index.php\/2025\/08\/05\/fordi-en-del-av-steinen-har-kollapset-pa-cima-falkner-de-mulige-arsakene\/\"]}]},{\"@type\":\"ImageObject\",\"inLanguage\":\"nb-NO\",\"@id\":\"https:\/\/nordnesrepublikken.no\/index.php\/2025\/08\/05\/fordi-en-del-av-steinen-har-kollapset-pa-cima-falkner-de-mulige-arsakene\/#primaryimage\",\"url\":\"https:\/\/nordnesrepublikken.no\/wp-content\/uploads\/2025\/08\/1754416176_Fordi-en-del-av-steinen-har-kollapset-pa-Cima-Falkner.jpg\",\"contentUrl\":\"https:\/\/nordnesrepublikken.no\/wp-content\/uploads\/2025\/08\/1754416176_Fordi-en-del-av-steinen-har-kollapset-pa-Cima-Falkner.jpg\",\"width\":585,\"height\":332,\"caption\":\"Il distacco di roccia della cima Falkner, avvenuto lo scorso 1\u00b0 agosto. Credit: Provincia autonoma di Trento\"},{\"@type\":\"BreadcrumbList\",\"@id\":\"https:\/\/nordnesrepublikken.no\/index.php\/2025\/08\/05\/fordi-en-del-av-steinen-har-kollapset-pa-cima-falkner-de-mulige-arsakene\/#breadcrumb\",\"itemListElement\":[{\"@type\":\"ListItem\",\"position\":1,\"name\":\"Home\",\"item\":\"https:\/\/nordnesrepublikken.no\/\"},{\"@type\":\"ListItem\",\"position\":2,\"name\":\"Fordi en del av steinen har kollapset p\u00e5 Cima Falkner: de mulige \u00e5rsakene\"}]},{\"@type\":\"WebSite\",\"@id\":\"https:\/\/nordnesrepublikken.no\/#website\",\"url\":\"https:\/\/nordnesrepublikken.no\/\",\"name\":\"Nordnesrepublikken\",\"description\":\"Stemmer og Visjoner fra Republikkens Hjerte\",\"publisher\":{\"@id\":\"https:\/\/nordnesrepublikken.no\/#organization\"},\"potentialAction\":[{\"@type\":\"SearchAction\",\"target\":{\"@type\":\"EntryPoint\",\"urlTemplate\":\"https:\/\/nordnesrepublikken.no\/?s={search_term_string}\"},\"query-input\":{\"@type\":\"PropertyValueSpecification\",\"valueRequired\":true,\"valueName\":\"search_term_string\"}}],\"inLanguage\":\"nb-NO\"},{\"@type\":\"Organization\",\"@id\":\"https:\/\/nordnesrepublikken.no\/#organization\",\"name\":\"Nordnesrepublikken\",\"url\":\"https:\/\/nordnesrepublikken.no\/\",\"logo\":{\"@type\":\"ImageObject\",\"inLanguage\":\"nb-NO\",\"@id\":\"https:\/\/nordnesrepublikken.no\/#\/schema\/logo\/image\/\",\"url\":\"https:\/\/nordnesrepublikken.no\/wp-content\/uploads\/2025\/02\/cropped-nordnesrepublikken-2.png\",\"contentUrl\":\"https:\/\/nordnesrepublikken.no\/wp-content\/uploads\/2025\/02\/cropped-nordnesrepublikken-2.png\",\"width\":1248,\"height\":362,\"caption\":\"Nordnesrepublikken\"},\"image\":{\"@id\":\"https:\/\/nordnesrepublikken.no\/#\/schema\/logo\/image\/\"}},{\"@type\":\"Person\",\"@id\":\"https:\/\/nordnesrepublikken.no\/#\/schema\/person\/2e7e81935bab77882fffb79296240ff1\",\"name\":\"Ole Andersen\",\"image\":{\"@type\":\"ImageObject\",\"inLanguage\":\"nb-NO\",\"@id\":\"https:\/\/nordnesrepublikken.no\/#\/schema\/person\/image\/\",\"url\":\"https:\/\/nordnesrepublikken.no\/wp-content\/uploads\/2025\/02\/nordnesrepublikken-2-2-150x150.jpg\",\"contentUrl\":\"https:\/\/nordnesrepublikken.no\/wp-content\/uploads\/2025\/02\/nordnesrepublikken-2-2-150x150.jpg\",\"caption\":\"Ole Andersen\"},\"description\":\"Ettersom jeg vokste opp i Oslo, har jeg alltid v\u00e6rt fascinert av ordenes kraft og deres evne til \u00e5 skape endringer. Etter \u00e5 ha fullf\u00f8rt min utdannelse i kommunikasjon ved Universitetet i Bergen, fikk jeg muligheten til \u00e5 jobbe innen ulike medier, der jeg har s\u00f8kt \u00e5 belyse viktige samfunnssp\u00f8rsm\u00e5l. I dag, som redakt\u00f8r for Nordnesrepublikken, pr\u00f8ver jeg \u00e5 forene min kj\u00e6rlighet for journalistikk med min lidenskap for innovasjon og eventyr.\",\"sameAs\":[\"https:\/\/nordnesrepublikken.no\/\"]}]}<\/script>\n<!-- \/ Yoast SEO plugin. -->","yoast_head_json":{"title":"Fordi en del av steinen har kollapset p\u00e5 Cima Falkner: de mulige \u00e5rsakene - Nordnesrepublikken","robots":{"index":"index","follow":"follow","max-snippet":"max-snippet:-1","max-image-preview":"max-image-preview:large","max-video-preview":"max-video-preview:-1"},"canonical":"https:\/\/nordnesrepublikken.no\/index.php\/2025\/08\/05\/fordi-en-del-av-steinen-har-kollapset-pa-cima-falkner-de-mulige-arsakene\/","og_locale":"nb_NO","og_type":"article","og_title":"Fordi en del av steinen har kollapset p\u00e5 Cima Falkner: de mulige \u00e5rsakene - Nordnesrepublikken","og_description":"P\u00e5 gruppen av Brenta Dolomites Det var en viktig ny ROCK -l\u00f8srivelse: i fjor 1.","og_url":"https:\/\/nordnesrepublikken.no\/index.php\/2025\/08\/05\/fordi-en-del-av-steinen-har-kollapset-pa-cima-falkner-de-mulige-arsakene\/","og_site_name":"Nordnesrepublikken","article_published_time":"2025-08-05T17:49:36+00:00","og_image":[{"width":585,"height":332,"url":"https:\/\/nordnesrepublikken.no\/wp-content\/uploads\/2025\/08\/1754416176_Fordi-en-del-av-steinen-har-kollapset-pa-Cima-Falkner.jpg","type":"image\/jpeg"}],"author":"Ole Andersen","twitter_card":"summary_large_image","twitter_misc":{"Skrevet av":"Ole Andersen","Ansl. lesetid":"3 minutter"},"schema":{"@context":"https:\/\/schema.org","@graph":[{"@type":"Article","@id":"https:\/\/nordnesrepublikken.no\/index.php\/2025\/08\/05\/fordi-en-del-av-steinen-har-kollapset-pa-cima-falkner-de-mulige-arsakene\/#article","isPartOf":{"@id":"https:\/\/nordnesrepublikken.no\/index.php\/2025\/08\/05\/fordi-en-del-av-steinen-har-kollapset-pa-cima-falkner-de-mulige-arsakene\/"},"author":{"name":"Ole Andersen","@id":"https:\/\/nordnesrepublikken.no\/#\/schema\/person\/2e7e81935bab77882fffb79296240ff1"},"headline":"Fordi en del av steinen har kollapset p\u00e5 Cima Falkner: de mulige \u00e5rsakene","datePublished":"2025-08-05T17:49:36+00:00","mainEntityOfPage":{"@id":"https:\/\/nordnesrepublikken.no\/index.php\/2025\/08\/05\/fordi-en-del-av-steinen-har-kollapset-pa-cima-falkner-de-mulige-arsakene\/"},"wordCount":596,"publisher":{"@id":"https:\/\/nordnesrepublikken.no\/#organization"},"image":{"@id":"https:\/\/nordnesrepublikken.no\/index.php\/2025\/08\/05\/fordi-en-del-av-steinen-har-kollapset-pa-cima-falkner-de-mulige-arsakene\/#primaryimage"},"thumbnailUrl":"https:\/\/nordnesrepublikken.no\/wp-content\/uploads\/2025\/08\/1754416176_Fordi-en-del-av-steinen-har-kollapset-pa-Cima-Falkner.jpg","keywords":["\u00e5rsakene","Cima","del","Falkner","Fordi","har","kollapset","mulige","p\u00e5","steinen"],"articleSection":["Vitenskap"],"inLanguage":"nb-NO"},{"@type":"WebPage","@id":"https:\/\/nordnesrepublikken.no\/index.php\/2025\/08\/05\/fordi-en-del-av-steinen-har-kollapset-pa-cima-falkner-de-mulige-arsakene\/","url":"https:\/\/nordnesrepublikken.no\/index.php\/2025\/08\/05\/fordi-en-del-av-steinen-har-kollapset-pa-cima-falkner-de-mulige-arsakene\/","name":"Fordi en del av steinen har kollapset p\u00e5 Cima Falkner: de mulige \u00e5rsakene - Nordnesrepublikken","isPartOf":{"@id":"https:\/\/nordnesrepublikken.no\/#website"},"primaryImageOfPage":{"@id":"https:\/\/nordnesrepublikken.no\/index.php\/2025\/08\/05\/fordi-en-del-av-steinen-har-kollapset-pa-cima-falkner-de-mulige-arsakene\/#primaryimage"},"image":{"@id":"https:\/\/nordnesrepublikken.no\/index.php\/2025\/08\/05\/fordi-en-del-av-steinen-har-kollapset-pa-cima-falkner-de-mulige-arsakene\/#primaryimage"},"thumbnailUrl":"https:\/\/nordnesrepublikken.no\/wp-content\/uploads\/2025\/08\/1754416176_Fordi-en-del-av-steinen-har-kollapset-pa-Cima-Falkner.jpg","datePublished":"2025-08-05T17:49:36+00:00","breadcrumb":{"@id":"https:\/\/nordnesrepublikken.no\/index.php\/2025\/08\/05\/fordi-en-del-av-steinen-har-kollapset-pa-cima-falkner-de-mulige-arsakene\/#breadcrumb"},"inLanguage":"nb-NO","potentialAction":[{"@type":"ReadAction","target":["https:\/\/nordnesrepublikken.no\/index.php\/2025\/08\/05\/fordi-en-del-av-steinen-har-kollapset-pa-cima-falkner-de-mulige-arsakene\/"]}]},{"@type":"ImageObject","inLanguage":"nb-NO","@id":"https:\/\/nordnesrepublikken.no\/index.php\/2025\/08\/05\/fordi-en-del-av-steinen-har-kollapset-pa-cima-falkner-de-mulige-arsakene\/#primaryimage","url":"https:\/\/nordnesrepublikken.no\/wp-content\/uploads\/2025\/08\/1754416176_Fordi-en-del-av-steinen-har-kollapset-pa-Cima-Falkner.jpg","contentUrl":"https:\/\/nordnesrepublikken.no\/wp-content\/uploads\/2025\/08\/1754416176_Fordi-en-del-av-steinen-har-kollapset-pa-Cima-Falkner.jpg","width":585,"height":332,"caption":"Il distacco di roccia della cima Falkner, avvenuto lo scorso 1\u00b0 agosto. Credit: Provincia autonoma di Trento"},{"@type":"BreadcrumbList","@id":"https:\/\/nordnesrepublikken.no\/index.php\/2025\/08\/05\/fordi-en-del-av-steinen-har-kollapset-pa-cima-falkner-de-mulige-arsakene\/#breadcrumb","itemListElement":[{"@type":"ListItem","position":1,"name":"Home","item":"https:\/\/nordnesrepublikken.no\/"},{"@type":"ListItem","position":2,"name":"Fordi en del av steinen har kollapset p\u00e5 Cima Falkner: de mulige \u00e5rsakene"}]},{"@type":"WebSite","@id":"https:\/\/nordnesrepublikken.no\/#website","url":"https:\/\/nordnesrepublikken.no\/","name":"Nordnesrepublikken","description":"Stemmer og Visjoner fra Republikkens Hjerte","publisher":{"@id":"https:\/\/nordnesrepublikken.no\/#organization"},"potentialAction":[{"@type":"SearchAction","target":{"@type":"EntryPoint","urlTemplate":"https:\/\/nordnesrepublikken.no\/?s={search_term_string}"},"query-input":{"@type":"PropertyValueSpecification","valueRequired":true,"valueName":"search_term_string"}}],"inLanguage":"nb-NO"},{"@type":"Organization","@id":"https:\/\/nordnesrepublikken.no\/#organization","name":"Nordnesrepublikken","url":"https:\/\/nordnesrepublikken.no\/","logo":{"@type":"ImageObject","inLanguage":"nb-NO","@id":"https:\/\/nordnesrepublikken.no\/#\/schema\/logo\/image\/","url":"https:\/\/nordnesrepublikken.no\/wp-content\/uploads\/2025\/02\/cropped-nordnesrepublikken-2.png","contentUrl":"https:\/\/nordnesrepublikken.no\/wp-content\/uploads\/2025\/02\/cropped-nordnesrepublikken-2.png","width":1248,"height":362,"caption":"Nordnesrepublikken"},"image":{"@id":"https:\/\/nordnesrepublikken.no\/#\/schema\/logo\/image\/"}},{"@type":"Person","@id":"https:\/\/nordnesrepublikken.no\/#\/schema\/person\/2e7e81935bab77882fffb79296240ff1","name":"Ole Andersen","image":{"@type":"ImageObject","inLanguage":"nb-NO","@id":"https:\/\/nordnesrepublikken.no\/#\/schema\/person\/image\/","url":"https:\/\/nordnesrepublikken.no\/wp-content\/uploads\/2025\/02\/nordnesrepublikken-2-2-150x150.jpg","contentUrl":"https:\/\/nordnesrepublikken.no\/wp-content\/uploads\/2025\/02\/nordnesrepublikken-2-2-150x150.jpg","caption":"Ole Andersen"},"description":"Ettersom jeg vokste opp i Oslo, har jeg alltid v\u00e6rt fascinert av ordenes kraft og deres evne til \u00e5 skape endringer. Etter \u00e5 ha fullf\u00f8rt min utdannelse i kommunikasjon ved Universitetet i Bergen, fikk jeg muligheten til \u00e5 jobbe innen ulike medier, der jeg har s\u00f8kt \u00e5 belyse viktige samfunnssp\u00f8rsm\u00e5l. I dag, som redakt\u00f8r for Nordnesrepublikken, pr\u00f8ver jeg \u00e5 forene min kj\u00e6rlighet for journalistikk med min lidenskap for innovasjon og eventyr.","sameAs":["https:\/\/nordnesrepublikken.no\/"]}]}},"_links":{"self":[{"href":"https:\/\/nordnesrepublikken.no\/index.php\/wp-json\/wp\/v2\/posts\/7904","targetHints":{"allow":["GET"]}}],"collection":[{"href":"https:\/\/nordnesrepublikken.no\/index.php\/wp-json\/wp\/v2\/posts"}],"about":[{"href":"https:\/\/nordnesrepublikken.no\/index.php\/wp-json\/wp\/v2\/types\/post"}],"author":[{"embeddable":true,"href":"https:\/\/nordnesrepublikken.no\/index.php\/wp-json\/wp\/v2\/users\/1"}],"replies":[{"embeddable":true,"href":"https:\/\/nordnesrepublikken.no\/index.php\/wp-json\/wp\/v2\/comments?post=7904"}],"version-history":[{"count":1,"href":"https:\/\/nordnesrepublikken.no\/index.php\/wp-json\/wp\/v2\/posts\/7904\/revisions"}],"predecessor-version":[{"id":7906,"href":"https:\/\/nordnesrepublikken.no\/index.php\/wp-json\/wp\/v2\/posts\/7904\/revisions\/7906"}],"wp:featuredmedia":[{"embeddable":true,"href":"https:\/\/nordnesrepublikken.no\/index.php\/wp-json\/wp\/v2\/media\/7905"}],"wp:attachment":[{"href":"https:\/\/nordnesrepublikken.no\/index.php\/wp-json\/wp\/v2\/media?parent=7904"}],"wp:term":[{"taxonomy":"category","embeddable":true,"href":"https:\/\/nordnesrepublikken.no\/index.php\/wp-json\/wp\/v2\/categories?post=7904"},{"taxonomy":"post_tag","embeddable":true,"href":"https:\/\/nordnesrepublikken.no\/index.php\/wp-json\/wp\/v2\/tags?post=7904"}],"curies":[{"name":"wp","href":"https:\/\/api.w.org\/{rel}","templated":true}]}}