{"id":7898,"date":"2025-08-05T15:49:34","date_gmt":"2025-08-05T13:49:34","guid":{"rendered":"https:\/\/nordnesrepublikken.no\/index.php\/2025\/08\/05\/tyrefektinger-som-tillater-barn-som-er-til-stede-er-tilbake-i-palma\/"},"modified":"2025-08-05T15:49:36","modified_gmt":"2025-08-05T13:49:36","slug":"tyrefektinger-som-tillater-barn-som-er-til-stede-er-tilbake-i-palma","status":"publish","type":"post","link":"https:\/\/nordnesrepublikken.no\/index.php\/2025\/08\/05\/tyrefektinger-som-tillater-barn-som-er-til-stede-er-tilbake-i-palma\/","title":{"rendered":"Tyrefektinger som tillater barn som er til stede er tilbake i Palma"},"content":{"rendered":"<p><\/p>\n<div class=\"wordpress-content\">\n                    <!-- Article Start --><\/p>\n<p><strong>Torsdag 7. august er det ikke bare okser tilbake i Palmas Coliseo Balear -bullring med et overd\u00e5dig kartell som inkluderer Morante de la Puebla, Sebasti\u00e1n Castella og Jos\u00e9 Mar\u00eda Manzanares, som vil kjempe okser fra den prestisjetunge Juan Pedro Domeq Ranch, men det er barn til f\u00f8rste gang siden 2017.<\/strong><\/p>\n<p><span style=\"font-weight: 400\">Arrangementet har alle ingrediensene for \u00e5 tilfredsstille mallorcanske fans, bes\u00f8kende og turister, takket v\u00e6re de anerkjente tyrefektene og en annen mulighet til \u00e5 se Morante de la Puebla etter den store suksessen han nylig fikk i Benefiticencia -tyrefektet i Las Ventas.<\/span><\/p>\n<p><span style=\"font-weight: 400\">De Puebla, en sevillian bullfighter, laget historie i Madrid. Han kuttet to \u00f8rer i to forestillinger under Benefiticyencia tyrefekting for \u00e5 lukke Madrids San Isidro -festligheter. Hans mesterlige triumf trakk tusenvis av fans til ringen for \u00e5 frakte maestroen p\u00e5 skuldrene p\u00e5 en 2,2 kilometer lang kj\u00f8ring fra Las Ventas til Wellington Hotel.<\/span><\/p>\n<div class=\"sra_unit\"><link rel=\"stylesheet\" id=\"block-sra\" href=\"https:\/\/euroweeklynews.com\/wp-content\/plugins\/snack-related-articles\/dist\/css\/snack-related.min.css?250312-193541\" type=\"text\/css\" media=\"all\">\n<\/div>\n<p><span style=\"font-weight: 400\">Barn fikk lov til \u00e5 komme tilbake i ringen i april p\u00e5 Plaza de Toros de Inca, \u00f8st for Palma de Mallorca, som solgte ut sine 6000 billetter p\u00e5 rekordtid.<\/span><\/p>\n<p><span style=\"font-weight: 400\">Det er verdt \u00e5 huske at den historiske tyrefekten i Inca var et helt hus med tilbakekomsten av Miuras okser 100 \u00e5r senere, og ogs\u00e5 p\u00e5 grunn av 800 barn som var i stand til \u00e5 sitte p\u00e5 forskjellige deler av tribunen, ledsaget av voksne.<\/span><\/p>\n<p><span style=\"font-weight: 400\">Minors tilbakekomst har ikke v\u00e6rt uten motstand fra Franz Weber Animal Rights Association.<\/span><\/p>\n<p><span style=\"font-weight: 400\">Animal Rights Organization vurderer dette initiativet som &laquo;et farlig tilbud&raquo;, etter sin mening, \u00e5 &laquo;fange&raquo; barn i en praksis de beskriver som &laquo;voldelige.&raquo;<\/span><\/p>\n<p><span style=\"font-weight: 400\">I en uttalelse angrer stiftelsen p\u00e5 at lovgivningsendringen som ble godkjent av det baleariske parlamentet, som opphevet forbudet mot tilgang til mindre\u00e5rige p\u00e5lagt av den tidligere venstreorienterte regjeringen ledet av sosialistiske Francina Argol, ble godkjent.<\/span><\/p>\n<p>                    <!-- This article has been originally published at https:\/\/euroweeklynews.com\/2025\/08\/05\/bullfights-allowing-children-in-attendance-are-back-in-palma\/ on 05 Aug 2025 at 14:38 by Olivier Acu\u00f1a Barba --><br \/>\n                    <!-- Article End -->\n                <\/div>\n","protected":false},"excerpt":{"rendered":"<p>Torsdag 7. august er det ikke bare okser tilbake i Palmas Coliseo Balear -bullring med<\/p>\n","protected":false},"author":1,"featured_media":7899,"comment_status":"closed","ping_status":"open","sticky":false,"template":"","format":"standard","meta":{"footnotes":""},"categories":[105],"tags":[3140,1067,31,3318,117,825,5177,5176],"class_list":["post-7898","post","type-post","status-publish","format-standard","has-post-thumbnail","hentry","category-livsstil","tag-barn","tag-palma","tag-som","tag-stede","tag-til","tag-tilbake","tag-tillater","tag-tyrefektinger","generate-columns","tablet-grid-50","mobile-grid-100","grid-parent","grid-33","resize-featured-image"],"yoast_head":"<!-- This site is optimized with the Yoast SEO plugin v24.4 - https:\/\/yoast.com\/wordpress\/plugins\/seo\/ -->\n<title>Tyrefektinger som tillater barn som er til stede er tilbake i Palma - Nordnesrepublikken<\/title>\n<meta name=\"robots\" content=\"index, follow, max-snippet:-1, max-image-preview:large, max-video-preview:-1\" \/>\n<link rel=\"canonical\" href=\"https:\/\/nordnesrepublikken.no\/index.php\/2025\/08\/05\/tyrefektinger-som-tillater-barn-som-er-til-stede-er-tilbake-i-palma\/\" \/>\n<meta property=\"og:locale\" content=\"nb_NO\" \/>\n<meta property=\"og:type\" content=\"article\" \/>\n<meta property=\"og:title\" content=\"Tyrefektinger som tillater barn som er til stede er tilbake i Palma - Nordnesrepublikken\" \/>\n<meta property=\"og:description\" content=\"Torsdag 7. august er det ikke bare okser tilbake i Palmas Coliseo Balear -bullring med\" \/>\n<meta property=\"og:url\" content=\"https:\/\/nordnesrepublikken.no\/index.php\/2025\/08\/05\/tyrefektinger-som-tillater-barn-som-er-til-stede-er-tilbake-i-palma\/\" \/>\n<meta property=\"og:site_name\" content=\"Nordnesrepublikken\" \/>\n<meta property=\"article:published_time\" content=\"2025-08-05T13:49:34+00:00\" \/>\n<meta property=\"article:modified_time\" content=\"2025-08-05T13:49:36+00:00\" \/>\n<meta property=\"og:image\" content=\"https:\/\/nordnesrepublikken.no\/wp-content\/uploads\/2025\/08\/1754401775_Tyrefektinger-som-tillater-barn-som-er-til-stede-er-tilbake.jpg\" \/>\n\t<meta property=\"og:image:width\" content=\"1200\" \/>\n\t<meta property=\"og:image:height\" content=\"799\" \/>\n\t<meta property=\"og:image:type\" content=\"image\/jpeg\" \/>\n<meta name=\"author\" content=\"Ole Andersen\" \/>\n<meta name=\"twitter:card\" content=\"summary_large_image\" \/>\n<meta name=\"twitter:label1\" content=\"Skrevet av\" \/>\n\t<meta name=\"twitter:data1\" content=\"Ole Andersen\" \/>\n\t<meta name=\"twitter:label2\" content=\"Ansl. lesetid\" \/>\n\t<meta name=\"twitter:data2\" content=\"1 minutt\" \/>\n<script type=\"application\/ld+json\" class=\"yoast-schema-graph\">{\"@context\":\"https:\/\/schema.org\",\"@graph\":[{\"@type\":\"Article\",\"@id\":\"https:\/\/nordnesrepublikken.no\/index.php\/2025\/08\/05\/tyrefektinger-som-tillater-barn-som-er-til-stede-er-tilbake-i-palma\/#article\",\"isPartOf\":{\"@id\":\"https:\/\/nordnesrepublikken.no\/index.php\/2025\/08\/05\/tyrefektinger-som-tillater-barn-som-er-til-stede-er-tilbake-i-palma\/\"},\"author\":{\"name\":\"Ole Andersen\",\"@id\":\"https:\/\/nordnesrepublikken.no\/#\/schema\/person\/2e7e81935bab77882fffb79296240ff1\"},\"headline\":\"Tyrefektinger som tillater barn som er til stede er tilbake i Palma\",\"datePublished\":\"2025-08-05T13:49:34+00:00\",\"dateModified\":\"2025-08-05T13:49:36+00:00\",\"mainEntityOfPage\":{\"@id\":\"https:\/\/nordnesrepublikken.no\/index.php\/2025\/08\/05\/tyrefektinger-som-tillater-barn-som-er-til-stede-er-tilbake-i-palma\/\"},\"wordCount\":298,\"publisher\":{\"@id\":\"https:\/\/nordnesrepublikken.no\/#organization\"},\"image\":{\"@id\":\"https:\/\/nordnesrepublikken.no\/index.php\/2025\/08\/05\/tyrefektinger-som-tillater-barn-som-er-til-stede-er-tilbake-i-palma\/#primaryimage\"},\"thumbnailUrl\":\"https:\/\/nordnesrepublikken.no\/wp-content\/uploads\/2025\/08\/1754401775_Tyrefektinger-som-tillater-barn-som-er-til-stede-er-tilbake.jpg\",\"keywords\":[\"barn\",\"Palma\",\"som\",\"stede\",\"til\",\"tilbake\",\"tillater\",\"Tyrefektinger\"],\"articleSection\":[\"Livsstil\"],\"inLanguage\":\"nb-NO\"},{\"@type\":\"WebPage\",\"@id\":\"https:\/\/nordnesrepublikken.no\/index.php\/2025\/08\/05\/tyrefektinger-som-tillater-barn-som-er-til-stede-er-tilbake-i-palma\/\",\"url\":\"https:\/\/nordnesrepublikken.no\/index.php\/2025\/08\/05\/tyrefektinger-som-tillater-barn-som-er-til-stede-er-tilbake-i-palma\/\",\"name\":\"Tyrefektinger som tillater barn som er til stede er tilbake i Palma - Nordnesrepublikken\",\"isPartOf\":{\"@id\":\"https:\/\/nordnesrepublikken.no\/#website\"},\"primaryImageOfPage\":{\"@id\":\"https:\/\/nordnesrepublikken.no\/index.php\/2025\/08\/05\/tyrefektinger-som-tillater-barn-som-er-til-stede-er-tilbake-i-palma\/#primaryimage\"},\"image\":{\"@id\":\"https:\/\/nordnesrepublikken.no\/index.php\/2025\/08\/05\/tyrefektinger-som-tillater-barn-som-er-til-stede-er-tilbake-i-palma\/#primaryimage\"},\"thumbnailUrl\":\"https:\/\/nordnesrepublikken.no\/wp-content\/uploads\/2025\/08\/1754401775_Tyrefektinger-som-tillater-barn-som-er-til-stede-er-tilbake.jpg\",\"datePublished\":\"2025-08-05T13:49:34+00:00\",\"dateModified\":\"2025-08-05T13:49:36+00:00\",\"breadcrumb\":{\"@id\":\"https:\/\/nordnesrepublikken.no\/index.php\/2025\/08\/05\/tyrefektinger-som-tillater-barn-som-er-til-stede-er-tilbake-i-palma\/#breadcrumb\"},\"inLanguage\":\"nb-NO\",\"potentialAction\":[{\"@type\":\"ReadAction\",\"target\":[\"https:\/\/nordnesrepublikken.no\/index.php\/2025\/08\/05\/tyrefektinger-som-tillater-barn-som-er-til-stede-er-tilbake-i-palma\/\"]}]},{\"@type\":\"ImageObject\",\"inLanguage\":\"nb-NO\",\"@id\":\"https:\/\/nordnesrepublikken.no\/index.php\/2025\/08\/05\/tyrefektinger-som-tillater-barn-som-er-til-stede-er-tilbake-i-palma\/#primaryimage\",\"url\":\"https:\/\/nordnesrepublikken.no\/wp-content\/uploads\/2025\/08\/1754401775_Tyrefektinger-som-tillater-barn-som-er-til-stede-er-tilbake.jpg\",\"contentUrl\":\"https:\/\/nordnesrepublikken.no\/wp-content\/uploads\/2025\/08\/1754401775_Tyrefektinger-som-tillater-barn-som-er-til-stede-er-tilbake.jpg\",\"width\":1200,\"height\":799,\"caption\":\"Tyrefektinger som tillater barn som er til stede er tilbake i Palma\"},{\"@type\":\"BreadcrumbList\",\"@id\":\"https:\/\/nordnesrepublikken.no\/index.php\/2025\/08\/05\/tyrefektinger-som-tillater-barn-som-er-til-stede-er-tilbake-i-palma\/#breadcrumb\",\"itemListElement\":[{\"@type\":\"ListItem\",\"position\":1,\"name\":\"Home\",\"item\":\"https:\/\/nordnesrepublikken.no\/\"},{\"@type\":\"ListItem\",\"position\":2,\"name\":\"Tyrefektinger som tillater barn som er til stede er tilbake i Palma\"}]},{\"@type\":\"WebSite\",\"@id\":\"https:\/\/nordnesrepublikken.no\/#website\",\"url\":\"https:\/\/nordnesrepublikken.no\/\",\"name\":\"Nordnesrepublikken\",\"description\":\"Stemmer og Visjoner fra Republikkens Hjerte\",\"publisher\":{\"@id\":\"https:\/\/nordnesrepublikken.no\/#organization\"},\"potentialAction\":[{\"@type\":\"SearchAction\",\"target\":{\"@type\":\"EntryPoint\",\"urlTemplate\":\"https:\/\/nordnesrepublikken.no\/?s={search_term_string}\"},\"query-input\":{\"@type\":\"PropertyValueSpecification\",\"valueRequired\":true,\"valueName\":\"search_term_string\"}}],\"inLanguage\":\"nb-NO\"},{\"@type\":\"Organization\",\"@id\":\"https:\/\/nordnesrepublikken.no\/#organization\",\"name\":\"Nordnesrepublikken\",\"url\":\"https:\/\/nordnesrepublikken.no\/\",\"logo\":{\"@type\":\"ImageObject\",\"inLanguage\":\"nb-NO\",\"@id\":\"https:\/\/nordnesrepublikken.no\/#\/schema\/logo\/image\/\",\"url\":\"https:\/\/nordnesrepublikken.no\/wp-content\/uploads\/2025\/02\/cropped-nordnesrepublikken-2.png\",\"contentUrl\":\"https:\/\/nordnesrepublikken.no\/wp-content\/uploads\/2025\/02\/cropped-nordnesrepublikken-2.png\",\"width\":1248,\"height\":362,\"caption\":\"Nordnesrepublikken\"},\"image\":{\"@id\":\"https:\/\/nordnesrepublikken.no\/#\/schema\/logo\/image\/\"}},{\"@type\":\"Person\",\"@id\":\"https:\/\/nordnesrepublikken.no\/#\/schema\/person\/2e7e81935bab77882fffb79296240ff1\",\"name\":\"Ole Andersen\",\"image\":{\"@type\":\"ImageObject\",\"inLanguage\":\"nb-NO\",\"@id\":\"https:\/\/nordnesrepublikken.no\/#\/schema\/person\/image\/\",\"url\":\"https:\/\/nordnesrepublikken.no\/wp-content\/uploads\/2025\/02\/nordnesrepublikken-2-2-150x150.jpg\",\"contentUrl\":\"https:\/\/nordnesrepublikken.no\/wp-content\/uploads\/2025\/02\/nordnesrepublikken-2-2-150x150.jpg\",\"caption\":\"Ole Andersen\"},\"description\":\"Ettersom jeg vokste opp i Oslo, har jeg alltid v\u00e6rt fascinert av ordenes kraft og deres evne til \u00e5 skape endringer. Etter \u00e5 ha fullf\u00f8rt min utdannelse i kommunikasjon ved Universitetet i Bergen, fikk jeg muligheten til \u00e5 jobbe innen ulike medier, der jeg har s\u00f8kt \u00e5 belyse viktige samfunnssp\u00f8rsm\u00e5l. I dag, som redakt\u00f8r for Nordnesrepublikken, pr\u00f8ver jeg \u00e5 forene min kj\u00e6rlighet for journalistikk med min lidenskap for innovasjon og eventyr.\",\"sameAs\":[\"https:\/\/nordnesrepublikken.no\/\"]}]}<\/script>\n<!-- \/ Yoast SEO plugin. -->","yoast_head_json":{"title":"Tyrefektinger som tillater barn som er til stede er tilbake i Palma - Nordnesrepublikken","robots":{"index":"index","follow":"follow","max-snippet":"max-snippet:-1","max-image-preview":"max-image-preview:large","max-video-preview":"max-video-preview:-1"},"canonical":"https:\/\/nordnesrepublikken.no\/index.php\/2025\/08\/05\/tyrefektinger-som-tillater-barn-som-er-til-stede-er-tilbake-i-palma\/","og_locale":"nb_NO","og_type":"article","og_title":"Tyrefektinger som tillater barn som er til stede er tilbake i Palma - Nordnesrepublikken","og_description":"Torsdag 7. august er det ikke bare okser tilbake i Palmas Coliseo Balear -bullring med","og_url":"https:\/\/nordnesrepublikken.no\/index.php\/2025\/08\/05\/tyrefektinger-som-tillater-barn-som-er-til-stede-er-tilbake-i-palma\/","og_site_name":"Nordnesrepublikken","article_published_time":"2025-08-05T13:49:34+00:00","article_modified_time":"2025-08-05T13:49:36+00:00","og_image":[{"width":1200,"height":799,"url":"https:\/\/nordnesrepublikken.no\/wp-content\/uploads\/2025\/08\/1754401775_Tyrefektinger-som-tillater-barn-som-er-til-stede-er-tilbake.jpg","type":"image\/jpeg"}],"author":"Ole Andersen","twitter_card":"summary_large_image","twitter_misc":{"Skrevet av":"Ole Andersen","Ansl. lesetid":"1 minutt"},"schema":{"@context":"https:\/\/schema.org","@graph":[{"@type":"Article","@id":"https:\/\/nordnesrepublikken.no\/index.php\/2025\/08\/05\/tyrefektinger-som-tillater-barn-som-er-til-stede-er-tilbake-i-palma\/#article","isPartOf":{"@id":"https:\/\/nordnesrepublikken.no\/index.php\/2025\/08\/05\/tyrefektinger-som-tillater-barn-som-er-til-stede-er-tilbake-i-palma\/"},"author":{"name":"Ole Andersen","@id":"https:\/\/nordnesrepublikken.no\/#\/schema\/person\/2e7e81935bab77882fffb79296240ff1"},"headline":"Tyrefektinger som tillater barn som er til stede er tilbake i Palma","datePublished":"2025-08-05T13:49:34+00:00","dateModified":"2025-08-05T13:49:36+00:00","mainEntityOfPage":{"@id":"https:\/\/nordnesrepublikken.no\/index.php\/2025\/08\/05\/tyrefektinger-som-tillater-barn-som-er-til-stede-er-tilbake-i-palma\/"},"wordCount":298,"publisher":{"@id":"https:\/\/nordnesrepublikken.no\/#organization"},"image":{"@id":"https:\/\/nordnesrepublikken.no\/index.php\/2025\/08\/05\/tyrefektinger-som-tillater-barn-som-er-til-stede-er-tilbake-i-palma\/#primaryimage"},"thumbnailUrl":"https:\/\/nordnesrepublikken.no\/wp-content\/uploads\/2025\/08\/1754401775_Tyrefektinger-som-tillater-barn-som-er-til-stede-er-tilbake.jpg","keywords":["barn","Palma","som","stede","til","tilbake","tillater","Tyrefektinger"],"articleSection":["Livsstil"],"inLanguage":"nb-NO"},{"@type":"WebPage","@id":"https:\/\/nordnesrepublikken.no\/index.php\/2025\/08\/05\/tyrefektinger-som-tillater-barn-som-er-til-stede-er-tilbake-i-palma\/","url":"https:\/\/nordnesrepublikken.no\/index.php\/2025\/08\/05\/tyrefektinger-som-tillater-barn-som-er-til-stede-er-tilbake-i-palma\/","name":"Tyrefektinger som tillater barn som er til stede er tilbake i Palma - Nordnesrepublikken","isPartOf":{"@id":"https:\/\/nordnesrepublikken.no\/#website"},"primaryImageOfPage":{"@id":"https:\/\/nordnesrepublikken.no\/index.php\/2025\/08\/05\/tyrefektinger-som-tillater-barn-som-er-til-stede-er-tilbake-i-palma\/#primaryimage"},"image":{"@id":"https:\/\/nordnesrepublikken.no\/index.php\/2025\/08\/05\/tyrefektinger-som-tillater-barn-som-er-til-stede-er-tilbake-i-palma\/#primaryimage"},"thumbnailUrl":"https:\/\/nordnesrepublikken.no\/wp-content\/uploads\/2025\/08\/1754401775_Tyrefektinger-som-tillater-barn-som-er-til-stede-er-tilbake.jpg","datePublished":"2025-08-05T13:49:34+00:00","dateModified":"2025-08-05T13:49:36+00:00","breadcrumb":{"@id":"https:\/\/nordnesrepublikken.no\/index.php\/2025\/08\/05\/tyrefektinger-som-tillater-barn-som-er-til-stede-er-tilbake-i-palma\/#breadcrumb"},"inLanguage":"nb-NO","potentialAction":[{"@type":"ReadAction","target":["https:\/\/nordnesrepublikken.no\/index.php\/2025\/08\/05\/tyrefektinger-som-tillater-barn-som-er-til-stede-er-tilbake-i-palma\/"]}]},{"@type":"ImageObject","inLanguage":"nb-NO","@id":"https:\/\/nordnesrepublikken.no\/index.php\/2025\/08\/05\/tyrefektinger-som-tillater-barn-som-er-til-stede-er-tilbake-i-palma\/#primaryimage","url":"https:\/\/nordnesrepublikken.no\/wp-content\/uploads\/2025\/08\/1754401775_Tyrefektinger-som-tillater-barn-som-er-til-stede-er-tilbake.jpg","contentUrl":"https:\/\/nordnesrepublikken.no\/wp-content\/uploads\/2025\/08\/1754401775_Tyrefektinger-som-tillater-barn-som-er-til-stede-er-tilbake.jpg","width":1200,"height":799,"caption":"Tyrefektinger som tillater barn som er til stede er tilbake i Palma"},{"@type":"BreadcrumbList","@id":"https:\/\/nordnesrepublikken.no\/index.php\/2025\/08\/05\/tyrefektinger-som-tillater-barn-som-er-til-stede-er-tilbake-i-palma\/#breadcrumb","itemListElement":[{"@type":"ListItem","position":1,"name":"Home","item":"https:\/\/nordnesrepublikken.no\/"},{"@type":"ListItem","position":2,"name":"Tyrefektinger som tillater barn som er til stede er tilbake i Palma"}]},{"@type":"WebSite","@id":"https:\/\/nordnesrepublikken.no\/#website","url":"https:\/\/nordnesrepublikken.no\/","name":"Nordnesrepublikken","description":"Stemmer og Visjoner fra Republikkens Hjerte","publisher":{"@id":"https:\/\/nordnesrepublikken.no\/#organization"},"potentialAction":[{"@type":"SearchAction","target":{"@type":"EntryPoint","urlTemplate":"https:\/\/nordnesrepublikken.no\/?s={search_term_string}"},"query-input":{"@type":"PropertyValueSpecification","valueRequired":true,"valueName":"search_term_string"}}],"inLanguage":"nb-NO"},{"@type":"Organization","@id":"https:\/\/nordnesrepublikken.no\/#organization","name":"Nordnesrepublikken","url":"https:\/\/nordnesrepublikken.no\/","logo":{"@type":"ImageObject","inLanguage":"nb-NO","@id":"https:\/\/nordnesrepublikken.no\/#\/schema\/logo\/image\/","url":"https:\/\/nordnesrepublikken.no\/wp-content\/uploads\/2025\/02\/cropped-nordnesrepublikken-2.png","contentUrl":"https:\/\/nordnesrepublikken.no\/wp-content\/uploads\/2025\/02\/cropped-nordnesrepublikken-2.png","width":1248,"height":362,"caption":"Nordnesrepublikken"},"image":{"@id":"https:\/\/nordnesrepublikken.no\/#\/schema\/logo\/image\/"}},{"@type":"Person","@id":"https:\/\/nordnesrepublikken.no\/#\/schema\/person\/2e7e81935bab77882fffb79296240ff1","name":"Ole Andersen","image":{"@type":"ImageObject","inLanguage":"nb-NO","@id":"https:\/\/nordnesrepublikken.no\/#\/schema\/person\/image\/","url":"https:\/\/nordnesrepublikken.no\/wp-content\/uploads\/2025\/02\/nordnesrepublikken-2-2-150x150.jpg","contentUrl":"https:\/\/nordnesrepublikken.no\/wp-content\/uploads\/2025\/02\/nordnesrepublikken-2-2-150x150.jpg","caption":"Ole Andersen"},"description":"Ettersom jeg vokste opp i Oslo, har jeg alltid v\u00e6rt fascinert av ordenes kraft og deres evne til \u00e5 skape endringer. Etter \u00e5 ha fullf\u00f8rt min utdannelse i kommunikasjon ved Universitetet i Bergen, fikk jeg muligheten til \u00e5 jobbe innen ulike medier, der jeg har s\u00f8kt \u00e5 belyse viktige samfunnssp\u00f8rsm\u00e5l. I dag, som redakt\u00f8r for Nordnesrepublikken, pr\u00f8ver jeg \u00e5 forene min kj\u00e6rlighet for journalistikk med min lidenskap for innovasjon og eventyr.","sameAs":["https:\/\/nordnesrepublikken.no\/"]}]}},"_links":{"self":[{"href":"https:\/\/nordnesrepublikken.no\/index.php\/wp-json\/wp\/v2\/posts\/7898","targetHints":{"allow":["GET"]}}],"collection":[{"href":"https:\/\/nordnesrepublikken.no\/index.php\/wp-json\/wp\/v2\/posts"}],"about":[{"href":"https:\/\/nordnesrepublikken.no\/index.php\/wp-json\/wp\/v2\/types\/post"}],"author":[{"embeddable":true,"href":"https:\/\/nordnesrepublikken.no\/index.php\/wp-json\/wp\/v2\/users\/1"}],"replies":[{"embeddable":true,"href":"https:\/\/nordnesrepublikken.no\/index.php\/wp-json\/wp\/v2\/comments?post=7898"}],"version-history":[{"count":1,"href":"https:\/\/nordnesrepublikken.no\/index.php\/wp-json\/wp\/v2\/posts\/7898\/revisions"}],"predecessor-version":[{"id":7900,"href":"https:\/\/nordnesrepublikken.no\/index.php\/wp-json\/wp\/v2\/posts\/7898\/revisions\/7900"}],"wp:featuredmedia":[{"embeddable":true,"href":"https:\/\/nordnesrepublikken.no\/index.php\/wp-json\/wp\/v2\/media\/7899"}],"wp:attachment":[{"href":"https:\/\/nordnesrepublikken.no\/index.php\/wp-json\/wp\/v2\/media?parent=7898"}],"wp:term":[{"taxonomy":"category","embeddable":true,"href":"https:\/\/nordnesrepublikken.no\/index.php\/wp-json\/wp\/v2\/categories?post=7898"},{"taxonomy":"post_tag","embeddable":true,"href":"https:\/\/nordnesrepublikken.no\/index.php\/wp-json\/wp\/v2\/tags?post=7898"}],"curies":[{"name":"wp","href":"https:\/\/api.w.org\/{rel}","templated":true}]}}