{"id":7889,"date":"2025-08-05T10:49:56","date_gmt":"2025-08-05T08:49:56","guid":{"rendered":"https:\/\/nordnesrepublikken.no\/index.php\/2025\/08\/05\/antitrust-autrust-shein-for-1-million-euro-beskyldningen-om-gronnvask-og-villedende-meldinger\/"},"modified":"2025-08-05T10:49:58","modified_gmt":"2025-08-05T08:49:58","slug":"antitrust-autrust-shein-for-1-million-euro-beskyldningen-om-gronnvask-og-villedende-meldinger","status":"publish","type":"post","link":"https:\/\/nordnesrepublikken.no\/index.php\/2025\/08\/05\/antitrust-autrust-shein-for-1-million-euro-beskyldningen-om-gronnvask-og-villedende-meldinger\/","title":{"rendered":"Antitrust Autrust Shein for 1 million euro, beskyldningen om gr\u00f8nnvask og villedende meldinger"},"content":{"rendered":"<div>\n<div class=\"cp_wrapper cp_wrapper--fw mb-30 mb-20@tablet\">\n<figure class=\"mm\"><picture class=\"img\" style=\"padding-top:56.25%\"><source  media=\"(min-width: 1024px)\"><source  media=\"(min-width: 768px)\"><\/source><\/source><\/picture><\/figure>\n<\/p><\/div>\n<p>DE&#8217;<strong>AGCM<\/strong> (<em>Konkurranse og markedsmyndighet<\/em>) p\u00e5f\u00f8rt <strong>Shein<\/strong>gigant av <em>Rask mote<\/em>en <strong>1 million euro fin for milj\u00f8messig reklame som anses som villedende<\/strong>. I f\u00f8lge Antitrustust ville Fast Fashion Giant ha spredt meldinger som antyder en konkret forpliktelse til b\u00e6rekraft, uten \u00e5 gi klar og verifiserbar informasjon om det. Unders\u00f8kelsen fremhevet bruken av s\u00e5 kalt <em>Gr\u00f8nt krav<\/em> &#8211; Uttalelser som understreker p\u00e5st\u00e5tte milj\u00f8messige fordeler som for eksempel <strong>&laquo;Evolushein&raquo; <\/strong>&#8211; som er blitt d\u00f8mt som vag, generisk og noen ganger <strong>villedende<\/strong>. Denne sanksjonen fremhever et bredere problem: fenomenet <strong>Greenwashing<\/strong>det vil si at strategien som noen selskaper oppst\u00e5r som \u00f8kologisk uten at deres produktive praksis virkelig er.<\/p>\n<h2>Shein and the Greenwashing Story<\/h2>\n<p>I henhold til det som ble konstatert, Shein, gjennom selskapet <strong>Infinite Styles Services Co. Ltd<\/strong>merkevarens aktiviteter i Europa har brukt p\u00e5 portalen og p\u00e5 seksjoner som<strong> &laquo;#SheintheKnow&raquo;<\/strong>, <strong>&laquo;Evolushein&raquo;<\/strong> Og <strong>&laquo;Samfunnsansvar&raquo;<\/strong> Erkl\u00e6ringer om forpliktelsen til milj\u00f8messig b\u00e6rekraft bed\u00f8mt villedende. I noen tilfeller gjaldt utsagnene konsepter som &laquo;design av et sirkul\u00e6rt system&raquo; eller den fullstendige resirkulerbarheten til produktene, men uten \u00e5 forklare n\u00f8yaktig hvordan dette skjedde. Denne kommunikasjonen kan potensielt ha f\u00f8rt til at forbrukerne har trodd at Shein -plagg hadde redusert milj\u00f8p\u00e5virkning sammenlignet med virkeligheten.<\/p>\n<p>Et kritisk poeng er linjen <strong>&laquo;Evolushein by Design&raquo;<\/strong>presentert som laget med fibre som anses som mer b\u00e6rekraftig. Antitrustet bemerket imidlertid at disse beskrivelsene manglet detaljer om de virkelige milj\u00f8messige fordelene i l\u00f8pet av hele livssyklusen til produktet, og at samlingen bare representerer en marginal del med hensyn til det samlede tilbudet til merkevaren. I tillegg antydet meldingene feilaktig at plaggene var fullstendig resirkulerbare, noe som ikke var sant basert p\u00e5 fibrene som faktisk ble brukt til de aktuelle plaggene og de resirkulerte teknologiene som er tilgjengelige.<\/p>\n<p>Et annet aspekt ang\u00e5r m\u00e5lene som er deklarert av selskapet n\u00e5r det gjelder \u00e5 redusere klimagassutslipp: <strong>&#8211; 25% innen 2030<\/strong> Og <strong>Utslipp for 2050<\/strong>. Disse l\u00f8ftene har imidlertid blitt ansett som generiske og motsagt av \u00f8kningen i utslipp fra Shein de siste \u00e5rene, i sterk kontrast til bildet av milj\u00f8ansvar som ble fremmet p\u00e5 stedet.<\/p>\n<h2>Codacons &#8216;kommentar<\/h2>\n<p>De <strong>Codacons<\/strong> Da han kommenterte historien, rapporterte han at:<\/p>\n<blockquote>\n<p><em>Denne praksisen er i stand til \u00e5 avvike forbrukernes valg, stadig mer oppmerksomme p\u00e5 b\u00e6rekraftige og respektfulle kj\u00f8p av milj\u00f8et, og endre markedet, avleder hundrevis av millioner euro hvert \u00e5r n\u00e5r det gjelder kj\u00f8p av kommersielle produkter<\/em>\u00bbOg legge til det&raquo;<em>B\u00f8ten til antitrustust antar enorm relevans, og m\u00e5 n\u00e5 f\u00f8re til lignende sanksjonstiltak som alle selskapene som bedrar forbrukere gjennom falske meldinger om milj\u00f8messig b\u00e6rekraft<\/em>.<\/p>\n<\/blockquote><\/div>\n","protected":false},"excerpt":{"rendered":"<p>DE&#8217;AGCM (Konkurranse og markedsmyndighet) p\u00e5f\u00f8rt Sheingigant av Rask moteen 1 million euro fin for milj\u00f8messig<\/p>\n","protected":false},"author":1,"featured_media":7890,"comment_status":"closed","ping_status":"open","sticky":false,"template":"","format":"standard","meta":{"footnotes":""},"categories":[25],"tags":[3638,5166,5168,2334,5169,1357,3556,5167,5170],"class_list":["post-7889","post","type-post","status-publish","format-standard","has-post-thumbnail","hentry","category-teknologi","tag-antitrust","tag-autrust","tag-beskyldningen","tag-euro","tag-gronnvask","tag-meldinger","tag-million","tag-shein","tag-villedende","generate-columns","tablet-grid-50","mobile-grid-100","grid-parent","grid-33"],"yoast_head":"<!-- This site is optimized with the Yoast SEO plugin v24.4 - https:\/\/yoast.com\/wordpress\/plugins\/seo\/ -->\n<title>Antitrust Autrust Shein for 1 million euro, beskyldningen om gr\u00f8nnvask og villedende meldinger - Nordnesrepublikken<\/title>\n<meta name=\"robots\" content=\"index, follow, max-snippet:-1, max-image-preview:large, max-video-preview:-1\" \/>\n<link rel=\"canonical\" href=\"https:\/\/nordnesrepublikken.no\/index.php\/2025\/08\/05\/antitrust-autrust-shein-for-1-million-euro-beskyldningen-om-gronnvask-og-villedende-meldinger\/\" \/>\n<meta property=\"og:locale\" content=\"nb_NO\" \/>\n<meta property=\"og:type\" content=\"article\" \/>\n<meta property=\"og:title\" content=\"Antitrust Autrust Shein for 1 million euro, beskyldningen om gr\u00f8nnvask og villedende meldinger - Nordnesrepublikken\" \/>\n<meta property=\"og:description\" content=\"DE&#8217;AGCM (Konkurranse og markedsmyndighet) p\u00e5f\u00f8rt Sheingigant av Rask moteen 1 million euro fin for milj\u00f8messig\" \/>\n<meta property=\"og:url\" content=\"https:\/\/nordnesrepublikken.no\/index.php\/2025\/08\/05\/antitrust-autrust-shein-for-1-million-euro-beskyldningen-om-gronnvask-og-villedende-meldinger\/\" \/>\n<meta property=\"og:site_name\" content=\"Nordnesrepublikken\" \/>\n<meta property=\"article:published_time\" content=\"2025-08-05T08:49:56+00:00\" \/>\n<meta property=\"article:modified_time\" content=\"2025-08-05T08:49:58+00:00\" \/>\n<meta property=\"og:image\" content=\"https:\/\/nordnesrepublikken.no\/wp-content\/uploads\/2025\/08\/1754383797_Antitrust-Autrust-Shein-for-1-million-euro-beskyldningen-om-gronnvask.jpg\" \/>\n\t<meta property=\"og:image:width\" content=\"1300\" \/>\n\t<meta property=\"og:image:height\" content=\"813\" \/>\n\t<meta property=\"og:image:type\" content=\"image\/jpeg\" \/>\n<meta name=\"author\" content=\"Ole Andersen\" \/>\n<meta name=\"twitter:card\" content=\"summary_large_image\" \/>\n<meta name=\"twitter:label1\" content=\"Skrevet av\" \/>\n\t<meta name=\"twitter:data1\" content=\"Ole Andersen\" \/>\n\t<meta name=\"twitter:label2\" content=\"Ansl. lesetid\" \/>\n\t<meta name=\"twitter:data2\" content=\"2 minutter\" \/>\n<script type=\"application\/ld+json\" class=\"yoast-schema-graph\">{\"@context\":\"https:\/\/schema.org\",\"@graph\":[{\"@type\":\"Article\",\"@id\":\"https:\/\/nordnesrepublikken.no\/index.php\/2025\/08\/05\/antitrust-autrust-shein-for-1-million-euro-beskyldningen-om-gronnvask-og-villedende-meldinger\/#article\",\"isPartOf\":{\"@id\":\"https:\/\/nordnesrepublikken.no\/index.php\/2025\/08\/05\/antitrust-autrust-shein-for-1-million-euro-beskyldningen-om-gronnvask-og-villedende-meldinger\/\"},\"author\":{\"name\":\"Ole Andersen\",\"@id\":\"https:\/\/nordnesrepublikken.no\/#\/schema\/person\/2e7e81935bab77882fffb79296240ff1\"},\"headline\":\"Antitrust Autrust Shein for 1 million euro, beskyldningen om gr\u00f8nnvask og villedende meldinger\",\"datePublished\":\"2025-08-05T08:49:56+00:00\",\"dateModified\":\"2025-08-05T08:49:58+00:00\",\"mainEntityOfPage\":{\"@id\":\"https:\/\/nordnesrepublikken.no\/index.php\/2025\/08\/05\/antitrust-autrust-shein-for-1-million-euro-beskyldningen-om-gronnvask-og-villedende-meldinger\/\"},\"wordCount\":454,\"publisher\":{\"@id\":\"https:\/\/nordnesrepublikken.no\/#organization\"},\"image\":{\"@id\":\"https:\/\/nordnesrepublikken.no\/index.php\/2025\/08\/05\/antitrust-autrust-shein-for-1-million-euro-beskyldningen-om-gronnvask-og-villedende-meldinger\/#primaryimage\"},\"thumbnailUrl\":\"https:\/\/nordnesrepublikken.no\/wp-content\/uploads\/2025\/08\/1754383797_Antitrust-Autrust-Shein-for-1-million-euro-beskyldningen-om-gronnvask.jpg\",\"keywords\":[\"antitrust\",\"Autrust\",\"beskyldningen\",\"euro\",\"gr\u00f8nnvask\",\"meldinger\",\"million\",\"Shein\",\"villedende\"],\"articleSection\":[\"Teknologi\"],\"inLanguage\":\"nb-NO\"},{\"@type\":\"WebPage\",\"@id\":\"https:\/\/nordnesrepublikken.no\/index.php\/2025\/08\/05\/antitrust-autrust-shein-for-1-million-euro-beskyldningen-om-gronnvask-og-villedende-meldinger\/\",\"url\":\"https:\/\/nordnesrepublikken.no\/index.php\/2025\/08\/05\/antitrust-autrust-shein-for-1-million-euro-beskyldningen-om-gronnvask-og-villedende-meldinger\/\",\"name\":\"Antitrust Autrust Shein for 1 million euro, beskyldningen om gr\u00f8nnvask og villedende meldinger - Nordnesrepublikken\",\"isPartOf\":{\"@id\":\"https:\/\/nordnesrepublikken.no\/#website\"},\"primaryImageOfPage\":{\"@id\":\"https:\/\/nordnesrepublikken.no\/index.php\/2025\/08\/05\/antitrust-autrust-shein-for-1-million-euro-beskyldningen-om-gronnvask-og-villedende-meldinger\/#primaryimage\"},\"image\":{\"@id\":\"https:\/\/nordnesrepublikken.no\/index.php\/2025\/08\/05\/antitrust-autrust-shein-for-1-million-euro-beskyldningen-om-gronnvask-og-villedende-meldinger\/#primaryimage\"},\"thumbnailUrl\":\"https:\/\/nordnesrepublikken.no\/wp-content\/uploads\/2025\/08\/1754383797_Antitrust-Autrust-Shein-for-1-million-euro-beskyldningen-om-gronnvask.jpg\",\"datePublished\":\"2025-08-05T08:49:56+00:00\",\"dateModified\":\"2025-08-05T08:49:58+00:00\",\"breadcrumb\":{\"@id\":\"https:\/\/nordnesrepublikken.no\/index.php\/2025\/08\/05\/antitrust-autrust-shein-for-1-million-euro-beskyldningen-om-gronnvask-og-villedende-meldinger\/#breadcrumb\"},\"inLanguage\":\"nb-NO\",\"potentialAction\":[{\"@type\":\"ReadAction\",\"target\":[\"https:\/\/nordnesrepublikken.no\/index.php\/2025\/08\/05\/antitrust-autrust-shein-for-1-million-euro-beskyldningen-om-gronnvask-og-villedende-meldinger\/\"]}]},{\"@type\":\"ImageObject\",\"inLanguage\":\"nb-NO\",\"@id\":\"https:\/\/nordnesrepublikken.no\/index.php\/2025\/08\/05\/antitrust-autrust-shein-for-1-million-euro-beskyldningen-om-gronnvask-og-villedende-meldinger\/#primaryimage\",\"url\":\"https:\/\/nordnesrepublikken.no\/wp-content\/uploads\/2025\/08\/1754383797_Antitrust-Autrust-Shein-for-1-million-euro-beskyldningen-om-gronnvask.jpg\",\"contentUrl\":\"https:\/\/nordnesrepublikken.no\/wp-content\/uploads\/2025\/08\/1754383797_Antitrust-Autrust-Shein-for-1-million-euro-beskyldningen-om-gronnvask.jpg\",\"width\":1300,\"height\":813,\"caption\":\"SHEIN\"},{\"@type\":\"BreadcrumbList\",\"@id\":\"https:\/\/nordnesrepublikken.no\/index.php\/2025\/08\/05\/antitrust-autrust-shein-for-1-million-euro-beskyldningen-om-gronnvask-og-villedende-meldinger\/#breadcrumb\",\"itemListElement\":[{\"@type\":\"ListItem\",\"position\":1,\"name\":\"Home\",\"item\":\"https:\/\/nordnesrepublikken.no\/\"},{\"@type\":\"ListItem\",\"position\":2,\"name\":\"Antitrust Autrust Shein for 1 million euro, beskyldningen om gr\u00f8nnvask og villedende meldinger\"}]},{\"@type\":\"WebSite\",\"@id\":\"https:\/\/nordnesrepublikken.no\/#website\",\"url\":\"https:\/\/nordnesrepublikken.no\/\",\"name\":\"Nordnesrepublikken\",\"description\":\"Stemmer og Visjoner fra Republikkens Hjerte\",\"publisher\":{\"@id\":\"https:\/\/nordnesrepublikken.no\/#organization\"},\"potentialAction\":[{\"@type\":\"SearchAction\",\"target\":{\"@type\":\"EntryPoint\",\"urlTemplate\":\"https:\/\/nordnesrepublikken.no\/?s={search_term_string}\"},\"query-input\":{\"@type\":\"PropertyValueSpecification\",\"valueRequired\":true,\"valueName\":\"search_term_string\"}}],\"inLanguage\":\"nb-NO\"},{\"@type\":\"Organization\",\"@id\":\"https:\/\/nordnesrepublikken.no\/#organization\",\"name\":\"Nordnesrepublikken\",\"url\":\"https:\/\/nordnesrepublikken.no\/\",\"logo\":{\"@type\":\"ImageObject\",\"inLanguage\":\"nb-NO\",\"@id\":\"https:\/\/nordnesrepublikken.no\/#\/schema\/logo\/image\/\",\"url\":\"https:\/\/nordnesrepublikken.no\/wp-content\/uploads\/2025\/02\/cropped-nordnesrepublikken-2.png\",\"contentUrl\":\"https:\/\/nordnesrepublikken.no\/wp-content\/uploads\/2025\/02\/cropped-nordnesrepublikken-2.png\",\"width\":1248,\"height\":362,\"caption\":\"Nordnesrepublikken\"},\"image\":{\"@id\":\"https:\/\/nordnesrepublikken.no\/#\/schema\/logo\/image\/\"}},{\"@type\":\"Person\",\"@id\":\"https:\/\/nordnesrepublikken.no\/#\/schema\/person\/2e7e81935bab77882fffb79296240ff1\",\"name\":\"Ole Andersen\",\"image\":{\"@type\":\"ImageObject\",\"inLanguage\":\"nb-NO\",\"@id\":\"https:\/\/nordnesrepublikken.no\/#\/schema\/person\/image\/\",\"url\":\"https:\/\/nordnesrepublikken.no\/wp-content\/uploads\/2025\/02\/nordnesrepublikken-2-2-150x150.jpg\",\"contentUrl\":\"https:\/\/nordnesrepublikken.no\/wp-content\/uploads\/2025\/02\/nordnesrepublikken-2-2-150x150.jpg\",\"caption\":\"Ole Andersen\"},\"description\":\"Ettersom jeg vokste opp i Oslo, har jeg alltid v\u00e6rt fascinert av ordenes kraft og deres evne til \u00e5 skape endringer. Etter \u00e5 ha fullf\u00f8rt min utdannelse i kommunikasjon ved Universitetet i Bergen, fikk jeg muligheten til \u00e5 jobbe innen ulike medier, der jeg har s\u00f8kt \u00e5 belyse viktige samfunnssp\u00f8rsm\u00e5l. I dag, som redakt\u00f8r for Nordnesrepublikken, pr\u00f8ver jeg \u00e5 forene min kj\u00e6rlighet for journalistikk med min lidenskap for innovasjon og eventyr.\",\"sameAs\":[\"https:\/\/nordnesrepublikken.no\/\"]}]}<\/script>\n<!-- \/ Yoast SEO plugin. -->","yoast_head_json":{"title":"Antitrust Autrust Shein for 1 million euro, beskyldningen om gr\u00f8nnvask og villedende meldinger - Nordnesrepublikken","robots":{"index":"index","follow":"follow","max-snippet":"max-snippet:-1","max-image-preview":"max-image-preview:large","max-video-preview":"max-video-preview:-1"},"canonical":"https:\/\/nordnesrepublikken.no\/index.php\/2025\/08\/05\/antitrust-autrust-shein-for-1-million-euro-beskyldningen-om-gronnvask-og-villedende-meldinger\/","og_locale":"nb_NO","og_type":"article","og_title":"Antitrust Autrust Shein for 1 million euro, beskyldningen om gr\u00f8nnvask og villedende meldinger - Nordnesrepublikken","og_description":"DE&#8217;AGCM (Konkurranse og markedsmyndighet) p\u00e5f\u00f8rt Sheingigant av Rask moteen 1 million euro fin for milj\u00f8messig","og_url":"https:\/\/nordnesrepublikken.no\/index.php\/2025\/08\/05\/antitrust-autrust-shein-for-1-million-euro-beskyldningen-om-gronnvask-og-villedende-meldinger\/","og_site_name":"Nordnesrepublikken","article_published_time":"2025-08-05T08:49:56+00:00","article_modified_time":"2025-08-05T08:49:58+00:00","og_image":[{"width":1300,"height":813,"url":"https:\/\/nordnesrepublikken.no\/wp-content\/uploads\/2025\/08\/1754383797_Antitrust-Autrust-Shein-for-1-million-euro-beskyldningen-om-gronnvask.jpg","type":"image\/jpeg"}],"author":"Ole Andersen","twitter_card":"summary_large_image","twitter_misc":{"Skrevet av":"Ole Andersen","Ansl. lesetid":"2 minutter"},"schema":{"@context":"https:\/\/schema.org","@graph":[{"@type":"Article","@id":"https:\/\/nordnesrepublikken.no\/index.php\/2025\/08\/05\/antitrust-autrust-shein-for-1-million-euro-beskyldningen-om-gronnvask-og-villedende-meldinger\/#article","isPartOf":{"@id":"https:\/\/nordnesrepublikken.no\/index.php\/2025\/08\/05\/antitrust-autrust-shein-for-1-million-euro-beskyldningen-om-gronnvask-og-villedende-meldinger\/"},"author":{"name":"Ole Andersen","@id":"https:\/\/nordnesrepublikken.no\/#\/schema\/person\/2e7e81935bab77882fffb79296240ff1"},"headline":"Antitrust Autrust Shein for 1 million euro, beskyldningen om gr\u00f8nnvask og villedende meldinger","datePublished":"2025-08-05T08:49:56+00:00","dateModified":"2025-08-05T08:49:58+00:00","mainEntityOfPage":{"@id":"https:\/\/nordnesrepublikken.no\/index.php\/2025\/08\/05\/antitrust-autrust-shein-for-1-million-euro-beskyldningen-om-gronnvask-og-villedende-meldinger\/"},"wordCount":454,"publisher":{"@id":"https:\/\/nordnesrepublikken.no\/#organization"},"image":{"@id":"https:\/\/nordnesrepublikken.no\/index.php\/2025\/08\/05\/antitrust-autrust-shein-for-1-million-euro-beskyldningen-om-gronnvask-og-villedende-meldinger\/#primaryimage"},"thumbnailUrl":"https:\/\/nordnesrepublikken.no\/wp-content\/uploads\/2025\/08\/1754383797_Antitrust-Autrust-Shein-for-1-million-euro-beskyldningen-om-gronnvask.jpg","keywords":["antitrust","Autrust","beskyldningen","euro","gr\u00f8nnvask","meldinger","million","Shein","villedende"],"articleSection":["Teknologi"],"inLanguage":"nb-NO"},{"@type":"WebPage","@id":"https:\/\/nordnesrepublikken.no\/index.php\/2025\/08\/05\/antitrust-autrust-shein-for-1-million-euro-beskyldningen-om-gronnvask-og-villedende-meldinger\/","url":"https:\/\/nordnesrepublikken.no\/index.php\/2025\/08\/05\/antitrust-autrust-shein-for-1-million-euro-beskyldningen-om-gronnvask-og-villedende-meldinger\/","name":"Antitrust Autrust Shein for 1 million euro, beskyldningen om gr\u00f8nnvask og villedende meldinger - Nordnesrepublikken","isPartOf":{"@id":"https:\/\/nordnesrepublikken.no\/#website"},"primaryImageOfPage":{"@id":"https:\/\/nordnesrepublikken.no\/index.php\/2025\/08\/05\/antitrust-autrust-shein-for-1-million-euro-beskyldningen-om-gronnvask-og-villedende-meldinger\/#primaryimage"},"image":{"@id":"https:\/\/nordnesrepublikken.no\/index.php\/2025\/08\/05\/antitrust-autrust-shein-for-1-million-euro-beskyldningen-om-gronnvask-og-villedende-meldinger\/#primaryimage"},"thumbnailUrl":"https:\/\/nordnesrepublikken.no\/wp-content\/uploads\/2025\/08\/1754383797_Antitrust-Autrust-Shein-for-1-million-euro-beskyldningen-om-gronnvask.jpg","datePublished":"2025-08-05T08:49:56+00:00","dateModified":"2025-08-05T08:49:58+00:00","breadcrumb":{"@id":"https:\/\/nordnesrepublikken.no\/index.php\/2025\/08\/05\/antitrust-autrust-shein-for-1-million-euro-beskyldningen-om-gronnvask-og-villedende-meldinger\/#breadcrumb"},"inLanguage":"nb-NO","potentialAction":[{"@type":"ReadAction","target":["https:\/\/nordnesrepublikken.no\/index.php\/2025\/08\/05\/antitrust-autrust-shein-for-1-million-euro-beskyldningen-om-gronnvask-og-villedende-meldinger\/"]}]},{"@type":"ImageObject","inLanguage":"nb-NO","@id":"https:\/\/nordnesrepublikken.no\/index.php\/2025\/08\/05\/antitrust-autrust-shein-for-1-million-euro-beskyldningen-om-gronnvask-og-villedende-meldinger\/#primaryimage","url":"https:\/\/nordnesrepublikken.no\/wp-content\/uploads\/2025\/08\/1754383797_Antitrust-Autrust-Shein-for-1-million-euro-beskyldningen-om-gronnvask.jpg","contentUrl":"https:\/\/nordnesrepublikken.no\/wp-content\/uploads\/2025\/08\/1754383797_Antitrust-Autrust-Shein-for-1-million-euro-beskyldningen-om-gronnvask.jpg","width":1300,"height":813,"caption":"SHEIN"},{"@type":"BreadcrumbList","@id":"https:\/\/nordnesrepublikken.no\/index.php\/2025\/08\/05\/antitrust-autrust-shein-for-1-million-euro-beskyldningen-om-gronnvask-og-villedende-meldinger\/#breadcrumb","itemListElement":[{"@type":"ListItem","position":1,"name":"Home","item":"https:\/\/nordnesrepublikken.no\/"},{"@type":"ListItem","position":2,"name":"Antitrust Autrust Shein for 1 million euro, beskyldningen om gr\u00f8nnvask og villedende meldinger"}]},{"@type":"WebSite","@id":"https:\/\/nordnesrepublikken.no\/#website","url":"https:\/\/nordnesrepublikken.no\/","name":"Nordnesrepublikken","description":"Stemmer og Visjoner fra Republikkens Hjerte","publisher":{"@id":"https:\/\/nordnesrepublikken.no\/#organization"},"potentialAction":[{"@type":"SearchAction","target":{"@type":"EntryPoint","urlTemplate":"https:\/\/nordnesrepublikken.no\/?s={search_term_string}"},"query-input":{"@type":"PropertyValueSpecification","valueRequired":true,"valueName":"search_term_string"}}],"inLanguage":"nb-NO"},{"@type":"Organization","@id":"https:\/\/nordnesrepublikken.no\/#organization","name":"Nordnesrepublikken","url":"https:\/\/nordnesrepublikken.no\/","logo":{"@type":"ImageObject","inLanguage":"nb-NO","@id":"https:\/\/nordnesrepublikken.no\/#\/schema\/logo\/image\/","url":"https:\/\/nordnesrepublikken.no\/wp-content\/uploads\/2025\/02\/cropped-nordnesrepublikken-2.png","contentUrl":"https:\/\/nordnesrepublikken.no\/wp-content\/uploads\/2025\/02\/cropped-nordnesrepublikken-2.png","width":1248,"height":362,"caption":"Nordnesrepublikken"},"image":{"@id":"https:\/\/nordnesrepublikken.no\/#\/schema\/logo\/image\/"}},{"@type":"Person","@id":"https:\/\/nordnesrepublikken.no\/#\/schema\/person\/2e7e81935bab77882fffb79296240ff1","name":"Ole Andersen","image":{"@type":"ImageObject","inLanguage":"nb-NO","@id":"https:\/\/nordnesrepublikken.no\/#\/schema\/person\/image\/","url":"https:\/\/nordnesrepublikken.no\/wp-content\/uploads\/2025\/02\/nordnesrepublikken-2-2-150x150.jpg","contentUrl":"https:\/\/nordnesrepublikken.no\/wp-content\/uploads\/2025\/02\/nordnesrepublikken-2-2-150x150.jpg","caption":"Ole Andersen"},"description":"Ettersom jeg vokste opp i Oslo, har jeg alltid v\u00e6rt fascinert av ordenes kraft og deres evne til \u00e5 skape endringer. Etter \u00e5 ha fullf\u00f8rt min utdannelse i kommunikasjon ved Universitetet i Bergen, fikk jeg muligheten til \u00e5 jobbe innen ulike medier, der jeg har s\u00f8kt \u00e5 belyse viktige samfunnssp\u00f8rsm\u00e5l. I dag, som redakt\u00f8r for Nordnesrepublikken, pr\u00f8ver jeg \u00e5 forene min kj\u00e6rlighet for journalistikk med min lidenskap for innovasjon og eventyr.","sameAs":["https:\/\/nordnesrepublikken.no\/"]}]}},"_links":{"self":[{"href":"https:\/\/nordnesrepublikken.no\/index.php\/wp-json\/wp\/v2\/posts\/7889","targetHints":{"allow":["GET"]}}],"collection":[{"href":"https:\/\/nordnesrepublikken.no\/index.php\/wp-json\/wp\/v2\/posts"}],"about":[{"href":"https:\/\/nordnesrepublikken.no\/index.php\/wp-json\/wp\/v2\/types\/post"}],"author":[{"embeddable":true,"href":"https:\/\/nordnesrepublikken.no\/index.php\/wp-json\/wp\/v2\/users\/1"}],"replies":[{"embeddable":true,"href":"https:\/\/nordnesrepublikken.no\/index.php\/wp-json\/wp\/v2\/comments?post=7889"}],"version-history":[{"count":1,"href":"https:\/\/nordnesrepublikken.no\/index.php\/wp-json\/wp\/v2\/posts\/7889\/revisions"}],"predecessor-version":[{"id":7891,"href":"https:\/\/nordnesrepublikken.no\/index.php\/wp-json\/wp\/v2\/posts\/7889\/revisions\/7891"}],"wp:featuredmedia":[{"embeddable":true,"href":"https:\/\/nordnesrepublikken.no\/index.php\/wp-json\/wp\/v2\/media\/7890"}],"wp:attachment":[{"href":"https:\/\/nordnesrepublikken.no\/index.php\/wp-json\/wp\/v2\/media?parent=7889"}],"wp:term":[{"taxonomy":"category","embeddable":true,"href":"https:\/\/nordnesrepublikken.no\/index.php\/wp-json\/wp\/v2\/categories?post=7889"},{"taxonomy":"post_tag","embeddable":true,"href":"https:\/\/nordnesrepublikken.no\/index.php\/wp-json\/wp\/v2\/tags?post=7889"}],"curies":[{"name":"wp","href":"https:\/\/api.w.org\/{rel}","templated":true}]}}