{"id":7874,"date":"2025-08-05T05:49:48","date_gmt":"2025-08-05T03:49:48","guid":{"rendered":"https:\/\/nordnesrepublikken.no\/index.php\/2025\/08\/05\/det-er-blant-de-tyngste-insektene-i-verden\/"},"modified":"2025-08-05T05:49:50","modified_gmt":"2025-08-05T03:49:50","slug":"det-er-blant-de-tyngste-insektene-i-verden","status":"publish","type":"post","link":"https:\/\/nordnesrepublikken.no\/index.php\/2025\/08\/05\/det-er-blant-de-tyngste-insektene-i-verden\/","title":{"rendered":"Det er blant de tyngste insektene i verden"},"content":{"rendered":"<div>\n<div class=\"cp_wrapper cp_wrapper--fw mb-30 mb-20@tablet\">\n<figure class=\"mm\"><picture class=\"img\" style=\"padding-top:56.25%\"><source  media=\"(min-width: 1024px)\"><source  media=\"(min-width: 768px)\"><\/source><\/source><\/picture><\/figure>\n<\/p><\/div>\n<p>En ny type <strong>Giant Stack Insect<\/strong> Det ble funnet av to australske forskere <strong>Ross M. Coupland<\/strong> Og<strong> Angus J. Emmott<\/strong> i den tropiske skogen i Nord -Queensland i <strong>Australia<\/strong>. Oppdagelsen fant sted 17. juni 2025, og arten fikk navnet <em>High Acophylla<\/em>. Dimensjonene til eksemplet <strong>hunn<\/strong> beskrevet er virkelig bemerkelsesverdig sett, som har en total lengde p\u00e5 kroppen med beina strukket ut av <strong>425 mm<\/strong> og en vekt av br\u00f8nn <strong>44 gram<\/strong>. For \u00f8yeblikket ble det bare funnet to eksempler som var godt skjult i tykke av den tropiske skogen. Det kan v\u00e6re det st\u00f8rste insektet som er beskrevet s\u00e5 langt, for \u00e5 kjempe for forrang med <em>Deinacrida Heteracantha<\/em>en gr\u00f8nnsakshage med New Zealand som et kvinnelig eksemplar av vekten av <strong>71 gr<\/strong> Det er en total lengde p\u00e5 kroppen p\u00e5 over 85 mm, men som vanligvis har kvinner med en gjennomsnittlig vekt p\u00e5 opptil 43 gram.<\/p>\n<p>Det nye Stecco -insektet har utseendet som en<strong> lang kvist<\/strong>med en tornet og generelt lysebrun farge, med lyse refleksjoner og med smaragdgr\u00f8nt mage. Queensland -regionen der <em>High Acophylla<\/em> Det er funnet er faktisk rik p\u00e5 flere naturtyper til forskjellige h\u00f8yder, fra havniv\u00e5 til plat\u00e5er utover <strong>1000 m<\/strong> SLM og presenterer de mest diversifiserte insektene av insekter (Fasmids) i Australia.<\/p>\n<div class=\"cp_wrapper cp_wrapper--fw mb-50\">\n<figure class=\"mm\"><picture class=\"img\" style=\"padding-top:66.666666666667%\"><source  media=\"(min-width: 1024px)\"><source  media=\"(min-width: 768px)\"><img decoding=\"async\" loading=\"lazy\" src=\"https:\/\/nordnesrepublikken.no\/wp-content\/uploads\/2025\/08\/Det-er-blant-de-tyngste-insektene-i-verden.jpg\" alt=\"Acrophylla High Insect Stecco\" width=\"1920\" height=\"1280\"><\/source><\/source><\/picture><\/figure>\n<\/p><\/div>\n<p>De <strong>Stecus insekter<\/strong> de <strong>bladinsekter<\/strong>s\u00e5kalt fordi de tilsynelatende virker n\u00f8yaktig kvister eller blader, representerer en hel orden, den av fasmidi (fasmatodea), med over 3000 arter s\u00e5 langt beskrevet og med en hovedsakelig tropisk fordeling, men med f\u00e5 arter som befolker enda mer tempererte regioner og Middelhavet. Jeg er <strong>Nattdyr<\/strong> som utviklet en h\u00f8y grad av mimikk som klarte \u00e5 forvirre seg i vegetasjonen i den tropiske skogen ved \u00e5 etterligne forskjellige deler av plantene: kvister, cortex og blader. Kamuflasje n\u00e5r h\u00f8ye spesialiseringsniv\u00e5er ved \u00e5 ta i bruk atferd av absolutt immobilitet eller svaie som en blader i vinden for \u00e5 lure rovdyr. Som alle medlemmer av samme orden som Fasmidi, er de planteetere og helt ufarlige for mennesket. DE<\/p>\n<p>Den gjennomsnittlige dimensjonen til insektene stablet varierer mellom <strong>6 og 10 cm<\/strong>men det er mye st\u00f8rre arter som den som er beskrevet nylig. Imidlertid presenterer de en h\u00f8y <strong>Seksuell bolig<\/strong>med ekstremt st\u00f8rre kvinner av menn. Voksne kvinner legger egg ogs\u00e5 over flere m\u00e5neder, litt om gangen, til de ogs\u00e5 n\u00e5r 2000 -eggene. Stecus -insekter er ogs\u00e5 kjent for mange arters evne til \u00e5 reprodusere seg ogs\u00e5 for <strong>Parthenogenesis<\/strong>som en tilpasning i tilfelle numerisk mangel hos menn (kvinner er i stand til \u00e5 f\u00f8de egg som ikke er befruktet av hannen).<\/p>\n<p>STEC -insekter kan kalles nesten &laquo;<strong>kj\u00e6ledyr<\/strong>&laquo;Siden de kan heves hjemme inne i et terrarium. Displayet som de skal leve, m\u00e5 berikes med kvister og bramble, bringeb\u00e6r eller standardblader som de lever av. Milj\u00f8et m\u00e5 holdes ved en temperatur minst rundt 20 \u00b0 C og med luftfuktighet til \u00e5 skape en DRAG \u00e5 skape en DR CATE en DRAGE SAME SAKS CASE og bladene med vann i orden.<\/p>\n<\/p><\/div>\n","protected":false},"excerpt":{"rendered":"<p>En ny type Giant Stack Insect Det ble funnet av to australske forskere Ross M.<\/p>\n","protected":false},"author":1,"featured_media":7875,"comment_status":"closed","ping_status":"open","sticky":false,"template":"","format":"standard","meta":{"footnotes":""},"categories":[24],"tags":[1849,66,5158,1315,598],"class_list":["post-7874","post","type-post","status-publish","format-standard","has-post-thumbnail","hentry","category-vitenskap","tag-blant","tag-det","tag-insektene","tag-tyngste","tag-verden","generate-columns","tablet-grid-50","mobile-grid-100","grid-parent","grid-33","resize-featured-image"],"yoast_head":"<!-- This site is optimized with the Yoast SEO plugin v24.4 - https:\/\/yoast.com\/wordpress\/plugins\/seo\/ -->\n<title>Det er blant de tyngste insektene i verden - Nordnesrepublikken<\/title>\n<meta name=\"robots\" content=\"index, follow, max-snippet:-1, max-image-preview:large, max-video-preview:-1\" \/>\n<link rel=\"canonical\" href=\"https:\/\/nordnesrepublikken.no\/index.php\/2025\/08\/05\/det-er-blant-de-tyngste-insektene-i-verden\/\" \/>\n<meta property=\"og:locale\" content=\"nb_NO\" \/>\n<meta property=\"og:type\" content=\"article\" \/>\n<meta property=\"og:title\" content=\"Det er blant de tyngste insektene i verden - Nordnesrepublikken\" \/>\n<meta property=\"og:description\" content=\"En ny type Giant Stack Insect Det ble funnet av to australske forskere Ross M.\" \/>\n<meta property=\"og:url\" content=\"https:\/\/nordnesrepublikken.no\/index.php\/2025\/08\/05\/det-er-blant-de-tyngste-insektene-i-verden\/\" \/>\n<meta property=\"og:site_name\" content=\"Nordnesrepublikken\" \/>\n<meta property=\"article:published_time\" content=\"2025-08-05T03:49:48+00:00\" \/>\n<meta property=\"article:modified_time\" content=\"2025-08-05T03:49:50+00:00\" \/>\n<meta property=\"og:image\" content=\"https:\/\/nordnesrepublikken.no\/wp-content\/uploads\/2025\/08\/1754365789_Det-er-blant-de-tyngste-insektene-i-verden.jpeg\" \/>\n\t<meta property=\"og:image:width\" content=\"1191\" \/>\n\t<meta property=\"og:image:height\" content=\"720\" \/>\n\t<meta property=\"og:image:type\" content=\"image\/jpeg\" \/>\n<meta name=\"author\" content=\"Ole Andersen\" \/>\n<meta name=\"twitter:card\" content=\"summary_large_image\" \/>\n<meta name=\"twitter:label1\" content=\"Skrevet av\" \/>\n\t<meta name=\"twitter:data1\" content=\"Ole Andersen\" \/>\n\t<meta name=\"twitter:label2\" content=\"Ansl. lesetid\" \/>\n\t<meta name=\"twitter:data2\" content=\"2 minutter\" \/>\n<script type=\"application\/ld+json\" class=\"yoast-schema-graph\">{\"@context\":\"https:\/\/schema.org\",\"@graph\":[{\"@type\":\"Article\",\"@id\":\"https:\/\/nordnesrepublikken.no\/index.php\/2025\/08\/05\/det-er-blant-de-tyngste-insektene-i-verden\/#article\",\"isPartOf\":{\"@id\":\"https:\/\/nordnesrepublikken.no\/index.php\/2025\/08\/05\/det-er-blant-de-tyngste-insektene-i-verden\/\"},\"author\":{\"name\":\"Ole Andersen\",\"@id\":\"https:\/\/nordnesrepublikken.no\/#\/schema\/person\/2e7e81935bab77882fffb79296240ff1\"},\"headline\":\"Det er blant de tyngste insektene i verden\",\"datePublished\":\"2025-08-05T03:49:48+00:00\",\"dateModified\":\"2025-08-05T03:49:50+00:00\",\"mainEntityOfPage\":{\"@id\":\"https:\/\/nordnesrepublikken.no\/index.php\/2025\/08\/05\/det-er-blant-de-tyngste-insektene-i-verden\/\"},\"wordCount\":488,\"publisher\":{\"@id\":\"https:\/\/nordnesrepublikken.no\/#organization\"},\"image\":{\"@id\":\"https:\/\/nordnesrepublikken.no\/index.php\/2025\/08\/05\/det-er-blant-de-tyngste-insektene-i-verden\/#primaryimage\"},\"thumbnailUrl\":\"https:\/\/nordnesrepublikken.no\/wp-content\/uploads\/2025\/08\/1754365789_Det-er-blant-de-tyngste-insektene-i-verden.jpeg\",\"keywords\":[\"blant\",\"Det\",\"insektene\",\"tyngste\",\"verden\"],\"articleSection\":[\"Vitenskap\"],\"inLanguage\":\"nb-NO\"},{\"@type\":\"WebPage\",\"@id\":\"https:\/\/nordnesrepublikken.no\/index.php\/2025\/08\/05\/det-er-blant-de-tyngste-insektene-i-verden\/\",\"url\":\"https:\/\/nordnesrepublikken.no\/index.php\/2025\/08\/05\/det-er-blant-de-tyngste-insektene-i-verden\/\",\"name\":\"Det er blant de tyngste insektene i verden - Nordnesrepublikken\",\"isPartOf\":{\"@id\":\"https:\/\/nordnesrepublikken.no\/#website\"},\"primaryImageOfPage\":{\"@id\":\"https:\/\/nordnesrepublikken.no\/index.php\/2025\/08\/05\/det-er-blant-de-tyngste-insektene-i-verden\/#primaryimage\"},\"image\":{\"@id\":\"https:\/\/nordnesrepublikken.no\/index.php\/2025\/08\/05\/det-er-blant-de-tyngste-insektene-i-verden\/#primaryimage\"},\"thumbnailUrl\":\"https:\/\/nordnesrepublikken.no\/wp-content\/uploads\/2025\/08\/1754365789_Det-er-blant-de-tyngste-insektene-i-verden.jpeg\",\"datePublished\":\"2025-08-05T03:49:48+00:00\",\"dateModified\":\"2025-08-05T03:49:50+00:00\",\"breadcrumb\":{\"@id\":\"https:\/\/nordnesrepublikken.no\/index.php\/2025\/08\/05\/det-er-blant-de-tyngste-insektene-i-verden\/#breadcrumb\"},\"inLanguage\":\"nb-NO\",\"potentialAction\":[{\"@type\":\"ReadAction\",\"target\":[\"https:\/\/nordnesrepublikken.no\/index.php\/2025\/08\/05\/det-er-blant-de-tyngste-insektene-i-verden\/\"]}]},{\"@type\":\"ImageObject\",\"inLanguage\":\"nb-NO\",\"@id\":\"https:\/\/nordnesrepublikken.no\/index.php\/2025\/08\/05\/det-er-blant-de-tyngste-insektene-i-verden\/#primaryimage\",\"url\":\"https:\/\/nordnesrepublikken.no\/wp-content\/uploads\/2025\/08\/1754365789_Det-er-blant-de-tyngste-insektene-i-verden.jpeg\",\"contentUrl\":\"https:\/\/nordnesrepublikken.no\/wp-content\/uploads\/2025\/08\/1754365789_Det-er-blant-de-tyngste-insektene-i-verden.jpeg\",\"width\":1191,\"height\":720,\"caption\":\"insetto stecco gigante thumb\"},{\"@type\":\"BreadcrumbList\",\"@id\":\"https:\/\/nordnesrepublikken.no\/index.php\/2025\/08\/05\/det-er-blant-de-tyngste-insektene-i-verden\/#breadcrumb\",\"itemListElement\":[{\"@type\":\"ListItem\",\"position\":1,\"name\":\"Home\",\"item\":\"https:\/\/nordnesrepublikken.no\/\"},{\"@type\":\"ListItem\",\"position\":2,\"name\":\"Det er blant de tyngste insektene i verden\"}]},{\"@type\":\"WebSite\",\"@id\":\"https:\/\/nordnesrepublikken.no\/#website\",\"url\":\"https:\/\/nordnesrepublikken.no\/\",\"name\":\"Nordnesrepublikken\",\"description\":\"Stemmer og Visjoner fra Republikkens Hjerte\",\"publisher\":{\"@id\":\"https:\/\/nordnesrepublikken.no\/#organization\"},\"potentialAction\":[{\"@type\":\"SearchAction\",\"target\":{\"@type\":\"EntryPoint\",\"urlTemplate\":\"https:\/\/nordnesrepublikken.no\/?s={search_term_string}\"},\"query-input\":{\"@type\":\"PropertyValueSpecification\",\"valueRequired\":true,\"valueName\":\"search_term_string\"}}],\"inLanguage\":\"nb-NO\"},{\"@type\":\"Organization\",\"@id\":\"https:\/\/nordnesrepublikken.no\/#organization\",\"name\":\"Nordnesrepublikken\",\"url\":\"https:\/\/nordnesrepublikken.no\/\",\"logo\":{\"@type\":\"ImageObject\",\"inLanguage\":\"nb-NO\",\"@id\":\"https:\/\/nordnesrepublikken.no\/#\/schema\/logo\/image\/\",\"url\":\"https:\/\/nordnesrepublikken.no\/wp-content\/uploads\/2025\/02\/cropped-nordnesrepublikken-2.png\",\"contentUrl\":\"https:\/\/nordnesrepublikken.no\/wp-content\/uploads\/2025\/02\/cropped-nordnesrepublikken-2.png\",\"width\":1248,\"height\":362,\"caption\":\"Nordnesrepublikken\"},\"image\":{\"@id\":\"https:\/\/nordnesrepublikken.no\/#\/schema\/logo\/image\/\"}},{\"@type\":\"Person\",\"@id\":\"https:\/\/nordnesrepublikken.no\/#\/schema\/person\/2e7e81935bab77882fffb79296240ff1\",\"name\":\"Ole Andersen\",\"image\":{\"@type\":\"ImageObject\",\"inLanguage\":\"nb-NO\",\"@id\":\"https:\/\/nordnesrepublikken.no\/#\/schema\/person\/image\/\",\"url\":\"https:\/\/nordnesrepublikken.no\/wp-content\/uploads\/2025\/02\/nordnesrepublikken-2-2-150x150.jpg\",\"contentUrl\":\"https:\/\/nordnesrepublikken.no\/wp-content\/uploads\/2025\/02\/nordnesrepublikken-2-2-150x150.jpg\",\"caption\":\"Ole Andersen\"},\"description\":\"Ettersom jeg vokste opp i Oslo, har jeg alltid v\u00e6rt fascinert av ordenes kraft og deres evne til \u00e5 skape endringer. Etter \u00e5 ha fullf\u00f8rt min utdannelse i kommunikasjon ved Universitetet i Bergen, fikk jeg muligheten til \u00e5 jobbe innen ulike medier, der jeg har s\u00f8kt \u00e5 belyse viktige samfunnssp\u00f8rsm\u00e5l. I dag, som redakt\u00f8r for Nordnesrepublikken, pr\u00f8ver jeg \u00e5 forene min kj\u00e6rlighet for journalistikk med min lidenskap for innovasjon og eventyr.\",\"sameAs\":[\"https:\/\/nordnesrepublikken.no\/\"]}]}<\/script>\n<!-- \/ Yoast SEO plugin. -->","yoast_head_json":{"title":"Det er blant de tyngste insektene i verden - Nordnesrepublikken","robots":{"index":"index","follow":"follow","max-snippet":"max-snippet:-1","max-image-preview":"max-image-preview:large","max-video-preview":"max-video-preview:-1"},"canonical":"https:\/\/nordnesrepublikken.no\/index.php\/2025\/08\/05\/det-er-blant-de-tyngste-insektene-i-verden\/","og_locale":"nb_NO","og_type":"article","og_title":"Det er blant de tyngste insektene i verden - Nordnesrepublikken","og_description":"En ny type Giant Stack Insect Det ble funnet av to australske forskere Ross M.","og_url":"https:\/\/nordnesrepublikken.no\/index.php\/2025\/08\/05\/det-er-blant-de-tyngste-insektene-i-verden\/","og_site_name":"Nordnesrepublikken","article_published_time":"2025-08-05T03:49:48+00:00","article_modified_time":"2025-08-05T03:49:50+00:00","og_image":[{"width":1191,"height":720,"url":"https:\/\/nordnesrepublikken.no\/wp-content\/uploads\/2025\/08\/1754365789_Det-er-blant-de-tyngste-insektene-i-verden.jpeg","type":"image\/jpeg"}],"author":"Ole Andersen","twitter_card":"summary_large_image","twitter_misc":{"Skrevet av":"Ole Andersen","Ansl. lesetid":"2 minutter"},"schema":{"@context":"https:\/\/schema.org","@graph":[{"@type":"Article","@id":"https:\/\/nordnesrepublikken.no\/index.php\/2025\/08\/05\/det-er-blant-de-tyngste-insektene-i-verden\/#article","isPartOf":{"@id":"https:\/\/nordnesrepublikken.no\/index.php\/2025\/08\/05\/det-er-blant-de-tyngste-insektene-i-verden\/"},"author":{"name":"Ole Andersen","@id":"https:\/\/nordnesrepublikken.no\/#\/schema\/person\/2e7e81935bab77882fffb79296240ff1"},"headline":"Det er blant de tyngste insektene i verden","datePublished":"2025-08-05T03:49:48+00:00","dateModified":"2025-08-05T03:49:50+00:00","mainEntityOfPage":{"@id":"https:\/\/nordnesrepublikken.no\/index.php\/2025\/08\/05\/det-er-blant-de-tyngste-insektene-i-verden\/"},"wordCount":488,"publisher":{"@id":"https:\/\/nordnesrepublikken.no\/#organization"},"image":{"@id":"https:\/\/nordnesrepublikken.no\/index.php\/2025\/08\/05\/det-er-blant-de-tyngste-insektene-i-verden\/#primaryimage"},"thumbnailUrl":"https:\/\/nordnesrepublikken.no\/wp-content\/uploads\/2025\/08\/1754365789_Det-er-blant-de-tyngste-insektene-i-verden.jpeg","keywords":["blant","Det","insektene","tyngste","verden"],"articleSection":["Vitenskap"],"inLanguage":"nb-NO"},{"@type":"WebPage","@id":"https:\/\/nordnesrepublikken.no\/index.php\/2025\/08\/05\/det-er-blant-de-tyngste-insektene-i-verden\/","url":"https:\/\/nordnesrepublikken.no\/index.php\/2025\/08\/05\/det-er-blant-de-tyngste-insektene-i-verden\/","name":"Det er blant de tyngste insektene i verden - Nordnesrepublikken","isPartOf":{"@id":"https:\/\/nordnesrepublikken.no\/#website"},"primaryImageOfPage":{"@id":"https:\/\/nordnesrepublikken.no\/index.php\/2025\/08\/05\/det-er-blant-de-tyngste-insektene-i-verden\/#primaryimage"},"image":{"@id":"https:\/\/nordnesrepublikken.no\/index.php\/2025\/08\/05\/det-er-blant-de-tyngste-insektene-i-verden\/#primaryimage"},"thumbnailUrl":"https:\/\/nordnesrepublikken.no\/wp-content\/uploads\/2025\/08\/1754365789_Det-er-blant-de-tyngste-insektene-i-verden.jpeg","datePublished":"2025-08-05T03:49:48+00:00","dateModified":"2025-08-05T03:49:50+00:00","breadcrumb":{"@id":"https:\/\/nordnesrepublikken.no\/index.php\/2025\/08\/05\/det-er-blant-de-tyngste-insektene-i-verden\/#breadcrumb"},"inLanguage":"nb-NO","potentialAction":[{"@type":"ReadAction","target":["https:\/\/nordnesrepublikken.no\/index.php\/2025\/08\/05\/det-er-blant-de-tyngste-insektene-i-verden\/"]}]},{"@type":"ImageObject","inLanguage":"nb-NO","@id":"https:\/\/nordnesrepublikken.no\/index.php\/2025\/08\/05\/det-er-blant-de-tyngste-insektene-i-verden\/#primaryimage","url":"https:\/\/nordnesrepublikken.no\/wp-content\/uploads\/2025\/08\/1754365789_Det-er-blant-de-tyngste-insektene-i-verden.jpeg","contentUrl":"https:\/\/nordnesrepublikken.no\/wp-content\/uploads\/2025\/08\/1754365789_Det-er-blant-de-tyngste-insektene-i-verden.jpeg","width":1191,"height":720,"caption":"insetto stecco gigante thumb"},{"@type":"BreadcrumbList","@id":"https:\/\/nordnesrepublikken.no\/index.php\/2025\/08\/05\/det-er-blant-de-tyngste-insektene-i-verden\/#breadcrumb","itemListElement":[{"@type":"ListItem","position":1,"name":"Home","item":"https:\/\/nordnesrepublikken.no\/"},{"@type":"ListItem","position":2,"name":"Det er blant de tyngste insektene i verden"}]},{"@type":"WebSite","@id":"https:\/\/nordnesrepublikken.no\/#website","url":"https:\/\/nordnesrepublikken.no\/","name":"Nordnesrepublikken","description":"Stemmer og Visjoner fra Republikkens Hjerte","publisher":{"@id":"https:\/\/nordnesrepublikken.no\/#organization"},"potentialAction":[{"@type":"SearchAction","target":{"@type":"EntryPoint","urlTemplate":"https:\/\/nordnesrepublikken.no\/?s={search_term_string}"},"query-input":{"@type":"PropertyValueSpecification","valueRequired":true,"valueName":"search_term_string"}}],"inLanguage":"nb-NO"},{"@type":"Organization","@id":"https:\/\/nordnesrepublikken.no\/#organization","name":"Nordnesrepublikken","url":"https:\/\/nordnesrepublikken.no\/","logo":{"@type":"ImageObject","inLanguage":"nb-NO","@id":"https:\/\/nordnesrepublikken.no\/#\/schema\/logo\/image\/","url":"https:\/\/nordnesrepublikken.no\/wp-content\/uploads\/2025\/02\/cropped-nordnesrepublikken-2.png","contentUrl":"https:\/\/nordnesrepublikken.no\/wp-content\/uploads\/2025\/02\/cropped-nordnesrepublikken-2.png","width":1248,"height":362,"caption":"Nordnesrepublikken"},"image":{"@id":"https:\/\/nordnesrepublikken.no\/#\/schema\/logo\/image\/"}},{"@type":"Person","@id":"https:\/\/nordnesrepublikken.no\/#\/schema\/person\/2e7e81935bab77882fffb79296240ff1","name":"Ole Andersen","image":{"@type":"ImageObject","inLanguage":"nb-NO","@id":"https:\/\/nordnesrepublikken.no\/#\/schema\/person\/image\/","url":"https:\/\/nordnesrepublikken.no\/wp-content\/uploads\/2025\/02\/nordnesrepublikken-2-2-150x150.jpg","contentUrl":"https:\/\/nordnesrepublikken.no\/wp-content\/uploads\/2025\/02\/nordnesrepublikken-2-2-150x150.jpg","caption":"Ole Andersen"},"description":"Ettersom jeg vokste opp i Oslo, har jeg alltid v\u00e6rt fascinert av ordenes kraft og deres evne til \u00e5 skape endringer. Etter \u00e5 ha fullf\u00f8rt min utdannelse i kommunikasjon ved Universitetet i Bergen, fikk jeg muligheten til \u00e5 jobbe innen ulike medier, der jeg har s\u00f8kt \u00e5 belyse viktige samfunnssp\u00f8rsm\u00e5l. I dag, som redakt\u00f8r for Nordnesrepublikken, pr\u00f8ver jeg \u00e5 forene min kj\u00e6rlighet for journalistikk med min lidenskap for innovasjon og eventyr.","sameAs":["https:\/\/nordnesrepublikken.no\/"]}]}},"_links":{"self":[{"href":"https:\/\/nordnesrepublikken.no\/index.php\/wp-json\/wp\/v2\/posts\/7874","targetHints":{"allow":["GET"]}}],"collection":[{"href":"https:\/\/nordnesrepublikken.no\/index.php\/wp-json\/wp\/v2\/posts"}],"about":[{"href":"https:\/\/nordnesrepublikken.no\/index.php\/wp-json\/wp\/v2\/types\/post"}],"author":[{"embeddable":true,"href":"https:\/\/nordnesrepublikken.no\/index.php\/wp-json\/wp\/v2\/users\/1"}],"replies":[{"embeddable":true,"href":"https:\/\/nordnesrepublikken.no\/index.php\/wp-json\/wp\/v2\/comments?post=7874"}],"version-history":[{"count":1,"href":"https:\/\/nordnesrepublikken.no\/index.php\/wp-json\/wp\/v2\/posts\/7874\/revisions"}],"predecessor-version":[{"id":7876,"href":"https:\/\/nordnesrepublikken.no\/index.php\/wp-json\/wp\/v2\/posts\/7874\/revisions\/7876"}],"wp:featuredmedia":[{"embeddable":true,"href":"https:\/\/nordnesrepublikken.no\/index.php\/wp-json\/wp\/v2\/media\/7875"}],"wp:attachment":[{"href":"https:\/\/nordnesrepublikken.no\/index.php\/wp-json\/wp\/v2\/media?parent=7874"}],"wp:term":[{"taxonomy":"category","embeddable":true,"href":"https:\/\/nordnesrepublikken.no\/index.php\/wp-json\/wp\/v2\/categories?post=7874"},{"taxonomy":"post_tag","embeddable":true,"href":"https:\/\/nordnesrepublikken.no\/index.php\/wp-json\/wp\/v2\/tags?post=7874"}],"curies":[{"name":"wp","href":"https:\/\/api.w.org\/{rel}","templated":true}]}}