{"id":7749,"date":"2025-08-01T20:49:29","date_gmt":"2025-08-01T18:49:29","guid":{"rendered":"https:\/\/nordnesrepublikken.no\/index.php\/2025\/08\/01\/ny-hyundai-ioniq-9-priser-og-spesifikasjon\/"},"modified":"2025-08-01T20:49:31","modified_gmt":"2025-08-01T18:49:31","slug":"ny-hyundai-ioniq-9-priser-og-spesifikasjon","status":"publish","type":"post","link":"https:\/\/nordnesrepublikken.no\/index.php\/2025\/08\/01\/ny-hyundai-ioniq-9-priser-og-spesifikasjon\/","title":{"rendered":"Ny Hyundai Ioniq 9 &#8211; Priser og spesifikasjon"},"content":{"rendered":"<p><\/p>\n<div class=\"wordpress-content\">\n                    <!-- Article Start --><\/p>\n<p><strong>Siden debuten tilbake i november 2024 har Hyundais Ioniq 9 Electric SUV v\u00e6rt en av selskapets mest etterlengtede kj\u00f8ret\u00f8y i 2025.<\/strong><\/p>\n<p><span id=\"more-537557\"><\/span><\/p>\n<p>Alle IONIQ 9 -modeller har et 110 kWh -batteri, med et utvalg av lang rekkevidde 218ps RWD, lang rekkevidde 307PS AWD eller 427PS AWD Performance PowerTrains, alle med standard varmepumpe. RWD-modellen med lang rekkevidde tilbyr en bakre motor p\u00e5 160 kW, mens den langdistanse AWD tilf\u00f8rer en 66-kW frontmotor for ekstra ytelse. For maksimal utgang ser Performance AWD-modellene kraftige 157-kW motorer p\u00e5 b\u00e5de for- og bakaksler.<\/p>\n<div class=\"sra_unit\"><link rel=\"stylesheet\" id=\"block-sra\" href=\"https:\/\/euroweeklynews.com\/wp-content\/plugins\/snack-related-articles\/dist\/css\/snack-related.min.css?250312-193541\" type=\"text\/css\" media=\"all\">\n<\/div>\n<p>Performance AWD-modellen akselererer fra 0 til 62 mph p\u00e5 bare 5,2 sekunder, mens den langdistanse AWD-varianten tar 6,7 sekunder. Langdistanse RWD oppn\u00e5r dette p\u00e5 9,4 sekunder. Momentniv\u00e5er p\u00e5 350 nm for lang rekkevidde RWD, 605nm for lang rekkevidde AWD og 700nm for ytelsesmodeller sikrer rask forbikj\u00f8ringsevne og h\u00f8yere hastighetsakselerasjon n\u00e5r det er n\u00f8dvendig.<\/p>\n<p><sup> <\/sup><\/p>\n<p>Med priser som starter fra \u00a3 64.995, har IONIQ 9 PREMIUM 218PS RWD 19 \u201dlegeringshjul, takskinner, LED Cube-projeksjonslykter og LED baklys, automatisk d\u00f8rh\u00e5ndtak, personvernglass og power tailat. Justering og 2-veis korsryggst\u00f8tte, oppvarmede bakseter.<\/p>\n<p>Den ultimate 307Ps AWD bygger fra \u00a3 73.495, og bygger p\u00e5 premiumspesifikasjonen ved \u00e5 legge til 20 \u201dlegeringshjul, kroppsfarget hjulbue med svarte innsatser og panoramisk soltak. Interi\u00f8rspesifikasjon inkluderer l\u00e6roppl\u00f8p, 4-veis lumbarjusteringer til f\u00f8reren og passasjer foran, ventilerte baksetet<sup>Rd<\/sup> rad.<\/p>\n<p>Ultimate Trim legger ogs\u00e5 til to viktige funksjoner; ERGO Motion Driver Seat og Active Noise Control-Road (ANC-R) teknologi. ERGO Motion -f\u00f8rersetet er designet for \u00e5 forbedre komforten og redusere tretthet under kj\u00f8ring gjennom massasjefunksjoner inkludert &laquo;komfortabel strekk&raquo; og &laquo;smart holdningsassistanse&raquo;, som kan n\u00e5s og tilpasses gjennom infotainment -systemet.<\/p>\n<p>Omfangst topping av kalligrafi -modellen starter fra \u00a3 75.795 for 307ps AWD. Kalligrafi-modeller legger til 21 \u201dhjul og fullkroppsfargede hjulbuer, i tillegg til st\u00f8tfanger og sideskj\u00f8rt grafikk. Nappa l\u00e6rbekledning og UVC-steriliseringsbrett. Kalligrafien er ogs\u00e5 tilgjengelig i en 6-seters konfigurasjon med en glidende midtkonsoll og muligheten til \u00e5 rotere 2<sup>nd<\/sup> rad n\u00e5r parkert.<\/p>\n<p>                    <!-- This article has been originally published at https:\/\/euroweeklynews.com\/2025\/07\/31\/new-hyundai-ioniq-9-pricing-and-specification\/ on 31 Jul 2025 at 14:00 by Mark Slack --><br \/>\n                    <!-- Article End -->\n                <\/div>\n","protected":false},"excerpt":{"rendered":"<p>Siden debuten tilbake i november 2024 har Hyundais Ioniq 9 Electric SUV v\u00e6rt en av<\/p>\n","protected":false},"author":1,"featured_media":7750,"comment_status":"closed","ping_status":"open","sticky":false,"template":"","format":"standard","meta":{"footnotes":""},"categories":[105],"tags":[5068,5069,5070,5071],"class_list":["post-7749","post","type-post","status-publish","format-standard","has-post-thumbnail","hentry","category-livsstil","tag-hyundai","tag-ioniq","tag-priser","tag-spesifikasjon","generate-columns","tablet-grid-50","mobile-grid-100","grid-parent","grid-33","resize-featured-image"],"yoast_head":"<!-- This site is optimized with the Yoast SEO plugin v24.4 - https:\/\/yoast.com\/wordpress\/plugins\/seo\/ -->\n<title>Ny Hyundai Ioniq 9 - Priser og spesifikasjon - Nordnesrepublikken<\/title>\n<meta name=\"robots\" content=\"index, follow, max-snippet:-1, max-image-preview:large, max-video-preview:-1\" \/>\n<link rel=\"canonical\" href=\"https:\/\/nordnesrepublikken.no\/index.php\/2025\/08\/01\/ny-hyundai-ioniq-9-priser-og-spesifikasjon\/\" \/>\n<meta property=\"og:locale\" content=\"nb_NO\" \/>\n<meta property=\"og:type\" content=\"article\" \/>\n<meta property=\"og:title\" content=\"Ny Hyundai Ioniq 9 - Priser og spesifikasjon - Nordnesrepublikken\" \/>\n<meta property=\"og:description\" content=\"Siden debuten tilbake i november 2024 har Hyundais Ioniq 9 Electric SUV v\u00e6rt en av\" \/>\n<meta property=\"og:url\" content=\"https:\/\/nordnesrepublikken.no\/index.php\/2025\/08\/01\/ny-hyundai-ioniq-9-priser-og-spesifikasjon\/\" \/>\n<meta property=\"og:site_name\" content=\"Nordnesrepublikken\" \/>\n<meta property=\"article:published_time\" content=\"2025-08-01T18:49:29+00:00\" \/>\n<meta property=\"article:modified_time\" content=\"2025-08-01T18:49:31+00:00\" \/>\n<meta property=\"og:image\" content=\"https:\/\/nordnesrepublikken.no\/wp-content\/uploads\/2025\/08\/1754074170_Ny-Hyundai-Ioniq-9-Priser-og-spesifikasjon.jpg\" \/>\n\t<meta property=\"og:image:width\" content=\"1200\" \/>\n\t<meta property=\"og:image:height\" content=\"789\" \/>\n\t<meta property=\"og:image:type\" content=\"image\/jpeg\" \/>\n<meta name=\"author\" content=\"Ole Andersen\" \/>\n<meta name=\"twitter:card\" content=\"summary_large_image\" \/>\n<meta name=\"twitter:label1\" content=\"Skrevet av\" \/>\n\t<meta name=\"twitter:data1\" content=\"Ole Andersen\" \/>\n\t<meta name=\"twitter:label2\" content=\"Ansl. lesetid\" \/>\n\t<meta name=\"twitter:data2\" content=\"2 minutter\" \/>\n<script type=\"application\/ld+json\" class=\"yoast-schema-graph\">{\"@context\":\"https:\/\/schema.org\",\"@graph\":[{\"@type\":\"Article\",\"@id\":\"https:\/\/nordnesrepublikken.no\/index.php\/2025\/08\/01\/ny-hyundai-ioniq-9-priser-og-spesifikasjon\/#article\",\"isPartOf\":{\"@id\":\"https:\/\/nordnesrepublikken.no\/index.php\/2025\/08\/01\/ny-hyundai-ioniq-9-priser-og-spesifikasjon\/\"},\"author\":{\"name\":\"Ole Andersen\",\"@id\":\"https:\/\/nordnesrepublikken.no\/#\/schema\/person\/2e7e81935bab77882fffb79296240ff1\"},\"headline\":\"Ny Hyundai Ioniq 9 &#8211; Priser og spesifikasjon\",\"datePublished\":\"2025-08-01T18:49:29+00:00\",\"dateModified\":\"2025-08-01T18:49:31+00:00\",\"mainEntityOfPage\":{\"@id\":\"https:\/\/nordnesrepublikken.no\/index.php\/2025\/08\/01\/ny-hyundai-ioniq-9-priser-og-spesifikasjon\/\"},\"wordCount\":319,\"publisher\":{\"@id\":\"https:\/\/nordnesrepublikken.no\/#organization\"},\"image\":{\"@id\":\"https:\/\/nordnesrepublikken.no\/index.php\/2025\/08\/01\/ny-hyundai-ioniq-9-priser-og-spesifikasjon\/#primaryimage\"},\"thumbnailUrl\":\"https:\/\/nordnesrepublikken.no\/wp-content\/uploads\/2025\/08\/1754074170_Ny-Hyundai-Ioniq-9-Priser-og-spesifikasjon.jpg\",\"keywords\":[\"Hyundai\",\"Ioniq\",\"Priser\",\"spesifikasjon\"],\"articleSection\":[\"Livsstil\"],\"inLanguage\":\"nb-NO\"},{\"@type\":\"WebPage\",\"@id\":\"https:\/\/nordnesrepublikken.no\/index.php\/2025\/08\/01\/ny-hyundai-ioniq-9-priser-og-spesifikasjon\/\",\"url\":\"https:\/\/nordnesrepublikken.no\/index.php\/2025\/08\/01\/ny-hyundai-ioniq-9-priser-og-spesifikasjon\/\",\"name\":\"Ny Hyundai Ioniq 9 - Priser og spesifikasjon - Nordnesrepublikken\",\"isPartOf\":{\"@id\":\"https:\/\/nordnesrepublikken.no\/#website\"},\"primaryImageOfPage\":{\"@id\":\"https:\/\/nordnesrepublikken.no\/index.php\/2025\/08\/01\/ny-hyundai-ioniq-9-priser-og-spesifikasjon\/#primaryimage\"},\"image\":{\"@id\":\"https:\/\/nordnesrepublikken.no\/index.php\/2025\/08\/01\/ny-hyundai-ioniq-9-priser-og-spesifikasjon\/#primaryimage\"},\"thumbnailUrl\":\"https:\/\/nordnesrepublikken.no\/wp-content\/uploads\/2025\/08\/1754074170_Ny-Hyundai-Ioniq-9-Priser-og-spesifikasjon.jpg\",\"datePublished\":\"2025-08-01T18:49:29+00:00\",\"dateModified\":\"2025-08-01T18:49:31+00:00\",\"breadcrumb\":{\"@id\":\"https:\/\/nordnesrepublikken.no\/index.php\/2025\/08\/01\/ny-hyundai-ioniq-9-priser-og-spesifikasjon\/#breadcrumb\"},\"inLanguage\":\"nb-NO\",\"potentialAction\":[{\"@type\":\"ReadAction\",\"target\":[\"https:\/\/nordnesrepublikken.no\/index.php\/2025\/08\/01\/ny-hyundai-ioniq-9-priser-og-spesifikasjon\/\"]}]},{\"@type\":\"ImageObject\",\"inLanguage\":\"nb-NO\",\"@id\":\"https:\/\/nordnesrepublikken.no\/index.php\/2025\/08\/01\/ny-hyundai-ioniq-9-priser-og-spesifikasjon\/#primaryimage\",\"url\":\"https:\/\/nordnesrepublikken.no\/wp-content\/uploads\/2025\/08\/1754074170_Ny-Hyundai-Ioniq-9-Priser-og-spesifikasjon.jpg\",\"contentUrl\":\"https:\/\/nordnesrepublikken.no\/wp-content\/uploads\/2025\/08\/1754074170_Ny-Hyundai-Ioniq-9-Priser-og-spesifikasjon.jpg\",\"width\":1200,\"height\":789,\"caption\":\"Ny Hyundai Ioniq 9 - Priser og spesifikasjon\"},{\"@type\":\"BreadcrumbList\",\"@id\":\"https:\/\/nordnesrepublikken.no\/index.php\/2025\/08\/01\/ny-hyundai-ioniq-9-priser-og-spesifikasjon\/#breadcrumb\",\"itemListElement\":[{\"@type\":\"ListItem\",\"position\":1,\"name\":\"Home\",\"item\":\"https:\/\/nordnesrepublikken.no\/\"},{\"@type\":\"ListItem\",\"position\":2,\"name\":\"Ny Hyundai Ioniq 9 &#8211; Priser og spesifikasjon\"}]},{\"@type\":\"WebSite\",\"@id\":\"https:\/\/nordnesrepublikken.no\/#website\",\"url\":\"https:\/\/nordnesrepublikken.no\/\",\"name\":\"Nordnesrepublikken\",\"description\":\"Stemmer og Visjoner fra Republikkens Hjerte\",\"publisher\":{\"@id\":\"https:\/\/nordnesrepublikken.no\/#organization\"},\"potentialAction\":[{\"@type\":\"SearchAction\",\"target\":{\"@type\":\"EntryPoint\",\"urlTemplate\":\"https:\/\/nordnesrepublikken.no\/?s={search_term_string}\"},\"query-input\":{\"@type\":\"PropertyValueSpecification\",\"valueRequired\":true,\"valueName\":\"search_term_string\"}}],\"inLanguage\":\"nb-NO\"},{\"@type\":\"Organization\",\"@id\":\"https:\/\/nordnesrepublikken.no\/#organization\",\"name\":\"Nordnesrepublikken\",\"url\":\"https:\/\/nordnesrepublikken.no\/\",\"logo\":{\"@type\":\"ImageObject\",\"inLanguage\":\"nb-NO\",\"@id\":\"https:\/\/nordnesrepublikken.no\/#\/schema\/logo\/image\/\",\"url\":\"https:\/\/nordnesrepublikken.no\/wp-content\/uploads\/2025\/02\/cropped-nordnesrepublikken-2.png\",\"contentUrl\":\"https:\/\/nordnesrepublikken.no\/wp-content\/uploads\/2025\/02\/cropped-nordnesrepublikken-2.png\",\"width\":1248,\"height\":362,\"caption\":\"Nordnesrepublikken\"},\"image\":{\"@id\":\"https:\/\/nordnesrepublikken.no\/#\/schema\/logo\/image\/\"}},{\"@type\":\"Person\",\"@id\":\"https:\/\/nordnesrepublikken.no\/#\/schema\/person\/2e7e81935bab77882fffb79296240ff1\",\"name\":\"Ole Andersen\",\"image\":{\"@type\":\"ImageObject\",\"inLanguage\":\"nb-NO\",\"@id\":\"https:\/\/nordnesrepublikken.no\/#\/schema\/person\/image\/\",\"url\":\"https:\/\/nordnesrepublikken.no\/wp-content\/uploads\/2025\/02\/nordnesrepublikken-2-2-150x150.jpg\",\"contentUrl\":\"https:\/\/nordnesrepublikken.no\/wp-content\/uploads\/2025\/02\/nordnesrepublikken-2-2-150x150.jpg\",\"caption\":\"Ole Andersen\"},\"description\":\"Ettersom jeg vokste opp i Oslo, har jeg alltid v\u00e6rt fascinert av ordenes kraft og deres evne til \u00e5 skape endringer. Etter \u00e5 ha fullf\u00f8rt min utdannelse i kommunikasjon ved Universitetet i Bergen, fikk jeg muligheten til \u00e5 jobbe innen ulike medier, der jeg har s\u00f8kt \u00e5 belyse viktige samfunnssp\u00f8rsm\u00e5l. I dag, som redakt\u00f8r for Nordnesrepublikken, pr\u00f8ver jeg \u00e5 forene min kj\u00e6rlighet for journalistikk med min lidenskap for innovasjon og eventyr.\",\"sameAs\":[\"https:\/\/nordnesrepublikken.no\/\"]}]}<\/script>\n<!-- \/ Yoast SEO plugin. -->","yoast_head_json":{"title":"Ny Hyundai Ioniq 9 - Priser og spesifikasjon - Nordnesrepublikken","robots":{"index":"index","follow":"follow","max-snippet":"max-snippet:-1","max-image-preview":"max-image-preview:large","max-video-preview":"max-video-preview:-1"},"canonical":"https:\/\/nordnesrepublikken.no\/index.php\/2025\/08\/01\/ny-hyundai-ioniq-9-priser-og-spesifikasjon\/","og_locale":"nb_NO","og_type":"article","og_title":"Ny Hyundai Ioniq 9 - Priser og spesifikasjon - Nordnesrepublikken","og_description":"Siden debuten tilbake i november 2024 har Hyundais Ioniq 9 Electric SUV v\u00e6rt en av","og_url":"https:\/\/nordnesrepublikken.no\/index.php\/2025\/08\/01\/ny-hyundai-ioniq-9-priser-og-spesifikasjon\/","og_site_name":"Nordnesrepublikken","article_published_time":"2025-08-01T18:49:29+00:00","article_modified_time":"2025-08-01T18:49:31+00:00","og_image":[{"width":1200,"height":789,"url":"https:\/\/nordnesrepublikken.no\/wp-content\/uploads\/2025\/08\/1754074170_Ny-Hyundai-Ioniq-9-Priser-og-spesifikasjon.jpg","type":"image\/jpeg"}],"author":"Ole Andersen","twitter_card":"summary_large_image","twitter_misc":{"Skrevet av":"Ole Andersen","Ansl. lesetid":"2 minutter"},"schema":{"@context":"https:\/\/schema.org","@graph":[{"@type":"Article","@id":"https:\/\/nordnesrepublikken.no\/index.php\/2025\/08\/01\/ny-hyundai-ioniq-9-priser-og-spesifikasjon\/#article","isPartOf":{"@id":"https:\/\/nordnesrepublikken.no\/index.php\/2025\/08\/01\/ny-hyundai-ioniq-9-priser-og-spesifikasjon\/"},"author":{"name":"Ole Andersen","@id":"https:\/\/nordnesrepublikken.no\/#\/schema\/person\/2e7e81935bab77882fffb79296240ff1"},"headline":"Ny Hyundai Ioniq 9 &#8211; Priser og spesifikasjon","datePublished":"2025-08-01T18:49:29+00:00","dateModified":"2025-08-01T18:49:31+00:00","mainEntityOfPage":{"@id":"https:\/\/nordnesrepublikken.no\/index.php\/2025\/08\/01\/ny-hyundai-ioniq-9-priser-og-spesifikasjon\/"},"wordCount":319,"publisher":{"@id":"https:\/\/nordnesrepublikken.no\/#organization"},"image":{"@id":"https:\/\/nordnesrepublikken.no\/index.php\/2025\/08\/01\/ny-hyundai-ioniq-9-priser-og-spesifikasjon\/#primaryimage"},"thumbnailUrl":"https:\/\/nordnesrepublikken.no\/wp-content\/uploads\/2025\/08\/1754074170_Ny-Hyundai-Ioniq-9-Priser-og-spesifikasjon.jpg","keywords":["Hyundai","Ioniq","Priser","spesifikasjon"],"articleSection":["Livsstil"],"inLanguage":"nb-NO"},{"@type":"WebPage","@id":"https:\/\/nordnesrepublikken.no\/index.php\/2025\/08\/01\/ny-hyundai-ioniq-9-priser-og-spesifikasjon\/","url":"https:\/\/nordnesrepublikken.no\/index.php\/2025\/08\/01\/ny-hyundai-ioniq-9-priser-og-spesifikasjon\/","name":"Ny Hyundai Ioniq 9 - Priser og spesifikasjon - Nordnesrepublikken","isPartOf":{"@id":"https:\/\/nordnesrepublikken.no\/#website"},"primaryImageOfPage":{"@id":"https:\/\/nordnesrepublikken.no\/index.php\/2025\/08\/01\/ny-hyundai-ioniq-9-priser-og-spesifikasjon\/#primaryimage"},"image":{"@id":"https:\/\/nordnesrepublikken.no\/index.php\/2025\/08\/01\/ny-hyundai-ioniq-9-priser-og-spesifikasjon\/#primaryimage"},"thumbnailUrl":"https:\/\/nordnesrepublikken.no\/wp-content\/uploads\/2025\/08\/1754074170_Ny-Hyundai-Ioniq-9-Priser-og-spesifikasjon.jpg","datePublished":"2025-08-01T18:49:29+00:00","dateModified":"2025-08-01T18:49:31+00:00","breadcrumb":{"@id":"https:\/\/nordnesrepublikken.no\/index.php\/2025\/08\/01\/ny-hyundai-ioniq-9-priser-og-spesifikasjon\/#breadcrumb"},"inLanguage":"nb-NO","potentialAction":[{"@type":"ReadAction","target":["https:\/\/nordnesrepublikken.no\/index.php\/2025\/08\/01\/ny-hyundai-ioniq-9-priser-og-spesifikasjon\/"]}]},{"@type":"ImageObject","inLanguage":"nb-NO","@id":"https:\/\/nordnesrepublikken.no\/index.php\/2025\/08\/01\/ny-hyundai-ioniq-9-priser-og-spesifikasjon\/#primaryimage","url":"https:\/\/nordnesrepublikken.no\/wp-content\/uploads\/2025\/08\/1754074170_Ny-Hyundai-Ioniq-9-Priser-og-spesifikasjon.jpg","contentUrl":"https:\/\/nordnesrepublikken.no\/wp-content\/uploads\/2025\/08\/1754074170_Ny-Hyundai-Ioniq-9-Priser-og-spesifikasjon.jpg","width":1200,"height":789,"caption":"Ny Hyundai Ioniq 9 - Priser og spesifikasjon"},{"@type":"BreadcrumbList","@id":"https:\/\/nordnesrepublikken.no\/index.php\/2025\/08\/01\/ny-hyundai-ioniq-9-priser-og-spesifikasjon\/#breadcrumb","itemListElement":[{"@type":"ListItem","position":1,"name":"Home","item":"https:\/\/nordnesrepublikken.no\/"},{"@type":"ListItem","position":2,"name":"Ny Hyundai Ioniq 9 &#8211; Priser og spesifikasjon"}]},{"@type":"WebSite","@id":"https:\/\/nordnesrepublikken.no\/#website","url":"https:\/\/nordnesrepublikken.no\/","name":"Nordnesrepublikken","description":"Stemmer og Visjoner fra Republikkens Hjerte","publisher":{"@id":"https:\/\/nordnesrepublikken.no\/#organization"},"potentialAction":[{"@type":"SearchAction","target":{"@type":"EntryPoint","urlTemplate":"https:\/\/nordnesrepublikken.no\/?s={search_term_string}"},"query-input":{"@type":"PropertyValueSpecification","valueRequired":true,"valueName":"search_term_string"}}],"inLanguage":"nb-NO"},{"@type":"Organization","@id":"https:\/\/nordnesrepublikken.no\/#organization","name":"Nordnesrepublikken","url":"https:\/\/nordnesrepublikken.no\/","logo":{"@type":"ImageObject","inLanguage":"nb-NO","@id":"https:\/\/nordnesrepublikken.no\/#\/schema\/logo\/image\/","url":"https:\/\/nordnesrepublikken.no\/wp-content\/uploads\/2025\/02\/cropped-nordnesrepublikken-2.png","contentUrl":"https:\/\/nordnesrepublikken.no\/wp-content\/uploads\/2025\/02\/cropped-nordnesrepublikken-2.png","width":1248,"height":362,"caption":"Nordnesrepublikken"},"image":{"@id":"https:\/\/nordnesrepublikken.no\/#\/schema\/logo\/image\/"}},{"@type":"Person","@id":"https:\/\/nordnesrepublikken.no\/#\/schema\/person\/2e7e81935bab77882fffb79296240ff1","name":"Ole Andersen","image":{"@type":"ImageObject","inLanguage":"nb-NO","@id":"https:\/\/nordnesrepublikken.no\/#\/schema\/person\/image\/","url":"https:\/\/nordnesrepublikken.no\/wp-content\/uploads\/2025\/02\/nordnesrepublikken-2-2-150x150.jpg","contentUrl":"https:\/\/nordnesrepublikken.no\/wp-content\/uploads\/2025\/02\/nordnesrepublikken-2-2-150x150.jpg","caption":"Ole Andersen"},"description":"Ettersom jeg vokste opp i Oslo, har jeg alltid v\u00e6rt fascinert av ordenes kraft og deres evne til \u00e5 skape endringer. Etter \u00e5 ha fullf\u00f8rt min utdannelse i kommunikasjon ved Universitetet i Bergen, fikk jeg muligheten til \u00e5 jobbe innen ulike medier, der jeg har s\u00f8kt \u00e5 belyse viktige samfunnssp\u00f8rsm\u00e5l. I dag, som redakt\u00f8r for Nordnesrepublikken, pr\u00f8ver jeg \u00e5 forene min kj\u00e6rlighet for journalistikk med min lidenskap for innovasjon og eventyr.","sameAs":["https:\/\/nordnesrepublikken.no\/"]}]}},"_links":{"self":[{"href":"https:\/\/nordnesrepublikken.no\/index.php\/wp-json\/wp\/v2\/posts\/7749","targetHints":{"allow":["GET"]}}],"collection":[{"href":"https:\/\/nordnesrepublikken.no\/index.php\/wp-json\/wp\/v2\/posts"}],"about":[{"href":"https:\/\/nordnesrepublikken.no\/index.php\/wp-json\/wp\/v2\/types\/post"}],"author":[{"embeddable":true,"href":"https:\/\/nordnesrepublikken.no\/index.php\/wp-json\/wp\/v2\/users\/1"}],"replies":[{"embeddable":true,"href":"https:\/\/nordnesrepublikken.no\/index.php\/wp-json\/wp\/v2\/comments?post=7749"}],"version-history":[{"count":1,"href":"https:\/\/nordnesrepublikken.no\/index.php\/wp-json\/wp\/v2\/posts\/7749\/revisions"}],"predecessor-version":[{"id":7751,"href":"https:\/\/nordnesrepublikken.no\/index.php\/wp-json\/wp\/v2\/posts\/7749\/revisions\/7751"}],"wp:featuredmedia":[{"embeddable":true,"href":"https:\/\/nordnesrepublikken.no\/index.php\/wp-json\/wp\/v2\/media\/7750"}],"wp:attachment":[{"href":"https:\/\/nordnesrepublikken.no\/index.php\/wp-json\/wp\/v2\/media?parent=7749"}],"wp:term":[{"taxonomy":"category","embeddable":true,"href":"https:\/\/nordnesrepublikken.no\/index.php\/wp-json\/wp\/v2\/categories?post=7749"},{"taxonomy":"post_tag","embeddable":true,"href":"https:\/\/nordnesrepublikken.no\/index.php\/wp-json\/wp\/v2\/tags?post=7749"}],"curies":[{"name":"wp","href":"https:\/\/api.w.org\/{rel}","templated":true}]}}