{"id":7734,"date":"2025-08-01T11:49:33","date_gmt":"2025-08-01T09:49:33","guid":{"rendered":"https:\/\/nordnesrepublikken.no\/index.php\/2025\/08\/01\/fordi-en-tsunami-til-og-med-en-meter-anses-som-ekstremt-farlig\/"},"modified":"2025-08-01T11:49:37","modified_gmt":"2025-08-01T09:49:37","slug":"fordi-en-tsunami-til-og-med-en-meter-anses-som-ekstremt-farlig","status":"publish","type":"post","link":"https:\/\/nordnesrepublikken.no\/index.php\/2025\/08\/01\/fordi-en-tsunami-til-og-med-en-meter-anses-som-ekstremt-farlig\/","title":{"rendered":"Fordi en tsunami til og med en meter anses som ekstremt farlig"},"content":{"rendered":"<div>\n<div class=\"cp_wrapper cp_wrapper--fw mb-30 mb-20@tablet\">\n<figure class=\"mm\"><picture class=\"img\" style=\"padding-top:56.25%\"><source  media=\"(min-width: 1024px)\"><source  media=\"(min-width: 768px)\"><\/source><\/source><\/picture><\/figure>\n<\/p><\/div>\n<p>I den kollektive fantasien, <strong>tsunami<\/strong> De er ofte representert som <strong>gigantiske b\u00f8lger<\/strong> Det over broer og skyskrapere. I noen Hollywood -filmer blir fremstilt som imponerende <strong>vegger<\/strong> <strong>vann<\/strong>h\u00f8yt utover <strong>100<\/strong> <strong>meter<\/strong>som voldsomt er flyktet p\u00e5 USAs metropoler. I virkeligheten, utover noen f\u00e5 unntak, n\u00e5r tsunamib\u00f8lger generelt lavere enn<strong> 10 fot<\/strong> N\u00e6r kysten, enda lavere p\u00e5 h\u00f8yden av de vanlige marine b\u00f8lgene. Disse dimensjonene virker kanskje ikke mye, men bare tenk at til og med en b\u00f8lge av tsunami h\u00f8yt alene <strong>1 meter<\/strong> Det kan v\u00e6re potensielt <strong>d\u00f8delig<\/strong> for den bosatte befolkningen i kystomr\u00e5der. Men s\u00e5, hvis det ikke er h\u00f8yden p\u00e5 b\u00f8lgen, hva gj\u00f8r tsunami s\u00e5 farlig?<\/p>\n<h2>Tsunamien er ikke bare en veldig h\u00f8y b\u00f8lge<\/h2>\n<p>B\u00e5de tsunami og marine b\u00f8lger er faktisk av <strong>b\u00f8lge<\/strong> Og som s\u00e5dan deler de den samme grunnleggende anatomi. Begge typer har en <strong>Crest<\/strong>det vil si den h\u00f8yeste delen av b\u00f8lgen, og en <strong>mage<\/strong>det vil si den laveste delen. Avstanden mellom to p\u00e5f\u00f8lgende rygger (eller to vind) tar navnet p\u00e5 <strong>b\u00f8lgelengde<\/strong>mens<strong>b\u00f8lgeh\u00f8yde<\/strong> Det er definert av den vertikale avstanden mellom m\u00f8net og magen. Imidlertid oppf\u00f8rer tsunamien seg og forplanter seg p\u00e5 en veldig annen m\u00e5te enn i marine b\u00f8lger, de er disse b\u00f8lgene &laquo;<strong>Godt v\u00e6r<\/strong>&laquo;Eller&raquo;<strong>Stormb\u00f8lger<\/strong>&laquo;.<\/p>\n<div class=\"cp_wrapper cp_wrapper--fw mb-50\">\n<figure class=\"mm\"><picture class=\"img\" style=\"padding-top:71.468926553672%\"><source  media=\"(min-width: 1024px)\"><source  media=\"(min-width: 768px)\"><img decoding=\"async\" loading=\"lazy\" src=\"https:\/\/nordnesrepublikken.no\/wp-content\/uploads\/2025\/08\/Fordi-en-tsunami-til-og-med-en-meter-anses-som.jpeg\" alt=\"En landsby n\u00e6r Sumatra -kysten \u00f8delagt av tsunamien i 2005. Kreditt: Wikimedia Commons.\" width=\"1062\" height=\"759\"><\/source><\/source><\/picture><\/figure>\n<\/p><\/div>\n<p>Marine b\u00f8lger, produsert av <strong>vind<\/strong>forplante seg i delen mer <strong>overfladisk<\/strong> av vanns\u00f8ylen med en hastighet mellom<strong> 8 og 100 km\/t<\/strong> og har en b\u00f8lgelengde som generelt ikke overstiger <strong>180 meter.<\/strong> De <strong>periode<\/strong>det vil si at tiden mellom to p\u00e5f\u00f8lgende b\u00f8lger normalt er mindre enn minutt. Tvert imot, tsunamien involverer et betydelig st\u00f8rre volum av vann og spredt langs<strong>hele vanns\u00f8ylen<\/strong>fra overflaten til den oseaniske bunnen. B\u00f8lgelengden deres kan overstige <strong>500-1000 km<\/strong>mens b\u00f8lgenes periode kan variere fra <strong>5 minutter til over 2 timer<\/strong>. Generelt, jo st\u00f8rre b\u00f8lgelengde, jo st\u00f8rre er volumet av vann som er involvert og f\u00f8lgelig energien som ble transportert.<\/p>\n<p>Tsunamien beveger seg derfor i stor hastighet. Deres hastighet avhenger hovedsakelig p\u00e5 <strong>Dybden p\u00e5 havbunnen<\/strong>: Jo dypere havbunnen, jo st\u00f8rre er hastigheten. I det \u00e5pne havet kan en tsunami bevege seg utover <strong>800 km\/t<\/strong> og krysse et helt hav p\u00e5 mindre enn en dag. P\u00e5 grunn av den enorme b\u00f8lgelengden og lave h\u00f8yden er imidlertid tsunamien nesten <strong>umerkelig<\/strong> <strong>i<\/strong> <strong>sj\u00f8<\/strong> <strong>\u00e5pne<\/strong> hvor paradoksalt nok en b\u00f8lge av h\u00f8y storm selv utover <strong>9 meter<\/strong> Det virker mye mer truende.<\/p>\n<h2><strong>Tsunami -transformasjon langs kysten<\/strong><\/h2>\n<p>B\u00f8lgene av tsunami utvikler seg drastisk <strong>n\u00e6r kysten<\/strong> der den reduserte dybden p\u00e5 havbunnen for\u00e5rsaker en progressiv <strong>avmatning<\/strong>opp til hastigheter ofte lavere enn <strong>50 km\/t.<\/strong> Bakende, b\u00f8lgelengden forkortes, slik at halen til tsunamien (fremdeles i rask bevegelse) n\u00e5r m\u00f8net. P\u00e5 dette tidspunktet,<strong>Kinetisk energi<\/strong> transportert til det \u00f8yeblikket av tsunamien blir forvandlet til <strong>potensiell energi<\/strong>f\u00e5r b\u00f8lgen til \u00e5 vokse inn <strong>h\u00f8yde<\/strong>. Maksimal h\u00f8yde n\u00e5dd med en tsunami langs kysten er definert <em><strong>Runup<\/strong><\/em>. I de fleste tilfeller som er registrert, overskrider ikke oppkj\u00f8ringen i <strong>tre meter<\/strong>med unntak av noen tsunami og mega tsunami der b\u00f8lgene har g\u00e5tt i <strong>15 meter<\/strong>. For eksempel tsunamien som i <strong>2004<\/strong> Han slo kysten av<strong>Indonesia<\/strong> n\u00e5dde en maksimal h\u00f8yde p\u00e5 <strong>14 meter.<\/strong><\/p>\n<div class=\"cp_wrapper cp_wrapper--fw mb-50\">\n<figure class=\"mm\"><picture class=\"img\" style=\"padding-top:50.756901157614%\"><source  media=\"(min-width: 1024px)\"><source  media=\"(min-width: 768px)\"><img decoding=\"async\" loading=\"lazy\" src=\"https:\/\/nordnesrepublikken.no\/wp-content\/uploads\/2025\/08\/1754041773_522_Fordi-en-tsunami-til-og-med-en-meter-anses-som.jpg\" alt=\"Bilde\" width=\"1123\" height=\"570\" class=\"js-seedtag-img\"><\/source><\/source><\/picture><\/figure>\n<\/p><\/div>\n<p>I motsetning til vanlige marine b\u00f8lger, som p\u00e5 grunn av deres relativt korte b\u00f8lgelengde, raskt l\u00f8fter n\u00e5r de m\u00f8ter lavt havbunn, sitter i kysten i den klassiske buede formen &#8211;<strong>Surfb\u00f8lge<\/strong>for \u00e5 v\u00e6re tydelig &#8211; ved \u00e5 spre energien like raskt, presenterer tsunamien seg som <strong>Veldig sterke tidevann<\/strong>, <strong>flom<\/strong> eller <strong>Ekte vannvegger<\/strong>og blir bare sjelden til imponerende b\u00f8lger. Siden energien deres ikke blir brukt umiddelbart langs kysten, kan b\u00f8lgen imidlertid trenge dypt i innlandet og helle energien i hjem, infrastruktur og mennesker. Dermed er en tsunami bare en meter mer enn nok til \u00e5 skade bygninger, overvelde strukturer og for\u00e5rsake ofre. Faktisk ligger den reelle faren for tsunami ikke b\u00f8lgeh\u00f8yden, som i n\u00e6rv\u00e6r av sterke str\u00f8mmer, i h\u00f8ye hastigheter og i de store mengdene transporterte rusk. Hvis du er p\u00e5virket av en b\u00f8lge av tsunami h\u00f8y, selv til kneet forble st\u00e5ende er nesten umulig, og risikoen for \u00e5 bli overveldet eller p\u00e5virket av drivende objekter er ekstremt h\u00f8y, med veldig h\u00f8ye sjanser for fatale konsekvenser.<\/p>\n<\/p><\/div>\n","protected":false},"excerpt":{"rendered":"<p>I den kollektive fantasien, tsunami De er ofte representert som gigantiske b\u00f8lger Det over broer<\/p>\n","protected":false},"author":1,"featured_media":7735,"comment_status":"closed","ping_status":"open","sticky":false,"template":"","format":"standard","meta":{"footnotes":""},"categories":[26],"tags":[5057,5058,400,83,79,312,31,117,4617],"class_list":["post-7734","post","type-post","status-publish","format-standard","has-post-thumbnail","hentry","category-miljo","tag-anses","tag-ekstremt","tag-farlig","tag-fordi","tag-med","tag-meter","tag-som","tag-til","tag-tsunami","generate-columns","tablet-grid-50","mobile-grid-100","grid-parent","grid-33","resize-featured-image"],"yoast_head":"<!-- This site is optimized with the Yoast SEO plugin v24.4 - https:\/\/yoast.com\/wordpress\/plugins\/seo\/ -->\n<title>Fordi en tsunami til og med en meter anses som ekstremt farlig - Nordnesrepublikken<\/title>\n<meta name=\"robots\" content=\"index, follow, max-snippet:-1, max-image-preview:large, max-video-preview:-1\" \/>\n<link rel=\"canonical\" href=\"https:\/\/nordnesrepublikken.no\/index.php\/2025\/08\/01\/fordi-en-tsunami-til-og-med-en-meter-anses-som-ekstremt-farlig\/\" \/>\n<meta property=\"og:locale\" content=\"nb_NO\" \/>\n<meta property=\"og:type\" content=\"article\" \/>\n<meta property=\"og:title\" content=\"Fordi en tsunami til og med en meter anses som ekstremt farlig - Nordnesrepublikken\" \/>\n<meta property=\"og:description\" content=\"I den kollektive fantasien, tsunami De er ofte representert som gigantiske b\u00f8lger Det over broer\" \/>\n<meta property=\"og:url\" content=\"https:\/\/nordnesrepublikken.no\/index.php\/2025\/08\/01\/fordi-en-tsunami-til-og-med-en-meter-anses-som-ekstremt-farlig\/\" \/>\n<meta property=\"og:site_name\" content=\"Nordnesrepublikken\" \/>\n<meta property=\"article:published_time\" content=\"2025-08-01T09:49:33+00:00\" \/>\n<meta property=\"article:modified_time\" content=\"2025-08-01T09:49:37+00:00\" \/>\n<meta property=\"og:image\" content=\"https:\/\/nordnesrepublikken.no\/wp-content\/uploads\/2025\/08\/1754041773_Fordi-en-tsunami-til-og-med-en-meter-anses-som.jpg\" \/>\n\t<meta property=\"og:image:width\" content=\"2549\" \/>\n\t<meta property=\"og:image:height\" content=\"1491\" \/>\n\t<meta property=\"og:image:type\" content=\"image\/jpeg\" \/>\n<meta name=\"author\" content=\"Ole Andersen\" \/>\n<meta name=\"twitter:card\" content=\"summary_large_image\" \/>\n<meta name=\"twitter:label1\" content=\"Skrevet av\" \/>\n\t<meta name=\"twitter:data1\" content=\"Ole Andersen\" \/>\n\t<meta name=\"twitter:label2\" content=\"Ansl. lesetid\" \/>\n\t<meta name=\"twitter:data2\" content=\"4 minutter\" \/>\n<script type=\"application\/ld+json\" class=\"yoast-schema-graph\">{\"@context\":\"https:\/\/schema.org\",\"@graph\":[{\"@type\":\"Article\",\"@id\":\"https:\/\/nordnesrepublikken.no\/index.php\/2025\/08\/01\/fordi-en-tsunami-til-og-med-en-meter-anses-som-ekstremt-farlig\/#article\",\"isPartOf\":{\"@id\":\"https:\/\/nordnesrepublikken.no\/index.php\/2025\/08\/01\/fordi-en-tsunami-til-og-med-en-meter-anses-som-ekstremt-farlig\/\"},\"author\":{\"name\":\"Ole Andersen\",\"@id\":\"https:\/\/nordnesrepublikken.no\/#\/schema\/person\/2e7e81935bab77882fffb79296240ff1\"},\"headline\":\"Fordi en tsunami til og med en meter anses som ekstremt farlig\",\"datePublished\":\"2025-08-01T09:49:33+00:00\",\"dateModified\":\"2025-08-01T09:49:37+00:00\",\"mainEntityOfPage\":{\"@id\":\"https:\/\/nordnesrepublikken.no\/index.php\/2025\/08\/01\/fordi-en-tsunami-til-og-med-en-meter-anses-som-ekstremt-farlig\/\"},\"wordCount\":750,\"publisher\":{\"@id\":\"https:\/\/nordnesrepublikken.no\/#organization\"},\"image\":{\"@id\":\"https:\/\/nordnesrepublikken.no\/index.php\/2025\/08\/01\/fordi-en-tsunami-til-og-med-en-meter-anses-som-ekstremt-farlig\/#primaryimage\"},\"thumbnailUrl\":\"https:\/\/nordnesrepublikken.no\/wp-content\/uploads\/2025\/08\/1754041773_Fordi-en-tsunami-til-og-med-en-meter-anses-som.jpg\",\"keywords\":[\"anses\",\"ekstremt\",\"farlig\",\"Fordi\",\"med\",\"meter\",\"som\",\"til\",\"Tsunami\"],\"articleSection\":[\"Milj\u00f8\"],\"inLanguage\":\"nb-NO\"},{\"@type\":\"WebPage\",\"@id\":\"https:\/\/nordnesrepublikken.no\/index.php\/2025\/08\/01\/fordi-en-tsunami-til-og-med-en-meter-anses-som-ekstremt-farlig\/\",\"url\":\"https:\/\/nordnesrepublikken.no\/index.php\/2025\/08\/01\/fordi-en-tsunami-til-og-med-en-meter-anses-som-ekstremt-farlig\/\",\"name\":\"Fordi en tsunami til og med en meter anses som ekstremt farlig - Nordnesrepublikken\",\"isPartOf\":{\"@id\":\"https:\/\/nordnesrepublikken.no\/#website\"},\"primaryImageOfPage\":{\"@id\":\"https:\/\/nordnesrepublikken.no\/index.php\/2025\/08\/01\/fordi-en-tsunami-til-og-med-en-meter-anses-som-ekstremt-farlig\/#primaryimage\"},\"image\":{\"@id\":\"https:\/\/nordnesrepublikken.no\/index.php\/2025\/08\/01\/fordi-en-tsunami-til-og-med-en-meter-anses-som-ekstremt-farlig\/#primaryimage\"},\"thumbnailUrl\":\"https:\/\/nordnesrepublikken.no\/wp-content\/uploads\/2025\/08\/1754041773_Fordi-en-tsunami-til-og-med-en-meter-anses-som.jpg\",\"datePublished\":\"2025-08-01T09:49:33+00:00\",\"dateModified\":\"2025-08-01T09:49:37+00:00\",\"breadcrumb\":{\"@id\":\"https:\/\/nordnesrepublikken.no\/index.php\/2025\/08\/01\/fordi-en-tsunami-til-og-med-en-meter-anses-som-ekstremt-farlig\/#breadcrumb\"},\"inLanguage\":\"nb-NO\",\"potentialAction\":[{\"@type\":\"ReadAction\",\"target\":[\"https:\/\/nordnesrepublikken.no\/index.php\/2025\/08\/01\/fordi-en-tsunami-til-og-med-en-meter-anses-som-ekstremt-farlig\/\"]}]},{\"@type\":\"ImageObject\",\"inLanguage\":\"nb-NO\",\"@id\":\"https:\/\/nordnesrepublikken.no\/index.php\/2025\/08\/01\/fordi-en-tsunami-til-og-med-en-meter-anses-som-ekstremt-farlig\/#primaryimage\",\"url\":\"https:\/\/nordnesrepublikken.no\/wp-content\/uploads\/2025\/08\/1754041773_Fordi-en-tsunami-til-og-med-en-meter-anses-som.jpg\",\"contentUrl\":\"https:\/\/nordnesrepublikken.no\/wp-content\/uploads\/2025\/08\/1754041773_Fordi-en-tsunami-til-og-med-en-meter-anses-som.jpg\",\"width\":2549,\"height\":1491,\"caption\":\"Immagine\"},{\"@type\":\"BreadcrumbList\",\"@id\":\"https:\/\/nordnesrepublikken.no\/index.php\/2025\/08\/01\/fordi-en-tsunami-til-og-med-en-meter-anses-som-ekstremt-farlig\/#breadcrumb\",\"itemListElement\":[{\"@type\":\"ListItem\",\"position\":1,\"name\":\"Home\",\"item\":\"https:\/\/nordnesrepublikken.no\/\"},{\"@type\":\"ListItem\",\"position\":2,\"name\":\"Fordi en tsunami til og med en meter anses som ekstremt farlig\"}]},{\"@type\":\"WebSite\",\"@id\":\"https:\/\/nordnesrepublikken.no\/#website\",\"url\":\"https:\/\/nordnesrepublikken.no\/\",\"name\":\"Nordnesrepublikken\",\"description\":\"Stemmer og Visjoner fra Republikkens Hjerte\",\"publisher\":{\"@id\":\"https:\/\/nordnesrepublikken.no\/#organization\"},\"potentialAction\":[{\"@type\":\"SearchAction\",\"target\":{\"@type\":\"EntryPoint\",\"urlTemplate\":\"https:\/\/nordnesrepublikken.no\/?s={search_term_string}\"},\"query-input\":{\"@type\":\"PropertyValueSpecification\",\"valueRequired\":true,\"valueName\":\"search_term_string\"}}],\"inLanguage\":\"nb-NO\"},{\"@type\":\"Organization\",\"@id\":\"https:\/\/nordnesrepublikken.no\/#organization\",\"name\":\"Nordnesrepublikken\",\"url\":\"https:\/\/nordnesrepublikken.no\/\",\"logo\":{\"@type\":\"ImageObject\",\"inLanguage\":\"nb-NO\",\"@id\":\"https:\/\/nordnesrepublikken.no\/#\/schema\/logo\/image\/\",\"url\":\"https:\/\/nordnesrepublikken.no\/wp-content\/uploads\/2025\/02\/cropped-nordnesrepublikken-2.png\",\"contentUrl\":\"https:\/\/nordnesrepublikken.no\/wp-content\/uploads\/2025\/02\/cropped-nordnesrepublikken-2.png\",\"width\":1248,\"height\":362,\"caption\":\"Nordnesrepublikken\"},\"image\":{\"@id\":\"https:\/\/nordnesrepublikken.no\/#\/schema\/logo\/image\/\"}},{\"@type\":\"Person\",\"@id\":\"https:\/\/nordnesrepublikken.no\/#\/schema\/person\/2e7e81935bab77882fffb79296240ff1\",\"name\":\"Ole Andersen\",\"image\":{\"@type\":\"ImageObject\",\"inLanguage\":\"nb-NO\",\"@id\":\"https:\/\/nordnesrepublikken.no\/#\/schema\/person\/image\/\",\"url\":\"https:\/\/nordnesrepublikken.no\/wp-content\/uploads\/2025\/02\/nordnesrepublikken-2-2-150x150.jpg\",\"contentUrl\":\"https:\/\/nordnesrepublikken.no\/wp-content\/uploads\/2025\/02\/nordnesrepublikken-2-2-150x150.jpg\",\"caption\":\"Ole Andersen\"},\"description\":\"Ettersom jeg vokste opp i Oslo, har jeg alltid v\u00e6rt fascinert av ordenes kraft og deres evne til \u00e5 skape endringer. Etter \u00e5 ha fullf\u00f8rt min utdannelse i kommunikasjon ved Universitetet i Bergen, fikk jeg muligheten til \u00e5 jobbe innen ulike medier, der jeg har s\u00f8kt \u00e5 belyse viktige samfunnssp\u00f8rsm\u00e5l. I dag, som redakt\u00f8r for Nordnesrepublikken, pr\u00f8ver jeg \u00e5 forene min kj\u00e6rlighet for journalistikk med min lidenskap for innovasjon og eventyr.\",\"sameAs\":[\"https:\/\/nordnesrepublikken.no\/\"]}]}<\/script>\n<!-- \/ Yoast SEO plugin. -->","yoast_head_json":{"title":"Fordi en tsunami til og med en meter anses som ekstremt farlig - Nordnesrepublikken","robots":{"index":"index","follow":"follow","max-snippet":"max-snippet:-1","max-image-preview":"max-image-preview:large","max-video-preview":"max-video-preview:-1"},"canonical":"https:\/\/nordnesrepublikken.no\/index.php\/2025\/08\/01\/fordi-en-tsunami-til-og-med-en-meter-anses-som-ekstremt-farlig\/","og_locale":"nb_NO","og_type":"article","og_title":"Fordi en tsunami til og med en meter anses som ekstremt farlig - Nordnesrepublikken","og_description":"I den kollektive fantasien, tsunami De er ofte representert som gigantiske b\u00f8lger Det over broer","og_url":"https:\/\/nordnesrepublikken.no\/index.php\/2025\/08\/01\/fordi-en-tsunami-til-og-med-en-meter-anses-som-ekstremt-farlig\/","og_site_name":"Nordnesrepublikken","article_published_time":"2025-08-01T09:49:33+00:00","article_modified_time":"2025-08-01T09:49:37+00:00","og_image":[{"width":2549,"height":1491,"url":"https:\/\/nordnesrepublikken.no\/wp-content\/uploads\/2025\/08\/1754041773_Fordi-en-tsunami-til-og-med-en-meter-anses-som.jpg","type":"image\/jpeg"}],"author":"Ole Andersen","twitter_card":"summary_large_image","twitter_misc":{"Skrevet av":"Ole Andersen","Ansl. lesetid":"4 minutter"},"schema":{"@context":"https:\/\/schema.org","@graph":[{"@type":"Article","@id":"https:\/\/nordnesrepublikken.no\/index.php\/2025\/08\/01\/fordi-en-tsunami-til-og-med-en-meter-anses-som-ekstremt-farlig\/#article","isPartOf":{"@id":"https:\/\/nordnesrepublikken.no\/index.php\/2025\/08\/01\/fordi-en-tsunami-til-og-med-en-meter-anses-som-ekstremt-farlig\/"},"author":{"name":"Ole Andersen","@id":"https:\/\/nordnesrepublikken.no\/#\/schema\/person\/2e7e81935bab77882fffb79296240ff1"},"headline":"Fordi en tsunami til og med en meter anses som ekstremt farlig","datePublished":"2025-08-01T09:49:33+00:00","dateModified":"2025-08-01T09:49:37+00:00","mainEntityOfPage":{"@id":"https:\/\/nordnesrepublikken.no\/index.php\/2025\/08\/01\/fordi-en-tsunami-til-og-med-en-meter-anses-som-ekstremt-farlig\/"},"wordCount":750,"publisher":{"@id":"https:\/\/nordnesrepublikken.no\/#organization"},"image":{"@id":"https:\/\/nordnesrepublikken.no\/index.php\/2025\/08\/01\/fordi-en-tsunami-til-og-med-en-meter-anses-som-ekstremt-farlig\/#primaryimage"},"thumbnailUrl":"https:\/\/nordnesrepublikken.no\/wp-content\/uploads\/2025\/08\/1754041773_Fordi-en-tsunami-til-og-med-en-meter-anses-som.jpg","keywords":["anses","ekstremt","farlig","Fordi","med","meter","som","til","Tsunami"],"articleSection":["Milj\u00f8"],"inLanguage":"nb-NO"},{"@type":"WebPage","@id":"https:\/\/nordnesrepublikken.no\/index.php\/2025\/08\/01\/fordi-en-tsunami-til-og-med-en-meter-anses-som-ekstremt-farlig\/","url":"https:\/\/nordnesrepublikken.no\/index.php\/2025\/08\/01\/fordi-en-tsunami-til-og-med-en-meter-anses-som-ekstremt-farlig\/","name":"Fordi en tsunami til og med en meter anses som ekstremt farlig - Nordnesrepublikken","isPartOf":{"@id":"https:\/\/nordnesrepublikken.no\/#website"},"primaryImageOfPage":{"@id":"https:\/\/nordnesrepublikken.no\/index.php\/2025\/08\/01\/fordi-en-tsunami-til-og-med-en-meter-anses-som-ekstremt-farlig\/#primaryimage"},"image":{"@id":"https:\/\/nordnesrepublikken.no\/index.php\/2025\/08\/01\/fordi-en-tsunami-til-og-med-en-meter-anses-som-ekstremt-farlig\/#primaryimage"},"thumbnailUrl":"https:\/\/nordnesrepublikken.no\/wp-content\/uploads\/2025\/08\/1754041773_Fordi-en-tsunami-til-og-med-en-meter-anses-som.jpg","datePublished":"2025-08-01T09:49:33+00:00","dateModified":"2025-08-01T09:49:37+00:00","breadcrumb":{"@id":"https:\/\/nordnesrepublikken.no\/index.php\/2025\/08\/01\/fordi-en-tsunami-til-og-med-en-meter-anses-som-ekstremt-farlig\/#breadcrumb"},"inLanguage":"nb-NO","potentialAction":[{"@type":"ReadAction","target":["https:\/\/nordnesrepublikken.no\/index.php\/2025\/08\/01\/fordi-en-tsunami-til-og-med-en-meter-anses-som-ekstremt-farlig\/"]}]},{"@type":"ImageObject","inLanguage":"nb-NO","@id":"https:\/\/nordnesrepublikken.no\/index.php\/2025\/08\/01\/fordi-en-tsunami-til-og-med-en-meter-anses-som-ekstremt-farlig\/#primaryimage","url":"https:\/\/nordnesrepublikken.no\/wp-content\/uploads\/2025\/08\/1754041773_Fordi-en-tsunami-til-og-med-en-meter-anses-som.jpg","contentUrl":"https:\/\/nordnesrepublikken.no\/wp-content\/uploads\/2025\/08\/1754041773_Fordi-en-tsunami-til-og-med-en-meter-anses-som.jpg","width":2549,"height":1491,"caption":"Immagine"},{"@type":"BreadcrumbList","@id":"https:\/\/nordnesrepublikken.no\/index.php\/2025\/08\/01\/fordi-en-tsunami-til-og-med-en-meter-anses-som-ekstremt-farlig\/#breadcrumb","itemListElement":[{"@type":"ListItem","position":1,"name":"Home","item":"https:\/\/nordnesrepublikken.no\/"},{"@type":"ListItem","position":2,"name":"Fordi en tsunami til og med en meter anses som ekstremt farlig"}]},{"@type":"WebSite","@id":"https:\/\/nordnesrepublikken.no\/#website","url":"https:\/\/nordnesrepublikken.no\/","name":"Nordnesrepublikken","description":"Stemmer og Visjoner fra Republikkens Hjerte","publisher":{"@id":"https:\/\/nordnesrepublikken.no\/#organization"},"potentialAction":[{"@type":"SearchAction","target":{"@type":"EntryPoint","urlTemplate":"https:\/\/nordnesrepublikken.no\/?s={search_term_string}"},"query-input":{"@type":"PropertyValueSpecification","valueRequired":true,"valueName":"search_term_string"}}],"inLanguage":"nb-NO"},{"@type":"Organization","@id":"https:\/\/nordnesrepublikken.no\/#organization","name":"Nordnesrepublikken","url":"https:\/\/nordnesrepublikken.no\/","logo":{"@type":"ImageObject","inLanguage":"nb-NO","@id":"https:\/\/nordnesrepublikken.no\/#\/schema\/logo\/image\/","url":"https:\/\/nordnesrepublikken.no\/wp-content\/uploads\/2025\/02\/cropped-nordnesrepublikken-2.png","contentUrl":"https:\/\/nordnesrepublikken.no\/wp-content\/uploads\/2025\/02\/cropped-nordnesrepublikken-2.png","width":1248,"height":362,"caption":"Nordnesrepublikken"},"image":{"@id":"https:\/\/nordnesrepublikken.no\/#\/schema\/logo\/image\/"}},{"@type":"Person","@id":"https:\/\/nordnesrepublikken.no\/#\/schema\/person\/2e7e81935bab77882fffb79296240ff1","name":"Ole Andersen","image":{"@type":"ImageObject","inLanguage":"nb-NO","@id":"https:\/\/nordnesrepublikken.no\/#\/schema\/person\/image\/","url":"https:\/\/nordnesrepublikken.no\/wp-content\/uploads\/2025\/02\/nordnesrepublikken-2-2-150x150.jpg","contentUrl":"https:\/\/nordnesrepublikken.no\/wp-content\/uploads\/2025\/02\/nordnesrepublikken-2-2-150x150.jpg","caption":"Ole Andersen"},"description":"Ettersom jeg vokste opp i Oslo, har jeg alltid v\u00e6rt fascinert av ordenes kraft og deres evne til \u00e5 skape endringer. Etter \u00e5 ha fullf\u00f8rt min utdannelse i kommunikasjon ved Universitetet i Bergen, fikk jeg muligheten til \u00e5 jobbe innen ulike medier, der jeg har s\u00f8kt \u00e5 belyse viktige samfunnssp\u00f8rsm\u00e5l. I dag, som redakt\u00f8r for Nordnesrepublikken, pr\u00f8ver jeg \u00e5 forene min kj\u00e6rlighet for journalistikk med min lidenskap for innovasjon og eventyr.","sameAs":["https:\/\/nordnesrepublikken.no\/"]}]}},"_links":{"self":[{"href":"https:\/\/nordnesrepublikken.no\/index.php\/wp-json\/wp\/v2\/posts\/7734","targetHints":{"allow":["GET"]}}],"collection":[{"href":"https:\/\/nordnesrepublikken.no\/index.php\/wp-json\/wp\/v2\/posts"}],"about":[{"href":"https:\/\/nordnesrepublikken.no\/index.php\/wp-json\/wp\/v2\/types\/post"}],"author":[{"embeddable":true,"href":"https:\/\/nordnesrepublikken.no\/index.php\/wp-json\/wp\/v2\/users\/1"}],"replies":[{"embeddable":true,"href":"https:\/\/nordnesrepublikken.no\/index.php\/wp-json\/wp\/v2\/comments?post=7734"}],"version-history":[{"count":1,"href":"https:\/\/nordnesrepublikken.no\/index.php\/wp-json\/wp\/v2\/posts\/7734\/revisions"}],"predecessor-version":[{"id":7736,"href":"https:\/\/nordnesrepublikken.no\/index.php\/wp-json\/wp\/v2\/posts\/7734\/revisions\/7736"}],"wp:featuredmedia":[{"embeddable":true,"href":"https:\/\/nordnesrepublikken.no\/index.php\/wp-json\/wp\/v2\/media\/7735"}],"wp:attachment":[{"href":"https:\/\/nordnesrepublikken.no\/index.php\/wp-json\/wp\/v2\/media?parent=7734"}],"wp:term":[{"taxonomy":"category","embeddable":true,"href":"https:\/\/nordnesrepublikken.no\/index.php\/wp-json\/wp\/v2\/categories?post=7734"},{"taxonomy":"post_tag","embeddable":true,"href":"https:\/\/nordnesrepublikken.no\/index.php\/wp-json\/wp\/v2\/tags?post=7734"}],"curies":[{"name":"wp","href":"https:\/\/api.w.org\/{rel}","templated":true}]}}