{"id":7714,"date":"2025-07-31T20:49:33","date_gmt":"2025-07-31T18:49:33","guid":{"rendered":"https:\/\/nordnesrepublikken.no\/index.php\/2025\/07\/31\/nei-det-er-ikke-sikkert-at-utbruddet-av-klyuchevskoy-vulkanen-er-knyttet-til-m8-8-jordskjelv-hva-vi-vet\/"},"modified":"2025-07-31T20:49:34","modified_gmt":"2025-07-31T18:49:34","slug":"nei-det-er-ikke-sikkert-at-utbruddet-av-klyuchevskoy-vulkanen-er-knyttet-til-m8-8-jordskjelv-hva-vi-vet","status":"publish","type":"post","link":"https:\/\/nordnesrepublikken.no\/index.php\/2025\/07\/31\/nei-det-er-ikke-sikkert-at-utbruddet-av-klyuchevskoy-vulkanen-er-knyttet-til-m8-8-jordskjelv-hva-vi-vet\/","title":{"rendered":"Nei, det er ikke sikkert at utbruddet av klyuchevskoy vulkanen er knyttet til M8.8 jordskjelv: hva vi vet"},"content":{"rendered":"<div>\n<div class=\"cp_wrapper cp_wrapper--fw mb-30 mb-20@tablet\">\n<figure class=\"mm\"><picture class=\"img\" style=\"padding-top:56.25%\"><source  media=\"(min-width: 1024px)\"><source  media=\"(min-width: 768px)\"><\/source><\/source><\/picture><\/figure>\n<\/p><\/div>\n<p>Etter <strong>Sterkt jordskjelv av st\u00f8rrelsesorden 8,8<\/strong> som traff halv\u00f8ya til <strong>Kamchatka<\/strong>I Russland rapporterte den geofysiske tjenesten til det russiske vitenskapsakademiet om et nytt utbrudd av<strong> Vulcano Klyuchevskoy<\/strong>ligger omtrent 450 km nord fra byen <strong>Petropavlovsk-Kamchatsky<\/strong>.<\/p>\n<p>If\u00f8lge nyhetsbyr\u00e5et Reuters er faktisk <em>Geofysisk unders\u00f8kelse av det russiske vitenskapsakademiet  <\/em>Han ville ha publisert et innlegg p\u00e5 Telegram der han rapporterer tilstedev\u00e6relsen av en &laquo;<strong>Lava avstamning<\/strong> p\u00e5 den vestlige siden &laquo;av vulkanen og en&raquo; kraftig gl\u00f8d etterfulgt av <strong>eksplosjoner<\/strong>&laquo;.<\/p>\n<p>Med sine 4.750 meter h\u00f8ye, <strong>Klyuchevskoy <\/strong>Det er en h\u00f8yere vulkaner i hele Eurasia: det er en stratovulcan, preget av en typisk kjegleform som stammer fra overlappingen av vulkansk materiale som sendes ut av flere utbrudd.<\/p>\n<p>Nyhetene gikk umiddelbart rundt i verden, og det nye utbruddet ble umiddelbart koblet til <strong>seismisk sekvens<\/strong> som traff Kamchatka (etter at det ble utstedt en &#8216;<strong>Tsunami -varsel<\/strong> gjennom Stillehavsomr\u00e5det). Faktisk rapporterer videoen publisert av den russiske geofysiske tjenesten en vulkansk eksplosjon av klyuchevskoy rundt <strong>11:31<\/strong> (lokal tid, 01:31 i Italia) av 30. juli, noen minutter etter <strong>sjokk<\/strong> av M8.8 registrert kl<strong> 11:24<\/strong>.<\/p>\n<p>Faktisk, <strong>er enn\u00e5 ikke bekreftet<\/strong> Hvis det siste utbruddet av klyuchevskoy faktisk skyldes jordskjelvet: mellom 23. og 29. juli, hadde geologer allerede rapportert en <strong>gjenopptakelse av erptive aktiviteter<\/strong> av vulkanen, som bekrefter tilstedev\u00e6relsen av en betydelig mengde lava p\u00e5 toppkrateret. Der <em>Smithsonian Institution <\/em>Deretter erkl\u00e6rte han i sin ukentlige rapport at M8.8 jordskjelvet <strong>det var ikke \u00e5 bli betraktet som relatert<\/strong> til det n\u00e5v\u00e6rende utbruddet ved klyuchevskoy -vulkanen.<\/p>\n<p>I alle fall m\u00e5 det spesifiseres at vulkanutbrudd kan v\u00e6re <strong>utl\u00f8ser<\/strong> bare av jordskjelv hvis vulkanene er <strong>klar til \u00e5 bryte ut<\/strong>. Spesifikt m\u00e5 to forhold oppst\u00e5: tilstedev\u00e6relsen av tilstrekkelig magma i det vulkanske systemet og et betydelig trykk i magma -lagringsregionen.<\/p>\n<p>Der <strong>Kamchatka<\/strong> Imidlertid representerer det et av de mest aktive omr\u00e5dene i verden fra det vulkanske synspunktet, s\u00e5 mye at det har f\u00e5tt tilnavnet &laquo;<strong>Land av vulkaner<\/strong>&laquo;: Inni det er vert for<strong> 300 vulkaner<\/strong>hvorav tretti aktive. Det er ikke tilfeldig at halv\u00f8ya ligger i Pacific Fire Belt, planetens b\u00e5nd der 75% av jordens vulkaner er konsentrert.<\/p>\n<p>Blant annet, en uke f\u00f8r jordskjelvet, hadde ekspertene allerede frar\u00e5det \u00e5 bes\u00f8ke vulkanene til <strong>Avachinsky<\/strong>, <strong>Bezymyanny<\/strong>, <strong>Shiveluch<\/strong>, <strong>Karymsky<\/strong> (I tillegg til det samme <strong>Klyuchevskoy<\/strong>) p\u00e5 grunn av den intense aktiviteten som er registrert av overv\u00e5kningsnettverket.<\/p>\n<\/p><\/div>\n","protected":false},"excerpt":{"rendered":"<p>Etter Sterkt jordskjelv av st\u00f8rrelsesorden 8,8 som traff halv\u00f8ya til KamchatkaI Russland rapporterte den geofysiske<\/p>\n","protected":false},"author":1,"featured_media":7715,"comment_status":"closed","ping_status":"open","sticky":false,"template":"","format":"standard","meta":{"footnotes":""},"categories":[24],"tags":[66,144,187,137,5043,5044,5045,821,5042,117,3271,73,2960],"class_list":["post-7714","post","type-post","status-publish","format-standard","has-post-thumbnail","hentry","category-vitenskap","tag-det","tag-hva","tag-ikke","tag-jordskjelv","tag-klyuchevskoy","tag-knyttet","tag-m8-8","tag-nei","tag-sikkert","tag-til","tag-utbruddet","tag-vet","tag-vulkanen","generate-columns","tablet-grid-50","mobile-grid-100","grid-parent","grid-33","resize-featured-image"],"yoast_head":"<!-- This site is optimized with the Yoast SEO plugin v24.4 - https:\/\/yoast.com\/wordpress\/plugins\/seo\/ -->\n<title>Nei, det er ikke sikkert at utbruddet av klyuchevskoy vulkanen er knyttet til M8.8 jordskjelv: hva vi vet - Nordnesrepublikken<\/title>\n<meta name=\"robots\" content=\"index, follow, max-snippet:-1, max-image-preview:large, max-video-preview:-1\" \/>\n<link rel=\"canonical\" href=\"https:\/\/nordnesrepublikken.no\/index.php\/2025\/07\/31\/nei-det-er-ikke-sikkert-at-utbruddet-av-klyuchevskoy-vulkanen-er-knyttet-til-m8-8-jordskjelv-hva-vi-vet\/\" \/>\n<meta property=\"og:locale\" content=\"nb_NO\" \/>\n<meta property=\"og:type\" content=\"article\" \/>\n<meta property=\"og:title\" content=\"Nei, det er ikke sikkert at utbruddet av klyuchevskoy vulkanen er knyttet til M8.8 jordskjelv: hva vi vet - Nordnesrepublikken\" \/>\n<meta property=\"og:description\" content=\"Etter Sterkt jordskjelv av st\u00f8rrelsesorden 8,8 som traff halv\u00f8ya til KamchatkaI Russland rapporterte den geofysiske\" \/>\n<meta property=\"og:url\" content=\"https:\/\/nordnesrepublikken.no\/index.php\/2025\/07\/31\/nei-det-er-ikke-sikkert-at-utbruddet-av-klyuchevskoy-vulkanen-er-knyttet-til-m8-8-jordskjelv-hva-vi-vet\/\" \/>\n<meta property=\"og:site_name\" content=\"Nordnesrepublikken\" \/>\n<meta property=\"article:published_time\" content=\"2025-07-31T18:49:33+00:00\" \/>\n<meta property=\"article:modified_time\" content=\"2025-07-31T18:49:34+00:00\" \/>\n<meta property=\"og:image\" content=\"https:\/\/nordnesrepublikken.no\/wp-content\/uploads\/2025\/07\/1753987773_Nei-det-er-ikke-sikkert-at-utbruddet-av-klyuchevskoy-vulkanen.jpg\" \/>\n\t<meta property=\"og:image:width\" content=\"1024\" \/>\n\t<meta property=\"og:image:height\" content=\"768\" \/>\n\t<meta property=\"og:image:type\" content=\"image\/jpeg\" \/>\n<meta name=\"author\" content=\"Ole Andersen\" \/>\n<meta name=\"twitter:card\" content=\"summary_large_image\" \/>\n<meta name=\"twitter:label1\" content=\"Skrevet av\" \/>\n\t<meta name=\"twitter:data1\" content=\"Ole Andersen\" \/>\n\t<meta name=\"twitter:label2\" content=\"Ansl. lesetid\" \/>\n\t<meta name=\"twitter:data2\" content=\"2 minutter\" \/>\n<script type=\"application\/ld+json\" class=\"yoast-schema-graph\">{\"@context\":\"https:\/\/schema.org\",\"@graph\":[{\"@type\":\"Article\",\"@id\":\"https:\/\/nordnesrepublikken.no\/index.php\/2025\/07\/31\/nei-det-er-ikke-sikkert-at-utbruddet-av-klyuchevskoy-vulkanen-er-knyttet-til-m8-8-jordskjelv-hva-vi-vet\/#article\",\"isPartOf\":{\"@id\":\"https:\/\/nordnesrepublikken.no\/index.php\/2025\/07\/31\/nei-det-er-ikke-sikkert-at-utbruddet-av-klyuchevskoy-vulkanen-er-knyttet-til-m8-8-jordskjelv-hva-vi-vet\/\"},\"author\":{\"name\":\"Ole Andersen\",\"@id\":\"https:\/\/nordnesrepublikken.no\/#\/schema\/person\/2e7e81935bab77882fffb79296240ff1\"},\"headline\":\"Nei, det er ikke sikkert at utbruddet av klyuchevskoy vulkanen er knyttet til M8.8 jordskjelv: hva vi vet\",\"datePublished\":\"2025-07-31T18:49:33+00:00\",\"dateModified\":\"2025-07-31T18:49:34+00:00\",\"mainEntityOfPage\":{\"@id\":\"https:\/\/nordnesrepublikken.no\/index.php\/2025\/07\/31\/nei-det-er-ikke-sikkert-at-utbruddet-av-klyuchevskoy-vulkanen-er-knyttet-til-m8-8-jordskjelv-hva-vi-vet\/\"},\"wordCount\":402,\"publisher\":{\"@id\":\"https:\/\/nordnesrepublikken.no\/#organization\"},\"image\":{\"@id\":\"https:\/\/nordnesrepublikken.no\/index.php\/2025\/07\/31\/nei-det-er-ikke-sikkert-at-utbruddet-av-klyuchevskoy-vulkanen-er-knyttet-til-m8-8-jordskjelv-hva-vi-vet\/#primaryimage\"},\"thumbnailUrl\":\"https:\/\/nordnesrepublikken.no\/wp-content\/uploads\/2025\/07\/1753987773_Nei-det-er-ikke-sikkert-at-utbruddet-av-klyuchevskoy-vulkanen.jpg\",\"keywords\":[\"Det\",\"Hva\",\"ikke\",\"Jordskjelv\",\"klyuchevskoy\",\"knyttet\",\"M8.8\",\"Nei\",\"sikkert\",\"til\",\"utbruddet\",\"vet\",\"vulkanen\"],\"articleSection\":[\"Vitenskap\"],\"inLanguage\":\"nb-NO\"},{\"@type\":\"WebPage\",\"@id\":\"https:\/\/nordnesrepublikken.no\/index.php\/2025\/07\/31\/nei-det-er-ikke-sikkert-at-utbruddet-av-klyuchevskoy-vulkanen-er-knyttet-til-m8-8-jordskjelv-hva-vi-vet\/\",\"url\":\"https:\/\/nordnesrepublikken.no\/index.php\/2025\/07\/31\/nei-det-er-ikke-sikkert-at-utbruddet-av-klyuchevskoy-vulkanen-er-knyttet-til-m8-8-jordskjelv-hva-vi-vet\/\",\"name\":\"Nei, det er ikke sikkert at utbruddet av klyuchevskoy vulkanen er knyttet til M8.8 jordskjelv: hva vi vet - Nordnesrepublikken\",\"isPartOf\":{\"@id\":\"https:\/\/nordnesrepublikken.no\/#website\"},\"primaryImageOfPage\":{\"@id\":\"https:\/\/nordnesrepublikken.no\/index.php\/2025\/07\/31\/nei-det-er-ikke-sikkert-at-utbruddet-av-klyuchevskoy-vulkanen-er-knyttet-til-m8-8-jordskjelv-hva-vi-vet\/#primaryimage\"},\"image\":{\"@id\":\"https:\/\/nordnesrepublikken.no\/index.php\/2025\/07\/31\/nei-det-er-ikke-sikkert-at-utbruddet-av-klyuchevskoy-vulkanen-er-knyttet-til-m8-8-jordskjelv-hva-vi-vet\/#primaryimage\"},\"thumbnailUrl\":\"https:\/\/nordnesrepublikken.no\/wp-content\/uploads\/2025\/07\/1753987773_Nei-det-er-ikke-sikkert-at-utbruddet-av-klyuchevskoy-vulkanen.jpg\",\"datePublished\":\"2025-07-31T18:49:33+00:00\",\"dateModified\":\"2025-07-31T18:49:34+00:00\",\"breadcrumb\":{\"@id\":\"https:\/\/nordnesrepublikken.no\/index.php\/2025\/07\/31\/nei-det-er-ikke-sikkert-at-utbruddet-av-klyuchevskoy-vulkanen-er-knyttet-til-m8-8-jordskjelv-hva-vi-vet\/#breadcrumb\"},\"inLanguage\":\"nb-NO\",\"potentialAction\":[{\"@type\":\"ReadAction\",\"target\":[\"https:\/\/nordnesrepublikken.no\/index.php\/2025\/07\/31\/nei-det-er-ikke-sikkert-at-utbruddet-av-klyuchevskoy-vulkanen-er-knyttet-til-m8-8-jordskjelv-hva-vi-vet\/\"]}]},{\"@type\":\"ImageObject\",\"inLanguage\":\"nb-NO\",\"@id\":\"https:\/\/nordnesrepublikken.no\/index.php\/2025\/07\/31\/nei-det-er-ikke-sikkert-at-utbruddet-av-klyuchevskoy-vulkanen-er-knyttet-til-m8-8-jordskjelv-hva-vi-vet\/#primaryimage\",\"url\":\"https:\/\/nordnesrepublikken.no\/wp-content\/uploads\/2025\/07\/1753987773_Nei-det-er-ikke-sikkert-at-utbruddet-av-klyuchevskoy-vulkanen.jpg\",\"contentUrl\":\"https:\/\/nordnesrepublikken.no\/wp-content\/uploads\/2025\/07\/1753987773_Nei-det-er-ikke-sikkert-at-utbruddet-av-klyuchevskoy-vulkanen.jpg\",\"width\":1024,\"height\":768,\"caption\":\"vulcano Klyuchevskoy\"},{\"@type\":\"BreadcrumbList\",\"@id\":\"https:\/\/nordnesrepublikken.no\/index.php\/2025\/07\/31\/nei-det-er-ikke-sikkert-at-utbruddet-av-klyuchevskoy-vulkanen-er-knyttet-til-m8-8-jordskjelv-hva-vi-vet\/#breadcrumb\",\"itemListElement\":[{\"@type\":\"ListItem\",\"position\":1,\"name\":\"Home\",\"item\":\"https:\/\/nordnesrepublikken.no\/\"},{\"@type\":\"ListItem\",\"position\":2,\"name\":\"Nei, det er ikke sikkert at utbruddet av klyuchevskoy vulkanen er knyttet til M8.8 jordskjelv: hva vi vet\"}]},{\"@type\":\"WebSite\",\"@id\":\"https:\/\/nordnesrepublikken.no\/#website\",\"url\":\"https:\/\/nordnesrepublikken.no\/\",\"name\":\"Nordnesrepublikken\",\"description\":\"Stemmer og Visjoner fra Republikkens Hjerte\",\"publisher\":{\"@id\":\"https:\/\/nordnesrepublikken.no\/#organization\"},\"potentialAction\":[{\"@type\":\"SearchAction\",\"target\":{\"@type\":\"EntryPoint\",\"urlTemplate\":\"https:\/\/nordnesrepublikken.no\/?s={search_term_string}\"},\"query-input\":{\"@type\":\"PropertyValueSpecification\",\"valueRequired\":true,\"valueName\":\"search_term_string\"}}],\"inLanguage\":\"nb-NO\"},{\"@type\":\"Organization\",\"@id\":\"https:\/\/nordnesrepublikken.no\/#organization\",\"name\":\"Nordnesrepublikken\",\"url\":\"https:\/\/nordnesrepublikken.no\/\",\"logo\":{\"@type\":\"ImageObject\",\"inLanguage\":\"nb-NO\",\"@id\":\"https:\/\/nordnesrepublikken.no\/#\/schema\/logo\/image\/\",\"url\":\"https:\/\/nordnesrepublikken.no\/wp-content\/uploads\/2025\/02\/cropped-nordnesrepublikken-2.png\",\"contentUrl\":\"https:\/\/nordnesrepublikken.no\/wp-content\/uploads\/2025\/02\/cropped-nordnesrepublikken-2.png\",\"width\":1248,\"height\":362,\"caption\":\"Nordnesrepublikken\"},\"image\":{\"@id\":\"https:\/\/nordnesrepublikken.no\/#\/schema\/logo\/image\/\"}},{\"@type\":\"Person\",\"@id\":\"https:\/\/nordnesrepublikken.no\/#\/schema\/person\/2e7e81935bab77882fffb79296240ff1\",\"name\":\"Ole Andersen\",\"image\":{\"@type\":\"ImageObject\",\"inLanguage\":\"nb-NO\",\"@id\":\"https:\/\/nordnesrepublikken.no\/#\/schema\/person\/image\/\",\"url\":\"https:\/\/nordnesrepublikken.no\/wp-content\/uploads\/2025\/02\/nordnesrepublikken-2-2-150x150.jpg\",\"contentUrl\":\"https:\/\/nordnesrepublikken.no\/wp-content\/uploads\/2025\/02\/nordnesrepublikken-2-2-150x150.jpg\",\"caption\":\"Ole Andersen\"},\"description\":\"Ettersom jeg vokste opp i Oslo, har jeg alltid v\u00e6rt fascinert av ordenes kraft og deres evne til \u00e5 skape endringer. Etter \u00e5 ha fullf\u00f8rt min utdannelse i kommunikasjon ved Universitetet i Bergen, fikk jeg muligheten til \u00e5 jobbe innen ulike medier, der jeg har s\u00f8kt \u00e5 belyse viktige samfunnssp\u00f8rsm\u00e5l. I dag, som redakt\u00f8r for Nordnesrepublikken, pr\u00f8ver jeg \u00e5 forene min kj\u00e6rlighet for journalistikk med min lidenskap for innovasjon og eventyr.\",\"sameAs\":[\"https:\/\/nordnesrepublikken.no\/\"]}]}<\/script>\n<!-- \/ Yoast SEO plugin. -->","yoast_head_json":{"title":"Nei, det er ikke sikkert at utbruddet av klyuchevskoy vulkanen er knyttet til M8.8 jordskjelv: hva vi vet - Nordnesrepublikken","robots":{"index":"index","follow":"follow","max-snippet":"max-snippet:-1","max-image-preview":"max-image-preview:large","max-video-preview":"max-video-preview:-1"},"canonical":"https:\/\/nordnesrepublikken.no\/index.php\/2025\/07\/31\/nei-det-er-ikke-sikkert-at-utbruddet-av-klyuchevskoy-vulkanen-er-knyttet-til-m8-8-jordskjelv-hva-vi-vet\/","og_locale":"nb_NO","og_type":"article","og_title":"Nei, det er ikke sikkert at utbruddet av klyuchevskoy vulkanen er knyttet til M8.8 jordskjelv: hva vi vet - Nordnesrepublikken","og_description":"Etter Sterkt jordskjelv av st\u00f8rrelsesorden 8,8 som traff halv\u00f8ya til KamchatkaI Russland rapporterte den geofysiske","og_url":"https:\/\/nordnesrepublikken.no\/index.php\/2025\/07\/31\/nei-det-er-ikke-sikkert-at-utbruddet-av-klyuchevskoy-vulkanen-er-knyttet-til-m8-8-jordskjelv-hva-vi-vet\/","og_site_name":"Nordnesrepublikken","article_published_time":"2025-07-31T18:49:33+00:00","article_modified_time":"2025-07-31T18:49:34+00:00","og_image":[{"width":1024,"height":768,"url":"https:\/\/nordnesrepublikken.no\/wp-content\/uploads\/2025\/07\/1753987773_Nei-det-er-ikke-sikkert-at-utbruddet-av-klyuchevskoy-vulkanen.jpg","type":"image\/jpeg"}],"author":"Ole Andersen","twitter_card":"summary_large_image","twitter_misc":{"Skrevet av":"Ole Andersen","Ansl. lesetid":"2 minutter"},"schema":{"@context":"https:\/\/schema.org","@graph":[{"@type":"Article","@id":"https:\/\/nordnesrepublikken.no\/index.php\/2025\/07\/31\/nei-det-er-ikke-sikkert-at-utbruddet-av-klyuchevskoy-vulkanen-er-knyttet-til-m8-8-jordskjelv-hva-vi-vet\/#article","isPartOf":{"@id":"https:\/\/nordnesrepublikken.no\/index.php\/2025\/07\/31\/nei-det-er-ikke-sikkert-at-utbruddet-av-klyuchevskoy-vulkanen-er-knyttet-til-m8-8-jordskjelv-hva-vi-vet\/"},"author":{"name":"Ole Andersen","@id":"https:\/\/nordnesrepublikken.no\/#\/schema\/person\/2e7e81935bab77882fffb79296240ff1"},"headline":"Nei, det er ikke sikkert at utbruddet av klyuchevskoy vulkanen er knyttet til M8.8 jordskjelv: hva vi vet","datePublished":"2025-07-31T18:49:33+00:00","dateModified":"2025-07-31T18:49:34+00:00","mainEntityOfPage":{"@id":"https:\/\/nordnesrepublikken.no\/index.php\/2025\/07\/31\/nei-det-er-ikke-sikkert-at-utbruddet-av-klyuchevskoy-vulkanen-er-knyttet-til-m8-8-jordskjelv-hva-vi-vet\/"},"wordCount":402,"publisher":{"@id":"https:\/\/nordnesrepublikken.no\/#organization"},"image":{"@id":"https:\/\/nordnesrepublikken.no\/index.php\/2025\/07\/31\/nei-det-er-ikke-sikkert-at-utbruddet-av-klyuchevskoy-vulkanen-er-knyttet-til-m8-8-jordskjelv-hva-vi-vet\/#primaryimage"},"thumbnailUrl":"https:\/\/nordnesrepublikken.no\/wp-content\/uploads\/2025\/07\/1753987773_Nei-det-er-ikke-sikkert-at-utbruddet-av-klyuchevskoy-vulkanen.jpg","keywords":["Det","Hva","ikke","Jordskjelv","klyuchevskoy","knyttet","M8.8","Nei","sikkert","til","utbruddet","vet","vulkanen"],"articleSection":["Vitenskap"],"inLanguage":"nb-NO"},{"@type":"WebPage","@id":"https:\/\/nordnesrepublikken.no\/index.php\/2025\/07\/31\/nei-det-er-ikke-sikkert-at-utbruddet-av-klyuchevskoy-vulkanen-er-knyttet-til-m8-8-jordskjelv-hva-vi-vet\/","url":"https:\/\/nordnesrepublikken.no\/index.php\/2025\/07\/31\/nei-det-er-ikke-sikkert-at-utbruddet-av-klyuchevskoy-vulkanen-er-knyttet-til-m8-8-jordskjelv-hva-vi-vet\/","name":"Nei, det er ikke sikkert at utbruddet av klyuchevskoy vulkanen er knyttet til M8.8 jordskjelv: hva vi vet - Nordnesrepublikken","isPartOf":{"@id":"https:\/\/nordnesrepublikken.no\/#website"},"primaryImageOfPage":{"@id":"https:\/\/nordnesrepublikken.no\/index.php\/2025\/07\/31\/nei-det-er-ikke-sikkert-at-utbruddet-av-klyuchevskoy-vulkanen-er-knyttet-til-m8-8-jordskjelv-hva-vi-vet\/#primaryimage"},"image":{"@id":"https:\/\/nordnesrepublikken.no\/index.php\/2025\/07\/31\/nei-det-er-ikke-sikkert-at-utbruddet-av-klyuchevskoy-vulkanen-er-knyttet-til-m8-8-jordskjelv-hva-vi-vet\/#primaryimage"},"thumbnailUrl":"https:\/\/nordnesrepublikken.no\/wp-content\/uploads\/2025\/07\/1753987773_Nei-det-er-ikke-sikkert-at-utbruddet-av-klyuchevskoy-vulkanen.jpg","datePublished":"2025-07-31T18:49:33+00:00","dateModified":"2025-07-31T18:49:34+00:00","breadcrumb":{"@id":"https:\/\/nordnesrepublikken.no\/index.php\/2025\/07\/31\/nei-det-er-ikke-sikkert-at-utbruddet-av-klyuchevskoy-vulkanen-er-knyttet-til-m8-8-jordskjelv-hva-vi-vet\/#breadcrumb"},"inLanguage":"nb-NO","potentialAction":[{"@type":"ReadAction","target":["https:\/\/nordnesrepublikken.no\/index.php\/2025\/07\/31\/nei-det-er-ikke-sikkert-at-utbruddet-av-klyuchevskoy-vulkanen-er-knyttet-til-m8-8-jordskjelv-hva-vi-vet\/"]}]},{"@type":"ImageObject","inLanguage":"nb-NO","@id":"https:\/\/nordnesrepublikken.no\/index.php\/2025\/07\/31\/nei-det-er-ikke-sikkert-at-utbruddet-av-klyuchevskoy-vulkanen-er-knyttet-til-m8-8-jordskjelv-hva-vi-vet\/#primaryimage","url":"https:\/\/nordnesrepublikken.no\/wp-content\/uploads\/2025\/07\/1753987773_Nei-det-er-ikke-sikkert-at-utbruddet-av-klyuchevskoy-vulkanen.jpg","contentUrl":"https:\/\/nordnesrepublikken.no\/wp-content\/uploads\/2025\/07\/1753987773_Nei-det-er-ikke-sikkert-at-utbruddet-av-klyuchevskoy-vulkanen.jpg","width":1024,"height":768,"caption":"vulcano Klyuchevskoy"},{"@type":"BreadcrumbList","@id":"https:\/\/nordnesrepublikken.no\/index.php\/2025\/07\/31\/nei-det-er-ikke-sikkert-at-utbruddet-av-klyuchevskoy-vulkanen-er-knyttet-til-m8-8-jordskjelv-hva-vi-vet\/#breadcrumb","itemListElement":[{"@type":"ListItem","position":1,"name":"Home","item":"https:\/\/nordnesrepublikken.no\/"},{"@type":"ListItem","position":2,"name":"Nei, det er ikke sikkert at utbruddet av klyuchevskoy vulkanen er knyttet til M8.8 jordskjelv: hva vi vet"}]},{"@type":"WebSite","@id":"https:\/\/nordnesrepublikken.no\/#website","url":"https:\/\/nordnesrepublikken.no\/","name":"Nordnesrepublikken","description":"Stemmer og Visjoner fra Republikkens Hjerte","publisher":{"@id":"https:\/\/nordnesrepublikken.no\/#organization"},"potentialAction":[{"@type":"SearchAction","target":{"@type":"EntryPoint","urlTemplate":"https:\/\/nordnesrepublikken.no\/?s={search_term_string}"},"query-input":{"@type":"PropertyValueSpecification","valueRequired":true,"valueName":"search_term_string"}}],"inLanguage":"nb-NO"},{"@type":"Organization","@id":"https:\/\/nordnesrepublikken.no\/#organization","name":"Nordnesrepublikken","url":"https:\/\/nordnesrepublikken.no\/","logo":{"@type":"ImageObject","inLanguage":"nb-NO","@id":"https:\/\/nordnesrepublikken.no\/#\/schema\/logo\/image\/","url":"https:\/\/nordnesrepublikken.no\/wp-content\/uploads\/2025\/02\/cropped-nordnesrepublikken-2.png","contentUrl":"https:\/\/nordnesrepublikken.no\/wp-content\/uploads\/2025\/02\/cropped-nordnesrepublikken-2.png","width":1248,"height":362,"caption":"Nordnesrepublikken"},"image":{"@id":"https:\/\/nordnesrepublikken.no\/#\/schema\/logo\/image\/"}},{"@type":"Person","@id":"https:\/\/nordnesrepublikken.no\/#\/schema\/person\/2e7e81935bab77882fffb79296240ff1","name":"Ole Andersen","image":{"@type":"ImageObject","inLanguage":"nb-NO","@id":"https:\/\/nordnesrepublikken.no\/#\/schema\/person\/image\/","url":"https:\/\/nordnesrepublikken.no\/wp-content\/uploads\/2025\/02\/nordnesrepublikken-2-2-150x150.jpg","contentUrl":"https:\/\/nordnesrepublikken.no\/wp-content\/uploads\/2025\/02\/nordnesrepublikken-2-2-150x150.jpg","caption":"Ole Andersen"},"description":"Ettersom jeg vokste opp i Oslo, har jeg alltid v\u00e6rt fascinert av ordenes kraft og deres evne til \u00e5 skape endringer. Etter \u00e5 ha fullf\u00f8rt min utdannelse i kommunikasjon ved Universitetet i Bergen, fikk jeg muligheten til \u00e5 jobbe innen ulike medier, der jeg har s\u00f8kt \u00e5 belyse viktige samfunnssp\u00f8rsm\u00e5l. I dag, som redakt\u00f8r for Nordnesrepublikken, pr\u00f8ver jeg \u00e5 forene min kj\u00e6rlighet for journalistikk med min lidenskap for innovasjon og eventyr.","sameAs":["https:\/\/nordnesrepublikken.no\/"]}]}},"_links":{"self":[{"href":"https:\/\/nordnesrepublikken.no\/index.php\/wp-json\/wp\/v2\/posts\/7714","targetHints":{"allow":["GET"]}}],"collection":[{"href":"https:\/\/nordnesrepublikken.no\/index.php\/wp-json\/wp\/v2\/posts"}],"about":[{"href":"https:\/\/nordnesrepublikken.no\/index.php\/wp-json\/wp\/v2\/types\/post"}],"author":[{"embeddable":true,"href":"https:\/\/nordnesrepublikken.no\/index.php\/wp-json\/wp\/v2\/users\/1"}],"replies":[{"embeddable":true,"href":"https:\/\/nordnesrepublikken.no\/index.php\/wp-json\/wp\/v2\/comments?post=7714"}],"version-history":[{"count":1,"href":"https:\/\/nordnesrepublikken.no\/index.php\/wp-json\/wp\/v2\/posts\/7714\/revisions"}],"predecessor-version":[{"id":7716,"href":"https:\/\/nordnesrepublikken.no\/index.php\/wp-json\/wp\/v2\/posts\/7714\/revisions\/7716"}],"wp:featuredmedia":[{"embeddable":true,"href":"https:\/\/nordnesrepublikken.no\/index.php\/wp-json\/wp\/v2\/media\/7715"}],"wp:attachment":[{"href":"https:\/\/nordnesrepublikken.no\/index.php\/wp-json\/wp\/v2\/media?parent=7714"}],"wp:term":[{"taxonomy":"category","embeddable":true,"href":"https:\/\/nordnesrepublikken.no\/index.php\/wp-json\/wp\/v2\/categories?post=7714"},{"taxonomy":"post_tag","embeddable":true,"href":"https:\/\/nordnesrepublikken.no\/index.php\/wp-json\/wp\/v2\/tags?post=7714"}],"curies":[{"name":"wp","href":"https:\/\/api.w.org\/{rel}","templated":true}]}}