{"id":7651,"date":"2025-07-30T19:49:29","date_gmt":"2025-07-30T17:49:29","guid":{"rendered":"https:\/\/nordnesrepublikken.no\/index.php\/2025\/07\/30\/helsetjenestemenn-millioner-i-eu-ubevisst-lever-med-hepatitt\/"},"modified":"2025-07-30T19:49:30","modified_gmt":"2025-07-30T17:49:30","slug":"helsetjenestemenn-millioner-i-eu-ubevisst-lever-med-hepatitt","status":"publish","type":"post","link":"https:\/\/nordnesrepublikken.no\/index.php\/2025\/07\/30\/helsetjenestemenn-millioner-i-eu-ubevisst-lever-med-hepatitt\/","title":{"rendered":"Helsetjenestemenn: Millioner i EU ubevisst lever med hepatitt"},"content":{"rendered":"<p><\/p>\n<div class=\"wordpress-content\">\n                    <!-- Article Start --><\/p>\n<p><strong>Europeiske helsetjenestemenn har gitt ut en advarsel om folkehelse: I en ny rapport avsl\u00f8rte European Center for Disease Prevention and Control (ECDC) at anslagsvis fem millioner mennesker i EU, Island, Liechtenstein og Norge er smittet av hepatitt B eller C uten \u00e5 vite det. Hepatitt B eller C kan sette pasienter med alvorlig risiko for \u00e5 utvikle leversykdom eller kreft.<\/strong><\/p>\n<p><span style=\"font-weight: 400\">Hepatitt B eller C er et virus som spres gjennom kontakt med infisert blod eller kroppsv\u00e6sker. Sykdommen kan spres gjennom \u00e5 ha ubeskyttet sex eller ved \u00e5 dele medikamentutstyr. Sykdommen blir ofte referert til som den &laquo;stille morderen&raquo; &#8211; \u00e5 leve uoppdaget i kroppen i \u00e5revis av gangen og sakte skade leveren til symptomene i form av lever arrdannelse, skrumplever eller kreft blir lagt merke til.<\/span><\/p>\n<h4>Hepatitt B og Cs stille spredning gjennom Europa<\/h4>\n<p><span style=\"font-weight: 400\">Rapporten som ble utgitt av ECDC ansl\u00e5r at rundt 3,2 millioner mennesker lever med hepatitt B, og ytterligere 1,8 millioner med hepatitt C i de nevnte omr\u00e5dene. Hepatitt B og C er begge knyttet til omtrent 50 000 forebyggbare d\u00f8dsfall hvert \u00e5r, og d\u00f8dsfall p\u00e5 grunn av leverkreft for\u00e5rsaket av hepatitt \u00f8ker. Bekymringende antyder ECDC -forskning at over 65 prosent av personer med hepatitt B og 62 prosent av personer med hepatitt C er udiagnostisert eller ikke er klar over at de har viruset.<\/span><\/p>\n<div class=\"sra_unit\"><link rel=\"stylesheet\" id=\"block-sra\" href=\"https:\/\/euroweeklynews.com\/wp-content\/plugins\/snack-related-articles\/dist\/css\/snack-related.min.css?250312-193541\" type=\"text\/css\" media=\"all\">\n<\/div>\n<p>Ikke bare dette, i begynnelsen av dette \u00e5ret, viste statistikk ogs\u00e5 en \u00f8kning av tilfeller av hepatitt A, som tredoblet seg i Spania fra 2024.<\/p>\n<p><span style=\"font-weight: 400\">Hepatitt B kan for \u00f8yeblikket ikke kureres, men det kan styres med langsiktige behandlinger som kan bidra til \u00e5 undertrykke viruset og forhindre skade p\u00e5 leveren. Hepatitt C kan kureres med et forl\u00f8p av antivirale medisiner. Hepatitt A har ingen spesifikk behandling, men har en tendens til \u00e5 forsvinne p\u00e5 egenh\u00e5nd n\u00e5r kroppens immunforsvar renser det.<\/span><\/p>\n<p><span style=\"font-weight: 400\">Innsats som vaksinasjon av barndom mot viruset og programmene for \u00e5 forhindre overf\u00f8ring av mor til barn har bidratt til \u00e5 stimulere spredningen av sykdommen, spesielt blant yngre pasienter. Den nylige forskningen indikerer imidlertid ikke en nedgang i hepatittrelaterte d\u00f8dsfall, og viruset er derfor fortsatt en folkehelsetrussel som ECDC krever \u00f8yeblikkelig handling for.<\/span><\/p>\n<h4>ECDCs oppfordring til handling for forebygging og behandlingsmetoder<\/h4>\n<p><span style=\"font-weight: 400\">P\u00e5 World Hepatitis Day, som var mandag 28. juli, ringte ECDC -myndighetene en oppfordring til handling for europeiske helseorganisasjoner for \u00e5 forbedre innsatsen for \u00e5 h\u00e5ndtere hepatitt B og C, nemlig gjennom f\u00f8lgende tiltak:<\/span><\/p>\n<ul>\n<li style=\"font-weight: 400\"><span style=\"font-weight: 400\">Sikre h\u00f8y vaksinasjonsdekning mot hepatitt B gjennom vaksinasjonsprogrammer for barndom.<\/span><\/li>\n<li style=\"font-weight: 400\"><span style=\"font-weight: 400\">Forbedre tilgangen til grupper som er h\u00f8yrisiko.<\/span><\/li>\n<li style=\"font-weight: 400\"><span style=\"font-weight: 400\">Forbedre tilgangen til testing for hepatitt B og C.<\/span><\/li>\n<li style=\"font-weight: 400\"><span style=\"font-weight: 400\">St\u00f8tter skadereduksjonsprogrammer for \u00e5 stoppe spredningen av hepatitt B og C blant personer som injiserer medisiner (nemlig gir rene n\u00e5ler og spr\u00f8yter, trygge steder \u00e5 bruke medisiner under medisinsk tilsyn, og tilgang til testing og behandling).<\/span><\/li>\n<li style=\"font-weight: 400\"><span style=\"font-weight: 400\">Tilbyr effektiv behandling som kan redusere sykdomsprogresjonen og risikoen for alvorlige komplikasjoner som leverkreft.<\/span><\/li>\n<li style=\"font-weight: 400\"><span style=\"font-weight: 400\">Gir tilgjengelig omsorg til h\u00f8yrisikogrupper.<\/span><\/li>\n<\/ul>\n<p><span style=\"font-weight: 400\">Ikke bare dette, if\u00f8lge Verdens helseorganisasjon, kan anslagsvis 2,8 millioner hepatittrelaterte d\u00f8dsfall (det vil si at hepatitt A, B og C) kan forhindres innen \u00e5r 2030 i global skala med fokusert innsats for \u00e5 behandle og diagnostisere befolkningen.<\/span><\/p>\n<p>                    <!-- This article has been originally published at https:\/\/euroweeklynews.com\/2025\/07\/30\/health-officials-millions-in-eu-unknowingly-living-with-hepatitis\/ on 30 Jul 2025 at 19:47 by Natascha Rivera --><br \/>\n                    <!-- Article End -->\n                <\/div>\n","protected":false},"excerpt":{"rendered":"<p>Europeiske helsetjenestemenn har gitt ut en advarsel om folkehelse: I en ny rapport avsl\u00f8rte European<\/p>\n","protected":false},"author":1,"featured_media":7652,"comment_status":"closed","ping_status":"open","sticky":false,"template":"","format":"standard","meta":{"footnotes":""},"categories":[105],"tags":[5017,5020,5019,79,34,5018],"class_list":["post-7651","post","type-post","status-publish","format-standard","has-post-thumbnail","hentry","category-livsstil","tag-helsetjenestemenn","tag-hepatitt","tag-lever","tag-med","tag-millioner","tag-ubevisst","generate-columns","tablet-grid-50","mobile-grid-100","grid-parent","grid-33","resize-featured-image"],"yoast_head":"<!-- This site is optimized with the Yoast SEO plugin v24.4 - https:\/\/yoast.com\/wordpress\/plugins\/seo\/ -->\n<title>Helsetjenestemenn: Millioner i EU ubevisst lever med hepatitt - Nordnesrepublikken<\/title>\n<meta name=\"robots\" content=\"index, follow, max-snippet:-1, max-image-preview:large, max-video-preview:-1\" \/>\n<link rel=\"canonical\" href=\"https:\/\/nordnesrepublikken.no\/index.php\/2025\/07\/30\/helsetjenestemenn-millioner-i-eu-ubevisst-lever-med-hepatitt\/\" \/>\n<meta property=\"og:locale\" content=\"nb_NO\" \/>\n<meta property=\"og:type\" content=\"article\" \/>\n<meta property=\"og:title\" content=\"Helsetjenestemenn: Millioner i EU ubevisst lever med hepatitt - Nordnesrepublikken\" \/>\n<meta property=\"og:description\" content=\"Europeiske helsetjenestemenn har gitt ut en advarsel om folkehelse: I en ny rapport avsl\u00f8rte European\" \/>\n<meta property=\"og:url\" content=\"https:\/\/nordnesrepublikken.no\/index.php\/2025\/07\/30\/helsetjenestemenn-millioner-i-eu-ubevisst-lever-med-hepatitt\/\" \/>\n<meta property=\"og:site_name\" content=\"Nordnesrepublikken\" \/>\n<meta property=\"article:published_time\" content=\"2025-07-30T17:49:29+00:00\" \/>\n<meta property=\"article:modified_time\" content=\"2025-07-30T17:49:30+00:00\" \/>\n<meta property=\"og:image\" content=\"https:\/\/nordnesrepublikken.no\/wp-content\/uploads\/2025\/07\/1753897769_Helsetjenestemenn-Millioner-i-EU-ubevisst-lever-med-hepatitt.jpg\" \/>\n\t<meta property=\"og:image:width\" content=\"1200\" \/>\n\t<meta property=\"og:image:height\" content=\"800\" \/>\n\t<meta property=\"og:image:type\" content=\"image\/jpeg\" \/>\n<meta name=\"author\" content=\"Ole Andersen\" \/>\n<meta name=\"twitter:card\" content=\"summary_large_image\" \/>\n<meta name=\"twitter:label1\" content=\"Skrevet av\" \/>\n\t<meta name=\"twitter:data1\" content=\"Ole Andersen\" \/>\n\t<meta name=\"twitter:label2\" content=\"Ansl. lesetid\" \/>\n\t<meta name=\"twitter:data2\" content=\"3 minutter\" \/>\n<script type=\"application\/ld+json\" class=\"yoast-schema-graph\">{\"@context\":\"https:\/\/schema.org\",\"@graph\":[{\"@type\":\"Article\",\"@id\":\"https:\/\/nordnesrepublikken.no\/index.php\/2025\/07\/30\/helsetjenestemenn-millioner-i-eu-ubevisst-lever-med-hepatitt\/#article\",\"isPartOf\":{\"@id\":\"https:\/\/nordnesrepublikken.no\/index.php\/2025\/07\/30\/helsetjenestemenn-millioner-i-eu-ubevisst-lever-med-hepatitt\/\"},\"author\":{\"name\":\"Ole Andersen\",\"@id\":\"https:\/\/nordnesrepublikken.no\/#\/schema\/person\/2e7e81935bab77882fffb79296240ff1\"},\"headline\":\"Helsetjenestemenn: Millioner i EU ubevisst lever med hepatitt\",\"datePublished\":\"2025-07-30T17:49:29+00:00\",\"dateModified\":\"2025-07-30T17:49:30+00:00\",\"mainEntityOfPage\":{\"@id\":\"https:\/\/nordnesrepublikken.no\/index.php\/2025\/07\/30\/helsetjenestemenn-millioner-i-eu-ubevisst-lever-med-hepatitt\/\"},\"wordCount\":519,\"publisher\":{\"@id\":\"https:\/\/nordnesrepublikken.no\/#organization\"},\"image\":{\"@id\":\"https:\/\/nordnesrepublikken.no\/index.php\/2025\/07\/30\/helsetjenestemenn-millioner-i-eu-ubevisst-lever-med-hepatitt\/#primaryimage\"},\"thumbnailUrl\":\"https:\/\/nordnesrepublikken.no\/wp-content\/uploads\/2025\/07\/1753897769_Helsetjenestemenn-Millioner-i-EU-ubevisst-lever-med-hepatitt.jpg\",\"keywords\":[\"Helsetjenestemenn\",\"hepatitt\",\"lever\",\"med\",\"millioner\",\"ubevisst\"],\"articleSection\":[\"Livsstil\"],\"inLanguage\":\"nb-NO\"},{\"@type\":\"WebPage\",\"@id\":\"https:\/\/nordnesrepublikken.no\/index.php\/2025\/07\/30\/helsetjenestemenn-millioner-i-eu-ubevisst-lever-med-hepatitt\/\",\"url\":\"https:\/\/nordnesrepublikken.no\/index.php\/2025\/07\/30\/helsetjenestemenn-millioner-i-eu-ubevisst-lever-med-hepatitt\/\",\"name\":\"Helsetjenestemenn: Millioner i EU ubevisst lever med hepatitt - Nordnesrepublikken\",\"isPartOf\":{\"@id\":\"https:\/\/nordnesrepublikken.no\/#website\"},\"primaryImageOfPage\":{\"@id\":\"https:\/\/nordnesrepublikken.no\/index.php\/2025\/07\/30\/helsetjenestemenn-millioner-i-eu-ubevisst-lever-med-hepatitt\/#primaryimage\"},\"image\":{\"@id\":\"https:\/\/nordnesrepublikken.no\/index.php\/2025\/07\/30\/helsetjenestemenn-millioner-i-eu-ubevisst-lever-med-hepatitt\/#primaryimage\"},\"thumbnailUrl\":\"https:\/\/nordnesrepublikken.no\/wp-content\/uploads\/2025\/07\/1753897769_Helsetjenestemenn-Millioner-i-EU-ubevisst-lever-med-hepatitt.jpg\",\"datePublished\":\"2025-07-30T17:49:29+00:00\",\"dateModified\":\"2025-07-30T17:49:30+00:00\",\"breadcrumb\":{\"@id\":\"https:\/\/nordnesrepublikken.no\/index.php\/2025\/07\/30\/helsetjenestemenn-millioner-i-eu-ubevisst-lever-med-hepatitt\/#breadcrumb\"},\"inLanguage\":\"nb-NO\",\"potentialAction\":[{\"@type\":\"ReadAction\",\"target\":[\"https:\/\/nordnesrepublikken.no\/index.php\/2025\/07\/30\/helsetjenestemenn-millioner-i-eu-ubevisst-lever-med-hepatitt\/\"]}]},{\"@type\":\"ImageObject\",\"inLanguage\":\"nb-NO\",\"@id\":\"https:\/\/nordnesrepublikken.no\/index.php\/2025\/07\/30\/helsetjenestemenn-millioner-i-eu-ubevisst-lever-med-hepatitt\/#primaryimage\",\"url\":\"https:\/\/nordnesrepublikken.no\/wp-content\/uploads\/2025\/07\/1753897769_Helsetjenestemenn-Millioner-i-EU-ubevisst-lever-med-hepatitt.jpg\",\"contentUrl\":\"https:\/\/nordnesrepublikken.no\/wp-content\/uploads\/2025\/07\/1753897769_Helsetjenestemenn-Millioner-i-EU-ubevisst-lever-med-hepatitt.jpg\",\"width\":1200,\"height\":800,\"caption\":\"Helsetjenestemenn: Millioner i EU ubevisst lever med hepatitt\"},{\"@type\":\"BreadcrumbList\",\"@id\":\"https:\/\/nordnesrepublikken.no\/index.php\/2025\/07\/30\/helsetjenestemenn-millioner-i-eu-ubevisst-lever-med-hepatitt\/#breadcrumb\",\"itemListElement\":[{\"@type\":\"ListItem\",\"position\":1,\"name\":\"Home\",\"item\":\"https:\/\/nordnesrepublikken.no\/\"},{\"@type\":\"ListItem\",\"position\":2,\"name\":\"Helsetjenestemenn: Millioner i EU ubevisst lever med hepatitt\"}]},{\"@type\":\"WebSite\",\"@id\":\"https:\/\/nordnesrepublikken.no\/#website\",\"url\":\"https:\/\/nordnesrepublikken.no\/\",\"name\":\"Nordnesrepublikken\",\"description\":\"Stemmer og Visjoner fra Republikkens Hjerte\",\"publisher\":{\"@id\":\"https:\/\/nordnesrepublikken.no\/#organization\"},\"potentialAction\":[{\"@type\":\"SearchAction\",\"target\":{\"@type\":\"EntryPoint\",\"urlTemplate\":\"https:\/\/nordnesrepublikken.no\/?s={search_term_string}\"},\"query-input\":{\"@type\":\"PropertyValueSpecification\",\"valueRequired\":true,\"valueName\":\"search_term_string\"}}],\"inLanguage\":\"nb-NO\"},{\"@type\":\"Organization\",\"@id\":\"https:\/\/nordnesrepublikken.no\/#organization\",\"name\":\"Nordnesrepublikken\",\"url\":\"https:\/\/nordnesrepublikken.no\/\",\"logo\":{\"@type\":\"ImageObject\",\"inLanguage\":\"nb-NO\",\"@id\":\"https:\/\/nordnesrepublikken.no\/#\/schema\/logo\/image\/\",\"url\":\"https:\/\/nordnesrepublikken.no\/wp-content\/uploads\/2025\/02\/cropped-nordnesrepublikken-2.png\",\"contentUrl\":\"https:\/\/nordnesrepublikken.no\/wp-content\/uploads\/2025\/02\/cropped-nordnesrepublikken-2.png\",\"width\":1248,\"height\":362,\"caption\":\"Nordnesrepublikken\"},\"image\":{\"@id\":\"https:\/\/nordnesrepublikken.no\/#\/schema\/logo\/image\/\"}},{\"@type\":\"Person\",\"@id\":\"https:\/\/nordnesrepublikken.no\/#\/schema\/person\/2e7e81935bab77882fffb79296240ff1\",\"name\":\"Ole Andersen\",\"image\":{\"@type\":\"ImageObject\",\"inLanguage\":\"nb-NO\",\"@id\":\"https:\/\/nordnesrepublikken.no\/#\/schema\/person\/image\/\",\"url\":\"https:\/\/nordnesrepublikken.no\/wp-content\/uploads\/2025\/02\/nordnesrepublikken-2-2-150x150.jpg\",\"contentUrl\":\"https:\/\/nordnesrepublikken.no\/wp-content\/uploads\/2025\/02\/nordnesrepublikken-2-2-150x150.jpg\",\"caption\":\"Ole Andersen\"},\"description\":\"Ettersom jeg vokste opp i Oslo, har jeg alltid v\u00e6rt fascinert av ordenes kraft og deres evne til \u00e5 skape endringer. Etter \u00e5 ha fullf\u00f8rt min utdannelse i kommunikasjon ved Universitetet i Bergen, fikk jeg muligheten til \u00e5 jobbe innen ulike medier, der jeg har s\u00f8kt \u00e5 belyse viktige samfunnssp\u00f8rsm\u00e5l. I dag, som redakt\u00f8r for Nordnesrepublikken, pr\u00f8ver jeg \u00e5 forene min kj\u00e6rlighet for journalistikk med min lidenskap for innovasjon og eventyr.\",\"sameAs\":[\"https:\/\/nordnesrepublikken.no\/\"]}]}<\/script>\n<!-- \/ Yoast SEO plugin. -->","yoast_head_json":{"title":"Helsetjenestemenn: Millioner i EU ubevisst lever med hepatitt - Nordnesrepublikken","robots":{"index":"index","follow":"follow","max-snippet":"max-snippet:-1","max-image-preview":"max-image-preview:large","max-video-preview":"max-video-preview:-1"},"canonical":"https:\/\/nordnesrepublikken.no\/index.php\/2025\/07\/30\/helsetjenestemenn-millioner-i-eu-ubevisst-lever-med-hepatitt\/","og_locale":"nb_NO","og_type":"article","og_title":"Helsetjenestemenn: Millioner i EU ubevisst lever med hepatitt - Nordnesrepublikken","og_description":"Europeiske helsetjenestemenn har gitt ut en advarsel om folkehelse: I en ny rapport avsl\u00f8rte European","og_url":"https:\/\/nordnesrepublikken.no\/index.php\/2025\/07\/30\/helsetjenestemenn-millioner-i-eu-ubevisst-lever-med-hepatitt\/","og_site_name":"Nordnesrepublikken","article_published_time":"2025-07-30T17:49:29+00:00","article_modified_time":"2025-07-30T17:49:30+00:00","og_image":[{"width":1200,"height":800,"url":"https:\/\/nordnesrepublikken.no\/wp-content\/uploads\/2025\/07\/1753897769_Helsetjenestemenn-Millioner-i-EU-ubevisst-lever-med-hepatitt.jpg","type":"image\/jpeg"}],"author":"Ole Andersen","twitter_card":"summary_large_image","twitter_misc":{"Skrevet av":"Ole Andersen","Ansl. lesetid":"3 minutter"},"schema":{"@context":"https:\/\/schema.org","@graph":[{"@type":"Article","@id":"https:\/\/nordnesrepublikken.no\/index.php\/2025\/07\/30\/helsetjenestemenn-millioner-i-eu-ubevisst-lever-med-hepatitt\/#article","isPartOf":{"@id":"https:\/\/nordnesrepublikken.no\/index.php\/2025\/07\/30\/helsetjenestemenn-millioner-i-eu-ubevisst-lever-med-hepatitt\/"},"author":{"name":"Ole Andersen","@id":"https:\/\/nordnesrepublikken.no\/#\/schema\/person\/2e7e81935bab77882fffb79296240ff1"},"headline":"Helsetjenestemenn: Millioner i EU ubevisst lever med hepatitt","datePublished":"2025-07-30T17:49:29+00:00","dateModified":"2025-07-30T17:49:30+00:00","mainEntityOfPage":{"@id":"https:\/\/nordnesrepublikken.no\/index.php\/2025\/07\/30\/helsetjenestemenn-millioner-i-eu-ubevisst-lever-med-hepatitt\/"},"wordCount":519,"publisher":{"@id":"https:\/\/nordnesrepublikken.no\/#organization"},"image":{"@id":"https:\/\/nordnesrepublikken.no\/index.php\/2025\/07\/30\/helsetjenestemenn-millioner-i-eu-ubevisst-lever-med-hepatitt\/#primaryimage"},"thumbnailUrl":"https:\/\/nordnesrepublikken.no\/wp-content\/uploads\/2025\/07\/1753897769_Helsetjenestemenn-Millioner-i-EU-ubevisst-lever-med-hepatitt.jpg","keywords":["Helsetjenestemenn","hepatitt","lever","med","millioner","ubevisst"],"articleSection":["Livsstil"],"inLanguage":"nb-NO"},{"@type":"WebPage","@id":"https:\/\/nordnesrepublikken.no\/index.php\/2025\/07\/30\/helsetjenestemenn-millioner-i-eu-ubevisst-lever-med-hepatitt\/","url":"https:\/\/nordnesrepublikken.no\/index.php\/2025\/07\/30\/helsetjenestemenn-millioner-i-eu-ubevisst-lever-med-hepatitt\/","name":"Helsetjenestemenn: Millioner i EU ubevisst lever med hepatitt - Nordnesrepublikken","isPartOf":{"@id":"https:\/\/nordnesrepublikken.no\/#website"},"primaryImageOfPage":{"@id":"https:\/\/nordnesrepublikken.no\/index.php\/2025\/07\/30\/helsetjenestemenn-millioner-i-eu-ubevisst-lever-med-hepatitt\/#primaryimage"},"image":{"@id":"https:\/\/nordnesrepublikken.no\/index.php\/2025\/07\/30\/helsetjenestemenn-millioner-i-eu-ubevisst-lever-med-hepatitt\/#primaryimage"},"thumbnailUrl":"https:\/\/nordnesrepublikken.no\/wp-content\/uploads\/2025\/07\/1753897769_Helsetjenestemenn-Millioner-i-EU-ubevisst-lever-med-hepatitt.jpg","datePublished":"2025-07-30T17:49:29+00:00","dateModified":"2025-07-30T17:49:30+00:00","breadcrumb":{"@id":"https:\/\/nordnesrepublikken.no\/index.php\/2025\/07\/30\/helsetjenestemenn-millioner-i-eu-ubevisst-lever-med-hepatitt\/#breadcrumb"},"inLanguage":"nb-NO","potentialAction":[{"@type":"ReadAction","target":["https:\/\/nordnesrepublikken.no\/index.php\/2025\/07\/30\/helsetjenestemenn-millioner-i-eu-ubevisst-lever-med-hepatitt\/"]}]},{"@type":"ImageObject","inLanguage":"nb-NO","@id":"https:\/\/nordnesrepublikken.no\/index.php\/2025\/07\/30\/helsetjenestemenn-millioner-i-eu-ubevisst-lever-med-hepatitt\/#primaryimage","url":"https:\/\/nordnesrepublikken.no\/wp-content\/uploads\/2025\/07\/1753897769_Helsetjenestemenn-Millioner-i-EU-ubevisst-lever-med-hepatitt.jpg","contentUrl":"https:\/\/nordnesrepublikken.no\/wp-content\/uploads\/2025\/07\/1753897769_Helsetjenestemenn-Millioner-i-EU-ubevisst-lever-med-hepatitt.jpg","width":1200,"height":800,"caption":"Helsetjenestemenn: Millioner i EU ubevisst lever med hepatitt"},{"@type":"BreadcrumbList","@id":"https:\/\/nordnesrepublikken.no\/index.php\/2025\/07\/30\/helsetjenestemenn-millioner-i-eu-ubevisst-lever-med-hepatitt\/#breadcrumb","itemListElement":[{"@type":"ListItem","position":1,"name":"Home","item":"https:\/\/nordnesrepublikken.no\/"},{"@type":"ListItem","position":2,"name":"Helsetjenestemenn: Millioner i EU ubevisst lever med hepatitt"}]},{"@type":"WebSite","@id":"https:\/\/nordnesrepublikken.no\/#website","url":"https:\/\/nordnesrepublikken.no\/","name":"Nordnesrepublikken","description":"Stemmer og Visjoner fra Republikkens Hjerte","publisher":{"@id":"https:\/\/nordnesrepublikken.no\/#organization"},"potentialAction":[{"@type":"SearchAction","target":{"@type":"EntryPoint","urlTemplate":"https:\/\/nordnesrepublikken.no\/?s={search_term_string}"},"query-input":{"@type":"PropertyValueSpecification","valueRequired":true,"valueName":"search_term_string"}}],"inLanguage":"nb-NO"},{"@type":"Organization","@id":"https:\/\/nordnesrepublikken.no\/#organization","name":"Nordnesrepublikken","url":"https:\/\/nordnesrepublikken.no\/","logo":{"@type":"ImageObject","inLanguage":"nb-NO","@id":"https:\/\/nordnesrepublikken.no\/#\/schema\/logo\/image\/","url":"https:\/\/nordnesrepublikken.no\/wp-content\/uploads\/2025\/02\/cropped-nordnesrepublikken-2.png","contentUrl":"https:\/\/nordnesrepublikken.no\/wp-content\/uploads\/2025\/02\/cropped-nordnesrepublikken-2.png","width":1248,"height":362,"caption":"Nordnesrepublikken"},"image":{"@id":"https:\/\/nordnesrepublikken.no\/#\/schema\/logo\/image\/"}},{"@type":"Person","@id":"https:\/\/nordnesrepublikken.no\/#\/schema\/person\/2e7e81935bab77882fffb79296240ff1","name":"Ole Andersen","image":{"@type":"ImageObject","inLanguage":"nb-NO","@id":"https:\/\/nordnesrepublikken.no\/#\/schema\/person\/image\/","url":"https:\/\/nordnesrepublikken.no\/wp-content\/uploads\/2025\/02\/nordnesrepublikken-2-2-150x150.jpg","contentUrl":"https:\/\/nordnesrepublikken.no\/wp-content\/uploads\/2025\/02\/nordnesrepublikken-2-2-150x150.jpg","caption":"Ole Andersen"},"description":"Ettersom jeg vokste opp i Oslo, har jeg alltid v\u00e6rt fascinert av ordenes kraft og deres evne til \u00e5 skape endringer. Etter \u00e5 ha fullf\u00f8rt min utdannelse i kommunikasjon ved Universitetet i Bergen, fikk jeg muligheten til \u00e5 jobbe innen ulike medier, der jeg har s\u00f8kt \u00e5 belyse viktige samfunnssp\u00f8rsm\u00e5l. I dag, som redakt\u00f8r for Nordnesrepublikken, pr\u00f8ver jeg \u00e5 forene min kj\u00e6rlighet for journalistikk med min lidenskap for innovasjon og eventyr.","sameAs":["https:\/\/nordnesrepublikken.no\/"]}]}},"_links":{"self":[{"href":"https:\/\/nordnesrepublikken.no\/index.php\/wp-json\/wp\/v2\/posts\/7651","targetHints":{"allow":["GET"]}}],"collection":[{"href":"https:\/\/nordnesrepublikken.no\/index.php\/wp-json\/wp\/v2\/posts"}],"about":[{"href":"https:\/\/nordnesrepublikken.no\/index.php\/wp-json\/wp\/v2\/types\/post"}],"author":[{"embeddable":true,"href":"https:\/\/nordnesrepublikken.no\/index.php\/wp-json\/wp\/v2\/users\/1"}],"replies":[{"embeddable":true,"href":"https:\/\/nordnesrepublikken.no\/index.php\/wp-json\/wp\/v2\/comments?post=7651"}],"version-history":[{"count":1,"href":"https:\/\/nordnesrepublikken.no\/index.php\/wp-json\/wp\/v2\/posts\/7651\/revisions"}],"predecessor-version":[{"id":7653,"href":"https:\/\/nordnesrepublikken.no\/index.php\/wp-json\/wp\/v2\/posts\/7651\/revisions\/7653"}],"wp:featuredmedia":[{"embeddable":true,"href":"https:\/\/nordnesrepublikken.no\/index.php\/wp-json\/wp\/v2\/media\/7652"}],"wp:attachment":[{"href":"https:\/\/nordnesrepublikken.no\/index.php\/wp-json\/wp\/v2\/media?parent=7651"}],"wp:term":[{"taxonomy":"category","embeddable":true,"href":"https:\/\/nordnesrepublikken.no\/index.php\/wp-json\/wp\/v2\/categories?post=7651"},{"taxonomy":"post_tag","embeddable":true,"href":"https:\/\/nordnesrepublikken.no\/index.php\/wp-json\/wp\/v2\/tags?post=7651"}],"curies":[{"name":"wp","href":"https:\/\/api.w.org\/{rel}","templated":true}]}}