{"id":7645,"date":"2025-07-30T16:49:32","date_gmt":"2025-07-30T14:49:32","guid":{"rendered":"https:\/\/nordnesrepublikken.no\/index.php\/2025\/07\/30\/hva-er-symptomene-og-hvordan-du-kan-forsvare-seg\/"},"modified":"2025-07-30T16:49:46","modified_gmt":"2025-07-30T14:49:46","slug":"hva-er-symptomene-og-hvordan-du-kan-forsvare-seg","status":"publish","type":"post","link":"https:\/\/nordnesrepublikken.no\/index.php\/2025\/07\/30\/hva-er-symptomene-og-hvordan-du-kan-forsvare-seg\/","title":{"rendered":"Hva er symptomene og hvordan du kan forsvare seg"},"content":{"rendered":"<div>\n<div class=\"cp_wrapper cp_wrapper--fw mb-30 mb-20@tablet\">\n<figure class=\"mm\"><picture class=\"img\" style=\"padding-top:56.25%\"><source  media=\"(min-width: 1024px)\"><source  media=\"(min-width: 768px)\"><\/source><\/source><\/picture><\/figure>\n<\/p><\/div>\n<p>I disse dager er tilfeller av sykdommen bekreftet <strong>Chikungunya<\/strong> i Bolognese innlandet og i provinsen Piacenza: sistnevnte ble definert <strong>&laquo;Autochthonous&raquo; sak<\/strong> Som pasienten ble smittet direkte i <strong>Italia<\/strong> for en brodd fra en<strong> infisert mygg<\/strong>. Sykdommen er allerede kjent i Italia og overf\u00f8res av sjangerens mygg <em>Aedes, <\/em>Spesielt den gule feber -myggen <em>(Aedes Aegypti) <\/em>og Tiger -myggen<em> (Aedes albopictus)<\/em>. I likhet med Dengue, Zika og West Nile, faller Chikungunya ogs\u00e5 p\u00e5 listen over Arbovirosi, dvs. de virusinfeksjonene overf\u00f8rt av leddyr som mygg, fl\u00e5tt og flebotomer, som i Italia er underlagt <strong>Spesiell overv\u00e5king<\/strong>. De vanligste symptomene er<strong> leddsmerter,<\/strong> som kan vare til og med m\u00e5neder, feber og tretthet. For \u00f8yeblikket er det ingen godkjente medisiner eller vaksiner i Europa: Superior Health Institute anbefaler \u00e5 bruke <strong>Anti -media repellents<\/strong>Myggnett og mekanisk beskyttelse, for eksempel lange kl\u00e6r for \u00e5 unng\u00e5 \u00e5 v\u00e6re poeng. I omr\u00e5dene som er ber\u00f8rt av utbruddet, i samsvar med indikasjonene p\u00e5 den nasjonale overv\u00e5kningsplanen for arbovirose, kan administrasjonene utarbeide <strong>Hastighetsinngrep av myggdesinfestasjon.<\/strong><\/p>\n<h2>Alt du trenger \u00e5 vite om Chikungunya -viruset<\/h2>\n<p>Chikungunya (CHIKV) viruset er et arbovirus i RNA, av sjangeren <em>Alfavirus<\/em>isolert for f\u00f8rste gang i 1952 i Tanzania. Det er et virus <strong>f\u00f8lsom for f\u00f8lgende<\/strong> og temperaturer over 58 \u00b0 C. Sykdommen er av afrikansk opprinnelse, men det er n\u00e5 <strong>Endemisk i S\u00f8r\u00f8st -Asia<\/strong>i det indiske subkontinentet, i Stillehavsregionen og i de tropiske regionene i Amerika. Fokuser har skjedd i Europa ved flere anledninger, etter importerte tilfeller p\u00e5 grunn av pasienter de hadde<strong> kontrakt sykdommen i utlandet,<\/strong> og i noen tilfeller etter autoktone infeksjoner.<\/p>\n<p>Genetiske unders\u00f8kelser har gjort det mulig \u00e5 identifisere i de forskjellige geografiske makroomr\u00e5dene <strong>Ulike stammer av viruset<\/strong>: En isolert type i omr\u00e5dene i Det indiske hav er forskjellig fra stammer som er til stede i \u00f8stlige, sentrale og S\u00f8r -Afrika, fra Vest -Afrika og Asia.<\/p>\n<h2><strong>Hvordan overf\u00f8re<\/strong><\/h2>\n<p>Hovedvektorene til CHIKV -viruset er mygg <em>A. Aegypti<\/em> Og <em>En albopictus<\/em>. Spesielt Tiger -myggen (<em>A.Albopictus<\/em>) er vanskelig \u00e5 kontrollere, da det er en insektannonse <strong>Bred geografisk distribusjon<\/strong>veldig motstandsdyktig og langvarig, vel <strong>ogs\u00e5 tilpasset urbane milj\u00f8er<\/strong> Og det svir ogs\u00e5 i l\u00f8pet av dagen.<\/p>\n<div class=\"cp_wrapper cp_wrapper--fw mb-50\">\n<figure class=\"mm\"><picture class=\"img\" style=\"padding-top:56.25%\"><source  media=\"(min-width: 1024px)\"><source  media=\"(min-width: 768px)\"><img decoding=\"async\" loading=\"lazy\" src=\"https:\/\/nordnesrepublikken.no\/wp-content\/uploads\/2025\/07\/1753886972_410_Hva-er-symptomene-og-hvordan-du-kan-forsvare-seg.jpg\" alt=\"Chikungunya Tiger Mosquito\" width=\"4608\" height=\"2592\"><\/source><\/source><\/picture><\/figure>\n<\/p><\/div>\n<p>Hvis en mann er utviklet av en infisert mygg (som derfor allerede har viruset i sirkelen), er det smittet, utvikler sykdommen og det kan v\u00e6re <strong>Tank med andre virus for en annen mygg<\/strong> at ved punding vil det komme i kontakt med de virale partiklene.<\/p>\n<p><strong>Direkte overf\u00f8ring fra menn til mann er ikke mulig<\/strong>. Det er klart at et individ kan f\u00e5 sykdommen i utlandet og bringe den ufrivillig &laquo;hjem&raquo; der p\u00e5 kort tid, hvis det er passende milj\u00f8forhold (fuktig varmt klima og tilstedev\u00e6relsen av mygg), kan det infisere andre mennesker. I praksis er du smittet med en mygg, og p\u00e5 sin side kan vi infisere andre mygg som vil straffe og smittet nye mennesker: en ny utviklet <strong>Fokusar.<\/strong><\/p>\n<p>Interessant \u00e5 merke seg at p\u00e5 grunnlag av epidemiologisk forskning f\u00f8lger spredningen av viruset i India, Asia og Europa en <strong>Man-Life-Man Cycle<\/strong>Mens de i Afrika er de s\u00e5 -kalt &laquo;tankene&raquo; av infeksjonen ogs\u00e5 aper, gnagere, fugler og andre virveldyr.<\/p>\n<h2><strong>Hva er de viktigste symptomene<\/strong><\/h2>\n<p>Inkubasjonen av sykdommen fra smittemomentet g\u00e5r fra <strong>3 opp til maksimalt 12 dager<\/strong>. I den symptomatiske fasen presenterer de seg <strong>feber<\/strong> Og <strong>leddsmerter,<\/strong> Noen ganger forekommer muskelsmerter, hodepine, tretthet og i omtrent halvparten av symptomatiske pasienter ogs\u00e5, til og med en &#8216;ogs\u00e5<strong>Utslett med papler<\/strong>. Nettopp fra symptomene henter sykdommenes navn: begrepet chikungunya, i noen afrikanske dialekter betyr &laquo;<em>G\u00e5 brettet<\/em>&laquo;eller&raquo;<strong><em>hva som er kontrakt<\/em><\/strong>&laquo;.<\/p>\n<p>Mange tilfeller er <strong>asymptomatisk<\/strong> og derfor ikke p\u00e5viselig fra epidemiologisk statistikk. Viktig \u00e5 understreke at leddsmerter kan vedvare i flere dager eller til og med for <strong>M\u00e5neder<\/strong>men generelt er sykdommen ikke d\u00f8delig, bortsett fra i tilfeller av sv\u00e6rt \u00f8delagte personer. Infeksjonen kan bare bekreftes av <strong>Blodanalyse for s\u00f8ket etter virus eller antistoffer.<\/strong><\/p>\n<h2><strong>Hvordan behandle det og forhindre det<\/strong><\/h2>\n<p>For \u00f8yeblikket <strong>Det er ingen spesifikke antivirale medisiner<\/strong> Og en vaksine ble opplevd i USA, men enn\u00e5 ikke godkjent i Europa; I alle fall bestemmer infeksjonen hos de ber\u00f8rte fors\u00f8kspersonene<strong>Langvarig immunitet.<\/strong> Som Superior Health Institute ogs\u00e5 anbefaler, best\u00e5r de mest effektive forebyggingstiltakene i:<\/p>\n<ul>\n<li>Begrens inntreden av mygg til lukkede steder ved \u00e5 bruke <strong>mygg garn<\/strong> til vinduene;<\/li>\n<li>Bruk kl\u00e6r som med lys farge og det <strong>De dekker s\u00e5 mye som mulige ben og armer<\/strong> Hvis du er utend\u00f8rs i sannsynlig tilstedev\u00e6relse av mygg;<\/li>\n<li>s\u00f8ke <strong>repellents<\/strong> anti -media;<\/li>\n<li>Kontroller befolkningen av voksne mygg og fremfor alle larvestadionene med passende <strong>Desinfestasjonskampanjer<\/strong>til og med ekstraordin\u00e6r i omr\u00e5dene som er ber\u00f8rt av infeksjonen;<\/li>\n<li>Kriteriet av <strong>midlertidig suspensjon<\/strong> Fra bloddonasjonen<\/li>\n<\/ul>\n<h2>N\u00e5r ankom du i Italia?<\/h2>\n<p>Den f\u00f8rste episoden av denne tropiske sykdommen manifesterte seg i Italia mellom 4. juli og 27. september 2007 da 205 tilfeller ble identifisert sannsynligvis smittet over tid fra en mannlig pasient som kom tilbake fra et opphold i India. Etter denne episoden har Italia etablert en <strong>Nasjonal plan for overv\u00e5king og kontroll av sykdommen<\/strong>. M\u00e5let med dette overv\u00e5kningssystemet er \u00e5 overv\u00e5ke de importerte sakene og den lokale overf\u00f8ringen. En andre epidemi skjedde samtidig i Italia, i omr\u00e5der av Lazio og Calabria, og i Frankrike i 2017.<\/p>\n<\/p><\/div>\n","protected":false},"excerpt":{"rendered":"<p>I disse dager er tilfeller av sykdommen bekreftet Chikungunya i Bolognese innlandet og i provinsen<\/p>\n","protected":false},"author":1,"featured_media":7646,"comment_status":"closed","ping_status":"open","sticky":false,"template":"","format":"standard","meta":{"footnotes":""},"categories":[24],"tags":[585,144,112,339,96,5014],"class_list":["post-7645","post","type-post","status-publish","format-standard","has-post-thumbnail","hentry","category-vitenskap","tag-forsvare","tag-hva","tag-hvordan","tag-kan","tag-seg","tag-symptomene","generate-columns","tablet-grid-50","mobile-grid-100","grid-parent","grid-33","resize-featured-image"],"yoast_head":"<!-- This site is optimized with the Yoast SEO plugin v24.4 - https:\/\/yoast.com\/wordpress\/plugins\/seo\/ -->\n<title>Hva er symptomene og hvordan du kan forsvare seg - Nordnesrepublikken<\/title>\n<meta name=\"robots\" content=\"index, follow, max-snippet:-1, max-image-preview:large, max-video-preview:-1\" \/>\n<link rel=\"canonical\" href=\"https:\/\/nordnesrepublikken.no\/index.php\/2025\/07\/30\/hva-er-symptomene-og-hvordan-du-kan-forsvare-seg\/\" \/>\n<meta property=\"og:locale\" content=\"nb_NO\" \/>\n<meta property=\"og:type\" content=\"article\" \/>\n<meta property=\"og:title\" content=\"Hva er symptomene og hvordan du kan forsvare seg - Nordnesrepublikken\" \/>\n<meta property=\"og:description\" content=\"I disse dager er tilfeller av sykdommen bekreftet Chikungunya i Bolognese innlandet og i provinsen\" \/>\n<meta property=\"og:url\" content=\"https:\/\/nordnesrepublikken.no\/index.php\/2025\/07\/30\/hva-er-symptomene-og-hvordan-du-kan-forsvare-seg\/\" \/>\n<meta property=\"og:site_name\" content=\"Nordnesrepublikken\" \/>\n<meta property=\"article:published_time\" content=\"2025-07-30T14:49:32+00:00\" \/>\n<meta property=\"article:modified_time\" content=\"2025-07-30T14:49:46+00:00\" \/>\n<meta property=\"og:image\" content=\"https:\/\/nordnesrepublikken.no\/wp-content\/uploads\/2025\/07\/1753886972_Hva-er-symptomene-og-hvordan-du-kan-forsvare-seg-scaled.jpg\" \/>\n\t<meta property=\"og:image:width\" content=\"2560\" \/>\n\t<meta property=\"og:image:height\" content=\"1341\" \/>\n\t<meta property=\"og:image:type\" content=\"image\/jpeg\" \/>\n<meta name=\"author\" content=\"Ole Andersen\" \/>\n<meta name=\"twitter:card\" content=\"summary_large_image\" \/>\n<meta name=\"twitter:label1\" content=\"Skrevet av\" \/>\n\t<meta name=\"twitter:data1\" content=\"Ole Andersen\" \/>\n\t<meta name=\"twitter:label2\" content=\"Ansl. lesetid\" \/>\n\t<meta name=\"twitter:data2\" content=\"4 minutter\" \/>\n<script type=\"application\/ld+json\" class=\"yoast-schema-graph\">{\"@context\":\"https:\/\/schema.org\",\"@graph\":[{\"@type\":\"Article\",\"@id\":\"https:\/\/nordnesrepublikken.no\/index.php\/2025\/07\/30\/hva-er-symptomene-og-hvordan-du-kan-forsvare-seg\/#article\",\"isPartOf\":{\"@id\":\"https:\/\/nordnesrepublikken.no\/index.php\/2025\/07\/30\/hva-er-symptomene-og-hvordan-du-kan-forsvare-seg\/\"},\"author\":{\"name\":\"Ole Andersen\",\"@id\":\"https:\/\/nordnesrepublikken.no\/#\/schema\/person\/2e7e81935bab77882fffb79296240ff1\"},\"headline\":\"Hva er symptomene og hvordan du kan forsvare seg\",\"datePublished\":\"2025-07-30T14:49:32+00:00\",\"dateModified\":\"2025-07-30T14:49:46+00:00\",\"mainEntityOfPage\":{\"@id\":\"https:\/\/nordnesrepublikken.no\/index.php\/2025\/07\/30\/hva-er-symptomene-og-hvordan-du-kan-forsvare-seg\/\"},\"wordCount\":878,\"publisher\":{\"@id\":\"https:\/\/nordnesrepublikken.no\/#organization\"},\"image\":{\"@id\":\"https:\/\/nordnesrepublikken.no\/index.php\/2025\/07\/30\/hva-er-symptomene-og-hvordan-du-kan-forsvare-seg\/#primaryimage\"},\"thumbnailUrl\":\"https:\/\/nordnesrepublikken.no\/wp-content\/uploads\/2025\/07\/1753886972_Hva-er-symptomene-og-hvordan-du-kan-forsvare-seg-scaled.jpg\",\"keywords\":[\"forsvare\",\"Hva\",\"Hvordan\",\"kan\",\"seg\",\"symptomene\"],\"articleSection\":[\"Vitenskap\"],\"inLanguage\":\"nb-NO\"},{\"@type\":\"WebPage\",\"@id\":\"https:\/\/nordnesrepublikken.no\/index.php\/2025\/07\/30\/hva-er-symptomene-og-hvordan-du-kan-forsvare-seg\/\",\"url\":\"https:\/\/nordnesrepublikken.no\/index.php\/2025\/07\/30\/hva-er-symptomene-og-hvordan-du-kan-forsvare-seg\/\",\"name\":\"Hva er symptomene og hvordan du kan forsvare seg - Nordnesrepublikken\",\"isPartOf\":{\"@id\":\"https:\/\/nordnesrepublikken.no\/#website\"},\"primaryImageOfPage\":{\"@id\":\"https:\/\/nordnesrepublikken.no\/index.php\/2025\/07\/30\/hva-er-symptomene-og-hvordan-du-kan-forsvare-seg\/#primaryimage\"},\"image\":{\"@id\":\"https:\/\/nordnesrepublikken.no\/index.php\/2025\/07\/30\/hva-er-symptomene-og-hvordan-du-kan-forsvare-seg\/#primaryimage\"},\"thumbnailUrl\":\"https:\/\/nordnesrepublikken.no\/wp-content\/uploads\/2025\/07\/1753886972_Hva-er-symptomene-og-hvordan-du-kan-forsvare-seg-scaled.jpg\",\"datePublished\":\"2025-07-30T14:49:32+00:00\",\"dateModified\":\"2025-07-30T14:49:46+00:00\",\"breadcrumb\":{\"@id\":\"https:\/\/nordnesrepublikken.no\/index.php\/2025\/07\/30\/hva-er-symptomene-og-hvordan-du-kan-forsvare-seg\/#breadcrumb\"},\"inLanguage\":\"nb-NO\",\"potentialAction\":[{\"@type\":\"ReadAction\",\"target\":[\"https:\/\/nordnesrepublikken.no\/index.php\/2025\/07\/30\/hva-er-symptomene-og-hvordan-du-kan-forsvare-seg\/\"]}]},{\"@type\":\"ImageObject\",\"inLanguage\":\"nb-NO\",\"@id\":\"https:\/\/nordnesrepublikken.no\/index.php\/2025\/07\/30\/hva-er-symptomene-og-hvordan-du-kan-forsvare-seg\/#primaryimage\",\"url\":\"https:\/\/nordnesrepublikken.no\/wp-content\/uploads\/2025\/07\/1753886972_Hva-er-symptomene-og-hvordan-du-kan-forsvare-seg-scaled.jpg\",\"contentUrl\":\"https:\/\/nordnesrepublikken.no\/wp-content\/uploads\/2025\/07\/1753886972_Hva-er-symptomene-og-hvordan-du-kan-forsvare-seg-scaled.jpg\",\"width\":2560,\"height\":1341,\"caption\":\"chikungunya\"},{\"@type\":\"BreadcrumbList\",\"@id\":\"https:\/\/nordnesrepublikken.no\/index.php\/2025\/07\/30\/hva-er-symptomene-og-hvordan-du-kan-forsvare-seg\/#breadcrumb\",\"itemListElement\":[{\"@type\":\"ListItem\",\"position\":1,\"name\":\"Home\",\"item\":\"https:\/\/nordnesrepublikken.no\/\"},{\"@type\":\"ListItem\",\"position\":2,\"name\":\"Hva er symptomene og hvordan du kan forsvare seg\"}]},{\"@type\":\"WebSite\",\"@id\":\"https:\/\/nordnesrepublikken.no\/#website\",\"url\":\"https:\/\/nordnesrepublikken.no\/\",\"name\":\"Nordnesrepublikken\",\"description\":\"Stemmer og Visjoner fra Republikkens Hjerte\",\"publisher\":{\"@id\":\"https:\/\/nordnesrepublikken.no\/#organization\"},\"potentialAction\":[{\"@type\":\"SearchAction\",\"target\":{\"@type\":\"EntryPoint\",\"urlTemplate\":\"https:\/\/nordnesrepublikken.no\/?s={search_term_string}\"},\"query-input\":{\"@type\":\"PropertyValueSpecification\",\"valueRequired\":true,\"valueName\":\"search_term_string\"}}],\"inLanguage\":\"nb-NO\"},{\"@type\":\"Organization\",\"@id\":\"https:\/\/nordnesrepublikken.no\/#organization\",\"name\":\"Nordnesrepublikken\",\"url\":\"https:\/\/nordnesrepublikken.no\/\",\"logo\":{\"@type\":\"ImageObject\",\"inLanguage\":\"nb-NO\",\"@id\":\"https:\/\/nordnesrepublikken.no\/#\/schema\/logo\/image\/\",\"url\":\"https:\/\/nordnesrepublikken.no\/wp-content\/uploads\/2025\/02\/cropped-nordnesrepublikken-2.png\",\"contentUrl\":\"https:\/\/nordnesrepublikken.no\/wp-content\/uploads\/2025\/02\/cropped-nordnesrepublikken-2.png\",\"width\":1248,\"height\":362,\"caption\":\"Nordnesrepublikken\"},\"image\":{\"@id\":\"https:\/\/nordnesrepublikken.no\/#\/schema\/logo\/image\/\"}},{\"@type\":\"Person\",\"@id\":\"https:\/\/nordnesrepublikken.no\/#\/schema\/person\/2e7e81935bab77882fffb79296240ff1\",\"name\":\"Ole Andersen\",\"image\":{\"@type\":\"ImageObject\",\"inLanguage\":\"nb-NO\",\"@id\":\"https:\/\/nordnesrepublikken.no\/#\/schema\/person\/image\/\",\"url\":\"https:\/\/nordnesrepublikken.no\/wp-content\/uploads\/2025\/02\/nordnesrepublikken-2-2-150x150.jpg\",\"contentUrl\":\"https:\/\/nordnesrepublikken.no\/wp-content\/uploads\/2025\/02\/nordnesrepublikken-2-2-150x150.jpg\",\"caption\":\"Ole Andersen\"},\"description\":\"Ettersom jeg vokste opp i Oslo, har jeg alltid v\u00e6rt fascinert av ordenes kraft og deres evne til \u00e5 skape endringer. Etter \u00e5 ha fullf\u00f8rt min utdannelse i kommunikasjon ved Universitetet i Bergen, fikk jeg muligheten til \u00e5 jobbe innen ulike medier, der jeg har s\u00f8kt \u00e5 belyse viktige samfunnssp\u00f8rsm\u00e5l. I dag, som redakt\u00f8r for Nordnesrepublikken, pr\u00f8ver jeg \u00e5 forene min kj\u00e6rlighet for journalistikk med min lidenskap for innovasjon og eventyr.\",\"sameAs\":[\"https:\/\/nordnesrepublikken.no\/\"]}]}<\/script>\n<!-- \/ Yoast SEO plugin. -->","yoast_head_json":{"title":"Hva er symptomene og hvordan du kan forsvare seg - Nordnesrepublikken","robots":{"index":"index","follow":"follow","max-snippet":"max-snippet:-1","max-image-preview":"max-image-preview:large","max-video-preview":"max-video-preview:-1"},"canonical":"https:\/\/nordnesrepublikken.no\/index.php\/2025\/07\/30\/hva-er-symptomene-og-hvordan-du-kan-forsvare-seg\/","og_locale":"nb_NO","og_type":"article","og_title":"Hva er symptomene og hvordan du kan forsvare seg - Nordnesrepublikken","og_description":"I disse dager er tilfeller av sykdommen bekreftet Chikungunya i Bolognese innlandet og i provinsen","og_url":"https:\/\/nordnesrepublikken.no\/index.php\/2025\/07\/30\/hva-er-symptomene-og-hvordan-du-kan-forsvare-seg\/","og_site_name":"Nordnesrepublikken","article_published_time":"2025-07-30T14:49:32+00:00","article_modified_time":"2025-07-30T14:49:46+00:00","og_image":[{"width":2560,"height":1341,"url":"https:\/\/nordnesrepublikken.no\/wp-content\/uploads\/2025\/07\/1753886972_Hva-er-symptomene-og-hvordan-du-kan-forsvare-seg-scaled.jpg","type":"image\/jpeg"}],"author":"Ole Andersen","twitter_card":"summary_large_image","twitter_misc":{"Skrevet av":"Ole Andersen","Ansl. lesetid":"4 minutter"},"schema":{"@context":"https:\/\/schema.org","@graph":[{"@type":"Article","@id":"https:\/\/nordnesrepublikken.no\/index.php\/2025\/07\/30\/hva-er-symptomene-og-hvordan-du-kan-forsvare-seg\/#article","isPartOf":{"@id":"https:\/\/nordnesrepublikken.no\/index.php\/2025\/07\/30\/hva-er-symptomene-og-hvordan-du-kan-forsvare-seg\/"},"author":{"name":"Ole Andersen","@id":"https:\/\/nordnesrepublikken.no\/#\/schema\/person\/2e7e81935bab77882fffb79296240ff1"},"headline":"Hva er symptomene og hvordan du kan forsvare seg","datePublished":"2025-07-30T14:49:32+00:00","dateModified":"2025-07-30T14:49:46+00:00","mainEntityOfPage":{"@id":"https:\/\/nordnesrepublikken.no\/index.php\/2025\/07\/30\/hva-er-symptomene-og-hvordan-du-kan-forsvare-seg\/"},"wordCount":878,"publisher":{"@id":"https:\/\/nordnesrepublikken.no\/#organization"},"image":{"@id":"https:\/\/nordnesrepublikken.no\/index.php\/2025\/07\/30\/hva-er-symptomene-og-hvordan-du-kan-forsvare-seg\/#primaryimage"},"thumbnailUrl":"https:\/\/nordnesrepublikken.no\/wp-content\/uploads\/2025\/07\/1753886972_Hva-er-symptomene-og-hvordan-du-kan-forsvare-seg-scaled.jpg","keywords":["forsvare","Hva","Hvordan","kan","seg","symptomene"],"articleSection":["Vitenskap"],"inLanguage":"nb-NO"},{"@type":"WebPage","@id":"https:\/\/nordnesrepublikken.no\/index.php\/2025\/07\/30\/hva-er-symptomene-og-hvordan-du-kan-forsvare-seg\/","url":"https:\/\/nordnesrepublikken.no\/index.php\/2025\/07\/30\/hva-er-symptomene-og-hvordan-du-kan-forsvare-seg\/","name":"Hva er symptomene og hvordan du kan forsvare seg - Nordnesrepublikken","isPartOf":{"@id":"https:\/\/nordnesrepublikken.no\/#website"},"primaryImageOfPage":{"@id":"https:\/\/nordnesrepublikken.no\/index.php\/2025\/07\/30\/hva-er-symptomene-og-hvordan-du-kan-forsvare-seg\/#primaryimage"},"image":{"@id":"https:\/\/nordnesrepublikken.no\/index.php\/2025\/07\/30\/hva-er-symptomene-og-hvordan-du-kan-forsvare-seg\/#primaryimage"},"thumbnailUrl":"https:\/\/nordnesrepublikken.no\/wp-content\/uploads\/2025\/07\/1753886972_Hva-er-symptomene-og-hvordan-du-kan-forsvare-seg-scaled.jpg","datePublished":"2025-07-30T14:49:32+00:00","dateModified":"2025-07-30T14:49:46+00:00","breadcrumb":{"@id":"https:\/\/nordnesrepublikken.no\/index.php\/2025\/07\/30\/hva-er-symptomene-og-hvordan-du-kan-forsvare-seg\/#breadcrumb"},"inLanguage":"nb-NO","potentialAction":[{"@type":"ReadAction","target":["https:\/\/nordnesrepublikken.no\/index.php\/2025\/07\/30\/hva-er-symptomene-og-hvordan-du-kan-forsvare-seg\/"]}]},{"@type":"ImageObject","inLanguage":"nb-NO","@id":"https:\/\/nordnesrepublikken.no\/index.php\/2025\/07\/30\/hva-er-symptomene-og-hvordan-du-kan-forsvare-seg\/#primaryimage","url":"https:\/\/nordnesrepublikken.no\/wp-content\/uploads\/2025\/07\/1753886972_Hva-er-symptomene-og-hvordan-du-kan-forsvare-seg-scaled.jpg","contentUrl":"https:\/\/nordnesrepublikken.no\/wp-content\/uploads\/2025\/07\/1753886972_Hva-er-symptomene-og-hvordan-du-kan-forsvare-seg-scaled.jpg","width":2560,"height":1341,"caption":"chikungunya"},{"@type":"BreadcrumbList","@id":"https:\/\/nordnesrepublikken.no\/index.php\/2025\/07\/30\/hva-er-symptomene-og-hvordan-du-kan-forsvare-seg\/#breadcrumb","itemListElement":[{"@type":"ListItem","position":1,"name":"Home","item":"https:\/\/nordnesrepublikken.no\/"},{"@type":"ListItem","position":2,"name":"Hva er symptomene og hvordan du kan forsvare seg"}]},{"@type":"WebSite","@id":"https:\/\/nordnesrepublikken.no\/#website","url":"https:\/\/nordnesrepublikken.no\/","name":"Nordnesrepublikken","description":"Stemmer og Visjoner fra Republikkens Hjerte","publisher":{"@id":"https:\/\/nordnesrepublikken.no\/#organization"},"potentialAction":[{"@type":"SearchAction","target":{"@type":"EntryPoint","urlTemplate":"https:\/\/nordnesrepublikken.no\/?s={search_term_string}"},"query-input":{"@type":"PropertyValueSpecification","valueRequired":true,"valueName":"search_term_string"}}],"inLanguage":"nb-NO"},{"@type":"Organization","@id":"https:\/\/nordnesrepublikken.no\/#organization","name":"Nordnesrepublikken","url":"https:\/\/nordnesrepublikken.no\/","logo":{"@type":"ImageObject","inLanguage":"nb-NO","@id":"https:\/\/nordnesrepublikken.no\/#\/schema\/logo\/image\/","url":"https:\/\/nordnesrepublikken.no\/wp-content\/uploads\/2025\/02\/cropped-nordnesrepublikken-2.png","contentUrl":"https:\/\/nordnesrepublikken.no\/wp-content\/uploads\/2025\/02\/cropped-nordnesrepublikken-2.png","width":1248,"height":362,"caption":"Nordnesrepublikken"},"image":{"@id":"https:\/\/nordnesrepublikken.no\/#\/schema\/logo\/image\/"}},{"@type":"Person","@id":"https:\/\/nordnesrepublikken.no\/#\/schema\/person\/2e7e81935bab77882fffb79296240ff1","name":"Ole Andersen","image":{"@type":"ImageObject","inLanguage":"nb-NO","@id":"https:\/\/nordnesrepublikken.no\/#\/schema\/person\/image\/","url":"https:\/\/nordnesrepublikken.no\/wp-content\/uploads\/2025\/02\/nordnesrepublikken-2-2-150x150.jpg","contentUrl":"https:\/\/nordnesrepublikken.no\/wp-content\/uploads\/2025\/02\/nordnesrepublikken-2-2-150x150.jpg","caption":"Ole Andersen"},"description":"Ettersom jeg vokste opp i Oslo, har jeg alltid v\u00e6rt fascinert av ordenes kraft og deres evne til \u00e5 skape endringer. Etter \u00e5 ha fullf\u00f8rt min utdannelse i kommunikasjon ved Universitetet i Bergen, fikk jeg muligheten til \u00e5 jobbe innen ulike medier, der jeg har s\u00f8kt \u00e5 belyse viktige samfunnssp\u00f8rsm\u00e5l. I dag, som redakt\u00f8r for Nordnesrepublikken, pr\u00f8ver jeg \u00e5 forene min kj\u00e6rlighet for journalistikk med min lidenskap for innovasjon og eventyr.","sameAs":["https:\/\/nordnesrepublikken.no\/"]}]}},"_links":{"self":[{"href":"https:\/\/nordnesrepublikken.no\/index.php\/wp-json\/wp\/v2\/posts\/7645","targetHints":{"allow":["GET"]}}],"collection":[{"href":"https:\/\/nordnesrepublikken.no\/index.php\/wp-json\/wp\/v2\/posts"}],"about":[{"href":"https:\/\/nordnesrepublikken.no\/index.php\/wp-json\/wp\/v2\/types\/post"}],"author":[{"embeddable":true,"href":"https:\/\/nordnesrepublikken.no\/index.php\/wp-json\/wp\/v2\/users\/1"}],"replies":[{"embeddable":true,"href":"https:\/\/nordnesrepublikken.no\/index.php\/wp-json\/wp\/v2\/comments?post=7645"}],"version-history":[{"count":1,"href":"https:\/\/nordnesrepublikken.no\/index.php\/wp-json\/wp\/v2\/posts\/7645\/revisions"}],"predecessor-version":[{"id":7647,"href":"https:\/\/nordnesrepublikken.no\/index.php\/wp-json\/wp\/v2\/posts\/7645\/revisions\/7647"}],"wp:featuredmedia":[{"embeddable":true,"href":"https:\/\/nordnesrepublikken.no\/index.php\/wp-json\/wp\/v2\/media\/7646"}],"wp:attachment":[{"href":"https:\/\/nordnesrepublikken.no\/index.php\/wp-json\/wp\/v2\/media?parent=7645"}],"wp:term":[{"taxonomy":"category","embeddable":true,"href":"https:\/\/nordnesrepublikken.no\/index.php\/wp-json\/wp\/v2\/categories?post=7645"},{"taxonomy":"post_tag","embeddable":true,"href":"https:\/\/nordnesrepublikken.no\/index.php\/wp-json\/wp\/v2\/tags?post=7645"}],"curies":[{"name":"wp","href":"https:\/\/api.w.org\/{rel}","templated":true}]}}