{"id":7567,"date":"2025-07-29T01:49:44","date_gmt":"2025-07-28T23:49:44","guid":{"rendered":"https:\/\/nordnesrepublikken.no\/index.php\/2025\/07\/29\/renfe-train-forsinkelser-treffer-madrid-ruter-pluss-brann-og-avril-defekter\/"},"modified":"2025-07-29T01:49:51","modified_gmt":"2025-07-28T23:49:51","slug":"renfe-train-forsinkelser-treffer-madrid-ruter-pluss-brann-og-avril-defekter","status":"publish","type":"post","link":"https:\/\/nordnesrepublikken.no\/index.php\/2025\/07\/29\/renfe-train-forsinkelser-treffer-madrid-ruter-pluss-brann-og-avril-defekter\/","title":{"rendered":"Renfe Train forsinkelser treffer Madrid -ruter, pluss brann og avril -defekter"},"content":{"rendered":"<p><\/p>\n<div class=\"wordpress-content\">\n                    <!-- Article Start --><\/p>\n<p><strong>Tusenvis av passasjerer ble forlatt strandet mandag 28. juli 2025, da Renfe -togtjenester mellom Madrid, Andalusia og Barcelona m\u00f8tte store forstyrrelser. <\/strong><\/p>\n<p>Et ildb\u00e5l tvang en full jernbaneavstengning p\u00e5 den s\u00f8rlige linjen, mens strukturelle sprekker som ble oppdaget i Avlos nye Avril -fl\u00e5ten f\u00f8rte til et tilbaketrekning av tog fra den viktigste Madrid &#8211; Barcelona -passasjen.<\/p>\n<h2><strong>Wildfire stopper h\u00f8yhastighetstog i S\u00f8r-Spania<\/strong><\/h2>\n<p>Et alvorlig brann br\u00f8t ut i Brazatortas, Ciudad Real, mandag ettermiddag, noe som f\u00f8rte til fullstendig suspensjon av jernbanetrafikk mellom Madrid og Andalusia. Blaze, som produserte en tung r\u00f8yks\u00f8yle, truet synlighet og sikkerhet p\u00e5 linjen mellom Puertollano og Venta La In\u00e9s. ADIF, infrastrukturoperat\u00f8ren, bekreftet den midlertidige suspensjonen av alle tjenester gjennom omr\u00e5det.<\/p>\n<div class=\"sra_unit\"><link rel=\"stylesheet\" id=\"block-sra\" href=\"https:\/\/euroweeklynews.com\/wp-content\/plugins\/snack-related-articles\/dist\/css\/snack-related.min.css?250312-193541\" type=\"text\/css\" media=\"all\">\n<\/div>\n<p>Brannen ble erkl\u00e6rt en n\u00f8dsituasjon p\u00e5 niv\u00e5 1 p\u00e5 grunn av dens potensielle innvirkning p\u00e5 infrastruktur, og bakke- og antennebesetninger fra Infocam ble utplassert for \u00e5 inneholde flammene. Som et resultat ble flere Renfe h\u00f8yhastighetstjenester, inkludert Ave, Avlo, Avant og Alvia, enten stoppet midt i turneyen eller forhindret fra \u00e5 g\u00e5 helt av.<\/p>\n<p>Blant de mest ber\u00f8rte var Ave 02140 og 02142 tjenester fra Madrid til Sevilla og M\u00e1laga, som begge ble stoppet i Puertollano. AVLO 02149 fra M\u00e1laga til Madrid ble varetektsfengslet i C\u00f3rdoba, mens Alvia 02135 fra C\u00e1diz til Madrid ogs\u00e5 stoppet i samme omr\u00e5de. Andre tjenester mellom Madrid og Granada eller Sevilla sto overfor lignende stopp eller kanselleringer.<\/p>\n<h2><strong>Avlos Avril -tog trukket fra tjenesten etter Crack Discovery<\/strong><\/h2>\n<p>Mens passasjerer i s\u00f8r m\u00f8tte brannrelaterte forsinkelser, m\u00f8tte reisende p\u00e5 Madrid-Barcelona-linjen en annen type problem. Renfe har bekreftet at den trekker sine serie 106 AVRIL-tog som ble brukt i lave kostnader AVLO-tjenester fra drift p\u00e5 grunn av sprekker som finnes i en kritisk strukturell komponent.<\/p>\n<p>Problemet ble oppdaget 21. juli under en rutinemessig inspeksjon, da en sprekk ble funnet i bogie -rammen til en av enhetene. Bogier er metallstrukturer som st\u00f8tter hjulene og absorberer vibrasjoner. Etter oppdagelsen ble alle fem Avril -togene p\u00e5 ruten inspisert. Selv om Renfe opprinnelig nektet noen servicesuspensjon, avsl\u00f8rte en intern melding til over 4000 ansatte at hele fl\u00e5ten midlertidig ville bli fjernet p\u00e5 grunn av mangel p\u00e5 erstatningsdeler.<\/p>\n<p>I uttalelsen som ble utgitt for publikum p\u00e5 fredag, sa Renfe: &laquo;Fl\u00e5ten har ikke blitt lammet og togene gjennomg\u00e5r planlagte inspeksjoner eller komponentutskiftninger, som en del av rutinemessig vedlikehold.&raquo;<\/p>\n<p>Likevel, samtidig, blokkerte selskapet billettsalg for Avlo -tjenester i hele august, og bare reaktiverte dem de siste dagene n\u00e5r det ble arrangert erstatningstog. Ruter blir n\u00e5 dekket av eldre serie 103 og 102 tog, med serie 100 -tog omdirigert til andre korridorer som Sevilla.<\/p>\n<h2><strong>En lang liste over tekniske problemer for Avril -fl\u00e5ten<\/strong><\/h2>\n<p>Avril -fl\u00e5ten, produsert av Talgo, har m\u00f8tt problemer siden f\u00f8rste dag. Leveringen ble forsinket med mer enn to \u00e5r, noe som resulterte i at Renfe b\u00f8teleder leverand\u00f8ren 116 millioner euro &#8211; en straff som n\u00e5 vil bli betalt i avdrag til 2038. Siden du gikk inn i tjenesten i mai 2024, har serien 106 tog opplevd mange feil.<\/p>\n<p>1. januar fikk en programvarefeil at alle enheter ikke klarte \u00e5 gjenkjenne endringen av \u00e5ret, lamme hele fl\u00e5ten og p\u00e5virke over 14 000 passasjerer. Nesten 500 systemhendelser er registrert mellom mai og august alene. Renfe ble etter hvert tvunget til \u00e5 tildele teknisk personell om bord for \u00e5 h\u00e5ndtere hyppige systemfeil i sanntid.<\/p>\n<p>Det siste problemet skjedde bare forrige uke, da et av Avril-togene kolliderte med en buffer p\u00e5 Gij\u00f3n-Sanz Crespo Station. Selv om det ikke ble rapportert om noen skader, ble fronten av toget skadet, og \u00e5rsaken er enn\u00e5 ikke bekreftet.<\/p>\n<p>For \u00e5 redusere risikoen har Renfe ogs\u00e5 p\u00e5lagt en fartsgrense p\u00e5 250 km\/t (ned fra 300 km\/t) p\u00e5 en 190 kilometer lang seksjon av Madrid-Barcelona-linjen.<\/p>\n<h2><strong>Refusjon og kompensasjon for ber\u00f8rte Renfe -passasjerer<\/strong><\/h2>\n<p>Renfe tilbyr kompensasjon for forsinkelser p\u00e5 60 minutter eller mer. Passasjerer som er forsinket med over en time har rett til 50 per CENR -refusjon, og de som er forsinket med mer enn 90 minutter, kan kreve full refusjon. Dette gjelder alle kommersielle tjenester, inkludert Ave, Alvia, Euromed og Intercity. Selv om AVLO -tog kvalifiserer seg, blir de ekskludert fra noen kompensasjonsalternativer, som Renfe -poeng eller fremtidige rabatter.<\/p>\n<p>Reisende kan s\u00f8ke p\u00e5 nettet gjennom delen &laquo;Punktlighetsengasjement&raquo; p\u00e5 Renfe.com, som starter 24 timer etter den forstyrrede reisen. Refusjoner kan utstedes via den opprinnelige betalingsmetoden, en fremtidig reisekupong med en bonus p\u00e5 50 prosent, eller Renfe -poeng med 100 prosent bonus. Krav m\u00e5 sendes inn innen tre m\u00e5neder etter reisen.<\/p>\n<p>N\u00e5r branner raseri og tekniske problemer \u00f8ker, begynner tilliten til Renfes evne til \u00e5 styre Spanias viktige jernbaneruter \u00e5 sprekke. Med forsinkelser, omveier og billettblokker som hoper seg opp, glir Spanias jernbanenett utenfor banen?<\/p>\n<p>Se alle reisenyheter.<\/p>\n<p>Se alle nyheter fra Spania.<\/p>\n<p>                    <!-- Article End -->\n                <\/div>\n","protected":false},"excerpt":{"rendered":"<p>Tusenvis av passasjerer ble forlatt strandet mandag 28. juli 2025, da Renfe -togtjenester mellom Madrid,<\/p>\n","protected":false},"author":1,"featured_media":7568,"comment_status":"closed","ping_status":"open","sticky":false,"template":"","format":"standard","meta":{"footnotes":""},"categories":[105],"tags":[4953,533,4954,4818,2049,512,4951,4220,4952,1295],"class_list":["post-7567","post","type-post","status-publish","format-standard","has-post-thumbnail","hentry","category-livsstil","tag-avril","tag-brann","tag-defekter","tag-forsinkelser","tag-madrid","tag-pluss","tag-renfe","tag-ruter","tag-train","tag-treffer","generate-columns","tablet-grid-50","mobile-grid-100","grid-parent","grid-33","resize-featured-image"],"yoast_head":"<!-- This site is optimized with the Yoast SEO plugin v24.4 - https:\/\/yoast.com\/wordpress\/plugins\/seo\/ -->\n<title>Renfe Train forsinkelser treffer Madrid -ruter, pluss brann og avril -defekter - Nordnesrepublikken<\/title>\n<meta name=\"robots\" content=\"index, follow, max-snippet:-1, max-image-preview:large, max-video-preview:-1\" \/>\n<link rel=\"canonical\" href=\"https:\/\/nordnesrepublikken.no\/index.php\/2025\/07\/29\/renfe-train-forsinkelser-treffer-madrid-ruter-pluss-brann-og-avril-defekter\/\" \/>\n<meta property=\"og:locale\" content=\"nb_NO\" \/>\n<meta property=\"og:type\" content=\"article\" \/>\n<meta property=\"og:title\" content=\"Renfe Train forsinkelser treffer Madrid -ruter, pluss brann og avril -defekter - Nordnesrepublikken\" \/>\n<meta property=\"og:description\" content=\"Tusenvis av passasjerer ble forlatt strandet mandag 28. juli 2025, da Renfe -togtjenester mellom Madrid,\" \/>\n<meta property=\"og:url\" content=\"https:\/\/nordnesrepublikken.no\/index.php\/2025\/07\/29\/renfe-train-forsinkelser-treffer-madrid-ruter-pluss-brann-og-avril-defekter\/\" \/>\n<meta property=\"og:site_name\" content=\"Nordnesrepublikken\" \/>\n<meta property=\"article:published_time\" content=\"2025-07-28T23:49:44+00:00\" \/>\n<meta property=\"article:modified_time\" content=\"2025-07-28T23:49:51+00:00\" \/>\n<meta property=\"og:image\" content=\"https:\/\/nordnesrepublikken.no\/wp-content\/uploads\/2025\/07\/1753746584_Renfe-Train-forsinkelser-treffer-Madrid-ruter-pluss-brann-og-avril.png\" \/>\n\t<meta property=\"og:image:width\" content=\"1200\" \/>\n\t<meta property=\"og:image:height\" content=\"865\" \/>\n\t<meta property=\"og:image:type\" content=\"image\/png\" \/>\n<meta name=\"author\" content=\"Ole Andersen\" \/>\n<meta name=\"twitter:card\" content=\"summary_large_image\" \/>\n<meta name=\"twitter:label1\" content=\"Skrevet av\" \/>\n\t<meta name=\"twitter:data1\" content=\"Ole Andersen\" \/>\n\t<meta name=\"twitter:label2\" content=\"Ansl. lesetid\" \/>\n\t<meta name=\"twitter:data2\" content=\"4 minutter\" \/>\n<script type=\"application\/ld+json\" class=\"yoast-schema-graph\">{\"@context\":\"https:\/\/schema.org\",\"@graph\":[{\"@type\":\"Article\",\"@id\":\"https:\/\/nordnesrepublikken.no\/index.php\/2025\/07\/29\/renfe-train-forsinkelser-treffer-madrid-ruter-pluss-brann-og-avril-defekter\/#article\",\"isPartOf\":{\"@id\":\"https:\/\/nordnesrepublikken.no\/index.php\/2025\/07\/29\/renfe-train-forsinkelser-treffer-madrid-ruter-pluss-brann-og-avril-defekter\/\"},\"author\":{\"name\":\"Ole Andersen\",\"@id\":\"https:\/\/nordnesrepublikken.no\/#\/schema\/person\/2e7e81935bab77882fffb79296240ff1\"},\"headline\":\"Renfe Train forsinkelser treffer Madrid -ruter, pluss brann og avril -defekter\",\"datePublished\":\"2025-07-28T23:49:44+00:00\",\"dateModified\":\"2025-07-28T23:49:51+00:00\",\"mainEntityOfPage\":{\"@id\":\"https:\/\/nordnesrepublikken.no\/index.php\/2025\/07\/29\/renfe-train-forsinkelser-treffer-madrid-ruter-pluss-brann-og-avril-defekter\/\"},\"wordCount\":792,\"publisher\":{\"@id\":\"https:\/\/nordnesrepublikken.no\/#organization\"},\"image\":{\"@id\":\"https:\/\/nordnesrepublikken.no\/index.php\/2025\/07\/29\/renfe-train-forsinkelser-treffer-madrid-ruter-pluss-brann-og-avril-defekter\/#primaryimage\"},\"thumbnailUrl\":\"https:\/\/nordnesrepublikken.no\/wp-content\/uploads\/2025\/07\/1753746584_Renfe-Train-forsinkelser-treffer-Madrid-ruter-pluss-brann-og-avril.png\",\"keywords\":[\"avril\",\"Brann\",\"defekter\",\"forsinkelser\",\"Madrid\",\"pluss\",\"Renfe\",\"ruter\",\"Train\",\"treffer\"],\"articleSection\":[\"Livsstil\"],\"inLanguage\":\"nb-NO\"},{\"@type\":\"WebPage\",\"@id\":\"https:\/\/nordnesrepublikken.no\/index.php\/2025\/07\/29\/renfe-train-forsinkelser-treffer-madrid-ruter-pluss-brann-og-avril-defekter\/\",\"url\":\"https:\/\/nordnesrepublikken.no\/index.php\/2025\/07\/29\/renfe-train-forsinkelser-treffer-madrid-ruter-pluss-brann-og-avril-defekter\/\",\"name\":\"Renfe Train forsinkelser treffer Madrid -ruter, pluss brann og avril -defekter - Nordnesrepublikken\",\"isPartOf\":{\"@id\":\"https:\/\/nordnesrepublikken.no\/#website\"},\"primaryImageOfPage\":{\"@id\":\"https:\/\/nordnesrepublikken.no\/index.php\/2025\/07\/29\/renfe-train-forsinkelser-treffer-madrid-ruter-pluss-brann-og-avril-defekter\/#primaryimage\"},\"image\":{\"@id\":\"https:\/\/nordnesrepublikken.no\/index.php\/2025\/07\/29\/renfe-train-forsinkelser-treffer-madrid-ruter-pluss-brann-og-avril-defekter\/#primaryimage\"},\"thumbnailUrl\":\"https:\/\/nordnesrepublikken.no\/wp-content\/uploads\/2025\/07\/1753746584_Renfe-Train-forsinkelser-treffer-Madrid-ruter-pluss-brann-og-avril.png\",\"datePublished\":\"2025-07-28T23:49:44+00:00\",\"dateModified\":\"2025-07-28T23:49:51+00:00\",\"breadcrumb\":{\"@id\":\"https:\/\/nordnesrepublikken.no\/index.php\/2025\/07\/29\/renfe-train-forsinkelser-treffer-madrid-ruter-pluss-brann-og-avril-defekter\/#breadcrumb\"},\"inLanguage\":\"nb-NO\",\"potentialAction\":[{\"@type\":\"ReadAction\",\"target\":[\"https:\/\/nordnesrepublikken.no\/index.php\/2025\/07\/29\/renfe-train-forsinkelser-treffer-madrid-ruter-pluss-brann-og-avril-defekter\/\"]}]},{\"@type\":\"ImageObject\",\"inLanguage\":\"nb-NO\",\"@id\":\"https:\/\/nordnesrepublikken.no\/index.php\/2025\/07\/29\/renfe-train-forsinkelser-treffer-madrid-ruter-pluss-brann-og-avril-defekter\/#primaryimage\",\"url\":\"https:\/\/nordnesrepublikken.no\/wp-content\/uploads\/2025\/07\/1753746584_Renfe-Train-forsinkelser-treffer-Madrid-ruter-pluss-brann-og-avril.png\",\"contentUrl\":\"https:\/\/nordnesrepublikken.no\/wp-content\/uploads\/2025\/07\/1753746584_Renfe-Train-forsinkelser-treffer-Madrid-ruter-pluss-brann-og-avril.png\",\"width\":1200,\"height\":865,\"caption\":\"Renfe Train forsinkelser treffer Madrid -ruter, pluss brann og avril -defekter\"},{\"@type\":\"BreadcrumbList\",\"@id\":\"https:\/\/nordnesrepublikken.no\/index.php\/2025\/07\/29\/renfe-train-forsinkelser-treffer-madrid-ruter-pluss-brann-og-avril-defekter\/#breadcrumb\",\"itemListElement\":[{\"@type\":\"ListItem\",\"position\":1,\"name\":\"Home\",\"item\":\"https:\/\/nordnesrepublikken.no\/\"},{\"@type\":\"ListItem\",\"position\":2,\"name\":\"Renfe Train forsinkelser treffer Madrid -ruter, pluss brann og avril -defekter\"}]},{\"@type\":\"WebSite\",\"@id\":\"https:\/\/nordnesrepublikken.no\/#website\",\"url\":\"https:\/\/nordnesrepublikken.no\/\",\"name\":\"Nordnesrepublikken\",\"description\":\"Stemmer og Visjoner fra Republikkens Hjerte\",\"publisher\":{\"@id\":\"https:\/\/nordnesrepublikken.no\/#organization\"},\"potentialAction\":[{\"@type\":\"SearchAction\",\"target\":{\"@type\":\"EntryPoint\",\"urlTemplate\":\"https:\/\/nordnesrepublikken.no\/?s={search_term_string}\"},\"query-input\":{\"@type\":\"PropertyValueSpecification\",\"valueRequired\":true,\"valueName\":\"search_term_string\"}}],\"inLanguage\":\"nb-NO\"},{\"@type\":\"Organization\",\"@id\":\"https:\/\/nordnesrepublikken.no\/#organization\",\"name\":\"Nordnesrepublikken\",\"url\":\"https:\/\/nordnesrepublikken.no\/\",\"logo\":{\"@type\":\"ImageObject\",\"inLanguage\":\"nb-NO\",\"@id\":\"https:\/\/nordnesrepublikken.no\/#\/schema\/logo\/image\/\",\"url\":\"https:\/\/nordnesrepublikken.no\/wp-content\/uploads\/2025\/02\/cropped-nordnesrepublikken-2.png\",\"contentUrl\":\"https:\/\/nordnesrepublikken.no\/wp-content\/uploads\/2025\/02\/cropped-nordnesrepublikken-2.png\",\"width\":1248,\"height\":362,\"caption\":\"Nordnesrepublikken\"},\"image\":{\"@id\":\"https:\/\/nordnesrepublikken.no\/#\/schema\/logo\/image\/\"}},{\"@type\":\"Person\",\"@id\":\"https:\/\/nordnesrepublikken.no\/#\/schema\/person\/2e7e81935bab77882fffb79296240ff1\",\"name\":\"Ole Andersen\",\"image\":{\"@type\":\"ImageObject\",\"inLanguage\":\"nb-NO\",\"@id\":\"https:\/\/nordnesrepublikken.no\/#\/schema\/person\/image\/\",\"url\":\"https:\/\/nordnesrepublikken.no\/wp-content\/uploads\/2025\/02\/nordnesrepublikken-2-2-150x150.jpg\",\"contentUrl\":\"https:\/\/nordnesrepublikken.no\/wp-content\/uploads\/2025\/02\/nordnesrepublikken-2-2-150x150.jpg\",\"caption\":\"Ole Andersen\"},\"description\":\"Ettersom jeg vokste opp i Oslo, har jeg alltid v\u00e6rt fascinert av ordenes kraft og deres evne til \u00e5 skape endringer. Etter \u00e5 ha fullf\u00f8rt min utdannelse i kommunikasjon ved Universitetet i Bergen, fikk jeg muligheten til \u00e5 jobbe innen ulike medier, der jeg har s\u00f8kt \u00e5 belyse viktige samfunnssp\u00f8rsm\u00e5l. I dag, som redakt\u00f8r for Nordnesrepublikken, pr\u00f8ver jeg \u00e5 forene min kj\u00e6rlighet for journalistikk med min lidenskap for innovasjon og eventyr.\",\"sameAs\":[\"https:\/\/nordnesrepublikken.no\/\"]}]}<\/script>\n<!-- \/ Yoast SEO plugin. -->","yoast_head_json":{"title":"Renfe Train forsinkelser treffer Madrid -ruter, pluss brann og avril -defekter - Nordnesrepublikken","robots":{"index":"index","follow":"follow","max-snippet":"max-snippet:-1","max-image-preview":"max-image-preview:large","max-video-preview":"max-video-preview:-1"},"canonical":"https:\/\/nordnesrepublikken.no\/index.php\/2025\/07\/29\/renfe-train-forsinkelser-treffer-madrid-ruter-pluss-brann-og-avril-defekter\/","og_locale":"nb_NO","og_type":"article","og_title":"Renfe Train forsinkelser treffer Madrid -ruter, pluss brann og avril -defekter - Nordnesrepublikken","og_description":"Tusenvis av passasjerer ble forlatt strandet mandag 28. juli 2025, da Renfe -togtjenester mellom Madrid,","og_url":"https:\/\/nordnesrepublikken.no\/index.php\/2025\/07\/29\/renfe-train-forsinkelser-treffer-madrid-ruter-pluss-brann-og-avril-defekter\/","og_site_name":"Nordnesrepublikken","article_published_time":"2025-07-28T23:49:44+00:00","article_modified_time":"2025-07-28T23:49:51+00:00","og_image":[{"width":1200,"height":865,"url":"https:\/\/nordnesrepublikken.no\/wp-content\/uploads\/2025\/07\/1753746584_Renfe-Train-forsinkelser-treffer-Madrid-ruter-pluss-brann-og-avril.png","type":"image\/png"}],"author":"Ole Andersen","twitter_card":"summary_large_image","twitter_misc":{"Skrevet av":"Ole Andersen","Ansl. lesetid":"4 minutter"},"schema":{"@context":"https:\/\/schema.org","@graph":[{"@type":"Article","@id":"https:\/\/nordnesrepublikken.no\/index.php\/2025\/07\/29\/renfe-train-forsinkelser-treffer-madrid-ruter-pluss-brann-og-avril-defekter\/#article","isPartOf":{"@id":"https:\/\/nordnesrepublikken.no\/index.php\/2025\/07\/29\/renfe-train-forsinkelser-treffer-madrid-ruter-pluss-brann-og-avril-defekter\/"},"author":{"name":"Ole Andersen","@id":"https:\/\/nordnesrepublikken.no\/#\/schema\/person\/2e7e81935bab77882fffb79296240ff1"},"headline":"Renfe Train forsinkelser treffer Madrid -ruter, pluss brann og avril -defekter","datePublished":"2025-07-28T23:49:44+00:00","dateModified":"2025-07-28T23:49:51+00:00","mainEntityOfPage":{"@id":"https:\/\/nordnesrepublikken.no\/index.php\/2025\/07\/29\/renfe-train-forsinkelser-treffer-madrid-ruter-pluss-brann-og-avril-defekter\/"},"wordCount":792,"publisher":{"@id":"https:\/\/nordnesrepublikken.no\/#organization"},"image":{"@id":"https:\/\/nordnesrepublikken.no\/index.php\/2025\/07\/29\/renfe-train-forsinkelser-treffer-madrid-ruter-pluss-brann-og-avril-defekter\/#primaryimage"},"thumbnailUrl":"https:\/\/nordnesrepublikken.no\/wp-content\/uploads\/2025\/07\/1753746584_Renfe-Train-forsinkelser-treffer-Madrid-ruter-pluss-brann-og-avril.png","keywords":["avril","Brann","defekter","forsinkelser","Madrid","pluss","Renfe","ruter","Train","treffer"],"articleSection":["Livsstil"],"inLanguage":"nb-NO"},{"@type":"WebPage","@id":"https:\/\/nordnesrepublikken.no\/index.php\/2025\/07\/29\/renfe-train-forsinkelser-treffer-madrid-ruter-pluss-brann-og-avril-defekter\/","url":"https:\/\/nordnesrepublikken.no\/index.php\/2025\/07\/29\/renfe-train-forsinkelser-treffer-madrid-ruter-pluss-brann-og-avril-defekter\/","name":"Renfe Train forsinkelser treffer Madrid -ruter, pluss brann og avril -defekter - Nordnesrepublikken","isPartOf":{"@id":"https:\/\/nordnesrepublikken.no\/#website"},"primaryImageOfPage":{"@id":"https:\/\/nordnesrepublikken.no\/index.php\/2025\/07\/29\/renfe-train-forsinkelser-treffer-madrid-ruter-pluss-brann-og-avril-defekter\/#primaryimage"},"image":{"@id":"https:\/\/nordnesrepublikken.no\/index.php\/2025\/07\/29\/renfe-train-forsinkelser-treffer-madrid-ruter-pluss-brann-og-avril-defekter\/#primaryimage"},"thumbnailUrl":"https:\/\/nordnesrepublikken.no\/wp-content\/uploads\/2025\/07\/1753746584_Renfe-Train-forsinkelser-treffer-Madrid-ruter-pluss-brann-og-avril.png","datePublished":"2025-07-28T23:49:44+00:00","dateModified":"2025-07-28T23:49:51+00:00","breadcrumb":{"@id":"https:\/\/nordnesrepublikken.no\/index.php\/2025\/07\/29\/renfe-train-forsinkelser-treffer-madrid-ruter-pluss-brann-og-avril-defekter\/#breadcrumb"},"inLanguage":"nb-NO","potentialAction":[{"@type":"ReadAction","target":["https:\/\/nordnesrepublikken.no\/index.php\/2025\/07\/29\/renfe-train-forsinkelser-treffer-madrid-ruter-pluss-brann-og-avril-defekter\/"]}]},{"@type":"ImageObject","inLanguage":"nb-NO","@id":"https:\/\/nordnesrepublikken.no\/index.php\/2025\/07\/29\/renfe-train-forsinkelser-treffer-madrid-ruter-pluss-brann-og-avril-defekter\/#primaryimage","url":"https:\/\/nordnesrepublikken.no\/wp-content\/uploads\/2025\/07\/1753746584_Renfe-Train-forsinkelser-treffer-Madrid-ruter-pluss-brann-og-avril.png","contentUrl":"https:\/\/nordnesrepublikken.no\/wp-content\/uploads\/2025\/07\/1753746584_Renfe-Train-forsinkelser-treffer-Madrid-ruter-pluss-brann-og-avril.png","width":1200,"height":865,"caption":"Renfe Train forsinkelser treffer Madrid -ruter, pluss brann og avril -defekter"},{"@type":"BreadcrumbList","@id":"https:\/\/nordnesrepublikken.no\/index.php\/2025\/07\/29\/renfe-train-forsinkelser-treffer-madrid-ruter-pluss-brann-og-avril-defekter\/#breadcrumb","itemListElement":[{"@type":"ListItem","position":1,"name":"Home","item":"https:\/\/nordnesrepublikken.no\/"},{"@type":"ListItem","position":2,"name":"Renfe Train forsinkelser treffer Madrid -ruter, pluss brann og avril -defekter"}]},{"@type":"WebSite","@id":"https:\/\/nordnesrepublikken.no\/#website","url":"https:\/\/nordnesrepublikken.no\/","name":"Nordnesrepublikken","description":"Stemmer og Visjoner fra Republikkens Hjerte","publisher":{"@id":"https:\/\/nordnesrepublikken.no\/#organization"},"potentialAction":[{"@type":"SearchAction","target":{"@type":"EntryPoint","urlTemplate":"https:\/\/nordnesrepublikken.no\/?s={search_term_string}"},"query-input":{"@type":"PropertyValueSpecification","valueRequired":true,"valueName":"search_term_string"}}],"inLanguage":"nb-NO"},{"@type":"Organization","@id":"https:\/\/nordnesrepublikken.no\/#organization","name":"Nordnesrepublikken","url":"https:\/\/nordnesrepublikken.no\/","logo":{"@type":"ImageObject","inLanguage":"nb-NO","@id":"https:\/\/nordnesrepublikken.no\/#\/schema\/logo\/image\/","url":"https:\/\/nordnesrepublikken.no\/wp-content\/uploads\/2025\/02\/cropped-nordnesrepublikken-2.png","contentUrl":"https:\/\/nordnesrepublikken.no\/wp-content\/uploads\/2025\/02\/cropped-nordnesrepublikken-2.png","width":1248,"height":362,"caption":"Nordnesrepublikken"},"image":{"@id":"https:\/\/nordnesrepublikken.no\/#\/schema\/logo\/image\/"}},{"@type":"Person","@id":"https:\/\/nordnesrepublikken.no\/#\/schema\/person\/2e7e81935bab77882fffb79296240ff1","name":"Ole Andersen","image":{"@type":"ImageObject","inLanguage":"nb-NO","@id":"https:\/\/nordnesrepublikken.no\/#\/schema\/person\/image\/","url":"https:\/\/nordnesrepublikken.no\/wp-content\/uploads\/2025\/02\/nordnesrepublikken-2-2-150x150.jpg","contentUrl":"https:\/\/nordnesrepublikken.no\/wp-content\/uploads\/2025\/02\/nordnesrepublikken-2-2-150x150.jpg","caption":"Ole Andersen"},"description":"Ettersom jeg vokste opp i Oslo, har jeg alltid v\u00e6rt fascinert av ordenes kraft og deres evne til \u00e5 skape endringer. Etter \u00e5 ha fullf\u00f8rt min utdannelse i kommunikasjon ved Universitetet i Bergen, fikk jeg muligheten til \u00e5 jobbe innen ulike medier, der jeg har s\u00f8kt \u00e5 belyse viktige samfunnssp\u00f8rsm\u00e5l. I dag, som redakt\u00f8r for Nordnesrepublikken, pr\u00f8ver jeg \u00e5 forene min kj\u00e6rlighet for journalistikk med min lidenskap for innovasjon og eventyr.","sameAs":["https:\/\/nordnesrepublikken.no\/"]}]}},"_links":{"self":[{"href":"https:\/\/nordnesrepublikken.no\/index.php\/wp-json\/wp\/v2\/posts\/7567","targetHints":{"allow":["GET"]}}],"collection":[{"href":"https:\/\/nordnesrepublikken.no\/index.php\/wp-json\/wp\/v2\/posts"}],"about":[{"href":"https:\/\/nordnesrepublikken.no\/index.php\/wp-json\/wp\/v2\/types\/post"}],"author":[{"embeddable":true,"href":"https:\/\/nordnesrepublikken.no\/index.php\/wp-json\/wp\/v2\/users\/1"}],"replies":[{"embeddable":true,"href":"https:\/\/nordnesrepublikken.no\/index.php\/wp-json\/wp\/v2\/comments?post=7567"}],"version-history":[{"count":1,"href":"https:\/\/nordnesrepublikken.no\/index.php\/wp-json\/wp\/v2\/posts\/7567\/revisions"}],"predecessor-version":[{"id":7569,"href":"https:\/\/nordnesrepublikken.no\/index.php\/wp-json\/wp\/v2\/posts\/7567\/revisions\/7569"}],"wp:featuredmedia":[{"embeddable":true,"href":"https:\/\/nordnesrepublikken.no\/index.php\/wp-json\/wp\/v2\/media\/7568"}],"wp:attachment":[{"href":"https:\/\/nordnesrepublikken.no\/index.php\/wp-json\/wp\/v2\/media?parent=7567"}],"wp:term":[{"taxonomy":"category","embeddable":true,"href":"https:\/\/nordnesrepublikken.no\/index.php\/wp-json\/wp\/v2\/categories?post=7567"},{"taxonomy":"post_tag","embeddable":true,"href":"https:\/\/nordnesrepublikken.no\/index.php\/wp-json\/wp\/v2\/tags?post=7567"}],"curies":[{"name":"wp","href":"https:\/\/api.w.org\/{rel}","templated":true}]}}