{"id":7564,"date":"2025-07-28T22:49:39","date_gmt":"2025-07-28T20:49:39","guid":{"rendered":"https:\/\/nordnesrepublikken.no\/index.php\/2025\/07\/28\/hva-skjer-hvis-jeg-tar-solen-etter-laserharfjerning-eller-pulserende-lys\/"},"modified":"2025-07-28T22:49:50","modified_gmt":"2025-07-28T20:49:50","slug":"hva-skjer-hvis-jeg-tar-solen-etter-laserharfjerning-eller-pulserende-lys","status":"publish","type":"post","link":"https:\/\/nordnesrepublikken.no\/index.php\/2025\/07\/28\/hva-skjer-hvis-jeg-tar-solen-etter-laserharfjerning-eller-pulserende-lys\/","title":{"rendered":"Hva skjer hvis jeg tar solen etter laserh\u00e5rfjerning eller pulserende lys?"},"content":{"rendered":"<div>\n<div class=\"cp_wrapper cp_wrapper--fw mb-30 mb-20@tablet\">\n<figure class=\"mm\"><picture class=\"img\" style=\"padding-top:56.25%\"><source  media=\"(min-width: 1024px)\"><source  media=\"(min-width: 768px)\"><\/source><\/source><\/picture><\/figure>\n<\/p><\/div>\n<p>Som har utf\u00f8rt behandlinger av <strong>Fotoapulering<\/strong>som laser og pulserende lys, kjenner det godt: <b>Ingen sol<\/b> Flere dager f\u00f8r og etter behandlingen, som anbefalt ogs\u00e5 av det italienske samfunnet av dermatologi og seksuelt overf\u00f8rbar sykdom (<strong>Sidemat<\/strong>) og American Academy of Dermatology Association (<strong>Aad<\/strong>). Men hvorfor? Det raske svaret er at eksponering for UV -str\u00e5lene fra solen eller solingslamper kan <b>forstyrre behandlingen og \u00f8ke risikoen for bivirkninger<\/b> Som forbrenninger, m\u00f8rke eller lettere flekker p\u00e5 huden. De burde vente p\u00e5 <b>10 dager <\/b>Etter en behandling for \u00e5 kunne utsette den for solen igjen og i alle fall bruk <b>Solbeskyttelse med h\u00f8y SPF <\/b>(50+). Suksessen med behandlingen avhenger av instrumentering, fototype og h\u00e5rtype (lett fototype og m\u00f8rkt h\u00e5r er de beste kandidatene), mens risikoen for <strong>bivirkninger<\/strong> det er mer knyttet til <strong>profesjonalitet<\/strong> av operat\u00f8ren og v\u00e5r evne til \u00e5 f\u00f8lge sikkerhetsindikasjonene som blir gitt til oss.<\/p>\n<h2><b>Enhetene for fotoapulering m\u00e5l melanin<\/b><\/h2>\n<p>&laquo;Fotoapulering&raquo; betyr bokstavelig talt &laquo;<b>Depilere med lyset &laquo;<\/b> Og det refererer til epilasjonsbehandlinger som bruker lys p\u00e5 forskjellige b\u00f8lgelengder for \u00e5 skade h\u00e5rp\u00e6ren E <b>senke h\u00e5rets vekst<\/b>. De mest brukte verkt\u00f8yene er laser og pulserende lys (<em>Intens lyspuls<\/em>, <strong>Ipl<\/strong>), som bruker b\u00f8lgelengder av det r\u00f8de lyset og det n\u00e6rliggende infrar\u00f8de, typisk mellom 500 nm og 1200 nm, basert p\u00e5 instrumentet (<em>laser<\/em> eller <strong>Ipl<\/strong>), typen laser (til diode eller alexandrite), fototypen og h\u00e5rtypen. De er epileringsteknikker <b>Progressiv<\/b>Det vil si at de krever flere \u00f8kter og veldig varige, men ikke definitive.<\/p>\n<p>Til tross for variasjonen av instrumenter, har alle enheter for fotoapulering en funksjon til felles: de gjenkjenner og bruker m\u00e5let m\u00e5let<b> melanin<\/b> til stede i p\u00e6ren, og induserer en <strong>Fototermisk reaksjon<\/strong> som skader det. I alle tilfeller m\u00e5 det f\u00f8rst t\u00f8mmes, for \u00e5 forhindre at instrumentet treffer melaninet i h\u00e5rets pels, men bare p\u00e6ren.<\/p>\n<div class=\"cp_wrapper cp_wrapper--fw mb-50\">\n<figure class=\"mm\"><picture class=\"img\" style=\"padding-top:100%\"><source  media=\"(min-width: 1024px)\"><source  media=\"(min-width: 768px)\"><img decoding=\"async\" loading=\"lazy\" src=\"https:\/\/nordnesrepublikken.no\/wp-content\/uploads\/2025\/05\/1746136181_114_Fortsetter-negler-og-har-a-vokse-etter-doden-Nei-det.jpg\" alt=\"h\u00e5rsekk\" width=\"3155\" height=\"3155\"><\/source><\/source><\/picture><\/figure>\n<\/p><\/div>\n<h2><b>Eksponering for UV -str\u00e5ler f\u00f8r behandling: Risiko og hva du skal gj\u00f8re<\/b><\/h2>\n<p>N\u00e5r vi utsetter oss for UV -str\u00e5ling (sol eller solingslamper), produserer cellene v\u00e5re <b>melanin <\/b>Og vi solbrune. Laser og IPL angriper imidlertid melaninet som er inneholdt i h\u00e5rp\u00e6ren: Hvis til og med hudcellene inneholder melanin fra brunfargen, verkt\u00f8yet <b>vil ikke kunne skille p\u00e6ren godt <\/b>og kan p\u00e5virke &laquo;uskyldige&raquo; celler ved \u00e5 irritere eller <b>lys <\/b>Omr\u00e5dene som omgir h\u00e5ret, for\u00e5rsaker erytem og klarere lapp og lapper. Generelt l\u00f8ses situasjonen n\u00e5r brunfargen forsvinner og vi g\u00e5r tilbake til v\u00e5r naturlige hudfarge. For \u00e5 unng\u00e5 det, anbefaler Sidemat nettopp <b>Vent til brunfargen forsvinner<\/b> f\u00f8r du utf\u00f8rer en behandling.<\/p>\n<h2><b>UV -str\u00e5ler etter behandling \u00f8ker risikoen for bivirkninger<\/b><\/h2>\n<p>Som sikker, er hovedfunksjonen til disse behandlingene \u00e5 skade noen celler p\u00e5 en m\u00e5lrettet m\u00e5te. Det er klart at de ikke er ufeilbarlige, og i alle fall er huden etter fotoapulering <b>mer f\u00f8lsom og s\u00e5rbar for andre irritasjoner<\/b>som det for\u00e5rsaket av UV -str\u00e5ler. Utsett deg for solen eller lag en soling lampe etter en fotopinbehandling <b>\u00f8ker risikoen for bivirkninger<\/b>spesielt hudirritasjon e <b>hyperpigmentering<\/b>det vil si dannelsen av m\u00f8rke flekker. Selv om det ikke er noen randomiserte eller store antall deltakere i litteraturen, anbefaler hudlegeforeninger som Sidemat og AAD at du <b>Vent omtrent 10 dager<\/b> F\u00f8r vi utsetter oss for UV -str\u00e5ling og beskyttelsesomr\u00e5der behandlet med h\u00f8y SPF -sol (50+).<\/p>\n<div class=\"cp_wrapper cp_wrapper--fw mb-50\">\n<figure class=\"mm\"><picture class=\"img\" style=\"padding-top:66.666666666667%\"><source  media=\"(min-width: 1024px)\"><source  media=\"(min-width: 768px)\"><img decoding=\"async\" loading=\"lazy\" src=\"https:\/\/nordnesrepublikken.no\/wp-content\/uploads\/2025\/07\/1753735779_394_Hva-skjer-hvis-jeg-tar-solen-etter-laserharfjerning-eller-pulserende.jpg\" alt=\"Laserhyperpigmentering\" width=\"6720\" height=\"4480\" class=\"js-seedtag-img\"><\/source><\/source><\/picture><\/figure>\n<\/p><\/div>\n<h2><b>Hva er bivirkningene av fotoapulering og for de mest egnede<\/b><\/h2>\n<p>N\u00e5 er dette teknologier og behandlinger som er kjent og allerede brukt av andre halvdel av 90 -tallet og er <b>generelt ansett som trygt<\/b>. Hvis utf\u00f8res av <b>Personell dannet og ekspert<\/b>som f\u00f8lger presise metoder e <b>standardisert <\/b>Og hvis du f\u00f8lger indikasjonene som blir gitt oss, er det lave risikoer for bivirkninger. De vanligste og midlertidige husker en solbrenthet: erytem, r\u00f8dhet, <b>brennende <\/b>og smerter i omr\u00e5det der behandlingen ble utf\u00f8rt.<\/p>\n<p>I noen tilfeller kan du risikere<b> postinflammatorisk hyperpigmentering<\/b>: behandling for\u00e5rsaker betennelse og skader melanocytter som svar som svar <b>De produserer mer melanin<\/b>skape pinner med m\u00f8rkere fargehud. Mer sjelden hypopigmentering, n\u00e5r behandlingen <b>Det lyser huden<\/b> For i tillegg til p\u00e6ren p\u00e5virker det andre celler der det er melanin (for eksempel i fototyper V og VI, m\u00f8rkere eller n\u00e5r vi er solbrune). Sv\u00e6rt sjelden kan et paradoks observeres<b> Stimulering av h\u00e5rvekst<\/b>. Feil eller for sterke innstillinger, de kan for\u00e5rsake brannskader og blemmer, og hvis vi ikke legger <strong>Beskyttende briller<\/strong>laseren kan p\u00e5virke netthinnen som direkte for\u00e5rsaker \u00f8yeskade. Ytterligere grunn til \u00e5 stole p\u00e5 kvalifisert personell og f\u00f8lge sikkerhetsinstruksjonene til brevet!<\/p>\n<p>Generelt fototyper <b>lys med veldig m\u00f8rkt h\u00e5r<\/b> Fors\u00f8kspersonene p\u00e5 hvilken fotopulering blir vurdert <strong>Det fungerer bedre<\/strong>fordi instrumentet tydelig ser melaninet til p\u00e6ren uten forstyrrelser. Tvert imot, veldig lett h\u00e5r er vanskeligere \u00e5 identifisere. M\u00f8rke fototyper (fra V opp) kan i stedet ha <b>St\u00f8rre risiko for bivirkninger<\/b> Fordi melaninet som er til stede i huden, forstyrrer unders\u00f8kelsen av h\u00e5ret.<\/p>\n<\/p><\/div>\n","protected":false},"excerpt":{"rendered":"<p>Som har utf\u00f8rt behandlinger av Fotoapuleringsom laser og pulserende lys, kjenner det godt: Ingen sol<\/p>\n","protected":false},"author":1,"featured_media":7565,"comment_status":"closed","ping_status":"open","sticky":false,"template":"","format":"standard","meta":{"footnotes":""},"categories":[24],"tags":[1156,92,144,405,813,4949,197,4950,360,4827,114],"class_list":["post-7564","post","type-post","status-publish","format-standard","has-post-thumbnail","hentry","category-vitenskap","tag-eller","tag-etter","tag-hva","tag-hvis","tag-jeg","tag-laserharfjerning","tag-lys","tag-pulserende","tag-skjer","tag-solen","tag-tar","generate-columns","tablet-grid-50","mobile-grid-100","grid-parent","grid-33","resize-featured-image"],"yoast_head":"<!-- This site is optimized with the Yoast SEO plugin v24.4 - https:\/\/yoast.com\/wordpress\/plugins\/seo\/ -->\n<title>Hva skjer hvis jeg tar solen etter laserh\u00e5rfjerning eller pulserende lys? - Nordnesrepublikken<\/title>\n<meta name=\"robots\" content=\"index, follow, max-snippet:-1, max-image-preview:large, max-video-preview:-1\" \/>\n<link rel=\"canonical\" href=\"https:\/\/nordnesrepublikken.no\/index.php\/2025\/07\/28\/hva-skjer-hvis-jeg-tar-solen-etter-laserharfjerning-eller-pulserende-lys\/\" \/>\n<meta property=\"og:locale\" content=\"nb_NO\" \/>\n<meta property=\"og:type\" content=\"article\" \/>\n<meta property=\"og:title\" content=\"Hva skjer hvis jeg tar solen etter laserh\u00e5rfjerning eller pulserende lys? - Nordnesrepublikken\" \/>\n<meta property=\"og:description\" content=\"Som har utf\u00f8rt behandlinger av Fotoapuleringsom laser og pulserende lys, kjenner det godt: Ingen sol\" \/>\n<meta property=\"og:url\" content=\"https:\/\/nordnesrepublikken.no\/index.php\/2025\/07\/28\/hva-skjer-hvis-jeg-tar-solen-etter-laserharfjerning-eller-pulserende-lys\/\" \/>\n<meta property=\"og:site_name\" content=\"Nordnesrepublikken\" \/>\n<meta property=\"article:published_time\" content=\"2025-07-28T20:49:39+00:00\" \/>\n<meta property=\"article:modified_time\" content=\"2025-07-28T20:49:50+00:00\" \/>\n<meta property=\"og:image\" content=\"https:\/\/nordnesrepublikken.no\/wp-content\/uploads\/2025\/07\/1753735779_Hva-skjer-hvis-jeg-tar-solen-etter-laserharfjerning-eller-pulserende-scaled.jpg\" \/>\n\t<meta property=\"og:image:width\" content=\"2560\" \/>\n\t<meta property=\"og:image:height\" content=\"1706\" \/>\n\t<meta property=\"og:image:type\" content=\"image\/jpeg\" \/>\n<meta name=\"author\" content=\"Ole Andersen\" \/>\n<meta name=\"twitter:card\" content=\"summary_large_image\" \/>\n<meta name=\"twitter:label1\" content=\"Skrevet av\" \/>\n\t<meta name=\"twitter:data1\" content=\"Ole Andersen\" \/>\n\t<meta name=\"twitter:label2\" content=\"Ansl. lesetid\" \/>\n\t<meta name=\"twitter:data2\" content=\"4 minutter\" \/>\n<script type=\"application\/ld+json\" class=\"yoast-schema-graph\">{\"@context\":\"https:\/\/schema.org\",\"@graph\":[{\"@type\":\"Article\",\"@id\":\"https:\/\/nordnesrepublikken.no\/index.php\/2025\/07\/28\/hva-skjer-hvis-jeg-tar-solen-etter-laserharfjerning-eller-pulserende-lys\/#article\",\"isPartOf\":{\"@id\":\"https:\/\/nordnesrepublikken.no\/index.php\/2025\/07\/28\/hva-skjer-hvis-jeg-tar-solen-etter-laserharfjerning-eller-pulserende-lys\/\"},\"author\":{\"name\":\"Ole Andersen\",\"@id\":\"https:\/\/nordnesrepublikken.no\/#\/schema\/person\/2e7e81935bab77882fffb79296240ff1\"},\"headline\":\"Hva skjer hvis jeg tar solen etter laserh\u00e5rfjerning eller pulserende lys?\",\"datePublished\":\"2025-07-28T20:49:39+00:00\",\"dateModified\":\"2025-07-28T20:49:50+00:00\",\"mainEntityOfPage\":{\"@id\":\"https:\/\/nordnesrepublikken.no\/index.php\/2025\/07\/28\/hva-skjer-hvis-jeg-tar-solen-etter-laserharfjerning-eller-pulserende-lys\/\"},\"wordCount\":842,\"publisher\":{\"@id\":\"https:\/\/nordnesrepublikken.no\/#organization\"},\"image\":{\"@id\":\"https:\/\/nordnesrepublikken.no\/index.php\/2025\/07\/28\/hva-skjer-hvis-jeg-tar-solen-etter-laserharfjerning-eller-pulserende-lys\/#primaryimage\"},\"thumbnailUrl\":\"https:\/\/nordnesrepublikken.no\/wp-content\/uploads\/2025\/07\/1753735779_Hva-skjer-hvis-jeg-tar-solen-etter-laserharfjerning-eller-pulserende-scaled.jpg\",\"keywords\":[\"eller\",\"Etter\",\"Hva\",\"hvis\",\"jeg\",\"laserh\u00e5rfjerning\",\"lys\",\"pulserende\",\"skjer\",\"solen\",\"tar\"],\"articleSection\":[\"Vitenskap\"],\"inLanguage\":\"nb-NO\"},{\"@type\":\"WebPage\",\"@id\":\"https:\/\/nordnesrepublikken.no\/index.php\/2025\/07\/28\/hva-skjer-hvis-jeg-tar-solen-etter-laserharfjerning-eller-pulserende-lys\/\",\"url\":\"https:\/\/nordnesrepublikken.no\/index.php\/2025\/07\/28\/hva-skjer-hvis-jeg-tar-solen-etter-laserharfjerning-eller-pulserende-lys\/\",\"name\":\"Hva skjer hvis jeg tar solen etter laserh\u00e5rfjerning eller pulserende lys? - Nordnesrepublikken\",\"isPartOf\":{\"@id\":\"https:\/\/nordnesrepublikken.no\/#website\"},\"primaryImageOfPage\":{\"@id\":\"https:\/\/nordnesrepublikken.no\/index.php\/2025\/07\/28\/hva-skjer-hvis-jeg-tar-solen-etter-laserharfjerning-eller-pulserende-lys\/#primaryimage\"},\"image\":{\"@id\":\"https:\/\/nordnesrepublikken.no\/index.php\/2025\/07\/28\/hva-skjer-hvis-jeg-tar-solen-etter-laserharfjerning-eller-pulserende-lys\/#primaryimage\"},\"thumbnailUrl\":\"https:\/\/nordnesrepublikken.no\/wp-content\/uploads\/2025\/07\/1753735779_Hva-skjer-hvis-jeg-tar-solen-etter-laserharfjerning-eller-pulserende-scaled.jpg\",\"datePublished\":\"2025-07-28T20:49:39+00:00\",\"dateModified\":\"2025-07-28T20:49:50+00:00\",\"breadcrumb\":{\"@id\":\"https:\/\/nordnesrepublikken.no\/index.php\/2025\/07\/28\/hva-skjer-hvis-jeg-tar-solen-etter-laserharfjerning-eller-pulserende-lys\/#breadcrumb\"},\"inLanguage\":\"nb-NO\",\"potentialAction\":[{\"@type\":\"ReadAction\",\"target\":[\"https:\/\/nordnesrepublikken.no\/index.php\/2025\/07\/28\/hva-skjer-hvis-jeg-tar-solen-etter-laserharfjerning-eller-pulserende-lys\/\"]}]},{\"@type\":\"ImageObject\",\"inLanguage\":\"nb-NO\",\"@id\":\"https:\/\/nordnesrepublikken.no\/index.php\/2025\/07\/28\/hva-skjer-hvis-jeg-tar-solen-etter-laserharfjerning-eller-pulserende-lys\/#primaryimage\",\"url\":\"https:\/\/nordnesrepublikken.no\/wp-content\/uploads\/2025\/07\/1753735779_Hva-skjer-hvis-jeg-tar-solen-etter-laserharfjerning-eller-pulserende-scaled.jpg\",\"contentUrl\":\"https:\/\/nordnesrepublikken.no\/wp-content\/uploads\/2025\/07\/1753735779_Hva-skjer-hvis-jeg-tar-solen-etter-laserharfjerning-eller-pulserende-scaled.jpg\",\"width\":2560,\"height\":1706,\"caption\":\"fotoepilazione e sole\"},{\"@type\":\"BreadcrumbList\",\"@id\":\"https:\/\/nordnesrepublikken.no\/index.php\/2025\/07\/28\/hva-skjer-hvis-jeg-tar-solen-etter-laserharfjerning-eller-pulserende-lys\/#breadcrumb\",\"itemListElement\":[{\"@type\":\"ListItem\",\"position\":1,\"name\":\"Home\",\"item\":\"https:\/\/nordnesrepublikken.no\/\"},{\"@type\":\"ListItem\",\"position\":2,\"name\":\"Hva skjer hvis jeg tar solen etter laserh\u00e5rfjerning eller pulserende lys?\"}]},{\"@type\":\"WebSite\",\"@id\":\"https:\/\/nordnesrepublikken.no\/#website\",\"url\":\"https:\/\/nordnesrepublikken.no\/\",\"name\":\"Nordnesrepublikken\",\"description\":\"Stemmer og Visjoner fra Republikkens Hjerte\",\"publisher\":{\"@id\":\"https:\/\/nordnesrepublikken.no\/#organization\"},\"potentialAction\":[{\"@type\":\"SearchAction\",\"target\":{\"@type\":\"EntryPoint\",\"urlTemplate\":\"https:\/\/nordnesrepublikken.no\/?s={search_term_string}\"},\"query-input\":{\"@type\":\"PropertyValueSpecification\",\"valueRequired\":true,\"valueName\":\"search_term_string\"}}],\"inLanguage\":\"nb-NO\"},{\"@type\":\"Organization\",\"@id\":\"https:\/\/nordnesrepublikken.no\/#organization\",\"name\":\"Nordnesrepublikken\",\"url\":\"https:\/\/nordnesrepublikken.no\/\",\"logo\":{\"@type\":\"ImageObject\",\"inLanguage\":\"nb-NO\",\"@id\":\"https:\/\/nordnesrepublikken.no\/#\/schema\/logo\/image\/\",\"url\":\"https:\/\/nordnesrepublikken.no\/wp-content\/uploads\/2025\/02\/cropped-nordnesrepublikken-2.png\",\"contentUrl\":\"https:\/\/nordnesrepublikken.no\/wp-content\/uploads\/2025\/02\/cropped-nordnesrepublikken-2.png\",\"width\":1248,\"height\":362,\"caption\":\"Nordnesrepublikken\"},\"image\":{\"@id\":\"https:\/\/nordnesrepublikken.no\/#\/schema\/logo\/image\/\"}},{\"@type\":\"Person\",\"@id\":\"https:\/\/nordnesrepublikken.no\/#\/schema\/person\/2e7e81935bab77882fffb79296240ff1\",\"name\":\"Ole Andersen\",\"image\":{\"@type\":\"ImageObject\",\"inLanguage\":\"nb-NO\",\"@id\":\"https:\/\/nordnesrepublikken.no\/#\/schema\/person\/image\/\",\"url\":\"https:\/\/nordnesrepublikken.no\/wp-content\/uploads\/2025\/02\/nordnesrepublikken-2-2-150x150.jpg\",\"contentUrl\":\"https:\/\/nordnesrepublikken.no\/wp-content\/uploads\/2025\/02\/nordnesrepublikken-2-2-150x150.jpg\",\"caption\":\"Ole Andersen\"},\"description\":\"Ettersom jeg vokste opp i Oslo, har jeg alltid v\u00e6rt fascinert av ordenes kraft og deres evne til \u00e5 skape endringer. Etter \u00e5 ha fullf\u00f8rt min utdannelse i kommunikasjon ved Universitetet i Bergen, fikk jeg muligheten til \u00e5 jobbe innen ulike medier, der jeg har s\u00f8kt \u00e5 belyse viktige samfunnssp\u00f8rsm\u00e5l. I dag, som redakt\u00f8r for Nordnesrepublikken, pr\u00f8ver jeg \u00e5 forene min kj\u00e6rlighet for journalistikk med min lidenskap for innovasjon og eventyr.\",\"sameAs\":[\"https:\/\/nordnesrepublikken.no\/\"]}]}<\/script>\n<!-- \/ Yoast SEO plugin. -->","yoast_head_json":{"title":"Hva skjer hvis jeg tar solen etter laserh\u00e5rfjerning eller pulserende lys? - Nordnesrepublikken","robots":{"index":"index","follow":"follow","max-snippet":"max-snippet:-1","max-image-preview":"max-image-preview:large","max-video-preview":"max-video-preview:-1"},"canonical":"https:\/\/nordnesrepublikken.no\/index.php\/2025\/07\/28\/hva-skjer-hvis-jeg-tar-solen-etter-laserharfjerning-eller-pulserende-lys\/","og_locale":"nb_NO","og_type":"article","og_title":"Hva skjer hvis jeg tar solen etter laserh\u00e5rfjerning eller pulserende lys? - Nordnesrepublikken","og_description":"Som har utf\u00f8rt behandlinger av Fotoapuleringsom laser og pulserende lys, kjenner det godt: Ingen sol","og_url":"https:\/\/nordnesrepublikken.no\/index.php\/2025\/07\/28\/hva-skjer-hvis-jeg-tar-solen-etter-laserharfjerning-eller-pulserende-lys\/","og_site_name":"Nordnesrepublikken","article_published_time":"2025-07-28T20:49:39+00:00","article_modified_time":"2025-07-28T20:49:50+00:00","og_image":[{"width":2560,"height":1706,"url":"https:\/\/nordnesrepublikken.no\/wp-content\/uploads\/2025\/07\/1753735779_Hva-skjer-hvis-jeg-tar-solen-etter-laserharfjerning-eller-pulserende-scaled.jpg","type":"image\/jpeg"}],"author":"Ole Andersen","twitter_card":"summary_large_image","twitter_misc":{"Skrevet av":"Ole Andersen","Ansl. lesetid":"4 minutter"},"schema":{"@context":"https:\/\/schema.org","@graph":[{"@type":"Article","@id":"https:\/\/nordnesrepublikken.no\/index.php\/2025\/07\/28\/hva-skjer-hvis-jeg-tar-solen-etter-laserharfjerning-eller-pulserende-lys\/#article","isPartOf":{"@id":"https:\/\/nordnesrepublikken.no\/index.php\/2025\/07\/28\/hva-skjer-hvis-jeg-tar-solen-etter-laserharfjerning-eller-pulserende-lys\/"},"author":{"name":"Ole Andersen","@id":"https:\/\/nordnesrepublikken.no\/#\/schema\/person\/2e7e81935bab77882fffb79296240ff1"},"headline":"Hva skjer hvis jeg tar solen etter laserh\u00e5rfjerning eller pulserende lys?","datePublished":"2025-07-28T20:49:39+00:00","dateModified":"2025-07-28T20:49:50+00:00","mainEntityOfPage":{"@id":"https:\/\/nordnesrepublikken.no\/index.php\/2025\/07\/28\/hva-skjer-hvis-jeg-tar-solen-etter-laserharfjerning-eller-pulserende-lys\/"},"wordCount":842,"publisher":{"@id":"https:\/\/nordnesrepublikken.no\/#organization"},"image":{"@id":"https:\/\/nordnesrepublikken.no\/index.php\/2025\/07\/28\/hva-skjer-hvis-jeg-tar-solen-etter-laserharfjerning-eller-pulserende-lys\/#primaryimage"},"thumbnailUrl":"https:\/\/nordnesrepublikken.no\/wp-content\/uploads\/2025\/07\/1753735779_Hva-skjer-hvis-jeg-tar-solen-etter-laserharfjerning-eller-pulserende-scaled.jpg","keywords":["eller","Etter","Hva","hvis","jeg","laserh\u00e5rfjerning","lys","pulserende","skjer","solen","tar"],"articleSection":["Vitenskap"],"inLanguage":"nb-NO"},{"@type":"WebPage","@id":"https:\/\/nordnesrepublikken.no\/index.php\/2025\/07\/28\/hva-skjer-hvis-jeg-tar-solen-etter-laserharfjerning-eller-pulserende-lys\/","url":"https:\/\/nordnesrepublikken.no\/index.php\/2025\/07\/28\/hva-skjer-hvis-jeg-tar-solen-etter-laserharfjerning-eller-pulserende-lys\/","name":"Hva skjer hvis jeg tar solen etter laserh\u00e5rfjerning eller pulserende lys? - Nordnesrepublikken","isPartOf":{"@id":"https:\/\/nordnesrepublikken.no\/#website"},"primaryImageOfPage":{"@id":"https:\/\/nordnesrepublikken.no\/index.php\/2025\/07\/28\/hva-skjer-hvis-jeg-tar-solen-etter-laserharfjerning-eller-pulserende-lys\/#primaryimage"},"image":{"@id":"https:\/\/nordnesrepublikken.no\/index.php\/2025\/07\/28\/hva-skjer-hvis-jeg-tar-solen-etter-laserharfjerning-eller-pulserende-lys\/#primaryimage"},"thumbnailUrl":"https:\/\/nordnesrepublikken.no\/wp-content\/uploads\/2025\/07\/1753735779_Hva-skjer-hvis-jeg-tar-solen-etter-laserharfjerning-eller-pulserende-scaled.jpg","datePublished":"2025-07-28T20:49:39+00:00","dateModified":"2025-07-28T20:49:50+00:00","breadcrumb":{"@id":"https:\/\/nordnesrepublikken.no\/index.php\/2025\/07\/28\/hva-skjer-hvis-jeg-tar-solen-etter-laserharfjerning-eller-pulserende-lys\/#breadcrumb"},"inLanguage":"nb-NO","potentialAction":[{"@type":"ReadAction","target":["https:\/\/nordnesrepublikken.no\/index.php\/2025\/07\/28\/hva-skjer-hvis-jeg-tar-solen-etter-laserharfjerning-eller-pulserende-lys\/"]}]},{"@type":"ImageObject","inLanguage":"nb-NO","@id":"https:\/\/nordnesrepublikken.no\/index.php\/2025\/07\/28\/hva-skjer-hvis-jeg-tar-solen-etter-laserharfjerning-eller-pulserende-lys\/#primaryimage","url":"https:\/\/nordnesrepublikken.no\/wp-content\/uploads\/2025\/07\/1753735779_Hva-skjer-hvis-jeg-tar-solen-etter-laserharfjerning-eller-pulserende-scaled.jpg","contentUrl":"https:\/\/nordnesrepublikken.no\/wp-content\/uploads\/2025\/07\/1753735779_Hva-skjer-hvis-jeg-tar-solen-etter-laserharfjerning-eller-pulserende-scaled.jpg","width":2560,"height":1706,"caption":"fotoepilazione e sole"},{"@type":"BreadcrumbList","@id":"https:\/\/nordnesrepublikken.no\/index.php\/2025\/07\/28\/hva-skjer-hvis-jeg-tar-solen-etter-laserharfjerning-eller-pulserende-lys\/#breadcrumb","itemListElement":[{"@type":"ListItem","position":1,"name":"Home","item":"https:\/\/nordnesrepublikken.no\/"},{"@type":"ListItem","position":2,"name":"Hva skjer hvis jeg tar solen etter laserh\u00e5rfjerning eller pulserende lys?"}]},{"@type":"WebSite","@id":"https:\/\/nordnesrepublikken.no\/#website","url":"https:\/\/nordnesrepublikken.no\/","name":"Nordnesrepublikken","description":"Stemmer og Visjoner fra Republikkens Hjerte","publisher":{"@id":"https:\/\/nordnesrepublikken.no\/#organization"},"potentialAction":[{"@type":"SearchAction","target":{"@type":"EntryPoint","urlTemplate":"https:\/\/nordnesrepublikken.no\/?s={search_term_string}"},"query-input":{"@type":"PropertyValueSpecification","valueRequired":true,"valueName":"search_term_string"}}],"inLanguage":"nb-NO"},{"@type":"Organization","@id":"https:\/\/nordnesrepublikken.no\/#organization","name":"Nordnesrepublikken","url":"https:\/\/nordnesrepublikken.no\/","logo":{"@type":"ImageObject","inLanguage":"nb-NO","@id":"https:\/\/nordnesrepublikken.no\/#\/schema\/logo\/image\/","url":"https:\/\/nordnesrepublikken.no\/wp-content\/uploads\/2025\/02\/cropped-nordnesrepublikken-2.png","contentUrl":"https:\/\/nordnesrepublikken.no\/wp-content\/uploads\/2025\/02\/cropped-nordnesrepublikken-2.png","width":1248,"height":362,"caption":"Nordnesrepublikken"},"image":{"@id":"https:\/\/nordnesrepublikken.no\/#\/schema\/logo\/image\/"}},{"@type":"Person","@id":"https:\/\/nordnesrepublikken.no\/#\/schema\/person\/2e7e81935bab77882fffb79296240ff1","name":"Ole Andersen","image":{"@type":"ImageObject","inLanguage":"nb-NO","@id":"https:\/\/nordnesrepublikken.no\/#\/schema\/person\/image\/","url":"https:\/\/nordnesrepublikken.no\/wp-content\/uploads\/2025\/02\/nordnesrepublikken-2-2-150x150.jpg","contentUrl":"https:\/\/nordnesrepublikken.no\/wp-content\/uploads\/2025\/02\/nordnesrepublikken-2-2-150x150.jpg","caption":"Ole Andersen"},"description":"Ettersom jeg vokste opp i Oslo, har jeg alltid v\u00e6rt fascinert av ordenes kraft og deres evne til \u00e5 skape endringer. Etter \u00e5 ha fullf\u00f8rt min utdannelse i kommunikasjon ved Universitetet i Bergen, fikk jeg muligheten til \u00e5 jobbe innen ulike medier, der jeg har s\u00f8kt \u00e5 belyse viktige samfunnssp\u00f8rsm\u00e5l. I dag, som redakt\u00f8r for Nordnesrepublikken, pr\u00f8ver jeg \u00e5 forene min kj\u00e6rlighet for journalistikk med min lidenskap for innovasjon og eventyr.","sameAs":["https:\/\/nordnesrepublikken.no\/"]}]}},"_links":{"self":[{"href":"https:\/\/nordnesrepublikken.no\/index.php\/wp-json\/wp\/v2\/posts\/7564","targetHints":{"allow":["GET"]}}],"collection":[{"href":"https:\/\/nordnesrepublikken.no\/index.php\/wp-json\/wp\/v2\/posts"}],"about":[{"href":"https:\/\/nordnesrepublikken.no\/index.php\/wp-json\/wp\/v2\/types\/post"}],"author":[{"embeddable":true,"href":"https:\/\/nordnesrepublikken.no\/index.php\/wp-json\/wp\/v2\/users\/1"}],"replies":[{"embeddable":true,"href":"https:\/\/nordnesrepublikken.no\/index.php\/wp-json\/wp\/v2\/comments?post=7564"}],"version-history":[{"count":1,"href":"https:\/\/nordnesrepublikken.no\/index.php\/wp-json\/wp\/v2\/posts\/7564\/revisions"}],"predecessor-version":[{"id":7566,"href":"https:\/\/nordnesrepublikken.no\/index.php\/wp-json\/wp\/v2\/posts\/7564\/revisions\/7566"}],"wp:featuredmedia":[{"embeddable":true,"href":"https:\/\/nordnesrepublikken.no\/index.php\/wp-json\/wp\/v2\/media\/7565"}],"wp:attachment":[{"href":"https:\/\/nordnesrepublikken.no\/index.php\/wp-json\/wp\/v2\/media?parent=7564"}],"wp:term":[{"taxonomy":"category","embeddable":true,"href":"https:\/\/nordnesrepublikken.no\/index.php\/wp-json\/wp\/v2\/categories?post=7564"},{"taxonomy":"post_tag","embeddable":true,"href":"https:\/\/nordnesrepublikken.no\/index.php\/wp-json\/wp\/v2\/tags?post=7564"}],"curies":[{"name":"wp","href":"https:\/\/api.w.org\/{rel}","templated":true}]}}