{"id":7480,"date":"2025-07-26T17:49:30","date_gmt":"2025-07-26T15:49:30","guid":{"rendered":"https:\/\/nordnesrepublikken.no\/index.php\/2025\/07\/26\/slutten-av-linjen-for-google-duo\/"},"modified":"2025-07-26T17:49:32","modified_gmt":"2025-07-26T15:49:32","slug":"slutten-av-linjen-for-google-duo","status":"publish","type":"post","link":"https:\/\/nordnesrepublikken.no\/index.php\/2025\/07\/26\/slutten-av-linjen-for-google-duo\/","title":{"rendered":"Slutten av linjen for Google Duo"},"content":{"rendered":"<p><\/p>\n<div class=\"wordpress-content\">\n                    <!-- Article Start --><\/p>\n<p><strong>Det er slutten av linjen for Google Duo, selskapets en gang popul\u00e6re videosamtaler-app. Fra september sl\u00e5r Google av Duo for godt, og konsoliderer alle videosamtalerfunksjonene under Google Meet -banneret.<\/strong><\/p>\n<p>Hvis du har klamret deg fast til Duo for fangst eller familiechatter, er her du trenger \u00e5 vite-f\u00f8r minnene dine forsvinner inn i den digitale eteren.<\/p>\n<h2>En endring av vakten: Hvorfor Google -duoen bukker ut<\/h2>\n<p>Hvis du f\u00f8ler deg tapt i verden av Googles stadig skiftende apper, er du ikke alene. Sagaen begynte i 2022, da Google bestemte seg for \u00e5 effektivisere videotjenestene sine. I stedet for bare \u00e5 sl\u00e5 sammen de to appene, ble ting litt sammenfiltret &#8211; Duo ble omd\u00f8pt da Google Meet, mens Old Meet -appen tok p\u00e5 seg en rekke duo -funksjoner. Resultatet? Mange brukere var ikke helt sikre p\u00e5 hvilken app de brukte &#8211; eller hvorfor ting fortsatte \u00e5 endre seg.<\/p>\n<div class=\"sra_unit\"><link rel=\"stylesheet\" id=\"block-sra\" href=\"https:\/\/euroweeklynews.com\/wp-content\/plugins\/snack-related-articles\/dist\/css\/snack-related.min.css?250312-193541\" type=\"text\/css\" media=\"all\">\n<\/div>\n<p>N\u00e5 har Google bestemt seg for \u00e5 gj\u00f8re det offisielt. I september forsvinner den klassiske Google -duoen for godt. Eventuelle samtaler, kontakter eller dyrebare videomomenter som er lagret i Duo vil bli slettet, s\u00e5 hvis du fremdeles har minner der, er det n\u00e5 p\u00e5 tide \u00e5 handle.<\/p>\n<h2>Hva vil endre for hverdagsbrukere?<\/h2>\n<p>For de fleste vil nyhetene ikke f\u00f8re til for mye omveltning. Google Meet-som allerede er p\u00e5 millioner av telefoner og b\u00e6rbare datamaskiner-overf\u00f8rer alle de grunnleggende, inkludert en-til-en-samtaler, gruppechatter og til og med noen nye bjeller og fl\u00f8yter. Imidlertid vil en h\u00e5ndfull popul\u00e6re duo -funksjoner, som &laquo;Family Mode&raquo; og &laquo;Moments&raquo; (som lar deg dele bilder under samtaler) ikke gj\u00f8re spranget p\u00e5 tvers.<\/p>\n<p>Nest Hub -eiere, pass p\u00e5: Hvis du bruker en reirenhet som Hub Max for videosamtaler, er det her ting kan bli klissete. Disse dingsene er avhengige av DUOs gamle systemer, og n\u00e5 har Google ikke bekreftet noen oppdateringer for \u00e5 gj\u00f8re dem fullt kompatible med m\u00f8tet. S\u00e5 hvis hjemmerutinen din er avhengig av et reirvisning, m\u00e5 du f\u00f8lge med p\u00e5 kunngj\u00f8ringer &#8211; eller risikere \u00e5 bli stum.<\/p>\n<h2>Ikke mist minnene dine: Hvordan lagre Google Duo -dataene dine<\/h2>\n<p>Med nedleggelsen truende, er det n\u00e5 p\u00e5 tide \u00e5 sjekke om det er noe i duoen du vil beholde. Slik tar du sikkerhetskopi av dataene dine f\u00f8r det er for sent:<\/p>\n<ul>\n<li>\u00c5pne Google Meet -appen p\u00e5 enheten din (ja, m\u00f8t &#8211; ikke Duo).<\/li>\n<li>Trykk p\u00e5 menyen \u00f8verst til venstre og ta turen til &laquo;Innstillinger.&raquo;<\/li>\n<li>Bla ned til delen \u201cCalls\u201d.<\/li>\n<li>Der finner du dine gamle duo -kontoopplysninger og alternativer for \u00e5 eksportere samtalehistorikken eller slette alt.<\/li>\n<\/ul>\n<p>Det er raskt, det er gratis, og det kan spare deg for en verden av anger hvis du har gamle videomeldinger du ikke orker \u00e5 miste.<\/p>\n<p><!--StartFragment --><\/p>\n<h2 class=\"pf0\"><span class=\"cf0\">Hva Google Duo&#8217;s Shutdown betyr: enklere videosamtaler eller mer brukerforvirring?<\/span><!--EndFragment --><\/h2>\n<p>For de fleste av oss handler denne endringen om \u00e5 holde ting enkelt. Google Meet vil v\u00e6re din go-to for alle ting videosamtaler, og bringer alt sammen under ett tak. Men som ofte er veien med teknologi, vil noen funksjoner falle ved veikanten &#8211; og det er fremdeles forvirring for de med eldre Google -dingser.<\/p>\n<p>Hvis du er en duo-fan, er det n\u00e5 p\u00e5 tide \u00e5 dobbeltsjekke appen din, eksportere alt du bryr deg om og bli kjent med m\u00f8tet. Det er ikke det mest glamor\u00f8se av avslutninger, men det skal bety f\u00e6rre hodepine i det lange l\u00f8p.<\/p>\n<p>F\u00f8lg med for teknologioppdateringer &#8211; spesielt hvis du er en reirbruker. I Google verden er det alltid en annen vri rundt hj\u00f8rnet.<\/p>\n<p>                    <!-- Article End -->\n                <\/div>\n","protected":false},"excerpt":{"rendered":"<p>Det er slutten av linjen for Google Duo, selskapets en gang popul\u00e6re videosamtaler-app. Fra september<\/p>\n","protected":false},"author":1,"featured_media":7481,"comment_status":"closed","ping_status":"open","sticky":false,"template":"","format":"standard","meta":{"footnotes":""},"categories":[105],"tags":[4889,1161,1733,2368],"class_list":["post-7480","post","type-post","status-publish","format-standard","has-post-thumbnail","hentry","category-livsstil","tag-duo","tag-google","tag-linjen","tag-slutten","generate-columns","tablet-grid-50","mobile-grid-100","grid-parent","grid-33","resize-featured-image"],"yoast_head":"<!-- This site is optimized with the Yoast SEO plugin v24.4 - https:\/\/yoast.com\/wordpress\/plugins\/seo\/ -->\n<title>Slutten av linjen for Google Duo - Nordnesrepublikken<\/title>\n<meta name=\"robots\" content=\"index, follow, max-snippet:-1, max-image-preview:large, max-video-preview:-1\" \/>\n<link rel=\"canonical\" href=\"https:\/\/nordnesrepublikken.no\/index.php\/2025\/07\/26\/slutten-av-linjen-for-google-duo\/\" \/>\n<meta property=\"og:locale\" content=\"nb_NO\" \/>\n<meta property=\"og:type\" content=\"article\" \/>\n<meta property=\"og:title\" content=\"Slutten av linjen for Google Duo - Nordnesrepublikken\" \/>\n<meta property=\"og:description\" content=\"Det er slutten av linjen for Google Duo, selskapets en gang popul\u00e6re videosamtaler-app. Fra september\" \/>\n<meta property=\"og:url\" content=\"https:\/\/nordnesrepublikken.no\/index.php\/2025\/07\/26\/slutten-av-linjen-for-google-duo\/\" \/>\n<meta property=\"og:site_name\" content=\"Nordnesrepublikken\" \/>\n<meta property=\"article:published_time\" content=\"2025-07-26T15:49:30+00:00\" \/>\n<meta property=\"article:modified_time\" content=\"2025-07-26T15:49:32+00:00\" \/>\n<meta property=\"og:image\" content=\"https:\/\/nordnesrepublikken.no\/wp-content\/uploads\/2025\/07\/1753544971_Slutten-av-linjen-for-Google-Duo.jpg\" \/>\n\t<meta property=\"og:image:width\" content=\"1200\" \/>\n\t<meta property=\"og:image:height\" content=\"730\" \/>\n\t<meta property=\"og:image:type\" content=\"image\/jpeg\" \/>\n<meta name=\"author\" content=\"Ole Andersen\" \/>\n<meta name=\"twitter:card\" content=\"summary_large_image\" \/>\n<meta name=\"twitter:label1\" content=\"Skrevet av\" \/>\n\t<meta name=\"twitter:data1\" content=\"Ole Andersen\" \/>\n\t<meta name=\"twitter:label2\" content=\"Ansl. lesetid\" \/>\n\t<meta name=\"twitter:data2\" content=\"3 minutter\" \/>\n<script type=\"application\/ld+json\" class=\"yoast-schema-graph\">{\"@context\":\"https:\/\/schema.org\",\"@graph\":[{\"@type\":\"Article\",\"@id\":\"https:\/\/nordnesrepublikken.no\/index.php\/2025\/07\/26\/slutten-av-linjen-for-google-duo\/#article\",\"isPartOf\":{\"@id\":\"https:\/\/nordnesrepublikken.no\/index.php\/2025\/07\/26\/slutten-av-linjen-for-google-duo\/\"},\"author\":{\"name\":\"Ole Andersen\",\"@id\":\"https:\/\/nordnesrepublikken.no\/#\/schema\/person\/2e7e81935bab77882fffb79296240ff1\"},\"headline\":\"Slutten av linjen for Google Duo\",\"datePublished\":\"2025-07-26T15:49:30+00:00\",\"dateModified\":\"2025-07-26T15:49:32+00:00\",\"mainEntityOfPage\":{\"@id\":\"https:\/\/nordnesrepublikken.no\/index.php\/2025\/07\/26\/slutten-av-linjen-for-google-duo\/\"},\"wordCount\":585,\"publisher\":{\"@id\":\"https:\/\/nordnesrepublikken.no\/#organization\"},\"image\":{\"@id\":\"https:\/\/nordnesrepublikken.no\/index.php\/2025\/07\/26\/slutten-av-linjen-for-google-duo\/#primaryimage\"},\"thumbnailUrl\":\"https:\/\/nordnesrepublikken.no\/wp-content\/uploads\/2025\/07\/1753544971_Slutten-av-linjen-for-Google-Duo.jpg\",\"keywords\":[\"Duo\",\"Google\",\"linjen\",\"slutten\"],\"articleSection\":[\"Livsstil\"],\"inLanguage\":\"nb-NO\"},{\"@type\":\"WebPage\",\"@id\":\"https:\/\/nordnesrepublikken.no\/index.php\/2025\/07\/26\/slutten-av-linjen-for-google-duo\/\",\"url\":\"https:\/\/nordnesrepublikken.no\/index.php\/2025\/07\/26\/slutten-av-linjen-for-google-duo\/\",\"name\":\"Slutten av linjen for Google Duo - Nordnesrepublikken\",\"isPartOf\":{\"@id\":\"https:\/\/nordnesrepublikken.no\/#website\"},\"primaryImageOfPage\":{\"@id\":\"https:\/\/nordnesrepublikken.no\/index.php\/2025\/07\/26\/slutten-av-linjen-for-google-duo\/#primaryimage\"},\"image\":{\"@id\":\"https:\/\/nordnesrepublikken.no\/index.php\/2025\/07\/26\/slutten-av-linjen-for-google-duo\/#primaryimage\"},\"thumbnailUrl\":\"https:\/\/nordnesrepublikken.no\/wp-content\/uploads\/2025\/07\/1753544971_Slutten-av-linjen-for-Google-Duo.jpg\",\"datePublished\":\"2025-07-26T15:49:30+00:00\",\"dateModified\":\"2025-07-26T15:49:32+00:00\",\"breadcrumb\":{\"@id\":\"https:\/\/nordnesrepublikken.no\/index.php\/2025\/07\/26\/slutten-av-linjen-for-google-duo\/#breadcrumb\"},\"inLanguage\":\"nb-NO\",\"potentialAction\":[{\"@type\":\"ReadAction\",\"target\":[\"https:\/\/nordnesrepublikken.no\/index.php\/2025\/07\/26\/slutten-av-linjen-for-google-duo\/\"]}]},{\"@type\":\"ImageObject\",\"inLanguage\":\"nb-NO\",\"@id\":\"https:\/\/nordnesrepublikken.no\/index.php\/2025\/07\/26\/slutten-av-linjen-for-google-duo\/#primaryimage\",\"url\":\"https:\/\/nordnesrepublikken.no\/wp-content\/uploads\/2025\/07\/1753544971_Slutten-av-linjen-for-Google-Duo.jpg\",\"contentUrl\":\"https:\/\/nordnesrepublikken.no\/wp-content\/uploads\/2025\/07\/1753544971_Slutten-av-linjen-for-Google-Duo.jpg\",\"width\":1200,\"height\":730,\"caption\":\"Slutten av linjen for Google Duo\"},{\"@type\":\"BreadcrumbList\",\"@id\":\"https:\/\/nordnesrepublikken.no\/index.php\/2025\/07\/26\/slutten-av-linjen-for-google-duo\/#breadcrumb\",\"itemListElement\":[{\"@type\":\"ListItem\",\"position\":1,\"name\":\"Home\",\"item\":\"https:\/\/nordnesrepublikken.no\/\"},{\"@type\":\"ListItem\",\"position\":2,\"name\":\"Slutten av linjen for Google Duo\"}]},{\"@type\":\"WebSite\",\"@id\":\"https:\/\/nordnesrepublikken.no\/#website\",\"url\":\"https:\/\/nordnesrepublikken.no\/\",\"name\":\"Nordnesrepublikken\",\"description\":\"Stemmer og Visjoner fra Republikkens Hjerte\",\"publisher\":{\"@id\":\"https:\/\/nordnesrepublikken.no\/#organization\"},\"potentialAction\":[{\"@type\":\"SearchAction\",\"target\":{\"@type\":\"EntryPoint\",\"urlTemplate\":\"https:\/\/nordnesrepublikken.no\/?s={search_term_string}\"},\"query-input\":{\"@type\":\"PropertyValueSpecification\",\"valueRequired\":true,\"valueName\":\"search_term_string\"}}],\"inLanguage\":\"nb-NO\"},{\"@type\":\"Organization\",\"@id\":\"https:\/\/nordnesrepublikken.no\/#organization\",\"name\":\"Nordnesrepublikken\",\"url\":\"https:\/\/nordnesrepublikken.no\/\",\"logo\":{\"@type\":\"ImageObject\",\"inLanguage\":\"nb-NO\",\"@id\":\"https:\/\/nordnesrepublikken.no\/#\/schema\/logo\/image\/\",\"url\":\"https:\/\/nordnesrepublikken.no\/wp-content\/uploads\/2025\/02\/cropped-nordnesrepublikken-2.png\",\"contentUrl\":\"https:\/\/nordnesrepublikken.no\/wp-content\/uploads\/2025\/02\/cropped-nordnesrepublikken-2.png\",\"width\":1248,\"height\":362,\"caption\":\"Nordnesrepublikken\"},\"image\":{\"@id\":\"https:\/\/nordnesrepublikken.no\/#\/schema\/logo\/image\/\"}},{\"@type\":\"Person\",\"@id\":\"https:\/\/nordnesrepublikken.no\/#\/schema\/person\/2e7e81935bab77882fffb79296240ff1\",\"name\":\"Ole Andersen\",\"image\":{\"@type\":\"ImageObject\",\"inLanguage\":\"nb-NO\",\"@id\":\"https:\/\/nordnesrepublikken.no\/#\/schema\/person\/image\/\",\"url\":\"https:\/\/nordnesrepublikken.no\/wp-content\/uploads\/2025\/02\/nordnesrepublikken-2-2-150x150.jpg\",\"contentUrl\":\"https:\/\/nordnesrepublikken.no\/wp-content\/uploads\/2025\/02\/nordnesrepublikken-2-2-150x150.jpg\",\"caption\":\"Ole Andersen\"},\"description\":\"Ettersom jeg vokste opp i Oslo, har jeg alltid v\u00e6rt fascinert av ordenes kraft og deres evne til \u00e5 skape endringer. Etter \u00e5 ha fullf\u00f8rt min utdannelse i kommunikasjon ved Universitetet i Bergen, fikk jeg muligheten til \u00e5 jobbe innen ulike medier, der jeg har s\u00f8kt \u00e5 belyse viktige samfunnssp\u00f8rsm\u00e5l. I dag, som redakt\u00f8r for Nordnesrepublikken, pr\u00f8ver jeg \u00e5 forene min kj\u00e6rlighet for journalistikk med min lidenskap for innovasjon og eventyr.\",\"sameAs\":[\"https:\/\/nordnesrepublikken.no\/\"]}]}<\/script>\n<!-- \/ Yoast SEO plugin. -->","yoast_head_json":{"title":"Slutten av linjen for Google Duo - Nordnesrepublikken","robots":{"index":"index","follow":"follow","max-snippet":"max-snippet:-1","max-image-preview":"max-image-preview:large","max-video-preview":"max-video-preview:-1"},"canonical":"https:\/\/nordnesrepublikken.no\/index.php\/2025\/07\/26\/slutten-av-linjen-for-google-duo\/","og_locale":"nb_NO","og_type":"article","og_title":"Slutten av linjen for Google Duo - Nordnesrepublikken","og_description":"Det er slutten av linjen for Google Duo, selskapets en gang popul\u00e6re videosamtaler-app. Fra september","og_url":"https:\/\/nordnesrepublikken.no\/index.php\/2025\/07\/26\/slutten-av-linjen-for-google-duo\/","og_site_name":"Nordnesrepublikken","article_published_time":"2025-07-26T15:49:30+00:00","article_modified_time":"2025-07-26T15:49:32+00:00","og_image":[{"width":1200,"height":730,"url":"https:\/\/nordnesrepublikken.no\/wp-content\/uploads\/2025\/07\/1753544971_Slutten-av-linjen-for-Google-Duo.jpg","type":"image\/jpeg"}],"author":"Ole Andersen","twitter_card":"summary_large_image","twitter_misc":{"Skrevet av":"Ole Andersen","Ansl. lesetid":"3 minutter"},"schema":{"@context":"https:\/\/schema.org","@graph":[{"@type":"Article","@id":"https:\/\/nordnesrepublikken.no\/index.php\/2025\/07\/26\/slutten-av-linjen-for-google-duo\/#article","isPartOf":{"@id":"https:\/\/nordnesrepublikken.no\/index.php\/2025\/07\/26\/slutten-av-linjen-for-google-duo\/"},"author":{"name":"Ole Andersen","@id":"https:\/\/nordnesrepublikken.no\/#\/schema\/person\/2e7e81935bab77882fffb79296240ff1"},"headline":"Slutten av linjen for Google Duo","datePublished":"2025-07-26T15:49:30+00:00","dateModified":"2025-07-26T15:49:32+00:00","mainEntityOfPage":{"@id":"https:\/\/nordnesrepublikken.no\/index.php\/2025\/07\/26\/slutten-av-linjen-for-google-duo\/"},"wordCount":585,"publisher":{"@id":"https:\/\/nordnesrepublikken.no\/#organization"},"image":{"@id":"https:\/\/nordnesrepublikken.no\/index.php\/2025\/07\/26\/slutten-av-linjen-for-google-duo\/#primaryimage"},"thumbnailUrl":"https:\/\/nordnesrepublikken.no\/wp-content\/uploads\/2025\/07\/1753544971_Slutten-av-linjen-for-Google-Duo.jpg","keywords":["Duo","Google","linjen","slutten"],"articleSection":["Livsstil"],"inLanguage":"nb-NO"},{"@type":"WebPage","@id":"https:\/\/nordnesrepublikken.no\/index.php\/2025\/07\/26\/slutten-av-linjen-for-google-duo\/","url":"https:\/\/nordnesrepublikken.no\/index.php\/2025\/07\/26\/slutten-av-linjen-for-google-duo\/","name":"Slutten av linjen for Google Duo - Nordnesrepublikken","isPartOf":{"@id":"https:\/\/nordnesrepublikken.no\/#website"},"primaryImageOfPage":{"@id":"https:\/\/nordnesrepublikken.no\/index.php\/2025\/07\/26\/slutten-av-linjen-for-google-duo\/#primaryimage"},"image":{"@id":"https:\/\/nordnesrepublikken.no\/index.php\/2025\/07\/26\/slutten-av-linjen-for-google-duo\/#primaryimage"},"thumbnailUrl":"https:\/\/nordnesrepublikken.no\/wp-content\/uploads\/2025\/07\/1753544971_Slutten-av-linjen-for-Google-Duo.jpg","datePublished":"2025-07-26T15:49:30+00:00","dateModified":"2025-07-26T15:49:32+00:00","breadcrumb":{"@id":"https:\/\/nordnesrepublikken.no\/index.php\/2025\/07\/26\/slutten-av-linjen-for-google-duo\/#breadcrumb"},"inLanguage":"nb-NO","potentialAction":[{"@type":"ReadAction","target":["https:\/\/nordnesrepublikken.no\/index.php\/2025\/07\/26\/slutten-av-linjen-for-google-duo\/"]}]},{"@type":"ImageObject","inLanguage":"nb-NO","@id":"https:\/\/nordnesrepublikken.no\/index.php\/2025\/07\/26\/slutten-av-linjen-for-google-duo\/#primaryimage","url":"https:\/\/nordnesrepublikken.no\/wp-content\/uploads\/2025\/07\/1753544971_Slutten-av-linjen-for-Google-Duo.jpg","contentUrl":"https:\/\/nordnesrepublikken.no\/wp-content\/uploads\/2025\/07\/1753544971_Slutten-av-linjen-for-Google-Duo.jpg","width":1200,"height":730,"caption":"Slutten av linjen for Google Duo"},{"@type":"BreadcrumbList","@id":"https:\/\/nordnesrepublikken.no\/index.php\/2025\/07\/26\/slutten-av-linjen-for-google-duo\/#breadcrumb","itemListElement":[{"@type":"ListItem","position":1,"name":"Home","item":"https:\/\/nordnesrepublikken.no\/"},{"@type":"ListItem","position":2,"name":"Slutten av linjen for Google Duo"}]},{"@type":"WebSite","@id":"https:\/\/nordnesrepublikken.no\/#website","url":"https:\/\/nordnesrepublikken.no\/","name":"Nordnesrepublikken","description":"Stemmer og Visjoner fra Republikkens Hjerte","publisher":{"@id":"https:\/\/nordnesrepublikken.no\/#organization"},"potentialAction":[{"@type":"SearchAction","target":{"@type":"EntryPoint","urlTemplate":"https:\/\/nordnesrepublikken.no\/?s={search_term_string}"},"query-input":{"@type":"PropertyValueSpecification","valueRequired":true,"valueName":"search_term_string"}}],"inLanguage":"nb-NO"},{"@type":"Organization","@id":"https:\/\/nordnesrepublikken.no\/#organization","name":"Nordnesrepublikken","url":"https:\/\/nordnesrepublikken.no\/","logo":{"@type":"ImageObject","inLanguage":"nb-NO","@id":"https:\/\/nordnesrepublikken.no\/#\/schema\/logo\/image\/","url":"https:\/\/nordnesrepublikken.no\/wp-content\/uploads\/2025\/02\/cropped-nordnesrepublikken-2.png","contentUrl":"https:\/\/nordnesrepublikken.no\/wp-content\/uploads\/2025\/02\/cropped-nordnesrepublikken-2.png","width":1248,"height":362,"caption":"Nordnesrepublikken"},"image":{"@id":"https:\/\/nordnesrepublikken.no\/#\/schema\/logo\/image\/"}},{"@type":"Person","@id":"https:\/\/nordnesrepublikken.no\/#\/schema\/person\/2e7e81935bab77882fffb79296240ff1","name":"Ole Andersen","image":{"@type":"ImageObject","inLanguage":"nb-NO","@id":"https:\/\/nordnesrepublikken.no\/#\/schema\/person\/image\/","url":"https:\/\/nordnesrepublikken.no\/wp-content\/uploads\/2025\/02\/nordnesrepublikken-2-2-150x150.jpg","contentUrl":"https:\/\/nordnesrepublikken.no\/wp-content\/uploads\/2025\/02\/nordnesrepublikken-2-2-150x150.jpg","caption":"Ole Andersen"},"description":"Ettersom jeg vokste opp i Oslo, har jeg alltid v\u00e6rt fascinert av ordenes kraft og deres evne til \u00e5 skape endringer. Etter \u00e5 ha fullf\u00f8rt min utdannelse i kommunikasjon ved Universitetet i Bergen, fikk jeg muligheten til \u00e5 jobbe innen ulike medier, der jeg har s\u00f8kt \u00e5 belyse viktige samfunnssp\u00f8rsm\u00e5l. I dag, som redakt\u00f8r for Nordnesrepublikken, pr\u00f8ver jeg \u00e5 forene min kj\u00e6rlighet for journalistikk med min lidenskap for innovasjon og eventyr.","sameAs":["https:\/\/nordnesrepublikken.no\/"]}]}},"_links":{"self":[{"href":"https:\/\/nordnesrepublikken.no\/index.php\/wp-json\/wp\/v2\/posts\/7480","targetHints":{"allow":["GET"]}}],"collection":[{"href":"https:\/\/nordnesrepublikken.no\/index.php\/wp-json\/wp\/v2\/posts"}],"about":[{"href":"https:\/\/nordnesrepublikken.no\/index.php\/wp-json\/wp\/v2\/types\/post"}],"author":[{"embeddable":true,"href":"https:\/\/nordnesrepublikken.no\/index.php\/wp-json\/wp\/v2\/users\/1"}],"replies":[{"embeddable":true,"href":"https:\/\/nordnesrepublikken.no\/index.php\/wp-json\/wp\/v2\/comments?post=7480"}],"version-history":[{"count":1,"href":"https:\/\/nordnesrepublikken.no\/index.php\/wp-json\/wp\/v2\/posts\/7480\/revisions"}],"predecessor-version":[{"id":7482,"href":"https:\/\/nordnesrepublikken.no\/index.php\/wp-json\/wp\/v2\/posts\/7480\/revisions\/7482"}],"wp:featuredmedia":[{"embeddable":true,"href":"https:\/\/nordnesrepublikken.no\/index.php\/wp-json\/wp\/v2\/media\/7481"}],"wp:attachment":[{"href":"https:\/\/nordnesrepublikken.no\/index.php\/wp-json\/wp\/v2\/media?parent=7480"}],"wp:term":[{"taxonomy":"category","embeddable":true,"href":"https:\/\/nordnesrepublikken.no\/index.php\/wp-json\/wp\/v2\/categories?post=7480"},{"taxonomy":"post_tag","embeddable":true,"href":"https:\/\/nordnesrepublikken.no\/index.php\/wp-json\/wp\/v2\/tags?post=7480"}],"curies":[{"name":"wp","href":"https:\/\/api.w.org\/{rel}","templated":true}]}}