{"id":7477,"date":"2025-07-26T14:49:30","date_gmt":"2025-07-26T12:49:30","guid":{"rendered":"https:\/\/nordnesrepublikken.no\/index.php\/2025\/07\/26\/hva-skjedde-med-termometrene-i-merkur-derfor-brukes-de-ikke-lenger\/"},"modified":"2025-07-26T14:49:54","modified_gmt":"2025-07-26T12:49:54","slug":"hva-skjedde-med-termometrene-i-merkur-derfor-brukes-de-ikke-lenger","status":"publish","type":"post","link":"https:\/\/nordnesrepublikken.no\/index.php\/2025\/07\/26\/hva-skjedde-med-termometrene-i-merkur-derfor-brukes-de-ikke-lenger\/","title":{"rendered":"Hva skjedde med termometrene i Merkur? Derfor brukes de ikke lenger"},"content":{"rendered":"<div>\n<div class=\"cp_wrapper cp_wrapper--fw mb-30 mb-20@tablet\">\n<figure class=\"mm\"><picture class=\"img\" style=\"padding-top:56.25%\"><source  media=\"(min-width: 1024px)\"><source  media=\"(min-width: 768px)\"><\/source><\/source><\/picture><\/figure>\n<\/p><\/div>\n<p>Har du noen gang brutt et kvikks\u00f8lvtermometer? Kanskje som barn, eller ved en feiltakelse mens du pr\u00f8ver \u00e5 riste det for \u00e5 bringe det tilbake til lavere temperaturer. Se at s\u00f8lvv\u00e6skestr\u00f8mning langs gulvet eller bordet, mens du deler seg inn i <strong>bittesm\u00e5 baller<\/strong> I likhet med klinkekuler ga det nesten inntrykk av \u00e5 v\u00e6re foran et utenomjordisk stoff. Definitivt noe veldig fascinerende, men ogs\u00e5 ganske farlig. Siden 2009 i Italia er det <strong>til salgs forbudt<\/strong> av kvikks\u00f8lvtermometre, i tr\u00e5d med et europeisk direktiv som tar sikte p\u00e5 \u00e5 redusere bruken av dette <strong>giftig metall<\/strong>.<\/p>\n<p>Kvikks\u00f8lv er faktisk flyktig og dets damper er skadelige for det nerv\u00f8se og luftveisystemet, i tillegg til \u00e5 representere en stor risiko for gravide. Likevel, i \u00e5revis har det blitt brukt nettopp for sine fysiske egenskaper: <strong>utvides med varme,<\/strong> lar deg m\u00e5le kroppstemperatur p\u00e5 en enkel og presis m\u00e5te.<\/p>\n<p>I mange \u00e5r har disse termometrene v\u00e6rt de mest popul\u00e6re p\u00e5 markedet: i dag har de blitt erstattet av digitale eller infrar\u00f8de.<\/p>\n<h2>Faren for kvikks\u00f8lv<\/h2>\n<p>Den s\u00f8lvv\u00e6sken som var inne i termometerne var nettopp <strong>metall kvikks\u00f8lv, <\/strong>en <strong>Kjemisk element<\/strong> veldig spesiell: Fra hele periodiske bord er det det eneste metallet som finnes i <strong>flytende form<\/strong> Ved romtemperatur.<\/p>\n<div class=\"cp_wrapper cp_wrapper--fw mb-50\">\n<figure class=\"mm\"><picture class=\"img\" style=\"padding-top:133.33333333333%\"><source  media=\"(min-width: 1024px)\"><source  media=\"(min-width: 768px)\"><img decoding=\"async\" loading=\"lazy\" src=\"https:\/\/nordnesrepublikken.no\/wp-content\/uploads\/2025\/07\/1753534170_49_Hva-skjedde-med-termometrene-i-Merkur-Derfor-brukes-de-ikke.jpg\" alt=\"Termometer flytende kvikks\u00f8lv\" width=\"3750\" height=\"5000\"><\/source><\/source><\/picture><\/figure>\n<\/p><\/div>\n<p>Bare denne funksjonen inneb\u00e6rer ogs\u00e5 en risiko: kvikks\u00f8lv er sv\u00e6rt ustabil, derfor har den en tendens til \u00e5 fordampe lett, og slipper damper som kan inhaleres. N\u00e5r du kommer inn i kroppen, kan kvikks\u00f8lv for\u00e5rsake alvorlige luftveisskader (for eksempel <strong>trakeitt<\/strong> eller <strong>bronkitt<\/strong>) og nervesystemet, b\u00e5de sentralt og perifert. I tillegg, \u00e5 kunne overvinne placentalbarrieren, representerer kvikks\u00f8lv en stor risiko for gravide og for barnet de b\u00e6rer p\u00e5 livmoren. Ikke overraskende, den<strong>Verdens helseorganisasjon<\/strong> (WHO) har satt inn kvikks\u00f8lvet mellom de ti kjemikaliene som for\u00e5rsaker st\u00f8rre bekymring for effekten p\u00e5 innbyggerne.<\/p>\n<p>De <strong>Arbeidsdepartementet, helse og sosial politikk<\/strong> I 2008 implementerte et europeisk direktiv (2007\/51\/EC) i 2008 som forbyr salg av termometrene som inneholder kvikks\u00f8lv for publikum. Forbudet tr\u00e5dte i kraft 3. april 2009 og fra den datoen <strong>Det var ikke lenger mulig \u00e5 markedsf\u00f8re disse verkt\u00f8yene<\/strong>  p\u00e5 apoteket eller i andre butikker. Denne avgj\u00f8relsen tar sikte p\u00e5 \u00e5 gradvis eliminere Merkur fra vanlige produkter, i tr\u00e5d med internasjonale avtaler som Minamata -konvensjonen, deretter signert i 2013.<\/p>\n<h2>Hvorfor ble kvikks\u00f8lv brukt?<\/h2>\n<p>Utstyrt med<strong> Termometriske egenskaper,<\/strong> Metallkvikks\u00f8lvet utvides eller trekker seg sammen med temperaturvariasjonene, noe som gjorde det til en perfekt komponent for funksjonaliteten til de gamle termometrene: n\u00e5r de var oppvarmet, vibrerer og beveger seg og beveger seg raskere, s\u00e5 mye for \u00e5 \u00f8ke avstanden mellom dem og \u00f8ke volumet av metallkuks\u00f8lv totalt.<\/p>\n<p>Dette fenomenet kalles <strong>Termisk utvidelse<\/strong>og er bokstavelig talt grunnlaget for driften av et termometer: kvikks\u00f8lvet som er inneholdt i glass -tubicino, hvis den er utsatt for en \u00f8kning i varme, utvides og stammer fra kapill\u00e6ren. H\u00f8yden n\u00e5dd tilsvarer en viss temperatur, indikert i den graderte skalaen. S\u00e5 snart temperaturen senkes, beveger kvikks\u00f8lvpartiklene seg mindre, volumet smalner og vi s\u00e5 kvikks\u00f8lvet &laquo;g\u00e5 tilbake&raquo; til startposisjonen i glass tubicino.<\/p>\n<p>Det er ikke vanskelig \u00e5 tenke hvor behagelig det var \u00e5 v\u00e6re behagelig for funksjonen til termometre, uten bruk av batterier eller elektrisk str\u00f8m, men dra nytte av et enkelt fysisk fenomen.<\/p>\n<\/p><\/div>\n","protected":false},"excerpt":{"rendered":"<p>Har du noen gang brutt et kvikks\u00f8lvtermometer? Kanskje som barn, eller ved en feiltakelse mens<\/p>\n","protected":false},"author":1,"featured_media":7478,"comment_status":"closed","ping_status":"open","sticky":false,"template":"","format":"standard","meta":{"footnotes":""},"categories":[24],"tags":[396,1302,144,187,1909,79,4888,325,4887],"class_list":["post-7477","post","type-post","status-publish","format-standard","has-post-thumbnail","hentry","category-vitenskap","tag-brukes","tag-derfor","tag-hva","tag-ikke","tag-lenger","tag-med","tag-merkur","tag-skjedde","tag-termometrene","generate-columns","tablet-grid-50","mobile-grid-100","grid-parent","grid-33","resize-featured-image"],"yoast_head":"<!-- This site is optimized with the Yoast SEO plugin v24.4 - https:\/\/yoast.com\/wordpress\/plugins\/seo\/ -->\n<title>Hva skjedde med termometrene i Merkur? Derfor brukes de ikke lenger - Nordnesrepublikken<\/title>\n<meta name=\"robots\" content=\"index, follow, max-snippet:-1, max-image-preview:large, max-video-preview:-1\" \/>\n<link rel=\"canonical\" href=\"https:\/\/nordnesrepublikken.no\/index.php\/2025\/07\/26\/hva-skjedde-med-termometrene-i-merkur-derfor-brukes-de-ikke-lenger\/\" \/>\n<meta property=\"og:locale\" content=\"nb_NO\" \/>\n<meta property=\"og:type\" content=\"article\" \/>\n<meta property=\"og:title\" content=\"Hva skjedde med termometrene i Merkur? Derfor brukes de ikke lenger - Nordnesrepublikken\" \/>\n<meta property=\"og:description\" content=\"Har du noen gang brutt et kvikks\u00f8lvtermometer? Kanskje som barn, eller ved en feiltakelse mens\" \/>\n<meta property=\"og:url\" content=\"https:\/\/nordnesrepublikken.no\/index.php\/2025\/07\/26\/hva-skjedde-med-termometrene-i-merkur-derfor-brukes-de-ikke-lenger\/\" \/>\n<meta property=\"og:site_name\" content=\"Nordnesrepublikken\" \/>\n<meta property=\"article:published_time\" content=\"2025-07-26T12:49:30+00:00\" \/>\n<meta property=\"article:modified_time\" content=\"2025-07-26T12:49:54+00:00\" \/>\n<meta property=\"og:image\" content=\"https:\/\/nordnesrepublikken.no\/wp-content\/uploads\/2025\/07\/1753534170_Hva-skjedde-med-termometrene-i-Merkur-Derfor-brukes-de-ikke-scaled.jpg\" \/>\n\t<meta property=\"og:image:width\" content=\"2560\" \/>\n\t<meta property=\"og:image:height\" content=\"1706\" \/>\n\t<meta property=\"og:image:type\" content=\"image\/jpeg\" \/>\n<meta name=\"author\" content=\"Ole Andersen\" \/>\n<meta name=\"twitter:card\" content=\"summary_large_image\" \/>\n<meta name=\"twitter:label1\" content=\"Skrevet av\" \/>\n\t<meta name=\"twitter:data1\" content=\"Ole Andersen\" \/>\n\t<meta name=\"twitter:label2\" content=\"Ansl. lesetid\" \/>\n\t<meta name=\"twitter:data2\" content=\"3 minutter\" \/>\n<script type=\"application\/ld+json\" class=\"yoast-schema-graph\">{\"@context\":\"https:\/\/schema.org\",\"@graph\":[{\"@type\":\"Article\",\"@id\":\"https:\/\/nordnesrepublikken.no\/index.php\/2025\/07\/26\/hva-skjedde-med-termometrene-i-merkur-derfor-brukes-de-ikke-lenger\/#article\",\"isPartOf\":{\"@id\":\"https:\/\/nordnesrepublikken.no\/index.php\/2025\/07\/26\/hva-skjedde-med-termometrene-i-merkur-derfor-brukes-de-ikke-lenger\/\"},\"author\":{\"name\":\"Ole Andersen\",\"@id\":\"https:\/\/nordnesrepublikken.no\/#\/schema\/person\/2e7e81935bab77882fffb79296240ff1\"},\"headline\":\"Hva skjedde med termometrene i Merkur? Derfor brukes de ikke lenger\",\"datePublished\":\"2025-07-26T12:49:30+00:00\",\"dateModified\":\"2025-07-26T12:49:54+00:00\",\"mainEntityOfPage\":{\"@id\":\"https:\/\/nordnesrepublikken.no\/index.php\/2025\/07\/26\/hva-skjedde-med-termometrene-i-merkur-derfor-brukes-de-ikke-lenger\/\"},\"wordCount\":561,\"publisher\":{\"@id\":\"https:\/\/nordnesrepublikken.no\/#organization\"},\"image\":{\"@id\":\"https:\/\/nordnesrepublikken.no\/index.php\/2025\/07\/26\/hva-skjedde-med-termometrene-i-merkur-derfor-brukes-de-ikke-lenger\/#primaryimage\"},\"thumbnailUrl\":\"https:\/\/nordnesrepublikken.no\/wp-content\/uploads\/2025\/07\/1753534170_Hva-skjedde-med-termometrene-i-Merkur-Derfor-brukes-de-ikke-scaled.jpg\",\"keywords\":[\"brukes\",\"derfor\",\"Hva\",\"ikke\",\"lenger\",\"med\",\"Merkur\",\"skjedde\",\"termometrene\"],\"articleSection\":[\"Vitenskap\"],\"inLanguage\":\"nb-NO\"},{\"@type\":\"WebPage\",\"@id\":\"https:\/\/nordnesrepublikken.no\/index.php\/2025\/07\/26\/hva-skjedde-med-termometrene-i-merkur-derfor-brukes-de-ikke-lenger\/\",\"url\":\"https:\/\/nordnesrepublikken.no\/index.php\/2025\/07\/26\/hva-skjedde-med-termometrene-i-merkur-derfor-brukes-de-ikke-lenger\/\",\"name\":\"Hva skjedde med termometrene i Merkur? Derfor brukes de ikke lenger - Nordnesrepublikken\",\"isPartOf\":{\"@id\":\"https:\/\/nordnesrepublikken.no\/#website\"},\"primaryImageOfPage\":{\"@id\":\"https:\/\/nordnesrepublikken.no\/index.php\/2025\/07\/26\/hva-skjedde-med-termometrene-i-merkur-derfor-brukes-de-ikke-lenger\/#primaryimage\"},\"image\":{\"@id\":\"https:\/\/nordnesrepublikken.no\/index.php\/2025\/07\/26\/hva-skjedde-med-termometrene-i-merkur-derfor-brukes-de-ikke-lenger\/#primaryimage\"},\"thumbnailUrl\":\"https:\/\/nordnesrepublikken.no\/wp-content\/uploads\/2025\/07\/1753534170_Hva-skjedde-med-termometrene-i-Merkur-Derfor-brukes-de-ikke-scaled.jpg\",\"datePublished\":\"2025-07-26T12:49:30+00:00\",\"dateModified\":\"2025-07-26T12:49:54+00:00\",\"breadcrumb\":{\"@id\":\"https:\/\/nordnesrepublikken.no\/index.php\/2025\/07\/26\/hva-skjedde-med-termometrene-i-merkur-derfor-brukes-de-ikke-lenger\/#breadcrumb\"},\"inLanguage\":\"nb-NO\",\"potentialAction\":[{\"@type\":\"ReadAction\",\"target\":[\"https:\/\/nordnesrepublikken.no\/index.php\/2025\/07\/26\/hva-skjedde-med-termometrene-i-merkur-derfor-brukes-de-ikke-lenger\/\"]}]},{\"@type\":\"ImageObject\",\"inLanguage\":\"nb-NO\",\"@id\":\"https:\/\/nordnesrepublikken.no\/index.php\/2025\/07\/26\/hva-skjedde-med-termometrene-i-merkur-derfor-brukes-de-ikke-lenger\/#primaryimage\",\"url\":\"https:\/\/nordnesrepublikken.no\/wp-content\/uploads\/2025\/07\/1753534170_Hva-skjedde-med-termometrene-i-Merkur-Derfor-brukes-de-ikke-scaled.jpg\",\"contentUrl\":\"https:\/\/nordnesrepublikken.no\/wp-content\/uploads\/2025\/07\/1753534170_Hva-skjedde-med-termometrene-i-Merkur-Derfor-brukes-de-ikke-scaled.jpg\",\"width\":2560,\"height\":1706,\"caption\":\"Termometro\"},{\"@type\":\"BreadcrumbList\",\"@id\":\"https:\/\/nordnesrepublikken.no\/index.php\/2025\/07\/26\/hva-skjedde-med-termometrene-i-merkur-derfor-brukes-de-ikke-lenger\/#breadcrumb\",\"itemListElement\":[{\"@type\":\"ListItem\",\"position\":1,\"name\":\"Home\",\"item\":\"https:\/\/nordnesrepublikken.no\/\"},{\"@type\":\"ListItem\",\"position\":2,\"name\":\"Hva skjedde med termometrene i Merkur? Derfor brukes de ikke lenger\"}]},{\"@type\":\"WebSite\",\"@id\":\"https:\/\/nordnesrepublikken.no\/#website\",\"url\":\"https:\/\/nordnesrepublikken.no\/\",\"name\":\"Nordnesrepublikken\",\"description\":\"Stemmer og Visjoner fra Republikkens Hjerte\",\"publisher\":{\"@id\":\"https:\/\/nordnesrepublikken.no\/#organization\"},\"potentialAction\":[{\"@type\":\"SearchAction\",\"target\":{\"@type\":\"EntryPoint\",\"urlTemplate\":\"https:\/\/nordnesrepublikken.no\/?s={search_term_string}\"},\"query-input\":{\"@type\":\"PropertyValueSpecification\",\"valueRequired\":true,\"valueName\":\"search_term_string\"}}],\"inLanguage\":\"nb-NO\"},{\"@type\":\"Organization\",\"@id\":\"https:\/\/nordnesrepublikken.no\/#organization\",\"name\":\"Nordnesrepublikken\",\"url\":\"https:\/\/nordnesrepublikken.no\/\",\"logo\":{\"@type\":\"ImageObject\",\"inLanguage\":\"nb-NO\",\"@id\":\"https:\/\/nordnesrepublikken.no\/#\/schema\/logo\/image\/\",\"url\":\"https:\/\/nordnesrepublikken.no\/wp-content\/uploads\/2025\/02\/cropped-nordnesrepublikken-2.png\",\"contentUrl\":\"https:\/\/nordnesrepublikken.no\/wp-content\/uploads\/2025\/02\/cropped-nordnesrepublikken-2.png\",\"width\":1248,\"height\":362,\"caption\":\"Nordnesrepublikken\"},\"image\":{\"@id\":\"https:\/\/nordnesrepublikken.no\/#\/schema\/logo\/image\/\"}},{\"@type\":\"Person\",\"@id\":\"https:\/\/nordnesrepublikken.no\/#\/schema\/person\/2e7e81935bab77882fffb79296240ff1\",\"name\":\"Ole Andersen\",\"image\":{\"@type\":\"ImageObject\",\"inLanguage\":\"nb-NO\",\"@id\":\"https:\/\/nordnesrepublikken.no\/#\/schema\/person\/image\/\",\"url\":\"https:\/\/nordnesrepublikken.no\/wp-content\/uploads\/2025\/02\/nordnesrepublikken-2-2-150x150.jpg\",\"contentUrl\":\"https:\/\/nordnesrepublikken.no\/wp-content\/uploads\/2025\/02\/nordnesrepublikken-2-2-150x150.jpg\",\"caption\":\"Ole Andersen\"},\"description\":\"Ettersom jeg vokste opp i Oslo, har jeg alltid v\u00e6rt fascinert av ordenes kraft og deres evne til \u00e5 skape endringer. Etter \u00e5 ha fullf\u00f8rt min utdannelse i kommunikasjon ved Universitetet i Bergen, fikk jeg muligheten til \u00e5 jobbe innen ulike medier, der jeg har s\u00f8kt \u00e5 belyse viktige samfunnssp\u00f8rsm\u00e5l. I dag, som redakt\u00f8r for Nordnesrepublikken, pr\u00f8ver jeg \u00e5 forene min kj\u00e6rlighet for journalistikk med min lidenskap for innovasjon og eventyr.\",\"sameAs\":[\"https:\/\/nordnesrepublikken.no\/\"]}]}<\/script>\n<!-- \/ Yoast SEO plugin. -->","yoast_head_json":{"title":"Hva skjedde med termometrene i Merkur? Derfor brukes de ikke lenger - Nordnesrepublikken","robots":{"index":"index","follow":"follow","max-snippet":"max-snippet:-1","max-image-preview":"max-image-preview:large","max-video-preview":"max-video-preview:-1"},"canonical":"https:\/\/nordnesrepublikken.no\/index.php\/2025\/07\/26\/hva-skjedde-med-termometrene-i-merkur-derfor-brukes-de-ikke-lenger\/","og_locale":"nb_NO","og_type":"article","og_title":"Hva skjedde med termometrene i Merkur? Derfor brukes de ikke lenger - Nordnesrepublikken","og_description":"Har du noen gang brutt et kvikks\u00f8lvtermometer? Kanskje som barn, eller ved en feiltakelse mens","og_url":"https:\/\/nordnesrepublikken.no\/index.php\/2025\/07\/26\/hva-skjedde-med-termometrene-i-merkur-derfor-brukes-de-ikke-lenger\/","og_site_name":"Nordnesrepublikken","article_published_time":"2025-07-26T12:49:30+00:00","article_modified_time":"2025-07-26T12:49:54+00:00","og_image":[{"width":2560,"height":1706,"url":"https:\/\/nordnesrepublikken.no\/wp-content\/uploads\/2025\/07\/1753534170_Hva-skjedde-med-termometrene-i-Merkur-Derfor-brukes-de-ikke-scaled.jpg","type":"image\/jpeg"}],"author":"Ole Andersen","twitter_card":"summary_large_image","twitter_misc":{"Skrevet av":"Ole Andersen","Ansl. lesetid":"3 minutter"},"schema":{"@context":"https:\/\/schema.org","@graph":[{"@type":"Article","@id":"https:\/\/nordnesrepublikken.no\/index.php\/2025\/07\/26\/hva-skjedde-med-termometrene-i-merkur-derfor-brukes-de-ikke-lenger\/#article","isPartOf":{"@id":"https:\/\/nordnesrepublikken.no\/index.php\/2025\/07\/26\/hva-skjedde-med-termometrene-i-merkur-derfor-brukes-de-ikke-lenger\/"},"author":{"name":"Ole Andersen","@id":"https:\/\/nordnesrepublikken.no\/#\/schema\/person\/2e7e81935bab77882fffb79296240ff1"},"headline":"Hva skjedde med termometrene i Merkur? Derfor brukes de ikke lenger","datePublished":"2025-07-26T12:49:30+00:00","dateModified":"2025-07-26T12:49:54+00:00","mainEntityOfPage":{"@id":"https:\/\/nordnesrepublikken.no\/index.php\/2025\/07\/26\/hva-skjedde-med-termometrene-i-merkur-derfor-brukes-de-ikke-lenger\/"},"wordCount":561,"publisher":{"@id":"https:\/\/nordnesrepublikken.no\/#organization"},"image":{"@id":"https:\/\/nordnesrepublikken.no\/index.php\/2025\/07\/26\/hva-skjedde-med-termometrene-i-merkur-derfor-brukes-de-ikke-lenger\/#primaryimage"},"thumbnailUrl":"https:\/\/nordnesrepublikken.no\/wp-content\/uploads\/2025\/07\/1753534170_Hva-skjedde-med-termometrene-i-Merkur-Derfor-brukes-de-ikke-scaled.jpg","keywords":["brukes","derfor","Hva","ikke","lenger","med","Merkur","skjedde","termometrene"],"articleSection":["Vitenskap"],"inLanguage":"nb-NO"},{"@type":"WebPage","@id":"https:\/\/nordnesrepublikken.no\/index.php\/2025\/07\/26\/hva-skjedde-med-termometrene-i-merkur-derfor-brukes-de-ikke-lenger\/","url":"https:\/\/nordnesrepublikken.no\/index.php\/2025\/07\/26\/hva-skjedde-med-termometrene-i-merkur-derfor-brukes-de-ikke-lenger\/","name":"Hva skjedde med termometrene i Merkur? Derfor brukes de ikke lenger - Nordnesrepublikken","isPartOf":{"@id":"https:\/\/nordnesrepublikken.no\/#website"},"primaryImageOfPage":{"@id":"https:\/\/nordnesrepublikken.no\/index.php\/2025\/07\/26\/hva-skjedde-med-termometrene-i-merkur-derfor-brukes-de-ikke-lenger\/#primaryimage"},"image":{"@id":"https:\/\/nordnesrepublikken.no\/index.php\/2025\/07\/26\/hva-skjedde-med-termometrene-i-merkur-derfor-brukes-de-ikke-lenger\/#primaryimage"},"thumbnailUrl":"https:\/\/nordnesrepublikken.no\/wp-content\/uploads\/2025\/07\/1753534170_Hva-skjedde-med-termometrene-i-Merkur-Derfor-brukes-de-ikke-scaled.jpg","datePublished":"2025-07-26T12:49:30+00:00","dateModified":"2025-07-26T12:49:54+00:00","breadcrumb":{"@id":"https:\/\/nordnesrepublikken.no\/index.php\/2025\/07\/26\/hva-skjedde-med-termometrene-i-merkur-derfor-brukes-de-ikke-lenger\/#breadcrumb"},"inLanguage":"nb-NO","potentialAction":[{"@type":"ReadAction","target":["https:\/\/nordnesrepublikken.no\/index.php\/2025\/07\/26\/hva-skjedde-med-termometrene-i-merkur-derfor-brukes-de-ikke-lenger\/"]}]},{"@type":"ImageObject","inLanguage":"nb-NO","@id":"https:\/\/nordnesrepublikken.no\/index.php\/2025\/07\/26\/hva-skjedde-med-termometrene-i-merkur-derfor-brukes-de-ikke-lenger\/#primaryimage","url":"https:\/\/nordnesrepublikken.no\/wp-content\/uploads\/2025\/07\/1753534170_Hva-skjedde-med-termometrene-i-Merkur-Derfor-brukes-de-ikke-scaled.jpg","contentUrl":"https:\/\/nordnesrepublikken.no\/wp-content\/uploads\/2025\/07\/1753534170_Hva-skjedde-med-termometrene-i-Merkur-Derfor-brukes-de-ikke-scaled.jpg","width":2560,"height":1706,"caption":"Termometro"},{"@type":"BreadcrumbList","@id":"https:\/\/nordnesrepublikken.no\/index.php\/2025\/07\/26\/hva-skjedde-med-termometrene-i-merkur-derfor-brukes-de-ikke-lenger\/#breadcrumb","itemListElement":[{"@type":"ListItem","position":1,"name":"Home","item":"https:\/\/nordnesrepublikken.no\/"},{"@type":"ListItem","position":2,"name":"Hva skjedde med termometrene i Merkur? Derfor brukes de ikke lenger"}]},{"@type":"WebSite","@id":"https:\/\/nordnesrepublikken.no\/#website","url":"https:\/\/nordnesrepublikken.no\/","name":"Nordnesrepublikken","description":"Stemmer og Visjoner fra Republikkens Hjerte","publisher":{"@id":"https:\/\/nordnesrepublikken.no\/#organization"},"potentialAction":[{"@type":"SearchAction","target":{"@type":"EntryPoint","urlTemplate":"https:\/\/nordnesrepublikken.no\/?s={search_term_string}"},"query-input":{"@type":"PropertyValueSpecification","valueRequired":true,"valueName":"search_term_string"}}],"inLanguage":"nb-NO"},{"@type":"Organization","@id":"https:\/\/nordnesrepublikken.no\/#organization","name":"Nordnesrepublikken","url":"https:\/\/nordnesrepublikken.no\/","logo":{"@type":"ImageObject","inLanguage":"nb-NO","@id":"https:\/\/nordnesrepublikken.no\/#\/schema\/logo\/image\/","url":"https:\/\/nordnesrepublikken.no\/wp-content\/uploads\/2025\/02\/cropped-nordnesrepublikken-2.png","contentUrl":"https:\/\/nordnesrepublikken.no\/wp-content\/uploads\/2025\/02\/cropped-nordnesrepublikken-2.png","width":1248,"height":362,"caption":"Nordnesrepublikken"},"image":{"@id":"https:\/\/nordnesrepublikken.no\/#\/schema\/logo\/image\/"}},{"@type":"Person","@id":"https:\/\/nordnesrepublikken.no\/#\/schema\/person\/2e7e81935bab77882fffb79296240ff1","name":"Ole Andersen","image":{"@type":"ImageObject","inLanguage":"nb-NO","@id":"https:\/\/nordnesrepublikken.no\/#\/schema\/person\/image\/","url":"https:\/\/nordnesrepublikken.no\/wp-content\/uploads\/2025\/02\/nordnesrepublikken-2-2-150x150.jpg","contentUrl":"https:\/\/nordnesrepublikken.no\/wp-content\/uploads\/2025\/02\/nordnesrepublikken-2-2-150x150.jpg","caption":"Ole Andersen"},"description":"Ettersom jeg vokste opp i Oslo, har jeg alltid v\u00e6rt fascinert av ordenes kraft og deres evne til \u00e5 skape endringer. Etter \u00e5 ha fullf\u00f8rt min utdannelse i kommunikasjon ved Universitetet i Bergen, fikk jeg muligheten til \u00e5 jobbe innen ulike medier, der jeg har s\u00f8kt \u00e5 belyse viktige samfunnssp\u00f8rsm\u00e5l. I dag, som redakt\u00f8r for Nordnesrepublikken, pr\u00f8ver jeg \u00e5 forene min kj\u00e6rlighet for journalistikk med min lidenskap for innovasjon og eventyr.","sameAs":["https:\/\/nordnesrepublikken.no\/"]}]}},"_links":{"self":[{"href":"https:\/\/nordnesrepublikken.no\/index.php\/wp-json\/wp\/v2\/posts\/7477","targetHints":{"allow":["GET"]}}],"collection":[{"href":"https:\/\/nordnesrepublikken.no\/index.php\/wp-json\/wp\/v2\/posts"}],"about":[{"href":"https:\/\/nordnesrepublikken.no\/index.php\/wp-json\/wp\/v2\/types\/post"}],"author":[{"embeddable":true,"href":"https:\/\/nordnesrepublikken.no\/index.php\/wp-json\/wp\/v2\/users\/1"}],"replies":[{"embeddable":true,"href":"https:\/\/nordnesrepublikken.no\/index.php\/wp-json\/wp\/v2\/comments?post=7477"}],"version-history":[{"count":1,"href":"https:\/\/nordnesrepublikken.no\/index.php\/wp-json\/wp\/v2\/posts\/7477\/revisions"}],"predecessor-version":[{"id":7479,"href":"https:\/\/nordnesrepublikken.no\/index.php\/wp-json\/wp\/v2\/posts\/7477\/revisions\/7479"}],"wp:featuredmedia":[{"embeddable":true,"href":"https:\/\/nordnesrepublikken.no\/index.php\/wp-json\/wp\/v2\/media\/7478"}],"wp:attachment":[{"href":"https:\/\/nordnesrepublikken.no\/index.php\/wp-json\/wp\/v2\/media?parent=7477"}],"wp:term":[{"taxonomy":"category","embeddable":true,"href":"https:\/\/nordnesrepublikken.no\/index.php\/wp-json\/wp\/v2\/categories?post=7477"},{"taxonomy":"post_tag","embeddable":true,"href":"https:\/\/nordnesrepublikken.no\/index.php\/wp-json\/wp\/v2\/tags?post=7477"}],"curies":[{"name":"wp","href":"https:\/\/api.w.org\/{rel}","templated":true}]}}