{"id":7471,"date":"2025-07-26T11:49:31","date_gmt":"2025-07-26T09:49:31","guid":{"rendered":"https:\/\/nordnesrepublikken.no\/index.php\/2025\/07\/26\/kulten-mellom-religion-okologi-og-moderne-sosiale-spenninger\/"},"modified":"2025-07-26T11:49:35","modified_gmt":"2025-07-26T09:49:35","slug":"kulten-mellom-religion-okologi-og-moderne-sosiale-spenninger","status":"publish","type":"post","link":"https:\/\/nordnesrepublikken.no\/index.php\/2025\/07\/26\/kulten-mellom-religion-okologi-og-moderne-sosiale-spenninger\/","title":{"rendered":"Kulten mellom religion, \u00f8kologi og moderne sosiale spenninger"},"content":{"rendered":"<div>\n<div class=\"cp_wrapper cp_wrapper--fw mb-30 mb-20@tablet\">\n<figure class=\"mm\"><picture class=\"img\" style=\"padding-top:56.25%\"><source  media=\"(min-width: 1024px)\"><source  media=\"(min-width: 768px)\"><\/source><\/source><\/picture><\/figure>\n<\/p><\/div>\n<p>I <strong>India og i andre selskaper til hinduistisk tradisjon, <\/strong>Kua holder en <strong>Sentral rolle <\/strong>Som g\u00e5r utover den \u00f8konomiske funksjonen: det er et kulturelt, religi\u00f8st og sosialt symbol som er lagd over tid. For millioner av <strong>hindu<\/strong>dette dyret er ikke bare produsent av melk og jordbruksarbeid, men ogs\u00e5 <strong>Inkarnasjon av det hellige<\/strong>verdig <strong>respekt<\/strong> Og <strong>beskyttelse<\/strong>. Mens i mange kulturer i verden der <strong>biff<\/strong> representerer en <strong>vanlig mat<\/strong>for flertallet av hinduene \u00e5 konsumere det, regnes det som en <strong>uren og krenkende handling<\/strong>. Dette <strong>praksis<\/strong>tilsynelatende religi\u00f8s, avsl\u00f8rer faktisk en <strong>bredere logikk<\/strong>: a <strong>regler<\/strong> bygget i krysset mellom <strong>\u00f8kologi<\/strong>, <strong>Sosial organisasjon<\/strong> Og <strong>Oppholdsstrategi<\/strong>.<\/p>\n<p>Analysere <strong>Hellighet av kua<\/strong> Det betyr derfor \u00e5 forst\u00e5 hvordan jeg <strong>Mat -tabuer<\/strong> er ofte sofistikerte kulturelle svar p\u00e5 <strong>Materielle begrensninger<\/strong> Og <strong>Milj\u00f8<\/strong>.<\/p>\n<h2>Kua i hellige tekster og religi\u00f8s praksis<\/h2>\n<p>\u00c5 forst\u00e5 <strong>Hellighet av kua<\/strong> Det er n\u00f8dvendig \u00e5 starte fra<strong>Vedisk India<\/strong>historisk periode som stammer tilbake til omtrent <strong>1500 f.Kr.<\/strong>n\u00e5r de indo -europeiske folkene hadde med seg tekster og tradisjoner som da ville str\u00f8mme inn i <strong><em>Se<\/em><\/strong>de eldste skriftene i udismen. I disse tekstene ble kyrne faktisk drept og konsumert i visse ritualer, spesielt i <strong>Arkrifiske seremonier<\/strong>Jeg (<strong><em>yajna<\/em><\/strong>) til \u00e6re for gudene. Der <strong>ku<\/strong> det ble sett p\u00e5 som en dyrebar eiendel, et symbol p\u00e5 <strong>rikdom<\/strong> Og <strong>velstand<\/strong>men enn\u00e5 ikke ukrenkelig. Over tid, men <strong>Utviklingen av hinduistisk religi\u00f8s tanke<\/strong> f\u00f8rte til en <strong>betydelig endring<\/strong>. Prinsippet om <strong><em>Ahimsa<\/em><\/strong>  (ikke vold mot hvert levende vesen), opprinnelig utviklet i asketiske str\u00f8mmer og deretter vedtatt ogs\u00e5 av<strong>flertall hinduisme <\/strong>(Sanatanadharma) forvandlet forholdet til dyret.<\/p>\n<div class=\"cp_wrapper cp_wrapper--fw mb-50\">\n<figure class=\"mm\"><picture class=\"img\" style=\"padding-top:97.875816993464%\"><source  media=\"(min-width: 1024px)\"><source  media=\"(min-width: 768px)\"><img decoding=\"async\" loading=\"lazy\" src=\"https:\/\/nordnesrepublikken.no\/wp-content\/uploads\/2025\/07\/1753523370_459_Kulten-mellom-religion-okologi-og-moderne-sosiale-spenninger.jpg\" alt=\"Bilde\" width=\"1224\" height=\"1198\"><\/source><\/source><\/picture><\/figure>\n<\/p><\/div>\n<p>Der <strong>ku<\/strong>melkeprodusent, den <strong>&laquo;hvitt gull&raquo; hellig<\/strong> Brukt i tilbud og ritualer, og en f\u00f8lgesvenn i dagliglivet i landsbyene, ble det mer og mer <strong>gjenstand for \u00e6rb\u00f8dighet<\/strong> snarere enn forbruk. Identifikasjonen mellom <strong>ku og moren<\/strong> (<em>Gau Mata<\/em> P\u00e5 sanskrit) styrket han og spredte seg gjennom subkontinentet; De <em>Mahabharata<\/em> Han er <em>Purena<\/em>p\u00e5f\u00f8lgende hellige tekster, skildrer <strong>ku<\/strong> som<strong> Gentile skapning, hellig, beskyttet av gudene:<\/strong> P\u00e5 denne m\u00e5ten er det en passasje fra et nyttig og offerbart dyr e <strong>hellig og uber\u00f8rbar skapning<\/strong>.<\/p>\n<h2>Fra religion til sosialt hierarki<\/h2>\n<p>Det progressive <strong>Demonisering av forbruket av storfekj\u00f8tt<\/strong> Det var ogs\u00e5 et verkt\u00f8y som de h\u00f8yere rollebesetningene, spesielt jeg <strong><em>Bramini<\/em><\/strong>bekreftet <strong>egen \u00e5ndelig og kulturell overlegenhet<\/strong>. I systemet til <strong>kaste<\/strong>The <strong>Ritual renhet<\/strong> Det var et grunnleggende kriterium for \u00e5 bestemme den sosiale posisjonen:<strong> Gi opp kj\u00f8ttet,<\/strong> Spesielt for kua blir den derfor en <strong>form for kroppskontroll og spenning<\/strong>Jeg, et merke av skille mellom religi\u00f8se eliter og de nedre kastene, ansett som uren ogs\u00e5 for deres matvaner.<\/p>\n<div class=\"cp_wrapper cp_wrapper--fw mb-50\">\n<figure class=\"mm\"><picture class=\"img\" style=\"padding-top:62%\"><source  media=\"(min-width: 1024px)\"><source  media=\"(min-width: 768px)\"><img decoding=\"async\" loading=\"lazy\" src=\"https:\/\/nordnesrepublikken.no\/wp-content\/uploads\/2025\/07\/1753523370_661_Kulten-mellom-religion-okologi-og-moderne-sosiale-spenninger.jpg\" alt=\"Bilde\" width=\"1600\" height=\"992\" class=\"js-seedtag-img\"><\/source><\/source><\/picture><\/figure>\n<\/p><\/div>\n<p>Dette fenomenet intensiverte med <strong>konsolidere kastesystemet<\/strong> mellom <strong>I Century Bc<\/strong> og <strong>II DC<\/strong>periode der <strong>vegetarisme<\/strong> det ble en <strong>positiv og \u00e5ndelig verdi<\/strong> For mange sektorer av befolkningen, men ble ikke adoptert av alle rollebesetninger eller av alle religioner i India: muslimer, kristne, stamme og noen harde casbuies fortsatte \u00e5 spise kj\u00f8tt. Akkurat dette <strong>matforskjell<\/strong> Han ble <strong>Identitet og politisk verkt\u00f8y<\/strong>en m\u00e5te \u00e5 styrke tilh\u00f8righeten til gruppen E <strong>Skiller seg ut fra &laquo;andre&raquo;,<\/strong> ansett som lavere eller utenlandsk.<\/p>\n<h2>Kua som en \u00f8kologisk b\u00e6rekraftig ressurs<\/h2>\n<p>Den ber\u00f8mte antropologen <strong>Marvin Harris<\/strong>forfatter av <strong>&laquo;&raquo;<\/strong>Kyr, griser, kriger og hekser &laquo;foresl\u00e5r en radikal, men fascinerende tolkning: kua er hellig, ikke fordi den er ubrukelig \u00e5 spise, men nettopp fordi <strong>For nyttig fra Viva<\/strong>. I en vanskelig milj\u00f8sammenheng som den indiske, der de klimatiske forholdene og landbruksressursene er prek\u00e6re, <strong>Drep en ku for \u00e5 mate den representerer avfall<\/strong>.<\/p>\n<div class=\"cp_wrapper cp_wrapper--fw mb-50\">\n<figure class=\"mm\"><picture class=\"img\" style=\"padding-top:133.33333333333%\"><source  media=\"(min-width: 1024px)\"><source  media=\"(min-width: 768px)\"><img decoding=\"async\" loading=\"lazy\" src=\"https:\/\/nordnesrepublikken.no\/wp-content\/uploads\/2025\/07\/Kulten-mellom-religion-okologi-og-moderne-sosiale-spenninger.jpeg\" alt=\"Bilde\" width=\"960\" height=\"1280\"><\/source><\/source><\/picture><\/figure>\n<\/p><\/div>\n<p>EN <strong>ku<\/strong> produsere <strong>melk<\/strong> I \u00e5revis genererer <strong>kalv<\/strong>gir <strong>m\u00f8kk<\/strong> Som kan brukes som gj\u00f8dsel og drivstoff, og n\u00e5r den eldes kan den fremdeles brukes i landbruks- eller halv transport. Harris hevder at <strong>Indisk kultur<\/strong>gjennom \u00e5rhundrene har utviklet en <strong>symbolsk system,<\/strong> den av kuens hellighet, som en \u00f8kologisk strategi for <strong>garantere overlevelsen av landlige samfunn<\/strong>.<\/p>\n<p>Med andre ord, lag <strong>ku<\/strong> <strong>hellig<\/strong> det betydde \u00e5 beskytte det mot \u00f8yeblikkelig og \u00f8deleggende bruk, og dermed sikre en <strong>Preziosa -ressursen p\u00e5 lang sikt<\/strong>. En intelligent kulturell tilpasning, som har gjort det mulig for millioner av mennesker \u00e5 overleve i et vanskelig milj\u00f8.<\/p>\n<h2>Samtidige og spenninger<\/h2>\n<p>I dag figuren av <strong>ku<\/strong> i <strong>India<\/strong> Det er fortsatt sentralt, men rollen har blitt mer tvetydig og politisk lastet: Hvis den p\u00e5 den ene siden er beskyttet i navnet til <strong>religi\u00f8s tradisjon<\/strong>p\u00e5 den andre har det blitt en <strong>Divisjon og voldselement<\/strong>. De <strong>Nasjonalisme hindu<\/strong>styrket de siste ti\u00e5rene, har gjort <strong>&laquo;Vacca Protection&raquo;<\/strong> et identitetsemblem, ofte brukt <strong>mot religi\u00f8se minoriteter<\/strong> anklager for \u00e5 konsumere storfekj\u00f8tt. De siste \u00e5rene har episoder med Lynching E <strong>angrep mot muslimer<\/strong> mistenkt for slakting av kyr har reist alvorlige bekymringer for borgerrettigheter og videre <strong>politisk utnyttelse av det religi\u00f8se symbolet.<\/strong><\/p>\n<div class=\"cp_wrapper cp_wrapper--fw mb-50\">\n<figure class=\"mm\"><picture class=\"img\" style=\"padding-top:66.5%\"><source  media=\"(min-width: 1024px)\"><source  media=\"(min-width: 768px)\"><img decoding=\"async\" loading=\"lazy\" src=\"https:\/\/nordnesrepublikken.no\/wp-content\/uploads\/2025\/07\/1753523371_572_Kulten-mellom-religion-okologi-og-moderne-sosiale-spenninger.jpg\" alt=\"Bilde\" width=\"1600\" height=\"1064\" class=\"js-seedtag-img\"><\/source><\/source><\/picture><\/figure>\n<\/p><\/div>\n<p>Samtidig er motsetninger ogs\u00e5 tydelige i byene: kyrne vandrer ofte forlatt i gatene, driver med plast og avfall, beskyttet av lover som forhindrer deres eliminering, men <strong>De garanterer ikke godt \u00e5 v\u00e6re. <\/strong>P\u00e5 denne m\u00e5ten, <strong>den formelle helligheten<\/strong> kolliderer med <strong>Materiell virkelighet<\/strong>. Der <strong>ku<\/strong> forbli <strong>hellig<\/strong>men beveger seg i dag i en <strong>Sosial og \u00f8konomisk kontekst dypt endret<\/strong> Sammenlignet med tradisjonelle landlige selskaper der verdien har dannet seg. Denne endringen reiser avgj\u00f8rende problemer: som <strong>beskytte<\/strong> De <strong>Kulturell og religi\u00f8s mening<\/strong> av dyret p\u00e5 samme tid som garanterer <strong>konkret velv\u00e6re<\/strong>? Og hvordan du kan forhindre en <strong>symbol p\u00e5 ikke -vold og fruktbarhet utnyttes<\/strong>transformere seg selv til et p\u00e5skudd for konflikter og diskriminering?<\/p>\n<div class=\"cp_wrapper  mb-50\">\n<div class=\"cbx\">\n<div class=\"cbx__collection\">\n<p>Kilder<\/p>\n<div class=\"cbx__sources\">\n<p>Harris M. (1974) &laquo;Vacas, Cerdos, Wars y Brujas: Los Enigmas de la Cultura&raquo;<\/p>\n<p>Boccali G., Pieruccini C. (2008) &laquo;Hinduisme&raquo;<\/p>\n<p>Dumont L. (1980) &laquo;Homo Hierarchicus: The Caste System and Its Implications&raquo;<\/p>\n<\/p><\/div>\n<\/p><\/div>\n<\/p><\/div>\n<\/p><\/div>\n<\/p><\/div>\n","protected":false},"excerpt":{"rendered":"<p>I India og i andre selskaper til hinduistisk tradisjon, Kua holder en Sentral rolle Som<\/p>\n","protected":false},"author":1,"featured_media":7472,"comment_status":"closed","ping_status":"open","sticky":false,"template":"","format":"standard","meta":{"footnotes":""},"categories":[104],"tags":[4884,212,3130,4886,4885,2979,884],"class_list":["post-7471","post","type-post","status-publish","format-standard","has-post-thumbnail","hentry","category-samfunn","tag-kulten","tag-mellom","tag-moderne","tag-okologi","tag-religion","tag-sosiale","tag-spenninger","generate-columns","tablet-grid-50","mobile-grid-100","grid-parent","grid-33","resize-featured-image"],"yoast_head":"<!-- This site is optimized with the Yoast SEO plugin v24.4 - https:\/\/yoast.com\/wordpress\/plugins\/seo\/ -->\n<title>Kulten mellom religion, \u00f8kologi og moderne sosiale spenninger - Nordnesrepublikken<\/title>\n<meta name=\"robots\" content=\"index, follow, max-snippet:-1, max-image-preview:large, max-video-preview:-1\" \/>\n<link rel=\"canonical\" href=\"https:\/\/nordnesrepublikken.no\/index.php\/2025\/07\/26\/kulten-mellom-religion-okologi-og-moderne-sosiale-spenninger\/\" \/>\n<meta property=\"og:locale\" content=\"nb_NO\" \/>\n<meta property=\"og:type\" content=\"article\" \/>\n<meta property=\"og:title\" content=\"Kulten mellom religion, \u00f8kologi og moderne sosiale spenninger - Nordnesrepublikken\" \/>\n<meta property=\"og:description\" content=\"I India og i andre selskaper til hinduistisk tradisjon, Kua holder en Sentral rolle Som\" \/>\n<meta property=\"og:url\" content=\"https:\/\/nordnesrepublikken.no\/index.php\/2025\/07\/26\/kulten-mellom-religion-okologi-og-moderne-sosiale-spenninger\/\" \/>\n<meta property=\"og:site_name\" content=\"Nordnesrepublikken\" \/>\n<meta property=\"article:published_time\" content=\"2025-07-26T09:49:31+00:00\" \/>\n<meta property=\"article:modified_time\" content=\"2025-07-26T09:49:35+00:00\" \/>\n<meta property=\"og:image\" content=\"https:\/\/nordnesrepublikken.no\/wp-content\/uploads\/2025\/07\/1753523371_Kulten-mellom-religion-okologi-og-moderne-sosiale-spenninger.jpg\" \/>\n\t<meta property=\"og:image:width\" content=\"1599\" \/>\n\t<meta property=\"og:image:height\" content=\"1066\" \/>\n\t<meta property=\"og:image:type\" content=\"image\/jpeg\" \/>\n<meta name=\"author\" content=\"Ole Andersen\" \/>\n<meta name=\"twitter:card\" content=\"summary_large_image\" \/>\n<meta name=\"twitter:label1\" content=\"Skrevet av\" \/>\n\t<meta name=\"twitter:data1\" content=\"Ole Andersen\" \/>\n\t<meta name=\"twitter:label2\" content=\"Ansl. lesetid\" \/>\n\t<meta name=\"twitter:data2\" content=\"5 minutter\" \/>\n<script type=\"application\/ld+json\" class=\"yoast-schema-graph\">{\"@context\":\"https:\/\/schema.org\",\"@graph\":[{\"@type\":\"Article\",\"@id\":\"https:\/\/nordnesrepublikken.no\/index.php\/2025\/07\/26\/kulten-mellom-religion-okologi-og-moderne-sosiale-spenninger\/#article\",\"isPartOf\":{\"@id\":\"https:\/\/nordnesrepublikken.no\/index.php\/2025\/07\/26\/kulten-mellom-religion-okologi-og-moderne-sosiale-spenninger\/\"},\"author\":{\"name\":\"Ole Andersen\",\"@id\":\"https:\/\/nordnesrepublikken.no\/#\/schema\/person\/2e7e81935bab77882fffb79296240ff1\"},\"headline\":\"Kulten mellom religion, \u00f8kologi og moderne sosiale spenninger\",\"datePublished\":\"2025-07-26T09:49:31+00:00\",\"dateModified\":\"2025-07-26T09:49:35+00:00\",\"mainEntityOfPage\":{\"@id\":\"https:\/\/nordnesrepublikken.no\/index.php\/2025\/07\/26\/kulten-mellom-religion-okologi-og-moderne-sosiale-spenninger\/\"},\"wordCount\":925,\"publisher\":{\"@id\":\"https:\/\/nordnesrepublikken.no\/#organization\"},\"image\":{\"@id\":\"https:\/\/nordnesrepublikken.no\/index.php\/2025\/07\/26\/kulten-mellom-religion-okologi-og-moderne-sosiale-spenninger\/#primaryimage\"},\"thumbnailUrl\":\"https:\/\/nordnesrepublikken.no\/wp-content\/uploads\/2025\/07\/1753523371_Kulten-mellom-religion-okologi-og-moderne-sosiale-spenninger.jpg\",\"keywords\":[\"Kulten\",\"mellom\",\"moderne\",\"\u00f8kologi\",\"religion\",\"sosiale\",\"spenninger\"],\"articleSection\":[\"Samfunn\"],\"inLanguage\":\"nb-NO\"},{\"@type\":\"WebPage\",\"@id\":\"https:\/\/nordnesrepublikken.no\/index.php\/2025\/07\/26\/kulten-mellom-religion-okologi-og-moderne-sosiale-spenninger\/\",\"url\":\"https:\/\/nordnesrepublikken.no\/index.php\/2025\/07\/26\/kulten-mellom-religion-okologi-og-moderne-sosiale-spenninger\/\",\"name\":\"Kulten mellom religion, \u00f8kologi og moderne sosiale spenninger - Nordnesrepublikken\",\"isPartOf\":{\"@id\":\"https:\/\/nordnesrepublikken.no\/#website\"},\"primaryImageOfPage\":{\"@id\":\"https:\/\/nordnesrepublikken.no\/index.php\/2025\/07\/26\/kulten-mellom-religion-okologi-og-moderne-sosiale-spenninger\/#primaryimage\"},\"image\":{\"@id\":\"https:\/\/nordnesrepublikken.no\/index.php\/2025\/07\/26\/kulten-mellom-religion-okologi-og-moderne-sosiale-spenninger\/#primaryimage\"},\"thumbnailUrl\":\"https:\/\/nordnesrepublikken.no\/wp-content\/uploads\/2025\/07\/1753523371_Kulten-mellom-religion-okologi-og-moderne-sosiale-spenninger.jpg\",\"datePublished\":\"2025-07-26T09:49:31+00:00\",\"dateModified\":\"2025-07-26T09:49:35+00:00\",\"breadcrumb\":{\"@id\":\"https:\/\/nordnesrepublikken.no\/index.php\/2025\/07\/26\/kulten-mellom-religion-okologi-og-moderne-sosiale-spenninger\/#breadcrumb\"},\"inLanguage\":\"nb-NO\",\"potentialAction\":[{\"@type\":\"ReadAction\",\"target\":[\"https:\/\/nordnesrepublikken.no\/index.php\/2025\/07\/26\/kulten-mellom-religion-okologi-og-moderne-sosiale-spenninger\/\"]}]},{\"@type\":\"ImageObject\",\"inLanguage\":\"nb-NO\",\"@id\":\"https:\/\/nordnesrepublikken.no\/index.php\/2025\/07\/26\/kulten-mellom-religion-okologi-og-moderne-sosiale-spenninger\/#primaryimage\",\"url\":\"https:\/\/nordnesrepublikken.no\/wp-content\/uploads\/2025\/07\/1753523371_Kulten-mellom-religion-okologi-og-moderne-sosiale-spenninger.jpg\",\"contentUrl\":\"https:\/\/nordnesrepublikken.no\/wp-content\/uploads\/2025\/07\/1753523371_Kulten-mellom-religion-okologi-og-moderne-sosiale-spenninger.jpg\",\"width\":1599,\"height\":1066,\"caption\":\"Immagine\"},{\"@type\":\"BreadcrumbList\",\"@id\":\"https:\/\/nordnesrepublikken.no\/index.php\/2025\/07\/26\/kulten-mellom-religion-okologi-og-moderne-sosiale-spenninger\/#breadcrumb\",\"itemListElement\":[{\"@type\":\"ListItem\",\"position\":1,\"name\":\"Home\",\"item\":\"https:\/\/nordnesrepublikken.no\/\"},{\"@type\":\"ListItem\",\"position\":2,\"name\":\"Kulten mellom religion, \u00f8kologi og moderne sosiale spenninger\"}]},{\"@type\":\"WebSite\",\"@id\":\"https:\/\/nordnesrepublikken.no\/#website\",\"url\":\"https:\/\/nordnesrepublikken.no\/\",\"name\":\"Nordnesrepublikken\",\"description\":\"Stemmer og Visjoner fra Republikkens Hjerte\",\"publisher\":{\"@id\":\"https:\/\/nordnesrepublikken.no\/#organization\"},\"potentialAction\":[{\"@type\":\"SearchAction\",\"target\":{\"@type\":\"EntryPoint\",\"urlTemplate\":\"https:\/\/nordnesrepublikken.no\/?s={search_term_string}\"},\"query-input\":{\"@type\":\"PropertyValueSpecification\",\"valueRequired\":true,\"valueName\":\"search_term_string\"}}],\"inLanguage\":\"nb-NO\"},{\"@type\":\"Organization\",\"@id\":\"https:\/\/nordnesrepublikken.no\/#organization\",\"name\":\"Nordnesrepublikken\",\"url\":\"https:\/\/nordnesrepublikken.no\/\",\"logo\":{\"@type\":\"ImageObject\",\"inLanguage\":\"nb-NO\",\"@id\":\"https:\/\/nordnesrepublikken.no\/#\/schema\/logo\/image\/\",\"url\":\"https:\/\/nordnesrepublikken.no\/wp-content\/uploads\/2025\/02\/cropped-nordnesrepublikken-2.png\",\"contentUrl\":\"https:\/\/nordnesrepublikken.no\/wp-content\/uploads\/2025\/02\/cropped-nordnesrepublikken-2.png\",\"width\":1248,\"height\":362,\"caption\":\"Nordnesrepublikken\"},\"image\":{\"@id\":\"https:\/\/nordnesrepublikken.no\/#\/schema\/logo\/image\/\"}},{\"@type\":\"Person\",\"@id\":\"https:\/\/nordnesrepublikken.no\/#\/schema\/person\/2e7e81935bab77882fffb79296240ff1\",\"name\":\"Ole Andersen\",\"image\":{\"@type\":\"ImageObject\",\"inLanguage\":\"nb-NO\",\"@id\":\"https:\/\/nordnesrepublikken.no\/#\/schema\/person\/image\/\",\"url\":\"https:\/\/nordnesrepublikken.no\/wp-content\/uploads\/2025\/02\/nordnesrepublikken-2-2-150x150.jpg\",\"contentUrl\":\"https:\/\/nordnesrepublikken.no\/wp-content\/uploads\/2025\/02\/nordnesrepublikken-2-2-150x150.jpg\",\"caption\":\"Ole Andersen\"},\"description\":\"Ettersom jeg vokste opp i Oslo, har jeg alltid v\u00e6rt fascinert av ordenes kraft og deres evne til \u00e5 skape endringer. Etter \u00e5 ha fullf\u00f8rt min utdannelse i kommunikasjon ved Universitetet i Bergen, fikk jeg muligheten til \u00e5 jobbe innen ulike medier, der jeg har s\u00f8kt \u00e5 belyse viktige samfunnssp\u00f8rsm\u00e5l. I dag, som redakt\u00f8r for Nordnesrepublikken, pr\u00f8ver jeg \u00e5 forene min kj\u00e6rlighet for journalistikk med min lidenskap for innovasjon og eventyr.\",\"sameAs\":[\"https:\/\/nordnesrepublikken.no\/\"]}]}<\/script>\n<!-- \/ Yoast SEO plugin. -->","yoast_head_json":{"title":"Kulten mellom religion, \u00f8kologi og moderne sosiale spenninger - Nordnesrepublikken","robots":{"index":"index","follow":"follow","max-snippet":"max-snippet:-1","max-image-preview":"max-image-preview:large","max-video-preview":"max-video-preview:-1"},"canonical":"https:\/\/nordnesrepublikken.no\/index.php\/2025\/07\/26\/kulten-mellom-religion-okologi-og-moderne-sosiale-spenninger\/","og_locale":"nb_NO","og_type":"article","og_title":"Kulten mellom religion, \u00f8kologi og moderne sosiale spenninger - Nordnesrepublikken","og_description":"I India og i andre selskaper til hinduistisk tradisjon, Kua holder en Sentral rolle Som","og_url":"https:\/\/nordnesrepublikken.no\/index.php\/2025\/07\/26\/kulten-mellom-religion-okologi-og-moderne-sosiale-spenninger\/","og_site_name":"Nordnesrepublikken","article_published_time":"2025-07-26T09:49:31+00:00","article_modified_time":"2025-07-26T09:49:35+00:00","og_image":[{"width":1599,"height":1066,"url":"https:\/\/nordnesrepublikken.no\/wp-content\/uploads\/2025\/07\/1753523371_Kulten-mellom-religion-okologi-og-moderne-sosiale-spenninger.jpg","type":"image\/jpeg"}],"author":"Ole Andersen","twitter_card":"summary_large_image","twitter_misc":{"Skrevet av":"Ole Andersen","Ansl. lesetid":"5 minutter"},"schema":{"@context":"https:\/\/schema.org","@graph":[{"@type":"Article","@id":"https:\/\/nordnesrepublikken.no\/index.php\/2025\/07\/26\/kulten-mellom-religion-okologi-og-moderne-sosiale-spenninger\/#article","isPartOf":{"@id":"https:\/\/nordnesrepublikken.no\/index.php\/2025\/07\/26\/kulten-mellom-religion-okologi-og-moderne-sosiale-spenninger\/"},"author":{"name":"Ole Andersen","@id":"https:\/\/nordnesrepublikken.no\/#\/schema\/person\/2e7e81935bab77882fffb79296240ff1"},"headline":"Kulten mellom religion, \u00f8kologi og moderne sosiale spenninger","datePublished":"2025-07-26T09:49:31+00:00","dateModified":"2025-07-26T09:49:35+00:00","mainEntityOfPage":{"@id":"https:\/\/nordnesrepublikken.no\/index.php\/2025\/07\/26\/kulten-mellom-religion-okologi-og-moderne-sosiale-spenninger\/"},"wordCount":925,"publisher":{"@id":"https:\/\/nordnesrepublikken.no\/#organization"},"image":{"@id":"https:\/\/nordnesrepublikken.no\/index.php\/2025\/07\/26\/kulten-mellom-religion-okologi-og-moderne-sosiale-spenninger\/#primaryimage"},"thumbnailUrl":"https:\/\/nordnesrepublikken.no\/wp-content\/uploads\/2025\/07\/1753523371_Kulten-mellom-religion-okologi-og-moderne-sosiale-spenninger.jpg","keywords":["Kulten","mellom","moderne","\u00f8kologi","religion","sosiale","spenninger"],"articleSection":["Samfunn"],"inLanguage":"nb-NO"},{"@type":"WebPage","@id":"https:\/\/nordnesrepublikken.no\/index.php\/2025\/07\/26\/kulten-mellom-religion-okologi-og-moderne-sosiale-spenninger\/","url":"https:\/\/nordnesrepublikken.no\/index.php\/2025\/07\/26\/kulten-mellom-religion-okologi-og-moderne-sosiale-spenninger\/","name":"Kulten mellom religion, \u00f8kologi og moderne sosiale spenninger - Nordnesrepublikken","isPartOf":{"@id":"https:\/\/nordnesrepublikken.no\/#website"},"primaryImageOfPage":{"@id":"https:\/\/nordnesrepublikken.no\/index.php\/2025\/07\/26\/kulten-mellom-religion-okologi-og-moderne-sosiale-spenninger\/#primaryimage"},"image":{"@id":"https:\/\/nordnesrepublikken.no\/index.php\/2025\/07\/26\/kulten-mellom-religion-okologi-og-moderne-sosiale-spenninger\/#primaryimage"},"thumbnailUrl":"https:\/\/nordnesrepublikken.no\/wp-content\/uploads\/2025\/07\/1753523371_Kulten-mellom-religion-okologi-og-moderne-sosiale-spenninger.jpg","datePublished":"2025-07-26T09:49:31+00:00","dateModified":"2025-07-26T09:49:35+00:00","breadcrumb":{"@id":"https:\/\/nordnesrepublikken.no\/index.php\/2025\/07\/26\/kulten-mellom-religion-okologi-og-moderne-sosiale-spenninger\/#breadcrumb"},"inLanguage":"nb-NO","potentialAction":[{"@type":"ReadAction","target":["https:\/\/nordnesrepublikken.no\/index.php\/2025\/07\/26\/kulten-mellom-religion-okologi-og-moderne-sosiale-spenninger\/"]}]},{"@type":"ImageObject","inLanguage":"nb-NO","@id":"https:\/\/nordnesrepublikken.no\/index.php\/2025\/07\/26\/kulten-mellom-religion-okologi-og-moderne-sosiale-spenninger\/#primaryimage","url":"https:\/\/nordnesrepublikken.no\/wp-content\/uploads\/2025\/07\/1753523371_Kulten-mellom-religion-okologi-og-moderne-sosiale-spenninger.jpg","contentUrl":"https:\/\/nordnesrepublikken.no\/wp-content\/uploads\/2025\/07\/1753523371_Kulten-mellom-religion-okologi-og-moderne-sosiale-spenninger.jpg","width":1599,"height":1066,"caption":"Immagine"},{"@type":"BreadcrumbList","@id":"https:\/\/nordnesrepublikken.no\/index.php\/2025\/07\/26\/kulten-mellom-religion-okologi-og-moderne-sosiale-spenninger\/#breadcrumb","itemListElement":[{"@type":"ListItem","position":1,"name":"Home","item":"https:\/\/nordnesrepublikken.no\/"},{"@type":"ListItem","position":2,"name":"Kulten mellom religion, \u00f8kologi og moderne sosiale spenninger"}]},{"@type":"WebSite","@id":"https:\/\/nordnesrepublikken.no\/#website","url":"https:\/\/nordnesrepublikken.no\/","name":"Nordnesrepublikken","description":"Stemmer og Visjoner fra Republikkens Hjerte","publisher":{"@id":"https:\/\/nordnesrepublikken.no\/#organization"},"potentialAction":[{"@type":"SearchAction","target":{"@type":"EntryPoint","urlTemplate":"https:\/\/nordnesrepublikken.no\/?s={search_term_string}"},"query-input":{"@type":"PropertyValueSpecification","valueRequired":true,"valueName":"search_term_string"}}],"inLanguage":"nb-NO"},{"@type":"Organization","@id":"https:\/\/nordnesrepublikken.no\/#organization","name":"Nordnesrepublikken","url":"https:\/\/nordnesrepublikken.no\/","logo":{"@type":"ImageObject","inLanguage":"nb-NO","@id":"https:\/\/nordnesrepublikken.no\/#\/schema\/logo\/image\/","url":"https:\/\/nordnesrepublikken.no\/wp-content\/uploads\/2025\/02\/cropped-nordnesrepublikken-2.png","contentUrl":"https:\/\/nordnesrepublikken.no\/wp-content\/uploads\/2025\/02\/cropped-nordnesrepublikken-2.png","width":1248,"height":362,"caption":"Nordnesrepublikken"},"image":{"@id":"https:\/\/nordnesrepublikken.no\/#\/schema\/logo\/image\/"}},{"@type":"Person","@id":"https:\/\/nordnesrepublikken.no\/#\/schema\/person\/2e7e81935bab77882fffb79296240ff1","name":"Ole Andersen","image":{"@type":"ImageObject","inLanguage":"nb-NO","@id":"https:\/\/nordnesrepublikken.no\/#\/schema\/person\/image\/","url":"https:\/\/nordnesrepublikken.no\/wp-content\/uploads\/2025\/02\/nordnesrepublikken-2-2-150x150.jpg","contentUrl":"https:\/\/nordnesrepublikken.no\/wp-content\/uploads\/2025\/02\/nordnesrepublikken-2-2-150x150.jpg","caption":"Ole Andersen"},"description":"Ettersom jeg vokste opp i Oslo, har jeg alltid v\u00e6rt fascinert av ordenes kraft og deres evne til \u00e5 skape endringer. Etter \u00e5 ha fullf\u00f8rt min utdannelse i kommunikasjon ved Universitetet i Bergen, fikk jeg muligheten til \u00e5 jobbe innen ulike medier, der jeg har s\u00f8kt \u00e5 belyse viktige samfunnssp\u00f8rsm\u00e5l. I dag, som redakt\u00f8r for Nordnesrepublikken, pr\u00f8ver jeg \u00e5 forene min kj\u00e6rlighet for journalistikk med min lidenskap for innovasjon og eventyr.","sameAs":["https:\/\/nordnesrepublikken.no\/"]}]}},"_links":{"self":[{"href":"https:\/\/nordnesrepublikken.no\/index.php\/wp-json\/wp\/v2\/posts\/7471","targetHints":{"allow":["GET"]}}],"collection":[{"href":"https:\/\/nordnesrepublikken.no\/index.php\/wp-json\/wp\/v2\/posts"}],"about":[{"href":"https:\/\/nordnesrepublikken.no\/index.php\/wp-json\/wp\/v2\/types\/post"}],"author":[{"embeddable":true,"href":"https:\/\/nordnesrepublikken.no\/index.php\/wp-json\/wp\/v2\/users\/1"}],"replies":[{"embeddable":true,"href":"https:\/\/nordnesrepublikken.no\/index.php\/wp-json\/wp\/v2\/comments?post=7471"}],"version-history":[{"count":1,"href":"https:\/\/nordnesrepublikken.no\/index.php\/wp-json\/wp\/v2\/posts\/7471\/revisions"}],"predecessor-version":[{"id":7473,"href":"https:\/\/nordnesrepublikken.no\/index.php\/wp-json\/wp\/v2\/posts\/7471\/revisions\/7473"}],"wp:featuredmedia":[{"embeddable":true,"href":"https:\/\/nordnesrepublikken.no\/index.php\/wp-json\/wp\/v2\/media\/7472"}],"wp:attachment":[{"href":"https:\/\/nordnesrepublikken.no\/index.php\/wp-json\/wp\/v2\/media?parent=7471"}],"wp:term":[{"taxonomy":"category","embeddable":true,"href":"https:\/\/nordnesrepublikken.no\/index.php\/wp-json\/wp\/v2\/categories?post=7471"},{"taxonomy":"post_tag","embeddable":true,"href":"https:\/\/nordnesrepublikken.no\/index.php\/wp-json\/wp\/v2\/tags?post=7471"}],"curies":[{"name":"wp","href":"https:\/\/api.w.org\/{rel}","templated":true}]}}