{"id":7468,"date":"2025-07-26T10:49:38","date_gmt":"2025-07-26T08:49:38","guid":{"rendered":"https:\/\/nordnesrepublikken.no\/index.php\/2025\/07\/26\/spania-konfrontert-av-oss-og-eu-over-huawei-forholdet\/"},"modified":"2025-07-26T10:49:40","modified_gmt":"2025-07-26T08:49:40","slug":"spania-konfrontert-av-oss-og-eu-over-huawei-forholdet","status":"publish","type":"post","link":"https:\/\/nordnesrepublikken.no\/index.php\/2025\/07\/26\/spania-konfrontert-av-oss-og-eu-over-huawei-forholdet\/","title":{"rendered":"Spania konfrontert av oss og EU over Huawei -forholdet"},"content":{"rendered":"<p><\/p>\n<div class=\"wordpress-content\">\n                    <!-- Article Start --><\/p>\n<p><strong><span data-preserver-spaces=\"true\">B\u00f8r Spania lagre hemmeligheter med Huawei? <\/span><span data-preserver-spaces=\"true\">EU og oss sier nei, men historien er <\/span><span data-preserver-spaces=\"true\">ikke<\/span><span data-preserver-spaces=\"true\">  S\u00e5 enkelt. <\/span><\/strong><strong><span data-preserver-spaces=\"true\">Spanias dataavtale med Huawei er <\/span><span data-preserver-spaces=\"true\">Gj\u00f8r Brussel svette<\/span><span data-preserver-spaces=\"true\">  og <\/span><span data-preserver-spaces=\"true\">Washington Twitch<\/span><span data-preserver-spaces=\"true\">.<\/span><span data-preserver-spaces=\"true\">  Men er det en hensynsl\u00f8s risiko eller bare digitalt diplomati i moderne tid?<\/span><\/strong><\/p>\n<p><span data-preserver-spaces=\"true\">Da Spania signerte en kontrakt med Huawei for \u00e5 lagre rettslige Wiretap -opptak, forventet det sannsynligvis ikke en diplomatisk ildstorm. Men i dagens teknologiske slagmark kan til og med en boks med harddisker sette av internasjonale alarmer.<\/span><\/p>\n<p><span data-preserver-spaces=\"true\">Avtalen, signert stille tidligere i \u00e5r, involverer <\/span><span data-preserver-spaces=\"true\">Huawei&#8217;s <\/span><em><span data-preserver-spaces=\"true\">Oceanstor Dorado<\/span><\/em><span data-preserver-spaces=\"true\">  maskinvare<\/span><span data-preserver-spaces=\"true\">. Dette avanserte datalagringssystemet er designet for \u00e5 h\u00e5ndtere sensitiv informasjon. I Spanias tilfelle vil den bli brukt til \u00e5 arkivere juridiske wiretap -registreringer som bevis fra organiserte kriminalitetsunders\u00f8kelser og andre digitale spor som ble brukt i retten.<\/span><\/p>\n<div class=\"sra_unit\"><link rel=\"stylesheet\" id=\"block-sra\" href=\"https:\/\/euroweeklynews.com\/wp-content\/plugins\/snack-related-articles\/dist\/css\/snack-related.min.css?250312-193541\" type=\"text\/css\" media=\"all\">\n<\/div>\n<p><span data-preserver-spaces=\"true\">Det virker greit. Men EU og USA tenker noe annet.<\/span><\/p>\n<h2><span data-preserver-spaces=\"true\">Huawei -maskinvare, r\u00f8de flagg overalt<\/span><\/h2>\n<p><span data-preserver-spaces=\"true\">EU -kommisjonen har formelt advart Spania om at forholdet til Huawei kan bryte EU -politikken. Grunnen? Huawei er oppf\u00f8rt som en &laquo;h\u00f8yrisikoselger&raquo; under EUs cybersikkerhetsrammeverk, som er ment \u00e5 beskytte kritisk infrastruktur mot utenlandsk forstyrrelse.<\/span><\/p>\n<p><span data-preserver-spaces=\"true\">I f\u00f8lge de siste rapportene mener EU at Huawei presenterer &laquo;vesentlig h\u00f8yere risiko&raquo; til nasjonal og regional sikkerhet sammenlignet med andre leverand\u00f8rer. Bekymringen er at Spania skyver grensene for det som anses som akseptabelt under EUs retningslinjer.<\/span><\/p>\n<p><span data-preserver-spaces=\"true\">Dette er ikke f\u00f8rste gang Huawei har blitt kastet som en teknisk skurk. Selskapet har blitt begrenset eller forbudt i flere vestlige land, inkludert Storbritannia, som fjernet Huawei fra 5G -nettverkene i 2020. Bekymringen handler ikke om teknisk ytelse. Huaweis maskinvare blir ofte ber\u00f8mmet for sin kvalitet. Problemet er om den kinesiske regjeringen kan ut\u00f8ve innflytelse over selskapet og f\u00e5 tilgang til data eller systemer.<\/span><\/p>\n<h2><span data-preserver-spaces=\"true\">USA smeller bremsene p\u00e5 etterretningsdeling<\/span><\/h2>\n<p><span data-preserver-spaces=\"true\">For ikke \u00e5 bli overg\u00e5tt, reduserte Washington etter sigende etterretningsdeling med Madrid som svar p\u00e5 Huawei-avtalen. Selv om det ikke er offisielt bekreftet av amerikanske tjenestemenn, er meldingen klar. Hvis du samarbeider med sanksjonerte teknologifirmaer, kan du finne deg selv ekskludert fra sensitive sikkerhetsdiskusjoner.<\/span><\/p>\n<p><span data-preserver-spaces=\"true\">Dette setter Spania i en vanskelig posisjon. <\/span><span data-preserver-spaces=\"true\">Regjeringen insisterer <\/span><span data-preserver-spaces=\"true\">de<\/span><span data-preserver-spaces=\"true\">  avtalen er lovlig, i samsvar med EU -regler, og <\/span><span data-preserver-spaces=\"true\">fullt<\/span><span data-preserver-spaces=\"true\">  Vetted av de relevante sertifiseringsmyndighetene.<\/span><span data-preserver-spaces=\"true\">  Huawei har ogs\u00e5 forsvart arrangementet.<\/span><\/p>\n<p><span data-preserver-spaces=\"true\">&#8216;Huawei har ikke tilgang til kundedata. All informasjon som er lagret p\u00e5 maskinvaren tilh\u00f8rer kunden og er utelukkende til disposisjon, &#8216;uttalte selskapet.<\/span><\/p>\n<p><span data-preserver-spaces=\"true\">Huawei fremhevet ogs\u00e5 sin 24-\u00e5rige historie i Spania, i l\u00f8pet av hvilken tid den har operert uten noen st\u00f8rre cybersikkerhetshendelser. Fra sitt perspektiv leverer selskapet ganske enkelt maskinvare, og gir ikke politiske uttalelser.<\/span><\/p>\n<h2><span data-preserver-spaces=\"true\">S\u00e5 hva er <\/span><span data-preserver-spaces=\"true\">faktisk<\/span><span data-preserver-spaces=\"true\">  blir lagret?<\/span><\/h2>\n<p><span data-preserver-spaces=\"true\">La oss bryte dette ned. De <\/span><em><span data-preserver-spaces=\"true\">Oceanstor Dorado<\/span><\/em><span data-preserver-spaces=\"true\">  Series er en serie med ultra-rask lagringssystemer. De er bygget for hastighet, p\u00e5litelighet og muligheten til \u00e5 h\u00e5ndtere enorme datamengder. Dette gj\u00f8r dem egnet for sensitive juridiske opptak som trenger sikker, langsiktig arkivering.<\/span><\/p>\n<p><span data-preserver-spaces=\"true\">Mens Huawei ikke vil se dataene direkte, hevder kritikere at selve tilstedev\u00e6relsen av utenlandsk eid infrastruktur i nasjonale sikkerhetssystemer er en risiko. Hva om det er en uoppdaget s\u00e5rbarhet? Hva om et fremtidig politisk sammenst\u00f8t tvinger Spania til \u00e5 demontere systemet og erstatte det?<\/span><\/p>\n<h2><span data-preserver-spaces=\"true\">Europas digitale stram<\/span><\/h2>\n<p><span data-preserver-spaces=\"true\">Under all den teknologiske praten ligger et st\u00f8rre sp\u00f8rsm\u00e5l: Europas kamp for digital suverenitet. P\u00e5 den ene siden er Kina, og tilbyr avansert og rimelig teknologi som f\u00f8lger med politisk bagasje. P\u00e5 den andre <\/span><span data-preserver-spaces=\"true\">er<\/span><span data-preserver-spaces=\"true\">  USA, en n\u00e6r alliert, men en som ogs\u00e5 er opptatt av \u00e5 dominere Europas digitale infrastruktur.<\/span><\/p>\n<p><span data-preserver-spaces=\"true\">Noen spanske tjenestemenn har angivelig sagt at \u00e5 stole for tungt p\u00e5 USA kan v\u00e6re like risikabelt. <\/span><span data-preserver-spaces=\"true\">Denne bekymringen har <\/span><span data-preserver-spaces=\"true\">vokst<\/span><span data-preserver-spaces=\"true\">  Siden Donald Trump <\/span><span data-preserver-spaces=\"true\">returnert<\/span><span data-preserver-spaces=\"true\">  til Det hvite hus.<\/span><span data-preserver-spaces=\"true\">  Hans uforutsigbare utenrikspolitikk har gjort noen europeiske ledere mer forsiktige med \u00e5 legge alle sine digitale egg i den amerikanske kurven.<\/span><\/p>\n<p><span data-preserver-spaces=\"true\">S\u00e5 <\/span><span data-preserver-spaces=\"true\">WHO<\/span><span data-preserver-spaces=\"true\">  B\u00f8r Europa stole p\u00e5? Kanskje ingen av dem. P\u00e5 lang sikt kan svaret v\u00e6re \u00e5 utvikle europeiskproduserte alternativer og redusere avhengigheten av b\u00e5de Washington og Beijing. Men den slags teknologiske uavhengighet er fortsatt langt unna. Inntil da m\u00e5 land som Spania n\u00f8ye navigere i denne nye epoken med digitalt diplomati, der selv en rutinemessig teknisk kontrakt kan vekke internasjonal spenning.<\/span><\/p>\n<p><span data-preserver-spaces=\"true\">F\u00e5 mer <\/span><span data-preserver-spaces=\"true\">Spansk levende nyheter<\/span><span data-preserver-spaces=\"true\">. <\/span><\/p>\n<p><span data-preserver-spaces=\"true\">Bli mer nypresset <\/span><span data-preserver-spaces=\"true\">Tekniske nyheter<\/span><span data-preserver-spaces=\"true\">  om morgenen. <\/span><\/p>\n<p>                    <!-- Article End -->\n                <\/div>\n","protected":false},"excerpt":{"rendered":"<p>B\u00f8r Spania lagre hemmeligheter med Huawei? EU og oss sier nei, men historien er ikke<\/p>\n","protected":false},"author":1,"featured_media":7469,"comment_status":"closed","ping_status":"open","sticky":false,"template":"","format":"standard","meta":{"footnotes":""},"categories":[105],"tags":[729,4518,4883,657,529],"class_list":["post-7468","post","type-post","status-publish","format-standard","has-post-thumbnail","hentry","category-livsstil","tag-forholdet","tag-huawei","tag-konfrontert","tag-oss","tag-spania","generate-columns","tablet-grid-50","mobile-grid-100","grid-parent","grid-33","resize-featured-image"],"yoast_head":"<!-- This site is optimized with the Yoast SEO plugin v24.4 - https:\/\/yoast.com\/wordpress\/plugins\/seo\/ -->\n<title>Spania konfrontert av oss og EU over Huawei -forholdet - Nordnesrepublikken<\/title>\n<meta name=\"robots\" content=\"index, follow, max-snippet:-1, max-image-preview:large, max-video-preview:-1\" \/>\n<link rel=\"canonical\" href=\"https:\/\/nordnesrepublikken.no\/index.php\/2025\/07\/26\/spania-konfrontert-av-oss-og-eu-over-huawei-forholdet\/\" \/>\n<meta property=\"og:locale\" content=\"nb_NO\" \/>\n<meta property=\"og:type\" content=\"article\" \/>\n<meta property=\"og:title\" content=\"Spania konfrontert av oss og EU over Huawei -forholdet - Nordnesrepublikken\" \/>\n<meta property=\"og:description\" content=\"B\u00f8r Spania lagre hemmeligheter med Huawei? EU og oss sier nei, men historien er ikke\" \/>\n<meta property=\"og:url\" content=\"https:\/\/nordnesrepublikken.no\/index.php\/2025\/07\/26\/spania-konfrontert-av-oss-og-eu-over-huawei-forholdet\/\" \/>\n<meta property=\"og:site_name\" content=\"Nordnesrepublikken\" \/>\n<meta property=\"article:published_time\" content=\"2025-07-26T08:49:38+00:00\" \/>\n<meta property=\"article:modified_time\" content=\"2025-07-26T08:49:40+00:00\" \/>\n<meta property=\"og:image\" content=\"https:\/\/nordnesrepublikken.no\/wp-content\/uploads\/2025\/07\/1753519778_Spania-konfrontert-av-oss-og-EU-over-Huawei-forholdet.jpg\" \/>\n\t<meta property=\"og:image:width\" content=\"1200\" \/>\n\t<meta property=\"og:image:height\" content=\"793\" \/>\n\t<meta property=\"og:image:type\" content=\"image\/jpeg\" \/>\n<meta name=\"author\" content=\"Ole Andersen\" \/>\n<meta name=\"twitter:card\" content=\"summary_large_image\" \/>\n<meta name=\"twitter:label1\" content=\"Skrevet av\" \/>\n\t<meta name=\"twitter:data1\" content=\"Ole Andersen\" \/>\n\t<meta name=\"twitter:label2\" content=\"Ansl. lesetid\" \/>\n\t<meta name=\"twitter:data2\" content=\"4 minutter\" \/>\n<script type=\"application\/ld+json\" class=\"yoast-schema-graph\">{\"@context\":\"https:\/\/schema.org\",\"@graph\":[{\"@type\":\"Article\",\"@id\":\"https:\/\/nordnesrepublikken.no\/index.php\/2025\/07\/26\/spania-konfrontert-av-oss-og-eu-over-huawei-forholdet\/#article\",\"isPartOf\":{\"@id\":\"https:\/\/nordnesrepublikken.no\/index.php\/2025\/07\/26\/spania-konfrontert-av-oss-og-eu-over-huawei-forholdet\/\"},\"author\":{\"name\":\"Ole Andersen\",\"@id\":\"https:\/\/nordnesrepublikken.no\/#\/schema\/person\/2e7e81935bab77882fffb79296240ff1\"},\"headline\":\"Spania konfrontert av oss og EU over Huawei -forholdet\",\"datePublished\":\"2025-07-26T08:49:38+00:00\",\"dateModified\":\"2025-07-26T08:49:40+00:00\",\"mainEntityOfPage\":{\"@id\":\"https:\/\/nordnesrepublikken.no\/index.php\/2025\/07\/26\/spania-konfrontert-av-oss-og-eu-over-huawei-forholdet\/\"},\"wordCount\":714,\"publisher\":{\"@id\":\"https:\/\/nordnesrepublikken.no\/#organization\"},\"image\":{\"@id\":\"https:\/\/nordnesrepublikken.no\/index.php\/2025\/07\/26\/spania-konfrontert-av-oss-og-eu-over-huawei-forholdet\/#primaryimage\"},\"thumbnailUrl\":\"https:\/\/nordnesrepublikken.no\/wp-content\/uploads\/2025\/07\/1753519778_Spania-konfrontert-av-oss-og-EU-over-Huawei-forholdet.jpg\",\"keywords\":[\"forholdet\",\"Huawei\",\"konfrontert\",\"oss\",\"Spania\"],\"articleSection\":[\"Livsstil\"],\"inLanguage\":\"nb-NO\"},{\"@type\":\"WebPage\",\"@id\":\"https:\/\/nordnesrepublikken.no\/index.php\/2025\/07\/26\/spania-konfrontert-av-oss-og-eu-over-huawei-forholdet\/\",\"url\":\"https:\/\/nordnesrepublikken.no\/index.php\/2025\/07\/26\/spania-konfrontert-av-oss-og-eu-over-huawei-forholdet\/\",\"name\":\"Spania konfrontert av oss og EU over Huawei -forholdet - Nordnesrepublikken\",\"isPartOf\":{\"@id\":\"https:\/\/nordnesrepublikken.no\/#website\"},\"primaryImageOfPage\":{\"@id\":\"https:\/\/nordnesrepublikken.no\/index.php\/2025\/07\/26\/spania-konfrontert-av-oss-og-eu-over-huawei-forholdet\/#primaryimage\"},\"image\":{\"@id\":\"https:\/\/nordnesrepublikken.no\/index.php\/2025\/07\/26\/spania-konfrontert-av-oss-og-eu-over-huawei-forholdet\/#primaryimage\"},\"thumbnailUrl\":\"https:\/\/nordnesrepublikken.no\/wp-content\/uploads\/2025\/07\/1753519778_Spania-konfrontert-av-oss-og-EU-over-Huawei-forholdet.jpg\",\"datePublished\":\"2025-07-26T08:49:38+00:00\",\"dateModified\":\"2025-07-26T08:49:40+00:00\",\"breadcrumb\":{\"@id\":\"https:\/\/nordnesrepublikken.no\/index.php\/2025\/07\/26\/spania-konfrontert-av-oss-og-eu-over-huawei-forholdet\/#breadcrumb\"},\"inLanguage\":\"nb-NO\",\"potentialAction\":[{\"@type\":\"ReadAction\",\"target\":[\"https:\/\/nordnesrepublikken.no\/index.php\/2025\/07\/26\/spania-konfrontert-av-oss-og-eu-over-huawei-forholdet\/\"]}]},{\"@type\":\"ImageObject\",\"inLanguage\":\"nb-NO\",\"@id\":\"https:\/\/nordnesrepublikken.no\/index.php\/2025\/07\/26\/spania-konfrontert-av-oss-og-eu-over-huawei-forholdet\/#primaryimage\",\"url\":\"https:\/\/nordnesrepublikken.no\/wp-content\/uploads\/2025\/07\/1753519778_Spania-konfrontert-av-oss-og-EU-over-Huawei-forholdet.jpg\",\"contentUrl\":\"https:\/\/nordnesrepublikken.no\/wp-content\/uploads\/2025\/07\/1753519778_Spania-konfrontert-av-oss-og-EU-over-Huawei-forholdet.jpg\",\"width\":1200,\"height\":793,\"caption\":\"Spania konfrontert av oss og EU over Huawei -forholdet\"},{\"@type\":\"BreadcrumbList\",\"@id\":\"https:\/\/nordnesrepublikken.no\/index.php\/2025\/07\/26\/spania-konfrontert-av-oss-og-eu-over-huawei-forholdet\/#breadcrumb\",\"itemListElement\":[{\"@type\":\"ListItem\",\"position\":1,\"name\":\"Home\",\"item\":\"https:\/\/nordnesrepublikken.no\/\"},{\"@type\":\"ListItem\",\"position\":2,\"name\":\"Spania konfrontert av oss og EU over Huawei -forholdet\"}]},{\"@type\":\"WebSite\",\"@id\":\"https:\/\/nordnesrepublikken.no\/#website\",\"url\":\"https:\/\/nordnesrepublikken.no\/\",\"name\":\"Nordnesrepublikken\",\"description\":\"Stemmer og Visjoner fra Republikkens Hjerte\",\"publisher\":{\"@id\":\"https:\/\/nordnesrepublikken.no\/#organization\"},\"potentialAction\":[{\"@type\":\"SearchAction\",\"target\":{\"@type\":\"EntryPoint\",\"urlTemplate\":\"https:\/\/nordnesrepublikken.no\/?s={search_term_string}\"},\"query-input\":{\"@type\":\"PropertyValueSpecification\",\"valueRequired\":true,\"valueName\":\"search_term_string\"}}],\"inLanguage\":\"nb-NO\"},{\"@type\":\"Organization\",\"@id\":\"https:\/\/nordnesrepublikken.no\/#organization\",\"name\":\"Nordnesrepublikken\",\"url\":\"https:\/\/nordnesrepublikken.no\/\",\"logo\":{\"@type\":\"ImageObject\",\"inLanguage\":\"nb-NO\",\"@id\":\"https:\/\/nordnesrepublikken.no\/#\/schema\/logo\/image\/\",\"url\":\"https:\/\/nordnesrepublikken.no\/wp-content\/uploads\/2025\/02\/cropped-nordnesrepublikken-2.png\",\"contentUrl\":\"https:\/\/nordnesrepublikken.no\/wp-content\/uploads\/2025\/02\/cropped-nordnesrepublikken-2.png\",\"width\":1248,\"height\":362,\"caption\":\"Nordnesrepublikken\"},\"image\":{\"@id\":\"https:\/\/nordnesrepublikken.no\/#\/schema\/logo\/image\/\"}},{\"@type\":\"Person\",\"@id\":\"https:\/\/nordnesrepublikken.no\/#\/schema\/person\/2e7e81935bab77882fffb79296240ff1\",\"name\":\"Ole Andersen\",\"image\":{\"@type\":\"ImageObject\",\"inLanguage\":\"nb-NO\",\"@id\":\"https:\/\/nordnesrepublikken.no\/#\/schema\/person\/image\/\",\"url\":\"https:\/\/nordnesrepublikken.no\/wp-content\/uploads\/2025\/02\/nordnesrepublikken-2-2-150x150.jpg\",\"contentUrl\":\"https:\/\/nordnesrepublikken.no\/wp-content\/uploads\/2025\/02\/nordnesrepublikken-2-2-150x150.jpg\",\"caption\":\"Ole Andersen\"},\"description\":\"Ettersom jeg vokste opp i Oslo, har jeg alltid v\u00e6rt fascinert av ordenes kraft og deres evne til \u00e5 skape endringer. Etter \u00e5 ha fullf\u00f8rt min utdannelse i kommunikasjon ved Universitetet i Bergen, fikk jeg muligheten til \u00e5 jobbe innen ulike medier, der jeg har s\u00f8kt \u00e5 belyse viktige samfunnssp\u00f8rsm\u00e5l. I dag, som redakt\u00f8r for Nordnesrepublikken, pr\u00f8ver jeg \u00e5 forene min kj\u00e6rlighet for journalistikk med min lidenskap for innovasjon og eventyr.\",\"sameAs\":[\"https:\/\/nordnesrepublikken.no\/\"]}]}<\/script>\n<!-- \/ Yoast SEO plugin. -->","yoast_head_json":{"title":"Spania konfrontert av oss og EU over Huawei -forholdet - Nordnesrepublikken","robots":{"index":"index","follow":"follow","max-snippet":"max-snippet:-1","max-image-preview":"max-image-preview:large","max-video-preview":"max-video-preview:-1"},"canonical":"https:\/\/nordnesrepublikken.no\/index.php\/2025\/07\/26\/spania-konfrontert-av-oss-og-eu-over-huawei-forholdet\/","og_locale":"nb_NO","og_type":"article","og_title":"Spania konfrontert av oss og EU over Huawei -forholdet - Nordnesrepublikken","og_description":"B\u00f8r Spania lagre hemmeligheter med Huawei? EU og oss sier nei, men historien er ikke","og_url":"https:\/\/nordnesrepublikken.no\/index.php\/2025\/07\/26\/spania-konfrontert-av-oss-og-eu-over-huawei-forholdet\/","og_site_name":"Nordnesrepublikken","article_published_time":"2025-07-26T08:49:38+00:00","article_modified_time":"2025-07-26T08:49:40+00:00","og_image":[{"width":1200,"height":793,"url":"https:\/\/nordnesrepublikken.no\/wp-content\/uploads\/2025\/07\/1753519778_Spania-konfrontert-av-oss-og-EU-over-Huawei-forholdet.jpg","type":"image\/jpeg"}],"author":"Ole Andersen","twitter_card":"summary_large_image","twitter_misc":{"Skrevet av":"Ole Andersen","Ansl. lesetid":"4 minutter"},"schema":{"@context":"https:\/\/schema.org","@graph":[{"@type":"Article","@id":"https:\/\/nordnesrepublikken.no\/index.php\/2025\/07\/26\/spania-konfrontert-av-oss-og-eu-over-huawei-forholdet\/#article","isPartOf":{"@id":"https:\/\/nordnesrepublikken.no\/index.php\/2025\/07\/26\/spania-konfrontert-av-oss-og-eu-over-huawei-forholdet\/"},"author":{"name":"Ole Andersen","@id":"https:\/\/nordnesrepublikken.no\/#\/schema\/person\/2e7e81935bab77882fffb79296240ff1"},"headline":"Spania konfrontert av oss og EU over Huawei -forholdet","datePublished":"2025-07-26T08:49:38+00:00","dateModified":"2025-07-26T08:49:40+00:00","mainEntityOfPage":{"@id":"https:\/\/nordnesrepublikken.no\/index.php\/2025\/07\/26\/spania-konfrontert-av-oss-og-eu-over-huawei-forholdet\/"},"wordCount":714,"publisher":{"@id":"https:\/\/nordnesrepublikken.no\/#organization"},"image":{"@id":"https:\/\/nordnesrepublikken.no\/index.php\/2025\/07\/26\/spania-konfrontert-av-oss-og-eu-over-huawei-forholdet\/#primaryimage"},"thumbnailUrl":"https:\/\/nordnesrepublikken.no\/wp-content\/uploads\/2025\/07\/1753519778_Spania-konfrontert-av-oss-og-EU-over-Huawei-forholdet.jpg","keywords":["forholdet","Huawei","konfrontert","oss","Spania"],"articleSection":["Livsstil"],"inLanguage":"nb-NO"},{"@type":"WebPage","@id":"https:\/\/nordnesrepublikken.no\/index.php\/2025\/07\/26\/spania-konfrontert-av-oss-og-eu-over-huawei-forholdet\/","url":"https:\/\/nordnesrepublikken.no\/index.php\/2025\/07\/26\/spania-konfrontert-av-oss-og-eu-over-huawei-forholdet\/","name":"Spania konfrontert av oss og EU over Huawei -forholdet - Nordnesrepublikken","isPartOf":{"@id":"https:\/\/nordnesrepublikken.no\/#website"},"primaryImageOfPage":{"@id":"https:\/\/nordnesrepublikken.no\/index.php\/2025\/07\/26\/spania-konfrontert-av-oss-og-eu-over-huawei-forholdet\/#primaryimage"},"image":{"@id":"https:\/\/nordnesrepublikken.no\/index.php\/2025\/07\/26\/spania-konfrontert-av-oss-og-eu-over-huawei-forholdet\/#primaryimage"},"thumbnailUrl":"https:\/\/nordnesrepublikken.no\/wp-content\/uploads\/2025\/07\/1753519778_Spania-konfrontert-av-oss-og-EU-over-Huawei-forholdet.jpg","datePublished":"2025-07-26T08:49:38+00:00","dateModified":"2025-07-26T08:49:40+00:00","breadcrumb":{"@id":"https:\/\/nordnesrepublikken.no\/index.php\/2025\/07\/26\/spania-konfrontert-av-oss-og-eu-over-huawei-forholdet\/#breadcrumb"},"inLanguage":"nb-NO","potentialAction":[{"@type":"ReadAction","target":["https:\/\/nordnesrepublikken.no\/index.php\/2025\/07\/26\/spania-konfrontert-av-oss-og-eu-over-huawei-forholdet\/"]}]},{"@type":"ImageObject","inLanguage":"nb-NO","@id":"https:\/\/nordnesrepublikken.no\/index.php\/2025\/07\/26\/spania-konfrontert-av-oss-og-eu-over-huawei-forholdet\/#primaryimage","url":"https:\/\/nordnesrepublikken.no\/wp-content\/uploads\/2025\/07\/1753519778_Spania-konfrontert-av-oss-og-EU-over-Huawei-forholdet.jpg","contentUrl":"https:\/\/nordnesrepublikken.no\/wp-content\/uploads\/2025\/07\/1753519778_Spania-konfrontert-av-oss-og-EU-over-Huawei-forholdet.jpg","width":1200,"height":793,"caption":"Spania konfrontert av oss og EU over Huawei -forholdet"},{"@type":"BreadcrumbList","@id":"https:\/\/nordnesrepublikken.no\/index.php\/2025\/07\/26\/spania-konfrontert-av-oss-og-eu-over-huawei-forholdet\/#breadcrumb","itemListElement":[{"@type":"ListItem","position":1,"name":"Home","item":"https:\/\/nordnesrepublikken.no\/"},{"@type":"ListItem","position":2,"name":"Spania konfrontert av oss og EU over Huawei -forholdet"}]},{"@type":"WebSite","@id":"https:\/\/nordnesrepublikken.no\/#website","url":"https:\/\/nordnesrepublikken.no\/","name":"Nordnesrepublikken","description":"Stemmer og Visjoner fra Republikkens Hjerte","publisher":{"@id":"https:\/\/nordnesrepublikken.no\/#organization"},"potentialAction":[{"@type":"SearchAction","target":{"@type":"EntryPoint","urlTemplate":"https:\/\/nordnesrepublikken.no\/?s={search_term_string}"},"query-input":{"@type":"PropertyValueSpecification","valueRequired":true,"valueName":"search_term_string"}}],"inLanguage":"nb-NO"},{"@type":"Organization","@id":"https:\/\/nordnesrepublikken.no\/#organization","name":"Nordnesrepublikken","url":"https:\/\/nordnesrepublikken.no\/","logo":{"@type":"ImageObject","inLanguage":"nb-NO","@id":"https:\/\/nordnesrepublikken.no\/#\/schema\/logo\/image\/","url":"https:\/\/nordnesrepublikken.no\/wp-content\/uploads\/2025\/02\/cropped-nordnesrepublikken-2.png","contentUrl":"https:\/\/nordnesrepublikken.no\/wp-content\/uploads\/2025\/02\/cropped-nordnesrepublikken-2.png","width":1248,"height":362,"caption":"Nordnesrepublikken"},"image":{"@id":"https:\/\/nordnesrepublikken.no\/#\/schema\/logo\/image\/"}},{"@type":"Person","@id":"https:\/\/nordnesrepublikken.no\/#\/schema\/person\/2e7e81935bab77882fffb79296240ff1","name":"Ole Andersen","image":{"@type":"ImageObject","inLanguage":"nb-NO","@id":"https:\/\/nordnesrepublikken.no\/#\/schema\/person\/image\/","url":"https:\/\/nordnesrepublikken.no\/wp-content\/uploads\/2025\/02\/nordnesrepublikken-2-2-150x150.jpg","contentUrl":"https:\/\/nordnesrepublikken.no\/wp-content\/uploads\/2025\/02\/nordnesrepublikken-2-2-150x150.jpg","caption":"Ole Andersen"},"description":"Ettersom jeg vokste opp i Oslo, har jeg alltid v\u00e6rt fascinert av ordenes kraft og deres evne til \u00e5 skape endringer. Etter \u00e5 ha fullf\u00f8rt min utdannelse i kommunikasjon ved Universitetet i Bergen, fikk jeg muligheten til \u00e5 jobbe innen ulike medier, der jeg har s\u00f8kt \u00e5 belyse viktige samfunnssp\u00f8rsm\u00e5l. I dag, som redakt\u00f8r for Nordnesrepublikken, pr\u00f8ver jeg \u00e5 forene min kj\u00e6rlighet for journalistikk med min lidenskap for innovasjon og eventyr.","sameAs":["https:\/\/nordnesrepublikken.no\/"]}]}},"_links":{"self":[{"href":"https:\/\/nordnesrepublikken.no\/index.php\/wp-json\/wp\/v2\/posts\/7468","targetHints":{"allow":["GET"]}}],"collection":[{"href":"https:\/\/nordnesrepublikken.no\/index.php\/wp-json\/wp\/v2\/posts"}],"about":[{"href":"https:\/\/nordnesrepublikken.no\/index.php\/wp-json\/wp\/v2\/types\/post"}],"author":[{"embeddable":true,"href":"https:\/\/nordnesrepublikken.no\/index.php\/wp-json\/wp\/v2\/users\/1"}],"replies":[{"embeddable":true,"href":"https:\/\/nordnesrepublikken.no\/index.php\/wp-json\/wp\/v2\/comments?post=7468"}],"version-history":[{"count":1,"href":"https:\/\/nordnesrepublikken.no\/index.php\/wp-json\/wp\/v2\/posts\/7468\/revisions"}],"predecessor-version":[{"id":7470,"href":"https:\/\/nordnesrepublikken.no\/index.php\/wp-json\/wp\/v2\/posts\/7468\/revisions\/7470"}],"wp:featuredmedia":[{"embeddable":true,"href":"https:\/\/nordnesrepublikken.no\/index.php\/wp-json\/wp\/v2\/media\/7469"}],"wp:attachment":[{"href":"https:\/\/nordnesrepublikken.no\/index.php\/wp-json\/wp\/v2\/media?parent=7468"}],"wp:term":[{"taxonomy":"category","embeddable":true,"href":"https:\/\/nordnesrepublikken.no\/index.php\/wp-json\/wp\/v2\/categories?post=7468"},{"taxonomy":"post_tag","embeddable":true,"href":"https:\/\/nordnesrepublikken.no\/index.php\/wp-json\/wp\/v2\/tags?post=7468"}],"curies":[{"name":"wp","href":"https:\/\/api.w.org\/{rel}","templated":true}]}}