{"id":7453,"date":"2025-07-25T21:49:45","date_gmt":"2025-07-25T19:49:45","guid":{"rendered":"https:\/\/nordnesrepublikken.no\/index.php\/2025\/07\/25\/hvor-er-de-andre-i-verden\/"},"modified":"2025-07-25T21:49:52","modified_gmt":"2025-07-25T19:49:52","slug":"hvor-er-de-andre-i-verden","status":"publish","type":"post","link":"https:\/\/nordnesrepublikken.no\/index.php\/2025\/07\/25\/hvor-er-de-andre-i-verden\/","title":{"rendered":"Hvor er de andre i verden"},"content":{"rendered":"<div>\n<div class=\"cp_wrapper cp_wrapper--fw mb-30 mb-20@tablet\">\n<figure class=\"mm\"><picture class=\"img\" style=\"padding-top:56.25%\"><source  media=\"(min-width: 1024px)\"><source  media=\"(min-width: 768px)\"><\/source><\/source><\/picture><\/figure>\n<\/p><\/div>\n<p><b>&laquo;&raquo;<\/b>1975 &#8211; Ikke \u00e5pent f\u00f8r 4. juli 2025<b>&laquo;&raquo;<\/b>: Dette er registreringen p\u00e5 <b>Seward tidskapsel<\/b>i Nebraska, USA, \u00e5pent under<b> National Feast of the United States i \u00e5r<\/b>selv om det tok tre dager for \u00e5 fullf\u00f8re \u00e5pningen. P\u00e5 innsiden, Cimeli direkte fra 70 -tallet, for eksempel brev, fotografier, lydstopp, kl\u00e6r og h\u00f8ydepunktet var en gul Chevrolet Vega. Denne kapselen har lenge varetektsfengslet tittelen p\u00e5<b> st\u00f8rre tidskapsel i verden<\/b> &#8211; \u00c5 v\u00e6re inne i en bil! &#8211; n\u00e5 overvunnet av en annen av disse dyrebare gjenstandene, ansett som virkelige historiske dokumenter, en<b> kapsel laget i Storbritannia<\/b>Inngang i Guinness Book of Records.<\/p>\n<p>En tidskapsel er enhver beholder som er passende plassert p\u00e5 trygge steder for \u00e5 bevare forskjellige typer objekter som skal gjenvinnes i en forh\u00e5ndsbestemt dato, ogs\u00e5 veldig langt over tid for \u00e5 legge igjen et vitnesbyrd om den tilstedev\u00e6rende tid i en fremtidig tid. I f\u00f8lge<b> International Time Capsule Society<\/b>Bygg en kapsel <em>&laquo;Det tilbyr mennesker, familier og organisasjoner en uavhengig stemme for \u00e5 snakke om fremtiden&raquo;<\/em>. Datidens kapslene er en <b>Ekte historisk dokument<\/b>at alle som kan oppn\u00e5 &#8211; faktisk eksisterer b\u00e5de opprettet av enheter og av privatpersoner &#8211; som gj\u00f8r det mulig \u00e5 bevare for v\u00e5re etterf\u00f8lgere, objekter som er representative for livet i et bestemt \u00f8yeblikk av menneskehetens historie. Til dags dato har vi nyheter om <b>Kapsler av tid i alle kontinenter i verden<\/b> Selv om noen av dem, har spor g\u00e5tt tapt. Vi vet ogs\u00e5 at kapselen til den tiden som skulle \u00e5pnes mellom mer tid ble laget i USA, i Atlanta, i 1940, og vil bli \u00e5pnet <b>Om rundt 6000 \u00e5r, i 8113<\/b>.<\/p>\n<h2>De eldste og de som er funnet ved en tilfeldighet: historien<\/h2>\n<p>Tilsynelatende, begrepet <b>&laquo;Tidskapsler&raquo;<\/b> Han ble myntet p\u00e5 slutten av 1930-tallet og satt inn for f\u00f8rste gang i Merriam-Webster Dictionary. Den eldste som finnes i dag er en kapsel &#8211; faktisk en koffert &#8211; funnet i <b>Polen<\/b>datert 1726, som inneholdt dokumenter, objekter og penger, laget med den spesifikke hensikten \u00e5 v\u00e6re <b>overlevert til p\u00e5f\u00f8lgende generasjoner<\/b>.<\/p>\n<p>Noen \u00e5r senere, i 1761, ble noen gjenstander satt inn i kobbervingningen p\u00e5 <b>Cima fra Faneuil Hall<\/b>historisk bygning av <b>Boston<\/b>bare for \u00e5 holdes. I den amerikanske byen er det ogs\u00e5 en annen kapsel som dateres tilbake til 1795, dissekert og &laquo;oppdatert&raquo; i 2015, utsatt for en periode for <strong>Museum of Fine Arts<\/strong>.<\/p>\n<p>Saken om en annen kapsel er ogs\u00e5 interessant, funnet alltid en <b>Boston<\/b>men denne gangen ved en tilfeldighet: I 2015 graver bulldozerne for \u00e5 bygge grunnlaget for en ny bygning i hovedkvarteret til<b> MIT, Massachusetts Institute of Technology<\/b>og finn en merkelig forseglet gjennomsiktig sylindrisk boks. Det viser seg at det er virkelig <b>&laquo;Tidskapsler&raquo;<\/b>laget av en gruppe professorer i 1957, beregnet p\u00e5 menn p\u00e5 tusen \u00e5r senere, i 2957. Det gjennomsiktige materialet er glass &#8211; slik at det kan observere innholdet uten \u00e5 \u00e5pne det &#8211; det er fylt med argongasser som tillater bevaring av innholdet, og inneholder noen oppdagelser. Revolusjonerende, og et brev beregnet p\u00e5 de som etter tusen \u00e5r ville ha \u00e5pnet boksen. De l\u00e6rde som unders\u00f8kte at det ogs\u00e5 har lo det, slik at v\u00e5re etterf\u00f8lgere, i den tiden som kommer, vil kunne motta det.<\/p>\n<p>I 2017 ble det da oppdaget i<b> Spania<\/b> En kapsel av tid med en bestemt form, eller en trestatuett som representerer Kristus, som inneholdt et dokument med informasjon som oppsummerte den historiske, politiske og kulturelle situasjonen i 1777, skrevet nettopp fordi de kom til ettertiden.<\/p>\n<h2>Kapselen som vil bli \u00e5pnet om rundt 6000 \u00e5r<\/h2>\n<p>Blant kapslene i den tiden vi er klar over i dag, vil den som &#8211; if\u00f8lge nyhetene som er tilgjengelige &#8211; v\u00e6re \u00e5pne mellom mer tid,<b> Crypt of Civilization<\/b>et seks -meter langt rom, tre store og tre h\u00f8ye, laget av historikeren<b> Thornwell Jacobs<\/b> P\u00e5 1930 -tallet i USA, i Atlanta, Georgia, i <b>Ogler University<\/b>.<\/p>\n<p>Professor Jacobs ble rammet av <b>Mangel p\u00e5 n\u00f8yaktig informasjon om fortidens sivilisasjoner<\/b>og \u00f8nsket \u00e5 oppn\u00e5 noe som kunne n\u00e5 ettertiden til en fremtid veldig langt i tid, <b>6000 \u00e5r<\/b>nesten som en gjeld for \u00e5 helbrede. Krypten av sivilisasjoner vil faktisk bare \u00e5pnes<b> 28. mai 8113. <\/b><\/p>\n<p>Thornwell Jacobs valgte denne datoen fordi den f\u00f8rste datoen kjent i historien som er dokumentert i den egyptiske kalenderen, en sivilisasjon som Jacobs \u00f8nsket \u00e5 henvise til, <b>Datoer tilbake til 4241 f.Kr.<\/b> &#8211; Da 6177 \u00e5r f\u00f8r 28. mai 1940, dagen da krypten ble forseglet &#8211; og ble deretter beregnet<b> ytterligere 6177 \u00e5r fra det \u00f8yeblikket<\/b>.<\/p>\n<p>Der <b>Crypt of Civilization<\/b> Den inneholder dokumentasjon av tiden og tar sikte p\u00e5 <b>&laquo;til v\u00e5r arkeologiske plikt&raquo;<\/b>.<\/p>\n<h2>Hvor tidens kapsler i Italia og i verden finnes i dag<\/h2>\n<p>Tidens kapslene er absolutt mange: blant m\u00e5lene for enheten som er skapt nettopp for \u00e5 kartlegge dem, studere og holde rede p\u00e5 deres skapelse, den <b>International Time Capsule Society<\/b>er det nettopp \u00e5 holde oversikten over skapelsen deres.<\/p>\n<p>Det er <b>Kapsler av tid i alle kontinenter<\/b>med et klart flertall i Europa og Nord -Amerika. I <b>Italia<\/b> Det er flere &laquo;tidskapsler&raquo;, inkludert: en i<b> Pergine Valsugana Castle<\/b>i provinsen Trento; en al <strong>Sienese Cassero di Grosseto<\/strong>; en a <b>Parma<\/b>i hagen til <strong>Maria Luigia National Boarding School <\/strong>Og mange andre. <span style=\"font-size: 16px\">I tillegg til kapslene i tiden som er sporet i databasen, ser det ut til at det er flere som n\u00e5 har blitt nesten legende, fordi de er nyheter, men de ikke blir funnet noe sted. Blant disse, for eksempel, ser det ut til at det er et innlegg p\u00e5 1800 -tallet under <\/span><b style=\"font-size: 16px\">Blackpool Tower,<\/b><span style=\"font-size: 16px\">  I England i Blackpool, Lancashire, bygde Torre p\u00e5 linjene i Eiffelt\u00e5rnet, som det burde v\u00e6re <\/span><b style=\"font-size: 16px\">S\u00e5 mange som 17 kapsler<\/b><span style=\"font-size: 16px\">  gravlagt i byen <\/span><b style=\"font-size: 16px\">Corona, California<\/b><span style=\"font-size: 16px\">men ingen fant et spor av det.<\/span><\/p>\n<\/p><\/div>\n","protected":false},"excerpt":{"rendered":"<p>&laquo;&raquo;1975 &#8211; Ikke \u00e5pent f\u00f8r 4. juli 2025&laquo;&raquo;: Dette er registreringen p\u00e5 Seward tidskapseli Nebraska,<\/p>\n","protected":false},"author":1,"featured_media":7454,"comment_status":"closed","ping_status":"open","sticky":false,"template":"","format":"standard","meta":{"footnotes":""},"categories":[104],"tags":[222,449,598],"class_list":["post-7453","post","type-post","status-publish","format-standard","has-post-thumbnail","hentry","category-samfunn","tag-andre","tag-hvor","tag-verden","generate-columns","tablet-grid-50","mobile-grid-100","grid-parent","grid-33","resize-featured-image"],"yoast_head":"<!-- This site is optimized with the Yoast SEO plugin v24.4 - https:\/\/yoast.com\/wordpress\/plugins\/seo\/ -->\n<title>Hvor er de andre i verden - Nordnesrepublikken<\/title>\n<meta name=\"robots\" content=\"index, follow, max-snippet:-1, max-image-preview:large, max-video-preview:-1\" \/>\n<link rel=\"canonical\" href=\"https:\/\/nordnesrepublikken.no\/index.php\/2025\/07\/25\/hvor-er-de-andre-i-verden\/\" \/>\n<meta property=\"og:locale\" content=\"nb_NO\" \/>\n<meta property=\"og:type\" content=\"article\" \/>\n<meta property=\"og:title\" content=\"Hvor er de andre i verden - Nordnesrepublikken\" \/>\n<meta property=\"og:description\" content=\"&laquo;&raquo;1975 &#8211; Ikke \u00e5pent f\u00f8r 4. juli 2025&laquo;&raquo;: Dette er registreringen p\u00e5 Seward tidskapseli Nebraska,\" \/>\n<meta property=\"og:url\" content=\"https:\/\/nordnesrepublikken.no\/index.php\/2025\/07\/25\/hvor-er-de-andre-i-verden\/\" \/>\n<meta property=\"og:site_name\" content=\"Nordnesrepublikken\" \/>\n<meta property=\"article:published_time\" content=\"2025-07-25T19:49:45+00:00\" \/>\n<meta property=\"article:modified_time\" content=\"2025-07-25T19:49:52+00:00\" \/>\n<meta property=\"og:image\" content=\"https:\/\/nordnesrepublikken.no\/wp-content\/uploads\/2025\/07\/1753472986_Hvor-er-de-andre-i-verden-scaled.jpg\" \/>\n\t<meta property=\"og:image:width\" content=\"2560\" \/>\n\t<meta property=\"og:image:height\" content=\"1635\" \/>\n\t<meta property=\"og:image:type\" content=\"image\/jpeg\" \/>\n<meta name=\"author\" content=\"Ole Andersen\" \/>\n<meta name=\"twitter:card\" content=\"summary_large_image\" \/>\n<meta name=\"twitter:label1\" content=\"Skrevet av\" \/>\n\t<meta name=\"twitter:data1\" content=\"Ole Andersen\" \/>\n\t<meta name=\"twitter:label2\" content=\"Ansl. lesetid\" \/>\n\t<meta name=\"twitter:data2\" content=\"5 minutter\" \/>\n<script type=\"application\/ld+json\" class=\"yoast-schema-graph\">{\"@context\":\"https:\/\/schema.org\",\"@graph\":[{\"@type\":\"Article\",\"@id\":\"https:\/\/nordnesrepublikken.no\/index.php\/2025\/07\/25\/hvor-er-de-andre-i-verden\/#article\",\"isPartOf\":{\"@id\":\"https:\/\/nordnesrepublikken.no\/index.php\/2025\/07\/25\/hvor-er-de-andre-i-verden\/\"},\"author\":{\"name\":\"Ole Andersen\",\"@id\":\"https:\/\/nordnesrepublikken.no\/#\/schema\/person\/2e7e81935bab77882fffb79296240ff1\"},\"headline\":\"Hvor er de andre i verden\",\"datePublished\":\"2025-07-25T19:49:45+00:00\",\"dateModified\":\"2025-07-25T19:49:52+00:00\",\"mainEntityOfPage\":{\"@id\":\"https:\/\/nordnesrepublikken.no\/index.php\/2025\/07\/25\/hvor-er-de-andre-i-verden\/\"},\"wordCount\":924,\"publisher\":{\"@id\":\"https:\/\/nordnesrepublikken.no\/#organization\"},\"image\":{\"@id\":\"https:\/\/nordnesrepublikken.no\/index.php\/2025\/07\/25\/hvor-er-de-andre-i-verden\/#primaryimage\"},\"thumbnailUrl\":\"https:\/\/nordnesrepublikken.no\/wp-content\/uploads\/2025\/07\/1753472986_Hvor-er-de-andre-i-verden-scaled.jpg\",\"keywords\":[\"andre\",\"hvor\",\"verden\"],\"articleSection\":[\"Samfunn\"],\"inLanguage\":\"nb-NO\"},{\"@type\":\"WebPage\",\"@id\":\"https:\/\/nordnesrepublikken.no\/index.php\/2025\/07\/25\/hvor-er-de-andre-i-verden\/\",\"url\":\"https:\/\/nordnesrepublikken.no\/index.php\/2025\/07\/25\/hvor-er-de-andre-i-verden\/\",\"name\":\"Hvor er de andre i verden - Nordnesrepublikken\",\"isPartOf\":{\"@id\":\"https:\/\/nordnesrepublikken.no\/#website\"},\"primaryImageOfPage\":{\"@id\":\"https:\/\/nordnesrepublikken.no\/index.php\/2025\/07\/25\/hvor-er-de-andre-i-verden\/#primaryimage\"},\"image\":{\"@id\":\"https:\/\/nordnesrepublikken.no\/index.php\/2025\/07\/25\/hvor-er-de-andre-i-verden\/#primaryimage\"},\"thumbnailUrl\":\"https:\/\/nordnesrepublikken.no\/wp-content\/uploads\/2025\/07\/1753472986_Hvor-er-de-andre-i-verden-scaled.jpg\",\"datePublished\":\"2025-07-25T19:49:45+00:00\",\"dateModified\":\"2025-07-25T19:49:52+00:00\",\"breadcrumb\":{\"@id\":\"https:\/\/nordnesrepublikken.no\/index.php\/2025\/07\/25\/hvor-er-de-andre-i-verden\/#breadcrumb\"},\"inLanguage\":\"nb-NO\",\"potentialAction\":[{\"@type\":\"ReadAction\",\"target\":[\"https:\/\/nordnesrepublikken.no\/index.php\/2025\/07\/25\/hvor-er-de-andre-i-verden\/\"]}]},{\"@type\":\"ImageObject\",\"inLanguage\":\"nb-NO\",\"@id\":\"https:\/\/nordnesrepublikken.no\/index.php\/2025\/07\/25\/hvor-er-de-andre-i-verden\/#primaryimage\",\"url\":\"https:\/\/nordnesrepublikken.no\/wp-content\/uploads\/2025\/07\/1753472986_Hvor-er-de-andre-i-verden-scaled.jpg\",\"contentUrl\":\"https:\/\/nordnesrepublikken.no\/wp-content\/uploads\/2025\/07\/1753472986_Hvor-er-de-andre-i-verden-scaled.jpg\",\"width\":2560,\"height\":1635,\"caption\":\"capsula del tempo\"},{\"@type\":\"BreadcrumbList\",\"@id\":\"https:\/\/nordnesrepublikken.no\/index.php\/2025\/07\/25\/hvor-er-de-andre-i-verden\/#breadcrumb\",\"itemListElement\":[{\"@type\":\"ListItem\",\"position\":1,\"name\":\"Home\",\"item\":\"https:\/\/nordnesrepublikken.no\/\"},{\"@type\":\"ListItem\",\"position\":2,\"name\":\"Hvor er de andre i verden\"}]},{\"@type\":\"WebSite\",\"@id\":\"https:\/\/nordnesrepublikken.no\/#website\",\"url\":\"https:\/\/nordnesrepublikken.no\/\",\"name\":\"Nordnesrepublikken\",\"description\":\"Stemmer og Visjoner fra Republikkens Hjerte\",\"publisher\":{\"@id\":\"https:\/\/nordnesrepublikken.no\/#organization\"},\"potentialAction\":[{\"@type\":\"SearchAction\",\"target\":{\"@type\":\"EntryPoint\",\"urlTemplate\":\"https:\/\/nordnesrepublikken.no\/?s={search_term_string}\"},\"query-input\":{\"@type\":\"PropertyValueSpecification\",\"valueRequired\":true,\"valueName\":\"search_term_string\"}}],\"inLanguage\":\"nb-NO\"},{\"@type\":\"Organization\",\"@id\":\"https:\/\/nordnesrepublikken.no\/#organization\",\"name\":\"Nordnesrepublikken\",\"url\":\"https:\/\/nordnesrepublikken.no\/\",\"logo\":{\"@type\":\"ImageObject\",\"inLanguage\":\"nb-NO\",\"@id\":\"https:\/\/nordnesrepublikken.no\/#\/schema\/logo\/image\/\",\"url\":\"https:\/\/nordnesrepublikken.no\/wp-content\/uploads\/2025\/02\/cropped-nordnesrepublikken-2.png\",\"contentUrl\":\"https:\/\/nordnesrepublikken.no\/wp-content\/uploads\/2025\/02\/cropped-nordnesrepublikken-2.png\",\"width\":1248,\"height\":362,\"caption\":\"Nordnesrepublikken\"},\"image\":{\"@id\":\"https:\/\/nordnesrepublikken.no\/#\/schema\/logo\/image\/\"}},{\"@type\":\"Person\",\"@id\":\"https:\/\/nordnesrepublikken.no\/#\/schema\/person\/2e7e81935bab77882fffb79296240ff1\",\"name\":\"Ole Andersen\",\"image\":{\"@type\":\"ImageObject\",\"inLanguage\":\"nb-NO\",\"@id\":\"https:\/\/nordnesrepublikken.no\/#\/schema\/person\/image\/\",\"url\":\"https:\/\/nordnesrepublikken.no\/wp-content\/uploads\/2025\/02\/nordnesrepublikken-2-2-150x150.jpg\",\"contentUrl\":\"https:\/\/nordnesrepublikken.no\/wp-content\/uploads\/2025\/02\/nordnesrepublikken-2-2-150x150.jpg\",\"caption\":\"Ole Andersen\"},\"description\":\"Ettersom jeg vokste opp i Oslo, har jeg alltid v\u00e6rt fascinert av ordenes kraft og deres evne til \u00e5 skape endringer. Etter \u00e5 ha fullf\u00f8rt min utdannelse i kommunikasjon ved Universitetet i Bergen, fikk jeg muligheten til \u00e5 jobbe innen ulike medier, der jeg har s\u00f8kt \u00e5 belyse viktige samfunnssp\u00f8rsm\u00e5l. I dag, som redakt\u00f8r for Nordnesrepublikken, pr\u00f8ver jeg \u00e5 forene min kj\u00e6rlighet for journalistikk med min lidenskap for innovasjon og eventyr.\",\"sameAs\":[\"https:\/\/nordnesrepublikken.no\/\"]}]}<\/script>\n<!-- \/ Yoast SEO plugin. -->","yoast_head_json":{"title":"Hvor er de andre i verden - Nordnesrepublikken","robots":{"index":"index","follow":"follow","max-snippet":"max-snippet:-1","max-image-preview":"max-image-preview:large","max-video-preview":"max-video-preview:-1"},"canonical":"https:\/\/nordnesrepublikken.no\/index.php\/2025\/07\/25\/hvor-er-de-andre-i-verden\/","og_locale":"nb_NO","og_type":"article","og_title":"Hvor er de andre i verden - Nordnesrepublikken","og_description":"&laquo;&raquo;1975 &#8211; Ikke \u00e5pent f\u00f8r 4. juli 2025&laquo;&raquo;: Dette er registreringen p\u00e5 Seward tidskapseli Nebraska,","og_url":"https:\/\/nordnesrepublikken.no\/index.php\/2025\/07\/25\/hvor-er-de-andre-i-verden\/","og_site_name":"Nordnesrepublikken","article_published_time":"2025-07-25T19:49:45+00:00","article_modified_time":"2025-07-25T19:49:52+00:00","og_image":[{"width":2560,"height":1635,"url":"https:\/\/nordnesrepublikken.no\/wp-content\/uploads\/2025\/07\/1753472986_Hvor-er-de-andre-i-verden-scaled.jpg","type":"image\/jpeg"}],"author":"Ole Andersen","twitter_card":"summary_large_image","twitter_misc":{"Skrevet av":"Ole Andersen","Ansl. lesetid":"5 minutter"},"schema":{"@context":"https:\/\/schema.org","@graph":[{"@type":"Article","@id":"https:\/\/nordnesrepublikken.no\/index.php\/2025\/07\/25\/hvor-er-de-andre-i-verden\/#article","isPartOf":{"@id":"https:\/\/nordnesrepublikken.no\/index.php\/2025\/07\/25\/hvor-er-de-andre-i-verden\/"},"author":{"name":"Ole Andersen","@id":"https:\/\/nordnesrepublikken.no\/#\/schema\/person\/2e7e81935bab77882fffb79296240ff1"},"headline":"Hvor er de andre i verden","datePublished":"2025-07-25T19:49:45+00:00","dateModified":"2025-07-25T19:49:52+00:00","mainEntityOfPage":{"@id":"https:\/\/nordnesrepublikken.no\/index.php\/2025\/07\/25\/hvor-er-de-andre-i-verden\/"},"wordCount":924,"publisher":{"@id":"https:\/\/nordnesrepublikken.no\/#organization"},"image":{"@id":"https:\/\/nordnesrepublikken.no\/index.php\/2025\/07\/25\/hvor-er-de-andre-i-verden\/#primaryimage"},"thumbnailUrl":"https:\/\/nordnesrepublikken.no\/wp-content\/uploads\/2025\/07\/1753472986_Hvor-er-de-andre-i-verden-scaled.jpg","keywords":["andre","hvor","verden"],"articleSection":["Samfunn"],"inLanguage":"nb-NO"},{"@type":"WebPage","@id":"https:\/\/nordnesrepublikken.no\/index.php\/2025\/07\/25\/hvor-er-de-andre-i-verden\/","url":"https:\/\/nordnesrepublikken.no\/index.php\/2025\/07\/25\/hvor-er-de-andre-i-verden\/","name":"Hvor er de andre i verden - Nordnesrepublikken","isPartOf":{"@id":"https:\/\/nordnesrepublikken.no\/#website"},"primaryImageOfPage":{"@id":"https:\/\/nordnesrepublikken.no\/index.php\/2025\/07\/25\/hvor-er-de-andre-i-verden\/#primaryimage"},"image":{"@id":"https:\/\/nordnesrepublikken.no\/index.php\/2025\/07\/25\/hvor-er-de-andre-i-verden\/#primaryimage"},"thumbnailUrl":"https:\/\/nordnesrepublikken.no\/wp-content\/uploads\/2025\/07\/1753472986_Hvor-er-de-andre-i-verden-scaled.jpg","datePublished":"2025-07-25T19:49:45+00:00","dateModified":"2025-07-25T19:49:52+00:00","breadcrumb":{"@id":"https:\/\/nordnesrepublikken.no\/index.php\/2025\/07\/25\/hvor-er-de-andre-i-verden\/#breadcrumb"},"inLanguage":"nb-NO","potentialAction":[{"@type":"ReadAction","target":["https:\/\/nordnesrepublikken.no\/index.php\/2025\/07\/25\/hvor-er-de-andre-i-verden\/"]}]},{"@type":"ImageObject","inLanguage":"nb-NO","@id":"https:\/\/nordnesrepublikken.no\/index.php\/2025\/07\/25\/hvor-er-de-andre-i-verden\/#primaryimage","url":"https:\/\/nordnesrepublikken.no\/wp-content\/uploads\/2025\/07\/1753472986_Hvor-er-de-andre-i-verden-scaled.jpg","contentUrl":"https:\/\/nordnesrepublikken.no\/wp-content\/uploads\/2025\/07\/1753472986_Hvor-er-de-andre-i-verden-scaled.jpg","width":2560,"height":1635,"caption":"capsula del tempo"},{"@type":"BreadcrumbList","@id":"https:\/\/nordnesrepublikken.no\/index.php\/2025\/07\/25\/hvor-er-de-andre-i-verden\/#breadcrumb","itemListElement":[{"@type":"ListItem","position":1,"name":"Home","item":"https:\/\/nordnesrepublikken.no\/"},{"@type":"ListItem","position":2,"name":"Hvor er de andre i verden"}]},{"@type":"WebSite","@id":"https:\/\/nordnesrepublikken.no\/#website","url":"https:\/\/nordnesrepublikken.no\/","name":"Nordnesrepublikken","description":"Stemmer og Visjoner fra Republikkens Hjerte","publisher":{"@id":"https:\/\/nordnesrepublikken.no\/#organization"},"potentialAction":[{"@type":"SearchAction","target":{"@type":"EntryPoint","urlTemplate":"https:\/\/nordnesrepublikken.no\/?s={search_term_string}"},"query-input":{"@type":"PropertyValueSpecification","valueRequired":true,"valueName":"search_term_string"}}],"inLanguage":"nb-NO"},{"@type":"Organization","@id":"https:\/\/nordnesrepublikken.no\/#organization","name":"Nordnesrepublikken","url":"https:\/\/nordnesrepublikken.no\/","logo":{"@type":"ImageObject","inLanguage":"nb-NO","@id":"https:\/\/nordnesrepublikken.no\/#\/schema\/logo\/image\/","url":"https:\/\/nordnesrepublikken.no\/wp-content\/uploads\/2025\/02\/cropped-nordnesrepublikken-2.png","contentUrl":"https:\/\/nordnesrepublikken.no\/wp-content\/uploads\/2025\/02\/cropped-nordnesrepublikken-2.png","width":1248,"height":362,"caption":"Nordnesrepublikken"},"image":{"@id":"https:\/\/nordnesrepublikken.no\/#\/schema\/logo\/image\/"}},{"@type":"Person","@id":"https:\/\/nordnesrepublikken.no\/#\/schema\/person\/2e7e81935bab77882fffb79296240ff1","name":"Ole Andersen","image":{"@type":"ImageObject","inLanguage":"nb-NO","@id":"https:\/\/nordnesrepublikken.no\/#\/schema\/person\/image\/","url":"https:\/\/nordnesrepublikken.no\/wp-content\/uploads\/2025\/02\/nordnesrepublikken-2-2-150x150.jpg","contentUrl":"https:\/\/nordnesrepublikken.no\/wp-content\/uploads\/2025\/02\/nordnesrepublikken-2-2-150x150.jpg","caption":"Ole Andersen"},"description":"Ettersom jeg vokste opp i Oslo, har jeg alltid v\u00e6rt fascinert av ordenes kraft og deres evne til \u00e5 skape endringer. Etter \u00e5 ha fullf\u00f8rt min utdannelse i kommunikasjon ved Universitetet i Bergen, fikk jeg muligheten til \u00e5 jobbe innen ulike medier, der jeg har s\u00f8kt \u00e5 belyse viktige samfunnssp\u00f8rsm\u00e5l. I dag, som redakt\u00f8r for Nordnesrepublikken, pr\u00f8ver jeg \u00e5 forene min kj\u00e6rlighet for journalistikk med min lidenskap for innovasjon og eventyr.","sameAs":["https:\/\/nordnesrepublikken.no\/"]}]}},"_links":{"self":[{"href":"https:\/\/nordnesrepublikken.no\/index.php\/wp-json\/wp\/v2\/posts\/7453","targetHints":{"allow":["GET"]}}],"collection":[{"href":"https:\/\/nordnesrepublikken.no\/index.php\/wp-json\/wp\/v2\/posts"}],"about":[{"href":"https:\/\/nordnesrepublikken.no\/index.php\/wp-json\/wp\/v2\/types\/post"}],"author":[{"embeddable":true,"href":"https:\/\/nordnesrepublikken.no\/index.php\/wp-json\/wp\/v2\/users\/1"}],"replies":[{"embeddable":true,"href":"https:\/\/nordnesrepublikken.no\/index.php\/wp-json\/wp\/v2\/comments?post=7453"}],"version-history":[{"count":1,"href":"https:\/\/nordnesrepublikken.no\/index.php\/wp-json\/wp\/v2\/posts\/7453\/revisions"}],"predecessor-version":[{"id":7455,"href":"https:\/\/nordnesrepublikken.no\/index.php\/wp-json\/wp\/v2\/posts\/7453\/revisions\/7455"}],"wp:featuredmedia":[{"embeddable":true,"href":"https:\/\/nordnesrepublikken.no\/index.php\/wp-json\/wp\/v2\/media\/7454"}],"wp:attachment":[{"href":"https:\/\/nordnesrepublikken.no\/index.php\/wp-json\/wp\/v2\/media?parent=7453"}],"wp:term":[{"taxonomy":"category","embeddable":true,"href":"https:\/\/nordnesrepublikken.no\/index.php\/wp-json\/wp\/v2\/categories?post=7453"},{"taxonomy":"post_tag","embeddable":true,"href":"https:\/\/nordnesrepublikken.no\/index.php\/wp-json\/wp\/v2\/tags?post=7453"}],"curies":[{"name":"wp","href":"https:\/\/api.w.org\/{rel}","templated":true}]}}