{"id":7435,"date":"2025-07-25T13:49:43","date_gmt":"2025-07-25T11:49:43","guid":{"rendered":"https:\/\/nordnesrepublikken.no\/index.php\/2025\/07\/25\/eu-bilutbrudd-gnister-oyeblikkelig-tilbakeslag-i-spania\/"},"modified":"2025-07-25T13:49:45","modified_gmt":"2025-07-25T11:49:45","slug":"eu-bilutbrudd-gnister-oyeblikkelig-tilbakeslag-i-spania","status":"publish","type":"post","link":"https:\/\/nordnesrepublikken.no\/index.php\/2025\/07\/25\/eu-bilutbrudd-gnister-oyeblikkelig-tilbakeslag-i-spania\/","title":{"rendered":"EU -bilutbrudd gnister \u00f8yeblikkelig tilbakeslag i Spania"},"content":{"rendered":"<p><\/p>\n<div class=\"wordpress-content\">\n                    <!-- Article Start --><\/p>\n<p><strong><span data-preserver-spaces=\"true\">Spanske sj\u00e5f\u00f8rer er rasende ettersom nye EU -forslag truer med \u00e5 skrape tusenvis av perfekt vegverdige biler &#8211; bare fordi de er gamle. <\/span><span data-preserver-spaces=\"true\">Mens Brussel hevder at det handler om \u00e5 bli gr\u00f8nt, sier kritikere at det er en stealth -skatt p\u00e5 arbeidende mennesker <\/span><span data-preserver-spaces=\"true\">allerede<\/span> <span data-preserver-spaces=\"true\">Hit<\/span><span data-preserver-spaces=\"true\">  ved \u00e5 \u00f8ke kostnadene.<\/span><\/strong><\/p>\n<h2><span data-preserver-spaces=\"true\">Hva de nye reglene kan bety for deg<\/span><\/h2>\n<p><span data-preserver-spaces=\"true\">Over hele Spania og Europa som helhet velger flere og flere mennesker bruktbiler. Med prisene for nye kj\u00f8ret\u00f8yer skyh\u00f8ye, gj\u00f8r sj\u00e5f\u00f8rene hva de kan <\/span><span data-preserver-spaces=\"true\">til<\/span><span data-preserver-spaces=\"true\">  Hold deg mobil &#8211; fra \u00e5 holde den gamle bilen sin til \u00e5 kj\u00f8pe en brukt. Faktisk, for hver nye bil som selges, er to brukte <\/span><span data-preserver-spaces=\"true\">kj\u00f8pt<\/span><span data-preserver-spaces=\"true\">. <\/span><\/p>\n<p><span data-preserver-spaces=\"true\">EU st\u00e5r ogs\u00e5 overfor \u00f8kt konkurranse fra Kina, og en gang-lojale europeiske merkevarekj\u00f8pere bytter ikke til billigere kinesiske modeller, lokket inn av lavere priser og h\u00f8yteknologiske pakker. Mange europeiske merker sliter med \u00e5 f\u00f8lge med. <\/span><\/p>\n<div class=\"sra_unit\"><link rel=\"stylesheet\" id=\"block-sra\" href=\"https:\/\/euroweeklynews.com\/wp-content\/plugins\/snack-related-articles\/dist\/css\/snack-related.min.css?250312-193541\" type=\"text\/css\" media=\"all\">\n<\/div>\n<p><span data-preserver-spaces=\"true\">Men<\/span><span data-preserver-spaces=\"true\">akkurat s\u00e5nn, i det som ser ut til \u00e5 v\u00e6re en enorm skjebnevridning, har EU bestemt at milj\u00f8et ikke kan eksistere sammen med <\/span><span data-preserver-spaces=\"true\">stygg gammel<\/span><span data-preserver-spaces=\"true\">  biler.<\/span><span data-preserver-spaces=\"true\">  Europeiske forbrukere skal ikke ha muligheten til \u00e5 kj\u00f8pe en gammel banger for \u00e5 f\u00e5 fra en til <\/span><span data-preserver-spaces=\"true\">B,<\/span><span data-preserver-spaces=\"true\">  De burde selvf\u00f8lgelig kj\u00f8pe nyere biler. De kaller det planen &#8216;slutt-av-liv kj\u00f8ret\u00f8y&#8217;.<\/span><\/p>\n<h2><span data-preserver-spaces=\"true\">Spanske sj\u00e5f\u00f8rer er sinte: offentlig rop bygger over EU -bilskritt PL<\/span><span data-preserver-spaces=\"true\">an<\/span><\/h2>\n<p><span data-preserver-spaces=\"true\">M<\/span><span data-preserver-spaces=\"true\">Eventuelle drivere sier at reglene g\u00e5r for langt. &#8216;Bare fordi bilen min er noen \u00e5r gammel, betyr ikke det <\/span><span data-preserver-spaces=\"true\">sl\u00f8seri<\/span><span data-preserver-spaces=\"true\">sier en sint bilist, Jorge Montoro <\/span><span data-preserver-spaces=\"true\">i<\/span><span data-preserver-spaces=\"true\">  Madrid. &#8216;Jeg har best\u00e5tt hver test &#8211; hvordan kan det plutselig forbys? Jeg vil ikke bruke 20-50k p\u00e5 en bil, fordi jeg ikke er i biler. Jeg velger \u00e5 bruke pengene mine p\u00e5 huset mitt og p\u00e5 \u00e5 glede meg over livet. Det er mitt valg, uansett om jeg har r\u00e5d til det eller ikke. Jeg setter ikke pris p\u00e5 \u00e5 bli tvunget til \u00e5 gi opp pengene mine av den spanske regjeringen eller EU. Vi har nok skatter, og n\u00e5 tvinger de oss til \u00e5 bruke penger p\u00e5 andre m\u00e5ter. Det er bare en annen skatt i forkledning. Jeg holder min 15 \u00e5r gamle banger, takk. &#8216;<\/span><\/p>\n<p><span data-preserver-spaces=\"true\">Det er frykten. En fungerende, vegsikker bil kan v\u00e6re merket &#8216;skrot&#8217; bare p\u00e5 grunn av alders- eller utslippsniv\u00e5et-selv om det fremdeles er p\u00e5litelig og trygt.<\/span><\/p>\n<h2><span data-preserver-spaces=\"true\">Vinnere og tapere: Hvem er mest ber\u00f8rt?<\/span><\/h2>\n<p><span data-preserver-spaces=\"true\">Akkurat n\u00e5<\/span><span data-preserver-spaces=\"true\">en bil regnes bare som en avskrivning hvis den er <\/span><span data-preserver-spaces=\"true\">Helt \u00f8delagt<\/span><span data-preserver-spaces=\"true\">  eller for dyrt \u00e5 <\/span><span data-preserver-spaces=\"true\">fastsette<\/span><span data-preserver-spaces=\"true\">.<\/span><span data-preserver-spaces=\"true\">  Men under de nye reglene kan til og med en fungerende bil merkes uegnet til \u00e5 kj\u00f8re &#8211; bare fordi den er gammel. Dette betyr at noen bruktbiler kan tvinges av veien og sendes rett til skrapeg\u00e5rden.<\/span><\/p>\n<p><span data-preserver-spaces=\"true\">EU sier at det er en del av presset for en &#8216;sirkul\u00e6r \u00f8konomi&#8217; &#8211; et begrep som ironisk nok inneb\u00e6rer \u00e5 kaste bort mindre. Tanken er at ting blir resirkulert og forurensningen reduseres. Men for hverdagsf\u00f8rere? Det kan v\u00e6re et kostbart mareritt.<\/span><\/p>\n<h2><strong><span data-preserver-spaces=\"true\">Regional innvirkning: Andalusia og Spania p\u00e5 landsbygda<\/span><\/strong><\/h2>\n<p><span data-preserver-spaces=\"true\">I Andalusia er den gjennomsnittlige bilen n\u00e5 15 \u00e5r gammel-et halvt \u00e5r eldre enn landsgjennomsnittet-mens nabolandene som Extremadura (16,3 \u00e5r) og Castilla-La Mancha (15,8 \u00e5r) har de eldste fl\u00e5tene i Spania. <\/span><\/p>\n<p><span data-preserver-spaces=\"true\">Disse tallene fremhever den tunge avhengigheten av aldrende kj\u00f8ret\u00f8y i Spanias mindre velst\u00e5ende regioner, der offentlig transport er begrenset og inntektene er lavere. Selv om Andalusia utgj\u00f8r 14% av Spanias offentlige EV -ladere, er de fleste konsentrert i byer, og etterlater innbyggerne p\u00e5 landsbygda over 30 minutter fra n\u00e6rmeste ladepunkt. Lokale retningslinjer er ogs\u00e5 strammere: Fra april 2025 vil Granadas lavutslippssone forby bensinbiler registrert f\u00f8r 2001 og <\/span><span data-preserver-spaces=\"true\">diesel<\/span><span data-preserver-spaces=\"true\">  f\u00f8r 2006, med mindre de tilh\u00f8rer <\/span><span data-preserver-spaces=\"true\">lokal<\/span><span data-preserver-spaces=\"true\">  Beboere. For pendlere i landsbyene rundt, risikerer disse overlappende regionale og EUs politikk \u00e5 kutte av tilgangen til bysentre uten \u00e5 tilby levedyktige alternativer.<\/span><\/p>\n<h2><strong><span data-preserver-spaces=\"true\">Sosio\u00f8konomisk skillelinje<\/span><\/strong><\/h2>\n<p><span data-preserver-spaces=\"true\">EUs foresl\u00e5tte &laquo;lov om livskj\u00f8ret\u00f8y&raquo; truer med \u00e5 p\u00e5virke husholdninger med lavere inntekt, spesielt i landlige omr\u00e5der. I 2025 er gjennomsnittsprisen for et brukt dieselbil \u20ac 14 161 &#8211; mindre enn halvparten av gjennomsnittet \u20ac 31 515 for en brukt elbil. Selv etter \u00e5 ha brukt hele \u20ac 7000 -tilskuddet fra Spanias trekk III -ordning, er prisgapet fortsatt betydelig. I mellomtiden er Andalusias median disponibel inntekt bare \u20ac 11 719 per \u00e5r, noe som betyr at mange innbyggere er priset helt ut av den elektriske overgangen. Med nye bilpriser <\/span><span data-preserver-spaces=\"true\">\u00e5 ha<\/span><span data-preserver-spaces=\"true\">  Steg nesten 40% siden 2019 til over \u20ac 40 000, blir privat bileierskap stadig mer uoverkommelig for arbeiderklassen. For de som bor i omr\u00e5der med d\u00e5rlig offentlig transport, kan det \u00e5 bli tvunget til \u00e5 skrape et funksjonelt kj\u00f8ret\u00f8y bety \u00e5 miste tilgangen til arbeid, helsevesen og utdanning.<\/span><\/p>\n<h2><strong><span data-preserver-spaces=\"true\">Produsentp\u00e5virkning og EU &#8211; Kina spenninger<\/span><\/strong><\/h2>\n<p><span data-preserver-spaces=\"true\">N\u00e5r EU strammer sine gr\u00f8nne transportregler, kjemper den ogs\u00e5 en b\u00f8lge i kinesiske elektriske kj\u00f8ret\u00f8yer, som undergraver europeiske produsenter p\u00e5 pris. I mai 2025 hadde kinesiske merkevarer 5,9% av EU-markedet, og prognosene antyder at de kunne n\u00e5 25% ved \u00e5rsskiftet. For \u00e5 bekjempe dette har Brussel innf\u00f8rt tollsatser p\u00e5 opptil 45,3% p\u00e5 kinesiskbygde EV-er. Bransjeledere advarer imidlertid at trekket ikke er nok. Stellantis -administrerende direkt\u00f8r Carlos Tavares har kalt tollene &laquo;en felle&raquo; som ikke vil beskytte europeiske jobber med mindre produsentene senker produksjonskostnadene for \u00e5 konkurrere. I mellomtiden har den kinesiske giganten BYD forsinket operasjoner p\u00e5 sin ungarske anlegg p\u00e5 4 milliarder euro, og flyttet oppmerksomhet til Tyrkia som svar p\u00e5 tollsikkerhet. <\/span><span data-preserver-spaces=\"true\">Mens EU -forskrifter tar sikte p\u00e5 \u00e5 st\u00f8tte lokal industri og <\/span><span data-preserver-spaces=\"true\">kutt<\/span><span data-preserver-spaces=\"true\">  Utslipp, de risikerer \u00e5 skyve sj\u00e5f\u00f8rene mot dyrere europeiske modeller<\/span><span data-preserver-spaces=\"true\">  &#8211;<\/span><span data-preserver-spaces=\"true\">  Hvis de i det hele tatt har r\u00e5d til dem<\/span><span data-preserver-spaces=\"true\">.<\/span><\/p>\n<h2><span data-preserver-spaces=\"true\">Fra gr\u00f8nne m\u00e5l til kostbart kaos?<\/span><\/h2>\n<p><span data-preserver-spaces=\"true\">Brukte biler er ofte det eneste rimelige alternativet for familier, unge fagpersoner og <\/span><span data-preserver-spaces=\"true\">mennesker<\/span><span data-preserver-spaces=\"true\">  WHO <\/span><span data-preserver-spaces=\"true\">bare ikke vil<\/span><span data-preserver-spaces=\"true\">  \u00e5 bruke penger p\u00e5 en <\/span><span data-preserver-spaces=\"true\">bil fordi de velger \u00e5 ikke<\/span><span data-preserver-spaces=\"true\">.<\/span> <span data-preserver-spaces=\"true\">Men n\u00e5<\/span><span data-preserver-spaces=\"true\">disse bilene kan bli en risikabel investering.<\/span><span data-preserver-spaces=\"true\">  Hvis regelen g\u00e5r gjennom, kan biler som passerer ITV i dag (Spanias MOT) bli skrotet i morgen.<\/span><\/p>\n<p><span data-preserver-spaces=\"true\">Og avgj\u00f8relsen ville ikke komme fra Brussel <\/span><span data-preserver-spaces=\"true\">direkte<\/span><span data-preserver-spaces=\"true\">.<\/span><span data-preserver-spaces=\"true\">  ITV-sentre og autoriserte garasjer ville ha makt til \u00e5 merke bilen din som &#8216;livets slutt&#8217; p\u00e5 stedet. N\u00e5r det skjer, glem \u00e5 selge det &#8211; det er til skrapeg\u00e5rden. <\/span><\/p>\n<h2><span data-preserver-spaces=\"true\">Hva skjer videre?<\/span><\/h2>\n<p><span data-preserver-spaces=\"true\">Ingenting er endelig &#8211; enn\u00e5. Men EU beveger seg raskt med denne, kanskje i frykt for at hvis de tar for lang tid, kan folk gi en sterk mening. De nye reglene kan ankomme s\u00e5 snart neste \u00e5r, og endre hvordan vi kj\u00f8per, selger og kj\u00f8rer brukte biler i Spania og utover.<\/span><\/p>\n<p><span data-preserver-spaces=\"true\">S\u00e5 hvis du planlegger \u00e5 kj\u00f8pe et bruktbil, hold \u00f8ynene opp for Brussel. Din neste tur kan styres av veien f\u00f8r du selv starter motoren.<\/span><\/p>\n<p><strong><span data-preserver-spaces=\"true\">Fra ITV -tester til EU -overraskelser kuttet vi gjennom sjargongen slik at du ikke blir fanget av vakt. <\/span><span data-preserver-spaces=\"true\">Enten du <\/span><span data-preserver-spaces=\"true\">bor i Spania<\/span><span data-preserver-spaces=\"true\">  eller <\/span><span data-preserver-spaces=\"true\">akkurat<\/span><span data-preserver-spaces=\"true\">  Kj\u00f8r hit, hold deg informert og i kontroll.<\/span><span data-preserver-spaces=\"true\">  Bes\u00f8k v\u00e5r <\/span><span data-preserver-spaces=\"true\">Motorseksjon<\/span><span data-preserver-spaces=\"true\">  N\u00e5 &#8211; f\u00f8r Brussel lager bilhistorikken din.<\/span><\/strong><\/p>\n<p>                    <!-- Article End -->\n                <\/div>\n","protected":false},"excerpt":{"rendered":"<p>Spanske sj\u00e5f\u00f8rer er rasende ettersom nye EU -forslag truer med \u00e5 skrape tusenvis av perfekt<\/p>\n","protected":false},"author":1,"featured_media":7436,"comment_status":"closed","ping_status":"open","sticky":false,"template":"","format":"standard","meta":{"footnotes":""},"categories":[105],"tags":[4861,2574,4535,529,3019],"class_list":["post-7435","post","type-post","status-publish","format-standard","has-post-thumbnail","hentry","category-livsstil","tag-bilutbrudd","tag-gnister","tag-oyeblikkelig","tag-spania","tag-tilbakeslag","generate-columns","tablet-grid-50","mobile-grid-100","grid-parent","grid-33","resize-featured-image"],"yoast_head":"<!-- This site is optimized with the Yoast SEO plugin v24.4 - https:\/\/yoast.com\/wordpress\/plugins\/seo\/ -->\n<title>EU -bilutbrudd gnister \u00f8yeblikkelig tilbakeslag i Spania - Nordnesrepublikken<\/title>\n<meta name=\"robots\" content=\"index, follow, max-snippet:-1, max-image-preview:large, max-video-preview:-1\" \/>\n<link rel=\"canonical\" href=\"https:\/\/nordnesrepublikken.no\/index.php\/2025\/07\/25\/eu-bilutbrudd-gnister-oyeblikkelig-tilbakeslag-i-spania\/\" \/>\n<meta property=\"og:locale\" content=\"nb_NO\" \/>\n<meta property=\"og:type\" content=\"article\" \/>\n<meta property=\"og:title\" content=\"EU -bilutbrudd gnister \u00f8yeblikkelig tilbakeslag i Spania - Nordnesrepublikken\" \/>\n<meta property=\"og:description\" content=\"Spanske sj\u00e5f\u00f8rer er rasende ettersom nye EU -forslag truer med \u00e5 skrape tusenvis av perfekt\" \/>\n<meta property=\"og:url\" content=\"https:\/\/nordnesrepublikken.no\/index.php\/2025\/07\/25\/eu-bilutbrudd-gnister-oyeblikkelig-tilbakeslag-i-spania\/\" \/>\n<meta property=\"og:site_name\" content=\"Nordnesrepublikken\" \/>\n<meta property=\"article:published_time\" content=\"2025-07-25T11:49:43+00:00\" \/>\n<meta property=\"article:modified_time\" content=\"2025-07-25T11:49:45+00:00\" \/>\n<meta property=\"og:image\" content=\"https:\/\/nordnesrepublikken.no\/wp-content\/uploads\/2025\/07\/1753444184_EU-bilutbrudd-gnister-oyeblikkelig-tilbakeslag-i-Spania.jpg\" \/>\n\t<meta property=\"og:image:width\" content=\"1200\" \/>\n\t<meta property=\"og:image:height\" content=\"798\" \/>\n\t<meta property=\"og:image:type\" content=\"image\/jpeg\" \/>\n<meta name=\"author\" content=\"Ole Andersen\" \/>\n<meta name=\"twitter:card\" content=\"summary_large_image\" \/>\n<meta name=\"twitter:label1\" content=\"Skrevet av\" \/>\n\t<meta name=\"twitter:data1\" content=\"Ole Andersen\" \/>\n\t<meta name=\"twitter:label2\" content=\"Ansl. lesetid\" \/>\n\t<meta name=\"twitter:data2\" content=\"6 minutter\" \/>\n<script type=\"application\/ld+json\" class=\"yoast-schema-graph\">{\"@context\":\"https:\/\/schema.org\",\"@graph\":[{\"@type\":\"Article\",\"@id\":\"https:\/\/nordnesrepublikken.no\/index.php\/2025\/07\/25\/eu-bilutbrudd-gnister-oyeblikkelig-tilbakeslag-i-spania\/#article\",\"isPartOf\":{\"@id\":\"https:\/\/nordnesrepublikken.no\/index.php\/2025\/07\/25\/eu-bilutbrudd-gnister-oyeblikkelig-tilbakeslag-i-spania\/\"},\"author\":{\"name\":\"Ole Andersen\",\"@id\":\"https:\/\/nordnesrepublikken.no\/#\/schema\/person\/2e7e81935bab77882fffb79296240ff1\"},\"headline\":\"EU -bilutbrudd gnister \u00f8yeblikkelig tilbakeslag i Spania\",\"datePublished\":\"2025-07-25T11:49:43+00:00\",\"dateModified\":\"2025-07-25T11:49:45+00:00\",\"mainEntityOfPage\":{\"@id\":\"https:\/\/nordnesrepublikken.no\/index.php\/2025\/07\/25\/eu-bilutbrudd-gnister-oyeblikkelig-tilbakeslag-i-spania\/\"},\"wordCount\":1158,\"publisher\":{\"@id\":\"https:\/\/nordnesrepublikken.no\/#organization\"},\"image\":{\"@id\":\"https:\/\/nordnesrepublikken.no\/index.php\/2025\/07\/25\/eu-bilutbrudd-gnister-oyeblikkelig-tilbakeslag-i-spania\/#primaryimage\"},\"thumbnailUrl\":\"https:\/\/nordnesrepublikken.no\/wp-content\/uploads\/2025\/07\/1753444184_EU-bilutbrudd-gnister-oyeblikkelig-tilbakeslag-i-Spania.jpg\",\"keywords\":[\"bilutbrudd\",\"gnister\",\"\u00f8yeblikkelig\",\"Spania\",\"tilbakeslag\"],\"articleSection\":[\"Livsstil\"],\"inLanguage\":\"nb-NO\"},{\"@type\":\"WebPage\",\"@id\":\"https:\/\/nordnesrepublikken.no\/index.php\/2025\/07\/25\/eu-bilutbrudd-gnister-oyeblikkelig-tilbakeslag-i-spania\/\",\"url\":\"https:\/\/nordnesrepublikken.no\/index.php\/2025\/07\/25\/eu-bilutbrudd-gnister-oyeblikkelig-tilbakeslag-i-spania\/\",\"name\":\"EU -bilutbrudd gnister \u00f8yeblikkelig tilbakeslag i Spania - Nordnesrepublikken\",\"isPartOf\":{\"@id\":\"https:\/\/nordnesrepublikken.no\/#website\"},\"primaryImageOfPage\":{\"@id\":\"https:\/\/nordnesrepublikken.no\/index.php\/2025\/07\/25\/eu-bilutbrudd-gnister-oyeblikkelig-tilbakeslag-i-spania\/#primaryimage\"},\"image\":{\"@id\":\"https:\/\/nordnesrepublikken.no\/index.php\/2025\/07\/25\/eu-bilutbrudd-gnister-oyeblikkelig-tilbakeslag-i-spania\/#primaryimage\"},\"thumbnailUrl\":\"https:\/\/nordnesrepublikken.no\/wp-content\/uploads\/2025\/07\/1753444184_EU-bilutbrudd-gnister-oyeblikkelig-tilbakeslag-i-Spania.jpg\",\"datePublished\":\"2025-07-25T11:49:43+00:00\",\"dateModified\":\"2025-07-25T11:49:45+00:00\",\"breadcrumb\":{\"@id\":\"https:\/\/nordnesrepublikken.no\/index.php\/2025\/07\/25\/eu-bilutbrudd-gnister-oyeblikkelig-tilbakeslag-i-spania\/#breadcrumb\"},\"inLanguage\":\"nb-NO\",\"potentialAction\":[{\"@type\":\"ReadAction\",\"target\":[\"https:\/\/nordnesrepublikken.no\/index.php\/2025\/07\/25\/eu-bilutbrudd-gnister-oyeblikkelig-tilbakeslag-i-spania\/\"]}]},{\"@type\":\"ImageObject\",\"inLanguage\":\"nb-NO\",\"@id\":\"https:\/\/nordnesrepublikken.no\/index.php\/2025\/07\/25\/eu-bilutbrudd-gnister-oyeblikkelig-tilbakeslag-i-spania\/#primaryimage\",\"url\":\"https:\/\/nordnesrepublikken.no\/wp-content\/uploads\/2025\/07\/1753444184_EU-bilutbrudd-gnister-oyeblikkelig-tilbakeslag-i-Spania.jpg\",\"contentUrl\":\"https:\/\/nordnesrepublikken.no\/wp-content\/uploads\/2025\/07\/1753444184_EU-bilutbrudd-gnister-oyeblikkelig-tilbakeslag-i-Spania.jpg\",\"width\":1200,\"height\":798,\"caption\":\"EU -bilutbrudd gnister \u00f8yeblikkelig tilbakeslag i Spania\"},{\"@type\":\"BreadcrumbList\",\"@id\":\"https:\/\/nordnesrepublikken.no\/index.php\/2025\/07\/25\/eu-bilutbrudd-gnister-oyeblikkelig-tilbakeslag-i-spania\/#breadcrumb\",\"itemListElement\":[{\"@type\":\"ListItem\",\"position\":1,\"name\":\"Home\",\"item\":\"https:\/\/nordnesrepublikken.no\/\"},{\"@type\":\"ListItem\",\"position\":2,\"name\":\"EU -bilutbrudd gnister \u00f8yeblikkelig tilbakeslag i Spania\"}]},{\"@type\":\"WebSite\",\"@id\":\"https:\/\/nordnesrepublikken.no\/#website\",\"url\":\"https:\/\/nordnesrepublikken.no\/\",\"name\":\"Nordnesrepublikken\",\"description\":\"Stemmer og Visjoner fra Republikkens Hjerte\",\"publisher\":{\"@id\":\"https:\/\/nordnesrepublikken.no\/#organization\"},\"potentialAction\":[{\"@type\":\"SearchAction\",\"target\":{\"@type\":\"EntryPoint\",\"urlTemplate\":\"https:\/\/nordnesrepublikken.no\/?s={search_term_string}\"},\"query-input\":{\"@type\":\"PropertyValueSpecification\",\"valueRequired\":true,\"valueName\":\"search_term_string\"}}],\"inLanguage\":\"nb-NO\"},{\"@type\":\"Organization\",\"@id\":\"https:\/\/nordnesrepublikken.no\/#organization\",\"name\":\"Nordnesrepublikken\",\"url\":\"https:\/\/nordnesrepublikken.no\/\",\"logo\":{\"@type\":\"ImageObject\",\"inLanguage\":\"nb-NO\",\"@id\":\"https:\/\/nordnesrepublikken.no\/#\/schema\/logo\/image\/\",\"url\":\"https:\/\/nordnesrepublikken.no\/wp-content\/uploads\/2025\/02\/cropped-nordnesrepublikken-2.png\",\"contentUrl\":\"https:\/\/nordnesrepublikken.no\/wp-content\/uploads\/2025\/02\/cropped-nordnesrepublikken-2.png\",\"width\":1248,\"height\":362,\"caption\":\"Nordnesrepublikken\"},\"image\":{\"@id\":\"https:\/\/nordnesrepublikken.no\/#\/schema\/logo\/image\/\"}},{\"@type\":\"Person\",\"@id\":\"https:\/\/nordnesrepublikken.no\/#\/schema\/person\/2e7e81935bab77882fffb79296240ff1\",\"name\":\"Ole Andersen\",\"image\":{\"@type\":\"ImageObject\",\"inLanguage\":\"nb-NO\",\"@id\":\"https:\/\/nordnesrepublikken.no\/#\/schema\/person\/image\/\",\"url\":\"https:\/\/nordnesrepublikken.no\/wp-content\/uploads\/2025\/02\/nordnesrepublikken-2-2-150x150.jpg\",\"contentUrl\":\"https:\/\/nordnesrepublikken.no\/wp-content\/uploads\/2025\/02\/nordnesrepublikken-2-2-150x150.jpg\",\"caption\":\"Ole Andersen\"},\"description\":\"Ettersom jeg vokste opp i Oslo, har jeg alltid v\u00e6rt fascinert av ordenes kraft og deres evne til \u00e5 skape endringer. Etter \u00e5 ha fullf\u00f8rt min utdannelse i kommunikasjon ved Universitetet i Bergen, fikk jeg muligheten til \u00e5 jobbe innen ulike medier, der jeg har s\u00f8kt \u00e5 belyse viktige samfunnssp\u00f8rsm\u00e5l. I dag, som redakt\u00f8r for Nordnesrepublikken, pr\u00f8ver jeg \u00e5 forene min kj\u00e6rlighet for journalistikk med min lidenskap for innovasjon og eventyr.\",\"sameAs\":[\"https:\/\/nordnesrepublikken.no\/\"]}]}<\/script>\n<!-- \/ Yoast SEO plugin. -->","yoast_head_json":{"title":"EU -bilutbrudd gnister \u00f8yeblikkelig tilbakeslag i Spania - Nordnesrepublikken","robots":{"index":"index","follow":"follow","max-snippet":"max-snippet:-1","max-image-preview":"max-image-preview:large","max-video-preview":"max-video-preview:-1"},"canonical":"https:\/\/nordnesrepublikken.no\/index.php\/2025\/07\/25\/eu-bilutbrudd-gnister-oyeblikkelig-tilbakeslag-i-spania\/","og_locale":"nb_NO","og_type":"article","og_title":"EU -bilutbrudd gnister \u00f8yeblikkelig tilbakeslag i Spania - Nordnesrepublikken","og_description":"Spanske sj\u00e5f\u00f8rer er rasende ettersom nye EU -forslag truer med \u00e5 skrape tusenvis av perfekt","og_url":"https:\/\/nordnesrepublikken.no\/index.php\/2025\/07\/25\/eu-bilutbrudd-gnister-oyeblikkelig-tilbakeslag-i-spania\/","og_site_name":"Nordnesrepublikken","article_published_time":"2025-07-25T11:49:43+00:00","article_modified_time":"2025-07-25T11:49:45+00:00","og_image":[{"width":1200,"height":798,"url":"https:\/\/nordnesrepublikken.no\/wp-content\/uploads\/2025\/07\/1753444184_EU-bilutbrudd-gnister-oyeblikkelig-tilbakeslag-i-Spania.jpg","type":"image\/jpeg"}],"author":"Ole Andersen","twitter_card":"summary_large_image","twitter_misc":{"Skrevet av":"Ole Andersen","Ansl. lesetid":"6 minutter"},"schema":{"@context":"https:\/\/schema.org","@graph":[{"@type":"Article","@id":"https:\/\/nordnesrepublikken.no\/index.php\/2025\/07\/25\/eu-bilutbrudd-gnister-oyeblikkelig-tilbakeslag-i-spania\/#article","isPartOf":{"@id":"https:\/\/nordnesrepublikken.no\/index.php\/2025\/07\/25\/eu-bilutbrudd-gnister-oyeblikkelig-tilbakeslag-i-spania\/"},"author":{"name":"Ole Andersen","@id":"https:\/\/nordnesrepublikken.no\/#\/schema\/person\/2e7e81935bab77882fffb79296240ff1"},"headline":"EU -bilutbrudd gnister \u00f8yeblikkelig tilbakeslag i Spania","datePublished":"2025-07-25T11:49:43+00:00","dateModified":"2025-07-25T11:49:45+00:00","mainEntityOfPage":{"@id":"https:\/\/nordnesrepublikken.no\/index.php\/2025\/07\/25\/eu-bilutbrudd-gnister-oyeblikkelig-tilbakeslag-i-spania\/"},"wordCount":1158,"publisher":{"@id":"https:\/\/nordnesrepublikken.no\/#organization"},"image":{"@id":"https:\/\/nordnesrepublikken.no\/index.php\/2025\/07\/25\/eu-bilutbrudd-gnister-oyeblikkelig-tilbakeslag-i-spania\/#primaryimage"},"thumbnailUrl":"https:\/\/nordnesrepublikken.no\/wp-content\/uploads\/2025\/07\/1753444184_EU-bilutbrudd-gnister-oyeblikkelig-tilbakeslag-i-Spania.jpg","keywords":["bilutbrudd","gnister","\u00f8yeblikkelig","Spania","tilbakeslag"],"articleSection":["Livsstil"],"inLanguage":"nb-NO"},{"@type":"WebPage","@id":"https:\/\/nordnesrepublikken.no\/index.php\/2025\/07\/25\/eu-bilutbrudd-gnister-oyeblikkelig-tilbakeslag-i-spania\/","url":"https:\/\/nordnesrepublikken.no\/index.php\/2025\/07\/25\/eu-bilutbrudd-gnister-oyeblikkelig-tilbakeslag-i-spania\/","name":"EU -bilutbrudd gnister \u00f8yeblikkelig tilbakeslag i Spania - Nordnesrepublikken","isPartOf":{"@id":"https:\/\/nordnesrepublikken.no\/#website"},"primaryImageOfPage":{"@id":"https:\/\/nordnesrepublikken.no\/index.php\/2025\/07\/25\/eu-bilutbrudd-gnister-oyeblikkelig-tilbakeslag-i-spania\/#primaryimage"},"image":{"@id":"https:\/\/nordnesrepublikken.no\/index.php\/2025\/07\/25\/eu-bilutbrudd-gnister-oyeblikkelig-tilbakeslag-i-spania\/#primaryimage"},"thumbnailUrl":"https:\/\/nordnesrepublikken.no\/wp-content\/uploads\/2025\/07\/1753444184_EU-bilutbrudd-gnister-oyeblikkelig-tilbakeslag-i-Spania.jpg","datePublished":"2025-07-25T11:49:43+00:00","dateModified":"2025-07-25T11:49:45+00:00","breadcrumb":{"@id":"https:\/\/nordnesrepublikken.no\/index.php\/2025\/07\/25\/eu-bilutbrudd-gnister-oyeblikkelig-tilbakeslag-i-spania\/#breadcrumb"},"inLanguage":"nb-NO","potentialAction":[{"@type":"ReadAction","target":["https:\/\/nordnesrepublikken.no\/index.php\/2025\/07\/25\/eu-bilutbrudd-gnister-oyeblikkelig-tilbakeslag-i-spania\/"]}]},{"@type":"ImageObject","inLanguage":"nb-NO","@id":"https:\/\/nordnesrepublikken.no\/index.php\/2025\/07\/25\/eu-bilutbrudd-gnister-oyeblikkelig-tilbakeslag-i-spania\/#primaryimage","url":"https:\/\/nordnesrepublikken.no\/wp-content\/uploads\/2025\/07\/1753444184_EU-bilutbrudd-gnister-oyeblikkelig-tilbakeslag-i-Spania.jpg","contentUrl":"https:\/\/nordnesrepublikken.no\/wp-content\/uploads\/2025\/07\/1753444184_EU-bilutbrudd-gnister-oyeblikkelig-tilbakeslag-i-Spania.jpg","width":1200,"height":798,"caption":"EU -bilutbrudd gnister \u00f8yeblikkelig tilbakeslag i Spania"},{"@type":"BreadcrumbList","@id":"https:\/\/nordnesrepublikken.no\/index.php\/2025\/07\/25\/eu-bilutbrudd-gnister-oyeblikkelig-tilbakeslag-i-spania\/#breadcrumb","itemListElement":[{"@type":"ListItem","position":1,"name":"Home","item":"https:\/\/nordnesrepublikken.no\/"},{"@type":"ListItem","position":2,"name":"EU -bilutbrudd gnister \u00f8yeblikkelig tilbakeslag i Spania"}]},{"@type":"WebSite","@id":"https:\/\/nordnesrepublikken.no\/#website","url":"https:\/\/nordnesrepublikken.no\/","name":"Nordnesrepublikken","description":"Stemmer og Visjoner fra Republikkens Hjerte","publisher":{"@id":"https:\/\/nordnesrepublikken.no\/#organization"},"potentialAction":[{"@type":"SearchAction","target":{"@type":"EntryPoint","urlTemplate":"https:\/\/nordnesrepublikken.no\/?s={search_term_string}"},"query-input":{"@type":"PropertyValueSpecification","valueRequired":true,"valueName":"search_term_string"}}],"inLanguage":"nb-NO"},{"@type":"Organization","@id":"https:\/\/nordnesrepublikken.no\/#organization","name":"Nordnesrepublikken","url":"https:\/\/nordnesrepublikken.no\/","logo":{"@type":"ImageObject","inLanguage":"nb-NO","@id":"https:\/\/nordnesrepublikken.no\/#\/schema\/logo\/image\/","url":"https:\/\/nordnesrepublikken.no\/wp-content\/uploads\/2025\/02\/cropped-nordnesrepublikken-2.png","contentUrl":"https:\/\/nordnesrepublikken.no\/wp-content\/uploads\/2025\/02\/cropped-nordnesrepublikken-2.png","width":1248,"height":362,"caption":"Nordnesrepublikken"},"image":{"@id":"https:\/\/nordnesrepublikken.no\/#\/schema\/logo\/image\/"}},{"@type":"Person","@id":"https:\/\/nordnesrepublikken.no\/#\/schema\/person\/2e7e81935bab77882fffb79296240ff1","name":"Ole Andersen","image":{"@type":"ImageObject","inLanguage":"nb-NO","@id":"https:\/\/nordnesrepublikken.no\/#\/schema\/person\/image\/","url":"https:\/\/nordnesrepublikken.no\/wp-content\/uploads\/2025\/02\/nordnesrepublikken-2-2-150x150.jpg","contentUrl":"https:\/\/nordnesrepublikken.no\/wp-content\/uploads\/2025\/02\/nordnesrepublikken-2-2-150x150.jpg","caption":"Ole Andersen"},"description":"Ettersom jeg vokste opp i Oslo, har jeg alltid v\u00e6rt fascinert av ordenes kraft og deres evne til \u00e5 skape endringer. Etter \u00e5 ha fullf\u00f8rt min utdannelse i kommunikasjon ved Universitetet i Bergen, fikk jeg muligheten til \u00e5 jobbe innen ulike medier, der jeg har s\u00f8kt \u00e5 belyse viktige samfunnssp\u00f8rsm\u00e5l. I dag, som redakt\u00f8r for Nordnesrepublikken, pr\u00f8ver jeg \u00e5 forene min kj\u00e6rlighet for journalistikk med min lidenskap for innovasjon og eventyr.","sameAs":["https:\/\/nordnesrepublikken.no\/"]}]}},"_links":{"self":[{"href":"https:\/\/nordnesrepublikken.no\/index.php\/wp-json\/wp\/v2\/posts\/7435","targetHints":{"allow":["GET"]}}],"collection":[{"href":"https:\/\/nordnesrepublikken.no\/index.php\/wp-json\/wp\/v2\/posts"}],"about":[{"href":"https:\/\/nordnesrepublikken.no\/index.php\/wp-json\/wp\/v2\/types\/post"}],"author":[{"embeddable":true,"href":"https:\/\/nordnesrepublikken.no\/index.php\/wp-json\/wp\/v2\/users\/1"}],"replies":[{"embeddable":true,"href":"https:\/\/nordnesrepublikken.no\/index.php\/wp-json\/wp\/v2\/comments?post=7435"}],"version-history":[{"count":1,"href":"https:\/\/nordnesrepublikken.no\/index.php\/wp-json\/wp\/v2\/posts\/7435\/revisions"}],"predecessor-version":[{"id":7437,"href":"https:\/\/nordnesrepublikken.no\/index.php\/wp-json\/wp\/v2\/posts\/7435\/revisions\/7437"}],"wp:featuredmedia":[{"embeddable":true,"href":"https:\/\/nordnesrepublikken.no\/index.php\/wp-json\/wp\/v2\/media\/7436"}],"wp:attachment":[{"href":"https:\/\/nordnesrepublikken.no\/index.php\/wp-json\/wp\/v2\/media?parent=7435"}],"wp:term":[{"taxonomy":"category","embeddable":true,"href":"https:\/\/nordnesrepublikken.no\/index.php\/wp-json\/wp\/v2\/categories?post=7435"},{"taxonomy":"post_tag","embeddable":true,"href":"https:\/\/nordnesrepublikken.no\/index.php\/wp-json\/wp\/v2\/tags?post=7435"}],"curies":[{"name":"wp","href":"https:\/\/api.w.org\/{rel}","templated":true}]}}