{"id":7432,"date":"2025-07-25T10:49:31","date_gmt":"2025-07-25T08:49:31","guid":{"rendered":"https:\/\/nordnesrepublikken.no\/index.php\/2025\/07\/25\/det-oppdaterte-skattekartet\/"},"modified":"2025-07-25T10:49:41","modified_gmt":"2025-07-25T08:49:41","slug":"det-oppdaterte-skattekartet","status":"publish","type":"post","link":"https:\/\/nordnesrepublikken.no\/index.php\/2025\/07\/25\/det-oppdaterte-skattekartet\/","title":{"rendered":"Det oppdaterte skattekartet"},"content":{"rendered":"<div>\n<div class=\"cp_wrapper cp_wrapper--fw mb-30 mb-20@tablet\">\n<figure class=\"mm\"><picture class=\"img\" style=\"padding-top:56.25%\"><source  media=\"(min-width: 1024px)\"><source  media=\"(min-width: 768px)\"><\/source><\/source><\/picture><\/figure>\n<\/p><\/div>\n<p>Fortsetter overv\u00e5kningen av <strong>Higher Institute of Health<\/strong> p\u00e5 tilfeller av infeksjon fra <strong>West Nile -virus<\/strong> I Italia: Sammenlignet med Bulletin som ble publisert forrige uke, har de de siste 7 dagene blitt rapportert <strong>27 nye saker<\/strong>Lazio og spesielt provinsen Latina er det mest involverte omr\u00e5det. Det totale antallet tilfeller rapportert i 2025 er <strong>32<\/strong>. Dette patogenet er \u00e5rsaken til <strong>Nile feber<\/strong> (<em>West Nile sykdom<\/em>), en virussykdom overf\u00f8rt til mann fra <strong>mygg punktering<\/strong>spesielt fra <strong>vanlig mygg<\/strong> (<em>Culex pipiens<\/em>), utbredt i Italia i denne perioden p\u00e5 grunn av klimaendringer og trekkstr\u00f8mmer av fugler. I de fleste tilfeller er infeksjonen (som ikke overf\u00f8res fra person til person) <strong>asymptomatisk<\/strong> eller manifesterer seg med <strong>Lys symptomer<\/strong> Som feber, hodepine, kvalme og muskelsmerter. Bare i sjeldne tilfeller (ca. 1%), og hovedsakelig i skj\u00f8re fag, kan den ha alvorlige nevrologiske konsekvenser og vise seg \u00e5 v\u00e6re d\u00f8delige. I f\u00f8lge rapporter fra ANSA -byr\u00e5et bekrefter Superior Health Institute en <strong>Epidemiologisk trend p\u00e5 linje<\/strong> Med det i fjor, da 28 bekreftede saker ble talt i slutten av juli 2024.<\/p>\n<p>I perioden fra <strong>17. til 23. juli 2025<\/strong> har blitt rapportert <strong>27 nye saker<\/strong> I mannen til West Nile -virus. Siden begynnelsen av overv\u00e5kningen har totalt saker bekreftet hos mennesker steget til <strong>32<\/strong>. Av disse, <b>23 tilfeller med nevro-invasiv form<\/b>funnet i <strong>Piedmont<\/strong> (2), <strong>Veneto<\/strong> (2), <strong>Emilia-Romagna<\/strong> (1), <strong>Lazio<\/strong> (15) e <strong>Campania<\/strong> (3). I m\u00f8te med nyheter som snakket om 8 nye tilfeller i Campania, vitner de offisielle dataene fra Bulletin en annen situasjon, og bekreftet 3 tilfeller bekreftet av nevro-invasiv sykdom i regionen, alle lokalisert i provinsen Caserta. I dette omr\u00e5det har de blitt plassert <strong>felle<\/strong> for overv\u00e5king av mygg som en forholdsregel.<\/p>\n<p>Tilfellene av feber var i stedet 6, 2 i Veneto og 4 i Lazio. Overv\u00e5king av <strong>blodgivere<\/strong> og organer, regulert av <strong>National Arbovirosi (PNA) 2020-2025 Plan<\/strong> For \u00e5 forhindre risiko for smitte, har det gjort det mulig \u00e5 identifisere <strong>1 asymptomatisk tilfelle<\/strong> i Veneto. D\u00f8dsfallene i 2025 er 2, en i Fondi i provinsen Latina i Lazio og en i Piedmont i mars. Nesten alle de nye sakene (20 av 23) i neuro-invasiv form ble registrert i mennesker i en alder av st\u00f8rre enn <strong>65 \u00e5r<\/strong>.<\/p>\n<p>Den ukentlige oppslaget ga <strong>Oppdatert kart over smitte<\/strong> der de involverte regionene er fremhevet:<\/p>\n<div class=\"cp_wrapper cp_wrapper--fw mb-50\">\n<figure class=\"mm\"><picture class=\"img\" style=\"padding-top:112.81337047354%\"><source  media=\"(min-width: 1024px)\"><source  media=\"(min-width: 768px)\"><img decoding=\"async\" loading=\"lazy\" src=\"https:\/\/nordnesrepublikken.no\/wp-content\/uploads\/2025\/07\/1753433371_418_Det-oppdaterte-skattekartet.jpg\" alt=\"Kart Contagi Bullettino 17. til 24. juli\" width=\"718\" height=\"810\"><\/source><\/source><\/picture><\/figure>\n<\/p><\/div>\n<p>Der <strong>Veterin\u00e6roverv\u00e5king<\/strong> bekreftet sirkulasjonen av WNV hos dyr:<\/p>\n<ul>\n<li><b>Like<\/b>: 2 utbrudd er bekreftet i Puglia og Lazio<\/li>\n<li><b>Bars Target<\/b>: Positiviteten i 7 permanente fugler (3 kornakler og 4 pakker) p\u00e5 Sardinia og Emilia-Romagna er bekreftet.<\/li>\n<li><b>Ville fugler<\/b>: Tilstedev\u00e6relsen av viruset ble bekreftet i 2 GHEPPI, en i Abruzzo og en i Campania.<\/li>\n<li><b>Mygg<\/b>: Viruset ble funnet i 15 bassenger med mygg fanget p\u00e5 Sardinia, Lombardy, Veneto, Emilia-Romagna, Lazio og Piedmont.<\/li>\n<\/ul>\n<p>Totalt ble sirkulasjonen av West Nile -viruset demonstrert i 24 provinser i 10 regioner. ISS anbefaler \u00e5 bruke <strong>mygg garn<\/strong>,<strong> Avvisende spray<\/strong>, <strong>T\u00f8m det stillest\u00e5ende vannet i pottene<\/strong> og inn <strong>Sanderei for dyr<\/strong>, <strong>Hold bassengene rene<\/strong> og slitasje <strong>lange bukser<\/strong> i omr\u00e5dene der det er mulighet for smitte.<\/p>\n<\/p><\/div>\n","protected":false},"excerpt":{"rendered":"<p>Fortsetter overv\u00e5kningen av Higher Institute of Health p\u00e5 tilfeller av infeksjon fra West Nile -virus<\/p>\n","protected":false},"author":1,"featured_media":7433,"comment_status":"closed","ping_status":"open","sticky":false,"template":"","format":"standard","meta":{"footnotes":""},"categories":[24],"tags":[66,4859,4860],"class_list":["post-7432","post","type-post","status-publish","format-standard","has-post-thumbnail","hentry","category-vitenskap","tag-det","tag-oppdaterte","tag-skattekartet","generate-columns","tablet-grid-50","mobile-grid-100","grid-parent","grid-33","resize-featured-image"],"yoast_head":"<!-- This site is optimized with the Yoast SEO plugin v24.4 - https:\/\/yoast.com\/wordpress\/plugins\/seo\/ -->\n<title>Det oppdaterte skattekartet - Nordnesrepublikken<\/title>\n<meta name=\"robots\" content=\"index, follow, max-snippet:-1, max-image-preview:large, max-video-preview:-1\" \/>\n<link rel=\"canonical\" href=\"https:\/\/nordnesrepublikken.no\/index.php\/2025\/07\/25\/det-oppdaterte-skattekartet\/\" \/>\n<meta property=\"og:locale\" content=\"nb_NO\" \/>\n<meta property=\"og:type\" content=\"article\" \/>\n<meta property=\"og:title\" content=\"Det oppdaterte skattekartet - Nordnesrepublikken\" \/>\n<meta property=\"og:description\" content=\"Fortsetter overv\u00e5kningen av Higher Institute of Health p\u00e5 tilfeller av infeksjon fra West Nile -virus\" \/>\n<meta property=\"og:url\" content=\"https:\/\/nordnesrepublikken.no\/index.php\/2025\/07\/25\/det-oppdaterte-skattekartet\/\" \/>\n<meta property=\"og:site_name\" content=\"Nordnesrepublikken\" \/>\n<meta property=\"article:published_time\" content=\"2025-07-25T08:49:31+00:00\" \/>\n<meta property=\"article:modified_time\" content=\"2025-07-25T08:49:41+00:00\" \/>\n<meta property=\"og:image\" content=\"https:\/\/nordnesrepublikken.no\/wp-content\/uploads\/2025\/07\/1753433371_Det-oppdaterte-skattekartet-scaled.jpg\" \/>\n\t<meta property=\"og:image:width\" content=\"2560\" \/>\n\t<meta property=\"og:image:height\" content=\"1920\" \/>\n\t<meta property=\"og:image:type\" content=\"image\/jpeg\" \/>\n<meta name=\"author\" content=\"Ole Andersen\" \/>\n<meta name=\"twitter:card\" content=\"summary_large_image\" \/>\n<meta name=\"twitter:label1\" content=\"Skrevet av\" \/>\n\t<meta name=\"twitter:data1\" content=\"Ole Andersen\" \/>\n\t<meta name=\"twitter:label2\" content=\"Ansl. lesetid\" \/>\n\t<meta name=\"twitter:data2\" content=\"2 minutter\" \/>\n<script type=\"application\/ld+json\" class=\"yoast-schema-graph\">{\"@context\":\"https:\/\/schema.org\",\"@graph\":[{\"@type\":\"Article\",\"@id\":\"https:\/\/nordnesrepublikken.no\/index.php\/2025\/07\/25\/det-oppdaterte-skattekartet\/#article\",\"isPartOf\":{\"@id\":\"https:\/\/nordnesrepublikken.no\/index.php\/2025\/07\/25\/det-oppdaterte-skattekartet\/\"},\"author\":{\"name\":\"Ole Andersen\",\"@id\":\"https:\/\/nordnesrepublikken.no\/#\/schema\/person\/2e7e81935bab77882fffb79296240ff1\"},\"headline\":\"Det oppdaterte skattekartet\",\"datePublished\":\"2025-07-25T08:49:31+00:00\",\"dateModified\":\"2025-07-25T08:49:41+00:00\",\"mainEntityOfPage\":{\"@id\":\"https:\/\/nordnesrepublikken.no\/index.php\/2025\/07\/25\/det-oppdaterte-skattekartet\/\"},\"wordCount\":476,\"publisher\":{\"@id\":\"https:\/\/nordnesrepublikken.no\/#organization\"},\"image\":{\"@id\":\"https:\/\/nordnesrepublikken.no\/index.php\/2025\/07\/25\/det-oppdaterte-skattekartet\/#primaryimage\"},\"thumbnailUrl\":\"https:\/\/nordnesrepublikken.no\/wp-content\/uploads\/2025\/07\/1753433371_Det-oppdaterte-skattekartet-scaled.jpg\",\"keywords\":[\"Det\",\"oppdaterte\",\"skattekartet\"],\"articleSection\":[\"Vitenskap\"],\"inLanguage\":\"nb-NO\"},{\"@type\":\"WebPage\",\"@id\":\"https:\/\/nordnesrepublikken.no\/index.php\/2025\/07\/25\/det-oppdaterte-skattekartet\/\",\"url\":\"https:\/\/nordnesrepublikken.no\/index.php\/2025\/07\/25\/det-oppdaterte-skattekartet\/\",\"name\":\"Det oppdaterte skattekartet - Nordnesrepublikken\",\"isPartOf\":{\"@id\":\"https:\/\/nordnesrepublikken.no\/#website\"},\"primaryImageOfPage\":{\"@id\":\"https:\/\/nordnesrepublikken.no\/index.php\/2025\/07\/25\/det-oppdaterte-skattekartet\/#primaryimage\"},\"image\":{\"@id\":\"https:\/\/nordnesrepublikken.no\/index.php\/2025\/07\/25\/det-oppdaterte-skattekartet\/#primaryimage\"},\"thumbnailUrl\":\"https:\/\/nordnesrepublikken.no\/wp-content\/uploads\/2025\/07\/1753433371_Det-oppdaterte-skattekartet-scaled.jpg\",\"datePublished\":\"2025-07-25T08:49:31+00:00\",\"dateModified\":\"2025-07-25T08:49:41+00:00\",\"breadcrumb\":{\"@id\":\"https:\/\/nordnesrepublikken.no\/index.php\/2025\/07\/25\/det-oppdaterte-skattekartet\/#breadcrumb\"},\"inLanguage\":\"nb-NO\",\"potentialAction\":[{\"@type\":\"ReadAction\",\"target\":[\"https:\/\/nordnesrepublikken.no\/index.php\/2025\/07\/25\/det-oppdaterte-skattekartet\/\"]}]},{\"@type\":\"ImageObject\",\"inLanguage\":\"nb-NO\",\"@id\":\"https:\/\/nordnesrepublikken.no\/index.php\/2025\/07\/25\/det-oppdaterte-skattekartet\/#primaryimage\",\"url\":\"https:\/\/nordnesrepublikken.no\/wp-content\/uploads\/2025\/07\/1753433371_Det-oppdaterte-skattekartet-scaled.jpg\",\"contentUrl\":\"https:\/\/nordnesrepublikken.no\/wp-content\/uploads\/2025\/07\/1753433371_Det-oppdaterte-skattekartet-scaled.jpg\",\"width\":2560,\"height\":1920,\"caption\":\"Culex_pipiens\"},{\"@type\":\"BreadcrumbList\",\"@id\":\"https:\/\/nordnesrepublikken.no\/index.php\/2025\/07\/25\/det-oppdaterte-skattekartet\/#breadcrumb\",\"itemListElement\":[{\"@type\":\"ListItem\",\"position\":1,\"name\":\"Home\",\"item\":\"https:\/\/nordnesrepublikken.no\/\"},{\"@type\":\"ListItem\",\"position\":2,\"name\":\"Det oppdaterte skattekartet\"}]},{\"@type\":\"WebSite\",\"@id\":\"https:\/\/nordnesrepublikken.no\/#website\",\"url\":\"https:\/\/nordnesrepublikken.no\/\",\"name\":\"Nordnesrepublikken\",\"description\":\"Stemmer og Visjoner fra Republikkens Hjerte\",\"publisher\":{\"@id\":\"https:\/\/nordnesrepublikken.no\/#organization\"},\"potentialAction\":[{\"@type\":\"SearchAction\",\"target\":{\"@type\":\"EntryPoint\",\"urlTemplate\":\"https:\/\/nordnesrepublikken.no\/?s={search_term_string}\"},\"query-input\":{\"@type\":\"PropertyValueSpecification\",\"valueRequired\":true,\"valueName\":\"search_term_string\"}}],\"inLanguage\":\"nb-NO\"},{\"@type\":\"Organization\",\"@id\":\"https:\/\/nordnesrepublikken.no\/#organization\",\"name\":\"Nordnesrepublikken\",\"url\":\"https:\/\/nordnesrepublikken.no\/\",\"logo\":{\"@type\":\"ImageObject\",\"inLanguage\":\"nb-NO\",\"@id\":\"https:\/\/nordnesrepublikken.no\/#\/schema\/logo\/image\/\",\"url\":\"https:\/\/nordnesrepublikken.no\/wp-content\/uploads\/2025\/02\/cropped-nordnesrepublikken-2.png\",\"contentUrl\":\"https:\/\/nordnesrepublikken.no\/wp-content\/uploads\/2025\/02\/cropped-nordnesrepublikken-2.png\",\"width\":1248,\"height\":362,\"caption\":\"Nordnesrepublikken\"},\"image\":{\"@id\":\"https:\/\/nordnesrepublikken.no\/#\/schema\/logo\/image\/\"}},{\"@type\":\"Person\",\"@id\":\"https:\/\/nordnesrepublikken.no\/#\/schema\/person\/2e7e81935bab77882fffb79296240ff1\",\"name\":\"Ole Andersen\",\"image\":{\"@type\":\"ImageObject\",\"inLanguage\":\"nb-NO\",\"@id\":\"https:\/\/nordnesrepublikken.no\/#\/schema\/person\/image\/\",\"url\":\"https:\/\/nordnesrepublikken.no\/wp-content\/uploads\/2025\/02\/nordnesrepublikken-2-2-150x150.jpg\",\"contentUrl\":\"https:\/\/nordnesrepublikken.no\/wp-content\/uploads\/2025\/02\/nordnesrepublikken-2-2-150x150.jpg\",\"caption\":\"Ole Andersen\"},\"description\":\"Ettersom jeg vokste opp i Oslo, har jeg alltid v\u00e6rt fascinert av ordenes kraft og deres evne til \u00e5 skape endringer. Etter \u00e5 ha fullf\u00f8rt min utdannelse i kommunikasjon ved Universitetet i Bergen, fikk jeg muligheten til \u00e5 jobbe innen ulike medier, der jeg har s\u00f8kt \u00e5 belyse viktige samfunnssp\u00f8rsm\u00e5l. I dag, som redakt\u00f8r for Nordnesrepublikken, pr\u00f8ver jeg \u00e5 forene min kj\u00e6rlighet for journalistikk med min lidenskap for innovasjon og eventyr.\",\"sameAs\":[\"https:\/\/nordnesrepublikken.no\/\"]}]}<\/script>\n<!-- \/ Yoast SEO plugin. -->","yoast_head_json":{"title":"Det oppdaterte skattekartet - Nordnesrepublikken","robots":{"index":"index","follow":"follow","max-snippet":"max-snippet:-1","max-image-preview":"max-image-preview:large","max-video-preview":"max-video-preview:-1"},"canonical":"https:\/\/nordnesrepublikken.no\/index.php\/2025\/07\/25\/det-oppdaterte-skattekartet\/","og_locale":"nb_NO","og_type":"article","og_title":"Det oppdaterte skattekartet - Nordnesrepublikken","og_description":"Fortsetter overv\u00e5kningen av Higher Institute of Health p\u00e5 tilfeller av infeksjon fra West Nile -virus","og_url":"https:\/\/nordnesrepublikken.no\/index.php\/2025\/07\/25\/det-oppdaterte-skattekartet\/","og_site_name":"Nordnesrepublikken","article_published_time":"2025-07-25T08:49:31+00:00","article_modified_time":"2025-07-25T08:49:41+00:00","og_image":[{"width":2560,"height":1920,"url":"https:\/\/nordnesrepublikken.no\/wp-content\/uploads\/2025\/07\/1753433371_Det-oppdaterte-skattekartet-scaled.jpg","type":"image\/jpeg"}],"author":"Ole Andersen","twitter_card":"summary_large_image","twitter_misc":{"Skrevet av":"Ole Andersen","Ansl. lesetid":"2 minutter"},"schema":{"@context":"https:\/\/schema.org","@graph":[{"@type":"Article","@id":"https:\/\/nordnesrepublikken.no\/index.php\/2025\/07\/25\/det-oppdaterte-skattekartet\/#article","isPartOf":{"@id":"https:\/\/nordnesrepublikken.no\/index.php\/2025\/07\/25\/det-oppdaterte-skattekartet\/"},"author":{"name":"Ole Andersen","@id":"https:\/\/nordnesrepublikken.no\/#\/schema\/person\/2e7e81935bab77882fffb79296240ff1"},"headline":"Det oppdaterte skattekartet","datePublished":"2025-07-25T08:49:31+00:00","dateModified":"2025-07-25T08:49:41+00:00","mainEntityOfPage":{"@id":"https:\/\/nordnesrepublikken.no\/index.php\/2025\/07\/25\/det-oppdaterte-skattekartet\/"},"wordCount":476,"publisher":{"@id":"https:\/\/nordnesrepublikken.no\/#organization"},"image":{"@id":"https:\/\/nordnesrepublikken.no\/index.php\/2025\/07\/25\/det-oppdaterte-skattekartet\/#primaryimage"},"thumbnailUrl":"https:\/\/nordnesrepublikken.no\/wp-content\/uploads\/2025\/07\/1753433371_Det-oppdaterte-skattekartet-scaled.jpg","keywords":["Det","oppdaterte","skattekartet"],"articleSection":["Vitenskap"],"inLanguage":"nb-NO"},{"@type":"WebPage","@id":"https:\/\/nordnesrepublikken.no\/index.php\/2025\/07\/25\/det-oppdaterte-skattekartet\/","url":"https:\/\/nordnesrepublikken.no\/index.php\/2025\/07\/25\/det-oppdaterte-skattekartet\/","name":"Det oppdaterte skattekartet - Nordnesrepublikken","isPartOf":{"@id":"https:\/\/nordnesrepublikken.no\/#website"},"primaryImageOfPage":{"@id":"https:\/\/nordnesrepublikken.no\/index.php\/2025\/07\/25\/det-oppdaterte-skattekartet\/#primaryimage"},"image":{"@id":"https:\/\/nordnesrepublikken.no\/index.php\/2025\/07\/25\/det-oppdaterte-skattekartet\/#primaryimage"},"thumbnailUrl":"https:\/\/nordnesrepublikken.no\/wp-content\/uploads\/2025\/07\/1753433371_Det-oppdaterte-skattekartet-scaled.jpg","datePublished":"2025-07-25T08:49:31+00:00","dateModified":"2025-07-25T08:49:41+00:00","breadcrumb":{"@id":"https:\/\/nordnesrepublikken.no\/index.php\/2025\/07\/25\/det-oppdaterte-skattekartet\/#breadcrumb"},"inLanguage":"nb-NO","potentialAction":[{"@type":"ReadAction","target":["https:\/\/nordnesrepublikken.no\/index.php\/2025\/07\/25\/det-oppdaterte-skattekartet\/"]}]},{"@type":"ImageObject","inLanguage":"nb-NO","@id":"https:\/\/nordnesrepublikken.no\/index.php\/2025\/07\/25\/det-oppdaterte-skattekartet\/#primaryimage","url":"https:\/\/nordnesrepublikken.no\/wp-content\/uploads\/2025\/07\/1753433371_Det-oppdaterte-skattekartet-scaled.jpg","contentUrl":"https:\/\/nordnesrepublikken.no\/wp-content\/uploads\/2025\/07\/1753433371_Det-oppdaterte-skattekartet-scaled.jpg","width":2560,"height":1920,"caption":"Culex_pipiens"},{"@type":"BreadcrumbList","@id":"https:\/\/nordnesrepublikken.no\/index.php\/2025\/07\/25\/det-oppdaterte-skattekartet\/#breadcrumb","itemListElement":[{"@type":"ListItem","position":1,"name":"Home","item":"https:\/\/nordnesrepublikken.no\/"},{"@type":"ListItem","position":2,"name":"Det oppdaterte skattekartet"}]},{"@type":"WebSite","@id":"https:\/\/nordnesrepublikken.no\/#website","url":"https:\/\/nordnesrepublikken.no\/","name":"Nordnesrepublikken","description":"Stemmer og Visjoner fra Republikkens Hjerte","publisher":{"@id":"https:\/\/nordnesrepublikken.no\/#organization"},"potentialAction":[{"@type":"SearchAction","target":{"@type":"EntryPoint","urlTemplate":"https:\/\/nordnesrepublikken.no\/?s={search_term_string}"},"query-input":{"@type":"PropertyValueSpecification","valueRequired":true,"valueName":"search_term_string"}}],"inLanguage":"nb-NO"},{"@type":"Organization","@id":"https:\/\/nordnesrepublikken.no\/#organization","name":"Nordnesrepublikken","url":"https:\/\/nordnesrepublikken.no\/","logo":{"@type":"ImageObject","inLanguage":"nb-NO","@id":"https:\/\/nordnesrepublikken.no\/#\/schema\/logo\/image\/","url":"https:\/\/nordnesrepublikken.no\/wp-content\/uploads\/2025\/02\/cropped-nordnesrepublikken-2.png","contentUrl":"https:\/\/nordnesrepublikken.no\/wp-content\/uploads\/2025\/02\/cropped-nordnesrepublikken-2.png","width":1248,"height":362,"caption":"Nordnesrepublikken"},"image":{"@id":"https:\/\/nordnesrepublikken.no\/#\/schema\/logo\/image\/"}},{"@type":"Person","@id":"https:\/\/nordnesrepublikken.no\/#\/schema\/person\/2e7e81935bab77882fffb79296240ff1","name":"Ole Andersen","image":{"@type":"ImageObject","inLanguage":"nb-NO","@id":"https:\/\/nordnesrepublikken.no\/#\/schema\/person\/image\/","url":"https:\/\/nordnesrepublikken.no\/wp-content\/uploads\/2025\/02\/nordnesrepublikken-2-2-150x150.jpg","contentUrl":"https:\/\/nordnesrepublikken.no\/wp-content\/uploads\/2025\/02\/nordnesrepublikken-2-2-150x150.jpg","caption":"Ole Andersen"},"description":"Ettersom jeg vokste opp i Oslo, har jeg alltid v\u00e6rt fascinert av ordenes kraft og deres evne til \u00e5 skape endringer. Etter \u00e5 ha fullf\u00f8rt min utdannelse i kommunikasjon ved Universitetet i Bergen, fikk jeg muligheten til \u00e5 jobbe innen ulike medier, der jeg har s\u00f8kt \u00e5 belyse viktige samfunnssp\u00f8rsm\u00e5l. I dag, som redakt\u00f8r for Nordnesrepublikken, pr\u00f8ver jeg \u00e5 forene min kj\u00e6rlighet for journalistikk med min lidenskap for innovasjon og eventyr.","sameAs":["https:\/\/nordnesrepublikken.no\/"]}]}},"_links":{"self":[{"href":"https:\/\/nordnesrepublikken.no\/index.php\/wp-json\/wp\/v2\/posts\/7432","targetHints":{"allow":["GET"]}}],"collection":[{"href":"https:\/\/nordnesrepublikken.no\/index.php\/wp-json\/wp\/v2\/posts"}],"about":[{"href":"https:\/\/nordnesrepublikken.no\/index.php\/wp-json\/wp\/v2\/types\/post"}],"author":[{"embeddable":true,"href":"https:\/\/nordnesrepublikken.no\/index.php\/wp-json\/wp\/v2\/users\/1"}],"replies":[{"embeddable":true,"href":"https:\/\/nordnesrepublikken.no\/index.php\/wp-json\/wp\/v2\/comments?post=7432"}],"version-history":[{"count":1,"href":"https:\/\/nordnesrepublikken.no\/index.php\/wp-json\/wp\/v2\/posts\/7432\/revisions"}],"predecessor-version":[{"id":7434,"href":"https:\/\/nordnesrepublikken.no\/index.php\/wp-json\/wp\/v2\/posts\/7432\/revisions\/7434"}],"wp:featuredmedia":[{"embeddable":true,"href":"https:\/\/nordnesrepublikken.no\/index.php\/wp-json\/wp\/v2\/media\/7433"}],"wp:attachment":[{"href":"https:\/\/nordnesrepublikken.no\/index.php\/wp-json\/wp\/v2\/media?parent=7432"}],"wp:term":[{"taxonomy":"category","embeddable":true,"href":"https:\/\/nordnesrepublikken.no\/index.php\/wp-json\/wp\/v2\/categories?post=7432"},{"taxonomy":"post_tag","embeddable":true,"href":"https:\/\/nordnesrepublikken.no\/index.php\/wp-json\/wp\/v2\/tags?post=7432"}],"curies":[{"name":"wp","href":"https:\/\/api.w.org\/{rel}","templated":true}]}}