{"id":7401,"date":"2025-07-25T07:49:51","date_gmt":"2025-07-25T05:49:51","guid":{"rendered":"https:\/\/nordnesrepublikken.no\/index.php\/2025\/07\/25\/hvor-kommer-uttrykket-tizio-caio-og-sempronio-fra-en-trio-som-har-sin-opprinnelse-i-det-gamle-roma\/"},"modified":"2025-07-25T07:50:01","modified_gmt":"2025-07-25T05:50:01","slug":"hvor-kommer-uttrykket-tizio-caio-og-sempronio-fra-en-trio-som-har-sin-opprinnelse-i-det-gamle-roma","status":"publish","type":"post","link":"https:\/\/nordnesrepublikken.no\/index.php\/2025\/07\/25\/hvor-kommer-uttrykket-tizio-caio-og-sempronio-fra-en-trio-som-har-sin-opprinnelse-i-det-gamle-roma\/","title":{"rendered":"Hvor kommer uttrykket &laquo;Tizio, Caio og Sempronio&raquo; fra? En trio som har sin opprinnelse i det gamle Roma"},"content":{"rendered":"<div>\n<div class=\"cp_wrapper cp_wrapper--fw mb-30 mb-20@tablet\">\n<figure class=\"mm\"><picture class=\"img\" style=\"padding-top:56.25%\"><source  media=\"(min-width: 1024px)\"><source  media=\"(min-width: 768px)\"><\/source><\/source><\/picture><\/figure>\n<\/p><\/div>\n<p><strong>&laquo;Tizio, Caio og Sempronio&raquo;<\/strong> Det er et uttrykk som vanligvis brukes til \u00e5 indikere noen av ubestemt eller generisk, av det hypotetiske folket. Men hvem var egentlig disse tre personene? Og hvordan ble de en del av v\u00e5rt daglige spr\u00e5k? R\u00f8ttene til denne nysgjerrige trio -vasken begge inn<strong>Antikkens Roma<\/strong> det i <strong>Middelalderens juridiske tradisjon<\/strong>avsl\u00f8rer en overraskende artikulert historie.<\/p>\n<h2><strong>Klassisk opprinnelse<\/strong><\/h2>\n<p>Den f\u00f8rste hypotesen binder &laquo;Tizio, Caio og Sempronio&raquo; til familien til <strong>Croak<\/strong>kjente politikere i det gamle Roma. Forfedre var Tiberio Sempronio Gracco, far til Tiberius og Caio Gracco, to fremtredende skikkelser i det politiske livet i det andre \u00e5rhundre f.Kr.<\/p>\n<h2><strong>Fra romersk lov til middelalderske rettsvitenskapsklasserom<\/strong><\/h2>\n<p>Disse tre navnene blir virkelig betydningsfulle med <strong>Corpus Iuris Civilis<\/strong>den monumentale samlingen av lover \u00f8nsket av keiser Justinian i 600 -tallet e.Kr. her, <em><strong>Titius, Gaius og Sempronius<\/strong> <\/em>De dukket opp individuelt som juridiske eksempler i forskjellige sammenhenger. <em>Gaius<\/em> Det var et kjent navn, \u00e5 v\u00e6re av en ber\u00f8mt romersk jurist, mens <em>Titius og Sempronius<\/em> De dukket ofte opp i <strong>Digesta<\/strong>grunnleggende del av <strong>Corpus Iuris Civilis<\/strong>som fiktive navn, brukes til \u00e5 illustrere hypotetiske tilfeller. Deres &laquo;offisielle m\u00f8te&raquo; fant sted, men \u00e5rhundrer senere, takket v\u00e6re <strong>School of Glossors of Bologna<\/strong>aktiv mellom det 11. og det tolvte \u00e5rhundre. Her dedikerte noen l\u00e6rde, som den ber\u00f8mte Irnerio, seg til gjenoppdagelse og kommentar til de romerske juridiske tekstene, og begynte \u00e5 bruke de tre navnene sammen for \u00e5 lage mer artikulerte eksempler. Skrive <em>&laquo;Titius et Gaius et Sempronius&raquo;<\/em> det ble en <strong>Akademisk skikk<\/strong>som ble konsolidert i de f\u00f8lgende \u00e5rhundrer.<\/p>\n<p>Over tid kom &laquo;Tizio, Caio og Sempronio&raquo; ut av den juridiske sf\u00e6ren for \u00e5 komme inn i <strong>vanlig spr\u00e5k<\/strong>mister det tekniske b\u00e5ndet, men holder betydningen av <strong>&laquo;alle mennesker&raquo;<\/strong>. Det er ikke tilfeldig at i dag, n\u00e5r vi \u00f8nsker \u00e5 indikere et generisk individ, la oss si &laquo;en fyr&raquo; eller &laquo;noen fyr&raquo;. Vi er ikke alene om \u00e5 ha for vane \u00e5 bruke lignende trio for \u00e5 indikere hypotetiske mennesker. I <strong>Engelsk<\/strong> Det er snakk om &laquo;Tom, Dick og Harry&raquo;, i <strong>Fransk<\/strong> av &laquo;Pierre, Paul et Jacques&raquo;, mens han var i <strong>Spansk<\/strong> Vi finner &laquo;Futlano, Zetano y Mengano&raquo;. Selv om navnene endres, forblir ideen den samme: \u00e5 finne en enkel og umiddelbar m\u00e5te \u00e5 representere det ubestemte p\u00e5.<\/p>\n<\/p><\/div>\n","protected":false},"excerpt":{"rendered":"<p>&laquo;Tizio, Caio og Sempronio&raquo; Det er et uttrykk som vanligvis brukes til \u00e5 indikere noen<\/p>\n","protected":false},"author":1,"featured_media":7402,"comment_status":"closed","ping_status":"open","sticky":false,"template":"","format":"standard","meta":{"footnotes":""},"categories":[104],"tags":[4855,66,125,1422,179,449,1046,1480,1423,4856,418,31,4854,4857,2546],"class_list":["post-7401","post","type-post","status-publish","format-standard","has-post-thumbnail","hentry","category-samfunn","tag-caio","tag-det","tag-fra","tag-gamle","tag-har","tag-hvor","tag-kommer","tag-opprinnelse","tag-roma","tag-sempronio","tag-sin","tag-som","tag-tizio","tag-trio","tag-uttrykket","generate-columns","tablet-grid-50","mobile-grid-100","grid-parent","grid-33","resize-featured-image"],"yoast_head":"<!-- This site is optimized with the Yoast SEO plugin v24.4 - https:\/\/yoast.com\/wordpress\/plugins\/seo\/ -->\n<title>Hvor kommer uttrykket &quot;Tizio, Caio og Sempronio&quot; fra? En trio som har sin opprinnelse i det gamle Roma - Nordnesrepublikken<\/title>\n<meta name=\"robots\" content=\"index, follow, max-snippet:-1, max-image-preview:large, max-video-preview:-1\" \/>\n<link rel=\"canonical\" href=\"https:\/\/nordnesrepublikken.no\/index.php\/2025\/07\/25\/hvor-kommer-uttrykket-tizio-caio-og-sempronio-fra-en-trio-som-har-sin-opprinnelse-i-det-gamle-roma\/\" \/>\n<meta property=\"og:locale\" content=\"nb_NO\" \/>\n<meta property=\"og:type\" content=\"article\" \/>\n<meta property=\"og:title\" content=\"Hvor kommer uttrykket &quot;Tizio, Caio og Sempronio&quot; fra? En trio som har sin opprinnelse i det gamle Roma - Nordnesrepublikken\" \/>\n<meta property=\"og:description\" content=\"&laquo;Tizio, Caio og Sempronio&raquo; Det er et uttrykk som vanligvis brukes til \u00e5 indikere noen\" \/>\n<meta property=\"og:url\" content=\"https:\/\/nordnesrepublikken.no\/index.php\/2025\/07\/25\/hvor-kommer-uttrykket-tizio-caio-og-sempronio-fra-en-trio-som-har-sin-opprinnelse-i-det-gamle-roma\/\" \/>\n<meta property=\"og:site_name\" content=\"Nordnesrepublikken\" \/>\n<meta property=\"article:published_time\" content=\"2025-07-25T05:49:51+00:00\" \/>\n<meta property=\"article:modified_time\" content=\"2025-07-25T05:50:01+00:00\" \/>\n<meta property=\"og:image\" content=\"https:\/\/nordnesrepublikken.no\/wp-content\/uploads\/2025\/07\/1753422592_Hvor-kommer-uttrykket-Tizio-Caio-og-Sempronio-fra-En-trio-scaled.jpg\" \/>\n\t<meta property=\"og:image:width\" content=\"2560\" \/>\n\t<meta property=\"og:image:height\" content=\"1707\" \/>\n\t<meta property=\"og:image:type\" content=\"image\/jpeg\" \/>\n<meta name=\"author\" content=\"Ole Andersen\" \/>\n<meta name=\"twitter:card\" content=\"summary_large_image\" \/>\n<meta name=\"twitter:label1\" content=\"Skrevet av\" \/>\n\t<meta name=\"twitter:data1\" content=\"Ole Andersen\" \/>\n\t<meta name=\"twitter:label2\" content=\"Ansl. lesetid\" \/>\n\t<meta name=\"twitter:data2\" content=\"2 minutter\" \/>\n<script type=\"application\/ld+json\" class=\"yoast-schema-graph\">{\"@context\":\"https:\/\/schema.org\",\"@graph\":[{\"@type\":\"Article\",\"@id\":\"https:\/\/nordnesrepublikken.no\/index.php\/2025\/07\/25\/hvor-kommer-uttrykket-tizio-caio-og-sempronio-fra-en-trio-som-har-sin-opprinnelse-i-det-gamle-roma\/#article\",\"isPartOf\":{\"@id\":\"https:\/\/nordnesrepublikken.no\/index.php\/2025\/07\/25\/hvor-kommer-uttrykket-tizio-caio-og-sempronio-fra-en-trio-som-har-sin-opprinnelse-i-det-gamle-roma\/\"},\"author\":{\"name\":\"Ole Andersen\",\"@id\":\"https:\/\/nordnesrepublikken.no\/#\/schema\/person\/2e7e81935bab77882fffb79296240ff1\"},\"headline\":\"Hvor kommer uttrykket &laquo;Tizio, Caio og Sempronio&raquo; fra? En trio som har sin opprinnelse i det gamle Roma\",\"datePublished\":\"2025-07-25T05:49:51+00:00\",\"dateModified\":\"2025-07-25T05:50:01+00:00\",\"mainEntityOfPage\":{\"@id\":\"https:\/\/nordnesrepublikken.no\/index.php\/2025\/07\/25\/hvor-kommer-uttrykket-tizio-caio-og-sempronio-fra-en-trio-som-har-sin-opprinnelse-i-det-gamle-roma\/\"},\"wordCount\":390,\"publisher\":{\"@id\":\"https:\/\/nordnesrepublikken.no\/#organization\"},\"image\":{\"@id\":\"https:\/\/nordnesrepublikken.no\/index.php\/2025\/07\/25\/hvor-kommer-uttrykket-tizio-caio-og-sempronio-fra-en-trio-som-har-sin-opprinnelse-i-det-gamle-roma\/#primaryimage\"},\"thumbnailUrl\":\"https:\/\/nordnesrepublikken.no\/wp-content\/uploads\/2025\/07\/1753422592_Hvor-kommer-uttrykket-Tizio-Caio-og-Sempronio-fra-En-trio-scaled.jpg\",\"keywords\":[\"Caio\",\"Det\",\"fra\",\"gamle\",\"har\",\"hvor\",\"kommer\",\"Opprinnelse\",\"Roma\",\"Sempronio\",\"sin\",\"som\",\"Tizio\",\"trio\",\"uttrykket\"],\"articleSection\":[\"Samfunn\"],\"inLanguage\":\"nb-NO\"},{\"@type\":\"WebPage\",\"@id\":\"https:\/\/nordnesrepublikken.no\/index.php\/2025\/07\/25\/hvor-kommer-uttrykket-tizio-caio-og-sempronio-fra-en-trio-som-har-sin-opprinnelse-i-det-gamle-roma\/\",\"url\":\"https:\/\/nordnesrepublikken.no\/index.php\/2025\/07\/25\/hvor-kommer-uttrykket-tizio-caio-og-sempronio-fra-en-trio-som-har-sin-opprinnelse-i-det-gamle-roma\/\",\"name\":\"Hvor kommer uttrykket \\\"Tizio, Caio og Sempronio\\\" fra? En trio som har sin opprinnelse i det gamle Roma - Nordnesrepublikken\",\"isPartOf\":{\"@id\":\"https:\/\/nordnesrepublikken.no\/#website\"},\"primaryImageOfPage\":{\"@id\":\"https:\/\/nordnesrepublikken.no\/index.php\/2025\/07\/25\/hvor-kommer-uttrykket-tizio-caio-og-sempronio-fra-en-trio-som-har-sin-opprinnelse-i-det-gamle-roma\/#primaryimage\"},\"image\":{\"@id\":\"https:\/\/nordnesrepublikken.no\/index.php\/2025\/07\/25\/hvor-kommer-uttrykket-tizio-caio-og-sempronio-fra-en-trio-som-har-sin-opprinnelse-i-det-gamle-roma\/#primaryimage\"},\"thumbnailUrl\":\"https:\/\/nordnesrepublikken.no\/wp-content\/uploads\/2025\/07\/1753422592_Hvor-kommer-uttrykket-Tizio-Caio-og-Sempronio-fra-En-trio-scaled.jpg\",\"datePublished\":\"2025-07-25T05:49:51+00:00\",\"dateModified\":\"2025-07-25T05:50:01+00:00\",\"breadcrumb\":{\"@id\":\"https:\/\/nordnesrepublikken.no\/index.php\/2025\/07\/25\/hvor-kommer-uttrykket-tizio-caio-og-sempronio-fra-en-trio-som-har-sin-opprinnelse-i-det-gamle-roma\/#breadcrumb\"},\"inLanguage\":\"nb-NO\",\"potentialAction\":[{\"@type\":\"ReadAction\",\"target\":[\"https:\/\/nordnesrepublikken.no\/index.php\/2025\/07\/25\/hvor-kommer-uttrykket-tizio-caio-og-sempronio-fra-en-trio-som-har-sin-opprinnelse-i-det-gamle-roma\/\"]}]},{\"@type\":\"ImageObject\",\"inLanguage\":\"nb-NO\",\"@id\":\"https:\/\/nordnesrepublikken.no\/index.php\/2025\/07\/25\/hvor-kommer-uttrykket-tizio-caio-og-sempronio-fra-en-trio-som-har-sin-opprinnelse-i-det-gamle-roma\/#primaryimage\",\"url\":\"https:\/\/nordnesrepublikken.no\/wp-content\/uploads\/2025\/07\/1753422592_Hvor-kommer-uttrykket-Tizio-Caio-og-Sempronio-fra-En-trio-scaled.jpg\",\"contentUrl\":\"https:\/\/nordnesrepublikken.no\/wp-content\/uploads\/2025\/07\/1753422592_Hvor-kommer-uttrykket-Tizio-Caio-og-Sempronio-fra-En-trio-scaled.jpg\",\"width\":2560,\"height\":1707,\"caption\":\"tizio caio sempronio\"},{\"@type\":\"BreadcrumbList\",\"@id\":\"https:\/\/nordnesrepublikken.no\/index.php\/2025\/07\/25\/hvor-kommer-uttrykket-tizio-caio-og-sempronio-fra-en-trio-som-har-sin-opprinnelse-i-det-gamle-roma\/#breadcrumb\",\"itemListElement\":[{\"@type\":\"ListItem\",\"position\":1,\"name\":\"Home\",\"item\":\"https:\/\/nordnesrepublikken.no\/\"},{\"@type\":\"ListItem\",\"position\":2,\"name\":\"Hvor kommer uttrykket &laquo;Tizio, Caio og Sempronio&raquo; fra? En trio som har sin opprinnelse i det gamle Roma\"}]},{\"@type\":\"WebSite\",\"@id\":\"https:\/\/nordnesrepublikken.no\/#website\",\"url\":\"https:\/\/nordnesrepublikken.no\/\",\"name\":\"Nordnesrepublikken\",\"description\":\"Stemmer og Visjoner fra Republikkens Hjerte\",\"publisher\":{\"@id\":\"https:\/\/nordnesrepublikken.no\/#organization\"},\"potentialAction\":[{\"@type\":\"SearchAction\",\"target\":{\"@type\":\"EntryPoint\",\"urlTemplate\":\"https:\/\/nordnesrepublikken.no\/?s={search_term_string}\"},\"query-input\":{\"@type\":\"PropertyValueSpecification\",\"valueRequired\":true,\"valueName\":\"search_term_string\"}}],\"inLanguage\":\"nb-NO\"},{\"@type\":\"Organization\",\"@id\":\"https:\/\/nordnesrepublikken.no\/#organization\",\"name\":\"Nordnesrepublikken\",\"url\":\"https:\/\/nordnesrepublikken.no\/\",\"logo\":{\"@type\":\"ImageObject\",\"inLanguage\":\"nb-NO\",\"@id\":\"https:\/\/nordnesrepublikken.no\/#\/schema\/logo\/image\/\",\"url\":\"https:\/\/nordnesrepublikken.no\/wp-content\/uploads\/2025\/02\/cropped-nordnesrepublikken-2.png\",\"contentUrl\":\"https:\/\/nordnesrepublikken.no\/wp-content\/uploads\/2025\/02\/cropped-nordnesrepublikken-2.png\",\"width\":1248,\"height\":362,\"caption\":\"Nordnesrepublikken\"},\"image\":{\"@id\":\"https:\/\/nordnesrepublikken.no\/#\/schema\/logo\/image\/\"}},{\"@type\":\"Person\",\"@id\":\"https:\/\/nordnesrepublikken.no\/#\/schema\/person\/2e7e81935bab77882fffb79296240ff1\",\"name\":\"Ole Andersen\",\"image\":{\"@type\":\"ImageObject\",\"inLanguage\":\"nb-NO\",\"@id\":\"https:\/\/nordnesrepublikken.no\/#\/schema\/person\/image\/\",\"url\":\"https:\/\/nordnesrepublikken.no\/wp-content\/uploads\/2025\/02\/nordnesrepublikken-2-2-150x150.jpg\",\"contentUrl\":\"https:\/\/nordnesrepublikken.no\/wp-content\/uploads\/2025\/02\/nordnesrepublikken-2-2-150x150.jpg\",\"caption\":\"Ole Andersen\"},\"description\":\"Ettersom jeg vokste opp i Oslo, har jeg alltid v\u00e6rt fascinert av ordenes kraft og deres evne til \u00e5 skape endringer. Etter \u00e5 ha fullf\u00f8rt min utdannelse i kommunikasjon ved Universitetet i Bergen, fikk jeg muligheten til \u00e5 jobbe innen ulike medier, der jeg har s\u00f8kt \u00e5 belyse viktige samfunnssp\u00f8rsm\u00e5l. I dag, som redakt\u00f8r for Nordnesrepublikken, pr\u00f8ver jeg \u00e5 forene min kj\u00e6rlighet for journalistikk med min lidenskap for innovasjon og eventyr.\",\"sameAs\":[\"https:\/\/nordnesrepublikken.no\/\"]}]}<\/script>\n<!-- \/ Yoast SEO plugin. -->","yoast_head_json":{"title":"Hvor kommer uttrykket \"Tizio, Caio og Sempronio\" fra? En trio som har sin opprinnelse i det gamle Roma - Nordnesrepublikken","robots":{"index":"index","follow":"follow","max-snippet":"max-snippet:-1","max-image-preview":"max-image-preview:large","max-video-preview":"max-video-preview:-1"},"canonical":"https:\/\/nordnesrepublikken.no\/index.php\/2025\/07\/25\/hvor-kommer-uttrykket-tizio-caio-og-sempronio-fra-en-trio-som-har-sin-opprinnelse-i-det-gamle-roma\/","og_locale":"nb_NO","og_type":"article","og_title":"Hvor kommer uttrykket \"Tizio, Caio og Sempronio\" fra? En trio som har sin opprinnelse i det gamle Roma - Nordnesrepublikken","og_description":"&laquo;Tizio, Caio og Sempronio&raquo; Det er et uttrykk som vanligvis brukes til \u00e5 indikere noen","og_url":"https:\/\/nordnesrepublikken.no\/index.php\/2025\/07\/25\/hvor-kommer-uttrykket-tizio-caio-og-sempronio-fra-en-trio-som-har-sin-opprinnelse-i-det-gamle-roma\/","og_site_name":"Nordnesrepublikken","article_published_time":"2025-07-25T05:49:51+00:00","article_modified_time":"2025-07-25T05:50:01+00:00","og_image":[{"width":2560,"height":1707,"url":"https:\/\/nordnesrepublikken.no\/wp-content\/uploads\/2025\/07\/1753422592_Hvor-kommer-uttrykket-Tizio-Caio-og-Sempronio-fra-En-trio-scaled.jpg","type":"image\/jpeg"}],"author":"Ole Andersen","twitter_card":"summary_large_image","twitter_misc":{"Skrevet av":"Ole Andersen","Ansl. lesetid":"2 minutter"},"schema":{"@context":"https:\/\/schema.org","@graph":[{"@type":"Article","@id":"https:\/\/nordnesrepublikken.no\/index.php\/2025\/07\/25\/hvor-kommer-uttrykket-tizio-caio-og-sempronio-fra-en-trio-som-har-sin-opprinnelse-i-det-gamle-roma\/#article","isPartOf":{"@id":"https:\/\/nordnesrepublikken.no\/index.php\/2025\/07\/25\/hvor-kommer-uttrykket-tizio-caio-og-sempronio-fra-en-trio-som-har-sin-opprinnelse-i-det-gamle-roma\/"},"author":{"name":"Ole Andersen","@id":"https:\/\/nordnesrepublikken.no\/#\/schema\/person\/2e7e81935bab77882fffb79296240ff1"},"headline":"Hvor kommer uttrykket &laquo;Tizio, Caio og Sempronio&raquo; fra? En trio som har sin opprinnelse i det gamle Roma","datePublished":"2025-07-25T05:49:51+00:00","dateModified":"2025-07-25T05:50:01+00:00","mainEntityOfPage":{"@id":"https:\/\/nordnesrepublikken.no\/index.php\/2025\/07\/25\/hvor-kommer-uttrykket-tizio-caio-og-sempronio-fra-en-trio-som-har-sin-opprinnelse-i-det-gamle-roma\/"},"wordCount":390,"publisher":{"@id":"https:\/\/nordnesrepublikken.no\/#organization"},"image":{"@id":"https:\/\/nordnesrepublikken.no\/index.php\/2025\/07\/25\/hvor-kommer-uttrykket-tizio-caio-og-sempronio-fra-en-trio-som-har-sin-opprinnelse-i-det-gamle-roma\/#primaryimage"},"thumbnailUrl":"https:\/\/nordnesrepublikken.no\/wp-content\/uploads\/2025\/07\/1753422592_Hvor-kommer-uttrykket-Tizio-Caio-og-Sempronio-fra-En-trio-scaled.jpg","keywords":["Caio","Det","fra","gamle","har","hvor","kommer","Opprinnelse","Roma","Sempronio","sin","som","Tizio","trio","uttrykket"],"articleSection":["Samfunn"],"inLanguage":"nb-NO"},{"@type":"WebPage","@id":"https:\/\/nordnesrepublikken.no\/index.php\/2025\/07\/25\/hvor-kommer-uttrykket-tizio-caio-og-sempronio-fra-en-trio-som-har-sin-opprinnelse-i-det-gamle-roma\/","url":"https:\/\/nordnesrepublikken.no\/index.php\/2025\/07\/25\/hvor-kommer-uttrykket-tizio-caio-og-sempronio-fra-en-trio-som-har-sin-opprinnelse-i-det-gamle-roma\/","name":"Hvor kommer uttrykket \"Tizio, Caio og Sempronio\" fra? En trio som har sin opprinnelse i det gamle Roma - Nordnesrepublikken","isPartOf":{"@id":"https:\/\/nordnesrepublikken.no\/#website"},"primaryImageOfPage":{"@id":"https:\/\/nordnesrepublikken.no\/index.php\/2025\/07\/25\/hvor-kommer-uttrykket-tizio-caio-og-sempronio-fra-en-trio-som-har-sin-opprinnelse-i-det-gamle-roma\/#primaryimage"},"image":{"@id":"https:\/\/nordnesrepublikken.no\/index.php\/2025\/07\/25\/hvor-kommer-uttrykket-tizio-caio-og-sempronio-fra-en-trio-som-har-sin-opprinnelse-i-det-gamle-roma\/#primaryimage"},"thumbnailUrl":"https:\/\/nordnesrepublikken.no\/wp-content\/uploads\/2025\/07\/1753422592_Hvor-kommer-uttrykket-Tizio-Caio-og-Sempronio-fra-En-trio-scaled.jpg","datePublished":"2025-07-25T05:49:51+00:00","dateModified":"2025-07-25T05:50:01+00:00","breadcrumb":{"@id":"https:\/\/nordnesrepublikken.no\/index.php\/2025\/07\/25\/hvor-kommer-uttrykket-tizio-caio-og-sempronio-fra-en-trio-som-har-sin-opprinnelse-i-det-gamle-roma\/#breadcrumb"},"inLanguage":"nb-NO","potentialAction":[{"@type":"ReadAction","target":["https:\/\/nordnesrepublikken.no\/index.php\/2025\/07\/25\/hvor-kommer-uttrykket-tizio-caio-og-sempronio-fra-en-trio-som-har-sin-opprinnelse-i-det-gamle-roma\/"]}]},{"@type":"ImageObject","inLanguage":"nb-NO","@id":"https:\/\/nordnesrepublikken.no\/index.php\/2025\/07\/25\/hvor-kommer-uttrykket-tizio-caio-og-sempronio-fra-en-trio-som-har-sin-opprinnelse-i-det-gamle-roma\/#primaryimage","url":"https:\/\/nordnesrepublikken.no\/wp-content\/uploads\/2025\/07\/1753422592_Hvor-kommer-uttrykket-Tizio-Caio-og-Sempronio-fra-En-trio-scaled.jpg","contentUrl":"https:\/\/nordnesrepublikken.no\/wp-content\/uploads\/2025\/07\/1753422592_Hvor-kommer-uttrykket-Tizio-Caio-og-Sempronio-fra-En-trio-scaled.jpg","width":2560,"height":1707,"caption":"tizio caio sempronio"},{"@type":"BreadcrumbList","@id":"https:\/\/nordnesrepublikken.no\/index.php\/2025\/07\/25\/hvor-kommer-uttrykket-tizio-caio-og-sempronio-fra-en-trio-som-har-sin-opprinnelse-i-det-gamle-roma\/#breadcrumb","itemListElement":[{"@type":"ListItem","position":1,"name":"Home","item":"https:\/\/nordnesrepublikken.no\/"},{"@type":"ListItem","position":2,"name":"Hvor kommer uttrykket &laquo;Tizio, Caio og Sempronio&raquo; fra? En trio som har sin opprinnelse i det gamle Roma"}]},{"@type":"WebSite","@id":"https:\/\/nordnesrepublikken.no\/#website","url":"https:\/\/nordnesrepublikken.no\/","name":"Nordnesrepublikken","description":"Stemmer og Visjoner fra Republikkens Hjerte","publisher":{"@id":"https:\/\/nordnesrepublikken.no\/#organization"},"potentialAction":[{"@type":"SearchAction","target":{"@type":"EntryPoint","urlTemplate":"https:\/\/nordnesrepublikken.no\/?s={search_term_string}"},"query-input":{"@type":"PropertyValueSpecification","valueRequired":true,"valueName":"search_term_string"}}],"inLanguage":"nb-NO"},{"@type":"Organization","@id":"https:\/\/nordnesrepublikken.no\/#organization","name":"Nordnesrepublikken","url":"https:\/\/nordnesrepublikken.no\/","logo":{"@type":"ImageObject","inLanguage":"nb-NO","@id":"https:\/\/nordnesrepublikken.no\/#\/schema\/logo\/image\/","url":"https:\/\/nordnesrepublikken.no\/wp-content\/uploads\/2025\/02\/cropped-nordnesrepublikken-2.png","contentUrl":"https:\/\/nordnesrepublikken.no\/wp-content\/uploads\/2025\/02\/cropped-nordnesrepublikken-2.png","width":1248,"height":362,"caption":"Nordnesrepublikken"},"image":{"@id":"https:\/\/nordnesrepublikken.no\/#\/schema\/logo\/image\/"}},{"@type":"Person","@id":"https:\/\/nordnesrepublikken.no\/#\/schema\/person\/2e7e81935bab77882fffb79296240ff1","name":"Ole Andersen","image":{"@type":"ImageObject","inLanguage":"nb-NO","@id":"https:\/\/nordnesrepublikken.no\/#\/schema\/person\/image\/","url":"https:\/\/nordnesrepublikken.no\/wp-content\/uploads\/2025\/02\/nordnesrepublikken-2-2-150x150.jpg","contentUrl":"https:\/\/nordnesrepublikken.no\/wp-content\/uploads\/2025\/02\/nordnesrepublikken-2-2-150x150.jpg","caption":"Ole Andersen"},"description":"Ettersom jeg vokste opp i Oslo, har jeg alltid v\u00e6rt fascinert av ordenes kraft og deres evne til \u00e5 skape endringer. Etter \u00e5 ha fullf\u00f8rt min utdannelse i kommunikasjon ved Universitetet i Bergen, fikk jeg muligheten til \u00e5 jobbe innen ulike medier, der jeg har s\u00f8kt \u00e5 belyse viktige samfunnssp\u00f8rsm\u00e5l. I dag, som redakt\u00f8r for Nordnesrepublikken, pr\u00f8ver jeg \u00e5 forene min kj\u00e6rlighet for journalistikk med min lidenskap for innovasjon og eventyr.","sameAs":["https:\/\/nordnesrepublikken.no\/"]}]}},"_links":{"self":[{"href":"https:\/\/nordnesrepublikken.no\/index.php\/wp-json\/wp\/v2\/posts\/7401","targetHints":{"allow":["GET"]}}],"collection":[{"href":"https:\/\/nordnesrepublikken.no\/index.php\/wp-json\/wp\/v2\/posts"}],"about":[{"href":"https:\/\/nordnesrepublikken.no\/index.php\/wp-json\/wp\/v2\/types\/post"}],"author":[{"embeddable":true,"href":"https:\/\/nordnesrepublikken.no\/index.php\/wp-json\/wp\/v2\/users\/1"}],"replies":[{"embeddable":true,"href":"https:\/\/nordnesrepublikken.no\/index.php\/wp-json\/wp\/v2\/comments?post=7401"}],"version-history":[{"count":1,"href":"https:\/\/nordnesrepublikken.no\/index.php\/wp-json\/wp\/v2\/posts\/7401\/revisions"}],"predecessor-version":[{"id":7403,"href":"https:\/\/nordnesrepublikken.no\/index.php\/wp-json\/wp\/v2\/posts\/7401\/revisions\/7403"}],"wp:featuredmedia":[{"embeddable":true,"href":"https:\/\/nordnesrepublikken.no\/index.php\/wp-json\/wp\/v2\/media\/7402"}],"wp:attachment":[{"href":"https:\/\/nordnesrepublikken.no\/index.php\/wp-json\/wp\/v2\/media?parent=7401"}],"wp:term":[{"taxonomy":"category","embeddable":true,"href":"https:\/\/nordnesrepublikken.no\/index.php\/wp-json\/wp\/v2\/categories?post=7401"},{"taxonomy":"post_tag","embeddable":true,"href":"https:\/\/nordnesrepublikken.no\/index.php\/wp-json\/wp\/v2\/tags?post=7401"}],"curies":[{"name":"wp","href":"https:\/\/api.w.org\/{rel}","templated":true}]}}