{"id":7362,"date":"2025-07-24T09:49:45","date_gmt":"2025-07-24T07:49:45","guid":{"rendered":"https:\/\/nordnesrepublikken.no\/index.php\/2025\/07\/24\/suzuki-vitara-komfortabel-dyktig-og-raffinert\/"},"modified":"2025-07-24T09:49:46","modified_gmt":"2025-07-24T07:49:46","slug":"suzuki-vitara-komfortabel-dyktig-og-raffinert","status":"publish","type":"post","link":"https:\/\/nordnesrepublikken.no\/index.php\/2025\/07\/24\/suzuki-vitara-komfortabel-dyktig-og-raffinert\/","title":{"rendered":"Suzuki Vitara &#8211; Komfortabel, dyktig og raffinert"},"content":{"rendered":"<p><\/p>\n<div class=\"wordpress-content\">\n                    <!-- Article Start --><\/p>\n<p><strong>I disse dager er det en mengde biler i gr\u00e5tt, s\u00f8lv og svart, og det ser ut til, veldig lite annet. Noen ganger ser du en farge som r\u00f8d eller bl\u00e5, og den skiller seg ut. S\u00e5 f\u00e5r du bilene med en farge som har deg til solbrillene.<\/strong><\/p>\n<p><span id=\"more-536484\"><\/span><\/p>\n<div class=\"sra_unit\"><link rel=\"stylesheet\" id=\"block-sra\" href=\"https:\/\/euroweeklynews.com\/wp-content\/plugins\/snack-related-articles\/dist\/css\/snack-related.min.css?250312-193541\" type=\"text\/css\" media=\"all\">\n<\/div>\n<p>Vitara har v\u00e6rt en stift i Suzuki -serien i \u00e5revis og regelmessige ansiktsl\u00f8ftninger og oppdateringer til bilen, og motorer, har gjort den nyeste versjonen til en komfortabel, dyktig og raffinert SUV. Prisene starter fra \u20ac 31.585\/\u00a3 27.299, og alle modeller kommer med enten mild eller full hybridhjelp, og det er et utvalg av to og firehjulstrekk. Det er 50 \u00e5r siden Suzukis all-grip-system ble lansert, og de er utrolig dyktige utenfor veien, og jeg snakker ikke om det lokale feltet p\u00e5 en landsbyfete, men riktig terreng.<\/p>\n<p>Standard pris inkluderer adaptiv cruisekontroll, n\u00f8kkelfri oppf\u00f8ring og start, navigasjon, Bluetooth, automatisk dimmingsspeil, h\u00f8ye str\u00e5leassistanse, oppvarmede og drevne d\u00f8rspeil, billys og vindusviskere og overv\u00e5king av dekktrykk. To trimniv\u00e5er tilbys, bevegelse og ultra, og et alternativ for enten 6-trinns manuell eller automatiske gir.<\/p>\n<p>Interi\u00f8ret i Vitara er pent ferdig, og mens tidligere modeller hadde ganske mye hard plast, er de nyeste versjonene et klart steg opp n\u00e5r det gjelder kvalitet. Komfortable, gode mengder plass og pent foredlet Vitara er en enkel kj\u00f8retur. Ridekvaliteten er god, og hvis du er i all-grip, eller 4-hjulstasjon, gj\u00f8r modeller en roterende kontroll det enkelt \u00e5 bytte stasjoner avhengig av forholdene.<\/p>\n<p>Utseende er subjektivt, men de fleste er enige om at Vitara er en flink bil. Den milde hybrid tohjulsdrevne modellen returnerer en kredittverdig 5,31L per km\/53,2 mpg, og selv om ingen av Vitarasene er raske, er 0 til 100 km\/t\/62 mph p\u00e5 9,5 sekunder, noe som er mer enn tilstrekkelig. Den fulle hybridmodellen forbedrer seg p\u00e5 MPG, men er mer beroligende til referanseindeksen 62 mph.<\/p>\n<p>Suzuki har et velfortjent rykte for p\u00e5litelighet, og dette legger bare til Vitaras appell. Det er kanskje ikke blant de premium SUV -ene, men m\u00e5 v\u00e6re p\u00e5 handlelisten din for en brukbar og veldig dyktig SUV.<\/p>\n<p>                    <!-- Article End -->\n                <\/div>\n","protected":false},"excerpt":{"rendered":"<p>I disse dager er det en mengde biler i gr\u00e5tt, s\u00f8lv og svart, og det<\/p>\n","protected":false},"author":1,"featured_media":7363,"comment_status":"closed","ping_status":"open","sticky":false,"template":"","format":"standard","meta":{"footnotes":""},"categories":[105],"tags":[4825,4824,4826,4822,4823],"class_list":["post-7362","post","type-post","status-publish","format-standard","has-post-thumbnail","hentry","category-livsstil","tag-dyktig","tag-komfortabel","tag-raffinert","tag-suzuki","tag-vitara","generate-columns","tablet-grid-50","mobile-grid-100","grid-parent","grid-33","resize-featured-image"],"yoast_head":"<!-- This site is optimized with the Yoast SEO plugin v24.4 - https:\/\/yoast.com\/wordpress\/plugins\/seo\/ -->\n<title>Suzuki Vitara - Komfortabel, dyktig og raffinert - Nordnesrepublikken<\/title>\n<meta name=\"robots\" content=\"index, follow, max-snippet:-1, max-image-preview:large, max-video-preview:-1\" \/>\n<link rel=\"canonical\" href=\"https:\/\/nordnesrepublikken.no\/index.php\/2025\/07\/24\/suzuki-vitara-komfortabel-dyktig-og-raffinert\/\" \/>\n<meta property=\"og:locale\" content=\"nb_NO\" \/>\n<meta property=\"og:type\" content=\"article\" \/>\n<meta property=\"og:title\" content=\"Suzuki Vitara - Komfortabel, dyktig og raffinert - Nordnesrepublikken\" \/>\n<meta property=\"og:description\" content=\"I disse dager er det en mengde biler i gr\u00e5tt, s\u00f8lv og svart, og det\" \/>\n<meta property=\"og:url\" content=\"https:\/\/nordnesrepublikken.no\/index.php\/2025\/07\/24\/suzuki-vitara-komfortabel-dyktig-og-raffinert\/\" \/>\n<meta property=\"og:site_name\" content=\"Nordnesrepublikken\" \/>\n<meta property=\"article:published_time\" content=\"2025-07-24T07:49:45+00:00\" \/>\n<meta property=\"article:modified_time\" content=\"2025-07-24T07:49:46+00:00\" \/>\n<meta property=\"og:image\" content=\"https:\/\/nordnesrepublikken.no\/wp-content\/uploads\/2025\/07\/1753343385_Suzuki-Vitara-Komfortabel-dyktig-og-raffinert.jpg\" \/>\n\t<meta property=\"og:image:width\" content=\"1200\" \/>\n\t<meta property=\"og:image:height\" content=\"977\" \/>\n\t<meta property=\"og:image:type\" content=\"image\/jpeg\" \/>\n<meta name=\"author\" content=\"Ole Andersen\" \/>\n<meta name=\"twitter:card\" content=\"summary_large_image\" \/>\n<meta name=\"twitter:label1\" content=\"Skrevet av\" \/>\n\t<meta name=\"twitter:data1\" content=\"Ole Andersen\" \/>\n\t<meta name=\"twitter:label2\" content=\"Ansl. lesetid\" \/>\n\t<meta name=\"twitter:data2\" content=\"2 minutter\" \/>\n<script type=\"application\/ld+json\" class=\"yoast-schema-graph\">{\"@context\":\"https:\/\/schema.org\",\"@graph\":[{\"@type\":\"Article\",\"@id\":\"https:\/\/nordnesrepublikken.no\/index.php\/2025\/07\/24\/suzuki-vitara-komfortabel-dyktig-og-raffinert\/#article\",\"isPartOf\":{\"@id\":\"https:\/\/nordnesrepublikken.no\/index.php\/2025\/07\/24\/suzuki-vitara-komfortabel-dyktig-og-raffinert\/\"},\"author\":{\"name\":\"Ole Andersen\",\"@id\":\"https:\/\/nordnesrepublikken.no\/#\/schema\/person\/2e7e81935bab77882fffb79296240ff1\"},\"headline\":\"Suzuki Vitara &#8211; Komfortabel, dyktig og raffinert\",\"datePublished\":\"2025-07-24T07:49:45+00:00\",\"dateModified\":\"2025-07-24T07:49:46+00:00\",\"mainEntityOfPage\":{\"@id\":\"https:\/\/nordnesrepublikken.no\/index.php\/2025\/07\/24\/suzuki-vitara-komfortabel-dyktig-og-raffinert\/\"},\"wordCount\":358,\"publisher\":{\"@id\":\"https:\/\/nordnesrepublikken.no\/#organization\"},\"image\":{\"@id\":\"https:\/\/nordnesrepublikken.no\/index.php\/2025\/07\/24\/suzuki-vitara-komfortabel-dyktig-og-raffinert\/#primaryimage\"},\"thumbnailUrl\":\"https:\/\/nordnesrepublikken.no\/wp-content\/uploads\/2025\/07\/1753343385_Suzuki-Vitara-Komfortabel-dyktig-og-raffinert.jpg\",\"keywords\":[\"dyktig\",\"Komfortabel\",\"raffinert\",\"Suzuki\",\"Vitara\"],\"articleSection\":[\"Livsstil\"],\"inLanguage\":\"nb-NO\"},{\"@type\":\"WebPage\",\"@id\":\"https:\/\/nordnesrepublikken.no\/index.php\/2025\/07\/24\/suzuki-vitara-komfortabel-dyktig-og-raffinert\/\",\"url\":\"https:\/\/nordnesrepublikken.no\/index.php\/2025\/07\/24\/suzuki-vitara-komfortabel-dyktig-og-raffinert\/\",\"name\":\"Suzuki Vitara - Komfortabel, dyktig og raffinert - Nordnesrepublikken\",\"isPartOf\":{\"@id\":\"https:\/\/nordnesrepublikken.no\/#website\"},\"primaryImageOfPage\":{\"@id\":\"https:\/\/nordnesrepublikken.no\/index.php\/2025\/07\/24\/suzuki-vitara-komfortabel-dyktig-og-raffinert\/#primaryimage\"},\"image\":{\"@id\":\"https:\/\/nordnesrepublikken.no\/index.php\/2025\/07\/24\/suzuki-vitara-komfortabel-dyktig-og-raffinert\/#primaryimage\"},\"thumbnailUrl\":\"https:\/\/nordnesrepublikken.no\/wp-content\/uploads\/2025\/07\/1753343385_Suzuki-Vitara-Komfortabel-dyktig-og-raffinert.jpg\",\"datePublished\":\"2025-07-24T07:49:45+00:00\",\"dateModified\":\"2025-07-24T07:49:46+00:00\",\"breadcrumb\":{\"@id\":\"https:\/\/nordnesrepublikken.no\/index.php\/2025\/07\/24\/suzuki-vitara-komfortabel-dyktig-og-raffinert\/#breadcrumb\"},\"inLanguage\":\"nb-NO\",\"potentialAction\":[{\"@type\":\"ReadAction\",\"target\":[\"https:\/\/nordnesrepublikken.no\/index.php\/2025\/07\/24\/suzuki-vitara-komfortabel-dyktig-og-raffinert\/\"]}]},{\"@type\":\"ImageObject\",\"inLanguage\":\"nb-NO\",\"@id\":\"https:\/\/nordnesrepublikken.no\/index.php\/2025\/07\/24\/suzuki-vitara-komfortabel-dyktig-og-raffinert\/#primaryimage\",\"url\":\"https:\/\/nordnesrepublikken.no\/wp-content\/uploads\/2025\/07\/1753343385_Suzuki-Vitara-Komfortabel-dyktig-og-raffinert.jpg\",\"contentUrl\":\"https:\/\/nordnesrepublikken.no\/wp-content\/uploads\/2025\/07\/1753343385_Suzuki-Vitara-Komfortabel-dyktig-og-raffinert.jpg\",\"width\":1200,\"height\":977,\"caption\":\"Suzuki Vitara - Komfortabel, dyktig og raffinert\"},{\"@type\":\"BreadcrumbList\",\"@id\":\"https:\/\/nordnesrepublikken.no\/index.php\/2025\/07\/24\/suzuki-vitara-komfortabel-dyktig-og-raffinert\/#breadcrumb\",\"itemListElement\":[{\"@type\":\"ListItem\",\"position\":1,\"name\":\"Home\",\"item\":\"https:\/\/nordnesrepublikken.no\/\"},{\"@type\":\"ListItem\",\"position\":2,\"name\":\"Suzuki Vitara &#8211; Komfortabel, dyktig og raffinert\"}]},{\"@type\":\"WebSite\",\"@id\":\"https:\/\/nordnesrepublikken.no\/#website\",\"url\":\"https:\/\/nordnesrepublikken.no\/\",\"name\":\"Nordnesrepublikken\",\"description\":\"Stemmer og Visjoner fra Republikkens Hjerte\",\"publisher\":{\"@id\":\"https:\/\/nordnesrepublikken.no\/#organization\"},\"potentialAction\":[{\"@type\":\"SearchAction\",\"target\":{\"@type\":\"EntryPoint\",\"urlTemplate\":\"https:\/\/nordnesrepublikken.no\/?s={search_term_string}\"},\"query-input\":{\"@type\":\"PropertyValueSpecification\",\"valueRequired\":true,\"valueName\":\"search_term_string\"}}],\"inLanguage\":\"nb-NO\"},{\"@type\":\"Organization\",\"@id\":\"https:\/\/nordnesrepublikken.no\/#organization\",\"name\":\"Nordnesrepublikken\",\"url\":\"https:\/\/nordnesrepublikken.no\/\",\"logo\":{\"@type\":\"ImageObject\",\"inLanguage\":\"nb-NO\",\"@id\":\"https:\/\/nordnesrepublikken.no\/#\/schema\/logo\/image\/\",\"url\":\"https:\/\/nordnesrepublikken.no\/wp-content\/uploads\/2025\/02\/cropped-nordnesrepublikken-2.png\",\"contentUrl\":\"https:\/\/nordnesrepublikken.no\/wp-content\/uploads\/2025\/02\/cropped-nordnesrepublikken-2.png\",\"width\":1248,\"height\":362,\"caption\":\"Nordnesrepublikken\"},\"image\":{\"@id\":\"https:\/\/nordnesrepublikken.no\/#\/schema\/logo\/image\/\"}},{\"@type\":\"Person\",\"@id\":\"https:\/\/nordnesrepublikken.no\/#\/schema\/person\/2e7e81935bab77882fffb79296240ff1\",\"name\":\"Ole Andersen\",\"image\":{\"@type\":\"ImageObject\",\"inLanguage\":\"nb-NO\",\"@id\":\"https:\/\/nordnesrepublikken.no\/#\/schema\/person\/image\/\",\"url\":\"https:\/\/nordnesrepublikken.no\/wp-content\/uploads\/2025\/02\/nordnesrepublikken-2-2-150x150.jpg\",\"contentUrl\":\"https:\/\/nordnesrepublikken.no\/wp-content\/uploads\/2025\/02\/nordnesrepublikken-2-2-150x150.jpg\",\"caption\":\"Ole Andersen\"},\"description\":\"Ettersom jeg vokste opp i Oslo, har jeg alltid v\u00e6rt fascinert av ordenes kraft og deres evne til \u00e5 skape endringer. Etter \u00e5 ha fullf\u00f8rt min utdannelse i kommunikasjon ved Universitetet i Bergen, fikk jeg muligheten til \u00e5 jobbe innen ulike medier, der jeg har s\u00f8kt \u00e5 belyse viktige samfunnssp\u00f8rsm\u00e5l. I dag, som redakt\u00f8r for Nordnesrepublikken, pr\u00f8ver jeg \u00e5 forene min kj\u00e6rlighet for journalistikk med min lidenskap for innovasjon og eventyr.\",\"sameAs\":[\"https:\/\/nordnesrepublikken.no\/\"]}]}<\/script>\n<!-- \/ Yoast SEO plugin. -->","yoast_head_json":{"title":"Suzuki Vitara - Komfortabel, dyktig og raffinert - Nordnesrepublikken","robots":{"index":"index","follow":"follow","max-snippet":"max-snippet:-1","max-image-preview":"max-image-preview:large","max-video-preview":"max-video-preview:-1"},"canonical":"https:\/\/nordnesrepublikken.no\/index.php\/2025\/07\/24\/suzuki-vitara-komfortabel-dyktig-og-raffinert\/","og_locale":"nb_NO","og_type":"article","og_title":"Suzuki Vitara - Komfortabel, dyktig og raffinert - Nordnesrepublikken","og_description":"I disse dager er det en mengde biler i gr\u00e5tt, s\u00f8lv og svart, og det","og_url":"https:\/\/nordnesrepublikken.no\/index.php\/2025\/07\/24\/suzuki-vitara-komfortabel-dyktig-og-raffinert\/","og_site_name":"Nordnesrepublikken","article_published_time":"2025-07-24T07:49:45+00:00","article_modified_time":"2025-07-24T07:49:46+00:00","og_image":[{"width":1200,"height":977,"url":"https:\/\/nordnesrepublikken.no\/wp-content\/uploads\/2025\/07\/1753343385_Suzuki-Vitara-Komfortabel-dyktig-og-raffinert.jpg","type":"image\/jpeg"}],"author":"Ole Andersen","twitter_card":"summary_large_image","twitter_misc":{"Skrevet av":"Ole Andersen","Ansl. lesetid":"2 minutter"},"schema":{"@context":"https:\/\/schema.org","@graph":[{"@type":"Article","@id":"https:\/\/nordnesrepublikken.no\/index.php\/2025\/07\/24\/suzuki-vitara-komfortabel-dyktig-og-raffinert\/#article","isPartOf":{"@id":"https:\/\/nordnesrepublikken.no\/index.php\/2025\/07\/24\/suzuki-vitara-komfortabel-dyktig-og-raffinert\/"},"author":{"name":"Ole Andersen","@id":"https:\/\/nordnesrepublikken.no\/#\/schema\/person\/2e7e81935bab77882fffb79296240ff1"},"headline":"Suzuki Vitara &#8211; Komfortabel, dyktig og raffinert","datePublished":"2025-07-24T07:49:45+00:00","dateModified":"2025-07-24T07:49:46+00:00","mainEntityOfPage":{"@id":"https:\/\/nordnesrepublikken.no\/index.php\/2025\/07\/24\/suzuki-vitara-komfortabel-dyktig-og-raffinert\/"},"wordCount":358,"publisher":{"@id":"https:\/\/nordnesrepublikken.no\/#organization"},"image":{"@id":"https:\/\/nordnesrepublikken.no\/index.php\/2025\/07\/24\/suzuki-vitara-komfortabel-dyktig-og-raffinert\/#primaryimage"},"thumbnailUrl":"https:\/\/nordnesrepublikken.no\/wp-content\/uploads\/2025\/07\/1753343385_Suzuki-Vitara-Komfortabel-dyktig-og-raffinert.jpg","keywords":["dyktig","Komfortabel","raffinert","Suzuki","Vitara"],"articleSection":["Livsstil"],"inLanguage":"nb-NO"},{"@type":"WebPage","@id":"https:\/\/nordnesrepublikken.no\/index.php\/2025\/07\/24\/suzuki-vitara-komfortabel-dyktig-og-raffinert\/","url":"https:\/\/nordnesrepublikken.no\/index.php\/2025\/07\/24\/suzuki-vitara-komfortabel-dyktig-og-raffinert\/","name":"Suzuki Vitara - Komfortabel, dyktig og raffinert - Nordnesrepublikken","isPartOf":{"@id":"https:\/\/nordnesrepublikken.no\/#website"},"primaryImageOfPage":{"@id":"https:\/\/nordnesrepublikken.no\/index.php\/2025\/07\/24\/suzuki-vitara-komfortabel-dyktig-og-raffinert\/#primaryimage"},"image":{"@id":"https:\/\/nordnesrepublikken.no\/index.php\/2025\/07\/24\/suzuki-vitara-komfortabel-dyktig-og-raffinert\/#primaryimage"},"thumbnailUrl":"https:\/\/nordnesrepublikken.no\/wp-content\/uploads\/2025\/07\/1753343385_Suzuki-Vitara-Komfortabel-dyktig-og-raffinert.jpg","datePublished":"2025-07-24T07:49:45+00:00","dateModified":"2025-07-24T07:49:46+00:00","breadcrumb":{"@id":"https:\/\/nordnesrepublikken.no\/index.php\/2025\/07\/24\/suzuki-vitara-komfortabel-dyktig-og-raffinert\/#breadcrumb"},"inLanguage":"nb-NO","potentialAction":[{"@type":"ReadAction","target":["https:\/\/nordnesrepublikken.no\/index.php\/2025\/07\/24\/suzuki-vitara-komfortabel-dyktig-og-raffinert\/"]}]},{"@type":"ImageObject","inLanguage":"nb-NO","@id":"https:\/\/nordnesrepublikken.no\/index.php\/2025\/07\/24\/suzuki-vitara-komfortabel-dyktig-og-raffinert\/#primaryimage","url":"https:\/\/nordnesrepublikken.no\/wp-content\/uploads\/2025\/07\/1753343385_Suzuki-Vitara-Komfortabel-dyktig-og-raffinert.jpg","contentUrl":"https:\/\/nordnesrepublikken.no\/wp-content\/uploads\/2025\/07\/1753343385_Suzuki-Vitara-Komfortabel-dyktig-og-raffinert.jpg","width":1200,"height":977,"caption":"Suzuki Vitara - Komfortabel, dyktig og raffinert"},{"@type":"BreadcrumbList","@id":"https:\/\/nordnesrepublikken.no\/index.php\/2025\/07\/24\/suzuki-vitara-komfortabel-dyktig-og-raffinert\/#breadcrumb","itemListElement":[{"@type":"ListItem","position":1,"name":"Home","item":"https:\/\/nordnesrepublikken.no\/"},{"@type":"ListItem","position":2,"name":"Suzuki Vitara &#8211; Komfortabel, dyktig og raffinert"}]},{"@type":"WebSite","@id":"https:\/\/nordnesrepublikken.no\/#website","url":"https:\/\/nordnesrepublikken.no\/","name":"Nordnesrepublikken","description":"Stemmer og Visjoner fra Republikkens Hjerte","publisher":{"@id":"https:\/\/nordnesrepublikken.no\/#organization"},"potentialAction":[{"@type":"SearchAction","target":{"@type":"EntryPoint","urlTemplate":"https:\/\/nordnesrepublikken.no\/?s={search_term_string}"},"query-input":{"@type":"PropertyValueSpecification","valueRequired":true,"valueName":"search_term_string"}}],"inLanguage":"nb-NO"},{"@type":"Organization","@id":"https:\/\/nordnesrepublikken.no\/#organization","name":"Nordnesrepublikken","url":"https:\/\/nordnesrepublikken.no\/","logo":{"@type":"ImageObject","inLanguage":"nb-NO","@id":"https:\/\/nordnesrepublikken.no\/#\/schema\/logo\/image\/","url":"https:\/\/nordnesrepublikken.no\/wp-content\/uploads\/2025\/02\/cropped-nordnesrepublikken-2.png","contentUrl":"https:\/\/nordnesrepublikken.no\/wp-content\/uploads\/2025\/02\/cropped-nordnesrepublikken-2.png","width":1248,"height":362,"caption":"Nordnesrepublikken"},"image":{"@id":"https:\/\/nordnesrepublikken.no\/#\/schema\/logo\/image\/"}},{"@type":"Person","@id":"https:\/\/nordnesrepublikken.no\/#\/schema\/person\/2e7e81935bab77882fffb79296240ff1","name":"Ole Andersen","image":{"@type":"ImageObject","inLanguage":"nb-NO","@id":"https:\/\/nordnesrepublikken.no\/#\/schema\/person\/image\/","url":"https:\/\/nordnesrepublikken.no\/wp-content\/uploads\/2025\/02\/nordnesrepublikken-2-2-150x150.jpg","contentUrl":"https:\/\/nordnesrepublikken.no\/wp-content\/uploads\/2025\/02\/nordnesrepublikken-2-2-150x150.jpg","caption":"Ole Andersen"},"description":"Ettersom jeg vokste opp i Oslo, har jeg alltid v\u00e6rt fascinert av ordenes kraft og deres evne til \u00e5 skape endringer. Etter \u00e5 ha fullf\u00f8rt min utdannelse i kommunikasjon ved Universitetet i Bergen, fikk jeg muligheten til \u00e5 jobbe innen ulike medier, der jeg har s\u00f8kt \u00e5 belyse viktige samfunnssp\u00f8rsm\u00e5l. I dag, som redakt\u00f8r for Nordnesrepublikken, pr\u00f8ver jeg \u00e5 forene min kj\u00e6rlighet for journalistikk med min lidenskap for innovasjon og eventyr.","sameAs":["https:\/\/nordnesrepublikken.no\/"]}]}},"_links":{"self":[{"href":"https:\/\/nordnesrepublikken.no\/index.php\/wp-json\/wp\/v2\/posts\/7362","targetHints":{"allow":["GET"]}}],"collection":[{"href":"https:\/\/nordnesrepublikken.no\/index.php\/wp-json\/wp\/v2\/posts"}],"about":[{"href":"https:\/\/nordnesrepublikken.no\/index.php\/wp-json\/wp\/v2\/types\/post"}],"author":[{"embeddable":true,"href":"https:\/\/nordnesrepublikken.no\/index.php\/wp-json\/wp\/v2\/users\/1"}],"replies":[{"embeddable":true,"href":"https:\/\/nordnesrepublikken.no\/index.php\/wp-json\/wp\/v2\/comments?post=7362"}],"version-history":[{"count":1,"href":"https:\/\/nordnesrepublikken.no\/index.php\/wp-json\/wp\/v2\/posts\/7362\/revisions"}],"predecessor-version":[{"id":7364,"href":"https:\/\/nordnesrepublikken.no\/index.php\/wp-json\/wp\/v2\/posts\/7362\/revisions\/7364"}],"wp:featuredmedia":[{"embeddable":true,"href":"https:\/\/nordnesrepublikken.no\/index.php\/wp-json\/wp\/v2\/media\/7363"}],"wp:attachment":[{"href":"https:\/\/nordnesrepublikken.no\/index.php\/wp-json\/wp\/v2\/media?parent=7362"}],"wp:term":[{"taxonomy":"category","embeddable":true,"href":"https:\/\/nordnesrepublikken.no\/index.php\/wp-json\/wp\/v2\/categories?post=7362"},{"taxonomy":"post_tag","embeddable":true,"href":"https:\/\/nordnesrepublikken.no\/index.php\/wp-json\/wp\/v2\/tags?post=7362"}],"curies":[{"name":"wp","href":"https:\/\/api.w.org\/{rel}","templated":true}]}}