{"id":7353,"date":"2025-07-24T02:49:44","date_gmt":"2025-07-24T00:49:44","guid":{"rendered":"https:\/\/nordnesrepublikken.no\/index.php\/2025\/07\/24\/barajas-flyplass-forbyr-overnatting-a-sove\/"},"modified":"2025-07-24T02:49:53","modified_gmt":"2025-07-24T00:49:53","slug":"barajas-flyplass-forbyr-overnatting-a-sove","status":"publish","type":"post","link":"https:\/\/nordnesrepublikken.no\/index.php\/2025\/07\/24\/barajas-flyplass-forbyr-overnatting-a-sove\/","title":{"rendered":"Barajas flyplass forbyr overnatting \u00e5 sove"},"content":{"rendered":"<p><\/p>\n<div class=\"wordpress-content\">\n                    <!-- Article Start --><\/p>\n<p class=\"p1\"><b>Fra torsdag 24. juli vil Aena, det offentlige selskapet som forvalter Spanias flyplasser, h\u00e5ndheve et forbud mot overnatting p\u00e5 Adolfo Su\u00e1rez Madrid &#8211; Barajas flyplass. Flyttingen tar sikte p\u00e5 \u00e5 forhindre at terminalene blir et uformelt ly for hjeml\u00f8se individer og \u00e5 forsterke flyplassens prim\u00e6re rolle som transittrom.<\/b><\/p>\n<p class=\"p1\">I henhold til de nye reglene vil tilgangen til terminalene i l\u00f8pet av nattetidene utelukkende v\u00e6re begrenset til passasjerer med gyldige boardingkort, autorisert personale og tilh\u00f8rende personer. Aena har innf\u00f8rt \u00f8kt sikkerhet ved inngangene til terminalene 1, 2 og 4, der sikkerhetspersonell vil sjekke dokumentasjon for \u00e5 sikre at bare de med en grunn til \u00e5 v\u00e6re i bygningen blir tatt opp over natten. Politikken f\u00f8lger \u00f8kende bekymring for antall mennesker som bruker flyplassen for ly, spesielt i l\u00f8pet av de varmere m\u00e5nedene. Rapporter ansl\u00e5r at mellom 300 og 400 individer overnattet i flyplassens offentlige omr\u00e5der. Noen av disse sakene involverte utsatte personer uten fast bolig, mens andre etter sigende var flyplassbrukere som pr\u00f8vde \u00e5 spare p\u00e5 overnattingskostnader.<\/p>\n<p class=\"p1\">Aena har insistert p\u00e5 at tiltaket ikke er ment \u00e5 kriminalisere hjeml\u00f8shet, men \u00e5 opprettholde sikkerhet, renslighet og riktig flyplassfunksjon. Selskapet la vekt p\u00e5 at terminaler er &laquo;utelukkende transittstrukturer&raquo; og ikke er egnede milj\u00f8er for langsiktige opphold. I samarbeid med Madrids kommunale sosiale tjenester og organisasjoner i tredje sektor, vil Aena st\u00f8tte innsatsen for \u00e5 flytte de som er ber\u00f8rt av politikken. Byens La Latina kommunale ly og andre st\u00f8ttesentre vil tilby alternativ innkvartering og hjelp. Sosialarbeidere har allerede v\u00e6rt aktive i terminalene de siste ukene for \u00e5 informere enkeltpersoner om de kommende endringene og tilby st\u00f8ttealternativer.<\/p>\n<div class=\"sra_unit\"><link rel=\"stylesheet\" id=\"block-sra\" href=\"https:\/\/euroweeklynews.com\/wp-content\/plugins\/snack-related-articles\/dist\/css\/snack-related.min.css?250312-193541\" type=\"text\/css\" media=\"all\">\n<\/div>\n<p class=\"p1\">De nye reglene kommer midt i st\u00f8rre diskusjoner over hele Europa om den \u00f8kende bruken av store transportknutepunkter som de facto krisesentre. Lignende begrensninger er implementert i deler av Italia, Frankrike og Storbritannia. Mens politikken har trukket kritikk fra noen fortalergrupper som argumenterer for at den kan presse s\u00e5rbare individer videre inn i krise, hevder Aena at det prim\u00e6re m\u00e5let er \u00e5 ivareta brukere av flyplassen, forhindre overbefolkning og sikre at Barajas fortsetter \u00e5 operere effektivt og sikkert.<\/p>\n<p>                    <!-- Article End -->\n                <\/div>\n","protected":false},"excerpt":{"rendered":"<p>Fra torsdag 24. juli vil Aena, det offentlige selskapet som forvalter Spanias flyplasser, h\u00e5ndheve et<\/p>\n","protected":false},"author":1,"featured_media":7354,"comment_status":"closed","ping_status":"open","sticky":false,"template":"","format":"standard","meta":{"footnotes":""},"categories":[105],"tags":[4815,979,3785,4816,833],"class_list":["post-7353","post","type-post","status-publish","format-standard","has-post-thumbnail","hentry","category-livsstil","tag-barajas","tag-flyplass","tag-forbyr","tag-overnatting","tag-sove","generate-columns","tablet-grid-50","mobile-grid-100","grid-parent","grid-33","resize-featured-image"],"yoast_head":"<!-- This site is optimized with the Yoast SEO plugin v24.4 - https:\/\/yoast.com\/wordpress\/plugins\/seo\/ -->\n<title>Barajas flyplass forbyr overnatting \u00e5 sove - Nordnesrepublikken<\/title>\n<meta name=\"robots\" content=\"index, follow, max-snippet:-1, max-image-preview:large, max-video-preview:-1\" \/>\n<link rel=\"canonical\" href=\"https:\/\/nordnesrepublikken.no\/index.php\/2025\/07\/24\/barajas-flyplass-forbyr-overnatting-a-sove\/\" \/>\n<meta property=\"og:locale\" content=\"nb_NO\" \/>\n<meta property=\"og:type\" content=\"article\" \/>\n<meta property=\"og:title\" content=\"Barajas flyplass forbyr overnatting \u00e5 sove - Nordnesrepublikken\" \/>\n<meta property=\"og:description\" content=\"Fra torsdag 24. juli vil Aena, det offentlige selskapet som forvalter Spanias flyplasser, h\u00e5ndheve et\" \/>\n<meta property=\"og:url\" content=\"https:\/\/nordnesrepublikken.no\/index.php\/2025\/07\/24\/barajas-flyplass-forbyr-overnatting-a-sove\/\" \/>\n<meta property=\"og:site_name\" content=\"Nordnesrepublikken\" \/>\n<meta property=\"article:published_time\" content=\"2025-07-24T00:49:44+00:00\" \/>\n<meta property=\"article:modified_time\" content=\"2025-07-24T00:49:53+00:00\" \/>\n<meta property=\"og:image\" content=\"https:\/\/nordnesrepublikken.no\/wp-content\/uploads\/2025\/07\/1753318184_Barajas-flyplass-forbyr-overnatting-a-sove.png\" \/>\n\t<meta property=\"og:image:width\" content=\"1200\" \/>\n\t<meta property=\"og:image:height\" content=\"773\" \/>\n\t<meta property=\"og:image:type\" content=\"image\/png\" \/>\n<meta name=\"author\" content=\"Ole Andersen\" \/>\n<meta name=\"twitter:card\" content=\"summary_large_image\" \/>\n<meta name=\"twitter:label1\" content=\"Skrevet av\" \/>\n\t<meta name=\"twitter:data1\" content=\"Ole Andersen\" \/>\n\t<meta name=\"twitter:label2\" content=\"Ansl. lesetid\" \/>\n\t<meta name=\"twitter:data2\" content=\"2 minutter\" \/>\n<script type=\"application\/ld+json\" class=\"yoast-schema-graph\">{\"@context\":\"https:\/\/schema.org\",\"@graph\":[{\"@type\":\"Article\",\"@id\":\"https:\/\/nordnesrepublikken.no\/index.php\/2025\/07\/24\/barajas-flyplass-forbyr-overnatting-a-sove\/#article\",\"isPartOf\":{\"@id\":\"https:\/\/nordnesrepublikken.no\/index.php\/2025\/07\/24\/barajas-flyplass-forbyr-overnatting-a-sove\/\"},\"author\":{\"name\":\"Ole Andersen\",\"@id\":\"https:\/\/nordnesrepublikken.no\/#\/schema\/person\/2e7e81935bab77882fffb79296240ff1\"},\"headline\":\"Barajas flyplass forbyr overnatting \u00e5 sove\",\"datePublished\":\"2025-07-24T00:49:44+00:00\",\"dateModified\":\"2025-07-24T00:49:53+00:00\",\"mainEntityOfPage\":{\"@id\":\"https:\/\/nordnesrepublikken.no\/index.php\/2025\/07\/24\/barajas-flyplass-forbyr-overnatting-a-sove\/\"},\"wordCount\":355,\"publisher\":{\"@id\":\"https:\/\/nordnesrepublikken.no\/#organization\"},\"image\":{\"@id\":\"https:\/\/nordnesrepublikken.no\/index.php\/2025\/07\/24\/barajas-flyplass-forbyr-overnatting-a-sove\/#primaryimage\"},\"thumbnailUrl\":\"https:\/\/nordnesrepublikken.no\/wp-content\/uploads\/2025\/07\/1753318184_Barajas-flyplass-forbyr-overnatting-a-sove.png\",\"keywords\":[\"Barajas\",\"flyplass\",\"forbyr\",\"overnatting\",\"sove\"],\"articleSection\":[\"Livsstil\"],\"inLanguage\":\"nb-NO\"},{\"@type\":\"WebPage\",\"@id\":\"https:\/\/nordnesrepublikken.no\/index.php\/2025\/07\/24\/barajas-flyplass-forbyr-overnatting-a-sove\/\",\"url\":\"https:\/\/nordnesrepublikken.no\/index.php\/2025\/07\/24\/barajas-flyplass-forbyr-overnatting-a-sove\/\",\"name\":\"Barajas flyplass forbyr overnatting \u00e5 sove - Nordnesrepublikken\",\"isPartOf\":{\"@id\":\"https:\/\/nordnesrepublikken.no\/#website\"},\"primaryImageOfPage\":{\"@id\":\"https:\/\/nordnesrepublikken.no\/index.php\/2025\/07\/24\/barajas-flyplass-forbyr-overnatting-a-sove\/#primaryimage\"},\"image\":{\"@id\":\"https:\/\/nordnesrepublikken.no\/index.php\/2025\/07\/24\/barajas-flyplass-forbyr-overnatting-a-sove\/#primaryimage\"},\"thumbnailUrl\":\"https:\/\/nordnesrepublikken.no\/wp-content\/uploads\/2025\/07\/1753318184_Barajas-flyplass-forbyr-overnatting-a-sove.png\",\"datePublished\":\"2025-07-24T00:49:44+00:00\",\"dateModified\":\"2025-07-24T00:49:53+00:00\",\"breadcrumb\":{\"@id\":\"https:\/\/nordnesrepublikken.no\/index.php\/2025\/07\/24\/barajas-flyplass-forbyr-overnatting-a-sove\/#breadcrumb\"},\"inLanguage\":\"nb-NO\",\"potentialAction\":[{\"@type\":\"ReadAction\",\"target\":[\"https:\/\/nordnesrepublikken.no\/index.php\/2025\/07\/24\/barajas-flyplass-forbyr-overnatting-a-sove\/\"]}]},{\"@type\":\"ImageObject\",\"inLanguage\":\"nb-NO\",\"@id\":\"https:\/\/nordnesrepublikken.no\/index.php\/2025\/07\/24\/barajas-flyplass-forbyr-overnatting-a-sove\/#primaryimage\",\"url\":\"https:\/\/nordnesrepublikken.no\/wp-content\/uploads\/2025\/07\/1753318184_Barajas-flyplass-forbyr-overnatting-a-sove.png\",\"contentUrl\":\"https:\/\/nordnesrepublikken.no\/wp-content\/uploads\/2025\/07\/1753318184_Barajas-flyplass-forbyr-overnatting-a-sove.png\",\"width\":1200,\"height\":773,\"caption\":\"Barajas flyplass forbyr overnatting \u00e5 sove\"},{\"@type\":\"BreadcrumbList\",\"@id\":\"https:\/\/nordnesrepublikken.no\/index.php\/2025\/07\/24\/barajas-flyplass-forbyr-overnatting-a-sove\/#breadcrumb\",\"itemListElement\":[{\"@type\":\"ListItem\",\"position\":1,\"name\":\"Home\",\"item\":\"https:\/\/nordnesrepublikken.no\/\"},{\"@type\":\"ListItem\",\"position\":2,\"name\":\"Barajas flyplass forbyr overnatting \u00e5 sove\"}]},{\"@type\":\"WebSite\",\"@id\":\"https:\/\/nordnesrepublikken.no\/#website\",\"url\":\"https:\/\/nordnesrepublikken.no\/\",\"name\":\"Nordnesrepublikken\",\"description\":\"Stemmer og Visjoner fra Republikkens Hjerte\",\"publisher\":{\"@id\":\"https:\/\/nordnesrepublikken.no\/#organization\"},\"potentialAction\":[{\"@type\":\"SearchAction\",\"target\":{\"@type\":\"EntryPoint\",\"urlTemplate\":\"https:\/\/nordnesrepublikken.no\/?s={search_term_string}\"},\"query-input\":{\"@type\":\"PropertyValueSpecification\",\"valueRequired\":true,\"valueName\":\"search_term_string\"}}],\"inLanguage\":\"nb-NO\"},{\"@type\":\"Organization\",\"@id\":\"https:\/\/nordnesrepublikken.no\/#organization\",\"name\":\"Nordnesrepublikken\",\"url\":\"https:\/\/nordnesrepublikken.no\/\",\"logo\":{\"@type\":\"ImageObject\",\"inLanguage\":\"nb-NO\",\"@id\":\"https:\/\/nordnesrepublikken.no\/#\/schema\/logo\/image\/\",\"url\":\"https:\/\/nordnesrepublikken.no\/wp-content\/uploads\/2025\/02\/cropped-nordnesrepublikken-2.png\",\"contentUrl\":\"https:\/\/nordnesrepublikken.no\/wp-content\/uploads\/2025\/02\/cropped-nordnesrepublikken-2.png\",\"width\":1248,\"height\":362,\"caption\":\"Nordnesrepublikken\"},\"image\":{\"@id\":\"https:\/\/nordnesrepublikken.no\/#\/schema\/logo\/image\/\"}},{\"@type\":\"Person\",\"@id\":\"https:\/\/nordnesrepublikken.no\/#\/schema\/person\/2e7e81935bab77882fffb79296240ff1\",\"name\":\"Ole Andersen\",\"image\":{\"@type\":\"ImageObject\",\"inLanguage\":\"nb-NO\",\"@id\":\"https:\/\/nordnesrepublikken.no\/#\/schema\/person\/image\/\",\"url\":\"https:\/\/nordnesrepublikken.no\/wp-content\/uploads\/2025\/02\/nordnesrepublikken-2-2-150x150.jpg\",\"contentUrl\":\"https:\/\/nordnesrepublikken.no\/wp-content\/uploads\/2025\/02\/nordnesrepublikken-2-2-150x150.jpg\",\"caption\":\"Ole Andersen\"},\"description\":\"Ettersom jeg vokste opp i Oslo, har jeg alltid v\u00e6rt fascinert av ordenes kraft og deres evne til \u00e5 skape endringer. Etter \u00e5 ha fullf\u00f8rt min utdannelse i kommunikasjon ved Universitetet i Bergen, fikk jeg muligheten til \u00e5 jobbe innen ulike medier, der jeg har s\u00f8kt \u00e5 belyse viktige samfunnssp\u00f8rsm\u00e5l. I dag, som redakt\u00f8r for Nordnesrepublikken, pr\u00f8ver jeg \u00e5 forene min kj\u00e6rlighet for journalistikk med min lidenskap for innovasjon og eventyr.\",\"sameAs\":[\"https:\/\/nordnesrepublikken.no\/\"]}]}<\/script>\n<!-- \/ Yoast SEO plugin. -->","yoast_head_json":{"title":"Barajas flyplass forbyr overnatting \u00e5 sove - Nordnesrepublikken","robots":{"index":"index","follow":"follow","max-snippet":"max-snippet:-1","max-image-preview":"max-image-preview:large","max-video-preview":"max-video-preview:-1"},"canonical":"https:\/\/nordnesrepublikken.no\/index.php\/2025\/07\/24\/barajas-flyplass-forbyr-overnatting-a-sove\/","og_locale":"nb_NO","og_type":"article","og_title":"Barajas flyplass forbyr overnatting \u00e5 sove - Nordnesrepublikken","og_description":"Fra torsdag 24. juli vil Aena, det offentlige selskapet som forvalter Spanias flyplasser, h\u00e5ndheve et","og_url":"https:\/\/nordnesrepublikken.no\/index.php\/2025\/07\/24\/barajas-flyplass-forbyr-overnatting-a-sove\/","og_site_name":"Nordnesrepublikken","article_published_time":"2025-07-24T00:49:44+00:00","article_modified_time":"2025-07-24T00:49:53+00:00","og_image":[{"width":1200,"height":773,"url":"https:\/\/nordnesrepublikken.no\/wp-content\/uploads\/2025\/07\/1753318184_Barajas-flyplass-forbyr-overnatting-a-sove.png","type":"image\/png"}],"author":"Ole Andersen","twitter_card":"summary_large_image","twitter_misc":{"Skrevet av":"Ole Andersen","Ansl. lesetid":"2 minutter"},"schema":{"@context":"https:\/\/schema.org","@graph":[{"@type":"Article","@id":"https:\/\/nordnesrepublikken.no\/index.php\/2025\/07\/24\/barajas-flyplass-forbyr-overnatting-a-sove\/#article","isPartOf":{"@id":"https:\/\/nordnesrepublikken.no\/index.php\/2025\/07\/24\/barajas-flyplass-forbyr-overnatting-a-sove\/"},"author":{"name":"Ole Andersen","@id":"https:\/\/nordnesrepublikken.no\/#\/schema\/person\/2e7e81935bab77882fffb79296240ff1"},"headline":"Barajas flyplass forbyr overnatting \u00e5 sove","datePublished":"2025-07-24T00:49:44+00:00","dateModified":"2025-07-24T00:49:53+00:00","mainEntityOfPage":{"@id":"https:\/\/nordnesrepublikken.no\/index.php\/2025\/07\/24\/barajas-flyplass-forbyr-overnatting-a-sove\/"},"wordCount":355,"publisher":{"@id":"https:\/\/nordnesrepublikken.no\/#organization"},"image":{"@id":"https:\/\/nordnesrepublikken.no\/index.php\/2025\/07\/24\/barajas-flyplass-forbyr-overnatting-a-sove\/#primaryimage"},"thumbnailUrl":"https:\/\/nordnesrepublikken.no\/wp-content\/uploads\/2025\/07\/1753318184_Barajas-flyplass-forbyr-overnatting-a-sove.png","keywords":["Barajas","flyplass","forbyr","overnatting","sove"],"articleSection":["Livsstil"],"inLanguage":"nb-NO"},{"@type":"WebPage","@id":"https:\/\/nordnesrepublikken.no\/index.php\/2025\/07\/24\/barajas-flyplass-forbyr-overnatting-a-sove\/","url":"https:\/\/nordnesrepublikken.no\/index.php\/2025\/07\/24\/barajas-flyplass-forbyr-overnatting-a-sove\/","name":"Barajas flyplass forbyr overnatting \u00e5 sove - Nordnesrepublikken","isPartOf":{"@id":"https:\/\/nordnesrepublikken.no\/#website"},"primaryImageOfPage":{"@id":"https:\/\/nordnesrepublikken.no\/index.php\/2025\/07\/24\/barajas-flyplass-forbyr-overnatting-a-sove\/#primaryimage"},"image":{"@id":"https:\/\/nordnesrepublikken.no\/index.php\/2025\/07\/24\/barajas-flyplass-forbyr-overnatting-a-sove\/#primaryimage"},"thumbnailUrl":"https:\/\/nordnesrepublikken.no\/wp-content\/uploads\/2025\/07\/1753318184_Barajas-flyplass-forbyr-overnatting-a-sove.png","datePublished":"2025-07-24T00:49:44+00:00","dateModified":"2025-07-24T00:49:53+00:00","breadcrumb":{"@id":"https:\/\/nordnesrepublikken.no\/index.php\/2025\/07\/24\/barajas-flyplass-forbyr-overnatting-a-sove\/#breadcrumb"},"inLanguage":"nb-NO","potentialAction":[{"@type":"ReadAction","target":["https:\/\/nordnesrepublikken.no\/index.php\/2025\/07\/24\/barajas-flyplass-forbyr-overnatting-a-sove\/"]}]},{"@type":"ImageObject","inLanguage":"nb-NO","@id":"https:\/\/nordnesrepublikken.no\/index.php\/2025\/07\/24\/barajas-flyplass-forbyr-overnatting-a-sove\/#primaryimage","url":"https:\/\/nordnesrepublikken.no\/wp-content\/uploads\/2025\/07\/1753318184_Barajas-flyplass-forbyr-overnatting-a-sove.png","contentUrl":"https:\/\/nordnesrepublikken.no\/wp-content\/uploads\/2025\/07\/1753318184_Barajas-flyplass-forbyr-overnatting-a-sove.png","width":1200,"height":773,"caption":"Barajas flyplass forbyr overnatting \u00e5 sove"},{"@type":"BreadcrumbList","@id":"https:\/\/nordnesrepublikken.no\/index.php\/2025\/07\/24\/barajas-flyplass-forbyr-overnatting-a-sove\/#breadcrumb","itemListElement":[{"@type":"ListItem","position":1,"name":"Home","item":"https:\/\/nordnesrepublikken.no\/"},{"@type":"ListItem","position":2,"name":"Barajas flyplass forbyr overnatting \u00e5 sove"}]},{"@type":"WebSite","@id":"https:\/\/nordnesrepublikken.no\/#website","url":"https:\/\/nordnesrepublikken.no\/","name":"Nordnesrepublikken","description":"Stemmer og Visjoner fra Republikkens Hjerte","publisher":{"@id":"https:\/\/nordnesrepublikken.no\/#organization"},"potentialAction":[{"@type":"SearchAction","target":{"@type":"EntryPoint","urlTemplate":"https:\/\/nordnesrepublikken.no\/?s={search_term_string}"},"query-input":{"@type":"PropertyValueSpecification","valueRequired":true,"valueName":"search_term_string"}}],"inLanguage":"nb-NO"},{"@type":"Organization","@id":"https:\/\/nordnesrepublikken.no\/#organization","name":"Nordnesrepublikken","url":"https:\/\/nordnesrepublikken.no\/","logo":{"@type":"ImageObject","inLanguage":"nb-NO","@id":"https:\/\/nordnesrepublikken.no\/#\/schema\/logo\/image\/","url":"https:\/\/nordnesrepublikken.no\/wp-content\/uploads\/2025\/02\/cropped-nordnesrepublikken-2.png","contentUrl":"https:\/\/nordnesrepublikken.no\/wp-content\/uploads\/2025\/02\/cropped-nordnesrepublikken-2.png","width":1248,"height":362,"caption":"Nordnesrepublikken"},"image":{"@id":"https:\/\/nordnesrepublikken.no\/#\/schema\/logo\/image\/"}},{"@type":"Person","@id":"https:\/\/nordnesrepublikken.no\/#\/schema\/person\/2e7e81935bab77882fffb79296240ff1","name":"Ole Andersen","image":{"@type":"ImageObject","inLanguage":"nb-NO","@id":"https:\/\/nordnesrepublikken.no\/#\/schema\/person\/image\/","url":"https:\/\/nordnesrepublikken.no\/wp-content\/uploads\/2025\/02\/nordnesrepublikken-2-2-150x150.jpg","contentUrl":"https:\/\/nordnesrepublikken.no\/wp-content\/uploads\/2025\/02\/nordnesrepublikken-2-2-150x150.jpg","caption":"Ole Andersen"},"description":"Ettersom jeg vokste opp i Oslo, har jeg alltid v\u00e6rt fascinert av ordenes kraft og deres evne til \u00e5 skape endringer. Etter \u00e5 ha fullf\u00f8rt min utdannelse i kommunikasjon ved Universitetet i Bergen, fikk jeg muligheten til \u00e5 jobbe innen ulike medier, der jeg har s\u00f8kt \u00e5 belyse viktige samfunnssp\u00f8rsm\u00e5l. I dag, som redakt\u00f8r for Nordnesrepublikken, pr\u00f8ver jeg \u00e5 forene min kj\u00e6rlighet for journalistikk med min lidenskap for innovasjon og eventyr.","sameAs":["https:\/\/nordnesrepublikken.no\/"]}]}},"_links":{"self":[{"href":"https:\/\/nordnesrepublikken.no\/index.php\/wp-json\/wp\/v2\/posts\/7353","targetHints":{"allow":["GET"]}}],"collection":[{"href":"https:\/\/nordnesrepublikken.no\/index.php\/wp-json\/wp\/v2\/posts"}],"about":[{"href":"https:\/\/nordnesrepublikken.no\/index.php\/wp-json\/wp\/v2\/types\/post"}],"author":[{"embeddable":true,"href":"https:\/\/nordnesrepublikken.no\/index.php\/wp-json\/wp\/v2\/users\/1"}],"replies":[{"embeddable":true,"href":"https:\/\/nordnesrepublikken.no\/index.php\/wp-json\/wp\/v2\/comments?post=7353"}],"version-history":[{"count":1,"href":"https:\/\/nordnesrepublikken.no\/index.php\/wp-json\/wp\/v2\/posts\/7353\/revisions"}],"predecessor-version":[{"id":7355,"href":"https:\/\/nordnesrepublikken.no\/index.php\/wp-json\/wp\/v2\/posts\/7353\/revisions\/7355"}],"wp:featuredmedia":[{"embeddable":true,"href":"https:\/\/nordnesrepublikken.no\/index.php\/wp-json\/wp\/v2\/media\/7354"}],"wp:attachment":[{"href":"https:\/\/nordnesrepublikken.no\/index.php\/wp-json\/wp\/v2\/media?parent=7353"}],"wp:term":[{"taxonomy":"category","embeddable":true,"href":"https:\/\/nordnesrepublikken.no\/index.php\/wp-json\/wp\/v2\/categories?post=7353"},{"taxonomy":"post_tag","embeddable":true,"href":"https:\/\/nordnesrepublikken.no\/index.php\/wp-json\/wp\/v2\/tags?post=7353"}],"curies":[{"name":"wp","href":"https:\/\/api.w.org\/{rel}","templated":true}]}}