{"id":7317,"date":"2025-07-24T08:00:00","date_gmt":"2025-07-24T06:00:00","guid":{"rendered":"https:\/\/nordnesrepublikken.no\/?p=7317"},"modified":"2025-07-23T13:07:53","modified_gmt":"2025-07-23T11:07:53","slug":"orkidebladene-blir-gule-slik-redder-du-dem","status":"publish","type":"post","link":"https:\/\/nordnesrepublikken.no\/index.php\/2025\/07\/24\/orkidebladene-blir-gule-slik-redder-du-dem\/","title":{"rendered":"Orkid\u00e9bladene blir gule? Slik redder du dem"},"content":{"rendered":"\n<p><strong><em>Sliter du med gule blader? Med riktig vanningsteknikk, godt substratvalg, optimale lysforhold, og n\u00f8ye rensing av r\u00f8tter kan du gi orkid\u00e9en din livet tilbake \u2013 uten un\u00f8dvendig stress!<\/em><\/strong><\/p>\n\n\n\n<!--more-->\n\n\n\n<h2 class=\"wp-block-heading\">Hvorfor blir orkid\u00e9bladene gule?<\/h2>\n\n\n\n<p>For et par m\u00e5neder siden oppdaget jeg at bladene p\u00e5 min phalaenopsis sakte mistet den dype gr\u00f8nne fargen. Etter litt graving fant jeg ut at gule blader ofte skyldes at <a href=\"https:\/\/nordnesrepublikken.no\/index.php\/2025\/02\/20\/steinfragmenter-kaster-lys-over-rottene-til-run-norse\/\"><strong>r\u00f8ttene<\/strong><\/a> enten t\u00f8rker ut eller r\u00e5tner:<\/p>\n\n\n\n<ul class=\"wp-block-list\">\n<li><strong>Under- eller overvanning<\/strong> f\u00f8rer til at rotsystemet ikke kan transportere vann og n\u00e6ring .<\/li>\n\n\n\n<li><strong>Feil temperatur<\/strong> \u2013 ideelt 18\u201325 \u00b0C om dagen og ikke under 15 \u00b0C om natten \u2013 kan gi stress i planta.<\/li>\n\n\n\n<li><strong>Uegnet pottemedium<\/strong> som holder for mye eller for lite fuktighet, hindrer r\u00f8ttene i \u00e5 puste .<\/li>\n<\/ul>\n\n\n\n<h2 class=\"wp-block-heading\">Slik redder du en gulne orkid\u00e9<\/h2>\n\n\n\n<ol class=\"wp-block-list\">\n<li><strong>Inspiser og rens r\u00f8ttene<\/strong><br>L\u00f8ft planten forsiktig ut av potten og klipp bort myke eller svarte r\u00f8tter med desinfiserte sakser. Dette hindrer spredning av r\u00e5te.<\/li>\n\n\n\n<li><strong>Bytt til et luftig substrat<\/strong><br>Velg en blanding av bark, kokosfibre, perlite og leirkuler. God drenering er alfa og omega for frisk rotvekst .<\/li>\n\n\n\n<li><strong>Perfekt vanningsteknikk<\/strong><br>Dypp potten 10\u201315 minutter i lunkent vann (20\u201322 \u00b0C) \u00e9n gang i uka, eller n\u00e5r pottestokken f\u00f8les t\u00f8rr. La overskytende vann renne av f\u00f8r du setter planten tilbake.<\/li>\n\n\n\n<li><strong>Optimal plassering<\/strong><br>Sett orkid\u00e9en i sterkt, indirekte lys \u2013 for eksempel bak et lyst gardin i et \u00f8st- eller vestvendt vindu. Unng\u00e5 direkte sol som kan svi bladene .<\/li>\n\n\n\n<li><strong>Gj\u00f8dsel i vekstsesongen<\/strong><br>Tilf\u00f8r svak dose flytende orkid\u00e9gj\u00f8dsel hver 14. dag fra v\u00e5r til tidlig h\u00f8st. Hopp over gj\u00f8dsling om<strong> <a href=\"https:\/\/nordnesrepublikken.no\/index.php\/2025\/07\/23\/hvis-pommes-frites-sannsynligvis-har-fransk-opprinnelse-hvorfor-kaller-amerikanerne-dem-det\/\">vinteren<\/a><\/strong> for \u00e5 unng\u00e5 overgj\u00f8dsling.<\/li>\n<\/ol>\n\n\n\n<h2 class=\"wp-block-heading\">Feil \u00e5 unng\u00e5<\/h2>\n\n\n\n<ul class=\"wp-block-list\">\n<li>Ikke la potten st\u00e5 i stillest\u00e5ende vann over tid.<\/li>\n\n\n\n<li>Unng\u00e5 vanlig pottejord \u2013 orkid\u00e9er krever spesialjord med st\u00f8rre partikler.<\/li>\n\n\n\n<li>Ikke gj\u00f8dsel under hvileperioden.<\/li>\n<\/ul>\n\n\n\n<h2 class=\"wp-block-heading\">B\u00f8r du fjerne gule blader?<\/h2>\n\n\n\n<p>Det er fristende \u00e5 la dem henge, men estetisk og helsemessig er det best \u00e5 klippe dem bort ved basen med et rent verkt\u00f8y. Svarte flekker b\u00f8r fjernes umiddelbart for \u00e5 unng\u00e5 soppspredning.<\/p>\n\n\n\n<p>Med disse grepene \u2013 fra <strong>orkid\u00e9pleie<\/strong> til riktig <strong>vanningsteknikk<\/strong>, <strong>substratvalg<\/strong>, gode <strong><a href=\"https:\/\/nordnesrepublikken.no\/index.php\/2025\/06\/22\/hva-er-nattmodus-for-kameraet-til-smarttelefonene-vare-og-hvordan-det-fungerer\/\">lysforhold<\/a><\/strong> og grundig <strong>rensing av r\u00f8tter<\/strong> \u2013 kan du gjenopplive orkid\u00e9en din og nyte gr\u00f8nne, friske blader igjen!<\/p>\n","protected":false},"excerpt":{"rendered":"<p>Sliter du med gule blader? Med riktig vanningsteknikk, godt substratvalg, optimale lysforhold, og n\u00f8ye rensing<\/p>\n","protected":false},"author":3,"featured_media":7321,"comment_status":"closed","ping_status":"open","sticky":false,"template":"","format":"standard","meta":{"footnotes":""},"categories":[1287],"tags":[],"class_list":["post-7317","post","type-post","status-publish","format-standard","has-post-thumbnail","hentry","category-nyheter","generate-columns","tablet-grid-50","mobile-grid-100","grid-parent","grid-33","resize-featured-image"],"yoast_head":"<!-- This site is optimized with the Yoast SEO plugin v24.4 - https:\/\/yoast.com\/wordpress\/plugins\/seo\/ -->\n<title>Orkid\u00e9bladene blir gule? Slik redder du dem - Nordnesrepublikken<\/title>\n<meta name=\"robots\" content=\"index, follow, max-snippet:-1, max-image-preview:large, max-video-preview:-1\" \/>\n<link rel=\"canonical\" href=\"https:\/\/nordnesrepublikken.no\/index.php\/2025\/07\/24\/orkidebladene-blir-gule-slik-redder-du-dem\/\" \/>\n<meta property=\"og:locale\" content=\"nb_NO\" \/>\n<meta property=\"og:type\" content=\"article\" \/>\n<meta property=\"og:title\" content=\"Orkid\u00e9bladene blir gule? Slik redder du dem - Nordnesrepublikken\" \/>\n<meta property=\"og:description\" content=\"Sliter du med gule blader? Med riktig vanningsteknikk, godt substratvalg, optimale lysforhold, og n\u00f8ye rensing\" \/>\n<meta property=\"og:url\" content=\"https:\/\/nordnesrepublikken.no\/index.php\/2025\/07\/24\/orkidebladene-blir-gule-slik-redder-du-dem\/\" \/>\n<meta property=\"og:site_name\" content=\"Nordnesrepublikken\" \/>\n<meta property=\"article:published_time\" content=\"2025-07-24T06:00:00+00:00\" \/>\n<meta property=\"og:image\" content=\"https:\/\/nordnesrepublikken.no\/wp-content\/uploads\/2025\/07\/Orkidebladene-blir-gule.jpg\" \/>\n\t<meta property=\"og:image:width\" content=\"1200\" \/>\n\t<meta property=\"og:image:height\" content=\"800\" \/>\n\t<meta property=\"og:image:type\" content=\"image\/jpeg\" \/>\n<meta name=\"author\" content=\"Veronika Andersen\" \/>\n<meta name=\"twitter:card\" content=\"summary_large_image\" \/>\n<meta name=\"twitter:label1\" content=\"Skrevet av\" \/>\n\t<meta name=\"twitter:data1\" content=\"Veronika Andersen\" \/>\n\t<meta name=\"twitter:label2\" content=\"Ansl. lesetid\" \/>\n\t<meta name=\"twitter:data2\" content=\"3 minutter\" \/>\n<script type=\"application\/ld+json\" class=\"yoast-schema-graph\">{\"@context\":\"https:\/\/schema.org\",\"@graph\":[{\"@type\":\"Article\",\"@id\":\"https:\/\/nordnesrepublikken.no\/index.php\/2025\/07\/24\/orkidebladene-blir-gule-slik-redder-du-dem\/#article\",\"isPartOf\":{\"@id\":\"https:\/\/nordnesrepublikken.no\/index.php\/2025\/07\/24\/orkidebladene-blir-gule-slik-redder-du-dem\/\"},\"author\":{\"name\":\"Veronika Andersen\",\"@id\":\"https:\/\/nordnesrepublikken.no\/#\/schema\/person\/abc03aa5515ba36093b3017e37d518c8\"},\"headline\":\"Orkid\u00e9bladene blir gule? Slik redder du dem\",\"datePublished\":\"2025-07-24T06:00:00+00:00\",\"mainEntityOfPage\":{\"@id\":\"https:\/\/nordnesrepublikken.no\/index.php\/2025\/07\/24\/orkidebladene-blir-gule-slik-redder-du-dem\/\"},\"wordCount\":378,\"publisher\":{\"@id\":\"https:\/\/nordnesrepublikken.no\/#organization\"},\"image\":{\"@id\":\"https:\/\/nordnesrepublikken.no\/index.php\/2025\/07\/24\/orkidebladene-blir-gule-slik-redder-du-dem\/#primaryimage\"},\"thumbnailUrl\":\"https:\/\/nordnesrepublikken.no\/wp-content\/uploads\/2025\/07\/Orkidebladene-blir-gule.jpg\",\"articleSection\":[\"Nyheter\"],\"inLanguage\":\"nb-NO\"},{\"@type\":\"WebPage\",\"@id\":\"https:\/\/nordnesrepublikken.no\/index.php\/2025\/07\/24\/orkidebladene-blir-gule-slik-redder-du-dem\/\",\"url\":\"https:\/\/nordnesrepublikken.no\/index.php\/2025\/07\/24\/orkidebladene-blir-gule-slik-redder-du-dem\/\",\"name\":\"Orkid\u00e9bladene blir gule? Slik redder du dem - Nordnesrepublikken\",\"isPartOf\":{\"@id\":\"https:\/\/nordnesrepublikken.no\/#website\"},\"primaryImageOfPage\":{\"@id\":\"https:\/\/nordnesrepublikken.no\/index.php\/2025\/07\/24\/orkidebladene-blir-gule-slik-redder-du-dem\/#primaryimage\"},\"image\":{\"@id\":\"https:\/\/nordnesrepublikken.no\/index.php\/2025\/07\/24\/orkidebladene-blir-gule-slik-redder-du-dem\/#primaryimage\"},\"thumbnailUrl\":\"https:\/\/nordnesrepublikken.no\/wp-content\/uploads\/2025\/07\/Orkidebladene-blir-gule.jpg\",\"datePublished\":\"2025-07-24T06:00:00+00:00\",\"breadcrumb\":{\"@id\":\"https:\/\/nordnesrepublikken.no\/index.php\/2025\/07\/24\/orkidebladene-blir-gule-slik-redder-du-dem\/#breadcrumb\"},\"inLanguage\":\"nb-NO\",\"potentialAction\":[{\"@type\":\"ReadAction\",\"target\":[\"https:\/\/nordnesrepublikken.no\/index.php\/2025\/07\/24\/orkidebladene-blir-gule-slik-redder-du-dem\/\"]}]},{\"@type\":\"ImageObject\",\"inLanguage\":\"nb-NO\",\"@id\":\"https:\/\/nordnesrepublikken.no\/index.php\/2025\/07\/24\/orkidebladene-blir-gule-slik-redder-du-dem\/#primaryimage\",\"url\":\"https:\/\/nordnesrepublikken.no\/wp-content\/uploads\/2025\/07\/Orkidebladene-blir-gule.jpg\",\"contentUrl\":\"https:\/\/nordnesrepublikken.no\/wp-content\/uploads\/2025\/07\/Orkidebladene-blir-gule.jpg\",\"width\":1200,\"height\":800,\"caption\":\"Orkid\u00e9bladene blir gule? Slik redder du dem\"},{\"@type\":\"BreadcrumbList\",\"@id\":\"https:\/\/nordnesrepublikken.no\/index.php\/2025\/07\/24\/orkidebladene-blir-gule-slik-redder-du-dem\/#breadcrumb\",\"itemListElement\":[{\"@type\":\"ListItem\",\"position\":1,\"name\":\"Home\",\"item\":\"https:\/\/nordnesrepublikken.no\/\"},{\"@type\":\"ListItem\",\"position\":2,\"name\":\"Orkid\u00e9bladene blir gule? Slik redder du dem\"}]},{\"@type\":\"WebSite\",\"@id\":\"https:\/\/nordnesrepublikken.no\/#website\",\"url\":\"https:\/\/nordnesrepublikken.no\/\",\"name\":\"Nordnesrepublikken\",\"description\":\"Stemmer og Visjoner fra Republikkens Hjerte\",\"publisher\":{\"@id\":\"https:\/\/nordnesrepublikken.no\/#organization\"},\"potentialAction\":[{\"@type\":\"SearchAction\",\"target\":{\"@type\":\"EntryPoint\",\"urlTemplate\":\"https:\/\/nordnesrepublikken.no\/?s={search_term_string}\"},\"query-input\":{\"@type\":\"PropertyValueSpecification\",\"valueRequired\":true,\"valueName\":\"search_term_string\"}}],\"inLanguage\":\"nb-NO\"},{\"@type\":\"Organization\",\"@id\":\"https:\/\/nordnesrepublikken.no\/#organization\",\"name\":\"Nordnesrepublikken\",\"url\":\"https:\/\/nordnesrepublikken.no\/\",\"logo\":{\"@type\":\"ImageObject\",\"inLanguage\":\"nb-NO\",\"@id\":\"https:\/\/nordnesrepublikken.no\/#\/schema\/logo\/image\/\",\"url\":\"https:\/\/nordnesrepublikken.no\/wp-content\/uploads\/2025\/02\/cropped-nordnesrepublikken-2.png\",\"contentUrl\":\"https:\/\/nordnesrepublikken.no\/wp-content\/uploads\/2025\/02\/cropped-nordnesrepublikken-2.png\",\"width\":1248,\"height\":362,\"caption\":\"Nordnesrepublikken\"},\"image\":{\"@id\":\"https:\/\/nordnesrepublikken.no\/#\/schema\/logo\/image\/\"}},{\"@type\":\"Person\",\"@id\":\"https:\/\/nordnesrepublikken.no\/#\/schema\/person\/abc03aa5515ba36093b3017e37d518c8\",\"name\":\"Veronika Andersen\",\"image\":{\"@type\":\"ImageObject\",\"inLanguage\":\"nb-NO\",\"@id\":\"https:\/\/nordnesrepublikken.no\/#\/schema\/person\/image\/\",\"url\":\"https:\/\/secure.gravatar.com\/avatar\/d1f3c7e776e49a5853ff59ce440b9546c800cd0512bce7cc678bde63dec47a39?s=96&d=mm&r=g\",\"contentUrl\":\"https:\/\/secure.gravatar.com\/avatar\/d1f3c7e776e49a5853ff59ce440b9546c800cd0512bce7cc678bde63dec47a39?s=96&d=mm&r=g\",\"caption\":\"Veronika Andersen\"},\"sameAs\":[\"https:\/\/nordnesrepublikken.no\/\"]}]}<\/script>\n<!-- \/ Yoast SEO plugin. -->","yoast_head_json":{"title":"Orkid\u00e9bladene blir gule? Slik redder du dem - Nordnesrepublikken","robots":{"index":"index","follow":"follow","max-snippet":"max-snippet:-1","max-image-preview":"max-image-preview:large","max-video-preview":"max-video-preview:-1"},"canonical":"https:\/\/nordnesrepublikken.no\/index.php\/2025\/07\/24\/orkidebladene-blir-gule-slik-redder-du-dem\/","og_locale":"nb_NO","og_type":"article","og_title":"Orkid\u00e9bladene blir gule? Slik redder du dem - Nordnesrepublikken","og_description":"Sliter du med gule blader? Med riktig vanningsteknikk, godt substratvalg, optimale lysforhold, og n\u00f8ye rensing","og_url":"https:\/\/nordnesrepublikken.no\/index.php\/2025\/07\/24\/orkidebladene-blir-gule-slik-redder-du-dem\/","og_site_name":"Nordnesrepublikken","article_published_time":"2025-07-24T06:00:00+00:00","og_image":[{"width":1200,"height":800,"url":"https:\/\/nordnesrepublikken.no\/wp-content\/uploads\/2025\/07\/Orkidebladene-blir-gule.jpg","type":"image\/jpeg"}],"author":"Veronika Andersen","twitter_card":"summary_large_image","twitter_misc":{"Skrevet av":"Veronika Andersen","Ansl. lesetid":"3 minutter"},"schema":{"@context":"https:\/\/schema.org","@graph":[{"@type":"Article","@id":"https:\/\/nordnesrepublikken.no\/index.php\/2025\/07\/24\/orkidebladene-blir-gule-slik-redder-du-dem\/#article","isPartOf":{"@id":"https:\/\/nordnesrepublikken.no\/index.php\/2025\/07\/24\/orkidebladene-blir-gule-slik-redder-du-dem\/"},"author":{"name":"Veronika Andersen","@id":"https:\/\/nordnesrepublikken.no\/#\/schema\/person\/abc03aa5515ba36093b3017e37d518c8"},"headline":"Orkid\u00e9bladene blir gule? Slik redder du dem","datePublished":"2025-07-24T06:00:00+00:00","mainEntityOfPage":{"@id":"https:\/\/nordnesrepublikken.no\/index.php\/2025\/07\/24\/orkidebladene-blir-gule-slik-redder-du-dem\/"},"wordCount":378,"publisher":{"@id":"https:\/\/nordnesrepublikken.no\/#organization"},"image":{"@id":"https:\/\/nordnesrepublikken.no\/index.php\/2025\/07\/24\/orkidebladene-blir-gule-slik-redder-du-dem\/#primaryimage"},"thumbnailUrl":"https:\/\/nordnesrepublikken.no\/wp-content\/uploads\/2025\/07\/Orkidebladene-blir-gule.jpg","articleSection":["Nyheter"],"inLanguage":"nb-NO"},{"@type":"WebPage","@id":"https:\/\/nordnesrepublikken.no\/index.php\/2025\/07\/24\/orkidebladene-blir-gule-slik-redder-du-dem\/","url":"https:\/\/nordnesrepublikken.no\/index.php\/2025\/07\/24\/orkidebladene-blir-gule-slik-redder-du-dem\/","name":"Orkid\u00e9bladene blir gule? Slik redder du dem - Nordnesrepublikken","isPartOf":{"@id":"https:\/\/nordnesrepublikken.no\/#website"},"primaryImageOfPage":{"@id":"https:\/\/nordnesrepublikken.no\/index.php\/2025\/07\/24\/orkidebladene-blir-gule-slik-redder-du-dem\/#primaryimage"},"image":{"@id":"https:\/\/nordnesrepublikken.no\/index.php\/2025\/07\/24\/orkidebladene-blir-gule-slik-redder-du-dem\/#primaryimage"},"thumbnailUrl":"https:\/\/nordnesrepublikken.no\/wp-content\/uploads\/2025\/07\/Orkidebladene-blir-gule.jpg","datePublished":"2025-07-24T06:00:00+00:00","breadcrumb":{"@id":"https:\/\/nordnesrepublikken.no\/index.php\/2025\/07\/24\/orkidebladene-blir-gule-slik-redder-du-dem\/#breadcrumb"},"inLanguage":"nb-NO","potentialAction":[{"@type":"ReadAction","target":["https:\/\/nordnesrepublikken.no\/index.php\/2025\/07\/24\/orkidebladene-blir-gule-slik-redder-du-dem\/"]}]},{"@type":"ImageObject","inLanguage":"nb-NO","@id":"https:\/\/nordnesrepublikken.no\/index.php\/2025\/07\/24\/orkidebladene-blir-gule-slik-redder-du-dem\/#primaryimage","url":"https:\/\/nordnesrepublikken.no\/wp-content\/uploads\/2025\/07\/Orkidebladene-blir-gule.jpg","contentUrl":"https:\/\/nordnesrepublikken.no\/wp-content\/uploads\/2025\/07\/Orkidebladene-blir-gule.jpg","width":1200,"height":800,"caption":"Orkid\u00e9bladene blir gule? Slik redder du dem"},{"@type":"BreadcrumbList","@id":"https:\/\/nordnesrepublikken.no\/index.php\/2025\/07\/24\/orkidebladene-blir-gule-slik-redder-du-dem\/#breadcrumb","itemListElement":[{"@type":"ListItem","position":1,"name":"Home","item":"https:\/\/nordnesrepublikken.no\/"},{"@type":"ListItem","position":2,"name":"Orkid\u00e9bladene blir gule? Slik redder du dem"}]},{"@type":"WebSite","@id":"https:\/\/nordnesrepublikken.no\/#website","url":"https:\/\/nordnesrepublikken.no\/","name":"Nordnesrepublikken","description":"Stemmer og Visjoner fra Republikkens Hjerte","publisher":{"@id":"https:\/\/nordnesrepublikken.no\/#organization"},"potentialAction":[{"@type":"SearchAction","target":{"@type":"EntryPoint","urlTemplate":"https:\/\/nordnesrepublikken.no\/?s={search_term_string}"},"query-input":{"@type":"PropertyValueSpecification","valueRequired":true,"valueName":"search_term_string"}}],"inLanguage":"nb-NO"},{"@type":"Organization","@id":"https:\/\/nordnesrepublikken.no\/#organization","name":"Nordnesrepublikken","url":"https:\/\/nordnesrepublikken.no\/","logo":{"@type":"ImageObject","inLanguage":"nb-NO","@id":"https:\/\/nordnesrepublikken.no\/#\/schema\/logo\/image\/","url":"https:\/\/nordnesrepublikken.no\/wp-content\/uploads\/2025\/02\/cropped-nordnesrepublikken-2.png","contentUrl":"https:\/\/nordnesrepublikken.no\/wp-content\/uploads\/2025\/02\/cropped-nordnesrepublikken-2.png","width":1248,"height":362,"caption":"Nordnesrepublikken"},"image":{"@id":"https:\/\/nordnesrepublikken.no\/#\/schema\/logo\/image\/"}},{"@type":"Person","@id":"https:\/\/nordnesrepublikken.no\/#\/schema\/person\/abc03aa5515ba36093b3017e37d518c8","name":"Veronika Andersen","image":{"@type":"ImageObject","inLanguage":"nb-NO","@id":"https:\/\/nordnesrepublikken.no\/#\/schema\/person\/image\/","url":"https:\/\/secure.gravatar.com\/avatar\/d1f3c7e776e49a5853ff59ce440b9546c800cd0512bce7cc678bde63dec47a39?s=96&d=mm&r=g","contentUrl":"https:\/\/secure.gravatar.com\/avatar\/d1f3c7e776e49a5853ff59ce440b9546c800cd0512bce7cc678bde63dec47a39?s=96&d=mm&r=g","caption":"Veronika Andersen"},"sameAs":["https:\/\/nordnesrepublikken.no\/"]}]}},"_links":{"self":[{"href":"https:\/\/nordnesrepublikken.no\/index.php\/wp-json\/wp\/v2\/posts\/7317","targetHints":{"allow":["GET"]}}],"collection":[{"href":"https:\/\/nordnesrepublikken.no\/index.php\/wp-json\/wp\/v2\/posts"}],"about":[{"href":"https:\/\/nordnesrepublikken.no\/index.php\/wp-json\/wp\/v2\/types\/post"}],"author":[{"embeddable":true,"href":"https:\/\/nordnesrepublikken.no\/index.php\/wp-json\/wp\/v2\/users\/3"}],"replies":[{"embeddable":true,"href":"https:\/\/nordnesrepublikken.no\/index.php\/wp-json\/wp\/v2\/comments?post=7317"}],"version-history":[{"count":1,"href":"https:\/\/nordnesrepublikken.no\/index.php\/wp-json\/wp\/v2\/posts\/7317\/revisions"}],"predecessor-version":[{"id":7322,"href":"https:\/\/nordnesrepublikken.no\/index.php\/wp-json\/wp\/v2\/posts\/7317\/revisions\/7322"}],"wp:featuredmedia":[{"embeddable":true,"href":"https:\/\/nordnesrepublikken.no\/index.php\/wp-json\/wp\/v2\/media\/7321"}],"wp:attachment":[{"href":"https:\/\/nordnesrepublikken.no\/index.php\/wp-json\/wp\/v2\/media?parent=7317"}],"wp:term":[{"taxonomy":"category","embeddable":true,"href":"https:\/\/nordnesrepublikken.no\/index.php\/wp-json\/wp\/v2\/categories?post=7317"},{"taxonomy":"post_tag","embeddable":true,"href":"https:\/\/nordnesrepublikken.no\/index.php\/wp-json\/wp\/v2\/tags?post=7317"}],"curies":[{"name":"wp","href":"https:\/\/api.w.org\/{rel}","templated":true}]}}