{"id":7310,"date":"2025-07-23T06:51:17","date_gmt":"2025-07-23T04:51:17","guid":{"rendered":"https:\/\/nordnesrepublikken.no\/index.php\/2025\/07\/23\/hvis-pommes-frites-sannsynligvis-har-fransk-opprinnelse-hvorfor-kaller-amerikanerne-dem-det\/"},"modified":"2025-07-23T06:51:32","modified_gmt":"2025-07-23T04:51:32","slug":"hvis-pommes-frites-sannsynligvis-har-fransk-opprinnelse-hvorfor-kaller-amerikanerne-dem-det","status":"publish","type":"post","link":"https:\/\/nordnesrepublikken.no\/index.php\/2025\/07\/23\/hvis-pommes-frites-sannsynligvis-har-fransk-opprinnelse-hvorfor-kaller-amerikanerne-dem-det\/","title":{"rendered":"Hvis &laquo;pommes frites&raquo; sannsynligvis har fransk opprinnelse, hvorfor kaller amerikanerne dem det?"},"content":{"rendered":"<div>\n<div class=\"cp_wrapper cp_wrapper--fw mb-30 mb-20@tablet\">\n<figure class=\"mm\"><picture class=\"img\" style=\"padding-top:56.25%\"><source  media=\"(min-width: 1024px)\"><source  media=\"(min-width: 768px)\"><\/source><\/source><\/picture><\/figure>\n<\/p><\/div>\n<p>I trekanten <strong>Belgia-Frantia-USA<\/strong>f\u00e5 historier blir diskutert som pommes frites: vi kaller dem &laquo;<em>Pommes frites<\/em>&laquo;, Men de er ikke franske! Sannheten er at de ikke har en oppfinner i streng forstand: Sannsynligvis er de f\u00f8dt mellom Belgia og Frankrike, men den f\u00f8rste dokumenterte oppskriften stammer tilbake til<strong>England<\/strong>I <strong>1822<\/strong>. En spr\u00e5klig feil gjort av amerikanske soldater under f\u00f8rste verdenskrig ga deretter ut navnet &laquo;pommes frites&raquo;. Bak en av de mest elskede matvarene i verden er det ogs\u00e5 en sekul\u00e6r tvist laget av spr\u00e5klige misforst\u00e5elser.<\/p>\n<h2>Opprinnelsen mellom Belgia og Frankrike<\/h2>\n<p>Poteten ankommer Europa p\u00e5 1500 -tallet fra Latin -Amerika (Peru og Bolivia), takket v\u00e6re de spanske oppdagelsesreisende. Opprinnelig p\u00e5 vakt p\u00e5 grunn av likheten med giftige planter (det er en knoll i Solanaceae -familien), ble den brukt som en dekorativ plante eller p\u00e5 det meste for \u00e5 mate dyr. Bare i det attende \u00e5rhundre, takket v\u00e6re handlingen fra forskere som som <b>Antoine-Augustin Parmentier<\/b>Fransk milit\u00e6r farmas\u00f8yt, som under fangenskapet i Preussen inkludert tuberens enorme ern\u00e6ringspotensial, ble poteten en mat som ble brukt p\u00e5 kj\u00f8kkenet.<\/p>\n<p>Parmentier klarte \u00e5 overbevise King <strong>Louis XVI<\/strong> Og befolkningen for \u00e5 konsumere poteter, til og med fremme dem som &laquo;patriotisk mat&raquo; under pre-revolusjon\u00e6re hungersn\u00f8d. Siden den gang kom poteten inn i de parisiske kj\u00f8kkenene og begynte \u00e5 bli solgt p\u00e5 gaten av So -kalt <em>Marchands de Pommes Frites,<\/em> allerede i <strong>1789<\/strong>. Mens Paris omfavnet poteten som et revolusjonerende symbol, i<b> Dal<\/b>Francophone Region of Belgia, befolkningen i et \u00e5rhundre i et \u00e5rhundre <b>Stek potetpinner<\/b>. I f\u00f8lge a <b>Manuskript av 1781<\/b>oppdaget og nevnt av belgiske l\u00e6rde, innbyggerne i regionen pleide \u00e5 steke liten fisk av Mosa -elven, og om vinteren, da elven fr\u00f8s, erstattet de dem med kuttede poteter i form av fisk og stekt p\u00e5 samme m\u00e5te.<\/p>\n<p>Denne kilden blir ofte tilbakekalt av belgierne som <b>Bevis for kulturell prioritet<\/b> p\u00e5 Frankrike. Imidlertid er det et manuskript som snakker om en<b>Popul\u00e6r skikk<\/b>ikke en ekte oppskrift.<\/p>\n<h2>De f\u00f8rste oppskriftene dateres tilbake til 1822 i England<\/h2>\n<p>Og her kommer vi til et n\u00f8kkelpunkt. Den eneste <b>konkret dokumentarisk bevis<\/b> av eksistensen av pommes frites &#8211; forst\u00e5 ikke som legende eller muntlig historie, men som som <b>kodet oppskrift<\/b> &#8211; vises <b>I 1822<\/b> I England, i boka <strong>Kokkenes orakel<\/strong> Av <b>William Kitchiner<\/b>som eksplisitt snakker om &laquo;<em>Portoer stekt i skiver eller spon<\/em>&laquo;.<\/p>\n<p>Konseptet ble gjenopptatt i 1832 i oppskriftsboken <strong><em>The Cooks egen bok <\/em><\/strong>Av<strong> NKM Lee<em>,<\/em><\/strong>  med en veldig lik beskrivelse. Det er i det \u00f8yeblikket de stekte menneskene begynner \u00e5 bli en stabil tilstedev\u00e6relse selv i Anglo -Saxon -verdenen. Fra England m\u00e5 vi fly utenlands, for i USA kommer populariteten p\u00e5 slutten av det nittende \u00e5rhundre, spesielt takket v\u00e6re kokken <b>George Crum <\/b>(ekte navn: <b>George Speck<\/b>). Selv om det ikke var oppfinneren, var crum avgj\u00f8rende i \u00e5 forvandle sjetongene til en vanlig rett: \u00e5 jobbe med <em>Moon&#8217;s Lake House<\/em> av Sarathoga, f\u00f8rst de ber\u00f8mte laget dem, og handlet deretter i restauranten sin. Arbeidsgiveren hans, Cary Moon, kom til og med til <b>Industrialiserer chips<\/b> Pakk dem f\u00f8rst i papirkjegler, deretter i bokser.<\/p>\n<h2><b>Men hvorfor kalles de &laquo;pommes frites&raquo;?<\/b><\/h2>\n<p>Under <b>F\u00f8rste verdenskrig<\/b>Amerikanske soldater som ble tildelt Belgia kom i kontakt med lokale pommes frites. Siden mange belgiske soldater snakket <b>Fransk<\/b>Amerikanerne byttet dem mot fransk, og begynte \u00e5 ringe retten <b>&laquo;Pommes frites&raquo;<\/b>. Terminologi har derfor opprinnelse <b>Spr\u00e5klig, ikke -geografisk<\/b>: Det er en av de historiske feilene som, spredt i global skala, har blitt en standard. Merkelig nok brukes begrepet n\u00e5 nesten utelukkende i USA. I England sies det &laquo;chips&raquo;, i Frankrike sies det &laquo;Frites&raquo;, og i Belgia &#8211; mer plausibelt hjemland av den moderne oppskriften &#8211; det sies <b>&laquo;Frites&raquo;<\/b>. Her er poteten en ekte kult, s\u00e5 mye at Brugge i 2008 ble grunnlagt p\u00e5 <b>Frietmuseum<\/b>det f\u00f8rste museet i verden utelukkende dedikert til potethistorien og dens stekte preparater. I tillegg ba Belgia til og med UNESCO om anerkjennelse av <b>Fritkot -kultur<\/b> (Potetkiosker) som en uvesentlig arv.<\/p>\n<\/p><\/div>\n","protected":false},"excerpt":{"rendered":"<p>I trekanten Belgia-Frantia-USAf\u00e5 historier blir diskutert som pommes frites: vi kaller dem &laquo;Pommes frites&laquo;, Men<\/p>\n","protected":false},"author":1,"featured_media":7311,"comment_status":"closed","ping_status":"open","sticky":false,"template":"","format":"standard","meta":{"footnotes":""},"categories":[104],"tags":[4782,150,66,4781,4779,179,405,101,709,1480,4778,4780],"class_list":["post-7310","post","type-post","status-publish","format-standard","has-post-thumbnail","hentry","category-samfunn","tag-amerikanerne","tag-dem","tag-det","tag-fransk","tag-frites","tag-har","tag-hvis","tag-hvorfor","tag-kaller","tag-opprinnelse","tag-pommes","tag-sannsynligvis","generate-columns","tablet-grid-50","mobile-grid-100","grid-parent","grid-33","resize-featured-image"],"yoast_head":"<!-- This site is optimized with the Yoast SEO plugin v24.4 - https:\/\/yoast.com\/wordpress\/plugins\/seo\/ -->\n<title>Hvis &quot;pommes frites&quot; sannsynligvis har fransk opprinnelse, hvorfor kaller amerikanerne dem det? - Nordnesrepublikken<\/title>\n<meta name=\"robots\" content=\"index, follow, max-snippet:-1, max-image-preview:large, max-video-preview:-1\" \/>\n<link rel=\"canonical\" href=\"https:\/\/nordnesrepublikken.no\/index.php\/2025\/07\/23\/hvis-pommes-frites-sannsynligvis-har-fransk-opprinnelse-hvorfor-kaller-amerikanerne-dem-det\/\" \/>\n<meta property=\"og:locale\" content=\"nb_NO\" \/>\n<meta property=\"og:type\" content=\"article\" \/>\n<meta property=\"og:title\" content=\"Hvis &quot;pommes frites&quot; sannsynligvis har fransk opprinnelse, hvorfor kaller amerikanerne dem det? - Nordnesrepublikken\" \/>\n<meta property=\"og:description\" content=\"I trekanten Belgia-Frantia-USAf\u00e5 historier blir diskutert som pommes frites: vi kaller dem &laquo;Pommes frites&laquo;, Men\" \/>\n<meta property=\"og:url\" content=\"https:\/\/nordnesrepublikken.no\/index.php\/2025\/07\/23\/hvis-pommes-frites-sannsynligvis-har-fransk-opprinnelse-hvorfor-kaller-amerikanerne-dem-det\/\" \/>\n<meta property=\"og:site_name\" content=\"Nordnesrepublikken\" \/>\n<meta property=\"article:published_time\" content=\"2025-07-23T04:51:17+00:00\" \/>\n<meta property=\"article:modified_time\" content=\"2025-07-23T04:51:32+00:00\" \/>\n<meta property=\"og:image\" content=\"https:\/\/nordnesrepublikken.no\/wp-content\/uploads\/2025\/07\/1753246277_Hvis-pommes-frites-sannsynligvis-har-fransk-opprinnelse-hvorfor-kaller-amerikanerne-scaled.jpg\" \/>\n\t<meta property=\"og:image:width\" content=\"2560\" \/>\n\t<meta property=\"og:image:height\" content=\"1707\" \/>\n\t<meta property=\"og:image:type\" content=\"image\/jpeg\" \/>\n<meta name=\"author\" content=\"Ole Andersen\" \/>\n<meta name=\"twitter:card\" content=\"summary_large_image\" \/>\n<meta name=\"twitter:label1\" content=\"Skrevet av\" \/>\n\t<meta name=\"twitter:data1\" content=\"Ole Andersen\" \/>\n\t<meta name=\"twitter:label2\" content=\"Ansl. lesetid\" \/>\n\t<meta name=\"twitter:data2\" content=\"3 minutter\" \/>\n<script type=\"application\/ld+json\" class=\"yoast-schema-graph\">{\"@context\":\"https:\/\/schema.org\",\"@graph\":[{\"@type\":\"Article\",\"@id\":\"https:\/\/nordnesrepublikken.no\/index.php\/2025\/07\/23\/hvis-pommes-frites-sannsynligvis-har-fransk-opprinnelse-hvorfor-kaller-amerikanerne-dem-det\/#article\",\"isPartOf\":{\"@id\":\"https:\/\/nordnesrepublikken.no\/index.php\/2025\/07\/23\/hvis-pommes-frites-sannsynligvis-har-fransk-opprinnelse-hvorfor-kaller-amerikanerne-dem-det\/\"},\"author\":{\"name\":\"Ole Andersen\",\"@id\":\"https:\/\/nordnesrepublikken.no\/#\/schema\/person\/2e7e81935bab77882fffb79296240ff1\"},\"headline\":\"Hvis &laquo;pommes frites&raquo; sannsynligvis har fransk opprinnelse, hvorfor kaller amerikanerne dem det?\",\"datePublished\":\"2025-07-23T04:51:17+00:00\",\"dateModified\":\"2025-07-23T04:51:32+00:00\",\"mainEntityOfPage\":{\"@id\":\"https:\/\/nordnesrepublikken.no\/index.php\/2025\/07\/23\/hvis-pommes-frites-sannsynligvis-har-fransk-opprinnelse-hvorfor-kaller-amerikanerne-dem-det\/\"},\"wordCount\":664,\"publisher\":{\"@id\":\"https:\/\/nordnesrepublikken.no\/#organization\"},\"image\":{\"@id\":\"https:\/\/nordnesrepublikken.no\/index.php\/2025\/07\/23\/hvis-pommes-frites-sannsynligvis-har-fransk-opprinnelse-hvorfor-kaller-amerikanerne-dem-det\/#primaryimage\"},\"thumbnailUrl\":\"https:\/\/nordnesrepublikken.no\/wp-content\/uploads\/2025\/07\/1753246277_Hvis-pommes-frites-sannsynligvis-har-fransk-opprinnelse-hvorfor-kaller-amerikanerne-scaled.jpg\",\"keywords\":[\"amerikanerne\",\"dem\",\"Det\",\"fransk\",\"frites\",\"har\",\"hvis\",\"hvorfor\",\"kaller\",\"Opprinnelse\",\"pommes\",\"sannsynligvis\"],\"articleSection\":[\"Samfunn\"],\"inLanguage\":\"nb-NO\"},{\"@type\":\"WebPage\",\"@id\":\"https:\/\/nordnesrepublikken.no\/index.php\/2025\/07\/23\/hvis-pommes-frites-sannsynligvis-har-fransk-opprinnelse-hvorfor-kaller-amerikanerne-dem-det\/\",\"url\":\"https:\/\/nordnesrepublikken.no\/index.php\/2025\/07\/23\/hvis-pommes-frites-sannsynligvis-har-fransk-opprinnelse-hvorfor-kaller-amerikanerne-dem-det\/\",\"name\":\"Hvis \\\"pommes frites\\\" sannsynligvis har fransk opprinnelse, hvorfor kaller amerikanerne dem det? - Nordnesrepublikken\",\"isPartOf\":{\"@id\":\"https:\/\/nordnesrepublikken.no\/#website\"},\"primaryImageOfPage\":{\"@id\":\"https:\/\/nordnesrepublikken.no\/index.php\/2025\/07\/23\/hvis-pommes-frites-sannsynligvis-har-fransk-opprinnelse-hvorfor-kaller-amerikanerne-dem-det\/#primaryimage\"},\"image\":{\"@id\":\"https:\/\/nordnesrepublikken.no\/index.php\/2025\/07\/23\/hvis-pommes-frites-sannsynligvis-har-fransk-opprinnelse-hvorfor-kaller-amerikanerne-dem-det\/#primaryimage\"},\"thumbnailUrl\":\"https:\/\/nordnesrepublikken.no\/wp-content\/uploads\/2025\/07\/1753246277_Hvis-pommes-frites-sannsynligvis-har-fransk-opprinnelse-hvorfor-kaller-amerikanerne-scaled.jpg\",\"datePublished\":\"2025-07-23T04:51:17+00:00\",\"dateModified\":\"2025-07-23T04:51:32+00:00\",\"breadcrumb\":{\"@id\":\"https:\/\/nordnesrepublikken.no\/index.php\/2025\/07\/23\/hvis-pommes-frites-sannsynligvis-har-fransk-opprinnelse-hvorfor-kaller-amerikanerne-dem-det\/#breadcrumb\"},\"inLanguage\":\"nb-NO\",\"potentialAction\":[{\"@type\":\"ReadAction\",\"target\":[\"https:\/\/nordnesrepublikken.no\/index.php\/2025\/07\/23\/hvis-pommes-frites-sannsynligvis-har-fransk-opprinnelse-hvorfor-kaller-amerikanerne-dem-det\/\"]}]},{\"@type\":\"ImageObject\",\"inLanguage\":\"nb-NO\",\"@id\":\"https:\/\/nordnesrepublikken.no\/index.php\/2025\/07\/23\/hvis-pommes-frites-sannsynligvis-har-fransk-opprinnelse-hvorfor-kaller-amerikanerne-dem-det\/#primaryimage\",\"url\":\"https:\/\/nordnesrepublikken.no\/wp-content\/uploads\/2025\/07\/1753246277_Hvis-pommes-frites-sannsynligvis-har-fransk-opprinnelse-hvorfor-kaller-amerikanerne-scaled.jpg\",\"contentUrl\":\"https:\/\/nordnesrepublikken.no\/wp-content\/uploads\/2025\/07\/1753246277_Hvis-pommes-frites-sannsynligvis-har-fransk-opprinnelse-hvorfor-kaller-amerikanerne-scaled.jpg\",\"width\":2560,\"height\":1707,\"caption\":\"french fries\"},{\"@type\":\"BreadcrumbList\",\"@id\":\"https:\/\/nordnesrepublikken.no\/index.php\/2025\/07\/23\/hvis-pommes-frites-sannsynligvis-har-fransk-opprinnelse-hvorfor-kaller-amerikanerne-dem-det\/#breadcrumb\",\"itemListElement\":[{\"@type\":\"ListItem\",\"position\":1,\"name\":\"Home\",\"item\":\"https:\/\/nordnesrepublikken.no\/\"},{\"@type\":\"ListItem\",\"position\":2,\"name\":\"Hvis &laquo;pommes frites&raquo; sannsynligvis har fransk opprinnelse, hvorfor kaller amerikanerne dem det?\"}]},{\"@type\":\"WebSite\",\"@id\":\"https:\/\/nordnesrepublikken.no\/#website\",\"url\":\"https:\/\/nordnesrepublikken.no\/\",\"name\":\"Nordnesrepublikken\",\"description\":\"Stemmer og Visjoner fra Republikkens Hjerte\",\"publisher\":{\"@id\":\"https:\/\/nordnesrepublikken.no\/#organization\"},\"potentialAction\":[{\"@type\":\"SearchAction\",\"target\":{\"@type\":\"EntryPoint\",\"urlTemplate\":\"https:\/\/nordnesrepublikken.no\/?s={search_term_string}\"},\"query-input\":{\"@type\":\"PropertyValueSpecification\",\"valueRequired\":true,\"valueName\":\"search_term_string\"}}],\"inLanguage\":\"nb-NO\"},{\"@type\":\"Organization\",\"@id\":\"https:\/\/nordnesrepublikken.no\/#organization\",\"name\":\"Nordnesrepublikken\",\"url\":\"https:\/\/nordnesrepublikken.no\/\",\"logo\":{\"@type\":\"ImageObject\",\"inLanguage\":\"nb-NO\",\"@id\":\"https:\/\/nordnesrepublikken.no\/#\/schema\/logo\/image\/\",\"url\":\"https:\/\/nordnesrepublikken.no\/wp-content\/uploads\/2025\/02\/cropped-nordnesrepublikken-2.png\",\"contentUrl\":\"https:\/\/nordnesrepublikken.no\/wp-content\/uploads\/2025\/02\/cropped-nordnesrepublikken-2.png\",\"width\":1248,\"height\":362,\"caption\":\"Nordnesrepublikken\"},\"image\":{\"@id\":\"https:\/\/nordnesrepublikken.no\/#\/schema\/logo\/image\/\"}},{\"@type\":\"Person\",\"@id\":\"https:\/\/nordnesrepublikken.no\/#\/schema\/person\/2e7e81935bab77882fffb79296240ff1\",\"name\":\"Ole Andersen\",\"image\":{\"@type\":\"ImageObject\",\"inLanguage\":\"nb-NO\",\"@id\":\"https:\/\/nordnesrepublikken.no\/#\/schema\/person\/image\/\",\"url\":\"https:\/\/nordnesrepublikken.no\/wp-content\/uploads\/2025\/02\/nordnesrepublikken-2-2-150x150.jpg\",\"contentUrl\":\"https:\/\/nordnesrepublikken.no\/wp-content\/uploads\/2025\/02\/nordnesrepublikken-2-2-150x150.jpg\",\"caption\":\"Ole Andersen\"},\"description\":\"Ettersom jeg vokste opp i Oslo, har jeg alltid v\u00e6rt fascinert av ordenes kraft og deres evne til \u00e5 skape endringer. Etter \u00e5 ha fullf\u00f8rt min utdannelse i kommunikasjon ved Universitetet i Bergen, fikk jeg muligheten til \u00e5 jobbe innen ulike medier, der jeg har s\u00f8kt \u00e5 belyse viktige samfunnssp\u00f8rsm\u00e5l. I dag, som redakt\u00f8r for Nordnesrepublikken, pr\u00f8ver jeg \u00e5 forene min kj\u00e6rlighet for journalistikk med min lidenskap for innovasjon og eventyr.\",\"sameAs\":[\"https:\/\/nordnesrepublikken.no\/\"]}]}<\/script>\n<!-- \/ Yoast SEO plugin. -->","yoast_head_json":{"title":"Hvis \"pommes frites\" sannsynligvis har fransk opprinnelse, hvorfor kaller amerikanerne dem det? - Nordnesrepublikken","robots":{"index":"index","follow":"follow","max-snippet":"max-snippet:-1","max-image-preview":"max-image-preview:large","max-video-preview":"max-video-preview:-1"},"canonical":"https:\/\/nordnesrepublikken.no\/index.php\/2025\/07\/23\/hvis-pommes-frites-sannsynligvis-har-fransk-opprinnelse-hvorfor-kaller-amerikanerne-dem-det\/","og_locale":"nb_NO","og_type":"article","og_title":"Hvis \"pommes frites\" sannsynligvis har fransk opprinnelse, hvorfor kaller amerikanerne dem det? - Nordnesrepublikken","og_description":"I trekanten Belgia-Frantia-USAf\u00e5 historier blir diskutert som pommes frites: vi kaller dem &laquo;Pommes frites&laquo;, Men","og_url":"https:\/\/nordnesrepublikken.no\/index.php\/2025\/07\/23\/hvis-pommes-frites-sannsynligvis-har-fransk-opprinnelse-hvorfor-kaller-amerikanerne-dem-det\/","og_site_name":"Nordnesrepublikken","article_published_time":"2025-07-23T04:51:17+00:00","article_modified_time":"2025-07-23T04:51:32+00:00","og_image":[{"width":2560,"height":1707,"url":"https:\/\/nordnesrepublikken.no\/wp-content\/uploads\/2025\/07\/1753246277_Hvis-pommes-frites-sannsynligvis-har-fransk-opprinnelse-hvorfor-kaller-amerikanerne-scaled.jpg","type":"image\/jpeg"}],"author":"Ole Andersen","twitter_card":"summary_large_image","twitter_misc":{"Skrevet av":"Ole Andersen","Ansl. lesetid":"3 minutter"},"schema":{"@context":"https:\/\/schema.org","@graph":[{"@type":"Article","@id":"https:\/\/nordnesrepublikken.no\/index.php\/2025\/07\/23\/hvis-pommes-frites-sannsynligvis-har-fransk-opprinnelse-hvorfor-kaller-amerikanerne-dem-det\/#article","isPartOf":{"@id":"https:\/\/nordnesrepublikken.no\/index.php\/2025\/07\/23\/hvis-pommes-frites-sannsynligvis-har-fransk-opprinnelse-hvorfor-kaller-amerikanerne-dem-det\/"},"author":{"name":"Ole Andersen","@id":"https:\/\/nordnesrepublikken.no\/#\/schema\/person\/2e7e81935bab77882fffb79296240ff1"},"headline":"Hvis &laquo;pommes frites&raquo; sannsynligvis har fransk opprinnelse, hvorfor kaller amerikanerne dem det?","datePublished":"2025-07-23T04:51:17+00:00","dateModified":"2025-07-23T04:51:32+00:00","mainEntityOfPage":{"@id":"https:\/\/nordnesrepublikken.no\/index.php\/2025\/07\/23\/hvis-pommes-frites-sannsynligvis-har-fransk-opprinnelse-hvorfor-kaller-amerikanerne-dem-det\/"},"wordCount":664,"publisher":{"@id":"https:\/\/nordnesrepublikken.no\/#organization"},"image":{"@id":"https:\/\/nordnesrepublikken.no\/index.php\/2025\/07\/23\/hvis-pommes-frites-sannsynligvis-har-fransk-opprinnelse-hvorfor-kaller-amerikanerne-dem-det\/#primaryimage"},"thumbnailUrl":"https:\/\/nordnesrepublikken.no\/wp-content\/uploads\/2025\/07\/1753246277_Hvis-pommes-frites-sannsynligvis-har-fransk-opprinnelse-hvorfor-kaller-amerikanerne-scaled.jpg","keywords":["amerikanerne","dem","Det","fransk","frites","har","hvis","hvorfor","kaller","Opprinnelse","pommes","sannsynligvis"],"articleSection":["Samfunn"],"inLanguage":"nb-NO"},{"@type":"WebPage","@id":"https:\/\/nordnesrepublikken.no\/index.php\/2025\/07\/23\/hvis-pommes-frites-sannsynligvis-har-fransk-opprinnelse-hvorfor-kaller-amerikanerne-dem-det\/","url":"https:\/\/nordnesrepublikken.no\/index.php\/2025\/07\/23\/hvis-pommes-frites-sannsynligvis-har-fransk-opprinnelse-hvorfor-kaller-amerikanerne-dem-det\/","name":"Hvis \"pommes frites\" sannsynligvis har fransk opprinnelse, hvorfor kaller amerikanerne dem det? - Nordnesrepublikken","isPartOf":{"@id":"https:\/\/nordnesrepublikken.no\/#website"},"primaryImageOfPage":{"@id":"https:\/\/nordnesrepublikken.no\/index.php\/2025\/07\/23\/hvis-pommes-frites-sannsynligvis-har-fransk-opprinnelse-hvorfor-kaller-amerikanerne-dem-det\/#primaryimage"},"image":{"@id":"https:\/\/nordnesrepublikken.no\/index.php\/2025\/07\/23\/hvis-pommes-frites-sannsynligvis-har-fransk-opprinnelse-hvorfor-kaller-amerikanerne-dem-det\/#primaryimage"},"thumbnailUrl":"https:\/\/nordnesrepublikken.no\/wp-content\/uploads\/2025\/07\/1753246277_Hvis-pommes-frites-sannsynligvis-har-fransk-opprinnelse-hvorfor-kaller-amerikanerne-scaled.jpg","datePublished":"2025-07-23T04:51:17+00:00","dateModified":"2025-07-23T04:51:32+00:00","breadcrumb":{"@id":"https:\/\/nordnesrepublikken.no\/index.php\/2025\/07\/23\/hvis-pommes-frites-sannsynligvis-har-fransk-opprinnelse-hvorfor-kaller-amerikanerne-dem-det\/#breadcrumb"},"inLanguage":"nb-NO","potentialAction":[{"@type":"ReadAction","target":["https:\/\/nordnesrepublikken.no\/index.php\/2025\/07\/23\/hvis-pommes-frites-sannsynligvis-har-fransk-opprinnelse-hvorfor-kaller-amerikanerne-dem-det\/"]}]},{"@type":"ImageObject","inLanguage":"nb-NO","@id":"https:\/\/nordnesrepublikken.no\/index.php\/2025\/07\/23\/hvis-pommes-frites-sannsynligvis-har-fransk-opprinnelse-hvorfor-kaller-amerikanerne-dem-det\/#primaryimage","url":"https:\/\/nordnesrepublikken.no\/wp-content\/uploads\/2025\/07\/1753246277_Hvis-pommes-frites-sannsynligvis-har-fransk-opprinnelse-hvorfor-kaller-amerikanerne-scaled.jpg","contentUrl":"https:\/\/nordnesrepublikken.no\/wp-content\/uploads\/2025\/07\/1753246277_Hvis-pommes-frites-sannsynligvis-har-fransk-opprinnelse-hvorfor-kaller-amerikanerne-scaled.jpg","width":2560,"height":1707,"caption":"french fries"},{"@type":"BreadcrumbList","@id":"https:\/\/nordnesrepublikken.no\/index.php\/2025\/07\/23\/hvis-pommes-frites-sannsynligvis-har-fransk-opprinnelse-hvorfor-kaller-amerikanerne-dem-det\/#breadcrumb","itemListElement":[{"@type":"ListItem","position":1,"name":"Home","item":"https:\/\/nordnesrepublikken.no\/"},{"@type":"ListItem","position":2,"name":"Hvis &laquo;pommes frites&raquo; sannsynligvis har fransk opprinnelse, hvorfor kaller amerikanerne dem det?"}]},{"@type":"WebSite","@id":"https:\/\/nordnesrepublikken.no\/#website","url":"https:\/\/nordnesrepublikken.no\/","name":"Nordnesrepublikken","description":"Stemmer og Visjoner fra Republikkens Hjerte","publisher":{"@id":"https:\/\/nordnesrepublikken.no\/#organization"},"potentialAction":[{"@type":"SearchAction","target":{"@type":"EntryPoint","urlTemplate":"https:\/\/nordnesrepublikken.no\/?s={search_term_string}"},"query-input":{"@type":"PropertyValueSpecification","valueRequired":true,"valueName":"search_term_string"}}],"inLanguage":"nb-NO"},{"@type":"Organization","@id":"https:\/\/nordnesrepublikken.no\/#organization","name":"Nordnesrepublikken","url":"https:\/\/nordnesrepublikken.no\/","logo":{"@type":"ImageObject","inLanguage":"nb-NO","@id":"https:\/\/nordnesrepublikken.no\/#\/schema\/logo\/image\/","url":"https:\/\/nordnesrepublikken.no\/wp-content\/uploads\/2025\/02\/cropped-nordnesrepublikken-2.png","contentUrl":"https:\/\/nordnesrepublikken.no\/wp-content\/uploads\/2025\/02\/cropped-nordnesrepublikken-2.png","width":1248,"height":362,"caption":"Nordnesrepublikken"},"image":{"@id":"https:\/\/nordnesrepublikken.no\/#\/schema\/logo\/image\/"}},{"@type":"Person","@id":"https:\/\/nordnesrepublikken.no\/#\/schema\/person\/2e7e81935bab77882fffb79296240ff1","name":"Ole Andersen","image":{"@type":"ImageObject","inLanguage":"nb-NO","@id":"https:\/\/nordnesrepublikken.no\/#\/schema\/person\/image\/","url":"https:\/\/nordnesrepublikken.no\/wp-content\/uploads\/2025\/02\/nordnesrepublikken-2-2-150x150.jpg","contentUrl":"https:\/\/nordnesrepublikken.no\/wp-content\/uploads\/2025\/02\/nordnesrepublikken-2-2-150x150.jpg","caption":"Ole Andersen"},"description":"Ettersom jeg vokste opp i Oslo, har jeg alltid v\u00e6rt fascinert av ordenes kraft og deres evne til \u00e5 skape endringer. Etter \u00e5 ha fullf\u00f8rt min utdannelse i kommunikasjon ved Universitetet i Bergen, fikk jeg muligheten til \u00e5 jobbe innen ulike medier, der jeg har s\u00f8kt \u00e5 belyse viktige samfunnssp\u00f8rsm\u00e5l. I dag, som redakt\u00f8r for Nordnesrepublikken, pr\u00f8ver jeg \u00e5 forene min kj\u00e6rlighet for journalistikk med min lidenskap for innovasjon og eventyr.","sameAs":["https:\/\/nordnesrepublikken.no\/"]}]}},"_links":{"self":[{"href":"https:\/\/nordnesrepublikken.no\/index.php\/wp-json\/wp\/v2\/posts\/7310","targetHints":{"allow":["GET"]}}],"collection":[{"href":"https:\/\/nordnesrepublikken.no\/index.php\/wp-json\/wp\/v2\/posts"}],"about":[{"href":"https:\/\/nordnesrepublikken.no\/index.php\/wp-json\/wp\/v2\/types\/post"}],"author":[{"embeddable":true,"href":"https:\/\/nordnesrepublikken.no\/index.php\/wp-json\/wp\/v2\/users\/1"}],"replies":[{"embeddable":true,"href":"https:\/\/nordnesrepublikken.no\/index.php\/wp-json\/wp\/v2\/comments?post=7310"}],"version-history":[{"count":1,"href":"https:\/\/nordnesrepublikken.no\/index.php\/wp-json\/wp\/v2\/posts\/7310\/revisions"}],"predecessor-version":[{"id":7312,"href":"https:\/\/nordnesrepublikken.no\/index.php\/wp-json\/wp\/v2\/posts\/7310\/revisions\/7312"}],"wp:featuredmedia":[{"embeddable":true,"href":"https:\/\/nordnesrepublikken.no\/index.php\/wp-json\/wp\/v2\/media\/7311"}],"wp:attachment":[{"href":"https:\/\/nordnesrepublikken.no\/index.php\/wp-json\/wp\/v2\/media?parent=7310"}],"wp:term":[{"taxonomy":"category","embeddable":true,"href":"https:\/\/nordnesrepublikken.no\/index.php\/wp-json\/wp\/v2\/categories?post=7310"},{"taxonomy":"post_tag","embeddable":true,"href":"https:\/\/nordnesrepublikken.no\/index.php\/wp-json\/wp\/v2\/tags?post=7310"}],"curies":[{"name":"wp","href":"https:\/\/api.w.org\/{rel}","templated":true}]}}