{"id":7287,"date":"2025-07-22T15:49:30","date_gmt":"2025-07-22T13:49:30","guid":{"rendered":"https:\/\/nordnesrepublikken.no\/index.php\/2025\/07\/22\/lamborghinis-glitter-glamour-apner-i-puerto-banus\/"},"modified":"2025-07-22T15:49:32","modified_gmt":"2025-07-22T13:49:32","slug":"lamborghinis-glitter-glamour-apner-i-puerto-banus","status":"publish","type":"post","link":"https:\/\/nordnesrepublikken.no\/index.php\/2025\/07\/22\/lamborghinis-glitter-glamour-apner-i-puerto-banus\/","title":{"rendered":"Lamborghinis Glitter &#038; Glamour \u00e5pner i Puerto Ban\u00fas"},"content":{"rendered":"<div class=\"wordpress-content\">\n                    <!-- Article Start --><\/p>\n<p class=\"p1\"><strong>Den italienske superbilprodusenten Automobili Lamborghini har utvidet sin virksomhet i Spania med den store \u00e5pningen av Lamborghini Marbella, et nytt 270 kvadratmeter stort showroom som ligger (hvor ellers?) I det prestisjetunge Puerto Ban\u00fas. <\/strong><\/p>\n<p class=\"p1\">Det eksklusive innvielsesarrangementet, som ble deltatt av Lamborghini -president og administrerende direkt\u00f8r Stephan Winkelmann og Chief Marketing &#038; Sales Officer Federico Foschini, gj\u00f8r dette til merkevarens tredje forhandler i Spania og et strategisk grep for \u00e5 im\u00f8tekomme klienter p\u00e5 den s\u00f8rlige iberiske halv\u00f8y.<\/p>\n<h2>Lamborghini Puerto Ban\u00fas \u00e5pner showroom<\/h2>\n<p class=\"p1\">Det avanserte, to-etasjes anlegget kombinerer moderne design, nyskapende teknologi og en oppslukende merkeopplevelse. Gjester p\u00e5 \u00e5pningen kunne utforske ikoniske modeller, inkludert Revuelto, Lamborghinis f\u00f8rste V12-hybrid-plug-in (HPEV), den h\u00f8ye ytelsen Urus SE SUV og Temerario, den siste skapelsen fra &laquo;Fuoriclasse&raquo; -personaliseringsprogrammet. Arrangementet avduket ogs\u00e5 Tecnomar for Lamborghini, en yacht med h\u00f8y ytelse inspirert av Lamborghini Si\u00e1n, utviklet i samarbeid med Tecnomar.<\/p>\n<div class=\"sra_unit\"><link rel=\"stylesheet\" id=\"block-sra\" href=\"https:\/\/euroweeklynews.com\/wp-content\/plugins\/snack-related-articles\/dist\/css\/snack-related.min.css?250312-193541\" type=\"text\/css\" media=\"all\">\n<\/div>\n<h2>Grand Opening Party of Lamborghini Puerto Ban\u00fas<\/h2>\n<p class=\"p1\">Kvelden inneholdt en Marina-side middag, liveopptredener av flamenco, dans og live musikk; et DJ -sett; og et droneshow, som kommer til et klimaks med belysningen av Puerto Ban\u00fas &#8216;kontrollt\u00e5rn med Lamborghinis ikoniske logo. Forhandleren inkluderer ogs\u00e5 et 730 kvadratmeter stor verksted, utstyrt for \u00e5 tilby skreddersydde tekniske tjenester og personlig kundesupport.<\/p>\n<figure id=\"attachment_536464\" aria-describedby=\"caption-attachment-536464\" style=\"width: 1024px\" class=\"wp-caption aligncenter\"><figcaption id=\"caption-attachment-536464\" class=\"wp-caption-text\">\u00c5pningsfest med Lamborghini Tecnomar -b\u00e5t.<br \/>Kreditt: Al<\/figcaption><\/figure>\n<p class=\"p1\">&laquo;Denne nye plasseringen lar v\u00e5re kunder oppdage v\u00e5rt hybrid superbilomr\u00e5de og tilpasse kj\u00f8ret\u00f8yene sine gjennom AD Personam -programmet, noe som gjenspeiler v\u00e5r dedikasjon til eksklusivitet, teknologi og h\u00f8y ytelse,&raquo; sa Winkelmann. Basel Alkhatib, medeier og administrerende direkt\u00f8r for Lamborghini Marbella, la til, &laquo;\u00c5 bli medlem av Lamborghini-familien er et privilegium. V\u00e5rt oppdrag er \u00e5 levere en opplevelse som samsvarer med merkets arv i en tid der den tilbyr sin kraftigste, tilpassbare og avanserte oppstilling noensinne.&raquo;<\/p>\n<p class=\"p1\">Lamborghini Marbellas hybrid superbiler har n\u00e5 lavere utslipp med forbedret ytelse og drivende spenning og er n\u00e5 utstilt for alle Puerto Ban\u00fas \u00e5 se.<\/p>\n<p>                    <!-- Article End -->\n                <\/div>\n","protected":false},"excerpt":{"rendered":"<p>Den italienske superbilprodusenten Automobili Lamborghini har utvidet sin virksomhet i Spania med den store \u00e5pningen<\/p>\n","protected":false},"author":1,"featured_media":7288,"comment_status":"closed","ping_status":"open","sticky":false,"template":"","format":"standard","meta":{"footnotes":""},"categories":[105],"tags":[246,4752,4750,4749,4748,4751],"class_list":["post-7287","post","type-post","status-publish","format-standard","has-post-thumbnail","hentry","category-livsstil","tag-apner","tag-banus","tag-glamour","tag-glitter","tag-lamborghinis","tag-puerto","generate-columns","tablet-grid-50","mobile-grid-100","grid-parent","grid-33","resize-featured-image"],"yoast_head":"<!-- This site is optimized with the Yoast SEO plugin v24.4 - https:\/\/yoast.com\/wordpress\/plugins\/seo\/ -->\n<title>Lamborghinis Glitter &amp; Glamour \u00e5pner i Puerto Ban\u00fas - Nordnesrepublikken<\/title>\n<meta name=\"robots\" content=\"index, follow, max-snippet:-1, max-image-preview:large, max-video-preview:-1\" \/>\n<link rel=\"canonical\" href=\"https:\/\/nordnesrepublikken.no\/index.php\/2025\/07\/22\/lamborghinis-glitter-glamour-apner-i-puerto-banus\/\" \/>\n<meta property=\"og:locale\" content=\"nb_NO\" \/>\n<meta property=\"og:type\" content=\"article\" \/>\n<meta property=\"og:title\" content=\"Lamborghinis Glitter &amp; Glamour \u00e5pner i Puerto Ban\u00fas - Nordnesrepublikken\" \/>\n<meta property=\"og:description\" content=\"Den italienske superbilprodusenten Automobili Lamborghini har utvidet sin virksomhet i Spania med den store \u00e5pningen\" \/>\n<meta property=\"og:url\" content=\"https:\/\/nordnesrepublikken.no\/index.php\/2025\/07\/22\/lamborghinis-glitter-glamour-apner-i-puerto-banus\/\" \/>\n<meta property=\"og:site_name\" content=\"Nordnesrepublikken\" \/>\n<meta property=\"article:published_time\" content=\"2025-07-22T13:49:30+00:00\" \/>\n<meta property=\"article:modified_time\" content=\"2025-07-22T13:49:32+00:00\" \/>\n<meta property=\"og:image\" content=\"https:\/\/nordnesrepublikken.no\/wp-content\/uploads\/2025\/07\/1753192170_Lamborghinis-Glitter-Glamour-apner-i-Puerto-Banus.jpg\" \/>\n\t<meta property=\"og:image:width\" content=\"1200\" \/>\n\t<meta property=\"og:image:height\" content=\"770\" \/>\n\t<meta property=\"og:image:type\" content=\"image\/jpeg\" \/>\n<meta name=\"author\" content=\"Ole Andersen\" \/>\n<meta name=\"twitter:card\" content=\"summary_large_image\" \/>\n<meta name=\"twitter:label1\" content=\"Skrevet av\" \/>\n\t<meta name=\"twitter:data1\" content=\"Ole Andersen\" \/>\n\t<meta name=\"twitter:label2\" content=\"Ansl. lesetid\" \/>\n\t<meta name=\"twitter:data2\" content=\"2 minutter\" \/>\n<script type=\"application\/ld+json\" class=\"yoast-schema-graph\">{\"@context\":\"https:\/\/schema.org\",\"@graph\":[{\"@type\":\"Article\",\"@id\":\"https:\/\/nordnesrepublikken.no\/index.php\/2025\/07\/22\/lamborghinis-glitter-glamour-apner-i-puerto-banus\/#article\",\"isPartOf\":{\"@id\":\"https:\/\/nordnesrepublikken.no\/index.php\/2025\/07\/22\/lamborghinis-glitter-glamour-apner-i-puerto-banus\/\"},\"author\":{\"name\":\"Ole Andersen\",\"@id\":\"https:\/\/nordnesrepublikken.no\/#\/schema\/person\/2e7e81935bab77882fffb79296240ff1\"},\"headline\":\"Lamborghinis Glitter &#038; Glamour \u00e5pner i Puerto Ban\u00fas\",\"datePublished\":\"2025-07-22T13:49:30+00:00\",\"dateModified\":\"2025-07-22T13:49:32+00:00\",\"mainEntityOfPage\":{\"@id\":\"https:\/\/nordnesrepublikken.no\/index.php\/2025\/07\/22\/lamborghinis-glitter-glamour-apner-i-puerto-banus\/\"},\"wordCount\":331,\"publisher\":{\"@id\":\"https:\/\/nordnesrepublikken.no\/#organization\"},\"image\":{\"@id\":\"https:\/\/nordnesrepublikken.no\/index.php\/2025\/07\/22\/lamborghinis-glitter-glamour-apner-i-puerto-banus\/#primaryimage\"},\"thumbnailUrl\":\"https:\/\/nordnesrepublikken.no\/wp-content\/uploads\/2025\/07\/1753192170_Lamborghinis-Glitter-Glamour-apner-i-Puerto-Banus.jpg\",\"keywords\":[\"\u00e5pner\",\"Ban\u00fas\",\"Glamour\",\"Glitter\",\"Lamborghinis\",\"Puerto\"],\"articleSection\":[\"Livsstil\"],\"inLanguage\":\"nb-NO\"},{\"@type\":\"WebPage\",\"@id\":\"https:\/\/nordnesrepublikken.no\/index.php\/2025\/07\/22\/lamborghinis-glitter-glamour-apner-i-puerto-banus\/\",\"url\":\"https:\/\/nordnesrepublikken.no\/index.php\/2025\/07\/22\/lamborghinis-glitter-glamour-apner-i-puerto-banus\/\",\"name\":\"Lamborghinis Glitter & Glamour \u00e5pner i Puerto Ban\u00fas - Nordnesrepublikken\",\"isPartOf\":{\"@id\":\"https:\/\/nordnesrepublikken.no\/#website\"},\"primaryImageOfPage\":{\"@id\":\"https:\/\/nordnesrepublikken.no\/index.php\/2025\/07\/22\/lamborghinis-glitter-glamour-apner-i-puerto-banus\/#primaryimage\"},\"image\":{\"@id\":\"https:\/\/nordnesrepublikken.no\/index.php\/2025\/07\/22\/lamborghinis-glitter-glamour-apner-i-puerto-banus\/#primaryimage\"},\"thumbnailUrl\":\"https:\/\/nordnesrepublikken.no\/wp-content\/uploads\/2025\/07\/1753192170_Lamborghinis-Glitter-Glamour-apner-i-Puerto-Banus.jpg\",\"datePublished\":\"2025-07-22T13:49:30+00:00\",\"dateModified\":\"2025-07-22T13:49:32+00:00\",\"breadcrumb\":{\"@id\":\"https:\/\/nordnesrepublikken.no\/index.php\/2025\/07\/22\/lamborghinis-glitter-glamour-apner-i-puerto-banus\/#breadcrumb\"},\"inLanguage\":\"nb-NO\",\"potentialAction\":[{\"@type\":\"ReadAction\",\"target\":[\"https:\/\/nordnesrepublikken.no\/index.php\/2025\/07\/22\/lamborghinis-glitter-glamour-apner-i-puerto-banus\/\"]}]},{\"@type\":\"ImageObject\",\"inLanguage\":\"nb-NO\",\"@id\":\"https:\/\/nordnesrepublikken.no\/index.php\/2025\/07\/22\/lamborghinis-glitter-glamour-apner-i-puerto-banus\/#primaryimage\",\"url\":\"https:\/\/nordnesrepublikken.no\/wp-content\/uploads\/2025\/07\/1753192170_Lamborghinis-Glitter-Glamour-apner-i-Puerto-Banus.jpg\",\"contentUrl\":\"https:\/\/nordnesrepublikken.no\/wp-content\/uploads\/2025\/07\/1753192170_Lamborghinis-Glitter-Glamour-apner-i-Puerto-Banus.jpg\",\"width\":1200,\"height\":770,\"caption\":\"Lamborghinis Glitter & Glamour \u00e5pner i Puerto Ban\u00fas\"},{\"@type\":\"BreadcrumbList\",\"@id\":\"https:\/\/nordnesrepublikken.no\/index.php\/2025\/07\/22\/lamborghinis-glitter-glamour-apner-i-puerto-banus\/#breadcrumb\",\"itemListElement\":[{\"@type\":\"ListItem\",\"position\":1,\"name\":\"Home\",\"item\":\"https:\/\/nordnesrepublikken.no\/\"},{\"@type\":\"ListItem\",\"position\":2,\"name\":\"Lamborghinis Glitter &#038; Glamour \u00e5pner i Puerto Ban\u00fas\"}]},{\"@type\":\"WebSite\",\"@id\":\"https:\/\/nordnesrepublikken.no\/#website\",\"url\":\"https:\/\/nordnesrepublikken.no\/\",\"name\":\"Nordnesrepublikken\",\"description\":\"Stemmer og Visjoner fra Republikkens Hjerte\",\"publisher\":{\"@id\":\"https:\/\/nordnesrepublikken.no\/#organization\"},\"potentialAction\":[{\"@type\":\"SearchAction\",\"target\":{\"@type\":\"EntryPoint\",\"urlTemplate\":\"https:\/\/nordnesrepublikken.no\/?s={search_term_string}\"},\"query-input\":{\"@type\":\"PropertyValueSpecification\",\"valueRequired\":true,\"valueName\":\"search_term_string\"}}],\"inLanguage\":\"nb-NO\"},{\"@type\":\"Organization\",\"@id\":\"https:\/\/nordnesrepublikken.no\/#organization\",\"name\":\"Nordnesrepublikken\",\"url\":\"https:\/\/nordnesrepublikken.no\/\",\"logo\":{\"@type\":\"ImageObject\",\"inLanguage\":\"nb-NO\",\"@id\":\"https:\/\/nordnesrepublikken.no\/#\/schema\/logo\/image\/\",\"url\":\"https:\/\/nordnesrepublikken.no\/wp-content\/uploads\/2025\/02\/cropped-nordnesrepublikken-2.png\",\"contentUrl\":\"https:\/\/nordnesrepublikken.no\/wp-content\/uploads\/2025\/02\/cropped-nordnesrepublikken-2.png\",\"width\":1248,\"height\":362,\"caption\":\"Nordnesrepublikken\"},\"image\":{\"@id\":\"https:\/\/nordnesrepublikken.no\/#\/schema\/logo\/image\/\"}},{\"@type\":\"Person\",\"@id\":\"https:\/\/nordnesrepublikken.no\/#\/schema\/person\/2e7e81935bab77882fffb79296240ff1\",\"name\":\"Ole Andersen\",\"image\":{\"@type\":\"ImageObject\",\"inLanguage\":\"nb-NO\",\"@id\":\"https:\/\/nordnesrepublikken.no\/#\/schema\/person\/image\/\",\"url\":\"https:\/\/nordnesrepublikken.no\/wp-content\/uploads\/2025\/02\/nordnesrepublikken-2-2-150x150.jpg\",\"contentUrl\":\"https:\/\/nordnesrepublikken.no\/wp-content\/uploads\/2025\/02\/nordnesrepublikken-2-2-150x150.jpg\",\"caption\":\"Ole Andersen\"},\"description\":\"Ettersom jeg vokste opp i Oslo, har jeg alltid v\u00e6rt fascinert av ordenes kraft og deres evne til \u00e5 skape endringer. Etter \u00e5 ha fullf\u00f8rt min utdannelse i kommunikasjon ved Universitetet i Bergen, fikk jeg muligheten til \u00e5 jobbe innen ulike medier, der jeg har s\u00f8kt \u00e5 belyse viktige samfunnssp\u00f8rsm\u00e5l. I dag, som redakt\u00f8r for Nordnesrepublikken, pr\u00f8ver jeg \u00e5 forene min kj\u00e6rlighet for journalistikk med min lidenskap for innovasjon og eventyr.\",\"sameAs\":[\"https:\/\/nordnesrepublikken.no\/\"]}]}<\/script>\n<!-- \/ Yoast SEO plugin. -->","yoast_head_json":{"title":"Lamborghinis Glitter & Glamour \u00e5pner i Puerto Ban\u00fas - Nordnesrepublikken","robots":{"index":"index","follow":"follow","max-snippet":"max-snippet:-1","max-image-preview":"max-image-preview:large","max-video-preview":"max-video-preview:-1"},"canonical":"https:\/\/nordnesrepublikken.no\/index.php\/2025\/07\/22\/lamborghinis-glitter-glamour-apner-i-puerto-banus\/","og_locale":"nb_NO","og_type":"article","og_title":"Lamborghinis Glitter & Glamour \u00e5pner i Puerto Ban\u00fas - Nordnesrepublikken","og_description":"Den italienske superbilprodusenten Automobili Lamborghini har utvidet sin virksomhet i Spania med den store \u00e5pningen","og_url":"https:\/\/nordnesrepublikken.no\/index.php\/2025\/07\/22\/lamborghinis-glitter-glamour-apner-i-puerto-banus\/","og_site_name":"Nordnesrepublikken","article_published_time":"2025-07-22T13:49:30+00:00","article_modified_time":"2025-07-22T13:49:32+00:00","og_image":[{"width":1200,"height":770,"url":"https:\/\/nordnesrepublikken.no\/wp-content\/uploads\/2025\/07\/1753192170_Lamborghinis-Glitter-Glamour-apner-i-Puerto-Banus.jpg","type":"image\/jpeg"}],"author":"Ole Andersen","twitter_card":"summary_large_image","twitter_misc":{"Skrevet av":"Ole Andersen","Ansl. lesetid":"2 minutter"},"schema":{"@context":"https:\/\/schema.org","@graph":[{"@type":"Article","@id":"https:\/\/nordnesrepublikken.no\/index.php\/2025\/07\/22\/lamborghinis-glitter-glamour-apner-i-puerto-banus\/#article","isPartOf":{"@id":"https:\/\/nordnesrepublikken.no\/index.php\/2025\/07\/22\/lamborghinis-glitter-glamour-apner-i-puerto-banus\/"},"author":{"name":"Ole Andersen","@id":"https:\/\/nordnesrepublikken.no\/#\/schema\/person\/2e7e81935bab77882fffb79296240ff1"},"headline":"Lamborghinis Glitter &#038; Glamour \u00e5pner i Puerto Ban\u00fas","datePublished":"2025-07-22T13:49:30+00:00","dateModified":"2025-07-22T13:49:32+00:00","mainEntityOfPage":{"@id":"https:\/\/nordnesrepublikken.no\/index.php\/2025\/07\/22\/lamborghinis-glitter-glamour-apner-i-puerto-banus\/"},"wordCount":331,"publisher":{"@id":"https:\/\/nordnesrepublikken.no\/#organization"},"image":{"@id":"https:\/\/nordnesrepublikken.no\/index.php\/2025\/07\/22\/lamborghinis-glitter-glamour-apner-i-puerto-banus\/#primaryimage"},"thumbnailUrl":"https:\/\/nordnesrepublikken.no\/wp-content\/uploads\/2025\/07\/1753192170_Lamborghinis-Glitter-Glamour-apner-i-Puerto-Banus.jpg","keywords":["\u00e5pner","Ban\u00fas","Glamour","Glitter","Lamborghinis","Puerto"],"articleSection":["Livsstil"],"inLanguage":"nb-NO"},{"@type":"WebPage","@id":"https:\/\/nordnesrepublikken.no\/index.php\/2025\/07\/22\/lamborghinis-glitter-glamour-apner-i-puerto-banus\/","url":"https:\/\/nordnesrepublikken.no\/index.php\/2025\/07\/22\/lamborghinis-glitter-glamour-apner-i-puerto-banus\/","name":"Lamborghinis Glitter & Glamour \u00e5pner i Puerto Ban\u00fas - Nordnesrepublikken","isPartOf":{"@id":"https:\/\/nordnesrepublikken.no\/#website"},"primaryImageOfPage":{"@id":"https:\/\/nordnesrepublikken.no\/index.php\/2025\/07\/22\/lamborghinis-glitter-glamour-apner-i-puerto-banus\/#primaryimage"},"image":{"@id":"https:\/\/nordnesrepublikken.no\/index.php\/2025\/07\/22\/lamborghinis-glitter-glamour-apner-i-puerto-banus\/#primaryimage"},"thumbnailUrl":"https:\/\/nordnesrepublikken.no\/wp-content\/uploads\/2025\/07\/1753192170_Lamborghinis-Glitter-Glamour-apner-i-Puerto-Banus.jpg","datePublished":"2025-07-22T13:49:30+00:00","dateModified":"2025-07-22T13:49:32+00:00","breadcrumb":{"@id":"https:\/\/nordnesrepublikken.no\/index.php\/2025\/07\/22\/lamborghinis-glitter-glamour-apner-i-puerto-banus\/#breadcrumb"},"inLanguage":"nb-NO","potentialAction":[{"@type":"ReadAction","target":["https:\/\/nordnesrepublikken.no\/index.php\/2025\/07\/22\/lamborghinis-glitter-glamour-apner-i-puerto-banus\/"]}]},{"@type":"ImageObject","inLanguage":"nb-NO","@id":"https:\/\/nordnesrepublikken.no\/index.php\/2025\/07\/22\/lamborghinis-glitter-glamour-apner-i-puerto-banus\/#primaryimage","url":"https:\/\/nordnesrepublikken.no\/wp-content\/uploads\/2025\/07\/1753192170_Lamborghinis-Glitter-Glamour-apner-i-Puerto-Banus.jpg","contentUrl":"https:\/\/nordnesrepublikken.no\/wp-content\/uploads\/2025\/07\/1753192170_Lamborghinis-Glitter-Glamour-apner-i-Puerto-Banus.jpg","width":1200,"height":770,"caption":"Lamborghinis Glitter & Glamour \u00e5pner i Puerto Ban\u00fas"},{"@type":"BreadcrumbList","@id":"https:\/\/nordnesrepublikken.no\/index.php\/2025\/07\/22\/lamborghinis-glitter-glamour-apner-i-puerto-banus\/#breadcrumb","itemListElement":[{"@type":"ListItem","position":1,"name":"Home","item":"https:\/\/nordnesrepublikken.no\/"},{"@type":"ListItem","position":2,"name":"Lamborghinis Glitter &#038; Glamour \u00e5pner i Puerto Ban\u00fas"}]},{"@type":"WebSite","@id":"https:\/\/nordnesrepublikken.no\/#website","url":"https:\/\/nordnesrepublikken.no\/","name":"Nordnesrepublikken","description":"Stemmer og Visjoner fra Republikkens Hjerte","publisher":{"@id":"https:\/\/nordnesrepublikken.no\/#organization"},"potentialAction":[{"@type":"SearchAction","target":{"@type":"EntryPoint","urlTemplate":"https:\/\/nordnesrepublikken.no\/?s={search_term_string}"},"query-input":{"@type":"PropertyValueSpecification","valueRequired":true,"valueName":"search_term_string"}}],"inLanguage":"nb-NO"},{"@type":"Organization","@id":"https:\/\/nordnesrepublikken.no\/#organization","name":"Nordnesrepublikken","url":"https:\/\/nordnesrepublikken.no\/","logo":{"@type":"ImageObject","inLanguage":"nb-NO","@id":"https:\/\/nordnesrepublikken.no\/#\/schema\/logo\/image\/","url":"https:\/\/nordnesrepublikken.no\/wp-content\/uploads\/2025\/02\/cropped-nordnesrepublikken-2.png","contentUrl":"https:\/\/nordnesrepublikken.no\/wp-content\/uploads\/2025\/02\/cropped-nordnesrepublikken-2.png","width":1248,"height":362,"caption":"Nordnesrepublikken"},"image":{"@id":"https:\/\/nordnesrepublikken.no\/#\/schema\/logo\/image\/"}},{"@type":"Person","@id":"https:\/\/nordnesrepublikken.no\/#\/schema\/person\/2e7e81935bab77882fffb79296240ff1","name":"Ole Andersen","image":{"@type":"ImageObject","inLanguage":"nb-NO","@id":"https:\/\/nordnesrepublikken.no\/#\/schema\/person\/image\/","url":"https:\/\/nordnesrepublikken.no\/wp-content\/uploads\/2025\/02\/nordnesrepublikken-2-2-150x150.jpg","contentUrl":"https:\/\/nordnesrepublikken.no\/wp-content\/uploads\/2025\/02\/nordnesrepublikken-2-2-150x150.jpg","caption":"Ole Andersen"},"description":"Ettersom jeg vokste opp i Oslo, har jeg alltid v\u00e6rt fascinert av ordenes kraft og deres evne til \u00e5 skape endringer. Etter \u00e5 ha fullf\u00f8rt min utdannelse i kommunikasjon ved Universitetet i Bergen, fikk jeg muligheten til \u00e5 jobbe innen ulike medier, der jeg har s\u00f8kt \u00e5 belyse viktige samfunnssp\u00f8rsm\u00e5l. I dag, som redakt\u00f8r for Nordnesrepublikken, pr\u00f8ver jeg \u00e5 forene min kj\u00e6rlighet for journalistikk med min lidenskap for innovasjon og eventyr.","sameAs":["https:\/\/nordnesrepublikken.no\/"]}]}},"_links":{"self":[{"href":"https:\/\/nordnesrepublikken.no\/index.php\/wp-json\/wp\/v2\/posts\/7287","targetHints":{"allow":["GET"]}}],"collection":[{"href":"https:\/\/nordnesrepublikken.no\/index.php\/wp-json\/wp\/v2\/posts"}],"about":[{"href":"https:\/\/nordnesrepublikken.no\/index.php\/wp-json\/wp\/v2\/types\/post"}],"author":[{"embeddable":true,"href":"https:\/\/nordnesrepublikken.no\/index.php\/wp-json\/wp\/v2\/users\/1"}],"replies":[{"embeddable":true,"href":"https:\/\/nordnesrepublikken.no\/index.php\/wp-json\/wp\/v2\/comments?post=7287"}],"version-history":[{"count":1,"href":"https:\/\/nordnesrepublikken.no\/index.php\/wp-json\/wp\/v2\/posts\/7287\/revisions"}],"predecessor-version":[{"id":7289,"href":"https:\/\/nordnesrepublikken.no\/index.php\/wp-json\/wp\/v2\/posts\/7287\/revisions\/7289"}],"wp:featuredmedia":[{"embeddable":true,"href":"https:\/\/nordnesrepublikken.no\/index.php\/wp-json\/wp\/v2\/media\/7288"}],"wp:attachment":[{"href":"https:\/\/nordnesrepublikken.no\/index.php\/wp-json\/wp\/v2\/media?parent=7287"}],"wp:term":[{"taxonomy":"category","embeddable":true,"href":"https:\/\/nordnesrepublikken.no\/index.php\/wp-json\/wp\/v2\/categories?post=7287"},{"taxonomy":"post_tag","embeddable":true,"href":"https:\/\/nordnesrepublikken.no\/index.php\/wp-json\/wp\/v2\/tags?post=7287"}],"curies":[{"name":"wp","href":"https:\/\/api.w.org\/{rel}","templated":true}]}}