{"id":7284,"date":"2025-07-22T12:50:02","date_gmt":"2025-07-22T10:50:02","guid":{"rendered":"https:\/\/nordnesrepublikken.no\/index.php\/2025\/07\/22\/hvor-mye-tar-det-a-virkelig-glemme-en-eks-partner-vitenskapelig-tid-pa-slutten-av-en-lenke\/"},"modified":"2025-07-22T12:50:18","modified_gmt":"2025-07-22T10:50:18","slug":"hvor-mye-tar-det-a-virkelig-glemme-en-eks-partner-vitenskapelig-tid-pa-slutten-av-en-lenke","status":"publish","type":"post","link":"https:\/\/nordnesrepublikken.no\/index.php\/2025\/07\/22\/hvor-mye-tar-det-a-virkelig-glemme-en-eks-partner-vitenskapelig-tid-pa-slutten-av-en-lenke\/","title":{"rendered":"Hvor mye tar det \u00e5 virkelig glemme en eks-partner? (Vitenskapelig) tid p\u00e5 slutten av en lenke"},"content":{"rendered":"<div>\n<div class=\"cp_wrapper cp_wrapper--fw mb-30 mb-20@tablet\">\n<figure class=\"mm\"><picture class=\"img\" style=\"padding-top:56.25%\"><source  media=\"(min-width: 1024px)\"><source  media=\"(min-width: 768px)\"><\/source><\/source><\/picture><\/figure>\n<\/p><\/div>\n<p>Hvor mye tar hjernen v\u00e5r egentlig for \u00e5 glemme en kj\u00e6rlighet? Og igjen: Er det noen gang mulig \u00e5 glemme det helt? Tre vitenskapelige studier forteller oss at de p\u00e5 sin m\u00e5te pr\u00f8vde \u00e5 m\u00e5le det immaterielle: <strong>Varigheten av tilknytningen etter slutten av et forhold<\/strong>. Resultatene? I f\u00f8lge den siste studien tjener de i gjennomsnitt <strong>4,2 \u00e5r<\/strong> For \u00e5 komme halvveis i oppl\u00f8sningen av et emosjonelt b\u00e5nd, men l\u00f8sgj\u00f8ringsprosessen kan be om det <strong>8 \u00e5r<\/strong>.<\/p>\n<p>For de fleste slutter den tidligere partneren \u00e5 v\u00e6re et emosjonelt referansepunkt, en psykologisk tilflukt. Men det er en langsom prosess, hvis varighet varierer fra person til person og fra situasjon til situasjon: i denne forstand \u00e5 spille en n\u00f8kkelrolle ser det ut til \u00e5 v\u00e6re det <strong>vedleggsstil<\/strong>. Det som er sikkert er at immunforsvaret kan p\u00e5virkes av en kj\u00e6rlig pause selv etter flere \u00e5r.<\/p>\n<h2>Tilknytningsstudien til en tidligere partner<\/h2>\n<p>En veldig nylig studie publisert i 2025 av Chong og Fraley fra University of Illinois, overv\u00e5ket folk etter slutten av et betydelig forhold. En statistisk-matematisk modell har blitt brukt p\u00e5 data om <strong>328 gjennomsnittlige voksne 32 \u00e5r<\/strong>som hadde opplevd et betydelig forhold som har endt i minst 6 m\u00e5neder. Den gjenv\u00e6rende koblingen med den tidligere partneren ble evaluert p\u00e5 <strong>Likert skala fra 0 til 7<\/strong> For tre vedleggsfunksjoner: <strong>trygg tilflukt<\/strong>, <strong>n\u00e6rhet<\/strong> Og <strong>Sikker base<\/strong>. Dataene ble deretter sammenlignet med de samme vurderingene som ble tilskrevet en fremmed, for \u00e5 definere et punkt med &laquo;utryddelse av obligasjonen&raquo;.<\/p>\n<p>Studien fant at koblingen sakte reduseres i henhold til en eksponentiell reduksjonskurve. Forskerne estimerte at det i gjennomsnitt tar oss <strong>Omtrent 4,2 \u00e5r for \u00e5 komme halvveis <\/strong>I oppl\u00f8sningen av den emosjonelle b\u00e5ndet med en eks. Etter omtrent <strong>8 \u00e5r<\/strong>tilknytningen, for den gjennomsnittlige personen, har en tendens til \u00e5 forsvinne \u00e5 bli psykologisk lik det du har for en ukjent.<\/p>\n<h2>Tilknytningsstilen er en n\u00f8kkelfaktor<\/h2>\n<p>Legene Barbara og Dion, i 2000, samlet guder <strong>Detaljerte sp\u00f8rreskjemaer<\/strong> av 115 kanadiske universitetsstudenter, og sammenligner <strong>vedleggsstil <\/strong>(m\u00e5lt via <strong>Vedleggsstil sp\u00f8rreskjema<\/strong> -Asq- Et sp\u00f8rreskjema som er mye brukt i psykologi) med emosjonelle reaksjoner p\u00e5 slutten av forholdet. Utvalget over alt inkluderte unge kvinner i gjennomsnittlig alder av 19 \u00e5r, og studien fremhevet <strong>Statistisk signifikante korrelasjoner mellom den engstelige og bekymrede stilen og forskjellige indikatorer for emosjonell lidelse og vanskeligheter med tilpasning<\/strong>. Disse menneskene lever derfor sammenbruddet p\u00e5 en m\u00e5te <strong>Mye mer smertefullt<\/strong>.<br \/>Faktisk har de som er bekymret en tendens til ikke \u00e5 gi slipp, vanligvis ikke \u00e5 ha v\u00e6rt han eller hun som \u00f8nsket sammenbruddet, som pr\u00f8vde mer sinne, sjalusi, tristhet og en feilf\u00f8lelse, for \u00e5 kjempe for \u00e5 rekonstruere identiteten deres etter l\u00f8srivelse.<br \/>I hovedsak, jo mer avhengige vi er ansatt, jo lengre og intense vil det emosjonelle &laquo;v\u00e5kne&raquo; av forholdet v\u00e6re.<\/p>\n<h2>Effektene av en pause p\u00e5 immunforsvaret<\/h2>\n<p>I 1999 unders\u00f8kte Kiecolt-Glaser-forskere <strong>76 separate eller fraskilte fag<\/strong>sammenligne dem med gifte fag. De m\u00e5lte noen <strong>Biologiske indikatorer p\u00e5 immunfunksjon<\/strong> (inkludert aktiviteten til NK -celler og antistoffniv\u00e5er mot latente virus) og de fant at jo st\u00f8rre vedvarende tilknytning til EX, det var de verste immunresponsene. De har derfor vist at separasjonsstress kan ha <strong>en direkte innvirkning p\u00e5 immunforsvaret<\/strong>. Spesielt at kvinner ble skilt fra mindre enn ett \u00e5r eller med fortsatt sterke f\u00f8lelser overfor f\u00f8rstnevnte viste markerte tegn p\u00e5 betennelse og depresjon; De som fremdeles pr\u00f8ver et sterkt tilknytning til f\u00f8rstnevnte har <strong>H\u00f8yere niv\u00e5er av depresjon, angst og betennelse<\/strong>;<br \/>I noen tilfeller kan konsekvensene av helse i \u00e5rene: Det er ikke uvanlig \u00e5 finne immuneffekter som fortsatt er aktive opp til <strong>5 \u00e5r etter separasjon<\/strong>.<\/p>\n<p>Kort sagt forteller vitenskapen at \u00e5 glemme en eks ikke bare er et mentalt eller emosjonelt, men ogs\u00e5 fysiologisk problem.<\/p>\n<\/p><\/div>\n","protected":false},"excerpt":{"rendered":"<p>Hvor mye tar hjernen v\u00e5r egentlig for \u00e5 glemme en kj\u00e6rlighet? Og igjen: Er det<\/p>\n","protected":false},"author":1,"featured_media":7285,"comment_status":"closed","ping_status":"open","sticky":false,"template":"","format":"standard","meta":{"footnotes":""},"categories":[24],"tags":[66,4746,4745,449,4747,535,81,2368,114,636,227,1468],"class_list":["post-7284","post","type-post","status-publish","format-standard","has-post-thumbnail","hentry","category-vitenskap","tag-det","tag-ekspartner","tag-glemme","tag-hvor","tag-lenke","tag-mye","tag-pa","tag-slutten","tag-tar","tag-tid","tag-virkelig","tag-vitenskapelig","generate-columns","tablet-grid-50","mobile-grid-100","grid-parent","grid-33","resize-featured-image"],"yoast_head":"<!-- This site is optimized with the Yoast SEO plugin v24.4 - https:\/\/yoast.com\/wordpress\/plugins\/seo\/ -->\n<title>Hvor mye tar det \u00e5 virkelig glemme en eks-partner? (Vitenskapelig) tid p\u00e5 slutten av en lenke - Nordnesrepublikken<\/title>\n<meta name=\"robots\" content=\"index, follow, max-snippet:-1, max-image-preview:large, max-video-preview:-1\" \/>\n<link rel=\"canonical\" href=\"https:\/\/nordnesrepublikken.no\/index.php\/2025\/07\/22\/hvor-mye-tar-det-a-virkelig-glemme-en-eks-partner-vitenskapelig-tid-pa-slutten-av-en-lenke\/\" \/>\n<meta property=\"og:locale\" content=\"nb_NO\" \/>\n<meta property=\"og:type\" content=\"article\" \/>\n<meta property=\"og:title\" content=\"Hvor mye tar det \u00e5 virkelig glemme en eks-partner? (Vitenskapelig) tid p\u00e5 slutten av en lenke - Nordnesrepublikken\" \/>\n<meta property=\"og:description\" content=\"Hvor mye tar hjernen v\u00e5r egentlig for \u00e5 glemme en kj\u00e6rlighet? Og igjen: Er det\" \/>\n<meta property=\"og:url\" content=\"https:\/\/nordnesrepublikken.no\/index.php\/2025\/07\/22\/hvor-mye-tar-det-a-virkelig-glemme-en-eks-partner-vitenskapelig-tid-pa-slutten-av-en-lenke\/\" \/>\n<meta property=\"og:site_name\" content=\"Nordnesrepublikken\" \/>\n<meta property=\"article:published_time\" content=\"2025-07-22T10:50:02+00:00\" \/>\n<meta property=\"article:modified_time\" content=\"2025-07-22T10:50:18+00:00\" \/>\n<meta property=\"og:image\" content=\"https:\/\/nordnesrepublikken.no\/wp-content\/uploads\/2025\/07\/1753181403_Hvor-mye-tar-det-a-virkelig-glemme-en-eks-partner-Vitenskapelig-scaled.jpg\" \/>\n\t<meta property=\"og:image:width\" content=\"2560\" \/>\n\t<meta property=\"og:image:height\" content=\"1707\" \/>\n\t<meta property=\"og:image:type\" content=\"image\/jpeg\" \/>\n<meta name=\"author\" content=\"Ole Andersen\" \/>\n<meta name=\"twitter:card\" content=\"summary_large_image\" \/>\n<meta name=\"twitter:label1\" content=\"Skrevet av\" \/>\n\t<meta name=\"twitter:data1\" content=\"Ole Andersen\" \/>\n\t<meta name=\"twitter:label2\" content=\"Ansl. lesetid\" \/>\n\t<meta name=\"twitter:data2\" content=\"3 minutter\" \/>\n<script type=\"application\/ld+json\" class=\"yoast-schema-graph\">{\"@context\":\"https:\/\/schema.org\",\"@graph\":[{\"@type\":\"Article\",\"@id\":\"https:\/\/nordnesrepublikken.no\/index.php\/2025\/07\/22\/hvor-mye-tar-det-a-virkelig-glemme-en-eks-partner-vitenskapelig-tid-pa-slutten-av-en-lenke\/#article\",\"isPartOf\":{\"@id\":\"https:\/\/nordnesrepublikken.no\/index.php\/2025\/07\/22\/hvor-mye-tar-det-a-virkelig-glemme-en-eks-partner-vitenskapelig-tid-pa-slutten-av-en-lenke\/\"},\"author\":{\"name\":\"Ole Andersen\",\"@id\":\"https:\/\/nordnesrepublikken.no\/#\/schema\/person\/2e7e81935bab77882fffb79296240ff1\"},\"headline\":\"Hvor mye tar det \u00e5 virkelig glemme en eks-partner? (Vitenskapelig) tid p\u00e5 slutten av en lenke\",\"datePublished\":\"2025-07-22T10:50:02+00:00\",\"dateModified\":\"2025-07-22T10:50:18+00:00\",\"mainEntityOfPage\":{\"@id\":\"https:\/\/nordnesrepublikken.no\/index.php\/2025\/07\/22\/hvor-mye-tar-det-a-virkelig-glemme-en-eks-partner-vitenskapelig-tid-pa-slutten-av-en-lenke\/\"},\"wordCount\":625,\"publisher\":{\"@id\":\"https:\/\/nordnesrepublikken.no\/#organization\"},\"image\":{\"@id\":\"https:\/\/nordnesrepublikken.no\/index.php\/2025\/07\/22\/hvor-mye-tar-det-a-virkelig-glemme-en-eks-partner-vitenskapelig-tid-pa-slutten-av-en-lenke\/#primaryimage\"},\"thumbnailUrl\":\"https:\/\/nordnesrepublikken.no\/wp-content\/uploads\/2025\/07\/1753181403_Hvor-mye-tar-det-a-virkelig-glemme-en-eks-partner-Vitenskapelig-scaled.jpg\",\"keywords\":[\"Det\",\"ekspartner\",\"glemme\",\"hvor\",\"lenke\",\"mye\",\"p\u00e5\",\"slutten\",\"tar\",\"tid\",\"virkelig\",\"vitenskapelig\"],\"articleSection\":[\"Vitenskap\"],\"inLanguage\":\"nb-NO\"},{\"@type\":\"WebPage\",\"@id\":\"https:\/\/nordnesrepublikken.no\/index.php\/2025\/07\/22\/hvor-mye-tar-det-a-virkelig-glemme-en-eks-partner-vitenskapelig-tid-pa-slutten-av-en-lenke\/\",\"url\":\"https:\/\/nordnesrepublikken.no\/index.php\/2025\/07\/22\/hvor-mye-tar-det-a-virkelig-glemme-en-eks-partner-vitenskapelig-tid-pa-slutten-av-en-lenke\/\",\"name\":\"Hvor mye tar det \u00e5 virkelig glemme en eks-partner? (Vitenskapelig) tid p\u00e5 slutten av en lenke - Nordnesrepublikken\",\"isPartOf\":{\"@id\":\"https:\/\/nordnesrepublikken.no\/#website\"},\"primaryImageOfPage\":{\"@id\":\"https:\/\/nordnesrepublikken.no\/index.php\/2025\/07\/22\/hvor-mye-tar-det-a-virkelig-glemme-en-eks-partner-vitenskapelig-tid-pa-slutten-av-en-lenke\/#primaryimage\"},\"image\":{\"@id\":\"https:\/\/nordnesrepublikken.no\/index.php\/2025\/07\/22\/hvor-mye-tar-det-a-virkelig-glemme-en-eks-partner-vitenskapelig-tid-pa-slutten-av-en-lenke\/#primaryimage\"},\"thumbnailUrl\":\"https:\/\/nordnesrepublikken.no\/wp-content\/uploads\/2025\/07\/1753181403_Hvor-mye-tar-det-a-virkelig-glemme-en-eks-partner-Vitenskapelig-scaled.jpg\",\"datePublished\":\"2025-07-22T10:50:02+00:00\",\"dateModified\":\"2025-07-22T10:50:18+00:00\",\"breadcrumb\":{\"@id\":\"https:\/\/nordnesrepublikken.no\/index.php\/2025\/07\/22\/hvor-mye-tar-det-a-virkelig-glemme-en-eks-partner-vitenskapelig-tid-pa-slutten-av-en-lenke\/#breadcrumb\"},\"inLanguage\":\"nb-NO\",\"potentialAction\":[{\"@type\":\"ReadAction\",\"target\":[\"https:\/\/nordnesrepublikken.no\/index.php\/2025\/07\/22\/hvor-mye-tar-det-a-virkelig-glemme-en-eks-partner-vitenskapelig-tid-pa-slutten-av-en-lenke\/\"]}]},{\"@type\":\"ImageObject\",\"inLanguage\":\"nb-NO\",\"@id\":\"https:\/\/nordnesrepublikken.no\/index.php\/2025\/07\/22\/hvor-mye-tar-det-a-virkelig-glemme-en-eks-partner-vitenskapelig-tid-pa-slutten-av-en-lenke\/#primaryimage\",\"url\":\"https:\/\/nordnesrepublikken.no\/wp-content\/uploads\/2025\/07\/1753181403_Hvor-mye-tar-det-a-virkelig-glemme-en-eks-partner-Vitenskapelig-scaled.jpg\",\"contentUrl\":\"https:\/\/nordnesrepublikken.no\/wp-content\/uploads\/2025\/07\/1753181403_Hvor-mye-tar-det-a-virkelig-glemme-en-eks-partner-Vitenskapelig-scaled.jpg\",\"width\":2560,\"height\":1707,\"caption\":\"ex partner\"},{\"@type\":\"BreadcrumbList\",\"@id\":\"https:\/\/nordnesrepublikken.no\/index.php\/2025\/07\/22\/hvor-mye-tar-det-a-virkelig-glemme-en-eks-partner-vitenskapelig-tid-pa-slutten-av-en-lenke\/#breadcrumb\",\"itemListElement\":[{\"@type\":\"ListItem\",\"position\":1,\"name\":\"Home\",\"item\":\"https:\/\/nordnesrepublikken.no\/\"},{\"@type\":\"ListItem\",\"position\":2,\"name\":\"Hvor mye tar det \u00e5 virkelig glemme en eks-partner? (Vitenskapelig) tid p\u00e5 slutten av en lenke\"}]},{\"@type\":\"WebSite\",\"@id\":\"https:\/\/nordnesrepublikken.no\/#website\",\"url\":\"https:\/\/nordnesrepublikken.no\/\",\"name\":\"Nordnesrepublikken\",\"description\":\"Stemmer og Visjoner fra Republikkens Hjerte\",\"publisher\":{\"@id\":\"https:\/\/nordnesrepublikken.no\/#organization\"},\"potentialAction\":[{\"@type\":\"SearchAction\",\"target\":{\"@type\":\"EntryPoint\",\"urlTemplate\":\"https:\/\/nordnesrepublikken.no\/?s={search_term_string}\"},\"query-input\":{\"@type\":\"PropertyValueSpecification\",\"valueRequired\":true,\"valueName\":\"search_term_string\"}}],\"inLanguage\":\"nb-NO\"},{\"@type\":\"Organization\",\"@id\":\"https:\/\/nordnesrepublikken.no\/#organization\",\"name\":\"Nordnesrepublikken\",\"url\":\"https:\/\/nordnesrepublikken.no\/\",\"logo\":{\"@type\":\"ImageObject\",\"inLanguage\":\"nb-NO\",\"@id\":\"https:\/\/nordnesrepublikken.no\/#\/schema\/logo\/image\/\",\"url\":\"https:\/\/nordnesrepublikken.no\/wp-content\/uploads\/2025\/02\/cropped-nordnesrepublikken-2.png\",\"contentUrl\":\"https:\/\/nordnesrepublikken.no\/wp-content\/uploads\/2025\/02\/cropped-nordnesrepublikken-2.png\",\"width\":1248,\"height\":362,\"caption\":\"Nordnesrepublikken\"},\"image\":{\"@id\":\"https:\/\/nordnesrepublikken.no\/#\/schema\/logo\/image\/\"}},{\"@type\":\"Person\",\"@id\":\"https:\/\/nordnesrepublikken.no\/#\/schema\/person\/2e7e81935bab77882fffb79296240ff1\",\"name\":\"Ole Andersen\",\"image\":{\"@type\":\"ImageObject\",\"inLanguage\":\"nb-NO\",\"@id\":\"https:\/\/nordnesrepublikken.no\/#\/schema\/person\/image\/\",\"url\":\"https:\/\/nordnesrepublikken.no\/wp-content\/uploads\/2025\/02\/nordnesrepublikken-2-2-150x150.jpg\",\"contentUrl\":\"https:\/\/nordnesrepublikken.no\/wp-content\/uploads\/2025\/02\/nordnesrepublikken-2-2-150x150.jpg\",\"caption\":\"Ole Andersen\"},\"description\":\"Ettersom jeg vokste opp i Oslo, har jeg alltid v\u00e6rt fascinert av ordenes kraft og deres evne til \u00e5 skape endringer. Etter \u00e5 ha fullf\u00f8rt min utdannelse i kommunikasjon ved Universitetet i Bergen, fikk jeg muligheten til \u00e5 jobbe innen ulike medier, der jeg har s\u00f8kt \u00e5 belyse viktige samfunnssp\u00f8rsm\u00e5l. I dag, som redakt\u00f8r for Nordnesrepublikken, pr\u00f8ver jeg \u00e5 forene min kj\u00e6rlighet for journalistikk med min lidenskap for innovasjon og eventyr.\",\"sameAs\":[\"https:\/\/nordnesrepublikken.no\/\"]}]}<\/script>\n<!-- \/ Yoast SEO plugin. -->","yoast_head_json":{"title":"Hvor mye tar det \u00e5 virkelig glemme en eks-partner? (Vitenskapelig) tid p\u00e5 slutten av en lenke - Nordnesrepublikken","robots":{"index":"index","follow":"follow","max-snippet":"max-snippet:-1","max-image-preview":"max-image-preview:large","max-video-preview":"max-video-preview:-1"},"canonical":"https:\/\/nordnesrepublikken.no\/index.php\/2025\/07\/22\/hvor-mye-tar-det-a-virkelig-glemme-en-eks-partner-vitenskapelig-tid-pa-slutten-av-en-lenke\/","og_locale":"nb_NO","og_type":"article","og_title":"Hvor mye tar det \u00e5 virkelig glemme en eks-partner? (Vitenskapelig) tid p\u00e5 slutten av en lenke - Nordnesrepublikken","og_description":"Hvor mye tar hjernen v\u00e5r egentlig for \u00e5 glemme en kj\u00e6rlighet? Og igjen: Er det","og_url":"https:\/\/nordnesrepublikken.no\/index.php\/2025\/07\/22\/hvor-mye-tar-det-a-virkelig-glemme-en-eks-partner-vitenskapelig-tid-pa-slutten-av-en-lenke\/","og_site_name":"Nordnesrepublikken","article_published_time":"2025-07-22T10:50:02+00:00","article_modified_time":"2025-07-22T10:50:18+00:00","og_image":[{"width":2560,"height":1707,"url":"https:\/\/nordnesrepublikken.no\/wp-content\/uploads\/2025\/07\/1753181403_Hvor-mye-tar-det-a-virkelig-glemme-en-eks-partner-Vitenskapelig-scaled.jpg","type":"image\/jpeg"}],"author":"Ole Andersen","twitter_card":"summary_large_image","twitter_misc":{"Skrevet av":"Ole Andersen","Ansl. lesetid":"3 minutter"},"schema":{"@context":"https:\/\/schema.org","@graph":[{"@type":"Article","@id":"https:\/\/nordnesrepublikken.no\/index.php\/2025\/07\/22\/hvor-mye-tar-det-a-virkelig-glemme-en-eks-partner-vitenskapelig-tid-pa-slutten-av-en-lenke\/#article","isPartOf":{"@id":"https:\/\/nordnesrepublikken.no\/index.php\/2025\/07\/22\/hvor-mye-tar-det-a-virkelig-glemme-en-eks-partner-vitenskapelig-tid-pa-slutten-av-en-lenke\/"},"author":{"name":"Ole Andersen","@id":"https:\/\/nordnesrepublikken.no\/#\/schema\/person\/2e7e81935bab77882fffb79296240ff1"},"headline":"Hvor mye tar det \u00e5 virkelig glemme en eks-partner? (Vitenskapelig) tid p\u00e5 slutten av en lenke","datePublished":"2025-07-22T10:50:02+00:00","dateModified":"2025-07-22T10:50:18+00:00","mainEntityOfPage":{"@id":"https:\/\/nordnesrepublikken.no\/index.php\/2025\/07\/22\/hvor-mye-tar-det-a-virkelig-glemme-en-eks-partner-vitenskapelig-tid-pa-slutten-av-en-lenke\/"},"wordCount":625,"publisher":{"@id":"https:\/\/nordnesrepublikken.no\/#organization"},"image":{"@id":"https:\/\/nordnesrepublikken.no\/index.php\/2025\/07\/22\/hvor-mye-tar-det-a-virkelig-glemme-en-eks-partner-vitenskapelig-tid-pa-slutten-av-en-lenke\/#primaryimage"},"thumbnailUrl":"https:\/\/nordnesrepublikken.no\/wp-content\/uploads\/2025\/07\/1753181403_Hvor-mye-tar-det-a-virkelig-glemme-en-eks-partner-Vitenskapelig-scaled.jpg","keywords":["Det","ekspartner","glemme","hvor","lenke","mye","p\u00e5","slutten","tar","tid","virkelig","vitenskapelig"],"articleSection":["Vitenskap"],"inLanguage":"nb-NO"},{"@type":"WebPage","@id":"https:\/\/nordnesrepublikken.no\/index.php\/2025\/07\/22\/hvor-mye-tar-det-a-virkelig-glemme-en-eks-partner-vitenskapelig-tid-pa-slutten-av-en-lenke\/","url":"https:\/\/nordnesrepublikken.no\/index.php\/2025\/07\/22\/hvor-mye-tar-det-a-virkelig-glemme-en-eks-partner-vitenskapelig-tid-pa-slutten-av-en-lenke\/","name":"Hvor mye tar det \u00e5 virkelig glemme en eks-partner? (Vitenskapelig) tid p\u00e5 slutten av en lenke - Nordnesrepublikken","isPartOf":{"@id":"https:\/\/nordnesrepublikken.no\/#website"},"primaryImageOfPage":{"@id":"https:\/\/nordnesrepublikken.no\/index.php\/2025\/07\/22\/hvor-mye-tar-det-a-virkelig-glemme-en-eks-partner-vitenskapelig-tid-pa-slutten-av-en-lenke\/#primaryimage"},"image":{"@id":"https:\/\/nordnesrepublikken.no\/index.php\/2025\/07\/22\/hvor-mye-tar-det-a-virkelig-glemme-en-eks-partner-vitenskapelig-tid-pa-slutten-av-en-lenke\/#primaryimage"},"thumbnailUrl":"https:\/\/nordnesrepublikken.no\/wp-content\/uploads\/2025\/07\/1753181403_Hvor-mye-tar-det-a-virkelig-glemme-en-eks-partner-Vitenskapelig-scaled.jpg","datePublished":"2025-07-22T10:50:02+00:00","dateModified":"2025-07-22T10:50:18+00:00","breadcrumb":{"@id":"https:\/\/nordnesrepublikken.no\/index.php\/2025\/07\/22\/hvor-mye-tar-det-a-virkelig-glemme-en-eks-partner-vitenskapelig-tid-pa-slutten-av-en-lenke\/#breadcrumb"},"inLanguage":"nb-NO","potentialAction":[{"@type":"ReadAction","target":["https:\/\/nordnesrepublikken.no\/index.php\/2025\/07\/22\/hvor-mye-tar-det-a-virkelig-glemme-en-eks-partner-vitenskapelig-tid-pa-slutten-av-en-lenke\/"]}]},{"@type":"ImageObject","inLanguage":"nb-NO","@id":"https:\/\/nordnesrepublikken.no\/index.php\/2025\/07\/22\/hvor-mye-tar-det-a-virkelig-glemme-en-eks-partner-vitenskapelig-tid-pa-slutten-av-en-lenke\/#primaryimage","url":"https:\/\/nordnesrepublikken.no\/wp-content\/uploads\/2025\/07\/1753181403_Hvor-mye-tar-det-a-virkelig-glemme-en-eks-partner-Vitenskapelig-scaled.jpg","contentUrl":"https:\/\/nordnesrepublikken.no\/wp-content\/uploads\/2025\/07\/1753181403_Hvor-mye-tar-det-a-virkelig-glemme-en-eks-partner-Vitenskapelig-scaled.jpg","width":2560,"height":1707,"caption":"ex partner"},{"@type":"BreadcrumbList","@id":"https:\/\/nordnesrepublikken.no\/index.php\/2025\/07\/22\/hvor-mye-tar-det-a-virkelig-glemme-en-eks-partner-vitenskapelig-tid-pa-slutten-av-en-lenke\/#breadcrumb","itemListElement":[{"@type":"ListItem","position":1,"name":"Home","item":"https:\/\/nordnesrepublikken.no\/"},{"@type":"ListItem","position":2,"name":"Hvor mye tar det \u00e5 virkelig glemme en eks-partner? (Vitenskapelig) tid p\u00e5 slutten av en lenke"}]},{"@type":"WebSite","@id":"https:\/\/nordnesrepublikken.no\/#website","url":"https:\/\/nordnesrepublikken.no\/","name":"Nordnesrepublikken","description":"Stemmer og Visjoner fra Republikkens Hjerte","publisher":{"@id":"https:\/\/nordnesrepublikken.no\/#organization"},"potentialAction":[{"@type":"SearchAction","target":{"@type":"EntryPoint","urlTemplate":"https:\/\/nordnesrepublikken.no\/?s={search_term_string}"},"query-input":{"@type":"PropertyValueSpecification","valueRequired":true,"valueName":"search_term_string"}}],"inLanguage":"nb-NO"},{"@type":"Organization","@id":"https:\/\/nordnesrepublikken.no\/#organization","name":"Nordnesrepublikken","url":"https:\/\/nordnesrepublikken.no\/","logo":{"@type":"ImageObject","inLanguage":"nb-NO","@id":"https:\/\/nordnesrepublikken.no\/#\/schema\/logo\/image\/","url":"https:\/\/nordnesrepublikken.no\/wp-content\/uploads\/2025\/02\/cropped-nordnesrepublikken-2.png","contentUrl":"https:\/\/nordnesrepublikken.no\/wp-content\/uploads\/2025\/02\/cropped-nordnesrepublikken-2.png","width":1248,"height":362,"caption":"Nordnesrepublikken"},"image":{"@id":"https:\/\/nordnesrepublikken.no\/#\/schema\/logo\/image\/"}},{"@type":"Person","@id":"https:\/\/nordnesrepublikken.no\/#\/schema\/person\/2e7e81935bab77882fffb79296240ff1","name":"Ole Andersen","image":{"@type":"ImageObject","inLanguage":"nb-NO","@id":"https:\/\/nordnesrepublikken.no\/#\/schema\/person\/image\/","url":"https:\/\/nordnesrepublikken.no\/wp-content\/uploads\/2025\/02\/nordnesrepublikken-2-2-150x150.jpg","contentUrl":"https:\/\/nordnesrepublikken.no\/wp-content\/uploads\/2025\/02\/nordnesrepublikken-2-2-150x150.jpg","caption":"Ole Andersen"},"description":"Ettersom jeg vokste opp i Oslo, har jeg alltid v\u00e6rt fascinert av ordenes kraft og deres evne til \u00e5 skape endringer. Etter \u00e5 ha fullf\u00f8rt min utdannelse i kommunikasjon ved Universitetet i Bergen, fikk jeg muligheten til \u00e5 jobbe innen ulike medier, der jeg har s\u00f8kt \u00e5 belyse viktige samfunnssp\u00f8rsm\u00e5l. I dag, som redakt\u00f8r for Nordnesrepublikken, pr\u00f8ver jeg \u00e5 forene min kj\u00e6rlighet for journalistikk med min lidenskap for innovasjon og eventyr.","sameAs":["https:\/\/nordnesrepublikken.no\/"]}]}},"_links":{"self":[{"href":"https:\/\/nordnesrepublikken.no\/index.php\/wp-json\/wp\/v2\/posts\/7284","targetHints":{"allow":["GET"]}}],"collection":[{"href":"https:\/\/nordnesrepublikken.no\/index.php\/wp-json\/wp\/v2\/posts"}],"about":[{"href":"https:\/\/nordnesrepublikken.no\/index.php\/wp-json\/wp\/v2\/types\/post"}],"author":[{"embeddable":true,"href":"https:\/\/nordnesrepublikken.no\/index.php\/wp-json\/wp\/v2\/users\/1"}],"replies":[{"embeddable":true,"href":"https:\/\/nordnesrepublikken.no\/index.php\/wp-json\/wp\/v2\/comments?post=7284"}],"version-history":[{"count":1,"href":"https:\/\/nordnesrepublikken.no\/index.php\/wp-json\/wp\/v2\/posts\/7284\/revisions"}],"predecessor-version":[{"id":7286,"href":"https:\/\/nordnesrepublikken.no\/index.php\/wp-json\/wp\/v2\/posts\/7284\/revisions\/7286"}],"wp:featuredmedia":[{"embeddable":true,"href":"https:\/\/nordnesrepublikken.no\/index.php\/wp-json\/wp\/v2\/media\/7285"}],"wp:attachment":[{"href":"https:\/\/nordnesrepublikken.no\/index.php\/wp-json\/wp\/v2\/media?parent=7284"}],"wp:term":[{"taxonomy":"category","embeddable":true,"href":"https:\/\/nordnesrepublikken.no\/index.php\/wp-json\/wp\/v2\/categories?post=7284"},{"taxonomy":"post_tag","embeddable":true,"href":"https:\/\/nordnesrepublikken.no\/index.php\/wp-json\/wp\/v2\/tags?post=7284"}],"curies":[{"name":"wp","href":"https:\/\/api.w.org\/{rel}","templated":true}]}}