{"id":7275,"date":"2025-07-22T06:50:29","date_gmt":"2025-07-22T04:50:29","guid":{"rendered":"https:\/\/nordnesrepublikken.no\/index.php\/2025\/07\/22\/den-nysgjerrige-historien-til-oya-fagiani-den-eneste-i-verden-som-endrer-nasjonalitet-hvert-halvar\/"},"modified":"2025-07-22T06:50:35","modified_gmt":"2025-07-22T04:50:35","slug":"den-nysgjerrige-historien-til-oya-fagiani-den-eneste-i-verden-som-endrer-nasjonalitet-hvert-halvar","status":"publish","type":"post","link":"https:\/\/nordnesrepublikken.no\/index.php\/2025\/07\/22\/den-nysgjerrige-historien-til-oya-fagiani-den-eneste-i-verden-som-endrer-nasjonalitet-hvert-halvar\/","title":{"rendered":"Den nysgjerrige historien til \u00f8ya Fagiani, den eneste i verden som endrer nasjonalitet hvert halv\u00e5r"},"content":{"rendered":"<div>\n<div class=\"cp_wrapper cp_wrapper--fw mb-30 mb-20@tablet\">\n<figure class=\"mm\"><picture class=\"img\" style=\"padding-top:56.25%\"><source  media=\"(min-width: 1024px)\"><source  media=\"(min-width: 768px)\"><\/source><\/source><\/picture><\/figure>\n<\/p><\/div>\n<p>DE&#8217;<b>Fagian Island<\/b> Det er en ubebodd elvelett, omtrent omtrent <b>200 meter<\/b>med en overflate p\u00e5 omtrent <b>3000 kvadratmeter<\/b>som st\u00e5r p\u00e5 <b>Bidasoa -elven<\/b>p\u00e5 grensen mellom det s\u00f8rvestlige Frankrike og de baskiske landene, i Nord -Spania.<\/p>\n<p>DE&#8217; <b>\u00cele des Faisans<\/b>p\u00e5 fransk, <b>Isla de los Faisanes<\/b> p\u00e5 spansk,<b> Konpantzia <\/b>eller <b>FAISAIEN UHARTEA\/IRLA <\/b>I baskisk har det ikke bare navnet &#8211; men p\u00e5 \u00f8ya er det ingen flyktige stoffer, det ser ut til at begrepet er en utvikling av ord som betyr passering eller bompenger &#8211; men ogs\u00e5 &laquo;nasjonaliteten&raquo; delt mellom Frankrike og Spania. En interessant tilstand som ang\u00e5r grensene og administrasjonen av territoriene, akkurat som byen Baarle, i Holland, full av enklave.<\/p>\n<p>De <b>Fransk kommune Hendaye <\/b>Administrerer \u00f8ya Fagiani for f\u00f8rste del av \u00e5ret, <b>Fra 1. februar til 31. juli<\/b>det <b>Baskisk di ireun<\/b> <b>Fra 1. august til 31. januar<\/b>. Denne utvekslingen skjer offisielt fra <b>1856 <\/b>og gj\u00f8r \u00f8ya Fagiani ikke bare <b>Mindre territorium i verden <\/b>som skal administreres i<b> &laquo;Condominium&raquo; -modus<\/b>eller delt, men ogs\u00e5 den eneste der <b>Sameiet veksler<\/b>i stedet for \u00e5 bli forst\u00e5tt.<\/p>\n<h2>Historien om \u00f8ya Fagiani<\/h2>\n<p>F\u00f8dt fra en <b>oversv\u00f8mmelse <\/b>Og ikke koblet til fastlandet, har \u00f8ya en historie knyttet fremover til<b> Flere traktater om fred og politiske avtaler<\/b> som ble signert p\u00e5 det: hans rolle, nettopp fordi han sto p\u00e5 elven som delte de to maktene<b> Frankrike og Spania<\/b>har alltid v\u00e6rt avgj\u00f8rende.<\/p>\n<p>Sete for en Lazzaretto siden begynnelsen av 1600 &#8211; og det var derfor den ogs\u00e5 ble kalt <b>Hospital Island<\/b> &#8211; \u00d8ya Fagiani ligger i 1615 av <b>Engasjement av arvingene <\/b>Av de kongelige familiene i Frankrike og Spania: datteren til kongen av Frankrike blir lovet til den spanske arvingen, mens det spanske infanta &#8211; eller prinsessen som ikke er ment for tronen &#8211; er lovet i ekteskap med den franske prinsen.<\/p>\n<p>Til tross for disse ekteskapene, er forholdene mellom de to statene og Europas generelle situasjon veldig anspent, s\u00e5 mye at det vil f\u00f8re til hva det vil v\u00e6re, fra <b>1618 til 1648, den tretti \u00e5rlige krigen<\/b>: sanksjonert av Westphalia -traktaten, de f\u00f8rste fredsdialogene som f\u00f8rer til nedleggelse av konflikten finner sted p\u00e5<b>Fagian Island<\/b>.<\/p>\n<p>Mellom 1659 og 1660 er \u00f8ya igjen teater for<b> engasjement<\/b> mellom arvinger fra de to nasjonene og <b>diplomatiske avtaler <\/b>\u00e5 sanksjonere den endelige freden, s\u00e5 mye at tittelen p\u00e5 <em><b>\u00cele de la Conf\u00e9rence<\/b><\/em>: i 1660 den<b> Pyrenees traktat<\/b>Offisiell slutt av konflikten mellom Frankrike og Spania. Denne avtalen &#8211; signert av kardinal Mazzarino for Frankrike og ambassad\u00f8ren Luis de Haro for Spania &#8211; blir ogs\u00e5 fortalt av <b>Jean de la Fontaine Writer<\/b> i<em><b>  &laquo;Fabel av de to geitene&raquo;<\/b><\/em>som forteller historien om to <strong>sta barn<\/strong> som m\u00f8tes p\u00e5 en bro, og ikke kan bestemme hvilken av de to som m\u00e5 vike for den andre.<\/p>\n<p>I 1658, som en del av den s\u00e5 -kalt <b>Bayonne behandlet <\/b>&#8211; Med denne ordlyden er alle avtalene som er gjort om \u00e5 etablere avtalene mellom Frankrike og Spania, indikert &#8211; &#8211; suvereniteten p\u00e5 \u00f8ya Fagians i <b>Metode som deles mellom de to statene<\/b>.<\/p>\n<p>Avgj\u00f8relsen om \u00e5 styre \u00f8ya som deles p\u00e5 en delt m\u00e5te er knyttet til begrensningen av smugling og problemene som l\u00f8p mellom fiskerne.<\/p>\n<h2>Hvordan \u00f8ya Fagiani administreres i dag<\/h2>\n<p>Administrasjonen av \u00f8ya, som nevnt, er opprettet av artikkel 27 i <b>Bayonne -traktaten<\/b>:<\/p>\n<blockquote>\n<p>\u00d8ya Fagiani, ogs\u00e5 kjent som \u00f8ya p\u00e5 konferansen, som mange historiske minner som er felles for de to nasjonene er knyttet sammen, vil tilh\u00f8re i fellesskap til Frankrike og Spania.<\/p>\n<\/blockquote>\n<p>De to <b>Kommuner i Hendaye Irun<\/b>som &laquo;dribler&raquo; \u00f8ya Fagiani, utgj\u00f8r en enkelt urban agglomerasjon delt p\u00e5 elven, mens den er en del av to forskjellige stater.<\/p>\n<p>\u00d8ya Fagiani, til dags dato, <b>har endret nasjonalitet omtrent 700 ganger<\/b> Og hvert annet \u00e5r avholdes en feiring for utvekslingen.<\/p>\n<p>Siden holmen er ubebodd og ikke koblet til jorden, derfor bare kan n\u00e5s med b\u00e5t og bare i anledning de offisielle feiringene, er det ingen <b>Vedlikeholdsarbeid <\/b>Detaljer som skal utf\u00f8res, hvis ikke<b> Rutinemessige handlinger for rengj\u00f8ring og vedlikehold av gr\u00f8nne omr\u00e5der<\/b>.<\/p>\n<p>Til dags dato har den offisielle figuren som holder administrasjonen av \u00f8ya Fagians, fremdeles <b>Tittel p\u00e5 Viceroy<\/b>som etablert i traktaten: For Spania er det sjefen for San Sebasti\u00e1n Naval Station, for Frankrike, av visedirekt\u00f8ren for avdelingsledelsen i territoriene og havet (DDTM) i Atlanterhavet Pyrenees.<\/p>\n<\/p><\/div>\n","protected":false},"excerpt":{"rendered":"<p>DE&#8217;Fagian Island Det er en ubebodd elvelett, omtrent omtrent 200 metermed en overflate p\u00e5 omtrent<\/p>\n","protected":false},"author":1,"featured_media":7276,"comment_status":"closed","ping_status":"open","sticky":false,"template":"","format":"standard","meta":{"footnotes":""},"categories":[26],"tags":[74,591,1923,4737,4738,521,93,1297,2230,669,31,117,598],"class_list":["post-7275","post","type-post","status-publish","format-standard","has-post-thumbnail","hentry","category-miljo","tag-den","tag-endrer","tag-eneste","tag-fagiani","tag-halvar","tag-historien","tag-hvert","tag-nasjonalitet","tag-nysgjerrige","tag-oya","tag-som","tag-til","tag-verden","generate-columns","tablet-grid-50","mobile-grid-100","grid-parent","grid-33","resize-featured-image"],"yoast_head":"<!-- This site is optimized with the Yoast SEO plugin v24.4 - https:\/\/yoast.com\/wordpress\/plugins\/seo\/ -->\n<title>Den nysgjerrige historien til \u00f8ya Fagiani, den eneste i verden som endrer nasjonalitet hvert halv\u00e5r - Nordnesrepublikken<\/title>\n<meta name=\"robots\" content=\"index, follow, max-snippet:-1, max-image-preview:large, max-video-preview:-1\" \/>\n<link rel=\"canonical\" href=\"https:\/\/nordnesrepublikken.no\/index.php\/2025\/07\/22\/den-nysgjerrige-historien-til-oya-fagiani-den-eneste-i-verden-som-endrer-nasjonalitet-hvert-halvar\/\" \/>\n<meta property=\"og:locale\" content=\"nb_NO\" \/>\n<meta property=\"og:type\" content=\"article\" \/>\n<meta property=\"og:title\" content=\"Den nysgjerrige historien til \u00f8ya Fagiani, den eneste i verden som endrer nasjonalitet hvert halv\u00e5r - Nordnesrepublikken\" \/>\n<meta property=\"og:description\" content=\"DE&#8217;Fagian Island Det er en ubebodd elvelett, omtrent omtrent 200 metermed en overflate p\u00e5 omtrent\" \/>\n<meta property=\"og:url\" content=\"https:\/\/nordnesrepublikken.no\/index.php\/2025\/07\/22\/den-nysgjerrige-historien-til-oya-fagiani-den-eneste-i-verden-som-endrer-nasjonalitet-hvert-halvar\/\" \/>\n<meta property=\"og:site_name\" content=\"Nordnesrepublikken\" \/>\n<meta property=\"article:published_time\" content=\"2025-07-22T04:50:29+00:00\" \/>\n<meta property=\"article:modified_time\" content=\"2025-07-22T04:50:35+00:00\" \/>\n<meta property=\"og:image\" content=\"https:\/\/nordnesrepublikken.no\/wp-content\/uploads\/2025\/07\/1753159831_Den-nysgjerrige-historien-til-oya-Fagiani-den-eneste-i-verden.jpg\" \/>\n\t<meta property=\"og:image:width\" content=\"2500\" \/>\n\t<meta property=\"og:image:height\" content=\"1618\" \/>\n\t<meta property=\"og:image:type\" content=\"image\/jpeg\" \/>\n<meta name=\"author\" content=\"Ole Andersen\" \/>\n<meta name=\"twitter:card\" content=\"summary_large_image\" \/>\n<meta name=\"twitter:label1\" content=\"Skrevet av\" \/>\n\t<meta name=\"twitter:data1\" content=\"Ole Andersen\" \/>\n\t<meta name=\"twitter:label2\" content=\"Ansl. lesetid\" \/>\n\t<meta name=\"twitter:data2\" content=\"4 minutter\" \/>\n<script type=\"application\/ld+json\" class=\"yoast-schema-graph\">{\"@context\":\"https:\/\/schema.org\",\"@graph\":[{\"@type\":\"Article\",\"@id\":\"https:\/\/nordnesrepublikken.no\/index.php\/2025\/07\/22\/den-nysgjerrige-historien-til-oya-fagiani-den-eneste-i-verden-som-endrer-nasjonalitet-hvert-halvar\/#article\",\"isPartOf\":{\"@id\":\"https:\/\/nordnesrepublikken.no\/index.php\/2025\/07\/22\/den-nysgjerrige-historien-til-oya-fagiani-den-eneste-i-verden-som-endrer-nasjonalitet-hvert-halvar\/\"},\"author\":{\"name\":\"Ole Andersen\",\"@id\":\"https:\/\/nordnesrepublikken.no\/#\/schema\/person\/2e7e81935bab77882fffb79296240ff1\"},\"headline\":\"Den nysgjerrige historien til \u00f8ya Fagiani, den eneste i verden som endrer nasjonalitet hvert halv\u00e5r\",\"datePublished\":\"2025-07-22T04:50:29+00:00\",\"dateModified\":\"2025-07-22T04:50:35+00:00\",\"mainEntityOfPage\":{\"@id\":\"https:\/\/nordnesrepublikken.no\/index.php\/2025\/07\/22\/den-nysgjerrige-historien-til-oya-fagiani-den-eneste-i-verden-som-endrer-nasjonalitet-hvert-halvar\/\"},\"wordCount\":722,\"publisher\":{\"@id\":\"https:\/\/nordnesrepublikken.no\/#organization\"},\"image\":{\"@id\":\"https:\/\/nordnesrepublikken.no\/index.php\/2025\/07\/22\/den-nysgjerrige-historien-til-oya-fagiani-den-eneste-i-verden-som-endrer-nasjonalitet-hvert-halvar\/#primaryimage\"},\"thumbnailUrl\":\"https:\/\/nordnesrepublikken.no\/wp-content\/uploads\/2025\/07\/1753159831_Den-nysgjerrige-historien-til-oya-Fagiani-den-eneste-i-verden.jpg\",\"keywords\":[\"den\",\"endrer\",\"eneste\",\"Fagiani\",\"halv\u00e5r\",\"Historien\",\"hvert\",\"nasjonalitet\",\"nysgjerrige\",\"\u00d8ya\",\"som\",\"til\",\"verden\"],\"articleSection\":[\"Milj\u00f8\"],\"inLanguage\":\"nb-NO\"},{\"@type\":\"WebPage\",\"@id\":\"https:\/\/nordnesrepublikken.no\/index.php\/2025\/07\/22\/den-nysgjerrige-historien-til-oya-fagiani-den-eneste-i-verden-som-endrer-nasjonalitet-hvert-halvar\/\",\"url\":\"https:\/\/nordnesrepublikken.no\/index.php\/2025\/07\/22\/den-nysgjerrige-historien-til-oya-fagiani-den-eneste-i-verden-som-endrer-nasjonalitet-hvert-halvar\/\",\"name\":\"Den nysgjerrige historien til \u00f8ya Fagiani, den eneste i verden som endrer nasjonalitet hvert halv\u00e5r - Nordnesrepublikken\",\"isPartOf\":{\"@id\":\"https:\/\/nordnesrepublikken.no\/#website\"},\"primaryImageOfPage\":{\"@id\":\"https:\/\/nordnesrepublikken.no\/index.php\/2025\/07\/22\/den-nysgjerrige-historien-til-oya-fagiani-den-eneste-i-verden-som-endrer-nasjonalitet-hvert-halvar\/#primaryimage\"},\"image\":{\"@id\":\"https:\/\/nordnesrepublikken.no\/index.php\/2025\/07\/22\/den-nysgjerrige-historien-til-oya-fagiani-den-eneste-i-verden-som-endrer-nasjonalitet-hvert-halvar\/#primaryimage\"},\"thumbnailUrl\":\"https:\/\/nordnesrepublikken.no\/wp-content\/uploads\/2025\/07\/1753159831_Den-nysgjerrige-historien-til-oya-Fagiani-den-eneste-i-verden.jpg\",\"datePublished\":\"2025-07-22T04:50:29+00:00\",\"dateModified\":\"2025-07-22T04:50:35+00:00\",\"breadcrumb\":{\"@id\":\"https:\/\/nordnesrepublikken.no\/index.php\/2025\/07\/22\/den-nysgjerrige-historien-til-oya-fagiani-den-eneste-i-verden-som-endrer-nasjonalitet-hvert-halvar\/#breadcrumb\"},\"inLanguage\":\"nb-NO\",\"potentialAction\":[{\"@type\":\"ReadAction\",\"target\":[\"https:\/\/nordnesrepublikken.no\/index.php\/2025\/07\/22\/den-nysgjerrige-historien-til-oya-fagiani-den-eneste-i-verden-som-endrer-nasjonalitet-hvert-halvar\/\"]}]},{\"@type\":\"ImageObject\",\"inLanguage\":\"nb-NO\",\"@id\":\"https:\/\/nordnesrepublikken.no\/index.php\/2025\/07\/22\/den-nysgjerrige-historien-til-oya-fagiani-den-eneste-i-verden-som-endrer-nasjonalitet-hvert-halvar\/#primaryimage\",\"url\":\"https:\/\/nordnesrepublikken.no\/wp-content\/uploads\/2025\/07\/1753159831_Den-nysgjerrige-historien-til-oya-Fagiani-den-eneste-i-verden.jpg\",\"contentUrl\":\"https:\/\/nordnesrepublikken.no\/wp-content\/uploads\/2025\/07\/1753159831_Den-nysgjerrige-historien-til-oya-Fagiani-den-eneste-i-verden.jpg\",\"width\":2500,\"height\":1618,\"caption\":\"isola fagiani francia spagna\"},{\"@type\":\"BreadcrumbList\",\"@id\":\"https:\/\/nordnesrepublikken.no\/index.php\/2025\/07\/22\/den-nysgjerrige-historien-til-oya-fagiani-den-eneste-i-verden-som-endrer-nasjonalitet-hvert-halvar\/#breadcrumb\",\"itemListElement\":[{\"@type\":\"ListItem\",\"position\":1,\"name\":\"Home\",\"item\":\"https:\/\/nordnesrepublikken.no\/\"},{\"@type\":\"ListItem\",\"position\":2,\"name\":\"Den nysgjerrige historien til \u00f8ya Fagiani, den eneste i verden som endrer nasjonalitet hvert halv\u00e5r\"}]},{\"@type\":\"WebSite\",\"@id\":\"https:\/\/nordnesrepublikken.no\/#website\",\"url\":\"https:\/\/nordnesrepublikken.no\/\",\"name\":\"Nordnesrepublikken\",\"description\":\"Stemmer og Visjoner fra Republikkens Hjerte\",\"publisher\":{\"@id\":\"https:\/\/nordnesrepublikken.no\/#organization\"},\"potentialAction\":[{\"@type\":\"SearchAction\",\"target\":{\"@type\":\"EntryPoint\",\"urlTemplate\":\"https:\/\/nordnesrepublikken.no\/?s={search_term_string}\"},\"query-input\":{\"@type\":\"PropertyValueSpecification\",\"valueRequired\":true,\"valueName\":\"search_term_string\"}}],\"inLanguage\":\"nb-NO\"},{\"@type\":\"Organization\",\"@id\":\"https:\/\/nordnesrepublikken.no\/#organization\",\"name\":\"Nordnesrepublikken\",\"url\":\"https:\/\/nordnesrepublikken.no\/\",\"logo\":{\"@type\":\"ImageObject\",\"inLanguage\":\"nb-NO\",\"@id\":\"https:\/\/nordnesrepublikken.no\/#\/schema\/logo\/image\/\",\"url\":\"https:\/\/nordnesrepublikken.no\/wp-content\/uploads\/2025\/02\/cropped-nordnesrepublikken-2.png\",\"contentUrl\":\"https:\/\/nordnesrepublikken.no\/wp-content\/uploads\/2025\/02\/cropped-nordnesrepublikken-2.png\",\"width\":1248,\"height\":362,\"caption\":\"Nordnesrepublikken\"},\"image\":{\"@id\":\"https:\/\/nordnesrepublikken.no\/#\/schema\/logo\/image\/\"}},{\"@type\":\"Person\",\"@id\":\"https:\/\/nordnesrepublikken.no\/#\/schema\/person\/2e7e81935bab77882fffb79296240ff1\",\"name\":\"Ole Andersen\",\"image\":{\"@type\":\"ImageObject\",\"inLanguage\":\"nb-NO\",\"@id\":\"https:\/\/nordnesrepublikken.no\/#\/schema\/person\/image\/\",\"url\":\"https:\/\/nordnesrepublikken.no\/wp-content\/uploads\/2025\/02\/nordnesrepublikken-2-2-150x150.jpg\",\"contentUrl\":\"https:\/\/nordnesrepublikken.no\/wp-content\/uploads\/2025\/02\/nordnesrepublikken-2-2-150x150.jpg\",\"caption\":\"Ole Andersen\"},\"description\":\"Ettersom jeg vokste opp i Oslo, har jeg alltid v\u00e6rt fascinert av ordenes kraft og deres evne til \u00e5 skape endringer. Etter \u00e5 ha fullf\u00f8rt min utdannelse i kommunikasjon ved Universitetet i Bergen, fikk jeg muligheten til \u00e5 jobbe innen ulike medier, der jeg har s\u00f8kt \u00e5 belyse viktige samfunnssp\u00f8rsm\u00e5l. I dag, som redakt\u00f8r for Nordnesrepublikken, pr\u00f8ver jeg \u00e5 forene min kj\u00e6rlighet for journalistikk med min lidenskap for innovasjon og eventyr.\",\"sameAs\":[\"https:\/\/nordnesrepublikken.no\/\"]}]}<\/script>\n<!-- \/ Yoast SEO plugin. -->","yoast_head_json":{"title":"Den nysgjerrige historien til \u00f8ya Fagiani, den eneste i verden som endrer nasjonalitet hvert halv\u00e5r - Nordnesrepublikken","robots":{"index":"index","follow":"follow","max-snippet":"max-snippet:-1","max-image-preview":"max-image-preview:large","max-video-preview":"max-video-preview:-1"},"canonical":"https:\/\/nordnesrepublikken.no\/index.php\/2025\/07\/22\/den-nysgjerrige-historien-til-oya-fagiani-den-eneste-i-verden-som-endrer-nasjonalitet-hvert-halvar\/","og_locale":"nb_NO","og_type":"article","og_title":"Den nysgjerrige historien til \u00f8ya Fagiani, den eneste i verden som endrer nasjonalitet hvert halv\u00e5r - Nordnesrepublikken","og_description":"DE&#8217;Fagian Island Det er en ubebodd elvelett, omtrent omtrent 200 metermed en overflate p\u00e5 omtrent","og_url":"https:\/\/nordnesrepublikken.no\/index.php\/2025\/07\/22\/den-nysgjerrige-historien-til-oya-fagiani-den-eneste-i-verden-som-endrer-nasjonalitet-hvert-halvar\/","og_site_name":"Nordnesrepublikken","article_published_time":"2025-07-22T04:50:29+00:00","article_modified_time":"2025-07-22T04:50:35+00:00","og_image":[{"width":2500,"height":1618,"url":"https:\/\/nordnesrepublikken.no\/wp-content\/uploads\/2025\/07\/1753159831_Den-nysgjerrige-historien-til-oya-Fagiani-den-eneste-i-verden.jpg","type":"image\/jpeg"}],"author":"Ole Andersen","twitter_card":"summary_large_image","twitter_misc":{"Skrevet av":"Ole Andersen","Ansl. lesetid":"4 minutter"},"schema":{"@context":"https:\/\/schema.org","@graph":[{"@type":"Article","@id":"https:\/\/nordnesrepublikken.no\/index.php\/2025\/07\/22\/den-nysgjerrige-historien-til-oya-fagiani-den-eneste-i-verden-som-endrer-nasjonalitet-hvert-halvar\/#article","isPartOf":{"@id":"https:\/\/nordnesrepublikken.no\/index.php\/2025\/07\/22\/den-nysgjerrige-historien-til-oya-fagiani-den-eneste-i-verden-som-endrer-nasjonalitet-hvert-halvar\/"},"author":{"name":"Ole Andersen","@id":"https:\/\/nordnesrepublikken.no\/#\/schema\/person\/2e7e81935bab77882fffb79296240ff1"},"headline":"Den nysgjerrige historien til \u00f8ya Fagiani, den eneste i verden som endrer nasjonalitet hvert halv\u00e5r","datePublished":"2025-07-22T04:50:29+00:00","dateModified":"2025-07-22T04:50:35+00:00","mainEntityOfPage":{"@id":"https:\/\/nordnesrepublikken.no\/index.php\/2025\/07\/22\/den-nysgjerrige-historien-til-oya-fagiani-den-eneste-i-verden-som-endrer-nasjonalitet-hvert-halvar\/"},"wordCount":722,"publisher":{"@id":"https:\/\/nordnesrepublikken.no\/#organization"},"image":{"@id":"https:\/\/nordnesrepublikken.no\/index.php\/2025\/07\/22\/den-nysgjerrige-historien-til-oya-fagiani-den-eneste-i-verden-som-endrer-nasjonalitet-hvert-halvar\/#primaryimage"},"thumbnailUrl":"https:\/\/nordnesrepublikken.no\/wp-content\/uploads\/2025\/07\/1753159831_Den-nysgjerrige-historien-til-oya-Fagiani-den-eneste-i-verden.jpg","keywords":["den","endrer","eneste","Fagiani","halv\u00e5r","Historien","hvert","nasjonalitet","nysgjerrige","\u00d8ya","som","til","verden"],"articleSection":["Milj\u00f8"],"inLanguage":"nb-NO"},{"@type":"WebPage","@id":"https:\/\/nordnesrepublikken.no\/index.php\/2025\/07\/22\/den-nysgjerrige-historien-til-oya-fagiani-den-eneste-i-verden-som-endrer-nasjonalitet-hvert-halvar\/","url":"https:\/\/nordnesrepublikken.no\/index.php\/2025\/07\/22\/den-nysgjerrige-historien-til-oya-fagiani-den-eneste-i-verden-som-endrer-nasjonalitet-hvert-halvar\/","name":"Den nysgjerrige historien til \u00f8ya Fagiani, den eneste i verden som endrer nasjonalitet hvert halv\u00e5r - Nordnesrepublikken","isPartOf":{"@id":"https:\/\/nordnesrepublikken.no\/#website"},"primaryImageOfPage":{"@id":"https:\/\/nordnesrepublikken.no\/index.php\/2025\/07\/22\/den-nysgjerrige-historien-til-oya-fagiani-den-eneste-i-verden-som-endrer-nasjonalitet-hvert-halvar\/#primaryimage"},"image":{"@id":"https:\/\/nordnesrepublikken.no\/index.php\/2025\/07\/22\/den-nysgjerrige-historien-til-oya-fagiani-den-eneste-i-verden-som-endrer-nasjonalitet-hvert-halvar\/#primaryimage"},"thumbnailUrl":"https:\/\/nordnesrepublikken.no\/wp-content\/uploads\/2025\/07\/1753159831_Den-nysgjerrige-historien-til-oya-Fagiani-den-eneste-i-verden.jpg","datePublished":"2025-07-22T04:50:29+00:00","dateModified":"2025-07-22T04:50:35+00:00","breadcrumb":{"@id":"https:\/\/nordnesrepublikken.no\/index.php\/2025\/07\/22\/den-nysgjerrige-historien-til-oya-fagiani-den-eneste-i-verden-som-endrer-nasjonalitet-hvert-halvar\/#breadcrumb"},"inLanguage":"nb-NO","potentialAction":[{"@type":"ReadAction","target":["https:\/\/nordnesrepublikken.no\/index.php\/2025\/07\/22\/den-nysgjerrige-historien-til-oya-fagiani-den-eneste-i-verden-som-endrer-nasjonalitet-hvert-halvar\/"]}]},{"@type":"ImageObject","inLanguage":"nb-NO","@id":"https:\/\/nordnesrepublikken.no\/index.php\/2025\/07\/22\/den-nysgjerrige-historien-til-oya-fagiani-den-eneste-i-verden-som-endrer-nasjonalitet-hvert-halvar\/#primaryimage","url":"https:\/\/nordnesrepublikken.no\/wp-content\/uploads\/2025\/07\/1753159831_Den-nysgjerrige-historien-til-oya-Fagiani-den-eneste-i-verden.jpg","contentUrl":"https:\/\/nordnesrepublikken.no\/wp-content\/uploads\/2025\/07\/1753159831_Den-nysgjerrige-historien-til-oya-Fagiani-den-eneste-i-verden.jpg","width":2500,"height":1618,"caption":"isola fagiani francia spagna"},{"@type":"BreadcrumbList","@id":"https:\/\/nordnesrepublikken.no\/index.php\/2025\/07\/22\/den-nysgjerrige-historien-til-oya-fagiani-den-eneste-i-verden-som-endrer-nasjonalitet-hvert-halvar\/#breadcrumb","itemListElement":[{"@type":"ListItem","position":1,"name":"Home","item":"https:\/\/nordnesrepublikken.no\/"},{"@type":"ListItem","position":2,"name":"Den nysgjerrige historien til \u00f8ya Fagiani, den eneste i verden som endrer nasjonalitet hvert halv\u00e5r"}]},{"@type":"WebSite","@id":"https:\/\/nordnesrepublikken.no\/#website","url":"https:\/\/nordnesrepublikken.no\/","name":"Nordnesrepublikken","description":"Stemmer og Visjoner fra Republikkens Hjerte","publisher":{"@id":"https:\/\/nordnesrepublikken.no\/#organization"},"potentialAction":[{"@type":"SearchAction","target":{"@type":"EntryPoint","urlTemplate":"https:\/\/nordnesrepublikken.no\/?s={search_term_string}"},"query-input":{"@type":"PropertyValueSpecification","valueRequired":true,"valueName":"search_term_string"}}],"inLanguage":"nb-NO"},{"@type":"Organization","@id":"https:\/\/nordnesrepublikken.no\/#organization","name":"Nordnesrepublikken","url":"https:\/\/nordnesrepublikken.no\/","logo":{"@type":"ImageObject","inLanguage":"nb-NO","@id":"https:\/\/nordnesrepublikken.no\/#\/schema\/logo\/image\/","url":"https:\/\/nordnesrepublikken.no\/wp-content\/uploads\/2025\/02\/cropped-nordnesrepublikken-2.png","contentUrl":"https:\/\/nordnesrepublikken.no\/wp-content\/uploads\/2025\/02\/cropped-nordnesrepublikken-2.png","width":1248,"height":362,"caption":"Nordnesrepublikken"},"image":{"@id":"https:\/\/nordnesrepublikken.no\/#\/schema\/logo\/image\/"}},{"@type":"Person","@id":"https:\/\/nordnesrepublikken.no\/#\/schema\/person\/2e7e81935bab77882fffb79296240ff1","name":"Ole Andersen","image":{"@type":"ImageObject","inLanguage":"nb-NO","@id":"https:\/\/nordnesrepublikken.no\/#\/schema\/person\/image\/","url":"https:\/\/nordnesrepublikken.no\/wp-content\/uploads\/2025\/02\/nordnesrepublikken-2-2-150x150.jpg","contentUrl":"https:\/\/nordnesrepublikken.no\/wp-content\/uploads\/2025\/02\/nordnesrepublikken-2-2-150x150.jpg","caption":"Ole Andersen"},"description":"Ettersom jeg vokste opp i Oslo, har jeg alltid v\u00e6rt fascinert av ordenes kraft og deres evne til \u00e5 skape endringer. Etter \u00e5 ha fullf\u00f8rt min utdannelse i kommunikasjon ved Universitetet i Bergen, fikk jeg muligheten til \u00e5 jobbe innen ulike medier, der jeg har s\u00f8kt \u00e5 belyse viktige samfunnssp\u00f8rsm\u00e5l. I dag, som redakt\u00f8r for Nordnesrepublikken, pr\u00f8ver jeg \u00e5 forene min kj\u00e6rlighet for journalistikk med min lidenskap for innovasjon og eventyr.","sameAs":["https:\/\/nordnesrepublikken.no\/"]}]}},"_links":{"self":[{"href":"https:\/\/nordnesrepublikken.no\/index.php\/wp-json\/wp\/v2\/posts\/7275","targetHints":{"allow":["GET"]}}],"collection":[{"href":"https:\/\/nordnesrepublikken.no\/index.php\/wp-json\/wp\/v2\/posts"}],"about":[{"href":"https:\/\/nordnesrepublikken.no\/index.php\/wp-json\/wp\/v2\/types\/post"}],"author":[{"embeddable":true,"href":"https:\/\/nordnesrepublikken.no\/index.php\/wp-json\/wp\/v2\/users\/1"}],"replies":[{"embeddable":true,"href":"https:\/\/nordnesrepublikken.no\/index.php\/wp-json\/wp\/v2\/comments?post=7275"}],"version-history":[{"count":1,"href":"https:\/\/nordnesrepublikken.no\/index.php\/wp-json\/wp\/v2\/posts\/7275\/revisions"}],"predecessor-version":[{"id":7277,"href":"https:\/\/nordnesrepublikken.no\/index.php\/wp-json\/wp\/v2\/posts\/7275\/revisions\/7277"}],"wp:featuredmedia":[{"embeddable":true,"href":"https:\/\/nordnesrepublikken.no\/index.php\/wp-json\/wp\/v2\/media\/7276"}],"wp:attachment":[{"href":"https:\/\/nordnesrepublikken.no\/index.php\/wp-json\/wp\/v2\/media?parent=7275"}],"wp:term":[{"taxonomy":"category","embeddable":true,"href":"https:\/\/nordnesrepublikken.no\/index.php\/wp-json\/wp\/v2\/categories?post=7275"},{"taxonomy":"post_tag","embeddable":true,"href":"https:\/\/nordnesrepublikken.no\/index.php\/wp-json\/wp\/v2\/tags?post=7275"}],"curies":[{"name":"wp","href":"https:\/\/api.w.org\/{rel}","templated":true}]}}