{"id":7269,"date":"2025-07-22T02:49:38","date_gmt":"2025-07-22T00:49:38","guid":{"rendered":"https:\/\/nordnesrepublikken.no\/index.php\/2025\/07\/22\/er-det-riktig-at-maskinen-griper-inn-for-a-blokkere-sjefens-vilje\/"},"modified":"2025-07-22T02:49:40","modified_gmt":"2025-07-22T00:49:40","slug":"er-det-riktig-at-maskinen-griper-inn-for-a-blokkere-sjefens-vilje","status":"publish","type":"post","link":"https:\/\/nordnesrepublikken.no\/index.php\/2025\/07\/22\/er-det-riktig-at-maskinen-griper-inn-for-a-blokkere-sjefens-vilje\/","title":{"rendered":"Er det riktig at maskinen griper inn for \u00e5 blokkere sjefens vilje?"},"content":{"rendered":"<div>\n<div class=\"cp_wrapper cp_wrapper--fw mb-30 mb-20@tablet\">\n<figure class=\"mm\"><picture class=\"img\" style=\"padding-top:56.25%\"><source  media=\"(min-width: 1024px)\"><source  media=\"(min-width: 768px)\"><\/source><\/source><\/picture><\/figure>\n<\/p><\/div>\n<p>De <strong>Air India AI171 Fly katastrofe<\/strong> 12. juni 2025 ville v\u00e6rt for\u00e5rsaket av sjefen <strong>Sumet Sabharwal,<\/strong> Noe som ville ha avbrutt med vilje drivstoffstr\u00f8mmen f\u00f8r 1 -motoren (den venstre) og deretter av 2 -motoren (den h\u00f8yre), noe som for\u00e5rsaket d\u00f8den av 241 av de 242 personene om bord. Nyheten, vi leste den alle, ble avsl\u00f8rt av <em>Wall Street Journal<\/em>som nevnte amerikanske tjenestemenn klar over innholdet i lydfilene til <strong>Svart boks<\/strong>. Det er nettopp den svarte boksen som ikke etterlater tvil: nedleggelse av motorene, <strong>Det var ikke en feil<\/strong> eller en teknisk funksjonsfeil, men en <strong>Frivillig gest<\/strong>sannsynligvis knyttet til en sterk <strong>depresjon<\/strong> hvorav sjefen led, selv om denne hypotesen enn\u00e5 ikke er bekreftet av myndighetene.<\/p>\n<p>P\u00e5 dette tidspunktet er det spontan \u00e5 sp\u00f8rre hvordan det er mulig at en pilot, en kommand\u00f8r, kan sl\u00e5 av motorene p\u00e5 flukt hvis <strong>Det er ingen n\u00f8dsituasjoner<\/strong>? B\u00f8r det ikke v\u00e6re umulig \u00e5 sl\u00e5 av motorene i et fly bare 3 sekunder etter start, uten en reell motivasjon? Kort sagt, dette er en av de sjeldne tilfellene der opinionen stiller sp\u00f8rsm\u00e5l ved<strong>P\u00e5liteligheten til mannen sammenlignet med maskinen og ikke omvendt<\/strong>som ofte skjer. Dessuten er forholdet mellom menneske og maskin n\u00e5 i sentrum av hverdagen v\u00e5r, ogs\u00e5 fordi det ikke er noen teknologisk innovasjon uten mennesket.<\/p>\n<p>DE<strong>&#8216;Kunstig intelligens<\/strong> Verden vi lever i, men denne endringen oppfattes ikke alltid p\u00e5 en positiv m\u00e5te: tvert imot, frykten multipliserer p\u00e5 hvor mye og hvordan maskinene vil erstatte menneskets arbeid i fremtiden og fremfor alt hvis du kan stole p\u00e5.<\/p>\n<p>I tilfelle av det tragiske flyulykke Air India, men <strong>maskin<\/strong> det hadde vist seg \u00e5 v\u00e6re <strong>mer p\u00e5litelig enn mennesket,<\/strong> som per definisjon er et skj\u00f8rt vesen, spesielt hvis det blir utsatt for <strong>Stort press og ansvar<\/strong> Hvordan kan en luftpilot v\u00e6re. Nettopp av denne grunn er det mulig at flyselskaper og store produsenter som Boeing i fremtiden vil lage <strong>umulig for piloter<\/strong> Frivillig nedleggelse av motorene, med mindre n\u00f8dsituasjoner eller<strong> Ekte anomalier.<\/strong><\/p>\n<p>Hva betyr alt dette? Det betyr at luftfart i fremtiden sannsynligvis vil stole mer p\u00e5<strong>automasjon<\/strong> Og det paradoksalt nok kan flyging bli enda tryggere enn i dag. Kort sagt, debatten er mer \u00e5pen enn noen gang: i ekstreme tilfeller som dette, er det riktig at maskinen griper inn for \u00e5 blokkere pilotens vilje?<\/p>\n<\/p><\/div>\n","protected":false},"excerpt":{"rendered":"<p>De Air India AI171 Fly katastrofe 12. juni 2025 ville v\u00e6rt for\u00e5rsaket av sjefen Sumet<\/p>\n","protected":false},"author":1,"featured_media":7270,"comment_status":"closed","ping_status":"open","sticky":false,"template":"","format":"standard","meta":{"footnotes":""},"categories":[104],"tags":[1809,66,4732,681,3711,2202,4733,4734],"class_list":["post-7269","post","type-post","status-publish","format-standard","has-post-thumbnail","hentry","category-samfunn","tag-blokkere","tag-det","tag-griper","tag-inn","tag-maskinen","tag-riktig","tag-sjefens","tag-vilje","generate-columns","tablet-grid-50","mobile-grid-100","grid-parent","grid-33","resize-featured-image"],"yoast_head":"<!-- This site is optimized with the Yoast SEO plugin v24.4 - https:\/\/yoast.com\/wordpress\/plugins\/seo\/ -->\n<title>Er det riktig at maskinen griper inn for \u00e5 blokkere sjefens vilje? - Nordnesrepublikken<\/title>\n<meta name=\"robots\" content=\"index, follow, max-snippet:-1, max-image-preview:large, max-video-preview:-1\" \/>\n<link rel=\"canonical\" href=\"https:\/\/nordnesrepublikken.no\/index.php\/2025\/07\/22\/er-det-riktig-at-maskinen-griper-inn-for-a-blokkere-sjefens-vilje\/\" \/>\n<meta property=\"og:locale\" content=\"nb_NO\" \/>\n<meta property=\"og:type\" content=\"article\" \/>\n<meta property=\"og:title\" content=\"Er det riktig at maskinen griper inn for \u00e5 blokkere sjefens vilje? - Nordnesrepublikken\" \/>\n<meta property=\"og:description\" content=\"De Air India AI171 Fly katastrofe 12. juni 2025 ville v\u00e6rt for\u00e5rsaket av sjefen Sumet\" \/>\n<meta property=\"og:url\" content=\"https:\/\/nordnesrepublikken.no\/index.php\/2025\/07\/22\/er-det-riktig-at-maskinen-griper-inn-for-a-blokkere-sjefens-vilje\/\" \/>\n<meta property=\"og:site_name\" content=\"Nordnesrepublikken\" \/>\n<meta property=\"article:published_time\" content=\"2025-07-22T00:49:38+00:00\" \/>\n<meta property=\"article:modified_time\" content=\"2025-07-22T00:49:40+00:00\" \/>\n<meta property=\"og:image\" content=\"https:\/\/nordnesrepublikken.no\/wp-content\/uploads\/2025\/07\/Er-det-riktig-at-maskinen-griper-inn-for-a-blokkere.jpg\" \/>\n\t<meta property=\"og:image:width\" content=\"1280\" \/>\n\t<meta property=\"og:image:height\" content=\"720\" \/>\n\t<meta property=\"og:image:type\" content=\"image\/jpeg\" \/>\n<meta name=\"author\" content=\"Ole Andersen\" \/>\n<meta name=\"twitter:card\" content=\"summary_large_image\" \/>\n<meta name=\"twitter:label1\" content=\"Skrevet av\" \/>\n\t<meta name=\"twitter:data1\" content=\"Ole Andersen\" \/>\n\t<meta name=\"twitter:label2\" content=\"Ansl. lesetid\" \/>\n\t<meta name=\"twitter:data2\" content=\"2 minutter\" \/>\n<script type=\"application\/ld+json\" class=\"yoast-schema-graph\">{\"@context\":\"https:\/\/schema.org\",\"@graph\":[{\"@type\":\"Article\",\"@id\":\"https:\/\/nordnesrepublikken.no\/index.php\/2025\/07\/22\/er-det-riktig-at-maskinen-griper-inn-for-a-blokkere-sjefens-vilje\/#article\",\"isPartOf\":{\"@id\":\"https:\/\/nordnesrepublikken.no\/index.php\/2025\/07\/22\/er-det-riktig-at-maskinen-griper-inn-for-a-blokkere-sjefens-vilje\/\"},\"author\":{\"name\":\"Ole Andersen\",\"@id\":\"https:\/\/nordnesrepublikken.no\/#\/schema\/person\/2e7e81935bab77882fffb79296240ff1\"},\"headline\":\"Er det riktig at maskinen griper inn for \u00e5 blokkere sjefens vilje?\",\"datePublished\":\"2025-07-22T00:49:38+00:00\",\"dateModified\":\"2025-07-22T00:49:40+00:00\",\"mainEntityOfPage\":{\"@id\":\"https:\/\/nordnesrepublikken.no\/index.php\/2025\/07\/22\/er-det-riktig-at-maskinen-griper-inn-for-a-blokkere-sjefens-vilje\/\"},\"wordCount\":401,\"publisher\":{\"@id\":\"https:\/\/nordnesrepublikken.no\/#organization\"},\"image\":{\"@id\":\"https:\/\/nordnesrepublikken.no\/index.php\/2025\/07\/22\/er-det-riktig-at-maskinen-griper-inn-for-a-blokkere-sjefens-vilje\/#primaryimage\"},\"thumbnailUrl\":\"https:\/\/nordnesrepublikken.no\/wp-content\/uploads\/2025\/07\/Er-det-riktig-at-maskinen-griper-inn-for-a-blokkere.jpg\",\"keywords\":[\"blokkere\",\"Det\",\"griper\",\"inn\",\"maskinen\",\"riktig\",\"sjefens\",\"vilje\"],\"articleSection\":[\"Samfunn\"],\"inLanguage\":\"nb-NO\"},{\"@type\":\"WebPage\",\"@id\":\"https:\/\/nordnesrepublikken.no\/index.php\/2025\/07\/22\/er-det-riktig-at-maskinen-griper-inn-for-a-blokkere-sjefens-vilje\/\",\"url\":\"https:\/\/nordnesrepublikken.no\/index.php\/2025\/07\/22\/er-det-riktig-at-maskinen-griper-inn-for-a-blokkere-sjefens-vilje\/\",\"name\":\"Er det riktig at maskinen griper inn for \u00e5 blokkere sjefens vilje? - Nordnesrepublikken\",\"isPartOf\":{\"@id\":\"https:\/\/nordnesrepublikken.no\/#website\"},\"primaryImageOfPage\":{\"@id\":\"https:\/\/nordnesrepublikken.no\/index.php\/2025\/07\/22\/er-det-riktig-at-maskinen-griper-inn-for-a-blokkere-sjefens-vilje\/#primaryimage\"},\"image\":{\"@id\":\"https:\/\/nordnesrepublikken.no\/index.php\/2025\/07\/22\/er-det-riktig-at-maskinen-griper-inn-for-a-blokkere-sjefens-vilje\/#primaryimage\"},\"thumbnailUrl\":\"https:\/\/nordnesrepublikken.no\/wp-content\/uploads\/2025\/07\/Er-det-riktig-at-maskinen-griper-inn-for-a-blokkere.jpg\",\"datePublished\":\"2025-07-22T00:49:38+00:00\",\"dateModified\":\"2025-07-22T00:49:40+00:00\",\"breadcrumb\":{\"@id\":\"https:\/\/nordnesrepublikken.no\/index.php\/2025\/07\/22\/er-det-riktig-at-maskinen-griper-inn-for-a-blokkere-sjefens-vilje\/#breadcrumb\"},\"inLanguage\":\"nb-NO\",\"potentialAction\":[{\"@type\":\"ReadAction\",\"target\":[\"https:\/\/nordnesrepublikken.no\/index.php\/2025\/07\/22\/er-det-riktig-at-maskinen-griper-inn-for-a-blokkere-sjefens-vilje\/\"]}]},{\"@type\":\"ImageObject\",\"inLanguage\":\"nb-NO\",\"@id\":\"https:\/\/nordnesrepublikken.no\/index.php\/2025\/07\/22\/er-det-riktig-at-maskinen-griper-inn-for-a-blokkere-sjefens-vilje\/#primaryimage\",\"url\":\"https:\/\/nordnesrepublikken.no\/wp-content\/uploads\/2025\/07\/Er-det-riktig-at-maskinen-griper-inn-for-a-blokkere.jpg\",\"contentUrl\":\"https:\/\/nordnesrepublikken.no\/wp-content\/uploads\/2025\/07\/Er-det-riktig-at-maskinen-griper-inn-for-a-blokkere.jpg\",\"width\":1280,\"height\":720,\"caption\":\"comandante air india\"},{\"@type\":\"BreadcrumbList\",\"@id\":\"https:\/\/nordnesrepublikken.no\/index.php\/2025\/07\/22\/er-det-riktig-at-maskinen-griper-inn-for-a-blokkere-sjefens-vilje\/#breadcrumb\",\"itemListElement\":[{\"@type\":\"ListItem\",\"position\":1,\"name\":\"Home\",\"item\":\"https:\/\/nordnesrepublikken.no\/\"},{\"@type\":\"ListItem\",\"position\":2,\"name\":\"Er det riktig at maskinen griper inn for \u00e5 blokkere sjefens vilje?\"}]},{\"@type\":\"WebSite\",\"@id\":\"https:\/\/nordnesrepublikken.no\/#website\",\"url\":\"https:\/\/nordnesrepublikken.no\/\",\"name\":\"Nordnesrepublikken\",\"description\":\"Stemmer og Visjoner fra Republikkens Hjerte\",\"publisher\":{\"@id\":\"https:\/\/nordnesrepublikken.no\/#organization\"},\"potentialAction\":[{\"@type\":\"SearchAction\",\"target\":{\"@type\":\"EntryPoint\",\"urlTemplate\":\"https:\/\/nordnesrepublikken.no\/?s={search_term_string}\"},\"query-input\":{\"@type\":\"PropertyValueSpecification\",\"valueRequired\":true,\"valueName\":\"search_term_string\"}}],\"inLanguage\":\"nb-NO\"},{\"@type\":\"Organization\",\"@id\":\"https:\/\/nordnesrepublikken.no\/#organization\",\"name\":\"Nordnesrepublikken\",\"url\":\"https:\/\/nordnesrepublikken.no\/\",\"logo\":{\"@type\":\"ImageObject\",\"inLanguage\":\"nb-NO\",\"@id\":\"https:\/\/nordnesrepublikken.no\/#\/schema\/logo\/image\/\",\"url\":\"https:\/\/nordnesrepublikken.no\/wp-content\/uploads\/2025\/02\/cropped-nordnesrepublikken-2.png\",\"contentUrl\":\"https:\/\/nordnesrepublikken.no\/wp-content\/uploads\/2025\/02\/cropped-nordnesrepublikken-2.png\",\"width\":1248,\"height\":362,\"caption\":\"Nordnesrepublikken\"},\"image\":{\"@id\":\"https:\/\/nordnesrepublikken.no\/#\/schema\/logo\/image\/\"}},{\"@type\":\"Person\",\"@id\":\"https:\/\/nordnesrepublikken.no\/#\/schema\/person\/2e7e81935bab77882fffb79296240ff1\",\"name\":\"Ole Andersen\",\"image\":{\"@type\":\"ImageObject\",\"inLanguage\":\"nb-NO\",\"@id\":\"https:\/\/nordnesrepublikken.no\/#\/schema\/person\/image\/\",\"url\":\"https:\/\/nordnesrepublikken.no\/wp-content\/uploads\/2025\/02\/nordnesrepublikken-2-2-150x150.jpg\",\"contentUrl\":\"https:\/\/nordnesrepublikken.no\/wp-content\/uploads\/2025\/02\/nordnesrepublikken-2-2-150x150.jpg\",\"caption\":\"Ole Andersen\"},\"description\":\"Ettersom jeg vokste opp i Oslo, har jeg alltid v\u00e6rt fascinert av ordenes kraft og deres evne til \u00e5 skape endringer. Etter \u00e5 ha fullf\u00f8rt min utdannelse i kommunikasjon ved Universitetet i Bergen, fikk jeg muligheten til \u00e5 jobbe innen ulike medier, der jeg har s\u00f8kt \u00e5 belyse viktige samfunnssp\u00f8rsm\u00e5l. I dag, som redakt\u00f8r for Nordnesrepublikken, pr\u00f8ver jeg \u00e5 forene min kj\u00e6rlighet for journalistikk med min lidenskap for innovasjon og eventyr.\",\"sameAs\":[\"https:\/\/nordnesrepublikken.no\/\"]}]}<\/script>\n<!-- \/ Yoast SEO plugin. -->","yoast_head_json":{"title":"Er det riktig at maskinen griper inn for \u00e5 blokkere sjefens vilje? - Nordnesrepublikken","robots":{"index":"index","follow":"follow","max-snippet":"max-snippet:-1","max-image-preview":"max-image-preview:large","max-video-preview":"max-video-preview:-1"},"canonical":"https:\/\/nordnesrepublikken.no\/index.php\/2025\/07\/22\/er-det-riktig-at-maskinen-griper-inn-for-a-blokkere-sjefens-vilje\/","og_locale":"nb_NO","og_type":"article","og_title":"Er det riktig at maskinen griper inn for \u00e5 blokkere sjefens vilje? - Nordnesrepublikken","og_description":"De Air India AI171 Fly katastrofe 12. juni 2025 ville v\u00e6rt for\u00e5rsaket av sjefen Sumet","og_url":"https:\/\/nordnesrepublikken.no\/index.php\/2025\/07\/22\/er-det-riktig-at-maskinen-griper-inn-for-a-blokkere-sjefens-vilje\/","og_site_name":"Nordnesrepublikken","article_published_time":"2025-07-22T00:49:38+00:00","article_modified_time":"2025-07-22T00:49:40+00:00","og_image":[{"width":1280,"height":720,"url":"https:\/\/nordnesrepublikken.no\/wp-content\/uploads\/2025\/07\/Er-det-riktig-at-maskinen-griper-inn-for-a-blokkere.jpg","type":"image\/jpeg"}],"author":"Ole Andersen","twitter_card":"summary_large_image","twitter_misc":{"Skrevet av":"Ole Andersen","Ansl. lesetid":"2 minutter"},"schema":{"@context":"https:\/\/schema.org","@graph":[{"@type":"Article","@id":"https:\/\/nordnesrepublikken.no\/index.php\/2025\/07\/22\/er-det-riktig-at-maskinen-griper-inn-for-a-blokkere-sjefens-vilje\/#article","isPartOf":{"@id":"https:\/\/nordnesrepublikken.no\/index.php\/2025\/07\/22\/er-det-riktig-at-maskinen-griper-inn-for-a-blokkere-sjefens-vilje\/"},"author":{"name":"Ole Andersen","@id":"https:\/\/nordnesrepublikken.no\/#\/schema\/person\/2e7e81935bab77882fffb79296240ff1"},"headline":"Er det riktig at maskinen griper inn for \u00e5 blokkere sjefens vilje?","datePublished":"2025-07-22T00:49:38+00:00","dateModified":"2025-07-22T00:49:40+00:00","mainEntityOfPage":{"@id":"https:\/\/nordnesrepublikken.no\/index.php\/2025\/07\/22\/er-det-riktig-at-maskinen-griper-inn-for-a-blokkere-sjefens-vilje\/"},"wordCount":401,"publisher":{"@id":"https:\/\/nordnesrepublikken.no\/#organization"},"image":{"@id":"https:\/\/nordnesrepublikken.no\/index.php\/2025\/07\/22\/er-det-riktig-at-maskinen-griper-inn-for-a-blokkere-sjefens-vilje\/#primaryimage"},"thumbnailUrl":"https:\/\/nordnesrepublikken.no\/wp-content\/uploads\/2025\/07\/Er-det-riktig-at-maskinen-griper-inn-for-a-blokkere.jpg","keywords":["blokkere","Det","griper","inn","maskinen","riktig","sjefens","vilje"],"articleSection":["Samfunn"],"inLanguage":"nb-NO"},{"@type":"WebPage","@id":"https:\/\/nordnesrepublikken.no\/index.php\/2025\/07\/22\/er-det-riktig-at-maskinen-griper-inn-for-a-blokkere-sjefens-vilje\/","url":"https:\/\/nordnesrepublikken.no\/index.php\/2025\/07\/22\/er-det-riktig-at-maskinen-griper-inn-for-a-blokkere-sjefens-vilje\/","name":"Er det riktig at maskinen griper inn for \u00e5 blokkere sjefens vilje? - Nordnesrepublikken","isPartOf":{"@id":"https:\/\/nordnesrepublikken.no\/#website"},"primaryImageOfPage":{"@id":"https:\/\/nordnesrepublikken.no\/index.php\/2025\/07\/22\/er-det-riktig-at-maskinen-griper-inn-for-a-blokkere-sjefens-vilje\/#primaryimage"},"image":{"@id":"https:\/\/nordnesrepublikken.no\/index.php\/2025\/07\/22\/er-det-riktig-at-maskinen-griper-inn-for-a-blokkere-sjefens-vilje\/#primaryimage"},"thumbnailUrl":"https:\/\/nordnesrepublikken.no\/wp-content\/uploads\/2025\/07\/Er-det-riktig-at-maskinen-griper-inn-for-a-blokkere.jpg","datePublished":"2025-07-22T00:49:38+00:00","dateModified":"2025-07-22T00:49:40+00:00","breadcrumb":{"@id":"https:\/\/nordnesrepublikken.no\/index.php\/2025\/07\/22\/er-det-riktig-at-maskinen-griper-inn-for-a-blokkere-sjefens-vilje\/#breadcrumb"},"inLanguage":"nb-NO","potentialAction":[{"@type":"ReadAction","target":["https:\/\/nordnesrepublikken.no\/index.php\/2025\/07\/22\/er-det-riktig-at-maskinen-griper-inn-for-a-blokkere-sjefens-vilje\/"]}]},{"@type":"ImageObject","inLanguage":"nb-NO","@id":"https:\/\/nordnesrepublikken.no\/index.php\/2025\/07\/22\/er-det-riktig-at-maskinen-griper-inn-for-a-blokkere-sjefens-vilje\/#primaryimage","url":"https:\/\/nordnesrepublikken.no\/wp-content\/uploads\/2025\/07\/Er-det-riktig-at-maskinen-griper-inn-for-a-blokkere.jpg","contentUrl":"https:\/\/nordnesrepublikken.no\/wp-content\/uploads\/2025\/07\/Er-det-riktig-at-maskinen-griper-inn-for-a-blokkere.jpg","width":1280,"height":720,"caption":"comandante air india"},{"@type":"BreadcrumbList","@id":"https:\/\/nordnesrepublikken.no\/index.php\/2025\/07\/22\/er-det-riktig-at-maskinen-griper-inn-for-a-blokkere-sjefens-vilje\/#breadcrumb","itemListElement":[{"@type":"ListItem","position":1,"name":"Home","item":"https:\/\/nordnesrepublikken.no\/"},{"@type":"ListItem","position":2,"name":"Er det riktig at maskinen griper inn for \u00e5 blokkere sjefens vilje?"}]},{"@type":"WebSite","@id":"https:\/\/nordnesrepublikken.no\/#website","url":"https:\/\/nordnesrepublikken.no\/","name":"Nordnesrepublikken","description":"Stemmer og Visjoner fra Republikkens Hjerte","publisher":{"@id":"https:\/\/nordnesrepublikken.no\/#organization"},"potentialAction":[{"@type":"SearchAction","target":{"@type":"EntryPoint","urlTemplate":"https:\/\/nordnesrepublikken.no\/?s={search_term_string}"},"query-input":{"@type":"PropertyValueSpecification","valueRequired":true,"valueName":"search_term_string"}}],"inLanguage":"nb-NO"},{"@type":"Organization","@id":"https:\/\/nordnesrepublikken.no\/#organization","name":"Nordnesrepublikken","url":"https:\/\/nordnesrepublikken.no\/","logo":{"@type":"ImageObject","inLanguage":"nb-NO","@id":"https:\/\/nordnesrepublikken.no\/#\/schema\/logo\/image\/","url":"https:\/\/nordnesrepublikken.no\/wp-content\/uploads\/2025\/02\/cropped-nordnesrepublikken-2.png","contentUrl":"https:\/\/nordnesrepublikken.no\/wp-content\/uploads\/2025\/02\/cropped-nordnesrepublikken-2.png","width":1248,"height":362,"caption":"Nordnesrepublikken"},"image":{"@id":"https:\/\/nordnesrepublikken.no\/#\/schema\/logo\/image\/"}},{"@type":"Person","@id":"https:\/\/nordnesrepublikken.no\/#\/schema\/person\/2e7e81935bab77882fffb79296240ff1","name":"Ole Andersen","image":{"@type":"ImageObject","inLanguage":"nb-NO","@id":"https:\/\/nordnesrepublikken.no\/#\/schema\/person\/image\/","url":"https:\/\/nordnesrepublikken.no\/wp-content\/uploads\/2025\/02\/nordnesrepublikken-2-2-150x150.jpg","contentUrl":"https:\/\/nordnesrepublikken.no\/wp-content\/uploads\/2025\/02\/nordnesrepublikken-2-2-150x150.jpg","caption":"Ole Andersen"},"description":"Ettersom jeg vokste opp i Oslo, har jeg alltid v\u00e6rt fascinert av ordenes kraft og deres evne til \u00e5 skape endringer. Etter \u00e5 ha fullf\u00f8rt min utdannelse i kommunikasjon ved Universitetet i Bergen, fikk jeg muligheten til \u00e5 jobbe innen ulike medier, der jeg har s\u00f8kt \u00e5 belyse viktige samfunnssp\u00f8rsm\u00e5l. I dag, som redakt\u00f8r for Nordnesrepublikken, pr\u00f8ver jeg \u00e5 forene min kj\u00e6rlighet for journalistikk med min lidenskap for innovasjon og eventyr.","sameAs":["https:\/\/nordnesrepublikken.no\/"]}]}},"_links":{"self":[{"href":"https:\/\/nordnesrepublikken.no\/index.php\/wp-json\/wp\/v2\/posts\/7269","targetHints":{"allow":["GET"]}}],"collection":[{"href":"https:\/\/nordnesrepublikken.no\/index.php\/wp-json\/wp\/v2\/posts"}],"about":[{"href":"https:\/\/nordnesrepublikken.no\/index.php\/wp-json\/wp\/v2\/types\/post"}],"author":[{"embeddable":true,"href":"https:\/\/nordnesrepublikken.no\/index.php\/wp-json\/wp\/v2\/users\/1"}],"replies":[{"embeddable":true,"href":"https:\/\/nordnesrepublikken.no\/index.php\/wp-json\/wp\/v2\/comments?post=7269"}],"version-history":[{"count":1,"href":"https:\/\/nordnesrepublikken.no\/index.php\/wp-json\/wp\/v2\/posts\/7269\/revisions"}],"predecessor-version":[{"id":7271,"href":"https:\/\/nordnesrepublikken.no\/index.php\/wp-json\/wp\/v2\/posts\/7269\/revisions\/7271"}],"wp:featuredmedia":[{"embeddable":true,"href":"https:\/\/nordnesrepublikken.no\/index.php\/wp-json\/wp\/v2\/media\/7270"}],"wp:attachment":[{"href":"https:\/\/nordnesrepublikken.no\/index.php\/wp-json\/wp\/v2\/media?parent=7269"}],"wp:term":[{"taxonomy":"category","embeddable":true,"href":"https:\/\/nordnesrepublikken.no\/index.php\/wp-json\/wp\/v2\/categories?post=7269"},{"taxonomy":"post_tag","embeddable":true,"href":"https:\/\/nordnesrepublikken.no\/index.php\/wp-json\/wp\/v2\/tags?post=7269"}],"curies":[{"name":"wp","href":"https:\/\/api.w.org\/{rel}","templated":true}]}}