{"id":7266,"date":"2025-07-22T01:49:31","date_gmt":"2025-07-21T23:49:31","guid":{"rendered":"https:\/\/nordnesrepublikken.no\/index.php\/2025\/07\/22\/eu-setter-oktoberdato-for-biometriske-grenser-her-er-hva-reisende-trenger-a-vite\/"},"modified":"2025-07-22T01:49:33","modified_gmt":"2025-07-21T23:49:33","slug":"eu-setter-oktoberdato-for-biometriske-grenser-her-er-hva-reisende-trenger-a-vite","status":"publish","type":"post","link":"https:\/\/nordnesrepublikken.no\/index.php\/2025\/07\/22\/eu-setter-oktoberdato-for-biometriske-grenser-her-er-hva-reisende-trenger-a-vite\/","title":{"rendered":"EU setter oktoberdato for biometriske grenser: Her er hva reisende trenger \u00e5 vite"},"content":{"rendered":"<p><\/p>\n<div class=\"wordpress-content\">\n                    <!-- Article Start --><\/p>\n<p><strong>Store endringer ved grensen: EUs inngangsutseende system kommer &#8230;<\/strong><\/p>\n<p>Feriegjester og vanlige flygeblad, ta oppmerksom p\u00e5: En stor rystelse ved Europas grenser er endelig p\u00e5 vei. Etter mange \u00e5rs forsinkelser og mye spekulasjoner, har EU l\u00e5st i 12. oktober 2025 som lanseringsdato for sitt etterlengtede inngangs-exit-system (EES)-et prosjekt som er satt til \u00e5 overpr\u00f8ve m\u00e5ten ikke-EU-borgere, inkludert briter og amerikanere, krysser inn i Schengen-omr\u00e5det.<\/p>\n<h2>Hva handler inngangssystemet om?<\/h2>\n<p>Borte er dagene da et enkelt stempel i passet ditt ville gj\u00f8re susen. Under EES vil reisende fra utenfor EU n\u00e5 ha fingeravtrykk og et digitalt bilde tatt hver gang de kommer inn eller forlate. Det er en biometrisk oppgradering som lover strammere sikkerhet, raskere grensekontroller (i teorien) og langt f\u00e6rre manuelle prosedyrer for tjenestemenn.<\/p>\n<div class=\"sra_unit\"><link rel=\"stylesheet\" id=\"block-sra\" href=\"https:\/\/euroweeklynews.com\/wp-content\/plugins\/snack-related-articles\/dist\/css\/snack-related.min.css?250312-193541\" type=\"text\/css\" media=\"all\">\n<\/div>\n<p>Her er hva du trenger \u00e5 vite:<\/p>\n<ul>\n<li><strong>Hvem er ber\u00f8rt?<\/strong> Alle ikke-EU-reiser-inkludert Storbritannia, USA og Australia-enten du trenger visum eller ikke.<\/li>\n<li><strong>Hva er nytt?<\/strong> N\u00e5r du ankommer en hvilken som helst Schengen -grensen, registrerer du deg via fingeravtrykksskanning og foto, i stedet for det gamle passstempelet.<\/li>\n<li><strong>N\u00e5r skjer det?<\/strong> Fra 12. oktober 2025, med en seks m\u00e5neders utrulling som slutter i april 2026. I l\u00f8pet av v\u00e5ren 2026 b\u00f8r hver EUs ytre grense bruke EES.<\/li>\n<\/ul>\n<h2>Etias gebyrstigning: mer kostbart for turister<\/h2>\n<p>Men det er ikke alt. EU har nettopp kunngjort at gebyret for det snart lanserte europeiske reiseinformasjons- og autorisasjonssystemet (ETIA) vil nesten tredoble-fra \u20ac 7 til \u20ac 20. Hvis du planlegger en tur fra 2026 og fremover, trenger du denne autorisasjonen f\u00f8r du reiser (tenk p\u00e5 den som EUs svar p\u00e5 US Esta eller Storbritannias ETA).<\/p>\n<p>Hvorfor prisstigningen? Tjenestemenn sier at det er ned til inflasjon og kostnadene for \u00e5 drive systemet. Avgiften p\u00e5 \u20ac 20 er ogs\u00e5 ment \u00e5 holde EU i tr\u00e5d med andre lands reisegodkjenningsgebyr.<\/p>\n<h3>Raske fakta:<\/h3>\n<ul>\n<li>Lanseringsdato: Sent 2026 (etter at EES er i gang)<\/li>\n<li>Hvor lenge varer etias? Tre \u00e5r, med mindre passet ditt utl\u00f8per f\u00f8rst<\/li>\n<li>Hvor mye? \u20ac 20 per voksen (under 18 \u00e5r og over 70-tallet betaler ikke)<\/li>\n<li>Hvor fungerer det? Alle Schengen -land, pluss noen f\u00e5 andre som blir med i ordningen<\/li>\n<li>Hva gj\u00f8r du? S\u00f8k p\u00e5 nettet, f\u00e5 en beslutning p\u00e5 f\u00e5 minutter, s\u00e5 er du god i 90 dager i et hvilket som helst 180-dagers vindu<\/li>\n<\/ul>\n<h2>Hvordan stabler den opp mot andre land?<\/h2>\n<p>Hvis du lurer p\u00e5 hvordan dette sammenligner med andre destinasjoner, har Storbritannia nettopp hevet ETA -kostnadene til \u00a3 16 (\u20ac 18,50) for EUs bes\u00f8kende, og USA dobler ESTA -avgiften fra $ 21 til $ 40. Det er klart at reisepapir blir dyrere overalt.<\/p>\n<p>Reiseeksperter har \u00f8nsket velkommen til klarheten etter s\u00e5 mange forsinkelser, men advarer om at det fortsatt er arbeid \u00e5 gj\u00f8re. Mark Tanzer, administrerende direkt\u00f8r i Storbritannias Travel Association ABTA, sier at b\u00e5de EU og Storbritannia trenger \u00e5 styrke kommunikasjonen, s\u00e5 ferierende er ikke fanget ut i siste \u00f8yeblikk.<\/p>\n<p>Det er ogs\u00e5 et press for EU -land \u00e5 ta i bruk den offisielle EES -appen &#8211; som lar deg laste opp detaljene dine p\u00e5 forh\u00e5nd og (forh\u00e5pentligvis) f\u00e5 fart p\u00e5 flyplassk\u00f8ene.<\/p>\n<p><!--StartFragment --><\/p>\n<h2 class=\"pf0\"><span class=\"cf0\">Hvordan forberede seg p\u00e5 de nye EU -grenseendringene<\/span><!--EndFragment --><\/h2>\n<ul>\n<li>Hvis du planlegger reise inn eller ut av EU etter oktober 2025, m\u00e5 du f\u00f8lge med p\u00e5 oppdateringer fra flyselskapet ditt og de offisielle EES- og ETIAS -nettstedene.<\/li>\n<li>Forsikre deg om at passet ditt er gyldig-Biometriske kontroller ikke vil fungere med et skadet brikke eller utdatert dokument.<\/li>\n<li>Sjekk om du trenger Etias f\u00f8r turen, og budsjetter mot det h\u00f8yere gebyret hvis du reiser i slutten av 2026 eller utover.<\/li>\n<\/ul>\n<p>Europas grenser f\u00e5r en h\u00f8yteknologisk makeover, med nye biometriske sjekker som kommer inn fra oktober 2025 og en h\u00f8yere avgift for reiseautorisasjoner ikke langt etter. Som alltid er det beste r\u00e5det \u00e5 v\u00e6re forberedt og holde papirene (og appene) oppdatert &#8211; slik at du kan bruke mindre tid p\u00e5 grensekontroll og mer tid p\u00e5 \u00e5 nyte turen.<\/p>\n<p>                    <!-- Article End -->\n                <\/div>\n","protected":false},"excerpt":{"rendered":"<p>Store endringer ved grensen: EUs inngangsutseende system kommer &#8230; Feriegjester og vanlige flygeblad, ta oppmerksom<\/p>\n","protected":false},"author":1,"featured_media":7267,"comment_status":"closed","ping_status":"open","sticky":false,"template":"","format":"standard","meta":{"footnotes":""},"categories":[105],"tags":[4731,2079,144,4730,3092,2747,1478,1479],"class_list":["post-7266","post","type-post","status-publish","format-standard","has-post-thumbnail","hentry","category-livsstil","tag-biometriske","tag-grenser","tag-hva","tag-oktoberdato","tag-reisende","tag-setter","tag-trenger","tag-vite","generate-columns","tablet-grid-50","mobile-grid-100","grid-parent","grid-33","resize-featured-image"],"yoast_head":"<!-- This site is optimized with the Yoast SEO plugin v24.4 - https:\/\/yoast.com\/wordpress\/plugins\/seo\/ -->\n<title>EU setter oktoberdato for biometriske grenser: Her er hva reisende trenger \u00e5 vite - Nordnesrepublikken<\/title>\n<meta name=\"robots\" content=\"index, follow, max-snippet:-1, max-image-preview:large, max-video-preview:-1\" \/>\n<link rel=\"canonical\" href=\"https:\/\/nordnesrepublikken.no\/index.php\/2025\/07\/22\/eu-setter-oktoberdato-for-biometriske-grenser-her-er-hva-reisende-trenger-a-vite\/\" \/>\n<meta property=\"og:locale\" content=\"nb_NO\" \/>\n<meta property=\"og:type\" content=\"article\" \/>\n<meta property=\"og:title\" content=\"EU setter oktoberdato for biometriske grenser: Her er hva reisende trenger \u00e5 vite - Nordnesrepublikken\" \/>\n<meta property=\"og:description\" content=\"Store endringer ved grensen: EUs inngangsutseende system kommer &#8230; Feriegjester og vanlige flygeblad, ta oppmerksom\" \/>\n<meta property=\"og:url\" content=\"https:\/\/nordnesrepublikken.no\/index.php\/2025\/07\/22\/eu-setter-oktoberdato-for-biometriske-grenser-her-er-hva-reisende-trenger-a-vite\/\" \/>\n<meta property=\"og:site_name\" content=\"Nordnesrepublikken\" \/>\n<meta property=\"article:published_time\" content=\"2025-07-21T23:49:31+00:00\" \/>\n<meta property=\"article:modified_time\" content=\"2025-07-21T23:49:33+00:00\" \/>\n<meta property=\"og:image\" content=\"https:\/\/nordnesrepublikken.no\/wp-content\/uploads\/2025\/07\/1753141771_EU-setter-oktoberdato-for-biometriske-grenser-Her-er-hva-reisende.jpg\" \/>\n\t<meta property=\"og:image:width\" content=\"1200\" \/>\n\t<meta property=\"og:image:height\" content=\"900\" \/>\n\t<meta property=\"og:image:type\" content=\"image\/jpeg\" \/>\n<meta name=\"author\" content=\"Ole Andersen\" \/>\n<meta name=\"twitter:card\" content=\"summary_large_image\" \/>\n<meta name=\"twitter:label1\" content=\"Skrevet av\" \/>\n\t<meta name=\"twitter:data1\" content=\"Ole Andersen\" \/>\n\t<meta name=\"twitter:label2\" content=\"Ansl. lesetid\" \/>\n\t<meta name=\"twitter:data2\" content=\"3 minutter\" \/>\n<script type=\"application\/ld+json\" class=\"yoast-schema-graph\">{\"@context\":\"https:\/\/schema.org\",\"@graph\":[{\"@type\":\"Article\",\"@id\":\"https:\/\/nordnesrepublikken.no\/index.php\/2025\/07\/22\/eu-setter-oktoberdato-for-biometriske-grenser-her-er-hva-reisende-trenger-a-vite\/#article\",\"isPartOf\":{\"@id\":\"https:\/\/nordnesrepublikken.no\/index.php\/2025\/07\/22\/eu-setter-oktoberdato-for-biometriske-grenser-her-er-hva-reisende-trenger-a-vite\/\"},\"author\":{\"name\":\"Ole Andersen\",\"@id\":\"https:\/\/nordnesrepublikken.no\/#\/schema\/person\/2e7e81935bab77882fffb79296240ff1\"},\"headline\":\"EU setter oktoberdato for biometriske grenser: Her er hva reisende trenger \u00e5 vite\",\"datePublished\":\"2025-07-21T23:49:31+00:00\",\"dateModified\":\"2025-07-21T23:49:33+00:00\",\"mainEntityOfPage\":{\"@id\":\"https:\/\/nordnesrepublikken.no\/index.php\/2025\/07\/22\/eu-setter-oktoberdato-for-biometriske-grenser-her-er-hva-reisende-trenger-a-vite\/\"},\"wordCount\":642,\"publisher\":{\"@id\":\"https:\/\/nordnesrepublikken.no\/#organization\"},\"image\":{\"@id\":\"https:\/\/nordnesrepublikken.no\/index.php\/2025\/07\/22\/eu-setter-oktoberdato-for-biometriske-grenser-her-er-hva-reisende-trenger-a-vite\/#primaryimage\"},\"thumbnailUrl\":\"https:\/\/nordnesrepublikken.no\/wp-content\/uploads\/2025\/07\/1753141771_EU-setter-oktoberdato-for-biometriske-grenser-Her-er-hva-reisende.jpg\",\"keywords\":[\"biometriske\",\"grenser\",\"Hva\",\"oktoberdato\",\"reisende\",\"setter\",\"trenger\",\"vite\"],\"articleSection\":[\"Livsstil\"],\"inLanguage\":\"nb-NO\"},{\"@type\":\"WebPage\",\"@id\":\"https:\/\/nordnesrepublikken.no\/index.php\/2025\/07\/22\/eu-setter-oktoberdato-for-biometriske-grenser-her-er-hva-reisende-trenger-a-vite\/\",\"url\":\"https:\/\/nordnesrepublikken.no\/index.php\/2025\/07\/22\/eu-setter-oktoberdato-for-biometriske-grenser-her-er-hva-reisende-trenger-a-vite\/\",\"name\":\"EU setter oktoberdato for biometriske grenser: Her er hva reisende trenger \u00e5 vite - Nordnesrepublikken\",\"isPartOf\":{\"@id\":\"https:\/\/nordnesrepublikken.no\/#website\"},\"primaryImageOfPage\":{\"@id\":\"https:\/\/nordnesrepublikken.no\/index.php\/2025\/07\/22\/eu-setter-oktoberdato-for-biometriske-grenser-her-er-hva-reisende-trenger-a-vite\/#primaryimage\"},\"image\":{\"@id\":\"https:\/\/nordnesrepublikken.no\/index.php\/2025\/07\/22\/eu-setter-oktoberdato-for-biometriske-grenser-her-er-hva-reisende-trenger-a-vite\/#primaryimage\"},\"thumbnailUrl\":\"https:\/\/nordnesrepublikken.no\/wp-content\/uploads\/2025\/07\/1753141771_EU-setter-oktoberdato-for-biometriske-grenser-Her-er-hva-reisende.jpg\",\"datePublished\":\"2025-07-21T23:49:31+00:00\",\"dateModified\":\"2025-07-21T23:49:33+00:00\",\"breadcrumb\":{\"@id\":\"https:\/\/nordnesrepublikken.no\/index.php\/2025\/07\/22\/eu-setter-oktoberdato-for-biometriske-grenser-her-er-hva-reisende-trenger-a-vite\/#breadcrumb\"},\"inLanguage\":\"nb-NO\",\"potentialAction\":[{\"@type\":\"ReadAction\",\"target\":[\"https:\/\/nordnesrepublikken.no\/index.php\/2025\/07\/22\/eu-setter-oktoberdato-for-biometriske-grenser-her-er-hva-reisende-trenger-a-vite\/\"]}]},{\"@type\":\"ImageObject\",\"inLanguage\":\"nb-NO\",\"@id\":\"https:\/\/nordnesrepublikken.no\/index.php\/2025\/07\/22\/eu-setter-oktoberdato-for-biometriske-grenser-her-er-hva-reisende-trenger-a-vite\/#primaryimage\",\"url\":\"https:\/\/nordnesrepublikken.no\/wp-content\/uploads\/2025\/07\/1753141771_EU-setter-oktoberdato-for-biometriske-grenser-Her-er-hva-reisende.jpg\",\"contentUrl\":\"https:\/\/nordnesrepublikken.no\/wp-content\/uploads\/2025\/07\/1753141771_EU-setter-oktoberdato-for-biometriske-grenser-Her-er-hva-reisende.jpg\",\"width\":1200,\"height\":900,\"caption\":\"EU setter oktoberdato for biometriske grenser: Her er hva reisende trenger \u00e5 vite\"},{\"@type\":\"BreadcrumbList\",\"@id\":\"https:\/\/nordnesrepublikken.no\/index.php\/2025\/07\/22\/eu-setter-oktoberdato-for-biometriske-grenser-her-er-hva-reisende-trenger-a-vite\/#breadcrumb\",\"itemListElement\":[{\"@type\":\"ListItem\",\"position\":1,\"name\":\"Home\",\"item\":\"https:\/\/nordnesrepublikken.no\/\"},{\"@type\":\"ListItem\",\"position\":2,\"name\":\"EU setter oktoberdato for biometriske grenser: Her er hva reisende trenger \u00e5 vite\"}]},{\"@type\":\"WebSite\",\"@id\":\"https:\/\/nordnesrepublikken.no\/#website\",\"url\":\"https:\/\/nordnesrepublikken.no\/\",\"name\":\"Nordnesrepublikken\",\"description\":\"Stemmer og Visjoner fra Republikkens Hjerte\",\"publisher\":{\"@id\":\"https:\/\/nordnesrepublikken.no\/#organization\"},\"potentialAction\":[{\"@type\":\"SearchAction\",\"target\":{\"@type\":\"EntryPoint\",\"urlTemplate\":\"https:\/\/nordnesrepublikken.no\/?s={search_term_string}\"},\"query-input\":{\"@type\":\"PropertyValueSpecification\",\"valueRequired\":true,\"valueName\":\"search_term_string\"}}],\"inLanguage\":\"nb-NO\"},{\"@type\":\"Organization\",\"@id\":\"https:\/\/nordnesrepublikken.no\/#organization\",\"name\":\"Nordnesrepublikken\",\"url\":\"https:\/\/nordnesrepublikken.no\/\",\"logo\":{\"@type\":\"ImageObject\",\"inLanguage\":\"nb-NO\",\"@id\":\"https:\/\/nordnesrepublikken.no\/#\/schema\/logo\/image\/\",\"url\":\"https:\/\/nordnesrepublikken.no\/wp-content\/uploads\/2025\/02\/cropped-nordnesrepublikken-2.png\",\"contentUrl\":\"https:\/\/nordnesrepublikken.no\/wp-content\/uploads\/2025\/02\/cropped-nordnesrepublikken-2.png\",\"width\":1248,\"height\":362,\"caption\":\"Nordnesrepublikken\"},\"image\":{\"@id\":\"https:\/\/nordnesrepublikken.no\/#\/schema\/logo\/image\/\"}},{\"@type\":\"Person\",\"@id\":\"https:\/\/nordnesrepublikken.no\/#\/schema\/person\/2e7e81935bab77882fffb79296240ff1\",\"name\":\"Ole Andersen\",\"image\":{\"@type\":\"ImageObject\",\"inLanguage\":\"nb-NO\",\"@id\":\"https:\/\/nordnesrepublikken.no\/#\/schema\/person\/image\/\",\"url\":\"https:\/\/nordnesrepublikken.no\/wp-content\/uploads\/2025\/02\/nordnesrepublikken-2-2-150x150.jpg\",\"contentUrl\":\"https:\/\/nordnesrepublikken.no\/wp-content\/uploads\/2025\/02\/nordnesrepublikken-2-2-150x150.jpg\",\"caption\":\"Ole Andersen\"},\"description\":\"Ettersom jeg vokste opp i Oslo, har jeg alltid v\u00e6rt fascinert av ordenes kraft og deres evne til \u00e5 skape endringer. Etter \u00e5 ha fullf\u00f8rt min utdannelse i kommunikasjon ved Universitetet i Bergen, fikk jeg muligheten til \u00e5 jobbe innen ulike medier, der jeg har s\u00f8kt \u00e5 belyse viktige samfunnssp\u00f8rsm\u00e5l. I dag, som redakt\u00f8r for Nordnesrepublikken, pr\u00f8ver jeg \u00e5 forene min kj\u00e6rlighet for journalistikk med min lidenskap for innovasjon og eventyr.\",\"sameAs\":[\"https:\/\/nordnesrepublikken.no\/\"]}]}<\/script>\n<!-- \/ Yoast SEO plugin. -->","yoast_head_json":{"title":"EU setter oktoberdato for biometriske grenser: Her er hva reisende trenger \u00e5 vite - Nordnesrepublikken","robots":{"index":"index","follow":"follow","max-snippet":"max-snippet:-1","max-image-preview":"max-image-preview:large","max-video-preview":"max-video-preview:-1"},"canonical":"https:\/\/nordnesrepublikken.no\/index.php\/2025\/07\/22\/eu-setter-oktoberdato-for-biometriske-grenser-her-er-hva-reisende-trenger-a-vite\/","og_locale":"nb_NO","og_type":"article","og_title":"EU setter oktoberdato for biometriske grenser: Her er hva reisende trenger \u00e5 vite - Nordnesrepublikken","og_description":"Store endringer ved grensen: EUs inngangsutseende system kommer &#8230; Feriegjester og vanlige flygeblad, ta oppmerksom","og_url":"https:\/\/nordnesrepublikken.no\/index.php\/2025\/07\/22\/eu-setter-oktoberdato-for-biometriske-grenser-her-er-hva-reisende-trenger-a-vite\/","og_site_name":"Nordnesrepublikken","article_published_time":"2025-07-21T23:49:31+00:00","article_modified_time":"2025-07-21T23:49:33+00:00","og_image":[{"width":1200,"height":900,"url":"https:\/\/nordnesrepublikken.no\/wp-content\/uploads\/2025\/07\/1753141771_EU-setter-oktoberdato-for-biometriske-grenser-Her-er-hva-reisende.jpg","type":"image\/jpeg"}],"author":"Ole Andersen","twitter_card":"summary_large_image","twitter_misc":{"Skrevet av":"Ole Andersen","Ansl. lesetid":"3 minutter"},"schema":{"@context":"https:\/\/schema.org","@graph":[{"@type":"Article","@id":"https:\/\/nordnesrepublikken.no\/index.php\/2025\/07\/22\/eu-setter-oktoberdato-for-biometriske-grenser-her-er-hva-reisende-trenger-a-vite\/#article","isPartOf":{"@id":"https:\/\/nordnesrepublikken.no\/index.php\/2025\/07\/22\/eu-setter-oktoberdato-for-biometriske-grenser-her-er-hva-reisende-trenger-a-vite\/"},"author":{"name":"Ole Andersen","@id":"https:\/\/nordnesrepublikken.no\/#\/schema\/person\/2e7e81935bab77882fffb79296240ff1"},"headline":"EU setter oktoberdato for biometriske grenser: Her er hva reisende trenger \u00e5 vite","datePublished":"2025-07-21T23:49:31+00:00","dateModified":"2025-07-21T23:49:33+00:00","mainEntityOfPage":{"@id":"https:\/\/nordnesrepublikken.no\/index.php\/2025\/07\/22\/eu-setter-oktoberdato-for-biometriske-grenser-her-er-hva-reisende-trenger-a-vite\/"},"wordCount":642,"publisher":{"@id":"https:\/\/nordnesrepublikken.no\/#organization"},"image":{"@id":"https:\/\/nordnesrepublikken.no\/index.php\/2025\/07\/22\/eu-setter-oktoberdato-for-biometriske-grenser-her-er-hva-reisende-trenger-a-vite\/#primaryimage"},"thumbnailUrl":"https:\/\/nordnesrepublikken.no\/wp-content\/uploads\/2025\/07\/1753141771_EU-setter-oktoberdato-for-biometriske-grenser-Her-er-hva-reisende.jpg","keywords":["biometriske","grenser","Hva","oktoberdato","reisende","setter","trenger","vite"],"articleSection":["Livsstil"],"inLanguage":"nb-NO"},{"@type":"WebPage","@id":"https:\/\/nordnesrepublikken.no\/index.php\/2025\/07\/22\/eu-setter-oktoberdato-for-biometriske-grenser-her-er-hva-reisende-trenger-a-vite\/","url":"https:\/\/nordnesrepublikken.no\/index.php\/2025\/07\/22\/eu-setter-oktoberdato-for-biometriske-grenser-her-er-hva-reisende-trenger-a-vite\/","name":"EU setter oktoberdato for biometriske grenser: Her er hva reisende trenger \u00e5 vite - Nordnesrepublikken","isPartOf":{"@id":"https:\/\/nordnesrepublikken.no\/#website"},"primaryImageOfPage":{"@id":"https:\/\/nordnesrepublikken.no\/index.php\/2025\/07\/22\/eu-setter-oktoberdato-for-biometriske-grenser-her-er-hva-reisende-trenger-a-vite\/#primaryimage"},"image":{"@id":"https:\/\/nordnesrepublikken.no\/index.php\/2025\/07\/22\/eu-setter-oktoberdato-for-biometriske-grenser-her-er-hva-reisende-trenger-a-vite\/#primaryimage"},"thumbnailUrl":"https:\/\/nordnesrepublikken.no\/wp-content\/uploads\/2025\/07\/1753141771_EU-setter-oktoberdato-for-biometriske-grenser-Her-er-hva-reisende.jpg","datePublished":"2025-07-21T23:49:31+00:00","dateModified":"2025-07-21T23:49:33+00:00","breadcrumb":{"@id":"https:\/\/nordnesrepublikken.no\/index.php\/2025\/07\/22\/eu-setter-oktoberdato-for-biometriske-grenser-her-er-hva-reisende-trenger-a-vite\/#breadcrumb"},"inLanguage":"nb-NO","potentialAction":[{"@type":"ReadAction","target":["https:\/\/nordnesrepublikken.no\/index.php\/2025\/07\/22\/eu-setter-oktoberdato-for-biometriske-grenser-her-er-hva-reisende-trenger-a-vite\/"]}]},{"@type":"ImageObject","inLanguage":"nb-NO","@id":"https:\/\/nordnesrepublikken.no\/index.php\/2025\/07\/22\/eu-setter-oktoberdato-for-biometriske-grenser-her-er-hva-reisende-trenger-a-vite\/#primaryimage","url":"https:\/\/nordnesrepublikken.no\/wp-content\/uploads\/2025\/07\/1753141771_EU-setter-oktoberdato-for-biometriske-grenser-Her-er-hva-reisende.jpg","contentUrl":"https:\/\/nordnesrepublikken.no\/wp-content\/uploads\/2025\/07\/1753141771_EU-setter-oktoberdato-for-biometriske-grenser-Her-er-hva-reisende.jpg","width":1200,"height":900,"caption":"EU setter oktoberdato for biometriske grenser: Her er hva reisende trenger \u00e5 vite"},{"@type":"BreadcrumbList","@id":"https:\/\/nordnesrepublikken.no\/index.php\/2025\/07\/22\/eu-setter-oktoberdato-for-biometriske-grenser-her-er-hva-reisende-trenger-a-vite\/#breadcrumb","itemListElement":[{"@type":"ListItem","position":1,"name":"Home","item":"https:\/\/nordnesrepublikken.no\/"},{"@type":"ListItem","position":2,"name":"EU setter oktoberdato for biometriske grenser: Her er hva reisende trenger \u00e5 vite"}]},{"@type":"WebSite","@id":"https:\/\/nordnesrepublikken.no\/#website","url":"https:\/\/nordnesrepublikken.no\/","name":"Nordnesrepublikken","description":"Stemmer og Visjoner fra Republikkens Hjerte","publisher":{"@id":"https:\/\/nordnesrepublikken.no\/#organization"},"potentialAction":[{"@type":"SearchAction","target":{"@type":"EntryPoint","urlTemplate":"https:\/\/nordnesrepublikken.no\/?s={search_term_string}"},"query-input":{"@type":"PropertyValueSpecification","valueRequired":true,"valueName":"search_term_string"}}],"inLanguage":"nb-NO"},{"@type":"Organization","@id":"https:\/\/nordnesrepublikken.no\/#organization","name":"Nordnesrepublikken","url":"https:\/\/nordnesrepublikken.no\/","logo":{"@type":"ImageObject","inLanguage":"nb-NO","@id":"https:\/\/nordnesrepublikken.no\/#\/schema\/logo\/image\/","url":"https:\/\/nordnesrepublikken.no\/wp-content\/uploads\/2025\/02\/cropped-nordnesrepublikken-2.png","contentUrl":"https:\/\/nordnesrepublikken.no\/wp-content\/uploads\/2025\/02\/cropped-nordnesrepublikken-2.png","width":1248,"height":362,"caption":"Nordnesrepublikken"},"image":{"@id":"https:\/\/nordnesrepublikken.no\/#\/schema\/logo\/image\/"}},{"@type":"Person","@id":"https:\/\/nordnesrepublikken.no\/#\/schema\/person\/2e7e81935bab77882fffb79296240ff1","name":"Ole Andersen","image":{"@type":"ImageObject","inLanguage":"nb-NO","@id":"https:\/\/nordnesrepublikken.no\/#\/schema\/person\/image\/","url":"https:\/\/nordnesrepublikken.no\/wp-content\/uploads\/2025\/02\/nordnesrepublikken-2-2-150x150.jpg","contentUrl":"https:\/\/nordnesrepublikken.no\/wp-content\/uploads\/2025\/02\/nordnesrepublikken-2-2-150x150.jpg","caption":"Ole Andersen"},"description":"Ettersom jeg vokste opp i Oslo, har jeg alltid v\u00e6rt fascinert av ordenes kraft og deres evne til \u00e5 skape endringer. Etter \u00e5 ha fullf\u00f8rt min utdannelse i kommunikasjon ved Universitetet i Bergen, fikk jeg muligheten til \u00e5 jobbe innen ulike medier, der jeg har s\u00f8kt \u00e5 belyse viktige samfunnssp\u00f8rsm\u00e5l. I dag, som redakt\u00f8r for Nordnesrepublikken, pr\u00f8ver jeg \u00e5 forene min kj\u00e6rlighet for journalistikk med min lidenskap for innovasjon og eventyr.","sameAs":["https:\/\/nordnesrepublikken.no\/"]}]}},"_links":{"self":[{"href":"https:\/\/nordnesrepublikken.no\/index.php\/wp-json\/wp\/v2\/posts\/7266","targetHints":{"allow":["GET"]}}],"collection":[{"href":"https:\/\/nordnesrepublikken.no\/index.php\/wp-json\/wp\/v2\/posts"}],"about":[{"href":"https:\/\/nordnesrepublikken.no\/index.php\/wp-json\/wp\/v2\/types\/post"}],"author":[{"embeddable":true,"href":"https:\/\/nordnesrepublikken.no\/index.php\/wp-json\/wp\/v2\/users\/1"}],"replies":[{"embeddable":true,"href":"https:\/\/nordnesrepublikken.no\/index.php\/wp-json\/wp\/v2\/comments?post=7266"}],"version-history":[{"count":1,"href":"https:\/\/nordnesrepublikken.no\/index.php\/wp-json\/wp\/v2\/posts\/7266\/revisions"}],"predecessor-version":[{"id":7268,"href":"https:\/\/nordnesrepublikken.no\/index.php\/wp-json\/wp\/v2\/posts\/7266\/revisions\/7268"}],"wp:featuredmedia":[{"embeddable":true,"href":"https:\/\/nordnesrepublikken.no\/index.php\/wp-json\/wp\/v2\/media\/7267"}],"wp:attachment":[{"href":"https:\/\/nordnesrepublikken.no\/index.php\/wp-json\/wp\/v2\/media?parent=7266"}],"wp:term":[{"taxonomy":"category","embeddable":true,"href":"https:\/\/nordnesrepublikken.no\/index.php\/wp-json\/wp\/v2\/categories?post=7266"},{"taxonomy":"post_tag","embeddable":true,"href":"https:\/\/nordnesrepublikken.no\/index.php\/wp-json\/wp\/v2\/tags?post=7266"}],"curies":[{"name":"wp","href":"https:\/\/api.w.org\/{rel}","templated":true}]}}