{"id":7263,"date":"2025-07-21T23:49:45","date_gmt":"2025-07-21T21:49:45","guid":{"rendered":"https:\/\/nordnesrepublikken.no\/index.php\/2025\/07\/21\/hvorfor-kalles-friuli-venezia-giulia-hvis-det-ikke-er-venezia\/"},"modified":"2025-07-21T23:49:46","modified_gmt":"2025-07-21T21:49:46","slug":"hvorfor-kalles-friuli-venezia-giulia-hvis-det-ikke-er-venezia","status":"publish","type":"post","link":"https:\/\/nordnesrepublikken.no\/index.php\/2025\/07\/21\/hvorfor-kalles-friuli-venezia-giulia-hvis-det-ikke-er-venezia\/","title":{"rendered":"Hvorfor kalles Friuli-Venezia Giulia hvis det ikke er Venezia?"},"content":{"rendered":"<div>\n<div class=\"cp_wrapper cp_wrapper--fw mb-30 mb-20@tablet\">\n<figure class=\"mm\"><picture class=\"img\" style=\"padding-top:56.25%\"><source  media=\"(min-width: 1024px)\"><source  media=\"(min-width: 768px)\"><\/source><\/source><\/picture><\/figure>\n<\/p><\/div>\n<p>Friuli-Venezia Giulia er en region i <strong>Nord-\u00d8st<\/strong>for \u00e5 v\u00e6re presis, er den mest \u00f8stlige regionen blant alle nord og grenser til <strong>Slovenia<\/strong>, <strong>\u00d8sterrike<\/strong> Og <strong>Veneto<\/strong>. Det kalles &laquo;Venezia Giulia&raquo; for en historisk og spr\u00e5klig opprinnelse knyttet til den romerske tiden: faktisk &laquo;Venezia&raquo; husker det gamle romerske navnet <strong><em>Venetia et histria<\/em>,<\/strong> som indikerte omr\u00e5det bebodd av venetianerne. &laquo;Giulia&raquo; refererer til de julianske alpene. \u00c5 v\u00e6re en <strong>grenseterritorium<\/strong>fortiden er ganske artikulert og sammensatt, og regionen er historisk sett et veiskille av mennesker, tradisjoner og kulturer, samt en grunnleggende &laquo;bro&raquo; mellom Middelhavsverdenen og det kontinentale Europa. Territoriet er delt to veldig distinkte historiske-geografiske enheter: den <strong>Friuli<\/strong> og <strong>Venezia Giulia<\/strong>.<\/p>\n<p>De <strong>Friuli<\/strong> inkluderer de mest vestlige territoriene i regionen, blant <strong>Alper<\/strong> <strong>Karneisk<\/strong> Og <strong>Giulie<\/strong> og det omfattende <strong>sletter<\/strong>. Navnet stammer fra <strong>Latin<\/strong>: <em>IULII Forum<\/em> Det indikerte faktisk det eldgamle <em>Castrum<\/em>det vil si leiren<strong> Romersk milit\u00e6r<\/strong>forh\u00f8yet til rangering av <em>Forum<\/em>Som betyr hva <strong>marked<\/strong>bare fra <strong>Julius Caesar<\/strong> I det f\u00f8rste \u00e5rhundre f.Kr. garanterte den strategiske posisjonen til bosettingen overlevelsen gjennom \u00e5rhundrene. \u00c5rhundrer der navnet ble inng\u00e5tt til det blir til <strong>Friuli<\/strong>. P\u00e5 restene av den gamle romerske leiren, kommunen i <strong>Cividale del Friuli<\/strong>.<\/p>\n<div class=\"cp_wrapper cp_wrapper--fw mb-50\">\n<figure class=\"mm\"><picture class=\"img\" style=\"padding-top:66.666666666667%\"><source  media=\"(min-width: 1024px)\"><source  media=\"(min-width: 768px)\"><img decoding=\"async\" loading=\"lazy\" src=\"https:\/\/nordnesrepublikken.no\/wp-content\/uploads\/2025\/07\/1753134585_617_Hvorfor-kalles-Friuli-Venezia-Giulia-hvis-det-ikke-er-Venezia.jpg\" alt=\"Devil's Bridge\" width=\"1254\" height=\"836\"><\/source><\/source><\/picture><\/figure>\n<\/p><\/div>\n<p>Der <strong>Venezia Giulia<\/strong> det tilsvarer omtrent det smale <strong>\u00d8stkyststripe<\/strong>en del av <strong>Province of Trieste<\/strong> og en del av den av <strong>Gorizia<\/strong>. Navnet Venezia Giulia ble myntet <em>ad hoc<\/em> av den gorizian lingvist <strong>Graziadio Isaia Ascoli <\/strong>I 1863: Hensikten var \u00e5 styrke den historiske og kulturelle identiteten til en ekstremt heterogen grenseomr\u00e5de fra et etnisk og spr\u00e5klig synspunkt. Til tross for at han er relativt moderne, har navnet Venezia Giulia ogs\u00e5 en opprinnelse som dateres tilbake til den romerske tiden. &laquo;Venezia&raquo; refererer til det gamle latinske toponymet <em>Venetia et histria<\/em>som romerne indikerte en stor region i Nord-\u00d8st-Italia bebodd av folket i <strong>Veneti<\/strong>. Den andre delen av navnet, &laquo;Giulia&raquo;, refererer i stedet til <strong>Alps Giulie<\/strong>fjellkjeden som avgrenser territoriet til nord-\u00f8st og hvis navn stammer fra den ber\u00f8mte ber\u00f8mte <em>Gens Iulia<\/em>den romerske familien som Julius Caesar tilh\u00f8rte.<\/p>\n<p>Navnet &laquo;Venezia&raquo;, derfor,<strong> det er ikke direkte tilkoblet<\/strong> I n\u00e6rv\u00e6r av byen Venezia, men som dette skylder den sin opprinnelse til de gamle befolkningene i venetianerne og til territoriet de bebodde.<\/p>\n<\/p><\/div>\n","protected":false},"excerpt":{"rendered":"<p>Friuli-Venezia Giulia er en region i Nord-\u00d8stfor \u00e5 v\u00e6re presis, er den mest \u00f8stlige regionen<\/p>\n","protected":false},"author":1,"featured_media":7264,"comment_status":"closed","ping_status":"open","sticky":false,"template":"","format":"standard","meta":{"footnotes":""},"categories":[26],"tags":[66,4727,4728,405,101,187,2140,4729],"class_list":["post-7263","post","type-post","status-publish","format-standard","has-post-thumbnail","hentry","category-miljo","tag-det","tag-friulivenezia","tag-giulia","tag-hvis","tag-hvorfor","tag-ikke","tag-kalles","tag-venezia","generate-columns","tablet-grid-50","mobile-grid-100","grid-parent","grid-33","resize-featured-image"],"yoast_head":"<!-- This site is optimized with the Yoast SEO plugin v24.4 - https:\/\/yoast.com\/wordpress\/plugins\/seo\/ -->\n<title>Hvorfor kalles Friuli-Venezia Giulia hvis det ikke er Venezia? - Nordnesrepublikken<\/title>\n<meta name=\"robots\" content=\"index, follow, max-snippet:-1, max-image-preview:large, max-video-preview:-1\" \/>\n<link rel=\"canonical\" href=\"https:\/\/nordnesrepublikken.no\/index.php\/2025\/07\/21\/hvorfor-kalles-friuli-venezia-giulia-hvis-det-ikke-er-venezia\/\" \/>\n<meta property=\"og:locale\" content=\"nb_NO\" \/>\n<meta property=\"og:type\" content=\"article\" \/>\n<meta property=\"og:title\" content=\"Hvorfor kalles Friuli-Venezia Giulia hvis det ikke er Venezia? - Nordnesrepublikken\" \/>\n<meta property=\"og:description\" content=\"Friuli-Venezia Giulia er en region i Nord-\u00d8stfor \u00e5 v\u00e6re presis, er den mest \u00f8stlige regionen\" \/>\n<meta property=\"og:url\" content=\"https:\/\/nordnesrepublikken.no\/index.php\/2025\/07\/21\/hvorfor-kalles-friuli-venezia-giulia-hvis-det-ikke-er-venezia\/\" \/>\n<meta property=\"og:site_name\" content=\"Nordnesrepublikken\" \/>\n<meta property=\"article:published_time\" content=\"2025-07-21T21:49:45+00:00\" \/>\n<meta property=\"article:modified_time\" content=\"2025-07-21T21:49:46+00:00\" \/>\n<meta property=\"og:image\" content=\"https:\/\/nordnesrepublikken.no\/wp-content\/uploads\/2025\/07\/1753134585_Hvorfor-kalles-Friuli-Venezia-Giulia-hvis-det-ikke-er-Venezia.jpg\" \/>\n\t<meta property=\"og:image:width\" content=\"1024\" \/>\n\t<meta property=\"og:image:height\" content=\"683\" \/>\n\t<meta property=\"og:image:type\" content=\"image\/jpeg\" \/>\n<meta name=\"author\" content=\"Ole Andersen\" \/>\n<meta name=\"twitter:card\" content=\"summary_large_image\" \/>\n<meta name=\"twitter:label1\" content=\"Skrevet av\" \/>\n\t<meta name=\"twitter:data1\" content=\"Ole Andersen\" \/>\n\t<meta name=\"twitter:label2\" content=\"Ansl. lesetid\" \/>\n\t<meta name=\"twitter:data2\" content=\"2 minutter\" \/>\n<script type=\"application\/ld+json\" class=\"yoast-schema-graph\">{\"@context\":\"https:\/\/schema.org\",\"@graph\":[{\"@type\":\"Article\",\"@id\":\"https:\/\/nordnesrepublikken.no\/index.php\/2025\/07\/21\/hvorfor-kalles-friuli-venezia-giulia-hvis-det-ikke-er-venezia\/#article\",\"isPartOf\":{\"@id\":\"https:\/\/nordnesrepublikken.no\/index.php\/2025\/07\/21\/hvorfor-kalles-friuli-venezia-giulia-hvis-det-ikke-er-venezia\/\"},\"author\":{\"name\":\"Ole Andersen\",\"@id\":\"https:\/\/nordnesrepublikken.no\/#\/schema\/person\/2e7e81935bab77882fffb79296240ff1\"},\"headline\":\"Hvorfor kalles Friuli-Venezia Giulia hvis det ikke er Venezia?\",\"datePublished\":\"2025-07-21T21:49:45+00:00\",\"dateModified\":\"2025-07-21T21:49:46+00:00\",\"mainEntityOfPage\":{\"@id\":\"https:\/\/nordnesrepublikken.no\/index.php\/2025\/07\/21\/hvorfor-kalles-friuli-venezia-giulia-hvis-det-ikke-er-venezia\/\"},\"wordCount\":376,\"publisher\":{\"@id\":\"https:\/\/nordnesrepublikken.no\/#organization\"},\"image\":{\"@id\":\"https:\/\/nordnesrepublikken.no\/index.php\/2025\/07\/21\/hvorfor-kalles-friuli-venezia-giulia-hvis-det-ikke-er-venezia\/#primaryimage\"},\"thumbnailUrl\":\"https:\/\/nordnesrepublikken.no\/wp-content\/uploads\/2025\/07\/1753134585_Hvorfor-kalles-Friuli-Venezia-Giulia-hvis-det-ikke-er-Venezia.jpg\",\"keywords\":[\"Det\",\"FriuliVenezia\",\"Giulia\",\"hvis\",\"hvorfor\",\"ikke\",\"kalles\",\"Venezia\"],\"articleSection\":[\"Milj\u00f8\"],\"inLanguage\":\"nb-NO\"},{\"@type\":\"WebPage\",\"@id\":\"https:\/\/nordnesrepublikken.no\/index.php\/2025\/07\/21\/hvorfor-kalles-friuli-venezia-giulia-hvis-det-ikke-er-venezia\/\",\"url\":\"https:\/\/nordnesrepublikken.no\/index.php\/2025\/07\/21\/hvorfor-kalles-friuli-venezia-giulia-hvis-det-ikke-er-venezia\/\",\"name\":\"Hvorfor kalles Friuli-Venezia Giulia hvis det ikke er Venezia? - Nordnesrepublikken\",\"isPartOf\":{\"@id\":\"https:\/\/nordnesrepublikken.no\/#website\"},\"primaryImageOfPage\":{\"@id\":\"https:\/\/nordnesrepublikken.no\/index.php\/2025\/07\/21\/hvorfor-kalles-friuli-venezia-giulia-hvis-det-ikke-er-venezia\/#primaryimage\"},\"image\":{\"@id\":\"https:\/\/nordnesrepublikken.no\/index.php\/2025\/07\/21\/hvorfor-kalles-friuli-venezia-giulia-hvis-det-ikke-er-venezia\/#primaryimage\"},\"thumbnailUrl\":\"https:\/\/nordnesrepublikken.no\/wp-content\/uploads\/2025\/07\/1753134585_Hvorfor-kalles-Friuli-Venezia-Giulia-hvis-det-ikke-er-Venezia.jpg\",\"datePublished\":\"2025-07-21T21:49:45+00:00\",\"dateModified\":\"2025-07-21T21:49:46+00:00\",\"breadcrumb\":{\"@id\":\"https:\/\/nordnesrepublikken.no\/index.php\/2025\/07\/21\/hvorfor-kalles-friuli-venezia-giulia-hvis-det-ikke-er-venezia\/#breadcrumb\"},\"inLanguage\":\"nb-NO\",\"potentialAction\":[{\"@type\":\"ReadAction\",\"target\":[\"https:\/\/nordnesrepublikken.no\/index.php\/2025\/07\/21\/hvorfor-kalles-friuli-venezia-giulia-hvis-det-ikke-er-venezia\/\"]}]},{\"@type\":\"ImageObject\",\"inLanguage\":\"nb-NO\",\"@id\":\"https:\/\/nordnesrepublikken.no\/index.php\/2025\/07\/21\/hvorfor-kalles-friuli-venezia-giulia-hvis-det-ikke-er-venezia\/#primaryimage\",\"url\":\"https:\/\/nordnesrepublikken.no\/wp-content\/uploads\/2025\/07\/1753134585_Hvorfor-kalles-Friuli-Venezia-Giulia-hvis-det-ikke-er-Venezia.jpg\",\"contentUrl\":\"https:\/\/nordnesrepublikken.no\/wp-content\/uploads\/2025\/07\/1753134585_Hvorfor-kalles-Friuli-Venezia-Giulia-hvis-det-ikke-er-Venezia.jpg\",\"width\":1024,\"height\":683,\"caption\":\"bandiera Friuli\"},{\"@type\":\"BreadcrumbList\",\"@id\":\"https:\/\/nordnesrepublikken.no\/index.php\/2025\/07\/21\/hvorfor-kalles-friuli-venezia-giulia-hvis-det-ikke-er-venezia\/#breadcrumb\",\"itemListElement\":[{\"@type\":\"ListItem\",\"position\":1,\"name\":\"Home\",\"item\":\"https:\/\/nordnesrepublikken.no\/\"},{\"@type\":\"ListItem\",\"position\":2,\"name\":\"Hvorfor kalles Friuli-Venezia Giulia hvis det ikke er Venezia?\"}]},{\"@type\":\"WebSite\",\"@id\":\"https:\/\/nordnesrepublikken.no\/#website\",\"url\":\"https:\/\/nordnesrepublikken.no\/\",\"name\":\"Nordnesrepublikken\",\"description\":\"Stemmer og Visjoner fra Republikkens Hjerte\",\"publisher\":{\"@id\":\"https:\/\/nordnesrepublikken.no\/#organization\"},\"potentialAction\":[{\"@type\":\"SearchAction\",\"target\":{\"@type\":\"EntryPoint\",\"urlTemplate\":\"https:\/\/nordnesrepublikken.no\/?s={search_term_string}\"},\"query-input\":{\"@type\":\"PropertyValueSpecification\",\"valueRequired\":true,\"valueName\":\"search_term_string\"}}],\"inLanguage\":\"nb-NO\"},{\"@type\":\"Organization\",\"@id\":\"https:\/\/nordnesrepublikken.no\/#organization\",\"name\":\"Nordnesrepublikken\",\"url\":\"https:\/\/nordnesrepublikken.no\/\",\"logo\":{\"@type\":\"ImageObject\",\"inLanguage\":\"nb-NO\",\"@id\":\"https:\/\/nordnesrepublikken.no\/#\/schema\/logo\/image\/\",\"url\":\"https:\/\/nordnesrepublikken.no\/wp-content\/uploads\/2025\/02\/cropped-nordnesrepublikken-2.png\",\"contentUrl\":\"https:\/\/nordnesrepublikken.no\/wp-content\/uploads\/2025\/02\/cropped-nordnesrepublikken-2.png\",\"width\":1248,\"height\":362,\"caption\":\"Nordnesrepublikken\"},\"image\":{\"@id\":\"https:\/\/nordnesrepublikken.no\/#\/schema\/logo\/image\/\"}},{\"@type\":\"Person\",\"@id\":\"https:\/\/nordnesrepublikken.no\/#\/schema\/person\/2e7e81935bab77882fffb79296240ff1\",\"name\":\"Ole Andersen\",\"image\":{\"@type\":\"ImageObject\",\"inLanguage\":\"nb-NO\",\"@id\":\"https:\/\/nordnesrepublikken.no\/#\/schema\/person\/image\/\",\"url\":\"https:\/\/nordnesrepublikken.no\/wp-content\/uploads\/2025\/02\/nordnesrepublikken-2-2-150x150.jpg\",\"contentUrl\":\"https:\/\/nordnesrepublikken.no\/wp-content\/uploads\/2025\/02\/nordnesrepublikken-2-2-150x150.jpg\",\"caption\":\"Ole Andersen\"},\"description\":\"Ettersom jeg vokste opp i Oslo, har jeg alltid v\u00e6rt fascinert av ordenes kraft og deres evne til \u00e5 skape endringer. Etter \u00e5 ha fullf\u00f8rt min utdannelse i kommunikasjon ved Universitetet i Bergen, fikk jeg muligheten til \u00e5 jobbe innen ulike medier, der jeg har s\u00f8kt \u00e5 belyse viktige samfunnssp\u00f8rsm\u00e5l. I dag, som redakt\u00f8r for Nordnesrepublikken, pr\u00f8ver jeg \u00e5 forene min kj\u00e6rlighet for journalistikk med min lidenskap for innovasjon og eventyr.\",\"sameAs\":[\"https:\/\/nordnesrepublikken.no\/\"]}]}<\/script>\n<!-- \/ Yoast SEO plugin. -->","yoast_head_json":{"title":"Hvorfor kalles Friuli-Venezia Giulia hvis det ikke er Venezia? - Nordnesrepublikken","robots":{"index":"index","follow":"follow","max-snippet":"max-snippet:-1","max-image-preview":"max-image-preview:large","max-video-preview":"max-video-preview:-1"},"canonical":"https:\/\/nordnesrepublikken.no\/index.php\/2025\/07\/21\/hvorfor-kalles-friuli-venezia-giulia-hvis-det-ikke-er-venezia\/","og_locale":"nb_NO","og_type":"article","og_title":"Hvorfor kalles Friuli-Venezia Giulia hvis det ikke er Venezia? - Nordnesrepublikken","og_description":"Friuli-Venezia Giulia er en region i Nord-\u00d8stfor \u00e5 v\u00e6re presis, er den mest \u00f8stlige regionen","og_url":"https:\/\/nordnesrepublikken.no\/index.php\/2025\/07\/21\/hvorfor-kalles-friuli-venezia-giulia-hvis-det-ikke-er-venezia\/","og_site_name":"Nordnesrepublikken","article_published_time":"2025-07-21T21:49:45+00:00","article_modified_time":"2025-07-21T21:49:46+00:00","og_image":[{"width":1024,"height":683,"url":"https:\/\/nordnesrepublikken.no\/wp-content\/uploads\/2025\/07\/1753134585_Hvorfor-kalles-Friuli-Venezia-Giulia-hvis-det-ikke-er-Venezia.jpg","type":"image\/jpeg"}],"author":"Ole Andersen","twitter_card":"summary_large_image","twitter_misc":{"Skrevet av":"Ole Andersen","Ansl. lesetid":"2 minutter"},"schema":{"@context":"https:\/\/schema.org","@graph":[{"@type":"Article","@id":"https:\/\/nordnesrepublikken.no\/index.php\/2025\/07\/21\/hvorfor-kalles-friuli-venezia-giulia-hvis-det-ikke-er-venezia\/#article","isPartOf":{"@id":"https:\/\/nordnesrepublikken.no\/index.php\/2025\/07\/21\/hvorfor-kalles-friuli-venezia-giulia-hvis-det-ikke-er-venezia\/"},"author":{"name":"Ole Andersen","@id":"https:\/\/nordnesrepublikken.no\/#\/schema\/person\/2e7e81935bab77882fffb79296240ff1"},"headline":"Hvorfor kalles Friuli-Venezia Giulia hvis det ikke er Venezia?","datePublished":"2025-07-21T21:49:45+00:00","dateModified":"2025-07-21T21:49:46+00:00","mainEntityOfPage":{"@id":"https:\/\/nordnesrepublikken.no\/index.php\/2025\/07\/21\/hvorfor-kalles-friuli-venezia-giulia-hvis-det-ikke-er-venezia\/"},"wordCount":376,"publisher":{"@id":"https:\/\/nordnesrepublikken.no\/#organization"},"image":{"@id":"https:\/\/nordnesrepublikken.no\/index.php\/2025\/07\/21\/hvorfor-kalles-friuli-venezia-giulia-hvis-det-ikke-er-venezia\/#primaryimage"},"thumbnailUrl":"https:\/\/nordnesrepublikken.no\/wp-content\/uploads\/2025\/07\/1753134585_Hvorfor-kalles-Friuli-Venezia-Giulia-hvis-det-ikke-er-Venezia.jpg","keywords":["Det","FriuliVenezia","Giulia","hvis","hvorfor","ikke","kalles","Venezia"],"articleSection":["Milj\u00f8"],"inLanguage":"nb-NO"},{"@type":"WebPage","@id":"https:\/\/nordnesrepublikken.no\/index.php\/2025\/07\/21\/hvorfor-kalles-friuli-venezia-giulia-hvis-det-ikke-er-venezia\/","url":"https:\/\/nordnesrepublikken.no\/index.php\/2025\/07\/21\/hvorfor-kalles-friuli-venezia-giulia-hvis-det-ikke-er-venezia\/","name":"Hvorfor kalles Friuli-Venezia Giulia hvis det ikke er Venezia? - Nordnesrepublikken","isPartOf":{"@id":"https:\/\/nordnesrepublikken.no\/#website"},"primaryImageOfPage":{"@id":"https:\/\/nordnesrepublikken.no\/index.php\/2025\/07\/21\/hvorfor-kalles-friuli-venezia-giulia-hvis-det-ikke-er-venezia\/#primaryimage"},"image":{"@id":"https:\/\/nordnesrepublikken.no\/index.php\/2025\/07\/21\/hvorfor-kalles-friuli-venezia-giulia-hvis-det-ikke-er-venezia\/#primaryimage"},"thumbnailUrl":"https:\/\/nordnesrepublikken.no\/wp-content\/uploads\/2025\/07\/1753134585_Hvorfor-kalles-Friuli-Venezia-Giulia-hvis-det-ikke-er-Venezia.jpg","datePublished":"2025-07-21T21:49:45+00:00","dateModified":"2025-07-21T21:49:46+00:00","breadcrumb":{"@id":"https:\/\/nordnesrepublikken.no\/index.php\/2025\/07\/21\/hvorfor-kalles-friuli-venezia-giulia-hvis-det-ikke-er-venezia\/#breadcrumb"},"inLanguage":"nb-NO","potentialAction":[{"@type":"ReadAction","target":["https:\/\/nordnesrepublikken.no\/index.php\/2025\/07\/21\/hvorfor-kalles-friuli-venezia-giulia-hvis-det-ikke-er-venezia\/"]}]},{"@type":"ImageObject","inLanguage":"nb-NO","@id":"https:\/\/nordnesrepublikken.no\/index.php\/2025\/07\/21\/hvorfor-kalles-friuli-venezia-giulia-hvis-det-ikke-er-venezia\/#primaryimage","url":"https:\/\/nordnesrepublikken.no\/wp-content\/uploads\/2025\/07\/1753134585_Hvorfor-kalles-Friuli-Venezia-Giulia-hvis-det-ikke-er-Venezia.jpg","contentUrl":"https:\/\/nordnesrepublikken.no\/wp-content\/uploads\/2025\/07\/1753134585_Hvorfor-kalles-Friuli-Venezia-Giulia-hvis-det-ikke-er-Venezia.jpg","width":1024,"height":683,"caption":"bandiera Friuli"},{"@type":"BreadcrumbList","@id":"https:\/\/nordnesrepublikken.no\/index.php\/2025\/07\/21\/hvorfor-kalles-friuli-venezia-giulia-hvis-det-ikke-er-venezia\/#breadcrumb","itemListElement":[{"@type":"ListItem","position":1,"name":"Home","item":"https:\/\/nordnesrepublikken.no\/"},{"@type":"ListItem","position":2,"name":"Hvorfor kalles Friuli-Venezia Giulia hvis det ikke er Venezia?"}]},{"@type":"WebSite","@id":"https:\/\/nordnesrepublikken.no\/#website","url":"https:\/\/nordnesrepublikken.no\/","name":"Nordnesrepublikken","description":"Stemmer og Visjoner fra Republikkens Hjerte","publisher":{"@id":"https:\/\/nordnesrepublikken.no\/#organization"},"potentialAction":[{"@type":"SearchAction","target":{"@type":"EntryPoint","urlTemplate":"https:\/\/nordnesrepublikken.no\/?s={search_term_string}"},"query-input":{"@type":"PropertyValueSpecification","valueRequired":true,"valueName":"search_term_string"}}],"inLanguage":"nb-NO"},{"@type":"Organization","@id":"https:\/\/nordnesrepublikken.no\/#organization","name":"Nordnesrepublikken","url":"https:\/\/nordnesrepublikken.no\/","logo":{"@type":"ImageObject","inLanguage":"nb-NO","@id":"https:\/\/nordnesrepublikken.no\/#\/schema\/logo\/image\/","url":"https:\/\/nordnesrepublikken.no\/wp-content\/uploads\/2025\/02\/cropped-nordnesrepublikken-2.png","contentUrl":"https:\/\/nordnesrepublikken.no\/wp-content\/uploads\/2025\/02\/cropped-nordnesrepublikken-2.png","width":1248,"height":362,"caption":"Nordnesrepublikken"},"image":{"@id":"https:\/\/nordnesrepublikken.no\/#\/schema\/logo\/image\/"}},{"@type":"Person","@id":"https:\/\/nordnesrepublikken.no\/#\/schema\/person\/2e7e81935bab77882fffb79296240ff1","name":"Ole Andersen","image":{"@type":"ImageObject","inLanguage":"nb-NO","@id":"https:\/\/nordnesrepublikken.no\/#\/schema\/person\/image\/","url":"https:\/\/nordnesrepublikken.no\/wp-content\/uploads\/2025\/02\/nordnesrepublikken-2-2-150x150.jpg","contentUrl":"https:\/\/nordnesrepublikken.no\/wp-content\/uploads\/2025\/02\/nordnesrepublikken-2-2-150x150.jpg","caption":"Ole Andersen"},"description":"Ettersom jeg vokste opp i Oslo, har jeg alltid v\u00e6rt fascinert av ordenes kraft og deres evne til \u00e5 skape endringer. Etter \u00e5 ha fullf\u00f8rt min utdannelse i kommunikasjon ved Universitetet i Bergen, fikk jeg muligheten til \u00e5 jobbe innen ulike medier, der jeg har s\u00f8kt \u00e5 belyse viktige samfunnssp\u00f8rsm\u00e5l. I dag, som redakt\u00f8r for Nordnesrepublikken, pr\u00f8ver jeg \u00e5 forene min kj\u00e6rlighet for journalistikk med min lidenskap for innovasjon og eventyr.","sameAs":["https:\/\/nordnesrepublikken.no\/"]}]}},"_links":{"self":[{"href":"https:\/\/nordnesrepublikken.no\/index.php\/wp-json\/wp\/v2\/posts\/7263","targetHints":{"allow":["GET"]}}],"collection":[{"href":"https:\/\/nordnesrepublikken.no\/index.php\/wp-json\/wp\/v2\/posts"}],"about":[{"href":"https:\/\/nordnesrepublikken.no\/index.php\/wp-json\/wp\/v2\/types\/post"}],"author":[{"embeddable":true,"href":"https:\/\/nordnesrepublikken.no\/index.php\/wp-json\/wp\/v2\/users\/1"}],"replies":[{"embeddable":true,"href":"https:\/\/nordnesrepublikken.no\/index.php\/wp-json\/wp\/v2\/comments?post=7263"}],"version-history":[{"count":1,"href":"https:\/\/nordnesrepublikken.no\/index.php\/wp-json\/wp\/v2\/posts\/7263\/revisions"}],"predecessor-version":[{"id":7265,"href":"https:\/\/nordnesrepublikken.no\/index.php\/wp-json\/wp\/v2\/posts\/7263\/revisions\/7265"}],"wp:featuredmedia":[{"embeddable":true,"href":"https:\/\/nordnesrepublikken.no\/index.php\/wp-json\/wp\/v2\/media\/7264"}],"wp:attachment":[{"href":"https:\/\/nordnesrepublikken.no\/index.php\/wp-json\/wp\/v2\/media?parent=7263"}],"wp:term":[{"taxonomy":"category","embeddable":true,"href":"https:\/\/nordnesrepublikken.no\/index.php\/wp-json\/wp\/v2\/categories?post=7263"},{"taxonomy":"post_tag","embeddable":true,"href":"https:\/\/nordnesrepublikken.no\/index.php\/wp-json\/wp\/v2\/tags?post=7263"}],"curies":[{"name":"wp","href":"https:\/\/api.w.org\/{rel}","templated":true}]}}