{"id":7257,"date":"2025-07-21T19:50:36","date_gmt":"2025-07-21T17:50:36","guid":{"rendered":"https:\/\/nordnesrepublikken.no\/index.php\/2025\/07\/21\/minst-19-dodsfall-og-hundrevis-av-skader\/"},"modified":"2025-07-21T19:50:38","modified_gmt":"2025-07-21T17:50:38","slug":"minst-19-dodsfall-og-hundrevis-av-skader","status":"publish","type":"post","link":"https:\/\/nordnesrepublikken.no\/index.php\/2025\/07\/21\/minst-19-dodsfall-og-hundrevis-av-skader\/","title":{"rendered":"Minst 19 d\u00f8dsfall og hundrevis av skader"},"content":{"rendered":"<div>\n<div class=\"cp_wrapper cp_wrapper--fw mb-30 mb-20@tablet\">\n<figure class=\"mm\"><picture class=\"img\" style=\"padding-top:56.25%\"><source  media=\"(min-width: 1024px)\"><source  media=\"(min-width: 768px)\"><\/source><\/source><\/picture><\/figure>\n<\/p><\/div>\n<p>EN <strong>Treningsplan<\/strong> av<strong>Luftforsvar<\/strong> Han krasjet i dag mandag 21. juli i Bangladesh, i Uttara -distriktet i hovedstaden Dacca. Flyet, a <strong>F-7 BGI<\/strong>p\u00e5virket mot campus p\u00e5 <strong>Milep\u00e6lskole og h\u00f8yskole<\/strong>der lokale studenter (mellom 8 og 10 \u00e5r gamle) utf\u00f8rte leksjoner.<\/p>\n<p>I det minste <strong>19 mennesker d\u00f8de<\/strong> (inkludert piloten til flyet), mens <strong>164<\/strong> de blir igjen <strong>s\u00e5r<\/strong>: krasjet p\u00e5 den to -etasjers bygningen for\u00e5rsaket en<strong> ild<\/strong>med kolonnen til <strong>Tett r\u00f8yk<\/strong> synlig fra kilometer unna.<\/p>\n<p>Flyet hadde tatt av klokka 13:06 rom (09:06 i Italia) fra basen av luftforsvaret a <strong>Kurmitula<\/strong> (ca. 15 km fra sentrum av hovedstaden DACCA) for et rutinemessig treningsoppdrag. For \u00f8yeblikket har \u00e5rsakene til ulykken enn\u00e5 ikke v\u00e6rt <strong>bekreftet<\/strong>: Bengaliske v\u00e6pnede styrker rapporterte i en erkl\u00e6ring p\u00e5 Facebook at<strong> F-7 BGI<\/strong> ville ha lidd <strong>en mekanisk svikt<\/strong>. Jet er den mest moderne versjonen av de kinesiske produksjonsplanene Chengdu J -7\/F -7, en versjon bygget under lisens for <strong>MiG-21<\/strong> <strong>Sovjet<\/strong>.<\/p>\n<p>If\u00f8lge noen vitner ville piloten pr\u00f8vd \u00e5 avvike flyet vekk fra de tettbygde omr\u00e5dene, uten \u00e5 kunne imidlertid kunne<strong> Unng\u00e5 p\u00e5virkningen<\/strong> med milep\u00e6lskole og h\u00f8yskole. Brannmenn og n\u00f8detatene grep umiddelbart inn p\u00e5 scenen: I p\u00e5virkningen har flyet <strong>tilfeldig<\/strong> siden av en bygning, og skadet <strong>Jernnett<\/strong> Og skape et hull i campusstrukturen.<\/p>\n<p>Presidenten <strong>Muhammad Yunus<\/strong>i spissen for den provisoriske regjeringen i Bangladesh, bekreftet p\u00e5 x vedtakelsen av alle tiltakene som er n\u00f8dvendige for \u00e5 garantere en<strong>Sssistens til de s\u00e5rede<\/strong> Og unders\u00f8ke \u00e5rsakene til katastrofen: det er den alvorligste flyulykken noensinne i den bengalske hovedstaden.<\/p>\n<p>Ulykken skjedde litt over en m\u00e5ned etter en <strong>Air of the Air India<\/strong> Han krasjet inn p\u00e5 et vandrerhjem i den indiske byen Ahmedabad, og drepte 241 av de 242 menneskene om bord og 19 p\u00e5 bakken.<\/p>\n<p>Lokale myndigheter bekreftet \u00e5pningen av en etterforskning med en <strong>Foresp\u00f8rselskommisjon<\/strong> som vil ta seg av \u00e5 rekonstruere dynamikken i fakta: situasjonen gjenst\u00e5r derfor<strong> I oppdatering<\/strong>.<\/p>\n<p>I mellomtiden,<strong> Nasjonal sorg<\/strong> Gjennom dagen i morgen, tirsdag 22. juli.<\/p>\n<\/p><\/div>\n","protected":false},"excerpt":{"rendered":"<p>EN Treningsplan avLuftforsvar Han krasjet i dag mandag 21. juli i Bangladesh, i Uttara -distriktet<\/p>\n","protected":false},"author":1,"featured_media":7258,"comment_status":"closed","ping_status":"open","sticky":false,"template":"","format":"standard","meta":{"footnotes":""},"categories":[104],"tags":[3415,3733,1536,2341],"class_list":["post-7257","post","type-post","status-publish","format-standard","has-post-thumbnail","hentry","category-samfunn","tag-dodsfall","tag-hundrevis","tag-minst","tag-skader","generate-columns","tablet-grid-50","mobile-grid-100","grid-parent","grid-33","resize-featured-image"],"yoast_head":"<!-- This site is optimized with the Yoast SEO plugin v24.4 - https:\/\/yoast.com\/wordpress\/plugins\/seo\/ -->\n<title>Minst 19 d\u00f8dsfall og hundrevis av skader - Nordnesrepublikken<\/title>\n<meta name=\"robots\" content=\"index, follow, max-snippet:-1, max-image-preview:large, max-video-preview:-1\" \/>\n<link rel=\"canonical\" href=\"https:\/\/nordnesrepublikken.no\/index.php\/2025\/07\/21\/minst-19-dodsfall-og-hundrevis-av-skader\/\" \/>\n<meta property=\"og:locale\" content=\"nb_NO\" \/>\n<meta property=\"og:type\" content=\"article\" \/>\n<meta property=\"og:title\" content=\"Minst 19 d\u00f8dsfall og hundrevis av skader - Nordnesrepublikken\" \/>\n<meta property=\"og:description\" content=\"EN Treningsplan avLuftforsvar Han krasjet i dag mandag 21. juli i Bangladesh, i Uttara -distriktet\" \/>\n<meta property=\"og:url\" content=\"https:\/\/nordnesrepublikken.no\/index.php\/2025\/07\/21\/minst-19-dodsfall-og-hundrevis-av-skader\/\" \/>\n<meta property=\"og:site_name\" content=\"Nordnesrepublikken\" \/>\n<meta property=\"article:published_time\" content=\"2025-07-21T17:50:36+00:00\" \/>\n<meta property=\"article:modified_time\" content=\"2025-07-21T17:50:38+00:00\" \/>\n<meta property=\"og:image\" content=\"https:\/\/nordnesrepublikken.no\/wp-content\/uploads\/2025\/07\/1753120237_Minst-19-dodsfall-og-hundrevis-av-skader.jpeg\" \/>\n\t<meta property=\"og:image:width\" content=\"1600\" \/>\n\t<meta property=\"og:image:height\" content=\"1066\" \/>\n\t<meta property=\"og:image:type\" content=\"image\/jpeg\" \/>\n<meta name=\"author\" content=\"Ole Andersen\" \/>\n<meta name=\"twitter:card\" content=\"summary_large_image\" \/>\n<meta name=\"twitter:label1\" content=\"Skrevet av\" \/>\n\t<meta name=\"twitter:data1\" content=\"Ole Andersen\" \/>\n\t<meta name=\"twitter:label2\" content=\"Ansl. lesetid\" \/>\n\t<meta name=\"twitter:data2\" content=\"2 minutter\" \/>\n<script type=\"application\/ld+json\" class=\"yoast-schema-graph\">{\"@context\":\"https:\/\/schema.org\",\"@graph\":[{\"@type\":\"Article\",\"@id\":\"https:\/\/nordnesrepublikken.no\/index.php\/2025\/07\/21\/minst-19-dodsfall-og-hundrevis-av-skader\/#article\",\"isPartOf\":{\"@id\":\"https:\/\/nordnesrepublikken.no\/index.php\/2025\/07\/21\/minst-19-dodsfall-og-hundrevis-av-skader\/\"},\"author\":{\"name\":\"Ole Andersen\",\"@id\":\"https:\/\/nordnesrepublikken.no\/#\/schema\/person\/2e7e81935bab77882fffb79296240ff1\"},\"headline\":\"Minst 19 d\u00f8dsfall og hundrevis av skader\",\"datePublished\":\"2025-07-21T17:50:36+00:00\",\"dateModified\":\"2025-07-21T17:50:38+00:00\",\"mainEntityOfPage\":{\"@id\":\"https:\/\/nordnesrepublikken.no\/index.php\/2025\/07\/21\/minst-19-dodsfall-og-hundrevis-av-skader\/\"},\"wordCount\":332,\"publisher\":{\"@id\":\"https:\/\/nordnesrepublikken.no\/#organization\"},\"image\":{\"@id\":\"https:\/\/nordnesrepublikken.no\/index.php\/2025\/07\/21\/minst-19-dodsfall-og-hundrevis-av-skader\/#primaryimage\"},\"thumbnailUrl\":\"https:\/\/nordnesrepublikken.no\/wp-content\/uploads\/2025\/07\/1753120237_Minst-19-dodsfall-og-hundrevis-av-skader.jpeg\",\"keywords\":[\"d\u00f8dsfall\",\"hundrevis\",\"minst\",\"skader\"],\"articleSection\":[\"Samfunn\"],\"inLanguage\":\"nb-NO\"},{\"@type\":\"WebPage\",\"@id\":\"https:\/\/nordnesrepublikken.no\/index.php\/2025\/07\/21\/minst-19-dodsfall-og-hundrevis-av-skader\/\",\"url\":\"https:\/\/nordnesrepublikken.no\/index.php\/2025\/07\/21\/minst-19-dodsfall-og-hundrevis-av-skader\/\",\"name\":\"Minst 19 d\u00f8dsfall og hundrevis av skader - Nordnesrepublikken\",\"isPartOf\":{\"@id\":\"https:\/\/nordnesrepublikken.no\/#website\"},\"primaryImageOfPage\":{\"@id\":\"https:\/\/nordnesrepublikken.no\/index.php\/2025\/07\/21\/minst-19-dodsfall-og-hundrevis-av-skader\/#primaryimage\"},\"image\":{\"@id\":\"https:\/\/nordnesrepublikken.no\/index.php\/2025\/07\/21\/minst-19-dodsfall-og-hundrevis-av-skader\/#primaryimage\"},\"thumbnailUrl\":\"https:\/\/nordnesrepublikken.no\/wp-content\/uploads\/2025\/07\/1753120237_Minst-19-dodsfall-og-hundrevis-av-skader.jpeg\",\"datePublished\":\"2025-07-21T17:50:36+00:00\",\"dateModified\":\"2025-07-21T17:50:38+00:00\",\"breadcrumb\":{\"@id\":\"https:\/\/nordnesrepublikken.no\/index.php\/2025\/07\/21\/minst-19-dodsfall-og-hundrevis-av-skader\/#breadcrumb\"},\"inLanguage\":\"nb-NO\",\"potentialAction\":[{\"@type\":\"ReadAction\",\"target\":[\"https:\/\/nordnesrepublikken.no\/index.php\/2025\/07\/21\/minst-19-dodsfall-og-hundrevis-av-skader\/\"]}]},{\"@type\":\"ImageObject\",\"inLanguage\":\"nb-NO\",\"@id\":\"https:\/\/nordnesrepublikken.no\/index.php\/2025\/07\/21\/minst-19-dodsfall-og-hundrevis-av-skader\/#primaryimage\",\"url\":\"https:\/\/nordnesrepublikken.no\/wp-content\/uploads\/2025\/07\/1753120237_Minst-19-dodsfall-og-hundrevis-av-skader.jpeg\",\"contentUrl\":\"https:\/\/nordnesrepublikken.no\/wp-content\/uploads\/2025\/07\/1753120237_Minst-19-dodsfall-og-hundrevis-av-skader.jpeg\",\"width\":1600,\"height\":1066,\"caption\":\"aereo Bangladesh\"},{\"@type\":\"BreadcrumbList\",\"@id\":\"https:\/\/nordnesrepublikken.no\/index.php\/2025\/07\/21\/minst-19-dodsfall-og-hundrevis-av-skader\/#breadcrumb\",\"itemListElement\":[{\"@type\":\"ListItem\",\"position\":1,\"name\":\"Home\",\"item\":\"https:\/\/nordnesrepublikken.no\/\"},{\"@type\":\"ListItem\",\"position\":2,\"name\":\"Minst 19 d\u00f8dsfall og hundrevis av skader\"}]},{\"@type\":\"WebSite\",\"@id\":\"https:\/\/nordnesrepublikken.no\/#website\",\"url\":\"https:\/\/nordnesrepublikken.no\/\",\"name\":\"Nordnesrepublikken\",\"description\":\"Stemmer og Visjoner fra Republikkens Hjerte\",\"publisher\":{\"@id\":\"https:\/\/nordnesrepublikken.no\/#organization\"},\"potentialAction\":[{\"@type\":\"SearchAction\",\"target\":{\"@type\":\"EntryPoint\",\"urlTemplate\":\"https:\/\/nordnesrepublikken.no\/?s={search_term_string}\"},\"query-input\":{\"@type\":\"PropertyValueSpecification\",\"valueRequired\":true,\"valueName\":\"search_term_string\"}}],\"inLanguage\":\"nb-NO\"},{\"@type\":\"Organization\",\"@id\":\"https:\/\/nordnesrepublikken.no\/#organization\",\"name\":\"Nordnesrepublikken\",\"url\":\"https:\/\/nordnesrepublikken.no\/\",\"logo\":{\"@type\":\"ImageObject\",\"inLanguage\":\"nb-NO\",\"@id\":\"https:\/\/nordnesrepublikken.no\/#\/schema\/logo\/image\/\",\"url\":\"https:\/\/nordnesrepublikken.no\/wp-content\/uploads\/2025\/02\/cropped-nordnesrepublikken-2.png\",\"contentUrl\":\"https:\/\/nordnesrepublikken.no\/wp-content\/uploads\/2025\/02\/cropped-nordnesrepublikken-2.png\",\"width\":1248,\"height\":362,\"caption\":\"Nordnesrepublikken\"},\"image\":{\"@id\":\"https:\/\/nordnesrepublikken.no\/#\/schema\/logo\/image\/\"}},{\"@type\":\"Person\",\"@id\":\"https:\/\/nordnesrepublikken.no\/#\/schema\/person\/2e7e81935bab77882fffb79296240ff1\",\"name\":\"Ole Andersen\",\"image\":{\"@type\":\"ImageObject\",\"inLanguage\":\"nb-NO\",\"@id\":\"https:\/\/nordnesrepublikken.no\/#\/schema\/person\/image\/\",\"url\":\"https:\/\/nordnesrepublikken.no\/wp-content\/uploads\/2025\/02\/nordnesrepublikken-2-2-150x150.jpg\",\"contentUrl\":\"https:\/\/nordnesrepublikken.no\/wp-content\/uploads\/2025\/02\/nordnesrepublikken-2-2-150x150.jpg\",\"caption\":\"Ole Andersen\"},\"description\":\"Ettersom jeg vokste opp i Oslo, har jeg alltid v\u00e6rt fascinert av ordenes kraft og deres evne til \u00e5 skape endringer. Etter \u00e5 ha fullf\u00f8rt min utdannelse i kommunikasjon ved Universitetet i Bergen, fikk jeg muligheten til \u00e5 jobbe innen ulike medier, der jeg har s\u00f8kt \u00e5 belyse viktige samfunnssp\u00f8rsm\u00e5l. I dag, som redakt\u00f8r for Nordnesrepublikken, pr\u00f8ver jeg \u00e5 forene min kj\u00e6rlighet for journalistikk med min lidenskap for innovasjon og eventyr.\",\"sameAs\":[\"https:\/\/nordnesrepublikken.no\/\"]}]}<\/script>\n<!-- \/ Yoast SEO plugin. -->","yoast_head_json":{"title":"Minst 19 d\u00f8dsfall og hundrevis av skader - Nordnesrepublikken","robots":{"index":"index","follow":"follow","max-snippet":"max-snippet:-1","max-image-preview":"max-image-preview:large","max-video-preview":"max-video-preview:-1"},"canonical":"https:\/\/nordnesrepublikken.no\/index.php\/2025\/07\/21\/minst-19-dodsfall-og-hundrevis-av-skader\/","og_locale":"nb_NO","og_type":"article","og_title":"Minst 19 d\u00f8dsfall og hundrevis av skader - Nordnesrepublikken","og_description":"EN Treningsplan avLuftforsvar Han krasjet i dag mandag 21. juli i Bangladesh, i Uttara -distriktet","og_url":"https:\/\/nordnesrepublikken.no\/index.php\/2025\/07\/21\/minst-19-dodsfall-og-hundrevis-av-skader\/","og_site_name":"Nordnesrepublikken","article_published_time":"2025-07-21T17:50:36+00:00","article_modified_time":"2025-07-21T17:50:38+00:00","og_image":[{"width":1600,"height":1066,"url":"https:\/\/nordnesrepublikken.no\/wp-content\/uploads\/2025\/07\/1753120237_Minst-19-dodsfall-og-hundrevis-av-skader.jpeg","type":"image\/jpeg"}],"author":"Ole Andersen","twitter_card":"summary_large_image","twitter_misc":{"Skrevet av":"Ole Andersen","Ansl. lesetid":"2 minutter"},"schema":{"@context":"https:\/\/schema.org","@graph":[{"@type":"Article","@id":"https:\/\/nordnesrepublikken.no\/index.php\/2025\/07\/21\/minst-19-dodsfall-og-hundrevis-av-skader\/#article","isPartOf":{"@id":"https:\/\/nordnesrepublikken.no\/index.php\/2025\/07\/21\/minst-19-dodsfall-og-hundrevis-av-skader\/"},"author":{"name":"Ole Andersen","@id":"https:\/\/nordnesrepublikken.no\/#\/schema\/person\/2e7e81935bab77882fffb79296240ff1"},"headline":"Minst 19 d\u00f8dsfall og hundrevis av skader","datePublished":"2025-07-21T17:50:36+00:00","dateModified":"2025-07-21T17:50:38+00:00","mainEntityOfPage":{"@id":"https:\/\/nordnesrepublikken.no\/index.php\/2025\/07\/21\/minst-19-dodsfall-og-hundrevis-av-skader\/"},"wordCount":332,"publisher":{"@id":"https:\/\/nordnesrepublikken.no\/#organization"},"image":{"@id":"https:\/\/nordnesrepublikken.no\/index.php\/2025\/07\/21\/minst-19-dodsfall-og-hundrevis-av-skader\/#primaryimage"},"thumbnailUrl":"https:\/\/nordnesrepublikken.no\/wp-content\/uploads\/2025\/07\/1753120237_Minst-19-dodsfall-og-hundrevis-av-skader.jpeg","keywords":["d\u00f8dsfall","hundrevis","minst","skader"],"articleSection":["Samfunn"],"inLanguage":"nb-NO"},{"@type":"WebPage","@id":"https:\/\/nordnesrepublikken.no\/index.php\/2025\/07\/21\/minst-19-dodsfall-og-hundrevis-av-skader\/","url":"https:\/\/nordnesrepublikken.no\/index.php\/2025\/07\/21\/minst-19-dodsfall-og-hundrevis-av-skader\/","name":"Minst 19 d\u00f8dsfall og hundrevis av skader - Nordnesrepublikken","isPartOf":{"@id":"https:\/\/nordnesrepublikken.no\/#website"},"primaryImageOfPage":{"@id":"https:\/\/nordnesrepublikken.no\/index.php\/2025\/07\/21\/minst-19-dodsfall-og-hundrevis-av-skader\/#primaryimage"},"image":{"@id":"https:\/\/nordnesrepublikken.no\/index.php\/2025\/07\/21\/minst-19-dodsfall-og-hundrevis-av-skader\/#primaryimage"},"thumbnailUrl":"https:\/\/nordnesrepublikken.no\/wp-content\/uploads\/2025\/07\/1753120237_Minst-19-dodsfall-og-hundrevis-av-skader.jpeg","datePublished":"2025-07-21T17:50:36+00:00","dateModified":"2025-07-21T17:50:38+00:00","breadcrumb":{"@id":"https:\/\/nordnesrepublikken.no\/index.php\/2025\/07\/21\/minst-19-dodsfall-og-hundrevis-av-skader\/#breadcrumb"},"inLanguage":"nb-NO","potentialAction":[{"@type":"ReadAction","target":["https:\/\/nordnesrepublikken.no\/index.php\/2025\/07\/21\/minst-19-dodsfall-og-hundrevis-av-skader\/"]}]},{"@type":"ImageObject","inLanguage":"nb-NO","@id":"https:\/\/nordnesrepublikken.no\/index.php\/2025\/07\/21\/minst-19-dodsfall-og-hundrevis-av-skader\/#primaryimage","url":"https:\/\/nordnesrepublikken.no\/wp-content\/uploads\/2025\/07\/1753120237_Minst-19-dodsfall-og-hundrevis-av-skader.jpeg","contentUrl":"https:\/\/nordnesrepublikken.no\/wp-content\/uploads\/2025\/07\/1753120237_Minst-19-dodsfall-og-hundrevis-av-skader.jpeg","width":1600,"height":1066,"caption":"aereo Bangladesh"},{"@type":"BreadcrumbList","@id":"https:\/\/nordnesrepublikken.no\/index.php\/2025\/07\/21\/minst-19-dodsfall-og-hundrevis-av-skader\/#breadcrumb","itemListElement":[{"@type":"ListItem","position":1,"name":"Home","item":"https:\/\/nordnesrepublikken.no\/"},{"@type":"ListItem","position":2,"name":"Minst 19 d\u00f8dsfall og hundrevis av skader"}]},{"@type":"WebSite","@id":"https:\/\/nordnesrepublikken.no\/#website","url":"https:\/\/nordnesrepublikken.no\/","name":"Nordnesrepublikken","description":"Stemmer og Visjoner fra Republikkens Hjerte","publisher":{"@id":"https:\/\/nordnesrepublikken.no\/#organization"},"potentialAction":[{"@type":"SearchAction","target":{"@type":"EntryPoint","urlTemplate":"https:\/\/nordnesrepublikken.no\/?s={search_term_string}"},"query-input":{"@type":"PropertyValueSpecification","valueRequired":true,"valueName":"search_term_string"}}],"inLanguage":"nb-NO"},{"@type":"Organization","@id":"https:\/\/nordnesrepublikken.no\/#organization","name":"Nordnesrepublikken","url":"https:\/\/nordnesrepublikken.no\/","logo":{"@type":"ImageObject","inLanguage":"nb-NO","@id":"https:\/\/nordnesrepublikken.no\/#\/schema\/logo\/image\/","url":"https:\/\/nordnesrepublikken.no\/wp-content\/uploads\/2025\/02\/cropped-nordnesrepublikken-2.png","contentUrl":"https:\/\/nordnesrepublikken.no\/wp-content\/uploads\/2025\/02\/cropped-nordnesrepublikken-2.png","width":1248,"height":362,"caption":"Nordnesrepublikken"},"image":{"@id":"https:\/\/nordnesrepublikken.no\/#\/schema\/logo\/image\/"}},{"@type":"Person","@id":"https:\/\/nordnesrepublikken.no\/#\/schema\/person\/2e7e81935bab77882fffb79296240ff1","name":"Ole Andersen","image":{"@type":"ImageObject","inLanguage":"nb-NO","@id":"https:\/\/nordnesrepublikken.no\/#\/schema\/person\/image\/","url":"https:\/\/nordnesrepublikken.no\/wp-content\/uploads\/2025\/02\/nordnesrepublikken-2-2-150x150.jpg","contentUrl":"https:\/\/nordnesrepublikken.no\/wp-content\/uploads\/2025\/02\/nordnesrepublikken-2-2-150x150.jpg","caption":"Ole Andersen"},"description":"Ettersom jeg vokste opp i Oslo, har jeg alltid v\u00e6rt fascinert av ordenes kraft og deres evne til \u00e5 skape endringer. Etter \u00e5 ha fullf\u00f8rt min utdannelse i kommunikasjon ved Universitetet i Bergen, fikk jeg muligheten til \u00e5 jobbe innen ulike medier, der jeg har s\u00f8kt \u00e5 belyse viktige samfunnssp\u00f8rsm\u00e5l. I dag, som redakt\u00f8r for Nordnesrepublikken, pr\u00f8ver jeg \u00e5 forene min kj\u00e6rlighet for journalistikk med min lidenskap for innovasjon og eventyr.","sameAs":["https:\/\/nordnesrepublikken.no\/"]}]}},"_links":{"self":[{"href":"https:\/\/nordnesrepublikken.no\/index.php\/wp-json\/wp\/v2\/posts\/7257","targetHints":{"allow":["GET"]}}],"collection":[{"href":"https:\/\/nordnesrepublikken.no\/index.php\/wp-json\/wp\/v2\/posts"}],"about":[{"href":"https:\/\/nordnesrepublikken.no\/index.php\/wp-json\/wp\/v2\/types\/post"}],"author":[{"embeddable":true,"href":"https:\/\/nordnesrepublikken.no\/index.php\/wp-json\/wp\/v2\/users\/1"}],"replies":[{"embeddable":true,"href":"https:\/\/nordnesrepublikken.no\/index.php\/wp-json\/wp\/v2\/comments?post=7257"}],"version-history":[{"count":1,"href":"https:\/\/nordnesrepublikken.no\/index.php\/wp-json\/wp\/v2\/posts\/7257\/revisions"}],"predecessor-version":[{"id":7259,"href":"https:\/\/nordnesrepublikken.no\/index.php\/wp-json\/wp\/v2\/posts\/7257\/revisions\/7259"}],"wp:featuredmedia":[{"embeddable":true,"href":"https:\/\/nordnesrepublikken.no\/index.php\/wp-json\/wp\/v2\/media\/7258"}],"wp:attachment":[{"href":"https:\/\/nordnesrepublikken.no\/index.php\/wp-json\/wp\/v2\/media?parent=7257"}],"wp:term":[{"taxonomy":"category","embeddable":true,"href":"https:\/\/nordnesrepublikken.no\/index.php\/wp-json\/wp\/v2\/categories?post=7257"},{"taxonomy":"post_tag","embeddable":true,"href":"https:\/\/nordnesrepublikken.no\/index.php\/wp-json\/wp\/v2\/tags?post=7257"}],"curies":[{"name":"wp","href":"https:\/\/api.w.org\/{rel}","templated":true}]}}