{"id":7248,"date":"2025-07-21T15:50:17","date_gmt":"2025-07-21T13:50:17","guid":{"rendered":"https:\/\/nordnesrepublikken.no\/index.php\/2025\/07\/21\/ombyggingsprosjektet-til-pirelli-39-tower-i-milano\/"},"modified":"2025-07-21T15:50:18","modified_gmt":"2025-07-21T13:50:18","slug":"ombyggingsprosjektet-til-pirelli-39-tower-i-milano","status":"publish","type":"post","link":"https:\/\/nordnesrepublikken.no\/index.php\/2025\/07\/21\/ombyggingsprosjektet-til-pirelli-39-tower-i-milano\/","title":{"rendered":"Ombyggingsprosjektet til Pirelli 39 Tower i Milano"},"content":{"rendered":"<div>\n<div class=\"cp_wrapper cp_wrapper--fw mb-30 mb-20@tablet\">\n<figure class=\"mm\"><picture class=\"img\" style=\"padding-top:56.25%\"><source  media=\"(min-width: 1024px)\"><source  media=\"(min-width: 768px)\"><\/source><\/source><\/picture><\/figure>\n<\/p><\/div>\n<p>Kjent i dag som <strong>Pirellino<\/strong> eller <strong>Torre Pirelli 39<\/strong>eksen <strong>Torre av kommunale tekniske tjenester<\/strong> Det er en skyskraper p\u00e5 90 meter og 26 etasjer som ligger i Centro Direzionale di Milano i Via Giovanni Battista Pirelli 39, bygget p\u00e5 1960 -tallet. Over tid har bygningen mottatt flere designforslag som har sporet sin vei til en arkitektonisk og funksjonell ombygging og modernisering, ogs\u00e5 p\u00e5 grunn av noen urbane variasjoner som har fulgt hverandre gjennom \u00e5rene. I <strong>2019<\/strong>samfunnet <strong>Coima<\/strong> Kj\u00f8p bygningen via offentlig auksjon for <strong>194 millioner euro<\/strong>starter et ambisi\u00f8st ombyggingsprosjekt, <strong>Pirelli P39<\/strong>. De siste ukene, som rapportert av <em>Innlegget<\/em>The <strong>Aktor for Milano<\/strong> Han \u00e5pnet en etterforskning p\u00e5 denne planen. Etterforskernes hypotese er at dette prosjektet aldri startet, er en del av et p\u00e5st\u00e5tt ulovlig system som ville ha involvert produsenter, tjenestemenn og ordf\u00f8reren i Milan Giuseppe Sala selv for \u00e5 f\u00e5 tak i <strong>uekte byggetillatelser<\/strong> For \u00e5 lage eiendomsspekulasjoner.<\/p>\n<h2><strong>Historie og utvikling av bygningen<\/strong><\/h2>\n<p>T\u00e5rnet ble utf\u00f8rt i prosjektet for <strong>Nytt retningssenter i Milano<\/strong>promotert av kommunen fra 1940 -tallet, og ble fullf\u00f8rt i <strong>1963<\/strong>. Prosjektet ble f\u00f8dt fra en <strong>Arkitekturkonkurranse forbudt i 1955<\/strong>\u00c5pent for alle italienske arkitekter. Komplekset best\u00e5r av to distinkte kropper:<\/p>\n<ul>\n<li><strong>Hovedt\u00e5rnet<\/strong>90 meter h\u00f8y, med <strong>26 etasjer over bakken<\/strong>beregnet p\u00e5 kontorer med redusert tilstr\u00f8mning av brukere.<\/li>\n<li><strong>En brobygning<\/strong>med 4 etasjer som hviler p\u00e5 en portikostruktur som klatrer opp veien. Dette ble designet for \u00e5 v\u00e6re vertskap for kontorer som er \u00e5pne for publikum, med en st\u00f8rre str\u00f8m av mennesker.<\/li>\n<\/ul>\n<p>Fra det planimetriske synspunktet presenterer t\u00e5rnet seg en form for <strong>langstrakt sekskant<\/strong>mens den lave bygningen er <strong>rektangul\u00e6r<\/strong> Det er veldig utviklet i lengde. Hele komplekset har et lastb\u00e6rende skjelett som best\u00e5r av en <strong>Forsterket betongstruktur<\/strong>. I l\u00f8pet av flere ti\u00e5r har bygningen gjennomg\u00e5tt en rekke intervensjoner, inkludert interne distribusjonsendringer, eller enkle intervensjoner av m<strong>vanlig\/ekstraordin\u00e6rt anker<\/strong>rettet mot regulatorisk tilpasning om sikkerhet og tilgjengelighet. For tiden, <strong>Mange av planene for t\u00e5rnet er ubrukte og tomme<\/strong>venter p\u00e5 en refunksjonalisering.<\/p>\n<h2><strong>Ombyggingsprosjektet<\/strong><\/h2>\n<p>I <strong>2019<\/strong>samfunnet <strong>Coima<\/strong> Kj\u00f8p bygningen via offentlig auksjon for <strong>194 millioner euro<\/strong>starter et ambisi\u00f8st ombyggingsprosjekt, <strong>Pirelli P39<\/strong>: M\u00e5let er \u00e5 transformere komplekset etter gjeldende kriterier for <strong>Innovasjon, b\u00e6rekraft og forbedring av byomr\u00e5det<\/strong>med et arkitektonisk konsept i tr\u00e5d med den \u00f8kende tendensen til <strong>vertikalisering<\/strong> av <em>skyline<\/em> Milanese. Prosjektet inkluderte tre hovedinngrep:<\/p>\n<ul>\n<li><strong>Renovering <\/strong>av det eksisterende t\u00e5rnet, med tilpasning av interi\u00f8romr\u00e5der til moderne kontorer, med fokus p\u00e5 <strong>Energieffektivitet og milj\u00f8messig b\u00e6rekraft<\/strong>.<\/li>\n<li><strong>Transformasjon<\/strong> av bygningen i Ponte p\u00e5 via Melchiorre Gioia i en <strong>Kulturpol og urban drivhus<\/strong>med et oppslukende og utdanningsomr\u00e5de dedikert til biologisk mangfold, i kontinuitet med den n\u00e6rliggende parken til Library of Trees.<\/li>\n<li><strong>Konstruksjon <\/strong>av et nytt vertikalt boligt\u00e5rn, preget av 1700 m\u00b2 vegetasjon fordelt langs fasadene. Denne bygningen, i stand til <strong><em>absorbere<\/em> 14 tonn co\u2082<\/strong> Og <strong><em>produsere<\/em> 9 tonn oksygen<\/strong> per \u00e5r ville han ha n\u00e5dd en andel av <strong>65% av energi -selvforsyningen<\/strong>.<\/li>\n<\/ul>\n<h2><strong>Gjennomgangene av prosjektet<\/strong><\/h2>\n<p>Med i kraft av <strong>Ny lokal myndighetsplan i 2020<\/strong>Start urbane forhold endres, noe som gj\u00f8r det n\u00f8dvendig \u00e5 tilpasse prosjektet gjennom en variant. Etter en tvist og forhandlinger med myndighetene, i <strong>2025<\/strong> Coima kunngj\u00f8r en <strong>Gjennomgang av P39 -prosjektet <\/strong>For \u00e5 effektivisere byr\u00e5kratiet og akselerere ombyggingsprosessen. Hovedendringene bekymring:<\/p>\n<ul>\n<li><strong>Eliminering av det urbane drivhuset<\/strong> og av <strong>Nytt boligt\u00e5rn<\/strong>.<\/li>\n<li><strong>Opprettholdelse av renovering av den eksisterende bygningen alene<\/strong>som vil beholde sin destinasjon til kontorer.<\/li>\n<\/ul>\n<p>Denne revisjonen, mens du reduserer den f\u00f8rste ambisjonen, lar deg <strong>Forenkle autorisasjonsprosessen<\/strong> og for \u00e5 l\u00e5se opp starten p\u00e5 ombyggingsarbeidene.<\/p>\n<\/p><\/div>\n","protected":false},"excerpt":{"rendered":"<p>Kjent i dag som Pirellino eller Torre Pirelli 39eksen Torre av kommunale tekniske tjenester Det<\/p>\n","protected":false},"author":1,"featured_media":7249,"comment_status":"closed","ping_status":"open","sticky":false,"template":"","format":"standard","meta":{"footnotes":""},"categories":[24],"tags":[2761,4717,4718,117,1119],"class_list":["post-7248","post","type-post","status-publish","format-standard","has-post-thumbnail","hentry","category-vitenskap","tag-milano","tag-ombyggingsprosjektet","tag-pirelli","tag-til","tag-tower","generate-columns","tablet-grid-50","mobile-grid-100","grid-parent","grid-33","resize-featured-image"],"yoast_head":"<!-- This site is optimized with the Yoast SEO plugin v24.4 - https:\/\/yoast.com\/wordpress\/plugins\/seo\/ -->\n<title>Ombyggingsprosjektet til Pirelli 39 Tower i Milano - Nordnesrepublikken<\/title>\n<meta name=\"robots\" content=\"index, follow, max-snippet:-1, max-image-preview:large, max-video-preview:-1\" \/>\n<link rel=\"canonical\" href=\"https:\/\/nordnesrepublikken.no\/index.php\/2025\/07\/21\/ombyggingsprosjektet-til-pirelli-39-tower-i-milano\/\" \/>\n<meta property=\"og:locale\" content=\"nb_NO\" \/>\n<meta property=\"og:type\" content=\"article\" \/>\n<meta property=\"og:title\" content=\"Ombyggingsprosjektet til Pirelli 39 Tower i Milano - Nordnesrepublikken\" \/>\n<meta property=\"og:description\" content=\"Kjent i dag som Pirellino eller Torre Pirelli 39eksen Torre av kommunale tekniske tjenester Det\" \/>\n<meta property=\"og:url\" content=\"https:\/\/nordnesrepublikken.no\/index.php\/2025\/07\/21\/ombyggingsprosjektet-til-pirelli-39-tower-i-milano\/\" \/>\n<meta property=\"og:site_name\" content=\"Nordnesrepublikken\" \/>\n<meta property=\"article:published_time\" content=\"2025-07-21T13:50:17+00:00\" \/>\n<meta property=\"article:modified_time\" content=\"2025-07-21T13:50:18+00:00\" \/>\n<meta property=\"og:image\" content=\"https:\/\/nordnesrepublikken.no\/wp-content\/uploads\/2025\/07\/1753105817_Ombyggingsprosjektet-til-Pirelli-39-Tower-i-Milano.jpg\" \/>\n\t<meta property=\"og:image:width\" content=\"882\" \/>\n\t<meta property=\"og:image:height\" content=\"612\" \/>\n\t<meta property=\"og:image:type\" content=\"image\/jpeg\" \/>\n<meta name=\"author\" content=\"Ole Andersen\" \/>\n<meta name=\"twitter:card\" content=\"summary_large_image\" \/>\n<meta name=\"twitter:label1\" content=\"Skrevet av\" \/>\n\t<meta name=\"twitter:data1\" content=\"Ole Andersen\" \/>\n\t<meta name=\"twitter:label2\" content=\"Ansl. lesetid\" \/>\n\t<meta name=\"twitter:data2\" content=\"3 minutter\" \/>\n<script type=\"application\/ld+json\" class=\"yoast-schema-graph\">{\"@context\":\"https:\/\/schema.org\",\"@graph\":[{\"@type\":\"Article\",\"@id\":\"https:\/\/nordnesrepublikken.no\/index.php\/2025\/07\/21\/ombyggingsprosjektet-til-pirelli-39-tower-i-milano\/#article\",\"isPartOf\":{\"@id\":\"https:\/\/nordnesrepublikken.no\/index.php\/2025\/07\/21\/ombyggingsprosjektet-til-pirelli-39-tower-i-milano\/\"},\"author\":{\"name\":\"Ole Andersen\",\"@id\":\"https:\/\/nordnesrepublikken.no\/#\/schema\/person\/2e7e81935bab77882fffb79296240ff1\"},\"headline\":\"Ombyggingsprosjektet til Pirelli 39 Tower i Milano\",\"datePublished\":\"2025-07-21T13:50:17+00:00\",\"dateModified\":\"2025-07-21T13:50:18+00:00\",\"mainEntityOfPage\":{\"@id\":\"https:\/\/nordnesrepublikken.no\/index.php\/2025\/07\/21\/ombyggingsprosjektet-til-pirelli-39-tower-i-milano\/\"},\"wordCount\":586,\"publisher\":{\"@id\":\"https:\/\/nordnesrepublikken.no\/#organization\"},\"image\":{\"@id\":\"https:\/\/nordnesrepublikken.no\/index.php\/2025\/07\/21\/ombyggingsprosjektet-til-pirelli-39-tower-i-milano\/#primaryimage\"},\"thumbnailUrl\":\"https:\/\/nordnesrepublikken.no\/wp-content\/uploads\/2025\/07\/1753105817_Ombyggingsprosjektet-til-Pirelli-39-Tower-i-Milano.jpg\",\"keywords\":[\"Milano\",\"Ombyggingsprosjektet\",\"Pirelli\",\"til\",\"Tower\"],\"articleSection\":[\"Vitenskap\"],\"inLanguage\":\"nb-NO\"},{\"@type\":\"WebPage\",\"@id\":\"https:\/\/nordnesrepublikken.no\/index.php\/2025\/07\/21\/ombyggingsprosjektet-til-pirelli-39-tower-i-milano\/\",\"url\":\"https:\/\/nordnesrepublikken.no\/index.php\/2025\/07\/21\/ombyggingsprosjektet-til-pirelli-39-tower-i-milano\/\",\"name\":\"Ombyggingsprosjektet til Pirelli 39 Tower i Milano - Nordnesrepublikken\",\"isPartOf\":{\"@id\":\"https:\/\/nordnesrepublikken.no\/#website\"},\"primaryImageOfPage\":{\"@id\":\"https:\/\/nordnesrepublikken.no\/index.php\/2025\/07\/21\/ombyggingsprosjektet-til-pirelli-39-tower-i-milano\/#primaryimage\"},\"image\":{\"@id\":\"https:\/\/nordnesrepublikken.no\/index.php\/2025\/07\/21\/ombyggingsprosjektet-til-pirelli-39-tower-i-milano\/#primaryimage\"},\"thumbnailUrl\":\"https:\/\/nordnesrepublikken.no\/wp-content\/uploads\/2025\/07\/1753105817_Ombyggingsprosjektet-til-Pirelli-39-Tower-i-Milano.jpg\",\"datePublished\":\"2025-07-21T13:50:17+00:00\",\"dateModified\":\"2025-07-21T13:50:18+00:00\",\"breadcrumb\":{\"@id\":\"https:\/\/nordnesrepublikken.no\/index.php\/2025\/07\/21\/ombyggingsprosjektet-til-pirelli-39-tower-i-milano\/#breadcrumb\"},\"inLanguage\":\"nb-NO\",\"potentialAction\":[{\"@type\":\"ReadAction\",\"target\":[\"https:\/\/nordnesrepublikken.no\/index.php\/2025\/07\/21\/ombyggingsprosjektet-til-pirelli-39-tower-i-milano\/\"]}]},{\"@type\":\"ImageObject\",\"inLanguage\":\"nb-NO\",\"@id\":\"https:\/\/nordnesrepublikken.no\/index.php\/2025\/07\/21\/ombyggingsprosjektet-til-pirelli-39-tower-i-milano\/#primaryimage\",\"url\":\"https:\/\/nordnesrepublikken.no\/wp-content\/uploads\/2025\/07\/1753105817_Ombyggingsprosjektet-til-Pirelli-39-Tower-i-Milano.jpg\",\"contentUrl\":\"https:\/\/nordnesrepublikken.no\/wp-content\/uploads\/2025\/07\/1753105817_Ombyggingsprosjektet-til-Pirelli-39-Tower-i-Milano.jpg\",\"width\":882,\"height\":612,\"caption\":\"pirellino\"},{\"@type\":\"BreadcrumbList\",\"@id\":\"https:\/\/nordnesrepublikken.no\/index.php\/2025\/07\/21\/ombyggingsprosjektet-til-pirelli-39-tower-i-milano\/#breadcrumb\",\"itemListElement\":[{\"@type\":\"ListItem\",\"position\":1,\"name\":\"Home\",\"item\":\"https:\/\/nordnesrepublikken.no\/\"},{\"@type\":\"ListItem\",\"position\":2,\"name\":\"Ombyggingsprosjektet til Pirelli 39 Tower i Milano\"}]},{\"@type\":\"WebSite\",\"@id\":\"https:\/\/nordnesrepublikken.no\/#website\",\"url\":\"https:\/\/nordnesrepublikken.no\/\",\"name\":\"Nordnesrepublikken\",\"description\":\"Stemmer og Visjoner fra Republikkens Hjerte\",\"publisher\":{\"@id\":\"https:\/\/nordnesrepublikken.no\/#organization\"},\"potentialAction\":[{\"@type\":\"SearchAction\",\"target\":{\"@type\":\"EntryPoint\",\"urlTemplate\":\"https:\/\/nordnesrepublikken.no\/?s={search_term_string}\"},\"query-input\":{\"@type\":\"PropertyValueSpecification\",\"valueRequired\":true,\"valueName\":\"search_term_string\"}}],\"inLanguage\":\"nb-NO\"},{\"@type\":\"Organization\",\"@id\":\"https:\/\/nordnesrepublikken.no\/#organization\",\"name\":\"Nordnesrepublikken\",\"url\":\"https:\/\/nordnesrepublikken.no\/\",\"logo\":{\"@type\":\"ImageObject\",\"inLanguage\":\"nb-NO\",\"@id\":\"https:\/\/nordnesrepublikken.no\/#\/schema\/logo\/image\/\",\"url\":\"https:\/\/nordnesrepublikken.no\/wp-content\/uploads\/2025\/02\/cropped-nordnesrepublikken-2.png\",\"contentUrl\":\"https:\/\/nordnesrepublikken.no\/wp-content\/uploads\/2025\/02\/cropped-nordnesrepublikken-2.png\",\"width\":1248,\"height\":362,\"caption\":\"Nordnesrepublikken\"},\"image\":{\"@id\":\"https:\/\/nordnesrepublikken.no\/#\/schema\/logo\/image\/\"}},{\"@type\":\"Person\",\"@id\":\"https:\/\/nordnesrepublikken.no\/#\/schema\/person\/2e7e81935bab77882fffb79296240ff1\",\"name\":\"Ole Andersen\",\"image\":{\"@type\":\"ImageObject\",\"inLanguage\":\"nb-NO\",\"@id\":\"https:\/\/nordnesrepublikken.no\/#\/schema\/person\/image\/\",\"url\":\"https:\/\/nordnesrepublikken.no\/wp-content\/uploads\/2025\/02\/nordnesrepublikken-2-2-150x150.jpg\",\"contentUrl\":\"https:\/\/nordnesrepublikken.no\/wp-content\/uploads\/2025\/02\/nordnesrepublikken-2-2-150x150.jpg\",\"caption\":\"Ole Andersen\"},\"description\":\"Ettersom jeg vokste opp i Oslo, har jeg alltid v\u00e6rt fascinert av ordenes kraft og deres evne til \u00e5 skape endringer. Etter \u00e5 ha fullf\u00f8rt min utdannelse i kommunikasjon ved Universitetet i Bergen, fikk jeg muligheten til \u00e5 jobbe innen ulike medier, der jeg har s\u00f8kt \u00e5 belyse viktige samfunnssp\u00f8rsm\u00e5l. I dag, som redakt\u00f8r for Nordnesrepublikken, pr\u00f8ver jeg \u00e5 forene min kj\u00e6rlighet for journalistikk med min lidenskap for innovasjon og eventyr.\",\"sameAs\":[\"https:\/\/nordnesrepublikken.no\/\"]}]}<\/script>\n<!-- \/ Yoast SEO plugin. -->","yoast_head_json":{"title":"Ombyggingsprosjektet til Pirelli 39 Tower i Milano - Nordnesrepublikken","robots":{"index":"index","follow":"follow","max-snippet":"max-snippet:-1","max-image-preview":"max-image-preview:large","max-video-preview":"max-video-preview:-1"},"canonical":"https:\/\/nordnesrepublikken.no\/index.php\/2025\/07\/21\/ombyggingsprosjektet-til-pirelli-39-tower-i-milano\/","og_locale":"nb_NO","og_type":"article","og_title":"Ombyggingsprosjektet til Pirelli 39 Tower i Milano - Nordnesrepublikken","og_description":"Kjent i dag som Pirellino eller Torre Pirelli 39eksen Torre av kommunale tekniske tjenester Det","og_url":"https:\/\/nordnesrepublikken.no\/index.php\/2025\/07\/21\/ombyggingsprosjektet-til-pirelli-39-tower-i-milano\/","og_site_name":"Nordnesrepublikken","article_published_time":"2025-07-21T13:50:17+00:00","article_modified_time":"2025-07-21T13:50:18+00:00","og_image":[{"width":882,"height":612,"url":"https:\/\/nordnesrepublikken.no\/wp-content\/uploads\/2025\/07\/1753105817_Ombyggingsprosjektet-til-Pirelli-39-Tower-i-Milano.jpg","type":"image\/jpeg"}],"author":"Ole Andersen","twitter_card":"summary_large_image","twitter_misc":{"Skrevet av":"Ole Andersen","Ansl. lesetid":"3 minutter"},"schema":{"@context":"https:\/\/schema.org","@graph":[{"@type":"Article","@id":"https:\/\/nordnesrepublikken.no\/index.php\/2025\/07\/21\/ombyggingsprosjektet-til-pirelli-39-tower-i-milano\/#article","isPartOf":{"@id":"https:\/\/nordnesrepublikken.no\/index.php\/2025\/07\/21\/ombyggingsprosjektet-til-pirelli-39-tower-i-milano\/"},"author":{"name":"Ole Andersen","@id":"https:\/\/nordnesrepublikken.no\/#\/schema\/person\/2e7e81935bab77882fffb79296240ff1"},"headline":"Ombyggingsprosjektet til Pirelli 39 Tower i Milano","datePublished":"2025-07-21T13:50:17+00:00","dateModified":"2025-07-21T13:50:18+00:00","mainEntityOfPage":{"@id":"https:\/\/nordnesrepublikken.no\/index.php\/2025\/07\/21\/ombyggingsprosjektet-til-pirelli-39-tower-i-milano\/"},"wordCount":586,"publisher":{"@id":"https:\/\/nordnesrepublikken.no\/#organization"},"image":{"@id":"https:\/\/nordnesrepublikken.no\/index.php\/2025\/07\/21\/ombyggingsprosjektet-til-pirelli-39-tower-i-milano\/#primaryimage"},"thumbnailUrl":"https:\/\/nordnesrepublikken.no\/wp-content\/uploads\/2025\/07\/1753105817_Ombyggingsprosjektet-til-Pirelli-39-Tower-i-Milano.jpg","keywords":["Milano","Ombyggingsprosjektet","Pirelli","til","Tower"],"articleSection":["Vitenskap"],"inLanguage":"nb-NO"},{"@type":"WebPage","@id":"https:\/\/nordnesrepublikken.no\/index.php\/2025\/07\/21\/ombyggingsprosjektet-til-pirelli-39-tower-i-milano\/","url":"https:\/\/nordnesrepublikken.no\/index.php\/2025\/07\/21\/ombyggingsprosjektet-til-pirelli-39-tower-i-milano\/","name":"Ombyggingsprosjektet til Pirelli 39 Tower i Milano - Nordnesrepublikken","isPartOf":{"@id":"https:\/\/nordnesrepublikken.no\/#website"},"primaryImageOfPage":{"@id":"https:\/\/nordnesrepublikken.no\/index.php\/2025\/07\/21\/ombyggingsprosjektet-til-pirelli-39-tower-i-milano\/#primaryimage"},"image":{"@id":"https:\/\/nordnesrepublikken.no\/index.php\/2025\/07\/21\/ombyggingsprosjektet-til-pirelli-39-tower-i-milano\/#primaryimage"},"thumbnailUrl":"https:\/\/nordnesrepublikken.no\/wp-content\/uploads\/2025\/07\/1753105817_Ombyggingsprosjektet-til-Pirelli-39-Tower-i-Milano.jpg","datePublished":"2025-07-21T13:50:17+00:00","dateModified":"2025-07-21T13:50:18+00:00","breadcrumb":{"@id":"https:\/\/nordnesrepublikken.no\/index.php\/2025\/07\/21\/ombyggingsprosjektet-til-pirelli-39-tower-i-milano\/#breadcrumb"},"inLanguage":"nb-NO","potentialAction":[{"@type":"ReadAction","target":["https:\/\/nordnesrepublikken.no\/index.php\/2025\/07\/21\/ombyggingsprosjektet-til-pirelli-39-tower-i-milano\/"]}]},{"@type":"ImageObject","inLanguage":"nb-NO","@id":"https:\/\/nordnesrepublikken.no\/index.php\/2025\/07\/21\/ombyggingsprosjektet-til-pirelli-39-tower-i-milano\/#primaryimage","url":"https:\/\/nordnesrepublikken.no\/wp-content\/uploads\/2025\/07\/1753105817_Ombyggingsprosjektet-til-Pirelli-39-Tower-i-Milano.jpg","contentUrl":"https:\/\/nordnesrepublikken.no\/wp-content\/uploads\/2025\/07\/1753105817_Ombyggingsprosjektet-til-Pirelli-39-Tower-i-Milano.jpg","width":882,"height":612,"caption":"pirellino"},{"@type":"BreadcrumbList","@id":"https:\/\/nordnesrepublikken.no\/index.php\/2025\/07\/21\/ombyggingsprosjektet-til-pirelli-39-tower-i-milano\/#breadcrumb","itemListElement":[{"@type":"ListItem","position":1,"name":"Home","item":"https:\/\/nordnesrepublikken.no\/"},{"@type":"ListItem","position":2,"name":"Ombyggingsprosjektet til Pirelli 39 Tower i Milano"}]},{"@type":"WebSite","@id":"https:\/\/nordnesrepublikken.no\/#website","url":"https:\/\/nordnesrepublikken.no\/","name":"Nordnesrepublikken","description":"Stemmer og Visjoner fra Republikkens Hjerte","publisher":{"@id":"https:\/\/nordnesrepublikken.no\/#organization"},"potentialAction":[{"@type":"SearchAction","target":{"@type":"EntryPoint","urlTemplate":"https:\/\/nordnesrepublikken.no\/?s={search_term_string}"},"query-input":{"@type":"PropertyValueSpecification","valueRequired":true,"valueName":"search_term_string"}}],"inLanguage":"nb-NO"},{"@type":"Organization","@id":"https:\/\/nordnesrepublikken.no\/#organization","name":"Nordnesrepublikken","url":"https:\/\/nordnesrepublikken.no\/","logo":{"@type":"ImageObject","inLanguage":"nb-NO","@id":"https:\/\/nordnesrepublikken.no\/#\/schema\/logo\/image\/","url":"https:\/\/nordnesrepublikken.no\/wp-content\/uploads\/2025\/02\/cropped-nordnesrepublikken-2.png","contentUrl":"https:\/\/nordnesrepublikken.no\/wp-content\/uploads\/2025\/02\/cropped-nordnesrepublikken-2.png","width":1248,"height":362,"caption":"Nordnesrepublikken"},"image":{"@id":"https:\/\/nordnesrepublikken.no\/#\/schema\/logo\/image\/"}},{"@type":"Person","@id":"https:\/\/nordnesrepublikken.no\/#\/schema\/person\/2e7e81935bab77882fffb79296240ff1","name":"Ole Andersen","image":{"@type":"ImageObject","inLanguage":"nb-NO","@id":"https:\/\/nordnesrepublikken.no\/#\/schema\/person\/image\/","url":"https:\/\/nordnesrepublikken.no\/wp-content\/uploads\/2025\/02\/nordnesrepublikken-2-2-150x150.jpg","contentUrl":"https:\/\/nordnesrepublikken.no\/wp-content\/uploads\/2025\/02\/nordnesrepublikken-2-2-150x150.jpg","caption":"Ole Andersen"},"description":"Ettersom jeg vokste opp i Oslo, har jeg alltid v\u00e6rt fascinert av ordenes kraft og deres evne til \u00e5 skape endringer. Etter \u00e5 ha fullf\u00f8rt min utdannelse i kommunikasjon ved Universitetet i Bergen, fikk jeg muligheten til \u00e5 jobbe innen ulike medier, der jeg har s\u00f8kt \u00e5 belyse viktige samfunnssp\u00f8rsm\u00e5l. I dag, som redakt\u00f8r for Nordnesrepublikken, pr\u00f8ver jeg \u00e5 forene min kj\u00e6rlighet for journalistikk med min lidenskap for innovasjon og eventyr.","sameAs":["https:\/\/nordnesrepublikken.no\/"]}]}},"_links":{"self":[{"href":"https:\/\/nordnesrepublikken.no\/index.php\/wp-json\/wp\/v2\/posts\/7248","targetHints":{"allow":["GET"]}}],"collection":[{"href":"https:\/\/nordnesrepublikken.no\/index.php\/wp-json\/wp\/v2\/posts"}],"about":[{"href":"https:\/\/nordnesrepublikken.no\/index.php\/wp-json\/wp\/v2\/types\/post"}],"author":[{"embeddable":true,"href":"https:\/\/nordnesrepublikken.no\/index.php\/wp-json\/wp\/v2\/users\/1"}],"replies":[{"embeddable":true,"href":"https:\/\/nordnesrepublikken.no\/index.php\/wp-json\/wp\/v2\/comments?post=7248"}],"version-history":[{"count":1,"href":"https:\/\/nordnesrepublikken.no\/index.php\/wp-json\/wp\/v2\/posts\/7248\/revisions"}],"predecessor-version":[{"id":7250,"href":"https:\/\/nordnesrepublikken.no\/index.php\/wp-json\/wp\/v2\/posts\/7248\/revisions\/7250"}],"wp:featuredmedia":[{"embeddable":true,"href":"https:\/\/nordnesrepublikken.no\/index.php\/wp-json\/wp\/v2\/media\/7249"}],"wp:attachment":[{"href":"https:\/\/nordnesrepublikken.no\/index.php\/wp-json\/wp\/v2\/media?parent=7248"}],"wp:term":[{"taxonomy":"category","embeddable":true,"href":"https:\/\/nordnesrepublikken.no\/index.php\/wp-json\/wp\/v2\/categories?post=7248"},{"taxonomy":"post_tag","embeddable":true,"href":"https:\/\/nordnesrepublikken.no\/index.php\/wp-json\/wp\/v2\/tags?post=7248"}],"curies":[{"name":"wp","href":"https:\/\/api.w.org\/{rel}","templated":true}]}}