{"id":7226,"date":"2025-07-21T04:50:00","date_gmt":"2025-07-21T02:50:00","guid":{"rendered":"https:\/\/nordnesrepublikken.no\/index.php\/2025\/07\/21\/ryanair-ansatte-ga-bonuser-for-a-fange-og-belaste-passasjerer-med-store-vesker\/"},"modified":"2025-07-21T04:50:03","modified_gmt":"2025-07-21T02:50:03","slug":"ryanair-ansatte-ga-bonuser-for-a-fange-og-belaste-passasjerer-med-store-vesker","status":"publish","type":"post","link":"https:\/\/nordnesrepublikken.no\/index.php\/2025\/07\/21\/ryanair-ansatte-ga-bonuser-for-a-fange-og-belaste-passasjerer-med-store-vesker\/","title":{"rendered":"Ryanair -ansatte ga bonuser for \u00e5 fange og belaste passasjerer med store vesker"},"content":{"rendered":"<p><\/p>\n<div class=\"wordpress-content\">\n                    <!-- Article Start --><\/p>\n<p><strong>Ryanair har innr\u00f8mmet at personalet er betalte bonuser for \u00e5 fange passasjerer med store kabinposer, til tross for at de tidligere nektet praksisen.<\/strong><\/p>\n<p>En lekket l\u00f8nnsslipp, f\u00f8rst oppn\u00e5dd av <em>Sunday Times<\/em>viser at Ryanair -arbeidere tjener rundt \u20ac 1,50 (\u00a3 1,30) for hver store veske de identifiserer seg ved boardingporten, med m\u00e5nedlig inntjening som angivelig er avkortet til \u20ac 80 (\u00a3 69,34). Dette kommer selv om flyselskapets sjef for markedsf\u00f8ringsansvarlig Dara Brady hevdet i et april -intervju med Virgin Media News at &laquo;vi ikke betaler v\u00e5r stabskommisjon for vesker&raquo; og insisterte p\u00e5 at politikken handlet om \u00e5 beskytte ombord p\u00e5 plass og ikke tjene penger.<\/p>\n<p>&laquo;Det har ikke skjedd noen endring i Ryanair Bag -policyen,&raquo; sa Brady og la til: &laquo;Hvis folk reiser med poser i riktig st\u00f8rrelse, vil du ha en flott flytur med Ryanair.&raquo;<\/p>\n<div class=\"sra_unit\"><link rel=\"stylesheet\" id=\"block-sra\" href=\"https:\/\/euroweeklynews.com\/wp-content\/plugins\/snack-related-articles\/dist\/css\/snack-related.min.css?250312-193541\" type=\"text\/css\" media=\"all\">\n<\/div>\n<p>Imidlertid har Ryanair siden bekreftet eksistensen av det det kaller et &laquo;Gate Bag Bonus&raquo; -program. Fortalt en talsperson for selskapet <em>Sunday Times<\/em>:<\/p>\n<p>&laquo;Vi betaler provisjon til v\u00e5re agenter som identifiserer og tar betalt for store poser, men disse gebyrene betales med mindre enn 0,1 prosent av passasjerene som ikke overholder v\u00e5re avtalte poser.&raquo;<\/p>\n<p>&laquo;Meldingen v\u00e5r til de 0,1 prosent av passasjerene er enkel: Vennligst f\u00f8lg v\u00e5re sjener\u00f8se poseregler, ellers blir du belastet ved innsjekking eller ved porten.&raquo;<\/p>\n<h2><strong>Hvor mye belastes Ryanair -passasjerer for store poser?<\/strong><\/h2>\n<p>Passasjerer som ikke overholder flyselskapets strenge veskepolitikk, kan bli b\u00f8telagt opp til \u20ac 75 (\u00a3 65) ved porten. Interessant nok har Ryanair kunngjort at den snart vil tillate litt st\u00f8rre gratisposer (opptil 40 x 30 x 20 cm) i tr\u00e5d med en kommende EU-regel som forbyr kostnader for liten b\u00e6rebagasje.<\/p>\n<p>Ryanair er ikke alene om \u00e5 tilby bagasjeh\u00e5ndhevelsesbonuser. EasyJet ble funnet \u00e5 ha et lignende system tidligere denne m\u00e5neden.<\/p>\n<p>Mens Ryanair insisterer p\u00e5 at bare en liten br\u00f8kdel av passasjerer blir ber\u00f8rt, reiser avsl\u00f8ringene sp\u00f8rsm\u00e5l om \u00e5penhet og rettferdighet i flyselskaper &#8211; spesielt ettersom sommerferierende allerede har \u00e5 gj\u00f8re med lange k\u00f8er, \u00f8kende kostnader og flyplasskaos.<\/p>\n<p>Se alle reisenyheter.<\/p>\n<p>                    <!-- Article End -->\n                <\/div>\n","protected":false},"excerpt":{"rendered":"<p>Ryanair har innr\u00f8mmet at personalet er betalte bonuser for \u00e5 fange passasjerer med store kabinposer,<\/p>\n","protected":false},"author":1,"featured_media":7227,"comment_status":"closed","ping_status":"open","sticky":false,"template":"","format":"standard","meta":{"footnotes":""},"categories":[105],"tags":[457,4702,4701,4354,79,3471,1079,1045,4703],"class_list":["post-7226","post","type-post","status-publish","format-standard","has-post-thumbnail","hentry","category-livsstil","tag-ansatte","tag-belaste","tag-bonuser","tag-fange","tag-med","tag-passasjerer","tag-ryanair","tag-store","tag-vesker","generate-columns","tablet-grid-50","mobile-grid-100","grid-parent","grid-33","resize-featured-image"],"yoast_head":"<!-- This site is optimized with the Yoast SEO plugin v24.4 - https:\/\/yoast.com\/wordpress\/plugins\/seo\/ -->\n<title>Ryanair -ansatte ga bonuser for \u00e5 fange og belaste passasjerer med store vesker - Nordnesrepublikken<\/title>\n<meta name=\"robots\" content=\"index, follow, max-snippet:-1, max-image-preview:large, max-video-preview:-1\" \/>\n<link rel=\"canonical\" href=\"https:\/\/nordnesrepublikken.no\/index.php\/2025\/07\/21\/ryanair-ansatte-ga-bonuser-for-a-fange-og-belaste-passasjerer-med-store-vesker\/\" \/>\n<meta property=\"og:locale\" content=\"nb_NO\" \/>\n<meta property=\"og:type\" content=\"article\" \/>\n<meta property=\"og:title\" content=\"Ryanair -ansatte ga bonuser for \u00e5 fange og belaste passasjerer med store vesker - Nordnesrepublikken\" \/>\n<meta property=\"og:description\" content=\"Ryanair har innr\u00f8mmet at personalet er betalte bonuser for \u00e5 fange passasjerer med store kabinposer,\" \/>\n<meta property=\"og:url\" content=\"https:\/\/nordnesrepublikken.no\/index.php\/2025\/07\/21\/ryanair-ansatte-ga-bonuser-for-a-fange-og-belaste-passasjerer-med-store-vesker\/\" \/>\n<meta property=\"og:site_name\" content=\"Nordnesrepublikken\" \/>\n<meta property=\"article:published_time\" content=\"2025-07-21T02:50:00+00:00\" \/>\n<meta property=\"article:modified_time\" content=\"2025-07-21T02:50:03+00:00\" \/>\n<meta property=\"og:image\" content=\"https:\/\/nordnesrepublikken.no\/wp-content\/uploads\/2025\/07\/1753066201_Ryanair-ansatte-ga-bonuser-for-a-fange-og-belaste-passasjerer.jpg\" \/>\n\t<meta property=\"og:image:width\" content=\"1200\" \/>\n\t<meta property=\"og:image:height\" content=\"799\" \/>\n\t<meta property=\"og:image:type\" content=\"image\/jpeg\" \/>\n<meta name=\"author\" content=\"Ole Andersen\" \/>\n<meta name=\"twitter:card\" content=\"summary_large_image\" \/>\n<meta name=\"twitter:label1\" content=\"Skrevet av\" \/>\n\t<meta name=\"twitter:data1\" content=\"Ole Andersen\" \/>\n\t<meta name=\"twitter:label2\" content=\"Ansl. lesetid\" \/>\n\t<meta name=\"twitter:data2\" content=\"2 minutter\" \/>\n<script type=\"application\/ld+json\" class=\"yoast-schema-graph\">{\"@context\":\"https:\/\/schema.org\",\"@graph\":[{\"@type\":\"Article\",\"@id\":\"https:\/\/nordnesrepublikken.no\/index.php\/2025\/07\/21\/ryanair-ansatte-ga-bonuser-for-a-fange-og-belaste-passasjerer-med-store-vesker\/#article\",\"isPartOf\":{\"@id\":\"https:\/\/nordnesrepublikken.no\/index.php\/2025\/07\/21\/ryanair-ansatte-ga-bonuser-for-a-fange-og-belaste-passasjerer-med-store-vesker\/\"},\"author\":{\"name\":\"Ole Andersen\",\"@id\":\"https:\/\/nordnesrepublikken.no\/#\/schema\/person\/2e7e81935bab77882fffb79296240ff1\"},\"headline\":\"Ryanair -ansatte ga bonuser for \u00e5 fange og belaste passasjerer med store vesker\",\"datePublished\":\"2025-07-21T02:50:00+00:00\",\"dateModified\":\"2025-07-21T02:50:03+00:00\",\"mainEntityOfPage\":{\"@id\":\"https:\/\/nordnesrepublikken.no\/index.php\/2025\/07\/21\/ryanair-ansatte-ga-bonuser-for-a-fange-og-belaste-passasjerer-med-store-vesker\/\"},\"wordCount\":346,\"publisher\":{\"@id\":\"https:\/\/nordnesrepublikken.no\/#organization\"},\"image\":{\"@id\":\"https:\/\/nordnesrepublikken.no\/index.php\/2025\/07\/21\/ryanair-ansatte-ga-bonuser-for-a-fange-og-belaste-passasjerer-med-store-vesker\/#primaryimage\"},\"thumbnailUrl\":\"https:\/\/nordnesrepublikken.no\/wp-content\/uploads\/2025\/07\/1753066201_Ryanair-ansatte-ga-bonuser-for-a-fange-og-belaste-passasjerer.jpg\",\"keywords\":[\"ansatte\",\"belaste\",\"bonuser\",\"fange\",\"med\",\"passasjerer\",\"Ryanair\",\"Store\",\"vesker\"],\"articleSection\":[\"Livsstil\"],\"inLanguage\":\"nb-NO\"},{\"@type\":\"WebPage\",\"@id\":\"https:\/\/nordnesrepublikken.no\/index.php\/2025\/07\/21\/ryanair-ansatte-ga-bonuser-for-a-fange-og-belaste-passasjerer-med-store-vesker\/\",\"url\":\"https:\/\/nordnesrepublikken.no\/index.php\/2025\/07\/21\/ryanair-ansatte-ga-bonuser-for-a-fange-og-belaste-passasjerer-med-store-vesker\/\",\"name\":\"Ryanair -ansatte ga bonuser for \u00e5 fange og belaste passasjerer med store vesker - Nordnesrepublikken\",\"isPartOf\":{\"@id\":\"https:\/\/nordnesrepublikken.no\/#website\"},\"primaryImageOfPage\":{\"@id\":\"https:\/\/nordnesrepublikken.no\/index.php\/2025\/07\/21\/ryanair-ansatte-ga-bonuser-for-a-fange-og-belaste-passasjerer-med-store-vesker\/#primaryimage\"},\"image\":{\"@id\":\"https:\/\/nordnesrepublikken.no\/index.php\/2025\/07\/21\/ryanair-ansatte-ga-bonuser-for-a-fange-og-belaste-passasjerer-med-store-vesker\/#primaryimage\"},\"thumbnailUrl\":\"https:\/\/nordnesrepublikken.no\/wp-content\/uploads\/2025\/07\/1753066201_Ryanair-ansatte-ga-bonuser-for-a-fange-og-belaste-passasjerer.jpg\",\"datePublished\":\"2025-07-21T02:50:00+00:00\",\"dateModified\":\"2025-07-21T02:50:03+00:00\",\"breadcrumb\":{\"@id\":\"https:\/\/nordnesrepublikken.no\/index.php\/2025\/07\/21\/ryanair-ansatte-ga-bonuser-for-a-fange-og-belaste-passasjerer-med-store-vesker\/#breadcrumb\"},\"inLanguage\":\"nb-NO\",\"potentialAction\":[{\"@type\":\"ReadAction\",\"target\":[\"https:\/\/nordnesrepublikken.no\/index.php\/2025\/07\/21\/ryanair-ansatte-ga-bonuser-for-a-fange-og-belaste-passasjerer-med-store-vesker\/\"]}]},{\"@type\":\"ImageObject\",\"inLanguage\":\"nb-NO\",\"@id\":\"https:\/\/nordnesrepublikken.no\/index.php\/2025\/07\/21\/ryanair-ansatte-ga-bonuser-for-a-fange-og-belaste-passasjerer-med-store-vesker\/#primaryimage\",\"url\":\"https:\/\/nordnesrepublikken.no\/wp-content\/uploads\/2025\/07\/1753066201_Ryanair-ansatte-ga-bonuser-for-a-fange-og-belaste-passasjerer.jpg\",\"contentUrl\":\"https:\/\/nordnesrepublikken.no\/wp-content\/uploads\/2025\/07\/1753066201_Ryanair-ansatte-ga-bonuser-for-a-fange-og-belaste-passasjerer.jpg\",\"width\":1200,\"height\":799,\"caption\":\"Ryanair -ansatte ga bonuser for \u00e5 fange og belaste passasjerer med store vesker\"},{\"@type\":\"BreadcrumbList\",\"@id\":\"https:\/\/nordnesrepublikken.no\/index.php\/2025\/07\/21\/ryanair-ansatte-ga-bonuser-for-a-fange-og-belaste-passasjerer-med-store-vesker\/#breadcrumb\",\"itemListElement\":[{\"@type\":\"ListItem\",\"position\":1,\"name\":\"Home\",\"item\":\"https:\/\/nordnesrepublikken.no\/\"},{\"@type\":\"ListItem\",\"position\":2,\"name\":\"Ryanair -ansatte ga bonuser for \u00e5 fange og belaste passasjerer med store vesker\"}]},{\"@type\":\"WebSite\",\"@id\":\"https:\/\/nordnesrepublikken.no\/#website\",\"url\":\"https:\/\/nordnesrepublikken.no\/\",\"name\":\"Nordnesrepublikken\",\"description\":\"Stemmer og Visjoner fra Republikkens Hjerte\",\"publisher\":{\"@id\":\"https:\/\/nordnesrepublikken.no\/#organization\"},\"potentialAction\":[{\"@type\":\"SearchAction\",\"target\":{\"@type\":\"EntryPoint\",\"urlTemplate\":\"https:\/\/nordnesrepublikken.no\/?s={search_term_string}\"},\"query-input\":{\"@type\":\"PropertyValueSpecification\",\"valueRequired\":true,\"valueName\":\"search_term_string\"}}],\"inLanguage\":\"nb-NO\"},{\"@type\":\"Organization\",\"@id\":\"https:\/\/nordnesrepublikken.no\/#organization\",\"name\":\"Nordnesrepublikken\",\"url\":\"https:\/\/nordnesrepublikken.no\/\",\"logo\":{\"@type\":\"ImageObject\",\"inLanguage\":\"nb-NO\",\"@id\":\"https:\/\/nordnesrepublikken.no\/#\/schema\/logo\/image\/\",\"url\":\"https:\/\/nordnesrepublikken.no\/wp-content\/uploads\/2025\/02\/cropped-nordnesrepublikken-2.png\",\"contentUrl\":\"https:\/\/nordnesrepublikken.no\/wp-content\/uploads\/2025\/02\/cropped-nordnesrepublikken-2.png\",\"width\":1248,\"height\":362,\"caption\":\"Nordnesrepublikken\"},\"image\":{\"@id\":\"https:\/\/nordnesrepublikken.no\/#\/schema\/logo\/image\/\"}},{\"@type\":\"Person\",\"@id\":\"https:\/\/nordnesrepublikken.no\/#\/schema\/person\/2e7e81935bab77882fffb79296240ff1\",\"name\":\"Ole Andersen\",\"image\":{\"@type\":\"ImageObject\",\"inLanguage\":\"nb-NO\",\"@id\":\"https:\/\/nordnesrepublikken.no\/#\/schema\/person\/image\/\",\"url\":\"https:\/\/nordnesrepublikken.no\/wp-content\/uploads\/2025\/02\/nordnesrepublikken-2-2-150x150.jpg\",\"contentUrl\":\"https:\/\/nordnesrepublikken.no\/wp-content\/uploads\/2025\/02\/nordnesrepublikken-2-2-150x150.jpg\",\"caption\":\"Ole Andersen\"},\"description\":\"Ettersom jeg vokste opp i Oslo, har jeg alltid v\u00e6rt fascinert av ordenes kraft og deres evne til \u00e5 skape endringer. Etter \u00e5 ha fullf\u00f8rt min utdannelse i kommunikasjon ved Universitetet i Bergen, fikk jeg muligheten til \u00e5 jobbe innen ulike medier, der jeg har s\u00f8kt \u00e5 belyse viktige samfunnssp\u00f8rsm\u00e5l. I dag, som redakt\u00f8r for Nordnesrepublikken, pr\u00f8ver jeg \u00e5 forene min kj\u00e6rlighet for journalistikk med min lidenskap for innovasjon og eventyr.\",\"sameAs\":[\"https:\/\/nordnesrepublikken.no\/\"]}]}<\/script>\n<!-- \/ Yoast SEO plugin. -->","yoast_head_json":{"title":"Ryanair -ansatte ga bonuser for \u00e5 fange og belaste passasjerer med store vesker - Nordnesrepublikken","robots":{"index":"index","follow":"follow","max-snippet":"max-snippet:-1","max-image-preview":"max-image-preview:large","max-video-preview":"max-video-preview:-1"},"canonical":"https:\/\/nordnesrepublikken.no\/index.php\/2025\/07\/21\/ryanair-ansatte-ga-bonuser-for-a-fange-og-belaste-passasjerer-med-store-vesker\/","og_locale":"nb_NO","og_type":"article","og_title":"Ryanair -ansatte ga bonuser for \u00e5 fange og belaste passasjerer med store vesker - Nordnesrepublikken","og_description":"Ryanair har innr\u00f8mmet at personalet er betalte bonuser for \u00e5 fange passasjerer med store kabinposer,","og_url":"https:\/\/nordnesrepublikken.no\/index.php\/2025\/07\/21\/ryanair-ansatte-ga-bonuser-for-a-fange-og-belaste-passasjerer-med-store-vesker\/","og_site_name":"Nordnesrepublikken","article_published_time":"2025-07-21T02:50:00+00:00","article_modified_time":"2025-07-21T02:50:03+00:00","og_image":[{"width":1200,"height":799,"url":"https:\/\/nordnesrepublikken.no\/wp-content\/uploads\/2025\/07\/1753066201_Ryanair-ansatte-ga-bonuser-for-a-fange-og-belaste-passasjerer.jpg","type":"image\/jpeg"}],"author":"Ole Andersen","twitter_card":"summary_large_image","twitter_misc":{"Skrevet av":"Ole Andersen","Ansl. lesetid":"2 minutter"},"schema":{"@context":"https:\/\/schema.org","@graph":[{"@type":"Article","@id":"https:\/\/nordnesrepublikken.no\/index.php\/2025\/07\/21\/ryanair-ansatte-ga-bonuser-for-a-fange-og-belaste-passasjerer-med-store-vesker\/#article","isPartOf":{"@id":"https:\/\/nordnesrepublikken.no\/index.php\/2025\/07\/21\/ryanair-ansatte-ga-bonuser-for-a-fange-og-belaste-passasjerer-med-store-vesker\/"},"author":{"name":"Ole Andersen","@id":"https:\/\/nordnesrepublikken.no\/#\/schema\/person\/2e7e81935bab77882fffb79296240ff1"},"headline":"Ryanair -ansatte ga bonuser for \u00e5 fange og belaste passasjerer med store vesker","datePublished":"2025-07-21T02:50:00+00:00","dateModified":"2025-07-21T02:50:03+00:00","mainEntityOfPage":{"@id":"https:\/\/nordnesrepublikken.no\/index.php\/2025\/07\/21\/ryanair-ansatte-ga-bonuser-for-a-fange-og-belaste-passasjerer-med-store-vesker\/"},"wordCount":346,"publisher":{"@id":"https:\/\/nordnesrepublikken.no\/#organization"},"image":{"@id":"https:\/\/nordnesrepublikken.no\/index.php\/2025\/07\/21\/ryanair-ansatte-ga-bonuser-for-a-fange-og-belaste-passasjerer-med-store-vesker\/#primaryimage"},"thumbnailUrl":"https:\/\/nordnesrepublikken.no\/wp-content\/uploads\/2025\/07\/1753066201_Ryanair-ansatte-ga-bonuser-for-a-fange-og-belaste-passasjerer.jpg","keywords":["ansatte","belaste","bonuser","fange","med","passasjerer","Ryanair","Store","vesker"],"articleSection":["Livsstil"],"inLanguage":"nb-NO"},{"@type":"WebPage","@id":"https:\/\/nordnesrepublikken.no\/index.php\/2025\/07\/21\/ryanair-ansatte-ga-bonuser-for-a-fange-og-belaste-passasjerer-med-store-vesker\/","url":"https:\/\/nordnesrepublikken.no\/index.php\/2025\/07\/21\/ryanair-ansatte-ga-bonuser-for-a-fange-og-belaste-passasjerer-med-store-vesker\/","name":"Ryanair -ansatte ga bonuser for \u00e5 fange og belaste passasjerer med store vesker - Nordnesrepublikken","isPartOf":{"@id":"https:\/\/nordnesrepublikken.no\/#website"},"primaryImageOfPage":{"@id":"https:\/\/nordnesrepublikken.no\/index.php\/2025\/07\/21\/ryanair-ansatte-ga-bonuser-for-a-fange-og-belaste-passasjerer-med-store-vesker\/#primaryimage"},"image":{"@id":"https:\/\/nordnesrepublikken.no\/index.php\/2025\/07\/21\/ryanair-ansatte-ga-bonuser-for-a-fange-og-belaste-passasjerer-med-store-vesker\/#primaryimage"},"thumbnailUrl":"https:\/\/nordnesrepublikken.no\/wp-content\/uploads\/2025\/07\/1753066201_Ryanair-ansatte-ga-bonuser-for-a-fange-og-belaste-passasjerer.jpg","datePublished":"2025-07-21T02:50:00+00:00","dateModified":"2025-07-21T02:50:03+00:00","breadcrumb":{"@id":"https:\/\/nordnesrepublikken.no\/index.php\/2025\/07\/21\/ryanair-ansatte-ga-bonuser-for-a-fange-og-belaste-passasjerer-med-store-vesker\/#breadcrumb"},"inLanguage":"nb-NO","potentialAction":[{"@type":"ReadAction","target":["https:\/\/nordnesrepublikken.no\/index.php\/2025\/07\/21\/ryanair-ansatte-ga-bonuser-for-a-fange-og-belaste-passasjerer-med-store-vesker\/"]}]},{"@type":"ImageObject","inLanguage":"nb-NO","@id":"https:\/\/nordnesrepublikken.no\/index.php\/2025\/07\/21\/ryanair-ansatte-ga-bonuser-for-a-fange-og-belaste-passasjerer-med-store-vesker\/#primaryimage","url":"https:\/\/nordnesrepublikken.no\/wp-content\/uploads\/2025\/07\/1753066201_Ryanair-ansatte-ga-bonuser-for-a-fange-og-belaste-passasjerer.jpg","contentUrl":"https:\/\/nordnesrepublikken.no\/wp-content\/uploads\/2025\/07\/1753066201_Ryanair-ansatte-ga-bonuser-for-a-fange-og-belaste-passasjerer.jpg","width":1200,"height":799,"caption":"Ryanair -ansatte ga bonuser for \u00e5 fange og belaste passasjerer med store vesker"},{"@type":"BreadcrumbList","@id":"https:\/\/nordnesrepublikken.no\/index.php\/2025\/07\/21\/ryanair-ansatte-ga-bonuser-for-a-fange-og-belaste-passasjerer-med-store-vesker\/#breadcrumb","itemListElement":[{"@type":"ListItem","position":1,"name":"Home","item":"https:\/\/nordnesrepublikken.no\/"},{"@type":"ListItem","position":2,"name":"Ryanair -ansatte ga bonuser for \u00e5 fange og belaste passasjerer med store vesker"}]},{"@type":"WebSite","@id":"https:\/\/nordnesrepublikken.no\/#website","url":"https:\/\/nordnesrepublikken.no\/","name":"Nordnesrepublikken","description":"Stemmer og Visjoner fra Republikkens Hjerte","publisher":{"@id":"https:\/\/nordnesrepublikken.no\/#organization"},"potentialAction":[{"@type":"SearchAction","target":{"@type":"EntryPoint","urlTemplate":"https:\/\/nordnesrepublikken.no\/?s={search_term_string}"},"query-input":{"@type":"PropertyValueSpecification","valueRequired":true,"valueName":"search_term_string"}}],"inLanguage":"nb-NO"},{"@type":"Organization","@id":"https:\/\/nordnesrepublikken.no\/#organization","name":"Nordnesrepublikken","url":"https:\/\/nordnesrepublikken.no\/","logo":{"@type":"ImageObject","inLanguage":"nb-NO","@id":"https:\/\/nordnesrepublikken.no\/#\/schema\/logo\/image\/","url":"https:\/\/nordnesrepublikken.no\/wp-content\/uploads\/2025\/02\/cropped-nordnesrepublikken-2.png","contentUrl":"https:\/\/nordnesrepublikken.no\/wp-content\/uploads\/2025\/02\/cropped-nordnesrepublikken-2.png","width":1248,"height":362,"caption":"Nordnesrepublikken"},"image":{"@id":"https:\/\/nordnesrepublikken.no\/#\/schema\/logo\/image\/"}},{"@type":"Person","@id":"https:\/\/nordnesrepublikken.no\/#\/schema\/person\/2e7e81935bab77882fffb79296240ff1","name":"Ole Andersen","image":{"@type":"ImageObject","inLanguage":"nb-NO","@id":"https:\/\/nordnesrepublikken.no\/#\/schema\/person\/image\/","url":"https:\/\/nordnesrepublikken.no\/wp-content\/uploads\/2025\/02\/nordnesrepublikken-2-2-150x150.jpg","contentUrl":"https:\/\/nordnesrepublikken.no\/wp-content\/uploads\/2025\/02\/nordnesrepublikken-2-2-150x150.jpg","caption":"Ole Andersen"},"description":"Ettersom jeg vokste opp i Oslo, har jeg alltid v\u00e6rt fascinert av ordenes kraft og deres evne til \u00e5 skape endringer. Etter \u00e5 ha fullf\u00f8rt min utdannelse i kommunikasjon ved Universitetet i Bergen, fikk jeg muligheten til \u00e5 jobbe innen ulike medier, der jeg har s\u00f8kt \u00e5 belyse viktige samfunnssp\u00f8rsm\u00e5l. I dag, som redakt\u00f8r for Nordnesrepublikken, pr\u00f8ver jeg \u00e5 forene min kj\u00e6rlighet for journalistikk med min lidenskap for innovasjon og eventyr.","sameAs":["https:\/\/nordnesrepublikken.no\/"]}]}},"_links":{"self":[{"href":"https:\/\/nordnesrepublikken.no\/index.php\/wp-json\/wp\/v2\/posts\/7226","targetHints":{"allow":["GET"]}}],"collection":[{"href":"https:\/\/nordnesrepublikken.no\/index.php\/wp-json\/wp\/v2\/posts"}],"about":[{"href":"https:\/\/nordnesrepublikken.no\/index.php\/wp-json\/wp\/v2\/types\/post"}],"author":[{"embeddable":true,"href":"https:\/\/nordnesrepublikken.no\/index.php\/wp-json\/wp\/v2\/users\/1"}],"replies":[{"embeddable":true,"href":"https:\/\/nordnesrepublikken.no\/index.php\/wp-json\/wp\/v2\/comments?post=7226"}],"version-history":[{"count":1,"href":"https:\/\/nordnesrepublikken.no\/index.php\/wp-json\/wp\/v2\/posts\/7226\/revisions"}],"predecessor-version":[{"id":7228,"href":"https:\/\/nordnesrepublikken.no\/index.php\/wp-json\/wp\/v2\/posts\/7226\/revisions\/7228"}],"wp:featuredmedia":[{"embeddable":true,"href":"https:\/\/nordnesrepublikken.no\/index.php\/wp-json\/wp\/v2\/media\/7227"}],"wp:attachment":[{"href":"https:\/\/nordnesrepublikken.no\/index.php\/wp-json\/wp\/v2\/media?parent=7226"}],"wp:term":[{"taxonomy":"category","embeddable":true,"href":"https:\/\/nordnesrepublikken.no\/index.php\/wp-json\/wp\/v2\/categories?post=7226"},{"taxonomy":"post_tag","embeddable":true,"href":"https:\/\/nordnesrepublikken.no\/index.php\/wp-json\/wp\/v2\/tags?post=7226"}],"curies":[{"name":"wp","href":"https:\/\/api.w.org\/{rel}","templated":true}]}}